{"id":276673,"date":"2022-05-20T05:06:57","date_gmt":"2022-05-20T03:06:57","guid":{"rendered":"https:\/\/www.radiopiu.net\/wordpress\/?p=276673"},"modified":"2022-05-20T05:42:26","modified_gmt":"2022-05-20T03:42:26","slug":"la-tragica-rappresaglia-nazista-di-gena-alta-con-cinque-civili-passati-per-le-armi-nel-libro-della-casanova-sulla-gente-del-canal-del-mis","status":"publish","type":"post","link":"https:\/\/www.radiopiu.net\/wordpress\/la-tragica-rappresaglia-nazista-di-gena-alta-con-cinque-civili-passati-per-le-armi-nel-libro-della-casanova-sulla-gente-del-canal-del-mis\/","title":{"rendered":"LA TRAGICA RAPPRESAGLIA NAZISTA DI GENA ALTA, CON CINQUE CIVILI PASSATI PER LE ARMI, NEL LIBRO DELLA CASANOVA SULLA GENTE DEL CANAL DEL MIS"},"content":{"rendered":"<p><strong>di Renato Bona<\/strong><\/p>\n<p>Biblioteca di Sospirolo, Pro loco Monti del Sole e Parco delle Dolomiti Bellunesi hanno fatto stampare nel dicembre di 23 anni fa dalla bellunese tipografia Piave il libro della benemerita Pieranna Casanova &#8220;Una storia, tante storie. La vita e la gente del Canal del Mis&#8221;. Numerosi e qualificati i collaboratori sotto varie forme: con le presentazioni il sindaco di Sospirolo Massimo Tegner, il presidente della Pro loco &#8220;Monti del sole&#8221;, Sandro Fiorot, il presidente del Parco nazionale Dolomiti Bellunesi, Valter Bonan, molti altri fornendo testi, esponendo ricordi e testimonianze, realizzando o mettendo a disposizione immagini o documenti. Largo spazio \u00e8 stato dato alla realt\u00e0 rappresentata dalla frazione Gena Alta e in questa occasione ci soffermiamo proprio qui per riferire in sintesi di un tragico episodio della seconda guerra mondiale a proposito del quale leggiamo in apertura: &#8220;Parlare di guerra significa andare al 18 novembre 1944, data profondamente impressa nel cuore della gente del Canal del Mis e che segn\u00f2 nel tempo un lungo periodo di paura per l&#8217;occupazione tedesca e la presenza di covi di partigiani nella Valle&#8221;. Gi\u00e0 prima di quel giorno c&#8217;erano voci di una imminente azionedi rappresaglia tedesca a Mis, dove &#8220;molti avevano svuotato le case dei loro averi, per salvarli dal fuoco&#8221;. Gli invasori, soldati altoatesini, giunsero invece a Canal del Mis e quindi a Gena quella mattina. Mario Casanova, che era con il cugino Vittorio Casanova ed Angelo Balzan aveva notato numerosi autocarri che trasportavano soldati entrare nella Valle e fermarsi alla Colonia Buzzatti dove c&#8217;era il comando militare. Mario, che era da poco rientrato dal servizio militare, si era reeso conto del pericolo ma, d&#8217;intesa con Angelo, decise comunque di rimanere in paese anche se potevano fuggire verso la montagna di cui conoscevano bene i sentieri per monte Gena e i Feruch. La loro fu, purtroppo, una decisione sbagliata che &#8220;lo condusse ad una fine tragica&#8221;. A casa, con le donne e i bambini, erano rimasti anche Riccardo, Servilio e Marcello Casanova. Arrivarono decine di tedeschi e subito picchiarono Modesto Balzan scambiandolo per un partigiano. Poi scelsero cinque uomini come ostaggi, salirono alla Pala del Cogol della Lorezza e quindi a Piscalor e Nandrina, siti dove sapevano esservi presenze partigiane. Pi\u00f9 tardi tornarono indietro e Mario Casanova non era con loro! Gli altri ostaggi chiesero notizie col gergo dei &#8216;conza&#8217;, i seggiolai di Gosaldo, ed appresero cos\u00ec che era stato ucciso al Cogol della Lorezza con sette pallottole! Mentre alcuni tedeschi saccheggiavano le case e le stalle, i quattro ostaggi furono separati dal resto della gente disperata per quanto stava accadendo&#8230; Il fuoco distrusse tutto. E davanti ad un muretto, a Gena Media, furono passati per le armi Riccardo, Marcello e Servilio Casanova oltre ad Angelo Balzan. Pi\u00f9 tardi tutti i corpi furono recuperati e composti nella chiesetta di San Remedio dove poi si svolsero i funerali con larga partecipazione di compaesani. Luigi Lise e suo nipote Lino trasportarono quindi le bare a Sospirolo. I due &#8220;frequentavano spesso il Canal del Mis perch\u00e9 erano fra i pochi a possedere un carro coi cavalli con cui trassportavano soprattutto legna, ma anche viveri ed armi per i partigiani che erano rifugiati in Val Falcina&#8221;. Al funerale presero parte anche alcuni soldati tedeschi della Todt ma non ci furono particolari azioni intimidatorie da parte loro&#8230; Casanova aggiunge: &#8220;Sfidando il pericolo partecip\u00f2 alle esequie anche Angelo Sgobio, originario di Taranto, che, fatto prigioniero in Germania e poi rilasciato, si era rifugiato a Gena Alta. Era nascosto tra le montagne il giorno della tragedia e i tedeschi non lo avevano trovato, pur passandogli vicino durante il rastrellamento. Quando seppe cosa era successo si disper\u00f2 ritenendo di essere la causa di tutto l&#8217;accaduto. Proprio la famiglia di una delle vittime, Mario Casanova, lo aveva aiutato ospitandolo prima in casa e poi portando rifornimenti al suo rifugio alla Pala del Cogol. Dopo la tragedia, la gente di Gena lasci\u00f2 il paese distrutto e trov\u00f2 ospitalit\u00e0 fino alla fine della guerra presso familiari o conoscenti&#8221;.<\/p>\n\n\t\t\t<style type='text\/css'>\n\t\t\t\t#gallery-1 {\n\t\t\t\t\tmargin: auto;\n\t\t\t\t}\n\t\t\t\t#gallery-1 .gallery-item {\n\t\t\t\t\tfloat: left;\n\t\t\t\t\tmargin-top: 10px;\n\t\t\t\t\ttext-align: center;\n\t\t\t\t\twidth: 16%;\n\t\t\t\t}\n\t\t\t\t#gallery-1 img {\n\t\t\t\t\tborder: 2px solid #cfcfcf;\n\t\t\t\t}\n\t\t\t\t#gallery-1 .gallery-caption {\n\t\t\t\t\tmargin-left: 0;\n\t\t\t\t}\n\t\t\t\t\/* see gallery_shortcode() in wp-includes\/media.php *\/\n\t\t\t<\/style>\n\t\t<div id='gallery-1' class='dt-gallery-container gallery galleryid-276673 gallery-columns-6 gallery-size-thumbnail'><dl class='gallery-item'>\n\t\t\t\t<dt class='gallery-icon landscape'>\n\t\t\t\t\t<a class=\"rollover rollover-zoom dt-pswp-item\" title=\"9fbfbc35-db84-4696-a060-a2296e1b0431\" data-dt-img-description=\"\" data-large_image_width=\"321\" data-large_image_height=\"206\"href='https:\/\/www.radiopiu.net\/wordpress\/wp-content\/uploads\/2022\/05\/9fbfbc35-db84-4696-a060-a2296e1b0431.jpg'><img loading=\"lazy\" decoding=\"async\" width=\"150\" height=\"150\" src=\"https:\/\/www.radiopiu.net\/wordpress\/wp-content\/uploads\/2022\/05\/9fbfbc35-db84-4696-a060-a2296e1b0431-150x150.jpg\" class=\"attachment-thumbnail size-thumbnail\" alt=\"\" \/><\/a>\n\t\t\t\t<\/dt><\/dl><dl class='gallery-item'>\n\t\t\t\t<dt class='gallery-icon portrait'>\n\t\t\t\t\t<a class=\"rollover rollover-zoom dt-pswp-item\" title=\"e1aa19e8-69b7-44cc-a3c3-0deae21b8035\" data-dt-img-description=\"\" data-large_image_width=\"153\" data-large_image_height=\"247\"href='https:\/\/www.radiopiu.net\/wordpress\/wp-content\/uploads\/2022\/05\/e1aa19e8-69b7-44cc-a3c3-0deae21b8035.jpg'><img loading=\"lazy\" decoding=\"async\" width=\"150\" height=\"150\" src=\"https:\/\/www.radiopiu.net\/wordpress\/wp-content\/uploads\/2022\/05\/e1aa19e8-69b7-44cc-a3c3-0deae21b8035-150x150.jpg\" class=\"attachment-thumbnail size-thumbnail\" alt=\"\" \/><\/a>\n\t\t\t\t<\/dt><\/dl><dl class='gallery-item'>\n\t\t\t\t<dt class='gallery-icon portrait'>\n\t\t\t\t\t<a class=\"rollover rollover-zoom dt-pswp-item\" title=\"eeeeb44e-c56d-423e-a85b-3e20347bc652\" data-dt-img-description=\"\" data-large_image_width=\"168\" data-large_image_height=\"205\"href='https:\/\/www.radiopiu.net\/wordpress\/wp-content\/uploads\/2022\/05\/eeeeb44e-c56d-423e-a85b-3e20347bc652.jpg'><img loading=\"lazy\" decoding=\"async\" width=\"150\" height=\"150\" src=\"https:\/\/www.radiopiu.net\/wordpress\/wp-content\/uploads\/2022\/05\/eeeeb44e-c56d-423e-a85b-3e20347bc652-150x150.jpg\" class=\"attachment-thumbnail size-thumbnail\" alt=\"\" \/><\/a>\n\t\t\t\t<\/dt><\/dl><dl class='gallery-item'>\n\t\t\t\t<dt class='gallery-icon portrait'>\n\t\t\t\t\t<a class=\"rollover rollover-zoom dt-pswp-item\" title=\"5ef0e846-a4c1-44f7-a67c-e3a5d185a2ac\" data-dt-img-description=\"\" data-large_image_width=\"160\" data-large_image_height=\"204\"href='https:\/\/www.radiopiu.net\/wordpress\/wp-content\/uploads\/2022\/05\/5ef0e846-a4c1-44f7-a67c-e3a5d185a2ac.jpg'><img loading=\"lazy\" decoding=\"async\" width=\"150\" height=\"150\" src=\"https:\/\/www.radiopiu.net\/wordpress\/wp-content\/uploads\/2022\/05\/5ef0e846-a4c1-44f7-a67c-e3a5d185a2ac-150x150.jpg\" class=\"attachment-thumbnail size-thumbnail\" alt=\"\" \/><\/a>\n\t\t\t\t<\/dt><\/dl><dl class='gallery-item'>\n\t\t\t\t<dt class='gallery-icon portrait'>\n\t\t\t\t\t<a class=\"rollover rollover-zoom dt-pswp-item\" title=\"3e1f2674-ce1e-4b46-bb09-7dca7d3aa273\" data-dt-img-description=\"\" data-large_image_width=\"160\" data-large_image_height=\"206\"href='https:\/\/www.radiopiu.net\/wordpress\/wp-content\/uploads\/2022\/05\/3e1f2674-ce1e-4b46-bb09-7dca7d3aa273.jpg'><img loading=\"lazy\" decoding=\"async\" width=\"150\" height=\"150\" src=\"https:\/\/www.radiopiu.net\/wordpress\/wp-content\/uploads\/2022\/05\/3e1f2674-ce1e-4b46-bb09-7dca7d3aa273-150x150.jpg\" class=\"attachment-thumbnail size-thumbnail\" alt=\"\" \/><\/a>\n\t\t\t\t<\/dt><\/dl><dl class='gallery-item'>\n\t\t\t\t<dt class='gallery-icon portrait'>\n\t\t\t\t\t<a class=\"rollover rollover-zoom dt-pswp-item\" title=\"75a15b83-2794-496d-8eb2-540e0caf7df7\" data-dt-img-description=\"\" data-large_image_width=\"160\" data-large_image_height=\"204\"href='https:\/\/www.radiopiu.net\/wordpress\/wp-content\/uploads\/2022\/05\/75a15b83-2794-496d-8eb2-540e0caf7df7.jpg'><img loading=\"lazy\" decoding=\"async\" width=\"150\" height=\"150\" src=\"https:\/\/www.radiopiu.net\/wordpress\/wp-content\/uploads\/2022\/05\/75a15b83-2794-496d-8eb2-540e0caf7df7-150x150.jpg\" class=\"attachment-thumbnail size-thumbnail\" alt=\"\" \/><\/a>\n\t\t\t\t<\/dt><\/dl><br style=\"clear: both\" \/><dl class='gallery-item'>\n\t\t\t\t<dt class='gallery-icon portrait'>\n\t\t\t\t\t<a class=\"rollover rollover-zoom dt-pswp-item\" title=\"d632871b-943b-4c56-934f-b0d28eced4cb\" data-dt-img-description=\"\" data-large_image_width=\"160\" data-large_image_height=\"199\"href='https:\/\/www.radiopiu.net\/wordpress\/wp-content\/uploads\/2022\/05\/d632871b-943b-4c56-934f-b0d28eced4cb.jpg'><img loading=\"lazy\" decoding=\"async\" width=\"150\" height=\"150\" src=\"https:\/\/www.radiopiu.net\/wordpress\/wp-content\/uploads\/2022\/05\/d632871b-943b-4c56-934f-b0d28eced4cb-150x150.jpg\" class=\"attachment-thumbnail size-thumbnail\" alt=\"\" \/><\/a>\n\t\t\t\t<\/dt><\/dl><dl class='gallery-item'>\n\t\t\t\t<dt class='gallery-icon portrait'>\n\t\t\t\t\t<a class=\"rollover rollover-zoom dt-pswp-item\" title=\"b5309fc6-654b-4edb-a9f1-f09731f4f457\" data-dt-img-description=\"\" data-large_image_width=\"160\" data-large_image_height=\"207\"href='https:\/\/www.radiopiu.net\/wordpress\/wp-content\/uploads\/2022\/05\/b5309fc6-654b-4edb-a9f1-f09731f4f457.jpg'><img loading=\"lazy\" decoding=\"async\" width=\"150\" height=\"150\" src=\"https:\/\/www.radiopiu.net\/wordpress\/wp-content\/uploads\/2022\/05\/b5309fc6-654b-4edb-a9f1-f09731f4f457-150x150.jpg\" class=\"attachment-thumbnail size-thumbnail\" alt=\"\" \/><\/a>\n\t\t\t\t<\/dt><\/dl><dl class='gallery-item'>\n\t\t\t\t<dt class='gallery-icon landscape'>\n\t\t\t\t\t<a class=\"rollover rollover-zoom dt-pswp-item\" title=\"6a7335e6-26bf-4cb8-a464-58ac57961c61\" data-dt-img-description=\"\" data-large_image_width=\"348\" data-large_image_height=\"206\"href='https:\/\/www.radiopiu.net\/wordpress\/wp-content\/uploads\/2022\/05\/6a7335e6-26bf-4cb8-a464-58ac57961c61.jpg'><img loading=\"lazy\" decoding=\"async\" width=\"150\" height=\"150\" src=\"https:\/\/www.radiopiu.net\/wordpress\/wp-content\/uploads\/2022\/05\/6a7335e6-26bf-4cb8-a464-58ac57961c61-150x150.jpg\" class=\"attachment-thumbnail size-thumbnail\" alt=\"\" \/><\/a>\n\t\t\t\t<\/dt><\/dl><dl class='gallery-item'>\n\t\t\t\t<dt class='gallery-icon portrait'>\n\t\t\t\t\t<a class=\"rollover rollover-zoom dt-pswp-item\" title=\"d337ff97-a138-4d41-a741-c896ff95b019\" data-dt-img-description=\"\" data-large_image_width=\"168\" data-large_image_height=\"206\"href='https:\/\/www.radiopiu.net\/wordpress\/wp-content\/uploads\/2022\/05\/d337ff97-a138-4d41-a741-c896ff95b019.jpg'><img loading=\"lazy\" decoding=\"async\" width=\"150\" height=\"150\" src=\"https:\/\/www.radiopiu.net\/wordpress\/wp-content\/uploads\/2022\/05\/d337ff97-a138-4d41-a741-c896ff95b019-150x150.jpg\" class=\"attachment-thumbnail size-thumbnail\" alt=\"\" \/><\/a>\n\t\t\t\t<\/dt><\/dl><dl class='gallery-item'>\n\t\t\t\t<dt class='gallery-icon landscape'>\n\t\t\t\t\t<a class=\"rollover rollover-zoom dt-pswp-item\" title=\"d2c18a77-92c4-45a5-96a5-0b60a1d89db0\" data-dt-img-description=\"\" data-large_image_width=\"296\" data-large_image_height=\"204\"href='https:\/\/www.radiopiu.net\/wordpress\/wp-content\/uploads\/2022\/05\/d2c18a77-92c4-45a5-96a5-0b60a1d89db0.jpg'><img loading=\"lazy\" decoding=\"async\" width=\"150\" height=\"150\" src=\"https:\/\/www.radiopiu.net\/wordpress\/wp-content\/uploads\/2022\/05\/d2c18a77-92c4-45a5-96a5-0b60a1d89db0-150x150.jpg\" class=\"attachment-thumbnail size-thumbnail\" alt=\"\" \/><\/a>\n\t\t\t\t<\/dt><\/dl>\n\t\t\t\t<br style='clear: both' \/>\n\t\t\t<\/div>\n\n<p>NELLE FOTO (riproduzioni dal libro &#8220;Una storia, tante storie&#8221; curato da Pieranna Casanova nel dicembre 1999): panoramica di Gena Alta; Giovanna De Don\u00e0 di ritorno dalla fontana di Gena Alta, tra le case rovinate dall&#8217;incendio del 1944 provocato dall&#8217;invasore nazista; Riccardo Casanova, 51 annio; Marcello Casanova, 49 anni; Servilio Casanova, 41 anni; Mario Casanova, 24 anni; Angelo Balzan, 18 anni; Emanjuela De Don\u00e0, moglie di Marcello Casanova da Gena Alta, con il figlio Orelio, nato nel 1920; a desatra della vecchia strada a Gena Bassa, dove c&#8217;\u00e8 un gregge in transumanza, la chiesetta di San Remedio demolita; 26 maggio 1963: la nuova chiesa di San Remedio: cerimonia di benedizione presente il vescovo Gioacchino Muccin; sullo sfondo la chiesetta demolita e, sopra, la vecchia strada; cimitero di Sospirolo: onori alle cinque bare dei Caduti di Gena Alta<\/p>\n<p>&nbsp;<\/p>\n<p>&nbsp;<\/p>\n<p>*****<\/p>\n","protected":false},"excerpt":{"rendered":"<p>di Renato Bona Biblioteca di Sospirolo, Pro loco Monti del Sole e Parco delle Dolomiti Bellunesi hanno fatto stampare nel dicembre di 23 anni fa dalla bellunese tipografia Piave il libro della benemerita Pieranna Casanova &#8220;Una storia, tante storie. La vita e la gente del Canal del Mis&#8221;. Numerosi e qualificati i collaboratori sotto varie&hellip;<\/p>\n","protected":false},"author":4,"featured_media":276674,"comment_status":"closed","ping_status":"closed","sticky":false,"template":"","format":"standard","meta":{"_monsterinsights_skip_tracking":false,"_monsterinsights_sitenote_active":false,"_monsterinsights_sitenote_note":"","_monsterinsights_sitenote_category":0,"footnotes":""},"categories":[104,49],"tags":[],"class_list":["post-276673","post","type-post","status-publish","format-standard","has-post-thumbnail","hentry","category-evidenza_3","category-news-18","category-104","category-49","description-off"],"img_url":"https:\/\/www.radiopiu.net\/wordpress\/wp-content\/uploads\/2022\/05\/9fbfbc35-db84-4696-a060-a2296e1b0431.jpg","_links":{"self":[{"href":"https:\/\/www.radiopiu.net\/wordpress\/wp-json\/wp\/v2\/posts\/276673","targetHints":{"allow":["GET"]}}],"collection":[{"href":"https:\/\/www.radiopiu.net\/wordpress\/wp-json\/wp\/v2\/posts"}],"about":[{"href":"https:\/\/www.radiopiu.net\/wordpress\/wp-json\/wp\/v2\/types\/post"}],"author":[{"embeddable":true,"href":"https:\/\/www.radiopiu.net\/wordpress\/wp-json\/wp\/v2\/users\/4"}],"replies":[{"embeddable":true,"href":"https:\/\/www.radiopiu.net\/wordpress\/wp-json\/wp\/v2\/comments?post=276673"}],"version-history":[{"count":0,"href":"https:\/\/www.radiopiu.net\/wordpress\/wp-json\/wp\/v2\/posts\/276673\/revisions"}],"wp:featuredmedia":[{"embeddable":true,"href":"https:\/\/www.radiopiu.net\/wordpress\/wp-json\/wp\/v2\/media\/276674"}],"wp:attachment":[{"href":"https:\/\/www.radiopiu.net\/wordpress\/wp-json\/wp\/v2\/media?parent=276673"}],"wp:term":[{"taxonomy":"category","embeddable":true,"href":"https:\/\/www.radiopiu.net\/wordpress\/wp-json\/wp\/v2\/categories?post=276673"},{"taxonomy":"post_tag","embeddable":true,"href":"https:\/\/www.radiopiu.net\/wordpress\/wp-json\/wp\/v2\/tags?post=276673"}],"curies":[{"name":"wp","href":"https:\/\/api.w.org\/{rel}","templated":true}]}}