{"id":276698,"date":"2022-05-20T05:08:01","date_gmt":"2022-05-20T03:08:01","guid":{"rendered":"https:\/\/www.radiopiu.net\/wordpress\/?p=276698"},"modified":"2022-05-20T05:41:25","modified_gmt":"2022-05-20T03:41:25","slug":"sala-ibrida-e-la-nuova-sala-di-emodinamica-del-san-martino-approvato-il-progetto","status":"publish","type":"post","link":"https:\/\/www.radiopiu.net\/wordpress\/sala-ibrida-e-la-nuova-sala-di-emodinamica-del-san-martino-approvato-il-progetto\/","title":{"rendered":"SALA IBRIDA E LA NUOVA SALA DI EMODINAMICA DEL SAN MARTINO: APPROVATO IL PROGETTO"},"content":{"rendered":"<p><strong><a class=\"dt-pswp-item\" href=\"https:\/\/www.radiopiu.net\/wordpress\/wp-content\/uploads\/2020\/06\/dc8d9e01-0412-48a8-91b1-c64ba92a8187.jpg\" data-dt-img-description=\"\" data-large_image_width=\"2048\" data-large_image_height=\"1024\"><img loading=\"lazy\" decoding=\"async\" class=\"size-thumbnail wp-image-144229 alignleft\" src=\"https:\/\/www.radiopiu.net\/wordpress\/wp-content\/uploads\/2020\/06\/dc8d9e01-0412-48a8-91b1-c64ba92a8187-150x150.jpg\" alt=\"\" width=\"150\" height=\"150\" \/><\/a>BELLUNO <\/strong>Procede quindi spedito l\u2019iter per la realizzazione della nuova sala ibrida e della nuova sala di emodinamica dell\u2019ospedale San Martino di Belluno: \u00e8 stato infatti approvato il progetto di fattibilit\u00e0 per un investimento previsto di 2,9 milioni di euro. La sala di emodinamica sar\u00e0 dedicata alle procedure di cardiologia interventistica mentre la sala ibrida sar\u00e0 destinata in particolare a procedure di chirurgia endovascolare. La sala ibrida \u00e8 una sala operatoria con tecnologia di altissimo livello integrata con sistemi di radiologia che permette di operare e allo stesso tempo controllare e guidare attraverso strumenti di imaging le procedure, con pi\u00f9 sicurezza per il paziente. In particolare, la sala ibrida potr\u00e0 essere utilizzata da tutte le unit\u00e0 operative che usano tecniche chirurgiche avanzate, quindi mininvasive sotto guida radiologica, ma che potrebbero avere necessit\u00e0 di convertire l\u2019intervento in chirurgia open (chirurgia classica) . Questa sala consentir\u00e0 di completare l\u2019intervento in sicurezza senza spostare il paziente e senza differire l\u2019intervento ad altro momento. Le sale saranno ricavate ampliando l\u2019attuale gruppo operatorio del San Martino con la creazione di un nuovo volume da collegare e connettere al gruppo operatorio stesso. Nel progetto \u00e8 stata prestata particolare attenzione alla funzionalit\u00e0 dei percorsi, alla flessibilit\u00e0 delle scelte e all\u2019umanizzazione degli ambienti. L\u2019iter proseguir\u00e0 ora con la convocazione della conferenza servizi per le approvazioni necessarie a cui seguir\u00e0 la redazione del progetto esecutivo. \u00ab<em>Questo importante investimento ci consente di dotare il San Martino di strutture aggiuntive dove i nostri professionisti potranno esprimere al meglio le loro competenze cliniche per offrire alti standard qualitativi di cure<\/em>\u00bb, commenta il Direttore Generale Maria Grazia Carraro.<\/p>\n<p>&nbsp;<\/p>\n<p>&nbsp;<\/p>\n<p>*****<\/p>\n","protected":false},"excerpt":{"rendered":"<p>BELLUNO Procede quindi spedito l\u2019iter per la realizzazione della nuova sala ibrida e della nuova sala di emodinamica dell\u2019ospedale San Martino di Belluno: \u00e8 stato infatti approvato il progetto di fattibilit\u00e0 per un investimento previsto di 2,9 milioni di euro. La sala di emodinamica sar\u00e0 dedicata alle procedure di cardiologia interventistica mentre la sala ibrida&hellip;<\/p>\n","protected":false},"author":4,"featured_media":144229,"comment_status":"closed","ping_status":"closed","sticky":false,"template":"","format":"standard","meta":{"_monsterinsights_skip_tracking":false,"_monsterinsights_sitenote_active":false,"_monsterinsights_sitenote_note":"","_monsterinsights_sitenote_category":0,"footnotes":""},"categories":[51,49],"tags":[],"class_list":["post-276698","post","type-post","status-publish","format-standard","has-post-thumbnail","hentry","category-evidenza-top","category-news-18","category-51","category-49","description-off"],"img_url":"https:\/\/www.radiopiu.net\/wordpress\/wp-content\/uploads\/2020\/06\/dc8d9e01-0412-48a8-91b1-c64ba92a8187.jpg","_links":{"self":[{"href":"https:\/\/www.radiopiu.net\/wordpress\/wp-json\/wp\/v2\/posts\/276698","targetHints":{"allow":["GET"]}}],"collection":[{"href":"https:\/\/www.radiopiu.net\/wordpress\/wp-json\/wp\/v2\/posts"}],"about":[{"href":"https:\/\/www.radiopiu.net\/wordpress\/wp-json\/wp\/v2\/types\/post"}],"author":[{"embeddable":true,"href":"https:\/\/www.radiopiu.net\/wordpress\/wp-json\/wp\/v2\/users\/4"}],"replies":[{"embeddable":true,"href":"https:\/\/www.radiopiu.net\/wordpress\/wp-json\/wp\/v2\/comments?post=276698"}],"version-history":[{"count":0,"href":"https:\/\/www.radiopiu.net\/wordpress\/wp-json\/wp\/v2\/posts\/276698\/revisions"}],"wp:featuredmedia":[{"embeddable":true,"href":"https:\/\/www.radiopiu.net\/wordpress\/wp-json\/wp\/v2\/media\/144229"}],"wp:attachment":[{"href":"https:\/\/www.radiopiu.net\/wordpress\/wp-json\/wp\/v2\/media?parent=276698"}],"wp:term":[{"taxonomy":"category","embeddable":true,"href":"https:\/\/www.radiopiu.net\/wordpress\/wp-json\/wp\/v2\/categories?post=276698"},{"taxonomy":"post_tag","embeddable":true,"href":"https:\/\/www.radiopiu.net\/wordpress\/wp-json\/wp\/v2\/tags?post=276698"}],"curies":[{"name":"wp","href":"https:\/\/api.w.org\/{rel}","templated":true}]}}