{"id":276701,"date":"2022-05-21T06:05:56","date_gmt":"2022-05-21T04:05:56","guid":{"rendered":"https:\/\/www.radiopiu.net\/wordpress\/?p=276701"},"modified":"2022-05-21T10:28:34","modified_gmt":"2022-05-21T08:28:34","slug":"giornale-radiopiu-21-maggio-2022-direttore-mirko-mezzacasa","status":"publish","type":"post","link":"https:\/\/www.radiopiu.net\/wordpress\/giornale-radiopiu-21-maggio-2022-direttore-mirko-mezzacasa\/","title":{"rendered":"GIORNALE RADIOPIU 21 MAGGIO 2022 DIRETTORE MIRKO MEZZACASA"},"content":{"rendered":"<h3 class=\"kvgmc6g5 cxmmr5t8 oygrvhab hcukyx3x c1et5uql\"><span style=\"color: #0000ff;\"><strong>RADIO PIU INFORMAZIONE il canale su TELEGRAM informazione di prima\u00a0 <\/strong><\/span><span style=\"color: #0000ff;\"><strong>mano e in tempo reale. iscriviti ed aiutaci a farlo conoscere\u00a0\u00a0<\/strong><\/span><\/h3>\n<p>&nbsp;<\/p>\n<p>&nbsp;<\/p>\n<hr \/>\n<p>&nbsp;<\/p>\n<blockquote>\n<h3>IL GIRO D&#8217;ITALIA IN PROVINCIA, SABATO 28 MAGGIO DALLE 12.25<\/h3>\n<\/blockquote>\n<p><strong><a class=\"dt-pswp-item\" href=\"https:\/\/www.radiopiu.net\/wordpress\/wp-content\/uploads\/2022\/05\/GIRO-PANTANI-AL-FEDAIA.jpg\" data-dt-img-description=\"\" data-large_image_width=\"259\" data-large_image_height=\"288\"><img loading=\"lazy\" decoding=\"async\" class=\"alignleft wp-image-276280 size-full\" src=\"https:\/\/www.radiopiu.net\/wordpress\/wp-content\/uploads\/2022\/05\/GIRO-PANTANI-AL-FEDAIA.jpg\" alt=\"\" width=\"259\" height=\"288\" \/><\/a>REDAZIONE<\/strong> Poco meno di una settimana al gran giorno, il tappone dolomitico \u00e8 il pi\u00f9 atteso della corsa rosa. Da Piazza dei Martiri (sabato 28 maggio alle 12.25) alla Marmolada passando per Sedico (12.40), Sospirolo (13.06) Agordo (13.41) Cencenighe (13.54) Passo San Pellegrino (14.44). I ciclisti torneranno in provincia di Belluno dal Pordoi (15.54) verso Arabba (16.05) Caprile (16.31) e arrivo a Malga Ciapela previsto poco prima delle 17. Questi gli orari indicativi prevedendo una media di 35 chilometri orari. Le strade interessate: Statale 50, Provinciale 12, Regionale 203 agordina, provinciale 346 del San Pellegrino, statale 48 delle Dolomiti, provinciale 641 di Passo Fedaia, saranno totalmente interdette &#8211;\u00a0 ad esclusione dei veicoli di servizio alla manifestazione, di pronto soccorso e di pubblica sicurezza &#8211; un&#8217;ora e mezza prima del passaggio dei ciclisti e riapriranno una volta transitata l&#8217;intera carovana. Con riferimento ai Passi Dolomitici di norma vengono chiusi la sera prima della tappa, ma attendiamo ulteriori precisazioni dagli organizzatori e dalla Prefettura di Belluno per averne l&#8217;ufficialit\u00e0 Saranno chiuse al transito veicolare anche le strade che si immettono sulla viabilit\u00e0 interessata, in corrispondenza degli incroci. La chiusura sar\u00e0 garantita con transenne e regolata da movieri. <strong>TRAGUARDI VOLANTI<\/strong> a Cencenighe (km63,5), Malga Ciapela (162,5). GRAN PREMIO MONTAGNA Passo San Pellegrino (1918m, 81,9 chilometri), Passo Pordoi (2239m Cima Coppi, 123,4 km), Marmolada Passo Fedaia (2057, arrivo di prima categoria 168 chilometri).<\/p>\n<p><strong>AD AGORDO Passaggio per il centro, via Cesare Battisti, Piazza Libert\u00e0, Via 27 aprile<\/strong><\/p>\n<p>foto RADIOPIU Marco Pantani sul PASSO FEDAIA<\/p>\n\n\t\t\t<style type='text\/css'>\n\t\t\t\t#gallery-1 {\n\t\t\t\t\tmargin: auto;\n\t\t\t\t}\n\t\t\t\t#gallery-1 .gallery-item {\n\t\t\t\t\tfloat: left;\n\t\t\t\t\tmargin-top: 10px;\n\t\t\t\t\ttext-align: center;\n\t\t\t\t\twidth: 50%;\n\t\t\t\t}\n\t\t\t\t#gallery-1 img {\n\t\t\t\t\tborder: 2px solid #cfcfcf;\n\t\t\t\t}\n\t\t\t\t#gallery-1 .gallery-caption {\n\t\t\t\t\tmargin-left: 0;\n\t\t\t\t}\n\t\t\t\t\/* see gallery_shortcode() in wp-includes\/media.php *\/\n\t\t\t<\/style>\n\t\t<div id='gallery-1' class='dt-gallery-container gallery galleryid-276701 gallery-columns-2 gallery-size-thumbnail'><dl class='gallery-item'>\n\t\t\t\t<dt class='gallery-icon landscape'>\n\t\t\t\t\t<a class=\"rollover rollover-zoom dt-pswp-item\" title=\"T20_Fedaia_alt\" data-dt-img-description=\"\" data-large_image_width=\"1280\" data-large_image_height=\"852\"href='https:\/\/www.radiopiu.net\/wordpress\/wp-content\/uploads\/2022\/05\/eXEQkcEZRH3xKCLKhFiY_260422-095012-1.jpg'><img loading=\"lazy\" decoding=\"async\" width=\"150\" height=\"150\" src=\"https:\/\/www.radiopiu.net\/wordpress\/wp-content\/uploads\/2022\/05\/eXEQkcEZRH3xKCLKhFiY_260422-095012-1-150x150.jpg\" class=\"attachment-thumbnail size-thumbnail\" alt=\"\" \/><\/a>\n\t\t\t\t<\/dt><\/dl><dl class='gallery-item'>\n\t\t\t\t<dt class='gallery-icon landscape'>\n\t\t\t\t\t<a class=\"rollover rollover-zoom dt-pswp-item\" title=\"aaaa\" data-dt-img-description=\"\" data-large_image_width=\"875\" data-large_image_height=\"711\"href='https:\/\/www.radiopiu.net\/wordpress\/wp-content\/uploads\/2022\/05\/aaaa-5.jpg'><img loading=\"lazy\" decoding=\"async\" width=\"150\" height=\"150\" src=\"https:\/\/www.radiopiu.net\/wordpress\/wp-content\/uploads\/2022\/05\/aaaa-5-150x150.jpg\" class=\"attachment-thumbnail size-thumbnail\" alt=\"\" \/><\/a>\n\t\t\t\t<\/dt><\/dl><br style=\"clear: both\" \/>\n\t\t\t<\/div>\n\n<p>&nbsp;<\/p>\n<blockquote>\n<h3>GIRO D&#8217;ITALIA: MODIFICHE ALLA VIABILITA&#8217; A BELLUNO CITTA&#8217;<\/h3>\n<\/blockquote>\n<p><strong><a class=\"dt-pswp-item\" href=\"https:\/\/www.radiopiu.net\/wordpress\/wp-content\/uploads\/2021\/10\/PIAZZA-MARTIRI-BELLUNO.jpg\" data-dt-img-description=\"\" data-large_image_width=\"1364\" data-large_image_height=\"908\"><img loading=\"lazy\" decoding=\"async\" class=\"size-thumbnail wp-image-235813 alignleft\" src=\"https:\/\/www.radiopiu.net\/wordpress\/wp-content\/uploads\/2021\/10\/PIAZZA-MARTIRI-BELLUNO-150x150.jpg\" alt=\"\" width=\"150\" height=\"150\" \/><\/a>BELLUNO<\/strong> Sabato 28 maggio la Citta\u0300 di Belluno sara\u0300 interessata dalla partenza della 20^ tappa del Giro d\u2019Italia, &#8220;Belluno-Marmolada&#8221;. Per consentirne lo svolgimento in sicurezza e per dare spazio alle attivita\u0300 collaterali che interesseranno anche alcune zone limitrofe al centro citta\u0300, si rendono necessarie le seguenti modifiche alla viabilita\u0300: <strong>piazza dei Martiri &#8211; piazza Vittorio Emanuele II &#8211; via Roma<\/strong>, divieto di sosta con rimozione forzata dei veicoli dalle ore 15.00 del 27 alle ore 19.00 del 28 maggio e, comunque, fino al termine dei disallestimenti;, istituzione del divieto di transito veicolare dalle ore 15.00 del 27 alle ore 19.00 del 28 maggio e, comunque, fino al termine dei disallestimenti; <strong>piazza Duomo, piazza Castello &#8211; via Matteotti <\/strong>divieto di sosta con rimozione forzata dei veicoli dalle ore 15.00 del 27 alle ore 15.00 del 28 maggio; divieto di transito veicolare dalle ore 14.00 del 27 alle ore 15.00 del 28 maggio; <strong>piazza Santo Stefano \u2013 via Simon da Cusighe \u2013 via Rialto \u2013 piazza Mercato \u2013 via Mezzaterra <\/strong>divieto di sosta con rimozione forzata dei veicoli dalle ore 5.00 alle ore 14.00 del 28 maggio; istituzione del divieto di transito veicolare dalle ore 6.00 alle ore 13.30 del 28 maggio; <strong>parcheggio Lambioi <\/strong>divieto di sosta con rimozione forzata dei veicoli dalle ore 2.00 alle ore 14.00 del 28 maggio, eccetto che nella parte a sinistra dell\u2019entrata in cui e\u0300 vietata la sosta a partire dalle ore 19.00 del 27 maggio; istituzione del divieto di accesso al parcheggio dalle ore 22.00 del 27 alle ore 13.30 del 28 maggio; <strong>viale dei Dendrofori (nel tratto compreso tra la piscina e la galleria Belluno) ponte Bailey &#8211; Galleria Belluno \u2013 via Buzzati panoramica \u2013 via Alzaia \u2013 ponte della Vittoria <\/strong>divieto di transito veicolare dalle ore 9.00 alle ore 13.30 del 28 maggio eccetto che, fino alle 10.00, per i soli autobus in servizio extraurbano; <strong>Viale dei Dendrofori (nel tratto compreso tra la piscina e l\u2019incrocio con via Feltre) <\/strong>dalle ore 9.00 alle ore 13.30 del 28 maggio, transito consentito solo per parcheggio, fino a esaurimento di posti disponibili, terminati i quali i veicoli potranno solamente percorrere il tratto nella direzione centro-periferia, e ai residenti in via Sottocastello; <strong>via Uniera dei Zater &#8211; via Caduti Ponte San Felice &#8211; via del Piave &#8211; via San Lucano &#8211; via Sant&#8217;Andrea &#8211; via 30 aprile &#8211; porta Dante &#8211; porta Dojona <\/strong>divieto di sosta con rimozione forzata dei veicoli dalle ore 5.00 alle ore 14.00 del 28 maggio; divieto di transito veicolare dalle ore 6.00 alle ore 13.30 del 28 maggio. L\u2019organizzazione garantira\u0300 gli spazi e il transito ai veicoli della Prefettura; <strong>piazza Piloni &#8211; via Zuppani <\/strong>divieto di sosta con rimozione forzata dei veicoli dalle ore 5.00 alle ore 14.00 del 28 maggio e divieto di transito e veicolare dalle ore 5.00 alle ore 14.00 del 28 maggio. In tutte le strade lungo il percorso di tappa, sara\u0300 in vigore il divieto di transito dalle ore 9.45 del 28 maggio, fino al passaggio del veicolo con il cartello \u201cfine gara\u201d.<\/p>\n<p><strong>di Moreno Gioli<\/strong><\/p>\n<audio class=\"wp-audio-shortcode\" id=\"audio-276701-1\" preload=\"none\" style=\"width: 100%;\" controls=\"controls\"><source type=\"audio\/mpeg\" src=\"https:\/\/www.radiopiu.net\/wordpress\/wp-content\/uploads\/2022\/05\/GIOLI-GIRO-ITALIA-BELLUNO.mp3?_=1\" \/><a href=\"https:\/\/www.radiopiu.net\/wordpress\/wp-content\/uploads\/2022\/05\/GIOLI-GIRO-ITALIA-BELLUNO.mp3\">https:\/\/www.radiopiu.net\/wordpress\/wp-content\/uploads\/2022\/05\/GIOLI-GIRO-ITALIA-BELLUNO.mp3<\/a><\/audio>\n<p>&nbsp;<\/p>\n<blockquote>\n<h3>LA RIUNIONE A ROCCA PIETORE IN VISTA DEL PASSAGGIO DEL GIRO<\/h3>\n<\/blockquote>\n<p><strong>di Gianni Santomaso<\/strong><\/p>\n<audio class=\"wp-audio-shortcode\" id=\"audio-276701-2\" preload=\"none\" style=\"width: 100%;\" controls=\"controls\"><source type=\"audio\/mpeg\" src=\"https:\/\/www.radiopiu.net\/wordpress\/wp-content\/uploads\/2022\/05\/GIANNI-GIRO-ROCCA.mp3?_=2\" \/><a href=\"https:\/\/www.radiopiu.net\/wordpress\/wp-content\/uploads\/2022\/05\/GIANNI-GIRO-ROCCA.mp3\">https:\/\/www.radiopiu.net\/wordpress\/wp-content\/uploads\/2022\/05\/GIANNI-GIRO-ROCCA.mp3<\/a><\/audio>\n<p>&nbsp;<\/p>\n<hr \/>\n<p>&nbsp;<\/p>\n<blockquote>\n<h3>A SOLI 56 ANNI SE N&#8217;E&#8217; ANDATO MARIO BALDISSERA, PORTIERE DEL BELLUNO E DELLA FELTRESE<\/h3>\n<\/blockquote>\n<p><strong><a class=\"dt-pswp-item\" href=\"https:\/\/www.radiopiu.net\/wordpress\/wp-content\/uploads\/2022\/05\/9f2da16a-1aa8-4c5f-86ac-cdfee81dd7aa.jpg\" data-dt-img-description=\"\" data-large_image_width=\"1400\" data-large_image_height=\"789\"><img loading=\"lazy\" decoding=\"async\" class=\"size-thumbnail wp-image-276802 alignleft\" src=\"https:\/\/www.radiopiu.net\/wordpress\/wp-content\/uploads\/2022\/05\/9f2da16a-1aa8-4c5f-86ac-cdfee81dd7aa-150x150.jpg\" alt=\"\" width=\"150\" height=\"150\" \/><\/a>FELTRE<\/strong><\/p>\n<p>di Roberto Bona<\/p>\n<audio class=\"wp-audio-shortcode\" id=\"audio-276701-3\" preload=\"none\" style=\"width: 100%;\" controls=\"controls\"><source type=\"audio\/mpeg\" src=\"https:\/\/www.radiopiu.net\/wordpress\/wp-content\/uploads\/2022\/05\/BONA-MARIO-BALDISSERA.mp3?_=3\" \/><a href=\"https:\/\/www.radiopiu.net\/wordpress\/wp-content\/uploads\/2022\/05\/BONA-MARIO-BALDISSERA.mp3\">https:\/\/www.radiopiu.net\/wordpress\/wp-content\/uploads\/2022\/05\/BONA-MARIO-BALDISSERA.mp3<\/a><\/audio>\n<p>&nbsp;<\/p>\n<hr \/>\n<p>&nbsp;<\/p>\n<blockquote>\n<h3>IL CENTENARIO DELLA NASCITA DELLO SCULTORE AUGUSTO MURER<\/h3>\n<\/blockquote>\n<p><strong><a class=\"dt-pswp-item\" href=\"https:\/\/www.radiopiu.net\/wordpress\/wp-content\/uploads\/2022\/05\/10.-Murer-nel-suo-studio-realizza-dei-disegni-studi-per-scultura-1971-scaled.jpg\" data-dt-img-description=\"\" data-large_image_width=\"2560\" data-large_image_height=\"1948\"><img loading=\"lazy\" decoding=\"async\" class=\"size-thumbnail wp-image-276760 alignleft\" src=\"https:\/\/www.radiopiu.net\/wordpress\/wp-content\/uploads\/2022\/05\/10.-Murer-nel-suo-studio-realizza-dei-disegni-studi-per-scultura-1971-150x150.jpg\" alt=\"\" width=\"150\" height=\"150\" \/><\/a>FALCADE<\/strong> Cento anni fa, il 21 maggio del 1922, nasceva a Falcade, nelle Dolomiti bellunesi, Augusto Murer. Dedicandosi fin dall\u2019infanzia al disegno e allo \u201cscavo\u201d del legno delle sue montagne, egli ha via via interpretato da protagonista nel Veneto e in Italia, le istanze di rinnovamento del secondo dopoguerra, lasciando nel patrimonio pubblico e privato il segno di una forza creativa in sintonia con la crescita della comunit\u00e0 e in un significativo rapporto di amicizia e collaborazione con coetanei e conterranei come Andre Zanzotto, Mario Rigoni Stern e Tono Zancanaro. Un\u2019attivit\u00e0, quella di Murer, di grande spessore civile dimostrato in particolare dai lontani disegni sul lavoro dei minatori della Valle Imperina, non a caso scelti poi dal Veneto per ricordare gli italiani caduti nella tragedia di Marcinelle (1956-2006), dal monumento realizzato nel 1968 a Vittorio Veneto per il cinquantesimo della prima guerra mondiale, dalla grande figura in bronzo del 1974 sulla sommit\u00e0 del Grappa e dalla Partigiana a Venezia in collaborazione con Carlo Scarpa per ricordare la liberazione del Veneto e dell\u2019Italia nella Resistenza del nazifascismo. Un pathos, presente anche in tanti lavori religiosi, quali il grande portale della chiesa di Caxias do Sul dedicato all\u2019epopea degli emigranti veneti in Brasile. Una presenza, quella di Murer, riscontrabile, inoltre, in tante collezioni e innumerevoli mostre personali come quella dell\u2019Ermitage a Leningrado, oggi San Pietroburgo. Riconoscimenti sottolineati da amicizie significative come quella del Presidente Sandro Pertini. Ricordarne il lavoro e l\u2019eredit\u00e0 culturale nel modo pi\u00f9 adeguato, in occasione del centenario della nascita e a trentasette anni dalla sua scomparsa, \u00e8 dunque un dovere collettivo e delle istituzioni e, insieme, un\u2019occasione per riflettere sull\u2019importante e originale contributo dei veneti all\u2019identit\u00e0 e all\u2019unit\u00e0 nazionale del secondo Novecento.<\/p>\n\n\t\t\t<style type='text\/css'>\n\t\t\t\t#gallery-2 {\n\t\t\t\t\tmargin: auto;\n\t\t\t\t}\n\t\t\t\t#gallery-2 .gallery-item {\n\t\t\t\t\tfloat: left;\n\t\t\t\t\tmargin-top: 10px;\n\t\t\t\t\ttext-align: center;\n\t\t\t\t\twidth: 25%;\n\t\t\t\t}\n\t\t\t\t#gallery-2 img {\n\t\t\t\t\tborder: 2px solid #cfcfcf;\n\t\t\t\t}\n\t\t\t\t#gallery-2 .gallery-caption {\n\t\t\t\t\tmargin-left: 0;\n\t\t\t\t}\n\t\t\t\t\/* see gallery_shortcode() in wp-includes\/media.php *\/\n\t\t\t<\/style>\n\t\t<div id='gallery-2' class='dt-gallery-container gallery galleryid-276701 gallery-columns-4 gallery-size-thumbnail'><dl class='gallery-item'>\n\t\t\t\t<dt class='gallery-icon landscape'>\n\t\t\t\t\t<a class=\"rollover rollover-zoom dt-pswp-item\" title=\"1. Murer, Zancanaro, Zanzotto\" data-dt-img-description=\"\" data-large_image_width=\"1600\" data-large_image_height=\"1160\"href='https:\/\/www.radiopiu.net\/wordpress\/wp-content\/uploads\/2022\/05\/1.-Murer-Zancanaro-Zanzotto.jpg'><img loading=\"lazy\" decoding=\"async\" width=\"150\" height=\"150\" src=\"https:\/\/www.radiopiu.net\/wordpress\/wp-content\/uploads\/2022\/05\/1.-Murer-Zancanaro-Zanzotto-150x150.jpg\" class=\"attachment-thumbnail size-thumbnail\" alt=\"\" \/><\/a>\n\t\t\t\t<\/dt><\/dl><dl class='gallery-item'>\n\t\t\t\t<dt class='gallery-icon landscape'>\n\t\t\t\t\t<a class=\"rollover rollover-zoom dt-pswp-item\" title=\"2_Museo esterno Murer\" data-dt-img-description=\"\" data-large_image_width=\"1654\" data-large_image_height=\"1098\"href='https:\/\/www.radiopiu.net\/wordpress\/wp-content\/uploads\/2022\/05\/2_Museo-esterno-Murer.jpg'><img loading=\"lazy\" decoding=\"async\" width=\"150\" height=\"150\" src=\"https:\/\/www.radiopiu.net\/wordpress\/wp-content\/uploads\/2022\/05\/2_Museo-esterno-Murer-150x150.jpg\" class=\"attachment-thumbnail size-thumbnail\" alt=\"\" \/><\/a>\n\t\t\t\t<\/dt><\/dl><dl class='gallery-item'>\n\t\t\t\t<dt class='gallery-icon landscape'>\n\t\t\t\t\t<a class=\"rollover rollover-zoom dt-pswp-item\" title=\"3_Interno_museo\" data-dt-img-description=\"\" data-large_image_width=\"1654\" data-large_image_height=\"1240\"href='https:\/\/www.radiopiu.net\/wordpress\/wp-content\/uploads\/2022\/05\/3_Interno_museo.jpg'><img loading=\"lazy\" decoding=\"async\" width=\"150\" height=\"150\" src=\"https:\/\/www.radiopiu.net\/wordpress\/wp-content\/uploads\/2022\/05\/3_Interno_museo-150x150.jpg\" class=\"attachment-thumbnail size-thumbnail\" alt=\"\" \/><\/a>\n\t\t\t\t<\/dt><\/dl><dl class='gallery-item'>\n\t\t\t\t<dt class='gallery-icon landscape'>\n\t\t\t\t\t<a class=\"rollover rollover-zoom dt-pswp-item\" title=\"4_Interno_museo_1\" data-dt-img-description=\"\" data-large_image_width=\"1654\" data-large_image_height=\"1240\"href='https:\/\/www.radiopiu.net\/wordpress\/wp-content\/uploads\/2022\/05\/4_Interno_museo_1.jpg'><img loading=\"lazy\" decoding=\"async\" width=\"150\" height=\"150\" src=\"https:\/\/www.radiopiu.net\/wordpress\/wp-content\/uploads\/2022\/05\/4_Interno_museo_1-150x150.jpg\" class=\"attachment-thumbnail size-thumbnail\" alt=\"\" \/><\/a>\n\t\t\t\t<\/dt><\/dl><br style=\"clear: both\" \/><dl class='gallery-item'>\n\t\t\t\t<dt class='gallery-icon portrait'>\n\t\t\t\t\t<a class=\"rollover rollover-zoom dt-pswp-item\" title=\"5_Bronzo_fauno\" data-dt-img-description=\"\" data-large_image_width=\"928\" data-large_image_height=\"2008\"href='https:\/\/www.radiopiu.net\/wordpress\/wp-content\/uploads\/2022\/05\/5_Bronzo_fauno.jpg'><img loading=\"lazy\" decoding=\"async\" width=\"150\" height=\"150\" src=\"https:\/\/www.radiopiu.net\/wordpress\/wp-content\/uploads\/2022\/05\/5_Bronzo_fauno-150x150.jpg\" class=\"attachment-thumbnail size-thumbnail\" alt=\"\" \/><\/a>\n\t\t\t\t<\/dt><\/dl><dl class='gallery-item'>\n\t\t\t\t<dt class='gallery-icon landscape'>\n\t\t\t\t\t<a class=\"rollover rollover-zoom dt-pswp-item\" title=\"7. Contadini della mia valle, 1953 (tecnica mista)\" data-dt-img-description=\"\" data-large_image_width=\"2560\" data-large_image_height=\"1853\"href='https:\/\/www.radiopiu.net\/wordpress\/wp-content\/uploads\/2022\/05\/7.-Contadini-della-mia-valle-1953-tecnica-mista-scaled.jpg'><img loading=\"lazy\" decoding=\"async\" width=\"150\" height=\"150\" src=\"https:\/\/www.radiopiu.net\/wordpress\/wp-content\/uploads\/2022\/05\/7.-Contadini-della-mia-valle-1953-tecnica-mista-150x150.jpg\" class=\"attachment-thumbnail size-thumbnail\" alt=\"\" \/><\/a>\n\t\t\t\t<\/dt><\/dl><dl class='gallery-item'>\n\t\t\t\t<dt class='gallery-icon portrait'>\n\t\t\t\t\t<a class=\"rollover rollover-zoom dt-pswp-item\" title=\"8. Autoritratto, 1952 (china)\" data-dt-img-description=\"\" data-large_image_width=\"1789\" data-large_image_height=\"2560\"href='https:\/\/www.radiopiu.net\/wordpress\/wp-content\/uploads\/2022\/05\/8.-Autoritratto-1952-china-scaled.jpg'><img loading=\"lazy\" decoding=\"async\" width=\"150\" height=\"150\" src=\"https:\/\/www.radiopiu.net\/wordpress\/wp-content\/uploads\/2022\/05\/8.-Autoritratto-1952-china-150x150.jpg\" class=\"attachment-thumbnail size-thumbnail\" alt=\"\" \/><\/a>\n\t\t\t\t<\/dt><\/dl><dl class='gallery-item'>\n\t\t\t\t<dt class='gallery-icon portrait'>\n\t\t\t\t\t<a class=\"rollover rollover-zoom dt-pswp-item\" title=\"9. Operaio, 1953 (china)\" data-dt-img-description=\"\" data-large_image_width=\"1795\" data-large_image_height=\"2560\"href='https:\/\/www.radiopiu.net\/wordpress\/wp-content\/uploads\/2022\/05\/9.-Operaio-1953-china-scaled.jpg'><img loading=\"lazy\" decoding=\"async\" width=\"150\" height=\"150\" src=\"https:\/\/www.radiopiu.net\/wordpress\/wp-content\/uploads\/2022\/05\/9.-Operaio-1953-china-150x150.jpg\" class=\"attachment-thumbnail size-thumbnail\" alt=\"\" \/><\/a>\n\t\t\t\t<\/dt><\/dl><br style=\"clear: both\" \/><dl class='gallery-item'>\n\t\t\t\t<dt class='gallery-icon portrait'>\n\t\t\t\t\t<a class=\"rollover rollover-zoom dt-pswp-item\" title=\"11. Murer nel suo studio scolpisce il Guerriero morente, 1971\" data-dt-img-description=\"\" data-large_image_width=\"1740\" data-large_image_height=\"2560\"href='https:\/\/www.radiopiu.net\/wordpress\/wp-content\/uploads\/2022\/05\/11.-Murer-nel-suo-studio-scolpisce-il-Guerriero-morente-1971-scaled.jpg'><img loading=\"lazy\" decoding=\"async\" width=\"150\" height=\"150\" src=\"https:\/\/www.radiopiu.net\/wordpress\/wp-content\/uploads\/2022\/05\/11.-Murer-nel-suo-studio-scolpisce-il-Guerriero-morente-1971-150x150.jpg\" class=\"attachment-thumbnail size-thumbnail\" alt=\"\" \/><\/a>\n\t\t\t\t<\/dt><\/dl><dl class='gallery-item'>\n\t\t\t\t<dt class='gallery-icon landscape'>\n\t\t\t\t\t<a class=\"rollover rollover-zoom dt-pswp-item\" title=\"12. Murer nel suo studio di Falcade, 1971\" data-dt-img-description=\"\" data-large_image_width=\"2560\" data-large_image_height=\"1753\"href='https:\/\/www.radiopiu.net\/wordpress\/wp-content\/uploads\/2022\/05\/12.-Murer-nel-suo-studio-di-Falcade-1971-scaled.jpg'><img loading=\"lazy\" decoding=\"async\" width=\"150\" height=\"150\" src=\"https:\/\/www.radiopiu.net\/wordpress\/wp-content\/uploads\/2022\/05\/12.-Murer-nel-suo-studio-di-Falcade-1971-150x150.jpg\" class=\"attachment-thumbnail size-thumbnail\" alt=\"\" \/><\/a>\n\t\t\t\t<\/dt><\/dl><dl class='gallery-item'>\n\t\t\t\t<dt class='gallery-icon portrait'>\n\t\t\t\t\t<a class=\"rollover rollover-zoom dt-pswp-item\" title=\"13. Murer alla Biennale di Venezia, 1984\" data-dt-img-description=\"\" data-large_image_width=\"1910\" data-large_image_height=\"2560\"href='https:\/\/www.radiopiu.net\/wordpress\/wp-content\/uploads\/2022\/05\/13.-Murer-alla-Biennale-di-Venezia-1984-scaled.jpg'><img loading=\"lazy\" decoding=\"async\" width=\"150\" height=\"150\" src=\"https:\/\/www.radiopiu.net\/wordpress\/wp-content\/uploads\/2022\/05\/13.-Murer-alla-Biennale-di-Venezia-1984-150x150.jpg\" class=\"attachment-thumbnail size-thumbnail\" alt=\"\" \/><\/a>\n\t\t\t\t<\/dt><\/dl><dl class='gallery-item'>\n\t\t\t\t<dt class='gallery-icon landscape'>\n\t\t\t\t\t<a class=\"rollover rollover-zoom dt-pswp-item\" title=\"6_Augusto Murer_1962.RAGAZZO.CHE.BEVE\" data-dt-img-description=\"\" data-large_image_width=\"1181\" data-large_image_height=\"849\"href='https:\/\/www.radiopiu.net\/wordpress\/wp-content\/uploads\/2022\/05\/6_Augusto-Murer_1962.RAGAZZO.CHE_.BEVE_.jpg'><img loading=\"lazy\" decoding=\"async\" width=\"150\" height=\"150\" src=\"https:\/\/www.radiopiu.net\/wordpress\/wp-content\/uploads\/2022\/05\/6_Augusto-Murer_1962.RAGAZZO.CHE_.BEVE_-150x150.jpg\" class=\"attachment-thumbnail size-thumbnail\" alt=\"\" \/><\/a>\n\t\t\t\t<\/dt><\/dl><br style=\"clear: both\" \/>\n\t\t\t<\/div>\n\n<p>&nbsp;<\/p>\n<p><strong>IL PROGRAMMA DELLE INIZIATIVE PER I CENTO ANNI DALLA NASCITA DI AUGUSTO MURER (2 pagine)<\/strong><\/p>\n<a href=\"https:\/\/www.radiopiu.net\/wordpress\/wp-content\/uploads\/2022\/05\/Murer-centenario-iniziative.pdf\" class=\"pdfemb-viewer\" style=\"\" data-width=\"max\" data-height=\"max\" data-toolbar=\"top\" data-toolbar-fixed=\"on\">Murer centenario - iniziative<\/a>\n<p>&nbsp;<\/p>\n<hr \/>\n<p>&nbsp;<\/p>\n<blockquote>\n<h3>VALPE AMBIENTE FA IL PUNTO DELLA SITUAZIONE SUGLI ECOSPORTELLI IN AGORDINO<\/h3>\n<\/blockquote>\n<p><strong><a class=\"dt-pswp-item\" href=\"https:\/\/www.radiopiu.net\/wordpress\/wp-content\/uploads\/2021\/10\/VALPE.png\" data-dt-img-description=\"\" data-large_image_width=\"800\" data-large_image_height=\"400\"><img loading=\"lazy\" decoding=\"async\" class=\"alignleft wp-image-236977 \" src=\"https:\/\/www.radiopiu.net\/wordpress\/wp-content\/uploads\/2021\/10\/VALPE-300x150.png\" alt=\"\" width=\"186\" height=\"93\" srcset=\"https:\/\/www.radiopiu.net\/wordpress\/wp-content\/uploads\/2021\/10\/VALPE-300x150.png 300w, https:\/\/www.radiopiu.net\/wordpress\/wp-content\/uploads\/2021\/10\/VALPE-768x384.png 768w, https:\/\/www.radiopiu.net\/wordpress\/wp-content\/uploads\/2021\/10\/VALPE.png 800w\" sizes=\"auto, (max-width: 186px) 100vw, 186px\" \/><\/a>REDAZIONE<\/strong> Dopo la lettera inviata in radio ieri da un ascoltatore che chiedeva delucidazioni sulla riapertura degli ecosportelli, ecco che arriva puntuale la lettera di Valpe Ambiente che risponde all&#8217;articolo pubblicato sul sito di Radio Pi\u00f9.<\/p>\n<blockquote><p><em>Ringraziamo l\u2019utente perch\u00e9 ci offre l\u2019occasione per dare informazioni corrette e puntuali ai cittadini.\u00a0 Innanzitutto, informiamo che Sedico non ha ancora a disposizione un numero verde, mentre i cittadini di UMA usufruiscono di un call center attivo 6 giorni su 7. Per quanto riguarda le aperture degli sportelli, informiamo che l\u2019intero servizio \u00e8 stato rivisto e riorganizzato &#8211; con l\u2019approvazione della Conferenza dei Sindaci di UMA. L\u2019affluenza era molto bassa e nell\u201980% dei casi i cittadini andavano allo sportello solo per ritirare i sacchetti; oggi vengono anche consegnati direttamente a domicilio, cos\u00ec come i contenitori. Il progetto prevedeva che le attivit\u00e0 svolte presso gli sportelli fossero rese ai cittadini attraverso nuovi servizi: pi\u00f9 capillari, funzionali e adeguati alle richieste dei cittadini stessi. Oggi questi servizi sono attivi in tutto l\u2019agordino e sono: consegna di sacchetti a domicilio, forniture a domicilio dei contenitori, sostituzioni gratuite a domicilio di contenitori rotti, attivazione dello Sportello online, possibilit\u00e0 di fissare appuntamenti telefonici per gestire le pratiche comodamente da casa, accesso all&#8217;Ecosportello di Agordo su appuntamento con massima flessibilit\u00e0 di orario, creazione delle Isole Ecologiche per i non residenti, che non devono pi\u00f9 passare allo sportello per ritirare i kit per l\u2019ultimo conferimento, potenziamento del call center, oggi attivo 6 giorni su 7, distributore automatico di sacchetti attivo tutti i giorni h24 ad Agordo. Per quanto riguarda i distributori di sacchetti, \u00e8 stato presentato un progetto per il PNRR che prevede l&#8217;installazione di altri distributori nel territorio di UMA. Visto l\u2019impegno e il lavoro svolto finora nell\u2019offrire ai cittadini nuovi servizi efficienti e puntuali, non crediamo sia corretto definire tutto questo come un peggioramento del servizio. Anzi, ci\u00f2 rappresenta un passo in avanti per avere sempre pi\u00f9 servizi e di qualit\u00e0. Ne abbiamo conferma ogni giorno dai numerosi cittadini che usufruiscono \u2013 soddisfatti \u2013 dei vari servizi attivati. Certi di aver risposto a tutte le curiosit\u00e0 dell\u2019utente, confermiamo che Valpe Ambiente \u00e8 a disposizione dei cittadini che possono contattare l\u2019azienda attraverso i numeri dedicati o via mail.<\/em><\/p><\/blockquote>\n<p>&nbsp;<\/p>\n<h3><span style=\"color: #ff0000;\"><strong>DAL SITO DI RADIO PIU&#8217;<\/strong><\/span><\/h3>\n<blockquote>\n<h3 class=\"entry-title\">DILLO A RADIO PIU\u2026 LA PANDEMIA E\u2019 ALLE SPALLE, MA GLI ECOSPORTELLI NON RIAPRONO<\/h3>\n<\/blockquote>\n<p><strong>REDAZIONE<\/strong>\u00a0Riceviamo e volentieri pubblichiamo. Una risposta da ValpeAmbiente sarebbe gradita, soprattutto per coloro che pagano regolarmente le bollette. Uno di loro chiede a Valpe perch\u00e9 non riapre gli ecosportelli e come mai esista un numero verde per chi abita a Sedico ma non nell\u2019Agordino.<\/p>\n<p>&nbsp;<\/p>\n<blockquote><p><em>Perch\u00e9 non riaprono pi\u00f9 gli eco sportelli VALPE sul territorio Agordino? Adesso che la stagione estiva \u00e8 alle porte e il covid non \u00e8 pi\u00f9 un problema cos\u00ec grave, sarebbe anche ora di riaprire gli eco sportelli nei Comuni, soprattutto per i residenti,\u00a0 ma anche per le seconde case; per chi sta distante da Agordo bisognerebbe riaprire almeno quelli periferici in alcune zone come punti di riferimento. Ad esempio, per l\u2019Alto Agordino ad Alleghe o a Caprile, invece per la Valle del Biois a Falcade o a Canale (finch\u00e9 in l\u2019amministrazione non trova il gestore per il Bar del campo da tennis penso e spero sia ancora disponibile il posto).\u00a0<\/em><em>E\u2019 anche molto utile predisporre un distributore di sacchetti come quello che c\u2019\u00e8 ad Agordo, sempre nelle zone sopracitate in modo di avere un servizio degno anche per chi non \u00e8 da Sedico o da Agordo.\u00a0<\/em><em>Curiosit\u00e0: perch\u00e9 per le utenze di Sedico c\u2019\u00e8 il numero verde e per gli Agordini no?<\/em><br \/>\nLettera firmata.<\/p><\/blockquote>\n<p>&nbsp;<\/p>\n<p>&nbsp;<\/p>\n<hr \/>\n<p>&nbsp;<\/p>\n<blockquote>\n<h3>IL BOSTRICO E&#8217; IMPOSSIBILE DEBELLARLO DEFINITIVAMENTE<\/h3>\n<\/blockquote>\n<p><strong><a class=\"dt-pswp-item\" href=\"https:\/\/www.radiopiu.net\/wordpress\/wp-content\/uploads\/2021\/10\/BOSTRICO.jpg\" data-dt-img-description=\"\" data-large_image_width=\"2048\" data-large_image_height=\"1536\"><img loading=\"lazy\" decoding=\"async\" class=\"size-thumbnail wp-image-239763 alignleft\" src=\"https:\/\/www.radiopiu.net\/wordpress\/wp-content\/uploads\/2021\/10\/BOSTRICO-150x150.jpg\" alt=\"\" width=\"150\" height=\"150\" \/><\/a>AGORDO<\/strong><\/p>\n<p>di Gianni Santomaso<\/p>\n<audio class=\"wp-audio-shortcode\" id=\"audio-276701-4\" preload=\"none\" style=\"width: 100%;\" controls=\"controls\"><source type=\"audio\/mpeg\" src=\"https:\/\/www.radiopiu.net\/wordpress\/wp-content\/uploads\/2022\/05\/GIANNI-BOSTRICO.mp3?_=4\" \/><a href=\"https:\/\/www.radiopiu.net\/wordpress\/wp-content\/uploads\/2022\/05\/GIANNI-BOSTRICO.mp3\">https:\/\/www.radiopiu.net\/wordpress\/wp-content\/uploads\/2022\/05\/GIANNI-BOSTRICO.mp3<\/a><\/audio>\n<p>&nbsp;<\/p>\n<hr \/>\n<p>&nbsp;<\/p>\n<blockquote>\n<h3>REDDITI 2020, MENO DI MILLE EURO AL MESE PER 1,3 MILIONI DI VENETI (IL 40% DEI CONTRIBUENTI)<\/h3>\n<\/blockquote>\n<p><strong><a class=\"dt-pswp-item\" href=\"https:\/\/www.radiopiu.net\/wordpress\/wp-content\/uploads\/2019\/02\/Logo_Spi-CGIL-800x445.jpg\" data-dt-img-description=\"\" data-large_image_width=\"800\" data-large_image_height=\"445\"><img loading=\"lazy\" decoding=\"async\" class=\"alignleft wp-image-75538 \" src=\"https:\/\/www.radiopiu.net\/wordpress\/wp-content\/uploads\/2019\/02\/Logo_Spi-CGIL-800x445-300x167.jpg\" alt=\"\" width=\"165\" height=\"92\" srcset=\"https:\/\/www.radiopiu.net\/wordpress\/wp-content\/uploads\/2019\/02\/Logo_Spi-CGIL-800x445-300x167.jpg 300w, https:\/\/www.radiopiu.net\/wordpress\/wp-content\/uploads\/2019\/02\/Logo_Spi-CGIL-800x445-768x427.jpg 768w, https:\/\/www.radiopiu.net\/wordpress\/wp-content\/uploads\/2019\/02\/Logo_Spi-CGIL-800x445.jpg 800w\" sizes=\"auto, (max-width: 165px) 100vw, 165px\" \/><\/a>VENEZIA<\/strong> Se le dichiarazioni dei redditi sono lo specchio pi\u00f9 nitido per raccontare la situazione economica di un territorio, allora nella nostra regione non si pu\u00f2 certo sorridere. Secondo gli ultimi dati Irpef riferiti all\u2019anno 2020, due contribuenti veneti su cinque (pi\u00f9 di 1 milione 300 mila persone) denunciano meno di mille euro netti al mese (15 mila euro lordi annui) in un contesto che vede il 72% dei contribuenti sotto i 26 mila euro lordi (poco pi\u00f9 di 1.600 euro netti mensili). Pensionati e lavoratori dipendenti sono le categorie pi\u00f9 \u201cpovere\u201d anche se partecipano per l\u201988,7% all\u2019imponibile Irpef. Di contro i ricchi e i super-ricchi, con entrate superiori ai 75 mila euro, sono, almeno sulla carta, pochissimi: il 2,5% del totale dei contribuenti. E il timore \u00e8 che anche in Veneto si annidi una massiccia quota di sommerso. Sono queste le principali considerazioni che emergono dalle dichiarazioni dei redditi del 2021 (anno di imposta 2020) pubblicate di recente nel sito del Ministero ed elaborate dallo Spi Cgil del Veneto.<\/p>\n<p>&nbsp;<\/p>\n<p>&nbsp;<\/p>\n<hr \/>\n<p>&nbsp;<\/p>\n<blockquote>\n<h3>SARA&#8217; DON MATTEO COLLE CHE SOSTITUISCE DON VITO DE VIDO A CANALE E VALLADA<\/h3>\n<\/blockquote>\n<p><strong><a class=\"dt-pswp-item\" href=\"https:\/\/www.radiopiu.net\/wordpress\/wp-content\/uploads\/2022\/05\/don-matteo-002.jpg\" data-dt-img-description=\"\" data-large_image_width=\"974\" data-large_image_height=\"1087\"><img loading=\"lazy\" decoding=\"async\" class=\"size-thumbnail wp-image-276832 alignleft\" src=\"https:\/\/www.radiopiu.net\/wordpress\/wp-content\/uploads\/2022\/05\/don-matteo-002-150x150.jpg\" alt=\"\" width=\"150\" height=\"150\" \/><\/a>BELLUNO <\/strong>A seguito dell\u2019incidente stradale occorso nel pomeriggio di sabato 14 maggio, don Vito \u00e8 stato trasportato d\u2019urgenza all\u2019ospedale di Treviso, destando in tutti grande preoccupazione. L\u2019indomani lui ha rassicurato gli amici con un post su facebook: \u00abGrazie a tutti. Mezzo rotto ma vivo. Sar\u00e0 un po\u2019 lunga\u2026 Grazie a tutti. Abbiamo sempre fede in Dio. Egli \u00e8 medico e medicina. Un\u2019Ave Maria per voi\u00bb. Mercoled\u00ec scorso \u00e8 stato sottoposto a un complesso intervento chirurgico, dopo il quale \u00e8 ovviamente previsto un \u00abperiodo di degenza e poi il periodo di convalescenza\u00bb che si prevedono \u00abprotratti nel tempo\u00bb. Ma proprio in questi mesi la comunit\u00e0 di Canale d\u2019Agordo, in unione a quella di Vallada e a tutta la Diocesi, \u00absta vivendo la preparazione immediata alla celebrazione della beatificazione di Giovanni Paolo I\u00bb, circostanza che render\u00e0 particolari le settimane estive nei luoghi d\u2019origine di Papa Luciani, dove si rende necessaria la presenza di un prete. Per questo il Vescovo ha scelto di affidare la cura pastorale delle due comunit\u00e0 a\u00a0don Matteo Colle, che ne sar\u00e0\u00a0amministratore parrocchiale\u00a0per questo particolare tempo. A lui il Vescovo esprime gratitudine, mentre lo affida all\u2019attenzione e alla cura dei paesani, \u00abperch\u00e9 possa servire pastoralmente le vostre comunit\u00e0 e assicurare un accompagnamento spirituale ai pellegrini che verranno a visitare i luoghi di origine di don Albino\u00bb. Nel contempo, il Vescovo conferma le celebrazioni della Confermazione nei giorni di sabato 11 e domenica 12 giugno. <em>(fonte: chiesabellunofeltre.it)<\/em><\/p>\n<p>&nbsp;<\/p>\n<p>&nbsp;<\/p>\n<hr \/>\n<p>&nbsp;<\/p>\n<blockquote>\n<h3>REGIONE: RINNOVATA LA CONVENZIONE SOCCORSO ALPINO VENETO<\/h3>\n<\/blockquote>\n<p><strong><a class=\"dt-pswp-item\" href=\"https:\/\/www.radiopiu.net\/wordpress\/wp-content\/uploads\/2022\/04\/soccorso-alpino-1024x602-1.jpg\" data-dt-img-description=\"\" data-large_image_width=\"1024\" data-large_image_height=\"602\"><img loading=\"lazy\" decoding=\"async\" class=\"size-thumbnail wp-image-270917 alignleft\" src=\"https:\/\/www.radiopiu.net\/wordpress\/wp-content\/uploads\/2022\/04\/soccorso-alpino-1024x602-1-150x150.jpg\" alt=\"\" width=\"150\" height=\"150\" \/><\/a>VENEZIA <\/strong>La Giunta Regionale ha approvato il rinnovo della convenzione tra la Regione e il Soccorso Alpino e Speleologico Veneto Corpo Nazionale (SASV-CNSAS) per gli interventi di soccorso, recupero e trasporto, anche sanitario, in ambiente montano o ipogeo e in altro ambiente ostile e impervio. Servizi che vengono svolti in stretta collaborazione con il SUEM 118. Con la firma della nuova convenzione \u2013 la cui durata \u00e8 prevista di tre anni dal 1 gennaio scorso &#8211;\u00a0 la Giunta ha stabilito un finanziamento complessivo di 2.350.000 euro, che saranno erogati suddivisi annualmente. Nel corso del 2021 dagli il CNSAS Veneto in stretta sinergia operativa con le Centrali Operative del SUEM 118 della Regione del Veneto (Pieve di Cadore, Padova, Treviso, Verona e Vicenza) ha soccorso 1.156 persone con 1.048 interventi. Di questi ultimi, 939 hanno avuto carattere sanitario e 90 sono legati a esigenze di Protezione Civile, in buona parte legati all\u2019emergenza per la pandemia da Coronavirus. Delle persone soccorse l\u2019anno scorso, 1.008 sono italiane mentre quelle di nazionalit\u00e0 straniera sono 148.<\/p>\n<p>&nbsp;<\/p>\n<p>&nbsp;<\/p>\n<hr \/>\n<p>&nbsp;<\/p>\n<blockquote>\n<h3>LA CRITICA E&#8217; SERVITA, STRADA RIPRISTINATA<\/h3>\n<\/blockquote>\n<p><strong>FALCADE<\/strong> Avevamo pubblicato le foto poco pi\u00f9 di due giorni fa e la critica \u00e8 servita. In centro a Caviola i lavori di Bim Gsp non erano stati completamente terminati, infatti mancava la copertura in asfalto. Lavori terminati nelle ultime ore e strada ripristinata.<\/p>\n\n\t\t\t<style type='text\/css'>\n\t\t\t\t#gallery-3 {\n\t\t\t\t\tmargin: auto;\n\t\t\t\t}\n\t\t\t\t#gallery-3 .gallery-item {\n\t\t\t\t\tfloat: left;\n\t\t\t\t\tmargin-top: 10px;\n\t\t\t\t\ttext-align: center;\n\t\t\t\t\twidth: 25%;\n\t\t\t\t}\n\t\t\t\t#gallery-3 img {\n\t\t\t\t\tborder: 2px solid #cfcfcf;\n\t\t\t\t}\n\t\t\t\t#gallery-3 .gallery-caption {\n\t\t\t\t\tmargin-left: 0;\n\t\t\t\t}\n\t\t\t\t\/* see gallery_shortcode() in wp-includes\/media.php *\/\n\t\t\t<\/style>\n\t\t<div id='gallery-3' class='dt-gallery-container gallery galleryid-276701 gallery-columns-4 gallery-size-thumbnail'><dl class='gallery-item'>\n\t\t\t\t<dt class='gallery-icon landscape'>\n\t\t\t\t\t<a class=\"rollover rollover-zoom dt-pswp-item\" title=\"fb7d0c5c-5445-49e0-87ba-70e49268e4b7\" data-dt-img-description=\"\" data-large_image_width=\"1600\" data-large_image_height=\"777\"href='https:\/\/www.radiopiu.net\/wordpress\/wp-content\/uploads\/2022\/05\/fb7d0c5c-5445-49e0-87ba-70e49268e4b7.jpg'><img loading=\"lazy\" decoding=\"async\" width=\"150\" height=\"150\" src=\"https:\/\/www.radiopiu.net\/wordpress\/wp-content\/uploads\/2022\/05\/fb7d0c5c-5445-49e0-87ba-70e49268e4b7-150x150.jpg\" class=\"attachment-thumbnail size-thumbnail\" alt=\"\" \/><\/a>\n\t\t\t\t<\/dt><\/dl><dl class='gallery-item'>\n\t\t\t\t<dt class='gallery-icon landscape'>\n\t\t\t\t\t<a class=\"rollover rollover-zoom dt-pswp-item\" title=\"0a2ac5f0-f8f1-4f45-8491-09d8a4340482\" data-dt-img-description=\"\" data-large_image_width=\"1600\" data-large_image_height=\"777\"href='https:\/\/www.radiopiu.net\/wordpress\/wp-content\/uploads\/2022\/05\/0a2ac5f0-f8f1-4f45-8491-09d8a4340482.jpg'><img loading=\"lazy\" decoding=\"async\" width=\"150\" height=\"150\" src=\"https:\/\/www.radiopiu.net\/wordpress\/wp-content\/uploads\/2022\/05\/0a2ac5f0-f8f1-4f45-8491-09d8a4340482-150x150.jpg\" class=\"attachment-thumbnail size-thumbnail\" alt=\"\" \/><\/a>\n\t\t\t\t<\/dt><\/dl><dl class='gallery-item'>\n\t\t\t\t<dt class='gallery-icon landscape'>\n\t\t\t\t\t<a class=\"rollover rollover-zoom dt-pswp-item\" title=\"55ff94a3-77fc-4d96-be07-78fae7ea7eec\" data-dt-img-description=\"\" data-large_image_width=\"1600\" data-large_image_height=\"777\"href='https:\/\/www.radiopiu.net\/wordpress\/wp-content\/uploads\/2022\/05\/55ff94a3-77fc-4d96-be07-78fae7ea7eec.jpg'><img loading=\"lazy\" decoding=\"async\" width=\"150\" height=\"150\" src=\"https:\/\/www.radiopiu.net\/wordpress\/wp-content\/uploads\/2022\/05\/55ff94a3-77fc-4d96-be07-78fae7ea7eec-150x150.jpg\" class=\"attachment-thumbnail size-thumbnail\" alt=\"\" \/><\/a>\n\t\t\t\t<\/dt><\/dl><dl class='gallery-item'>\n\t\t\t\t<dt class='gallery-icon landscape'>\n\t\t\t\t\t<a class=\"rollover rollover-zoom dt-pswp-item\" title=\"526af23d-8bd5-40ad-a84d-1409ba5687a7\" data-dt-img-description=\"\" data-large_image_width=\"1600\" data-large_image_height=\"777\"href='https:\/\/www.radiopiu.net\/wordpress\/wp-content\/uploads\/2022\/05\/526af23d-8bd5-40ad-a84d-1409ba5687a7.jpg'><img loading=\"lazy\" decoding=\"async\" width=\"150\" height=\"150\" src=\"https:\/\/www.radiopiu.net\/wordpress\/wp-content\/uploads\/2022\/05\/526af23d-8bd5-40ad-a84d-1409ba5687a7-150x150.jpg\" class=\"attachment-thumbnail size-thumbnail\" alt=\"\" \/><\/a>\n\t\t\t\t<\/dt><\/dl><br style=\"clear: both\" \/>\n\t\t\t<\/div>\n\n<p>&nbsp;<\/p>\n<p><strong>DAL SITO DI RADIO PIU&#8217;<\/strong><\/p>\n<blockquote class=\"wp-embedded-content\" data-secret=\"mo3SlC1yJ9\"><p><a href=\"https:\/\/www.radiopiu.net\/wordpress\/il-giro-ditalia-fa-piu-bella-litalia-ma-non-caviola\/\">IL GIRO D&#8217;ITALIA FA PIU&#8217; BELLA L&#8217;ITALIA&#8230; MA NON CAVIOLA<\/a><\/p><\/blockquote>\n<p><iframe loading=\"lazy\" class=\"wp-embedded-content\" sandbox=\"allow-scripts\" security=\"restricted\" style=\"position: absolute; clip: rect(1px, 1px, 1px, 1px);\" title=\"&#8220;IL GIRO D&#8217;ITALIA FA PIU&#8217; BELLA L&#8217;ITALIA&#8230; MA NON CAVIOLA&#8221; &#8212; Radio Pi\u00f9\" src=\"https:\/\/www.radiopiu.net\/wordpress\/il-giro-ditalia-fa-piu-bella-litalia-ma-non-caviola\/embed\/#?secret=RLGOImKEBq#?secret=mo3SlC1yJ9\" data-secret=\"mo3SlC1yJ9\" width=\"600\" height=\"338\" frameborder=\"0\" marginwidth=\"0\" marginheight=\"0\" scrolling=\"no\"><\/iframe><\/p>\n<p>&nbsp;<\/p>\n<hr \/>\n<p>&nbsp;<\/p>\n<blockquote>\n<h3>UN PATTO EDUCATIVO PER I GIOVANI BELLUNESI<\/h3>\n<\/blockquote>\n<p><strong><a class=\"dt-pswp-item\" href=\"https:\/\/www.radiopiu.net\/wordpress\/wp-content\/uploads\/2022\/05\/185587f8-32c9-48d5-b927-20ea7501de36.jpg\" data-dt-img-description=\"\" data-large_image_width=\"1600\" data-large_image_height=\"723\"><img loading=\"lazy\" decoding=\"async\" class=\"size-thumbnail wp-image-276813 alignleft\" src=\"https:\/\/www.radiopiu.net\/wordpress\/wp-content\/uploads\/2022\/05\/185587f8-32c9-48d5-b927-20ea7501de36-150x150.jpg\" alt=\"\" width=\"150\" height=\"150\" \/><\/a>BELLUNO<\/strong><\/p>\n<p>di Moreno Gioli<\/p>\n<audio class=\"wp-audio-shortcode\" id=\"audio-276701-5\" preload=\"none\" style=\"width: 100%;\" controls=\"controls\"><source type=\"audio\/mpeg\" src=\"https:\/\/www.radiopiu.net\/wordpress\/wp-content\/uploads\/2022\/05\/GIOLI-GABELLI.mp3?_=5\" \/><a href=\"https:\/\/www.radiopiu.net\/wordpress\/wp-content\/uploads\/2022\/05\/GIOLI-GABELLI.mp3\">https:\/\/www.radiopiu.net\/wordpress\/wp-content\/uploads\/2022\/05\/GIOLI-GABELLI.mp3<\/a><\/audio>\n<p>&nbsp;<\/p>\n<hr \/>\n<p>&nbsp;<\/p>\n<blockquote>\n<h3>IL MINISTRO FEDERICO D&#8217;INCA&#8217; INCONTRA A BAGNI DI LUCCA MARIO LENA<\/h3>\n<\/blockquote>\n<p><strong><a class=\"dt-pswp-item\" href=\"https:\/\/www.radiopiu.net\/wordpress\/wp-content\/uploads\/2022\/05\/IMG_20220520_104504-scaled.jpg\" data-dt-img-description=\"\" data-large_image_width=\"2560\" data-large_image_height=\"1920\"><img loading=\"lazy\" decoding=\"async\" class=\"size-thumbnail wp-image-276808 alignleft\" src=\"https:\/\/www.radiopiu.net\/wordpress\/wp-content\/uploads\/2022\/05\/IMG_20220520_104504-150x150.jpg\" alt=\"\" width=\"150\" height=\"150\" \/><\/a>ROMA <\/strong>Il Ministro D&#8217;Inc\u00e0 \u00e8 stato in visita a Bagni di Lucca, comune toscano gemellato con Longarone. Accolto dal sindaco Paolo Michelini e dal vicesindaco Sebastiano Pacini, ha fatto visita a Mario Lena, il sindaco che nel 1964 ha ospitato i bambini e molte famiglie di Longarone. &#8220;<em>\u00c8 stato un incontro estremamente emozionante: ho ringraziato Mario Lena per il suo importante gesto e per lo spirito di accoglienza e amicizia che ha sancito con Longarone e i suoi abitanti un legame di fratellanza, solidariet\u00e0 e umanit\u00e0. Il senso di gratitudine per l\u2019aiuto e l\u2019impegno nei confronti della comunit\u00e0 \u00a0\u00e8 ancora oggi intatto, ed \u00e8 stato un piacere rinnovarlo proprio a Mario Lena, uomo gentile e distinto che per anni ha dedicato la sua vita al servizio della comunit\u00e0<\/em>&#8220;. Il Ministro D&#8217;Inc\u00e0, assieme agli amministratori, si \u00e8 anche recato al vecchio Hotel Roma, il luogo che ha ospitato le persone nel momento di difficolt\u00e0. &#8220;<em>Andare a Longarone 58 anni fa, portare a Bagni di Lucca i bambini con vicinanza e attenzione ci deve insegnare ancora quanto vada curata la memoria, il ricordo e l&#8217;unione tra le persone<\/em>&#8220;.<\/p>\n<p>&nbsp;<\/p>\n<p>&nbsp;<\/p>\n<hr \/>\n<p>&nbsp;<\/p>\n<blockquote>\n<h3>A VALLADA IL MURALES DEDICATO AL GIRO D&#8217;ITALIA<\/h3>\n<\/blockquote>\n<p><strong><a class=\"dt-pswp-item\" href=\"https:\/\/www.radiopiu.net\/wordpress\/wp-content\/uploads\/2022\/05\/cabina-enel-vallada-con-murales-scaled.jpg\" data-dt-img-description=\"\" data-large_image_width=\"2560\" data-large_image_height=\"1440\"><img loading=\"lazy\" decoding=\"async\" class=\"size-thumbnail wp-image-276828 alignleft\" src=\"https:\/\/www.radiopiu.net\/wordpress\/wp-content\/uploads\/2022\/05\/cabina-enel-vallada-con-murales-150x150.jpg\" alt=\"\" width=\"150\" height=\"150\" \/><\/a>VALLADA<\/strong><\/p>\n<p>di Luisa Manfroi<\/p>\n<audio class=\"wp-audio-shortcode\" id=\"audio-276701-6\" preload=\"none\" style=\"width: 100%;\" controls=\"controls\"><source type=\"audio\/mpeg\" src=\"https:\/\/www.radiopiu.net\/wordpress\/wp-content\/uploads\/2022\/05\/LUISA-MANFROI-Murales-cabina-Vallada.mp3?_=6\" \/><a href=\"https:\/\/www.radiopiu.net\/wordpress\/wp-content\/uploads\/2022\/05\/LUISA-MANFROI-Murales-cabina-Vallada.mp3\">https:\/\/www.radiopiu.net\/wordpress\/wp-content\/uploads\/2022\/05\/LUISA-MANFROI-Murales-cabina-Vallada.mp3<\/a><\/audio>\n<p>&nbsp;<\/p>\n<hr \/>\n<p>&nbsp;<\/p>\n<blockquote class=\"wp-embedded-content\" data-secret=\"EM9eu7lbVJ\"><p><a href=\"https:\/\/www.radiopiu.net\/wordpress\/aggnazionalemaggio20\/\">CORONAVIRUS: AGGIORNAMENTO NAZIONALE 20 MAGGIO 2022<\/a><\/p><\/blockquote>\n<p><iframe loading=\"lazy\" class=\"wp-embedded-content\" sandbox=\"allow-scripts\" security=\"restricted\" style=\"position: absolute; clip: rect(1px, 1px, 1px, 1px);\" title=\"&#8220;CORONAVIRUS: AGGIORNAMENTO NAZIONALE 20 MAGGIO 2022&#8221; &#8212; Radio Pi\u00f9\" src=\"https:\/\/www.radiopiu.net\/wordpress\/aggnazionalemaggio20\/embed\/#?secret=nSIZwsmCgb#?secret=EM9eu7lbVJ\" data-secret=\"EM9eu7lbVJ\" width=\"600\" height=\"338\" frameborder=\"0\" marginwidth=\"0\" marginheight=\"0\" scrolling=\"no\"><\/iframe><\/p>\n<p>&nbsp;<\/p>\n<blockquote class=\"wp-embedded-content\" data-secret=\"WbkUDoo3kx\"><p><a href=\"https:\/\/www.radiopiu.net\/wordpress\/aggazzeromaggio20\/\">IN 24 ORE SI REGISTRANO 2191 NUOVE POSITIVITA&#8217; E 6 DECESSI. RICOVERI STABILI<\/a><\/p><\/blockquote>\n<p><iframe loading=\"lazy\" class=\"wp-embedded-content\" sandbox=\"allow-scripts\" security=\"restricted\" style=\"position: absolute; clip: rect(1px, 1px, 1px, 1px);\" title=\"&#8220;IN 24 ORE SI REGISTRANO 2191 NUOVE POSITIVITA&#8217; E 6 DECESSI. RICOVERI STABILI&#8221; &#8212; Radio Pi\u00f9\" src=\"https:\/\/www.radiopiu.net\/wordpress\/aggazzeromaggio20\/embed\/#?secret=o88q275sdb#?secret=WbkUDoo3kx\" data-secret=\"WbkUDoo3kx\" width=\"600\" height=\"338\" frameborder=\"0\" marginwidth=\"0\" marginheight=\"0\" scrolling=\"no\"><\/iframe><\/p>\n<p>&nbsp;<\/p>\n<h2 dir=\"auto\">I GRAFICI DI TIZIANO DE COL<\/h2>\n\n\t\t\t<style type='text\/css'>\n\t\t\t\t#gallery-4 {\n\t\t\t\t\tmargin: auto;\n\t\t\t\t}\n\t\t\t\t#gallery-4 .gallery-item {\n\t\t\t\t\tfloat: left;\n\t\t\t\t\tmargin-top: 10px;\n\t\t\t\t\ttext-align: center;\n\t\t\t\t\twidth: 33%;\n\t\t\t\t}\n\t\t\t\t#gallery-4 img {\n\t\t\t\t\tborder: 2px solid #cfcfcf;\n\t\t\t\t}\n\t\t\t\t#gallery-4 .gallery-caption {\n\t\t\t\t\tmargin-left: 0;\n\t\t\t\t}\n\t\t\t\t\/* see gallery_shortcode() in wp-includes\/media.php *\/\n\t\t\t<\/style>\n\t\t<div id='gallery-4' class='dt-gallery-container gallery galleryid-276701 gallery-columns-3 gallery-size-thumbnail'><dl class='gallery-item'>\n\t\t\t\t<dt class='gallery-icon landscape'>\n\t\t\t\t\t<a class=\"rollover rollover-zoom dt-pswp-item\" title=\"03db2688-5945-487b-8829-640bbecb5b8c\" data-dt-img-description=\"\" data-large_image_width=\"595\" data-large_image_height=\"357\"href='https:\/\/www.radiopiu.net\/wordpress\/wp-content\/uploads\/2022\/05\/03db2688-5945-487b-8829-640bbecb5b8c.jpg'><img loading=\"lazy\" decoding=\"async\" width=\"150\" height=\"150\" src=\"https:\/\/www.radiopiu.net\/wordpress\/wp-content\/uploads\/2022\/05\/03db2688-5945-487b-8829-640bbecb5b8c-150x150.jpg\" class=\"attachment-thumbnail size-thumbnail\" alt=\"\" \/><\/a>\n\t\t\t\t<\/dt><\/dl><dl class='gallery-item'>\n\t\t\t\t<dt class='gallery-icon landscape'>\n\t\t\t\t\t<a class=\"rollover rollover-zoom dt-pswp-item\" title=\"e2ee9221-e8d4-4947-93f1-888f6c1ad51c\" data-dt-img-description=\"\" data-large_image_width=\"612\" data-large_image_height=\"362\"href='https:\/\/www.radiopiu.net\/wordpress\/wp-content\/uploads\/2022\/05\/e2ee9221-e8d4-4947-93f1-888f6c1ad51c.jpg'><img loading=\"lazy\" decoding=\"async\" width=\"150\" height=\"150\" src=\"https:\/\/www.radiopiu.net\/wordpress\/wp-content\/uploads\/2022\/05\/e2ee9221-e8d4-4947-93f1-888f6c1ad51c-150x150.jpg\" class=\"attachment-thumbnail size-thumbnail\" alt=\"\" \/><\/a>\n\t\t\t\t<\/dt><\/dl><dl class='gallery-item'>\n\t\t\t\t<dt class='gallery-icon landscape'>\n\t\t\t\t\t<a class=\"rollover rollover-zoom dt-pswp-item\" title=\"cda90e51-aedf-4938-be01-d0343762b708\" data-dt-img-description=\"\" data-large_image_width=\"592\" data-large_image_height=\"358\"href='https:\/\/www.radiopiu.net\/wordpress\/wp-content\/uploads\/2022\/05\/cda90e51-aedf-4938-be01-d0343762b708.jpg'><img loading=\"lazy\" decoding=\"async\" width=\"150\" height=\"150\" src=\"https:\/\/www.radiopiu.net\/wordpress\/wp-content\/uploads\/2022\/05\/cda90e51-aedf-4938-be01-d0343762b708-150x150.jpg\" class=\"attachment-thumbnail size-thumbnail\" alt=\"\" \/><\/a>\n\t\t\t\t<\/dt><\/dl><br style=\"clear: both\" \/><dl class='gallery-item'>\n\t\t\t\t<dt class='gallery-icon landscape'>\n\t\t\t\t\t<a class=\"rollover rollover-zoom dt-pswp-item\" title=\"fa05e4c3-955e-425e-a08d-14874060cc48\" data-dt-img-description=\"\" data-large_image_width=\"612\" data-large_image_height=\"373\"href='https:\/\/www.radiopiu.net\/wordpress\/wp-content\/uploads\/2022\/05\/fa05e4c3-955e-425e-a08d-14874060cc48.jpg'><img loading=\"lazy\" decoding=\"async\" width=\"150\" height=\"150\" src=\"https:\/\/www.radiopiu.net\/wordpress\/wp-content\/uploads\/2022\/05\/fa05e4c3-955e-425e-a08d-14874060cc48-150x150.jpg\" class=\"attachment-thumbnail size-thumbnail\" alt=\"\" \/><\/a>\n\t\t\t\t<\/dt><\/dl><dl class='gallery-item'>\n\t\t\t\t<dt class='gallery-icon landscape'>\n\t\t\t\t\t<a class=\"rollover rollover-zoom dt-pswp-item\" title=\"3b8e0bc7-43f5-4d7d-9d8d-f1ee04d56cae\" data-dt-img-description=\"\" data-large_image_width=\"610\" data-large_image_height=\"360\"href='https:\/\/www.radiopiu.net\/wordpress\/wp-content\/uploads\/2022\/05\/3b8e0bc7-43f5-4d7d-9d8d-f1ee04d56cae.jpg'><img loading=\"lazy\" decoding=\"async\" width=\"150\" height=\"150\" src=\"https:\/\/www.radiopiu.net\/wordpress\/wp-content\/uploads\/2022\/05\/3b8e0bc7-43f5-4d7d-9d8d-f1ee04d56cae-150x150.jpg\" class=\"attachment-thumbnail size-thumbnail\" alt=\"\" \/><\/a>\n\t\t\t\t<\/dt><\/dl><dl class='gallery-item'>\n\t\t\t\t<dt class='gallery-icon landscape'>\n\t\t\t\t\t<a class=\"rollover rollover-zoom dt-pswp-item\" title=\"0760796b-f944-4818-85b0-30416fcf8661\" data-dt-img-description=\"\" data-large_image_width=\"604\" data-large_image_height=\"356\"href='https:\/\/www.radiopiu.net\/wordpress\/wp-content\/uploads\/2022\/05\/0760796b-f944-4818-85b0-30416fcf8661.jpg'><img loading=\"lazy\" decoding=\"async\" width=\"150\" height=\"150\" src=\"https:\/\/www.radiopiu.net\/wordpress\/wp-content\/uploads\/2022\/05\/0760796b-f944-4818-85b0-30416fcf8661-150x150.jpg\" class=\"attachment-thumbnail size-thumbnail\" alt=\"\" \/><\/a>\n\t\t\t\t<\/dt><\/dl><br style=\"clear: both\" \/>\n\t\t\t<\/div>\n\n<p>&nbsp;<\/p>\n<hr \/>\n<p>&nbsp;<\/p>\n<blockquote>\n<h3>SALA IBRIDA E LA NUOVA SALA DI EMODINAMICA DEL SAN MARTINO: APPROVATO IL PROGETTO<\/h3>\n<\/blockquote>\n<p><strong><a class=\"dt-pswp-item\" href=\"https:\/\/www.radiopiu.net\/wordpress\/wp-content\/uploads\/2020\/06\/dc8d9e01-0412-48a8-91b1-c64ba92a8187.jpg\" data-dt-img-description=\"\" data-large_image_width=\"2048\" data-large_image_height=\"1024\"><img loading=\"lazy\" decoding=\"async\" class=\"size-thumbnail wp-image-144229 alignleft\" src=\"https:\/\/www.radiopiu.net\/wordpress\/wp-content\/uploads\/2020\/06\/dc8d9e01-0412-48a8-91b1-c64ba92a8187-150x150.jpg\" alt=\"\" width=\"150\" height=\"150\" \/><\/a>BELLUNO <\/strong>Procede quindi spedito l\u2019iter per la realizzazione della nuova sala ibrida e della nuova sala di emodinamica dell\u2019ospedale San Martino di Belluno: \u00e8 stato infatti approvato il progetto di fattibilit\u00e0 per un investimento previsto di 2,9 milioni di euro. La sala di emodinamica sar\u00e0 dedicata alle procedure di cardiologia interventistica mentre la sala ibrida sar\u00e0 destinata in particolare a procedure di chirurgia endovascolare. La sala ibrida \u00e8 una sala operatoria con tecnologia di altissimo livello integrata con sistemi di radiologia che permette di operare e allo stesso tempo controllare e guidare attraverso strumenti di imaging le procedure, con pi\u00f9 sicurezza per il paziente. In particolare, la sala ibrida potr\u00e0 essere utilizzata da tutte le unit\u00e0 operative che usano tecniche chirurgiche avanzate, quindi mininvasive sotto guida radiologica, ma che potrebbero avere necessit\u00e0 di convertire l\u2019intervento in chirurgia open (chirurgia classica) . Questa sala consentir\u00e0 di completare l\u2019intervento in sicurezza senza spostare il paziente e senza differire l\u2019intervento ad altro momento. Le sale saranno ricavate ampliando l\u2019attuale gruppo operatorio del San Martino con la creazione di un nuovo volume da collegare e connettere al gruppo operatorio stesso. Nel progetto \u00e8 stata prestata particolare attenzione alla funzionalit\u00e0 dei percorsi, alla flessibilit\u00e0 delle scelte e all\u2019umanizzazione degli ambienti. L\u2019iter proseguir\u00e0 ora con la convocazione della conferenza servizi per le approvazioni necessarie a cui seguir\u00e0 la redazione del progetto esecutivo. \u00ab<em>Questo importante investimento ci consente di dotare il San Martino di strutture aggiuntive dove i nostri professionisti potranno esprimere al meglio le loro competenze cliniche per offrire alti standard qualitativi di cure<\/em>\u00bb, commenta il Direttore Generale Maria Grazia Carraro.<\/p>\n<p>&nbsp;<\/p>\n<p>&nbsp;<\/p>\n<hr \/>\n<p>&nbsp;<\/p>\n<blockquote>\n<h3>VIABILITA&#8217; PER L&#8217;OSPEDALE DI FELTRE, LE NUOVE MODALITA&#8217; DAL 1 GIUGNO<\/h3>\n<\/blockquote>\n<p><strong><img loading=\"lazy\" decoding=\"async\" class=\"alignleft\" src=\"https:\/\/www.radiopiu.net\/wordpress\/wp-content\/uploads\/2018\/07\/ospedale-feltre.jpg\" width=\"249\" height=\"143\" \/>FELTRE<\/strong>\u00a0 Dal 1 giugno l&#8217;utente che necessita di entrare in auto all\u2019Ospedale di Feltre \u00e8 invitato a presentarsi alla vecchia portineria o alla sbarra lato nord (via Bentivoglio). Suonando il citofono, sar\u00e0 in contatto con la portineria che, se autorizzabile, far\u00e0 accedere l\u2019auto. A partire dal 1\u00b0 giugno, infatti, sar\u00e0 CHIUSO il passaggio alle automobili presso il nuovo accesso, utilizzato solo per lo stato di emergenza (vedi cartina allegata). Rester\u00e0 invariata la possibilit\u00e0 di accompagnare i pazienti o caricare\/scaricare merci all\u2019interno della rotonda antistante l&#8217;ingresso per raggiungere pi\u00f9 facilmente le unit\u00e0 operative. Al lato nord (accesso da via Bentivoglio) sar\u00e0 ripristinata la sbarra, apribile solo mediante l&#8217;uso del badge per i dipendenti e tramite il contatto via citofono con la portineria per gli utenti autorizzabili. Potranno accedere con il proprio mezzo: &#8211; i diversamente abili &#8211; pazienti che devono recarsi al Pronto Soccorso generale, pediatrico o ginecologico &#8211; pazienti che devono recarsi in fisioterapia con difficolt\u00e0 alla deambulazione &#8211; i grandi anziani &#8211; situazioni particolari dove l\u2019accesso sar\u00e0 concordato con il portinaio<\/p>\n<p>&nbsp;<\/p>\n<p>&nbsp;<\/p>\n<hr \/>\n<p>&nbsp;<\/p>\n<blockquote>\n<h3>SETTIMANA DELLA CELIACHIA<\/h3>\n<\/blockquote>\n<p><strong><a class=\"dt-pswp-item\" href=\"https:\/\/www.radiopiu.net\/wordpress\/wp-content\/uploads\/2021\/03\/ULSS-1.jpg\" data-dt-img-description=\"\" data-large_image_width=\"776\" data-large_image_height=\"408\"><img loading=\"lazy\" decoding=\"async\" class=\"alignleft wp-image-198838 \" src=\"https:\/\/www.radiopiu.net\/wordpress\/wp-content\/uploads\/2021\/03\/ULSS-1-300x158.jpg\" alt=\"\" width=\"169\" height=\"89\" srcset=\"https:\/\/www.radiopiu.net\/wordpress\/wp-content\/uploads\/2021\/03\/ULSS-1-300x158.jpg 300w, https:\/\/www.radiopiu.net\/wordpress\/wp-content\/uploads\/2021\/03\/ULSS-1-768x404.jpg 768w, https:\/\/www.radiopiu.net\/wordpress\/wp-content\/uploads\/2021\/03\/ULSS-1.jpg 776w\" sizes=\"auto, (max-width: 169px) 100vw, 169px\" \/><\/a>BELLUNO <\/strong>L\u2019Ulss Dolomiti aderisce alla Settimana nazionale della Celiachia con l\u2019iniziativa proposta da AIC \u2013 Associazione Italiana Celiachia &#8211; \u201cTutti a tavola, tutti insieme: le giornate del menu senza glutine\u201d con l\u2019obiettivo di diffondere la conoscenza della celiachia e delle dieta senza glutine nelle scuole. In Ulss Dolomiti sono circa 800 le persone affette da celiachia. Si tratta di un\u2019intolleranza cronica al glutine, una sostanza contenuta in diversi alimenti &#8211; come la pasta, il pane e i biscotti &#8211; a base di cerali, come ad esempio il grano e l\u2019orzo. E\u2019 una condizione cronica che pu\u00f2 colpire a qualsiasi et\u00e0, manifestandosi con vari sintomi: tra i principali troviamo mal di pancia, vomito e diarrea. Ma pu\u00f2 dare anche problemi come ritardo nella crescita nei bambini, anemia, afte, stanchezza e carenze nutrizionali. L\u2019unica terapia ad oggi disponibile \u00e8 seguire una dieta priva di glutine e per questo diventa fondamentale anche la formazione dei ristoratori, in una prospettiva di inclusione e accoglienza per non considerare la celiachia come un limite allo stare inseme a tavola. Tra il 16 e il 27 maggio l\u2019Ulss Dolomiti, in collaborazione con AIC Veneto e in accordo con i gestori delle mense delle scuole della provincia, sta proponendo una giornata di distribuzione di un pasto senza glutine in diverse scuole del territorio per tutti i bambini, coinvolgendo intere classi.<\/p>\n<p>&nbsp;<\/p>\n<p>&nbsp;<\/p>\n<hr \/>\n<p>&nbsp;<\/p>\n<blockquote>\n<h3>25 MAGGIO &#8211; OPEN DAY DI REUMATOLOGIA NEGLI OSPEDALI DI BELLUNO E FELTRE<\/h3>\n<\/blockquote>\n<p><strong><a class=\"dt-pswp-item\" href=\"https:\/\/www.radiopiu.net\/wordpress\/wp-content\/uploads\/2022\/05\/Open-Day-di-Reumatologia.png\" data-dt-img-description=\"\" data-large_image_width=\"1080\" data-large_image_height=\"1080\"><img loading=\"lazy\" decoding=\"async\" class=\"size-thumbnail wp-image-276668 alignleft\" src=\"https:\/\/www.radiopiu.net\/wordpress\/wp-content\/uploads\/2022\/05\/Open-Day-di-Reumatologia-150x150.png\" alt=\"\" width=\"150\" height=\"150\" srcset=\"https:\/\/www.radiopiu.net\/wordpress\/wp-content\/uploads\/2022\/05\/Open-Day-di-Reumatologia-150x150.png 150w, https:\/\/www.radiopiu.net\/wordpress\/wp-content\/uploads\/2022\/05\/Open-Day-di-Reumatologia-300x300.png 300w, https:\/\/www.radiopiu.net\/wordpress\/wp-content\/uploads\/2022\/05\/Open-Day-di-Reumatologia-1024x1024.png 1024w, https:\/\/www.radiopiu.net\/wordpress\/wp-content\/uploads\/2022\/05\/Open-Day-di-Reumatologia-768x768.png 768w, https:\/\/www.radiopiu.net\/wordpress\/wp-content\/uploads\/2022\/05\/Open-Day-di-Reumatologia.png 1080w\" sizes=\"auto, (max-width: 150px) 100vw, 150px\" \/><\/a>BELLUNO <\/strong>Una giornata dedicata al mal di schiena, un sintomo cos\u00ec diffuso e noto da essere spesso sottovalutato. Il mal di schiena pu\u00f2 essere, infatti, espressione di uno stato infiammatorio cronico delle articolazioni che necessita di una valutazione specialistica reumatologica per un adeguato trattamento. La presenza di dolori lombosacrali per oltre 3 mesi, tipicamente notturni, presenti a riposo o al risveglio e che si attenuano con il movimento: sono questi i campanelli di allarme che devono indirizzare al Reumatologo. La diagnosi precoce \u00e8, quindi, importante per impedire gravi danni articolari ad alto impatto invalidante. In particolare, il prossimo 25 maggio le dottoresse\u00a0 Chiara Grava (Reumatologia di Belluno) e Manuela Ciprian (Reumatologia di Feltre) saranno a disposizione dalle 8.00 alle 12.00 per colloqui informativi individuali sul tema.<\/p>\n<p>&nbsp;<\/p>\n<p>&nbsp;<\/p>\n<hr \/>\n<p>&nbsp;<\/p>\n<blockquote>\n<h3>RINNOVATO L\u2019INTEGRATIVO AZIENDALE ALLA DIXELL-EMERSON<\/h3>\n<\/blockquote>\n<p><strong><a class=\"dt-pswp-item\" href=\"https:\/\/www.radiopiu.net\/wordpress\/wp-content\/uploads\/2021\/04\/FIM-CISL.png\" data-dt-img-description=\"\" data-large_image_width=\"820\" data-large_image_height=\"560\"><img loading=\"lazy\" decoding=\"async\" class=\"size-thumbnail wp-image-204036 alignleft\" src=\"https:\/\/www.radiopiu.net\/wordpress\/wp-content\/uploads\/2021\/04\/FIM-CISL-150x150.png\" alt=\"\" width=\"150\" height=\"150\" \/><\/a>ALPAGO <\/strong>Nei giorni scorsi \u00e8 stato siglato il rinnovo del contratto integrativo interno alla Dixell \u2013 Emerson con sede in Alpago. L\u2019accordo \u00e8 stato firmato dalla Direzione aziendale, dalle RSU, da Matteo Caregnato della segreteria della Fim Cisl Belluno Treviso e da Luca Carniello di Confindustria Belluno Dolomiti. L\u2019azienda fa parte del colosso americano Emerson Electric e figura tra i leader nel settore dei controllori elettronici per la refrigerazione e il condizionamento industriale. Nel 2021 ha vissuto una forte espansione, raggiungendo l\u2019organico attuale di oltre 220 dipendenti. Le novit\u00e0 contenute nell\u2019accordo integrativo, tra i pi\u00f9 corposi e innovativi della provincia, sono molte. Diversi gli aspetti da sottolineare: l\u2019aumento delle maggiorazioni dello straordinario il sabato al 60%, un ulteriore ritocco al premio di risultato variabile che alla fine del triennio varr\u00e0 da un minimo di 780 euro a un massimo di 1.807 euro per i dipendenti in base all\u2019anzianit\u00e0, cifre ulteriormente incrementate fino a 2.107 euro in caso di superamento degli obiettivi fissati, la flessibilit\u00e0 di orario in entrata e uscita di 15 minuti per i dipendenti di produzione e logistica a giornata. Inoltre, sono stati concessi due giorni di permessi non retribuiti per i neopap\u00e0, agevolazioni di orario per i dipendenti con problemi legati al disturbo specifico dell\u2019apprendimento (a completamento della L. 170\/2010) dei figli, smart working fino a un massimo di due giorni settimanali per gli impiegati, l\u2019incremento della quota mensa giornaliera a carico dell\u2019azienda.<\/p>\n<p><strong>MATTEO CAREGNATO DELLA FIM CISL<\/strong><\/p>\n<audio class=\"wp-audio-shortcode\" id=\"audio-276701-7\" preload=\"none\" style=\"width: 100%;\" controls=\"controls\"><source type=\"audio\/mpeg\" src=\"https:\/\/www.radiopiu.net\/wordpress\/wp-content\/uploads\/2022\/05\/Matteo-Caregnato-della-Fim-Cisl.mp3?_=7\" \/><a href=\"https:\/\/www.radiopiu.net\/wordpress\/wp-content\/uploads\/2022\/05\/Matteo-Caregnato-della-Fim-Cisl.mp3\">https:\/\/www.radiopiu.net\/wordpress\/wp-content\/uploads\/2022\/05\/Matteo-Caregnato-della-Fim-Cisl.mp3<\/a><\/audio>\n<p>&nbsp;<\/p>\n<hr \/>\n<p>&nbsp;<\/p>\n<blockquote>\n<h3>A MARENO DI PIAVE SI \u00c8 SVOLTO IL CONSIGLIO GENERALE DELLA CISL FNP BELLUNO TREVISO<\/h3>\n<\/blockquote>\n<p><strong><a class=\"dt-pswp-item\" href=\"https:\/\/www.radiopiu.net\/wordpress\/wp-content\/uploads\/2022\/05\/CG-FNP-20.05.22_1-scaled.jpg\" data-dt-img-description=\"\" data-large_image_width=\"2560\" data-large_image_height=\"1920\"><img loading=\"lazy\" decoding=\"async\" class=\"size-thumbnail wp-image-276792 alignleft\" src=\"https:\/\/www.radiopiu.net\/wordpress\/wp-content\/uploads\/2022\/05\/CG-FNP-20.05.22_1-150x150.jpg\" alt=\"\" width=\"150\" height=\"150\" \/><\/a>MARENO DI PIAVE (TV) <\/strong>Il riconoscimento del lavoro di cura, ma anche il senso profondo e valoriale del lavorare oggi e i vuoti di senso con conseguente smarrimento che stanno portando tanti giovani oggi a non accettare impieghi mal retribuiti o non stimolanti. Tante le questioni affrontate dal Consiglio generale della Cisl Fnp Belluno Treviso che si \u00e8 svolto ieri a Mareno di Piave e che \u00e8 stato dedicato al tema \u201cIl lavoro degno: dimensione irrinunciabile della vita sociale\u201d. \u201c<em>Il lavoro interessa direttamente i pensionati &#8211; ha detto nel suo intervento il segretario generale territoriale della Federazione dei Pensionati cislina Franco Marcuzzo &#8211; non solo perch\u00e9 riguarda i nostri figli e nipoti, ed \u00e8 quindi nostro dovere occuparcene, ma anche perch\u00e9 da anni portiamo avanti una battaglia per il riconoscimento del lavoro di cura, quasi sempre svolto da caregiver familiari, quasi sempre donne, che dopo aver dedicato la propria vita alla cura e al benessere dei propri cari, si ritrovano con pensioni da fame, perch\u00e9 in Italia, a differenza di molti altri Paesi europei, questa figura non \u00e8 giuridicamente riconosciuta, n\u00e9 in alcun modo tutelata. Siamo convinti che una societ\u00e0 possa considerarsi solidale solo quando tutte le sue componenti, a partire da quelle pi\u00f9 deboli, hanno pari diritti<\/em>\u201d.<\/p>\n<p>&nbsp;<\/p>\n<p>&nbsp;<\/p>\n<hr \/>\n<p>&nbsp;<\/p>\n<blockquote>\n<h3>OGGI L\u2019INAUGURAZIONE DEI NUOVI CAMPETTI POLIVALENTI DI LONGARONE<\/h3>\n<\/blockquote>\n<p><strong><a class=\"dt-pswp-item\" href=\"https:\/\/www.radiopiu.net\/wordpress\/wp-content\/uploads\/2021\/01\/Longarone_panoramica.jpg\" data-dt-img-description=\"\" data-large_image_width=\"1200\" data-large_image_height=\"576\"><img loading=\"lazy\" decoding=\"async\" class=\"size-thumbnail wp-image-186300 alignleft\" src=\"https:\/\/www.radiopiu.net\/wordpress\/wp-content\/uploads\/2021\/01\/Longarone_panoramica-150x150.jpg\" alt=\"\" width=\"150\" height=\"150\" \/><\/a>LONGARONE <\/strong>L\u2019inaugurazione dei nuovi campi sportivi polifunzionali di Longarone si terr\u00e0 oggi alle ore 10, presso l\u2019area adiacente il Palasport\/piscina. Un\u2019iniziativa fortemente voluta dall\u2019Amministrazione comunale che ha investito 280 mila euro, cui si aggiunge un contributo regionale di 50 mila euro. Dopo la riapertura del Palasport e della Piscina nel 2017, via del Parco si arricchisce cos\u00ec di un\u2019ulteriore attrattiva sportiva e sociale. Si tratta di due campi polifunzionali per calcetto e tennis, un campo per volley e basket, e soprattutto un campo da Padel per diventare un riferimento di tutti gli appassionati di questo sport emergente e gi\u00e0 affermato. Le opere sono state realizzate dalla ditta Luisetto Costruzioni di Ponte nelle Alpi e Bauma Sportimpianti di Treviso. La gestione delle strutture \u00e8 stata affidata allo Sporting Club Lessinia, che intende coinvolgere gli appassionati a partire dal 23 fino al 28 maggio con un OpenWeek. Sei giorni in cui gli utenti potranno su prenotazione utilizzare i campi in forma gratuita.<\/p>\n<p>&nbsp;<\/p>\n<p>&nbsp;<\/p>\n<hr \/>\n<p>&nbsp;<\/p>\n<blockquote>\n<h3>GIORNATA DELLE API: I DATI DI ATTIVIT\u00c0 DELLA ALLERGOLOGIA<\/h3>\n<\/blockquote>\n<p><strong><a class=\"dt-pswp-item\" href=\"https:\/\/www.radiopiu.net\/wordpress\/wp-content\/uploads\/2020\/09\/honey-bees-401238_960_720.jpg\" data-dt-img-description=\"\" data-large_image_width=\"960\" data-large_image_height=\"640\"><img loading=\"lazy\" decoding=\"async\" class=\"size-thumbnail wp-image-159647 alignleft\" src=\"https:\/\/www.radiopiu.net\/wordpress\/wp-content\/uploads\/2020\/09\/honey-bees-401238_960_720-150x150.jpg\" alt=\"\" width=\"150\" height=\"150\" srcset=\"https:\/\/www.radiopiu.net\/wordpress\/wp-content\/uploads\/2020\/09\/honey-bees-401238_960_720-150x150.jpg 150w, https:\/\/www.radiopiu.net\/wordpress\/wp-content\/uploads\/2020\/09\/honey-bees-401238_960_720-125x125.jpg 125w, https:\/\/www.radiopiu.net\/wordpress\/wp-content\/uploads\/2020\/09\/honey-bees-401238_960_720-200x200.jpg 200w, https:\/\/www.radiopiu.net\/wordpress\/wp-content\/uploads\/2020\/09\/honey-bees-401238_960_720-80x80.jpg 80w\" sizes=\"auto, (max-width: 150px) 100vw, 150px\" \/><\/a>BELLUNO<\/strong> In occasione della Giornata delle Api, preziose custodi dell\u2019ecosistema, l\u2019Aulss1 Dolomiti diffonde i dati di attivit\u00e0 dell\u2019Unit\u00e0 Operativa Semplice Dipartimentale di Allergologia e Immunologia per riguarda\u00a0 la diagnosi e l\u2019immunoterapia per l\u2019allergia a veleno di imenotteri (api, vespe e calabroni). Ieri, infatti, la giornata pensata dalle Nazioni Unite per sensibilizzare sull\u2019importanza delle Api, importantissimo impollinatore e custode della biodiversit\u00e0. E anche per chi \u00e8 allergico alla loro puntura, c\u2019\u00e8 una soluzione. \u00ab<em>Con la primavera aumenta il rischio di puntura da parte di api, vespe e calabroni, unici insetti in grado di provocare reazioni allergiche attraverso la puntura iniettando il loro veleno, interessando fino al\u20198% della popolazione. Come, anzi meglio, che per le allergie ad inalanti (pollini ed acari della polvere), esiste la possibilit\u00e0 di intraprendere l\u2019immunoterapia specifica desensibilizzante per il veleno degli imenotteri, che ha un\u2019efficacia fra il 95 e il 99% nel prevenire le reazioni, anche quelle pi\u00f9 gravi ed a rischio di morte come l\u2019anafilassi. L\u2019immunoterapia specifica \u00e8 l\u2019unica terapia in grado di arrestare la malattia allergica, andando a modificare la risposta immunitaria verso l\u2019allergene, reinducendone la tolleranza. In altre parole, \u00e8 possibile ridurre\/cancellare i sintomi gi\u00e0 presenti, di evitare il peggioramento degli stessi, e di scongiurare, nel caso degli imenotteri, il rischio di anafilassi.<\/em> \u00bb, spiega Livio Simioni, direttore del Dipartimento di Area Medica dell\u2019Ospedale di Feltre.<\/p>\n<p>&nbsp;<\/p>\n<p>&nbsp;<\/p>\n<hr \/>\n<p>&nbsp;<\/p>\n<blockquote>\n<h3>\u201cMERCATO DELL\u2019ENERGIA E COMUNIT\u00c0 ENERGETICHE\u201d, CONVEGNO SU UN TEMA DI GRANDE ATTUALIT\u00c0<\/h3>\n<\/blockquote>\n<p><strong>BELLUNO <\/strong>Da una parte l\u2019esigenza di risparmiare sulle bollette, in una situazione di escalation dei prezzi che sembra non conoscere ostacoli. Dall\u2019altra, la sostenibilit\u00e0 e l\u2019attenzione all\u2019ambiente, che sono tra i fari guida dell\u2019artigianato bellunese. Si colloca nella stretta attualit\u00e0 il convegno organizzato da Confartigianato Belluno per il 26 maggio. Il titolo mette subito in luce il focus dell\u2019incontro: \u201cMercato dell\u2019energia e comunit\u00e0 energetiche\u201d. Interverranno la presidente e il direttore di Confartigianato Belluno, il sindaco di Seren del Grappa Dario Scopel, e i relatori Enrico Raumer (Consorzio Acquisti Energia e Multiutility), Giacomo Cantarella (EPQ srl, societ\u00e0 partecipata da Dolomiti Energia), e Loris Rui (Area energia di Confartigianato Vicenza). Saranno affrontati i temi delle tariffe e delle societ\u00e0 energetiche, oggetto di un recentissimo progetto di legge regionale, gi\u00e0 approvato in commissione.<\/p>\n<p>&nbsp;<\/p>\n<p>&nbsp;<\/p>\n<hr \/>\n<p>&nbsp;<\/p>\n<div>\n<blockquote>\n<blockquote>\n<h3>ASCOLTARE PER CONOSCERE: L\u2019EVENTO ONLINE DEL CILP<\/h3>\n<\/blockquote>\n<\/blockquote>\n<p><strong class=\"photoswipe-wrapper\"><a class=\"dt-pswp-item\" href=\"https:\/\/www.radiopiu.net\/wordpress\/wp-content\/uploads\/2022\/05\/282382127_10158885608889503_6946895118288323273_n.jpg\" data-dt-img-description=\"\" data-large_image_width=\"526\" data-large_image_height=\"526\"><img loading=\"lazy\" decoding=\"async\" class=\"size-thumbnail wp-image-276621 alignleft\" src=\"https:\/\/www.radiopiu.net\/wordpress\/wp-content\/uploads\/2022\/05\/282382127_10158885608889503_6946895118288323273_n-150x150.jpg\" alt=\"\" width=\"150\" height=\"150\" srcset=\"https:\/\/www.radiopiu.net\/wordpress\/wp-content\/uploads\/2022\/05\/282382127_10158885608889503_6946895118288323273_n-150x150.jpg 150w, https:\/\/www.radiopiu.net\/wordpress\/wp-content\/uploads\/2022\/05\/282382127_10158885608889503_6946895118288323273_n-300x300.jpg 300w, https:\/\/www.radiopiu.net\/wordpress\/wp-content\/uploads\/2022\/05\/282382127_10158885608889503_6946895118288323273_n.jpg 526w\" sizes=\"auto, (max-width: 150px) 100vw, 150px\" \/><\/a>FELTRE <\/strong>Terza e ultima giornata di Ascoltare per conoscere. Gli speak<span class=\"pq6dq46d tbxw36s4 knj5qynh kvgmc6g5 ditlmg2l oygrvhab nvdbi5me sf5mxxl7 gl3lb2sf hhz5lgdu\">er tra cui <\/span>Michele Del Borrello, che ci racconter\u00e0 dell\u2019ipovisione, Romina Cristallo e la sua esperienza da donatrice di voce sensibilizzata dalla maculopatia, Mario Paolini, con cui tratteremo i temi della disabilit\u00e0, del volontariato e della formazione, Luciana Dalle Molle, presidente UICI Belluno che ci parler\u00e0 della realt\u00e0 locale, Claudia Cattadori, che ci racconter\u00e0 del suo percorso di studio e degli ausili che le hanno permesso di studiare in autonomia, Mirko Mezzacasa, che parler\u00e0 dello strumento della radio come mezzo altamente inclusivo, Andrea Afragoli e la struttura associativa Federottica come opera, Armando Enrico, con il progetto \u2018Bimbovisione\u2019 di Federottica, Ugo Rosati e l\u2019esperienza di un donatore di voce e cantante lirico<\/p>\n<div class=\"cxmmr5t8 oygrvhab hcukyx3x c1et5uql o9v6fnle ii04i59q\"><\/div>\n<p><strong>LA PUNTATA DI IERI 20 MAGGIO 2022<\/strong><\/p>\n<p><iframe loading=\"lazy\" title=\"Ascoltare per conoscere - giorno 03\" width=\"1200\" height=\"675\" src=\"https:\/\/www.youtube.com\/embed\/kcz48JSAZ8s?feature=oembed\" frameborder=\"0\" allow=\"accelerometer; autoplay; clipboard-write; encrypted-media; gyroscope; picture-in-picture\" allowfullscreen><\/iframe><\/p>\n<p>&nbsp;<\/p>\n<div><\/div>\n<p><strong>LA SECONDA PUNTATA 19 MAGGIO 2022<\/strong><\/p>\n<p><iframe loading=\"lazy\" title=\"Ascoltare per conoscere - giorno 02\" width=\"1200\" height=\"675\" src=\"https:\/\/www.youtube.com\/embed\/gPcRv33C2dQ?feature=oembed\" frameborder=\"0\" allow=\"accelerometer; autoplay; clipboard-write; encrypted-media; gyroscope; picture-in-picture\" allowfullscreen><\/iframe><\/p>\n<p>&nbsp;<\/p>\n<p><strong>LA PRIMA PUNTATA 18 MAGGIO 2022<\/strong><\/p>\n<p><iframe loading=\"lazy\" title=\"Ascoltare per conoscere - giorno 01\" width=\"1200\" height=\"675\" src=\"https:\/\/www.youtube.com\/embed\/1lraSyYtnSE?feature=oembed\" frameborder=\"0\" allow=\"accelerometer; autoplay; clipboard-write; encrypted-media; gyroscope; picture-in-picture\" allowfullscreen><\/iframe><\/p>\n<\/div>\n<p>&nbsp;<\/p>\n<hr \/>\n<p>&nbsp;<\/p>\n<blockquote>\n<h3>FORMAZIONE PETTIROSSO AGORDINO<\/h3>\n<h3><a class=\"dt-pswp-item\" href=\"https:\/\/www.radiopiu.net\/wordpress\/wp-content\/uploads\/2022\/05\/petti.jpg\" data-dt-img-description=\"\" data-large_image_width=\"269\" data-large_image_height=\"131\"><img loading=\"lazy\" decoding=\"async\" class=\"wp-image-275145 alignleft\" src=\"https:\/\/www.radiopiu.net\/wordpress\/wp-content\/uploads\/2022\/05\/petti.jpg\" alt=\"\" width=\"218\" height=\"106\" \/><\/a><\/h3>\n<\/blockquote>\n<p><strong>CENCENIGHE<\/strong> &#8220;Il tempo della cura e le disposizioni anticipate di trattamento, come costruire le mie scelte per il futuro&#8221; \u00e8 il titolo dell&#8217;incontro promosso dall&#8217;associazione Pettirosso Agordino (sollievo e assistenza al malato e alla sua famiglia) in programma il 23 maggio alle 20.30 nella sala culturale del Comune di Cencenighe (Nof Filo&#8217;). Relatrici la professoressa Lucia Busatta, giurista esperta in bio diritto e Francesca De Biasi psicologa terapeuta.<\/p>\n<p><strong>DI GIANNI SANTOMASO<\/strong><\/p>\n<audio class=\"wp-audio-shortcode\" id=\"audio-276701-8\" preload=\"none\" style=\"width: 100%;\" controls=\"controls\"><source type=\"audio\/mpeg\" src=\"https:\/\/www.radiopiu.net\/wordpress\/wp-content\/uploads\/2022\/05\/GIANNI-PETTIROSSO-AGORDINO.mp3?_=8\" \/><a href=\"https:\/\/www.radiopiu.net\/wordpress\/wp-content\/uploads\/2022\/05\/GIANNI-PETTIROSSO-AGORDINO.mp3\">https:\/\/www.radiopiu.net\/wordpress\/wp-content\/uploads\/2022\/05\/GIANNI-PETTIROSSO-AGORDINO.mp3<\/a><\/audio>\n<p>&nbsp;<\/p>\n<hr \/>\n<p>&nbsp;<\/p>\n<blockquote>\n<h3>SERVONO URGENTI AIUTI PER PORTARE I BAMBINI UCRAINI IN ITALIA<\/h3>\n<\/blockquote>\n<p><strong><img loading=\"lazy\" decoding=\"async\" class=\"alignleft\" src=\"https:\/\/www.radiopiu.net\/wordpress\/wp-content\/uploads\/2022\/05\/Schermata-2022-05-14-alle-11.22.05.png\" width=\"238\" height=\"163\" \/>COMELICO<\/strong> L&#8217;associazione comeliana &#8220;La vita \u00e8 un dono di Dio&#8221; sta organizzando un viaggio urgente con ambulanze per portare alcuni bambini dall&#8217;ospedale di Zaporizhzhia vicino a Mariupol in un ospedale italiano dove li stanno gi\u00e0 aspettando, sono bimbi di et\u00e0 compresa tra\u00a0 i 3 e i 6 anni ,\u00a0 la loro casa \u00e8 stata bombardata\u00a0 e non hanno pi\u00f9 nulla. L&#8217;iniziativa per prevede costi elevati, per questo la richiesta di contributi a <span style=\"color: #ff0000;\"><strong>LA VITA \u00c8 UN DONO DI DIO Associazione benefica no-profit\u00a0 IBAN IT89Y0585661280028571470180 Cell. 3888091544 Email. vitaundonodidio@gmail.com<\/strong><\/span><\/p>\n<p>Dall&#8217;Ucraina in Italia per avere una vita migliore ma il cuore rimane nella terra d&#8217;origine. Lei \u00e8 Gallia Halyna (foto)\u00a0 ed \u00e8 arrivata in Italia circa 12 anni fa. Nel frattempo ha messo su famiglia sposando un italiano. La guerra in Ucraina ha spinto Gallia ad aiutare i suoi connazionali e con la sua associazione &#8220;La Vita \u00e8 Un Dono Di Dio&#8221; ha gi\u00e0 effettuato 3 viaggi portando aiuti al popolo ucraino. Il 23 maggio ci sar\u00e0 un&#8217;altra partenza verso l&#8217;Ucraina per aiutare le persone che soffrono<\/p>\n<p>&nbsp;<\/p>\n<p>&nbsp;<\/p>\n<hr \/>\n<p>&nbsp;<\/p>\n<blockquote>\n<h3>LUNEDI CONSIGLIO COMUNALE A SAN TOMASO, CONSIGLIERE DA SURROGARE<\/h3>\n<\/blockquote>\n<p><strong>SAN TOMASO<\/strong> Un consigliere comunale dimissionario, quindi necessit\u00e0 la surroga. Sar\u00e0 ufficializzata nel consiglio comunale di lunedi alle 20. All&#8217;ordine del giorno anche il nuovo rappresentante per l&#8217;Unione Montana Agordina (sempre in seguito alle dimissioni del consigliere) e la ratifica di giunta sulle variazioni al bilancio. Katia Veneri, candidata a sindaco alle ultime elezioni lascia dunque il consiglio comunale agordino perch\u00e9 candidata alle amministrative nel suo Comune (Moglia) a San Tomaso ha la seconda casa. Al suo posto entra in consiglio e in Unione Montana il consigliere Giuseppe Vezzani.<\/p>\n<p>&nbsp;<\/p>\n<hr \/>\n<p>&nbsp;<\/p>\n<blockquote>\n<h3>MERCOLEDI IL CONSIGLIO COMUNALE A ROCCA PIETORE<\/h3>\n<\/blockquote>\n<p><strong>ROCCA PIETORE<\/strong> Il sindaco di Rocca Pietore Andrea De Bernardin ha convocato il consiglio comunale per mercoled\u00ec alle 19:30. Quattro i punti da discutere tra cui il progetto di realizzazione della cabinovia Malga Ciapela &#8211; Capanna Bil e la modifica alle piste esistenti, l&#8217;approvazione di bilancio e il rendiconto di gestione di ASCA.<\/p>\n<p>&nbsp;<\/p>\n<p>&nbsp;<\/p>\n<hr \/>\n<p>&nbsp;<\/p>\n<blockquote>\n<h3>UN SOLO PUNTO NEL CONSIGLIO COMUNALE DI AGORDO DI GIOVEDI&#8217; PROSSIMO<\/h3>\n<\/blockquote>\n<p><strong>AGORDO<\/strong> Il sindaco di Agordo Roberto Chissal\u00e8 ha convocato il consiglio comunale per gioved\u00ec alle 17:30. Un solo punto da discutere: l&#8217;approvazione del regolamento per lo svolgimento delle sedute degli organi in modalit\u00e0 telemetica.<\/p>\n<p>&nbsp;<\/p>\n<p>&nbsp;<\/p>\n<hr \/>\n<p>&nbsp;<\/p>\n<blockquote>\n<h3>MARTEDI&#8217; 31 MAGGIO L&#8217;ASSEMBLEA GENERALE DEL CONSORZIO BIM PIAVE<\/h3>\n<\/blockquote>\n<p><strong>BELLUNO<\/strong> L\u2019Assemblea Generale del Consorzio BIM Piave di Belluno e\u0300 convocata in seduta pubblica marted\u00ec 31 maggio alle 15 presso la \u201cSala Convegni della A.N.A. Sezione di Belluno\u201d in Via Attilio Tissi n. 10 a Belluno. Quattro punti all&#8217;ordine del giorno: Lettura ed approvazione verbali seduta precedente; Approvazione Rendiconto di gestione anno 2021; Prima variazione al Bilancio di Previsione 2022-2024; Modifica Regolamento per l\u2019assegnazione di contributi in conto capitale ai Comuni consorziati.<\/p>\n<p>&nbsp;<\/p>\n<p>&nbsp;<\/p>\n<hr \/>\n<p>&nbsp;<\/p>\n<blockquote>\n<h3>TUTTO PRONTO A BORGO VALBELLUNA PER UN FINE SETTIMANA RICCO DI INIZIATIVE<\/h3>\n<\/blockquote>\n<p><strong><a class=\"dt-pswp-item\" href=\"https:\/\/www.radiopiu.net\/wordpress\/wp-content\/uploads\/2022\/03\/mel-1.jpg\" data-dt-img-description=\"\" data-large_image_width=\"1920\" data-large_image_height=\"1080\"><img loading=\"lazy\" decoding=\"async\" class=\"size-thumbnail wp-image-264428 alignleft\" src=\"https:\/\/www.radiopiu.net\/wordpress\/wp-content\/uploads\/2022\/03\/mel-1-150x150.jpg\" alt=\"\" width=\"150\" height=\"150\" \/><\/a>BORGO VALBELLUNA <\/strong>A Mel, all&#8217;interno delle piazze e delle corti del centro, oggi e domani dalle 10:00 alle 17:00, si potranno vedere e provare cinquanta giochi della tradizione italiana provenienti da tutte le Regioni. La manifestazione Mel@gioco, festival dei giochi della tradizione italiana \u00e8 una novit\u00e0 per il nostro territorio e porta nel centro zumellese la tradizione ludica del nostro Paese. Nell&#8217;ambito della stessa manifestazione, oggi alle 17:30 presso l&#8217;auditorium dell&#8217;ex Chiesa di San Pietro, si terr\u00e0 una tavola rotonda dal titolo &#8220;Il gioco e la sua importanza sociale ed educativa&#8221;. Domani, sempre in centro a Mel, ci sar\u00e0 la cerimonia di assegnazione del prestigioso titolo di &#8220;Citt\u00e0 del Formaggio&#8221; ONAF al Comune di Borgo Valbelluna. Dalle 10:00 saranno presenti in piazza le latterie e i produttori di formaggi del Borgo con possibilit\u00e0 di assaggi e acquisto. Domani continuano anche le &#8220;Giornate della sostenibilit\u00e0&#8221; a Col d&#8217;Artent per la meravigliosa fioritura dei narcisi sul crinale prealpino. Nell&#8217;ottica della gestione del flusso turistico, della piena fruibilit\u00e0 del sito nel rispetto della Natura, l&#8217;accesso veicolare sar\u00e0 interdetto in corrispondenza del ristorante Baiocco dove si potr\u00e0 lasciare la propria auto e salire sulla navetta che porta allo chalet di Col d&#8217;Artent al prezzo di 2 Euro Andata-Ritorno. Presso lo chalet di Col d&#8217;Artent, gestito dalla Pro Loco Lentiai e presso l&#8217;infopoint gestito dal gruppo Natura Lentiai, sar\u00e0 possibile trovare diverse guide che accompagnano i visitatori in percorsi di varia lunghezza. Verranno aperte grazie ai volontari del gruppo Frammenti d\u2019Arte la chiesa di Sant&#8217;Antonio Abate di Bardies, e la chiesa Arcipretale di Santa Maria Assunta di Lentiai monumento nazionale dalle 15:00 alle 18:00.<\/p>\n<p>&nbsp;<\/p>\n<p>&nbsp;<\/p>\n<hr \/>\n<p>&nbsp;<\/p>\n<blockquote>\n<h3>SENZA FRETTA IN BICICLETTA<\/h3>\n<\/blockquote>\n<p><strong>BELLUNO<\/strong>\u00a0 <span dir=\"ltr\" role=\"presentation\">In occasione della partenza di tappa del Giro d\u2019Italia a Belluno, il prossimo <\/span><span dir=\"ltr\" role=\"presentation\">28 maggio, la Biblioteca civica di Belluno organizza delle letture espressive <\/span><span dir=\"ltr\" role=\"presentation\">per bambini a cura di Barbara De Poloni. <\/span><span dir=\"ltr\" role=\"presentation\">Le letture si svolgeranno nelle giornate di<\/span> <span dir=\"ltr\" role=\"presentation\">marted\u00ec 24 maggio e venerd\u00ec <\/span><span dir=\"ltr\" role=\"presentation\">27 maggio, in doppio turno: dalle 15.00 alle 15.45 per i bambini <\/span><span dir=\"ltr\" role=\"presentation\">dai 7 ai 10 anni e dalle 16.30 alle 17.00 per i bambini dai 3 ai 6 <\/span><span dir=\"ltr\" role=\"presentation\">anni<\/span><span dir=\"ltr\" role=\"presentation\">. <\/span><span dir=\"ltr\" role=\"presentation\">A fare da cornice all\u2019iniziativa, la\u00a0 sala con affresco, al primo piano di <\/span><span dir=\"ltr\" role=\"presentation\">Palazzo Bembo (Piazzetta Giovan Battista Pellegrini), dove potranno essere <\/span><span dir=\"ltr\" role=\"presentation\">accolti un<\/span> <span dir=\"ltr\" role=\"presentation\">massimo di 20 bambini per turno, accompagnati da un <\/span><span dir=\"ltr\" role=\"presentation\">adulto. <\/span><span dir=\"ltr\" role=\"presentation\">La<\/span> <span dir=\"ltr\" role=\"presentation\">prenotazione<\/span> <span dir=\"ltr\" role=\"presentation\">\u00e8<\/span> <span dir=\"ltr\" role=\"presentation\">obbligatoria,<\/span> <span dir=\"ltr\" role=\"presentation\">telefonando<\/span> <span dir=\"ltr\" role=\"presentation\">alla<\/span> <span dir=\"ltr\" role=\"presentation\">Biblioteca<\/span> <span dir=\"ltr\" role=\"presentation\">dei <\/span><span dir=\"ltr\" role=\"presentation\">Ragazzi al numero 0437 913305 o inviando un&#8217;email all&#8217;indirizzo <\/span><span dir=\"ltr\" role=\"presentation\">biblioteca@comune.belluno.it<\/span><span dir=\"ltr\" role=\"presentation\">. <\/span><span dir=\"ltr\" role=\"presentation\">L\u2019ingresso \u00e8 gratuito.<\/span><\/p>\n<p>&nbsp;<\/p>\n<p>&nbsp;<\/p>\n<hr \/>\n<p>&nbsp;<\/p>\n<blockquote>\n<h3>MAGGIO AGORDINO CON L&#8217;ASSOCIAZIONE PERITI MINERARI INDUSTRIALI DI AGORDO<\/h3>\n<\/blockquote>\n<p><strong>AGORDO <\/strong>Torna l&#8217;appuntamento con &#8220;Maggio Agordino&#8221;, un ciclo di serate culturali e di divulgazione scientifica promosse da APIM &#8211; Associazione Periti Industriali Minerari di Agordo. Quest&#8217;anno il tema che costituir\u00e0 di fatto il filo conduttore delle serate sar\u00e0 il cambiamento climatico. Le serate in Sala Don Tamis con inizio alle 20:30. Venerd\u00ec 27 &#8220;Il clima che cambia(mo) e le nostre montagne&#8221;. Tutte le serate sono ad entrata libera<\/p>\n<p>&nbsp;<\/p>\n<p>&nbsp;<\/p>\n<hr \/>\n<p>&nbsp;<\/p>\n<blockquote>\n<h3>RIAPRE IL CASTELLO DI ANDRAZ<\/h3>\n<\/blockquote>\n<p><strong>LIVINALLONGO<\/strong> Con l\u2019arrivo dell\u2019estate riapre anche il Castello di Andraz, che quest\u2019anno festeggia il 10\u00b0 compleanno. Nel mese di giugno, il museo sar\u00e0 aperto dal gioved\u00ec alla domenica, dalle 10:00 alle 12:30 e dalle 14:30 alle 18:00. Per il momento le visite guidate saranno garantite solo su prenotazione al 334 3346680<\/p>\n<p>&nbsp;<\/p>\n<p>&nbsp;<\/p>\n<hr \/>\n<p>&nbsp;<\/p>\n<blockquote>\n<h3>ELEZIONI DEL CONSIGLIO DIRETTIVO DEL COMITATO FESTEGGIAMENTI MEANO<\/h3>\n<\/blockquote>\n<p><strong>SANTA GIUSTINA\u00a0<\/strong>Oggi alle ore 20.30 si terr\u00e0 il rinnovo del Consiglio direttivo del Comitato Festeggiamenti Meano.<br \/>\nIn un anno come questo di ripartenza dopo le restrizioni legate alla Pandemia, \u00e8 un appuntamento che il Consiglio uscente considera fondamentale per ridare slancio a questa importante realt\u00e0 Frazionale. Appuntamento quindi sabato 21 maggio al Parco Ciclamino alle 20.30<\/p>\n<p>&nbsp;<\/p>\n<hr \/>\n<p>&nbsp;<\/p>\n<blockquote>\n<h3>RINNOVO DELLE CARICHE SOCIALI PER I PROSSIMI QUATTRO ANNI<\/h3>\n<\/blockquote>\n<p><strong>TAIBON<\/strong> Oggi alle 16 nella sede delle proloco (vicino al Municipio) si ritroveranno i soci per rinnovare le cariche sociali per il quadriennio 2022-26. Chiunque puo&#8217; partecipare e dare il proprio contributo per lo sviluppo dell&#8217;associazione.<\/p>\n<p>&nbsp;<\/p>\n<hr \/>\n<p>&nbsp;<\/p>\n<blockquote>\n<h3>IL NUOVO AFFRESCO DI LAURA BALLIS A LIMANA<\/h3>\n<\/blockquote>\n<p><strong>LIMANA<\/strong> Verr\u00e0 presentato domani alle 11 il nuovo affresco di Laura Ballis a Giaon di Limana sulla via Buzzatiana. All&#8217;inaugurazione sar\u00e0 presente l&#8217;artista, conduce la cerimonia la giornalista\u00a0 Isabella Pilo<\/p>\n<p>&nbsp;<\/p>\n<p>&nbsp;<\/p>\n<hr \/>\n<p>&nbsp;<\/p>\n<blockquote>\n<h3>LA CAMMINATA CON IL PERDONO<\/h3>\n<\/blockquote>\n<p><strong>BORGO VALBELLUNA<\/strong> Domani \u00e8 in programma la &#8220;Camminata con il Perdono&#8221; , una camminata tra i\u00a0 faggi di Trichiana condividendo testi e piccoli momenti di pratica assieme legati alla tematica del Perdono nella sua accezione laica e innovativa secondo il modello My Life Design creato da Daniel Lumera. L&#8217;iniziativa si svolge all&#8217;interno della rassegna &#8220;Cammina con me&#8221; organizzata da Comune di Limana, Comitato frazionale Valmorel, Federazione Italiana Escursionismo (coordinamento Paolo Tormen 3397003364) e in collaborazione con My Life Design Onlus<\/p>\n<p>&nbsp;<\/p>\n<hr \/>\n<p>&nbsp;<\/p>\n<blockquote>\n<h3>RIPRENDONO I CORSI DI PITTURA &#8220;APS PIG&amp;MENTI&#8221;<\/h3>\n<\/blockquote>\n<p><strong>di Brunella Moro<\/strong><\/p>\n<p><img loading=\"lazy\" decoding=\"async\" class=\"alignleft\" src=\"https:\/\/www.radiopiu.net\/wordpress\/wp-content\/uploads\/2022\/05\/3b8e5453-fc72-4b5b-abc7-bca69f0902c0-300x300.jpg\" width=\"139\" height=\"139\" \/><strong>BELLUNO<\/strong> A un anno dalla sua fondazione ,riprende vita l\u2019associazione APS PIG&amp;MENTI di Belluno ,con un nuovo corso dedicato alla pittura a olio e a varie tecniche di disegno . Questa volta i corsi si svolgeranno nella nuova sede di Longarone,a partire da mercoled\u00ec prossimo 25 maggio Le iscrizioni sono aperte a tutti coloro che vorranno cimentarsi in questa affascinante arte. APS PIG&amp;MENTI promuove anche conferenze e gite culturali guidate dal dottor Barbazza e dal valente professor Michele Tison , lo stesso che diriger\u00e0 anche il corso di pittura. Seguiranno prossimamente anche corsi di affresco e realizzazione di icone . Per informazioni e iscrizioni rivolgersi al numero 3331324592<\/p>\n<p>&nbsp;<\/p>\n<p>&nbsp;<\/p>\n<hr \/>\n<p>&nbsp;<\/p>\n<blockquote>\n<h3>CHIUDE LA STRADA PER VILLAPAIERA, INTERRUZIONI PER IL PASSO SAN PELLEGRINO<\/h3>\n<p><strong>VENEZIA<\/strong>\u00a0 Due ordinanze di Veneto Strade, interessano Feltrino e Agordino. Provinciale 37 di Villapaiera (chilometro 2.300), in prossimit\u00e0 dell&#8217;abitato la strada rimarr\u00e0 chiusa da domani al 31 maggio per permettere i lavori di potenziamento delle rete di smaltimento delle acque meteoriche. La provinciale 346 del San Pellegrino in localit\u00e0 Le Fratte, per lavori di consolidamento dei versanti,\u00a0 sar\u00e0 chiusa a intermittenza (massimo 10 minuti per chiusura) fino al 26 maggio, esclusi sabato e domenica. Negli orari non interessati da chiusura transito regolato da semaforo.<\/p><\/blockquote>\n<p><strong><a class=\"dt-pswp-item\" href=\"https:\/\/www.radiopiu.net\/wordpress\/wp-content\/uploads\/2020\/05\/VENETO-STRADE.png\" data-dt-img-description=\"\" data-large_image_width=\"400\" data-large_image_height=\"400\"><img loading=\"lazy\" decoding=\"async\" class=\"size-thumbnail wp-image-135574 alignleft\" src=\"https:\/\/www.radiopiu.net\/wordpress\/wp-content\/uploads\/2020\/05\/VENETO-STRADE-150x150.png\" alt=\"\" width=\"150\" height=\"150\" srcset=\"https:\/\/www.radiopiu.net\/wordpress\/wp-content\/uploads\/2020\/05\/VENETO-STRADE-150x150.png 150w, https:\/\/www.radiopiu.net\/wordpress\/wp-content\/uploads\/2020\/05\/VENETO-STRADE-300x300.png 300w, https:\/\/www.radiopiu.net\/wordpress\/wp-content\/uploads\/2020\/05\/VENETO-STRADE.png 400w\" sizes=\"auto, (max-width: 150px) 100vw, 150px\" \/><\/a><\/strong><strong>PROVINCIALE 3 VALLE IMPERINA <\/strong>\u00a0Veneto Strade comunica la chiusura della SP 3 della Val Imperina, in comune di Gosaldo, fino al 27 maggio. La chiusura avverr\u00e0 a fasce orarie: dalle 8 alle 12:45, Dalle 13:45 alle 16 e dalle 16:30 alle 18. Durante le aperture istituzione di senso unico alternato regolato da movieri.<\/p>\n<p><strong>SP3 VALLE IMPERINA,<\/strong> localit\u00e0 Corde Mole\u00a0 <span style=\"color: #ff0000;\"><strong>fino al 10 giugno<\/strong><\/span> &#8211; esclusi festivi e prefestivi &#8211; senso unico alternato per lavori di esbosco<\/p>\n<p><strong>SP 3 VALLE IMPERINA<\/strong> localit\u00e0 Zenich di Rivamonte <span style=\"color: #ff0000;\"><strong>fino al 17 giugno<\/strong><\/span> &#8211; sabati domeniche e festivi inclusi &#8211; senso unico alternato per consolidamento ciglio stradale<\/p>\n<h3><\/h3>\n<hr \/>\n<p>&nbsp;<\/p>\n<blockquote>\n<h3>CANTIERI E MODIFICHE DELLA VIABILITA&#8217; A BELLUNO<\/h3>\n<\/blockquote>\n<p><strong>BELLUNO<\/strong> restringimento della carreggiata delimitato da idonea segnaletica stradale dalle 8.00 alle 17.00 in due giornate comprese nel periodo dal 19 al 31 maggio, in via Marisiga all\u2019altezza del civico 97, e l\u2019istituzione del limite di velocita\u0300 di 30 km\/h, nonche\u0301 del divieto di sorpasso, in corrispondenza dell\u2019area di cantiere.<\/p>\n<div class=\"page\" title=\"Page 1\">\n<div class=\"layoutArea\">\n<div class=\"column\">\n<p><strong>S.P. 1 \u201cdella Sinistra Piave\u201d<\/strong> nel tratto di strada in prossimita\u0300 della progressiva km 3+710 nel centro abitato di Levego istituzione del senso unico alternato di circolazione veicolare, regolato da apposita segnaletica stradale e da idoneo personale e limite dei 30 km\/h<\/p>\n<div class=\"page\" title=\"Page 1\">\n<div class=\"layoutArea\">\n<div class=\"column\">\n<p><strong>Vie Loreto e Matteotti<\/strong> istituzione del divieto di circolazione veicolare dalle 7.00 alle 13.00 di domenica 29 maggio, senso unico alternato di circolazione veicolare regolato a vista da idonea segnaletica stradale all\u2019intersezione tra le vie Matteotti, Garibaldi e Loreto, nel periodo dalle ore 13.00 del 29 maggio alle ore 18.00 del 31 luglio e soppressione degli stalli di sosta riservati ai veicoli impegnati nelle operazioni di carico\/scarico merci antistanti al civico 1 di via Loreto dalle ore 13.00 del 29 maggio alle ore 18.00 del 31 luglio<\/p>\n<\/div>\n<\/div>\n<\/div>\n<\/div>\n<\/div>\n<\/div>\n<p><strong>Via Tiziano Vecelio<\/strong> dal 19 maggio al 30 giugno, dalle 8.00 alle 18.00 di ciascuna giornata: istituzione del senso unico alternato di circolazione veicolare, regolato da impianto semaforico e, in caso di traffico particolarmente intenso, da idoneo personale<\/p>\n<div class=\"page\" title=\"Page 1\">\n<div class=\"layoutArea\">\n<div class=\"column\">\n<p><strong>Vie Tagliapietra, Per Nogare\u0300, Cantilena, Francesco Della Dia e Bettio<\/strong> dal 19 maggio al 30 giugno, dalle ore 8.00 alle ore 18.00 di ciascuna giornata: istituzione del senso unico alternato di circolazione veicolare, regolato da impianto semaforico e, in caso di traffico particolarmente intenso, da idoneo personale<\/p>\n<\/div>\n<\/div>\n<\/div>\n<p>&nbsp;<\/p>\n<p>&nbsp;<\/p>\n<hr \/>\n<p>&nbsp;<\/p>\n<h2><span style=\"color: #ff0000;\">IERI ALLA RADIO<\/span><\/h2>\n<p>&nbsp;<\/p>\n<p>&nbsp;<\/p>\n<hr \/>\n<p>&nbsp;<\/p>\n<blockquote>\n<h2>SAVE THE DATE, 2 GIUGNO PALAFALCADE CON L&#8217;ORCHESTRA DA BALLO DI BAGUTTI<\/h2>\n<h2><a class=\"dt-pswp-item\" href=\"https:\/\/www.radiopiu.net\/wordpress\/wp-content\/uploads\/2022\/05\/281706031_7621074247933383_5294172386003535739_n.jpg\" data-dt-img-description=\"\" data-large_image_width=\"1080\" data-large_image_height=\"1080\"><img loading=\"lazy\" decoding=\"async\" class=\"size-thumbnail wp-image-276498 alignleft\" src=\"https:\/\/www.radiopiu.net\/wordpress\/wp-content\/uploads\/2022\/05\/281706031_7621074247933383_5294172386003535739_n-150x150.jpg\" alt=\"\" width=\"150\" height=\"150\" srcset=\"https:\/\/www.radiopiu.net\/wordpress\/wp-content\/uploads\/2022\/05\/281706031_7621074247933383_5294172386003535739_n-150x150.jpg 150w, https:\/\/www.radiopiu.net\/wordpress\/wp-content\/uploads\/2022\/05\/281706031_7621074247933383_5294172386003535739_n-300x300.jpg 300w, https:\/\/www.radiopiu.net\/wordpress\/wp-content\/uploads\/2022\/05\/281706031_7621074247933383_5294172386003535739_n-1024x1024.jpg 1024w, https:\/\/www.radiopiu.net\/wordpress\/wp-content\/uploads\/2022\/05\/281706031_7621074247933383_5294172386003535739_n-768x768.jpg 768w, https:\/\/www.radiopiu.net\/wordpress\/wp-content\/uploads\/2022\/05\/281706031_7621074247933383_5294172386003535739_n.jpg 1080w\" sizes=\"auto, (max-width: 150px) 100vw, 150px\" \/><\/a><strong>OSPITI ANTONELLA SCHENA, CRISTIAN MASSARENTI E GIANMARCO BAGUTTI\u00a0<\/strong><\/h2>\n<\/blockquote>\n<p><strong>AUDIO\u00a0<\/strong><\/p>\n<audio class=\"wp-audio-shortcode\" id=\"audio-276701-9\" preload=\"none\" style=\"width: 100%;\" controls=\"controls\"><source type=\"audio\/mpeg\" src=\"https:\/\/www.radiopiu.net\/wordpress\/wp-content\/uploads\/2022\/05\/ginamarco-bagutti-18-maggio.mp3?_=9\" \/><a href=\"https:\/\/www.radiopiu.net\/wordpress\/wp-content\/uploads\/2022\/05\/ginamarco-bagutti-18-maggio.mp3\">https:\/\/www.radiopiu.net\/wordpress\/wp-content\/uploads\/2022\/05\/ginamarco-bagutti-18-maggio.mp3<\/a><\/audio>\n<p><strong>LO SPOT ALLA RADIO\u00a0<\/strong><\/p>\n<audio class=\"wp-audio-shortcode\" id=\"audio-276701-10\" preload=\"none\" style=\"width: 100%;\" controls=\"controls\"><source type=\"audio\/mpeg\" src=\"https:\/\/www.radiopiu.net\/wordpress\/wp-content\/uploads\/2022\/05\/BAGUTTI-SPOT.mp3?_=10\" \/><a href=\"https:\/\/www.radiopiu.net\/wordpress\/wp-content\/uploads\/2022\/05\/BAGUTTI-SPOT.mp3\">https:\/\/www.radiopiu.net\/wordpress\/wp-content\/uploads\/2022\/05\/BAGUTTI-SPOT.mp3<\/a><\/audio>\n<p>&nbsp;<\/p>\n<p>&nbsp;<\/p>\n<hr \/>\n<p>&nbsp;<\/p>\n<h2><span style=\"color: #008080;\">SALUTE &amp; SOCIETA&#8217;\u00a0<\/span><\/h2>\n<p><strong>LA RACCOLTA<\/strong><\/p>\n<blockquote class=\"wp-embedded-content\" data-secret=\"2T4cfZVAxK\"><p><a href=\"https:\/\/www.radiopiu.net\/wordpress\/saluteesocieta\/\">Salute e Societ\u00e0<\/a><\/p><\/blockquote>\n<p><iframe loading=\"lazy\" class=\"wp-embedded-content\" sandbox=\"allow-scripts\" security=\"restricted\" style=\"position: absolute; clip: rect(1px, 1px, 1px, 1px);\" title=\"&#8220;Salute e Societ\u00e0&#8221; &#8212; Radio Pi\u00f9\" src=\"https:\/\/www.radiopiu.net\/wordpress\/saluteesocieta\/embed\/#?secret=zHXIv6082U#?secret=2T4cfZVAxK\" data-secret=\"2T4cfZVAxK\" width=\"600\" height=\"338\" frameborder=\"0\" marginwidth=\"0\" marginheight=\"0\" scrolling=\"no\"><\/iframe><\/p>\n<p>&nbsp;<\/p>\n<hr \/>\n<p>&nbsp;<\/p>\n<h3>CONOSCIAMO I NOSTRI GIOVANI E I LORO IMPEGNI NEL MONDO, CON IL MUSLA<\/h3>\n<p>&nbsp;<\/p>\n<p><a class=\"dt-pswp-item\" href=\"https:\/\/www.radiopiu.net\/wordpress\/wp-content\/uploads\/2022\/05\/c2bc054f-5f64-4916-99bb-dfbe10c41c0c.jpg\" data-dt-img-description=\"\" data-large_image_width=\"640\" data-large_image_height=\"480\"><img loading=\"lazy\" decoding=\"async\" class=\"size-thumbnail wp-image-276504 alignleft\" src=\"https:\/\/www.radiopiu.net\/wordpress\/wp-content\/uploads\/2022\/05\/c2bc054f-5f64-4916-99bb-dfbe10c41c0c-150x150.jpg\" alt=\"\" width=\"150\" height=\"150\" \/><\/a><strong>DALL&#8217;ECUADOR DAVIDE CASSISI<\/strong><\/p>\n<p><strong>di DAVIDE CONEDERA\u00a0<\/strong><\/p>\n<p>&nbsp;<\/p>\n<p>&nbsp;<\/p>\n<p>&nbsp;<\/p>\n<p><strong>AUDIO<\/strong><\/p>\n<audio class=\"wp-audio-shortcode\" id=\"audio-276701-11\" preload=\"none\" style=\"width: 100%;\" controls=\"controls\"><source type=\"audio\/mpeg\" src=\"https:\/\/www.radiopiu.net\/wordpress\/wp-content\/uploads\/2022\/05\/MUSLA-4.mp3?_=11\" \/><a href=\"https:\/\/www.radiopiu.net\/wordpress\/wp-content\/uploads\/2022\/05\/MUSLA-4.mp3\">https:\/\/www.radiopiu.net\/wordpress\/wp-content\/uploads\/2022\/05\/MUSLA-4.mp3<\/a><\/audio>\n<p>&nbsp;<\/p>\n<blockquote class=\"wp-embedded-content\" data-secret=\"8IoxYmApC3\"><p><a href=\"https:\/\/www.radiopiu.net\/wordpress\/agora-agordina-la-nosta-piaza\/\">AGORA&#8217; AGORDINA&#8230; LA NOSTA PIAZA LADINA RACCOLTA COMPLETA PRIMA STAGIONE<\/a><\/p><\/blockquote>\n<p><iframe loading=\"lazy\" class=\"wp-embedded-content\" sandbox=\"allow-scripts\" security=\"restricted\" style=\"position: absolute; clip: rect(1px, 1px, 1px, 1px);\" title=\"&#8220;AGORA&#8217; AGORDINA&#8230; LA NOSTA PIAZA LADINA RACCOLTA COMPLETA PRIMA STAGIONE&#8221; &#8212; Radio Pi\u00f9\" src=\"https:\/\/www.radiopiu.net\/wordpress\/agora-agordina-la-nosta-piaza\/embed\/#?secret=avunxbUn14#?secret=8IoxYmApC3\" data-secret=\"8IoxYmApC3\" width=\"600\" height=\"338\" frameborder=\"0\" marginwidth=\"0\" marginheight=\"0\" scrolling=\"no\"><\/iframe><\/p>\n<p>&nbsp;<\/p>\n<p>&nbsp;<\/p>\n<hr \/>\n<p>&nbsp;<\/p>\n<h2><span style=\"color: #ff00ff;\">007 IN CONDOTTA CON LA PROF. MARIA ROSA SALMAZO<\/span><\/h2>\n<p><strong>LA RACCOLTA COMPLETA\u00a0<\/strong><\/p>\n<blockquote class=\"wp-embedded-content\" data-secret=\"XoKYjSsHAZ\"><p><a href=\"https:\/\/www.radiopiu.net\/wordpress\/007incondotta-9\/\">007 in condotta<\/a><\/p><\/blockquote>\n<p><iframe loading=\"lazy\" class=\"wp-embedded-content\" sandbox=\"allow-scripts\" security=\"restricted\" style=\"position: absolute; clip: rect(1px, 1px, 1px, 1px);\" title=\"&#8220;007 in condotta&#8221; &#8212; Radio Pi\u00f9\" src=\"https:\/\/www.radiopiu.net\/wordpress\/007incondotta-9\/embed\/#?secret=yFvvZfsVfh#?secret=XoKYjSsHAZ\" data-secret=\"XoKYjSsHAZ\" width=\"600\" height=\"338\" frameborder=\"0\" marginwidth=\"0\" marginheight=\"0\" scrolling=\"no\"><\/iframe><\/p>\n<p>&nbsp;<\/p>\n<hr \/>\n<h3 class=\"kvgmc6g5 cxmmr5t8 oygrvhab hcukyx3x c1et5uql\"><span style=\"color: #0000ff;\"><strong>\u00a0<\/strong><\/span><\/h3>\n<h3 class=\"kvgmc6g5 cxmmr5t8 oygrvhab hcukyx3x c1et5uql\"><span style=\"color: #0000ff;\"><strong>INFORMAZIONE il canale su TELEGRAM informazione di prima mano e in tempo reale. iscriviti ed aiutaci a farlo conoscere\u00a0 \u00a0<\/strong><\/span><\/h3>\n<p>&nbsp;<\/p>\n<hr \/>\n<p>&nbsp;<\/p>\n<h2><span style=\"color: #800080;\">STORIE A QUATTROCCHI\u00a0\u00a0<\/span><\/h2>\n<p><strong>LA PUNTATA DEL 18 MAGGIO 2022\u00a0<\/strong><\/p>\n<audio class=\"wp-audio-shortcode\" id=\"audio-276701-12\" preload=\"none\" style=\"width: 100%;\" controls=\"controls\"><source type=\"audio\/mpeg\" src=\"https:\/\/www.radiopiu.net\/wordpress\/wp-content\/uploads\/2022\/05\/QOCCHI5-1.mp3?_=12\" \/><a href=\"https:\/\/www.radiopiu.net\/wordpress\/wp-content\/uploads\/2022\/05\/QOCCHI5-1.mp3\">https:\/\/www.radiopiu.net\/wordpress\/wp-content\/uploads\/2022\/05\/QOCCHI5-1.mp3<\/a><\/audio>\n<p><strong>LA RACCOLTA COMPLETA\u00a0<\/strong><\/p>\n<blockquote class=\"wp-embedded-content\" data-secret=\"InDHkX23LN\"><p><a href=\"https:\/\/www.radiopiu.net\/wordpress\/storie-a-quattrocchi\/\">Storie a quattrocchi<\/a><\/p><\/blockquote>\n<p><iframe loading=\"lazy\" class=\"wp-embedded-content\" sandbox=\"allow-scripts\" security=\"restricted\" style=\"position: absolute; clip: rect(1px, 1px, 1px, 1px);\" title=\"&#8220;Storie a quattrocchi&#8221; &#8212; Radio Pi\u00f9\" src=\"https:\/\/www.radiopiu.net\/wordpress\/storie-a-quattrocchi\/embed\/#?secret=j5t73rDy5B#?secret=InDHkX23LN\" data-secret=\"InDHkX23LN\" width=\"600\" height=\"338\" frameborder=\"0\" marginwidth=\"0\" marginheight=\"0\" scrolling=\"no\"><\/iframe><\/p>\n<p>&nbsp;<\/p>\n<hr \/>\n<p>&nbsp;<\/p>\n<h2><\/h2>\n<h2><span style=\"color: #008080;\">&#8220;DINTORN E FORA VIA&#8221; A CURA DEL MUSLA, IL NUOVO PROGRAMMA\u00a0\u00a0<\/span><\/h2>\n<p>&nbsp;<\/p>\n<p><strong><a class=\"dt-pswp-item\" href=\"https:\/\/www.radiopiu.net\/wordpress\/wp-content\/uploads\/2022\/05\/51fe5cab-a7bf-4347-b03c-ebdb0d3bcbcb.jpg\" data-dt-img-description=\"\" data-large_image_width=\"566\" data-large_image_height=\"309\"><img loading=\"lazy\" decoding=\"async\" class=\"alignleft wp-image-276220 size-medium\" src=\"https:\/\/www.radiopiu.net\/wordpress\/wp-content\/uploads\/2022\/05\/51fe5cab-a7bf-4347-b03c-ebdb0d3bcbcb-300x164.jpg\" alt=\"\" width=\"300\" height=\"164\" srcset=\"https:\/\/www.radiopiu.net\/wordpress\/wp-content\/uploads\/2022\/05\/51fe5cab-a7bf-4347-b03c-ebdb0d3bcbcb-300x164.jpg 300w, https:\/\/www.radiopiu.net\/wordpress\/wp-content\/uploads\/2022\/05\/51fe5cab-a7bf-4347-b03c-ebdb0d3bcbcb.jpg 566w\" sizes=\"auto, (max-width: 300px) 100vw, 300px\" \/><\/a><\/strong><\/p>\n<p>&nbsp;<\/p>\n<p>&nbsp;<\/p>\n<p><strong>PUNTATA 17 MAGGIO 2022 CON BEATRICE COLCUC<\/strong><\/p>\n<p>&nbsp;<\/p>\n<p>&nbsp;<\/p>\n<p>&nbsp;<\/p>\n<p><span style=\"color: #ff0000;\"><strong>AUDIO<\/strong><\/span><\/p>\n<audio class=\"wp-audio-shortcode\" id=\"audio-276701-13\" preload=\"none\" style=\"width: 100%;\" controls=\"controls\"><source type=\"audio\/mpeg\" src=\"https:\/\/www.radiopiu.net\/wordpress\/wp-content\/uploads\/2022\/05\/MUSLA-BEATRICE-COLCUC.mp3?_=13\" \/><a href=\"https:\/\/www.radiopiu.net\/wordpress\/wp-content\/uploads\/2022\/05\/MUSLA-BEATRICE-COLCUC.mp3\">https:\/\/www.radiopiu.net\/wordpress\/wp-content\/uploads\/2022\/05\/MUSLA-BEATRICE-COLCUC.mp3<\/a><\/audio>\n<p>&nbsp;<\/p>\n<p><strong>LA RACCOLTA COMPLETA<\/strong><\/p>\n<blockquote class=\"wp-embedded-content\" data-secret=\"qi5zbt5K1b\"><p><a href=\"https:\/\/www.radiopiu.net\/wordpress\/musla\/\">MUSLA<\/a><\/p><\/blockquote>\n<p><iframe loading=\"lazy\" class=\"wp-embedded-content\" sandbox=\"allow-scripts\" security=\"restricted\" style=\"position: absolute; clip: rect(1px, 1px, 1px, 1px);\" title=\"&#8220;MUSLA&#8221; &#8212; Radio Pi\u00f9\" src=\"https:\/\/www.radiopiu.net\/wordpress\/musla\/embed\/#?secret=zECjLRVpAE#?secret=qi5zbt5K1b\" data-secret=\"qi5zbt5K1b\" width=\"600\" height=\"338\" frameborder=\"0\" marginwidth=\"0\" marginheight=\"0\" scrolling=\"no\"><\/iframe><\/p>\n<p>&nbsp;<\/p>\n<p>&nbsp;<\/p>\n<hr \/>\n<p>&nbsp;<\/p>\n<p>&nbsp;<\/p>\n<div>\n<div class=\"b654a4as d2edcug0\">\n<div class=\"rq0escxv hkbzh7o3 jwdofwj8 n8tt0mok r8blr3vg hyh9befq\">\n<p><a class=\"dt-pswp-item\" href=\"https:\/\/www.radiopiu.net\/wordpress\/wp-content\/uploads\/2020\/10\/pp.jpg\" data-dt-img-description=\"\" data-large_image_width=\"640\" data-large_image_height=\"640\"><img loading=\"lazy\" decoding=\"async\" class=\"wp-image-163678 alignleft\" src=\"https:\/\/www.radiopiu.net\/wordpress\/wp-content\/uploads\/2020\/10\/pp-300x300.jpg\" alt=\"\" width=\"106\" height=\"106\" srcset=\"https:\/\/www.radiopiu.net\/wordpress\/wp-content\/uploads\/2020\/10\/pp-300x300.jpg 300w, https:\/\/www.radiopiu.net\/wordpress\/wp-content\/uploads\/2020\/10\/pp-150x150.jpg 150w, https:\/\/www.radiopiu.net\/wordpress\/wp-content\/uploads\/2020\/10\/pp-125x125.jpg 125w, https:\/\/www.radiopiu.net\/wordpress\/wp-content\/uploads\/2020\/10\/pp-200x200.jpg 200w, https:\/\/www.radiopiu.net\/wordpress\/wp-content\/uploads\/2020\/10\/pp-80x80.jpg 80w, https:\/\/www.radiopiu.net\/wordpress\/wp-content\/uploads\/2020\/10\/pp-480x480.jpg 480w, https:\/\/www.radiopiu.net\/wordpress\/wp-content\/uploads\/2020\/10\/pp.jpg 640w\" sizes=\"auto, (max-width: 106px) 100vw, 106px\" \/><\/a><\/p>\n<\/div>\n<\/div>\n<\/div>\n<div>\n<div class=\"page-title-head hgroup\">\n<div class=\"page-title-head hgroup\">\n<div class=\"b654a4as d2edcug0\">\n<div class=\"j83agx80 btwxx1t3 lhclo0ds hop8lmos nkwizq5d scwd0bx6 roh60bw9\">\n<div class=\"rq0escxv hkbzh7o3 jwdofwj8 n8tt0mok r8blr3vg hyh9befq\">\n<div class=\"do00u71z l9j0dhe7 k4urcfbm\">\n<h2><span style=\"color: #000080;\">DON CESARE, IL PENSIERO DEL GIORNO. ALLA RADIO ALLE 7 DEL MATTINO E ALLE 19.30 DELLA SERA.\u00a0<\/span><\/h2>\n<p>&nbsp;<\/p>\n<\/div>\n<\/div>\n<\/div>\n<\/div>\n<\/div>\n<\/div>\n<\/div>\n<audio class=\"wp-audio-shortcode\" id=\"audio-276701-14\" preload=\"none\" style=\"width: 100%;\" controls=\"controls\"><source type=\"audio\/mpeg\" src=\"https:\/\/www.radiopiu.net\/wordpress\/wp-content\/uploads\/2022\/05\/CESARE-8.mp3?_=14\" \/><a href=\"https:\/\/www.radiopiu.net\/wordpress\/wp-content\/uploads\/2022\/05\/CESARE-8.mp3\">https:\/\/www.radiopiu.net\/wordpress\/wp-content\/uploads\/2022\/05\/CESARE-8.mp3<\/a><\/audio>\n<p>&nbsp;<\/p>\n<hr \/>\n<p>&nbsp;<\/p>\n<div class=\"do00u71z l9j0dhe7 k4urcfbm\">\n<div class=\"page-title-head hgroup\">\n<div class=\"page-title-head hgroup\">\n<div class=\"b654a4as d2edcug0\">\n<div class=\"j83agx80 btwxx1t3 lhclo0ds hop8lmos nkwizq5d scwd0bx6 roh60bw9\">\n<div class=\"rq0escxv hkbzh7o3 jwdofwj8 n8tt0mok r8blr3vg hyh9befq\">\n<div class=\"do00u71z l9j0dhe7 k4urcfbm\">\n<div class=\"page-title-head hgroup\">\n<div class=\"page-title-head hgroup\">\n<div class=\"b654a4as d2edcug0\">\n<div class=\"j83agx80 btwxx1t3 lhclo0ds hop8lmos nkwizq5d scwd0bx6 roh60bw9\">\n<div class=\"rq0escxv hkbzh7o3 jwdofwj8 n8tt0mok r8blr3vg hyh9befq\">\n<div class=\"do00u71z l9j0dhe7 k4urcfbm\">\n<div class=\"ecm0bbzt e5nlhep0 a8c37x1j\">\n<div class=\"kvgmc6g5 cxmmr5t8 oygrvhab hcukyx3x c1et5uql\">\n<div class=\"gmail-kvgmc6g5 gmail-cxmmr5t8 gmail-oygrvhab gmail-hcukyx3x gmail-c1et5uql gmail-ii04i59q\">\n<div class=\"page-title-head hgroup\">\n<div class=\"page-title-head hgroup\">\n<div class=\"b654a4as d2edcug0\">\n<div class=\"j83agx80 btwxx1t3 lhclo0ds hop8lmos nkwizq5d scwd0bx6 roh60bw9\">\n<div class=\"rq0escxv hkbzh7o3 jwdofwj8 n8tt0mok r8blr3vg hyh9befq\">\n<div class=\"do00u71z l9j0dhe7 k4urcfbm\">\n<div class=\"page-title-head hgroup\">\n<div class=\"page-title-head hgroup\">\n<div class=\"b654a4as d2edcug0\">\n<div class=\"j83agx80 btwxx1t3 lhclo0ds hop8lmos nkwizq5d scwd0bx6 roh60bw9\">\n<div class=\"rq0escxv hkbzh7o3 jwdofwj8 n8tt0mok r8blr3vg hyh9befq\">\n<div class=\"do00u71z l9j0dhe7 k4urcfbm\">\n<div class=\"page-title-head hgroup\">\n<div class=\"page-title-head hgroup\">\n<div class=\"b654a4as d2edcug0\">\n<div class=\"j83agx80 btwxx1t3 lhclo0ds hop8lmos nkwizq5d scwd0bx6 roh60bw9\">\n<div class=\"rq0escxv hkbzh7o3 jwdofwj8 n8tt0mok r8blr3vg hyh9befq\">\n<div class=\"do00u71z l9j0dhe7 k4urcfbm\">\n<div class=\"ecm0bbzt e5nlhep0 a8c37x1j\">\n<div class=\"kvgmc6g5 cxmmr5t8 oygrvhab hcukyx3x c1et5uql\">\n<div class=\"gmail-kvgmc6g5 gmail-cxmmr5t8 gmail-oygrvhab gmail-hcukyx3x gmail-c1et5uql gmail-ii04i59q\">\n<div class=\"page-title-head hgroup\">\n<div class=\"page-title-head hgroup\">\n<div class=\"b654a4as d2edcug0\">\n<div class=\"j83agx80 btwxx1t3 lhclo0ds hop8lmos nkwizq5d scwd0bx6 roh60bw9\">\n<div class=\"rq0escxv hkbzh7o3 jwdofwj8 n8tt0mok r8blr3vg hyh9befq\">\n<div class=\"do00u71z l9j0dhe7 k4urcfbm\">\n<blockquote>\n<h3><span style=\"color: #ff0000;\">IN VIVO VERSO,\u00a0 RIASCOLTIAMOLE DAL LUNEDI AL VENERDI ALLE 7.10, 10.10, 18 50<\/span><\/h3>\n<\/blockquote>\n<blockquote>\n<h3>RIASCOLTIAMOLE,<\/h3>\n<\/blockquote>\n<p>&nbsp;<\/p>\n<p>LA RACCOLTA COMPLETA<\/p>\n<blockquote class=\"wp-embedded-content\" data-secret=\"Rr4RxcPIAg\"><p><a href=\"https:\/\/www.radiopiu.net\/wordpress\/in-vivo-verso\/\">In Vivo Verso<\/a><\/p><\/blockquote>\n<p><iframe loading=\"lazy\" class=\"wp-embedded-content\" sandbox=\"allow-scripts\" security=\"restricted\" style=\"position: absolute; clip: rect(1px, 1px, 1px, 1px);\" title=\"&#8220;In Vivo Verso&#8221; &#8212; Radio Pi\u00f9\" src=\"https:\/\/www.radiopiu.net\/wordpress\/in-vivo-verso\/embed\/#?secret=BsqSCopdqm#?secret=Rr4RxcPIAg\" data-secret=\"Rr4RxcPIAg\" width=\"600\" height=\"338\" frameborder=\"0\" marginwidth=\"0\" marginheight=\"0\" scrolling=\"no\"><\/iframe><\/p>\n<p>&nbsp;<\/p>\n<p>&nbsp;<\/p>\n<hr \/>\n<p>&nbsp;<\/p>\n<h3 class=\"entry-title\"><span style=\"color: #ff0000;\"><a href=\"https:\/\/www.radiopiu.net\/wordpress\/wp-content\/uploads\/2022\/04\/bustos-756620__340.webp\"><img loading=\"lazy\" decoding=\"async\" class=\" wp-image-271808 alignleft\" src=\"https:\/\/www.radiopiu.net\/wordpress\/wp-content\/uploads\/2022\/04\/bustos-756620__340-150x150.webp\" alt=\"\" width=\"94\" height=\"94\" \/><\/a>GOCCE DI FILOSOFIA\u00a0<\/span><\/h3>\n<p><strong>GOCCE DI FILOSOFIA PUNTATA 205 CHIARA CAU\u00a0<\/strong><\/p>\n<p>&nbsp;<\/p>\n<p>AUDIO<\/p>\n<audio class=\"wp-audio-shortcode\" id=\"audio-276701-15\" preload=\"none\" style=\"width: 100%;\" controls=\"controls\"><source type=\"audio\/mpeg\" src=\"https:\/\/www.radiopiu.net\/wordpress\/wp-content\/uploads\/2022\/05\/FI5-2.mp3?_=15\" \/><a href=\"https:\/\/www.radiopiu.net\/wordpress\/wp-content\/uploads\/2022\/05\/FI5-2.mp3\">https:\/\/www.radiopiu.net\/wordpress\/wp-content\/uploads\/2022\/05\/FI5-2.mp3<\/a><\/audio>\n<p>&nbsp;<\/p>\n<p><strong>\u00a0<\/strong><strong>LA RACCOLTA COMPLETA<\/strong><\/p>\n<blockquote class=\"wp-embedded-content\" data-secret=\"AhlkBghRNS\"><p><a href=\"https:\/\/www.radiopiu.net\/wordpress\/gocce-filosofia\/\">Gocce di filosofia, PRIMA E SECONDA STAGIONE 2022<\/a><\/p><\/blockquote>\n<p><iframe loading=\"lazy\" class=\"wp-embedded-content\" sandbox=\"allow-scripts\" security=\"restricted\" style=\"position: absolute; clip: rect(1px, 1px, 1px, 1px);\" title=\"&#8220;Gocce di filosofia, PRIMA E SECONDA STAGIONE 2022&#8221; &#8212; Radio Pi\u00f9\" src=\"https:\/\/www.radiopiu.net\/wordpress\/gocce-filosofia\/embed\/#?secret=HKknu954Wi#?secret=AhlkBghRNS\" data-secret=\"AhlkBghRNS\" width=\"600\" height=\"338\" frameborder=\"0\" marginwidth=\"0\" marginheight=\"0\" scrolling=\"no\"><\/iframe><\/p>\n<p>&nbsp;<\/p>\n<hr \/>\n<p>&nbsp;<\/p>\n<p><span style=\"color: #0000ff;\">MUSICA PIU&#8217;\u00a0<\/span><\/p>\n<p><a href=\"https:\/\/www.radiopiu.net\/wordpress\/giornale-radiopiu-20-settembre-2021-direttore-mirko-mezzacasa\/pp-79\/\" rel=\"attachment wp-att-232921\"><img loading=\"lazy\" decoding=\"async\" class=\"wp-image-232921 alignleft\" src=\"https:\/\/www.radiopiu.net\/wordpress\/wp-content\/uploads\/2021\/09\/pp-1-300x300.jpg\" alt=\"\" width=\"135\" height=\"135\" srcset=\"https:\/\/www.radiopiu.net\/wordpress\/wp-content\/uploads\/2021\/09\/pp-1-300x300.jpg 300w, https:\/\/www.radiopiu.net\/wordpress\/wp-content\/uploads\/2021\/09\/pp-1-150x150.jpg 150w, https:\/\/www.radiopiu.net\/wordpress\/wp-content\/uploads\/2021\/09\/pp-1.jpg 640w\" sizes=\"auto, (max-width: 135px) 100vw, 135px\" \/><\/a><\/p>\n<div class=\"mkdf-post-text\">\n<div class=\"mkdf-post-text-inner\">\n<div class=\"mkdf-post-text-main\">\n<div class=\"mkdf-post-text\">\n<div class=\"mkdf-post-text-inner\">\n<div class=\"mkdf-post-text-main\">\n<div class=\"mkdf-post-text\">\n<div class=\"mkdf-post-text-inner\">\n<div class=\"mkdf-post-text-main\">\n<div class=\"page-title-head hgroup\">\n<div class=\"page-title-head hgroup\">\n<div class=\"mkdf-post-text\">\n<div class=\"mkdf-post-text-inner\">\n<div class=\"mkdf-post-text-main\">\n<div class=\"mkdf-post-text\">\n<div class=\"mkdf-post-text-inner\">\n<div class=\"mkdf-post-text-main\">\n<div class=\"page-title-head hgroup\">\n<div class=\"page-title-head hgroup\">\n<div class=\"page-title-head hgroup\">\n<div class=\"page-title-head hgroup\">\n<div class=\"b654a4as d2edcug0\">\n<div class=\"page-title-head hgroup\">\n<div class=\"page-title-head hgroup\">\n<div class=\"page-title-head hgroup\">\n<div class=\"page-title-head hgroup\">\n<div class=\"b654a4as d2edcug0\">\n<div class=\"page-title-head hgroup\">\n<div class=\"page-title-head hgroup\">\n<div class=\"page-title-head hgroup\">\n<div class=\"page-title-head hgroup\">\n<div class=\"b654a4as d2edcug0\">\n<div class=\"mkdf-post-text\">\n<div class=\"mkdf-post-text-inner\">\n<div class=\"mkdf-post-text-main\">\n<div class=\"mkdf-post-text\">\n<div class=\"mkdf-post-text-inner\">\n<div class=\"mkdf-post-text-main\">\n<div class=\"mkdf-post-text\">\n<div class=\"mkdf-post-text-inner\">\n<div class=\"mkdf-post-text-main\">\n<div class=\"page-title-head hgroup\">\n<div class=\"page-title-head hgroup\">\n<div class=\"mkdf-post-text\">\n<div class=\"mkdf-post-text-inner\">\n<div class=\"mkdf-post-text-main\">\n<div class=\"mkdf-post-text\">\n<div class=\"mkdf-post-text-inner\">\n<div class=\"mkdf-post-text-main\">\n<div class=\"page-title-head hgroup\">\n<div class=\"page-title-head hgroup\">\n<div class=\"page-title-head hgroup\">\n<div class=\"page-title-head hgroup\">\n<div class=\"b654a4as d2edcug0\">\n<div class=\"page-title-head hgroup\">\n<div class=\"page-title-head hgroup\">\n<div class=\"page-title-head hgroup\">\n<div class=\"page-title-head hgroup\">\n<div class=\"b654a4as d2edcug0\">\n<div class=\"page-title-head hgroup\">\n<div class=\"page-title-head hgroup\">\n<div class=\"page-title-head hgroup\">\n<div class=\"page-title-head hgroup\">\n<div class=\"b654a4as d2edcug0\">\n<div><\/div>\n<div><\/div>\n<div>\n<p><strong>MUSICA ALLA RADIO, IL PROGRAMMA DI LORIS SCUSSEL &#8220;COLLAGE OPERAZIONE NOSTALGIA&#8221; DAL LUNEDI AL VENERDI ALLE 16.00\u00a0 E ALLE 23\u00a0<\/strong><\/p>\n<p>&nbsp;<\/p>\n<\/div>\n<p><strong>PUNTATA 610 DEL 20 MAGGIO 2022\u00a0<\/strong><\/p>\n<audio class=\"wp-audio-shortcode\" id=\"audio-276701-16\" preload=\"none\" style=\"width: 100%;\" controls=\"controls\"><source type=\"audio\/mpeg\" src=\"https:\/\/www.radiopiu.net\/wordpress\/wp-content\/uploads\/2022\/05\/Collage-610.mp3?_=16\" \/><a href=\"https:\/\/www.radiopiu.net\/wordpress\/wp-content\/uploads\/2022\/05\/Collage-610.mp3\">https:\/\/www.radiopiu.net\/wordpress\/wp-content\/uploads\/2022\/05\/Collage-610.mp3<\/a><\/audio>\n<p>&nbsp;<\/p>\n<\/div>\n<p>&nbsp;<\/p>\n<div class=\"b654a4as d2edcug0\">\n<hr \/>\n<\/div>\n<\/div>\n<\/div>\n<\/div>\n<\/div>\n<\/div>\n<\/div>\n<\/div>\n<\/div>\n<\/div>\n<\/div>\n<\/div>\n<\/div>\n<\/div>\n<\/div>\n<\/div>\n<\/div>\n<\/div>\n<\/div>\n<\/div>\n<\/div>\n<\/div>\n<\/div>\n<\/div>\n<\/div>\n<\/div>\n<\/div>\n<\/div>\n<\/div>\n<\/div>\n<\/div>\n<\/div>\n<\/div>\n<\/div>\n<\/div>\n<\/div>\n<\/div>\n<\/div>\n<\/div>\n<\/div>\n<\/div>\n<\/div>\n<\/div>\n<\/div>\n<\/div>\n<\/div>\n<\/div>\n<\/div>\n<\/div>\n<\/div>\n<\/div>\n<\/div>\n<\/div>\n<\/div>\n<\/div>\n<\/div>\n<\/div>\n<\/div>\n<\/div>\n<\/div>\n<\/div>\n<\/div>\n<\/div>\n<\/div>\n<p>&nbsp;<\/p>\n<blockquote>\n<h3><span style=\"color: #0000ff;\">RADIO PIU INFORMAZIONE il canale su TELEGRAM informazione di prima mano e in tempo reale. iscriviti ed aiutaci a farlo conoscere\u00a0\u00a0<\/span><\/h3>\n<\/blockquote>\n<div>\n<div class=\"page-title-head hgroup\">\n<div class=\"page-title-head hgroup\">\n<div class=\"page-title-head hgroup\">\n<div class=\"page-title-head hgroup\">\n<div class=\"b654a4as d2edcug0\">\n<div class=\"page-title-head hgroup\">\n<div class=\"page-title-head hgroup\">\n<div class=\"page-title-head hgroup\">\n<div class=\"page-title-head hgroup\">\n<div class=\"b654a4as d2edcug0\">\n<div class=\"page-title-head hgroup\">\n<div class=\"page-title-head hgroup\">\n<div class=\"page-title-head hgroup\">\n<div class=\"page-title-head hgroup\">\n<div class=\"page-title-head hgroup\">\n<div class=\"page-title-head hgroup\">\n<div class=\"page-title-head hgroup\">\n<div class=\"page-title-head hgroup\">\n<div class=\"page-title-head hgroup\">\n<div class=\"b654a4as d2edcug0\">\n<div class=\"page-title-head hgroup\">\n<div class=\"page-title-head hgroup\">\n<div class=\"page-title-head hgroup\">\n<div class=\"page-title-head hgroup\">\n<div class=\"b654a4as d2edcug0\">\n<div><\/div>\n<div>\n<div class=\"page-title-head hgroup\">\n<div class=\"page-title-head hgroup\">\n<div class=\"page-title-head hgroup\">\n<div class=\"page-title-head hgroup\">\n<div class=\"page-title-head hgroup\">\n<div class=\"mkdf-post-text\">\n<div class=\"mkdf-post-text-inner\">\n<div class=\"mkdf-post-text-main\">\n<div class=\"mkdf-post-text\">\n<div class=\"mkdf-post-text-inner\">\n<div class=\"mkdf-post-text-main\">\n<div class=\"mkdf-post-text\">\n<div class=\"mkdf-post-text-inner\">\n<div class=\"mkdf-post-text-main\">\n<div class=\"page-title-head hgroup\">\n<div class=\"page-title-head hgroup\">\n<div class=\"mkdf-post-text\">\n<div class=\"mkdf-post-text-inner\">\n<div class=\"mkdf-post-text-main\">\n<div class=\"mkdf-post-text\">\n<div class=\"mkdf-post-text-inner\">\n<div class=\"mkdf-post-text-main\">\n<div class=\"page-title-head hgroup\">\n<div class=\"page-title-head hgroup\">\n<div class=\"page-title-head hgroup\">\n<div class=\"page-title-head hgroup\">\n<div class=\"b654a4as d2edcug0\">\n<div class=\"page-title-head hgroup\">\n<div class=\"page-title-head hgroup\">\n<div class=\"page-title-head hgroup\">\n<div class=\"page-title-head hgroup\">\n<div class=\"b654a4as d2edcug0\">\n<div class=\"page-title-head hgroup\">\n<div class=\"page-title-head hgroup\">\n<div class=\"page-title-head hgroup\">\n<p>&nbsp;<\/p>\n<div>\n<div class=\"page-title-head hgroup\">\n<div class=\"page-title-head hgroup\">\n<div class=\"b654a4as d2edcug0\">\n<div class=\"j83agx80 btwxx1t3 lhclo0ds hop8lmos nkwizq5d scwd0bx6 roh60bw9\">\n<div class=\"rq0escxv hkbzh7o3 jwdofwj8 n8tt0mok r8blr3vg hyh9befq\">\n<div class=\"do00u71z l9j0dhe7 k4urcfbm\">\n<div class=\"page-title-head hgroup\">\n<div class=\"page-title-head hgroup\">\n<div class=\"b654a4as d2edcug0\">\n<div class=\"j83agx80 btwxx1t3 lhclo0ds hop8lmos nkwizq5d scwd0bx6 roh60bw9\">\n<div class=\"rq0escxv hkbzh7o3 jwdofwj8 n8tt0mok r8blr3vg hyh9befq\">\n<div class=\"do00u71z l9j0dhe7 k4urcfbm\">\n<div class=\"ecm0bbzt e5nlhep0 a8c37x1j\">\n<div class=\"kvgmc6g5 cxmmr5t8 oygrvhab hcukyx3x c1et5uql\">\n<div class=\"gmail-kvgmc6g5 gmail-cxmmr5t8 gmail-oygrvhab gmail-hcukyx3x gmail-c1et5uql gmail-ii04i59q\">\n<div class=\"page-title-head hgroup\">\n<div class=\"page-title-head hgroup\">\n<div class=\"b654a4as d2edcug0\">\n<div class=\"j83agx80 btwxx1t3 lhclo0ds hop8lmos nkwizq5d scwd0bx6 roh60bw9\">\n<div class=\"rq0escxv hkbzh7o3 jwdofwj8 n8tt0mok r8blr3vg hyh9befq\">\n<div class=\"do00u71z l9j0dhe7 k4urcfbm\">\n<div class=\"page-title-head hgroup\">\n<div class=\"page-title-head hgroup\">\n<div class=\"b654a4as d2edcug0\">\n<div class=\"j83agx80 btwxx1t3 lhclo0ds hop8lmos nkwizq5d scwd0bx6 roh60bw9\">\n<div class=\"rq0escxv hkbzh7o3 jwdofwj8 n8tt0mok r8blr3vg hyh9befq\">\n<div class=\"do00u71z l9j0dhe7 k4urcfbm\">\n<div class=\"page-title-head hgroup\">\n<div class=\"page-title-head hgroup\">\n<div class=\"b654a4as d2edcug0\">\n<div class=\"j83agx80 btwxx1t3 lhclo0ds hop8lmos nkwizq5d scwd0bx6 roh60bw9\">\n<div class=\"rq0escxv hkbzh7o3 jwdofwj8 n8tt0mok r8blr3vg hyh9befq\">\n<div class=\"do00u71z l9j0dhe7 k4urcfbm\">\n<div class=\"ecm0bbzt e5nlhep0 a8c37x1j\">\n<div class=\"kvgmc6g5 cxmmr5t8 oygrvhab hcukyx3x c1et5uql\">\n<div class=\"gmail-kvgmc6g5 gmail-cxmmr5t8 gmail-oygrvhab gmail-hcukyx3x gmail-c1et5uql gmail-ii04i59q\">\n<div class=\"page-title-head hgroup\">\n<div class=\"page-title-head hgroup\">\n<div class=\"b654a4as d2edcug0\">\n<div class=\"j83agx80 btwxx1t3 lhclo0ds hop8lmos nkwizq5d scwd0bx6 roh60bw9\">\n<div class=\"rq0escxv hkbzh7o3 jwdofwj8 n8tt0mok r8blr3vg hyh9befq\">\n<div class=\"do00u71z l9j0dhe7 k4urcfbm\">\n<div class=\"page-title-head hgroup\">\n<div class=\"page-title-head hgroup\">\n<div class=\"page-title-head hgroup\">\n<div class=\"page-title-head hgroup\">\n<div class=\"b654a4as d2edcug0\">\n<div class=\"page-title-head hgroup\">\n<div class=\"page-title-head hgroup\">\n<div class=\"page-title-head hgroup\">\n<div class=\"page-title-head hgroup\">\n<div class=\"b654a4as d2edcug0\">\n<div class=\"page-title-head hgroup\">\n<div class=\"page-title-head hgroup\">\n<div class=\"page-title-head hgroup\">\n<div class=\"page-title-head hgroup\">\n<div class=\"page-title-head hgroup\">\n<div class=\"page-title-head hgroup\">\n<div class=\"page-title-head hgroup\">\n<div class=\"page-title-head hgroup\">\n<div class=\"page-title-head hgroup\">\n<div class=\"b654a4as d2edcug0\">\n<div class=\"page-title-head hgroup\">\n<div class=\"page-title-head hgroup\">\n<div class=\"page-title-head hgroup\">\n<div class=\"page-title-head hgroup\">\n<div class=\"b654a4as d2edcug0\">\n<div class=\"page-title-head hgroup\">\n<div class=\"page-title-head hgroup\">\n<div class=\"page-title-head hgroup\">\n<div class=\"page-title-head hgroup\">\n<div class=\"page-title-head hgroup\">\n<div class=\"mkdf-post-text\">\n<div class=\"mkdf-post-text-inner\">\n<div class=\"mkdf-post-text-main\">\n<div class=\"mkdf-post-text\">\n<div class=\"mkdf-post-text-inner\">\n<div class=\"mkdf-post-text-main\">\n<div class=\"mkdf-post-text\">\n<div class=\"mkdf-post-text-inner\">\n<div class=\"mkdf-post-text-main\">\n<div class=\"page-title-head hgroup\">\n<div class=\"page-title-head hgroup\">\n<div class=\"mkdf-post-text\">\n<div class=\"mkdf-post-text-inner\">\n<div class=\"mkdf-post-text-main\">\n<div class=\"mkdf-post-text\">\n<div class=\"mkdf-post-text-inner\">\n<div class=\"mkdf-post-text-main\">\n<div class=\"page-title-head hgroup\">\n<div class=\"page-title-head hgroup\">\n<div class=\"page-title-head hgroup\">\n<div class=\"page-title-head hgroup\">\n<div class=\"b654a4as d2edcug0\">\n<div class=\"page-title-head hgroup\">\n<div class=\"page-title-head hgroup\">\n<div class=\"page-title-head hgroup\">\n<div class=\"page-title-head hgroup\">\n<div class=\"b654a4as d2edcug0\">\n<div class=\"page-title-head hgroup\">\n<div class=\"page-title-head hgroup\">\n<div class=\"page-title-head hgroup\">\n<div class=\"page-title-head hgroup\">\n<div class=\"b654a4as d2edcug0\">\n<div class=\"ecm0bbzt e5nlhep0 a8c37x1j\">\n<div class=\"kvgmc6g5 cxmmr5t8 oygrvhab hcukyx3x c1et5uql\">\n<div class=\"gmail-kvgmc6g5 gmail-cxmmr5t8 gmail-oygrvhab gmail-hcukyx3x gmail-c1et5uql gmail-ii04i59q\">\n<div class=\"page-title-head hgroup\">\n<div class=\"page-title-head hgroup\">\n<div class=\"b654a4as d2edcug0\">\n<div class=\"j83agx80 btwxx1t3 lhclo0ds hop8lmos nkwizq5d scwd0bx6 roh60bw9\">\n<div class=\"rq0escxv hkbzh7o3 jwdofwj8 n8tt0mok r8blr3vg hyh9befq\">\n<div class=\"do00u71z l9j0dhe7 k4urcfbm\">\n<div class=\"page-title-head hgroup\">\n<div class=\"page-title-head hgroup\">\n<div class=\"page-title-head hgroup\">\n<div class=\"page-title-head hgroup\">\n<div class=\"b654a4as d2edcug0\">\n<div class=\"page-title-head hgroup\">\n<div class=\"page-title-head hgroup\">\n<div class=\"page-title-head hgroup\">\n<div class=\"page-title-head hgroup\">\n<div class=\"b654a4as d2edcug0\">\n<div class=\"page-title-head hgroup\">\n<div class=\"page-title-head hgroup\">\n<div class=\"page-title-head hgroup\">\n<div class=\"page-title-head hgroup\">\n<div class=\"page-title-head hgroup\">\n<div class=\"page-title-head hgroup\">\n<div class=\"page-title-head hgroup\">\n<div class=\"page-title-head hgroup\">\n<div class=\"page-title-head hgroup\">\n<div class=\"b654a4as d2edcug0\">\n<div class=\"page-title-head hgroup\">\n<div class=\"page-title-head hgroup\">\n<div class=\"page-title-head hgroup\">\n<div class=\"page-title-head hgroup\">\n<div class=\"b654a4as d2edcug0\">\n<div class=\"page-title-head hgroup\">\n<div class=\"page-title-head hgroup\">\n<div class=\"page-title-head hgroup\">\n<div class=\"page-title-head hgroup\">\n<div class=\"page-title-head hgroup\">\n<div class=\"mkdf-post-text\">\n<div class=\"mkdf-post-text-inner\">\n<div class=\"mkdf-post-text-main\">\n<div class=\"mkdf-post-text\">\n<div class=\"mkdf-post-text-inner\">\n<div class=\"mkdf-post-text-main\">\n<div class=\"mkdf-post-text\">\n<div class=\"mkdf-post-text-inner\">\n<div class=\"mkdf-post-text-main\">\n<div class=\"page-title-head hgroup\">\n<div class=\"page-title-head hgroup\">\n<div class=\"mkdf-post-text\">\n<div class=\"mkdf-post-text-inner\">\n<div class=\"mkdf-post-text-main\">\n<div class=\"mkdf-post-text\">\n<div class=\"mkdf-post-text-inner\">\n<div class=\"mkdf-post-text-main\">\n<div class=\"page-title-head hgroup\">\n<div class=\"page-title-head hgroup\">\n<div class=\"page-title-head hgroup\">\n<div class=\"page-title-head hgroup\">\n<div class=\"b654a4as d2edcug0\">\n<div class=\"page-title-head hgroup\">\n<div class=\"page-title-head hgroup\">\n<div class=\"page-title-head hgroup\">\n<div class=\"page-title-head hgroup\">\n<div class=\"b654a4as d2edcug0\">\n<div class=\"page-title-head hgroup\">\n<div class=\"page-title-head hgroup\">\n<div class=\"page-title-head hgroup\">\n<div class=\"page-title-head hgroup\">\n<div class=\"b654a4as d2edcug0\">\n<hr \/>\n<p>&nbsp;<\/p>\n<div>\n<p><strong>DUE MINUTI UN LIBRO, TUTTI I GIORNI ALLA RADIO ALLE 9.40 E ALLE 17.50\u00a0\u00a0<\/strong><\/p>\n<div>\n<div>\n<p><strong>LA RACCOLTA COMPLETA\u00a0\u00a0<\/strong><\/p>\n<\/div>\n<\/div>\n<\/div>\n<div class=\"mkdf-post-text\">\n<div class=\"mkdf-post-text-inner\">\n<div class=\"mkdf-post-text-main\">\n<div class=\"mkdf-post-text\">\n<div class=\"mkdf-post-text-inner\">\n<div class=\"mkdf-post-text-main\">\n<div class=\"mkdf-post-text\">\n<div class=\"mkdf-post-text-inner\">\n<div class=\"mkdf-post-text-main\">\n<div class=\"page-title-head hgroup\">\n<div class=\"page-title-head hgroup\">\n<div class=\"mkdf-post-text\">\n<div class=\"mkdf-post-text-inner\">\n<div class=\"mkdf-post-text-main\">\n<div class=\"mkdf-post-text\">\n<div class=\"mkdf-post-text-inner\">\n<div class=\"mkdf-post-text-main\">\n<div class=\"page-title-head hgroup\">\n<div class=\"page-title-head hgroup\">\n<div class=\"page-title-head hgroup\">\n<div class=\"page-title-head hgroup\">\n<div class=\"b654a4as d2edcug0\">\n<div class=\"page-title-head hgroup\">\n<div class=\"page-title-head hgroup\">\n<div class=\"page-title-head hgroup\">\n<div class=\"page-title-head hgroup\">\n<div class=\"b654a4as d2edcug0\">\n<div class=\"page-title-head hgroup\">\n<div class=\"page-title-head hgroup\">\n<div class=\"page-title-head hgroup\">\n<div class=\"page-title-head hgroup\">\n<div class=\"b654a4as d2edcug0\">\n<div>\n<blockquote class=\"wp-embedded-content\" data-secret=\"KyVlrwcTBy\"><p><a href=\"https:\/\/www.radiopiu.net\/wordpress\/due-minuti-un-libro\/\">Due minuti un libro<\/a><\/p><\/blockquote>\n<p><iframe loading=\"lazy\" class=\"wp-embedded-content\" sandbox=\"allow-scripts\" security=\"restricted\" style=\"position: absolute; clip: rect(1px, 1px, 1px, 1px);\" title=\"&#8220;Due minuti un libro&#8221; &#8212; Radio Pi\u00f9\" src=\"https:\/\/www.radiopiu.net\/wordpress\/due-minuti-un-libro\/embed\/#?secret=ADaTdelj2k#?secret=KyVlrwcTBy\" data-secret=\"KyVlrwcTBy\" width=\"600\" height=\"338\" frameborder=\"0\" marginwidth=\"0\" marginheight=\"0\" scrolling=\"no\"><\/iframe><\/p>\n<p>&nbsp;<\/p>\n<\/div>\n<div>\n<hr \/>\n<p>&nbsp;<\/p>\n<\/div>\n<h2><span style=\"color: #808000;\">L&#8217;ALMANACCO LADINO\u00a0<\/span><\/h2>\n<p><strong>LA RACCOLTA<\/strong><\/p>\n<blockquote class=\"wp-embedded-content\" data-secret=\"J6TMwdjCzt\"><p><a href=\"https:\/\/www.radiopiu.net\/wordpress\/almanacco-ladino\/\">Almanacco Ladino<\/a><\/p><\/blockquote>\n<p><iframe loading=\"lazy\" class=\"wp-embedded-content\" sandbox=\"allow-scripts\" security=\"restricted\" style=\"position: absolute; clip: rect(1px, 1px, 1px, 1px);\" title=\"&#8220;Almanacco Ladino&#8221; &#8212; Radio Pi\u00f9\" src=\"https:\/\/www.radiopiu.net\/wordpress\/almanacco-ladino\/embed\/#?secret=0d7Z8l0NjT#?secret=J6TMwdjCzt\" data-secret=\"J6TMwdjCzt\" width=\"600\" height=\"338\" frameborder=\"0\" marginwidth=\"0\" marginheight=\"0\" scrolling=\"no\"><\/iframe><\/p>\n<hr \/>\n<h2><span style=\"color: #33cccc;\">\u00a0<\/span><\/h2>\n<h2><span style=\"color: #33cccc;\">LA RASSEGNA STAMPA DA L&#8217;AMICO DEL POPOLO<\/span><\/h2>\n<p><strong>LA RACCOLTA COMPLETA<\/strong><\/p>\n<blockquote class=\"wp-embedded-content\" data-secret=\"bZGwBQW6wo\"><p><a href=\"https:\/\/www.radiopiu.net\/wordpress\/rassegna-stampa-di-gianni-santomaso\/\">Rassegna stampa da l&#8217;amico del popolo &#8211; di Gianni Santomaso<\/a><\/p><\/blockquote>\n<p><iframe loading=\"lazy\" class=\"wp-embedded-content\" sandbox=\"allow-scripts\" security=\"restricted\" style=\"position: absolute; clip: rect(1px, 1px, 1px, 1px);\" title=\"&#8220;Rassegna stampa da l&#8217;amico del popolo &#8211; di Gianni Santomaso&#8221; &#8212; Radio Pi\u00f9\" src=\"https:\/\/www.radiopiu.net\/wordpress\/rassegna-stampa-di-gianni-santomaso\/embed\/#?secret=CXq74JeSl8#?secret=bZGwBQW6wo\" data-secret=\"bZGwBQW6wo\" width=\"600\" height=\"338\" frameborder=\"0\" marginwidth=\"0\" marginheight=\"0\" scrolling=\"no\"><\/iframe><\/p>\n<p>&nbsp;<\/p>\n<hr \/>\n<p>&nbsp;<\/p>\n<div>\n<div class=\"page-title-head hgroup\">\n<div class=\"page-title-head hgroup\">\n<div class=\"b654a4as d2edcug0\">\n<div class=\"j83agx80 btwxx1t3 lhclo0ds hop8lmos nkwizq5d scwd0bx6 roh60bw9\">\n<div class=\"rq0escxv hkbzh7o3 jwdofwj8 n8tt0mok r8blr3vg hyh9befq\">\n<div class=\"do00u71z l9j0dhe7 k4urcfbm\">\n<div class=\"ecm0bbzt e5nlhep0 a8c37x1j\">\n<div class=\"kvgmc6g5 cxmmr5t8 oygrvhab hcukyx3x c1et5uql\">\n<div class=\"gmail-kvgmc6g5 gmail-cxmmr5t8 gmail-oygrvhab gmail-hcukyx3x gmail-c1et5uql gmail-ii04i59q\">\n<div class=\"page-title-head hgroup\">\n<div class=\"page-title-head hgroup\">\n<div class=\"b654a4as d2edcug0\">\n<div class=\"j83agx80 btwxx1t3 lhclo0ds hop8lmos nkwizq5d scwd0bx6 roh60bw9\">\n<div class=\"rq0escxv hkbzh7o3 jwdofwj8 n8tt0mok r8blr3vg hyh9befq\">\n<div class=\"do00u71z l9j0dhe7 k4urcfbm\">\n<div class=\"page-title-head hgroup\">\n<div class=\"page-title-head hgroup\">\n<div class=\"page-title-head hgroup\">\n<div class=\"page-title-head hgroup\">\n<div class=\"b654a4as d2edcug0\">\n<div class=\"page-title-head hgroup\">\n<div class=\"page-title-head hgroup\">\n<div class=\"page-title-head hgroup\">\n<div class=\"page-title-head hgroup\">\n<div class=\"b654a4as d2edcug0\">\n<div class=\"page-title-head hgroup\">\n<div class=\"page-title-head hgroup\">\n<div class=\"page-title-head hgroup\">\n<div class=\"page-title-head hgroup\">\n<div class=\"page-title-head hgroup\">\n<div class=\"page-title-head hgroup\">\n<div class=\"page-title-head hgroup\">\n<div class=\"page-title-head hgroup\">\n<div class=\"page-title-head hgroup\">\n<div class=\"b654a4as d2edcug0\">\n<div class=\"page-title-head hgroup\">\n<div class=\"page-title-head hgroup\">\n<div class=\"page-title-head hgroup\">\n<div class=\"page-title-head hgroup\">\n<div class=\"b654a4as d2edcug0\">\n<div class=\"page-title-head hgroup\">\n<div class=\"page-title-head hgroup\">\n<div class=\"page-title-head hgroup\">\n<div class=\"page-title-head hgroup\">\n<div class=\"page-title-head hgroup\">\n<div class=\"mkdf-post-text\">\n<div class=\"mkdf-post-text-inner\">\n<div class=\"mkdf-post-text-main\">\n<div class=\"mkdf-post-text\">\n<div class=\"mkdf-post-text-inner\">\n<div class=\"mkdf-post-text-main\">\n<div class=\"mkdf-post-text\">\n<div class=\"mkdf-post-text-inner\">\n<div class=\"mkdf-post-text-main\">\n<div class=\"page-title-head hgroup\">\n<div class=\"page-title-head hgroup\">\n<div class=\"mkdf-post-text\">\n<div class=\"mkdf-post-text-inner\">\n<div class=\"mkdf-post-text-main\">\n<div class=\"mkdf-post-text\">\n<div class=\"mkdf-post-text-inner\">\n<div class=\"mkdf-post-text-main\">\n<div class=\"page-title-head hgroup\">\n<div class=\"page-title-head hgroup\">\n<div class=\"page-title-head hgroup\">\n<div class=\"page-title-head hgroup\">\n<div class=\"b654a4as d2edcug0\">\n<div class=\"page-title-head hgroup\">\n<div class=\"page-title-head hgroup\">\n<div class=\"page-title-head hgroup\">\n<div class=\"page-title-head hgroup\">\n<div class=\"b654a4as d2edcug0\">\n<div class=\"page-title-head hgroup\">\n<div class=\"page-title-head hgroup\">\n<div class=\"page-title-head hgroup\">\n<div class=\"page-title-head hgroup\">\n<div class=\"b654a4as d2edcug0\">\n<h2><span style=\"color: #800080;\">I RACCONTI DI PAOLO SOPPELSA\u00a0<\/span><\/h2>\n<p><strong>LA RACCOLTA COMPLETA<\/strong><\/p>\n<blockquote class=\"wp-embedded-content\" data-secret=\"rCpWklc18M\"><p><a href=\"https:\/\/www.radiopiu.net\/wordpress\/i-racconti-di-paolo-soppelsa\/\">I racconti di Paolo Soppelsa<\/a><\/p><\/blockquote>\n<p><iframe loading=\"lazy\" class=\"wp-embedded-content\" sandbox=\"allow-scripts\" security=\"restricted\" style=\"position: absolute; clip: rect(1px, 1px, 1px, 1px);\" title=\"&#8220;I racconti di Paolo Soppelsa&#8221; &#8212; Radio Pi\u00f9\" src=\"https:\/\/www.radiopiu.net\/wordpress\/i-racconti-di-paolo-soppelsa\/embed\/#?secret=IPLqZdUeda#?secret=rCpWklc18M\" data-secret=\"rCpWklc18M\" width=\"600\" height=\"338\" frameborder=\"0\" marginwidth=\"0\" marginheight=\"0\" scrolling=\"no\"><\/iframe><\/p>\n<p>&nbsp;<\/p>\n<hr \/>\n<p>&nbsp;<\/p>\n<\/div>\n<\/div>\n<\/div>\n<\/div>\n<\/div>\n<\/div>\n<\/div>\n<\/div>\n<\/div>\n<\/div>\n<\/div>\n<\/div>\n<\/div>\n<\/div>\n<\/div>\n<\/div>\n<\/div>\n<\/div>\n<\/div>\n<\/div>\n<\/div>\n<\/div>\n<\/div>\n<\/div>\n<\/div>\n<\/div>\n<\/div>\n<\/div>\n<\/div>\n<\/div>\n<\/div>\n<\/div>\n<\/div>\n<\/div>\n<\/div>\n<\/div>\n<\/div>\n<\/div>\n<\/div>\n<\/div>\n<\/div>\n<\/div>\n<\/div>\n<\/div>\n<\/div>\n<\/div>\n<\/div>\n<\/div>\n<\/div>\n<\/div>\n<\/div>\n<\/div>\n<\/div>\n<\/div>\n<\/div>\n<\/div>\n<\/div>\n<\/div>\n<\/div>\n<\/div>\n<\/div>\n<\/div>\n<\/div>\n<\/div>\n<\/div>\n<\/div>\n<\/div>\n<\/div>\n<\/div>\n<\/div>\n<\/div>\n<\/div>\n<\/div>\n<\/div>\n<\/div>\n<\/div>\n<\/div>\n<\/div>\n<\/div>\n<\/div>\n<\/div>\n<\/div>\n<\/div>\n<\/div>\n<\/div>\n<\/div>\n<\/div>\n<\/div>\n<\/div>\n<\/div>\n<\/div>\n<\/div>\n<\/div>\n<\/div>\n<\/div>\n<\/div>\n<\/div>\n<\/div>\n<\/div>\n<\/div>\n<\/div>\n<\/div>\n<\/div>\n<\/div>\n<\/div>\n<\/div>\n<\/div>\n<\/div>\n<\/div>\n<\/div>\n<\/div>\n<div class=\"b654a4as d2edcug0\">\n<div class=\"ecm0bbzt e5nlhep0 a8c37x1j\">\n<div class=\"kvgmc6g5 cxmmr5t8 oygrvhab hcukyx3x c1et5uql\">\n<div class=\"gmail-kvgmc6g5 gmail-cxmmr5t8 gmail-oygrvhab gmail-hcukyx3x gmail-c1et5uql gmail-ii04i59q\">\n<div>\n<div class=\"page-title-head hgroup\">\n<div class=\"page-title-head hgroup\">\n<div class=\"b654a4as d2edcug0\">\n<div class=\"j83agx80 btwxx1t3 lhclo0ds hop8lmos nkwizq5d scwd0bx6 roh60bw9\">\n<div class=\"rq0escxv hkbzh7o3 jwdofwj8 n8tt0mok r8blr3vg hyh9befq\">\n<div class=\"do00u71z l9j0dhe7 k4urcfbm\">\n<div>\n<div class=\"page-title-head hgroup\">\n<div class=\"page-title-head hgroup\">\n<div class=\"page-title-head hgroup\">\n<div class=\"page-title-head hgroup\">\n<div class=\"b654a4as d2edcug0\">\n<div class=\"page-title-head hgroup\">\n<div class=\"page-title-head hgroup\">\n<div class=\"page-title-head hgroup\">\n<div class=\"page-title-head hgroup\">\n<div class=\"b654a4as d2edcug0\">\n<div class=\"page-title-head hgroup\">\n<div class=\"page-title-head hgroup\">\n<div class=\"page-title-head hgroup\">\n<div class=\"page-title-head hgroup\">\n<div class=\"page-title-head hgroup\">\n<div class=\"mkdf-post-text\">\n<div class=\"mkdf-post-text-inner\">\n<div class=\"mkdf-post-text-main\">\n<div class=\"mkdf-post-text\">\n<div class=\"mkdf-post-text-inner\">\n<div class=\"mkdf-post-text-main\">\n<div class=\"mkdf-post-text\">\n<div class=\"mkdf-post-text-inner\">\n<div class=\"mkdf-post-text-main\">\n<div class=\"page-title-head hgroup\">\n<div class=\"page-title-head hgroup\">\n<div class=\"mkdf-post-text\">\n<div class=\"mkdf-post-text-inner\">\n<div class=\"mkdf-post-text-main\">\n<div class=\"mkdf-post-text\">\n<div class=\"mkdf-post-text-inner\">\n<div class=\"mkdf-post-text-main\">\n<div>\n<div class=\"page-title-head hgroup\">\n<div class=\"page-title-head hgroup\">\n<div>\n<div class=\"page-title-head hgroup\">\n<div class=\"page-title-head hgroup\">\n<div class=\"b654a4as d2edcug0\">\n<div>\n<div class=\"page-title-head hgroup\" style=\"text-align: left;\">\n<div class=\"page-title-head hgroup\">\n<div dir=\"auto\">\n<p><a class=\"dt-pswp-item pspw-wrap-ready\" href=\"https:\/\/i0.wp.com\/www.radiopiu.net\/wordpress\/wp-content\/uploads\/2018\/09\/WhatsApp-Image-2018-09-20-at-16.04.06.jpeg?ssl=1\" data-dt-img-description=\"\" data-large_image_width=\"800\" data-large_image_height=\"100\"><img loading=\"lazy\" decoding=\"async\" class=\"aligncenter wp-image-61378 size-full jetpack-lazy-image jetpack-lazy-image--handled\" src=\"https:\/\/i0.wp.com\/www.radiopiu.net\/wordpress\/wp-content\/uploads\/2018\/09\/WhatsApp-Image-2018-09-20-at-16.04.06.jpeg?resize=800%2C100&amp;ssl=1\" sizes=\"auto, (max-width: 800px) 100vw, 800px\" srcset=\"https:\/\/i0.wp.com\/www.radiopiu.net\/wordpress\/wp-content\/uploads\/2018\/09\/WhatsApp-Image-2018-09-20-at-16.04.06.jpeg?w=800&amp;ssl=1 800w, https:\/\/i0.wp.com\/www.radiopiu.net\/wordpress\/wp-content\/uploads\/2018\/09\/WhatsApp-Image-2018-09-20-at-16.04.06.jpeg?resize=300%2C38&amp;ssl=1 300w, https:\/\/i0.wp.com\/www.radiopiu.net\/wordpress\/wp-content\/uploads\/2018\/09\/WhatsApp-Image-2018-09-20-at-16.04.06.jpeg?resize=768%2C96&amp;ssl=1 768w\" alt=\"\" width=\"800\" height=\"100\" data-lazy-loaded=\"1\" \/><\/a><\/p>\n<\/div>\n<\/div>\n<\/div>\n<\/div>\n<\/div>\n<\/div>\n<\/div>\n<\/div>\n<\/div>\n<\/div>\n<\/div>\n<\/div>\n<\/div>\n<\/div>\n<\/div>\n<\/div>\n<\/div>\n<\/div>\n<\/div>\n<\/div>\n<\/div>\n<\/div>\n<\/div>\n<\/div>\n<\/div>\n<\/div>\n<\/div>\n<\/div>\n<\/div>\n<\/div>\n<\/div>\n<\/div>\n<\/div>\n<\/div>\n<\/div>\n<\/div>\n<\/div>\n<\/div>\n<\/div>\n<\/div>\n<\/div>\n<\/div>\n<\/div>\n<\/div>\n<\/div>\n<\/div>\n<\/div>\n<\/div>\n<\/div>\n<\/div>\n<\/div>\n<\/div>\n<\/div>\n<\/div>\n<\/div>\n<\/div>\n<\/div>\n<\/div>\n<\/div>\n<\/div>\n<\/div>\n<\/div>\n<\/div>\n<\/div>\n<\/div>\n<\/div>\n<\/div>\n<\/div>\n<\/div>\n<\/div>\n<\/div>\n<\/div>\n<\/div>\n<\/div>\n<\/div>\n<\/div>\n<\/div>\n<\/div>\n<\/div>\n<\/div>\n<\/div>\n<\/div>\n<\/div>\n<\/div>\n<\/div>\n<\/div>\n<\/div>\n<\/div>\n<\/div>\n<\/div>\n<\/div>\n<\/div>\n<\/div>\n<\/div>\n<\/div>\n<\/div>\n<\/div>\n<\/div>\n<\/div>\n<\/div>\n<\/div>\n<\/div>\n<\/div>\n<\/div>\n<\/div>\n<\/div>\n<\/div>\n<\/div>\n<\/div>\n<\/div>\n<\/div>\n<\/div>\n<\/div>\n<\/div>\n<\/div>\n<\/div>\n<\/div>\n<\/div>\n<\/div>\n<\/div>\n<\/div>\n<\/div>\n<\/div>\n<\/div>\n<\/div>\n<\/div>\n<\/div>\n<\/div>\n<\/div>\n<\/div>\n<\/div>\n<\/div>\n<\/div>\n<\/div>\n<\/div>\n<\/div>\n<\/div>\n<\/div>\n<\/div>\n<\/div>\n<\/div>\n<\/div>\n<\/div>\n<\/div>\n<\/div>\n<\/div>\n<\/div>\n<\/div>\n<\/div>\n<\/div>\n<\/div>\n<\/div>\n<\/div>\n<\/div>\n<\/div>\n<\/div>\n<\/div>\n<\/div>\n<\/div>\n<\/div>\n<\/div>\n<\/div>\n<\/div>\n<\/div>\n<\/div>\n<\/div>\n<\/div>\n<\/div>\n<\/div>\n<\/div>\n<\/div>\n<\/div>\n<\/div>\n<\/div>\n<\/div>\n<\/div>\n<\/div>\n<\/div>\n<\/div>\n<\/div>\n<\/div>\n<\/div>\n<\/div>\n<\/div>\n<\/div>\n<\/div>\n<\/div>\n<\/div>\n<\/div>\n<\/div>\n<\/div>\n<\/div>\n<\/div>\n<\/div>\n<\/div>\n<\/div>\n<\/div>\n<\/div>\n<\/div>\n<\/div>\n<\/div>\n<\/div>\n<\/div>\n<\/div>\n<\/div>\n<\/div>\n<\/div>\n<\/div>\n<\/div>\n<\/div>\n<\/div>\n<\/div>\n<\/div>\n<\/div>\n<\/div>\n<\/div>\n<\/div>\n<\/div>\n<\/div>\n<\/div>\n<\/div>\n<\/div>\n<\/div>\n<\/div>\n<\/div>\n<\/div>\n<\/div>\n<\/div>\n<\/div>\n<\/div>\n<p>&nbsp;<\/p>\n<p><center><b>Sabato 21<\/b><\/center><b>Tempo atteso: <\/b>Al mattino sole e sottili e velature del cielo. Al pomeriggio tratti di sereno, temporanee velature e modesta attivit\u00e0 cumuliforme, solo localmente moderata, ma il rischio di fenomeni convettivi sar\u00e0 assai remoto. Il caldo tender\u00e0 ad accentuarsi nelle valli, mentre la mitezza rimarr\u00e0 pressoch\u00e9 la stessa in quota.<br \/>\n<b>Precipitazioni: <\/b>Al mattino assenti (0%). Nel pomeriggio\/sera generalmente assenti per parziale inibizione convettiva legata alla presenza delle velature, ma senza poter scartare del tutto qualche piovasco (10%).<br \/>\n<b>Temperature: <\/b>In ulteriore lieve aumento nelle valli e stazionarie in quota, ben al di sopra delle medie del periodo e prettamente estive. Previste punte di 27\/29\u00b0C nei fondovalle prealpini e di 22\/26\u00b0C a 1000\/1200 m. Su Prealpi a 1500 m min 13\u00b0C max 18\u00b0C, a 2000 m min 12\u00b0C max 16\u00b0C. Su Dolomiti a 2000 m min 11\u00b0C max 17\u00b0C; a 3000 m, min 4\u00b0C max 7\u00b0C.<br \/>\n<b>Venti: <\/b>Nelle valli generalmente deboli per brezze, a tratti e localmente moderati in alcuni settori. In quota in prevalenza deboli da nord-ovest, salvo qualche lieve rinforzo sulle cime, a 5-10 km\/h a 2000 m e 5-15 km\/h a 3000 m.<\/p>\n<hr \/>\n<p><center><b>Domenica 22<\/b><\/center><b>Tempo atteso: <\/b>Tempo parzialmente soleggiato per transito di sottili nubi alte in grado di velare il cielo al mattino, poi parziale riduzione del soleggiamento per modesta attivit\u00e0 cumuliforme, localmente moderata e, seppur assai limitata nello spazio e nel tempo, non si potr\u00e0 escludere del tutto qualche singolo fenomeno convettivo. Contesto termico prettamente estivo, molto mite in quota e caldo nelle valli.<br \/>\n<b>Precipitazioni: <\/b>Generalmente assenti (0%) e nel caso ci fossero, si tratterebbe di qualche isolato piovasco (10-20%) o eventuale singolo temporale pomeridiano.<br \/>\n<b>Temperature: <\/b>Pressoch\u00e9 stazionarie rispetto a sabato, salvo qualche locale flessione nei valori massimi in relazione all&#8217;entit\u00e0 degli addensamenti. In ogni caso i livelli rimarranno di 4\/5\u00b0C superiori alle medie del periodo. Su Prealpi a 1500 m min 12\u00b0C max 17\u00b0C, a 2000 m min 11\u00b0C max 16\u00b0C. Su Dolomiti a 2000 m min 10\u00b0C max 16\u00b0C; a 3000 m, min 4\u00b0C max 6\u00b0C.<br \/>\n<b>Venti: <\/b>Nelle valli deboli per brezze, a tratti e temporaneamente moderati in alcuni settori; in quota perlopi\u00f9 moderati da nord-ovest con qualche rinforzo fino a tesi sulle cime pi\u00f9 alte, a 5-15 km\/h a 2000 m e 20-35 km\/h a 3000 m.<\/p>\n<hr \/>\n<p><center><b>Lunedi 23<\/b><\/center>Al mattino tempo in prevalenza soleggiato con cielo sereno o poco nuvoloso per primi cumuli. Al pomeriggio crescente attivit\u00e0 cumuliforme e maggiore\u00a0 intensit\u00e0 degli addensamenti rispetto ai giorni precedenti. I quali saranno associati a rovesci e temporali, sporadicamente gi\u00e0 nelle ore centrali, ma soprattutto al pomeriggio\/sera. Temperature minime in lieve rialzo e massime in leggera flessione. Venti perlopi\u00f9 deboli per brezze nelle valli, a tratti e localmente moderati in alcuni settori; in quota perlopi\u00f9 deboli da sud-ovest al mattino, in rinforzo fino a moderati dal pomeriggio in poi.<\/p>\n<hr \/>\n<p><center><b>Martedi 24<\/b><\/center>Tempo in parte soleggiato e nel contempo maggiormente instabile con maggiore nuvolosit\u00e0 cumuliforme e alto rischio di rovesci e temporali, specie dalle ore centrali in poi. Temperature in diminuzione, pi\u00f9 sensibile in quota. Venti perlopi\u00f9 deboli per brezze nelle valli, a tratti e localmente moderati in alcuni settori; in quota perlopi\u00f9 moderati da sud-ovest, anche tesi sulle cime pi\u00f9 alte. Previsore: R.L.Th.<\/p>\n<p>&nbsp;<\/p>\n<hr \/>\n<p>&nbsp;<\/p>\n<p>&nbsp;<\/p>\n<p><a href=\"https:\/\/www.radiopiu.net\/wordpress\/giornale-radiopiu-26-settembre-2018-direttore-mirko-mezzacasa\/viabilita-2\/\" rel=\"attachment wp-att-61954\"><img loading=\"lazy\" decoding=\"async\" class=\"aligncenter wp-image-61954 size-full\" src=\"https:\/\/www.radiopiu.net\/wordpress\/wp-content\/uploads\/2018\/09\/viabilita.jpeg\" sizes=\"auto, (max-width: 800px) 100vw, 800px\" srcset=\"https:\/\/www.radiopiu.net\/wordpress\/wp-content\/uploads\/2018\/09\/viabilita.jpeg 800w, https:\/\/www.radiopiu.net\/wordpress\/wp-content\/uploads\/2018\/09\/viabilita-300x38.jpeg 300w, https:\/\/www.radiopiu.net\/wordpress\/wp-content\/uploads\/2018\/09\/viabilita-768x96.jpeg 768w\" alt=\"\" width=\"800\" height=\"100\" \/><\/a><\/p>\n<p>&nbsp;<\/p>\n<blockquote class=\"wp-embedded-content\" data-secret=\"nlYKmCIbnV\"><p><a href=\"https:\/\/www.radiopiu.net\/wordpress\/viabilita\/\">viabilita<\/a><\/p><\/blockquote>\n<p><iframe loading=\"lazy\" class=\"wp-embedded-content\" sandbox=\"allow-scripts\" security=\"restricted\" style=\"position: absolute; clip: rect(1px, 1px, 1px, 1px);\" title=\"&#8220;viabilita&#8221; &#8212; Radio Pi\u00f9\" src=\"https:\/\/www.radiopiu.net\/wordpress\/viabilita\/embed\/#?secret=nje0iw4vW4#?secret=nlYKmCIbnV\" data-secret=\"nlYKmCIbnV\" width=\"600\" height=\"338\" frameborder=\"0\" marginwidth=\"0\" marginheight=\"0\" scrolling=\"no\"><\/iframe><\/p>\n<p>&nbsp;<\/p>\n<hr \/>\n<p>&nbsp;<\/p>\n<p>&nbsp;<\/p>\n<p><img loading=\"lazy\" decoding=\"async\" class=\"wp-image-60761 size-full aligncenter\" src=\"https:\/\/www.radiopiu.net\/wordpress\/wp-content\/uploads\/2018\/09\/sport.jpg\" alt=\"\" width=\"800\" height=\"100\" srcset=\"https:\/\/www.radiopiu.net\/wordpress\/wp-content\/uploads\/2018\/09\/sport.jpg 800w, https:\/\/www.radiopiu.net\/wordpress\/wp-content\/uploads\/2018\/09\/sport-300x38.jpg 300w, https:\/\/www.radiopiu.net\/wordpress\/wp-content\/uploads\/2018\/09\/sport-768x96.jpg 768w\" sizes=\"auto, (max-width: 800px) 100vw, 800px\" \/><\/p>\n<p>&nbsp;<\/p>\n<p><span style=\"color: #0000ff;\"><strong>CALCIO<\/strong><\/span><\/p>\n<blockquote>\n<h3>GIOVANISSIMI DELL&#8217;AGORDINA CONTRO LA PLAVIS, KERALPEN IN TRASFETA CONTRO IL CADORE<\/h3>\n<\/blockquote>\n<p><strong><a class=\"dt-pswp-item\" href=\"https:\/\/www.radiopiu.net\/wordpress\/wp-content\/uploads\/2022\/04\/CALCIO.jpg\" data-dt-img-description=\"\" data-large_image_width=\"1920\" data-large_image_height=\"1280\"><img loading=\"lazy\" decoding=\"async\" class=\"size-thumbnail wp-image-270520 alignleft\" src=\"https:\/\/www.radiopiu.net\/wordpress\/wp-content\/uploads\/2022\/04\/CALCIO-150x150.jpg\" alt=\"\" width=\"150\" height=\"150\" \/><\/a>AGORDO<\/strong> Sono terminati tre campionati su quattro per l\u2019Agordina Calcio. La compagine di Agordo ha chiuso con un ottimo quinto posto il campionato di Seconda Categoria, Con la salvezza degli Allievi Regionali e, purtroppo, con la retrocessione nel campionato provinciale per quanto riguarda la squadra Juniores. Non si \u00e8 ancora conclusa la stagione per la squadra dei Giovanissimi allenata da De Bastiani che anche questo fine settimana sar\u00e0 in campo per continuare il campionato provinciale. Si gioca infatti oggi pomeriggio la partita valida per la penultima giornata del campionato e i ragazzi agordini scenderanno in Valbelluna per giocare contro la Plavis alle 15:30. Un match importante per la classifica, le due compagini sono staccate di soli 2 punti e stanno lottando per conquistare un posto nei playoff. Domani alle 16:30 torneranno in campo anche le ragazze del Keralpen che giocheranno in trasferta contro il Cadore la quarta giornata del campionato Eccellenza Femminile seconda fase. Le bellunesi sono in testa alla classifica con tre risultati utili su altrettante partite giocate. All\u2019andata il Keralpen aveva superato le cadorine per 3 a 1.<\/p>\n<p>&nbsp;<\/p>\n<p>&nbsp;<\/p>\n<hr \/>\n<p>&nbsp;<\/p>\n<p><span style=\"color: #0000ff;\"><strong>HOCKEY SU GHIACCIO<\/strong><\/span><\/p>\n<blockquote>\n<h3>LA GERMANIA ATTERRA L&#8217;ITALIA<\/h3>\n<\/blockquote>\n<p><a class=\"dt-pswp-item\" href=\"https:\/\/www.radiopiu.net\/wordpress\/wp-content\/uploads\/2022\/05\/7746359b-86d0-624f-5a37-4d95c25fa9cc-scaled.jpg\" data-dt-img-description=\"\" data-large_image_width=\"2560\" data-large_image_height=\"1707\"><img loading=\"lazy\" decoding=\"async\" class=\"size-thumbnail wp-image-276817 alignleft\" src=\"https:\/\/www.radiopiu.net\/wordpress\/wp-content\/uploads\/2022\/05\/7746359b-86d0-624f-5a37-4d95c25fa9cc-150x150.jpg\" alt=\"\" width=\"150\" height=\"150\" \/><\/a>Match folle ad\u00a0Helsinki:\u00a0tredici reti, divise in maniera non proprio equa, in cui l&#8217;Italia\u00a0dimostra di avere la capacit\u00e0 di fare gol e soprattutto l&#8217;attitudine a non mollare\u00a0nemmeno se le circostanze sono terribili. Si sente la\u00a0mancanza di Bernard\u00a0in una giornata no per i portieri del Blue Team in difficolt\u00e0 come tutta la squadra nel gestire la velocit\u00e0 della Germania che si porta sull&#8217;8-1. Nel\u00a0terzo tempo\u00a0viene fuori l&#8217;Italia che risistema il punteggio sul 9-4 a sfavore. Ancora fermi ad un punto,\u00a0questa sera\u00a0giocano Slovacchia &#8211; Kazakistan, prossime ed\u00a0ultime due avversarie degli azzurri. Finisce 9-4 una partita che era cominciata in maniera disastrosa. Il terzo tempo restituisce un po&#8217; di serenit\u00e0 agli azzurri che segnano quattro reti per la prima volta (primi gol subiti dalla Germania nel terzo periodo) e sbloccano, seppur in una situazione particolare, il proprio attacco. Tutto sommato non ci sono sorprese, l&#8217;Italia esce sconfitta senza punti contro una squadra nettamente pi\u00f9 forte come la Germania. Oggi contro la Slovacchia alle19:20 sar\u00e0 il momento di ritentare l&#8217;impresa fallita oggi in attesa ovviamente dell&#8217;ultima partita di luned\u00ec contro il Kazakistan.<\/p>\n<\/div>\n<\/div>\n<\/div>\n<\/div>\n<\/div>\n<\/div>\n<\/div>\n<\/div>\n<\/div>\n<\/div>\n<\/div>\n<\/div>\n<\/div>\n<\/div>\n<\/div>\n<\/div>\n<\/div>\n<\/div>\n<\/div>\n<\/div>\n<\/div>\n<\/div>\n<\/div>\n<\/div>\n<\/div>\n<\/div>\n<\/div>\n<\/div>\n<\/div>\n<\/div>\n<\/div>\n<\/div>\n<\/div>\n<\/div>\n<\/div>\n<\/div>\n<\/div>\n<\/div>\n<\/div>\n<\/div>\n<\/div>\n<\/div>\n<\/div>\n<\/div>\n<\/div>\n<\/div>\n<\/div>\n<\/div>\n<\/div>\n<\/div>\n<\/div>\n<\/div>\n<\/div>\n<\/div>\n<\/div>\n<\/div>\n<\/div>\n<\/div>\n<\/div>\n<\/div>\n<\/div>\n<\/div>\n<\/div>\n<\/div>\n<\/div>\n<\/div>\n<\/div>\n<\/div>\n<\/div>\n<\/div>\n<\/div>\n<\/div>\n<\/div>\n<\/div>\n<\/div>\n<\/div>\n<\/div>\n<\/div>\n<\/div>\n<\/div>\n<\/div>\n<\/div>\n<\/div>\n<\/div>\n<\/div>\n<\/div>\n<\/div>\n<\/div>\n<\/div>\n<\/div>\n<\/div>\n<\/div>\n<\/div>\n<\/div>\n<\/div>\n<\/div>\n<\/div>\n<\/div>\n<\/div>\n<\/div>\n<\/div>\n<\/div>\n<\/div>\n<\/div>\n<\/div>\n","protected":false},"excerpt":{"rendered":"<p>RADIO PIU INFORMAZIONE il canale su TELEGRAM informazione di prima\u00a0 mano e in tempo reale. iscriviti ed aiutaci a farlo conoscere\u00a0\u00a0 &nbsp; &nbsp; &nbsp; IL GIRO D&#8217;ITALIA IN PROVINCIA, SABATO 28 MAGGIO DALLE 12.25 REDAZIONE Poco meno di una settimana al gran giorno, il tappone dolomitico \u00e8 il pi\u00f9 atteso della corsa rosa. Da Piazza&hellip;<\/p>\n","protected":false},"author":4,"featured_media":276771,"comment_status":"closed","ping_status":"closed","sticky":false,"template":"","format":"standard","meta":{"_monsterinsights_skip_tracking":false,"_monsterinsights_sitenote_active":false,"_monsterinsights_sitenote_note":"","_monsterinsights_sitenote_category":0,"footnotes":""},"categories":[51,86,49],"tags":[],"class_list":["post-276701","post","type-post","status-publish","format-standard","has-post-thumbnail","hentry","category-evidenza-top","category-gr","category-news-18","category-51","category-86","category-49","description-off"],"img_url":"https:\/\/www.radiopiu.net\/wordpress\/wp-content\/uploads\/2022\/05\/12.-Murer-nel-suo-studio-di-Falcade-1971-scaled.jpg","_links":{"self":[{"href":"https:\/\/www.radiopiu.net\/wordpress\/wp-json\/wp\/v2\/posts\/276701","targetHints":{"allow":["GET"]}}],"collection":[{"href":"https:\/\/www.radiopiu.net\/wordpress\/wp-json\/wp\/v2\/posts"}],"about":[{"href":"https:\/\/www.radiopiu.net\/wordpress\/wp-json\/wp\/v2\/types\/post"}],"author":[{"embeddable":true,"href":"https:\/\/www.radiopiu.net\/wordpress\/wp-json\/wp\/v2\/users\/4"}],"replies":[{"embeddable":true,"href":"https:\/\/www.radiopiu.net\/wordpress\/wp-json\/wp\/v2\/comments?post=276701"}],"version-history":[{"count":0,"href":"https:\/\/www.radiopiu.net\/wordpress\/wp-json\/wp\/v2\/posts\/276701\/revisions"}],"wp:featuredmedia":[{"embeddable":true,"href":"https:\/\/www.radiopiu.net\/wordpress\/wp-json\/wp\/v2\/media\/276771"}],"wp:attachment":[{"href":"https:\/\/www.radiopiu.net\/wordpress\/wp-json\/wp\/v2\/media?parent=276701"}],"wp:term":[{"taxonomy":"category","embeddable":true,"href":"https:\/\/www.radiopiu.net\/wordpress\/wp-json\/wp\/v2\/categories?post=276701"},{"taxonomy":"post_tag","embeddable":true,"href":"https:\/\/www.radiopiu.net\/wordpress\/wp-json\/wp\/v2\/tags?post=276701"}],"curies":[{"name":"wp","href":"https:\/\/api.w.org\/{rel}","templated":true}]}}