{"id":276749,"date":"2022-05-20T13:26:56","date_gmt":"2022-05-20T11:26:56","guid":{"rendered":"https:\/\/www.radiopiu.net\/wordpress\/?p=276749"},"modified":"2022-05-20T18:35:12","modified_gmt":"2022-05-20T16:35:12","slug":"il-centenario-della-nascita-dello-scultore-augusto-murer","status":"publish","type":"post","link":"https:\/\/www.radiopiu.net\/wordpress\/il-centenario-della-nascita-dello-scultore-augusto-murer\/","title":{"rendered":"IL CENTENARIO DELLA NASCITA DELLO SCULTORE AUGUSTO MURER"},"content":{"rendered":"<p><strong><a class=\"dt-pswp-item\" href=\"https:\/\/www.radiopiu.net\/wordpress\/wp-content\/uploads\/2022\/05\/10.-Murer-nel-suo-studio-realizza-dei-disegni-studi-per-scultura-1971-scaled.jpg\" data-dt-img-description=\"\" data-large_image_width=\"2560\" data-large_image_height=\"1948\"><img loading=\"lazy\" decoding=\"async\" class=\"size-thumbnail wp-image-276760 alignleft\" src=\"https:\/\/www.radiopiu.net\/wordpress\/wp-content\/uploads\/2022\/05\/10.-Murer-nel-suo-studio-realizza-dei-disegni-studi-per-scultura-1971-150x150.jpg\" alt=\"\" width=\"150\" height=\"150\" \/><\/a>FALCADE<\/strong> Cento anni fa, il 21 maggio del 1922, nasceva a Falcade, nelle Dolomiti bellunesi, Augusto Murer. Dedicandosi fin dall\u2019infanzia al disegno e allo \u201cscavo\u201d del legno delle sue montagne, egli ha via via interpretato da protagonista nel Veneto e in Italia, le istanze di rinnovamento del secondo dopoguerra, lasciando nel patrimonio pubblico e privato il segno di una forza creativa in sintonia con la crescita della comunit\u00e0 e in un significativo rapporto di amicizia e collaborazione con coetanei e conterranei come Andre Zanzotto, Mario Rigoni Stern e Tono Zancanaro. Un\u2019attivit\u00e0, quella di Murer, di grande spessore civile dimostrato in particolare dai lontani disegni sul lavoro dei minatori della Valle Imperina, non a caso scelti poi dal Veneto per ricordare gli italiani caduti nella tragedia di Marcinelle (1956-2006), dal monumento realizzato nel 1968 a Vittorio Veneto per il cinquantesimo della prima guerra mondiale, dalla grande figura in bronzo del 1974 sulla sommit\u00e0 del Grappa e dalla Partigiana a Venezia in collaborazione con Carlo Scarpa per ricordare la liberazione del Veneto e dell\u2019Italia nella Resistenza del nazifascismo. Un pathos, presente anche in tanti lavori religiosi, quali il grande portale della chiesa di Caxias do Sul dedicato all\u2019epopea degli emigranti veneti in Brasile. Una presenza, quella di Murer, riscontrabile, inoltre, in tante collezioni e innumerevoli mostre personali come quella dell\u2019Ermitage a Leningrado, oggi San Pietroburgo. Riconoscimenti sottolineati da amicizie significative come quella del Presidente Sandro Pertini. Ricordarne il lavoro e l\u2019eredit\u00e0 culturale nel modo pi\u00f9 adeguato, in occasione del centenario della nascita e a trentasette anni dalla sua scomparsa, \u00e8 dunque un dovere collettivo e delle istituzioni e, insieme, un\u2019occasione per riflettere sull\u2019importante e originale contributo dei veneti all\u2019identit\u00e0 e all\u2019unit\u00e0 nazionale del secondo Novecento.<\/p>\n\n\t\t\t<style type='text\/css'>\n\t\t\t\t#gallery-1 {\n\t\t\t\t\tmargin: auto;\n\t\t\t\t}\n\t\t\t\t#gallery-1 .gallery-item {\n\t\t\t\t\tfloat: left;\n\t\t\t\t\tmargin-top: 10px;\n\t\t\t\t\ttext-align: center;\n\t\t\t\t\twidth: 25%;\n\t\t\t\t}\n\t\t\t\t#gallery-1 img {\n\t\t\t\t\tborder: 2px solid #cfcfcf;\n\t\t\t\t}\n\t\t\t\t#gallery-1 .gallery-caption {\n\t\t\t\t\tmargin-left: 0;\n\t\t\t\t}\n\t\t\t\t\/* see gallery_shortcode() in wp-includes\/media.php *\/\n\t\t\t<\/style>\n\t\t<div id='gallery-1' class='dt-gallery-container gallery galleryid-276749 gallery-columns-4 gallery-size-thumbnail'><dl class='gallery-item'>\n\t\t\t\t<dt class='gallery-icon landscape'>\n\t\t\t\t\t<a class=\"rollover rollover-zoom dt-pswp-item\" title=\"1. Murer, Zancanaro, Zanzotto\" data-dt-img-description=\"\" data-large_image_width=\"1600\" data-large_image_height=\"1160\"href='https:\/\/www.radiopiu.net\/wordpress\/wp-content\/uploads\/2022\/05\/1.-Murer-Zancanaro-Zanzotto.jpg'><img loading=\"lazy\" decoding=\"async\" width=\"150\" height=\"150\" src=\"https:\/\/www.radiopiu.net\/wordpress\/wp-content\/uploads\/2022\/05\/1.-Murer-Zancanaro-Zanzotto-150x150.jpg\" class=\"attachment-thumbnail size-thumbnail\" alt=\"\" \/><\/a>\n\t\t\t\t<\/dt><\/dl><dl class='gallery-item'>\n\t\t\t\t<dt class='gallery-icon landscape'>\n\t\t\t\t\t<a class=\"rollover rollover-zoom dt-pswp-item\" title=\"2_Museo esterno Murer\" data-dt-img-description=\"\" data-large_image_width=\"1654\" data-large_image_height=\"1098\"href='https:\/\/www.radiopiu.net\/wordpress\/wp-content\/uploads\/2022\/05\/2_Museo-esterno-Murer.jpg'><img loading=\"lazy\" decoding=\"async\" width=\"150\" height=\"150\" src=\"https:\/\/www.radiopiu.net\/wordpress\/wp-content\/uploads\/2022\/05\/2_Museo-esterno-Murer-150x150.jpg\" class=\"attachment-thumbnail size-thumbnail\" alt=\"\" \/><\/a>\n\t\t\t\t<\/dt><\/dl><dl class='gallery-item'>\n\t\t\t\t<dt class='gallery-icon landscape'>\n\t\t\t\t\t<a class=\"rollover rollover-zoom dt-pswp-item\" title=\"3_Interno_museo\" data-dt-img-description=\"\" data-large_image_width=\"1654\" data-large_image_height=\"1240\"href='https:\/\/www.radiopiu.net\/wordpress\/wp-content\/uploads\/2022\/05\/3_Interno_museo.jpg'><img loading=\"lazy\" decoding=\"async\" width=\"150\" height=\"150\" src=\"https:\/\/www.radiopiu.net\/wordpress\/wp-content\/uploads\/2022\/05\/3_Interno_museo-150x150.jpg\" class=\"attachment-thumbnail size-thumbnail\" alt=\"\" \/><\/a>\n\t\t\t\t<\/dt><\/dl><dl class='gallery-item'>\n\t\t\t\t<dt class='gallery-icon landscape'>\n\t\t\t\t\t<a class=\"rollover rollover-zoom dt-pswp-item\" title=\"4_Interno_museo_1\" data-dt-img-description=\"\" data-large_image_width=\"1654\" data-large_image_height=\"1240\"href='https:\/\/www.radiopiu.net\/wordpress\/wp-content\/uploads\/2022\/05\/4_Interno_museo_1.jpg'><img loading=\"lazy\" decoding=\"async\" width=\"150\" height=\"150\" src=\"https:\/\/www.radiopiu.net\/wordpress\/wp-content\/uploads\/2022\/05\/4_Interno_museo_1-150x150.jpg\" class=\"attachment-thumbnail size-thumbnail\" alt=\"\" \/><\/a>\n\t\t\t\t<\/dt><\/dl><br style=\"clear: both\" \/><dl class='gallery-item'>\n\t\t\t\t<dt class='gallery-icon portrait'>\n\t\t\t\t\t<a class=\"rollover rollover-zoom dt-pswp-item\" title=\"5_Bronzo_fauno\" data-dt-img-description=\"\" data-large_image_width=\"928\" data-large_image_height=\"2008\"href='https:\/\/www.radiopiu.net\/wordpress\/wp-content\/uploads\/2022\/05\/5_Bronzo_fauno.jpg'><img loading=\"lazy\" decoding=\"async\" width=\"150\" height=\"150\" src=\"https:\/\/www.radiopiu.net\/wordpress\/wp-content\/uploads\/2022\/05\/5_Bronzo_fauno-150x150.jpg\" class=\"attachment-thumbnail size-thumbnail\" alt=\"\" \/><\/a>\n\t\t\t\t<\/dt><\/dl><dl class='gallery-item'>\n\t\t\t\t<dt class='gallery-icon landscape'>\n\t\t\t\t\t<a class=\"rollover rollover-zoom dt-pswp-item\" title=\"7. Contadini della mia valle, 1953 (tecnica mista)\" data-dt-img-description=\"\" data-large_image_width=\"2560\" data-large_image_height=\"1853\"href='https:\/\/www.radiopiu.net\/wordpress\/wp-content\/uploads\/2022\/05\/7.-Contadini-della-mia-valle-1953-tecnica-mista-scaled.jpg'><img loading=\"lazy\" decoding=\"async\" width=\"150\" height=\"150\" src=\"https:\/\/www.radiopiu.net\/wordpress\/wp-content\/uploads\/2022\/05\/7.-Contadini-della-mia-valle-1953-tecnica-mista-150x150.jpg\" class=\"attachment-thumbnail size-thumbnail\" alt=\"\" \/><\/a>\n\t\t\t\t<\/dt><\/dl><dl class='gallery-item'>\n\t\t\t\t<dt class='gallery-icon portrait'>\n\t\t\t\t\t<a class=\"rollover rollover-zoom dt-pswp-item\" title=\"8. Autoritratto, 1952 (china)\" data-dt-img-description=\"\" data-large_image_width=\"1789\" data-large_image_height=\"2560\"href='https:\/\/www.radiopiu.net\/wordpress\/wp-content\/uploads\/2022\/05\/8.-Autoritratto-1952-china-scaled.jpg'><img loading=\"lazy\" decoding=\"async\" width=\"150\" height=\"150\" src=\"https:\/\/www.radiopiu.net\/wordpress\/wp-content\/uploads\/2022\/05\/8.-Autoritratto-1952-china-150x150.jpg\" class=\"attachment-thumbnail size-thumbnail\" alt=\"\" \/><\/a>\n\t\t\t\t<\/dt><\/dl><dl class='gallery-item'>\n\t\t\t\t<dt class='gallery-icon portrait'>\n\t\t\t\t\t<a class=\"rollover rollover-zoom dt-pswp-item\" title=\"9. Operaio, 1953 (china)\" data-dt-img-description=\"\" data-large_image_width=\"1795\" data-large_image_height=\"2560\"href='https:\/\/www.radiopiu.net\/wordpress\/wp-content\/uploads\/2022\/05\/9.-Operaio-1953-china-scaled.jpg'><img loading=\"lazy\" decoding=\"async\" width=\"150\" height=\"150\" src=\"https:\/\/www.radiopiu.net\/wordpress\/wp-content\/uploads\/2022\/05\/9.-Operaio-1953-china-150x150.jpg\" class=\"attachment-thumbnail size-thumbnail\" alt=\"\" \/><\/a>\n\t\t\t\t<\/dt><\/dl><br style=\"clear: both\" \/><dl class='gallery-item'>\n\t\t\t\t<dt class='gallery-icon portrait'>\n\t\t\t\t\t<a class=\"rollover rollover-zoom dt-pswp-item\" title=\"11. Murer nel suo studio scolpisce il Guerriero morente, 1971\" data-dt-img-description=\"\" data-large_image_width=\"1740\" data-large_image_height=\"2560\"href='https:\/\/www.radiopiu.net\/wordpress\/wp-content\/uploads\/2022\/05\/11.-Murer-nel-suo-studio-scolpisce-il-Guerriero-morente-1971-scaled.jpg'><img loading=\"lazy\" decoding=\"async\" width=\"150\" height=\"150\" src=\"https:\/\/www.radiopiu.net\/wordpress\/wp-content\/uploads\/2022\/05\/11.-Murer-nel-suo-studio-scolpisce-il-Guerriero-morente-1971-150x150.jpg\" class=\"attachment-thumbnail size-thumbnail\" alt=\"\" \/><\/a>\n\t\t\t\t<\/dt><\/dl><dl class='gallery-item'>\n\t\t\t\t<dt class='gallery-icon landscape'>\n\t\t\t\t\t<a class=\"rollover rollover-zoom dt-pswp-item\" title=\"12. Murer nel suo studio di Falcade, 1971\" data-dt-img-description=\"\" data-large_image_width=\"2560\" data-large_image_height=\"1753\"href='https:\/\/www.radiopiu.net\/wordpress\/wp-content\/uploads\/2022\/05\/12.-Murer-nel-suo-studio-di-Falcade-1971-scaled.jpg'><img loading=\"lazy\" decoding=\"async\" width=\"150\" height=\"150\" src=\"https:\/\/www.radiopiu.net\/wordpress\/wp-content\/uploads\/2022\/05\/12.-Murer-nel-suo-studio-di-Falcade-1971-150x150.jpg\" class=\"attachment-thumbnail size-thumbnail\" alt=\"\" \/><\/a>\n\t\t\t\t<\/dt><\/dl><dl class='gallery-item'>\n\t\t\t\t<dt class='gallery-icon portrait'>\n\t\t\t\t\t<a class=\"rollover rollover-zoom dt-pswp-item\" title=\"13. Murer alla Biennale di Venezia, 1984\" data-dt-img-description=\"\" data-large_image_width=\"1910\" data-large_image_height=\"2560\"href='https:\/\/www.radiopiu.net\/wordpress\/wp-content\/uploads\/2022\/05\/13.-Murer-alla-Biennale-di-Venezia-1984-scaled.jpg'><img loading=\"lazy\" decoding=\"async\" width=\"150\" height=\"150\" src=\"https:\/\/www.radiopiu.net\/wordpress\/wp-content\/uploads\/2022\/05\/13.-Murer-alla-Biennale-di-Venezia-1984-150x150.jpg\" class=\"attachment-thumbnail size-thumbnail\" alt=\"\" \/><\/a>\n\t\t\t\t<\/dt><\/dl><dl class='gallery-item'>\n\t\t\t\t<dt class='gallery-icon landscape'>\n\t\t\t\t\t<a class=\"rollover rollover-zoom dt-pswp-item\" title=\"6_Augusto Murer_1962.RAGAZZO.CHE.BEVE\" data-dt-img-description=\"\" data-large_image_width=\"1181\" data-large_image_height=\"849\"href='https:\/\/www.radiopiu.net\/wordpress\/wp-content\/uploads\/2022\/05\/6_Augusto-Murer_1962.RAGAZZO.CHE_.BEVE_.jpg'><img loading=\"lazy\" decoding=\"async\" width=\"150\" height=\"150\" src=\"https:\/\/www.radiopiu.net\/wordpress\/wp-content\/uploads\/2022\/05\/6_Augusto-Murer_1962.RAGAZZO.CHE_.BEVE_-150x150.jpg\" class=\"attachment-thumbnail size-thumbnail\" alt=\"\" \/><\/a>\n\t\t\t\t<\/dt><\/dl><br style=\"clear: both\" \/>\n\t\t\t<\/div>\n\n<p>&nbsp;<\/p>\n<p><strong>IL PROGRAMMA DELLE INIZIATIVE PER I CENTO ANNI DALLA NASCITA DI AUGUSTO MURER (2 pagine)<\/strong><\/p>\n<a href=\"https:\/\/www.radiopiu.net\/wordpress\/wp-content\/uploads\/2022\/05\/Murer-centenario-iniziative.pdf\" class=\"pdfemb-viewer\" style=\"\" data-width=\"max\" data-height=\"max\" data-toolbar=\"top\" data-toolbar-fixed=\"on\">Murer centenario - iniziative<\/a>\n<p>&nbsp;<\/p>\n<p>*****<\/p>\n","protected":false},"excerpt":{"rendered":"<p>FALCADE Cento anni fa, il 21 maggio del 1922, nasceva a Falcade, nelle Dolomiti bellunesi, Augusto Murer. Dedicandosi fin dall\u2019infanzia al disegno e allo \u201cscavo\u201d del legno delle sue montagne, egli ha via via interpretato da protagonista nel Veneto e in Italia, le istanze di rinnovamento del secondo dopoguerra, lasciando nel patrimonio pubblico e privato&hellip;<\/p>\n","protected":false},"author":4,"featured_media":276760,"comment_status":"closed","ping_status":"closed","sticky":false,"template":"","format":"standard","meta":{"_monsterinsights_skip_tracking":false,"_monsterinsights_sitenote_active":false,"_monsterinsights_sitenote_note":"","_monsterinsights_sitenote_category":0,"footnotes":""},"categories":[104,49],"tags":[],"class_list":["post-276749","post","type-post","status-publish","format-standard","has-post-thumbnail","hentry","category-evidenza_3","category-news-18","category-104","category-49","description-off"],"img_url":"https:\/\/www.radiopiu.net\/wordpress\/wp-content\/uploads\/2022\/05\/10.-Murer-nel-suo-studio-realizza-dei-disegni-studi-per-scultura-1971-scaled.jpg","_links":{"self":[{"href":"https:\/\/www.radiopiu.net\/wordpress\/wp-json\/wp\/v2\/posts\/276749","targetHints":{"allow":["GET"]}}],"collection":[{"href":"https:\/\/www.radiopiu.net\/wordpress\/wp-json\/wp\/v2\/posts"}],"about":[{"href":"https:\/\/www.radiopiu.net\/wordpress\/wp-json\/wp\/v2\/types\/post"}],"author":[{"embeddable":true,"href":"https:\/\/www.radiopiu.net\/wordpress\/wp-json\/wp\/v2\/users\/4"}],"replies":[{"embeddable":true,"href":"https:\/\/www.radiopiu.net\/wordpress\/wp-json\/wp\/v2\/comments?post=276749"}],"version-history":[{"count":0,"href":"https:\/\/www.radiopiu.net\/wordpress\/wp-json\/wp\/v2\/posts\/276749\/revisions"}],"wp:featuredmedia":[{"embeddable":true,"href":"https:\/\/www.radiopiu.net\/wordpress\/wp-json\/wp\/v2\/media\/276760"}],"wp:attachment":[{"href":"https:\/\/www.radiopiu.net\/wordpress\/wp-json\/wp\/v2\/media?parent=276749"}],"wp:term":[{"taxonomy":"category","embeddable":true,"href":"https:\/\/www.radiopiu.net\/wordpress\/wp-json\/wp\/v2\/categories?post=276749"},{"taxonomy":"post_tag","embeddable":true,"href":"https:\/\/www.radiopiu.net\/wordpress\/wp-json\/wp\/v2\/tags?post=276749"}],"curies":[{"name":"wp","href":"https:\/\/api.w.org\/{rel}","templated":true}]}}