{"id":276868,"date":"2022-05-21T11:33:44","date_gmt":"2022-05-21T09:33:44","guid":{"rendered":"https:\/\/www.radiopiu.net\/wordpress\/?p=276868"},"modified":"2022-05-21T11:33:44","modified_gmt":"2022-05-21T09:33:44","slug":"la-sezione-trasporti-di-confindustria-belluno-dolomiti-rinnova-i-suoi-vertici-il-nuovo-presidente-e-christian-da-canal","status":"publish","type":"post","link":"https:\/\/www.radiopiu.net\/wordpress\/la-sezione-trasporti-di-confindustria-belluno-dolomiti-rinnova-i-suoi-vertici-il-nuovo-presidente-e-christian-da-canal\/","title":{"rendered":"LA SEZIONE TRASPORTI DI CONFINDUSTRIA BELLUNO DOLOMITI RINNOVA I SUOI VERTICI, IL NUOVO PRESIDENTE E&#8217; CHRISTIAN DA CANAL"},"content":{"rendered":"<p><strong><a class=\"dt-pswp-item\" href=\"https:\/\/www.radiopiu.net\/wordpress\/wp-content\/uploads\/2022\/05\/foto_DaCanal.jpg\" data-dt-img-description=\"\" data-large_image_width=\"1443\" data-large_image_height=\"1924\"><img loading=\"lazy\" decoding=\"async\" class=\"size-thumbnail wp-image-276873 alignleft\" src=\"https:\/\/www.radiopiu.net\/wordpress\/wp-content\/uploads\/2022\/05\/foto_DaCanal-150x150.jpg\" alt=\"\" width=\"150\" height=\"150\" \/><\/a>BELLUNO <\/strong>La carenza di autisti e addetti alla logistica nel Bellunese \u00e8 sempre pi\u00f9 cronica: per questo coinvolgere le nuove generazioni con iniziative formative mirate \u00e8 la priorit\u00e0 per la nuova sezione Trasporti di Confindustria Belluno Dolomiti, che ha scelto come proprio nuovo presidente Christian Da Canal, socio della ditta Da Canal Trasporti e Logistica di Sedico. \u201c<em>Dobbiamo ridare dignit\u00e0 a questo lavoro, ci sono figure professionali che rischiano l\u2019estinzione\u201d, afferma il neopresidente. \u201cIl settore dei trasporti \u00e8 strategico per tutte le filiere economiche e in montagna \u2013 dove le difficolt\u00e0 logistiche sono pi\u00f9 evidenti che altrove &#8211; ha un suo innegabile peso specifico. Nessuno pu\u00f2 permettersi la desertificazione di questo comparto, gi\u00e0 alle prese con criticit\u00e0 senza precedenti, come il caro-carburante, ma non solo. Il mix pu\u00f2 essere micidiale<\/em>\u201d. La Sezione, quindi, incrementer\u00e0 le azioni di orientamento scolastico e di formazione. \u00c8 necessario, oggi pi\u00f9 che mai, entrare nelle scuole e comunicare come le nuove tecnologie abbiano cambiato radicalmente anche i trasporti, che le nostre aziende investono nella sicurezza e nella crescita dei giovani. Purtroppo \u2013 soprattutto attorno alla figura dell\u2019autista \u2013 ci sono ancora troppi pregiudizi, miti che possiamo sfatare solo potenziando il dialogo con studenti e studentesse, docenti e famiglie\u201d, continua Da Canal. Indispensabile, a tal fine, sar\u00e0 anche il lavoro con le Istituzioni: \u201cPromuoveremo la predisposizione di un bando a livello regionale che permetta di finanziare la formazione di nuovi autisti. Occorre un sostegno concreto per incentivare gli ingressi e il ricambio generazionale. Vanno percorse tutte le vie, anche sostenendo economicamente nuovi inserimenti\u201d. Ad affiancare Da Canal in qualit\u00e0 di vicepresidente sar\u00e0 Mauro Formenti della Formenti Srl di Belluno, che sar\u00e0 anche rappresentante della Sezione nel Comitato Piccola Industria. A essere eletti consiglieri, inoltre, Cesare Cassol (Cassol Srl di Santa Giustina), Mario Buzzatti (Buzzatti Trasporti Srl di Sedico) e Stefano Da Rold (Aba, Azienda Bellunese Autotrasporti di Santa Giustina).<\/p>\n<p>&nbsp;<\/p>\n<p>&nbsp;<\/p>\n<p>*****<\/p>\n","protected":false},"excerpt":{"rendered":"<p>BELLUNO La carenza di autisti e addetti alla logistica nel Bellunese \u00e8 sempre pi\u00f9 cronica: per questo coinvolgere le nuove generazioni con iniziative formative mirate \u00e8 la priorit\u00e0 per la nuova sezione Trasporti di Confindustria Belluno Dolomiti, che ha scelto come proprio nuovo presidente Christian Da Canal, socio della ditta Da Canal Trasporti e Logistica&hellip;<\/p>\n","protected":false},"author":4,"featured_media":276874,"comment_status":"closed","ping_status":"closed","sticky":false,"template":"","format":"standard","meta":{"_monsterinsights_skip_tracking":false,"_monsterinsights_sitenote_active":false,"_monsterinsights_sitenote_note":"","_monsterinsights_sitenote_category":0,"footnotes":""},"categories":[49],"tags":[],"class_list":["post-276868","post","type-post","status-publish","format-standard","has-post-thumbnail","hentry","category-news-18","category-49","description-off"],"img_url":"https:\/\/www.radiopiu.net\/wordpress\/wp-content\/uploads\/2022\/05\/Schermata-2022-05-21-alle-10.29.50.png","_links":{"self":[{"href":"https:\/\/www.radiopiu.net\/wordpress\/wp-json\/wp\/v2\/posts\/276868","targetHints":{"allow":["GET"]}}],"collection":[{"href":"https:\/\/www.radiopiu.net\/wordpress\/wp-json\/wp\/v2\/posts"}],"about":[{"href":"https:\/\/www.radiopiu.net\/wordpress\/wp-json\/wp\/v2\/types\/post"}],"author":[{"embeddable":true,"href":"https:\/\/www.radiopiu.net\/wordpress\/wp-json\/wp\/v2\/users\/4"}],"replies":[{"embeddable":true,"href":"https:\/\/www.radiopiu.net\/wordpress\/wp-json\/wp\/v2\/comments?post=276868"}],"version-history":[{"count":0,"href":"https:\/\/www.radiopiu.net\/wordpress\/wp-json\/wp\/v2\/posts\/276868\/revisions"}],"wp:featuredmedia":[{"embeddable":true,"href":"https:\/\/www.radiopiu.net\/wordpress\/wp-json\/wp\/v2\/media\/276874"}],"wp:attachment":[{"href":"https:\/\/www.radiopiu.net\/wordpress\/wp-json\/wp\/v2\/media?parent=276868"}],"wp:term":[{"taxonomy":"category","embeddable":true,"href":"https:\/\/www.radiopiu.net\/wordpress\/wp-json\/wp\/v2\/categories?post=276868"},{"taxonomy":"post_tag","embeddable":true,"href":"https:\/\/www.radiopiu.net\/wordpress\/wp-json\/wp\/v2\/tags?post=276868"}],"curies":[{"name":"wp","href":"https:\/\/api.w.org\/{rel}","templated":true}]}}