{"id":276898,"date":"2022-05-21T14:45:30","date_gmt":"2022-05-21T12:45:30","guid":{"rendered":"https:\/\/www.radiopiu.net\/wordpress\/?p=276898"},"modified":"2022-05-21T16:21:27","modified_gmt":"2022-05-21T14:21:27","slug":"lesercitazione-della-protezione-civile-a-chies-dalpago","status":"publish","type":"post","link":"https:\/\/www.radiopiu.net\/wordpress\/lesercitazione-della-protezione-civile-a-chies-dalpago\/","title":{"rendered":"L&#8217;ESERCITAZIONE DELLA PROTEZIONE CIVILE A CHIES D&#8217;ALPAGO"},"content":{"rendered":"<p><strong>CHIES D&#8217;ALPAGO<\/strong> Si sta svolgendo a Chies D&#8217;Alpago un&#8217;esercitazione della Protezione Civile di Treviso, a seguito di una collaborazione nata tra l&#8217;Alpago e Treviso con Vaia, nel 2018, quando la squadra operativa del Gruppo Volontari del comune trevigiano fu assegnata alle attivit\u00e0 di monitoraggio della frana del Tessina nella localit\u00e0 di Funes. Da quella esperienza si \u00e8 concretizzata l&#8217;idea di rinnovare la collaborazione attraverso una esercitazione operativa, che si \u00e8 sviluppata in una tre giorni iniziata ieri e che proseguir\u00e0 fino a domani tra attivit\u00e0 di selvicoltura, monitoraggio frane e simulazione di ricerca persone scomparse, anche attraverso l&#8217;unit\u00e0 cinofila del gruppo di Treviso, il tutto coordinato attraverso la Sala Operativa allestita presso le ex scuole di Lamosano, sede utilizzata dai volontari anche come campo base, dove sono stati allestiti dormitorio, mensa e servizi. &#8220;<em>Un&#8217;occasione per me ancora una volta per ringraziare i nostri infaticabili volontari: sempre pi\u00f9 le squadre operative di Protezione Civile della Regione Veneto sono impiegate, a supporto del territorio e dei cittadini, per affrontare in modo professionale le varie emergenze. <\/em><em>Importanti dunque anche le esercitazioni, che hanno lo scopo di mantenere continua la formazione specifica dei volontari, cos\u00ec da essere sempre pronti e preparati, ad affrontare in modo tempestivo, ogni necessit\u00e0 nei vari scenari operativi &#8211; dice l&#8217;assessore regionale alla Protezione Civile Gianpaolo Bottacin &#8211; Una professionalit\u00e0, quella dei volontari e dell&#8217;intera macchina organizzativa della nostra Protezione Civile regionale, che \u00e8 stata riconosciuta anche dal presidente della Repubblica Mattarella dopo Vaia, quando intervenendo al teatro comunale di Belluno parl\u00f2 di eccellenza del sistema Veneto&#8221;.<\/em><\/p>\n\n\t\t\t<style type='text\/css'>\n\t\t\t\t#gallery-1 {\n\t\t\t\t\tmargin: auto;\n\t\t\t\t}\n\t\t\t\t#gallery-1 .gallery-item {\n\t\t\t\t\tfloat: left;\n\t\t\t\t\tmargin-top: 10px;\n\t\t\t\t\ttext-align: center;\n\t\t\t\t\twidth: 33%;\n\t\t\t\t}\n\t\t\t\t#gallery-1 img {\n\t\t\t\t\tborder: 2px solid #cfcfcf;\n\t\t\t\t}\n\t\t\t\t#gallery-1 .gallery-caption {\n\t\t\t\t\tmargin-left: 0;\n\t\t\t\t}\n\t\t\t\t\/* see gallery_shortcode() in wp-includes\/media.php *\/\n\t\t\t<\/style>\n\t\t<div id='gallery-1' class='dt-gallery-container gallery galleryid-276898 gallery-columns-3 gallery-size-thumbnail'><dl class='gallery-item'>\n\t\t\t\t<dt class='gallery-icon landscape'>\n\t\t\t\t\t<a class=\"rollover rollover-zoom dt-pswp-item\" title=\"643e0c77-44be-4d22-b299-e26834042bf4\" data-dt-img-description=\"\" data-large_image_width=\"2048\" data-large_image_height=\"1847\"href='https:\/\/www.radiopiu.net\/wordpress\/wp-content\/uploads\/2022\/05\/643e0c77-44be-4d22-b299-e26834042bf4.jpg'><img loading=\"lazy\" decoding=\"async\" width=\"150\" height=\"150\" src=\"https:\/\/www.radiopiu.net\/wordpress\/wp-content\/uploads\/2022\/05\/643e0c77-44be-4d22-b299-e26834042bf4-150x150.jpg\" class=\"attachment-thumbnail size-thumbnail\" alt=\"\" aria-describedby=\"gallery-1-276910\" \/><\/a>\n\t\t\t\t<\/dt>\n\t\t\t\t\t<dd class='wp-caption-text gallery-caption' id='gallery-1-276910'>\n\t\t\t\t\tA destra coordinatore volontari Treviso Riccardo Mastronicola\n\t\t\t\t\t<\/dd><\/dl><dl class='gallery-item'>\n\t\t\t\t<dt class='gallery-icon landscape'>\n\t\t\t\t\t<a class=\"rollover rollover-zoom dt-pswp-item\" title=\"1edbcc2e-faf7-46b8-82d8-dc32d961d006\" data-dt-img-description=\"\" data-large_image_width=\"1735\" data-large_image_height=\"930\"href='https:\/\/www.radiopiu.net\/wordpress\/wp-content\/uploads\/2022\/05\/1edbcc2e-faf7-46b8-82d8-dc32d961d006.jpg'><img loading=\"lazy\" decoding=\"async\" width=\"150\" height=\"150\" src=\"https:\/\/www.radiopiu.net\/wordpress\/wp-content\/uploads\/2022\/05\/1edbcc2e-faf7-46b8-82d8-dc32d961d006-150x150.jpg\" class=\"attachment-thumbnail size-thumbnail\" alt=\"\" \/><\/a>\n\t\t\t\t<\/dt><\/dl><dl class='gallery-item'>\n\t\t\t\t<dt class='gallery-icon landscape'>\n\t\t\t\t\t<a class=\"rollover rollover-zoom dt-pswp-item\" title=\"6cdcf3d3-604a-4c82-8afa-e8a05dd6d442\" data-dt-img-description=\"\" data-large_image_width=\"2048\" data-large_image_height=\"1527\"href='https:\/\/www.radiopiu.net\/wordpress\/wp-content\/uploads\/2022\/05\/6cdcf3d3-604a-4c82-8afa-e8a05dd6d442.jpg'><img loading=\"lazy\" decoding=\"async\" width=\"150\" height=\"150\" src=\"https:\/\/www.radiopiu.net\/wordpress\/wp-content\/uploads\/2022\/05\/6cdcf3d3-604a-4c82-8afa-e8a05dd6d442-150x150.jpg\" class=\"attachment-thumbnail size-thumbnail\" alt=\"\" aria-describedby=\"gallery-1-276899\" \/><\/a>\n\t\t\t\t<\/dt>\n\t\t\t\t\t<dd class='wp-caption-text gallery-caption' id='gallery-1-276899'>\n\t\t\t\t\tA sinistra Mario Conte sindaco di Treviso\n\t\t\t\t\t<\/dd><\/dl><br style=\"clear: both\" \/>\n\t\t\t<\/div>\n\n<p>&nbsp;<\/p>\n<div style=\"width: 848px;\" class=\"wp-video\"><video class=\"wp-video-shortcode\" id=\"video-276898-1\" width=\"848\" height=\"480\" preload=\"metadata\" controls=\"controls\"><source type=\"video\/mp4\" src=\"https:\/\/www.radiopiu.net\/wordpress\/wp-content\/uploads\/2022\/05\/WhatsApp-Video-2022-05-21-at-16.19.36.mp4?_=1\" \/><a href=\"https:\/\/www.radiopiu.net\/wordpress\/wp-content\/uploads\/2022\/05\/WhatsApp-Video-2022-05-21-at-16.19.36.mp4\">https:\/\/www.radiopiu.net\/wordpress\/wp-content\/uploads\/2022\/05\/WhatsApp-Video-2022-05-21-at-16.19.36.mp4<\/a><\/video><\/div>\n<p>&nbsp;<\/p>\n<p>&nbsp;<\/p>\n<p>*****<\/p>\n","protected":false},"excerpt":{"rendered":"<p>CHIES D&#8217;ALPAGO Si sta svolgendo a Chies D&#8217;Alpago un&#8217;esercitazione della Protezione Civile di Treviso, a seguito di una collaborazione nata tra l&#8217;Alpago e Treviso con Vaia, nel 2018, quando la squadra operativa del Gruppo Volontari del comune trevigiano fu assegnata alle attivit\u00e0 di monitoraggio della frana del Tessina nella localit\u00e0 di Funes. Da quella esperienza&hellip;<\/p>\n","protected":false},"author":4,"featured_media":276899,"comment_status":"closed","ping_status":"closed","sticky":false,"template":"","format":"standard","meta":{"_monsterinsights_skip_tracking":false,"_monsterinsights_sitenote_active":false,"_monsterinsights_sitenote_note":"","_monsterinsights_sitenote_category":0,"footnotes":""},"categories":[49],"tags":[],"class_list":["post-276898","post","type-post","status-publish","format-standard","has-post-thumbnail","hentry","category-news-18","category-49","description-off"],"img_url":"https:\/\/www.radiopiu.net\/wordpress\/wp-content\/uploads\/2022\/05\/6cdcf3d3-604a-4c82-8afa-e8a05dd6d442.jpg","_links":{"self":[{"href":"https:\/\/www.radiopiu.net\/wordpress\/wp-json\/wp\/v2\/posts\/276898","targetHints":{"allow":["GET"]}}],"collection":[{"href":"https:\/\/www.radiopiu.net\/wordpress\/wp-json\/wp\/v2\/posts"}],"about":[{"href":"https:\/\/www.radiopiu.net\/wordpress\/wp-json\/wp\/v2\/types\/post"}],"author":[{"embeddable":true,"href":"https:\/\/www.radiopiu.net\/wordpress\/wp-json\/wp\/v2\/users\/4"}],"replies":[{"embeddable":true,"href":"https:\/\/www.radiopiu.net\/wordpress\/wp-json\/wp\/v2\/comments?post=276898"}],"version-history":[{"count":0,"href":"https:\/\/www.radiopiu.net\/wordpress\/wp-json\/wp\/v2\/posts\/276898\/revisions"}],"wp:featuredmedia":[{"embeddable":true,"href":"https:\/\/www.radiopiu.net\/wordpress\/wp-json\/wp\/v2\/media\/276899"}],"wp:attachment":[{"href":"https:\/\/www.radiopiu.net\/wordpress\/wp-json\/wp\/v2\/media?parent=276898"}],"wp:term":[{"taxonomy":"category","embeddable":true,"href":"https:\/\/www.radiopiu.net\/wordpress\/wp-json\/wp\/v2\/categories?post=276898"},{"taxonomy":"post_tag","embeddable":true,"href":"https:\/\/www.radiopiu.net\/wordpress\/wp-json\/wp\/v2\/tags?post=276898"}],"curies":[{"name":"wp","href":"https:\/\/api.w.org\/{rel}","templated":true}]}}