{"id":276901,"date":"2022-05-21T15:02:51","date_gmt":"2022-05-21T13:02:51","guid":{"rendered":"https:\/\/www.radiopiu.net\/wordpress\/?p=276901"},"modified":"2022-05-21T15:02:51","modified_gmt":"2022-05-21T13:02:51","slug":"malessere-e-paura-sulla-ferrata-della-memoria","status":"publish","type":"post","link":"https:\/\/www.radiopiu.net\/wordpress\/malessere-e-paura-sulla-ferrata-della-memoria\/","title":{"rendered":"MALESSERE E PAURA SULLA FERRATA DELLA MEMORIA"},"content":{"rendered":"<p><strong>\u00a0<a class=\"dt-pswp-item\" href=\"https:\/\/www.radiopiu.net\/wordpress\/wp-content\/uploads\/2022\/05\/salt_20220521_143821_137.jpg\" data-dt-img-description=\"\" data-large_image_width=\"1773\" data-large_image_height=\"2364\"><img loading=\"lazy\" decoding=\"async\" class=\"size-thumbnail wp-image-276902 alignleft\" src=\"https:\/\/www.radiopiu.net\/wordpress\/wp-content\/uploads\/2022\/05\/salt_20220521_143821_137-150x150.jpg\" alt=\"\" width=\"150\" height=\"150\" \/><\/a><\/strong><\/p>\n<p><strong>LONGARONE <\/strong>Attorno alle 12.20 il Soccorso alpino di Longarone \u00e8 stato allertato dalla Centrale del Suem, per un&#8217;escursionista che non era pi\u00f9 in grado di progredire lungo la Ferrata della memoria, colta da malessere e paura. S.P., 24 anni, di Trieste, che si trovava assieme al compagno poco sopra la scala iniziale, \u00e8 stata raggiunta da 5 soccorritori saliti dal basso. La ragazza \u00e8 stata assicurata, aiutata a calarsi e guidata a ritroso fino alla base, da dove \u00e8 stata poi accompagnata al parcheggio.\u00a0<strong><br \/>\n<\/strong><\/p>\n<p>&nbsp;<\/p>\n<p>&nbsp;<\/p>\n<p>&nbsp;<\/p>\n<p>*****<\/p>\n","protected":false},"excerpt":{"rendered":"<p>\u00a0 LONGARONE Attorno alle 12.20 il Soccorso alpino di Longarone \u00e8 stato allertato dalla Centrale del Suem, per un&#8217;escursionista che non era pi\u00f9 in grado di progredire lungo la Ferrata della memoria, colta da malessere e paura. S.P., 24 anni, di Trieste, che si trovava assieme al compagno poco sopra la scala iniziale, \u00e8 stata&hellip;<\/p>\n","protected":false},"author":4,"featured_media":276902,"comment_status":"closed","ping_status":"closed","sticky":false,"template":"","format":"standard","meta":{"_monsterinsights_skip_tracking":false,"_monsterinsights_sitenote_active":false,"_monsterinsights_sitenote_note":"","_monsterinsights_sitenote_category":0,"footnotes":""},"categories":[51,49],"tags":[],"class_list":["post-276901","post","type-post","status-publish","format-standard","has-post-thumbnail","hentry","category-evidenza-top","category-news-18","category-51","category-49","description-off"],"img_url":"https:\/\/www.radiopiu.net\/wordpress\/wp-content\/uploads\/2022\/05\/salt_20220521_143821_137.jpg","_links":{"self":[{"href":"https:\/\/www.radiopiu.net\/wordpress\/wp-json\/wp\/v2\/posts\/276901","targetHints":{"allow":["GET"]}}],"collection":[{"href":"https:\/\/www.radiopiu.net\/wordpress\/wp-json\/wp\/v2\/posts"}],"about":[{"href":"https:\/\/www.radiopiu.net\/wordpress\/wp-json\/wp\/v2\/types\/post"}],"author":[{"embeddable":true,"href":"https:\/\/www.radiopiu.net\/wordpress\/wp-json\/wp\/v2\/users\/4"}],"replies":[{"embeddable":true,"href":"https:\/\/www.radiopiu.net\/wordpress\/wp-json\/wp\/v2\/comments?post=276901"}],"version-history":[{"count":0,"href":"https:\/\/www.radiopiu.net\/wordpress\/wp-json\/wp\/v2\/posts\/276901\/revisions"}],"wp:featuredmedia":[{"embeddable":true,"href":"https:\/\/www.radiopiu.net\/wordpress\/wp-json\/wp\/v2\/media\/276902"}],"wp:attachment":[{"href":"https:\/\/www.radiopiu.net\/wordpress\/wp-json\/wp\/v2\/media?parent=276901"}],"wp:term":[{"taxonomy":"category","embeddable":true,"href":"https:\/\/www.radiopiu.net\/wordpress\/wp-json\/wp\/v2\/categories?post=276901"},{"taxonomy":"post_tag","embeddable":true,"href":"https:\/\/www.radiopiu.net\/wordpress\/wp-json\/wp\/v2\/tags?post=276901"}],"curies":[{"name":"wp","href":"https:\/\/api.w.org\/{rel}","templated":true}]}}