{"id":276956,"date":"2022-05-22T23:59:42","date_gmt":"2022-05-22T21:59:42","guid":{"rendered":"https:\/\/www.radiopiu.net\/wordpress\/?p=276956"},"modified":"2022-05-23T06:03:28","modified_gmt":"2022-05-23T04:03:28","slug":"sconfitta-di-misura-per-i-giovanissmi-provinciali-dellagordina-fiori-barp-juniores-in-finale-di-coppa-valbelluna","status":"publish","type":"post","link":"https:\/\/www.radiopiu.net\/wordpress\/sconfitta-di-misura-per-i-giovanissmi-provinciali-dellagordina-fiori-barp-juniores-in-finale-di-coppa-valbelluna\/","title":{"rendered":"SCONFITTA DI MISURA PER I GIOVANISSMI PROVINCIALI DELL&#8217;AGORDINA, FIORI BARP JUNIORES IN FINALE DI COPPA VALBELLUNA"},"content":{"rendered":"<p><strong><a class=\"dt-pswp-item\" href=\"https:\/\/www.radiopiu.net\/wordpress\/wp-content\/uploads\/2019\/09\/AGORDINA-CALCIO.jpeg\" data-dt-img-description=\"\" data-large_image_width=\"225\" data-large_image_height=\"225\"><img loading=\"lazy\" decoding=\"async\" class=\"size-thumbnail wp-image-97575 alignleft\" src=\"https:\/\/www.radiopiu.net\/wordpress\/wp-content\/uploads\/2019\/09\/AGORDINA-CALCIO-150x150.jpeg\" alt=\"\" width=\"150\" height=\"150\" srcset=\"https:\/\/www.radiopiu.net\/wordpress\/wp-content\/uploads\/2019\/09\/AGORDINA-CALCIO-150x150.jpeg 150w, https:\/\/www.radiopiu.net\/wordpress\/wp-content\/uploads\/2019\/09\/AGORDINA-CALCIO.jpeg 225w\" sizes=\"auto, (max-width: 150px) 100vw, 150px\" \/><\/a>GIOVANISSIMI PROVINCIALI \/ PLAVIS &#8211; AGORDINA 4-3<\/strong><\/p>\n<p dir=\"auto\">La sfida che poteva essere decisiva per il quarto posto della classifica \u00e8 andata a favore della Plavis che pu\u00f2 festeggiare matematicamente la quarta piazza. L&#8217;Agordina per\u00f2 ha dato filo da torcere ai padroni di casa che solo nei minuti di recupero sono riusciti a fare loro il match. \u00c8 stata nel complesso una bella partita con momenti di buon gioco dove le due squadre si sono affrontate a viso aperto regalando anche diverse emozioni. Passa per prima l&#8217;Agordina con una zampata all&#8217;angolino di Thomas Zasso. Il pareggio arriva un quarto d&#8217;ora dopo, con la Plavis che sfrutta una bella palla in verticale. 10&#8242; dopo, gol quasi in fotocopia, con inserimento in profondit\u00e0 al centro della difesa agordina che resta un po&#8217; a guardare. Il primo tempo si chiude per\u00f2 sul 2-2 grazie al rigore trasformato da Roni. L&#8217;equilibrio si rompe al 23&#8242; con un diabolico colpo di testa di Simone Allegro che si insacca sotto la traversa. L&#8217;Agordina tiene il vantaggio fino al terzo minuto di recupero dove subisce il pari su calcio di rigore. Il lungo recupero \u00e8 fatale per gli agordini che incassano il gol della sconfitta a un minuto dalla fine. Per i ragazzi di De Bastiani un pizzico di amaro in bocca per il risultato finale, ma nel contempo deve rimanere la convinzione di aver fatto una buona gara.<\/p>\n<p dir=\"auto\"><strong><a class=\"dt-pswp-item\" href=\"https:\/\/www.radiopiu.net\/wordpress\/wp-content\/uploads\/2020\/10\/fiori-barp.png\" data-dt-img-description=\"\" data-large_image_width=\"334\" data-large_image_height=\"475\"><img loading=\"lazy\" decoding=\"async\" class=\"alignright wp-image-164208 \" src=\"https:\/\/www.radiopiu.net\/wordpress\/wp-content\/uploads\/2020\/10\/fiori-barp-211x300.png\" alt=\"\" width=\"113\" height=\"161\" srcset=\"https:\/\/www.radiopiu.net\/wordpress\/wp-content\/uploads\/2020\/10\/fiori-barp-211x300.png 211w, https:\/\/www.radiopiu.net\/wordpress\/wp-content\/uploads\/2020\/10\/fiori-barp.png 334w\" sizes=\"auto, (max-width: 113px) 100vw, 113px\" \/><\/a>COPPA VALBELLUNA JUNIORES \/ DYNAMO &#8211; FIORI BARP 0-6<\/strong><\/p>\n<p dir=\"auto\">Si chiude con un punteggio tennistico in favore del Fioi Barp l&#8217;ultima sfida del girone A della Coppa Valbelluna. Sul campo della Dynamo i sedicensi hanno fatto la voce grossa ed hanno incamerato 3 punti che regalano la prima posizione a punteggio pieno alla compagine di Mas. Match a senso unico con gli ospiti che passano in vantaggio al 35&#8242; con Lonati che sfrutta un cross dalla sinistra per battere il portiere. Nella ripresa il Fiori Barp entra in campo con una marcia in pi\u00f9 e dopo 2&#8242; raddoppia dopo una bella triangolazione con Fadda che finalizza. Lo stesso Fadda sigla la doppietta mentre Santel cala il poker per i sedicensi. Partita chiusa e Fiori Barp che mette il sigillo finale con altri due gol a firma di Fanfoni e Fadda. Fiori Barp che accede alla finalissima in programma domenica prossima a Limana alle 17 dove si trover\u00e0 di fronte ancora la Dynamo. In quella occasione verr\u00e0 assegnato anche il Memorial Gianpaolo Seno<\/p>\n<p dir=\"auto\">******<\/p>\n","protected":false},"excerpt":{"rendered":"<p>GIOVANISSIMI PROVINCIALI \/ PLAVIS &#8211; AGORDINA 4-3 La sfida che poteva essere decisiva per il quarto posto della classifica \u00e8 andata a favore della Plavis che pu\u00f2 festeggiare matematicamente la quarta piazza. L&#8217;Agordina per\u00f2 ha dato filo da torcere ai padroni di casa che solo nei minuti di recupero sono riusciti a fare loro il&hellip;<\/p>\n","protected":false},"author":4,"featured_media":265514,"comment_status":"closed","ping_status":"closed","sticky":false,"template":"","format":"standard","meta":{"_monsterinsights_skip_tracking":false,"_monsterinsights_sitenote_active":false,"_monsterinsights_sitenote_note":"","_monsterinsights_sitenote_category":0,"footnotes":""},"categories":[104,49],"tags":[],"class_list":["post-276956","post","type-post","status-publish","format-standard","has-post-thumbnail","hentry","category-evidenza_3","category-news-18","category-104","category-49","description-off"],"img_url":"https:\/\/www.radiopiu.net\/wordpress\/wp-content\/uploads\/2022\/03\/CALCIO-2022.jpg","_links":{"self":[{"href":"https:\/\/www.radiopiu.net\/wordpress\/wp-json\/wp\/v2\/posts\/276956","targetHints":{"allow":["GET"]}}],"collection":[{"href":"https:\/\/www.radiopiu.net\/wordpress\/wp-json\/wp\/v2\/posts"}],"about":[{"href":"https:\/\/www.radiopiu.net\/wordpress\/wp-json\/wp\/v2\/types\/post"}],"author":[{"embeddable":true,"href":"https:\/\/www.radiopiu.net\/wordpress\/wp-json\/wp\/v2\/users\/4"}],"replies":[{"embeddable":true,"href":"https:\/\/www.radiopiu.net\/wordpress\/wp-json\/wp\/v2\/comments?post=276956"}],"version-history":[{"count":0,"href":"https:\/\/www.radiopiu.net\/wordpress\/wp-json\/wp\/v2\/posts\/276956\/revisions"}],"wp:featuredmedia":[{"embeddable":true,"href":"https:\/\/www.radiopiu.net\/wordpress\/wp-json\/wp\/v2\/media\/265514"}],"wp:attachment":[{"href":"https:\/\/www.radiopiu.net\/wordpress\/wp-json\/wp\/v2\/media?parent=276956"}],"wp:term":[{"taxonomy":"category","embeddable":true,"href":"https:\/\/www.radiopiu.net\/wordpress\/wp-json\/wp\/v2\/categories?post=276956"},{"taxonomy":"post_tag","embeddable":true,"href":"https:\/\/www.radiopiu.net\/wordpress\/wp-json\/wp\/v2\/tags?post=276956"}],"curies":[{"name":"wp","href":"https:\/\/api.w.org\/{rel}","templated":true}]}}