{"id":277107,"date":"2022-05-24T05:28:06","date_gmt":"2022-05-24T03:28:06","guid":{"rendered":"https:\/\/www.radiopiu.net\/wordpress\/?p=277107"},"modified":"2022-05-24T09:52:00","modified_gmt":"2022-05-24T07:52:00","slug":"giornale-radiopiu-24-maggio-2022-direttore-mirko-mezzacasa","status":"publish","type":"post","link":"https:\/\/www.radiopiu.net\/wordpress\/giornale-radiopiu-24-maggio-2022-direttore-mirko-mezzacasa\/","title":{"rendered":"GIORNALE RADIOPIU 24 MAGGIO 2022 DIRETTORE MIRKO MEZZACASA"},"content":{"rendered":"<h3 class=\"kvgmc6g5 cxmmr5t8 oygrvhab hcukyx3x c1et5uql\"><span style=\"color: #0000ff;\"><strong>RADIO PIU INFORMAZIONE il canale su TELEGRAM informazione di prima\u00a0 <\/strong><\/span><span style=\"color: #0000ff;\"><strong>mano e in tempo reale. iscriviti ed aiutaci a farlo conoscere\u00a0\u00a0<\/strong><\/span><\/h3>\n<p>&nbsp;<\/p>\n<blockquote>\n<h3>28 MAGGIO &#8211; PASSAGGIO GIRO D\u2019ITALIA: SOSPESI PUNTI TAMPONI DI AGORDO E TAI DI CADORE<\/h3>\n<\/blockquote>\n<p>Il relazione alla tappa bellunese del Giro d\u2019Italia, SABATO 28 maggio 2022 saranno sospesi i Covid Point di Agordo e Tai di Cadore. Sar\u00e0 attivo il solo punto tamponi di Paludi dalle 8.30 alle 14.00 con accesso libero. Le stesse modalit\u00e0 operative sono previste anche per DOMENICA 29 maggio 2022, con accesso libero dalle 8.30 alle 14.00 al punto tamponi di Paludi.<\/p>\n<p>&nbsp;<\/p>\n<blockquote>\n<h3>DUE GIORNI A SINGHIOZZO SUL GIAU PER LE RIPRESE CINEMATOGRAFICHE, SENSO UNICO IN PROSSIMITA&#8217; DI AGORDO<\/h3>\n<\/blockquote>\n<p><strong>SP 638 PASSO GIAU<\/strong> nelle giornate del <span style=\"color: #ff0000;\">25 e 26 maggio<\/span> dalle 6 alle 20 chiusure temporanee di massimo 30 minuti per riprese cinematografiche<\/p>\n<p><strong>SR 203 AGORDINA<\/strong><span style=\"color: #008080;\"> fino al 27 maggio\u00a0<span style=\"color: #000000;\">in comune di Agordo senso unico alternato regolato da semaforo o movieri dalle 6 alle 18, ingresso sud.<\/span><\/span><\/p>\n<p><strong>SP 347 CEREDA E DURAN <\/strong>\u00a0<span style=\"color: #ff0000;\">Fino al 31 maggio<\/span> senso unico alternato &#8211; sabato e domenica esclusi- in localit\u00e0 Brugnach<\/p>\n<p><strong>SP 347 DURAN E CEREDA<\/strong>, dal <span style=\"color: #ff0000;\">fino al 03 giugno<\/span> &#8211; sabato e domenica compresi &#8211; senso unico alternato in localit\u00e0 Pian de Caleda<\/p>\n<p>&nbsp;<\/p>\n<hr \/>\n<p>&nbsp;<\/p>\n<blockquote>\n<h3>L&#8217;IMPORTANZA DEL MILITARE NEGOZIATORE E DELL&#8217;UNIONE DI INTENTI CON I VIGILI DEL FUOCO<\/h3>\n<\/blockquote>\n<p><strong>di Mirko Mezzacasa\u00a0<\/strong><\/p>\n<p><strong><a class=\"dt-pswp-item\" href=\"https:\/\/www.radiopiu.net\/wordpress\/wp-content\/uploads\/2022\/05\/59e5cf49-11ae-4167-9c86-bdb5131b9ded.jpg\" data-dt-img-description=\"\" data-large_image_width=\"1600\" data-large_image_height=\"1200\"><img loading=\"lazy\" decoding=\"async\" class=\"size-thumbnail wp-image-277231 alignleft\" src=\"https:\/\/www.radiopiu.net\/wordpress\/wp-content\/uploads\/2022\/05\/59e5cf49-11ae-4167-9c86-bdb5131b9ded-150x150.jpg\" alt=\"\" width=\"150\" height=\"150\" \/><\/a>BELLUNO<\/strong> Un compito difficile, importante e che permette di raggiungere l&#8217;obbiettivo prefisso. Tempestivit\u00e0, calma, preparazione, cio\u00e8 alta professionalit\u00e0,\u00a0 sono alla base del risultato. Gi\u00e0 era successo in provincia, su un ponte di tipo tibetano di una strada forestale che unisce i due lati di un canalone profondo pi\u00f9 di 80 metri. Allora, ad inizio ottobre 2021,\u00a0 alle otto del mattino,\u00a0 i Carabinieri della <a href=\"https:\/\/www.secoloditalia.it\/2017\/02\/larma-in-lutto-maresciallo-dei-carabinieri-si-suicida-a-soli-25-anni\/\" target=\"_blank\" rel=\"noopener noreferrer\">Compagnia<\/a> di Cortina d\u2019Ampezzo raggiunsero il posto e la carabiniera\u00a0Martina Pigliapoco della stazione San Vito di Cadore, dopo momenti drammatici con una donna davanti gambe a penzoloni,\u00a0 concluse la mattinata con una gioia immensa, indescrivibile per avergli salvato la vita. Per questo il\u00a0Presidente Sergio\u00a0<a href=\"https:\/\/metropolitanmagazine.it\/mattarella-in-diretta-su-rai-1-con-la-cerimonia-del-giuramento\/\">Mattarella<\/a>,\u00a0<em>motu proprio<\/em>, gli aveva conferito l\u2019onorificenza per il gesto eroico e l\u2019impegno profuso nel dissuadere una donna, madre di tre figli,\u00a0 dal suo proposito. Un\u2019azione, portata a termine con grande <a class=\"dt-pswp-item\" href=\"https:\/\/www.radiopiu.net\/wordpress\/wp-content\/uploads\/2022\/05\/f66aab23-03b4-40f7-9fb4-6bb40ff3eacb.jpg\" data-dt-img-description=\"\" data-large_image_width=\"1600\" data-large_image_height=\"721\"><img loading=\"lazy\" decoding=\"async\" class=\"wp-image-277229 alignright\" src=\"https:\/\/www.radiopiu.net\/wordpress\/wp-content\/uploads\/2022\/05\/f66aab23-03b4-40f7-9fb4-6bb40ff3eacb-300x135.jpg\" alt=\"\" width=\"278\" height=\"125\" srcset=\"https:\/\/www.radiopiu.net\/wordpress\/wp-content\/uploads\/2022\/05\/f66aab23-03b4-40f7-9fb4-6bb40ff3eacb-300x135.jpg 300w, https:\/\/www.radiopiu.net\/wordpress\/wp-content\/uploads\/2022\/05\/f66aab23-03b4-40f7-9fb4-6bb40ff3eacb-1024x461.jpg 1024w, https:\/\/www.radiopiu.net\/wordpress\/wp-content\/uploads\/2022\/05\/f66aab23-03b4-40f7-9fb4-6bb40ff3eacb-768x346.jpg 768w, https:\/\/www.radiopiu.net\/wordpress\/wp-content\/uploads\/2022\/05\/f66aab23-03b4-40f7-9fb4-6bb40ff3eacb-1536x692.jpg 1536w, https:\/\/www.radiopiu.net\/wordpress\/wp-content\/uploads\/2022\/05\/f66aab23-03b4-40f7-9fb4-6bb40ff3eacb.jpg 1600w\" sizes=\"auto, (max-width: 278px) 100vw, 278px\" \/><\/a>determinazione, che ha letteralmente cambiato una triste vicenda pronta a sfociare in drammatico epilogo. Questa notte alle tre, la storia si \u00e8 ripetuta sul ponte pedonale di Santa Caterina di Auronzo dove una donna sedeva sopra una barra di ferro sotto la passerella, appesa per le braccia. I Carabinieri di Cortina sono stati allertati dai famigliari. Il comandante della stazione di Auronzo Francesco Evangelisti, dopo aver messo in sicurezza la zona con l&#8217;aiuto dei vigili del fuoco,\u00a0 ha iniziato un lungo dialogo con la donna,\u00a0 seguendo le indicazioni telefoniche del militare negoziatore del nucleo investigativo di Belluno, frattanto in viaggio dal capoluogo sede del <a class=\"dt-pswp-item\" href=\"https:\/\/www.radiopiu.net\/wordpress\/wp-content\/uploads\/2022\/05\/0cf0431a-aee7-4e2e-8f2a-9156376cf164.jpg\" data-dt-img-description=\"\" data-large_image_width=\"1600\" data-large_image_height=\"721\"><img loading=\"lazy\" decoding=\"async\" class=\"wp-image-277230 alignleft\" src=\"https:\/\/www.radiopiu.net\/wordpress\/wp-content\/uploads\/2022\/05\/0cf0431a-aee7-4e2e-8f2a-9156376cf164-300x135.jpg\" alt=\"\" width=\"262\" height=\"118\" srcset=\"https:\/\/www.radiopiu.net\/wordpress\/wp-content\/uploads\/2022\/05\/0cf0431a-aee7-4e2e-8f2a-9156376cf164-300x135.jpg 300w, https:\/\/www.radiopiu.net\/wordpress\/wp-content\/uploads\/2022\/05\/0cf0431a-aee7-4e2e-8f2a-9156376cf164-1024x461.jpg 1024w, https:\/\/www.radiopiu.net\/wordpress\/wp-content\/uploads\/2022\/05\/0cf0431a-aee7-4e2e-8f2a-9156376cf164-768x346.jpg 768w, https:\/\/www.radiopiu.net\/wordpress\/wp-content\/uploads\/2022\/05\/0cf0431a-aee7-4e2e-8f2a-9156376cf164-1536x692.jpg 1536w, https:\/\/www.radiopiu.net\/wordpress\/wp-content\/uploads\/2022\/05\/0cf0431a-aee7-4e2e-8f2a-9156376cf164.jpg 1600w\" sizes=\"auto, (max-width: 262px) 100vw, 262px\" \/><\/a>Comando dei Carabinieri,\u00a0 verso Santa Caterina di Auronzo. Il lungo dialogo con il comandante prima e il militare negoziatore poi,\u00a0 con le provate tecniche persuasive,\u00a0 ha permesso di prendere tempo e completare l&#8217;apparato di sicurezza. I vigili del fuoco si sono organizzati con i sommozzatori e quanto necessario per un eventuale recupero.\u00a0 Quando la donna, sfinita dalla stanchezza, si \u00e8 lasciata cadere in acqua \u00e8 stata subito recuperata dai due luogotenenti, i comandanti delle stazioni di Pieve e Vigo di Cadore,\u00a0 appostati sul ciglio del lago con corda e salvagente, sommozzatori e gommone dei vigili del fuoco hanno completato l&#8217;operazione. Particolare non di poco conto, era in corso un forte temporale. La donna, 52 anni, \u00e8 stata poi trasportata all&#8217;ospedale di Belluno per accertamenti anche per le ferite causate dal salto di circa sette metri a 20 dalla riva.<\/p>\n<p>&nbsp;<\/p>\n<p>&nbsp;<\/p>\n<p>&nbsp;<\/p>\n<hr \/>\n<p>&nbsp;<\/p>\n<blockquote>\n<h3>UN ALTRO FINESTRINO IN FRANTUMI, RUBATO LO ZAINO<\/h3>\n<\/blockquote>\n<p><strong><a class=\"dt-pswp-item\" href=\"https:\/\/www.radiopiu.net\/wordpress\/wp-content\/uploads\/2022\/05\/aaa-10.jpg\" data-dt-img-description=\"\" data-large_image_width=\"533\" data-large_image_height=\"398\"><img loading=\"lazy\" decoding=\"async\" class=\"size-thumbnail wp-image-277301 alignleft\" src=\"https:\/\/www.radiopiu.net\/wordpress\/wp-content\/uploads\/2022\/05\/aaa-10-150x150.jpg\" alt=\"\" width=\"150\" height=\"150\" \/><\/a>BELLUNO\u00a0 <\/strong>\u00a0Dopo Soverzene anche a Belluno,\u00a0 nel parcheggio del ristorante al Borgo, l&#8217;ignoto o gli ignoti hanno ripetuto il furto nell&#8217;auto. Tra le 17 e le 19.30 racconta Francesca sulla pagina facebook Sei di Belluno Se, il vetro dell&#8217;auto \u00e8 stato frantumato, dentro c&#8217;era uno zaino contenente un quadernone verde\u00a0 ad anelli\u00a0 con materiale da lavoro. Importante quindi,\u00a0 se qualcuno lo ritrovasse\u00a0 dovrebbe essere cos\u00ec cortese da mettersi in contatto con Francesca Del Favero su Facebook, oppure\u00a0 lasciandolo al ristorante al Borgo. Il precedente a Soverzene 15 giorni fa, stesse modalit\u00e0 con il portafoglio rubato ritrovato una settimana dopo. in un autogrill a Verona<\/p>\n<p>&nbsp;<\/p>\n<hr \/>\n<p>&nbsp;<\/p>\n<blockquote>\n<h3>BISTRO BEMBO DI VIA LORETO, EX DIPENDENTE NEL MIRINO<\/h3>\n<\/blockquote>\n<p><a class=\"dt-pswp-item\" href=\"https:\/\/www.radiopiu.net\/wordpress\/wp-content\/uploads\/2022\/05\/96127947_2598298987125431_9182644610038497280_n.jpg\" data-dt-img-description=\"\" data-large_image_width=\"206\" data-large_image_height=\"206\"><img loading=\"lazy\" decoding=\"async\" class=\" wp-image-277330 alignleft\" src=\"https:\/\/www.radiopiu.net\/wordpress\/wp-content\/uploads\/2022\/05\/96127947_2598298987125431_9182644610038497280_n-150x150.jpg\" alt=\"\" width=\"125\" height=\"125\" srcset=\"https:\/\/www.radiopiu.net\/wordpress\/wp-content\/uploads\/2022\/05\/96127947_2598298987125431_9182644610038497280_n-150x150.jpg 150w, https:\/\/www.radiopiu.net\/wordpress\/wp-content\/uploads\/2022\/05\/96127947_2598298987125431_9182644610038497280_n.jpg 206w\" sizes=\"auto, (max-width: 125px) 100vw, 125px\" \/><\/a><strong>BELLUNO<\/strong> Dipendente licenziato si sarebbe vendicato a colpi di vernice. I titolari del Bistro Bembo hanno denunciato per furto e danneggiamento aggravati un lavoratore. \u00c8 sospettato di aver messo pi\u00f9 volte le mani nella cassa, peraltro sotto gli occhi di una telecamera di videosorveglianza, adeguatamente segnalata.\u00a0 In pi\u00f9, l&#8217;ex dipendente si sarebbe lasciato scappare una confessione, che potrebbe finire a sua volta agli atti, in quanto immortalata con il microfono di un telefonino. Si sarebbe comprato una bomboletta di vernice spray di colore blu, per scatenarsi con scritte dal contenuto pesantemente ingiurioso sui muri esterni dello storico palazzo di via Loreto; non contento, si sarebbe spinto fino in via Psaro, per lasciare un ricordo di grandi dimensioni anche su una parete esterna sull&#8217;edificio che ospita l&#8217;istituto tecnico industriale Segato.<\/p>\n<p>&nbsp;<\/p>\n<p>&nbsp;<\/p>\n<hr \/>\n<p>&nbsp;<\/p>\n<blockquote>\n<h3>LUXOTTICA: NESSUN ATTACCO HACKER, MA C&#8217;E&#8217; CHI L&#8217;AVEVA PENSATO<\/h3>\n<\/blockquote>\n<p>&nbsp;<\/p>\n<p><strong><img loading=\"lazy\" decoding=\"async\" class=\"alignleft\" src=\"https:\/\/www.radiopiu.net\/wordpress\/wp-content\/uploads\/2021\/12\/LUXOTTICA-FRAMONT.jpg\" width=\"203\" height=\"152\" \/>AGORDO<\/strong> Iniziamo dalla non notizia: nessun attacco hacker oggi in Luxottica, ma i computer alle 11.30 sono andarti in tilt per poi riprendere normalmente in serata alle 19,20. Da subito si era sparsa la voce dell&#8217;attacco informatico sul ricordo del precedente quando il\u00a0 <span class=\" fc-smoke\">22 settembre del 2020 un vero <\/span><span class=\" fc-falcon\">attacco hacker agli stabilimenti di\u00a0Luxottica aveva provocato un guasto informatico che aveva reso impossibile il proseguimento della normale attivit\u00e0 aziendale. Problemi tecnici d&#8217;altro tipo e il<\/span> sistema bloccandosi ha creato problemi negli ordini in lavorazione e di conseguenza anche nella pianificazione dei vari reparti. Inoltre era bloccato anche il My Personal Desk dove il dipendente pu\u00f2 controllare tutto, dalle buste paga alle ore disponibili di permesso o ferie. \u00a0Comunque nei reparti il ciclo lavorativo non ha conosciuto pause con il\u00a0 ritorno al passato quando i pc non c\u2019erano:\u00a0 block notes, penna e calcolatrice.<\/p>\n<p>&nbsp;<\/p>\n<p>&nbsp;<\/p>\n<hr \/>\n<blockquote>\n<h3><\/h3>\n<h3>LAGO DI ALLEGHE, DAL 1 AL 20 GIUGNO ABBASSAMENTO DI 2 METRI E 30 CENTIMETRI<\/h3>\n<\/blockquote>\n<p>&nbsp;<\/p>\n<p><strong><img loading=\"lazy\" decoding=\"async\" class=\"alignleft\" src=\"https:\/\/www.radiopiu.net\/wordpress\/wp-content\/uploads\/2021\/06\/d387af2d-5fd5-45f0-aac2-6b610c874311.jpg\" width=\"167\" height=\"125\" \/>ALLEGHE<\/strong><\/p>\n<p><strong>GIANNI SANTOMASO<\/strong><\/p>\n<p><strong>AUDIO<\/strong><\/p>\n<audio class=\"wp-audio-shortcode\" id=\"audio-277107-1\" preload=\"none\" style=\"width: 100%;\" controls=\"controls\"><source type=\"audio\/mpeg\" src=\"https:\/\/www.radiopiu.net\/wordpress\/wp-content\/uploads\/2022\/05\/GIANNI-ALLEGHE.mp3?_=1\" \/><a href=\"https:\/\/www.radiopiu.net\/wordpress\/wp-content\/uploads\/2022\/05\/GIANNI-ALLEGHE.mp3\">https:\/\/www.radiopiu.net\/wordpress\/wp-content\/uploads\/2022\/05\/GIANNI-ALLEGHE.mp3<\/a><\/audio>\n<p>&nbsp;<\/p>\n\n\t\t\t<style type='text\/css'>\n\t\t\t\t#gallery-1 {\n\t\t\t\t\tmargin: auto;\n\t\t\t\t}\n\t\t\t\t#gallery-1 .gallery-item {\n\t\t\t\t\tfloat: left;\n\t\t\t\t\tmargin-top: 10px;\n\t\t\t\t\ttext-align: center;\n\t\t\t\t\twidth: 33%;\n\t\t\t\t}\n\t\t\t\t#gallery-1 img {\n\t\t\t\t\tborder: 2px solid #cfcfcf;\n\t\t\t\t}\n\t\t\t\t#gallery-1 .gallery-caption {\n\t\t\t\t\tmargin-left: 0;\n\t\t\t\t}\n\t\t\t\t\/* see gallery_shortcode() in wp-includes\/media.php *\/\n\t\t\t<\/style>\n\t\t<div id='gallery-1' class='dt-gallery-container gallery galleryid-277107 gallery-columns-3 gallery-size-thumbnail'><dl class='gallery-item'>\n\t\t\t\t<dt class='gallery-icon portrait'>\n\t\t\t\t\t<a class=\"rollover rollover-zoom dt-pswp-item\" title=\"a0681fd1-9116-4f5a-8c50-9579825afb5e\" data-dt-img-description=\"\" data-large_image_width=\"1500\" data-large_image_height=\"2000\"href='https:\/\/www.radiopiu.net\/wordpress\/wp-content\/uploads\/2022\/05\/a0681fd1-9116-4f5a-8c50-9579825afb5e.jpg'><img loading=\"lazy\" decoding=\"async\" width=\"150\" height=\"150\" src=\"https:\/\/www.radiopiu.net\/wordpress\/wp-content\/uploads\/2022\/05\/a0681fd1-9116-4f5a-8c50-9579825afb5e-150x150.jpg\" class=\"attachment-thumbnail size-thumbnail\" alt=\"\" \/><\/a>\n\t\t\t\t<\/dt><\/dl><dl class='gallery-item'>\n\t\t\t\t<dt class='gallery-icon portrait'>\n\t\t\t\t\t<a class=\"rollover rollover-zoom dt-pswp-item\" title=\"2c0be44b-8ec0-498e-a489-05ac474b223f\" data-dt-img-description=\"\" data-large_image_width=\"1200\" data-large_image_height=\"1600\"href='https:\/\/www.radiopiu.net\/wordpress\/wp-content\/uploads\/2022\/05\/2c0be44b-8ec0-498e-a489-05ac474b223f.jpg'><img loading=\"lazy\" decoding=\"async\" width=\"150\" height=\"150\" src=\"https:\/\/www.radiopiu.net\/wordpress\/wp-content\/uploads\/2022\/05\/2c0be44b-8ec0-498e-a489-05ac474b223f-150x150.jpg\" class=\"attachment-thumbnail size-thumbnail\" alt=\"\" \/><\/a>\n\t\t\t\t<\/dt><\/dl><dl class='gallery-item'>\n\t\t\t\t<dt class='gallery-icon landscape'>\n\t\t\t\t\t<a class=\"rollover rollover-zoom dt-pswp-item\" title=\"f5bcd3f9-c885-4330-9fbc-2d7b20da7a6a\" data-dt-img-description=\"\" data-large_image_width=\"2000\" data-large_image_height=\"1500\"href='https:\/\/www.radiopiu.net\/wordpress\/wp-content\/uploads\/2022\/05\/f5bcd3f9-c885-4330-9fbc-2d7b20da7a6a.jpg'><img loading=\"lazy\" decoding=\"async\" width=\"150\" height=\"150\" src=\"https:\/\/www.radiopiu.net\/wordpress\/wp-content\/uploads\/2022\/05\/f5bcd3f9-c885-4330-9fbc-2d7b20da7a6a-150x150.jpg\" class=\"attachment-thumbnail size-thumbnail\" alt=\"\" \/><\/a>\n\t\t\t\t<\/dt><\/dl><br style=\"clear: both\" \/><dl class='gallery-item'>\n\t\t\t\t<dt class='gallery-icon portrait'>\n\t\t\t\t\t<a class=\"rollover rollover-zoom dt-pswp-item\" title=\"9db71319-4cd1-4691-a1e8-d9d2f6bf908c\" data-dt-img-description=\"\" data-large_image_width=\"1488\" data-large_image_height=\"1984\"href='https:\/\/www.radiopiu.net\/wordpress\/wp-content\/uploads\/2022\/05\/9db71319-4cd1-4691-a1e8-d9d2f6bf908c.jpg'><img loading=\"lazy\" decoding=\"async\" width=\"150\" height=\"150\" src=\"https:\/\/www.radiopiu.net\/wordpress\/wp-content\/uploads\/2022\/05\/9db71319-4cd1-4691-a1e8-d9d2f6bf908c-150x150.jpg\" class=\"attachment-thumbnail size-thumbnail\" alt=\"\" \/><\/a>\n\t\t\t\t<\/dt><\/dl><dl class='gallery-item'>\n\t\t\t\t<dt class='gallery-icon portrait'>\n\t\t\t\t\t<a class=\"rollover rollover-zoom dt-pswp-item\" title=\"babda86c-70e7-4eef-a688-98d2d200c966\" data-dt-img-description=\"\" data-large_image_width=\"1500\" data-large_image_height=\"2000\"href='https:\/\/www.radiopiu.net\/wordpress\/wp-content\/uploads\/2022\/05\/babda86c-70e7-4eef-a688-98d2d200c966.jpg'><img loading=\"lazy\" decoding=\"async\" width=\"150\" height=\"150\" src=\"https:\/\/www.radiopiu.net\/wordpress\/wp-content\/uploads\/2022\/05\/babda86c-70e7-4eef-a688-98d2d200c966-150x150.jpg\" class=\"attachment-thumbnail size-thumbnail\" alt=\"\" \/><\/a>\n\t\t\t\t<\/dt><\/dl><dl class='gallery-item'>\n\t\t\t\t<dt class='gallery-icon portrait'>\n\t\t\t\t\t<a class=\"rollover rollover-zoom dt-pswp-item\" title=\"af22d20e-6879-408b-9de5-aceb9564933c\" data-dt-img-description=\"\" data-large_image_width=\"1488\" data-large_image_height=\"1984\"href='https:\/\/www.radiopiu.net\/wordpress\/wp-content\/uploads\/2022\/05\/af22d20e-6879-408b-9de5-aceb9564933c.jpg'><img loading=\"lazy\" decoding=\"async\" width=\"150\" height=\"150\" src=\"https:\/\/www.radiopiu.net\/wordpress\/wp-content\/uploads\/2022\/05\/af22d20e-6879-408b-9de5-aceb9564933c-150x150.jpg\" class=\"attachment-thumbnail size-thumbnail\" alt=\"\" \/><\/a>\n\t\t\t\t<\/dt><\/dl><br style=\"clear: both\" \/>\n\t\t\t<\/div>\n\n<p>&nbsp;<\/p>\n<blockquote>\n<h3>L\u2019ASSESSORE ALL\u2019AMBIENTE FARA\u2019 UN SOPRALLUOGO AI LAVORI DI MESSA IN SICUREZZA DEL LAGO DI ALLEGHE<\/h3>\n<\/blockquote>\n<p><strong>VENEZIA<\/strong> Domani l\u2019Assessore all\u2019Ambiente della Regione del Veneto, far\u00e0 un sopralluogo ad Alleghe per fare il punto sui lavori che si stanno eseguendo per la messa in sicurezza del lago attraverso la realizzazione dello sfioratore di piena. Si tratta di un intervento da 1,8 milioni di euro.<\/p>\n<p>&nbsp;<\/p>\n<hr \/>\n<p>&nbsp;<\/p>\n<h2><span style=\"color: #ff0000;\">IERI ALLA RADIO<\/span><\/h2>\n<blockquote class=\"wp-embedded-content\" data-secret=\"v0HSncLDDS\"><p><a href=\"https:\/\/www.radiopiu.net\/wordpress\/la-morte-di-luca-lo-strazio-del-papa\/\">LA MORTE DI LUCA, LO STRAZIO DEL PAPA&#8217;<\/a><\/p><\/blockquote>\n<p><iframe loading=\"lazy\" class=\"wp-embedded-content\" sandbox=\"allow-scripts\" security=\"restricted\" style=\"position: absolute; clip: rect(1px, 1px, 1px, 1px);\" title=\"&#8220;LA MORTE DI LUCA, LO STRAZIO DEL PAPA&#8217;&#8221; &#8212; Radio Pi\u00f9\" src=\"https:\/\/www.radiopiu.net\/wordpress\/la-morte-di-luca-lo-strazio-del-papa\/embed\/#?secret=jJ5blyuFms#?secret=v0HSncLDDS\" data-secret=\"v0HSncLDDS\" width=\"600\" height=\"338\" frameborder=\"0\" marginwidth=\"0\" marginheight=\"0\" scrolling=\"no\"><\/iframe><\/p>\n<p>&nbsp;<\/p>\n<hr \/>\n<p>&nbsp;<\/p>\n<h2><span style=\"color: #ff0000;\">IERI ALLA RADIO<\/span><\/h2>\n<blockquote class=\"wp-embedded-content\" data-secret=\"E1a2rRvpGQ\"><p><a href=\"https:\/\/www.radiopiu.net\/wordpress\/addestramento-a-colcuc-per-i-vigili-del-fuoco-permanenti-e-volontari\/\">ADDESTRAMENTO A COLCUC PER I VIGILI DEL FUOCO PERMANENTI E VOLONTARI<\/a><\/p><\/blockquote>\n<p><iframe loading=\"lazy\" class=\"wp-embedded-content\" sandbox=\"allow-scripts\" security=\"restricted\" style=\"position: absolute; clip: rect(1px, 1px, 1px, 1px);\" title=\"&#8220;ADDESTRAMENTO A COLCUC PER I VIGILI DEL FUOCO PERMANENTI E VOLONTARI&#8221; &#8212; Radio Pi\u00f9\" src=\"https:\/\/www.radiopiu.net\/wordpress\/addestramento-a-colcuc-per-i-vigili-del-fuoco-permanenti-e-volontari\/embed\/#?secret=Nnn2yQhf44#?secret=E1a2rRvpGQ\" data-secret=\"E1a2rRvpGQ\" width=\"600\" height=\"338\" frameborder=\"0\" marginwidth=\"0\" marginheight=\"0\" scrolling=\"no\"><\/iframe><\/p>\n<p>&nbsp;<\/p>\n<p>&nbsp;<\/p>\n<hr \/>\n<p>&nbsp;<\/p>\n<blockquote>\n<h3>NEGLI ULTIMI SETTE GIORNI MENO NUOVI CASI, CHIUSE LE TERAPIE INTENSIVE COVID E 3 DECESSI<\/h3>\n<\/blockquote>\n<p><strong>BELLUNO<\/strong> Un&#8217;altra settimana con la curva che punta decisamente verso il basso con una diminuzione dei nuovi casi: 502 negli ultimi sette giorni (-161 rispetto a sette giorni fa), con un conseguente tasso di incidenza settimanale di 252 casi su 100 mila abitanti, in diminuzione rispetto alla settimana precedente e inferiore all&#8217;incidenza nazionale (316 su 100 mila abitanti). Anche i casi Comune per Comune sono dunque in diminuzione con punte massime a Canale d&#8217;Agordo e Vallada Agordina (oltre 200 casi ogni 100mila abitanti) e 12 Comuni che non hanno registrato casi di covid negli ultimi sette giorni. Nella settimana analizzata i nuovi casi si collocano prevalentemente nelle fasce centrali 25-64 anni. Tre i decessi: 18\/05: deceduta una donna di anni 86 ricoverata presso la Pneumologia di Feltre;\u00a0 19\/05: deceduto un uomo di anni 82 ricoverato presso la Pneumologia di Feltre; 22\/05: deceduto un uomo di anni 63 ricoverato presso la Pneumologia di Feltre. Ricoveri: 21 pazienti in area non critica al San Martino, 7 negli ospedali di comunit\u00e0, nessuno in terapia intensiva. In relazione al mutato quadro epidemiologico, che vede oramai la netta prevalenza di casi a bassa intensit\u00e0 clinica di pazienti Covid19+, \u00e8 stata attivata la degenza Geriatria Covid19 + e l\u2019ODC Covid19+ presso l\u2019Ospedale di Belluno. Dal 18 maggio sono stati, quindi, riattivati alcuni posti letto di degenza ordinaria in Pneumologia non covid. <em>\u201cCon la riattivazione della Pneumologia free di Belluno (e a breve quella di Feltre) si apre una nuova fase della gestione della pandemia con la ripresa delle attivit\u00e0 specialistiche.\u201d commenta il Direttore Generale.<\/em><\/p>\n\n\t\t\t<style type='text\/css'>\n\t\t\t\t#gallery-2 {\n\t\t\t\t\tmargin: auto;\n\t\t\t\t}\n\t\t\t\t#gallery-2 .gallery-item {\n\t\t\t\t\tfloat: left;\n\t\t\t\t\tmargin-top: 10px;\n\t\t\t\t\ttext-align: center;\n\t\t\t\t\twidth: 33%;\n\t\t\t\t}\n\t\t\t\t#gallery-2 img {\n\t\t\t\t\tborder: 2px solid #cfcfcf;\n\t\t\t\t}\n\t\t\t\t#gallery-2 .gallery-caption {\n\t\t\t\t\tmargin-left: 0;\n\t\t\t\t}\n\t\t\t\t\/* see gallery_shortcode() in wp-includes\/media.php *\/\n\t\t\t<\/style>\n\t\t<div id='gallery-2' class='dt-gallery-container gallery galleryid-277107 gallery-columns-3 gallery-size-full'><dl class='gallery-item'>\n\t\t\t\t<dt class='gallery-icon portrait'>\n\t\t\t\t\t<a class=\"rollover rollover-zoom dt-pswp-item\" title=\"c634979a-ab26-46ee-9838-31d2ede5943f\" data-dt-img-description=\"\" data-large_image_width=\"960\" data-large_image_height=\"973\"href='https:\/\/www.radiopiu.net\/wordpress\/wp-content\/uploads\/2022\/05\/c634979a-ab26-46ee-9838-31d2ede5943f.jpg'><img loading=\"lazy\" decoding=\"async\" width=\"960\" height=\"973\" src=\"https:\/\/www.radiopiu.net\/wordpress\/wp-content\/uploads\/2022\/05\/c634979a-ab26-46ee-9838-31d2ede5943f.jpg\" class=\"attachment-full size-full\" alt=\"\" srcset=\"https:\/\/www.radiopiu.net\/wordpress\/wp-content\/uploads\/2022\/05\/c634979a-ab26-46ee-9838-31d2ede5943f.jpg 960w, https:\/\/www.radiopiu.net\/wordpress\/wp-content\/uploads\/2022\/05\/c634979a-ab26-46ee-9838-31d2ede5943f-296x300.jpg 296w, https:\/\/www.radiopiu.net\/wordpress\/wp-content\/uploads\/2022\/05\/c634979a-ab26-46ee-9838-31d2ede5943f-768x778.jpg 768w\" sizes=\"auto, (max-width: 960px) 100vw, 960px\" \/><\/a>\n\t\t\t\t<\/dt><\/dl><dl class='gallery-item'>\n\t\t\t\t<dt class='gallery-icon landscape'>\n\t\t\t\t\t<a class=\"rollover rollover-zoom dt-pswp-item\" title=\"c178d8fe-0cb6-45f7-b35b-eec9f173c85e\" data-dt-img-description=\"\" data-large_image_width=\"1600\" data-large_image_height=\"846\"href='https:\/\/www.radiopiu.net\/wordpress\/wp-content\/uploads\/2022\/05\/c178d8fe-0cb6-45f7-b35b-eec9f173c85e.jpg'><img loading=\"lazy\" decoding=\"async\" width=\"1600\" height=\"846\" src=\"https:\/\/www.radiopiu.net\/wordpress\/wp-content\/uploads\/2022\/05\/c178d8fe-0cb6-45f7-b35b-eec9f173c85e.jpg\" class=\"attachment-full size-full\" alt=\"\" srcset=\"https:\/\/www.radiopiu.net\/wordpress\/wp-content\/uploads\/2022\/05\/c178d8fe-0cb6-45f7-b35b-eec9f173c85e.jpg 1600w, https:\/\/www.radiopiu.net\/wordpress\/wp-content\/uploads\/2022\/05\/c178d8fe-0cb6-45f7-b35b-eec9f173c85e-300x159.jpg 300w, https:\/\/www.radiopiu.net\/wordpress\/wp-content\/uploads\/2022\/05\/c178d8fe-0cb6-45f7-b35b-eec9f173c85e-1024x541.jpg 1024w, https:\/\/www.radiopiu.net\/wordpress\/wp-content\/uploads\/2022\/05\/c178d8fe-0cb6-45f7-b35b-eec9f173c85e-768x406.jpg 768w, https:\/\/www.radiopiu.net\/wordpress\/wp-content\/uploads\/2022\/05\/c178d8fe-0cb6-45f7-b35b-eec9f173c85e-1536x812.jpg 1536w\" sizes=\"auto, (max-width: 1600px) 100vw, 1600px\" \/><\/a>\n\t\t\t\t<\/dt><\/dl><dl class='gallery-item'>\n\t\t\t\t<dt class='gallery-icon landscape'>\n\t\t\t\t\t<a class=\"rollover rollover-zoom dt-pswp-item\" title=\"23286e8a-ea80-4971-ac71-255a3daaf391\" data-dt-img-description=\"\" data-large_image_width=\"910\" data-large_image_height=\"603\"href='https:\/\/www.radiopiu.net\/wordpress\/wp-content\/uploads\/2022\/05\/23286e8a-ea80-4971-ac71-255a3daaf391.jpg'><img loading=\"lazy\" decoding=\"async\" width=\"910\" height=\"603\" src=\"https:\/\/www.radiopiu.net\/wordpress\/wp-content\/uploads\/2022\/05\/23286e8a-ea80-4971-ac71-255a3daaf391.jpg\" class=\"attachment-full size-full\" alt=\"\" srcset=\"https:\/\/www.radiopiu.net\/wordpress\/wp-content\/uploads\/2022\/05\/23286e8a-ea80-4971-ac71-255a3daaf391.jpg 910w, https:\/\/www.radiopiu.net\/wordpress\/wp-content\/uploads\/2022\/05\/23286e8a-ea80-4971-ac71-255a3daaf391-300x199.jpg 300w, https:\/\/www.radiopiu.net\/wordpress\/wp-content\/uploads\/2022\/05\/23286e8a-ea80-4971-ac71-255a3daaf391-768x509.jpg 768w\" sizes=\"auto, (max-width: 910px) 100vw, 910px\" \/><\/a>\n\t\t\t\t<\/dt><\/dl><br style=\"clear: both\" \/>\n\t\t\t<\/div>\n\n<p>&nbsp;<\/p>\n<hr \/>\n<p>&nbsp;<\/p>\n<blockquote>\n<h3>GIOVANNI BALESTRIERO E&#8217; IL NUOVO PRIMARIO DI RADIOLOGIA<\/h3>\n<\/blockquote>\n<p><strong><a class=\"dt-pswp-item\" href=\"https:\/\/www.radiopiu.net\/wordpress\/wp-content\/uploads\/2022\/05\/Balestriero.jpeg\" data-dt-img-description=\"\" data-large_image_width=\"1600\" data-large_image_height=\"1200\"><img loading=\"lazy\" decoding=\"async\" class=\"size-thumbnail wp-image-277272 alignleft\" src=\"https:\/\/www.radiopiu.net\/wordpress\/wp-content\/uploads\/2022\/05\/Balestriero-150x150.jpeg\" alt=\"\" width=\"150\" height=\"150\" \/><\/a>BELLUNO<\/strong> Giovanni Balestriero \u00e8 il nuovo direttore della Radiologia di Belluno. Classe 1976, di Treviso, si \u00e8 laureato in medicina e chirurgia all\u2019Universit\u00e0 di Ferrara, dove si \u00e8 anche specializzato in Radiodiagnostica nel 2007. Nel 2014 ha conseguito un\u2019ulteriore specializzazione in Chirurgia cardiaca all\u2019universit\u00e0 di Pescara e nel 2020 ha conseguito un master di secondo livello in Neuroradiologia Interventistica endovascolare all\u2019universit\u00e0 San Raffele di Milano. Attualmente \u00e8 responsabile dell\u2019unit\u00e0 operativa semplice \u201cAlte tecnologie\u201d del Dipartimento di diagnostica per immagini dell\u2019ulss Marca Trevigiana. Ha al suo attivo una ricca produzione scientifica, con pubblicazioni su importanti riviste nazionali e internazionali ed \u00e8 stato docente al corso di laura in Tecniche di radiologia medica dell\u2019Universit\u00e0 di Padova. Nel corso della sua attivit\u00e0 si \u00e8 occupato in particolare di radiologia interventistica, neuroradiologia e imaging cardio vascolare. Ha concorso allo sviluppo di tecniche mininvasive percutanee nelle endoprotesi aortiche in collaborazione con la chirurgia vascolare, oltre che allo sviluppo del team multidisciplinare che si occupa di aneurismi toraco addominali e del loro trattamento attraverso interventi ibridi. Ha al suo attivo anche una importante casistica di embolizzazioni complesse eseguite anche con i neuroradiologi. Infine, ha attivamente contribuito alla formazione di medici specializzandi assegnati alla sala angiografica eseguendo interventi in campo vascolare, extravascolare in elezione e urgenza.<\/p>\n<p>&nbsp;<\/p>\n<p>&nbsp;<\/p>\n<hr \/>\n<p>&nbsp;<\/p>\n<blockquote>\n<h3><span id=\"page3R_mcid0\" class=\"markedContent\"><span dir=\"ltr\" role=\"presentation\">TERNA: AD APRILE IN<\/span> <span dir=\"ltr\" role=\"presentation\">VENETO<\/span> <span dir=\"ltr\" role=\"presentation\">CONSUMI ELETTRICI ANCORA IN <\/span><span dir=\"ltr\" role=\"presentation\">AUMENTO<\/span><\/span><\/h3>\n<\/blockquote>\n<p><span id=\"page3R_mcid6\" class=\"markedContent\"><strong><span dir=\"ltr\" role=\"presentation\"><a class=\"dt-pswp-item\" href=\"https:\/\/www.radiopiu.net\/wordpress\/wp-content\/uploads\/2021\/02\/FOTO-TERNA-CORTINA_4-scaled.jpg\" data-dt-img-description=\"\" data-large_image_width=\"2560\" data-large_image_height=\"1706\"><img loading=\"lazy\" decoding=\"async\" class=\"size-thumbnail wp-image-188876 alignleft\" src=\"https:\/\/www.radiopiu.net\/wordpress\/wp-content\/uploads\/2021\/02\/FOTO-TERNA-CORTINA_4-150x150.jpg\" alt=\"\" width=\"150\" height=\"150\" \/><\/a>ROMA <\/span><\/strong><span dir=\"ltr\" role=\"presentation\">Continua il trend di crescita dei consumi<\/span> <span dir=\"ltr\" role=\"presentation\">elettrici<\/span> <span dir=\"ltr\" role=\"presentation\">in<\/span> <span dir=\"ltr\" role=\"presentation\">Veneto<\/span><span dir=\"ltr\" role=\"presentation\">. Nel <\/span><span dir=\"ltr\" role=\"presentation\">mese di aprile, secondo i dati di Terna,<\/span>\u00a0<span dir=\"ltr\" role=\"presentation\">il dato<\/span> <span dir=\"ltr\" role=\"presentation\">\u00e8 in<\/span> <span dir=\"ltr\" role=\"presentation\">aumento<\/span> <span dir=\"ltr\" role=\"presentation\">dell<\/span><span dir=\"ltr\" role=\"presentation\">\u2019<\/span><span dir=\"ltr\" role=\"presentation\">1,4<\/span><span dir=\"ltr\" role=\"presentation\">% rispetto allo stesso mese del 202<\/span><span dir=\"ltr\" role=\"presentation\">1<\/span><span dir=\"ltr\" role=\"presentation\">.<\/span> <span dir=\"ltr\" role=\"presentation\">Nel periodo <\/span><span dir=\"ltr\" role=\"presentation\">considerato,<\/span> <span dir=\"ltr\" role=\"presentation\">la<\/span> <span dir=\"ltr\" role=\"presentation\">domanda elettrica regionale<\/span> <span dir=\"ltr\" role=\"presentation\">\u00e8 stata coperta da fonti di energia rinnovabile <\/span><span dir=\"ltr\" role=\"presentation\">per il 24%<\/span><span dir=\"ltr\" role=\"presentation\">. <\/span><\/span><span id=\"page3R_mcid8\" class=\"markedContent\"><span dir=\"ltr\" role=\"presentation\">Sul territorio nazionale, nel mese di aprile 2022 la domanda di energia elettrica italiana \u00e8 <\/span><span dir=\"ltr\" role=\"presentation\">stata soddisfatta per l\u201986% con la produzione<\/span> <span dir=\"ltr\" role=\"presentation\">nazionale e per la quota restante (14%) dal <\/span><span dir=\"ltr\" role=\"presentation\">saldo dell\u2019energia scambiata con l\u2019estero. La produzione nazionale netta \u00e8 risultata pari a <\/span><span dir=\"ltr\" role=\"presentation\">21 miliardi di kWh (<\/span><span dir=\"ltr\" role=\"presentation\">&#8211;<\/span><span dir=\"ltr\" role=\"presentation\">2%). Le rinnovabili hanno coperto mediamente il 37% della <\/span><span dir=\"ltr\" role=\"presentation\">domanda elettrica e hanno superato il<\/span> <span dir=\"ltr\" role=\"presentation\">50% in occasione delle festivit\u00e0 pasquali con<\/span><span dir=\"ltr\" role=\"presentation\"> una punta giornaliera pari al 60,3% proprio in occasione del giorno di <\/span><span dir=\"ltr\" role=\"presentation\">Pasqua. In crescita a due cifre la produzione da fonte eolica (+53,5%) e <\/span><span dir=\"ltr\" role=\"presentation\">fotovoltaica<\/span> <span dir=\"ltr\" role=\"presentation\">(+17<\/span><span dir=\"ltr\" role=\"presentation\">,6%). <\/span><span dir=\"ltr\" role=\"presentation\">Eolico e fotovoltaico, <\/span><span dir=\"ltr\" role=\"presentation\">insieme, hanno generato circa un quarto della produzione elettrica nazionale, un valore <\/span><span dir=\"ltr\" role=\"presentation\">record per il mese di aprile.<\/span><\/span><span id=\"page22R_mcid14\" class=\"markedContent\"><\/span><\/p>\n<section class=\"linkAnnotation\" data-annotation-id=\"26R\"><\/section>\n<p>&nbsp;<\/p>\n<p>&nbsp;<\/p>\n<hr \/>\n<p>&nbsp;<\/p>\n<p>&nbsp;<\/p>\n<blockquote>\n<h3>CHE BELLA LA LAGUNA! VISTA CON GLI OCCHI DEI RAGAZZI DAL &#8220;LANCIONE&#8221; DELLA POLIZIA<\/h3>\n<\/blockquote>\n<blockquote>\n<h3><em>Visita istituzionale in laguna per la Scuola Primaria di Rocca Pietore<\/em><\/h3>\n<p><strong>VENEZIA-ROCCA PIETORE <\/strong>\u00a0 Il 18 maggio alunni ed insegnanti della scuola primaria di Rocca Pietore hanno visitato la Questura di Venezia. Al Questore Maurizio Masciopinto,\u00a0 hanno portato i saluti del Sindaco di Rocca Pietore, Andrea De Bernardin, hanno avuto modo di vedere i mezzi e le varie attrezzature dei corpi speciali della Polizia di Stato, in particolare quelli degli artificieri e dei sommozzatori. Hanno visitato inoltre una vetreria storica di Murano ed il centro storico di Venezia. Nelle varie tappe hanno avuto il privilegio di spostarsi su di un mezzo particolare che \u00e8 il lancione della polizia e sono stati guidati dall&#8217;agente Roberto Bellio. Tutto questo \u00e8 stato possibile grazie all\u2019amicizia che lega la scuola all\u2019Associazione di volontariato \u201cUn cuore di Cavaliere\u201d ed in particolare a Fabrizio Berton della Polizia e primo collaboratore del Questore. L\u2019amicizia risale ai tempi di Vaia, quando Fabrizio con la protezione civile era giunto in soccorso proprio nel comune di Rocca Pietore. Come ha detto il sindaco, <em>Vaia ha lasciato sul territorio tanti danni, ma ha anche donato tante amicizie. E\u2019 stata un\u2019esperienza davvero unica che rimarr\u00e0 nel ricordo di tutti<\/em><\/p><\/blockquote>\n\n\t\t\t<style type='text\/css'>\n\t\t\t\t#gallery-3 {\n\t\t\t\t\tmargin: auto;\n\t\t\t\t}\n\t\t\t\t#gallery-3 .gallery-item {\n\t\t\t\t\tfloat: left;\n\t\t\t\t\tmargin-top: 10px;\n\t\t\t\t\ttext-align: center;\n\t\t\t\t\twidth: 50%;\n\t\t\t\t}\n\t\t\t\t#gallery-3 img {\n\t\t\t\t\tborder: 2px solid #cfcfcf;\n\t\t\t\t}\n\t\t\t\t#gallery-3 .gallery-caption {\n\t\t\t\t\tmargin-left: 0;\n\t\t\t\t}\n\t\t\t\t\/* see gallery_shortcode() in wp-includes\/media.php *\/\n\t\t\t<\/style>\n\t\t<div id='gallery-3' class='dt-gallery-container gallery galleryid-277107 gallery-columns-2 gallery-size-thumbnail'><dl class='gallery-item'>\n\t\t\t\t<dt class='gallery-icon landscape'>\n\t\t\t\t\t<a class=\"rollover rollover-zoom dt-pswp-item\" title=\"fd47921f-2c27-41e9-8611-1b697c6aa3d2\" data-dt-img-description=\"\" data-large_image_width=\"1024\" data-large_image_height=\"768\"href='https:\/\/www.radiopiu.net\/wordpress\/wp-content\/uploads\/2022\/05\/fd47921f-2c27-41e9-8611-1b697c6aa3d2.jpg'><img loading=\"lazy\" decoding=\"async\" width=\"150\" height=\"150\" src=\"https:\/\/www.radiopiu.net\/wordpress\/wp-content\/uploads\/2022\/05\/fd47921f-2c27-41e9-8611-1b697c6aa3d2-150x150.jpg\" class=\"attachment-thumbnail size-thumbnail\" alt=\"\" \/><\/a>\n\t\t\t\t<\/dt><\/dl><dl class='gallery-item'>\n\t\t\t\t<dt class='gallery-icon landscape'>\n\t\t\t\t\t<a class=\"rollover rollover-zoom dt-pswp-item\" title=\"da88dac4-f8ab-4839-ad55-e2df8f85e46e\" data-dt-img-description=\"\" data-large_image_width=\"1024\" data-large_image_height=\"768\"href='https:\/\/www.radiopiu.net\/wordpress\/wp-content\/uploads\/2022\/05\/da88dac4-f8ab-4839-ad55-e2df8f85e46e.jpg'><img loading=\"lazy\" decoding=\"async\" width=\"150\" height=\"150\" src=\"https:\/\/www.radiopiu.net\/wordpress\/wp-content\/uploads\/2022\/05\/da88dac4-f8ab-4839-ad55-e2df8f85e46e-150x150.jpg\" class=\"attachment-thumbnail size-thumbnail\" alt=\"\" \/><\/a>\n\t\t\t\t<\/dt><\/dl><br style=\"clear: both\" \/><dl class='gallery-item'>\n\t\t\t\t<dt class='gallery-icon portrait'>\n\t\t\t\t\t<a class=\"rollover rollover-zoom dt-pswp-item\" title=\"fceb82c9-c685-40e1-8302-382ec04f0939\" data-dt-img-description=\"\" data-large_image_width=\"768\" data-large_image_height=\"1024\"href='https:\/\/www.radiopiu.net\/wordpress\/wp-content\/uploads\/2022\/05\/fceb82c9-c685-40e1-8302-382ec04f0939.jpg'><img loading=\"lazy\" decoding=\"async\" width=\"150\" height=\"150\" src=\"https:\/\/www.radiopiu.net\/wordpress\/wp-content\/uploads\/2022\/05\/fceb82c9-c685-40e1-8302-382ec04f0939-150x150.jpg\" class=\"attachment-thumbnail size-thumbnail\" alt=\"\" \/><\/a>\n\t\t\t\t<\/dt><\/dl><dl class='gallery-item'>\n\t\t\t\t<dt class='gallery-icon landscape'>\n\t\t\t\t\t<a class=\"rollover rollover-zoom dt-pswp-item\" title=\"89d8fa87-e890-4c96-b5f5-c7ffbf4a51a8\" data-dt-img-description=\"\" data-large_image_width=\"1600\" data-large_image_height=\"900\"href='https:\/\/www.radiopiu.net\/wordpress\/wp-content\/uploads\/2022\/05\/89d8fa87-e890-4c96-b5f5-c7ffbf4a51a8.jpg'><img loading=\"lazy\" decoding=\"async\" width=\"150\" height=\"150\" src=\"https:\/\/www.radiopiu.net\/wordpress\/wp-content\/uploads\/2022\/05\/89d8fa87-e890-4c96-b5f5-c7ffbf4a51a8-150x150.jpg\" class=\"attachment-thumbnail size-thumbnail\" alt=\"\" \/><\/a>\n\t\t\t\t<\/dt><\/dl><br style=\"clear: both\" \/>\n\t\t\t<\/div>\n\n<p>&nbsp;<\/p>\n<p>&nbsp;<\/p>\n<hr \/>\n<p>&nbsp;<\/p>\n<blockquote>\n<h3>IL GIRO D&#8217;ITALIA IN PROVINCIA, SABATO 28 MAGGIO DALLE 12.25<\/h3>\n<\/blockquote>\n<p><strong><a class=\"dt-pswp-item\" href=\"https:\/\/www.radiopiu.net\/wordpress\/wp-content\/uploads\/2022\/05\/GIRO-PANTANI-AL-FEDAIA.jpg\" data-dt-img-description=\"\" data-large_image_width=\"259\" data-large_image_height=\"288\"><img loading=\"lazy\" decoding=\"async\" class=\"alignleft wp-image-276280 size-full\" src=\"https:\/\/www.radiopiu.net\/wordpress\/wp-content\/uploads\/2022\/05\/GIRO-PANTANI-AL-FEDAIA.jpg\" alt=\"\" width=\"259\" height=\"288\" \/><\/a>REDAZIONE<\/strong> Poco meno di una settimana al gran giorno, il tappone dolomitico \u00e8 il pi\u00f9 atteso della corsa rosa. Da Piazza dei Martiri (sabato 28 maggio alle 12.25) alla Marmolada passando per Sedico (12.40), Sospirolo (13.06) Agordo (13.41) Cencenighe (13.54) Passo San Pellegrino (14.44). I ciclisti torneranno in provincia di Belluno dal Pordoi (15.54) verso Arabba (16.05) Caprile (16.31) e arrivo a Malga Ciapela previsto poco prima delle 17. Questi gli orari indicativi prevedendo una media di 35 chilometri orari. Le strade interessate: Statale 50, Provinciale 12, Regionale 203 agordina, provinciale 346 del San Pellegrino, statale 48 delle Dolomiti, provinciale 641 di Passo Fedaia, saranno totalmente interdette &#8211;\u00a0 ad esclusione dei veicoli di servizio alla manifestazione, di pronto soccorso e di pubblica sicurezza &#8211; un&#8217;ora e mezza prima del passaggio dei ciclisti e riapriranno una volta transitata l&#8217;intera carovana. Con riferimento ai Passi Dolomitici di norma vengono chiusi la sera prima della tappa, ma attendiamo ulteriori precisazioni dagli organizzatori e dalla Prefettura di Belluno per averne l&#8217;ufficialit\u00e0 Saranno chiuse al transito veicolare anche le strade che si immettono sulla viabilit\u00e0 interessata, in corrispondenza degli incroci. La chiusura sar\u00e0 garantita con transenne e regolata da movieri. <strong>TRAGUARDI VOLANTI<\/strong> a Cencenighe (km63,5), Malga Ciapela (162,5). GRAN PREMIO MONTAGNA Passo San Pellegrino (1918m, 81,9 chilometri), Passo Pordoi (2239m Cima Coppi, 123,4 km), Marmolada Passo Fedaia (2057, arrivo di prima categoria 168 chilometri).<\/p>\n<p><strong>AD AGORDO Passaggio per il centro, via Cesare Battisti, Piazza Libert\u00e0, Via 27 aprile<\/strong><\/p>\n<p>foto RADIOPIU Marco Pantani sul PASSO FEDAIA<\/p>\n\n\t\t\t<style type='text\/css'>\n\t\t\t\t#gallery-4 {\n\t\t\t\t\tmargin: auto;\n\t\t\t\t}\n\t\t\t\t#gallery-4 .gallery-item {\n\t\t\t\t\tfloat: left;\n\t\t\t\t\tmargin-top: 10px;\n\t\t\t\t\ttext-align: center;\n\t\t\t\t\twidth: 50%;\n\t\t\t\t}\n\t\t\t\t#gallery-4 img {\n\t\t\t\t\tborder: 2px solid #cfcfcf;\n\t\t\t\t}\n\t\t\t\t#gallery-4 .gallery-caption {\n\t\t\t\t\tmargin-left: 0;\n\t\t\t\t}\n\t\t\t\t\/* see gallery_shortcode() in wp-includes\/media.php *\/\n\t\t\t<\/style>\n\t\t<div id='gallery-4' class='dt-gallery-container gallery galleryid-277107 gallery-columns-2 gallery-size-thumbnail'><dl class='gallery-item'>\n\t\t\t\t<dt class='gallery-icon landscape'>\n\t\t\t\t\t<a class=\"rollover rollover-zoom dt-pswp-item\" title=\"T20_Fedaia_alt\" data-dt-img-description=\"\" data-large_image_width=\"1280\" data-large_image_height=\"852\"href='https:\/\/www.radiopiu.net\/wordpress\/wp-content\/uploads\/2022\/05\/eXEQkcEZRH3xKCLKhFiY_260422-095012-1.jpg'><img loading=\"lazy\" decoding=\"async\" width=\"150\" height=\"150\" src=\"https:\/\/www.radiopiu.net\/wordpress\/wp-content\/uploads\/2022\/05\/eXEQkcEZRH3xKCLKhFiY_260422-095012-1-150x150.jpg\" class=\"attachment-thumbnail size-thumbnail\" alt=\"\" \/><\/a>\n\t\t\t\t<\/dt><\/dl><dl class='gallery-item'>\n\t\t\t\t<dt class='gallery-icon landscape'>\n\t\t\t\t\t<a class=\"rollover rollover-zoom dt-pswp-item\" title=\"aaaa\" data-dt-img-description=\"\" data-large_image_width=\"875\" data-large_image_height=\"711\"href='https:\/\/www.radiopiu.net\/wordpress\/wp-content\/uploads\/2022\/05\/aaaa-5.jpg'><img loading=\"lazy\" decoding=\"async\" width=\"150\" height=\"150\" src=\"https:\/\/www.radiopiu.net\/wordpress\/wp-content\/uploads\/2022\/05\/aaaa-5-150x150.jpg\" class=\"attachment-thumbnail size-thumbnail\" alt=\"\" \/><\/a>\n\t\t\t\t<\/dt><\/dl><br style=\"clear: both\" \/>\n\t\t\t<\/div>\n\n<p>&nbsp;<\/p>\n<blockquote>\n<h3>GIRO D&#8217;ITALIA A SOSPIROLO, ESEMPIO DI COME VIVERE L&#8217;EVENTO<\/h3>\n<\/blockquote>\n<p><strong><a class=\"dt-pswp-item\" href=\"https:\/\/www.radiopiu.net\/wordpress\/wp-content\/uploads\/2022\/05\/282109333_10209301439208588_1718570653736755102_n.jpg\" data-dt-img-description=\"\" data-large_image_width=\"2048\" data-large_image_height=\"1536\"><img loading=\"lazy\" decoding=\"async\" class=\"wp-image-277234 alignleft\" src=\"https:\/\/www.radiopiu.net\/wordpress\/wp-content\/uploads\/2022\/05\/282109333_10209301439208588_1718570653736755102_n-300x225.jpg\" alt=\"\" width=\"236\" height=\"177\" srcset=\"https:\/\/www.radiopiu.net\/wordpress\/wp-content\/uploads\/2022\/05\/282109333_10209301439208588_1718570653736755102_n-300x225.jpg 300w, https:\/\/www.radiopiu.net\/wordpress\/wp-content\/uploads\/2022\/05\/282109333_10209301439208588_1718570653736755102_n-1024x768.jpg 1024w, https:\/\/www.radiopiu.net\/wordpress\/wp-content\/uploads\/2022\/05\/282109333_10209301439208588_1718570653736755102_n-768x576.jpg 768w, https:\/\/www.radiopiu.net\/wordpress\/wp-content\/uploads\/2022\/05\/282109333_10209301439208588_1718570653736755102_n-1536x1152.jpg 1536w, https:\/\/www.radiopiu.net\/wordpress\/wp-content\/uploads\/2022\/05\/282109333_10209301439208588_1718570653736755102_n.jpg 2048w\" sizes=\"auto, (max-width: 236px) 100vw, 236px\" \/><\/a>SOSPIROLO\u00a0<\/strong> Il Comune di Sospirolo, in collaborazione con la Pro Loco \u201cMonti del Sole\u201d e il Gruppo Alpini di Sospirolo, organizza una serata di appuntamenti in attesa del passaggio dei ciclisti in rosa. Venerdi al Centro civico\u00a0 dalle 19 inaugurazione della mostra dei lavori degli alunni della scuola primaria e secondaria di Sospirolo dedicati\u00a0 alla manifestazione; alle 19.30 il lancio di palloncini rosa con la scuola dell\u2019infanzia. Alle 20 l&#8217;incontro con con gli ex ciclisti e dirigenti sportivi Mario Beccia e Dino Zandeg\u00f9 e con il pittore e illustratore del Giro Vico Calabr\u00f2, noto illustratore per diversi autori contemporanei, esperto in campo incisorio e della tecnica dell\u2019affresco. A seguire la festa continuer\u00e0 in Piazza Segato con musica dal vivo con Le Gole Arse e un momento ricreativo offerto dal Gruppo Alpini in collaborazione con la Pro loco.\u00a0 Le vie sospirolesi si sono tinte di rosa grazie al coordinamento dell\u2019amministrazione comunale che ha proposto uno striscione di formato standard con la scritta \u201cSospirolo saluta il Giro\u201d (che d\u00e0 un\u2019immagine molto ordinata ed elegante al paese); gli abitanti si sono attivati anche in autonomia grazie a belle e originali installazioni dove la bici la fa da padrona.<\/p>\n<p>&nbsp;<\/p>\n<hr \/>\n<p>&nbsp;<\/p>\n<p>&nbsp;<\/p>\n<blockquote>\n<h3>A VALLADA IL MURALES DEDICATO AL GIRO D&#8217;ITALIA<\/h3>\n<\/blockquote>\n<p><strong><a class=\"dt-pswp-item\" href=\"https:\/\/www.radiopiu.net\/wordpress\/wp-content\/uploads\/2022\/05\/cabina-enel-vallada-con-murales-scaled.jpg\" data-dt-img-description=\"\" data-large_image_width=\"2560\" data-large_image_height=\"1440\"><img loading=\"lazy\" decoding=\"async\" class=\"size-thumbnail wp-image-276828 alignleft\" src=\"https:\/\/www.radiopiu.net\/wordpress\/wp-content\/uploads\/2022\/05\/cabina-enel-vallada-con-murales-150x150.jpg\" alt=\"\" width=\"150\" height=\"150\" \/><\/a>VALLADA<\/strong><\/p>\n<p>di Luisa Manfroi<\/p>\n<audio class=\"wp-audio-shortcode\" id=\"audio-277107-2\" preload=\"none\" style=\"width: 100%;\" controls=\"controls\"><source type=\"audio\/mpeg\" src=\"https:\/\/www.radiopiu.net\/wordpress\/wp-content\/uploads\/2022\/05\/LUISA-MANFROI-Murales-cabina-Vallada.mp3?_=2\" \/><a href=\"https:\/\/www.radiopiu.net\/wordpress\/wp-content\/uploads\/2022\/05\/LUISA-MANFROI-Murales-cabina-Vallada.mp3\">https:\/\/www.radiopiu.net\/wordpress\/wp-content\/uploads\/2022\/05\/LUISA-MANFROI-Murales-cabina-Vallada.mp3<\/a><\/audio>\n<p>&nbsp;<\/p>\n<p>&nbsp;<\/p>\n<p>&nbsp;<\/p>\n<hr \/>\n<p>&nbsp;<\/p>\n<blockquote>\n<h3>I RAGAZZI DEL MUSLA A STRASBURGO, PARLANDO LADINO<\/h3>\n<\/blockquote>\n<p><img loading=\"lazy\" decoding=\"async\" class=\"alignleft\" src=\"https:\/\/www.radiopiu.net\/wordpress\/wp-content\/uploads\/2021\/04\/MUSLA.jpg\" width=\"256\" height=\"144\" \/><strong>AGORDO<\/strong><\/p>\n<p><strong>DI GIANNI SANTOMASO<\/strong><\/p>\n<p><strong>AUDIO<\/strong><\/p>\n<audio class=\"wp-audio-shortcode\" id=\"audio-277107-3\" preload=\"none\" style=\"width: 100%;\" controls=\"controls\"><source type=\"audio\/mpeg\" src=\"https:\/\/www.radiopiu.net\/wordpress\/wp-content\/uploads\/2022\/05\/GIANNI-MUSLA.mp3?_=3\" \/><a href=\"https:\/\/www.radiopiu.net\/wordpress\/wp-content\/uploads\/2022\/05\/GIANNI-MUSLA.mp3\">https:\/\/www.radiopiu.net\/wordpress\/wp-content\/uploads\/2022\/05\/GIANNI-MUSLA.mp3<\/a><\/audio>\n<p>&nbsp;<\/p>\n<p>&nbsp;<\/p>\n<hr \/>\n<p>&nbsp;<\/p>\n<p>&nbsp;<\/p>\n<div>\n<blockquote>\n<h3><span style=\"font-size: large;\">Turismo, Bond: \u201cAggiornamento dei contratti per incentivare gli stagionali\u201d<\/span><\/h3>\n<\/blockquote>\n<p><strong><span style=\"font-size: large;\">ROMA\u00a0 <\/span><\/strong><span style=\"font-size: large;\">\u201cNon c\u2019\u00e8 turismo senza i lavoratori stagionali. Bene quindi la proposta\u00a0 di aggiornare i contratti. Ma vado oltre: bisogna dimezzare il reddito di cittadinanza per chi stipula contratti nel settore e aggiungerci anche qualche incentivo, per rilanciare il turismo dopo anni complicati\u201d. Cos\u00ec in una nota il deputato Dario Bond. <\/span><span style=\"font-size: large;\">\u201c\u00c8 questo il primo passo per limitare il grande problema del turismo, che a livello nazionale lamenta la mancanza di 350mila stagionali e che in Veneto calcola la perdita di 26mila addetti. Per ritrovare la manodopera bisogna lavorare su pi\u00f9 fronti: eliminare il reddito di cittadinanza, adeguare contratti e stipendi, ma serve in parallelo anche l\u2019applicazione di incentivi, magari sgravando i datori di lavoro sul fronte fiscale. Far ripartire l\u2019Italia significa anche rimettere in pista il turismo, prima \u2018industria\u2019 del Paese\u201d.<\/span><\/p>\n<\/div>\n<p>&nbsp;<\/p>\n<p>&nbsp;<\/p>\n<hr \/>\n<p>&nbsp;<\/p>\n<p>&nbsp;<\/p>\n<blockquote class=\"wp-embedded-content\" data-secret=\"ruy4JREDO9\"><p><a href=\"https:\/\/www.radiopiu.net\/wordpress\/aggnazionalemaggio23\/\">CORONAVIRUS: AGGIORNAMENTO NAZIONALE 23 MAGGIO 2022<\/a><\/p><\/blockquote>\n<p><iframe loading=\"lazy\" class=\"wp-embedded-content\" sandbox=\"allow-scripts\" security=\"restricted\" style=\"position: absolute; clip: rect(1px, 1px, 1px, 1px);\" title=\"&#8220;CORONAVIRUS: AGGIORNAMENTO NAZIONALE 23 MAGGIO 2022&#8221; &#8212; Radio Pi\u00f9\" src=\"https:\/\/www.radiopiu.net\/wordpress\/aggnazionalemaggio23\/embed\/#?secret=PEzh6VW7EA#?secret=ruy4JREDO9\" data-secret=\"ruy4JREDO9\" width=\"600\" height=\"338\" frameborder=\"0\" marginwidth=\"0\" marginheight=\"0\" scrolling=\"no\"><\/iframe><\/p>\n<p>&nbsp;<\/p>\n<blockquote class=\"wp-embedded-content\" data-secret=\"WsLcqqJiKh\"><p><a href=\"https:\/\/www.radiopiu.net\/wordpress\/aggazzeromaggio23\/\">SONO 551 I NUOVI POSITIVI IN VENETO, 3 DECESSI NELLE ULTIME 24 ORE. CALANO I RICOVERI<\/a><\/p><\/blockquote>\n<p><iframe loading=\"lazy\" class=\"wp-embedded-content\" sandbox=\"allow-scripts\" security=\"restricted\" style=\"position: absolute; clip: rect(1px, 1px, 1px, 1px);\" title=\"&#8220;SONO 551 I NUOVI POSITIVI IN VENETO, 3 DECESSI NELLE ULTIME 24 ORE. CALANO I RICOVERI&#8221; &#8212; Radio Pi\u00f9\" src=\"https:\/\/www.radiopiu.net\/wordpress\/aggazzeromaggio23\/embed\/#?secret=DT5ZDfkYMA#?secret=WsLcqqJiKh\" data-secret=\"WsLcqqJiKh\" width=\"600\" height=\"338\" frameborder=\"0\" marginwidth=\"0\" marginheight=\"0\" scrolling=\"no\"><\/iframe><\/p>\n<p>&nbsp;<\/p>\n<h2 dir=\"auto\">I GRAFICI DI TIZIANO DE COL<\/h2>\n\n\t\t\t<style type='text\/css'>\n\t\t\t\t#gallery-5 {\n\t\t\t\t\tmargin: auto;\n\t\t\t\t}\n\t\t\t\t#gallery-5 .gallery-item {\n\t\t\t\t\tfloat: left;\n\t\t\t\t\tmargin-top: 10px;\n\t\t\t\t\ttext-align: center;\n\t\t\t\t\twidth: 33%;\n\t\t\t\t}\n\t\t\t\t#gallery-5 img {\n\t\t\t\t\tborder: 2px solid #cfcfcf;\n\t\t\t\t}\n\t\t\t\t#gallery-5 .gallery-caption {\n\t\t\t\t\tmargin-left: 0;\n\t\t\t\t}\n\t\t\t\t\/* see gallery_shortcode() in wp-includes\/media.php *\/\n\t\t\t<\/style>\n\t\t<div id='gallery-5' class='dt-gallery-container gallery galleryid-277107 gallery-columns-3 gallery-size-thumbnail'><dl class='gallery-item'>\n\t\t\t\t<dt class='gallery-icon landscape'>\n\t\t\t\t\t<a class=\"rollover rollover-zoom dt-pswp-item\" title=\"aa40e7cc-05d2-4ef3-84ba-7bc7a438e37a\" data-dt-img-description=\"\" data-large_image_width=\"590\" data-large_image_height=\"353\"href='https:\/\/www.radiopiu.net\/wordpress\/wp-content\/uploads\/2022\/05\/aa40e7cc-05d2-4ef3-84ba-7bc7a438e37a.jpg'><img loading=\"lazy\" decoding=\"async\" width=\"150\" height=\"150\" src=\"https:\/\/www.radiopiu.net\/wordpress\/wp-content\/uploads\/2022\/05\/aa40e7cc-05d2-4ef3-84ba-7bc7a438e37a-150x150.jpg\" class=\"attachment-thumbnail size-thumbnail\" alt=\"\" \/><\/a>\n\t\t\t\t<\/dt><\/dl><dl class='gallery-item'>\n\t\t\t\t<dt class='gallery-icon landscape'>\n\t\t\t\t\t<a class=\"rollover rollover-zoom dt-pswp-item\" title=\"71fa8971-7133-478d-8b9c-ed86a7f4adc4\" data-dt-img-description=\"\" data-large_image_width=\"604\" data-large_image_height=\"348\"href='https:\/\/www.radiopiu.net\/wordpress\/wp-content\/uploads\/2022\/05\/71fa8971-7133-478d-8b9c-ed86a7f4adc4.jpg'><img loading=\"lazy\" decoding=\"async\" width=\"150\" height=\"150\" src=\"https:\/\/www.radiopiu.net\/wordpress\/wp-content\/uploads\/2022\/05\/71fa8971-7133-478d-8b9c-ed86a7f4adc4-150x150.jpg\" class=\"attachment-thumbnail size-thumbnail\" alt=\"\" \/><\/a>\n\t\t\t\t<\/dt><\/dl><dl class='gallery-item'>\n\t\t\t\t<dt class='gallery-icon landscape'>\n\t\t\t\t\t<a class=\"rollover rollover-zoom dt-pswp-item\" title=\"8d80ddfb-aca8-4011-9259-c96b33ac1325\" data-dt-img-description=\"\" data-large_image_width=\"606\" data-large_image_height=\"359\"href='https:\/\/www.radiopiu.net\/wordpress\/wp-content\/uploads\/2022\/05\/8d80ddfb-aca8-4011-9259-c96b33ac1325.jpg'><img loading=\"lazy\" decoding=\"async\" width=\"150\" height=\"150\" src=\"https:\/\/www.radiopiu.net\/wordpress\/wp-content\/uploads\/2022\/05\/8d80ddfb-aca8-4011-9259-c96b33ac1325-150x150.jpg\" class=\"attachment-thumbnail size-thumbnail\" alt=\"\" \/><\/a>\n\t\t\t\t<\/dt><\/dl><br style=\"clear: both\" \/><dl class='gallery-item'>\n\t\t\t\t<dt class='gallery-icon landscape'>\n\t\t\t\t\t<a class=\"rollover rollover-zoom dt-pswp-item\" title=\"65e912e1-4781-4760-8331-e320ae75f2d7\" data-dt-img-description=\"\" data-large_image_width=\"604\" data-large_image_height=\"349\"href='https:\/\/www.radiopiu.net\/wordpress\/wp-content\/uploads\/2022\/05\/65e912e1-4781-4760-8331-e320ae75f2d7.jpg'><img loading=\"lazy\" decoding=\"async\" width=\"150\" height=\"150\" src=\"https:\/\/www.radiopiu.net\/wordpress\/wp-content\/uploads\/2022\/05\/65e912e1-4781-4760-8331-e320ae75f2d7-150x150.jpg\" class=\"attachment-thumbnail size-thumbnail\" alt=\"\" \/><\/a>\n\t\t\t\t<\/dt><\/dl><dl class='gallery-item'>\n\t\t\t\t<dt class='gallery-icon landscape'>\n\t\t\t\t\t<a class=\"rollover rollover-zoom dt-pswp-item\" title=\"c663cf2d-28df-4fa9-8de4-dbf4e0b9d4dc\" data-dt-img-description=\"\" data-large_image_width=\"614\" data-large_image_height=\"359\"href='https:\/\/www.radiopiu.net\/wordpress\/wp-content\/uploads\/2022\/05\/c663cf2d-28df-4fa9-8de4-dbf4e0b9d4dc.jpg'><img loading=\"lazy\" decoding=\"async\" width=\"150\" height=\"150\" src=\"https:\/\/www.radiopiu.net\/wordpress\/wp-content\/uploads\/2022\/05\/c663cf2d-28df-4fa9-8de4-dbf4e0b9d4dc-150x150.jpg\" class=\"attachment-thumbnail size-thumbnail\" alt=\"\" \/><\/a>\n\t\t\t\t<\/dt><\/dl><dl class='gallery-item'>\n\t\t\t\t<dt class='gallery-icon landscape'>\n\t\t\t\t\t<a class=\"rollover rollover-zoom dt-pswp-item\" title=\"3bdf618b-abd2-447f-87ea-96c547dfad86\" data-dt-img-description=\"\" data-large_image_width=\"612\" data-large_image_height=\"358\"href='https:\/\/www.radiopiu.net\/wordpress\/wp-content\/uploads\/2022\/05\/3bdf618b-abd2-447f-87ea-96c547dfad86.jpg'><img loading=\"lazy\" decoding=\"async\" width=\"150\" height=\"150\" src=\"https:\/\/www.radiopiu.net\/wordpress\/wp-content\/uploads\/2022\/05\/3bdf618b-abd2-447f-87ea-96c547dfad86-150x150.jpg\" class=\"attachment-thumbnail size-thumbnail\" alt=\"\" \/><\/a>\n\t\t\t\t<\/dt><\/dl><br style=\"clear: both\" \/>\n\t\t\t<\/div>\n\n<p>&nbsp;<\/p>\n<hr \/>\n<p>&nbsp;<\/p>\n<blockquote>\n<h3>LIDAP, AVVIA A BELLUNO IL GRUPPO DI AUTO-MUTUO AIUTO<\/h3>\n<\/blockquote>\n<p><strong> <a class=\"dt-pswp-item\" href=\"https:\/\/www.radiopiu.net\/wordpress\/wp-content\/uploads\/2022\/05\/Marco-Carbone.jpg\" data-dt-img-description=\"\" data-large_image_width=\"410\" data-large_image_height=\"615\"><img loading=\"lazy\" decoding=\"async\" class=\"wp-image-277245 alignleft\" src=\"https:\/\/www.radiopiu.net\/wordpress\/wp-content\/uploads\/2022\/05\/Marco-Carbone-200x300.jpg\" alt=\"\" width=\"111\" height=\"167\" srcset=\"https:\/\/www.radiopiu.net\/wordpress\/wp-content\/uploads\/2022\/05\/Marco-Carbone-200x300.jpg 200w, https:\/\/www.radiopiu.net\/wordpress\/wp-content\/uploads\/2022\/05\/Marco-Carbone.jpg 410w\" sizes=\"auto, (max-width: 111px) 100vw, 111px\" \/><\/a><\/strong><strong>BELLUNO<\/strong> Andare oltre la trappola del panico per ritrovare la vita. \u00c8 questo il motto di Lidap odv (Lega italiana contro i disturbi d\u2019ansia, d\u2019agorafobia e da attacchi di panico) che da poco ha una sua sezione anche nel Bellunese grazie al coordinamento di Marco Carbone. Lo scopo dell\u2019associazione \u00e8, attraverso la costituzione di gruppi di auto\/mutuo aiuto, dare vita a momenti d\u2019incontro tra persone che vivono lo stesso disagio e che vogliono evitare il destino di una \u201cvita da pazienti\u201d.\u00a0 L\u2019attivit\u00e0 della Lidap nazionale, ripresa anche nel contesto bellunese, prevede di far incontrare e offrire sostegno a chi soffre di Dap (in questo periodo alcuni disturbi sono dovuti anche alla pandemia) attraverso diversi sistemi. Tra questi, oltre ai gruppi Ama gi\u00e0 citati, vi sono anche ascolto telefonico e attraverso e-mail, promozione di informazioni corrette tramite sito (www.lidap.it) e pagina Facebook (Lidap odv), momenti informativi e di prevenzione per i cittadini. Per informazioni e iscrizioni per il bellunese chiamare il 3760044453 o scrivere a lidapbelluno@gmail.com<\/p>\n<p>&nbsp;<\/p>\n<p>&nbsp;<\/p>\n<hr \/>\n<p>&nbsp;<\/p>\n<blockquote>\n<h3>SANITA\u2019. OK AD ALTRI 11,8 MILIONI DI INVESTIMENTI<\/h3>\n<\/blockquote>\n<p><strong>VENEZIA <\/strong>La Giunta regionale del Veneto, su proposta dell\u2019Assessore alla Sanit\u00e0, ha dato il via libera a 15 progetti d\u2019investimento per un totale di 11 milioni 884 mila euro, proposti da Ulss e Aziende Ospedaliere e approvati dalla Commissione Regionale per l\u2019Investimento in Tecnologia e Edilizia Sanitaria (CRITE). In Ulss 1 Dolomiti \u2013 autorizzazione a procedura di gara per un sistema robotizzato per endoscopia da utilizzare presso il Centro di Riferimento Regionale per la Chirurgia Oncologica Gastroenterologica \u201cMichele De Boni\u201d dell\u2019Ospedale di Feltre (3 milioni 020 mila euro).<\/p>\n<p>&nbsp;<\/p>\n<p>&nbsp;<\/p>\n<hr \/>\n<p>&nbsp;<\/p>\n<blockquote>\n<h3>VIABILITA&#8217; PER L&#8217;OSPEDALE DI FELTRE, LE NUOVE MODALITA&#8217; DAL 1 GIUGNO<\/h3>\n<\/blockquote>\n<p><strong>FELTRE<\/strong>\u00a0 Dal 1 giugno l&#8217;utente che necessita di entrare in auto all\u2019Ospedale di Feltre \u00e8 invitato a presentarsi alla vecchia portineria o alla sbarra lato nord (via Bentivoglio). Suonando il citofono, sar\u00e0 in contatto con la portineria che, se autorizzabile, far\u00e0 accedere l\u2019auto. A partire dal 1\u00b0 giugno, infatti, sar\u00e0 CHIUSO il passaggio alle automobili presso il nuovo accesso, utilizzato solo per lo stato di emergenza<\/p>\n<p>&nbsp;<\/p>\n<p>&nbsp;<\/p>\n<hr \/>\n<p>&nbsp;<\/p>\n<blockquote>\n<h3>AL VIA LA SECONDA EDIZIONE DEL CORSO OPERATORI ESPERTI IN DISABILITY MANAGEMENT<\/h3>\n<\/blockquote>\n<p><strong><a class=\"dt-pswp-item\" href=\"https:\/\/www.radiopiu.net\/wordpress\/wp-content\/uploads\/2021\/04\/DISABILE.jpg\" data-dt-img-description=\"\" data-large_image_width=\"1920\" data-large_image_height=\"1280\"><img loading=\"lazy\" decoding=\"async\" class=\" wp-image-204745 alignleft\" src=\"https:\/\/www.radiopiu.net\/wordpress\/wp-content\/uploads\/2021\/04\/DISABILE-150x150.jpg\" alt=\"\" width=\"113\" height=\"113\" \/><\/a>VENEZIA<\/strong> A giugno prender\u00e0 il via la seconda edizione del corso in Disability Management, promosso da Regione del Veneto e Veneto Lavoro con l\u2019obiettivo di formare operatori specializzati in tema di integrazione lavorativa delle persone con disabilit\u00e0. Il corso \u00e8 rivolto alle aziende venete, che potranno far aderire all\u2019iniziativa il personale che, a vario titolo, si occupa dell\u2019inserimento lavorativo delle persone con disabilit\u00e0. Il percorso formativo, interamente finanziato con risorse del Fondo Regionale per l\u2019Occupazione dei Disabili.<\/p>\n<p>&nbsp;<\/p>\n<p>&nbsp;<\/p>\n<hr \/>\n<p>&nbsp;<\/p>\n<blockquote>\n<h3>INAUGURATO A GIAON DI LIMANA IL NUOVO AFFRESCO DI LAURA BALLIS<\/h3>\n<\/blockquote>\n<p><strong>LIMANA<\/strong><\/p>\n<p>di Moreno Gioli<\/p>\n<audio class=\"wp-audio-shortcode\" id=\"audio-277107-4\" preload=\"none\" style=\"width: 100%;\" controls=\"controls\"><source type=\"audio\/mpeg\" src=\"https:\/\/www.radiopiu.net\/wordpress\/wp-content\/uploads\/2022\/05\/GIOLI-LAURA-BALLIS.mp3?_=4\" \/><a href=\"https:\/\/www.radiopiu.net\/wordpress\/wp-content\/uploads\/2022\/05\/GIOLI-LAURA-BALLIS.mp3\">https:\/\/www.radiopiu.net\/wordpress\/wp-content\/uploads\/2022\/05\/GIOLI-LAURA-BALLIS.mp3<\/a><\/audio>\n<p>&nbsp;<\/p>\n\n\t\t\t<style type='text\/css'>\n\t\t\t\t#gallery-6 {\n\t\t\t\t\tmargin: auto;\n\t\t\t\t}\n\t\t\t\t#gallery-6 .gallery-item {\n\t\t\t\t\tfloat: left;\n\t\t\t\t\tmargin-top: 10px;\n\t\t\t\t\ttext-align: center;\n\t\t\t\t\twidth: 33%;\n\t\t\t\t}\n\t\t\t\t#gallery-6 img {\n\t\t\t\t\tborder: 2px solid #cfcfcf;\n\t\t\t\t}\n\t\t\t\t#gallery-6 .gallery-caption {\n\t\t\t\t\tmargin-left: 0;\n\t\t\t\t}\n\t\t\t\t\/* see gallery_shortcode() in wp-includes\/media.php *\/\n\t\t\t<\/style>\n\t\t<div id='gallery-6' class='dt-gallery-container gallery galleryid-277107 gallery-columns-3 gallery-size-thumbnail'><dl class='gallery-item'>\n\t\t\t\t<dt class='gallery-icon portrait'>\n\t\t\t\t\t<a class=\"rollover rollover-zoom dt-pswp-item\" title=\"c9132fd1-f4bb-4ba9-8dbb-076c710470f2\" data-dt-img-description=\"\" data-large_image_width=\"904\" data-large_image_height=\"2000\"href='https:\/\/www.radiopiu.net\/wordpress\/wp-content\/uploads\/2022\/05\/c9132fd1-f4bb-4ba9-8dbb-076c710470f2.jpg'><img loading=\"lazy\" decoding=\"async\" width=\"150\" height=\"150\" src=\"https:\/\/www.radiopiu.net\/wordpress\/wp-content\/uploads\/2022\/05\/c9132fd1-f4bb-4ba9-8dbb-076c710470f2-150x150.jpg\" class=\"attachment-thumbnail size-thumbnail\" alt=\"\" \/><\/a>\n\t\t\t\t<\/dt><\/dl><dl class='gallery-item'>\n\t\t\t\t<dt class='gallery-icon landscape'>\n\t\t\t\t\t<a class=\"rollover rollover-zoom dt-pswp-item\" title=\"71c0d591-ccc2-48b3-a964-e9d7ff9ab811\" data-dt-img-description=\"\" data-large_image_width=\"2048\" data-large_image_height=\"923\"href='https:\/\/www.radiopiu.net\/wordpress\/wp-content\/uploads\/2022\/05\/71c0d591-ccc2-48b3-a964-e9d7ff9ab811.jpg'><img loading=\"lazy\" decoding=\"async\" width=\"150\" height=\"150\" src=\"https:\/\/www.radiopiu.net\/wordpress\/wp-content\/uploads\/2022\/05\/71c0d591-ccc2-48b3-a964-e9d7ff9ab811-150x150.jpg\" class=\"attachment-thumbnail size-thumbnail\" alt=\"\" \/><\/a>\n\t\t\t\t<\/dt><\/dl><dl class='gallery-item'>\n\t\t\t\t<dt class='gallery-icon landscape'>\n\t\t\t\t\t<a class=\"rollover rollover-zoom dt-pswp-item\" title=\"c40a3265-e4da-4fb0-8536-9089f8454779\" data-dt-img-description=\"\" data-large_image_width=\"2048\" data-large_image_height=\"923\"href='https:\/\/www.radiopiu.net\/wordpress\/wp-content\/uploads\/2022\/05\/c40a3265-e4da-4fb0-8536-9089f8454779.jpg'><img loading=\"lazy\" decoding=\"async\" width=\"150\" height=\"150\" src=\"https:\/\/www.radiopiu.net\/wordpress\/wp-content\/uploads\/2022\/05\/c40a3265-e4da-4fb0-8536-9089f8454779-150x150.jpg\" class=\"attachment-thumbnail size-thumbnail\" alt=\"\" \/><\/a>\n\t\t\t\t<\/dt><\/dl><br style=\"clear: both\" \/>\n\t\t\t<\/div>\n\n<p>&nbsp;<\/p>\n<p><strong>L&#8217;INTERVISTA A LAURA BALLIS<\/strong><\/p>\n<div style=\"width: 848px;\" class=\"wp-video\"><video class=\"wp-video-shortcode\" id=\"video-277107-1\" width=\"848\" height=\"480\" preload=\"metadata\" controls=\"controls\"><source type=\"video\/mp4\" src=\"https:\/\/www.radiopiu.net\/wordpress\/wp-content\/uploads\/2022\/05\/WhatsApp-Video-2022-05-23-at-09.52.19.mp4?_=1\" \/><a href=\"https:\/\/www.radiopiu.net\/wordpress\/wp-content\/uploads\/2022\/05\/WhatsApp-Video-2022-05-23-at-09.52.19.mp4\">https:\/\/www.radiopiu.net\/wordpress\/wp-content\/uploads\/2022\/05\/WhatsApp-Video-2022-05-23-at-09.52.19.mp4<\/a><\/video><\/div>\n<p>&nbsp;<\/p>\n<hr \/>\n<p>&nbsp;<\/p>\n<blockquote>\n<h3>LUIGI CADORIN, UNA VITA DIETRO AD UNA MACCHINA FOTOGRAFICA<\/h3>\n<\/blockquote>\n<p><strong>AGORDO <\/strong>Come ogni lunedi Gianni Santomaso dalle pagine del Corriere delle Alpi racconta una storia, un personaggio, un pezzo di vita dell\u2019Agordino \u201cVivere l\u2019Agordino\u201d una raccolta spaccato di vita agordina con le immancabili vignette di Erica Andrich<\/p>\n<p><strong>di Gianni Santomaso<\/strong><\/p>\n<audio class=\"wp-audio-shortcode\" id=\"audio-277107-5\" preload=\"none\" style=\"width: 100%;\" controls=\"controls\"><source type=\"audio\/mpeg\" src=\"https:\/\/www.radiopiu.net\/wordpress\/wp-content\/uploads\/2022\/05\/GIANNI-SPECIALE-AGORDINO-LUIGI-CADORIN.mp3?_=5\" \/><a href=\"https:\/\/www.radiopiu.net\/wordpress\/wp-content\/uploads\/2022\/05\/GIANNI-SPECIALE-AGORDINO-LUIGI-CADORIN.mp3\">https:\/\/www.radiopiu.net\/wordpress\/wp-content\/uploads\/2022\/05\/GIANNI-SPECIALE-AGORDINO-LUIGI-CADORIN.mp3<\/a><\/audio>\n<p>&nbsp;<\/p>\n\n\t\t\t<style type='text\/css'>\n\t\t\t\t#gallery-7 {\n\t\t\t\t\tmargin: auto;\n\t\t\t\t}\n\t\t\t\t#gallery-7 .gallery-item {\n\t\t\t\t\tfloat: left;\n\t\t\t\t\tmargin-top: 10px;\n\t\t\t\t\ttext-align: center;\n\t\t\t\t\twidth: 50%;\n\t\t\t\t}\n\t\t\t\t#gallery-7 img {\n\t\t\t\t\tborder: 2px solid #cfcfcf;\n\t\t\t\t}\n\t\t\t\t#gallery-7 .gallery-caption {\n\t\t\t\t\tmargin-left: 0;\n\t\t\t\t}\n\t\t\t\t\/* see gallery_shortcode() in wp-includes\/media.php *\/\n\t\t\t<\/style>\n\t\t<div id='gallery-7' class='dt-gallery-container gallery galleryid-277107 gallery-columns-2 gallery-size-thumbnail'><dl class='gallery-item'>\n\t\t\t\t<dt class='gallery-icon portrait'>\n\t\t\t\t\t<a class=\"rollover rollover-zoom dt-pswp-item\" title=\"0\" data-dt-img-description=\"\" data-large_image_width=\"1699\" data-large_image_height=\"1926\"href='https:\/\/www.radiopiu.net\/wordpress\/wp-content\/uploads\/2022\/05\/0-1.png'><img loading=\"lazy\" decoding=\"async\" width=\"150\" height=\"150\" src=\"https:\/\/www.radiopiu.net\/wordpress\/wp-content\/uploads\/2022\/05\/0-1-150x150.png\" class=\"attachment-thumbnail size-thumbnail\" alt=\"\" \/><\/a>\n\t\t\t\t<\/dt><\/dl><dl class='gallery-item'>\n\t\t\t\t<dt class='gallery-icon landscape'>\n\t\t\t\t\t<a class=\"rollover rollover-zoom dt-pswp-item\" title=\"4a046d9e-2f8c-4d87-bb31-611806df0ad5\" data-dt-img-description=\"\" data-large_image_width=\"1600\" data-large_image_height=\"901\"href='https:\/\/www.radiopiu.net\/wordpress\/wp-content\/uploads\/2022\/05\/4a046d9e-2f8c-4d87-bb31-611806df0ad5.jpg'><img loading=\"lazy\" decoding=\"async\" width=\"150\" height=\"150\" src=\"https:\/\/www.radiopiu.net\/wordpress\/wp-content\/uploads\/2022\/05\/4a046d9e-2f8c-4d87-bb31-611806df0ad5-150x150.jpg\" class=\"attachment-thumbnail size-thumbnail\" alt=\"\" \/><\/a>\n\t\t\t\t<\/dt><\/dl><br style=\"clear: both\" \/>\n\t\t\t<\/div>\n\n<p>&nbsp;<\/p>\n<hr \/>\n<p>&nbsp;<\/p>\n<blockquote>\n<h3>RECLUTAMENTO DEGLI ADDETTI AL CENSIMENTO<\/h3>\n<\/blockquote>\n<p><strong>BELLUNO<\/strong> <span dir=\"ltr\" role=\"presentation\">E&#8217; stato pubblicato l&#8217;avviso per la selezione pubblica, per titoli e secondo <\/span><span dir=\"ltr\" role=\"presentation\">predeterminati<\/span> <span dir=\"ltr\" role=\"presentation\">criteri<\/span> <span dir=\"ltr\" role=\"presentation\">selettivi,<\/span> <span dir=\"ltr\" role=\"presentation\">per<\/span> <span dir=\"ltr\" role=\"presentation\">il<\/span> <span dir=\"ltr\" role=\"presentation\">conferimento<\/span> <span dir=\"ltr\" role=\"presentation\">dell\u2019incarico<\/span> <span dir=\"ltr\" role=\"presentation\">di<\/span> <span dir=\"ltr\" role=\"presentation\">un <\/span><span dir=\"ltr\" role=\"presentation\">coordinatore e operatore di back office e di dieci rilevatori statistici, per lo <\/span><span dir=\"ltr\" role=\"presentation\">svolgimento del Censimento Permanente della Popolazione 2022-2026. <\/span><span dir=\"ltr\" role=\"presentation\">I<\/span> <span dir=\"ltr\" role=\"presentation\">candidati<\/span> <span dir=\"ltr\" role=\"presentation\">interessati<\/span> <span dir=\"ltr\" role=\"presentation\">possono<\/span> <span dir=\"ltr\" role=\"presentation\">presentare<\/span> <span dir=\"ltr\" role=\"presentation\">domanda,<\/span> <span dir=\"ltr\" role=\"presentation\">esclusivamente <\/span><span dir=\"ltr\" role=\"presentation\">utilizzando i moduli allegati all&#8217;avviso, entro le ore 12 del 3 giugno 2022.<\/span><\/p>\n<p>&nbsp;<\/p>\n<hr \/>\n<p>&nbsp;<\/p>\n<blockquote>\n<h3>DOMANI IL CONSIGLIO COMUNALE A ROCCA PIETORE<\/h3>\n<\/blockquote>\n<p><strong>ROCCA PIETORE<\/strong> Il sindaco di Rocca Pietore Andrea De Bernardin ha convocato il consiglio comunale per domani alle 19:30. Quattro i punti da discutere tra cui il progetto di realizzazione della cabinovia Malga Ciapela &#8211; Capanna Bil e la modifica alle piste esistenti, l&#8217;approvazione di bilancio e il rendiconto di gestione di ASCA.<\/p>\n<p>&nbsp;<\/p>\n<p>&nbsp;<\/p>\n<hr \/>\n<p>&nbsp;<\/p>\n<blockquote>\n<h3>UN SOLO PUNTO NEL CONSIGLIO COMUNALE DI AGORDO DI GIOVEDI&#8217; PROSSIMO<\/h3>\n<\/blockquote>\n<p><strong>AGORDO<\/strong> Il sindaco di Agordo Roberto Chissal\u00e8 ha convocato il consiglio comunale per gioved\u00ec alle 17:30. Un solo punto da discutere: l&#8217;approvazione del regolamento per lo svolgimento delle sedute degli organi in modalit\u00e0 telemetica.<\/p>\n<p>&nbsp;<\/p>\n<p>&nbsp;<\/p>\n<hr \/>\n<p>&nbsp;<\/p>\n<blockquote>\n<h3>MARTEDI&#8217; 31 MAGGIO L&#8217;ASSEMBLEA GENERALE DEL CONSORZIO BIM PIAVE<\/h3>\n<\/blockquote>\n<p><strong>BELLUNO<\/strong> L\u2019Assemblea Generale del Consorzio BIM Piave di Belluno e\u0300 convocata in seduta pubblica marted\u00ec 31 maggio alle 15 presso la \u201cSala Convegni della A.N.A. Sezione di Belluno\u201d in Via Attilio Tissi n. 10 a Belluno. Quattro punti all&#8217;ordine del giorno: Lettura ed approvazione verbali seduta precedente; Approvazione Rendiconto di gestione anno 2021; Prima variazione al Bilancio di Previsione 2022-2024; Modifica Regolamento per l\u2019assegnazione di contributi in conto capitale ai Comuni consorziati.<\/p>\n<p>&nbsp;<\/p>\n<p>&nbsp;<\/p>\n<hr \/>\n<p>&nbsp;<\/p>\n<blockquote>\n<h3><a class=\"dt-pswp-item\" href=\"https:\/\/www.radiopiu.net\/wordpress\/wp-content\/uploads\/2022\/05\/LUCIO-CARACCIOLO.jpg\" data-dt-img-description=\"\" data-large_image_width=\"174\" data-large_image_height=\"268\"><img loading=\"lazy\" decoding=\"async\" class=\"size-thumbnail wp-image-277219 alignleft\" src=\"https:\/\/www.radiopiu.net\/wordpress\/wp-content\/uploads\/2022\/05\/LUCIO-CARACCIOLO-150x150.jpg\" alt=\"\" width=\"150\" height=\"150\" \/><\/a>LUCIO CARACCIOLO A BELLUNO<\/h3>\n<\/blockquote>\n<p><strong>BELLUNO <\/strong>L\u2019Associazione Amici delle Scuole in Rete e le Scuole in Rete per un Mondo di Solidariet\u00e0 e Pace in sinergia con l\u2019APS Gianni Ballerio hanno riprogrammato per luned\u00ec 30 maggio 2022 alle\u00a0 ore 11.00 l\u2019incontro\/confronto con prof. Lucio Caracciolo, il massimo esperto di geopolitica in Italia, direttore della rivista italiana di geopolitica Limes, dal titolo \u201cL\u2019Europa nel confronto geopolitico tra democrazie e autoritarismi\u201d. L&#8217;incontro si potr\u00e0 seguire <strong>In streaming live o in differita su <\/strong><a href=\"https:\/\/www.studentibelluno.it\/le-scuole-in-rete\/905-caracciolo-22\">https:\/\/www.studentibelluno.it\/le-scuole-in-rete\/905-caracciolo-22<\/a><\/p>\n<p>&nbsp;<\/p>\n<p>&nbsp;<\/p>\n<hr \/>\n<p>&nbsp;<\/p>\n<blockquote>\n<h3>SENZA FRETTA IN BICICLETTA<\/h3>\n<\/blockquote>\n<p><strong>BELLUNO<\/strong>\u00a0 <span dir=\"ltr\" role=\"presentation\">In occasione della partenza di tappa del Giro d\u2019Italia a Belluno, il prossimo <\/span><span dir=\"ltr\" role=\"presentation\">28 maggio, la Biblioteca civica di Belluno organizza delle letture espressive <\/span><span dir=\"ltr\" role=\"presentation\">per bambini a cura di Barbara De Poloni. <\/span><span dir=\"ltr\" role=\"presentation\">Le letture si svolgeranno nelle giornate di<\/span> <span dir=\"ltr\" role=\"presentation\">oggi e venerd\u00ec<\/span><span dir=\"ltr\" role=\"presentation\">, in doppio turno: dalle 15.00 alle 15.45 per i bambini <\/span><span dir=\"ltr\" role=\"presentation\">dai 7 ai 10 anni e dalle 16.30 alle 17.00 per i bambini dai 3 ai 6 <\/span><span dir=\"ltr\" role=\"presentation\">anni<\/span><span dir=\"ltr\" role=\"presentation\">. <\/span><span dir=\"ltr\" role=\"presentation\">A fare da cornice all\u2019iniziativa, la\u00a0 sala con affresco, al primo piano di <\/span><span dir=\"ltr\" role=\"presentation\">Palazzo Bembo (Piazzetta Giovan Battista Pellegrini), dove potranno essere <\/span><span dir=\"ltr\" role=\"presentation\">accolti un<\/span> <span dir=\"ltr\" role=\"presentation\">massimo di 20 bambini per turno, accompagnati da un <\/span><span dir=\"ltr\" role=\"presentation\">adulto. <\/span><span dir=\"ltr\" role=\"presentation\">La<\/span> <span dir=\"ltr\" role=\"presentation\">prenotazione<\/span> <span dir=\"ltr\" role=\"presentation\">\u00e8<\/span> <span dir=\"ltr\" role=\"presentation\">obbligatoria,<\/span> <span dir=\"ltr\" role=\"presentation\">telefonando<\/span> <span dir=\"ltr\" role=\"presentation\">alla<\/span> <span dir=\"ltr\" role=\"presentation\">Biblioteca<\/span> <span dir=\"ltr\" role=\"presentation\">dei <\/span><span dir=\"ltr\" role=\"presentation\">Ragazzi al numero 0437 913305 o inviando un&#8217;email all&#8217;indirizzo <\/span><span dir=\"ltr\" role=\"presentation\">biblioteca@comune.belluno.it<\/span><span dir=\"ltr\" role=\"presentation\">. <\/span><span dir=\"ltr\" role=\"presentation\">L\u2019ingresso \u00e8 gratuito.<\/span><\/p>\n<p>&nbsp;<\/p>\n<p>&nbsp;<\/p>\n<hr \/>\n<p>&nbsp;<\/p>\n<blockquote>\n<h3>MAGGIO AGORDINO CON L&#8217;ASSOCIAZIONE PERITI MINERARI INDUSTRIALI DI AGORDO<\/h3>\n<\/blockquote>\n<p><strong>AGORDO <\/strong>Torna l&#8217;appuntamento con &#8220;Maggio Agordino&#8221;, un ciclo di serate culturali e di divulgazione scientifica promosse da APIM &#8211; Associazione Periti Industriali Minerari di Agordo. Quest&#8217;anno il tema che costituir\u00e0 di fatto il filo conduttore delle serate sar\u00e0 il cambiamento climatico. Le serate in Sala Don Tamis con inizio alle 20:30. Venerd\u00ec 27 &#8220;Il clima che cambia(mo) e le nostre montagne&#8221;. Tutte le serate sono ad entrata libera<\/p>\n<p>&nbsp;<\/p>\n<p>&nbsp;<\/p>\n<hr \/>\n<p>&nbsp;<\/p>\n<blockquote>\n<h3>RIAPRE IL CASTELLO DI ANDRAZ<\/h3>\n<\/blockquote>\n<p><strong>LIVINALLONGO<\/strong> Con l\u2019arrivo dell\u2019estate riapre anche il Castello di Andraz, che quest\u2019anno festeggia il 10\u00b0 compleanno. Nel mese di giugno, il museo sar\u00e0 aperto dal gioved\u00ec alla domenica, dalle 10:00 alle 12:30 e dalle 14:30 alle 18:00. Per il momento le visite guidate saranno garantite solo su prenotazione al 334 3346680<\/p>\n<p>&nbsp;<\/p>\n<p>&nbsp;<\/p>\n<hr \/>\n<p>&nbsp;<\/p>\n<blockquote>\n<h3><span dir=\"ltr\" role=\"presentation\">Modifiche alla circolazione in alcune vie e piazze<\/span><\/h3>\n<\/blockquote>\n<p><span dir=\"ltr\" role=\"presentation\"><strong>BELLUNO<\/strong> <\/span><span dir=\"ltr\" role=\"presentation\">Per<\/span> <span dir=\"ltr\" role=\"presentation\">consentire<\/span> <span dir=\"ltr\" role=\"presentation\">l&#8217;esecuzione<\/span> <span dir=\"ltr\" role=\"presentation\">dei<\/span> <span dir=\"ltr\" role=\"presentation\">lavori<\/span> <span dir=\"ltr\" role=\"presentation\">di<\/span> <span dir=\"ltr\" role=\"presentation\">rifacimento<\/span> <span dir=\"ltr\" role=\"presentation\">della<\/span> <span dir=\"ltr\" role=\"presentation\">segnaletica <\/span><span dir=\"ltr\" role=\"presentation\">stradale<\/span> <span dir=\"ltr\" role=\"presentation\">orizzontale, <\/span><span dir=\"ltr\" role=\"presentation\">oggi <\/span><span dir=\"ltr\" role=\"presentation\">si<\/span> <span dir=\"ltr\" role=\"presentation\">rende <\/span><span dir=\"ltr\" role=\"presentation\">necessario il restringimento della carreggiata con istituzione del<\/span> <span dir=\"ltr\" role=\"presentation\">senso <\/span><span dir=\"ltr\" role=\"presentation\">unico alternato di circolazione veicolare<\/span><span dir=\"ltr\" role=\"presentation\">, <\/span><span dir=\"ltr\" role=\"presentation\">\u00a0dalle 8 alle<\/span><span dir=\"ltr\" role=\"presentation\"> 12 e dalle\u00a0 13 alle\u00a0 180, nelle\u00a0 vie:\u00a0 Miari, <\/span><span dir=\"ltr\" role=\"presentation\">viale dei Dendrofori e galleria Belluno, via Gabelli, via Simon da Cusighe e <\/span><span dir=\"ltr\" role=\"presentation\">via Agordo.<\/span><\/p>\n<p>&nbsp;<\/p>\n<hr \/>\n<p>&nbsp;<\/p>\n<blockquote>\n<h3>CORTOMETRAGGI PER BAMBINI E CENTRO INTERNAZIONALE DEL LIBRO PARLATO A FONZASO<\/h3>\n<\/blockquote>\n<p><strong>FONZASO<\/strong> Venerdi\u0300 alle 21 rassegna \u201cPiccoli film, grandi storie\u201d, all\u2019ex-scuola elementare di Arten a Fonzaso. Per il terzo evento della rassegna, attraverso i cortometraggi di animazione i piu\u0300 piccoli verranno avvicinati al tema dell\u2019\u201cUnicita\u0300\u201d. Durante la serata interverra\u0300\u00a0 Luisa Alchini, presidente del Centro Internazionale del Libro Parlato, che aprira\u0300 libri nuovi e decisamente speciali interagendo con i bambini. La partecipazione e\u0300 gratuita, su iscrizione: https:\/\/dolomitihub.it\/lunicita\/<\/p>\n<p>&nbsp;<\/p>\n<hr \/>\n<p>&nbsp;<\/p>\n<p>&nbsp;<\/p>\n<blockquote>\n<h3>MASSICCIA GI\u00c0 NEL 1700 L\u2019EMIGRAZIONE DA SELVA PRIMA META VENEZIA, POI IN AMERICA E AUSTRALIA<\/h3>\n<\/blockquote>\n<p><strong>di RENATO BONA<\/strong><\/p>\n<p>Ci siamo occupati in precedenti servizi di \u201cSelva di Cadore come era\u201d che \u00e8 poi il titolo (\u201cSelva da nosak\u00e0n\u201d nell\u2019idioma ladino) del libro che il selvese amico e collega prof. don Lorenzo Dell\u2019Andrea ha dato alle stampe nel novembre 1993 con la bellunese tipografia Piave, ad iniziativa de l\u2019Union de i ladi\u00f1, de Selva &#8211; di scolaresche, coscritti, e soldati e in questa occasione completiamo il capitolo soffermandoci sugli emigranti. L\u2019autore esordiva ricordando che \u201cLa cessazione di attivit\u00e0 lavorative, la crescita della popolazione e il frequente andamento negativo dei raccolti costrinsero dunque molti compaesani ad emigrare\u201d e puntualizzava: \u201cUn\u2019emigrazione divenuta massiccia gi\u00e0 nel 1700, con meta prevalentemente Venezia, che continu\u00f2 e si accrebbe, sviluppandosi in varie ondate: alla fine del secolo scorso, all\u2019inizio di questo secolo, nel periodo tra la prima e la seconda guerra mondiale, e infine nel primo ventennio del dopoguerra, toccando tutti i paesi d\u2019Europa e del mondo, dall\u2019America all\u2019Australia. In questi ultimi trent\u2019anni, pi\u00f9 o meno a partire dal 1960 si sono verificati tanti cambiamenti in ogni campo. Per prima cosa, grazie a Dio, non c\u2019\u00e8 pi\u00f9 la fame. C\u2019 \u00e8 ancora l\u2019emigrazione, ma prevalentemente oggi si tratta di \u2018emigrazione volontaria\u2019, non per bisogno ma per una scelta libera, per guadagnare di pi\u00f9 o per poter svolgere un lavoro che soddisfa maggiormente. Di seguito, Dell\u2019Andrea proponeva una serie di splendide immagini d\u2019epoca (raccolta di: Maria Lorenzini, Pietro Lorenzini, Amelio Monico. Fedele Chizzolin, Milena Dell\u2019Andrea, Filippo De Filippo, Union Ladi\u00f1, de Selva, Remo Martini, Iole Lorenzini Monico, Maria Dell\u2019Andrea Nicolai, Lorenzo Lorenzini, Marcello Martini) accostate a corpose diciture. La prima \u00e8 quella di \u201cUna famiglia di emigrati di Selva. Chi sono? Qualcuno dice che potrebbero essere \u2018ki de Kamilo\u2019. Non si sa chi sono. Ma certo sono dei \u2018nostri\u2019: persone con un portamento pieno di dignit\u00e0 e di fierezza. Dove sono? Nemmeno questo si sa, ma poco importa saperlo: con il loro cuore sono certamente sempre stati nella nostra valle, della quale hanno conservato il costume, i valori e, spesso, molto a lungo anche la parlata\u201d. Nella stessa pagina 175 del libro, la seconda foto: \u201cCeleste Lorenzini (da sinistra), Pietro Lorenzini e Ermenegildo Lorenzini emigrati negli Stati Uniti. Avevano acquistato un terreno e impiantato la loro attivit\u00e0 in Florida, proprio al centro di Miami Beach. Eccoci alla terza foto, proposta con questa didascalia: \u201cAssieme a qualche prezioso risparmio, gli emigrati inviavano a casa le loro fotografie; genitori, mogli, figli le custodivano come cosa carissima e sacra\u201d.Tocca a quella di: \u201cRova Alvise \u2018Gigo Zot\u2019 uno dei tanti selvani emigrati in Italia\u201d e quindi a quella di: \u201cI fratelli Luciano, Loreto e Virginia Cazzetta \u2018de i Peruia\u2019: inviarono a casa i loro saluti da Cortina sul retro di una fotografia. Era il 27 novembre 1911 e naturalmente il francobollo era dell\u2019Austria. Non erano lontani, ma\u2026 non erano a casa!\u201d. Altra pagina che si apre con: \u201cFedele e il suo padrone, suo pap\u00e0 e il pap\u00e0 di Iola\u201d \u00e8 scritto dietro la foto spedita dall\u2019America. Vi \u00e8 dunque ritratto Fedele Chizzolin, l\u2019autore di molte fotografie di questo libro. Fedele era andato in America, dove aveva appreso anche l\u2019arte del fotografo. Ritornato, rimase a Selva per alcuni anni (sicuramente dal 1918 al 1924) poi ritorn\u00f2 negli Stati Uniti dove continu\u00f2 l\u2019attivit\u00e0 di fotografo. Per l\u2019immagine successiva viene spiegato che: \u201cLa vita dell\u2019emigrante non era facile. Sul retro di questa foto, spedita dagli Usa da Fedele Chizzolin si legge: questo inverno non c\u2019era lavoro nel nostro mestiere cos\u00ec per passare il tempo abbiamo fatto legna per conto nostro, per\u00f2 senza paura del guardiaboschi, sebbene eravamo senza permesso. Questa foto ci mostra occupati sul fianco della casa dove abitiamo. Fedele\u201d. Andiamo avanti e ci imbattiamo nell\u2019immagine di \u201cMargherita e sua figlia, come dice la scritta sul retro; e poi un rimprovero, probabilmente ad un\u2019altra figlia rimasta a Selva: cara figlia sono desideroso di avere un tuo scritto. Perch\u00e9 non scrivi mai? Saluti e baci. Tuoi genitori e fratello\u201d, che precede quella, decisamente sbiadita di \u201cAgostino e Angelo Zuliani \u2018de Florindo da Franceschin\u2019 emigrati negli Usa\u201d. E\u2019 invece dedicata ad un omonimo dell\u2019autore del libro la foto accanto alla quale \u00e8 scritto: \u201cLorenzo Dell\u2019Andrea (1900-1970) con il suo cavallo nelle foreste dell\u2019Australia\u201d, che precede quella dei \u201cBoscaioli di Selva che continuarono in Australia i lavori di casa, salvo che la foresta australiana aveva ben altre dimensioni e il trasporto dei grossi tronchi non costringeva alle fatiche della \u2018risina\u2019 o delle teleferiche: vi provvedeva la ferrovia\u201d. C\u2019\u00e8 quindi una coppia: \u201cPaolina De Filippo, con il marito: emigrarono in America nei primi decenni del secolo\u201d, che precede la foto di \u201cRinaldo Nicolai \u2018de ki de Kol\u00f2\u2019 (1903-1990) verso gli anni \u201820. Per anni e anni ha fatto il \u2018mistro\u2019 nel \u2018kaselo de Santa Fosca\u2019. Il formaggio, il burro e la ricotta da lui prodotti erano sempre di ottima qualit\u00e0. Era un mestiere duro il suo: doveva incominciare al mattino presto per preparare la caldaia per la \u2018skota\u2019 ed essere pronto per la pesa del latte che le famiglie portavano di primo mattino, appena munto; poi lavoro duro per tutta la mattinata e alla sera di nuovo al lavoro per la nuova pesa del latte. Un lavoro pesante anche per le condizioni ambientali: sempre nelle correnti, sempre in un ambiente molto umido. Ma anche se duro, era una fortuna avere un lavoro del genere, garantito per tutto l\u2019anno salvo qualche breve periodo di chiusura della latteria quando non vi era latte sufficiente per la lavorazione. Rinaldo infatti a differenza dei suoi numerosi fratelli: Celso, Riccardo e Mario e diversamente da moltissimi altri compaesani non fu costretto a emigrare in Italia o all\u2019estero per guadagnarsi il pane. In chiusura, la pagina 181 \u00e8 dedicata a: \u201cAttilio De Mattia, figlio del maestro De Mattia, disperso durante la guerra 1915-18, emigrato in America\u201d, \u201cEmigrante di Selva in America\u201d, \u201cUn De Filippo \u2018de i Lela\u2019, probabilmente emigrato in America, \u201cDue compaesani di Selva, probabilmente emigrati in America\u201d, \u201cLorenzo Marini davanti alla Basilica di San Marco a Venezia\u201d, citt\u00e0 dove emigrarono anche i selvesi: \u201cDa sinistra Giuseppe Cadorin (morto nella guerra 1915-18), Giovanni Cadorin (1865-1943) che esercitava il mestiere del \u2018luganegher\u2019 e Davide Cadorin (1902-1948) che, come altri nostri giovani, lavorava nella bottega come garzone\u201d. L\u2019ultima immagine che proponiamo in questa occasione \u00e8 quella delle \u201cQuattro sorelle Tina, Ida, Emma e Clotilde Monico emigrate in Svizzera.<\/p>\n\n\t\t\t<style type='text\/css'>\n\t\t\t\t#gallery-8 {\n\t\t\t\t\tmargin: auto;\n\t\t\t\t}\n\t\t\t\t#gallery-8 .gallery-item {\n\t\t\t\t\tfloat: left;\n\t\t\t\t\tmargin-top: 10px;\n\t\t\t\t\ttext-align: center;\n\t\t\t\t\twidth: 25%;\n\t\t\t\t}\n\t\t\t\t#gallery-8 img {\n\t\t\t\t\tborder: 2px solid #cfcfcf;\n\t\t\t\t}\n\t\t\t\t#gallery-8 .gallery-caption {\n\t\t\t\t\tmargin-left: 0;\n\t\t\t\t}\n\t\t\t\t\/* see gallery_shortcode() in wp-includes\/media.php *\/\n\t\t\t<\/style>\n\t\t<div id='gallery-8' class='dt-gallery-container gallery galleryid-277107 gallery-columns-4 gallery-size-thumbnail'><dl class='gallery-item'>\n\t\t\t\t<dt class='gallery-icon landscape'>\n\t\t\t\t\t<a class=\"rollover rollover-zoom dt-pswp-item\" title=\"282056484_1453073638456577_3950424056504795043_n\" data-dt-img-description=\"\" data-large_image_width=\"339\" data-large_image_height=\"206\"href='https:\/\/www.radiopiu.net\/wordpress\/wp-content\/uploads\/2022\/05\/282056484_1453073638456577_3950424056504795043_n.jpg'><img loading=\"lazy\" decoding=\"async\" width=\"150\" height=\"150\" src=\"https:\/\/www.radiopiu.net\/wordpress\/wp-content\/uploads\/2022\/05\/282056484_1453073638456577_3950424056504795043_n-150x150.jpg\" class=\"attachment-thumbnail size-thumbnail\" alt=\"\" \/><\/a>\n\t\t\t\t<\/dt><\/dl><dl class='gallery-item'>\n\t\t\t\t<dt class='gallery-icon portrait'>\n\t\t\t\t\t<a class=\"rollover rollover-zoom dt-pswp-item\" title=\"281779484_264065012552229_2340433181325296918_n\" data-dt-img-description=\"\" data-large_image_width=\"155\" data-large_image_height=\"260\"href='https:\/\/www.radiopiu.net\/wordpress\/wp-content\/uploads\/2022\/05\/281779484_264065012552229_2340433181325296918_n.jpg'><img loading=\"lazy\" decoding=\"async\" width=\"150\" height=\"150\" src=\"https:\/\/www.radiopiu.net\/wordpress\/wp-content\/uploads\/2022\/05\/281779484_264065012552229_2340433181325296918_n-150x150.jpg\" class=\"attachment-thumbnail size-thumbnail\" alt=\"\" \/><\/a>\n\t\t\t\t<\/dt><\/dl><dl class='gallery-item'>\n\t\t\t\t<dt class='gallery-icon landscape'>\n\t\t\t\t\t<a class=\"rollover rollover-zoom dt-pswp-item\" title=\"281334970_382359410601438_4747840241723948849_n\" data-dt-img-description=\"\" data-large_image_width=\"370\" data-large_image_height=\"201\"href='https:\/\/www.radiopiu.net\/wordpress\/wp-content\/uploads\/2022\/05\/281334970_382359410601438_4747840241723948849_n.jpg'><img loading=\"lazy\" decoding=\"async\" width=\"150\" height=\"150\" src=\"https:\/\/www.radiopiu.net\/wordpress\/wp-content\/uploads\/2022\/05\/281334970_382359410601438_4747840241723948849_n-150x150.jpg\" class=\"attachment-thumbnail size-thumbnail\" alt=\"\" \/><\/a>\n\t\t\t\t<\/dt><\/dl><dl class='gallery-item'>\n\t\t\t\t<dt class='gallery-icon landscape'>\n\t\t\t\t\t<a class=\"rollover rollover-zoom dt-pswp-item\" title=\"281299820_1152962198876754_4254703671145040063_n\" data-dt-img-description=\"\" data-large_image_width=\"280\" data-large_image_height=\"203\"href='https:\/\/www.radiopiu.net\/wordpress\/wp-content\/uploads\/2022\/05\/281299820_1152962198876754_4254703671145040063_n.jpg'><img loading=\"lazy\" decoding=\"async\" width=\"150\" height=\"150\" src=\"https:\/\/www.radiopiu.net\/wordpress\/wp-content\/uploads\/2022\/05\/281299820_1152962198876754_4254703671145040063_n-150x150.jpg\" class=\"attachment-thumbnail size-thumbnail\" alt=\"\" \/><\/a>\n\t\t\t\t<\/dt><\/dl><br style=\"clear: both\" \/><dl class='gallery-item'>\n\t\t\t\t<dt class='gallery-icon portrait'>\n\t\t\t\t\t<a class=\"rollover rollover-zoom dt-pswp-item\" title=\"281196919_799302671058275_5404927527641957820_n\" data-dt-img-description=\"\" data-large_image_width=\"159\" data-large_image_height=\"225\"href='https:\/\/www.radiopiu.net\/wordpress\/wp-content\/uploads\/2022\/05\/281196919_799302671058275_5404927527641957820_n.jpg'><img loading=\"lazy\" decoding=\"async\" width=\"150\" height=\"150\" src=\"https:\/\/www.radiopiu.net\/wordpress\/wp-content\/uploads\/2022\/05\/281196919_799302671058275_5404927527641957820_n-150x150.jpg\" class=\"attachment-thumbnail size-thumbnail\" alt=\"\" \/><\/a>\n\t\t\t\t<\/dt><\/dl><dl class='gallery-item'>\n\t\t\t\t<dt class='gallery-icon landscape'>\n\t\t\t\t\t<a class=\"rollover rollover-zoom dt-pswp-item\" title=\"281166343_560658798822482_1865119499408282845_n\" data-dt-img-description=\"\" data-large_image_width=\"276\" data-large_image_height=\"206\"href='https:\/\/www.radiopiu.net\/wordpress\/wp-content\/uploads\/2022\/05\/281166343_560658798822482_1865119499408282845_n.jpg'><img loading=\"lazy\" decoding=\"async\" width=\"150\" height=\"150\" src=\"https:\/\/www.radiopiu.net\/wordpress\/wp-content\/uploads\/2022\/05\/281166343_560658798822482_1865119499408282845_n-150x150.jpg\" class=\"attachment-thumbnail size-thumbnail\" alt=\"\" \/><\/a>\n\t\t\t\t<\/dt><\/dl><dl class='gallery-item'>\n\t\t\t\t<dt class='gallery-icon landscape'>\n\t\t\t\t\t<a class=\"rollover rollover-zoom dt-pswp-item\" title=\"280875420_1098706320719807_1405337848934944980_n\" data-dt-img-description=\"\" data-large_image_width=\"308\" data-large_image_height=\"206\"href='https:\/\/www.radiopiu.net\/wordpress\/wp-content\/uploads\/2022\/05\/280875420_1098706320719807_1405337848934944980_n.jpg'><img loading=\"lazy\" decoding=\"async\" width=\"150\" height=\"150\" src=\"https:\/\/www.radiopiu.net\/wordpress\/wp-content\/uploads\/2022\/05\/280875420_1098706320719807_1405337848934944980_n-150x150.jpg\" class=\"attachment-thumbnail size-thumbnail\" alt=\"\" \/><\/a>\n\t\t\t\t<\/dt><\/dl><dl class='gallery-item'>\n\t\t\t\t<dt class='gallery-icon portrait'>\n\t\t\t\t\t<a class=\"rollover rollover-zoom dt-pswp-item\" title=\"280778636_1188710398617916_260192049362376274_n\" data-dt-img-description=\"\" data-large_image_width=\"153\" data-large_image_height=\"260\"href='https:\/\/www.radiopiu.net\/wordpress\/wp-content\/uploads\/2022\/05\/280778636_1188710398617916_260192049362376274_n.jpg'><img loading=\"lazy\" decoding=\"async\" width=\"150\" height=\"150\" src=\"https:\/\/www.radiopiu.net\/wordpress\/wp-content\/uploads\/2022\/05\/280778636_1188710398617916_260192049362376274_n-150x150.jpg\" class=\"attachment-thumbnail size-thumbnail\" alt=\"\" \/><\/a>\n\t\t\t\t<\/dt><\/dl><br style=\"clear: both\" \/><dl class='gallery-item'>\n\t\t\t\t<dt class='gallery-icon portrait'>\n\t\t\t\t\t<a class=\"rollover rollover-zoom dt-pswp-item\" title=\"280693261_704903570629451_8190044603199778886_n\" data-dt-img-description=\"\" data-large_image_width=\"155\" data-large_image_height=\"395\"href='https:\/\/www.radiopiu.net\/wordpress\/wp-content\/uploads\/2022\/05\/280693261_704903570629451_8190044603199778886_n.jpg'><img loading=\"lazy\" decoding=\"async\" width=\"150\" height=\"150\" src=\"https:\/\/www.radiopiu.net\/wordpress\/wp-content\/uploads\/2022\/05\/280693261_704903570629451_8190044603199778886_n-150x150.jpg\" class=\"attachment-thumbnail size-thumbnail\" alt=\"\" \/><\/a>\n\t\t\t\t<\/dt><\/dl><dl class='gallery-item'>\n\t\t\t\t<dt class='gallery-icon portrait'>\n\t\t\t\t\t<a class=\"rollover rollover-zoom dt-pswp-item\" title=\"280672200_1220004352087969_1518917957237288113_n\" data-dt-img-description=\"\" data-large_image_width=\"153\" data-large_image_height=\"206\"href='https:\/\/www.radiopiu.net\/wordpress\/wp-content\/uploads\/2022\/05\/280672200_1220004352087969_1518917957237288113_n.jpg'><img loading=\"lazy\" decoding=\"async\" width=\"150\" height=\"150\" src=\"https:\/\/www.radiopiu.net\/wordpress\/wp-content\/uploads\/2022\/05\/280672200_1220004352087969_1518917957237288113_n-150x150.jpg\" class=\"attachment-thumbnail size-thumbnail\" alt=\"\" \/><\/a>\n\t\t\t\t<\/dt><\/dl><dl class='gallery-item'>\n\t\t\t\t<dt class='gallery-icon portrait'>\n\t\t\t\t\t<a class=\"rollover rollover-zoom dt-pswp-item\" title=\"280650261_965388154094349_4670109389753897541_n\" data-dt-img-description=\"\" data-large_image_width=\"204\" data-large_image_height=\"206\"href='https:\/\/www.radiopiu.net\/wordpress\/wp-content\/uploads\/2022\/05\/280650261_965388154094349_4670109389753897541_n.jpg'><img loading=\"lazy\" decoding=\"async\" width=\"150\" height=\"150\" src=\"https:\/\/www.radiopiu.net\/wordpress\/wp-content\/uploads\/2022\/05\/280650261_965388154094349_4670109389753897541_n-150x150.jpg\" class=\"attachment-thumbnail size-thumbnail\" alt=\"\" srcset=\"https:\/\/www.radiopiu.net\/wordpress\/wp-content\/uploads\/2022\/05\/280650261_965388154094349_4670109389753897541_n-150x150.jpg 150w, https:\/\/www.radiopiu.net\/wordpress\/wp-content\/uploads\/2022\/05\/280650261_965388154094349_4670109389753897541_n.jpg 204w\" sizes=\"auto, (max-width: 150px) 100vw, 150px\" \/><\/a>\n\t\t\t\t<\/dt><\/dl><dl class='gallery-item'>\n\t\t\t\t<dt class='gallery-icon landscape'>\n\t\t\t\t\t<a class=\"rollover rollover-zoom dt-pswp-item\" title=\"280648869_318526197082657_3742631513902686091_n\" data-dt-img-description=\"\" data-large_image_width=\"367\" data-large_image_height=\"206\"href='https:\/\/www.radiopiu.net\/wordpress\/wp-content\/uploads\/2022\/05\/280648869_318526197082657_3742631513902686091_n.jpg'><img loading=\"lazy\" decoding=\"async\" width=\"150\" height=\"150\" src=\"https:\/\/www.radiopiu.net\/wordpress\/wp-content\/uploads\/2022\/05\/280648869_318526197082657_3742631513902686091_n-150x150.jpg\" class=\"attachment-thumbnail size-thumbnail\" alt=\"\" \/><\/a>\n\t\t\t\t<\/dt><\/dl><br style=\"clear: both\" \/><dl class='gallery-item'>\n\t\t\t\t<dt class='gallery-icon landscape'>\n\t\t\t\t\t<a class=\"rollover rollover-zoom dt-pswp-item\" title=\"280507657_580459753291605_2529850127819378996_n\" data-dt-img-description=\"\" data-large_image_width=\"214\" data-large_image_height=\"206\"href='https:\/\/www.radiopiu.net\/wordpress\/wp-content\/uploads\/2022\/05\/280507657_580459753291605_2529850127819378996_n.jpg'><img loading=\"lazy\" decoding=\"async\" width=\"150\" height=\"150\" src=\"https:\/\/www.radiopiu.net\/wordpress\/wp-content\/uploads\/2022\/05\/280507657_580459753291605_2529850127819378996_n-150x150.jpg\" class=\"attachment-thumbnail size-thumbnail\" alt=\"\" \/><\/a>\n\t\t\t\t<\/dt><\/dl><dl class='gallery-item'>\n\t\t\t\t<dt class='gallery-icon landscape'>\n\t\t\t\t\t<a class=\"rollover rollover-zoom dt-pswp-item\" title=\"280445601_406802384459419_2086771331718924940_n\" data-dt-img-description=\"\" data-large_image_width=\"350\" data-large_image_height=\"200\"href='https:\/\/www.radiopiu.net\/wordpress\/wp-content\/uploads\/2022\/05\/280445601_406802384459419_2086771331718924940_n.jpg'><img loading=\"lazy\" decoding=\"async\" width=\"150\" height=\"150\" src=\"https:\/\/www.radiopiu.net\/wordpress\/wp-content\/uploads\/2022\/05\/280445601_406802384459419_2086771331718924940_n-150x150.jpg\" class=\"attachment-thumbnail size-thumbnail\" alt=\"\" \/><\/a>\n\t\t\t\t<\/dt><\/dl><dl class='gallery-item'>\n\t\t\t\t<dt class='gallery-icon portrait'>\n\t\t\t\t\t<a class=\"rollover rollover-zoom dt-pswp-item\" title=\"280377226_2210729465748493_6667916537334997633_n\" data-dt-img-description=\"\" data-large_image_width=\"158\" data-large_image_height=\"280\"href='https:\/\/www.radiopiu.net\/wordpress\/wp-content\/uploads\/2022\/05\/280377226_2210729465748493_6667916537334997633_n.jpg'><img loading=\"lazy\" decoding=\"async\" width=\"150\" height=\"150\" src=\"https:\/\/www.radiopiu.net\/wordpress\/wp-content\/uploads\/2022\/05\/280377226_2210729465748493_6667916537334997633_n-150x150.jpg\" class=\"attachment-thumbnail size-thumbnail\" alt=\"\" \/><\/a>\n\t\t\t\t<\/dt><\/dl>\n\t\t\t\t<br style='clear: both' \/>\n\t\t\t<\/div>\n\n<p>&nbsp;<\/p>\n<p>&nbsp;<\/p>\n<hr \/>\n<p>&nbsp;<\/p>\n<blockquote>\n<h3>IL NUOVO LIBRO DI MICHIL COSTA, &#8220;FU TURISMO&#8221;<\/h3>\n<p><strong><a class=\"dt-pswp-item\" href=\"https:\/\/www.radiopiu.net\/wordpress\/wp-content\/uploads\/2020\/04\/MICHIL-COSTA.jpg\" data-dt-img-description=\"\" data-large_image_width=\"664\" data-large_image_height=\"1000\"><img loading=\"lazy\" decoding=\"async\" class=\"size-thumbnail wp-image-130907 alignleft\" src=\"https:\/\/www.radiopiu.net\/wordpress\/wp-content\/uploads\/2020\/04\/MICHIL-COSTA-150x150.jpg\" alt=\"\" width=\"150\" height=\"150\" \/><\/a><\/strong><\/p>\n<p><span style=\"color: #ff0000;\"><strong>IL 22 SETTEMBRE ALLE 18 ALL&#8217;Hotel Ristorante C\u00e0 del Poggio presentazione a cura di Radio Pi\u00f9<\/strong><\/span><\/p>\n<p><strong>di Claudio Fontanive<\/strong><\/p>\n<p>OSPITE: Michil Costa<\/p>\n<audio class=\"wp-audio-shortcode\" id=\"audio-277107-6\" preload=\"none\" style=\"width: 100%;\" controls=\"controls\"><source type=\"audio\/mpeg\" src=\"https:\/\/www.radiopiu.net\/wordpress\/wp-content\/uploads\/2022\/05\/michil-costa-23-maggio.mp3?_=6\" \/><a href=\"https:\/\/www.radiopiu.net\/wordpress\/wp-content\/uploads\/2022\/05\/michil-costa-23-maggio.mp3\">https:\/\/www.radiopiu.net\/wordpress\/wp-content\/uploads\/2022\/05\/michil-costa-23-maggio.mp3<\/a><\/audio>\n<p>&nbsp;<\/p>\n<p>&nbsp;<\/p><\/blockquote>\n<p>&nbsp;<\/p>\n<hr \/>\n<p>&nbsp;<\/p>\n<blockquote>\n<h2>SAVE THE DATE, 2 GIUGNO PALAFALCADE CON L&#8217;ORCHESTRA DA BALLO DI BAGUTTI<\/h2>\n<h2><a class=\"dt-pswp-item\" href=\"https:\/\/www.radiopiu.net\/wordpress\/wp-content\/uploads\/2022\/05\/281706031_7621074247933383_5294172386003535739_n.jpg\" data-dt-img-description=\"\" data-large_image_width=\"1080\" data-large_image_height=\"1080\"><img loading=\"lazy\" decoding=\"async\" class=\"size-thumbnail wp-image-276498 alignleft\" src=\"https:\/\/www.radiopiu.net\/wordpress\/wp-content\/uploads\/2022\/05\/281706031_7621074247933383_5294172386003535739_n-150x150.jpg\" alt=\"\" width=\"150\" height=\"150\" srcset=\"https:\/\/www.radiopiu.net\/wordpress\/wp-content\/uploads\/2022\/05\/281706031_7621074247933383_5294172386003535739_n-150x150.jpg 150w, https:\/\/www.radiopiu.net\/wordpress\/wp-content\/uploads\/2022\/05\/281706031_7621074247933383_5294172386003535739_n-300x300.jpg 300w, https:\/\/www.radiopiu.net\/wordpress\/wp-content\/uploads\/2022\/05\/281706031_7621074247933383_5294172386003535739_n-1024x1024.jpg 1024w, https:\/\/www.radiopiu.net\/wordpress\/wp-content\/uploads\/2022\/05\/281706031_7621074247933383_5294172386003535739_n-768x768.jpg 768w, https:\/\/www.radiopiu.net\/wordpress\/wp-content\/uploads\/2022\/05\/281706031_7621074247933383_5294172386003535739_n.jpg 1080w\" sizes=\"auto, (max-width: 150px) 100vw, 150px\" \/><\/a><strong>OSPITI ANTONELLA SCHENA, CRISTIAN MASSARENTI E GIANMARCO BAGUTTI\u00a0<\/strong><\/h2>\n<\/blockquote>\n<p><strong>AUDIO\u00a0<\/strong><\/p>\n<audio class=\"wp-audio-shortcode\" id=\"audio-277107-7\" preload=\"none\" style=\"width: 100%;\" controls=\"controls\"><source type=\"audio\/mpeg\" src=\"https:\/\/www.radiopiu.net\/wordpress\/wp-content\/uploads\/2022\/05\/ginamarco-bagutti-18-maggio.mp3?_=7\" \/><a href=\"https:\/\/www.radiopiu.net\/wordpress\/wp-content\/uploads\/2022\/05\/ginamarco-bagutti-18-maggio.mp3\">https:\/\/www.radiopiu.net\/wordpress\/wp-content\/uploads\/2022\/05\/ginamarco-bagutti-18-maggio.mp3<\/a><\/audio>\n<p><strong>LO SPOT ALLA RADIO\u00a0<\/strong><\/p>\n<audio class=\"wp-audio-shortcode\" id=\"audio-277107-8\" preload=\"none\" style=\"width: 100%;\" controls=\"controls\"><source type=\"audio\/mpeg\" src=\"https:\/\/www.radiopiu.net\/wordpress\/wp-content\/uploads\/2022\/05\/BAGUTTI-SPOT.mp3?_=8\" \/><a href=\"https:\/\/www.radiopiu.net\/wordpress\/wp-content\/uploads\/2022\/05\/BAGUTTI-SPOT.mp3\">https:\/\/www.radiopiu.net\/wordpress\/wp-content\/uploads\/2022\/05\/BAGUTTI-SPOT.mp3<\/a><\/audio>\n<p>&nbsp;<\/p>\n<p>&nbsp;<\/p>\n<hr \/>\n<p>&nbsp;<\/p>\n<h2><span style=\"color: #008080;\">SALUTE &amp; SOCIETA&#8217;\u00a0<\/span><\/h2>\n<p><strong><a class=\"dt-pswp-item\" href=\"https:\/\/www.radiopiu.net\/wordpress\/wp-content\/uploads\/2022\/05\/9945acc7-da23-fddf-0956-8e02a9aea65b.jpg\" data-dt-img-description=\"\" data-large_image_width=\"800\" data-large_image_height=\"445\"><img loading=\"lazy\" decoding=\"async\" class=\"size-thumbnail wp-image-277192 alignleft\" src=\"https:\/\/www.radiopiu.net\/wordpress\/wp-content\/uploads\/2022\/05\/9945acc7-da23-fddf-0956-8e02a9aea65b-150x150.jpg\" alt=\"\" width=\"150\" height=\"150\" \/><\/a>PUNTATA DEL 23 MAGGIO 2022<\/strong><\/p>\n<p>Nuove sfide nella gestione delle Mici: dall\u2019et\u00e0 pediatrica all\u2019adulto: L\u2019incidenza delle malattie infiammatorie croniche intestinali (MICI) \u00e8 in aumento in tutto il mondo: da pochi rari casi registrati nei primi del \u2019900, fino a una stima odierna di circa 7 milioni nel mondo, di cui oltre 3 milioni in Europa. In Italia, in assenza di un registro nazionale di malattia, si calcola che ci siano tra le 200.000 e le 250.000 persone affette da MICI. Se ne \u00e8 parlato nel corso della quinta edizione del simposio &#8220;Le nuove sfide nella gestione delle Mici: dall\u2019et\u00e0 pediatrica all\u2019adulto&#8221;.<\/p>\n<audio class=\"wp-audio-shortcode\" id=\"audio-277107-9\" preload=\"none\" style=\"width: 100%;\" controls=\"controls\"><source type=\"audio\/mpeg\" src=\"https:\/\/www.radiopiu.net\/wordpress\/wp-content\/uploads\/2022\/05\/SALUTE-3.mp3?_=9\" \/><a href=\"https:\/\/www.radiopiu.net\/wordpress\/wp-content\/uploads\/2022\/05\/SALUTE-3.mp3\">https:\/\/www.radiopiu.net\/wordpress\/wp-content\/uploads\/2022\/05\/SALUTE-3.mp3<\/a><\/audio>\n<p>&nbsp;<\/p>\n<p><strong>LA RACCOLTA<\/strong><\/p>\n<blockquote class=\"wp-embedded-content\" data-secret=\"snMUujp76Q\"><p><a href=\"https:\/\/www.radiopiu.net\/wordpress\/saluteesocieta\/\">Salute e Societ\u00e0<\/a><\/p><\/blockquote>\n<p><iframe loading=\"lazy\" class=\"wp-embedded-content\" sandbox=\"allow-scripts\" security=\"restricted\" style=\"position: absolute; clip: rect(1px, 1px, 1px, 1px);\" title=\"&#8220;Salute e Societ\u00e0&#8221; &#8212; Radio Pi\u00f9\" src=\"https:\/\/www.radiopiu.net\/wordpress\/saluteesocieta\/embed\/#?secret=R6lfg2qcNi#?secret=snMUujp76Q\" data-secret=\"snMUujp76Q\" width=\"600\" height=\"338\" frameborder=\"0\" marginwidth=\"0\" marginheight=\"0\" scrolling=\"no\"><\/iframe><\/p>\n<p>&nbsp;<\/p>\n<p>&nbsp;<\/p>\n<hr \/>\n<p>&nbsp;<\/p>\n<h2><span style=\"color: #ff00ff;\">007 IN CONDOTTA CON LA PROF. MARIA ROSA SALMAZO<\/span><\/h2>\n<p><strong>PUNTATA DEL 23 MAGGIO 2022<\/strong><\/p>\n<audio class=\"wp-audio-shortcode\" id=\"audio-277107-10\" preload=\"none\" style=\"width: 100%;\" controls=\"controls\"><source type=\"audio\/mpeg\" src=\"https:\/\/www.radiopiu.net\/wordpress\/wp-content\/uploads\/2022\/05\/007-condotta-23-maggio.mp3?_=10\" \/><a href=\"https:\/\/www.radiopiu.net\/wordpress\/wp-content\/uploads\/2022\/05\/007-condotta-23-maggio.mp3\">https:\/\/www.radiopiu.net\/wordpress\/wp-content\/uploads\/2022\/05\/007-condotta-23-maggio.mp3<\/a><\/audio>\n<p>&nbsp;<\/p>\n<p><strong>LA RACCOLTA COMPLETA\u00a0<\/strong><\/p>\n<blockquote class=\"wp-embedded-content\" data-secret=\"GROsbJR6Tk\"><p><a href=\"https:\/\/www.radiopiu.net\/wordpress\/007incondotta-9\/\">007 in condotta<\/a><\/p><\/blockquote>\n<p><iframe loading=\"lazy\" class=\"wp-embedded-content\" sandbox=\"allow-scripts\" security=\"restricted\" style=\"position: absolute; clip: rect(1px, 1px, 1px, 1px);\" title=\"&#8220;007 in condotta&#8221; &#8212; Radio Pi\u00f9\" src=\"https:\/\/www.radiopiu.net\/wordpress\/007incondotta-9\/embed\/#?secret=RkrcF9uTmC#?secret=GROsbJR6Tk\" data-secret=\"GROsbJR6Tk\" width=\"600\" height=\"338\" frameborder=\"0\" marginwidth=\"0\" marginheight=\"0\" scrolling=\"no\"><\/iframe><\/p>\n<p>&nbsp;<\/p>\n<hr \/>\n<h3 class=\"kvgmc6g5 cxmmr5t8 oygrvhab hcukyx3x c1et5uql\"><span style=\"color: #0000ff;\"><strong>\u00a0<\/strong><\/span><\/h3>\n<h3 class=\"kvgmc6g5 cxmmr5t8 oygrvhab hcukyx3x c1et5uql\"><span style=\"color: #0000ff;\"><strong>INFORMAZIONE il canale su TELEGRAM informazione di prima mano e in tempo reale. iscriviti ed aiutaci a farlo conoscere\u00a0 \u00a0<\/strong><\/span><\/h3>\n<p>&nbsp;<\/p>\n<hr \/>\n<p>&nbsp;<\/p>\n<h2><span style=\"color: #800080;\">STORIE A QUATTROCCHI\u00a0\u00a0<\/span><\/h2>\n<p><strong>LA RACCOLTA COMPLETA\u00a0<\/strong><\/p>\n<blockquote class=\"wp-embedded-content\" data-secret=\"cW6YLT2CXn\"><p><a href=\"https:\/\/www.radiopiu.net\/wordpress\/storie-a-quattrocchi\/\">Storie a quattrocchi<\/a><\/p><\/blockquote>\n<p><iframe loading=\"lazy\" class=\"wp-embedded-content\" sandbox=\"allow-scripts\" security=\"restricted\" style=\"position: absolute; clip: rect(1px, 1px, 1px, 1px);\" title=\"&#8220;Storie a quattrocchi&#8221; &#8212; Radio Pi\u00f9\" src=\"https:\/\/www.radiopiu.net\/wordpress\/storie-a-quattrocchi\/embed\/#?secret=Iw5ldBHGjc#?secret=cW6YLT2CXn\" data-secret=\"cW6YLT2CXn\" width=\"600\" height=\"338\" frameborder=\"0\" marginwidth=\"0\" marginheight=\"0\" scrolling=\"no\"><\/iframe><\/p>\n<p>&nbsp;<\/p>\n<hr \/>\n<p>&nbsp;<\/p>\n<h2><\/h2>\n<h2><span style=\"color: #008080;\">&#8220;DINTORN E FORA VIA&#8221; A CURA DEL MUSLA, IL NUOVO PROGRAMMA\u00a0\u00a0<\/span><\/h2>\n<p><strong>LA RACCOLTA COMPLETA<\/strong><\/p>\n<blockquote class=\"wp-embedded-content\" data-secret=\"o5U9Ea8clI\"><p><a href=\"https:\/\/www.radiopiu.net\/wordpress\/musla\/\">MUSLA<\/a><\/p><\/blockquote>\n<p><iframe loading=\"lazy\" class=\"wp-embedded-content\" sandbox=\"allow-scripts\" security=\"restricted\" style=\"position: absolute; clip: rect(1px, 1px, 1px, 1px);\" title=\"&#8220;MUSLA&#8221; &#8212; Radio Pi\u00f9\" src=\"https:\/\/www.radiopiu.net\/wordpress\/musla\/embed\/#?secret=cmkZuenGDD#?secret=o5U9Ea8clI\" data-secret=\"o5U9Ea8clI\" width=\"600\" height=\"338\" frameborder=\"0\" marginwidth=\"0\" marginheight=\"0\" scrolling=\"no\"><\/iframe><\/p>\n<p>&nbsp;<\/p>\n<p>&nbsp;<\/p>\n<hr \/>\n<p>&nbsp;<\/p>\n<p>&nbsp;<\/p>\n<div>\n<div class=\"b654a4as d2edcug0\">\n<div class=\"rq0escxv hkbzh7o3 jwdofwj8 n8tt0mok r8blr3vg hyh9befq\">\n<p><a class=\"dt-pswp-item\" href=\"https:\/\/www.radiopiu.net\/wordpress\/wp-content\/uploads\/2020\/10\/pp.jpg\" data-dt-img-description=\"\" data-large_image_width=\"640\" data-large_image_height=\"640\"><img loading=\"lazy\" decoding=\"async\" class=\"wp-image-163678 alignleft\" src=\"https:\/\/www.radiopiu.net\/wordpress\/wp-content\/uploads\/2020\/10\/pp-300x300.jpg\" alt=\"\" width=\"106\" height=\"106\" srcset=\"https:\/\/www.radiopiu.net\/wordpress\/wp-content\/uploads\/2020\/10\/pp-300x300.jpg 300w, https:\/\/www.radiopiu.net\/wordpress\/wp-content\/uploads\/2020\/10\/pp-150x150.jpg 150w, https:\/\/www.radiopiu.net\/wordpress\/wp-content\/uploads\/2020\/10\/pp-125x125.jpg 125w, https:\/\/www.radiopiu.net\/wordpress\/wp-content\/uploads\/2020\/10\/pp-200x200.jpg 200w, https:\/\/www.radiopiu.net\/wordpress\/wp-content\/uploads\/2020\/10\/pp-80x80.jpg 80w, https:\/\/www.radiopiu.net\/wordpress\/wp-content\/uploads\/2020\/10\/pp-480x480.jpg 480w, https:\/\/www.radiopiu.net\/wordpress\/wp-content\/uploads\/2020\/10\/pp.jpg 640w\" sizes=\"auto, (max-width: 106px) 100vw, 106px\" \/><\/a><\/p>\n<\/div>\n<\/div>\n<\/div>\n<div>\n<div class=\"page-title-head hgroup\">\n<div class=\"page-title-head hgroup\">\n<div class=\"b654a4as d2edcug0\">\n<div class=\"j83agx80 btwxx1t3 lhclo0ds hop8lmos nkwizq5d scwd0bx6 roh60bw9\">\n<div class=\"rq0escxv hkbzh7o3 jwdofwj8 n8tt0mok r8blr3vg hyh9befq\">\n<div class=\"do00u71z l9j0dhe7 k4urcfbm\">\n<h2><span style=\"color: #000080;\">DON CESARE, IL PENSIERO DEL GIORNO. ALLA RADIO ALLE 7 DEL MATTINO E ALLE 19.30 DELLA SERA.\u00a0<\/span><\/h2>\n<p>&nbsp;<\/p>\n<\/div>\n<\/div>\n<\/div>\n<\/div>\n<\/div>\n<\/div>\n<\/div>\n<audio class=\"wp-audio-shortcode\" id=\"audio-277107-11\" preload=\"none\" style=\"width: 100%;\" controls=\"controls\"><source type=\"audio\/mpeg\" src=\"https:\/\/www.radiopiu.net\/wordpress\/wp-content\/uploads\/2022\/05\/CESARE-9.mp3?_=11\" \/><a href=\"https:\/\/www.radiopiu.net\/wordpress\/wp-content\/uploads\/2022\/05\/CESARE-9.mp3\">https:\/\/www.radiopiu.net\/wordpress\/wp-content\/uploads\/2022\/05\/CESARE-9.mp3<\/a><\/audio>\n<p>&nbsp;<\/p>\n<p>&nbsp;<\/p>\n<p>&nbsp;<\/p>\n<hr \/>\n<p>&nbsp;<\/p>\n<div class=\"do00u71z l9j0dhe7 k4urcfbm\">\n<div class=\"page-title-head hgroup\">\n<div class=\"page-title-head hgroup\">\n<div class=\"b654a4as d2edcug0\">\n<div class=\"j83agx80 btwxx1t3 lhclo0ds hop8lmos nkwizq5d scwd0bx6 roh60bw9\">\n<div class=\"rq0escxv hkbzh7o3 jwdofwj8 n8tt0mok r8blr3vg hyh9befq\">\n<div class=\"do00u71z l9j0dhe7 k4urcfbm\">\n<div class=\"page-title-head hgroup\">\n<div class=\"page-title-head hgroup\">\n<div class=\"b654a4as d2edcug0\">\n<div class=\"j83agx80 btwxx1t3 lhclo0ds hop8lmos nkwizq5d scwd0bx6 roh60bw9\">\n<div class=\"rq0escxv hkbzh7o3 jwdofwj8 n8tt0mok r8blr3vg hyh9befq\">\n<div class=\"do00u71z l9j0dhe7 k4urcfbm\">\n<div class=\"ecm0bbzt e5nlhep0 a8c37x1j\">\n<div class=\"kvgmc6g5 cxmmr5t8 oygrvhab hcukyx3x c1et5uql\">\n<div class=\"gmail-kvgmc6g5 gmail-cxmmr5t8 gmail-oygrvhab gmail-hcukyx3x gmail-c1et5uql gmail-ii04i59q\">\n<div class=\"page-title-head hgroup\">\n<div class=\"page-title-head hgroup\">\n<div class=\"b654a4as d2edcug0\">\n<div class=\"j83agx80 btwxx1t3 lhclo0ds hop8lmos nkwizq5d scwd0bx6 roh60bw9\">\n<div class=\"rq0escxv hkbzh7o3 jwdofwj8 n8tt0mok r8blr3vg hyh9befq\">\n<div class=\"do00u71z l9j0dhe7 k4urcfbm\">\n<div class=\"page-title-head hgroup\">\n<div class=\"page-title-head hgroup\">\n<div class=\"b654a4as d2edcug0\">\n<div class=\"j83agx80 btwxx1t3 lhclo0ds hop8lmos nkwizq5d scwd0bx6 roh60bw9\">\n<div class=\"rq0escxv hkbzh7o3 jwdofwj8 n8tt0mok r8blr3vg hyh9befq\">\n<div class=\"do00u71z l9j0dhe7 k4urcfbm\">\n<div class=\"page-title-head hgroup\">\n<div class=\"page-title-head hgroup\">\n<div class=\"b654a4as d2edcug0\">\n<div class=\"j83agx80 btwxx1t3 lhclo0ds hop8lmos nkwizq5d scwd0bx6 roh60bw9\">\n<div class=\"rq0escxv hkbzh7o3 jwdofwj8 n8tt0mok r8blr3vg hyh9befq\">\n<div class=\"do00u71z l9j0dhe7 k4urcfbm\">\n<div class=\"ecm0bbzt e5nlhep0 a8c37x1j\">\n<div class=\"kvgmc6g5 cxmmr5t8 oygrvhab hcukyx3x c1et5uql\">\n<div class=\"gmail-kvgmc6g5 gmail-cxmmr5t8 gmail-oygrvhab gmail-hcukyx3x gmail-c1et5uql gmail-ii04i59q\">\n<div class=\"page-title-head hgroup\">\n<div class=\"page-title-head hgroup\">\n<div class=\"b654a4as d2edcug0\">\n<div class=\"j83agx80 btwxx1t3 lhclo0ds hop8lmos nkwizq5d scwd0bx6 roh60bw9\">\n<div class=\"rq0escxv hkbzh7o3 jwdofwj8 n8tt0mok r8blr3vg hyh9befq\">\n<div class=\"do00u71z l9j0dhe7 k4urcfbm\">\n<blockquote>\n<h3><span style=\"color: #ff0000;\">IN VIVO VERSO,\u00a0 RIASCOLTIAMOLE DAL LUNEDI AL VENERDI ALLE 7.10, 10.10, 18 50<\/span><\/h3>\n<\/blockquote>\n<blockquote>\n<h3>RIASCOLTIAMOLE, STAGIONE 2019_2020 di MARIANO GROSSI &#8220;VIVERE A FARI SPENTI&#8221;<\/h3>\n<\/blockquote>\n<p><strong>AUDIO<\/strong><\/p>\n<audio class=\"wp-audio-shortcode\" id=\"audio-277107-12\" preload=\"none\" style=\"width: 100%;\" controls=\"controls\"><source type=\"audio\/mpeg\" src=\"https:\/\/www.radiopiu.net\/wordpress\/wp-content\/uploads\/2022\/05\/POESIA-1-MARIANO-GROSSI-VIVERE-A-FARI-SPENTI.mp3?_=12\" \/><a href=\"https:\/\/www.radiopiu.net\/wordpress\/wp-content\/uploads\/2022\/05\/POESIA-1-MARIANO-GROSSI-VIVERE-A-FARI-SPENTI.mp3\">https:\/\/www.radiopiu.net\/wordpress\/wp-content\/uploads\/2022\/05\/POESIA-1-MARIANO-GROSSI-VIVERE-A-FARI-SPENTI.mp3<\/a><\/audio>\n<p><img loading=\"lazy\" decoding=\"async\" class=\"\" src=\"https:\/\/www.radiopiu.net\/wordpress\/wp-content\/uploads\/2020\/04\/mariano-grossi-foto.jpg\" width=\"159\" height=\"119\" \/><\/p>\n<p>LA RACCOLTA COMPLETA<\/p>\n<blockquote class=\"wp-embedded-content\" data-secret=\"6HP49AelnD\"><p><a href=\"https:\/\/www.radiopiu.net\/wordpress\/in-vivo-verso\/\">In Vivo Verso<\/a><\/p><\/blockquote>\n<p><iframe loading=\"lazy\" class=\"wp-embedded-content\" sandbox=\"allow-scripts\" security=\"restricted\" style=\"position: absolute; clip: rect(1px, 1px, 1px, 1px);\" title=\"&#8220;In Vivo Verso&#8221; &#8212; Radio Pi\u00f9\" src=\"https:\/\/www.radiopiu.net\/wordpress\/in-vivo-verso\/embed\/#?secret=7ZKGqMt5T9#?secret=6HP49AelnD\" data-secret=\"6HP49AelnD\" width=\"600\" height=\"338\" frameborder=\"0\" marginwidth=\"0\" marginheight=\"0\" scrolling=\"no\"><\/iframe><\/p>\n<p>&nbsp;<\/p>\n<hr \/>\n<p>&nbsp;<\/p>\n<h3 class=\"entry-title\"><span style=\"color: #ff0000;\"><a href=\"https:\/\/www.radiopiu.net\/wordpress\/wp-content\/uploads\/2022\/04\/bustos-756620__340.webp\"><img loading=\"lazy\" decoding=\"async\" class=\" wp-image-271808 alignleft\" src=\"https:\/\/www.radiopiu.net\/wordpress\/wp-content\/uploads\/2022\/04\/bustos-756620__340-150x150.webp\" alt=\"\" width=\"94\" height=\"94\" \/><\/a>GOCCE DI FILOSOFIA\u00a0 &#8211; PUNTATA 206 DEL 23 MAGGIO 2022 LISA DE LUCA<\/span><\/h3>\n<p>AUDIO<\/p>\n<audio class=\"wp-audio-shortcode\" id=\"audio-277107-13\" preload=\"none\" style=\"width: 100%;\" controls=\"controls\"><source type=\"audio\/mpeg\" src=\"https:\/\/www.radiopiu.net\/wordpress\/wp-content\/uploads\/2022\/05\/FI1-3.mp3?_=13\" \/><a href=\"https:\/\/www.radiopiu.net\/wordpress\/wp-content\/uploads\/2022\/05\/FI1-3.mp3\">https:\/\/www.radiopiu.net\/wordpress\/wp-content\/uploads\/2022\/05\/FI1-3.mp3<\/a><\/audio>\n<p>&nbsp;<\/p>\n<p><strong>\u00a0<\/strong><strong>LA RACCOLTA COMPLETA<\/strong><\/p>\n<blockquote class=\"wp-embedded-content\" data-secret=\"NqrJI9ZBAg\"><p><a href=\"https:\/\/www.radiopiu.net\/wordpress\/gocce-filosofia\/\">Gocce di filosofia, PRIMA E SECONDA STAGIONE 2022<\/a><\/p><\/blockquote>\n<p><iframe loading=\"lazy\" class=\"wp-embedded-content\" sandbox=\"allow-scripts\" security=\"restricted\" style=\"position: absolute; clip: rect(1px, 1px, 1px, 1px);\" title=\"&#8220;Gocce di filosofia, PRIMA E SECONDA STAGIONE 2022&#8221; &#8212; Radio Pi\u00f9\" src=\"https:\/\/www.radiopiu.net\/wordpress\/gocce-filosofia\/embed\/#?secret=kO2ky9RpRw#?secret=NqrJI9ZBAg\" data-secret=\"NqrJI9ZBAg\" width=\"600\" height=\"338\" frameborder=\"0\" marginwidth=\"0\" marginheight=\"0\" scrolling=\"no\"><\/iframe><\/p>\n<p>&nbsp;<\/p>\n<hr \/>\n<p>&nbsp;<\/p>\n<p><span style=\"color: #0000ff;\">MUSICA PIU&#8217;\u00a0<\/span><\/p>\n<p><a href=\"https:\/\/www.radiopiu.net\/wordpress\/giornale-radiopiu-20-settembre-2021-direttore-mirko-mezzacasa\/pp-79\/\" rel=\"attachment wp-att-232921\"><img loading=\"lazy\" decoding=\"async\" class=\"wp-image-232921 alignleft\" src=\"https:\/\/www.radiopiu.net\/wordpress\/wp-content\/uploads\/2021\/09\/pp-1-300x300.jpg\" alt=\"\" width=\"135\" height=\"135\" srcset=\"https:\/\/www.radiopiu.net\/wordpress\/wp-content\/uploads\/2021\/09\/pp-1-300x300.jpg 300w, https:\/\/www.radiopiu.net\/wordpress\/wp-content\/uploads\/2021\/09\/pp-1-150x150.jpg 150w, https:\/\/www.radiopiu.net\/wordpress\/wp-content\/uploads\/2021\/09\/pp-1.jpg 640w\" sizes=\"auto, (max-width: 135px) 100vw, 135px\" \/><\/a><\/p>\n<div class=\"mkdf-post-text\">\n<div class=\"mkdf-post-text-inner\">\n<div class=\"mkdf-post-text-main\">\n<div class=\"mkdf-post-text\">\n<div class=\"mkdf-post-text-inner\">\n<div class=\"mkdf-post-text-main\">\n<div class=\"mkdf-post-text\">\n<div class=\"mkdf-post-text-inner\">\n<div class=\"mkdf-post-text-main\">\n<div class=\"page-title-head hgroup\">\n<div class=\"page-title-head hgroup\">\n<div class=\"mkdf-post-text\">\n<div class=\"mkdf-post-text-inner\">\n<div class=\"mkdf-post-text-main\">\n<div class=\"mkdf-post-text\">\n<div class=\"mkdf-post-text-inner\">\n<div class=\"mkdf-post-text-main\">\n<div class=\"page-title-head hgroup\">\n<div class=\"page-title-head hgroup\">\n<div class=\"page-title-head hgroup\">\n<div class=\"page-title-head hgroup\">\n<div class=\"b654a4as d2edcug0\">\n<div class=\"page-title-head hgroup\">\n<div class=\"page-title-head hgroup\">\n<div class=\"page-title-head hgroup\">\n<div class=\"page-title-head hgroup\">\n<div class=\"b654a4as d2edcug0\">\n<div class=\"page-title-head hgroup\">\n<div class=\"page-title-head hgroup\">\n<div class=\"page-title-head hgroup\">\n<div class=\"page-title-head hgroup\">\n<div class=\"b654a4as d2edcug0\">\n<div class=\"mkdf-post-text\">\n<div class=\"mkdf-post-text-inner\">\n<div class=\"mkdf-post-text-main\">\n<div class=\"mkdf-post-text\">\n<div class=\"mkdf-post-text-inner\">\n<div class=\"mkdf-post-text-main\">\n<div class=\"mkdf-post-text\">\n<div class=\"mkdf-post-text-inner\">\n<div class=\"mkdf-post-text-main\">\n<div class=\"page-title-head hgroup\">\n<div class=\"page-title-head hgroup\">\n<div class=\"mkdf-post-text\">\n<div class=\"mkdf-post-text-inner\">\n<div class=\"mkdf-post-text-main\">\n<div class=\"mkdf-post-text\">\n<div class=\"mkdf-post-text-inner\">\n<div class=\"mkdf-post-text-main\">\n<div class=\"page-title-head hgroup\">\n<div class=\"page-title-head hgroup\">\n<div class=\"page-title-head hgroup\">\n<div class=\"page-title-head hgroup\">\n<div class=\"b654a4as d2edcug0\">\n<div class=\"page-title-head hgroup\">\n<div class=\"page-title-head hgroup\">\n<div class=\"page-title-head hgroup\">\n<div class=\"page-title-head hgroup\">\n<div class=\"b654a4as d2edcug0\">\n<div class=\"page-title-head hgroup\">\n<div class=\"page-title-head hgroup\">\n<div class=\"page-title-head hgroup\">\n<div class=\"page-title-head hgroup\">\n<div class=\"b654a4as d2edcug0\">\n<div><\/div>\n<div><\/div>\n<div>\n<p><strong>MUSICA ALLA RADIO, IL PROGRAMMA DI LORIS SCUSSEL &#8220;COLLAGE OPERAZIONE NOSTALGIA&#8221; DAL LUNEDI AL VENERDI ALLE 16.00\u00a0 E ALLE 23\u00a0<\/strong><\/p>\n<p>&nbsp;<\/p>\n<\/div>\n<p><strong>PUNTATA 611 DEL 23 MAGGIO 2022<\/strong><\/p>\n<audio class=\"wp-audio-shortcode\" id=\"audio-277107-14\" preload=\"none\" style=\"width: 100%;\" controls=\"controls\"><source type=\"audio\/mpeg\" src=\"https:\/\/www.radiopiu.net\/wordpress\/wp-content\/uploads\/2022\/05\/Collage-611.mp3?_=14\" \/><a href=\"https:\/\/www.radiopiu.net\/wordpress\/wp-content\/uploads\/2022\/05\/Collage-611.mp3\">https:\/\/www.radiopiu.net\/wordpress\/wp-content\/uploads\/2022\/05\/Collage-611.mp3<\/a><\/audio>\n<p>&nbsp;<\/p>\n<\/div>\n<p><strong><a class=\"dt-pswp-item\" href=\"https:\/\/www.radiopiu.net\/wordpress\/wp-content\/uploads\/2022\/05\/Aphrodites-child-Rain-and-tears_SITO.jpg\" data-dt-img-description=\"\" data-large_image_width=\"619\" data-large_image_height=\"619\"><img loading=\"lazy\" decoding=\"async\" class=\"size-thumbnail wp-image-276953 alignleft\" src=\"https:\/\/www.radiopiu.net\/wordpress\/wp-content\/uploads\/2022\/05\/Aphrodites-child-Rain-and-tears_SITO-150x150.jpg\" alt=\"\" width=\"150\" height=\"150\" srcset=\"https:\/\/www.radiopiu.net\/wordpress\/wp-content\/uploads\/2022\/05\/Aphrodites-child-Rain-and-tears_SITO-150x150.jpg 150w, https:\/\/www.radiopiu.net\/wordpress\/wp-content\/uploads\/2022\/05\/Aphrodites-child-Rain-and-tears_SITO-300x300.jpg 300w, https:\/\/www.radiopiu.net\/wordpress\/wp-content\/uploads\/2022\/05\/Aphrodites-child-Rain-and-tears_SITO.jpg 619w\" sizes=\"auto, (max-width: 150px) 100vw, 150px\" \/><\/a>di Loris Scussel<\/strong><\/p>\n<p>\u201cPenuria d\u2019anguria\u201d un brano interpretato da Gino Bramieri nel lontano 1960 aprir\u00e0 la programmazione settimanale di Collage, la puntata di marted\u00ec sar\u00e0 dedicata alle lacrime nelle canzoni e ascolteremo tra le altre \u201cRain and tears\u201d degli Aphrodite\u2019s Child con la partecipazione dell\u2019artista Vangelis recentemente scomparso, mercoled\u00ec e venerd\u00ec daremo spazio alla musica internazionale mentre gioved\u00ec proporremo alcuni brani rock progressive italiani. Collage va in onda dal luned\u00ec al venerd\u00ec alle 16,00 e alle 23,00 naturalmente su Radiopi\u00f9.<\/p>\n<p>&nbsp;<\/p>\n<p>&nbsp;<\/p>\n<div class=\"b654a4as d2edcug0\">\n<hr \/>\n<\/div>\n<\/div>\n<\/div>\n<\/div>\n<\/div>\n<\/div>\n<\/div>\n<\/div>\n<\/div>\n<\/div>\n<\/div>\n<\/div>\n<\/div>\n<\/div>\n<\/div>\n<\/div>\n<\/div>\n<\/div>\n<\/div>\n<\/div>\n<\/div>\n<\/div>\n<\/div>\n<\/div>\n<\/div>\n<\/div>\n<\/div>\n<\/div>\n<\/div>\n<\/div>\n<\/div>\n<\/div>\n<\/div>\n<\/div>\n<\/div>\n<\/div>\n<\/div>\n<\/div>\n<\/div>\n<\/div>\n<\/div>\n<\/div>\n<\/div>\n<\/div>\n<\/div>\n<\/div>\n<\/div>\n<\/div>\n<\/div>\n<\/div>\n<\/div>\n<\/div>\n<\/div>\n<\/div>\n<\/div>\n<\/div>\n<\/div>\n<\/div>\n<\/div>\n<\/div>\n<\/div>\n<\/div>\n<\/div>\n<\/div>\n<p>&nbsp;<\/p>\n<blockquote>\n<h3><span style=\"color: #0000ff;\">RADIO PIU INFORMAZIONE il canale su TELEGRAM informazione di prima mano e in tempo reale. iscriviti ed aiutaci a farlo conoscere\u00a0\u00a0<\/span><\/h3>\n<\/blockquote>\n<div>\n<div class=\"page-title-head hgroup\">\n<div class=\"page-title-head hgroup\">\n<div class=\"page-title-head hgroup\">\n<div class=\"page-title-head hgroup\">\n<div class=\"b654a4as d2edcug0\">\n<div class=\"page-title-head hgroup\">\n<div class=\"page-title-head hgroup\">\n<div class=\"page-title-head hgroup\">\n<div class=\"page-title-head hgroup\">\n<div class=\"b654a4as d2edcug0\">\n<div class=\"page-title-head hgroup\">\n<div class=\"page-title-head hgroup\">\n<div class=\"page-title-head hgroup\">\n<div class=\"page-title-head hgroup\">\n<div class=\"page-title-head hgroup\">\n<div class=\"page-title-head hgroup\">\n<div class=\"page-title-head hgroup\">\n<div class=\"page-title-head hgroup\">\n<div class=\"page-title-head hgroup\">\n<div class=\"b654a4as d2edcug0\">\n<div class=\"page-title-head hgroup\">\n<div class=\"page-title-head hgroup\">\n<div class=\"page-title-head hgroup\">\n<div class=\"page-title-head hgroup\">\n<div class=\"b654a4as d2edcug0\">\n<div><\/div>\n<div>\n<div class=\"page-title-head hgroup\">\n<div class=\"page-title-head hgroup\">\n<div class=\"page-title-head hgroup\">\n<div class=\"page-title-head hgroup\">\n<div class=\"page-title-head hgroup\">\n<div class=\"mkdf-post-text\">\n<div class=\"mkdf-post-text-inner\">\n<div class=\"mkdf-post-text-main\">\n<div class=\"mkdf-post-text\">\n<div class=\"mkdf-post-text-inner\">\n<div class=\"mkdf-post-text-main\">\n<div class=\"mkdf-post-text\">\n<div class=\"mkdf-post-text-inner\">\n<div class=\"mkdf-post-text-main\">\n<div class=\"page-title-head hgroup\">\n<div class=\"page-title-head hgroup\">\n<div class=\"mkdf-post-text\">\n<div class=\"mkdf-post-text-inner\">\n<div class=\"mkdf-post-text-main\">\n<div class=\"mkdf-post-text\">\n<div class=\"mkdf-post-text-inner\">\n<div class=\"mkdf-post-text-main\">\n<div class=\"page-title-head hgroup\">\n<div class=\"page-title-head hgroup\">\n<div class=\"page-title-head hgroup\">\n<div class=\"page-title-head hgroup\">\n<div class=\"b654a4as d2edcug0\">\n<div class=\"page-title-head hgroup\">\n<div class=\"page-title-head hgroup\">\n<div class=\"page-title-head hgroup\">\n<div class=\"page-title-head hgroup\">\n<div class=\"b654a4as d2edcug0\">\n<div class=\"page-title-head hgroup\">\n<div class=\"page-title-head hgroup\">\n<div class=\"page-title-head hgroup\">\n<p>&nbsp;<\/p>\n<div>\n<div class=\"page-title-head hgroup\">\n<div class=\"page-title-head hgroup\">\n<div class=\"b654a4as d2edcug0\">\n<div class=\"j83agx80 btwxx1t3 lhclo0ds hop8lmos nkwizq5d scwd0bx6 roh60bw9\">\n<div class=\"rq0escxv hkbzh7o3 jwdofwj8 n8tt0mok r8blr3vg hyh9befq\">\n<div class=\"do00u71z l9j0dhe7 k4urcfbm\">\n<div class=\"page-title-head hgroup\">\n<div class=\"page-title-head hgroup\">\n<div class=\"b654a4as d2edcug0\">\n<div class=\"j83agx80 btwxx1t3 lhclo0ds hop8lmos nkwizq5d scwd0bx6 roh60bw9\">\n<div class=\"rq0escxv hkbzh7o3 jwdofwj8 n8tt0mok r8blr3vg hyh9befq\">\n<div class=\"do00u71z l9j0dhe7 k4urcfbm\">\n<div class=\"ecm0bbzt e5nlhep0 a8c37x1j\">\n<div class=\"kvgmc6g5 cxmmr5t8 oygrvhab hcukyx3x c1et5uql\">\n<div class=\"gmail-kvgmc6g5 gmail-cxmmr5t8 gmail-oygrvhab gmail-hcukyx3x gmail-c1et5uql gmail-ii04i59q\">\n<div class=\"page-title-head hgroup\">\n<div class=\"page-title-head hgroup\">\n<div class=\"b654a4as d2edcug0\">\n<div class=\"j83agx80 btwxx1t3 lhclo0ds hop8lmos nkwizq5d scwd0bx6 roh60bw9\">\n<div class=\"rq0escxv hkbzh7o3 jwdofwj8 n8tt0mok r8blr3vg hyh9befq\">\n<div class=\"do00u71z l9j0dhe7 k4urcfbm\">\n<div class=\"page-title-head hgroup\">\n<div class=\"page-title-head hgroup\">\n<div class=\"b654a4as d2edcug0\">\n<div class=\"j83agx80 btwxx1t3 lhclo0ds hop8lmos nkwizq5d scwd0bx6 roh60bw9\">\n<div class=\"rq0escxv hkbzh7o3 jwdofwj8 n8tt0mok r8blr3vg hyh9befq\">\n<div class=\"do00u71z l9j0dhe7 k4urcfbm\">\n<div class=\"page-title-head hgroup\">\n<div class=\"page-title-head hgroup\">\n<div class=\"b654a4as d2edcug0\">\n<div class=\"j83agx80 btwxx1t3 lhclo0ds hop8lmos nkwizq5d scwd0bx6 roh60bw9\">\n<div class=\"rq0escxv hkbzh7o3 jwdofwj8 n8tt0mok r8blr3vg hyh9befq\">\n<div class=\"do00u71z l9j0dhe7 k4urcfbm\">\n<div class=\"ecm0bbzt e5nlhep0 a8c37x1j\">\n<div class=\"kvgmc6g5 cxmmr5t8 oygrvhab hcukyx3x c1et5uql\">\n<div class=\"gmail-kvgmc6g5 gmail-cxmmr5t8 gmail-oygrvhab gmail-hcukyx3x gmail-c1et5uql gmail-ii04i59q\">\n<div class=\"page-title-head hgroup\">\n<div class=\"page-title-head hgroup\">\n<div class=\"b654a4as d2edcug0\">\n<div class=\"j83agx80 btwxx1t3 lhclo0ds hop8lmos nkwizq5d scwd0bx6 roh60bw9\">\n<div class=\"rq0escxv hkbzh7o3 jwdofwj8 n8tt0mok r8blr3vg hyh9befq\">\n<div class=\"do00u71z l9j0dhe7 k4urcfbm\">\n<div class=\"page-title-head hgroup\">\n<div class=\"page-title-head hgroup\">\n<div class=\"page-title-head hgroup\">\n<div class=\"page-title-head hgroup\">\n<div class=\"b654a4as d2edcug0\">\n<div class=\"page-title-head hgroup\">\n<div class=\"page-title-head hgroup\">\n<div class=\"page-title-head hgroup\">\n<div class=\"page-title-head hgroup\">\n<div class=\"b654a4as d2edcug0\">\n<div class=\"page-title-head hgroup\">\n<div class=\"page-title-head hgroup\">\n<div class=\"page-title-head hgroup\">\n<div class=\"page-title-head hgroup\">\n<div class=\"page-title-head hgroup\">\n<div class=\"page-title-head hgroup\">\n<div class=\"page-title-head hgroup\">\n<div class=\"page-title-head hgroup\">\n<div class=\"page-title-head hgroup\">\n<div class=\"b654a4as d2edcug0\">\n<div class=\"page-title-head hgroup\">\n<div class=\"page-title-head hgroup\">\n<div class=\"page-title-head hgroup\">\n<div class=\"page-title-head hgroup\">\n<div class=\"b654a4as d2edcug0\">\n<div class=\"page-title-head hgroup\">\n<div class=\"page-title-head hgroup\">\n<div class=\"page-title-head hgroup\">\n<div class=\"page-title-head hgroup\">\n<div class=\"page-title-head hgroup\">\n<div class=\"mkdf-post-text\">\n<div class=\"mkdf-post-text-inner\">\n<div class=\"mkdf-post-text-main\">\n<div class=\"mkdf-post-text\">\n<div class=\"mkdf-post-text-inner\">\n<div class=\"mkdf-post-text-main\">\n<div class=\"mkdf-post-text\">\n<div class=\"mkdf-post-text-inner\">\n<div class=\"mkdf-post-text-main\">\n<div class=\"page-title-head hgroup\">\n<div class=\"page-title-head hgroup\">\n<div class=\"mkdf-post-text\">\n<div class=\"mkdf-post-text-inner\">\n<div class=\"mkdf-post-text-main\">\n<div class=\"mkdf-post-text\">\n<div class=\"mkdf-post-text-inner\">\n<div class=\"mkdf-post-text-main\">\n<div class=\"page-title-head hgroup\">\n<div class=\"page-title-head hgroup\">\n<div class=\"page-title-head hgroup\">\n<div class=\"page-title-head hgroup\">\n<div class=\"b654a4as d2edcug0\">\n<div class=\"page-title-head hgroup\">\n<div class=\"page-title-head hgroup\">\n<div class=\"page-title-head hgroup\">\n<div class=\"page-title-head hgroup\">\n<div class=\"b654a4as d2edcug0\">\n<div class=\"page-title-head hgroup\">\n<div class=\"page-title-head hgroup\">\n<div class=\"page-title-head hgroup\">\n<div class=\"page-title-head hgroup\">\n<div class=\"b654a4as d2edcug0\">\n<div class=\"ecm0bbzt e5nlhep0 a8c37x1j\">\n<div class=\"kvgmc6g5 cxmmr5t8 oygrvhab hcukyx3x c1et5uql\">\n<div class=\"gmail-kvgmc6g5 gmail-cxmmr5t8 gmail-oygrvhab gmail-hcukyx3x gmail-c1et5uql gmail-ii04i59q\">\n<div class=\"page-title-head hgroup\">\n<div class=\"page-title-head hgroup\">\n<div class=\"b654a4as d2edcug0\">\n<div class=\"j83agx80 btwxx1t3 lhclo0ds hop8lmos nkwizq5d scwd0bx6 roh60bw9\">\n<div class=\"rq0escxv hkbzh7o3 jwdofwj8 n8tt0mok r8blr3vg hyh9befq\">\n<div class=\"do00u71z l9j0dhe7 k4urcfbm\">\n<div class=\"page-title-head hgroup\">\n<div class=\"page-title-head hgroup\">\n<div class=\"page-title-head hgroup\">\n<div class=\"page-title-head hgroup\">\n<div class=\"b654a4as d2edcug0\">\n<div class=\"page-title-head hgroup\">\n<div class=\"page-title-head hgroup\">\n<div class=\"page-title-head hgroup\">\n<div class=\"page-title-head hgroup\">\n<div class=\"b654a4as d2edcug0\">\n<div class=\"page-title-head hgroup\">\n<div class=\"page-title-head hgroup\">\n<div class=\"page-title-head hgroup\">\n<div class=\"page-title-head hgroup\">\n<div class=\"page-title-head hgroup\">\n<div class=\"page-title-head hgroup\">\n<div class=\"page-title-head hgroup\">\n<div class=\"page-title-head hgroup\">\n<div class=\"page-title-head hgroup\">\n<div class=\"b654a4as d2edcug0\">\n<div class=\"page-title-head hgroup\">\n<div class=\"page-title-head hgroup\">\n<div class=\"page-title-head hgroup\">\n<div class=\"page-title-head hgroup\">\n<div class=\"b654a4as d2edcug0\">\n<div class=\"page-title-head hgroup\">\n<div class=\"page-title-head hgroup\">\n<div class=\"page-title-head hgroup\">\n<div class=\"page-title-head hgroup\">\n<div class=\"page-title-head hgroup\">\n<div class=\"mkdf-post-text\">\n<div class=\"mkdf-post-text-inner\">\n<div class=\"mkdf-post-text-main\">\n<div class=\"mkdf-post-text\">\n<div class=\"mkdf-post-text-inner\">\n<div class=\"mkdf-post-text-main\">\n<div class=\"mkdf-post-text\">\n<div class=\"mkdf-post-text-inner\">\n<div class=\"mkdf-post-text-main\">\n<div class=\"page-title-head hgroup\">\n<div class=\"page-title-head hgroup\">\n<div class=\"mkdf-post-text\">\n<div class=\"mkdf-post-text-inner\">\n<div class=\"mkdf-post-text-main\">\n<div class=\"mkdf-post-text\">\n<div class=\"mkdf-post-text-inner\">\n<div class=\"mkdf-post-text-main\">\n<div class=\"page-title-head hgroup\">\n<div class=\"page-title-head hgroup\">\n<div class=\"page-title-head hgroup\">\n<div class=\"page-title-head hgroup\">\n<div class=\"b654a4as d2edcug0\">\n<div class=\"page-title-head hgroup\">\n<div class=\"page-title-head hgroup\">\n<div class=\"page-title-head hgroup\">\n<div class=\"page-title-head hgroup\">\n<div class=\"b654a4as d2edcug0\">\n<div class=\"page-title-head hgroup\">\n<div class=\"page-title-head hgroup\">\n<div class=\"page-title-head hgroup\">\n<div class=\"page-title-head hgroup\">\n<div class=\"b654a4as d2edcug0\">\n<hr \/>\n<p>&nbsp;<\/p>\n<div>\n<p><strong>DUE MINUTI UN LIBRO, TUTTI I GIORNI ALLA RADIO ALLE 9.40 E ALLE 17.50\u00a0\u00a0<\/strong><\/p>\n<div>\n<div>\n<p><strong>LA RACCOLTA COMPLETA\u00a0\u00a0<\/strong><\/p>\n<\/div>\n<\/div>\n<\/div>\n<div class=\"mkdf-post-text\">\n<div class=\"mkdf-post-text-inner\">\n<div class=\"mkdf-post-text-main\">\n<div class=\"mkdf-post-text\">\n<div class=\"mkdf-post-text-inner\">\n<div class=\"mkdf-post-text-main\">\n<div class=\"mkdf-post-text\">\n<div class=\"mkdf-post-text-inner\">\n<div class=\"mkdf-post-text-main\">\n<div class=\"page-title-head hgroup\">\n<div class=\"page-title-head hgroup\">\n<div class=\"mkdf-post-text\">\n<div class=\"mkdf-post-text-inner\">\n<div class=\"mkdf-post-text-main\">\n<div class=\"mkdf-post-text\">\n<div class=\"mkdf-post-text-inner\">\n<div class=\"mkdf-post-text-main\">\n<div class=\"page-title-head hgroup\">\n<div class=\"page-title-head hgroup\">\n<div class=\"page-title-head hgroup\">\n<div class=\"page-title-head hgroup\">\n<div class=\"b654a4as d2edcug0\">\n<div class=\"page-title-head hgroup\">\n<div class=\"page-title-head hgroup\">\n<div class=\"page-title-head hgroup\">\n<div class=\"page-title-head hgroup\">\n<div class=\"b654a4as d2edcug0\">\n<div class=\"page-title-head hgroup\">\n<div class=\"page-title-head hgroup\">\n<div class=\"page-title-head hgroup\">\n<div class=\"page-title-head hgroup\">\n<div class=\"b654a4as d2edcug0\">\n<div>\n<blockquote class=\"wp-embedded-content\" data-secret=\"L70ImPvWYK\"><p><a href=\"https:\/\/www.radiopiu.net\/wordpress\/due-minuti-un-libro\/\">Due minuti un libro<\/a><\/p><\/blockquote>\n<p><iframe loading=\"lazy\" class=\"wp-embedded-content\" sandbox=\"allow-scripts\" security=\"restricted\" style=\"position: absolute; clip: rect(1px, 1px, 1px, 1px);\" title=\"&#8220;Due minuti un libro&#8221; &#8212; Radio Pi\u00f9\" src=\"https:\/\/www.radiopiu.net\/wordpress\/due-minuti-un-libro\/embed\/#?secret=BQ6xrzb3gn#?secret=L70ImPvWYK\" data-secret=\"L70ImPvWYK\" width=\"600\" height=\"338\" frameborder=\"0\" marginwidth=\"0\" marginheight=\"0\" scrolling=\"no\"><\/iframe><\/p>\n<p>&nbsp;<\/p>\n<\/div>\n<div>\n<hr \/>\n<p>&nbsp;<\/p>\n<\/div>\n<h2><span style=\"color: #808000;\">L&#8217;ALMANACCO LADINO\u00a0<\/span><\/h2>\n<p><strong>PUNTATA DEL 23 MAGGIO 2022<\/strong><\/p>\n<audio class=\"wp-audio-shortcode\" id=\"audio-277107-15\" preload=\"none\" style=\"width: 100%;\" controls=\"controls\"><source type=\"audio\/mpeg\" src=\"https:\/\/www.radiopiu.net\/wordpress\/wp-content\/uploads\/2022\/05\/84\u00b0Almanacco-Ladino_col.mp3?_=15\" \/><a href=\"https:\/\/www.radiopiu.net\/wordpress\/wp-content\/uploads\/2022\/05\/84\u00b0Almanacco-Ladino_col.mp3\">https:\/\/www.radiopiu.net\/wordpress\/wp-content\/uploads\/2022\/05\/84\u00b0Almanacco-Ladino_col.mp3<\/a><\/audio>\n<p><strong>LA RACCOLTA<\/strong><\/p>\n<blockquote class=\"wp-embedded-content\" data-secret=\"NTIwsHAUWK\"><p><a href=\"https:\/\/www.radiopiu.net\/wordpress\/almanacco-ladino\/\">Almanacco Ladino<\/a><\/p><\/blockquote>\n<p><iframe loading=\"lazy\" class=\"wp-embedded-content\" sandbox=\"allow-scripts\" security=\"restricted\" style=\"position: absolute; clip: rect(1px, 1px, 1px, 1px);\" title=\"&#8220;Almanacco Ladino&#8221; &#8212; Radio Pi\u00f9\" src=\"https:\/\/www.radiopiu.net\/wordpress\/almanacco-ladino\/embed\/#?secret=pCALqrY8zg#?secret=NTIwsHAUWK\" data-secret=\"NTIwsHAUWK\" width=\"600\" height=\"338\" frameborder=\"0\" marginwidth=\"0\" marginheight=\"0\" scrolling=\"no\"><\/iframe><\/p>\n<p>&nbsp;<\/p>\n<hr \/>\n<h2><span style=\"color: #33cccc;\">\u00a0<\/span><\/h2>\n<h2><span style=\"color: #33cccc;\">LA RASSEGNA STAMPA DA L&#8217;AMICO DEL POPOLO<\/span><\/h2>\n<p><strong><a class=\"dt-pswp-item\" href=\"https:\/\/www.radiopiu.net\/wordpress\/wp-content\/uploads\/2022\/05\/1.-Murer-Zancanaro-Zanzotto.jpg\" data-dt-img-description=\"\" data-large_image_width=\"1600\" data-large_image_height=\"1160\"><img loading=\"lazy\" decoding=\"async\" class=\"size-thumbnail wp-image-276761 alignleft\" src=\"https:\/\/www.radiopiu.net\/wordpress\/wp-content\/uploads\/2022\/05\/1.-Murer-Zancanaro-Zanzotto-150x150.jpg\" alt=\"\" width=\"150\" height=\"150\" \/><\/a>di Gianni Santomaso<\/strong><\/p>\n<p>OSPITE: Franco Murer<\/p>\n<audio class=\"wp-audio-shortcode\" id=\"audio-277107-16\" preload=\"none\" style=\"width: 100%;\" controls=\"controls\"><source type=\"audio\/mpeg\" src=\"https:\/\/www.radiopiu.net\/wordpress\/wp-content\/uploads\/2022\/05\/RASSEGNA-GIANNI-1.mp3?_=16\" \/><a href=\"https:\/\/www.radiopiu.net\/wordpress\/wp-content\/uploads\/2022\/05\/RASSEGNA-GIANNI-1.mp3\">https:\/\/www.radiopiu.net\/wordpress\/wp-content\/uploads\/2022\/05\/RASSEGNA-GIANNI-1.mp3<\/a><\/audio>\n<p>&nbsp;<\/p>\n<p><strong>LA RACCOLTA COMPLETA<\/strong><\/p>\n<blockquote class=\"wp-embedded-content\" data-secret=\"cs61jA2lKH\"><p><a href=\"https:\/\/www.radiopiu.net\/wordpress\/rassegna-stampa-di-gianni-santomaso\/\">Rassegna stampa da l&#8217;amico del popolo &#8211; di Gianni Santomaso<\/a><\/p><\/blockquote>\n<p><iframe loading=\"lazy\" class=\"wp-embedded-content\" sandbox=\"allow-scripts\" security=\"restricted\" style=\"position: absolute; clip: rect(1px, 1px, 1px, 1px);\" title=\"&#8220;Rassegna stampa da l&#8217;amico del popolo &#8211; di Gianni Santomaso&#8221; &#8212; Radio Pi\u00f9\" src=\"https:\/\/www.radiopiu.net\/wordpress\/rassegna-stampa-di-gianni-santomaso\/embed\/#?secret=FgQClGUH78#?secret=cs61jA2lKH\" data-secret=\"cs61jA2lKH\" width=\"600\" height=\"338\" frameborder=\"0\" marginwidth=\"0\" marginheight=\"0\" scrolling=\"no\"><\/iframe><\/p>\n<p>&nbsp;<\/p>\n<hr \/>\n<p>&nbsp;<\/p>\n<div>\n<div class=\"page-title-head hgroup\">\n<div class=\"page-title-head hgroup\">\n<div class=\"b654a4as d2edcug0\">\n<div class=\"j83agx80 btwxx1t3 lhclo0ds hop8lmos nkwizq5d scwd0bx6 roh60bw9\">\n<div class=\"rq0escxv hkbzh7o3 jwdofwj8 n8tt0mok r8blr3vg hyh9befq\">\n<div class=\"do00u71z l9j0dhe7 k4urcfbm\">\n<div class=\"ecm0bbzt e5nlhep0 a8c37x1j\">\n<div class=\"kvgmc6g5 cxmmr5t8 oygrvhab hcukyx3x c1et5uql\">\n<div class=\"gmail-kvgmc6g5 gmail-cxmmr5t8 gmail-oygrvhab gmail-hcukyx3x gmail-c1et5uql gmail-ii04i59q\">\n<div class=\"page-title-head hgroup\">\n<div class=\"page-title-head hgroup\">\n<div class=\"b654a4as d2edcug0\">\n<div class=\"j83agx80 btwxx1t3 lhclo0ds hop8lmos nkwizq5d scwd0bx6 roh60bw9\">\n<div class=\"rq0escxv hkbzh7o3 jwdofwj8 n8tt0mok r8blr3vg hyh9befq\">\n<div class=\"do00u71z l9j0dhe7 k4urcfbm\">\n<div class=\"page-title-head hgroup\">\n<div class=\"page-title-head hgroup\">\n<div class=\"page-title-head hgroup\">\n<div class=\"page-title-head hgroup\">\n<div class=\"b654a4as d2edcug0\">\n<div class=\"page-title-head hgroup\">\n<div class=\"page-title-head hgroup\">\n<div class=\"page-title-head hgroup\">\n<div class=\"page-title-head hgroup\">\n<div class=\"b654a4as d2edcug0\">\n<div class=\"page-title-head hgroup\">\n<div class=\"page-title-head hgroup\">\n<div class=\"page-title-head hgroup\">\n<div class=\"page-title-head hgroup\">\n<div class=\"page-title-head hgroup\">\n<div class=\"page-title-head hgroup\">\n<div class=\"page-title-head hgroup\">\n<div class=\"page-title-head hgroup\">\n<div class=\"page-title-head hgroup\">\n<div class=\"b654a4as d2edcug0\">\n<div class=\"page-title-head hgroup\">\n<div class=\"page-title-head hgroup\">\n<div class=\"page-title-head hgroup\">\n<div class=\"page-title-head hgroup\">\n<div class=\"b654a4as d2edcug0\">\n<div class=\"page-title-head hgroup\">\n<div class=\"page-title-head hgroup\">\n<div class=\"page-title-head hgroup\">\n<div class=\"page-title-head hgroup\">\n<div class=\"page-title-head hgroup\">\n<div class=\"mkdf-post-text\">\n<div class=\"mkdf-post-text-inner\">\n<div class=\"mkdf-post-text-main\">\n<div class=\"mkdf-post-text\">\n<div class=\"mkdf-post-text-inner\">\n<div class=\"mkdf-post-text-main\">\n<div class=\"mkdf-post-text\">\n<div class=\"mkdf-post-text-inner\">\n<div class=\"mkdf-post-text-main\">\n<div class=\"page-title-head hgroup\">\n<div class=\"page-title-head hgroup\">\n<div class=\"mkdf-post-text\">\n<div class=\"mkdf-post-text-inner\">\n<div class=\"mkdf-post-text-main\">\n<div class=\"mkdf-post-text\">\n<div class=\"mkdf-post-text-inner\">\n<div class=\"mkdf-post-text-main\">\n<div class=\"page-title-head hgroup\">\n<div class=\"page-title-head hgroup\">\n<div class=\"page-title-head hgroup\">\n<div class=\"page-title-head hgroup\">\n<div class=\"b654a4as d2edcug0\">\n<div class=\"page-title-head hgroup\">\n<div class=\"page-title-head hgroup\">\n<div class=\"page-title-head hgroup\">\n<div class=\"page-title-head hgroup\">\n<div class=\"b654a4as d2edcug0\">\n<div class=\"page-title-head hgroup\">\n<div class=\"page-title-head hgroup\">\n<div class=\"page-title-head hgroup\">\n<div class=\"page-title-head hgroup\">\n<div class=\"b654a4as d2edcug0\">\n<h2><span style=\"color: #800080;\">I RACCONTI DI PAOLO SOPPELSA\u00a0<\/span><\/h2>\n<p><strong>COSTOIA<\/strong><\/p>\n<p><em><strong>AUDIO<\/strong><\/em><\/p>\n<audio class=\"wp-audio-shortcode\" id=\"audio-277107-17\" preload=\"none\" style=\"width: 100%;\" controls=\"controls\"><source type=\"audio\/mpeg\" src=\"https:\/\/www.radiopiu.net\/wordpress\/wp-content\/uploads\/2022\/05\/PAOLO-SOPPELSA-COSTOIA.mp3?_=17\" \/><a href=\"https:\/\/www.radiopiu.net\/wordpress\/wp-content\/uploads\/2022\/05\/PAOLO-SOPPELSA-COSTOIA.mp3\">https:\/\/www.radiopiu.net\/wordpress\/wp-content\/uploads\/2022\/05\/PAOLO-SOPPELSA-COSTOIA.mp3<\/a><\/audio>\n<p>&nbsp;<\/p>\n<p><a class=\"dt-pswp-item\" href=\"https:\/\/www.radiopiu.net\/wordpress\/wp-content\/uploads\/2022\/05\/ea43861d-9228-4a08-a73e-1222d0fbaeba.jpg\" data-dt-img-description=\"\" data-large_image_width=\"1600\" data-large_image_height=\"1200\"><img loading=\"lazy\" decoding=\"async\" class=\"size-thumbnail wp-image-276961 alignleft\" src=\"https:\/\/www.radiopiu.net\/wordpress\/wp-content\/uploads\/2022\/05\/ea43861d-9228-4a08-a73e-1222d0fbaeba-150x150.jpg\" alt=\"\" width=\"150\" height=\"150\" \/><\/a>Lass\u00f9, di fronte alla parete nord del Civetta, esiste e resiste un mondo ricco di quiete e storie che conosco appena. Una piccola piazza con una fontana, le case e i tabi\u00e0 e pi\u00f9 sotto quei prati che un tempo erano campi baciati dal sole. Radici materne mi legano a questo borgo situato a 1276 metri di quota, abbarbicato su di un ripido costone del Sasso Bianco, da dove si pu\u00f2 ammirare l&#8217;intero Pelsa e il parcheggiare la macchina \u00e8 questione di centimetri. La mia prima volta a Costoia di San Tomaso potrebbe risalire alla primavera del 1986; ci arrivai a bordo di una Cinquecento nera ed era di marzo, un pomeriggio di nuvole e vento e neve che si scioglieva sui prati. Fu per un funerale, e il morto per me era solamente un nome che qualche volta avevo sentito citare in casa. Ignoravo il suo volto e non conoscevo nemmeno Costoia. Ricordo il silenzio e i numerosi tornanti che conducono alla seconda frazione pi\u00f9 alta del comune; dove nacque mia madre in un lontano secondo giorno di maggio che nevicava. Non \u00e8 luogo di passaggio Costoia, \u00e8 invece approdo, \u00e8 la localit\u00e0 dove termina la strada comunale ed hanno inizio i sentieri che conducono &#8220;su la Mont&#8221;, dove sorgono gli antichi fienili e dove le donne e gli uomini di un tempo falciavano quell&#8217;erba di alta quota. Se mi capita di recarmi a visitarla Costoia, \u00e8 perch\u00e9 mi ha chiamato; non accade spesso, ma talvolta succede e sono le radici a chiamare: parole sussurrate, voci di antenati che un tempo vivevano all&#8217;ombra del Sass Bianc. Ricordo in particolare una volta d&#8217;estate e in qualche altra occasione, soprattutto negli ultimi anni, a fine inverno. Ogni volta mi sono fermato per parecchio tempo ad ammirare la grande cattedrale di roccia che avevo di fronte, pensando nel frattempo ai miei avi materni che vivevano la loro esistenza in questo villaggio dove il sole al mattino arriva presto. Alle loro vite dure, ricche di fatiche sui campi in pendenza. Alle loro storie di emigrazione all\u2019estero. Chiss\u00e0 se nei periodi di lontananza, chiudendo gli occhi, vedevano le pareti del Pelsa e del Civetta, se durante il loro sognare sentivano lo scorrere dell\u2019acqua nella fontana della piazzetta e i rintocchi delle campane della chiesa di Celat; immagino di si. L&#8217;ultima volta \u00e8 stato d&#8217;autunno, ai primi di ottobre. Cercavo le suggestioni della notte ed il bramito dei cervi. Ho parcheggiato poco dopo il ponte, poi ho proseguito a piedi guidato dalla luce della torcia. Dalla piccola piazza proveniva la dolce musica d&#8217;acqua della &#8220;brenta&#8221; e una mezzaluna perfetta passeggiava sopra la cime dello Spiz de Medod\u00ec; i bramiti giungevano potenti dai prati sotto il borgo e non c&#8217;era nessuno in giro, solamente io con la mia pila, che mi aggiravo fra le case come un ladro; un ladro di storie e stelle, che vagava alla ricerca delle proprie radici nel villaggio che al mattino vede sorgere il sole sopra il Pelsa.<\/p>\n<p><strong>LA RACCOLTA COMPLETA<\/strong><\/p>\n<blockquote class=\"wp-embedded-content\" data-secret=\"QSA0MOT4Ar\"><p><a href=\"https:\/\/www.radiopiu.net\/wordpress\/i-racconti-di-paolo-soppelsa\/\">I racconti di Paolo Soppelsa<\/a><\/p><\/blockquote>\n<p><iframe loading=\"lazy\" class=\"wp-embedded-content\" sandbox=\"allow-scripts\" security=\"restricted\" style=\"position: absolute; clip: rect(1px, 1px, 1px, 1px);\" title=\"&#8220;I racconti di Paolo Soppelsa&#8221; &#8212; Radio Pi\u00f9\" src=\"https:\/\/www.radiopiu.net\/wordpress\/i-racconti-di-paolo-soppelsa\/embed\/#?secret=59pGRy5HW7#?secret=QSA0MOT4Ar\" data-secret=\"QSA0MOT4Ar\" width=\"600\" height=\"338\" frameborder=\"0\" marginwidth=\"0\" marginheight=\"0\" scrolling=\"no\"><\/iframe><\/p>\n<p>&nbsp;<\/p>\n<hr \/>\n<p>&nbsp;<\/p>\n<\/div>\n<\/div>\n<\/div>\n<\/div>\n<\/div>\n<\/div>\n<\/div>\n<\/div>\n<\/div>\n<\/div>\n<\/div>\n<\/div>\n<\/div>\n<\/div>\n<\/div>\n<\/div>\n<\/div>\n<\/div>\n<\/div>\n<\/div>\n<\/div>\n<\/div>\n<\/div>\n<\/div>\n<\/div>\n<\/div>\n<\/div>\n<\/div>\n<\/div>\n<\/div>\n<\/div>\n<\/div>\n<\/div>\n<\/div>\n<\/div>\n<\/div>\n<\/div>\n<\/div>\n<\/div>\n<\/div>\n<\/div>\n<\/div>\n<\/div>\n<\/div>\n<\/div>\n<\/div>\n<\/div>\n<\/div>\n<\/div>\n<\/div>\n<\/div>\n<\/div>\n<\/div>\n<\/div>\n<\/div>\n<\/div>\n<\/div>\n<\/div>\n<\/div>\n<\/div>\n<\/div>\n<\/div>\n<\/div>\n<\/div>\n<\/div>\n<\/div>\n<\/div>\n<\/div>\n<\/div>\n<\/div>\n<\/div>\n<\/div>\n<\/div>\n<\/div>\n<\/div>\n<\/div>\n<\/div>\n<\/div>\n<\/div>\n<\/div>\n<\/div>\n<\/div>\n<\/div>\n<\/div>\n<\/div>\n<\/div>\n<\/div>\n<\/div>\n<\/div>\n<\/div>\n<\/div>\n<\/div>\n<\/div>\n<\/div>\n<\/div>\n<\/div>\n<\/div>\n<\/div>\n<\/div>\n<\/div>\n<\/div>\n<\/div>\n<\/div>\n<\/div>\n<\/div>\n<\/div>\n<\/div>\n<\/div>\n<\/div>\n<\/div>\n<\/div>\n<div class=\"b654a4as d2edcug0\">\n<div class=\"ecm0bbzt e5nlhep0 a8c37x1j\">\n<div class=\"kvgmc6g5 cxmmr5t8 oygrvhab hcukyx3x c1et5uql\">\n<div class=\"gmail-kvgmc6g5 gmail-cxmmr5t8 gmail-oygrvhab gmail-hcukyx3x gmail-c1et5uql gmail-ii04i59q\">\n<div>\n<div class=\"page-title-head hgroup\">\n<div class=\"page-title-head hgroup\">\n<div class=\"b654a4as d2edcug0\">\n<div class=\"j83agx80 btwxx1t3 lhclo0ds hop8lmos nkwizq5d scwd0bx6 roh60bw9\">\n<div class=\"rq0escxv hkbzh7o3 jwdofwj8 n8tt0mok r8blr3vg hyh9befq\">\n<div class=\"do00u71z l9j0dhe7 k4urcfbm\">\n<div>\n<div class=\"page-title-head hgroup\">\n<div class=\"page-title-head hgroup\">\n<div class=\"page-title-head hgroup\">\n<div class=\"page-title-head hgroup\">\n<div class=\"b654a4as d2edcug0\">\n<div class=\"page-title-head hgroup\">\n<div class=\"page-title-head hgroup\">\n<div class=\"page-title-head hgroup\">\n<div class=\"page-title-head hgroup\">\n<div class=\"b654a4as d2edcug0\">\n<div class=\"page-title-head hgroup\">\n<div class=\"page-title-head hgroup\">\n<div class=\"page-title-head hgroup\">\n<div class=\"page-title-head hgroup\">\n<div class=\"page-title-head hgroup\">\n<div class=\"mkdf-post-text\">\n<div class=\"mkdf-post-text-inner\">\n<div class=\"mkdf-post-text-main\">\n<div class=\"mkdf-post-text\">\n<div class=\"mkdf-post-text-inner\">\n<div class=\"mkdf-post-text-main\">\n<div class=\"mkdf-post-text\">\n<div class=\"mkdf-post-text-inner\">\n<div class=\"mkdf-post-text-main\">\n<div class=\"page-title-head hgroup\">\n<div class=\"page-title-head hgroup\">\n<div class=\"mkdf-post-text\">\n<div class=\"mkdf-post-text-inner\">\n<div class=\"mkdf-post-text-main\">\n<div class=\"mkdf-post-text\">\n<div class=\"mkdf-post-text-inner\">\n<div class=\"mkdf-post-text-main\">\n<div>\n<div class=\"page-title-head hgroup\">\n<div class=\"page-title-head hgroup\">\n<div>\n<div class=\"page-title-head hgroup\">\n<div class=\"page-title-head hgroup\">\n<div class=\"b654a4as d2edcug0\">\n<div>\n<div class=\"page-title-head hgroup\" style=\"text-align: left;\">\n<div class=\"page-title-head hgroup\">\n<div dir=\"auto\">\n<p><a class=\"dt-pswp-item pspw-wrap-ready\" href=\"https:\/\/i0.wp.com\/www.radiopiu.net\/wordpress\/wp-content\/uploads\/2018\/09\/WhatsApp-Image-2018-09-20-at-16.04.06.jpeg?ssl=1\" data-dt-img-description=\"\" data-large_image_width=\"800\" data-large_image_height=\"100\"><img loading=\"lazy\" decoding=\"async\" class=\"aligncenter wp-image-61378 size-full jetpack-lazy-image jetpack-lazy-image--handled\" src=\"https:\/\/i0.wp.com\/www.radiopiu.net\/wordpress\/wp-content\/uploads\/2018\/09\/WhatsApp-Image-2018-09-20-at-16.04.06.jpeg?resize=800%2C100&amp;ssl=1\" sizes=\"auto, (max-width: 800px) 100vw, 800px\" srcset=\"https:\/\/i0.wp.com\/www.radiopiu.net\/wordpress\/wp-content\/uploads\/2018\/09\/WhatsApp-Image-2018-09-20-at-16.04.06.jpeg?w=800&amp;ssl=1 800w, https:\/\/i0.wp.com\/www.radiopiu.net\/wordpress\/wp-content\/uploads\/2018\/09\/WhatsApp-Image-2018-09-20-at-16.04.06.jpeg?resize=300%2C38&amp;ssl=1 300w, https:\/\/i0.wp.com\/www.radiopiu.net\/wordpress\/wp-content\/uploads\/2018\/09\/WhatsApp-Image-2018-09-20-at-16.04.06.jpeg?resize=768%2C96&amp;ssl=1 768w\" alt=\"\" width=\"800\" height=\"100\" data-lazy-loaded=\"1\" \/><\/a><\/p>\n<\/div>\n<\/div>\n<\/div>\n<\/div>\n<\/div>\n<\/div>\n<\/div>\n<\/div>\n<\/div>\n<\/div>\n<\/div>\n<\/div>\n<\/div>\n<\/div>\n<\/div>\n<\/div>\n<\/div>\n<\/div>\n<\/div>\n<\/div>\n<\/div>\n<\/div>\n<\/div>\n<\/div>\n<\/div>\n<\/div>\n<\/div>\n<\/div>\n<\/div>\n<\/div>\n<\/div>\n<\/div>\n<\/div>\n<\/div>\n<\/div>\n<\/div>\n<\/div>\n<\/div>\n<\/div>\n<\/div>\n<\/div>\n<\/div>\n<\/div>\n<\/div>\n<\/div>\n<\/div>\n<\/div>\n<\/div>\n<\/div>\n<\/div>\n<\/div>\n<\/div>\n<\/div>\n<\/div>\n<\/div>\n<\/div>\n<\/div>\n<\/div>\n<\/div>\n<\/div>\n<\/div>\n<\/div>\n<\/div>\n<\/div>\n<\/div>\n<\/div>\n<\/div>\n<\/div>\n<\/div>\n<\/div>\n<\/div>\n<\/div>\n<\/div>\n<\/div>\n<\/div>\n<\/div>\n<\/div>\n<\/div>\n<\/div>\n<\/div>\n<\/div>\n<\/div>\n<\/div>\n<\/div>\n<\/div>\n<\/div>\n<\/div>\n<\/div>\n<\/div>\n<\/div>\n<\/div>\n<\/div>\n<\/div>\n<\/div>\n<\/div>\n<\/div>\n<\/div>\n<\/div>\n<\/div>\n<\/div>\n<\/div>\n<\/div>\n<\/div>\n<\/div>\n<\/div>\n<\/div>\n<\/div>\n<\/div>\n<\/div>\n<\/div>\n<\/div>\n<\/div>\n<\/div>\n<\/div>\n<\/div>\n<\/div>\n<\/div>\n<\/div>\n<\/div>\n<\/div>\n<\/div>\n<\/div>\n<\/div>\n<\/div>\n<\/div>\n<\/div>\n<\/div>\n<\/div>\n<\/div>\n<\/div>\n<\/div>\n<\/div>\n<\/div>\n<\/div>\n<\/div>\n<\/div>\n<\/div>\n<\/div>\n<\/div>\n<\/div>\n<\/div>\n<\/div>\n<\/div>\n<\/div>\n<\/div>\n<\/div>\n<\/div>\n<\/div>\n<\/div>\n<\/div>\n<\/div>\n<\/div>\n<\/div>\n<\/div>\n<\/div>\n<\/div>\n<\/div>\n<\/div>\n<\/div>\n<\/div>\n<\/div>\n<\/div>\n<\/div>\n<\/div>\n<\/div>\n<\/div>\n<\/div>\n<\/div>\n<\/div>\n<\/div>\n<\/div>\n<\/div>\n<\/div>\n<\/div>\n<\/div>\n<\/div>\n<\/div>\n<\/div>\n<\/div>\n<\/div>\n<\/div>\n<\/div>\n<\/div>\n<\/div>\n<\/div>\n<\/div>\n<\/div>\n<\/div>\n<\/div>\n<\/div>\n<\/div>\n<\/div>\n<\/div>\n<\/div>\n<\/div>\n<\/div>\n<\/div>\n<\/div>\n<\/div>\n<\/div>\n<\/div>\n<\/div>\n<\/div>\n<\/div>\n<\/div>\n<\/div>\n<\/div>\n<\/div>\n<\/div>\n<\/div>\n<\/div>\n<\/div>\n<\/div>\n<\/div>\n<\/div>\n<\/div>\n<\/div>\n<\/div>\n<\/div>\n<\/div>\n<\/div>\n<\/div>\n<\/div>\n<\/div>\n<\/div>\n<\/div>\n<\/div>\n<\/div>\n<\/div>\n<\/div>\n<p>&nbsp;<\/p>\n<p><center><b>Martedi 24<\/b><\/center><b>Tempo atteso: <\/b>Tempo in parte soleggiato con tratti di sereno e annuvolamenti irregolari al mattino. Dalle ore centrali in poi crescente nuvolosit\u00e0, anche cumuliforme, per addensamenti intensi associati a fenomeni d&#8217;instabilit\u00e0 fino alla sera. L&#8217;andamento termico sar\u00e0 variabile e strettamente legato all&#8217;entit\u00e0 dell&#8217;instabilit\u00e0 di ogni singolo luogo.<br \/>\n<b>Precipitazioni: <\/b>Al mattino assenti (0%); al pomeriggio aumento della probabilit\u00e0 per rovesci e temporali (70-90%), in alcuni casi grandinigeni. Gli apporti saranno complessivamente maggiori rispetto a luned\u00ec.<br \/>\n<b>Temperature: <\/b>In lieve o localmente contenuta diminuzione. Su Prealpi a 1500 m min 11\u00b0C max 14\u00b0C, a 2000 m min 9\u00b0C max 11\u00b0C. Su Dolomiti a 2000 m min 8\u00b0C max 11\u00b0C, a 3000 m min 2\u00b0C max 3\u00b0C.<br \/>\n<b>Venti: <\/b>Nelle valli perlopi\u00f9 deboli per brezze, a tratti e localmente moderati, senza dimenticare il rischio di improvvise forti raffiche in caso di temporale; in quota perlopi\u00f9 moderati\/tesi da sud-ovest, a 10-20 km\/h a 2000 m e 30-40 km\/h a 3000 m.<\/p>\n<hr \/>\n<p><center><b>Mercoledi 25<\/b><\/center><b>Tempo atteso: <\/b>Al mattino nuvolosit\u00e0 irregolare e brevi schiarite, pi\u00f9 probabili sulla fascia prealpina e sulle Dolomiti meridionali. Con il passare delle ore crescente nuvolosit\u00e0 cumuliforme associata a frequenti e ripetute precipitazioni. L&#8217;instabilit\u00e0 non toccher\u00e0 tutti i settori allo stesso modo e su alcune zone la situazione andr\u00e0 un po&#8217; meglio rispetto allo scenario previsto. Far\u00e0 un po&#8217; pi\u00f9 fresco.<br \/>\n<b>Precipitazioni: <\/b>Al mattino non escluso qualche piovasco o rovescio (30-40%). Al pomeriggio crescente probabilit\u00e0 di rovesci, anche a carattere di temporale (70-90%). La neve scender\u00e0 sulle cime pi\u00f9 alte delle Dolomiti (3100 m).<br \/>\n<b>Temperature: <\/b>In ulteriore lieve o localmente diminuzione. Su Prealpi a 1500 m min 10\u00b0C max 13\u00b0C, a 2000 m min 8\u00b0C max 9\u00b0C. Su Dolomiti a 2000 m min 7\u00b0C ma x9\u00b0C, a 3000 m min 1\u00b0C max 2\u00b0C.<br \/>\n<b>Venti: <\/b>Nelle valli deboli di direzione variabile, con qualche lieve rinforzo per richiamo sciroccale nei bassi strati; in quota moderati\/tesi da sud sud-ovest, a 10-20 km\/h a 2000 m e 25-40 km\/h a 3000 m.<\/p>\n<hr \/>\n<p><center><b>Giovedi 26<\/b><\/center>Al mattino tratti soleggiati e annuvolamenti irregolari. Dalla tarda mattinata in poi forte riduzione del soleggiamento per attivit\u00e0 cumuliforme, a tratti intensa e associata a rovesci parsi, anche temporaleschi qualora il sole del mattino fosse sufficiente per forti inneschi convettivi. Alla sera attenuazione della nuvolosit\u00e0 e dei fenomeni. Temperature minime in lieve diminuzione e massime in ripresa. Venti deboli\/moderati da sud-ovest in quota; ritorno delle brezze termodinamiche nelle valli, spesso deboli e solo localmente moderate.<\/p>\n<hr \/>\n<p><center><b>Venerdi 27<\/b><\/center>Al mattino sole con cielo sereno o poco nuvoloso per primi modesti annuvolamenti. Al pomeriggio crescente attivit\u00e0 cumuliforme associata a qualche rovescio o temporale, maggiori saranno stati i tratti soleggiati del mattino \u00e8 maggiore sar\u00e0 l&#8217;instabilit\u00e0 convettiva, specie sulle Prealpi, mentre la situazione potrebbe essere leggermente migliore sulle Dolomiti. Temperature minime senza notevoli variazioni e massime in lieve aumento. Venti perlopi\u00f9 deboli a regime di brezza nelle valli, localmente e a tratti moderati, senza dimenticare eventuali improvvise raffiche temporalesche; in quota deboli da nord-ovest. Previsore: R.L.Th.<\/p>\n<p>&nbsp;<\/p>\n<hr \/>\n<p>&nbsp;<\/p>\n<p>&nbsp;<\/p>\n<p><a href=\"https:\/\/www.radiopiu.net\/wordpress\/giornale-radiopiu-26-settembre-2018-direttore-mirko-mezzacasa\/viabilita-2\/\" rel=\"attachment wp-att-61954\"><img loading=\"lazy\" decoding=\"async\" class=\"aligncenter wp-image-61954 size-full\" src=\"https:\/\/www.radiopiu.net\/wordpress\/wp-content\/uploads\/2018\/09\/viabilita.jpeg\" sizes=\"auto, (max-width: 800px) 100vw, 800px\" srcset=\"https:\/\/www.radiopiu.net\/wordpress\/wp-content\/uploads\/2018\/09\/viabilita.jpeg 800w, https:\/\/www.radiopiu.net\/wordpress\/wp-content\/uploads\/2018\/09\/viabilita-300x38.jpeg 300w, https:\/\/www.radiopiu.net\/wordpress\/wp-content\/uploads\/2018\/09\/viabilita-768x96.jpeg 768w\" alt=\"\" width=\"800\" height=\"100\" \/><\/a><\/p>\n<p>&nbsp;<\/p>\n<blockquote class=\"wp-embedded-content\" data-secret=\"Zi0v2iooUn\"><p><a href=\"https:\/\/www.radiopiu.net\/wordpress\/viabilita\/\">viabilita<\/a><\/p><\/blockquote>\n<p><iframe loading=\"lazy\" class=\"wp-embedded-content\" sandbox=\"allow-scripts\" security=\"restricted\" style=\"position: absolute; clip: rect(1px, 1px, 1px, 1px);\" title=\"&#8220;viabilita&#8221; &#8212; Radio Pi\u00f9\" src=\"https:\/\/www.radiopiu.net\/wordpress\/viabilita\/embed\/#?secret=jWITa9nT6H#?secret=Zi0v2iooUn\" data-secret=\"Zi0v2iooUn\" width=\"600\" height=\"338\" frameborder=\"0\" marginwidth=\"0\" marginheight=\"0\" scrolling=\"no\"><\/iframe><\/p>\n<p>&nbsp;<\/p>\n<hr \/>\n<p>&nbsp;<\/p>\n<p>&nbsp;<\/p>\n<p><img loading=\"lazy\" decoding=\"async\" class=\"wp-image-60761 size-full aligncenter\" src=\"https:\/\/www.radiopiu.net\/wordpress\/wp-content\/uploads\/2018\/09\/sport.jpg\" alt=\"\" width=\"800\" height=\"100\" srcset=\"https:\/\/www.radiopiu.net\/wordpress\/wp-content\/uploads\/2018\/09\/sport.jpg 800w, https:\/\/www.radiopiu.net\/wordpress\/wp-content\/uploads\/2018\/09\/sport-300x38.jpg 300w, https:\/\/www.radiopiu.net\/wordpress\/wp-content\/uploads\/2018\/09\/sport-768x96.jpg 768w\" sizes=\"auto, (max-width: 800px) 100vw, 800px\" \/><\/p>\n<p>&nbsp;<\/p>\n<p><span style=\"color: #0000ff;\"><strong>NUOTO<\/strong><\/span><\/p>\n<blockquote>\n<h3>MASTER: SECONDO POSTO PER LA SPORTIVAMENTE BELLUNO AL TROFEO ANDREA BETTIOL<\/h3>\n<\/blockquote>\n<p><strong><a class=\"dt-pswp-item\" href=\"https:\/\/www.radiopiu.net\/wordpress\/wp-content\/uploads\/2022\/05\/Master_Sportivamente_Belluno.jpg\" data-dt-img-description=\"\" data-large_image_width=\"640\" data-large_image_height=\"480\"><img loading=\"lazy\" decoding=\"async\" class=\"size-thumbnail wp-image-277194 alignleft\" src=\"https:\/\/www.radiopiu.net\/wordpress\/wp-content\/uploads\/2022\/05\/Master_Sportivamente_Belluno-150x150.jpg\" alt=\"\" width=\"150\" height=\"150\" \/><\/a>BELLUNO<\/strong> I Master della Sportivamente Belluno danno spettacolo nella piscina comunale di Treviso, in occasione del 22. Trofeo Andrea Bettiol. Era la prima manifestazione in vasca lunga all\u2019aperto del Grand Prix Veneto: 92 le squadre al via, provenienti da molte parti d\u2019Italia per un totale di circa 800 atleti. Nonostante l\u2019ampia concorrenza, i bellunesi (presenti con 18 atleti e nonostante alcune assenze importanti) sono riusciti a piazzarsi al secondo posto nella classifica a fasce, dietro solo ai padroni di casa della Natatorium Treviso. Tra i risultati individuali, spiccano i primi posti di Graziano Padovan, nei 200 e nei 100 rana, e di Laura Etzi, nei 200 rana (oltre al terzo nei 50 stile). Seconda piazza, invece, per Angelo Dioguardi nei 200 rana e terza nei 50 rana. Belle prestazioni anche di Giulia Bortot, nei 100 stile, e di Giorgia Bianchin, negli 800 stile: entrambe seconde. A proposito di 800 stile, Matteo Sogne e\u0300 terzo, come terza &#8211; nei 50 dorso e 50 stile &#8211; e\u0300 Daniela Piermarini. Di rilievo pure i secondi posti di Marta Rossa nei 50 delfino e Roberto Zannoni nei 50 rana, oltre alla quarta posizione di Armando Merluzzi, al suo ritorno alle gare e per la prima volta con la Sportivamente Belluno. Nei 200 stile, applausi per Tommaso Donatucci, Giuseppe Ruscigno e Franz Bossems, mentre Ivan Dal Mas, al suo esordio, si e\u0300 ben difeso nei 50 rana e 50 stile. Soddisfatto il tecnico Maria Elena Canova che ora guarda con ottimismo all\u2019ultima tappa del Grand Prix Veneto, in programma a Caldiero (Verona) sabato 28 maggio. E ai prossimi importanti appuntamenti agonistici: i Campionati italiani di Riccione e, per qualcuno, gli Europei di Roma, nel mese di settembre.<\/p>\n<p>&nbsp;<\/p>\n<p><span style=\"color: #0000ff;\"><strong>HOCKEY GHIACCIO\u00a0<\/strong><\/span><\/p>\n<table width=\"100%\">\n<tbody>\n<tr>\n<td>\n<table width=\"100%\">\n<tbody>\n<tr>\n<td>\n<table width=\"100%\">\n<tbody>\n<tr>\n<td>\n<h2>MONDIALI 2022<\/h2>\n<p>Niente miracoli a Helsinki, vince il Kazakistan 5-2, l&#8217;Italia in prima divisione ma senza intenzione di rimanerci<\/td>\n<\/tr>\n<\/tbody>\n<\/table>\n<\/td>\n<\/tr>\n<\/tbody>\n<\/table>\n<\/td>\n<\/tr>\n<tr>\n<td>\n<table width=\"100%\">\n<tbody>\n<tr>\n<td>\n<table width=\"100%\">\n<tbody>\n<tr>\n<td>\n<h3><strong><a class=\"dt-pswp-item\" href=\"https:\/\/www.radiopiu.net\/wordpress\/wp-content\/uploads\/2022\/05\/2d4b00ad-1fdd-771e-7679-12e6103ef57c-scaled.jpg\" data-dt-img-description=\"\" data-large_image_width=\"2560\" data-large_image_height=\"1707\"><img loading=\"lazy\" decoding=\"async\" class=\"size-thumbnail wp-image-277328 alignleft\" src=\"https:\/\/www.radiopiu.net\/wordpress\/wp-content\/uploads\/2022\/05\/2d4b00ad-1fdd-771e-7679-12e6103ef57c-150x150.jpg\" alt=\"\" width=\"150\" height=\"150\" \/><\/a>Finisce con la retrocessione in prima divisione il Mondiale dell&#8217;Italia.\u00a0<\/strong>Il Kazakistan non sbaglia quasi niente e sfrutta tutto quello che ha a favore. Finisce 5-2, una sconfitta dolorosa per molti.\u00a0<strong>\u00a0<\/strong><\/h3>\n<\/td>\n<\/tr>\n<\/tbody>\n<\/table>\n<\/td>\n<\/tr>\n<\/tbody>\n<\/table>\n<table width=\"100%\">\n<tbody>\n<tr>\n<td>\n<table width=\"100%\">\n<tbody>\n<tr>\n<td>\n<h4><strong>Helsinki<\/strong> &#8211; l&#8217;Italia da tutto ma quel tutto <strong>oggi non basta<\/strong>. Il Kazakistan \u00e8 <strong>troppo forte<\/strong> e sfrutta tutte le occasioni che ha per vincere 5-2. L&#8217;anno prossimo sar\u00e0 di nuovo <strong>prima divisione<\/strong> dove gli azzurri mancano dal 2018 ma a fine partita <strong>Daniel Frank<\/strong> rassicura gi\u00e0 tutti: torniamo su presto e non andiamo via.<\/h4>\n<\/td>\n<\/tr>\n<\/tbody>\n<\/table>\n<\/td>\n<\/tr>\n<\/tbody>\n<\/table>\n<\/td>\n<\/tr>\n<\/tbody>\n<\/table>\n<p>&nbsp;<\/p>\n<p>&nbsp;<\/p>\n<\/div>\n<\/div>\n<\/div>\n<\/div>\n<\/div>\n<\/div>\n<\/div>\n<\/div>\n<\/div>\n<\/div>\n<\/div>\n<\/div>\n<\/div>\n<\/div>\n<\/div>\n<\/div>\n<\/div>\n<\/div>\n<\/div>\n<\/div>\n<\/div>\n<\/div>\n<\/div>\n<\/div>\n<\/div>\n<\/div>\n<\/div>\n<\/div>\n<\/div>\n<\/div>\n<\/div>\n<\/div>\n<\/div>\n<\/div>\n<\/div>\n<\/div>\n<\/div>\n<\/div>\n<\/div>\n<\/div>\n<\/div>\n<\/div>\n<\/div>\n<\/div>\n<\/div>\n<\/div>\n<\/div>\n<\/div>\n<\/div>\n<\/div>\n<\/div>\n<\/div>\n<\/div>\n<\/div>\n<\/div>\n<\/div>\n<\/div>\n<\/div>\n<\/div>\n<\/div>\n<\/div>\n<\/div>\n<\/div>\n<\/div>\n<\/div>\n<\/div>\n<\/div>\n<\/div>\n<\/div>\n<\/div>\n<\/div>\n<\/div>\n<\/div>\n<\/div>\n<\/div>\n<\/div>\n<\/div>\n<\/div>\n<\/div>\n<\/div>\n<\/div>\n<\/div>\n<\/div>\n<\/div>\n<\/div>\n<\/div>\n<\/div>\n<\/div>\n<\/div>\n<\/div>\n<\/div>\n<\/div>\n<\/div>\n<\/div>\n<\/div>\n<\/div>\n<\/div>\n<\/div>\n<\/div>\n<\/div>\n<\/div>\n<\/div>\n<\/div>\n<\/div>\n<\/div>\n","protected":false},"excerpt":{"rendered":"<p>RADIO PIU INFORMAZIONE il canale su TELEGRAM informazione di prima\u00a0 mano e in tempo reale. iscriviti ed aiutaci a farlo conoscere\u00a0\u00a0 &nbsp; 28 MAGGIO &#8211; PASSAGGIO GIRO D\u2019ITALIA: SOSPESI PUNTI TAMPONI DI AGORDO E TAI DI CADORE Il relazione alla tappa bellunese del Giro d\u2019Italia, SABATO 28 maggio 2022 saranno sospesi i Covid Point di&hellip;<\/p>\n","protected":false},"author":4,"featured_media":277230,"comment_status":"closed","ping_status":"closed","sticky":false,"template":"","format":"standard","meta":{"_monsterinsights_skip_tracking":false,"_monsterinsights_sitenote_active":false,"_monsterinsights_sitenote_note":"","_monsterinsights_sitenote_category":0,"footnotes":""},"categories":[51,86,49],"tags":[],"class_list":["post-277107","post","type-post","status-publish","format-standard","has-post-thumbnail","hentry","category-evidenza-top","category-gr","category-news-18","category-51","category-86","category-49","description-off"],"img_url":"https:\/\/www.radiopiu.net\/wordpress\/wp-content\/uploads\/2022\/05\/0cf0431a-aee7-4e2e-8f2a-9156376cf164.jpg","_links":{"self":[{"href":"https:\/\/www.radiopiu.net\/wordpress\/wp-json\/wp\/v2\/posts\/277107","targetHints":{"allow":["GET"]}}],"collection":[{"href":"https:\/\/www.radiopiu.net\/wordpress\/wp-json\/wp\/v2\/posts"}],"about":[{"href":"https:\/\/www.radiopiu.net\/wordpress\/wp-json\/wp\/v2\/types\/post"}],"author":[{"embeddable":true,"href":"https:\/\/www.radiopiu.net\/wordpress\/wp-json\/wp\/v2\/users\/4"}],"replies":[{"embeddable":true,"href":"https:\/\/www.radiopiu.net\/wordpress\/wp-json\/wp\/v2\/comments?post=277107"}],"version-history":[{"count":0,"href":"https:\/\/www.radiopiu.net\/wordpress\/wp-json\/wp\/v2\/posts\/277107\/revisions"}],"wp:featuredmedia":[{"embeddable":true,"href":"https:\/\/www.radiopiu.net\/wordpress\/wp-json\/wp\/v2\/media\/277230"}],"wp:attachment":[{"href":"https:\/\/www.radiopiu.net\/wordpress\/wp-json\/wp\/v2\/media?parent=277107"}],"wp:term":[{"taxonomy":"category","embeddable":true,"href":"https:\/\/www.radiopiu.net\/wordpress\/wp-json\/wp\/v2\/categories?post=277107"},{"taxonomy":"post_tag","embeddable":true,"href":"https:\/\/www.radiopiu.net\/wordpress\/wp-json\/wp\/v2\/tags?post=277107"}],"curies":[{"name":"wp","href":"https:\/\/api.w.org\/{rel}","templated":true}]}}