{"id":277118,"date":"2022-05-22T22:56:05","date_gmt":"2022-05-22T20:56:05","guid":{"rendered":"https:\/\/www.radiopiu.net\/wordpress\/?p=277118"},"modified":"2022-05-23T06:07:54","modified_gmt":"2022-05-23T04:07:54","slug":"ada-a-pordenone-solo-applausi-e-premi","status":"publish","type":"post","link":"https:\/\/www.radiopiu.net\/wordpress\/ada-a-pordenone-solo-applausi-e-premi\/","title":{"rendered":"ADA A PORDENONE: SOLO APPLAUSI E PREMI"},"content":{"rendered":"<p><strong>AGORDO<\/strong>\u00a0 Gli ormai mitici &#8211; e non stiamo esagerando- dell&#8217;Associazione Danza Agordina hanno colpito ancora. Un bel botto, che riecheggia tra le montagne dell&#8217;Agordino.\u00a0 Oggi due gruppi hanno partecipato al concorso interregionale &#8221; Pordenone danza&#8221;. Primi classificati nella categoria senior contemporanea con lo stesso gruppo che aveva gi\u00e0 vinto a Bolzano e Vicenza con la coreografia firmata da Vanessa Lagan\u00e1. Buon piazzamento anche per il gruppo pi\u00f9 giovane ( modern 3 di Roberta Reolon).<\/p>\n\n\t\t\t<style type='text\/css'>\n\t\t\t\t#gallery-1 {\n\t\t\t\t\tmargin: auto;\n\t\t\t\t}\n\t\t\t\t#gallery-1 .gallery-item {\n\t\t\t\t\tfloat: left;\n\t\t\t\t\tmargin-top: 10px;\n\t\t\t\t\ttext-align: center;\n\t\t\t\t\twidth: 33%;\n\t\t\t\t}\n\t\t\t\t#gallery-1 img {\n\t\t\t\t\tborder: 2px solid #cfcfcf;\n\t\t\t\t}\n\t\t\t\t#gallery-1 .gallery-caption {\n\t\t\t\t\tmargin-left: 0;\n\t\t\t\t}\n\t\t\t\t\/* see gallery_shortcode() in wp-includes\/media.php *\/\n\t\t\t<\/style>\n\t\t<div id='gallery-1' class='dt-gallery-container gallery galleryid-277118 gallery-columns-3 gallery-size-full'><dl class='gallery-item'>\n\t\t\t\t<dt class='gallery-icon landscape'>\n\t\t\t\t\t<a class=\"rollover rollover-zoom dt-pswp-item\" title=\"02855a3e-0657-4853-9b28-ef3774f2208d\" data-dt-img-description=\"\" data-large_image_width=\"1600\" data-large_image_height=\"1200\"href='https:\/\/www.radiopiu.net\/wordpress\/wp-content\/uploads\/2022\/05\/02855a3e-0657-4853-9b28-ef3774f2208d.jpg'><img loading=\"lazy\" decoding=\"async\" width=\"1600\" height=\"1200\" src=\"https:\/\/www.radiopiu.net\/wordpress\/wp-content\/uploads\/2022\/05\/02855a3e-0657-4853-9b28-ef3774f2208d.jpg\" class=\"attachment-full size-full\" alt=\"\" srcset=\"https:\/\/www.radiopiu.net\/wordpress\/wp-content\/uploads\/2022\/05\/02855a3e-0657-4853-9b28-ef3774f2208d.jpg 1600w, https:\/\/www.radiopiu.net\/wordpress\/wp-content\/uploads\/2022\/05\/02855a3e-0657-4853-9b28-ef3774f2208d-300x225.jpg 300w, https:\/\/www.radiopiu.net\/wordpress\/wp-content\/uploads\/2022\/05\/02855a3e-0657-4853-9b28-ef3774f2208d-1024x768.jpg 1024w, https:\/\/www.radiopiu.net\/wordpress\/wp-content\/uploads\/2022\/05\/02855a3e-0657-4853-9b28-ef3774f2208d-768x576.jpg 768w, https:\/\/www.radiopiu.net\/wordpress\/wp-content\/uploads\/2022\/05\/02855a3e-0657-4853-9b28-ef3774f2208d-1536x1152.jpg 1536w\" sizes=\"auto, (max-width: 1600px) 100vw, 1600px\" \/><\/a>\n\t\t\t\t<\/dt><\/dl><dl class='gallery-item'>\n\t\t\t\t<dt class='gallery-icon portrait'>\n\t\t\t\t\t<a class=\"rollover rollover-zoom dt-pswp-item\" title=\"MODEM3\" data-dt-img-description=\"\" data-large_image_width=\"1200\" data-large_image_height=\"1600\"href='https:\/\/www.radiopiu.net\/wordpress\/wp-content\/uploads\/2022\/05\/MODEM3.jpg'><img loading=\"lazy\" decoding=\"async\" width=\"1200\" height=\"1600\" src=\"https:\/\/www.radiopiu.net\/wordpress\/wp-content\/uploads\/2022\/05\/MODEM3.jpg\" class=\"attachment-full size-full\" alt=\"\" srcset=\"https:\/\/www.radiopiu.net\/wordpress\/wp-content\/uploads\/2022\/05\/MODEM3.jpg 1200w, https:\/\/www.radiopiu.net\/wordpress\/wp-content\/uploads\/2022\/05\/MODEM3-225x300.jpg 225w, https:\/\/www.radiopiu.net\/wordpress\/wp-content\/uploads\/2022\/05\/MODEM3-768x1024.jpg 768w, https:\/\/www.radiopiu.net\/wordpress\/wp-content\/uploads\/2022\/05\/MODEM3-1152x1536.jpg 1152w\" sizes=\"auto, (max-width: 1200px) 100vw, 1200px\" \/><\/a>\n\t\t\t\t<\/dt><\/dl><dl class='gallery-item'>\n\t\t\t\t<dt class='gallery-icon landscape'>\n\t\t\t\t\t<a class=\"rollover rollover-zoom dt-pswp-item\" title=\"TUTTI\" data-dt-img-description=\"\" data-large_image_width=\"1600\" data-large_image_height=\"1200\"href='https:\/\/www.radiopiu.net\/wordpress\/wp-content\/uploads\/2022\/05\/TUTTI.jpg'><img loading=\"lazy\" decoding=\"async\" width=\"1600\" height=\"1200\" src=\"https:\/\/www.radiopiu.net\/wordpress\/wp-content\/uploads\/2022\/05\/TUTTI.jpg\" class=\"attachment-full size-full\" alt=\"\" srcset=\"https:\/\/www.radiopiu.net\/wordpress\/wp-content\/uploads\/2022\/05\/TUTTI.jpg 1600w, https:\/\/www.radiopiu.net\/wordpress\/wp-content\/uploads\/2022\/05\/TUTTI-300x225.jpg 300w, https:\/\/www.radiopiu.net\/wordpress\/wp-content\/uploads\/2022\/05\/TUTTI-1024x768.jpg 1024w, https:\/\/www.radiopiu.net\/wordpress\/wp-content\/uploads\/2022\/05\/TUTTI-768x576.jpg 768w, https:\/\/www.radiopiu.net\/wordpress\/wp-content\/uploads\/2022\/05\/TUTTI-1536x1152.jpg 1536w\" sizes=\"auto, (max-width: 1600px) 100vw, 1600px\" \/><\/a>\n\t\t\t\t<\/dt><\/dl><br style=\"clear: both\" \/>\n\t\t\t<\/div>\n\n<p>&nbsp;<\/p>\n","protected":false},"excerpt":{"rendered":"<p>AGORDO\u00a0 Gli ormai mitici &#8211; e non stiamo esagerando- dell&#8217;Associazione Danza Agordina hanno colpito ancora. Un bel botto, che riecheggia tra le montagne dell&#8217;Agordino.\u00a0 Oggi due gruppi hanno partecipato al concorso interregionale &#8221; Pordenone danza&#8221;. Primi classificati nella categoria senior contemporanea con lo stesso gruppo che aveva gi\u00e0 vinto a Bolzano e Vicenza con la&hellip;<\/p>\n","protected":false},"author":4,"featured_media":277119,"comment_status":"closed","ping_status":"closed","sticky":false,"template":"","format":"standard","meta":{"_monsterinsights_skip_tracking":false,"_monsterinsights_sitenote_active":false,"_monsterinsights_sitenote_note":"","_monsterinsights_sitenote_category":0,"footnotes":""},"categories":[104,49],"tags":[],"class_list":["post-277118","post","type-post","status-publish","format-standard","has-post-thumbnail","hentry","category-evidenza_3","category-news-18","category-104","category-49","description-off"],"img_url":"https:\/\/www.radiopiu.net\/wordpress\/wp-content\/uploads\/2022\/05\/02855a3e-0657-4853-9b28-ef3774f2208d.jpg","_links":{"self":[{"href":"https:\/\/www.radiopiu.net\/wordpress\/wp-json\/wp\/v2\/posts\/277118","targetHints":{"allow":["GET"]}}],"collection":[{"href":"https:\/\/www.radiopiu.net\/wordpress\/wp-json\/wp\/v2\/posts"}],"about":[{"href":"https:\/\/www.radiopiu.net\/wordpress\/wp-json\/wp\/v2\/types\/post"}],"author":[{"embeddable":true,"href":"https:\/\/www.radiopiu.net\/wordpress\/wp-json\/wp\/v2\/users\/4"}],"replies":[{"embeddable":true,"href":"https:\/\/www.radiopiu.net\/wordpress\/wp-json\/wp\/v2\/comments?post=277118"}],"version-history":[{"count":0,"href":"https:\/\/www.radiopiu.net\/wordpress\/wp-json\/wp\/v2\/posts\/277118\/revisions"}],"wp:featuredmedia":[{"embeddable":true,"href":"https:\/\/www.radiopiu.net\/wordpress\/wp-json\/wp\/v2\/media\/277119"}],"wp:attachment":[{"href":"https:\/\/www.radiopiu.net\/wordpress\/wp-json\/wp\/v2\/media?parent=277118"}],"wp:term":[{"taxonomy":"category","embeddable":true,"href":"https:\/\/www.radiopiu.net\/wordpress\/wp-json\/wp\/v2\/categories?post=277118"},{"taxonomy":"post_tag","embeddable":true,"href":"https:\/\/www.radiopiu.net\/wordpress\/wp-json\/wp\/v2\/tags?post=277118"}],"curies":[{"name":"wp","href":"https:\/\/api.w.org\/{rel}","templated":true}]}}