{"id":277148,"date":"2022-05-23T06:51:55","date_gmt":"2022-05-23T04:51:55","guid":{"rendered":"https:\/\/www.radiopiu.net\/wordpress\/?p=277148"},"modified":"2022-05-23T08:54:42","modified_gmt":"2022-05-23T06:54:42","slug":"la-morte-di-luca-lo-strazio-del-papa","status":"publish","type":"post","link":"https:\/\/www.radiopiu.net\/wordpress\/la-morte-di-luca-lo-strazio-del-papa\/","title":{"rendered":"LA MORTE DI LUCA, LO STRAZIO DEL PAPA&#8217;"},"content":{"rendered":"<p>Riceviamo e con commozione pubblichiamo poche significative righe di Giuseppe Rudatis, il padre di Luca.<\/p>\n<blockquote><p><em><img loading=\"lazy\" decoding=\"async\" class=\"alignleft\" src=\"https:\/\/www.radiopiu.net\/wordpress\/wp-content\/uploads\/2022\/05\/10440970_847114218650971_8037214178297895530_n-300x300.jpg\" width=\"131\" height=\"131\" \/> Luca Rudatis,\u00a0 mio figlio. Purtroppo \u00e8 noto quanto \u00e8 successo. E&#8217; corretto sentire i genitori prima di scrivere. Io e la mia ex moglie non eravamo al corrente che ultimamente viveva in auto, a noi ci diceva che andava regolarmente al lavoro, che aveva preso in affitto un appartamento e viveva con una sua nuova amica. Non ci aveva mai detto nulla dei sui drammi, e non\u00a0 aveva chiesto aiuto. L&#8217;avessimo saputo mai\u00a0 l&#8217;avremmo lasciato l\u00ec\u00a0 da solo. Andavo a prenderlo e me lo portavo a casa o da sua madre. <\/em><\/p>\n<p><em>Aveva il problema dell&#8217;alcool \u00e8 vero,\u00a0 le abbiamo provate tutte io e mia moglie, lo abbiamo messo in comunit\u00e0, portato pi\u00f9 volte all&#8217;ospedale, ci diceva che non beveva pi\u00f9 e invece la realt\u00e0 era un&#8217;altra. Quello che voglio far capire \u00e8 che non \u00e8 stato abbandonato, ci eravamo fidati di quanto di raccontava ed \u00e8 giusto che chi vi legge ed ascolta conosca anche questa verit\u00e0<\/em><\/p><\/blockquote>\n<p><strong>Giuseppe Rudatis.<\/strong><\/p>\n","protected":false},"excerpt":{"rendered":"<p>Riceviamo e con commozione pubblichiamo poche significative righe di Giuseppe Rudatis, il padre di Luca. Luca Rudatis,\u00a0 mio figlio. Purtroppo \u00e8 noto quanto \u00e8 successo. E&#8217; corretto sentire i genitori prima di scrivere. Io e la mia ex moglie non eravamo al corrente che ultimamente viveva in auto, a noi ci diceva che andava regolarmente&hellip;<\/p>\n","protected":false},"author":4,"featured_media":277126,"comment_status":"closed","ping_status":"closed","sticky":false,"template":"","format":"standard","meta":{"_monsterinsights_skip_tracking":false,"_monsterinsights_sitenote_active":false,"_monsterinsights_sitenote_note":"","_monsterinsights_sitenote_category":0,"footnotes":""},"categories":[51,49],"tags":[],"class_list":["post-277148","post","type-post","status-publish","format-standard","has-post-thumbnail","hentry","category-evidenza-top","category-news-18","category-51","category-49","description-off"],"img_url":"https:\/\/www.radiopiu.net\/wordpress\/wp-content\/uploads\/2022\/05\/10440970_847114218650971_8037214178297895530_n.jpg","_links":{"self":[{"href":"https:\/\/www.radiopiu.net\/wordpress\/wp-json\/wp\/v2\/posts\/277148","targetHints":{"allow":["GET"]}}],"collection":[{"href":"https:\/\/www.radiopiu.net\/wordpress\/wp-json\/wp\/v2\/posts"}],"about":[{"href":"https:\/\/www.radiopiu.net\/wordpress\/wp-json\/wp\/v2\/types\/post"}],"author":[{"embeddable":true,"href":"https:\/\/www.radiopiu.net\/wordpress\/wp-json\/wp\/v2\/users\/4"}],"replies":[{"embeddable":true,"href":"https:\/\/www.radiopiu.net\/wordpress\/wp-json\/wp\/v2\/comments?post=277148"}],"version-history":[{"count":0,"href":"https:\/\/www.radiopiu.net\/wordpress\/wp-json\/wp\/v2\/posts\/277148\/revisions"}],"wp:featuredmedia":[{"embeddable":true,"href":"https:\/\/www.radiopiu.net\/wordpress\/wp-json\/wp\/v2\/media\/277126"}],"wp:attachment":[{"href":"https:\/\/www.radiopiu.net\/wordpress\/wp-json\/wp\/v2\/media?parent=277148"}],"wp:term":[{"taxonomy":"category","embeddable":true,"href":"https:\/\/www.radiopiu.net\/wordpress\/wp-json\/wp\/v2\/categories?post=277148"},{"taxonomy":"post_tag","embeddable":true,"href":"https:\/\/www.radiopiu.net\/wordpress\/wp-json\/wp\/v2\/tags?post=277148"}],"curies":[{"name":"wp","href":"https:\/\/api.w.org\/{rel}","templated":true}]}}