{"id":277382,"date":"2022-05-24T10:47:56","date_gmt":"2022-05-24T08:47:56","guid":{"rendered":"https:\/\/www.radiopiu.net\/wordpress\/?p=277382"},"modified":"2022-05-24T10:47:56","modified_gmt":"2022-05-24T08:47:56","slug":"passo-giau-anche-il-1-giugno-riprese-cinematografiche-e-chiusure-temporanee","status":"publish","type":"post","link":"https:\/\/www.radiopiu.net\/wordpress\/passo-giau-anche-il-1-giugno-riprese-cinematografiche-e-chiusure-temporanee\/","title":{"rendered":"PASSO GIAU: ANCHE IL 1 GIUGNO RIPRESE CINEMATOGRAFICHE E CHIUSURE TEMPORANEE"},"content":{"rendered":"<p><strong><a class=\"dt-pswp-item\" href=\"https:\/\/www.radiopiu.net\/wordpress\/wp-content\/uploads\/2020\/06\/Passo-Giau-scaled.jpg\" data-dt-img-description=\"\" data-large_image_width=\"2560\" data-large_image_height=\"1707\"><img loading=\"lazy\" decoding=\"async\" class=\"size-thumbnail wp-image-145600 alignleft\" src=\"https:\/\/www.radiopiu.net\/wordpress\/wp-content\/uploads\/2020\/06\/Passo-Giau-150x150.jpg\" alt=\"\" width=\"150\" height=\"150\" \/><\/a>SP 638 DEL PASSO GIAU<\/strong> Oltre a domani e gioved\u00ec, anche nella giornata del 1 giugno il Passo Giau sar\u00e0 protagonista di riprese cinematografiche. Per l&#8217;occasione, come nei giorni precedenti, la strada subir\u00e0 delle chiusure temporanee al traffico di massimo 30 minuti e durante le aperture senso unico alternato con movieri.<\/p>\n<p>&nbsp;<\/p>\n<p>&nbsp;<\/p>\n<p>&nbsp;<\/p>\n<p>&nbsp;<\/p>\n<p>&nbsp;<\/p>\n<p>*****<\/p>\n","protected":false},"excerpt":{"rendered":"<p>SP 638 DEL PASSO GIAU Oltre a domani e gioved\u00ec, anche nella giornata del 1 giugno il Passo Giau sar\u00e0 protagonista di riprese cinematografiche. Per l&#8217;occasione, come nei giorni precedenti, la strada subir\u00e0 delle chiusure temporanee al traffico di massimo 30 minuti e durante le aperture senso unico alternato con movieri. &nbsp; &nbsp; &nbsp; &nbsp;&hellip;<\/p>\n","protected":false},"author":4,"featured_media":145600,"comment_status":"closed","ping_status":"closed","sticky":false,"template":"","format":"standard","meta":{"_monsterinsights_skip_tracking":false,"_monsterinsights_sitenote_active":false,"_monsterinsights_sitenote_note":"","_monsterinsights_sitenote_category":0,"footnotes":""},"categories":[49],"tags":[],"class_list":["post-277382","post","type-post","status-publish","format-standard","has-post-thumbnail","hentry","category-news-18","category-49","description-off"],"img_url":"https:\/\/www.radiopiu.net\/wordpress\/wp-content\/uploads\/2020\/06\/Passo-Giau-scaled.jpg","_links":{"self":[{"href":"https:\/\/www.radiopiu.net\/wordpress\/wp-json\/wp\/v2\/posts\/277382","targetHints":{"allow":["GET"]}}],"collection":[{"href":"https:\/\/www.radiopiu.net\/wordpress\/wp-json\/wp\/v2\/posts"}],"about":[{"href":"https:\/\/www.radiopiu.net\/wordpress\/wp-json\/wp\/v2\/types\/post"}],"author":[{"embeddable":true,"href":"https:\/\/www.radiopiu.net\/wordpress\/wp-json\/wp\/v2\/users\/4"}],"replies":[{"embeddable":true,"href":"https:\/\/www.radiopiu.net\/wordpress\/wp-json\/wp\/v2\/comments?post=277382"}],"version-history":[{"count":0,"href":"https:\/\/www.radiopiu.net\/wordpress\/wp-json\/wp\/v2\/posts\/277382\/revisions"}],"wp:featuredmedia":[{"embeddable":true,"href":"https:\/\/www.radiopiu.net\/wordpress\/wp-json\/wp\/v2\/media\/145600"}],"wp:attachment":[{"href":"https:\/\/www.radiopiu.net\/wordpress\/wp-json\/wp\/v2\/media?parent=277382"}],"wp:term":[{"taxonomy":"category","embeddable":true,"href":"https:\/\/www.radiopiu.net\/wordpress\/wp-json\/wp\/v2\/categories?post=277382"},{"taxonomy":"post_tag","embeddable":true,"href":"https:\/\/www.radiopiu.net\/wordpress\/wp-json\/wp\/v2\/tags?post=277382"}],"curies":[{"name":"wp","href":"https:\/\/api.w.org\/{rel}","templated":true}]}}