{"id":277401,"date":"2022-05-24T11:22:54","date_gmt":"2022-05-24T09:22:54","guid":{"rendered":"https:\/\/www.radiopiu.net\/wordpress\/?p=277401"},"modified":"2022-05-24T11:22:54","modified_gmt":"2022-05-24T09:22:54","slug":"a-la-stanga-la-centrale-idroelettrica-illuminata-di-rosa-in-occasione-del-giro-ditalia","status":"publish","type":"post","link":"https:\/\/www.radiopiu.net\/wordpress\/a-la-stanga-la-centrale-idroelettrica-illuminata-di-rosa-in-occasione-del-giro-ditalia\/","title":{"rendered":"A LA STANGA LA CENTRALE IDROELETTRICA ILLUMINATA DI ROSA IN OCCASIONE DEL GIRO D&#8217;ITALIA"},"content":{"rendered":"<p><strong>BELLUNO <\/strong>A partire da oggi Enel Green Power illumina di rosa la centrale idroelettrica di \u201cLa Stanga\u201d in vista del passaggio in Veneto del Giro d\u2019Italia. La societ\u00e0 del Gruppo Enel, partner ufficiale della 105\u00b0edizione del Giro d\u2019Italia, omaggia cos\u00ec la competizione ciclistica pi\u00f9 amata del Paese, a pochi giorni della tanto attesa tappa della Fedaia Belluno-Marmolada, attraverso un&#8217;illuminazione architettonica notturna dell\u2019impianto, interamente in caverna, situato nel comune di Sedico, la cui realizzazione risale al\u00a0<a href=\"https:\/\/it.wikipedia.org\/wiki\/1943\">1943<\/a>. L&#8217;intervento illuminotecnico, non invasivo \u00e8 stato realizzato da Enel X, societ\u00e0 del Gruppo Enel specializzata anche in interventi di illuminazione artistica, ed \u00e8 costituito da corpi illuminanti a Led altamente performanti e a basso consumo, che proiettano luce rosa, colore simbolo della manifestazione fino alla sua conclusione.<\/p>\n\n\t\t\t<style type='text\/css'>\n\t\t\t\t#gallery-1 {\n\t\t\t\t\tmargin: auto;\n\t\t\t\t}\n\t\t\t\t#gallery-1 .gallery-item {\n\t\t\t\t\tfloat: left;\n\t\t\t\t\tmargin-top: 10px;\n\t\t\t\t\ttext-align: center;\n\t\t\t\t\twidth: 50%;\n\t\t\t\t}\n\t\t\t\t#gallery-1 img {\n\t\t\t\t\tborder: 2px solid #cfcfcf;\n\t\t\t\t}\n\t\t\t\t#gallery-1 .gallery-caption {\n\t\t\t\t\tmargin-left: 0;\n\t\t\t\t}\n\t\t\t\t\/* see gallery_shortcode() in wp-includes\/media.php *\/\n\t\t\t<\/style>\n\t\t<div id='gallery-1' class='dt-gallery-container gallery galleryid-277401 gallery-columns-2 gallery-size-thumbnail'><dl class='gallery-item'>\n\t\t\t\t<dt class='gallery-icon landscape'>\n\t\t\t\t\t<a class=\"rollover rollover-zoom dt-pswp-item\" title=\"EGP - Centrale di La Stanga 2 (Bl)\" data-dt-img-description=\"\" data-large_image_width=\"2560\" data-large_image_height=\"1707\"href='https:\/\/www.radiopiu.net\/wordpress\/wp-content\/uploads\/2022\/05\/EGP-Centrale-di-La-Stanga-2-Bl-scaled.jpg'><img loading=\"lazy\" decoding=\"async\" width=\"150\" height=\"150\" src=\"https:\/\/www.radiopiu.net\/wordpress\/wp-content\/uploads\/2022\/05\/EGP-Centrale-di-La-Stanga-2-Bl-150x150.jpg\" class=\"attachment-thumbnail size-thumbnail\" alt=\"\" \/><\/a>\n\t\t\t\t<\/dt><\/dl><dl class='gallery-item'>\n\t\t\t\t<dt class='gallery-icon landscape'>\n\t\t\t\t\t<a class=\"rollover rollover-zoom dt-pswp-item\" title=\"EGP - Centrale di La Stanga (Bl)\" data-dt-img-description=\"\" data-large_image_width=\"871\" data-large_image_height=\"581\"href='https:\/\/www.radiopiu.net\/wordpress\/wp-content\/uploads\/2022\/05\/EGP-Centrale-di-La-Stanga-Bl.jpg'><img loading=\"lazy\" decoding=\"async\" width=\"150\" height=\"150\" src=\"https:\/\/www.radiopiu.net\/wordpress\/wp-content\/uploads\/2022\/05\/EGP-Centrale-di-La-Stanga-Bl-150x150.jpg\" class=\"attachment-thumbnail size-thumbnail\" alt=\"\" \/><\/a>\n\t\t\t\t<\/dt><\/dl><br style=\"clear: both\" \/>\n\t\t\t<\/div>\n\n<p>&nbsp;<\/p>\n<p>&nbsp;<\/p>\n<p>*****<\/p>\n","protected":false},"excerpt":{"rendered":"<p>BELLUNO A partire da oggi Enel Green Power illumina di rosa la centrale idroelettrica di \u201cLa Stanga\u201d in vista del passaggio in Veneto del Giro d\u2019Italia. La societ\u00e0 del Gruppo Enel, partner ufficiale della 105\u00b0edizione del Giro d\u2019Italia, omaggia cos\u00ec la competizione ciclistica pi\u00f9 amata del Paese, a pochi giorni della tanto attesa tappa della&hellip;<\/p>\n","protected":false},"author":4,"featured_media":277402,"comment_status":"closed","ping_status":"closed","sticky":false,"template":"","format":"standard","meta":{"_monsterinsights_skip_tracking":false,"_monsterinsights_sitenote_active":false,"_monsterinsights_sitenote_note":"","_monsterinsights_sitenote_category":0,"footnotes":""},"categories":[49],"tags":[],"class_list":["post-277401","post","type-post","status-publish","format-standard","has-post-thumbnail","hentry","category-news-18","category-49","description-off"],"img_url":"https:\/\/www.radiopiu.net\/wordpress\/wp-content\/uploads\/2022\/05\/EGP-Centrale-di-La-Stanga-2-Bl-scaled.jpg","_links":{"self":[{"href":"https:\/\/www.radiopiu.net\/wordpress\/wp-json\/wp\/v2\/posts\/277401","targetHints":{"allow":["GET"]}}],"collection":[{"href":"https:\/\/www.radiopiu.net\/wordpress\/wp-json\/wp\/v2\/posts"}],"about":[{"href":"https:\/\/www.radiopiu.net\/wordpress\/wp-json\/wp\/v2\/types\/post"}],"author":[{"embeddable":true,"href":"https:\/\/www.radiopiu.net\/wordpress\/wp-json\/wp\/v2\/users\/4"}],"replies":[{"embeddable":true,"href":"https:\/\/www.radiopiu.net\/wordpress\/wp-json\/wp\/v2\/comments?post=277401"}],"version-history":[{"count":0,"href":"https:\/\/www.radiopiu.net\/wordpress\/wp-json\/wp\/v2\/posts\/277401\/revisions"}],"wp:featuredmedia":[{"embeddable":true,"href":"https:\/\/www.radiopiu.net\/wordpress\/wp-json\/wp\/v2\/media\/277402"}],"wp:attachment":[{"href":"https:\/\/www.radiopiu.net\/wordpress\/wp-json\/wp\/v2\/media?parent=277401"}],"wp:term":[{"taxonomy":"category","embeddable":true,"href":"https:\/\/www.radiopiu.net\/wordpress\/wp-json\/wp\/v2\/categories?post=277401"},{"taxonomy":"post_tag","embeddable":true,"href":"https:\/\/www.radiopiu.net\/wordpress\/wp-json\/wp\/v2\/tags?post=277401"}],"curies":[{"name":"wp","href":"https:\/\/api.w.org\/{rel}","templated":true}]}}