{"id":277425,"date":"2022-05-25T05:50:27","date_gmt":"2022-05-25T03:50:27","guid":{"rendered":"https:\/\/www.radiopiu.net\/wordpress\/?p=277425"},"modified":"2022-05-25T06:07:12","modified_gmt":"2022-05-25T04:07:12","slug":"lattaccamento-al-borgo-palue-di-rocca-pietore","status":"publish","type":"post","link":"https:\/\/www.radiopiu.net\/wordpress\/lattaccamento-al-borgo-palue-di-rocca-pietore\/","title":{"rendered":"L&#8217;ATTACCAMENTO AL BORGO, PALUE DI ROCCA PIETORE"},"content":{"rendered":"<p><strong>ROCCA PIETORE<\/strong> L&#8217;amore per un borgo, non solo nei giorni di Vaia, soprattutto in quelli successivi. L&#8217;associazione presieduta o comunque coordinata da Lorena Casarin lo ha dimostrato una volta in pi\u00f9, in attesa della stagione estiva, la scorsa domenica.<\/p>\n<blockquote><p><em><strong>Come gi\u00e0 dimostrato in passato, la pianura veneta \u00e8 sempre molto attenta e generosa nei confronti dell\u2019Alto Agordino! Domenica 22 maggio presso la bellissima barchessa messa a disposizione dal Comune di Vigonza (Pd), l\u2019Associazione Palue attraverso una bella mostra fotografica ha fatto conoscere a tantissime persone, arrivate anche da Torino, Milano, Roma, Vicenza e Firenze, tutte le frazioni e sottofrazioni del Comune di Rocca Pietore!<\/strong><\/em><\/p><\/blockquote>\n\n\t\t\t<style type='text\/css'>\n\t\t\t\t#gallery-1 {\n\t\t\t\t\tmargin: auto;\n\t\t\t\t}\n\t\t\t\t#gallery-1 .gallery-item {\n\t\t\t\t\tfloat: left;\n\t\t\t\t\tmargin-top: 10px;\n\t\t\t\t\ttext-align: center;\n\t\t\t\t\twidth: 33%;\n\t\t\t\t}\n\t\t\t\t#gallery-1 img {\n\t\t\t\t\tborder: 2px solid #cfcfcf;\n\t\t\t\t}\n\t\t\t\t#gallery-1 .gallery-caption {\n\t\t\t\t\tmargin-left: 0;\n\t\t\t\t}\n\t\t\t\t\/* see gallery_shortcode() in wp-includes\/media.php *\/\n\t\t\t<\/style>\n\t\t<div id='gallery-1' class='dt-gallery-container gallery galleryid-277425 gallery-columns-3 gallery-size-thumbnail'><dl class='gallery-item'>\n\t\t\t\t<dt class='gallery-icon landscape'>\n\t\t\t\t\t<a class=\"rollover rollover-zoom dt-pswp-item\" title=\"281154154_5843937812289767_5574642916238470996_n\" data-dt-img-description=\"\" data-large_image_width=\"600\" data-large_image_height=\"450\"href='https:\/\/www.radiopiu.net\/wordpress\/wp-content\/uploads\/2022\/05\/281154154_5843937812289767_5574642916238470996_n.jpg'><img loading=\"lazy\" decoding=\"async\" width=\"150\" height=\"150\" src=\"https:\/\/www.radiopiu.net\/wordpress\/wp-content\/uploads\/2022\/05\/281154154_5843937812289767_5574642916238470996_n-150x150.jpg\" class=\"attachment-thumbnail size-thumbnail\" alt=\"\" \/><\/a>\n\t\t\t\t<\/dt><\/dl><dl class='gallery-item'>\n\t\t\t\t<dt class='gallery-icon landscape'>\n\t\t\t\t\t<a class=\"rollover rollover-zoom dt-pswp-item\" title=\"281186465_5843937908956424_2811557592349271078_n\" data-dt-img-description=\"\" data-large_image_width=\"600\" data-large_image_height=\"450\"href='https:\/\/www.radiopiu.net\/wordpress\/wp-content\/uploads\/2022\/05\/281186465_5843937908956424_2811557592349271078_n.jpg'><img loading=\"lazy\" decoding=\"async\" width=\"150\" height=\"150\" src=\"https:\/\/www.radiopiu.net\/wordpress\/wp-content\/uploads\/2022\/05\/281186465_5843937908956424_2811557592349271078_n-150x150.jpg\" class=\"attachment-thumbnail size-thumbnail\" alt=\"\" \/><\/a>\n\t\t\t\t<\/dt><\/dl><dl class='gallery-item'>\n\t\t\t\t<dt class='gallery-icon landscape'>\n\t\t\t\t\t<a class=\"rollover rollover-zoom dt-pswp-item\" title=\"281160213_5843937788956436_5831898563993233742_n\" data-dt-img-description=\"\" data-large_image_width=\"600\" data-large_image_height=\"450\"href='https:\/\/www.radiopiu.net\/wordpress\/wp-content\/uploads\/2022\/05\/281160213_5843937788956436_5831898563993233742_n.jpg'><img loading=\"lazy\" decoding=\"async\" width=\"150\" height=\"150\" src=\"https:\/\/www.radiopiu.net\/wordpress\/wp-content\/uploads\/2022\/05\/281160213_5843937788956436_5831898563993233742_n-150x150.jpg\" class=\"attachment-thumbnail size-thumbnail\" alt=\"\" \/><\/a>\n\t\t\t\t<\/dt><\/dl><br style=\"clear: both\" \/>\n\t\t\t<\/div>\n\n<p>&nbsp;<\/p>\n<hr \/>\n<p>&nbsp;<\/p>\n","protected":false},"excerpt":{"rendered":"<p>ROCCA PIETORE L&#8217;amore per un borgo, non solo nei giorni di Vaia, soprattutto in quelli successivi. L&#8217;associazione presieduta o comunque coordinata da Lorena Casarin lo ha dimostrato una volta in pi\u00f9, in attesa della stagione estiva, la scorsa domenica. Come gi\u00e0 dimostrato in passato, la pianura veneta \u00e8 sempre molto attenta e generosa nei confronti&hellip;<\/p>\n","protected":false},"author":4,"featured_media":277427,"comment_status":"closed","ping_status":"closed","sticky":false,"template":"","format":"standard","meta":{"_monsterinsights_skip_tracking":false,"_monsterinsights_sitenote_active":false,"_monsterinsights_sitenote_note":"","_monsterinsights_sitenote_category":0,"footnotes":""},"categories":[104,49],"tags":[],"class_list":["post-277425","post","type-post","status-publish","format-standard","has-post-thumbnail","hentry","category-evidenza_3","category-news-18","category-104","category-49","description-off"],"img_url":"https:\/\/www.radiopiu.net\/wordpress\/wp-content\/uploads\/2022\/05\/281186465_5843937908956424_2811557592349271078_n.jpg","_links":{"self":[{"href":"https:\/\/www.radiopiu.net\/wordpress\/wp-json\/wp\/v2\/posts\/277425","targetHints":{"allow":["GET"]}}],"collection":[{"href":"https:\/\/www.radiopiu.net\/wordpress\/wp-json\/wp\/v2\/posts"}],"about":[{"href":"https:\/\/www.radiopiu.net\/wordpress\/wp-json\/wp\/v2\/types\/post"}],"author":[{"embeddable":true,"href":"https:\/\/www.radiopiu.net\/wordpress\/wp-json\/wp\/v2\/users\/4"}],"replies":[{"embeddable":true,"href":"https:\/\/www.radiopiu.net\/wordpress\/wp-json\/wp\/v2\/comments?post=277425"}],"version-history":[{"count":0,"href":"https:\/\/www.radiopiu.net\/wordpress\/wp-json\/wp\/v2\/posts\/277425\/revisions"}],"wp:featuredmedia":[{"embeddable":true,"href":"https:\/\/www.radiopiu.net\/wordpress\/wp-json\/wp\/v2\/media\/277427"}],"wp:attachment":[{"href":"https:\/\/www.radiopiu.net\/wordpress\/wp-json\/wp\/v2\/media?parent=277425"}],"wp:term":[{"taxonomy":"category","embeddable":true,"href":"https:\/\/www.radiopiu.net\/wordpress\/wp-json\/wp\/v2\/categories?post=277425"},{"taxonomy":"post_tag","embeddable":true,"href":"https:\/\/www.radiopiu.net\/wordpress\/wp-json\/wp\/v2\/tags?post=277425"}],"curies":[{"name":"wp","href":"https:\/\/api.w.org\/{rel}","templated":true}]}}