{"id":277455,"date":"2022-05-24T23:59:32","date_gmt":"2022-05-24T21:59:32","guid":{"rendered":"https:\/\/www.radiopiu.net\/wordpress\/?p=277455"},"modified":"2022-05-25T08:04:24","modified_gmt":"2022-05-25T06:04:24","slug":"vivo-auspicio-la-madonna-del-bellunello-a-feltre-anche-dopo-la-mostra-al-diocesano","status":"publish","type":"post","link":"https:\/\/www.radiopiu.net\/wordpress\/vivo-auspicio-la-madonna-del-bellunello-a-feltre-anche-dopo-la-mostra-al-diocesano\/","title":{"rendered":"VIVO AUSPICIO: LA &#8220;MADONNA DEL BELLUNELLO&#8221; A FELTRE ANCHE DOPO LA MOSTRA AL DIOCESANO"},"content":{"rendered":"<p><strong>di\u00a0 RENATO BONA<\/strong><\/p>\n<p>&nbsp;<\/p>\n<p>Nello stesso Museo sabato 28 racconti animati in giardino per bambini dai 4 ai 7 anni e in Seminario a Belluno (dalle 18, per adulti), curata dal rettore mons. Lise: note e versi &#8220;Al tramonto nel chiostro gotico&#8221; Il sito diocesano &#8220;chiesabellunofeltre&#8221; dedica un interessante esaustivo servizio di Giorgio Reolon alla inaugurazione nel Museo diocesano di Feltre (&#8220;vivace realt\u00e0 culturale in collegamento con le comunit\u00e0 parrocchiali&#8221;) della mostra sulla &#8220;Maest\u00e0 lignea del Bellunello&#8221; con prersentazione &#8211; per la prima volta in Italia &#8211; dell&#8217;importante scultura lignea del tardo Quattrocento: &#8220;Madonna in trono con Bambino&#8221;, attribuibile al celebre scultore e pittore Andrea di Bortolotto di Foro detto \u201cBellunello\u201d dalla citt\u00e0 natale. La mostra \u201cSulle tracce di Andrea Bellunello&#8221; sar\u00e0 visitabile fino al prossimo 17 luglio. All&#8217;inaugurazione hanno portato i saluti della civica amministrazione l&#8217;assessore alla cultura di Feltre, Alessandro Del Bianco, e, per il vescovo Renato Marangoni, monsignor Giorgio Lise, rettore del Seminario Gregoriano di Belluno. Hanno fatto seguito gli interventi di monsignor Giacomo Mazzorana, che del Museo diocesano \u00e8 il direttore, soffermandosi &#8220;sugli aspetti prettamente spiriturali e teologici che l&#8217;iconografia della Madonna con Bambino evoca&#8221;, ed il proprietario dell&#8217;opera, il gallerista Marco Longari, quindi il curatore della mostra nonch\u00e9 coordinatore del comitato scientifico del Museo, Manlio Leo Mezzacasa. Va detto che l&#8217;esposizione \u00e8 stata resa possibile per la generosa disponibilit\u00e0 della Longari Arte di Milano che &#8220;ha proprio nella scultura lignea del Medioevo italiano uno dei capitoli pi\u00f9 prestigiosi e rappresentativi&#8221;. Il pubblico intervenuto a Feltre ha avuto anche la possibilit\u00e0 di ascoltare l\u2019interessante commento degli storici dell\u2019arte Luca Mor, che per primo ha riconosciuto la Madonna del Bellunello presso la collezione Longari, e Serenella Castri, alla quale si deve lo studio pi\u00f9 approfondito dell\u2019opera per la quale &#8220;l\u2019augurio degli organizzatori \u00e8 che la Madonna del Bellunello possa rimanere dove \u00e8 ora esposta&#8221;. Ancora Reolon sul Bellunello: &#8220;Un ritrovamento che si configura anche come &#8216;ritorno&#8217; perch\u00e9 l\u2019autore si lega al territorio bellunese nel quale \u00e8 nato nel 1435 circa. Trasferitosi fin da giovane a San Vito al Tagliamento in Friuli, egli rimarr\u00e0 tuttavia attaccato alla sua terra, tanto da firmarsi &#8216;bellunensis&#8217; in un\u2019opera inviata alla scomparsa chiesa di Santa Maria Nova di Belluno nel 1481, cos\u00ec da identificarsi per sempre nel toponimo, come Giovanni Antonio Pordenone o Jacopo Bassano. Sull&#8217;opera, tornata recentemente a una pi\u00f9 corretta e integra leggibilit\u00e0 grazie al sapiente restauro condotto da Lucio Zambon e Ginevra Pignagnoli, \u00e8 stata preparata un\u2019agile pubblicazione, la prima di una nuova serie chiamata \u201cQuaderni del Museo Diocesano Belluno Feltre\u201d che, facendo tesoro delle esperienze precedenti, punta a valorizzare e comunicare ulteriormente lo straordinario patrimonio storico-artistico. Il libretto &#8211; con testi di Manlio Leo Mezzacasa, Giacomo Mazzorana, Serenella Castri, Lucio Zambon, Ginevra Pignagnoli e Letizia Lonzi &#8211; e stampato da DBS con il contributo di Lattebusche, &#8220;ha un taglio divulgativo e scientifico insieme e diventa cos\u00ec uno strumento di ricerca e conoscenza non solo per lo studioso ma anche per il semplice visitatore&#8221;. La serata di presentazione si \u00e8 conclusa con un rinfresco offerto dalla Birreria Pedavena. Restiamo al Museo Diocesano Belluno Feltre perch\u00e8 il sito diocesano annuncia il ritorno di: \u201cChe storia\u2026al Museo!\u201d, un appuntamento che propone racconti animati in giardino per bambini dai 4 ai 7 anni pi\u00f9 adulto accompagnatore per sabato 28 maggio alle 10,30, un modo per riscoprire gli spazi del vescovado e trascorrere qualche momento insieme. Viene precisato che l\u2019iniziativa ha posti limitati ed \u00e8 accessibile su prenotazione: al numero 329-7512121o inviando una mail a info@museodiocesanobellunofeltre.it; in caso di pioggia l\u2019evento verr\u00e0 annullato. Sempre da &#8220;chiesabellunofeltre&#8221; apprendiamo anche di una ottima iniziativa del rettore del Seminario gregoriano del capoluogo, monsignor Giorgio Lise il quale &#8211; come scrive Maria Giacin &#8211; propone, pure per sabato 28, a partire dalle 18 (ingresso libero, si accede dal lato destro della piazzetta antistante la chiesa di san Pietro): note e versi &#8220;Al tramonto nel chiostro gotico&#8221; e spiega: &#8220;Desidero aprire le porte del Seminario per offrire alla cittadinanza un momento di spiritualit\u00e0, per allentare, almeno un poco e per un po\u2019 di tempo, quella pesante tensione che opprime le nostre anime, in questo momento storico cos\u00ec difficile, annichilite da tanta violenza, perse in una solitudine che disancora da se stessi e dagli altri&#8221;. Va detto che monsignor Lise ha coinvolto lo scrittore trevigiano Antonio Chiades e il pianista bellunese Carlo De Battista &#8220;per creare momenti di leggerezza e di bellezza artistica in un contesto appartato, raccolto e intriso di storia antica quale \u00e8 il chiostro gotico del sec. XV, affiancato a quello rinascimentale del sec. XVI. Il nitore delle linee architettoniche e la sobria eleganza del luogo sacro sono esaltati, in questo momento di esplosiva fioritura primaverile, dalle calme tonalit\u00e0 dei riflessi bianco-violacei del glicine ancora in fiore, e dal colore grigio-rosa degli archi e delle colonne levigate che disegnano il perimetro di un prato verde ben curato. Gi\u00e0 solo cos\u00ec si avverte un senso di serenit\u00e0, di ordine, silenzio e stupore che consente di ricostruire interiormente la speranza che l\u2019uomo possa ritrovare se stesso in armonia con l\u2019intero creato&#8221;.<\/p>\n\n\t\t\t<style type='text\/css'>\n\t\t\t\t#gallery-1 {\n\t\t\t\t\tmargin: auto;\n\t\t\t\t}\n\t\t\t\t#gallery-1 .gallery-item {\n\t\t\t\t\tfloat: left;\n\t\t\t\t\tmargin-top: 10px;\n\t\t\t\t\ttext-align: center;\n\t\t\t\t\twidth: 33%;\n\t\t\t\t}\n\t\t\t\t#gallery-1 img {\n\t\t\t\t\tborder: 2px solid #cfcfcf;\n\t\t\t\t}\n\t\t\t\t#gallery-1 .gallery-caption {\n\t\t\t\t\tmargin-left: 0;\n\t\t\t\t}\n\t\t\t\t\/* see gallery_shortcode() in wp-includes\/media.php *\/\n\t\t\t<\/style>\n\t\t<div id='gallery-1' class='dt-gallery-container gallery galleryid-277455 gallery-columns-3 gallery-size-thumbnail'><dl class='gallery-item'>\n\t\t\t\t<dt class='gallery-icon landscape'>\n\t\t\t\t\t<a class=\"rollover rollover-zoom dt-pswp-item\" title=\"283604665_1165116124279787_844566262218686921_n\" data-dt-img-description=\"\" data-large_image_width=\"150\" data-large_image_height=\"150\"href='https:\/\/www.radiopiu.net\/wordpress\/wp-content\/uploads\/2022\/05\/283604665_1165116124279787_844566262218686921_n.jpg'><img loading=\"lazy\" decoding=\"async\" width=\"150\" height=\"150\" src=\"https:\/\/www.radiopiu.net\/wordpress\/wp-content\/uploads\/2022\/05\/283604665_1165116124279787_844566262218686921_n.jpg\" class=\"attachment-thumbnail size-thumbnail\" alt=\"\" \/><\/a>\n\t\t\t\t<\/dt><\/dl><dl class='gallery-item'>\n\t\t\t\t<dt class='gallery-icon landscape'>\n\t\t\t\t\t<a class=\"rollover rollover-zoom dt-pswp-item\" title=\"282234558_1436783193440342_1429446429655614082_n\" data-dt-img-description=\"\" data-large_image_width=\"150\" data-large_image_height=\"150\"href='https:\/\/www.radiopiu.net\/wordpress\/wp-content\/uploads\/2022\/05\/282234558_1436783193440342_1429446429655614082_n.jpg'><img loading=\"lazy\" decoding=\"async\" width=\"150\" height=\"150\" src=\"https:\/\/www.radiopiu.net\/wordpress\/wp-content\/uploads\/2022\/05\/282234558_1436783193440342_1429446429655614082_n.jpg\" class=\"attachment-thumbnail size-thumbnail\" alt=\"\" \/><\/a>\n\t\t\t\t<\/dt><\/dl><dl class='gallery-item'>\n\t\t\t\t<dt class='gallery-icon portrait'>\n\t\t\t\t\t<a class=\"rollover rollover-zoom dt-pswp-item\" title=\"281836303_264083942567766_8612673485642620081_n\" data-dt-img-description=\"\" data-large_image_width=\"173\" data-large_image_height=\"203\"href='https:\/\/www.radiopiu.net\/wordpress\/wp-content\/uploads\/2022\/05\/281836303_264083942567766_8612673485642620081_n.jpg'><img loading=\"lazy\" decoding=\"async\" width=\"150\" height=\"150\" src=\"https:\/\/www.radiopiu.net\/wordpress\/wp-content\/uploads\/2022\/05\/281836303_264083942567766_8612673485642620081_n-150x150.jpg\" class=\"attachment-thumbnail size-thumbnail\" alt=\"\" \/><\/a>\n\t\t\t\t<\/dt><\/dl><br style=\"clear: both\" \/><dl class='gallery-item'>\n\t\t\t\t<dt class='gallery-icon landscape'>\n\t\t\t\t\t<a class=\"rollover rollover-zoom dt-pswp-item\" title=\"283246401_1064460551133774_2647126293836175590_n\" data-dt-img-description=\"\" data-large_image_width=\"280\" data-large_image_height=\"201\"href='https:\/\/www.radiopiu.net\/wordpress\/wp-content\/uploads\/2022\/05\/283246401_1064460551133774_2647126293836175590_n.jpg'><img loading=\"lazy\" decoding=\"async\" width=\"150\" height=\"150\" src=\"https:\/\/www.radiopiu.net\/wordpress\/wp-content\/uploads\/2022\/05\/283246401_1064460551133774_2647126293836175590_n-150x150.jpg\" class=\"attachment-thumbnail size-thumbnail\" alt=\"\" \/><\/a>\n\t\t\t\t<\/dt><\/dl><dl class='gallery-item'>\n\t\t\t\t<dt class='gallery-icon landscape'>\n\t\t\t\t\t<a class=\"rollover rollover-zoom dt-pswp-item\" title=\"282683110_5082837518472408_3624478442772371396_n\" data-dt-img-description=\"\" data-large_image_width=\"280\" data-large_image_height=\"205\"href='https:\/\/www.radiopiu.net\/wordpress\/wp-content\/uploads\/2022\/05\/282683110_5082837518472408_3624478442772371396_n.jpg'><img loading=\"lazy\" decoding=\"async\" width=\"150\" height=\"150\" src=\"https:\/\/www.radiopiu.net\/wordpress\/wp-content\/uploads\/2022\/05\/282683110_5082837518472408_3624478442772371396_n-150x150.jpg\" class=\"attachment-thumbnail size-thumbnail\" alt=\"\" \/><\/a>\n\t\t\t\t<\/dt><\/dl>\n\t\t\t\t<br style='clear: both' \/>\n\t\t\t<\/div>\n\n<p>&nbsp;<\/p>\n<p>NELLE FOTO (sito chiesabellunofeltre): la scultura di &#8220;Bellunello&#8221; esposta al Museo diocesano di Feltrre; un momento della prersenmtazione; illustrazione per presentare l&#8217;iniziativa per bambini \u201cChe storia\u2026al Museo!\u201d; il chiosgtro del Seminario Gregoriano di Belluno; il rettore, monsignor Giorgio Lise, che lancia l&#8217;iniziativa note e versi &#8220;Al tramonto nel chiostro gotico&#8221;.<\/p>\n","protected":false},"excerpt":{"rendered":"<p>di\u00a0 RENATO BONA &nbsp; Nello stesso Museo sabato 28 racconti animati in giardino per bambini dai 4 ai 7 anni e in Seminario a Belluno (dalle 18, per adulti), curata dal rettore mons. Lise: note e versi &#8220;Al tramonto nel chiostro gotico&#8221; Il sito diocesano &#8220;chiesabellunofeltre&#8221; dedica un interessante esaustivo servizio di Giorgio Reolon alla&hellip;<\/p>\n","protected":false},"author":4,"featured_media":277257,"comment_status":"closed","ping_status":"closed","sticky":false,"template":"","format":"standard","meta":{"_monsterinsights_skip_tracking":false,"_monsterinsights_sitenote_active":false,"_monsterinsights_sitenote_note":"","_monsterinsights_sitenote_category":0,"footnotes":""},"categories":[49],"tags":[],"class_list":["post-277455","post","type-post","status-publish","format-standard","has-post-thumbnail","hentry","category-news-18","category-49","description-off"],"img_url":"https:\/\/www.radiopiu.net\/wordpress\/wp-content\/uploads\/2022\/05\/280650261_965388154094349_4670109389753897541_n.jpg","_links":{"self":[{"href":"https:\/\/www.radiopiu.net\/wordpress\/wp-json\/wp\/v2\/posts\/277455","targetHints":{"allow":["GET"]}}],"collection":[{"href":"https:\/\/www.radiopiu.net\/wordpress\/wp-json\/wp\/v2\/posts"}],"about":[{"href":"https:\/\/www.radiopiu.net\/wordpress\/wp-json\/wp\/v2\/types\/post"}],"author":[{"embeddable":true,"href":"https:\/\/www.radiopiu.net\/wordpress\/wp-json\/wp\/v2\/users\/4"}],"replies":[{"embeddable":true,"href":"https:\/\/www.radiopiu.net\/wordpress\/wp-json\/wp\/v2\/comments?post=277455"}],"version-history":[{"count":0,"href":"https:\/\/www.radiopiu.net\/wordpress\/wp-json\/wp\/v2\/posts\/277455\/revisions"}],"wp:featuredmedia":[{"embeddable":true,"href":"https:\/\/www.radiopiu.net\/wordpress\/wp-json\/wp\/v2\/media\/277257"}],"wp:attachment":[{"href":"https:\/\/www.radiopiu.net\/wordpress\/wp-json\/wp\/v2\/media?parent=277455"}],"wp:term":[{"taxonomy":"category","embeddable":true,"href":"https:\/\/www.radiopiu.net\/wordpress\/wp-json\/wp\/v2\/categories?post=277455"},{"taxonomy":"post_tag","embeddable":true,"href":"https:\/\/www.radiopiu.net\/wordpress\/wp-json\/wp\/v2\/tags?post=277455"}],"curies":[{"name":"wp","href":"https:\/\/api.w.org\/{rel}","templated":true}]}}