{"id":277468,"date":"2022-05-25T05:53:55","date_gmt":"2022-05-25T03:53:55","guid":{"rendered":"https:\/\/www.radiopiu.net\/wordpress\/?p=277468"},"modified":"2022-05-25T06:06:23","modified_gmt":"2022-05-25T04:06:23","slug":"giro-ditalia-disposizioni-dolomitibus-per-brugnach-e-landris","status":"publish","type":"post","link":"https:\/\/www.radiopiu.net\/wordpress\/giro-ditalia-disposizioni-dolomitibus-per-brugnach-e-landris\/","title":{"rendered":"GIRO D&#8217;ITALIA, DISPOSIZIONI DOLOMITIBUS PER BRUGNACH E LANDRIS"},"content":{"rendered":"<blockquote><p><strong><a class=\"dt-pswp-item\" href=\"https:\/\/www.radiopiu.net\/wordpress\/wp-content\/uploads\/2022\/05\/6c2da5e7-7fd9-4288-910b-aed186920866.jpg\" data-dt-img-description=\"\" data-large_image_width=\"852\" data-large_image_height=\"1204\"><img loading=\"lazy\" decoding=\"async\" class=\"wp-image-277469 alignleft\" src=\"https:\/\/www.radiopiu.net\/wordpress\/wp-content\/uploads\/2022\/05\/6c2da5e7-7fd9-4288-910b-aed186920866-725x1024.jpg\" alt=\"\" width=\"194\" height=\"274\" srcset=\"https:\/\/www.radiopiu.net\/wordpress\/wp-content\/uploads\/2022\/05\/6c2da5e7-7fd9-4288-910b-aed186920866-725x1024.jpg 725w, https:\/\/www.radiopiu.net\/wordpress\/wp-content\/uploads\/2022\/05\/6c2da5e7-7fd9-4288-910b-aed186920866-212x300.jpg 212w, https:\/\/www.radiopiu.net\/wordpress\/wp-content\/uploads\/2022\/05\/6c2da5e7-7fd9-4288-910b-aed186920866-768x1085.jpg 768w, https:\/\/www.radiopiu.net\/wordpress\/wp-content\/uploads\/2022\/05\/6c2da5e7-7fd9-4288-910b-aed186920866.jpg 852w\" sizes=\"auto, (max-width: 194px) 100vw, 194px\" \/><\/a>TAPPA NUMERO 18, GIOVEDI 26 MAGGIO E TAPPONE DOLOMITICO<\/strong><\/p>\n<p><em>corse per i turnisti Luxottica, pomeriggio da Feltre, una per Luxottica Agordo, una per Luxottica Sedico.<\/em><\/p><\/blockquote>\n<p><strong>BELLUNO<\/strong> In occasione del passaggio del giro d&#8217;Italia previsto per giovedi 26 maggio, la Dolomitibus comunica che dalle 12.20 alle 15 il capolinea Feltre FS verr\u00e0 attestato a Feltre Ospedale. Le corse subiranno variazioni: CORSA delle 12.35 Feltre-Santa Giustina-Brugnach Zona Industriale ore 13.46, parte da Feltre ospedale alle 12.40, non transita alle fermate di Viale Montegrappa, Feltre Monumento e Via Rizzarda. CORSA delle 13.05 Feltre FS-Santa Giustina-Landris Zona Industriale\u00a0 ore 13.45, parte da Feltre ospedale 13.08 non transita nelle fermate di Viale Montegrappa-Feltre Monumento e Via Rizzarda<\/p>\n<p>Questi cambiamenti sono dovuti alla decisione della Prefettura di chiudere le strade in entrambi i sensi di marcia (vedi crono tabella) due ore e mezza prima del passaggio dei ciclisti.<\/p>\n<p>Gioved\u00ec 26 maggio, la tappa Borgo Valsugana \u2013 Treviso che, dalle 12.00 alle 15.00, comporter\u00e0 modifiche alle linee extraurbane del Feltrino (13, 14, 16\/29, 17, 20, 24, 26, 27, 28 e 29) e al servizio urbano di Feltre, sul percorso Arsi\u00e8 \u2013 Fonzaso &#8211; Seren del Grappa \u2013 Feltre \u2013 Anz\u00f9. Venerd\u00ec 27 maggio, a Belluno citt\u00e0, i preparativi della partenza della tappa Belluno &#8211; Marmolada del 28 maggio, comporteranno modifiche al servizio urbano di Belluno, dalle 14.00 a fine servizio. Sabato 28 maggio, l\u2019impegnativa tappa Belluno &#8211; Marmolada (Passo Fedaia) comporter\u00e0 modifiche al servizio urbano di Belluno che sar\u00e0 GRATUITO per facilitare la mobilit\u00e0. La corsa comporter\u00e0 inoltre modifiche alle linee extraurbane del Bellunese (11, 12, 13, 17, 20, 21 e 38) e, in maniera pi\u00f9 significativa, alle linee extraurbane dell\u2019Agordino (n. 1, 2, 3, 4, 6, 7 e 8). Tutte le informazioni dettagliate sulle modifiche di ogni localit\u00e0 e di ogni giornata sono consultabili negli\u00a0 avvisi Dolomitibus<\/p>\n<p>&nbsp;<\/p>\n<p>&nbsp;<\/p>\n","protected":false},"excerpt":{"rendered":"<p>TAPPA NUMERO 18, GIOVEDI 26 MAGGIO E TAPPONE DOLOMITICO corse per i turnisti Luxottica, pomeriggio da Feltre, una per Luxottica Agordo, una per Luxottica Sedico. BELLUNO In occasione del passaggio del giro d&#8217;Italia previsto per giovedi 26 maggio, la Dolomitibus comunica che dalle 12.20 alle 15 il capolinea Feltre FS verr\u00e0 attestato a Feltre Ospedale.&hellip;<\/p>\n","protected":false},"author":4,"featured_media":277469,"comment_status":"closed","ping_status":"closed","sticky":false,"template":"","format":"standard","meta":{"_monsterinsights_skip_tracking":false,"_monsterinsights_sitenote_active":false,"_monsterinsights_sitenote_note":"","_monsterinsights_sitenote_category":0,"footnotes":""},"categories":[104,49],"tags":[],"class_list":["post-277468","post","type-post","status-publish","format-standard","has-post-thumbnail","hentry","category-evidenza_3","category-news-18","category-104","category-49","description-off"],"img_url":"https:\/\/www.radiopiu.net\/wordpress\/wp-content\/uploads\/2022\/05\/6c2da5e7-7fd9-4288-910b-aed186920866.jpg","_links":{"self":[{"href":"https:\/\/www.radiopiu.net\/wordpress\/wp-json\/wp\/v2\/posts\/277468","targetHints":{"allow":["GET"]}}],"collection":[{"href":"https:\/\/www.radiopiu.net\/wordpress\/wp-json\/wp\/v2\/posts"}],"about":[{"href":"https:\/\/www.radiopiu.net\/wordpress\/wp-json\/wp\/v2\/types\/post"}],"author":[{"embeddable":true,"href":"https:\/\/www.radiopiu.net\/wordpress\/wp-json\/wp\/v2\/users\/4"}],"replies":[{"embeddable":true,"href":"https:\/\/www.radiopiu.net\/wordpress\/wp-json\/wp\/v2\/comments?post=277468"}],"version-history":[{"count":0,"href":"https:\/\/www.radiopiu.net\/wordpress\/wp-json\/wp\/v2\/posts\/277468\/revisions"}],"wp:featuredmedia":[{"embeddable":true,"href":"https:\/\/www.radiopiu.net\/wordpress\/wp-json\/wp\/v2\/media\/277469"}],"wp:attachment":[{"href":"https:\/\/www.radiopiu.net\/wordpress\/wp-json\/wp\/v2\/media?parent=277468"}],"wp:term":[{"taxonomy":"category","embeddable":true,"href":"https:\/\/www.radiopiu.net\/wordpress\/wp-json\/wp\/v2\/categories?post=277468"},{"taxonomy":"post_tag","embeddable":true,"href":"https:\/\/www.radiopiu.net\/wordpress\/wp-json\/wp\/v2\/tags?post=277468"}],"curies":[{"name":"wp","href":"https:\/\/api.w.org\/{rel}","templated":true}]}}