{"id":277495,"date":"2022-05-24T19:38:09","date_gmt":"2022-05-24T17:38:09","guid":{"rendered":"https:\/\/www.radiopiu.net\/wordpress\/?p=277495"},"modified":"2022-05-24T19:38:09","modified_gmt":"2022-05-24T17:38:09","slug":"il-nuovo-primario-di-medicina-a-pieve-di-cadore","status":"publish","type":"post","link":"https:\/\/www.radiopiu.net\/wordpress\/il-nuovo-primario-di-medicina-a-pieve-di-cadore\/","title":{"rendered":"IL NUOVO PRIMARIO DI MEDICINA A PIEVE DI CADORE"},"content":{"rendered":"<p><strong><a class=\"dt-pswp-item\" href=\"https:\/\/www.radiopiu.net\/wordpress\/wp-content\/uploads\/2022\/05\/WhatsApp-Image-2022-05-24-at-16.35.02.jpeg\" data-dt-img-description=\"\" data-large_image_width=\"811\" data-large_image_height=\"1600\"><img loading=\"lazy\" decoding=\"async\" class=\"alignleft wp-image-277494 \" src=\"https:\/\/www.radiopiu.net\/wordpress\/wp-content\/uploads\/2022\/05\/WhatsApp-Image-2022-05-24-at-16.35.02-519x1024.jpeg\" alt=\"\" width=\"212\" height=\"418\" srcset=\"https:\/\/www.radiopiu.net\/wordpress\/wp-content\/uploads\/2022\/05\/WhatsApp-Image-2022-05-24-at-16.35.02-519x1024.jpeg 519w, https:\/\/www.radiopiu.net\/wordpress\/wp-content\/uploads\/2022\/05\/WhatsApp-Image-2022-05-24-at-16.35.02-152x300.jpeg 152w, https:\/\/www.radiopiu.net\/wordpress\/wp-content\/uploads\/2022\/05\/WhatsApp-Image-2022-05-24-at-16.35.02-768x1515.jpeg 768w, https:\/\/www.radiopiu.net\/wordpress\/wp-content\/uploads\/2022\/05\/WhatsApp-Image-2022-05-24-at-16.35.02-779x1536.jpeg 779w, https:\/\/www.radiopiu.net\/wordpress\/wp-content\/uploads\/2022\/05\/WhatsApp-Image-2022-05-24-at-16.35.02.jpeg 811w\" sizes=\"auto, (max-width: 212px) 100vw, 212px\" \/><\/a>BELLUNO<\/strong> Andrea Carraro \u00e8 il nuovo direttore della Medicina di Pieve di Cadore.<br \/>\nClasse 1963, di Noale, il dottor Carraro si \u00e8 laureato in Medicina e Chirurgia all\u2019Universit\u00e0 di Padova dove si \u00e8 poi specializzato in Geriatria. Attualmente presta servizio all\u2019Ulss 3 Serenissima, dove \u00e8 responsabile dell\u2019ambulatorio endocrinologico ed ecografia interventistica del distretto capo collo. Nell\u2019ambito dell\u2019attivit\u00e0 clinica oltre che all\u2019attivit\u00e0 di gestione dei pazienti ricoverati nel reparto di medicina svolta prevalentemente negli ospedali della provincia di Venezia, si \u00e8 occupato in particolare di diabetologia ed endocrinologia. Ha al suo attivo un\u2019importante casistica di ecografie del capo e di procedure diagnostiche interventistiche eco guidate come toracentesi, paracentesi e ago aspirati. Fin dal 2005, infatti, gestisce l\u2019ambulatorio endocrinologico seguendo in particolare la ecografia diagnostica ed l\u2019interventistica della tiroide e del collo. Ha maturato anche una solida esperienza in reparto internistico e nell\u2019organizzazione delle dimissioni protette con i servizi del territorio, programmando il miglior percorso di assistenza per i pazienti fragili.<\/p>\n<blockquote><p><em>\u00abIn pochi mesi mesi abbiamo coperto il posto vacante del primariato di medicina di Pieve di Cadore, nodo strategico per la gestione dei pazienti nell\u2019alta provincia: questo \u00e8 anche segnale di attenzione verso la Comunit\u00e0 Cadorina e il presidio di Pieve. Un benvenuto quindi al dottor Carraro (abbiamo lo stesso cognome ma la sua famiglia \u00e8 di origini veneziane, la mia padovane), stimato professionista che porter\u00e0 in Cadore passione per la professione e per la cura della nostra gente\u00bb, commenta il Direttore Generale Maria Grazia Carraro, \u00abcolgo l\u2019occasione per ringraziare il dottor Massimo Boaretto che in questi mesi, con grande senso del dovere e responsabilit\u00e0 sta reggendo anche il reparto di Pieve di Cadore ad interim oltre a quello di Belluno\u00bb.<\/em><\/p><\/blockquote>\n","protected":false},"excerpt":{"rendered":"<p>BELLUNO Andrea Carraro \u00e8 il nuovo direttore della Medicina di Pieve di Cadore. Classe 1963, di Noale, il dottor Carraro si \u00e8 laureato in Medicina e Chirurgia all\u2019Universit\u00e0 di Padova dove si \u00e8 poi specializzato in Geriatria. Attualmente presta servizio all\u2019Ulss 3 Serenissima, dove \u00e8 responsabile dell\u2019ambulatorio endocrinologico ed ecografia interventistica del distretto capo collo.&hellip;<\/p>\n","protected":false},"author":4,"featured_media":277494,"comment_status":"closed","ping_status":"closed","sticky":false,"template":"","format":"standard","meta":{"_monsterinsights_skip_tracking":false,"_monsterinsights_sitenote_active":false,"_monsterinsights_sitenote_note":"","_monsterinsights_sitenote_category":0,"footnotes":""},"categories":[49],"tags":[],"class_list":["post-277495","post","type-post","status-publish","format-standard","has-post-thumbnail","hentry","category-news-18","category-49","description-off"],"img_url":"https:\/\/www.radiopiu.net\/wordpress\/wp-content\/uploads\/2022\/05\/WhatsApp-Image-2022-05-24-at-16.35.02.jpeg","_links":{"self":[{"href":"https:\/\/www.radiopiu.net\/wordpress\/wp-json\/wp\/v2\/posts\/277495","targetHints":{"allow":["GET"]}}],"collection":[{"href":"https:\/\/www.radiopiu.net\/wordpress\/wp-json\/wp\/v2\/posts"}],"about":[{"href":"https:\/\/www.radiopiu.net\/wordpress\/wp-json\/wp\/v2\/types\/post"}],"author":[{"embeddable":true,"href":"https:\/\/www.radiopiu.net\/wordpress\/wp-json\/wp\/v2\/users\/4"}],"replies":[{"embeddable":true,"href":"https:\/\/www.radiopiu.net\/wordpress\/wp-json\/wp\/v2\/comments?post=277495"}],"version-history":[{"count":0,"href":"https:\/\/www.radiopiu.net\/wordpress\/wp-json\/wp\/v2\/posts\/277495\/revisions"}],"wp:featuredmedia":[{"embeddable":true,"href":"https:\/\/www.radiopiu.net\/wordpress\/wp-json\/wp\/v2\/media\/277494"}],"wp:attachment":[{"href":"https:\/\/www.radiopiu.net\/wordpress\/wp-json\/wp\/v2\/media?parent=277495"}],"wp:term":[{"taxonomy":"category","embeddable":true,"href":"https:\/\/www.radiopiu.net\/wordpress\/wp-json\/wp\/v2\/categories?post=277495"},{"taxonomy":"post_tag","embeddable":true,"href":"https:\/\/www.radiopiu.net\/wordpress\/wp-json\/wp\/v2\/tags?post=277495"}],"curies":[{"name":"wp","href":"https:\/\/api.w.org\/{rel}","templated":true}]}}