{"id":277515,"date":"2022-05-25T05:54:42","date_gmt":"2022-05-25T03:54:42","guid":{"rendered":"https:\/\/www.radiopiu.net\/wordpress\/?p=277515"},"modified":"2022-05-27T05:11:39","modified_gmt":"2022-05-27T03:11:39","slug":"ponte-sul-piavea","status":"publish","type":"post","link":"https:\/\/www.radiopiu.net\/wordpress\/ponte-sul-piavea\/","title":{"rendered":"IL PONTE SUL PIAVE RIMARRA&#8217; PROGETTO DA  CASSETTO, NON CI SONO PIU&#8217; I SOLDI"},"content":{"rendered":"<p>&nbsp;<\/p>\n<p><strong>BELLUNO<\/strong><\/p>\n<p><strong>DI MORENO GIOLI<\/strong><\/p>\n<audio class=\"wp-audio-shortcode\" id=\"audio-277515-1\" preload=\"none\" style=\"width: 100%;\" controls=\"controls\"><source type=\"audio\/mpeg\" src=\"https:\/\/www.radiopiu.net\/wordpress\/wp-content\/uploads\/2022\/05\/gioli-ok.mp3?_=1\" \/><a href=\"https:\/\/www.radiopiu.net\/wordpress\/wp-content\/uploads\/2022\/05\/gioli-ok.mp3\">https:\/\/www.radiopiu.net\/wordpress\/wp-content\/uploads\/2022\/05\/gioli-ok.mp3<\/a><\/audio>\n<p>&nbsp;<\/p>\n<p>&nbsp;<\/p>\n<blockquote>\n<h3>PONTE SUL PIAVE, MASSARO &#8220;STANNO CAMBIANDO LE FONTI DI FINANZIAMENTO NON LA STRATEGIA E L&#8217;OPERA S&#8217;HA DA FARE&#8221;<\/h3>\n<\/blockquote>\n<p><strong><a class=\"dt-pswp-item\" href=\"https:\/\/www.radiopiu.net\/wordpress\/wp-content\/uploads\/2021\/03\/1ec0f4d0-1019-45c6-9771-4cefb0a1b0ce.jpg\" data-dt-img-description=\"\" data-large_image_width=\"1066\" data-large_image_height=\"1600\"><img loading=\"lazy\" decoding=\"async\" class=\" wp-image-197820 alignleft\" src=\"https:\/\/www.radiopiu.net\/wordpress\/wp-content\/uploads\/2021\/03\/1ec0f4d0-1019-45c6-9771-4cefb0a1b0ce-150x150.jpg\" alt=\"\" width=\"89\" height=\"89\" \/><\/a>BELLUNO<\/strong> Per il sindaco Jacopo Massaro non \u00e8 stato perso nulla, il ponte sul Piave si far\u00e0 perch\u00e9 c&#8217;\u00e8 una &#8220;marea di soldi disponibili&#8221; oppure, in caso contrario, la Regione e il Comune rischiano di incorrere nel danno erariale&#8230;<\/p>\n<p>&nbsp;<\/p>\n<audio class=\"wp-audio-shortcode\" id=\"audio-277515-2\" preload=\"none\" style=\"width: 100%;\" controls=\"controls\"><source type=\"audio\/mpeg\" src=\"https:\/\/www.radiopiu.net\/wordpress\/wp-content\/uploads\/2022\/05\/massaro.mp3?_=2\" \/><a href=\"https:\/\/www.radiopiu.net\/wordpress\/wp-content\/uploads\/2022\/05\/massaro.mp3\">https:\/\/www.radiopiu.net\/wordpress\/wp-content\/uploads\/2022\/05\/massaro.mp3<\/a><\/audio>\n<p>&nbsp;<\/p>\n<p>&nbsp;<\/p>\n<hr \/>\n<h1 class=\"title bold\"><\/h1>\n<h3 class=\"title bold\">Il Ponte delle Disgrazie<\/h3>\n<p class=\"lista-autori mb-0 lead\">di\u00a0<a href=\"https:\/\/edizioni.cierrenet.it\/autori\/toni-sirena\/\" rel=\"tag\">Toni Sirena<\/a><\/p>\n<blockquote class=\"wp-embedded-content\" data-secret=\"kh593llqB3\"><p><a href=\"https:\/\/edizioni.cierrenet.it\/volumi\/il-ponte-delle-disgrazie\/\">Il Ponte delle Disgrazie<\/a><\/p><\/blockquote>\n<p><iframe loading=\"lazy\" class=\"wp-embedded-content\" sandbox=\"allow-scripts\" security=\"restricted\" style=\"position: absolute; clip: rect(1px, 1px, 1px, 1px);\" title=\"&#8220;Il Ponte delle Disgrazie&#8221; &#8212; Cierre Edizioni\" src=\"https:\/\/edizioni.cierrenet.it\/volumi\/il-ponte-delle-disgrazie\/embed\/#?secret=A88CrEexPN#?secret=kh593llqB3\" data-secret=\"kh593llqB3\" width=\"600\" height=\"338\" frameborder=\"0\" marginwidth=\"0\" marginheight=\"0\" scrolling=\"no\"><\/iframe><\/p>\n<p>&nbsp;<\/p>\n<p><strong><img loading=\"lazy\" decoding=\"async\" class=\"\" src=\"https:\/\/www.radiopiu.net\/wordpress\/wp-content\/uploads\/2022\/04\/belluno-lambioi-3.jpg\" width=\"821\" height=\"462\" \/><\/strong><\/p>\n<p>&nbsp;<\/p>\n","protected":false},"excerpt":{"rendered":"<p>&nbsp; BELLUNO DI MORENO GIOLI &nbsp; &nbsp; PONTE SUL PIAVE, MASSARO &#8220;STANNO CAMBIANDO LE FONTI DI FINANZIAMENTO NON LA STRATEGIA E L&#8217;OPERA S&#8217;HA DA FARE&#8221; BELLUNO Per il sindaco Jacopo Massaro non \u00e8 stato perso nulla, il ponte sul Piave si far\u00e0 perch\u00e9 c&#8217;\u00e8 una &#8220;marea di soldi disponibili&#8221; oppure, in caso contrario, la Regione&hellip;<\/p>\n","protected":false},"author":4,"featured_media":270875,"comment_status":"closed","ping_status":"closed","sticky":false,"template":"","format":"standard","meta":{"_monsterinsights_skip_tracking":false,"_monsterinsights_sitenote_active":false,"_monsterinsights_sitenote_note":"","_monsterinsights_sitenote_category":0,"footnotes":""},"categories":[51,49],"tags":[],"class_list":["post-277515","post","type-post","status-publish","format-standard","has-post-thumbnail","hentry","category-evidenza-top","category-news-18","category-51","category-49","description-off"],"img_url":"https:\/\/www.radiopiu.net\/wordpress\/wp-content\/uploads\/2022\/04\/belluno-lambioi-3.jpg","_links":{"self":[{"href":"https:\/\/www.radiopiu.net\/wordpress\/wp-json\/wp\/v2\/posts\/277515","targetHints":{"allow":["GET"]}}],"collection":[{"href":"https:\/\/www.radiopiu.net\/wordpress\/wp-json\/wp\/v2\/posts"}],"about":[{"href":"https:\/\/www.radiopiu.net\/wordpress\/wp-json\/wp\/v2\/types\/post"}],"author":[{"embeddable":true,"href":"https:\/\/www.radiopiu.net\/wordpress\/wp-json\/wp\/v2\/users\/4"}],"replies":[{"embeddable":true,"href":"https:\/\/www.radiopiu.net\/wordpress\/wp-json\/wp\/v2\/comments?post=277515"}],"version-history":[{"count":0,"href":"https:\/\/www.radiopiu.net\/wordpress\/wp-json\/wp\/v2\/posts\/277515\/revisions"}],"wp:featuredmedia":[{"embeddable":true,"href":"https:\/\/www.radiopiu.net\/wordpress\/wp-json\/wp\/v2\/media\/270875"}],"wp:attachment":[{"href":"https:\/\/www.radiopiu.net\/wordpress\/wp-json\/wp\/v2\/media?parent=277515"}],"wp:term":[{"taxonomy":"category","embeddable":true,"href":"https:\/\/www.radiopiu.net\/wordpress\/wp-json\/wp\/v2\/categories?post=277515"},{"taxonomy":"post_tag","embeddable":true,"href":"https:\/\/www.radiopiu.net\/wordpress\/wp-json\/wp\/v2\/tags?post=277515"}],"curies":[{"name":"wp","href":"https:\/\/api.w.org\/{rel}","templated":true}]}}