{"id":277532,"date":"2022-05-26T06:00:15","date_gmt":"2022-05-26T04:00:15","guid":{"rendered":"https:\/\/www.radiopiu.net\/wordpress\/?p=277532"},"modified":"2022-05-26T10:31:23","modified_gmt":"2022-05-26T08:31:23","slug":"giornale-radiopiu-26-maggio-2022-direttore-mirko-mezzacasa","status":"publish","type":"post","link":"https:\/\/www.radiopiu.net\/wordpress\/giornale-radiopiu-26-maggio-2022-direttore-mirko-mezzacasa\/","title":{"rendered":"GIORNALE RADIOPIU 26 MAGGIO 2022 DIRETTORE MIRKO MEZZACASA"},"content":{"rendered":"<h3 class=\"kvgmc6g5 cxmmr5t8 oygrvhab hcukyx3x c1et5uql\"><span style=\"color: #0000ff;\"><strong>RADIO PIU INFORMAZIONE il canale su TELEGRAM informazione di prima\u00a0 <\/strong><\/span><span style=\"color: #0000ff;\"><strong>mano e in tempo reale. iscriviti ed aiutaci a farlo conoscere\u00a0\u00a0<\/strong><\/span><\/h3>\n<p>&nbsp;<\/p>\n<blockquote>\n<h3>28 MAGGIO &#8211; PASSAGGIO GIRO D\u2019ITALIA: SOSPESI PUNTI TAMPONI DI AGORDO E TAI DI CADORE<\/h3>\n<\/blockquote>\n<p>Il relazione alla tappa bellunese del Giro d\u2019Italia, SABATO 28 maggio 2022 saranno sospesi i Covid Point di Agordo e Tai di Cadore..<\/p>\n<p>&nbsp;<\/p>\n<blockquote>\n<h3>DUE GIORNI A SINGHIOZZO SUL GIAU PER LE RIPRESE CINEMATOGRAFICHE, SENSO UNICO IN PROSSIMITA&#8217; DI AGORDO<\/h3>\n<\/blockquote>\n<p><strong>SP 638 PASSO GIAU<\/strong> oggi e il 1 giugno dalle 6 alle 20 chiusure temporanee di massimo 30 minuti per riprese cinematografiche<\/p>\n<p><span style=\"color: #ff0000;\"><strong>REGIONALE 347 CIBIANA:\u00a0 senso unico alternato, regolato da semaforo, dalle 8 alle 18 fino al giorno 30 mentre per sabato 28 \u00e8 prevista la chiusura totale dalle 7.15 alle 20.<\/strong><\/span><\/p>\n<p>&nbsp;<\/p>\n<hr \/>\n<p>&nbsp;<\/p>\n<blockquote>\n<h3>FORZA NINO! DAI CHE SUPERI ANCHE QUESTO URAGANO<\/h3>\n<\/blockquote>\n<p><strong><img loading=\"lazy\" decoding=\"async\" class=\"alignleft\" src=\"https:\/\/www.radiopiu.net\/wordpress\/wp-content\/uploads\/2021\/05\/GIOVANNI-DEON.jpg\" width=\"150\" height=\"145\" \/>RIVAMONTE<\/strong> Ieri sera la notizia \u00e8 circolata con grande preoccupazione sulla chat dei sindaci dell&#8217;Agordino<em> &#8220;Nino ha avuto un malore ed \u00e8 in ospedale&#8221;.<\/em> Tutto vero purtroppo, ma il leone si \u00e8 ripreso e ieri sera ha risposto alla telefonata di Gianni Santomaso. Qualche giorno in osservazione e poi potr\u00e0 tornare al suo posto, la campagna elettorale pre amministrative del 12 giugno lo aspetta, cosi&#8217; come i 7 consiglieri su 10 pronti ad appoggiarlo.<\/p>\n<p><strong>AUDIO<\/strong><\/p>\n<audio class=\"wp-audio-shortcode\" id=\"audio-277532-1\" preload=\"none\" style=\"width: 100%;\" controls=\"controls\"><source type=\"audio\/mpeg\" src=\"https:\/\/www.radiopiu.net\/wordpress\/wp-content\/uploads\/2022\/05\/NINO.mp3?_=1\" \/><a href=\"https:\/\/www.radiopiu.net\/wordpress\/wp-content\/uploads\/2022\/05\/NINO.mp3\">https:\/\/www.radiopiu.net\/wordpress\/wp-content\/uploads\/2022\/05\/NINO.mp3<\/a><\/audio>\n<p>&nbsp;<\/p>\n<hr \/>\n<p>&nbsp;<\/p>\n<blockquote>\n<h3>I FILMATI SULL&#8217;AGGRESSIONE DI VIA FELTRE, DENUNCIATO IL TENTATO STUPRO<\/h3>\n<\/blockquote>\n<blockquote><p><em>Gli atti tornano al pubblico ministero Simone Marcon. Non si pu\u00f2 procedere solo per percosse, ma occorre valutare violenza sessuale, violenza provata e lesioni. Gli avvocati che rappresentato la donna, Paolo Patelmo e Sofia Rancan contano sul fatto che, durante le nuove indagini, vengano sentiti la donna, l&#8217;amica e le i due vigilantes di Mondiapol,<\/em><\/p><\/blockquote>\n<p><strong><img loading=\"lazy\" decoding=\"async\" class=\"alignleft\" src=\"https:\/\/www.radiopiu.net\/wordpress\/wp-content\/uploads\/2022\/05\/gallery5-400x333-2.jpg\" width=\"178\" height=\"148\" \/><\/strong><b>BELLUNO<\/b>\u00a0 L&#8217;aggressione di via Feltre \u00e8 stata immortalata in due video. La violenza subita su una panchina, che andr\u00e0 dimostrata in tribunale, \u00e8 stata ricostruita in maniera precisa e coerente dalla 30enne bellunese al giudice di pace Nicola Parrocco e al pubblico ministero Sandra Rossi, durante il processo a F.F., 35enne cittadino maliano che, per il momento, \u00e8 accusato di percosse. Ma la sua situazione potrebbe complicarsi. Qualcuno non se l&#8217;\u00e8 sentita d&#8217;intervenire, ma ha almeno ha filmato una parte di quanto accaduto il 13 dicembre dell&#8217;anno scorso. Solo quando\u00a0 ha visto gli uomini della Mondialpol, con le pistole nelle fondine, l&#8217;aggressore si \u00e8 convinto a lasciare stare la donna. Il ricorso all&#8217;ospedale: ancora scossa e spaventata, la donna \u00e8 andata in Pronto soccorso.<\/p>\n<p>Il racconto completo sul quotidiano bellunese Corriere delle Alpi, di Gigi Sosso<\/p>\n<p>&nbsp;<\/p>\n<p>&nbsp;<\/p>\n<hr \/>\n<blockquote>\n<h3><\/h3>\n<h3>OSS ASSOLTO IN APPELLO, NON HA VIOLENTATO LA DISABILE<\/h3>\n<p>Troppe versioni, spesso diverse. Il\u00a0 pubblico ministero\u00a0 Simone Marcon aveva chiesto il minimo della pena, 6 anni (massimo 12), il Tribunale aveva condannato l&#8217;Oss a cinque anni.<\/p><\/blockquote>\n<p><strong><a class=\"dt-pswp-item\" href=\"https:\/\/www.radiopiu.net\/wordpress\/wp-content\/uploads\/2021\/07\/gallery_H05050102.png\" data-dt-img-description=\"\" data-large_image_width=\"600\" data-large_image_height=\"600\"><img loading=\"lazy\" decoding=\"async\" class=\"size-thumbnail wp-image-219312 alignleft\" src=\"https:\/\/www.radiopiu.net\/wordpress\/wp-content\/uploads\/2021\/07\/gallery_H05050102-150x150.png\" alt=\"\" width=\"150\" height=\"150\" srcset=\"https:\/\/www.radiopiu.net\/wordpress\/wp-content\/uploads\/2021\/07\/gallery_H05050102-150x150.png 150w, https:\/\/www.radiopiu.net\/wordpress\/wp-content\/uploads\/2021\/07\/gallery_H05050102-300x300.png 300w, https:\/\/www.radiopiu.net\/wordpress\/wp-content\/uploads\/2021\/07\/gallery_H05050102.png 600w\" sizes=\"auto, (max-width: 150px) 100vw, 150px\" \/><\/a>AGORDO<\/strong> Davide Barresi, 52 anni, operatore socio sanitario nato a Catania dove oggi \u00e8 ritornato dopo l&#8217;esperienza lavorativa tra le Dolomiti,\u00a0 \u00e8 stato assolto nel giudizio di secondo grado perch\u00e9 &#8220;il fatto non sussiste&#8221;. Lavorava nella Rsa di Agordo e in primo grado era stato condannato a cinque anni di reclusione, all&#8217;interdizione perpetua dai pubblici uffici e al risarcimento danni di 5 mila euro.\u00a0 A Venezia il difensore Valentina Mazzucco ha ottenuto quello il Tribunale di Belluno le aveva negato. Tra tre mesi la motivazione della sentenza.\u00a0 La 75enne ospite della residenza sanitaria, con invalidit\u00e0 civile al 100 per cento, era stata ascoltata durante le indagini preliminari, in incidente probatorio, e aveva raccontato quello che le sarebbe successo nel luglio 2018: apprezzamenti,\u00a0 palpeggiamenti nello scantinato. In un&#8217;altra occasione la donna aveva parlato anche dell&#8217;operatore denudatosi e dopo un mese ne avrebbe parlato con le assistenti sociali.<\/p>\n<p>Il racconto completo sul quotidiano bellunese Corriere delle Alpi, di Gigi Sosso<\/p>\n<p>&nbsp;<\/p>\n<hr \/>\n<p>&nbsp;<\/p>\n<blockquote>\n<h3>LA GRANDINE TRA ALANO E QUERO, DANNI ALLE AZIENDE<br \/>\n<strong>\u00a0<\/strong><\/h3>\n<\/blockquote>\n<p><strong>QUERO VAS<\/strong> La grandinata dell&#8217;altra sera non ha causato danni solo nel trevigiano, ad Asolo e nel Montello soprattutto,\u00a0 ha colpito duro anche\u00a0 \u00a0tra Alano e Quero. Una decina le aziende agricole danneggiate. Chi \u00e8 assicurato potr\u00e0 contare sul risarcimento.\u00a0 Avepa far\u00e0 una ricognizione dei danni delimitando i comuni colpiti e poi verificher\u00e0 se sussistono le condizioni per dichiarare lo stato di calamit\u00e0.<\/p>\n<p><strong>\u00a0nel video Asolo<\/strong><\/p>\n<div style=\"width: 1080px;\" class=\"wp-video\"><video class=\"wp-video-shortcode\" id=\"video-277532-1\" width=\"1080\" height=\"720\" preload=\"metadata\" controls=\"controls\"><source type=\"video\/mp4\" src=\"https:\/\/www.radiopiu.net\/wordpress\/wp-content\/uploads\/2022\/05\/FilmForth-Senza-titolo.mp4?_=1\" \/><a href=\"https:\/\/www.radiopiu.net\/wordpress\/wp-content\/uploads\/2022\/05\/FilmForth-Senza-titolo.mp4\">https:\/\/www.radiopiu.net\/wordpress\/wp-content\/uploads\/2022\/05\/FilmForth-Senza-titolo.mp4<\/a><\/video><\/div>\n<p>&nbsp;<\/p>\n<p>&nbsp;<\/p>\n<hr \/>\n<blockquote>\n<h3><\/h3>\n<h3>IL SOPRALLUOGO AI LAVORI DI MESSA IN SICUREZZA DEL LAGO DI ALLEGHE<\/h3>\n<\/blockquote>\n<p><strong>ALLEGHE<\/strong> L\u2019Assessore all\u2019Ambiente e al Dissesto Idrogeologico della Regione del Veneto ha fatto un sopralluogo ad Alleghe, nel Bellunese, per fare il punto sui lavori che si stanno eseguendo per la messa in sicurezza del lago attraverso la realizzazione dello sfioratore di piena. Il canale progettato avr\u00e0 una lunghezza di circa 55 metri, una larghezza di 3 metri e una profondit\u00e0 variabile da un minimo di 6 metri ad un massimo di 8 metri La portata derivabile da questo canale sar\u00e0 pari a circa 35 metricubi\/secondo, a fronte di una portata di scarico attuale dello sbarramento di circa 110 metricubi\/secondo. Complessivamente, con l\u2019intervento in esecuzione, il deflusso dello sbarramento sar\u00e0 quindi aumentato di circa il 30%. La costruzione dell\u2019opera prevede la realizzazione di una paratia di confinamento in micropali, lo scavo in sezione obbligata e successivamente la costruzione delle opere strutturali in calcestruzzo armato, sovrastate da un grigliato carrabile per le attivit\u00e0 manutentive.<\/p>\n\n\t\t\t<style type='text\/css'>\n\t\t\t\t#gallery-1 {\n\t\t\t\t\tmargin: auto;\n\t\t\t\t}\n\t\t\t\t#gallery-1 .gallery-item {\n\t\t\t\t\tfloat: left;\n\t\t\t\t\tmargin-top: 10px;\n\t\t\t\t\ttext-align: center;\n\t\t\t\t\twidth: 33%;\n\t\t\t\t}\n\t\t\t\t#gallery-1 img {\n\t\t\t\t\tborder: 2px solid #cfcfcf;\n\t\t\t\t}\n\t\t\t\t#gallery-1 .gallery-caption {\n\t\t\t\t\tmargin-left: 0;\n\t\t\t\t}\n\t\t\t\t\/* see gallery_shortcode() in wp-includes\/media.php *\/\n\t\t\t<\/style>\n\t\t<div id='gallery-1' class='dt-gallery-container gallery galleryid-277532 gallery-columns-3 gallery-size-thumbnail'><dl class='gallery-item'>\n\t\t\t\t<dt class='gallery-icon portrait'>\n\t\t\t\t\t<a class=\"rollover rollover-zoom dt-pswp-item\" title=\"assessore ambiente sopralluogo 2\" data-dt-img-description=\"\" data-large_image_width=\"1519\" data-large_image_height=\"2048\"href='https:\/\/www.radiopiu.net\/wordpress\/wp-content\/uploads\/2022\/05\/assessore-ambiente-sopralluogo-2.jpg'><img loading=\"lazy\" decoding=\"async\" width=\"150\" height=\"150\" src=\"https:\/\/www.radiopiu.net\/wordpress\/wp-content\/uploads\/2022\/05\/assessore-ambiente-sopralluogo-2-150x150.jpg\" class=\"attachment-thumbnail size-thumbnail\" alt=\"\" \/><\/a>\n\t\t\t\t<\/dt><\/dl><dl class='gallery-item'>\n\t\t\t\t<dt class='gallery-icon landscape'>\n\t\t\t\t\t<a class=\"rollover rollover-zoom dt-pswp-item\" title=\"sopralluogo assessore ambiente 1\" data-dt-img-description=\"\" data-large_image_width=\"640\" data-large_image_height=\"480\"href='https:\/\/www.radiopiu.net\/wordpress\/wp-content\/uploads\/2022\/05\/sopralluogo-assessore-ambiente-1.jpg'><img loading=\"lazy\" decoding=\"async\" width=\"150\" height=\"150\" src=\"https:\/\/www.radiopiu.net\/wordpress\/wp-content\/uploads\/2022\/05\/sopralluogo-assessore-ambiente-1-150x150.jpg\" class=\"attachment-thumbnail size-thumbnail\" alt=\"\" \/><\/a>\n\t\t\t\t<\/dt><\/dl><dl class='gallery-item'>\n\t\t\t\t<dt class='gallery-icon portrait'>\n\t\t\t\t\t<a class=\"rollover rollover-zoom dt-pswp-item\" title=\"sopralluogo assessore ambiente\" data-dt-img-description=\"\" data-large_image_width=\"480\" data-large_image_height=\"640\"href='https:\/\/www.radiopiu.net\/wordpress\/wp-content\/uploads\/2022\/05\/sopralluogo-assessore-ambiente.jpg'><img loading=\"lazy\" decoding=\"async\" width=\"150\" height=\"150\" src=\"https:\/\/www.radiopiu.net\/wordpress\/wp-content\/uploads\/2022\/05\/sopralluogo-assessore-ambiente-150x150.jpg\" class=\"attachment-thumbnail size-thumbnail\" alt=\"\" \/><\/a>\n\t\t\t\t<\/dt><\/dl><br style=\"clear: both\" \/><dl class='gallery-item'>\n\t\t\t\t<dt class='gallery-icon portrait'>\n\t\t\t\t\t<a class=\"rollover rollover-zoom dt-pswp-item\" title=\"a0681fd1-9116-4f5a-8c50-9579825afb5e\" data-dt-img-description=\"\" data-large_image_width=\"1500\" data-large_image_height=\"2000\"href='https:\/\/www.radiopiu.net\/wordpress\/wp-content\/uploads\/2022\/05\/a0681fd1-9116-4f5a-8c50-9579825afb5e.jpg'><img loading=\"lazy\" decoding=\"async\" width=\"150\" height=\"150\" src=\"https:\/\/www.radiopiu.net\/wordpress\/wp-content\/uploads\/2022\/05\/a0681fd1-9116-4f5a-8c50-9579825afb5e-150x150.jpg\" class=\"attachment-thumbnail size-thumbnail\" alt=\"\" \/><\/a>\n\t\t\t\t<\/dt><\/dl><dl class='gallery-item'>\n\t\t\t\t<dt class='gallery-icon portrait'>\n\t\t\t\t\t<a class=\"rollover rollover-zoom dt-pswp-item\" title=\"2c0be44b-8ec0-498e-a489-05ac474b223f\" data-dt-img-description=\"\" data-large_image_width=\"1200\" data-large_image_height=\"1600\"href='https:\/\/www.radiopiu.net\/wordpress\/wp-content\/uploads\/2022\/05\/2c0be44b-8ec0-498e-a489-05ac474b223f.jpg'><img loading=\"lazy\" decoding=\"async\" width=\"150\" height=\"150\" src=\"https:\/\/www.radiopiu.net\/wordpress\/wp-content\/uploads\/2022\/05\/2c0be44b-8ec0-498e-a489-05ac474b223f-150x150.jpg\" class=\"attachment-thumbnail size-thumbnail\" alt=\"\" \/><\/a>\n\t\t\t\t<\/dt><\/dl><dl class='gallery-item'>\n\t\t\t\t<dt class='gallery-icon landscape'>\n\t\t\t\t\t<a class=\"rollover rollover-zoom dt-pswp-item\" title=\"f5bcd3f9-c885-4330-9fbc-2d7b20da7a6a\" data-dt-img-description=\"\" data-large_image_width=\"2000\" data-large_image_height=\"1500\"href='https:\/\/www.radiopiu.net\/wordpress\/wp-content\/uploads\/2022\/05\/f5bcd3f9-c885-4330-9fbc-2d7b20da7a6a.jpg'><img loading=\"lazy\" decoding=\"async\" width=\"150\" height=\"150\" src=\"https:\/\/www.radiopiu.net\/wordpress\/wp-content\/uploads\/2022\/05\/f5bcd3f9-c885-4330-9fbc-2d7b20da7a6a-150x150.jpg\" class=\"attachment-thumbnail size-thumbnail\" alt=\"\" \/><\/a>\n\t\t\t\t<\/dt><\/dl><br style=\"clear: both\" \/><dl class='gallery-item'>\n\t\t\t\t<dt class='gallery-icon portrait'>\n\t\t\t\t\t<a class=\"rollover rollover-zoom dt-pswp-item\" title=\"9db71319-4cd1-4691-a1e8-d9d2f6bf908c\" data-dt-img-description=\"\" data-large_image_width=\"1488\" data-large_image_height=\"1984\"href='https:\/\/www.radiopiu.net\/wordpress\/wp-content\/uploads\/2022\/05\/9db71319-4cd1-4691-a1e8-d9d2f6bf908c.jpg'><img loading=\"lazy\" decoding=\"async\" width=\"150\" height=\"150\" src=\"https:\/\/www.radiopiu.net\/wordpress\/wp-content\/uploads\/2022\/05\/9db71319-4cd1-4691-a1e8-d9d2f6bf908c-150x150.jpg\" class=\"attachment-thumbnail size-thumbnail\" alt=\"\" \/><\/a>\n\t\t\t\t<\/dt><\/dl><dl class='gallery-item'>\n\t\t\t\t<dt class='gallery-icon portrait'>\n\t\t\t\t\t<a class=\"rollover rollover-zoom dt-pswp-item\" title=\"babda86c-70e7-4eef-a688-98d2d200c966\" data-dt-img-description=\"\" data-large_image_width=\"1500\" data-large_image_height=\"2000\"href='https:\/\/www.radiopiu.net\/wordpress\/wp-content\/uploads\/2022\/05\/babda86c-70e7-4eef-a688-98d2d200c966.jpg'><img loading=\"lazy\" decoding=\"async\" width=\"150\" height=\"150\" src=\"https:\/\/www.radiopiu.net\/wordpress\/wp-content\/uploads\/2022\/05\/babda86c-70e7-4eef-a688-98d2d200c966-150x150.jpg\" class=\"attachment-thumbnail size-thumbnail\" alt=\"\" \/><\/a>\n\t\t\t\t<\/dt><\/dl><dl class='gallery-item'>\n\t\t\t\t<dt class='gallery-icon portrait'>\n\t\t\t\t\t<a class=\"rollover rollover-zoom dt-pswp-item\" title=\"af22d20e-6879-408b-9de5-aceb9564933c\" data-dt-img-description=\"\" data-large_image_width=\"1488\" data-large_image_height=\"1984\"href='https:\/\/www.radiopiu.net\/wordpress\/wp-content\/uploads\/2022\/05\/af22d20e-6879-408b-9de5-aceb9564933c.jpg'><img loading=\"lazy\" decoding=\"async\" width=\"150\" height=\"150\" src=\"https:\/\/www.radiopiu.net\/wordpress\/wp-content\/uploads\/2022\/05\/af22d20e-6879-408b-9de5-aceb9564933c-150x150.jpg\" class=\"attachment-thumbnail size-thumbnail\" alt=\"\" \/><\/a>\n\t\t\t\t<\/dt><\/dl><br style=\"clear: both\" \/>\n\t\t\t<\/div>\n\n<p>&nbsp;<\/p>\n<p><strong>ALLEGHE\u00a0 <\/strong>L\u2019Assessore all\u2019Ambiente della Regione del Veneto in sopralluogo ad Alleghe per fare il punto sui lavori che si stanno eseguendo per la messa in sicurezza del lago attraverso la realizzazione dello sfioratore di piena. Si tratta di un intervento da 1,8 milioni di euro.<\/p>\n<audio class=\"wp-audio-shortcode\" id=\"audio-277532-2\" preload=\"none\" style=\"width: 100%;\" controls=\"controls\"><source type=\"audio\/mpeg\" src=\"https:\/\/www.radiopiu.net\/wordpress\/wp-content\/uploads\/2022\/05\/BOTTACIN-CANALE.mp3?_=2\" \/><a href=\"https:\/\/www.radiopiu.net\/wordpress\/wp-content\/uploads\/2022\/05\/BOTTACIN-CANALE.mp3\">https:\/\/www.radiopiu.net\/wordpress\/wp-content\/uploads\/2022\/05\/BOTTACIN-CANALE.mp3<\/a><\/audio>\n<p><strong>IL DIRETTORE DEI LAVORI, FELICE GAIARDO\u00a0<\/strong><\/p>\n<audio class=\"wp-audio-shortcode\" id=\"audio-277532-3\" preload=\"none\" style=\"width: 100%;\" controls=\"controls\"><source type=\"audio\/mpeg\" src=\"https:\/\/www.radiopiu.net\/wordpress\/wp-content\/uploads\/2022\/05\/GAIARDO-CANALE-ALLEGHE.mp3?_=3\" \/><a href=\"https:\/\/www.radiopiu.net\/wordpress\/wp-content\/uploads\/2022\/05\/GAIARDO-CANALE-ALLEGHE.mp3\">https:\/\/www.radiopiu.net\/wordpress\/wp-content\/uploads\/2022\/05\/GAIARDO-CANALE-ALLEGHE.mp3<\/a><\/audio>\n<p><strong>I SINDACI ANDREA DE BERNARDIN E DANILO DE TONI<\/strong><\/p>\n<audio class=\"wp-audio-shortcode\" id=\"audio-277532-4\" preload=\"none\" style=\"width: 100%;\" controls=\"controls\"><source type=\"audio\/mpeg\" src=\"https:\/\/www.radiopiu.net\/wordpress\/wp-content\/uploads\/2022\/05\/ANDREA-DANILO-CANALE.mp3?_=4\" \/><a href=\"https:\/\/www.radiopiu.net\/wordpress\/wp-content\/uploads\/2022\/05\/ANDREA-DANILO-CANALE.mp3\">https:\/\/www.radiopiu.net\/wordpress\/wp-content\/uploads\/2022\/05\/ANDREA-DANILO-CANALE.mp3<\/a><\/audio>\n<p>&nbsp;<\/p>\n<p><strong>LA DIRETTA RADIO PIU&#8217;\u00a0<\/strong><\/p>\n<p>&nbsp;<\/p>\n<p>https:\/\/www.facebook.com\/marco.baghy.1\/videos\/471531268107891<\/p>\n<p>&nbsp;<\/p>\n<hr \/>\n<p>&nbsp;<\/p>\n<blockquote>\n<h3>DILLO A RADIO PIU&#8217;&#8230;IL CALVARIO DEL MERCOLEDI&#8217; MATTINA<\/h3>\n<\/blockquote>\n<p><strong>REDAZIONE<\/strong> Riceviamo e pubblichiamo una segnalazione arrivata da un nostro ascoltatore che riguarda Viale Sommariva il mercoled\u00ec, quando la strada diventa a doppio senso di marcia per il mercato. I problemi non mancano, specialmente al primo mattino quando i genitori devono portare i figli a scuola. Il problema riguarda la zona dove si accede al parcheggio del Super W. &#8220;<em>Essendo un parcheggio privato, evidentemente hanno diritto di chiudere la sbarra per evitare che vengano usati i parcheggi da &#8220;non clienti&#8221; &#8211; ci dice il nostro ascoltatore &#8211; Per\u00f2 tra le 7:30 e le 8 \u00e8 un disastro, ragazzini che attraversano, macchine imbottigliate che trovano la sbarra chiusa e non possono pi\u00f9 girarsi, altre che rimangono chiuse nel parcheggio perch\u00e9 viene chiusa la sbarra mentre portano i bambini a scuola. Ripeto, se vogliono tenere la sbarra chiusa fino alle 8.30 quando aprono, benissimo. Per\u00f2 penso che il comune deve rivedere la viabilit\u00e0<\/em>&#8220;.<\/p>\n\n\t\t\t<style type='text\/css'>\n\t\t\t\t#gallery-2 {\n\t\t\t\t\tmargin: auto;\n\t\t\t\t}\n\t\t\t\t#gallery-2 .gallery-item {\n\t\t\t\t\tfloat: left;\n\t\t\t\t\tmargin-top: 10px;\n\t\t\t\t\ttext-align: center;\n\t\t\t\t\twidth: 25%;\n\t\t\t\t}\n\t\t\t\t#gallery-2 img {\n\t\t\t\t\tborder: 2px solid #cfcfcf;\n\t\t\t\t}\n\t\t\t\t#gallery-2 .gallery-caption {\n\t\t\t\t\tmargin-left: 0;\n\t\t\t\t}\n\t\t\t\t\/* see gallery_shortcode() in wp-includes\/media.php *\/\n\t\t\t<\/style>\n\t\t<div id='gallery-2' class='dt-gallery-container gallery galleryid-277532 gallery-columns-4 gallery-size-thumbnail'><dl class='gallery-item'>\n\t\t\t\t<dt class='gallery-icon landscape'>\n\t\t\t\t\t<a class=\"rollover rollover-zoom dt-pswp-item\" title=\"1de91bc0-1f7a-45ce-9047-7b47aec2feed\" data-dt-img-description=\"\" data-large_image_width=\"1600\" data-large_image_height=\"1200\"href='https:\/\/www.radiopiu.net\/wordpress\/wp-content\/uploads\/2022\/05\/1de91bc0-1f7a-45ce-9047-7b47aec2feed.jpg'><img loading=\"lazy\" decoding=\"async\" width=\"150\" height=\"150\" src=\"https:\/\/www.radiopiu.net\/wordpress\/wp-content\/uploads\/2022\/05\/1de91bc0-1f7a-45ce-9047-7b47aec2feed-150x150.jpg\" class=\"attachment-thumbnail size-thumbnail\" alt=\"\" \/><\/a>\n\t\t\t\t<\/dt><\/dl><dl class='gallery-item'>\n\t\t\t\t<dt class='gallery-icon landscape'>\n\t\t\t\t\t<a class=\"rollover rollover-zoom dt-pswp-item\" title=\"698224a7-6d8a-4458-9114-c574c5aad826\" data-dt-img-description=\"\" data-large_image_width=\"1600\" data-large_image_height=\"1200\"href='https:\/\/www.radiopiu.net\/wordpress\/wp-content\/uploads\/2022\/05\/698224a7-6d8a-4458-9114-c574c5aad826.jpg'><img loading=\"lazy\" decoding=\"async\" width=\"150\" height=\"150\" src=\"https:\/\/www.radiopiu.net\/wordpress\/wp-content\/uploads\/2022\/05\/698224a7-6d8a-4458-9114-c574c5aad826-150x150.jpg\" class=\"attachment-thumbnail size-thumbnail\" alt=\"\" \/><\/a>\n\t\t\t\t<\/dt><\/dl><dl class='gallery-item'>\n\t\t\t\t<dt class='gallery-icon landscape'>\n\t\t\t\t\t<a class=\"rollover rollover-zoom dt-pswp-item\" title=\"f202a3ec-6e30-4497-8aff-e81f2dc888db\" data-dt-img-description=\"\" data-large_image_width=\"1600\" data-large_image_height=\"1201\"href='https:\/\/www.radiopiu.net\/wordpress\/wp-content\/uploads\/2022\/05\/f202a3ec-6e30-4497-8aff-e81f2dc888db.jpg'><img loading=\"lazy\" decoding=\"async\" width=\"150\" height=\"150\" src=\"https:\/\/www.radiopiu.net\/wordpress\/wp-content\/uploads\/2022\/05\/f202a3ec-6e30-4497-8aff-e81f2dc888db-150x150.jpg\" class=\"attachment-thumbnail size-thumbnail\" alt=\"\" \/><\/a>\n\t\t\t\t<\/dt><\/dl><dl class='gallery-item'>\n\t\t\t\t<dt class='gallery-icon landscape'>\n\t\t\t\t\t<a class=\"rollover rollover-zoom dt-pswp-item\" title=\"61668109-0214-4619-b94a-bcbf0c4fd129\" data-dt-img-description=\"\" data-large_image_width=\"1600\" data-large_image_height=\"1201\"href='https:\/\/www.radiopiu.net\/wordpress\/wp-content\/uploads\/2022\/05\/61668109-0214-4619-b94a-bcbf0c4fd129.jpg'><img loading=\"lazy\" decoding=\"async\" width=\"150\" height=\"150\" src=\"https:\/\/www.radiopiu.net\/wordpress\/wp-content\/uploads\/2022\/05\/61668109-0214-4619-b94a-bcbf0c4fd129-150x150.jpg\" class=\"attachment-thumbnail size-thumbnail\" alt=\"\" \/><\/a>\n\t\t\t\t<\/dt><\/dl><br style=\"clear: both\" \/>\n\t\t\t<\/div>\n\n<p>&nbsp;<\/p>\n<hr \/>\n<p>&nbsp;<\/p>\n<blockquote>\n<h3>PONTE SUL PIAVE, MASSARO &#8220;STANNO CAMBIANDO LE FONTI DI FINANZIAMENTO NON LA STRATEGIA E L&#8217;OPERA S&#8217;HA DA FARE&#8221;<\/h3>\n<\/blockquote>\n<p><strong><a class=\"dt-pswp-item\" href=\"https:\/\/www.radiopiu.net\/wordpress\/wp-content\/uploads\/2021\/03\/1ec0f4d0-1019-45c6-9771-4cefb0a1b0ce.jpg\" data-dt-img-description=\"\" data-large_image_width=\"1066\" data-large_image_height=\"1600\"><img loading=\"lazy\" decoding=\"async\" class=\" wp-image-197820 alignleft\" src=\"https:\/\/www.radiopiu.net\/wordpress\/wp-content\/uploads\/2021\/03\/1ec0f4d0-1019-45c6-9771-4cefb0a1b0ce-150x150.jpg\" alt=\"\" width=\"89\" height=\"89\" \/><\/a>BELLUNO<\/strong> Per il sindaco Jacopo Massaro non \u00e8 stato perso nulla, il ponte sul Piave si far\u00e0 perch\u00e9 c&#8217;\u00e8 una &#8220;marea di soldi disponibili&#8221; oppure, in caso contrario, la Regione e il Comune rischiano di incorrere nel danno erariale&#8230;<\/p>\n<p>&nbsp;<\/p>\n<audio class=\"wp-audio-shortcode\" id=\"audio-277532-5\" preload=\"none\" style=\"width: 100%;\" controls=\"controls\"><source type=\"audio\/mpeg\" src=\"https:\/\/www.radiopiu.net\/wordpress\/wp-content\/uploads\/2022\/05\/massaro.mp3?_=5\" \/><a href=\"https:\/\/www.radiopiu.net\/wordpress\/wp-content\/uploads\/2022\/05\/massaro.mp3\">https:\/\/www.radiopiu.net\/wordpress\/wp-content\/uploads\/2022\/05\/massaro.mp3<\/a><\/audio>\n<p>&nbsp;<\/p>\n<h3><span style=\"color: #ff0000;\"><strong>IERI ALLA RADIO<\/strong><\/span><\/h3>\n<div class=\"page-title-head hgroup\">\n<blockquote>\n<h3 class=\"entry-title\">IL PONTE SUL PIAVE RIMARRA\u2019 PROGETTO DA CASSETTO, NON CI SONO PIU\u2019 I SOLDI<\/h3>\n<\/blockquote>\n<\/div>\n<div class=\"page-title-breadcrumbs\">\n<p><strong>BELLUNO<\/strong><\/p>\n<p><strong>DI MORENO GIOLI<\/strong><\/p>\n<audio class=\"wp-audio-shortcode\" id=\"audio-277532-6\" preload=\"none\" style=\"width: 100%;\" controls=\"controls\"><source type=\"audio\/mpeg\" src=\"https:\/\/www.radiopiu.net\/wordpress\/wp-content\/uploads\/2022\/05\/GIOLI.mp3?_=6\" \/><a href=\"https:\/\/www.radiopiu.net\/wordpress\/wp-content\/uploads\/2022\/05\/GIOLI.mp3\">https:\/\/www.radiopiu.net\/wordpress\/wp-content\/uploads\/2022\/05\/GIOLI.mp3<\/a><\/audio>\n<p>&nbsp;<\/p>\n<hr \/>\n<p>&nbsp;<\/p>\n<blockquote>\n<h2>ESSILOR LUXOTTICA RAFFORZA LE ATTIVITA&#8217; FILANTROPICHE<\/h2>\n<\/blockquote>\n<p><strong><img loading=\"lazy\" decoding=\"async\" class=\"alignleft\" src=\"https:\/\/www.radiopiu.net\/wordpress\/wp-content\/uploads\/2020\/01\/NUOVA-INSEGNA-LUXOTTICA-scaled.jpg\" width=\"274\" height=\"206\" \/>AGORDO<\/strong>\u00a0 EssilorLuxottica annuncia oggi il lancio della OneSight EssilorLuxottica Foundation, che rilancia l\u2019impegno del Gruppo nel realizzare la sua mission di aiutare le persone, ovunque nel mondo, a \u201cvedere meglio e vivere meglio\u201d. Si tratta di un pilastro importante della strategia di sostenibilit\u00e0 di EssilorLuxottica per supportare e promuovere la vista come diritto umano fondamentale. La OneSight EssilorLuxottica Foundation riunisce le principali azioni di advocacy e filantropiche del Gruppo a livello globale e svolger\u00e0 un ruolo di primo piano nella lotta contro i difetti visivi. La OneSight EssilorLuxottica Foundation si pone l\u2019obiettivo di aumentare la consapevolezza dell&#8217;importanza della vista e di sostenere la creazione di cure visive sostenibili grazie alla filantropia, lavorando al fianco di partner di riferimento per tradurre in azioni la risoluzione delle Nazioni Unite, &#8220;Vision for All&#8221;, e contribuendo cos\u00ec a eliminare i problemi di vista non corretti in una generazione. Questa nuova iniziativa di integrazione delle attivit\u00e0 relative alla mission \u00e8 un segnale tangibile dell&#8217;impegno di EssilorLuxottica per migliorare l&#8217;accesso alle cure della vista nelle comunit\u00e0 svantaggiate. La Fondazione costituir\u00e0 il luogo ideale per dare forma all&#8217;impegno di EssilorLuxottica, dei suoi dipendenti, dei suoi partner e dei suoi investitori, e per ottenere risultati concreti in questo ambito. <em>\u201cEssere azienda di riferimento del settore significa anche rendere accessibili a tutti nel mondo i vantaggi del vedere bene. Attraverso la OneSight EssilorLuxottica Foundation, coordineremo i nostri sforzi, le competenze acquisite e le partnership a livello internazionale per contribuire al cambiamento nell\u2019ambito delle politiche per la cura della vista. Con il sostegno di governi, ONG e altri partner, potremo contribuire al raggiungimento degli Obiettivi di sviluppo sostenibile delle Nazioni Unite in questo ambito. La OneSight EssilorLuxottica Foundation riunir\u00e0 sotto lo stesso tetto la lunga tradizione di iniziative sostenibili di Essilor e Luxottica\u201d<\/em>, hanno affermato Francesco Milleri e Paul du Saillant, rispettivamente Amministratore Delegato e Vice Amministratore Delegato di EssilorLuxottica.<\/p>\n<blockquote><p><em>La OneSight EssilorLuxottica Foundation riunisce sotto lo stesso tetto Vision for Life, le Essilor Vision Foundation presenti in Nord America, India, nel Sud-est asiatico e in Cina, la Fondazione Salmoiraghi &amp; Vigan\u00f2 in Italia, nonch\u00e9 i partner di lungo periodo OneSight e il Vision Impact Institute. Lo studio, &#8220;Eliminating Poor Vision in a Generation&#8221;, lanciato nel 2019 insieme all&#8217;Assemblea generale delle Nazioni Unite con il supporto di oltre 20 governi, ONG e partner del settore privato, delinea il ruolo significativo che il settore deve svolgere nella risoluzione dell\u2019emergenza della cura della vista. Nella consapevolezza della responsabilit\u00e0 che deriva dall\u2019essere azienda di riferimento del settore, con la OneSight EssilorLuxottica Foundation l\u2019azienda si impegna ad aiutare coloro che vivono problemi di vista non corretti nelle comunit\u00e0 in via di sviluppo a &#8220;vedere meglio e vivere meglio&#8221;.\u00a0<\/em><\/p><\/blockquote>\n<p>&nbsp;<\/p>\n<hr \/>\n<p>&nbsp;<\/p>\n<blockquote>\n<h3>ASSEMBLEA LUXOTTICA, APPROVATO IL DIVIDENDO PARI A 2,51 EURO AD AZIONE<\/h3>\n<\/blockquote>\n<p><strong><img loading=\"lazy\" decoding=\"async\" class=\"alignleft\" src=\"https:\/\/www.radiopiu.net\/wordpress\/wp-content\/uploads\/2020\/09\/ESSILOR-GRANDVISION-300x300.jpg\" width=\"181\" height=\"181\" \/>AGORDO<\/strong> Si \u00e8 tenuta l&#8217;Assemblea Annuale degli Azionisti di EssilorLuxottica a Parigi. Gli azionisti di EssilorLuxottica hanno approvato tutte le 16 delibere presentate dal Consiglio di Amministrazione, compresa quella relativa alla politica di remunerazione applicabile agli Amministratori Esecutivi della Societ\u00e0. Gli azionisti di EssilorLuxottica hanno anche ratificato la cooptazione di Virginie Mercier Pitre come nuovo Amministratore. Virginie Mercier Pitre sostituisce Juliette Favre, in qualit\u00e0 di nuovo Presidente dell&#8217;Associazione indipendente dei dipendenti-azionisti di EssilorLuxottica.<\/p>\n<p><em>\u201cVoglio ringraziare i nostri azionisti per tutto il loro supporto. Negli ultimi anni abbiamo condiviso lo straordinario percorso di EssilorLuxottica e l\u2019obiettivo di dare vita a un\u2019azienda unica, capace di rispondere alle crescenti esigenze del nostro settore. L\u2019integrazione di GrandVision nella nostra famiglia rappresenta un passo importante verso la realizzazione della nostra visione di azienda aperta e a rete, integrata verticalmente e capace di generare crescita per l\u2019intero settore attraverso lo sviluppo di nuove <\/em><em>categorie di prodotto, di un miglior accesso alle cure delle vista e di nuovi mercati\u201d<\/em>, ha dichiarato Leonardo Del Vecchio, Presidente di EssilorLuxottica. Come debitamente riconosciuto dal Consiglio di Amministrazione, il prezzo delle azioni di nuova emissione per il pagamento del dividendo \u00e8 stato fissato a Euro 135,60 per azione.<\/p>\n<p>&nbsp;<\/p>\n<p>&nbsp;<\/p>\n<\/div>\n<p>&nbsp;<\/p>\n<hr \/>\n<p>&nbsp;<\/p>\n<div class=\"page-title-head hgroup\">\n<blockquote>\n<h3 class=\"entry-title\"><a class=\"dt-pswp-item\" href=\"https:\/\/www.radiopiu.net\/wordpress\/wp-content\/uploads\/2022\/05\/f7cd7508-7270-4bb8-8779-8492a1c09bea.jpg\" data-dt-img-description=\"\" data-large_image_width=\"1599\" data-large_image_height=\"899\"><img loading=\"lazy\" decoding=\"async\" class=\" wp-image-277555 alignleft\" src=\"https:\/\/www.radiopiu.net\/wordpress\/wp-content\/uploads\/2022\/05\/f7cd7508-7270-4bb8-8779-8492a1c09bea-150x150.jpg\" alt=\"\" width=\"114\" height=\"114\" \/><\/a>\u00a0LO SPETTACOLO STA PER INIZIARE<\/h3>\n<\/blockquote>\n<p>&nbsp;<\/p>\n<p>&nbsp;<\/p>\n<p><strong>\u00a0di GIANNI SANTOMASO <\/strong><\/p>\n<audio class=\"wp-audio-shortcode\" id=\"audio-277532-7\" preload=\"none\" style=\"width: 100%;\" controls=\"controls\"><source type=\"audio\/mpeg\" src=\"https:\/\/www.radiopiu.net\/wordpress\/wp-content\/uploads\/2022\/05\/giro-ditalia-servizio-gianni.mp3?_=7\" \/><a href=\"https:\/\/www.radiopiu.net\/wordpress\/wp-content\/uploads\/2022\/05\/giro-ditalia-servizio-gianni.mp3\">https:\/\/www.radiopiu.net\/wordpress\/wp-content\/uploads\/2022\/05\/giro-ditalia-servizio-gianni.mp3<\/a><\/audio>\n<p><strong>\u00a0<\/strong><\/p>\n<p><strong>IL SINDACO ANDREA DE BERNARDIN<\/strong><\/p>\n<audio class=\"wp-audio-shortcode\" id=\"audio-277532-8\" preload=\"none\" style=\"width: 100%;\" controls=\"controls\"><source type=\"audio\/mpeg\" src=\"https:\/\/www.radiopiu.net\/wordpress\/wp-content\/uploads\/2022\/05\/ANDREA-GIRO-ITALIA-1.mp3?_=8\" \/><a href=\"https:\/\/www.radiopiu.net\/wordpress\/wp-content\/uploads\/2022\/05\/ANDREA-GIRO-ITALIA-1.mp3\">https:\/\/www.radiopiu.net\/wordpress\/wp-content\/uploads\/2022\/05\/ANDREA-GIRO-ITALIA-1.mp3<\/a><\/audio>\n<p>&nbsp;<\/p>\n<\/div>\n<p><strong><em>Lo spettacolo deve ancora cominciare<\/em><\/strong><\/p>\n<h3><span style=\"color: #ff0000;\">Mathieu Van Der Poel<\/span><\/h3>\n<div style=\"width: 848px;\" class=\"wp-video\"><video class=\"wp-video-shortcode\" id=\"video-277532-2\" width=\"848\" height=\"464\" preload=\"metadata\" controls=\"controls\"><source type=\"video\/mp4\" src=\"https:\/\/www.radiopiu.net\/wordpress\/wp-content\/uploads\/2022\/05\/WhatsApp-Video-2022-05-25-at-15.26.56.mp4?_=2\" \/><a href=\"https:\/\/www.radiopiu.net\/wordpress\/wp-content\/uploads\/2022\/05\/WhatsApp-Video-2022-05-25-at-15.26.56.mp4\">https:\/\/www.radiopiu.net\/wordpress\/wp-content\/uploads\/2022\/05\/WhatsApp-Video-2022-05-25-at-15.26.56.mp4<\/a><\/video><\/div>\n<p>&nbsp;<\/p>\n<p>&nbsp;<\/p>\n<p>&nbsp;<\/p>\n<hr \/>\n<div align=\"left\">\n<blockquote>\n<h3>GIRO D&#8217;ITALIA, DISPOSIZIONI DOLOMITIBUS PER BRUGNACH E LANDRIS<\/h3>\n<\/blockquote>\n<\/div>\n<div align=\"left\">\n<blockquote><p>&nbsp;<\/p>\n<blockquote><p><strong>TAPPA NUMERO 18, GIOVEDI 26 MAGGIO E TAPPONE DOLOMITICO<\/strong><\/p>\n<p><em>corse per i turnisti Luxottica, pomeriggio da Feltre, una per Luxottica Agordo, una per Luxottica Sedico.<\/em><\/p><\/blockquote>\n<p><strong>BELLUNO<\/strong> In occasione del passaggio del giro d&#8217;Italia previsto per oggi, la Dolomitibus comunica che dalle 12.20 alle 15 il capolinea Feltre FS verr\u00e0 attestato a Feltre Ospedale. Le corse subiranno variazioni: CORSA delle 12.35 Feltre-Santa Giustina-Brugnach Zona Industriale ore 13.46, parte da Feltre ospedale alle 12.40, non transita alle fermate di Viale Montegrappa, Feltre Monumento e Via Rizzarda. CORSA delle 13.05 Feltre FS-Santa Giustina-Landris Zona Industriale\u00a0 ore 13.45, parte da Feltre ospedale 13.08 non transita nelle fermate di Viale Montegrappa-Feltre Monumento e Via Rizzarda<\/p>\n<p><strong>Questi cambiamenti sono dovuti alla decisione della Prefettura di chiudere le strade in entrambi i sensi di marcia (vedi crono tabella) due ore e mezza prima del passaggio dei ciclisti.<\/strong><\/p>\n<p>Gioved\u00ec 26 maggio, la tappa Borgo Valsugana \u2013 Treviso che, dalle 12.00 alle 15.00, comporter\u00e0 modifiche alle linee extraurbane del Feltrino (13, 14, 16\/29, 17, 20, 24, 26, 27, 28 e 29) e al servizio urbano di Feltre, sul percorso Arsi\u00e8 \u2013 Fonzaso &#8211; Seren del Grappa \u2013 Feltre \u2013 Anz\u00f9. Venerd\u00ec 27 maggio, a Belluno citt\u00e0, i preparativi della partenza della tappa Belluno &#8211; Marmolada del 28 maggio, comporteranno modifiche al servizio urbano di Belluno, dalle 14.00 a fine servizio. Sabato 28 maggio, l\u2019impegnativa tappa Belluno &#8211; Marmolada (Passo Fedaia) comporter\u00e0 modifiche al servizio urbano di Belluno che sar\u00e0 GRATUITO per facilitare la mobilit\u00e0. La corsa comporter\u00e0 inoltre modifiche alle linee extraurbane del Bellunese (11, 12, 13, 17, 20, 21 e 38) e, in maniera pi\u00f9 significativa, alle linee extraurbane dell\u2019Agordino (n. 1, 2, 3, 4, 6, 7 e 8). Tutte le informazioni dettagliate sulle modifiche di ogni localit\u00e0 e di ogni giornata sono consultabili negli\u00a0 avvisi Dolomitibus<\/p>\n<p>&nbsp;<\/p>\n<p><strong>\u00a0<\/strong><\/p><\/blockquote>\n<\/div>\n<div align=\"left\"><\/div>\n<hr \/>\n<p>&nbsp;<\/p>\n<blockquote>\n<h3>DA VENERDI PASSI CHIUSI, SABATO FUNZIONERA&#8217; IL SERVIZIO NAVETTA<\/h3>\n<\/blockquote>\n<p><strong><a class=\"dt-pswp-item\" href=\"https:\/\/www.radiopiu.net\/wordpress\/wp-content\/uploads\/2022\/05\/Schermata-2022-05-24-alle-09.24.40.png\" data-dt-img-description=\"\" data-large_image_width=\"1440\" data-large_image_height=\"1154\"><img loading=\"lazy\" decoding=\"async\" class=\"size-thumbnail wp-image-277358 alignleft\" src=\"https:\/\/www.radiopiu.net\/wordpress\/wp-content\/uploads\/2022\/05\/Schermata-2022-05-24-alle-09.24.40-150x150.png\" alt=\"\" width=\"150\" height=\"150\" \/><\/a>REDAZIONE<\/strong> Il tappone dolomitico \u00e8 il pi\u00f9 atteso della corsa rosa. Da Piazza dei Martiri (sabato alle 12.25) alla Marmolada passando per Sedico (12.40), Sospirolo (13.06) Agordo (13.41) Cencenighe (13.54) Passo San Pellegrino (14.44). I ciclisti torneranno in provincia di Belluno dal Pordoi (15.54) verso Arabba (16.05) Caprile (16.31) e arrivo a Malga Ciapela previsto poco prima delle 17. Questi gli orari indicativi prevedendo una media di 35 chilometri orari. Le strade interessate: Statale 50, Provinciale 12, Regionale 203 agordina, provinciale 346 del San Pellegrino, statale 48 delle Dolomiti, provinciale 641 di Passo Fedaia, saranno totalmente interdette &#8211;\u00a0 ad esclusione dei veicoli di servizio alla manifestazione, di pronto soccorso e di pubblica sicurezza &#8211;\u00a0 due ore\u00a0 e mezza prima del passaggio dei ciclisti e riapriranno una volta transitata l&#8217;intera carovana. Saranno chiuse al transito veicolare anche le strade che si immettono sulla viabilit\u00e0 interessata, in corrispondenza degli incroci. La chiusura sar\u00e0 garantita con transenne e regolata da movieri.<\/p>\n<article class=\"entry entry_detail\">\n<div id=\"article-body\" class=\"entry_content\">\n<p>Passi San Pellegrino e Pordoi chiusi ai mezzi a motore dalle 14 di venerd\u00ec 27 maggio passo Fedaia\u00a0 dalle 8\u00a0 di venerdi. Negli stessi orari sar\u00e0 vietata anche la sosta in entrambi i lati della carreggiata: prevista la rimozione forzata dei mezzi. <strong>Tutte le altre strade interessate dal Giro saranno chiuse al transito due ore e mezza prima del passaggio dei ciclisti.<\/strong> L&#8217;ultima curva prima dell\u2019arrivo sar\u00e0\u00a0 zona vietata al pubblico. Sabato servizio navetta da Caprile a Sottoguda dalle 5 del mattino, biglietto 5 euro; \u00a0dalle 6 alle 12 fino al Passo Fedaia (altri 5 euro), il biglietto potr\u00e0 essere fatto a bordo del mezzo. Gli istituti superiori di Belluno manterranno l\u2019orario scolastico normale; lungo il percorso alcune scuole hanno optato per la didattica a distanza per la giornata di sabato, mentre qualche altra far\u00e0 uscire i ragazzi da un\u2019altra uscita secondaria che non dia proprio sulla strada in cui \u00e8 previsto il percorso dei ciclisti. Per quando riguarda lo stabilimento di Luxottica, l\u2019azienda sta riorganizzando i turni per evitare entrate o uscite di lavoratori in concomitanza del passaggio della corsa.<\/p>\n<\/div>\n<\/article>\n\n\t\t\t<style type='text\/css'>\n\t\t\t\t#gallery-3 {\n\t\t\t\t\tmargin: auto;\n\t\t\t\t}\n\t\t\t\t#gallery-3 .gallery-item {\n\t\t\t\t\tfloat: left;\n\t\t\t\t\tmargin-top: 10px;\n\t\t\t\t\ttext-align: center;\n\t\t\t\t\twidth: 50%;\n\t\t\t\t}\n\t\t\t\t#gallery-3 img {\n\t\t\t\t\tborder: 2px solid #cfcfcf;\n\t\t\t\t}\n\t\t\t\t#gallery-3 .gallery-caption {\n\t\t\t\t\tmargin-left: 0;\n\t\t\t\t}\n\t\t\t\t\/* see gallery_shortcode() in wp-includes\/media.php *\/\n\t\t\t<\/style>\n\t\t<div id='gallery-3' class='dt-gallery-container gallery galleryid-277532 gallery-columns-2 gallery-size-thumbnail'><dl class='gallery-item'>\n\t\t\t\t<dt class='gallery-icon landscape'>\n\t\t\t\t\t<a class=\"rollover rollover-zoom dt-pswp-item\" title=\"T20_Fedaia_alt\" data-dt-img-description=\"\" data-large_image_width=\"1280\" data-large_image_height=\"852\"href='https:\/\/www.radiopiu.net\/wordpress\/wp-content\/uploads\/2022\/05\/eXEQkcEZRH3xKCLKhFiY_260422-095012-1.jpg'><img loading=\"lazy\" decoding=\"async\" width=\"150\" height=\"150\" src=\"https:\/\/www.radiopiu.net\/wordpress\/wp-content\/uploads\/2022\/05\/eXEQkcEZRH3xKCLKhFiY_260422-095012-1-150x150.jpg\" class=\"attachment-thumbnail size-thumbnail\" alt=\"\" \/><\/a>\n\t\t\t\t<\/dt><\/dl><dl class='gallery-item'>\n\t\t\t\t<dt class='gallery-icon landscape'>\n\t\t\t\t\t<a class=\"rollover rollover-zoom dt-pswp-item\" title=\"aaaa\" data-dt-img-description=\"\" data-large_image_width=\"875\" data-large_image_height=\"711\"href='https:\/\/www.radiopiu.net\/wordpress\/wp-content\/uploads\/2022\/05\/aaaa-5.jpg'><img loading=\"lazy\" decoding=\"async\" width=\"150\" height=\"150\" src=\"https:\/\/www.radiopiu.net\/wordpress\/wp-content\/uploads\/2022\/05\/aaaa-5-150x150.jpg\" class=\"attachment-thumbnail size-thumbnail\" alt=\"\" \/><\/a>\n\t\t\t\t<\/dt><\/dl><br style=\"clear: both\" \/>\n\t\t\t<\/div>\n\n<p>&nbsp;<\/p>\n<hr \/>\n<p>&nbsp;<\/p>\n<blockquote>\n<h3 class=\"entry-title\">LA NAVETTA PER LA TAPPA DEL GIRO E IL CONCERTO A SOTTOGUDA<\/h3>\n<\/blockquote>\n<p><strong class=\"photoswipe-wrapper\"><a class=\"dt-pswp-item pspw-wrap-ready\" href=\"https:\/\/www.radiopiu.net\/wordpress\/wp-content\/uploads\/2022\/05\/Schermata-2022-05-24-alle-11.14.43.png\" data-dt-img-description=\"\" data-large_image_width=\"870\" data-large_image_height=\"470\"><img loading=\"lazy\" decoding=\"async\" class=\"alignleft wp-image-277399 \" src=\"https:\/\/www.radiopiu.net\/wordpress\/wp-content\/uploads\/2022\/05\/Schermata-2022-05-24-alle-11.14.43-300x162.png\" sizes=\"auto, (max-width: 183px) 100vw, 183px\" srcset=\"https:\/\/www.radiopiu.net\/wordpress\/wp-content\/uploads\/2022\/05\/Schermata-2022-05-24-alle-11.14.43-300x162.png 300w, https:\/\/www.radiopiu.net\/wordpress\/wp-content\/uploads\/2022\/05\/Schermata-2022-05-24-alle-11.14.43-768x415.png 768w, https:\/\/www.radiopiu.net\/wordpress\/wp-content\/uploads\/2022\/05\/Schermata-2022-05-24-alle-11.14.43.png 870w\" alt=\"\" width=\"183\" height=\"99\" \/><\/a>REDAZIONE<\/strong> In occasione del tappone dolomitico Belluno \u2013 Marmolada, \u00e8 stato organizzato un bus navetta per portare gli appassionati a Capanna Bill. La navetta partir\u00e0 da Caprile nei pressi dell\u2019hotel Monte Civetta dalle ore 05.00 alle ore 12.00 tratta fino a Capanna Bill con fermate a Sottoguda\/Malga Ciapela presso fermate dell\u2019autobus sulla strada dalle ore 06.00 alle ore 12.00 tratta fino al Passo Fedaia. Ritorno da Capanna Bill o Malga Ciapela a seconda dei flussi. Viste le numerose presenze previste si chiede la collaborazione di tutti affinch\u00e9 si possa svolgere il servizio del migliore dei modi. Costo \u20ac 5 a tratta il biglietto sar\u00e0 fatto a bordo.<\/p>\n<p><strong>ROCCA<\/strong>\u00a0<strong>PIETORE<\/strong>\u00a0In occasione del passaggio del Giro D\u2019Italia, nella piazzetta di Sottoguda viene organizzato un concerto con il Complesso degli archi del Friuli e del Veneto con primo violino Guido Freschi. L\u2019appuntamento \u00e8 per venerd\u00ec sera alle 20:30 con offerta libera.<\/p>\n<p>&nbsp;<\/p>\n<p>&nbsp;<\/p>\n<hr \/>\n<p>&nbsp;<\/p>\n<blockquote><p><strong>GIRO D\u2019ITALIA. PRESIDENTE VENETO SARA\u2019 PRESENTE ALLE TRE TAPPE IN TERRITORIO REGIONALE, \u201cTRE GIORNI CHE CI REGALERANNO UN\u2019EDIZIONE MEMORABILE\u201d<\/strong><\/p>\n<p><strong> <a class=\"dt-pswp-item\" href=\"https:\/\/www.radiopiu.net\/wordpress\/wp-content\/uploads\/2020\/11\/ZAIA-MASCHERINA-e1616680380412.png\" data-dt-img-description=\"\" data-large_image_width=\"1428\" data-large_image_height=\"792\"><img loading=\"lazy\" decoding=\"async\" class=\"size-thumbnail wp-image-175303 alignleft\" src=\"https:\/\/www.radiopiu.net\/wordpress\/wp-content\/uploads\/2020\/11\/ZAIA-MASCHERINA-e1616680380412-150x150.png\" alt=\"\" width=\"150\" height=\"150\" \/><\/a>VENEZIA<\/strong>\u00a0 <em>\u201cAncora una volta avremo la conferma che non c\u2019\u00e8 Giro senza Veneto e non c\u2019\u00e8 Veneto senza Giro. Si presentano tre giorni che faranno di questo Giro d\u2019Italia un\u2019edizione memorabile per gli appassionati di ciclismo e per tutta la nostra regione. La nostra terra, infatti, sar\u00e0 attraversata da tre tappe che non solo condenseranno la grande passione per le due ruote ma offriranno uno spaccato unico di bellezza veneta dalle Dolomiti alle Colline del Prosecco fino alle colline veronesi e l\u2019Arena, onorando anche lo spirito del fare nel centenario della nascita di Giovanni Pinarello, leggendario imprenditore e sportivo simbolo mondiale della bicicletta\u201d. <\/em>Cos\u00ec il Presidente della Regione saluta la 105. Edizione del Giro d\u2019Italia che domani far\u00e0 il suo ingresso nel Veneto con la 18. tappa Borgo Valsugana \u2013 Treviso. Sar\u00e0 seguita dalla quella dolomitica di sabato 28, Belluno \u2013 Passo Fedaia, e la cronometro individuale di domenica a Verona. Il Governatore parteciper\u00e0 tutti e tre gli appuntamenti. Domani, gioved\u00ec 26, sar\u00e0 presente al traguardo a Treviso dalle 16.30. Sabato 28, per la 20. tappa, sar\u00e0 presente alla partenza a Belluno dalle 11:30 e al traguardo a Passo Fedaia dalle 16.45. Domenica 29 maggio dalle 13.30 assister\u00e0 alla tappa cronometro individuale e alla premiazione conclusiva.<\/p><\/blockquote>\n<p>&nbsp;<\/p>\n<hr \/>\n<p>&nbsp;<\/p>\n<p>&nbsp;<\/p>\n<p>&nbsp;<\/p>\n<p>&nbsp;<\/p>\n<hr \/>\n<p align=\"justify\"><span style=\"font-family: Calibri, sans-serif;\"><span style=\"font-size: large;\">\u00a0<\/span><\/span><\/p>\n<blockquote>\n<h3 align=\"justify\"><span style=\"font-family: Calibri, sans-serif;\"><span style=\"font-size: large;\">L\u2019ORDINE dei MEDICI e degli ODONTOIATRI della PROVINCIA di BELLUNO DA\u2019 IL BENVENUTO AL GIRO D\u2019ITALIA!\u00a0<\/span><\/span><\/h3>\n<\/blockquote>\n<h3 align=\"justify\"><span style=\"font-family: Calibri, sans-serif;\"><span style=\"font-size: large;\"><strong><a class=\"dt-pswp-item\" href=\"https:\/\/www.radiopiu.net\/wordpress\/wp-content\/uploads\/2021\/12\/l_be70be1efe.jpg\" data-dt-img-description=\"\" data-large_image_width=\"510\" data-large_image_height=\"510\"><img loading=\"lazy\" decoding=\"async\" class=\" wp-image-249466 alignleft\" src=\"https:\/\/www.radiopiu.net\/wordpress\/wp-content\/uploads\/2021\/12\/l_be70be1efe-150x150.jpg\" alt=\"\" width=\"188\" height=\"188\" srcset=\"https:\/\/www.radiopiu.net\/wordpress\/wp-content\/uploads\/2021\/12\/l_be70be1efe-150x150.jpg 150w, https:\/\/www.radiopiu.net\/wordpress\/wp-content\/uploads\/2021\/12\/l_be70be1efe-300x300.jpg 300w, https:\/\/www.radiopiu.net\/wordpress\/wp-content\/uploads\/2021\/12\/l_be70be1efe.jpg 510w\" sizes=\"auto, (max-width: 188px) 100vw, 188px\" \/><\/a><\/strong><\/span><\/span><\/h3>\n<p align=\"justify\"><strong>BELLUNO<\/strong> Anche quest\u2019anno il Giro d\u2019Italia trova la nostra provincia pronta ad accoglierlo e gli appassionati ad attenderlo sulle nostre strade. L\u2019 Ordine dei Medici e degli Odontoiatri della Provincia di Belluno, nel dare alla carovana del Giro ed ai tifosi il benvenuto, coglie l\u2019occasione per ricordare che l&#8217;uso della bicicletta per gli spostamenti urbani, lo svago, il turismo, lo sport, contribuisce ad una vita pi\u00f9 lunga, pi\u00f9 sana e pi\u00f9 serena, soprattutto se rispettiamo 4 regole d\u2019oro. La prima regola riguarda la necessit\u00e0 di ottenere la \u201cgiusta posizione in sella\u201d, personalizzata a seconda di sesso, et\u00e0, peso ed altezza, tipo di ciclismo praticato. Questo permette di accostarsi a questa attivit\u00e0 riducendo al minimo i fastidi, che per i principianti comporta il passaggio dalla condizione del camminare a quella del pedalare. La seconda riguarda la ricerca della \u201cgiusta bicicletta\u201d, che deve garantire comfort e stabilit\u00e0 riducendo al minimo il rischio di cadute. Oggi il mercato offre una infinit\u00e0 di modelli per affrontare senza disagi e costrizioni il passaggio dal camminare al pedalare e permettere di percepire concretamente il progressivo e soddisfacente miglioramento della propria condizione fisica. La terza regola consiste nella necessit\u00e0 di adottare \u201cgiusti comportamenti\u201d, nel rispetto del codice della strada, non dimenticando mai che pedoni e ciclisti sono gli utenti della strada pi\u00f9 vulnerabili. Infine il 4\u00b0 ingrediente della ricetta per pedalare a lungo ed in salute \u00e8 la \u201ccapacit\u00e0 di prevenire i comportamenti pericolosi altrui\u201d ed evitare i principali incidenti, in cui i ciclisti sono coinvolti, soprattutto per la distrazione di coloro che usano il telefono cellulare mentre sono alla guida. Ci\u00f2 si ottiene rendendosi visibili il pi\u00f9 possibile, tenendosi sempre pronti a frenare per tempo, anche quando si ha la precedenza, e montando uno specchietto retrovisore sul manubrio per guardare spesso cosa succede sulla strada alle spalle. Infine, tutti i ciclisti dovrebbero abituarsi ad indossare sempre casco e guanti, che proteggono le parti pi\u00f9 esposte in caso di caduta. Pedalare bene ed in sicurezza non solo fa bene alla salute fisica, ma ci addestra ad affrontare le avversit\u00e0, ad amministrare le nostre energie e a trovare nella mente le forze di cui il corpo talora \u00e8 privo, aiutandoci a sviluppare non solo le doti fisiche, ma anche la fiducia in noi stessi, indispensabile per affrontare le sfide quotidiane.<\/p>\n<p>&nbsp;<\/p>\n<p>&nbsp;<\/p>\n<hr \/>\n<p>&nbsp;<\/p>\n<blockquote>\n<h3>A VALLADA IL MURALES DEDICATO AL GIRO D&#8217;ITALIA<\/h3>\n<\/blockquote>\n<p><strong><a class=\"dt-pswp-item\" href=\"https:\/\/www.radiopiu.net\/wordpress\/wp-content\/uploads\/2022\/05\/cabina-enel-vallada-con-murales-scaled.jpg\" data-dt-img-description=\"\" data-large_image_width=\"2560\" data-large_image_height=\"1440\"><img loading=\"lazy\" decoding=\"async\" class=\"size-thumbnail wp-image-276828 alignleft\" src=\"https:\/\/www.radiopiu.net\/wordpress\/wp-content\/uploads\/2022\/05\/cabina-enel-vallada-con-murales-150x150.jpg\" alt=\"\" width=\"150\" height=\"150\" \/><\/a>VALLADA<\/strong><\/p>\n<p><strong>di Luisa Manfroi<\/strong><\/p>\n<audio class=\"wp-audio-shortcode\" id=\"audio-277532-9\" preload=\"none\" style=\"width: 100%;\" controls=\"controls\"><source type=\"audio\/mpeg\" src=\"https:\/\/www.radiopiu.net\/wordpress\/wp-content\/uploads\/2022\/05\/LUISA-MANFROI-Murales-cabina-Vallada.mp3?_=9\" \/><a href=\"https:\/\/www.radiopiu.net\/wordpress\/wp-content\/uploads\/2022\/05\/LUISA-MANFROI-Murales-cabina-Vallada.mp3\">https:\/\/www.radiopiu.net\/wordpress\/wp-content\/uploads\/2022\/05\/LUISA-MANFROI-Murales-cabina-Vallada.mp3<\/a><\/audio>\n<p>&nbsp;<\/p>\n\n\t\t\t<style type='text\/css'>\n\t\t\t\t#gallery-4 {\n\t\t\t\t\tmargin: auto;\n\t\t\t\t}\n\t\t\t\t#gallery-4 .gallery-item {\n\t\t\t\t\tfloat: left;\n\t\t\t\t\tmargin-top: 10px;\n\t\t\t\t\ttext-align: center;\n\t\t\t\t\twidth: 25%;\n\t\t\t\t}\n\t\t\t\t#gallery-4 img {\n\t\t\t\t\tborder: 2px solid #cfcfcf;\n\t\t\t\t}\n\t\t\t\t#gallery-4 .gallery-caption {\n\t\t\t\t\tmargin-left: 0;\n\t\t\t\t}\n\t\t\t\t\/* see gallery_shortcode() in wp-includes\/media.php *\/\n\t\t\t<\/style>\n\t\t<div id='gallery-4' class='dt-gallery-container gallery galleryid-277532 gallery-columns-4 gallery-size-thumbnail'><dl class='gallery-item'>\n\t\t\t\t<dt class='gallery-icon portrait'>\n\t\t\t\t\t<a class=\"rollover rollover-zoom dt-pswp-item\" title=\"E-Distribuzione - cabina Vallada Agordina (BL) 1\" data-dt-img-description=\"\" data-large_image_width=\"1200\" data-large_image_height=\"1600\"href='https:\/\/www.radiopiu.net\/wordpress\/wp-content\/uploads\/2022\/05\/E-Distribuzione-cabina-Vallada-Agordina-BL-1.jpeg'><img loading=\"lazy\" decoding=\"async\" width=\"150\" height=\"150\" src=\"https:\/\/www.radiopiu.net\/wordpress\/wp-content\/uploads\/2022\/05\/E-Distribuzione-cabina-Vallada-Agordina-BL-1-150x150.jpeg\" class=\"attachment-thumbnail size-thumbnail\" alt=\"\" aria-describedby=\"gallery-4-277612\" \/><\/a>\n\t\t\t\t<\/dt>\n\t\t\t\t\t<dd class='wp-caption-text gallery-caption' id='gallery-4-277612'>\n\t\t\t\t\tVALLADA\n\t\t\t\t\t<\/dd><\/dl><dl class='gallery-item'>\n\t\t\t\t<dt class='gallery-icon portrait'>\n\t\t\t\t\t<a class=\"rollover rollover-zoom dt-pswp-item\" title=\"E-Distribuzione - cabina Vallada Agordina (BL) 2\" data-dt-img-description=\"\" data-large_image_width=\"1512\" data-large_image_height=\"2016\"href='https:\/\/www.radiopiu.net\/wordpress\/wp-content\/uploads\/2022\/05\/E-Distribuzione-cabina-Vallada-Agordina-BL-2.jpeg'><img loading=\"lazy\" decoding=\"async\" width=\"150\" height=\"150\" src=\"https:\/\/www.radiopiu.net\/wordpress\/wp-content\/uploads\/2022\/05\/E-Distribuzione-cabina-Vallada-Agordina-BL-2-150x150.jpeg\" class=\"attachment-thumbnail size-thumbnail\" alt=\"\" \/><\/a>\n\t\t\t\t<\/dt><\/dl><dl class='gallery-item'>\n\t\t\t\t<dt class='gallery-icon portrait'>\n\t\t\t\t\t<a class=\"rollover rollover-zoom dt-pswp-item\" title=\"E-Distribuzione - cabina Vallada Agordina (BL) 3\" data-dt-img-description=\"\" data-large_image_width=\"1512\" data-large_image_height=\"2016\"href='https:\/\/www.radiopiu.net\/wordpress\/wp-content\/uploads\/2022\/05\/E-Distribuzione-cabina-Vallada-Agordina-BL-3.jpeg'><img loading=\"lazy\" decoding=\"async\" width=\"150\" height=\"150\" src=\"https:\/\/www.radiopiu.net\/wordpress\/wp-content\/uploads\/2022\/05\/E-Distribuzione-cabina-Vallada-Agordina-BL-3-150x150.jpeg\" class=\"attachment-thumbnail size-thumbnail\" alt=\"\" \/><\/a>\n\t\t\t\t<\/dt><\/dl><dl class='gallery-item'>\n\t\t\t\t<dt class='gallery-icon portrait'>\n\t\t\t\t\t<a class=\"rollover rollover-zoom dt-pswp-item\" title=\"E-Distribuzione - cabina Vallada Agordina (BL) 4.jpeg\" data-dt-img-description=\"\" data-large_image_width=\"913\" data-large_image_height=\"1600\"href='https:\/\/www.radiopiu.net\/wordpress\/wp-content\/uploads\/2022\/05\/E-Distribuzione-cabina-Vallada-Agordina-BL-4.jpeg.jpg'><img loading=\"lazy\" decoding=\"async\" width=\"150\" height=\"150\" src=\"https:\/\/www.radiopiu.net\/wordpress\/wp-content\/uploads\/2022\/05\/E-Distribuzione-cabina-Vallada-Agordina-BL-4.jpeg-150x150.jpg\" class=\"attachment-thumbnail size-thumbnail\" alt=\"\" aria-describedby=\"gallery-4-277615\" \/><\/a>\n\t\t\t\t<\/dt>\n\t\t\t\t\t<dd class='wp-caption-text gallery-caption' id='gallery-4-277615'>\n\t\t\t\t\tVALLADA\n\t\t\t\t\t<\/dd><\/dl><br style=\"clear: both\" \/>\n\t\t\t<\/div>\n\n<p>&nbsp;<\/p>\n<p>&nbsp;<\/p>\n<hr \/>\n<p>&nbsp;<\/p>\n<blockquote>\n<h3>ALLEGHE, IL RITORNO. LA TRANS CIVETTA, LA RIAPERTURA DELLO STADIO E I FUOCHI SUL LAGO<\/h3>\n<\/blockquote>\n<p><strong><a class=\"dt-pswp-item\" href=\"https:\/\/www.radiopiu.net\/wordpress\/wp-content\/uploads\/2022\/05\/DSC7177.jpg\" data-dt-img-description=\"\" data-large_image_width=\"1500\" data-large_image_height=\"1001\"><img loading=\"lazy\" decoding=\"async\" class=\" wp-image-277693 alignleft\" src=\"https:\/\/www.radiopiu.net\/wordpress\/wp-content\/uploads\/2022\/05\/DSC7177-150x150.jpg\" alt=\"\" width=\"112\" height=\"112\" \/><\/a>ALLEGHE<\/strong> I sindaci di Alleghe, Danilo De Toni e Rocca Pietore, Andrea De Bernardin, ci hanno dato stamane una notizia importante: nei giorni successivi al ferragosto ritorna lo spettacolo dei fuochi artificiali sul lago. Non \u00e8 escluso ci sia inoltre il ritorno del concorso delle barche illuminate. Il primo appuntamento con gli eventi \u00e8 in calendario per luglio con il ritorno in presenza della Trans Civetta.<\/p>\n<p>&nbsp;<\/p>\n<p><strong>I FUOCHI ARTIFICIALI, L&#8217;ANTICIPAZIONE<\/strong><\/p>\n<audio class=\"wp-audio-shortcode\" id=\"audio-277532-10\" preload=\"none\" style=\"width: 100%;\" controls=\"controls\"><source type=\"audio\/mpeg\" src=\"https:\/\/www.radiopiu.net\/wordpress\/wp-content\/uploads\/2022\/05\/ANDREA-DANILO-FUOCHI.mp3?_=10\" \/><a href=\"https:\/\/www.radiopiu.net\/wordpress\/wp-content\/uploads\/2022\/05\/ANDREA-DANILO-FUOCHI.mp3\">https:\/\/www.radiopiu.net\/wordpress\/wp-content\/uploads\/2022\/05\/ANDREA-DANILO-FUOCHI.mp3<\/a><\/audio>\n<p><strong><a href=\"https:\/\/www.radiopiu.net\/wordpress\/wp-content\/uploads\/2022\/05\/TransCivetta-2019-\u00a9TiComunicazione_108-400x267-1.webp\"><img loading=\"lazy\" decoding=\"async\" class=\" wp-image-277692 alignleft\" src=\"https:\/\/www.radiopiu.net\/wordpress\/wp-content\/uploads\/2022\/05\/TransCivetta-2019-\u00a9TiComunicazione_108-400x267-1-150x150.webp\" alt=\"\" width=\"110\" height=\"110\" \/><\/a>LA TRANS CIVETTA<\/strong> La 40^ edizione della Transcivetta Karpos 2022 manifestazione di marcia in alta montagna a coppie si svolger\u00e0 IL 17 LUGLIO 2022 in 2 versioni : \u2013 prova COMPETITIVA \u2013 prova NON COMPETITIVA.\u00a0 \u00a0LE ISCRIZIONI si effettuano online sul sito Internet: www.transcivetta.com<\/p>\n<audio class=\"wp-audio-shortcode\" id=\"audio-277532-11\" preload=\"none\" style=\"width: 100%;\" controls=\"controls\"><source type=\"audio\/mpeg\" src=\"https:\/\/www.radiopiu.net\/wordpress\/wp-content\/uploads\/2022\/05\/TRANS-E-STADIO-DANILO.mp3?_=11\" \/><a href=\"https:\/\/www.radiopiu.net\/wordpress\/wp-content\/uploads\/2022\/05\/TRANS-E-STADIO-DANILO.mp3\">https:\/\/www.radiopiu.net\/wordpress\/wp-content\/uploads\/2022\/05\/TRANS-E-STADIO-DANILO.mp3<\/a><\/audio>\n<p>&nbsp;<\/p>\n<p>&nbsp;<\/p>\n<hr \/>\n<p>&nbsp;<\/p>\n<blockquote>\n<h3>ESTERNO DELLA LUXOTTICA, PORTACENERE DELLA CITTA&#8217;.<\/h3>\n<\/blockquote>\n<div class=\"cxmmr5t8 oygrvhab hcukyx3x c1et5uql o9v6fnle ii04i59q\">\n<div dir=\"auto\"><strong>AGORDO <\/strong>Per concludere il progetto &#8220;Plasticfree nelle scuole&#8221;,\u00a0 coordinato da Martina Smaniotto, si \u00e8 tenuta la prima delle due uscite programmate con gli alunni della scuola media di Agordo. Insieme agli insegnanti \u00e8 stata proposta una passeggiata ecologica con tanto di sacchi e guanti forniti da Valpe Ambiente.\u00a0 I ragazzi, divisi in gruppi, hanno raccolto i rifiuti lungo il tragitto: vetro-plastica-lattine, secco, carta con particolare\u00a0 attenzione ai mozziconi di sigaretta, cos\u00ec piccoli ma tanto pericolosi e il risultato non si \u00e8\u00a0 fatto attendere. E&#8217; stato raccolto: un sacco grande di plastica, vetro lattine, un sacco grande di secco e uno altrettanto grande di carta. Ma la cosa che ha sconvolto di pi\u00f9 i ragazzi \u00e8 la \u0300 le foto chiariscono la situazione. e il 90% dei mozziconi sono stati raccolti in un&#8217;area relativamente piccola, davanti ai cancelli di ingresso della Luxottica. Purtroppo la poca consapevolezza di gesti fatti senza pensare porta gravi conseguenze per l&#8217;ambiente e per tutte le specie che lo abitano.\u00a0 <em>&#8220;Ringrazio tutto il corpo docenti e i ragazzi che si sono dedicati con grande cura a quest&#8217;opera di pulizia&#8221;<\/em> il commento di Martina Smaniotto.<\/div>\n<\/div>\n<div class=\"cxmmr5t8 oygrvhab hcukyx3x c1et5uql o9v6fnle ii04i59q\">\n<div dir=\"auto\">\n\n\t\t\t<style type='text\/css'>\n\t\t\t\t#gallery-5 {\n\t\t\t\t\tmargin: auto;\n\t\t\t\t}\n\t\t\t\t#gallery-5 .gallery-item {\n\t\t\t\t\tfloat: left;\n\t\t\t\t\tmargin-top: 10px;\n\t\t\t\t\ttext-align: center;\n\t\t\t\t\twidth: 33%;\n\t\t\t\t}\n\t\t\t\t#gallery-5 img {\n\t\t\t\t\tborder: 2px solid #cfcfcf;\n\t\t\t\t}\n\t\t\t\t#gallery-5 .gallery-caption {\n\t\t\t\t\tmargin-left: 0;\n\t\t\t\t}\n\t\t\t\t\/* see gallery_shortcode() in wp-includes\/media.php *\/\n\t\t\t<\/style>\n\t\t<div id='gallery-5' class='dt-gallery-container gallery galleryid-277532 gallery-columns-3 gallery-size-thumbnail'><dl class='gallery-item'>\n\t\t\t\t<dt class='gallery-icon portrait'>\n\t\t\t\t\t<a class=\"rollover\" href='https:\/\/www.radiopiu.net\/wordpress\/esterno-della-luxottica-portacenere-della-citta\/281269938_726504595058719_4945856300318987018_n\/'><img loading=\"lazy\" decoding=\"async\" width=\"150\" height=\"150\" src=\"https:\/\/www.radiopiu.net\/wordpress\/wp-content\/uploads\/2022\/05\/281269938_726504595058719_4945856300318987018_n-150x150.jpg\" class=\"attachment-thumbnail size-thumbnail\" alt=\"\" \/><\/a>\n\t\t\t\t<\/dt><\/dl><dl class='gallery-item'>\n\t\t\t\t<dt class='gallery-icon portrait'>\n\t\t\t\t\t<a class=\"rollover\" href='https:\/\/www.radiopiu.net\/wordpress\/esterno-della-luxottica-portacenere-della-citta\/281893975_726504811725364_3317668594450840855_n\/'><img loading=\"lazy\" decoding=\"async\" width=\"150\" height=\"150\" src=\"https:\/\/www.radiopiu.net\/wordpress\/wp-content\/uploads\/2022\/05\/281893975_726504811725364_3317668594450840855_n-150x150.jpg\" class=\"attachment-thumbnail size-thumbnail\" alt=\"\" \/><\/a>\n\t\t\t\t<\/dt><\/dl><dl class='gallery-item'>\n\t\t\t\t<dt class='gallery-icon portrait'>\n\t\t\t\t\t<a class=\"rollover\" href='https:\/\/www.radiopiu.net\/wordpress\/esterno-della-luxottica-portacenere-della-citta\/282327034_726505035058675_5755750805336402455_n\/'><img loading=\"lazy\" decoding=\"async\" width=\"150\" height=\"150\" src=\"https:\/\/www.radiopiu.net\/wordpress\/wp-content\/uploads\/2022\/05\/282327034_726505035058675_5755750805336402455_n-150x150.jpg\" class=\"attachment-thumbnail size-thumbnail\" alt=\"\" \/><\/a>\n\t\t\t\t<\/dt><\/dl><br style=\"clear: both\" \/><dl class='gallery-item'>\n\t\t\t\t<dt class='gallery-icon portrait'>\n\t\t\t\t\t<a class=\"rollover\" href='https:\/\/www.radiopiu.net\/wordpress\/esterno-della-luxottica-portacenere-della-citta\/283811280_726504665058712_2673133207116324690_n\/'><img loading=\"lazy\" decoding=\"async\" width=\"150\" height=\"150\" src=\"https:\/\/www.radiopiu.net\/wordpress\/wp-content\/uploads\/2022\/05\/283811280_726504665058712_2673133207116324690_n-150x150.jpg\" class=\"attachment-thumbnail size-thumbnail\" alt=\"\" \/><\/a>\n\t\t\t\t<\/dt><\/dl><dl class='gallery-item'>\n\t\t\t\t<dt class='gallery-icon landscape'>\n\t\t\t\t\t<a class=\"rollover\" href='https:\/\/www.radiopiu.net\/wordpress\/esterno-della-luxottica-portacenere-della-citta\/281624518_726504741725371_8791272986996078431_n\/'><img loading=\"lazy\" decoding=\"async\" width=\"150\" height=\"150\" src=\"https:\/\/www.radiopiu.net\/wordpress\/wp-content\/uploads\/2022\/05\/281624518_726504741725371_8791272986996078431_n-150x150.jpg\" class=\"attachment-thumbnail size-thumbnail\" alt=\"\" \/><\/a>\n\t\t\t\t<\/dt><\/dl><dl class='gallery-item'>\n\t\t\t\t<dt class='gallery-icon portrait'>\n\t\t\t\t\t<a class=\"rollover\" href='https:\/\/www.radiopiu.net\/wordpress\/esterno-della-luxottica-portacenere-della-citta\/281585342_726505111725334_6973299676809348912_n\/'><img loading=\"lazy\" decoding=\"async\" width=\"150\" height=\"150\" src=\"https:\/\/www.radiopiu.net\/wordpress\/wp-content\/uploads\/2022\/05\/281585342_726505111725334_6973299676809348912_n-150x150.jpg\" class=\"attachment-thumbnail size-thumbnail\" alt=\"\" \/><\/a>\n\t\t\t\t<\/dt><\/dl><br style=\"clear: both\" \/>\n\t\t\t<\/div>\n\n<\/div>\n<\/div>\n<blockquote>\n<h3><\/h3>\n<h3>MARTINA SMANIOTTO ALLA RADIO, DAL GIORNALE RADIO DELLE 12.30<\/h3>\n<\/blockquote>\n<audio class=\"wp-audio-shortcode\" id=\"audio-277532-12\" preload=\"none\" style=\"width: 100%;\" controls=\"controls\"><source type=\"audio\/mpeg\" src=\"https:\/\/www.radiopiu.net\/wordpress\/wp-content\/uploads\/2022\/05\/martina-smaniotto.mp3?_=12\" \/><a href=\"https:\/\/www.radiopiu.net\/wordpress\/wp-content\/uploads\/2022\/05\/martina-smaniotto.mp3\">https:\/\/www.radiopiu.net\/wordpress\/wp-content\/uploads\/2022\/05\/martina-smaniotto.mp3<\/a><\/audio>\n<p>&nbsp;<\/p>\n<p>&nbsp;<\/p>\n<blockquote class=\"wp-embedded-content\" data-secret=\"0ecGpvIrCe\"><p><a href=\"https:\/\/www.radiopiu.net\/wordpress\/plastic-free-per-un-mondo-senza-plastica\/\">PLASTIC FREE per un mondo senza plastica<\/a><\/p><\/blockquote>\n<p><iframe loading=\"lazy\" class=\"wp-embedded-content\" sandbox=\"allow-scripts\" security=\"restricted\" style=\"position: absolute; clip: rect(1px, 1px, 1px, 1px);\" title=\"&#8220;PLASTIC FREE per un mondo senza plastica&#8221; &#8212; Radio Pi\u00f9\" src=\"https:\/\/www.radiopiu.net\/wordpress\/plastic-free-per-un-mondo-senza-plastica\/embed\/#?secret=jSy7q9reqr#?secret=0ecGpvIrCe\" data-secret=\"0ecGpvIrCe\" width=\"600\" height=\"338\" frameborder=\"0\" marginwidth=\"0\" marginheight=\"0\" scrolling=\"no\"><\/iframe><\/p>\n<p>&nbsp;<\/p>\n<p>&nbsp;<\/p>\n<hr \/>\n<p>&nbsp;<\/p>\n<p>&nbsp;<\/p>\n<blockquote class=\"wp-embedded-content\" data-secret=\"nxztBECmKw\"><p><a href=\"https:\/\/www.radiopiu.net\/wordpress\/aggnazionalemaggio25\/\">CORONAVIRUS: AGGIORNAMENTO NAZIONALE 25 MAGGIO 2022<\/a><\/p><\/blockquote>\n<p><iframe loading=\"lazy\" class=\"wp-embedded-content\" sandbox=\"allow-scripts\" security=\"restricted\" style=\"position: absolute; clip: rect(1px, 1px, 1px, 1px);\" title=\"&#8220;CORONAVIRUS: AGGIORNAMENTO NAZIONALE 25 MAGGIO 2022&#8221; &#8212; Radio Pi\u00f9\" src=\"https:\/\/www.radiopiu.net\/wordpress\/aggnazionalemaggio25\/embed\/#?secret=fZXQ69LUAr#?secret=nxztBECmKw\" data-secret=\"nxztBECmKw\" width=\"600\" height=\"338\" frameborder=\"0\" marginwidth=\"0\" marginheight=\"0\" scrolling=\"no\"><\/iframe><\/p>\n<p>&nbsp;<\/p>\n<blockquote class=\"wp-embedded-content\" data-secret=\"KEGJH1XZOO\"><p><a href=\"https:\/\/www.radiopiu.net\/wordpress\/aggazzeromaggio25\/\">1762 NUOVE POSITIVITA&#8217; E 9 DECESSI IN VENETO NELLE ULTIME 24 ORE. CALANO I RICOVERI<\/a><\/p><\/blockquote>\n<p><iframe loading=\"lazy\" class=\"wp-embedded-content\" sandbox=\"allow-scripts\" security=\"restricted\" style=\"position: absolute; clip: rect(1px, 1px, 1px, 1px);\" title=\"&#8220;1762 NUOVE POSITIVITA&#8217; E 9 DECESSI IN VENETO NELLE ULTIME 24 ORE. CALANO I RICOVERI&#8221; &#8212; Radio Pi\u00f9\" src=\"https:\/\/www.radiopiu.net\/wordpress\/aggazzeromaggio25\/embed\/#?secret=TyxBBLF3DE#?secret=KEGJH1XZOO\" data-secret=\"KEGJH1XZOO\" width=\"600\" height=\"338\" frameborder=\"0\" marginwidth=\"0\" marginheight=\"0\" scrolling=\"no\"><\/iframe><\/p>\n<p>&nbsp;<\/p>\n<h2 dir=\"auto\">I GRAFICI DI TIZIANO DE COL<\/h2>\n\n\t\t\t<style type='text\/css'>\n\t\t\t\t#gallery-6 {\n\t\t\t\t\tmargin: auto;\n\t\t\t\t}\n\t\t\t\t#gallery-6 .gallery-item {\n\t\t\t\t\tfloat: left;\n\t\t\t\t\tmargin-top: 10px;\n\t\t\t\t\ttext-align: center;\n\t\t\t\t\twidth: 33%;\n\t\t\t\t}\n\t\t\t\t#gallery-6 img {\n\t\t\t\t\tborder: 2px solid #cfcfcf;\n\t\t\t\t}\n\t\t\t\t#gallery-6 .gallery-caption {\n\t\t\t\t\tmargin-left: 0;\n\t\t\t\t}\n\t\t\t\t\/* see gallery_shortcode() in wp-includes\/media.php *\/\n\t\t\t<\/style>\n\t\t<div id='gallery-6' class='dt-gallery-container gallery galleryid-277532 gallery-columns-3 gallery-size-thumbnail'><dl class='gallery-item'>\n\t\t\t\t<dt class='gallery-icon landscape'>\n\t\t\t\t\t<a class=\"rollover rollover-zoom dt-pswp-item\" title=\"69b336a3-2a8d-48d9-bbbd-31a6b5c6aab9\" data-dt-img-description=\"\" data-large_image_width=\"593\" data-large_image_height=\"371\"href='https:\/\/www.radiopiu.net\/wordpress\/wp-content\/uploads\/2022\/05\/69b336a3-2a8d-48d9-bbbd-31a6b5c6aab9.jpg'><img loading=\"lazy\" decoding=\"async\" width=\"150\" height=\"150\" src=\"https:\/\/www.radiopiu.net\/wordpress\/wp-content\/uploads\/2022\/05\/69b336a3-2a8d-48d9-bbbd-31a6b5c6aab9-150x150.jpg\" class=\"attachment-thumbnail size-thumbnail\" alt=\"\" \/><\/a>\n\t\t\t\t<\/dt><\/dl><dl class='gallery-item'>\n\t\t\t\t<dt class='gallery-icon landscape'>\n\t\t\t\t\t<a class=\"rollover rollover-zoom dt-pswp-item\" title=\"5a43d37d-a9e8-43aa-a918-67ad2aaab954\" data-dt-img-description=\"\" data-large_image_width=\"607\" data-large_image_height=\"362\"href='https:\/\/www.radiopiu.net\/wordpress\/wp-content\/uploads\/2022\/05\/5a43d37d-a9e8-43aa-a918-67ad2aaab954.jpg'><img loading=\"lazy\" decoding=\"async\" width=\"150\" height=\"150\" src=\"https:\/\/www.radiopiu.net\/wordpress\/wp-content\/uploads\/2022\/05\/5a43d37d-a9e8-43aa-a918-67ad2aaab954-150x150.jpg\" class=\"attachment-thumbnail size-thumbnail\" alt=\"\" \/><\/a>\n\t\t\t\t<\/dt><\/dl><dl class='gallery-item'>\n\t\t\t\t<dt class='gallery-icon landscape'>\n\t\t\t\t\t<a class=\"rollover rollover-zoom dt-pswp-item\" title=\"ed3f084c-db0a-4faa-a721-f824e0f1e23a\" data-dt-img-description=\"\" data-large_image_width=\"610\" data-large_image_height=\"369\"href='https:\/\/www.radiopiu.net\/wordpress\/wp-content\/uploads\/2022\/05\/ed3f084c-db0a-4faa-a721-f824e0f1e23a.jpg'><img loading=\"lazy\" decoding=\"async\" width=\"150\" height=\"150\" src=\"https:\/\/www.radiopiu.net\/wordpress\/wp-content\/uploads\/2022\/05\/ed3f084c-db0a-4faa-a721-f824e0f1e23a-150x150.jpg\" class=\"attachment-thumbnail size-thumbnail\" alt=\"\" \/><\/a>\n\t\t\t\t<\/dt><\/dl><br style=\"clear: both\" \/><dl class='gallery-item'>\n\t\t\t\t<dt class='gallery-icon landscape'>\n\t\t\t\t\t<a class=\"rollover rollover-zoom dt-pswp-item\" title=\"f064052b-3bac-4e5b-b44e-d129e3c7ea18\" data-dt-img-description=\"\" data-large_image_width=\"608\" data-large_image_height=\"359\"href='https:\/\/www.radiopiu.net\/wordpress\/wp-content\/uploads\/2022\/05\/f064052b-3bac-4e5b-b44e-d129e3c7ea18.jpg'><img loading=\"lazy\" decoding=\"async\" width=\"150\" height=\"150\" src=\"https:\/\/www.radiopiu.net\/wordpress\/wp-content\/uploads\/2022\/05\/f064052b-3bac-4e5b-b44e-d129e3c7ea18-150x150.jpg\" class=\"attachment-thumbnail size-thumbnail\" alt=\"\" \/><\/a>\n\t\t\t\t<\/dt><\/dl><dl class='gallery-item'>\n\t\t\t\t<dt class='gallery-icon landscape'>\n\t\t\t\t\t<a class=\"rollover rollover-zoom dt-pswp-item\" title=\"551f252f-7ad2-4b8c-93a5-17a7de954fb6\" data-dt-img-description=\"\" data-large_image_width=\"610\" data-large_image_height=\"361\"href='https:\/\/www.radiopiu.net\/wordpress\/wp-content\/uploads\/2022\/05\/551f252f-7ad2-4b8c-93a5-17a7de954fb6.jpg'><img loading=\"lazy\" decoding=\"async\" width=\"150\" height=\"150\" src=\"https:\/\/www.radiopiu.net\/wordpress\/wp-content\/uploads\/2022\/05\/551f252f-7ad2-4b8c-93a5-17a7de954fb6-150x150.jpg\" class=\"attachment-thumbnail size-thumbnail\" alt=\"\" \/><\/a>\n\t\t\t\t<\/dt><\/dl><dl class='gallery-item'>\n\t\t\t\t<dt class='gallery-icon landscape'>\n\t\t\t\t\t<a class=\"rollover rollover-zoom dt-pswp-item\" title=\"5ff1ca20-d99b-4f64-963f-ad8e5e418300\" data-dt-img-description=\"\" data-large_image_width=\"612\" data-large_image_height=\"350\"href='https:\/\/www.radiopiu.net\/wordpress\/wp-content\/uploads\/2022\/05\/5ff1ca20-d99b-4f64-963f-ad8e5e418300.jpg'><img loading=\"lazy\" decoding=\"async\" width=\"150\" height=\"150\" src=\"https:\/\/www.radiopiu.net\/wordpress\/wp-content\/uploads\/2022\/05\/5ff1ca20-d99b-4f64-963f-ad8e5e418300-150x150.jpg\" class=\"attachment-thumbnail size-thumbnail\" alt=\"\" \/><\/a>\n\t\t\t\t<\/dt><\/dl><br style=\"clear: both\" \/>\n\t\t\t<\/div>\n\n<p>&nbsp;<\/p>\n<hr \/>\n<p>&nbsp;<\/p>\n<blockquote>\n<h3>LA GIORNATA NAZIONALE DEL SOLLIEVO<\/h3>\n<\/blockquote>\n<p><a class=\"dt-pswp-item\" href=\"https:\/\/www.radiopiu.net\/wordpress\/wp-content\/uploads\/2022\/05\/Giornata-del-sollievo.png\" data-dt-img-description=\"\" data-large_image_width=\"1080\" data-large_image_height=\"1080\"><img loading=\"lazy\" decoding=\"async\" class=\" wp-image-277653 alignleft\" src=\"https:\/\/www.radiopiu.net\/wordpress\/wp-content\/uploads\/2022\/05\/Giornata-del-sollievo-150x150.png\" alt=\"\" width=\"141\" height=\"141\" srcset=\"https:\/\/www.radiopiu.net\/wordpress\/wp-content\/uploads\/2022\/05\/Giornata-del-sollievo-150x150.png 150w, https:\/\/www.radiopiu.net\/wordpress\/wp-content\/uploads\/2022\/05\/Giornata-del-sollievo-300x300.png 300w, https:\/\/www.radiopiu.net\/wordpress\/wp-content\/uploads\/2022\/05\/Giornata-del-sollievo-1024x1024.png 1024w, https:\/\/www.radiopiu.net\/wordpress\/wp-content\/uploads\/2022\/05\/Giornata-del-sollievo-768x768.png 768w, https:\/\/www.radiopiu.net\/wordpress\/wp-content\/uploads\/2022\/05\/Giornata-del-sollievo.png 1080w\" sizes=\"auto, (max-width: 141px) 100vw, 141px\" \/><\/a><\/p>\n<p><strong>BELLUNO<\/strong> In occasione della giornata nazionale del sollievo, che ricorre il prossimo 29 maggio, l\u2019Ulss Dolomiti organizza due punti informativi sulle Cure Palliative, in collaborazione con le Associazioni di volontariato attivo &#8211; Associazione Cucchini, Associazione Mano Amica e Associazione Pettirosso. Un\u2019iniziativa dedicata allo sviluppo della cultura del sollievo dalla sofferenza fisica e morale dal tema \u201cMi prendo cura di te: le cure palliative vicino al malato e alla sua famiglia. Insieme a te fino alla fine\u201d \u2981 venerd\u00ec 27 maggio dalle 9.00 alle 13.00 in Piazza dei Martiri a Belluno \u2981 venerd\u00ec 27 e sabato 28 maggio dalle 9.00 alle 12.30 in Largo Castaldi a Feltre<\/p>\n<p>&nbsp;<\/p>\n<p>&nbsp;<\/p>\n<hr \/>\n<blockquote>\n<h3><\/h3>\n<h3>VIABILITA&#8217; PER L&#8217;OSPEDALE DI FELTRE, LE NUOVE MODALITA&#8217; DAL 1 GIUGNO<\/h3>\n<\/blockquote>\n<p><strong>FELTRE<\/strong>\u00a0 Dal 1 giugno l&#8217;utente che necessita di entrare in auto all\u2019Ospedale di Feltre \u00e8 invitato a presentarsi alla vecchia portineria o alla sbarra lato nord (via Bentivoglio). Suonando il citofono, sar\u00e0 in contatto con la portineria che, se autorizzabile, far\u00e0 accedere l\u2019auto. A partire dal 1\u00b0 giugno, infatti, sar\u00e0 CHIUSO il passaggio alle automobili presso il nuovo accesso, utilizzato solo per lo stato di emergenza<\/p>\n<p>&nbsp;<\/p>\n<p>&nbsp;<\/p>\n<hr \/>\n<p>&nbsp;<\/p>\n<blockquote>\n<h3>APPROVATA PROGRAMMAZIONE REGIONALE INTERVENTI SOCIALI DI CONTRASTO ALLA POVERTA\u2019 2021-2023 PER OLTRE 77 MILIONI DI EURO<\/h3>\n<\/blockquote>\n<p><strong><a class=\"dt-pswp-item\" href=\"https:\/\/www.radiopiu.net\/wordpress\/wp-content\/uploads\/2021\/03\/soldi.jpeg\" data-dt-img-description=\"\" data-large_image_width=\"626\" data-large_image_height=\"417\"><img loading=\"lazy\" decoding=\"async\" class=\"size-thumbnail wp-image-199630 alignleft\" src=\"https:\/\/www.radiopiu.net\/wordpress\/wp-content\/uploads\/2021\/03\/soldi-150x150.jpeg\" alt=\"\" width=\"150\" height=\"150\" \/><\/a>VENEZIA\u00a0 <\/strong>La Giunta regionale, su proposta dell\u2019Assessore alla Sanit\u00e0 e alle Politiche sociali, ha approvato l\u2019\u201dAtto di programmazione per gli interventi e i servizi sociali di contrasto alla povert\u00e0 2021-2023\u201d. Le risorse sul tavolo per i tre anni ammontano complessivamente a 77.386.020 euro da destinare ai Veneti in difficolt\u00e0 tramite gli ambiti territoriali sociali (ATS). In continuit\u00e0 con la programmazione del precedente triennio, il documento \u00e8 la declinazione regionale di quello nazionale in cui sono determinate le risorse, le finalit\u00e0 e gli obbiettivi. I fondi sono cos\u00ec suddivisi: 72.356.220 euro per il rafforzamento dei servizi di presa in carico sociale per l\u2019attuazione delle misure di contrasto alla povert\u00e0, 3.978.800 euro per i servizi dedicati alla povert\u00e0 e marginalit\u00e0 estrema e senza dimora, 1.050.000 euro dedicati ai <em>Care Leavers<\/em>. Quest\u2019ultimi sono quei giovani ancora vulnerabili che, una volta maggiorenni, vengono accompagnati in percorsi di crescita verso l&#8217;autonomia e l&#8217;inclusione sociale.<\/p>\n<p>&nbsp;<\/p>\n<p>&nbsp;<\/p>\n<hr \/>\n<p>&nbsp;<\/p>\n<blockquote>\n<h3>DOMENICA 29 MAGGIO \u201cGIORNATA APERTA DELLE FATTORIE DIDATTICHE\u201d. VISITE GRATUITE SU PRENOTAZIONE IN OLTRE 100 AZIENDE VENETE<\/h3>\n<\/blockquote>\n<p><strong><a class=\"dt-pswp-item\" href=\"https:\/\/www.radiopiu.net\/wordpress\/wp-content\/uploads\/2022\/03\/MUCCA.jpg\" data-dt-img-description=\"\" data-large_image_width=\"1024\" data-large_image_height=\"768\"><img loading=\"lazy\" decoding=\"async\" class=\"size-thumbnail wp-image-265531 alignleft\" src=\"https:\/\/www.radiopiu.net\/wordpress\/wp-content\/uploads\/2022\/03\/MUCCA-150x150.jpg\" alt=\"\" width=\"150\" height=\"150\" \/><\/a>VENEZIA <\/strong>E\u2019 in programma per domenica 29 maggio 2022 la 18^ edizione della \u201cGiornata aperta delle Fattorie Didattiche\u201d, iniziativa promossa dalla Regione in collaborazione con le organizzazioni professionali del settore, alla quale hanno aderito 117 aziende agricole e agrituristiche di tutto il Veneto. Ogni azienda propone uno specifico programma di attivit\u00e0, in base alla propria identit\u00e0 produttiva, territoriale e culturale, ma tutte sono idealmente unite dal filo conduttore dell\u2019evento dedicato principalmente ai bambini e alle loro famiglie. Un\u2019offerta turistica esperienziale che intende trasmettere il sapere dell\u2019agricoltore, custode dell\u2019ambiente rurale insegnando, a chi intende scoprire questo mondo, quello che sa incentivando, attraverso il divertimento e la scoperta, l\u2019\u201dimparar facendo\u201d. Le visite sono gratuite ma \u00e8 necessaria la prenotazione alla fattoria prescelta, individuandola nell\u2019elenco completo, suddiviso per le sette province venete, pubblicato nel sito <a href=\"https:\/\/www.regione.veneto.it\/web\/guest\/article-detail?articleId=13586375\">https:\/\/www.regione.veneto.it\/web\/guest\/article-detail?articleId=13586375<\/a><\/p>\n<p>&nbsp;<\/p>\n<p>&nbsp;<\/p>\n<hr \/>\n<p>&nbsp;<\/p>\n<blockquote>\n<h3>GRANDE SUCCESSO PER \u201cASCOLTARE PER CONOSCERE. QUANDO LA LETTURA DIVENTA INCLUSIVA\u201d, L\u2019EVENTO ONLINE ORGANIZZATO DAL CENTRO INTERNAZIONALE DEL LIBRO PARLATO DI FELTRE<\/h3>\n<\/blockquote>\n<p><strong><a class=\"dt-pswp-item\" href=\"https:\/\/www.radiopiu.net\/wordpress\/wp-content\/uploads\/2022\/05\/Schermata-2022-05-25-alle-10.53.48.png\" data-dt-img-description=\"\" data-large_image_width=\"922\" data-large_image_height=\"470\"><img loading=\"lazy\" decoding=\"async\" class=\"alignleft wp-image-277604 \" src=\"https:\/\/www.radiopiu.net\/wordpress\/wp-content\/uploads\/2022\/05\/Schermata-2022-05-25-alle-10.53.48-300x153.png\" alt=\"\" width=\"225\" height=\"115\" srcset=\"https:\/\/www.radiopiu.net\/wordpress\/wp-content\/uploads\/2022\/05\/Schermata-2022-05-25-alle-10.53.48-300x153.png 300w, https:\/\/www.radiopiu.net\/wordpress\/wp-content\/uploads\/2022\/05\/Schermata-2022-05-25-alle-10.53.48-768x391.png 768w, https:\/\/www.radiopiu.net\/wordpress\/wp-content\/uploads\/2022\/05\/Schermata-2022-05-25-alle-10.53.48.png 922w\" sizes=\"auto, (max-width: 225px) 100vw, 225px\" \/><\/a>FELTRE <\/strong>Si \u00e8 tenuto online dal 18 al 20 maggio \u201cAscoltare per conoscere. Quando la lettura diventa inclusiva\u201d, l\u2019evento organizzato dal Centro Internazionale del Libro Parlato di Feltre (CILP) dedicato alla lettura e all\u2019inclusivit\u00e0 che ha ottenuto un grande successo di pubblico. Sono state infatti pi\u00f9 di 940 le persone che si sono iscritte al convegno gratuito che, nel corso di tre giornate, ha visto 28 ospiti tra professionisti, medici, insegnanti ed esperti confrontarsi sul tema dell\u2019inclusivit\u00e0 dal punto di vista della lettura. Per chi non avesse avuto modo di partecipare, \u00e8 possibile rivedere tutte le registrazioni iscrivendosi sul sito web ascoltareperconoscere.com. &#8220;<em>Ci tengo a ringraziare tutti gli speakers che hanno partecipato gratuitamente e le persone che hanno preso parte a queste tre indimenticabili giornate<\/em> &#8211; dichiara Luisa Alchini, Presidente del Centro Internazionale del Libro Parlato &#8211; <em>che si sono rivelate fondamentali per informare sui disturbi specifici dell&#8217;apprendimento e disabilit\u00e0 visive, aiutare le persone ad affrontare con consapevolezza tali problematiche e presentare esempi virtuosi di realt\u00e0 che si stanno occupando di questo&#8221;. <\/em>Gli interventi hanno trattato un\u2019ampia panoramica di tematiche: Susanna Tamaro ha parlato delle difficolta\u0300 del percorso scolastico in presenza di disturbi dell&#8217;apprendimento; Valentina Borsella ha presentato i progetti della Fondazione Carlo Molo per l\u2019inclusione degli afasici; Michele Inturri ha approfondito l\u2019esperienza umana ed artistica di <a class=\"dt-pswp-item\" href=\"https:\/\/www.radiopiu.net\/wordpress\/wp-content\/uploads\/2022\/05\/d8de1807-b36e-4aac-ac1c-68be3571996c.jpg\" data-dt-img-description=\"\" data-large_image_width=\"1080\" data-large_image_height=\"498\"><img loading=\"lazy\" decoding=\"async\" class=\"wp-image-277731 size-medium alignright\" src=\"https:\/\/www.radiopiu.net\/wordpress\/wp-content\/uploads\/2022\/05\/d8de1807-b36e-4aac-ac1c-68be3571996c-300x138.jpg\" alt=\"\" width=\"300\" height=\"138\" srcset=\"https:\/\/www.radiopiu.net\/wordpress\/wp-content\/uploads\/2022\/05\/d8de1807-b36e-4aac-ac1c-68be3571996c-300x138.jpg 300w, https:\/\/www.radiopiu.net\/wordpress\/wp-content\/uploads\/2022\/05\/d8de1807-b36e-4aac-ac1c-68be3571996c-1024x472.jpg 1024w, https:\/\/www.radiopiu.net\/wordpress\/wp-content\/uploads\/2022\/05\/d8de1807-b36e-4aac-ac1c-68be3571996c-768x354.jpg 768w, https:\/\/www.radiopiu.net\/wordpress\/wp-content\/uploads\/2022\/05\/d8de1807-b36e-4aac-ac1c-68be3571996c.jpg 1080w\" sizes=\"auto, (max-width: 300px) 100vw, 300px\" \/><\/a>un donatore di voce; Carlo Cottarelli ha parlato della necessit\u00e0 di investire nella cultura; Mario Cottarelli ha approfondito o svilimento linguistico del turpiloquio attraverso &#8220;Parliamo di parolacce senza dire parolacce&#8221;; Marzio Bossi ha portato l\u2019esperienza dei donatori di voce in carcere a Bologna; Katjusa Casagrande ha raccontato il piano di inclusivita\u0300 del liceo Dal PIaz; Matteo Masini e Michele Vello hanno presentatoi progetti inclusivi nell&#8217;istituto di S.Giustina; Maria Pastrello ha raccontato l\u2019esperienza di un dirigente scolastico e membro del CTS; Andrea Delogu ha raccontato la sua esperienza a stretto contatto con la dislessia; Cesare Cornoldi ha approfondito i disturbi specifici dell\u2019apprendimento e gli strumenti compensativi; Paolino Gianturco ha portato la storia dell\u2019Associazione Italiana Dislessia raccontata da chi l\u2019ha vissuta; Alessandro Rocco ha presentato \u201cW la dislessia\u201d, il progetto dedicato alle famiglie Lorenzo Paliaga &#8211; La storia di un percorso di studi di un dislessico; Nicoletta Lanciano ed Ettore Cozzolino hanno parlato di algoritmi ed effetti dell&#8217;osteopatia sui giovani con sindrome di dislessia; Paola Brieda ha presentato i progetti inclusivi nelle scuole; Caterina Franchin ha presentato &#8220;La rivincita di Ettore&#8221;; Michele Del Borrello ha approfondito \u201cL\u2019Ipovisione raccontata da un medico oculista\u201d; Romina Cristallo ha portato l\u2019esperienza di una donatrice di voce sensibilizzata dalla sua patologia, la maculopatia; Mario Paolini ha parlato di disabilita\u0300, volontariato e formazione; Claudia Cattadori ha raccontato il suo percorso di studio e gli ausili che le hanno permesso di studiare in autonomia; Mirko Mezzacasa ha presentato lo strumento della radio come mezzo altamente inclusivo; Andrea Afragoli ha parlato della struttura associativa Federottica come opera; Armando Enrico ha presentato \u2018Bimbovisione\u2019 il progetto di Federottica; e Ugo Rosati ha raccontato l\u2019esperienza di un donatore di voce e cantante lirico<strong><br \/>\n<\/strong><\/p>\n<p><strong>ALLA RADIO, LA PRESIDENTE DEL CILP, LUISA ALCHINI<\/strong><\/p>\n<audio class=\"wp-audio-shortcode\" id=\"audio-277532-13\" preload=\"none\" style=\"width: 100%;\" controls=\"controls\"><source type=\"audio\/mpeg\" src=\"https:\/\/www.radiopiu.net\/wordpress\/wp-content\/uploads\/2022\/05\/LUISA.mp3?_=13\" \/><a href=\"https:\/\/www.radiopiu.net\/wordpress\/wp-content\/uploads\/2022\/05\/LUISA.mp3\">https:\/\/www.radiopiu.net\/wordpress\/wp-content\/uploads\/2022\/05\/LUISA.mp3<\/a><\/audio>\n<p>&nbsp;<\/p>\n<p>.<\/p>\n<p>&nbsp;<\/p>\n<p>&nbsp;<\/p>\n<p>&nbsp;<\/p>\n<hr \/>\n<p>&nbsp;<\/p>\n<blockquote>\n<h3>VIABILITA&#8217;, ORDINANZE DAL COMUNE DI BELLUNO<\/h3>\n<\/blockquote>\n<p><strong><a class=\"dt-pswp-item\" href=\"https:\/\/www.radiopiu.net\/wordpress\/wp-content\/uploads\/2022\/05\/th.jpg\" data-dt-img-description=\"\" data-large_image_width=\"322\" data-large_image_height=\"181\"><img loading=\"lazy\" decoding=\"async\" class=\"size-thumbnail wp-image-277643 alignleft\" src=\"https:\/\/www.radiopiu.net\/wordpress\/wp-content\/uploads\/2022\/05\/th-150x150.jpg\" alt=\"\" width=\"150\" height=\"150\" \/><\/a>BELLUNO<\/strong>\u00a0 <span dir=\"ltr\" role=\"presentation\">Nelle piazze Associazione bellunese volontari del sangue e della Bandiera, <\/span><span dir=\"ltr\" role=\"presentation\">dal 30 maggio al 13 giugno <\/span><span dir=\"ltr\" role=\"presentation\">Per<\/span> <span dir=\"ltr\" role=\"presentation\">consentire<\/span> <span dir=\"ltr\" role=\"presentation\">l&#8217;<strong>allestimento<\/strong><\/span><strong> <span dir=\"ltr\" role=\"presentation\">delle<\/span> <span dir=\"ltr\" role=\"presentation\">strutture<\/span> <span dir=\"ltr\" role=\"presentation\">attrattive<\/span> <span dir=\"ltr\" role=\"presentation\">del<\/span> <span dir=\"ltr\" role=\"presentation\">Luna<\/span> <span dir=\"ltr\" role=\"presentation\">Park<\/span> <\/strong><span dir=\"ltr\" role=\"presentation\">divieto di sosta con rimozione forzata dei veicoli dal<\/span><span dir=\"ltr\" role=\"presentation\"> 29 maggio al13 giugno; <\/span>\u00a0<span dir=\"ltr\" role=\"presentation\">modifica<\/span> <span dir=\"ltr\" role=\"presentation\">della<\/span> <span dir=\"ltr\" role=\"presentation\">regolamentazione<\/span> <span dir=\"ltr\" role=\"presentation\">della<\/span> <span dir=\"ltr\" role=\"presentation\">sosta<\/span> <span dir=\"ltr\" role=\"presentation\">dei<\/span> <span dir=\"ltr\" role=\"presentation\">veicoli,<\/span> <span dir=\"ltr\" role=\"presentation\">nell&#8217;area <\/span><span dir=\"ltr\" role=\"presentation\">regolamentata<\/span> <span dir=\"ltr\" role=\"presentation\">a<\/span> <span dir=\"ltr\" role=\"presentation\">disco<\/span> <span dir=\"ltr\" role=\"presentation\">orario<\/span> <span dir=\"ltr\" role=\"presentation\">in<\/span> <span dir=\"ltr\" role=\"presentation\">via<\/span> <span dir=\"ltr\" role=\"presentation\">A.<\/span> <span dir=\"ltr\" role=\"presentation\">Gabelli,<\/span> <span dir=\"ltr\" role=\"presentation\">nelle<\/span> <span dir=\"ltr\" role=\"presentation\">aree <\/span><span dir=\"ltr\" role=\"presentation\">regolamentate<\/span> <span dir=\"ltr\" role=\"presentation\">a<\/span> <span dir=\"ltr\" role=\"presentation\">pagamento<\/span> <span dir=\"ltr\" role=\"presentation\">del<\/span> <span dir=\"ltr\" role=\"presentation\">piazzale<\/span> <span dir=\"ltr\" role=\"presentation\">Associazione<\/span> <span dir=\"ltr\" role=\"presentation\">Bellunesi <\/span><span dir=\"ltr\" role=\"presentation\">Volontari del Sangue (tratto compreso tra il ponte degli Alpini e via <\/span><span dir=\"ltr\" role=\"presentation\">Gabelli) e in quella situata in via S. Biagio, consentendo la sosta a <\/span><span dir=\"ltr\" role=\"presentation\">titolo<\/span> <span dir=\"ltr\" role=\"presentation\">gratuito<\/span> <span dir=\"ltr\" role=\"presentation\">e<\/span> <span dir=\"ltr\" role=\"presentation\">senza<\/span> <span dir=\"ltr\" role=\"presentation\">limitazione<\/span> <span dir=\"ltr\" role=\"presentation\">temporale,<\/span> \u00a0<span dir=\"ltr\" role=\"presentation\">dal<\/span> <span dir=\"ltr\" role=\"presentation\">30 <\/span><span dir=\"ltr\" role=\"presentation\">maggio al 13 giugno; <\/span><span dir=\"ltr\" role=\"presentation\">divieto di sosta con rimozione forzata dei veicoli nel <\/span><span dir=\"ltr\" role=\"presentation\">piazza Associazione &#8220;della Bandiera&#8221;, nell&#8217;area posta a nord-est, lato <\/span><span dir=\"ltr\" role=\"presentation\">ditta Casal Auto, dal 25 maggio al<\/span><span dir=\"ltr\" role=\"presentation\"> 20 giugno. <\/span><span dir=\"ltr\" role=\"presentation\">Il titolo di abbonamento per i parcheggi a pagamento del \u201cPalasport\u201d e<\/span><span dir=\"ltr\" role=\"presentation\">\u201cSan Biagio\u201d avr\u00e0 validit\u00e0 per la sosta dei veicoli anche per il parcheggio <\/span><span dir=\"ltr\" role=\"presentation\">&#8220;ex Moi&#8221; in via Feltre, limitatamente al periodo temporale dal 30 maggio al <\/span><span dir=\"ltr\" role=\"presentation\">13 giugno<\/span><\/p>\n<p><span dir=\"ltr\" role=\"presentation\">***<br \/>\n<strong>Per consentire la creazione di un\u2019area di cantiere<\/strong> con posizionamento di ponteggi e di una gru edile divieto di circolazione veicolare nelle vie Matteotti e Loreto,\u00a0 dalle 7\u00a0alle 13\u00a0di domenica 29 maggio; istituzione del senso unico alternato di circolazione veicolare regolato a vista da idonea segnaletica stradale all\u2019intersezione tra le vie Matteotti, Garibaldi e Loreto in corrispondenza del cantiere,\u00a0 dal 29 maggio\u00a0 al 31 luglio; \u00a0soppressione degli stalli di sosta riservati ai veicoli impegnati nelle operazioni di carico\/scarico merci antistanti al civico 1 di via Loreto,\u00a0 dal\u00a029 maggio al 31 luglio<\/span><\/p>\n<p>&nbsp;<\/p>\n<hr \/>\n<blockquote>\n<h3><\/h3>\n<h3>GLI ANZIANI VITTIME DELLE TRUFFE INFORMATICHE<\/h3>\n<\/blockquote>\n<p><strong><a class=\"dt-pswp-item\" href=\"https:\/\/www.radiopiu.net\/wordpress\/wp-content\/uploads\/2022\/05\/convegno-pensionati-Confagricoltura-scaled.jpg\" data-dt-img-description=\"\" data-large_image_width=\"2560\" data-large_image_height=\"1643\"><img loading=\"lazy\" decoding=\"async\" class=\" wp-image-277435 alignleft\" src=\"https:\/\/www.radiopiu.net\/wordpress\/wp-content\/uploads\/2022\/05\/convegno-pensionati-Confagricoltura-150x150.jpg\" alt=\"\" width=\"107\" height=\"107\" \/><\/a>BELLUNO<\/strong> Truffe telefoniche e informatiche, tentativi di phishing, proposte di contratti falsamente convenienti. Gli anziani, a causa della poca dimestichezza con le nuove tecnologie, sono sempre pi\u00f9 bersaglio di raggiri online o telefonici. A denunciarlo \u00e8 Anpa Belluno, l\u2019Associazione pensionati di Confagricoltura, che a questo tema dedicher\u00e0 un convegno che si svolger\u00e0 domani alle 15, nello stand associativo a Longarone Fiere, in collaborazione con il Cupla, il Coordinamento unitario pensionati lavoro autonomo e all\u2019Adoc, Associazione difesa orientamento consumatori.<\/p>\n<p>&nbsp;<\/p>\n<p>&nbsp;<\/p>\n<hr \/>\n<p>&nbsp;<\/p>\n<blockquote>\n<h3>RECLUTAMENTO DEGLI ADDETTI AL CENSIMENTO<\/h3>\n<\/blockquote>\n<p><strong>BELLUNO<\/strong> <span dir=\"ltr\" role=\"presentation\">E&#8217; stato pubblicato l&#8217;avviso per la selezione pubblica, per titoli e secondo <\/span><span dir=\"ltr\" role=\"presentation\">predeterminati<\/span> <span dir=\"ltr\" role=\"presentation\">criteri<\/span> <span dir=\"ltr\" role=\"presentation\">selettivi,<\/span> <span dir=\"ltr\" role=\"presentation\">per<\/span> <span dir=\"ltr\" role=\"presentation\">il<\/span> <span dir=\"ltr\" role=\"presentation\">conferimento<\/span> <span dir=\"ltr\" role=\"presentation\">dell\u2019incarico<\/span> <span dir=\"ltr\" role=\"presentation\">di<\/span> <span dir=\"ltr\" role=\"presentation\">un <\/span><span dir=\"ltr\" role=\"presentation\">coordinatore e operatore di back office e di dieci rilevatori statistici, per lo <\/span><span dir=\"ltr\" role=\"presentation\">svolgimento del Censimento Permanente della Popolazione 2022-2026. <\/span><span dir=\"ltr\" role=\"presentation\">I<\/span> <span dir=\"ltr\" role=\"presentation\">candidati<\/span> <span dir=\"ltr\" role=\"presentation\">interessati<\/span> <span dir=\"ltr\" role=\"presentation\">possono<\/span> <span dir=\"ltr\" role=\"presentation\">presentare<\/span> <span dir=\"ltr\" role=\"presentation\">domanda,<\/span> <span dir=\"ltr\" role=\"presentation\">esclusivamente<\/span><br role=\"presentation\" \/><span dir=\"ltr\" role=\"presentation\">utilizzando i moduli allegati all&#8217;avviso, entro le ore 12 del 3 giugno 2022.<\/span><\/p>\n<p>&nbsp;<\/p>\n<p>&nbsp;<\/p>\n<hr \/>\n<p>&nbsp;<\/p>\n<blockquote>\n<h3>DUE PUNTI NEL CONSIGLIO COMUNALE DI AGORDO DI OGGI<\/h3>\n<\/blockquote>\n<p><strong>AGORDO<\/strong> Il sindaco di Agordo Roberto Chissal\u00e8 ha convocato il consiglio comunale per oggi alle 17:30. Due i punti da discutere: l&#8217;approvazione del regolamento per lo svolgimento delle sedute degli organi in modalit\u00e0 telematica e da ieri nell&#8217;ordine del giorno un secondo argomento, il bilancio dell&#8217;azienda speciale Agordo Servizi.<\/p>\n<p>&nbsp;<\/p>\n<p>&nbsp;<\/p>\n<hr \/>\n<p>&nbsp;<\/p>\n<blockquote>\n<h3>MARTEDI&#8217; 31 MAGGIO L&#8217;ASSEMBLEA GENERALE DEL CONSORZIO BIM PIAVE<\/h3>\n<\/blockquote>\n<p><strong>BELLUNO<\/strong> L\u2019Assemblea Generale del Consorzio BIM Piave di Belluno e\u0300 convocata in seduta pubblica marted\u00ec 31 maggio alle 15 presso la \u201cSala Convegni della A.N.A. Sezione di Belluno\u201d in Via Attilio Tissi n. 10 a Belluno. Quattro punti all&#8217;ordine del giorno: Lettura ed approvazione verbali seduta precedente; Approvazione Rendiconto di gestione anno 2021; Prima variazione al Bilancio di Previsione 2022-2024; Modifica Regolamento per l\u2019assegnazione di contributi in conto capitale ai Comuni consorziati.<\/p>\n<p>&nbsp;<\/p>\n<p>&nbsp;<\/p>\n<hr \/>\n<p>&nbsp;<\/p>\n<blockquote>\n<h3><a class=\"dt-pswp-item\" href=\"https:\/\/www.radiopiu.net\/wordpress\/wp-content\/uploads\/2022\/05\/LUCIO-CARACCIOLO.jpg\" data-dt-img-description=\"\" data-large_image_width=\"174\" data-large_image_height=\"268\"><img loading=\"lazy\" decoding=\"async\" class=\"size-thumbnail wp-image-277219 alignleft\" src=\"https:\/\/www.radiopiu.net\/wordpress\/wp-content\/uploads\/2022\/05\/LUCIO-CARACCIOLO-150x150.jpg\" alt=\"\" width=\"150\" height=\"150\" \/><\/a>LUCIO CARACCIOLO A BELLUNO<\/h3>\n<\/blockquote>\n<p><strong>BELLUNO <\/strong>L\u2019Associazione Amici delle Scuole in Rete e le Scuole in Rete per un Mondo di Solidariet\u00e0 e Pace in sinergia con l\u2019APS Gianni Ballerio hanno riprogrammato per luned\u00ec 30 maggio 2022 alle\u00a0 ore 11.00 l\u2019incontro\/confronto con prof. Lucio Caracciolo, il massimo esperto di geopolitica in Italia, direttore della rivista italiana di geopolitica Limes, dal titolo \u201cL\u2019Europa nel confronto geopolitico tra democrazie e autoritarismi\u201d. L&#8217;incontro si potr\u00e0 seguire <strong>In streaming live o in differita su <\/strong><a href=\"https:\/\/www.studentibelluno.it\/le-scuole-in-rete\/905-caracciolo-22\">https:\/\/www.studentibelluno.it\/le-scuole-in-rete\/905-caracciolo-22<\/a><\/p>\n<p>&nbsp;<\/p>\n<p>&nbsp;<\/p>\n<hr \/>\n<p>&nbsp;<\/p>\n<blockquote>\n<h3>\u201cDELL\u2019ESSERE UNO\u201d. MOSTRA FOTOGRAFICA ORGANIZZATA DALLA COMMISSIONE PARI OPPORTUNITA\u2019 DI FELTRE<\/h3>\n<p>&nbsp;<\/p>\n<p><strong>FELTRE<\/strong> Il 2 giugno 2022, per il mese tradizionalmente dedicato all\u2019orgoglio LGBT, la Commissione Pari Opportunit\u00e0 di Feltre inaugurer\u00e0 la mostra fotografica \u201cDell\u2019essere uno\u201d. La mostra sar\u00e0 visitabile dal 2 giugno al 3 luglio 2022 presso la Galleria \u201cSora Porta\u201d, spin-off artistico del bar \u201cIl Cantonet\u201d, e sar\u00e0 ad accesso libero. L\u2019inaugurazione della mostra avr\u00e0 luogo alle 18.00 del 2 giugno<\/p>\n<p>&nbsp;<\/p><\/blockquote>\n<hr \/>\n<p>&nbsp;<\/p>\n<blockquote>\n<h3>MAGGIO AGORDINO CON L&#8217;ASSOCIAZIONE PERITI MINERARI INDUSTRIALI DI AGORDO<\/h3>\n<\/blockquote>\n<p><strong>AGORDO <\/strong>Torna l&#8217;appuntamento con &#8220;Maggio Agordino&#8221;, un ciclo di serate culturali e di divulgazione scientifica promosse da APIM &#8211; Associazione Periti Industriali Minerari di Agordo. Quest&#8217;anno il tema che costituir\u00e0 di fatto il filo conduttore delle serate sar\u00e0 il cambiamento climatico. Le serate in Sala Don Tamis con inizio alle 20:30. Domani &#8220;Il clima che cambia(mo) e le nostre montagne&#8221;. Tutte le serate sono ad entrata libera<\/p>\n<p>&nbsp;<\/p>\n<p>&nbsp;<\/p>\n<hr \/>\n<p>&nbsp;<\/p>\n<blockquote>\n<h3>RIAPRE IL CASTELLO DI ANDRAZ<\/h3>\n<\/blockquote>\n<p><strong>LIVINALLONGO<\/strong> Con l\u2019arrivo dell\u2019estate riapre anche il Castello di Andraz, che quest\u2019anno festeggia il 10\u00b0 compleanno. Nel mese di giugno, il museo sar\u00e0 aperto dal gioved\u00ec alla domenica, dalle 10:00 alle 12:30 e dalle 14:30 alle 18:00. Per il momento le visite guidate saranno garantite solo su prenotazione al 334 3346680<\/p>\n<p>&nbsp;<\/p>\n<p>&nbsp;<\/p>\n<hr \/>\n<p>&nbsp;<\/p>\n<blockquote>\n<h3><span dir=\"ltr\" role=\"presentation\">Modifiche alla circolazione in alcune vie e piazze<\/span><\/h3>\n<\/blockquote>\n<p><span dir=\"ltr\" role=\"presentation\"><strong>BELLUNO<\/strong> <\/span><span dir=\"ltr\" role=\"presentation\">Per<\/span> <span dir=\"ltr\" role=\"presentation\">consentire<\/span> <span dir=\"ltr\" role=\"presentation\">l&#8217;esecuzione<\/span> <span dir=\"ltr\" role=\"presentation\">dei<\/span> <span dir=\"ltr\" role=\"presentation\">lavori<\/span> <span dir=\"ltr\" role=\"presentation\">di<\/span> <span dir=\"ltr\" role=\"presentation\">rifacimento<\/span> <span dir=\"ltr\" role=\"presentation\">della<\/span> <span dir=\"ltr\" role=\"presentation\">segnaletica <\/span><span dir=\"ltr\" role=\"presentation\">stradale<\/span> <span dir=\"ltr\" role=\"presentation\">orizzontale, <\/span><span dir=\"ltr\" role=\"presentation\">oggi <\/span><span dir=\"ltr\" role=\"presentation\">si<\/span> <span dir=\"ltr\" role=\"presentation\">rende <\/span><span dir=\"ltr\" role=\"presentation\">necessario il restringimento della carreggiata con istituzione del<\/span> <span dir=\"ltr\" role=\"presentation\">senso <\/span><span dir=\"ltr\" role=\"presentation\">unico alternato di circolazione veicolare<\/span><span dir=\"ltr\" role=\"presentation\">, <\/span><span dir=\"ltr\" role=\"presentation\">\u00a0dalle 8 alle<\/span><span dir=\"ltr\" role=\"presentation\"> 12 e dalle\u00a0 13 alle\u00a0 18, nelle\u00a0 vie:\u00a0 Miari, <\/span><span dir=\"ltr\" role=\"presentation\">viale dei Dendrofori e galleria Belluno, via Gabelli, via Simon da Cusighe e <\/span><span dir=\"ltr\" role=\"presentation\">via Agordo.<\/span><\/p>\n<p>&nbsp;<\/p>\n<hr \/>\n<p>&nbsp;<\/p>\n<blockquote>\n<h3>CORTOMETRAGGI PER BAMBINI E CENTRO INTERNAZIONALE DEL LIBRO PARLATO A FONZASO<\/h3>\n<\/blockquote>\n<p><strong>FONZASO<\/strong> Domani alle 21 rassegna \u201cPiccoli film, grandi storie\u201d, all\u2019ex-scuola elementare di Arten a Fonzaso. Per il terzo evento della rassegna, attraverso i cortometraggi di animazione i piu\u0300 piccoli verranno avvicinati al tema dell\u2019\u201cUnicita\u0300\u201d. Durante la serata interverra\u0300\u00a0 Luisa Alchini, presidente del Centro Internazionale del Libro Parlato, che aprira\u0300 libri nuovi e decisamente speciali interagendo con i bambini. La partecipazione e\u0300 gratuita, su iscrizione: https:\/\/dolomitihub.it\/lunicita\/<\/p>\n<p>&nbsp;<\/p>\n<p>&nbsp;<\/p>\n<hr \/>\n<p>&nbsp;<\/p>\n<blockquote>\n<h3>L&#8217;ASSEMBLEA DELLA FONDAZIONE ANGELINI<\/h3>\n<\/blockquote>\n<p><strong>BELLUNO <\/strong>Oggi alle 8 in Piazza Mercato 26 a Belluno, si svolger\u00e0 l\u2019assemblea annuale riservata ai soci dell\u2019Associazione Amici della Fondazione G. Angelini. L\u2019assemblea sar\u00e0 preceduta da un momento di incontro aperto a tutti alle ore 17.00 per illustrare le pi\u00f9 recenti attivit\u00e0 della Fondazione e di coinvolgimento delle realt\u00e0 che partecipano all\u2019Associazione.<\/p>\n<p>&nbsp;<\/p>\n<hr \/>\n<p>&nbsp;<\/p>\n<blockquote>\n<h3>LILT BELLUNO FA TAPPA AL GIRO D&#8217;ITALIA<\/h3>\n<\/blockquote>\n<p><strong>BELLUNO <\/strong>Anche la sezione bellunese della Lilt (Lega Italiana per la Lotta contro i Tumori) far\u00e0 \u201ctappa\u201d, sabato 28 maggio, al Giro d\u2019Italia. \u00abA Belluno saremo presenti in Piazza dei Martiri con un presidio in cui metteremo a disposizione materiale informativo e illustrativo\u00bb spiega la sezione bellunese Lilt. Inoltre in Piazza Piloni ci sar\u00e0 un\u2019unit\u00e0 mobile presente dalle 9 alle 13, messa a disposizione dalla Sma Service, in cui la dottoressa Pier Anna Dal Mas, dermatologa e nostra presidente, effettuer\u00e0 la mappatura dei nei. Vi sar\u00e0 anche l\u2019unit\u00e0 mobile del Ser.D. in cui il personale medico ed infermieristico, messo a disposizione dall\u2019Ulss 1 Dolomiti, effettuer\u00e0 attivit\u00e0 di educazione sanitaria e promozione della salute con la possibilit\u00e0 di misurare il Monossido di Carbonio.<\/p>\n<p>&nbsp;<\/p>\n<hr \/>\n<p>&nbsp;<\/p>\n<blockquote>\n<h3>IL FENOMENO MIGRATORIO BELLUNESE NEL LIBRO DI POCCHIESA-FORNARO-VIO<\/h3>\n<\/blockquote>\n<p>&nbsp;<\/p>\n<p><strong>di\u00a0 RENATO BONA<\/strong><\/p>\n<p>La nascita del regno d\u2019Italia \u00e8 datata 1861. Un regno di pochi ricchi e nobili, di grandi proprietari terrieri, di possidenti, e un regno di tanta povera gente, di affamati, di \u2018plebe\u2019 che possedeva solo\u2026 le braccia per lavorare. La fonte di sopravvivenza per questi ultimi era l\u2019agricoltura, l\u2019allevamento del bestiame, la pastorizia, il piccolo artigianato, il salariato precario\u2026 Boschi, prati e pascoli, specialmente in montagna erano i beni comuni. Ma non dovunque, che assicuravano il minimo indispensabile per sopravvivere. \u201cE quando nacque la speranza che emigrando si poteva stare meglio e vivere pi\u00f9 dignitosamente, l\u2019espatrio, l\u2019allontanamento da casa, vicino o lontano, divennero un fenomeno singolo e di massa\u201d. Gli autori di \u201cPiccole grandi storie di emigranti\u201d, il libro edito nel dicembre 1991 con Media Diffusion e Agenzia Polaris: Ivano Pocchiesa, Mario Fornaro ed Aduo Vio, avevano quindi raccolto alcuni pareri su come si viveva in provincia di Belluno a cavallo del 1800-1900. Giovanni Fontana, Comelico: \u201cRicordo che nel primo decennio del secolo si filava, nelle case, il lino, la canapa e la lana, si falciava l\u2019erba sui monti e alla sera i fal\u00f2, che venivano tradizionalmente accesi dai partecipanti all\u2019alpestre fienagione, costituivano uno spettacolo. Gli alimenti principali erano il \u2018mos\u2019 o \u2018pestarei\u2019 ossia la farinata, la polenta, le patate\u2026\u201d. Mario Ferruccio Belli, Valle del Boite: \u201cLa carne era principalmente quella dei castrati e delle pecore; nessuno mangiava polli\u2026 Pi\u00f9 volte venne aperta a San Vito una macelleria ma sempre con poco successo; la frutta, salvo le poche e striminzite mele spontanee locali era praticamente sconosciuta, i ragazzi conoscevano le \u2018stracaganasce\u2019 e le \u2018carobole\u2019 (castagne secche e carrube): il pesce era un altro illustre sconosciuto a tavola\u2026\u201d. Erano due aree similari, salvo poche differenziazioni, a tutta la provincia, con qualche eccezione, forse nel capoluogo Belluno e in grossi centri come Feltrino, Agordo, Pieve di Cadore, Cortina. Esponevano poi una serie di dati e prospetti statistici sul fenomeno migratorio di Italia, Austria, Ungheria, Germania, Gran Bretagna e Irlanda, Portogallo, Russia, Spagna e Svezia che vedevano l\u2019Italia largamente prima in fatto di emigrazione oltre oceano, anche clandestina, a partire dal 1876 e fino al 1901 e ponevano la domanda delle domande: \u201cQual\u2019era il destino di tutta questa umanit\u00e0? Per prercisare: \u201cCi fu chi cadde dalla padella nella brace, per dirla con un proverbio antico. E chi invece, pur dopo un non facile periodo di ambientamento e di rodaggio \u201csi conquist\u00f2 il suo spazio al sole\u201d. Citavano in proposito alcuni episodi riportati dai giornali locali del Brasile: da \u2018O Pais di Rio de Janeiro: \u201c\u2026 Stanno da moltissimi giorni circa 80 immigrati ai quali nessuno ha dato fin\u2019ora alloggio n\u00e9 soccorso. Tra questi disgraziati vi sono donne e fanciulli pallidi e smunti, che non sanno dove trovare le autorit\u00e0 per ricevere gli aiuti del governo\u201d. Dal \u201cBersagliere\u201dpure di Rio de Janeiro: \u201c\u2026 Nell\u2019isola dei Fiori, nel Rio Grande do Sul, 237 immigrati sarebbero morti di stenti e di fame in 17 giorni\u2026\u201d. Antonio Cordella emigrato in Brasile nel 1892 scriveva al sindaco di Zoldo, Giovanni Duanelli per illustrare la situazione personale e di tanti altri e, fra l\u2019altro, segnalava \u201cscarsezza di preti\u2026\u201d. Mentre don Domenico Cassol, che fu per lustri nel direttivo dell\u2019Associazione bellunese degli emigranti sottolineava che \u201cLa mano caritatevole della Chiesa fece sentire, fin dall\u2019inizio delle penetrazioni, la sua presenza materna, attraverso l\u2019attuazione coraggiosa dei suoi sacerdoti\u201d. In realt\u00e0 \u2013 puntualizzavano Pocchiesa, Fornaro, Vio \u2013 in Brasile \u201cterra d\u2019emigrazione \u2018privilegiata dei veneti, nella seconda met\u00e0 dell\u2019\u2019800 non mancavano solo i preti ma anche medici, levatrici\u2026 Negli insediamenti degli emigrati, all\u2019interno della foresta (mato), in luoghi selvaggi e spesso inospitali, un ruolo tutto particolare \u00e8 toccato ai vecchi che secondo la necessit\u00e0 dovevano improvvisarsi medici anche per far nascere i bambini e curare gli ammalati. e preti per seppellire i morti\u2026 Non mancavano quindi di ricordare \u2013 e concludiamo \u2013 che \u201cNaturalmente ce n\u2019era anche per le donne, con Gigi Meneghello che in \u201cLibera nos a malo\u201d, Milano 1963: scriveva fra l\u2019altro: \u201c\u2026 Il maschio \u00e8 naturalmente pagano, e tocca alla sposa cristiana, non tanto convertirlo, quanto salvargli l\u2019anima. Il maschio selvaggio beve, gioca, bestemmia, molesta le donne, mena le mani. La sposa missionaria non contrasta questi suoi costumi, ma bada al sodo, che \u00e8 quel minimo di messe, sacramenti e devozioni sufficienti a restare fondamentalmente in buona col cielo\u2026 Prendere i maschi di petto sarebbe assurdo, come voler spiegare l\u2019algebra ai cannibali. Ma fin che c\u2019\u00e8 donna c\u2019\u00e8 speranza\u2026\u201d. NELLE FOTO (riproduzioni dal libro \u201cPiccole grandi storie di emigranti\u201d): i problemi di vita non impedivano di sorridere davanti ai primi obiettivi fotografici; come vestivano negli anni fine \u2018800 primi \u2018900: quasi sempre il fotografo ambulante del momento, per la posa forniva anche i vestiti; la partenza dal porto, con la disperazione \u201cpennellata\u201d nei vecchi, nei bimbi, nelle madri che allattavano, negli uomini coricati per terra, nelle poche sostanze in ceste di vimini e valigie, in donne incinte (Angelo Tommasi 1858-1923, Galleria di arte moderna e contemporanea di Roma); la nuova condizione sociale in terra straniera: attrezzi da lavoro nelle mani e a spalla, volti gi\u00e0 pi\u00f9 sereni e quasi fieri della propria operosit\u00e0 (Aldo Locatelli 1915-1962, Centro amministrativo di Caxias do Sul, murales 2,77 x 30,05 metri); un saluto in divisa imposta ai \u201cBL\u201d (Bravi Lavoratori), bellunesi a Mogadiscio in Somalia nell\u2019anno 1935; prima a destra: Marina, madre dello scultore Fiabane, pure lei emigrante, a Matt, cantone di Glarus in Svizzera, 1933; Belgio 1946: quadretto familiare e sullo sfondo le baracche; sul retro della foto si pu\u00f2 leggere: \u201cscherzeti che nella mia cara patria non ho mai potuto fare invece qui la bira \u00e8 sempre a portata di mano come lacqua in Italia\u201d; calderai e stagnini del Comelico; gruppo di zattieri di Polpet che spesso seguivano la \u201cvia della Mora\u201d: la Moravia, in Romania, lungo il Danubio, prima della Grande Guerra (dal volume \u201cStoria di Polpet e di Ponte nelle Alpi\u201d).<\/p>\n\n\t\t\t<style type='text\/css'>\n\t\t\t\t#gallery-7 {\n\t\t\t\t\tmargin: auto;\n\t\t\t\t}\n\t\t\t\t#gallery-7 .gallery-item {\n\t\t\t\t\tfloat: left;\n\t\t\t\t\tmargin-top: 10px;\n\t\t\t\t\ttext-align: center;\n\t\t\t\t\twidth: 20%;\n\t\t\t\t}\n\t\t\t\t#gallery-7 img {\n\t\t\t\t\tborder: 2px solid #cfcfcf;\n\t\t\t\t}\n\t\t\t\t#gallery-7 .gallery-caption {\n\t\t\t\t\tmargin-left: 0;\n\t\t\t\t}\n\t\t\t\t\/* see gallery_shortcode() in wp-includes\/media.php *\/\n\t\t\t<\/style>\n\t\t<div id='gallery-7' class='dt-gallery-container gallery galleryid-277532 gallery-columns-5 gallery-size-thumbnail'><dl class='gallery-item'>\n\t\t\t\t<dt class='gallery-icon landscape'>\n\t\t\t\t\t<a class=\"rollover rollover-zoom dt-pswp-item\" title=\"283553244_1934457180276632_3886867683079822181_n\" data-dt-img-description=\"\" data-large_image_width=\"442\" data-large_image_height=\"206\"href='https:\/\/www.radiopiu.net\/wordpress\/wp-content\/uploads\/2022\/05\/283553244_1934457180276632_3886867683079822181_n.jpg'><img loading=\"lazy\" decoding=\"async\" width=\"150\" height=\"150\" src=\"https:\/\/www.radiopiu.net\/wordpress\/wp-content\/uploads\/2022\/05\/283553244_1934457180276632_3886867683079822181_n-150x150.jpg\" class=\"attachment-thumbnail size-thumbnail\" alt=\"\" \/><\/a>\n\t\t\t\t<\/dt><\/dl><dl class='gallery-item'>\n\t\t\t\t<dt class='gallery-icon landscape'>\n\t\t\t\t\t<a class=\"rollover rollover-zoom dt-pswp-item\" title=\"283354978_4679146408853495_311028177669723498_n\" data-dt-img-description=\"\" data-large_image_width=\"312\" data-large_image_height=\"206\"href='https:\/\/www.radiopiu.net\/wordpress\/wp-content\/uploads\/2022\/05\/283354978_4679146408853495_311028177669723498_n.jpg'><img loading=\"lazy\" decoding=\"async\" width=\"150\" height=\"150\" src=\"https:\/\/www.radiopiu.net\/wordpress\/wp-content\/uploads\/2022\/05\/283354978_4679146408853495_311028177669723498_n-150x150.jpg\" class=\"attachment-thumbnail size-thumbnail\" alt=\"\" \/><\/a>\n\t\t\t\t<\/dt><\/dl><dl class='gallery-item'>\n\t\t\t\t<dt class='gallery-icon portrait'>\n\t\t\t\t\t<a class=\"rollover rollover-zoom dt-pswp-item\" title=\"284022638_350073593705896_6677351598589153640_n\" data-dt-img-description=\"\" data-large_image_width=\"154\" data-large_image_height=\"206\"href='https:\/\/www.radiopiu.net\/wordpress\/wp-content\/uploads\/2022\/05\/284022638_350073593705896_6677351598589153640_n.jpg'><img loading=\"lazy\" decoding=\"async\" width=\"150\" height=\"150\" src=\"https:\/\/www.radiopiu.net\/wordpress\/wp-content\/uploads\/2022\/05\/284022638_350073593705896_6677351598589153640_n-150x150.jpg\" class=\"attachment-thumbnail size-thumbnail\" alt=\"\" \/><\/a>\n\t\t\t\t<\/dt><\/dl><dl class='gallery-item'>\n\t\t\t\t<dt class='gallery-icon portrait'>\n\t\t\t\t\t<a class=\"rollover rollover-zoom dt-pswp-item\" title=\"282442626_404961651617614_6141571849314388070_n\" data-dt-img-description=\"\" data-large_image_width=\"151\" data-large_image_height=\"240\"href='https:\/\/www.radiopiu.net\/wordpress\/wp-content\/uploads\/2022\/05\/282442626_404961651617614_6141571849314388070_n.jpg'><img loading=\"lazy\" decoding=\"async\" width=\"150\" height=\"150\" src=\"https:\/\/www.radiopiu.net\/wordpress\/wp-content\/uploads\/2022\/05\/282442626_404961651617614_6141571849314388070_n-150x150.jpg\" class=\"attachment-thumbnail size-thumbnail\" alt=\"\" \/><\/a>\n\t\t\t\t<\/dt><\/dl><dl class='gallery-item'>\n\t\t\t\t<dt class='gallery-icon portrait'>\n\t\t\t\t\t<a class=\"rollover rollover-zoom dt-pswp-item\" title=\"283762940_430478855107180_7610493312095807785_n\" data-dt-img-description=\"\" data-large_image_width=\"180\" data-large_image_height=\"199\"href='https:\/\/www.radiopiu.net\/wordpress\/wp-content\/uploads\/2022\/05\/283762940_430478855107180_7610493312095807785_n.jpg'><img loading=\"lazy\" decoding=\"async\" width=\"150\" height=\"150\" src=\"https:\/\/www.radiopiu.net\/wordpress\/wp-content\/uploads\/2022\/05\/283762940_430478855107180_7610493312095807785_n-150x150.jpg\" class=\"attachment-thumbnail size-thumbnail\" alt=\"\" \/><\/a>\n\t\t\t\t<\/dt><\/dl><br style=\"clear: both\" \/><dl class='gallery-item'>\n\t\t\t\t<dt class='gallery-icon landscape'>\n\t\t\t\t\t<a class=\"rollover rollover-zoom dt-pswp-item\" title=\"282666787_5255650097848082_1155068901527320262_n\" data-dt-img-description=\"\" data-large_image_width=\"318\" data-large_image_height=\"206\"href='https:\/\/www.radiopiu.net\/wordpress\/wp-content\/uploads\/2022\/05\/282666787_5255650097848082_1155068901527320262_n.jpg'><img loading=\"lazy\" decoding=\"async\" width=\"150\" height=\"150\" src=\"https:\/\/www.radiopiu.net\/wordpress\/wp-content\/uploads\/2022\/05\/282666787_5255650097848082_1155068901527320262_n-150x150.jpg\" class=\"attachment-thumbnail size-thumbnail\" alt=\"\" \/><\/a>\n\t\t\t\t<\/dt><\/dl><dl class='gallery-item'>\n\t\t\t\t<dt class='gallery-icon landscape'>\n\t\t\t\t\t<a class=\"rollover rollover-zoom dt-pswp-item\" title=\"283712823_380093770827725_1425509008535533689_n\" data-dt-img-description=\"\" data-large_image_width=\"370\" data-large_image_height=\"204\"href='https:\/\/www.radiopiu.net\/wordpress\/wp-content\/uploads\/2022\/05\/283712823_380093770827725_1425509008535533689_n.jpg'><img loading=\"lazy\" decoding=\"async\" width=\"150\" height=\"150\" src=\"https:\/\/www.radiopiu.net\/wordpress\/wp-content\/uploads\/2022\/05\/283712823_380093770827725_1425509008535533689_n-150x150.jpg\" class=\"attachment-thumbnail size-thumbnail\" alt=\"\" \/><\/a>\n\t\t\t\t<\/dt><\/dl><dl class='gallery-item'>\n\t\t\t\t<dt class='gallery-icon landscape'>\n\t\t\t\t\t<a class=\"rollover rollover-zoom dt-pswp-item\" title=\"282830609_352140740346643_5947743681063688449_n\" data-dt-img-description=\"\" data-large_image_width=\"351\" data-large_image_height=\"206\"href='https:\/\/www.radiopiu.net\/wordpress\/wp-content\/uploads\/2022\/05\/282830609_352140740346643_5947743681063688449_n.jpg'><img loading=\"lazy\" decoding=\"async\" width=\"150\" height=\"150\" src=\"https:\/\/www.radiopiu.net\/wordpress\/wp-content\/uploads\/2022\/05\/282830609_352140740346643_5947743681063688449_n-150x150.jpg\" class=\"attachment-thumbnail size-thumbnail\" alt=\"\" \/><\/a>\n\t\t\t\t<\/dt><\/dl><dl class='gallery-item'>\n\t\t\t\t<dt class='gallery-icon portrait'>\n\t\t\t\t\t<a class=\"rollover rollover-zoom dt-pswp-item\" title=\"283361730_510939850822756_1382945893384519220_n\" data-dt-img-description=\"\" data-large_image_width=\"168\" data-large_image_height=\"201\"href='https:\/\/www.radiopiu.net\/wordpress\/wp-content\/uploads\/2022\/05\/283361730_510939850822756_1382945893384519220_n.jpg'><img loading=\"lazy\" decoding=\"async\" width=\"150\" height=\"150\" src=\"https:\/\/www.radiopiu.net\/wordpress\/wp-content\/uploads\/2022\/05\/283361730_510939850822756_1382945893384519220_n-150x150.jpg\" class=\"attachment-thumbnail size-thumbnail\" alt=\"\" \/><\/a>\n\t\t\t\t<\/dt><\/dl><dl class='gallery-item'>\n\t\t\t\t<dt class='gallery-icon portrait'>\n\t\t\t\t\t<a class=\"rollover rollover-zoom dt-pswp-item\" title=\"283493906_1045728276034002_8081352209669874225_n\" data-dt-img-description=\"\" data-large_image_width=\"154\" data-large_image_height=\"240\"href='https:\/\/www.radiopiu.net\/wordpress\/wp-content\/uploads\/2022\/05\/283493906_1045728276034002_8081352209669874225_n.jpg'><img loading=\"lazy\" decoding=\"async\" width=\"150\" height=\"150\" src=\"https:\/\/www.radiopiu.net\/wordpress\/wp-content\/uploads\/2022\/05\/283493906_1045728276034002_8081352209669874225_n-150x150.jpg\" class=\"attachment-thumbnail size-thumbnail\" alt=\"\" \/><\/a>\n\t\t\t\t<\/dt><\/dl><br style=\"clear: both\" \/>\n\t\t\t<\/div>\n\n<p>&nbsp;<\/p>\n<p>&nbsp;<\/p>\n<hr \/>\n<p>&nbsp;<\/p>\n<h2><span style=\"color: #ff0000;\"><strong>IERI ALLA RADIO<\/strong><\/span><\/h2>\n<h2><strong><a class=\"dt-pswp-item\" href=\"https:\/\/www.radiopiu.net\/wordpress\/wp-content\/uploads\/2020\/04\/TENNIS-AGORDO.jpg\" data-dt-img-description=\"\" data-large_image_width=\"512\" data-large_image_height=\"307\"><img loading=\"lazy\" decoding=\"async\" class=\"size-thumbnail wp-image-133584 alignleft\" src=\"https:\/\/www.radiopiu.net\/wordpress\/wp-content\/uploads\/2020\/04\/TENNIS-AGORDO-150x150.jpg\" alt=\"\" width=\"150\" height=\"150\" \/><\/a><\/strong><span style=\"color: #993300;\">PARTE LA STAGIONE DEL TENNIS CLUB AGORDO<\/span><\/h2>\n<p><strong>di Claudio Fontanive<\/strong><\/p>\n<p>OSPITE: Matteo Reolon<\/p>\n<audio class=\"wp-audio-shortcode\" id=\"audio-277532-14\" preload=\"none\" style=\"width: 100%;\" controls=\"controls\"><source type=\"audio\/mpeg\" src=\"https:\/\/www.radiopiu.net\/wordpress\/wp-content\/uploads\/2022\/05\/tennis-matteo-reolon-25-maggio.mp3?_=14\" \/><a href=\"https:\/\/www.radiopiu.net\/wordpress\/wp-content\/uploads\/2022\/05\/tennis-matteo-reolon-25-maggio.mp3\">https:\/\/www.radiopiu.net\/wordpress\/wp-content\/uploads\/2022\/05\/tennis-matteo-reolon-25-maggio.mp3<\/a><\/audio>\n<p>&nbsp;<\/p>\n<hr \/>\n<p>&nbsp;<\/p>\n<blockquote>\n<h2>SAVE THE DATE, 2 GIUGNO PALAFALCADE CON L&#8217;ORCHESTRA DA BALLO DI BAGUTTI<\/h2>\n<h2><a class=\"dt-pswp-item\" href=\"https:\/\/www.radiopiu.net\/wordpress\/wp-content\/uploads\/2022\/05\/281706031_7621074247933383_5294172386003535739_n.jpg\" data-dt-img-description=\"\" data-large_image_width=\"1080\" data-large_image_height=\"1080\"><img loading=\"lazy\" decoding=\"async\" class=\"size-thumbnail wp-image-276498 alignleft\" src=\"https:\/\/www.radiopiu.net\/wordpress\/wp-content\/uploads\/2022\/05\/281706031_7621074247933383_5294172386003535739_n-150x150.jpg\" alt=\"\" width=\"150\" height=\"150\" srcset=\"https:\/\/www.radiopiu.net\/wordpress\/wp-content\/uploads\/2022\/05\/281706031_7621074247933383_5294172386003535739_n-150x150.jpg 150w, https:\/\/www.radiopiu.net\/wordpress\/wp-content\/uploads\/2022\/05\/281706031_7621074247933383_5294172386003535739_n-300x300.jpg 300w, https:\/\/www.radiopiu.net\/wordpress\/wp-content\/uploads\/2022\/05\/281706031_7621074247933383_5294172386003535739_n-1024x1024.jpg 1024w, https:\/\/www.radiopiu.net\/wordpress\/wp-content\/uploads\/2022\/05\/281706031_7621074247933383_5294172386003535739_n-768x768.jpg 768w, https:\/\/www.radiopiu.net\/wordpress\/wp-content\/uploads\/2022\/05\/281706031_7621074247933383_5294172386003535739_n.jpg 1080w\" sizes=\"auto, (max-width: 150px) 100vw, 150px\" \/><\/a><strong>OSPITI ANTONELLA SCHENA, CRISTIAN MASSARENTI E GIANMARCO BAGUTTI\u00a0<\/strong><\/h2>\n<\/blockquote>\n<p><strong>AUDIO\u00a0<\/strong><\/p>\n<audio class=\"wp-audio-shortcode\" id=\"audio-277532-15\" preload=\"none\" style=\"width: 100%;\" controls=\"controls\"><source type=\"audio\/mpeg\" src=\"https:\/\/www.radiopiu.net\/wordpress\/wp-content\/uploads\/2022\/05\/ginamarco-bagutti-18-maggio.mp3?_=15\" \/><a href=\"https:\/\/www.radiopiu.net\/wordpress\/wp-content\/uploads\/2022\/05\/ginamarco-bagutti-18-maggio.mp3\">https:\/\/www.radiopiu.net\/wordpress\/wp-content\/uploads\/2022\/05\/ginamarco-bagutti-18-maggio.mp3<\/a><\/audio>\n<p><strong>LO SPOT ALLA RADIO\u00a0<\/strong><\/p>\n<audio class=\"wp-audio-shortcode\" id=\"audio-277532-16\" preload=\"none\" style=\"width: 100%;\" controls=\"controls\"><source type=\"audio\/mpeg\" src=\"https:\/\/www.radiopiu.net\/wordpress\/wp-content\/uploads\/2022\/05\/BAGUTTI-SPOT.mp3?_=16\" \/><a href=\"https:\/\/www.radiopiu.net\/wordpress\/wp-content\/uploads\/2022\/05\/BAGUTTI-SPOT.mp3\">https:\/\/www.radiopiu.net\/wordpress\/wp-content\/uploads\/2022\/05\/BAGUTTI-SPOT.mp3<\/a><\/audio>\n<p>&nbsp;<\/p>\n<p>&nbsp;<\/p>\n<hr \/>\n<p>&nbsp;<\/p>\n<p>&nbsp;<\/p>\n<blockquote class=\"wp-embedded-content\" data-secret=\"goL7YIcokc\"><p><a href=\"https:\/\/www.radiopiu.net\/wordpress\/39annimaggi25\/\">39 ANNI DI RADIO&#8230;L&#8217;ANGOLO DEI RICORDI, COME DICEVA GIORGIO FAVERO &#8220;VALLI SEI STATA MERAVIGLIOSA&#8221;<\/a><\/p><\/blockquote>\n<p><iframe loading=\"lazy\" class=\"wp-embedded-content\" sandbox=\"allow-scripts\" security=\"restricted\" style=\"position: absolute; clip: rect(1px, 1px, 1px, 1px);\" title=\"&#8220;39 ANNI DI RADIO&#8230;L&#8217;ANGOLO DEI RICORDI, COME DICEVA GIORGIO FAVERO &#8220;VALLI SEI STATA MERAVIGLIOSA&#8221;&#8221; &#8212; Radio Pi\u00f9\" src=\"https:\/\/www.radiopiu.net\/wordpress\/39annimaggi25\/embed\/#?secret=KwCjXOvc2F#?secret=goL7YIcokc\" data-secret=\"goL7YIcokc\" width=\"600\" height=\"338\" frameborder=\"0\" marginwidth=\"0\" marginheight=\"0\" scrolling=\"no\"><\/iframe><\/p>\n<p>&nbsp;<\/p>\n<p>&nbsp;<\/p>\n<hr \/>\n<p>&nbsp;<\/p>\n<h2><span style=\"color: #008080;\">SALUTE &amp; SOCIETA&#8217;\u00a0<\/span><\/h2>\n<p><strong>LA RACCOLTA<\/strong><\/p>\n<blockquote class=\"wp-embedded-content\" data-secret=\"uqAC0SEjRq\"><p><a href=\"https:\/\/www.radiopiu.net\/wordpress\/saluteesocieta\/\">Salute e Societ\u00e0<\/a><\/p><\/blockquote>\n<p><iframe loading=\"lazy\" class=\"wp-embedded-content\" sandbox=\"allow-scripts\" security=\"restricted\" style=\"position: absolute; clip: rect(1px, 1px, 1px, 1px);\" title=\"&#8220;Salute e Societ\u00e0&#8221; &#8212; Radio Pi\u00f9\" src=\"https:\/\/www.radiopiu.net\/wordpress\/saluteesocieta\/embed\/#?secret=Am2TU817Ck#?secret=uqAC0SEjRq\" data-secret=\"uqAC0SEjRq\" width=\"600\" height=\"338\" frameborder=\"0\" marginwidth=\"0\" marginheight=\"0\" scrolling=\"no\"><\/iframe><\/p>\n<p>&nbsp;<\/p>\n<hr \/>\n<p>&nbsp;<\/p>\n<h2><span style=\"color: #ff00ff;\">007 IN CONDOTTA CON LA PROF. MARIA ROSA SALMAZO<\/span><\/h2>\n<p><strong>LA RACCOLTA COMPLETA\u00a0<\/strong><\/p>\n<blockquote class=\"wp-embedded-content\" data-secret=\"2VT2mf2vUC\"><p><a href=\"https:\/\/www.radiopiu.net\/wordpress\/007incondotta-9\/\">007 in condotta<\/a><\/p><\/blockquote>\n<p><iframe loading=\"lazy\" class=\"wp-embedded-content\" sandbox=\"allow-scripts\" security=\"restricted\" style=\"position: absolute; clip: rect(1px, 1px, 1px, 1px);\" title=\"&#8220;007 in condotta&#8221; &#8212; Radio Pi\u00f9\" src=\"https:\/\/www.radiopiu.net\/wordpress\/007incondotta-9\/embed\/#?secret=krbz4h0uDV#?secret=2VT2mf2vUC\" data-secret=\"2VT2mf2vUC\" width=\"600\" height=\"338\" frameborder=\"0\" marginwidth=\"0\" marginheight=\"0\" scrolling=\"no\"><\/iframe><\/p>\n<p>&nbsp;<\/p>\n<hr \/>\n<h3 class=\"kvgmc6g5 cxmmr5t8 oygrvhab hcukyx3x c1et5uql\"><span style=\"color: #0000ff;\"><strong>\u00a0<\/strong><\/span><\/h3>\n<h3 class=\"kvgmc6g5 cxmmr5t8 oygrvhab hcukyx3x c1et5uql\"><span style=\"color: #0000ff;\"><strong>INFORMAZIONE il canale su TELEGRAM informazione di prima mano e in tempo reale. iscriviti ed aiutaci a farlo conoscere\u00a0 \u00a0<\/strong><\/span><\/h3>\n<p>&nbsp;<\/p>\n<hr \/>\n<p>&nbsp;<\/p>\n<h2><span style=\"color: #800080;\">STORIE A QUATTROCCHI\u00a0 \u00a0<\/span><\/h2>\n<p><strong>LA PUNTATA DEL 25 MAGGIO 2022<\/strong><\/p>\n<audio class=\"wp-audio-shortcode\" id=\"audio-277532-17\" preload=\"none\" style=\"width: 100%;\" controls=\"controls\"><source type=\"audio\/mpeg\" src=\"https:\/\/www.radiopiu.net\/wordpress\/wp-content\/uploads\/2022\/05\/QOCCHI6-1.mp3?_=17\" \/><a href=\"https:\/\/www.radiopiu.net\/wordpress\/wp-content\/uploads\/2022\/05\/QOCCHI6-1.mp3\">https:\/\/www.radiopiu.net\/wordpress\/wp-content\/uploads\/2022\/05\/QOCCHI6-1.mp3<\/a><\/audio>\n<p><strong>\u00a0<\/strong><\/p>\n<p>&nbsp;<\/p>\n<p><strong>LA RACCOLTA COMPLETA\u00a0<\/strong><\/p>\n<blockquote class=\"wp-embedded-content\" data-secret=\"HXSskuCS0X\"><p><a href=\"https:\/\/www.radiopiu.net\/wordpress\/storie-a-quattrocchi\/\">Storie a quattrocchi<\/a><\/p><\/blockquote>\n<p><iframe loading=\"lazy\" class=\"wp-embedded-content\" sandbox=\"allow-scripts\" security=\"restricted\" style=\"position: absolute; clip: rect(1px, 1px, 1px, 1px);\" title=\"&#8220;Storie a quattrocchi&#8221; &#8212; Radio Pi\u00f9\" src=\"https:\/\/www.radiopiu.net\/wordpress\/storie-a-quattrocchi\/embed\/#?secret=VounNMVjm7#?secret=HXSskuCS0X\" data-secret=\"HXSskuCS0X\" width=\"600\" height=\"338\" frameborder=\"0\" marginwidth=\"0\" marginheight=\"0\" scrolling=\"no\"><\/iframe><\/p>\n<p>&nbsp;<\/p>\n<hr \/>\n<p>&nbsp;<\/p>\n<h2><\/h2>\n<h2><span style=\"color: #008080;\">&#8220;DINTORN E FORA VIA&#8221; A CURA DEL MUSLA, IL NUOVO PROGRAMMA\u00a0\u00a0<\/span><\/h2>\n<p><strong><a class=\"dt-pswp-item\" href=\"https:\/\/www.radiopiu.net\/wordpress\/wp-content\/uploads\/2022\/05\/MUSLA.jpeg\" data-dt-img-description=\"\" data-large_image_width=\"365\" data-large_image_height=\"250\"><img loading=\"lazy\" decoding=\"async\" class=\"alignleft wp-image-277333 \" src=\"https:\/\/www.radiopiu.net\/wordpress\/wp-content\/uploads\/2022\/05\/MUSLA-300x205.jpeg\" alt=\"\" width=\"168\" height=\"115\" srcset=\"https:\/\/www.radiopiu.net\/wordpress\/wp-content\/uploads\/2022\/05\/MUSLA-300x205.jpeg 300w, https:\/\/www.radiopiu.net\/wordpress\/wp-content\/uploads\/2022\/05\/MUSLA.jpeg 365w\" sizes=\"auto, (max-width: 168px) 100vw, 168px\" \/><\/a>PUNTATA DEL 24 MAGGIO 2022 &#8211; CON DAVIDE CONEDERA<\/strong><\/p>\n<audio class=\"wp-audio-shortcode\" id=\"audio-277532-18\" preload=\"none\" style=\"width: 100%;\" controls=\"controls\"><source type=\"audio\/mpeg\" src=\"https:\/\/www.radiopiu.net\/wordpress\/wp-content\/uploads\/2022\/05\/MUSLA-5.mp3?_=18\" \/><a href=\"https:\/\/www.radiopiu.net\/wordpress\/wp-content\/uploads\/2022\/05\/MUSLA-5.mp3\">https:\/\/www.radiopiu.net\/wordpress\/wp-content\/uploads\/2022\/05\/MUSLA-5.mp3<\/a><\/audio>\n<p>&nbsp;<\/p>\n<p><strong>LA RACCOLTA COMPLETA<\/strong><\/p>\n<blockquote class=\"wp-embedded-content\" data-secret=\"NKucw2TKlU\"><p><a href=\"https:\/\/www.radiopiu.net\/wordpress\/musla\/\">MUSLA<\/a><\/p><\/blockquote>\n<p><iframe loading=\"lazy\" class=\"wp-embedded-content\" sandbox=\"allow-scripts\" security=\"restricted\" style=\"position: absolute; clip: rect(1px, 1px, 1px, 1px);\" title=\"&#8220;MUSLA&#8221; &#8212; Radio Pi\u00f9\" src=\"https:\/\/www.radiopiu.net\/wordpress\/musla\/embed\/#?secret=9R9BLnzqQq#?secret=NKucw2TKlU\" data-secret=\"NKucw2TKlU\" width=\"600\" height=\"338\" frameborder=\"0\" marginwidth=\"0\" marginheight=\"0\" scrolling=\"no\"><\/iframe><\/p>\n<p>&nbsp;<\/p>\n<p>&nbsp;<\/p>\n<p>&nbsp;<\/p>\n<hr \/>\n<p>&nbsp;<\/p>\n<div>\n<div class=\"b654a4as d2edcug0\">\n<div class=\"rq0escxv hkbzh7o3 jwdofwj8 n8tt0mok r8blr3vg hyh9befq\">\n<p><a class=\"dt-pswp-item\" href=\"https:\/\/www.radiopiu.net\/wordpress\/wp-content\/uploads\/2020\/10\/pp.jpg\" data-dt-img-description=\"\" data-large_image_width=\"640\" data-large_image_height=\"640\"><img loading=\"lazy\" decoding=\"async\" class=\"wp-image-163678 alignleft\" src=\"https:\/\/www.radiopiu.net\/wordpress\/wp-content\/uploads\/2020\/10\/pp-300x300.jpg\" alt=\"\" width=\"106\" height=\"106\" srcset=\"https:\/\/www.radiopiu.net\/wordpress\/wp-content\/uploads\/2020\/10\/pp-300x300.jpg 300w, https:\/\/www.radiopiu.net\/wordpress\/wp-content\/uploads\/2020\/10\/pp-150x150.jpg 150w, https:\/\/www.radiopiu.net\/wordpress\/wp-content\/uploads\/2020\/10\/pp-125x125.jpg 125w, https:\/\/www.radiopiu.net\/wordpress\/wp-content\/uploads\/2020\/10\/pp-200x200.jpg 200w, https:\/\/www.radiopiu.net\/wordpress\/wp-content\/uploads\/2020\/10\/pp-80x80.jpg 80w, https:\/\/www.radiopiu.net\/wordpress\/wp-content\/uploads\/2020\/10\/pp-480x480.jpg 480w, https:\/\/www.radiopiu.net\/wordpress\/wp-content\/uploads\/2020\/10\/pp.jpg 640w\" sizes=\"auto, (max-width: 106px) 100vw, 106px\" \/><\/a><\/p>\n<\/div>\n<\/div>\n<\/div>\n<div>\n<div class=\"page-title-head hgroup\">\n<div class=\"page-title-head hgroup\">\n<div class=\"b654a4as d2edcug0\">\n<div class=\"j83agx80 btwxx1t3 lhclo0ds hop8lmos nkwizq5d scwd0bx6 roh60bw9\">\n<div class=\"rq0escxv hkbzh7o3 jwdofwj8 n8tt0mok r8blr3vg hyh9befq\">\n<div class=\"do00u71z l9j0dhe7 k4urcfbm\">\n<h2><span style=\"color: #000080;\">DON CESARE, IL PENSIERO DEL GIORNO. ALLA RADIO ALLE 7 DEL MATTINO E ALLE 19.30 DELLA SERA.\u00a0<\/span><\/h2>\n<\/div>\n<audio class=\"wp-audio-shortcode\" id=\"audio-277532-19\" preload=\"none\" style=\"width: 100%;\" controls=\"controls\"><source type=\"audio\/mpeg\" src=\"https:\/\/www.radiopiu.net\/wordpress\/wp-content\/uploads\/2017\/12\/cesare.mp3?_=19\" \/><a href=\"https:\/\/www.radiopiu.net\/wordpress\/wp-content\/uploads\/2017\/12\/cesare.mp3\">https:\/\/www.radiopiu.net\/wordpress\/wp-content\/uploads\/2017\/12\/cesare.mp3<\/a><\/audio>\n<\/div>\n<\/div>\n<\/div>\n<\/div>\n<\/div>\n<\/div>\n<p>&nbsp;<\/p>\n<p>&nbsp;<\/p>\n<hr \/>\n<p>&nbsp;<\/p>\n<div class=\"do00u71z l9j0dhe7 k4urcfbm\">\n<div class=\"page-title-head hgroup\">\n<div class=\"page-title-head hgroup\">\n<div class=\"b654a4as d2edcug0\">\n<div class=\"j83agx80 btwxx1t3 lhclo0ds hop8lmos nkwizq5d scwd0bx6 roh60bw9\">\n<div class=\"rq0escxv hkbzh7o3 jwdofwj8 n8tt0mok r8blr3vg hyh9befq\">\n<div class=\"do00u71z l9j0dhe7 k4urcfbm\">\n<div class=\"page-title-head hgroup\">\n<div class=\"page-title-head hgroup\">\n<div class=\"b654a4as d2edcug0\">\n<div class=\"j83agx80 btwxx1t3 lhclo0ds hop8lmos nkwizq5d scwd0bx6 roh60bw9\">\n<div class=\"rq0escxv hkbzh7o3 jwdofwj8 n8tt0mok r8blr3vg hyh9befq\">\n<div class=\"do00u71z l9j0dhe7 k4urcfbm\">\n<div class=\"ecm0bbzt e5nlhep0 a8c37x1j\">\n<div class=\"kvgmc6g5 cxmmr5t8 oygrvhab hcukyx3x c1et5uql\">\n<div class=\"gmail-kvgmc6g5 gmail-cxmmr5t8 gmail-oygrvhab gmail-hcukyx3x gmail-c1et5uql gmail-ii04i59q\">\n<div class=\"page-title-head hgroup\">\n<div class=\"page-title-head hgroup\">\n<div class=\"b654a4as d2edcug0\">\n<div class=\"j83agx80 btwxx1t3 lhclo0ds hop8lmos nkwizq5d scwd0bx6 roh60bw9\">\n<div class=\"rq0escxv hkbzh7o3 jwdofwj8 n8tt0mok r8blr3vg hyh9befq\">\n<div class=\"do00u71z l9j0dhe7 k4urcfbm\">\n<div class=\"page-title-head hgroup\">\n<div class=\"page-title-head hgroup\">\n<div class=\"b654a4as d2edcug0\">\n<div class=\"j83agx80 btwxx1t3 lhclo0ds hop8lmos nkwizq5d scwd0bx6 roh60bw9\">\n<div class=\"rq0escxv hkbzh7o3 jwdofwj8 n8tt0mok r8blr3vg hyh9befq\">\n<div class=\"do00u71z l9j0dhe7 k4urcfbm\">\n<div class=\"page-title-head hgroup\">\n<div class=\"page-title-head hgroup\">\n<div class=\"b654a4as d2edcug0\">\n<div class=\"j83agx80 btwxx1t3 lhclo0ds hop8lmos nkwizq5d scwd0bx6 roh60bw9\">\n<div class=\"rq0escxv hkbzh7o3 jwdofwj8 n8tt0mok r8blr3vg hyh9befq\">\n<div class=\"do00u71z l9j0dhe7 k4urcfbm\">\n<div class=\"ecm0bbzt e5nlhep0 a8c37x1j\">\n<div class=\"kvgmc6g5 cxmmr5t8 oygrvhab hcukyx3x c1et5uql\">\n<div class=\"gmail-kvgmc6g5 gmail-cxmmr5t8 gmail-oygrvhab gmail-hcukyx3x gmail-c1et5uql gmail-ii04i59q\">\n<div class=\"page-title-head hgroup\">\n<div class=\"page-title-head hgroup\">\n<div class=\"b654a4as d2edcug0\">\n<div class=\"j83agx80 btwxx1t3 lhclo0ds hop8lmos nkwizq5d scwd0bx6 roh60bw9\">\n<div class=\"rq0escxv hkbzh7o3 jwdofwj8 n8tt0mok r8blr3vg hyh9befq\">\n<div class=\"do00u71z l9j0dhe7 k4urcfbm\">\n<blockquote>\n<h3><span style=\"color: #ff0000;\">IN VIVO VERSO,\u00a0 RIASCOLTIAMOLE DAL LUNEDI AL VENERDI ALLE 7.10, 10.10, 18 50<\/span><\/h3>\n<\/blockquote>\n<blockquote>\n<h3>RIASCOLTIAMOLE, STAGIONE 2019_2020 di FEDERICO SOPPELSA &#8220;DONNA&#8221;<\/h3>\n<\/blockquote>\n<p>AUDIO<\/p>\n<audio class=\"wp-audio-shortcode\" id=\"audio-277532-20\" preload=\"none\" style=\"width: 100%;\" controls=\"controls\"><source type=\"audio\/mpeg\" src=\"https:\/\/www.radiopiu.net\/wordpress\/wp-content\/uploads\/2022\/05\/POESIA-3-DONNA-DI-FEDERICO-SOPPELAI.mp3?_=20\" \/><a href=\"https:\/\/www.radiopiu.net\/wordpress\/wp-content\/uploads\/2022\/05\/POESIA-3-DONNA-DI-FEDERICO-SOPPELAI.mp3\">https:\/\/www.radiopiu.net\/wordpress\/wp-content\/uploads\/2022\/05\/POESIA-3-DONNA-DI-FEDERICO-SOPPELAI.mp3<\/a><\/audio>\n<p><img loading=\"lazy\" decoding=\"async\" class=\"\" src=\"https:\/\/www.radiopiu.net\/wordpress\/wp-content\/uploads\/2019\/04\/foto-x-sito-soppelsa-federico-300x300.jpg\" width=\"160\" height=\"160\" \/><\/p>\n<p>&nbsp;<\/p>\n<p>&nbsp;<\/p>\n<p>LA RACCOLTA COMPLETA<\/p>\n<blockquote class=\"wp-embedded-content\" data-secret=\"CiRuusFbDt\"><p><a href=\"https:\/\/www.radiopiu.net\/wordpress\/in-vivo-verso\/\">In Vivo Verso<\/a><\/p><\/blockquote>\n<p><iframe loading=\"lazy\" class=\"wp-embedded-content\" sandbox=\"allow-scripts\" security=\"restricted\" style=\"position: absolute; clip: rect(1px, 1px, 1px, 1px);\" title=\"&#8220;In Vivo Verso&#8221; &#8212; Radio Pi\u00f9\" src=\"https:\/\/www.radiopiu.net\/wordpress\/in-vivo-verso\/embed\/#?secret=wJ5FEEH6ep#?secret=CiRuusFbDt\" data-secret=\"CiRuusFbDt\" width=\"600\" height=\"338\" frameborder=\"0\" marginwidth=\"0\" marginheight=\"0\" scrolling=\"no\"><\/iframe><\/p>\n<p>&nbsp;<\/p>\n<hr \/>\n<p>&nbsp;<\/p>\n<h3 class=\"entry-title\"><span style=\"color: #ff0000;\"><a href=\"https:\/\/www.radiopiu.net\/wordpress\/wp-content\/uploads\/2022\/04\/bustos-756620__340.webp\"><img loading=\"lazy\" decoding=\"async\" class=\" wp-image-271808 alignleft\" src=\"https:\/\/www.radiopiu.net\/wordpress\/wp-content\/uploads\/2022\/04\/bustos-756620__340-150x150.webp\" alt=\"\" width=\"94\" height=\"94\" \/><\/a>GOCCE DI FILOSOFIA\u00a0 &#8211; PUNTATA 208 DEL 25 MAGGIO 2022 LISA DE LUCA<\/span><\/h3>\n<p>AUDIO<\/p>\n<audio class=\"wp-audio-shortcode\" id=\"audio-277532-21\" preload=\"none\" style=\"width: 100%;\" controls=\"controls\"><source type=\"audio\/mpeg\" src=\"https:\/\/www.radiopiu.net\/wordpress\/wp-content\/uploads\/2022\/05\/FI3-3.mp3?_=21\" \/><a href=\"https:\/\/www.radiopiu.net\/wordpress\/wp-content\/uploads\/2022\/05\/FI3-3.mp3\">https:\/\/www.radiopiu.net\/wordpress\/wp-content\/uploads\/2022\/05\/FI3-3.mp3<\/a><\/audio>\n<p>&nbsp;<\/p>\n<p><strong>\u00a0<\/strong><strong>LA RACCOLTA COMPLETA<\/strong><\/p>\n<blockquote class=\"wp-embedded-content\" data-secret=\"Bk52CyoFkv\"><p><a href=\"https:\/\/www.radiopiu.net\/wordpress\/gocce-filosofia\/\">Gocce di filosofia, PRIMA E SECONDA STAGIONE 2022<\/a><\/p><\/blockquote>\n<p><iframe loading=\"lazy\" class=\"wp-embedded-content\" sandbox=\"allow-scripts\" security=\"restricted\" style=\"position: absolute; clip: rect(1px, 1px, 1px, 1px);\" title=\"&#8220;Gocce di filosofia, PRIMA E SECONDA STAGIONE 2022&#8221; &#8212; Radio Pi\u00f9\" src=\"https:\/\/www.radiopiu.net\/wordpress\/gocce-filosofia\/embed\/#?secret=WYUEKUMAT2#?secret=Bk52CyoFkv\" data-secret=\"Bk52CyoFkv\" width=\"600\" height=\"338\" frameborder=\"0\" marginwidth=\"0\" marginheight=\"0\" scrolling=\"no\"><\/iframe><\/p>\n<p>&nbsp;<\/p>\n<hr \/>\n<p>&nbsp;<\/p>\n<p><span style=\"color: #0000ff;\">MUSICA PIU&#8217;\u00a0<\/span><\/p>\n<p><a href=\"https:\/\/www.radiopiu.net\/wordpress\/giornale-radiopiu-20-settembre-2021-direttore-mirko-mezzacasa\/pp-79\/\" rel=\"attachment wp-att-232921\"><img loading=\"lazy\" decoding=\"async\" class=\"wp-image-232921 alignleft\" src=\"https:\/\/www.radiopiu.net\/wordpress\/wp-content\/uploads\/2021\/09\/pp-1-300x300.jpg\" alt=\"\" width=\"135\" height=\"135\" srcset=\"https:\/\/www.radiopiu.net\/wordpress\/wp-content\/uploads\/2021\/09\/pp-1-300x300.jpg 300w, https:\/\/www.radiopiu.net\/wordpress\/wp-content\/uploads\/2021\/09\/pp-1-150x150.jpg 150w, https:\/\/www.radiopiu.net\/wordpress\/wp-content\/uploads\/2021\/09\/pp-1.jpg 640w\" sizes=\"auto, (max-width: 135px) 100vw, 135px\" \/><\/a><\/p>\n<div class=\"mkdf-post-text\">\n<div class=\"mkdf-post-text-inner\">\n<div class=\"mkdf-post-text-main\">\n<div class=\"mkdf-post-text\">\n<div class=\"mkdf-post-text-inner\">\n<div class=\"mkdf-post-text-main\">\n<div class=\"mkdf-post-text\">\n<div class=\"mkdf-post-text-inner\">\n<div class=\"mkdf-post-text-main\">\n<div class=\"page-title-head hgroup\">\n<div class=\"page-title-head hgroup\">\n<div class=\"mkdf-post-text\">\n<div class=\"mkdf-post-text-inner\">\n<div class=\"mkdf-post-text-main\">\n<div class=\"mkdf-post-text\">\n<div class=\"mkdf-post-text-inner\">\n<div class=\"mkdf-post-text-main\">\n<div class=\"page-title-head hgroup\">\n<div class=\"page-title-head hgroup\">\n<div class=\"page-title-head hgroup\">\n<div class=\"page-title-head hgroup\">\n<div class=\"b654a4as d2edcug0\">\n<div class=\"page-title-head hgroup\">\n<div class=\"page-title-head hgroup\">\n<div class=\"page-title-head hgroup\">\n<div class=\"page-title-head hgroup\">\n<div class=\"b654a4as d2edcug0\">\n<div class=\"page-title-head hgroup\">\n<div class=\"page-title-head hgroup\">\n<div class=\"page-title-head hgroup\">\n<div class=\"page-title-head hgroup\">\n<div class=\"b654a4as d2edcug0\">\n<div class=\"mkdf-post-text\">\n<div class=\"mkdf-post-text-inner\">\n<div class=\"mkdf-post-text-main\">\n<div class=\"mkdf-post-text\">\n<div class=\"mkdf-post-text-inner\">\n<div class=\"mkdf-post-text-main\">\n<div class=\"mkdf-post-text\">\n<div class=\"mkdf-post-text-inner\">\n<div class=\"mkdf-post-text-main\">\n<div class=\"page-title-head hgroup\">\n<div class=\"page-title-head hgroup\">\n<div class=\"mkdf-post-text\">\n<div class=\"mkdf-post-text-inner\">\n<div class=\"mkdf-post-text-main\">\n<div class=\"mkdf-post-text\">\n<div class=\"mkdf-post-text-inner\">\n<div class=\"mkdf-post-text-main\">\n<div class=\"page-title-head hgroup\">\n<div class=\"page-title-head hgroup\">\n<div class=\"page-title-head hgroup\">\n<div class=\"page-title-head hgroup\">\n<div class=\"b654a4as d2edcug0\">\n<div class=\"page-title-head hgroup\">\n<div class=\"page-title-head hgroup\">\n<div class=\"page-title-head hgroup\">\n<div class=\"page-title-head hgroup\">\n<div class=\"b654a4as d2edcug0\">\n<div class=\"page-title-head hgroup\">\n<div class=\"page-title-head hgroup\">\n<div class=\"page-title-head hgroup\">\n<div class=\"page-title-head hgroup\">\n<div class=\"b654a4as d2edcug0\">\n<div><\/div>\n<div><\/div>\n<div>\n<p><strong>MUSICA ALLA RADIO, IL PROGRAMMA DI LORIS SCUSSEL &#8220;COLLAGE OPERAZIONE NOSTALGIA&#8221; DAL LUNEDI AL VENERDI ALLE 16.00\u00a0 E ALLE 23\u00a0<\/strong><\/p>\n<p>&nbsp;<\/p>\n<\/div>\n<p><strong>PUNTATA 613 DEL 25 MAGGIO 2022<\/strong><\/p>\n<audio class=\"wp-audio-shortcode\" id=\"audio-277532-22\" preload=\"none\" style=\"width: 100%;\" controls=\"controls\"><source type=\"audio\/mpeg\" src=\"https:\/\/www.radiopiu.net\/wordpress\/wp-content\/uploads\/2022\/05\/Collage-613.mp3?_=22\" \/><a href=\"https:\/\/www.radiopiu.net\/wordpress\/wp-content\/uploads\/2022\/05\/Collage-613.mp3\">https:\/\/www.radiopiu.net\/wordpress\/wp-content\/uploads\/2022\/05\/Collage-613.mp3<\/a><\/audio>\n<p>&nbsp;<\/p>\n<\/div>\n<p><strong><a class=\"dt-pswp-item\" href=\"https:\/\/www.radiopiu.net\/wordpress\/wp-content\/uploads\/2022\/05\/Aphrodites-child-Rain-and-tears_SITO.jpg\" data-dt-img-description=\"\" data-large_image_width=\"619\" data-large_image_height=\"619\"><img loading=\"lazy\" decoding=\"async\" class=\"size-thumbnail wp-image-276953 alignleft\" src=\"https:\/\/www.radiopiu.net\/wordpress\/wp-content\/uploads\/2022\/05\/Aphrodites-child-Rain-and-tears_SITO-150x150.jpg\" alt=\"\" width=\"150\" height=\"150\" srcset=\"https:\/\/www.radiopiu.net\/wordpress\/wp-content\/uploads\/2022\/05\/Aphrodites-child-Rain-and-tears_SITO-150x150.jpg 150w, https:\/\/www.radiopiu.net\/wordpress\/wp-content\/uploads\/2022\/05\/Aphrodites-child-Rain-and-tears_SITO-300x300.jpg 300w, https:\/\/www.radiopiu.net\/wordpress\/wp-content\/uploads\/2022\/05\/Aphrodites-child-Rain-and-tears_SITO.jpg 619w\" sizes=\"auto, (max-width: 150px) 100vw, 150px\" \/><\/a>di Loris Scussel<\/strong><\/p>\n<p>\u201cPenuria d\u2019anguria\u201d un brano interpretato da Gino Bramieri nel lontano 1960 aprir\u00e0 la programmazione settimanale di Collage, la puntata di marted\u00ec sar\u00e0 dedicata alle lacrime nelle canzoni e ascolteremo tra le altre \u201cRain and tears\u201d degli Aphrodite\u2019s Child con la partecipazione dell\u2019artista Vangelis recentemente scomparso, mercoled\u00ec e venerd\u00ec daremo spazio alla musica internazionale mentre gioved\u00ec proporremo alcuni brani rock progressive italiani. Collage va in onda dal luned\u00ec al venerd\u00ec alle 16,00 e alle 23,00 naturalmente su Radiopi\u00f9.<\/p>\n<p>&nbsp;<\/p>\n<p>&nbsp;<\/p>\n<div class=\"b654a4as d2edcug0\">\n<hr \/>\n<\/div>\n<\/div>\n<\/div>\n<\/div>\n<\/div>\n<\/div>\n<\/div>\n<\/div>\n<\/div>\n<\/div>\n<\/div>\n<\/div>\n<\/div>\n<\/div>\n<\/div>\n<\/div>\n<\/div>\n<\/div>\n<\/div>\n<\/div>\n<\/div>\n<\/div>\n<\/div>\n<\/div>\n<\/div>\n<\/div>\n<\/div>\n<\/div>\n<\/div>\n<\/div>\n<\/div>\n<\/div>\n<\/div>\n<\/div>\n<\/div>\n<\/div>\n<\/div>\n<\/div>\n<\/div>\n<\/div>\n<\/div>\n<\/div>\n<\/div>\n<\/div>\n<\/div>\n<\/div>\n<\/div>\n<\/div>\n<\/div>\n<\/div>\n<\/div>\n<\/div>\n<\/div>\n<\/div>\n<\/div>\n<\/div>\n<\/div>\n<\/div>\n<\/div>\n<\/div>\n<\/div>\n<\/div>\n<\/div>\n<\/div>\n<p>&nbsp;<\/p>\n<blockquote>\n<h3><span style=\"color: #0000ff;\">RADIO PIU INFORMAZIONE il canale su TELEGRAM informazione di prima mano e in tempo reale. iscriviti ed aiutaci a farlo conoscere\u00a0\u00a0<\/span><\/h3>\n<\/blockquote>\n<div>\n<div class=\"page-title-head hgroup\">\n<div class=\"page-title-head hgroup\">\n<div class=\"page-title-head hgroup\">\n<div class=\"page-title-head hgroup\">\n<div class=\"b654a4as d2edcug0\">\n<div class=\"page-title-head hgroup\">\n<div class=\"page-title-head hgroup\">\n<div class=\"page-title-head hgroup\">\n<div class=\"page-title-head hgroup\">\n<div class=\"b654a4as d2edcug0\">\n<div class=\"page-title-head hgroup\">\n<div class=\"page-title-head hgroup\">\n<div class=\"page-title-head hgroup\">\n<div class=\"page-title-head hgroup\">\n<div class=\"page-title-head hgroup\">\n<div class=\"page-title-head hgroup\">\n<div class=\"page-title-head hgroup\">\n<div class=\"page-title-head hgroup\">\n<div class=\"page-title-head hgroup\">\n<div class=\"b654a4as d2edcug0\">\n<div class=\"page-title-head hgroup\">\n<div class=\"page-title-head hgroup\">\n<div class=\"page-title-head hgroup\">\n<div class=\"page-title-head hgroup\">\n<div class=\"b654a4as d2edcug0\">\n<div><\/div>\n<div>\n<div class=\"page-title-head hgroup\">\n<div class=\"page-title-head hgroup\">\n<div class=\"page-title-head hgroup\">\n<div class=\"page-title-head hgroup\">\n<div class=\"page-title-head hgroup\">\n<div class=\"mkdf-post-text\">\n<div class=\"mkdf-post-text-inner\">\n<div class=\"mkdf-post-text-main\">\n<div class=\"mkdf-post-text\">\n<div class=\"mkdf-post-text-inner\">\n<div class=\"mkdf-post-text-main\">\n<div class=\"mkdf-post-text\">\n<div class=\"mkdf-post-text-inner\">\n<div class=\"mkdf-post-text-main\">\n<div class=\"page-title-head hgroup\">\n<div class=\"page-title-head hgroup\">\n<div class=\"mkdf-post-text\">\n<div class=\"mkdf-post-text-inner\">\n<div class=\"mkdf-post-text-main\">\n<div class=\"mkdf-post-text\">\n<div class=\"mkdf-post-text-inner\">\n<div class=\"mkdf-post-text-main\">\n<div class=\"page-title-head hgroup\">\n<div class=\"page-title-head hgroup\">\n<div class=\"page-title-head hgroup\">\n<div class=\"page-title-head hgroup\">\n<div class=\"b654a4as d2edcug0\">\n<div class=\"page-title-head hgroup\">\n<div class=\"page-title-head hgroup\">\n<div class=\"page-title-head hgroup\">\n<div class=\"page-title-head hgroup\">\n<div class=\"b654a4as d2edcug0\">\n<div class=\"page-title-head hgroup\">\n<div class=\"page-title-head hgroup\">\n<div class=\"page-title-head hgroup\">\n<p>&nbsp;<\/p>\n<div>\n<div class=\"page-title-head hgroup\">\n<div class=\"page-title-head hgroup\">\n<div class=\"b654a4as d2edcug0\">\n<div class=\"j83agx80 btwxx1t3 lhclo0ds hop8lmos nkwizq5d scwd0bx6 roh60bw9\">\n<div class=\"rq0escxv hkbzh7o3 jwdofwj8 n8tt0mok r8blr3vg hyh9befq\">\n<div class=\"do00u71z l9j0dhe7 k4urcfbm\">\n<div class=\"page-title-head hgroup\">\n<div class=\"page-title-head hgroup\">\n<div class=\"b654a4as d2edcug0\">\n<div class=\"j83agx80 btwxx1t3 lhclo0ds hop8lmos nkwizq5d scwd0bx6 roh60bw9\">\n<div class=\"rq0escxv hkbzh7o3 jwdofwj8 n8tt0mok r8blr3vg hyh9befq\">\n<div class=\"do00u71z l9j0dhe7 k4urcfbm\">\n<div class=\"ecm0bbzt e5nlhep0 a8c37x1j\">\n<div class=\"kvgmc6g5 cxmmr5t8 oygrvhab hcukyx3x c1et5uql\">\n<div class=\"gmail-kvgmc6g5 gmail-cxmmr5t8 gmail-oygrvhab gmail-hcukyx3x gmail-c1et5uql gmail-ii04i59q\">\n<div class=\"page-title-head hgroup\">\n<div class=\"page-title-head hgroup\">\n<div class=\"b654a4as d2edcug0\">\n<div class=\"j83agx80 btwxx1t3 lhclo0ds hop8lmos nkwizq5d scwd0bx6 roh60bw9\">\n<div class=\"rq0escxv hkbzh7o3 jwdofwj8 n8tt0mok r8blr3vg hyh9befq\">\n<div class=\"do00u71z l9j0dhe7 k4urcfbm\">\n<div class=\"page-title-head hgroup\">\n<div class=\"page-title-head hgroup\">\n<div class=\"b654a4as d2edcug0\">\n<div class=\"j83agx80 btwxx1t3 lhclo0ds hop8lmos nkwizq5d scwd0bx6 roh60bw9\">\n<div class=\"rq0escxv hkbzh7o3 jwdofwj8 n8tt0mok r8blr3vg hyh9befq\">\n<div class=\"do00u71z l9j0dhe7 k4urcfbm\">\n<div class=\"page-title-head hgroup\">\n<div class=\"page-title-head hgroup\">\n<div class=\"b654a4as d2edcug0\">\n<div class=\"j83agx80 btwxx1t3 lhclo0ds hop8lmos nkwizq5d scwd0bx6 roh60bw9\">\n<div class=\"rq0escxv hkbzh7o3 jwdofwj8 n8tt0mok r8blr3vg hyh9befq\">\n<div class=\"do00u71z l9j0dhe7 k4urcfbm\">\n<div class=\"ecm0bbzt e5nlhep0 a8c37x1j\">\n<div class=\"kvgmc6g5 cxmmr5t8 oygrvhab hcukyx3x c1et5uql\">\n<div class=\"gmail-kvgmc6g5 gmail-cxmmr5t8 gmail-oygrvhab gmail-hcukyx3x gmail-c1et5uql gmail-ii04i59q\">\n<div class=\"page-title-head hgroup\">\n<div class=\"page-title-head hgroup\">\n<div class=\"b654a4as d2edcug0\">\n<div class=\"j83agx80 btwxx1t3 lhclo0ds hop8lmos nkwizq5d scwd0bx6 roh60bw9\">\n<div class=\"rq0escxv hkbzh7o3 jwdofwj8 n8tt0mok r8blr3vg hyh9befq\">\n<div class=\"do00u71z l9j0dhe7 k4urcfbm\">\n<div class=\"page-title-head hgroup\">\n<div class=\"page-title-head hgroup\">\n<div class=\"page-title-head hgroup\">\n<div class=\"page-title-head hgroup\">\n<div class=\"b654a4as d2edcug0\">\n<div class=\"page-title-head hgroup\">\n<div class=\"page-title-head hgroup\">\n<div class=\"page-title-head hgroup\">\n<div class=\"page-title-head hgroup\">\n<div class=\"b654a4as d2edcug0\">\n<div class=\"page-title-head hgroup\">\n<div class=\"page-title-head hgroup\">\n<div class=\"page-title-head hgroup\">\n<div class=\"page-title-head hgroup\">\n<div class=\"page-title-head hgroup\">\n<div class=\"page-title-head hgroup\">\n<div class=\"page-title-head hgroup\">\n<div class=\"page-title-head hgroup\">\n<div class=\"page-title-head hgroup\">\n<div class=\"b654a4as d2edcug0\">\n<div class=\"page-title-head hgroup\">\n<div class=\"page-title-head hgroup\">\n<div class=\"page-title-head hgroup\">\n<div class=\"page-title-head hgroup\">\n<div class=\"b654a4as d2edcug0\">\n<div class=\"page-title-head hgroup\">\n<div class=\"page-title-head hgroup\">\n<div class=\"page-title-head hgroup\">\n<div class=\"page-title-head hgroup\">\n<div class=\"page-title-head hgroup\">\n<div class=\"mkdf-post-text\">\n<div class=\"mkdf-post-text-inner\">\n<div class=\"mkdf-post-text-main\">\n<div class=\"mkdf-post-text\">\n<div class=\"mkdf-post-text-inner\">\n<div class=\"mkdf-post-text-main\">\n<div class=\"mkdf-post-text\">\n<div class=\"mkdf-post-text-inner\">\n<div class=\"mkdf-post-text-main\">\n<div class=\"page-title-head hgroup\">\n<div class=\"page-title-head hgroup\">\n<div class=\"mkdf-post-text\">\n<div class=\"mkdf-post-text-inner\">\n<div class=\"mkdf-post-text-main\">\n<div class=\"mkdf-post-text\">\n<div class=\"mkdf-post-text-inner\">\n<div class=\"mkdf-post-text-main\">\n<div class=\"page-title-head hgroup\">\n<div class=\"page-title-head hgroup\">\n<div class=\"page-title-head hgroup\">\n<div class=\"page-title-head hgroup\">\n<div class=\"b654a4as d2edcug0\">\n<div class=\"page-title-head hgroup\">\n<div class=\"page-title-head hgroup\">\n<div class=\"page-title-head hgroup\">\n<div class=\"page-title-head hgroup\">\n<div class=\"b654a4as d2edcug0\">\n<div class=\"page-title-head hgroup\">\n<div class=\"page-title-head hgroup\">\n<div class=\"page-title-head hgroup\">\n<div class=\"page-title-head hgroup\">\n<div class=\"b654a4as d2edcug0\">\n<div class=\"ecm0bbzt e5nlhep0 a8c37x1j\">\n<div class=\"kvgmc6g5 cxmmr5t8 oygrvhab hcukyx3x c1et5uql\">\n<div class=\"gmail-kvgmc6g5 gmail-cxmmr5t8 gmail-oygrvhab gmail-hcukyx3x gmail-c1et5uql gmail-ii04i59q\">\n<div class=\"page-title-head hgroup\">\n<div class=\"page-title-head hgroup\">\n<div class=\"b654a4as d2edcug0\">\n<div class=\"j83agx80 btwxx1t3 lhclo0ds hop8lmos nkwizq5d scwd0bx6 roh60bw9\">\n<div class=\"rq0escxv hkbzh7o3 jwdofwj8 n8tt0mok r8blr3vg hyh9befq\">\n<div class=\"do00u71z l9j0dhe7 k4urcfbm\">\n<div class=\"page-title-head hgroup\">\n<div class=\"page-title-head hgroup\">\n<div class=\"page-title-head hgroup\">\n<div class=\"page-title-head hgroup\">\n<div class=\"b654a4as d2edcug0\">\n<div class=\"page-title-head hgroup\">\n<div class=\"page-title-head hgroup\">\n<div class=\"page-title-head hgroup\">\n<div class=\"page-title-head hgroup\">\n<div class=\"b654a4as d2edcug0\">\n<div class=\"page-title-head hgroup\">\n<div class=\"page-title-head hgroup\">\n<div class=\"page-title-head hgroup\">\n<div class=\"page-title-head hgroup\">\n<div class=\"page-title-head hgroup\">\n<div class=\"page-title-head hgroup\">\n<div class=\"page-title-head hgroup\">\n<div class=\"page-title-head hgroup\">\n<div class=\"page-title-head hgroup\">\n<div class=\"b654a4as d2edcug0\">\n<div class=\"page-title-head hgroup\">\n<div class=\"page-title-head hgroup\">\n<div class=\"page-title-head hgroup\">\n<div class=\"page-title-head hgroup\">\n<div class=\"b654a4as d2edcug0\">\n<div class=\"page-title-head hgroup\">\n<div class=\"page-title-head hgroup\">\n<div class=\"page-title-head hgroup\">\n<div class=\"page-title-head hgroup\">\n<div class=\"page-title-head hgroup\">\n<div class=\"mkdf-post-text\">\n<div class=\"mkdf-post-text-inner\">\n<div class=\"mkdf-post-text-main\">\n<div class=\"mkdf-post-text\">\n<div class=\"mkdf-post-text-inner\">\n<div class=\"mkdf-post-text-main\">\n<div class=\"mkdf-post-text\">\n<div class=\"mkdf-post-text-inner\">\n<div class=\"mkdf-post-text-main\">\n<div class=\"page-title-head hgroup\">\n<div class=\"page-title-head hgroup\">\n<div class=\"mkdf-post-text\">\n<div class=\"mkdf-post-text-inner\">\n<div class=\"mkdf-post-text-main\">\n<div class=\"mkdf-post-text\">\n<div class=\"mkdf-post-text-inner\">\n<div class=\"mkdf-post-text-main\">\n<div class=\"page-title-head hgroup\">\n<div class=\"page-title-head hgroup\">\n<div class=\"page-title-head hgroup\">\n<div class=\"page-title-head hgroup\">\n<div class=\"b654a4as d2edcug0\">\n<div class=\"page-title-head hgroup\">\n<div class=\"page-title-head hgroup\">\n<div class=\"page-title-head hgroup\">\n<div class=\"page-title-head hgroup\">\n<div class=\"b654a4as d2edcug0\">\n<div class=\"page-title-head hgroup\">\n<div class=\"page-title-head hgroup\">\n<div class=\"page-title-head hgroup\">\n<div class=\"page-title-head hgroup\">\n<div class=\"b654a4as d2edcug0\">\n<hr \/>\n<p>&nbsp;<\/p>\n<div>\n<p><strong>DUE MINUTI UN LIBRO, TUTTI I GIORNI ALLA RADIO ALLE 9.40 E ALLE 17.50\u00a0\u00a0<\/strong><\/p>\n<div>\n<div>\n<p><strong>LA RACCOLTA COMPLETA\u00a0\u00a0<\/strong><\/p>\n<\/div>\n<\/div>\n<\/div>\n<div class=\"mkdf-post-text\">\n<div class=\"mkdf-post-text-inner\">\n<div class=\"mkdf-post-text-main\">\n<div class=\"mkdf-post-text\">\n<div class=\"mkdf-post-text-inner\">\n<div class=\"mkdf-post-text-main\">\n<div class=\"mkdf-post-text\">\n<div class=\"mkdf-post-text-inner\">\n<div class=\"mkdf-post-text-main\">\n<div class=\"page-title-head hgroup\">\n<div class=\"page-title-head hgroup\">\n<div class=\"mkdf-post-text\">\n<div class=\"mkdf-post-text-inner\">\n<div class=\"mkdf-post-text-main\">\n<div class=\"mkdf-post-text\">\n<div class=\"mkdf-post-text-inner\">\n<div class=\"mkdf-post-text-main\">\n<div class=\"page-title-head hgroup\">\n<div class=\"page-title-head hgroup\">\n<div class=\"page-title-head hgroup\">\n<div class=\"page-title-head hgroup\">\n<div class=\"b654a4as d2edcug0\">\n<div class=\"page-title-head hgroup\">\n<div class=\"page-title-head hgroup\">\n<div class=\"page-title-head hgroup\">\n<div class=\"page-title-head hgroup\">\n<div class=\"b654a4as d2edcug0\">\n<div class=\"page-title-head hgroup\">\n<div class=\"page-title-head hgroup\">\n<div class=\"page-title-head hgroup\">\n<div class=\"page-title-head hgroup\">\n<div class=\"b654a4as d2edcug0\">\n<div>\n<blockquote class=\"wp-embedded-content\" data-secret=\"e8hnA4FiIO\"><p><a href=\"https:\/\/www.radiopiu.net\/wordpress\/due-minuti-un-libro\/\">Due minuti un libro<\/a><\/p><\/blockquote>\n<p><iframe loading=\"lazy\" class=\"wp-embedded-content\" sandbox=\"allow-scripts\" security=\"restricted\" style=\"position: absolute; clip: rect(1px, 1px, 1px, 1px);\" title=\"&#8220;Due minuti un libro&#8221; &#8212; Radio Pi\u00f9\" src=\"https:\/\/www.radiopiu.net\/wordpress\/due-minuti-un-libro\/embed\/#?secret=7F0JaDnXwE#?secret=e8hnA4FiIO\" data-secret=\"e8hnA4FiIO\" width=\"600\" height=\"338\" frameborder=\"0\" marginwidth=\"0\" marginheight=\"0\" scrolling=\"no\"><\/iframe><\/p>\n<p>&nbsp;<\/p>\n<\/div>\n<div>\n<hr \/>\n<p>&nbsp;<\/p>\n<\/div>\n<h2><span style=\"color: #808000;\">L&#8217;ALMANACCO LADINO\u00a0<\/span><\/h2>\n<p><strong>PUNTATA DEL 23 MAGGIO 2022<\/strong><\/p>\n<audio class=\"wp-audio-shortcode\" id=\"audio-277532-23\" preload=\"none\" style=\"width: 100%;\" controls=\"controls\"><source type=\"audio\/mpeg\" src=\"https:\/\/www.radiopiu.net\/wordpress\/wp-content\/uploads\/2022\/05\/84\u00b0Almanacco-Ladino_col.mp3?_=23\" \/><a href=\"https:\/\/www.radiopiu.net\/wordpress\/wp-content\/uploads\/2022\/05\/84\u00b0Almanacco-Ladino_col.mp3\">https:\/\/www.radiopiu.net\/wordpress\/wp-content\/uploads\/2022\/05\/84\u00b0Almanacco-Ladino_col.mp3<\/a><\/audio>\n<p><strong>LA RACCOLTA<\/strong><\/p>\n<blockquote class=\"wp-embedded-content\" data-secret=\"7x2tQFAC1X\"><p><a href=\"https:\/\/www.radiopiu.net\/wordpress\/almanacco-ladino\/\">Almanacco Ladino<\/a><\/p><\/blockquote>\n<p><iframe loading=\"lazy\" class=\"wp-embedded-content\" sandbox=\"allow-scripts\" security=\"restricted\" style=\"position: absolute; clip: rect(1px, 1px, 1px, 1px);\" title=\"&#8220;Almanacco Ladino&#8221; &#8212; Radio Pi\u00f9\" src=\"https:\/\/www.radiopiu.net\/wordpress\/almanacco-ladino\/embed\/#?secret=1apAYknXMC#?secret=7x2tQFAC1X\" data-secret=\"7x2tQFAC1X\" width=\"600\" height=\"338\" frameborder=\"0\" marginwidth=\"0\" marginheight=\"0\" scrolling=\"no\"><\/iframe><\/p>\n<p>&nbsp;<\/p>\n<hr \/>\n<h2><span style=\"color: #33cccc;\">\u00a0<\/span><\/h2>\n<h2><span style=\"color: #33cccc;\">LA RASSEGNA STAMPA DA L&#8217;AMICO DEL POPOLO<\/span><\/h2>\n<p><strong><a class=\"dt-pswp-item\" href=\"https:\/\/www.radiopiu.net\/wordpress\/wp-content\/uploads\/2022\/05\/1.-Murer-Zancanaro-Zanzotto.jpg\" data-dt-img-description=\"\" data-large_image_width=\"1600\" data-large_image_height=\"1160\"><img loading=\"lazy\" decoding=\"async\" class=\"size-thumbnail wp-image-276761 alignleft\" src=\"https:\/\/www.radiopiu.net\/wordpress\/wp-content\/uploads\/2022\/05\/1.-Murer-Zancanaro-Zanzotto-150x150.jpg\" alt=\"\" width=\"150\" height=\"150\" \/><\/a>di Gianni Santomaso<\/strong><\/p>\n<p>OSPITE: Franco Murer<\/p>\n<audio class=\"wp-audio-shortcode\" id=\"audio-277532-24\" preload=\"none\" style=\"width: 100%;\" controls=\"controls\"><source type=\"audio\/mpeg\" src=\"https:\/\/www.radiopiu.net\/wordpress\/wp-content\/uploads\/2022\/05\/RASSEGNA-GIANNI-1.mp3?_=24\" \/><a href=\"https:\/\/www.radiopiu.net\/wordpress\/wp-content\/uploads\/2022\/05\/RASSEGNA-GIANNI-1.mp3\">https:\/\/www.radiopiu.net\/wordpress\/wp-content\/uploads\/2022\/05\/RASSEGNA-GIANNI-1.mp3<\/a><\/audio>\n<p>&nbsp;<\/p>\n<p><strong>LA RACCOLTA COMPLETA<\/strong><\/p>\n<blockquote class=\"wp-embedded-content\" data-secret=\"8Hr8UMqkxB\"><p><a href=\"https:\/\/www.radiopiu.net\/wordpress\/rassegna-stampa-di-gianni-santomaso\/\">Rassegna stampa da l&#8217;amico del popolo &#8211; di Gianni Santomaso<\/a><\/p><\/blockquote>\n<p><iframe loading=\"lazy\" class=\"wp-embedded-content\" sandbox=\"allow-scripts\" security=\"restricted\" style=\"position: absolute; clip: rect(1px, 1px, 1px, 1px);\" title=\"&#8220;Rassegna stampa da l&#8217;amico del popolo &#8211; di Gianni Santomaso&#8221; &#8212; Radio Pi\u00f9\" src=\"https:\/\/www.radiopiu.net\/wordpress\/rassegna-stampa-di-gianni-santomaso\/embed\/#?secret=UT7cZkzelt#?secret=8Hr8UMqkxB\" data-secret=\"8Hr8UMqkxB\" width=\"600\" height=\"338\" frameborder=\"0\" marginwidth=\"0\" marginheight=\"0\" scrolling=\"no\"><\/iframe><\/p>\n<p>&nbsp;<\/p>\n<hr \/>\n<p>&nbsp;<\/p>\n<div>\n<div class=\"page-title-head hgroup\">\n<div class=\"page-title-head hgroup\">\n<div class=\"b654a4as d2edcug0\">\n<div class=\"j83agx80 btwxx1t3 lhclo0ds hop8lmos nkwizq5d scwd0bx6 roh60bw9\">\n<div class=\"rq0escxv hkbzh7o3 jwdofwj8 n8tt0mok r8blr3vg hyh9befq\">\n<div class=\"do00u71z l9j0dhe7 k4urcfbm\">\n<div class=\"ecm0bbzt e5nlhep0 a8c37x1j\">\n<div class=\"kvgmc6g5 cxmmr5t8 oygrvhab hcukyx3x c1et5uql\">\n<div class=\"gmail-kvgmc6g5 gmail-cxmmr5t8 gmail-oygrvhab gmail-hcukyx3x gmail-c1et5uql gmail-ii04i59q\">\n<div class=\"page-title-head hgroup\">\n<div class=\"page-title-head hgroup\">\n<div class=\"b654a4as d2edcug0\">\n<div class=\"j83agx80 btwxx1t3 lhclo0ds hop8lmos nkwizq5d scwd0bx6 roh60bw9\">\n<div class=\"rq0escxv hkbzh7o3 jwdofwj8 n8tt0mok r8blr3vg hyh9befq\">\n<div class=\"do00u71z l9j0dhe7 k4urcfbm\">\n<div class=\"page-title-head hgroup\">\n<div class=\"page-title-head hgroup\">\n<div class=\"page-title-head hgroup\">\n<div class=\"page-title-head hgroup\">\n<div class=\"b654a4as d2edcug0\">\n<div class=\"page-title-head hgroup\">\n<div class=\"page-title-head hgroup\">\n<div class=\"page-title-head hgroup\">\n<div class=\"page-title-head hgroup\">\n<div class=\"b654a4as d2edcug0\">\n<div class=\"page-title-head hgroup\">\n<div class=\"page-title-head hgroup\">\n<div class=\"page-title-head hgroup\">\n<div class=\"page-title-head hgroup\">\n<div class=\"page-title-head hgroup\">\n<div class=\"page-title-head hgroup\">\n<div class=\"page-title-head hgroup\">\n<div class=\"page-title-head hgroup\">\n<div class=\"page-title-head hgroup\">\n<div class=\"b654a4as d2edcug0\">\n<div class=\"page-title-head hgroup\">\n<div class=\"page-title-head hgroup\">\n<div class=\"page-title-head hgroup\">\n<div class=\"page-title-head hgroup\">\n<div class=\"b654a4as d2edcug0\">\n<div class=\"page-title-head hgroup\">\n<div class=\"page-title-head hgroup\">\n<div class=\"page-title-head hgroup\">\n<div class=\"page-title-head hgroup\">\n<div class=\"page-title-head hgroup\">\n<div class=\"mkdf-post-text\">\n<div class=\"mkdf-post-text-inner\">\n<div class=\"mkdf-post-text-main\">\n<div class=\"mkdf-post-text\">\n<div class=\"mkdf-post-text-inner\">\n<div class=\"mkdf-post-text-main\">\n<div class=\"mkdf-post-text\">\n<div class=\"mkdf-post-text-inner\">\n<div class=\"mkdf-post-text-main\">\n<div class=\"page-title-head hgroup\">\n<div class=\"page-title-head hgroup\">\n<div class=\"mkdf-post-text\">\n<div class=\"mkdf-post-text-inner\">\n<div class=\"mkdf-post-text-main\">\n<div class=\"mkdf-post-text\">\n<div class=\"mkdf-post-text-inner\">\n<div class=\"mkdf-post-text-main\">\n<div class=\"page-title-head hgroup\">\n<div class=\"page-title-head hgroup\">\n<div class=\"page-title-head hgroup\">\n<div class=\"page-title-head hgroup\">\n<div class=\"b654a4as d2edcug0\">\n<div class=\"page-title-head hgroup\">\n<div class=\"page-title-head hgroup\">\n<div class=\"page-title-head hgroup\">\n<div class=\"page-title-head hgroup\">\n<div class=\"b654a4as d2edcug0\">\n<div class=\"page-title-head hgroup\">\n<div class=\"page-title-head hgroup\">\n<div class=\"page-title-head hgroup\">\n<div class=\"page-title-head hgroup\">\n<div class=\"b654a4as d2edcug0\">\n<h2><span style=\"color: #800080;\">I RACCONTI DI PAOLO SOPPELSA\u00a0<\/span><\/h2>\n<p><strong>LA RACCOLTA COMPLETA<\/strong><\/p>\n<blockquote class=\"wp-embedded-content\" data-secret=\"IMS9kKu2Qh\"><p><a href=\"https:\/\/www.radiopiu.net\/wordpress\/i-racconti-di-paolo-soppelsa\/\">I racconti di Paolo Soppelsa<\/a><\/p><\/blockquote>\n<p><iframe loading=\"lazy\" class=\"wp-embedded-content\" sandbox=\"allow-scripts\" security=\"restricted\" style=\"position: absolute; clip: rect(1px, 1px, 1px, 1px);\" title=\"&#8220;I racconti di Paolo Soppelsa&#8221; &#8212; Radio Pi\u00f9\" src=\"https:\/\/www.radiopiu.net\/wordpress\/i-racconti-di-paolo-soppelsa\/embed\/#?secret=yCJFq0MwWD#?secret=IMS9kKu2Qh\" data-secret=\"IMS9kKu2Qh\" width=\"600\" height=\"338\" frameborder=\"0\" marginwidth=\"0\" marginheight=\"0\" scrolling=\"no\"><\/iframe><\/p>\n<p>&nbsp;<\/p>\n<hr \/>\n<p>&nbsp;<\/p>\n<\/div>\n<\/div>\n<\/div>\n<\/div>\n<\/div>\n<\/div>\n<\/div>\n<\/div>\n<\/div>\n<\/div>\n<\/div>\n<\/div>\n<\/div>\n<\/div>\n<\/div>\n<\/div>\n<\/div>\n<\/div>\n<\/div>\n<\/div>\n<\/div>\n<\/div>\n<\/div>\n<\/div>\n<\/div>\n<\/div>\n<\/div>\n<\/div>\n<\/div>\n<\/div>\n<\/div>\n<\/div>\n<\/div>\n<\/div>\n<\/div>\n<\/div>\n<\/div>\n<\/div>\n<\/div>\n<\/div>\n<\/div>\n<\/div>\n<\/div>\n<\/div>\n<\/div>\n<\/div>\n<\/div>\n<\/div>\n<\/div>\n<\/div>\n<\/div>\n<\/div>\n<\/div>\n<\/div>\n<\/div>\n<\/div>\n<\/div>\n<\/div>\n<\/div>\n<\/div>\n<\/div>\n<\/div>\n<\/div>\n<\/div>\n<\/div>\n<\/div>\n<\/div>\n<\/div>\n<\/div>\n<\/div>\n<\/div>\n<\/div>\n<\/div>\n<\/div>\n<\/div>\n<\/div>\n<\/div>\n<\/div>\n<\/div>\n<\/div>\n<\/div>\n<\/div>\n<\/div>\n<\/div>\n<\/div>\n<\/div>\n<\/div>\n<\/div>\n<\/div>\n<\/div>\n<\/div>\n<\/div>\n<\/div>\n<\/div>\n<\/div>\n<\/div>\n<\/div>\n<\/div>\n<\/div>\n<\/div>\n<\/div>\n<\/div>\n<\/div>\n<\/div>\n<\/div>\n<\/div>\n<\/div>\n<\/div>\n<\/div>\n<\/div>\n<\/div>\n<div class=\"b654a4as d2edcug0\">\n<div class=\"ecm0bbzt e5nlhep0 a8c37x1j\">\n<div class=\"kvgmc6g5 cxmmr5t8 oygrvhab hcukyx3x c1et5uql\">\n<div class=\"gmail-kvgmc6g5 gmail-cxmmr5t8 gmail-oygrvhab gmail-hcukyx3x gmail-c1et5uql gmail-ii04i59q\">\n<div>\n<div class=\"page-title-head hgroup\">\n<div class=\"page-title-head hgroup\">\n<div class=\"b654a4as d2edcug0\">\n<div class=\"j83agx80 btwxx1t3 lhclo0ds hop8lmos nkwizq5d scwd0bx6 roh60bw9\">\n<div class=\"rq0escxv hkbzh7o3 jwdofwj8 n8tt0mok r8blr3vg hyh9befq\">\n<div class=\"do00u71z l9j0dhe7 k4urcfbm\">\n<div>\n<div class=\"page-title-head hgroup\">\n<div class=\"page-title-head hgroup\">\n<div class=\"page-title-head hgroup\">\n<div class=\"page-title-head hgroup\">\n<div class=\"b654a4as d2edcug0\">\n<div class=\"page-title-head hgroup\">\n<div class=\"page-title-head hgroup\">\n<div class=\"page-title-head hgroup\">\n<div class=\"page-title-head hgroup\">\n<div class=\"b654a4as d2edcug0\">\n<div class=\"page-title-head hgroup\">\n<div class=\"page-title-head hgroup\">\n<div class=\"page-title-head hgroup\">\n<div class=\"page-title-head hgroup\">\n<div class=\"page-title-head hgroup\">\n<div class=\"mkdf-post-text\">\n<div class=\"mkdf-post-text-inner\">\n<div class=\"mkdf-post-text-main\">\n<div class=\"mkdf-post-text\">\n<div class=\"mkdf-post-text-inner\">\n<div class=\"mkdf-post-text-main\">\n<div class=\"mkdf-post-text\">\n<div class=\"mkdf-post-text-inner\">\n<div class=\"mkdf-post-text-main\">\n<div class=\"page-title-head hgroup\">\n<div class=\"page-title-head hgroup\">\n<div class=\"mkdf-post-text\">\n<div class=\"mkdf-post-text-inner\">\n<div class=\"mkdf-post-text-main\">\n<div class=\"mkdf-post-text\">\n<div class=\"mkdf-post-text-inner\">\n<div class=\"mkdf-post-text-main\">\n<div>\n<div class=\"page-title-head hgroup\">\n<div class=\"page-title-head hgroup\">\n<div>\n<div class=\"page-title-head hgroup\">\n<div class=\"page-title-head hgroup\">\n<div class=\"b654a4as d2edcug0\">\n<div>\n<div class=\"page-title-head hgroup\" style=\"text-align: left;\">\n<div class=\"page-title-head hgroup\">\n<div dir=\"auto\">\n<p><a class=\"dt-pswp-item pspw-wrap-ready\" href=\"https:\/\/i0.wp.com\/www.radiopiu.net\/wordpress\/wp-content\/uploads\/2018\/09\/WhatsApp-Image-2018-09-20-at-16.04.06.jpeg?ssl=1\" data-dt-img-description=\"\" data-large_image_width=\"800\" data-large_image_height=\"100\"><img loading=\"lazy\" decoding=\"async\" class=\"aligncenter wp-image-61378 size-full jetpack-lazy-image jetpack-lazy-image--handled\" src=\"https:\/\/i0.wp.com\/www.radiopiu.net\/wordpress\/wp-content\/uploads\/2018\/09\/WhatsApp-Image-2018-09-20-at-16.04.06.jpeg?resize=800%2C100&amp;ssl=1\" sizes=\"auto, (max-width: 800px) 100vw, 800px\" srcset=\"https:\/\/i0.wp.com\/www.radiopiu.net\/wordpress\/wp-content\/uploads\/2018\/09\/WhatsApp-Image-2018-09-20-at-16.04.06.jpeg?w=800&amp;ssl=1 800w, https:\/\/i0.wp.com\/www.radiopiu.net\/wordpress\/wp-content\/uploads\/2018\/09\/WhatsApp-Image-2018-09-20-at-16.04.06.jpeg?resize=300%2C38&amp;ssl=1 300w, https:\/\/i0.wp.com\/www.radiopiu.net\/wordpress\/wp-content\/uploads\/2018\/09\/WhatsApp-Image-2018-09-20-at-16.04.06.jpeg?resize=768%2C96&amp;ssl=1 768w\" alt=\"\" width=\"800\" height=\"100\" data-lazy-loaded=\"1\" \/><\/a><\/p>\n<\/div>\n<\/div>\n<\/div>\n<\/div>\n<\/div>\n<\/div>\n<\/div>\n<\/div>\n<\/div>\n<\/div>\n<\/div>\n<\/div>\n<\/div>\n<\/div>\n<\/div>\n<\/div>\n<\/div>\n<\/div>\n<\/div>\n<\/div>\n<\/div>\n<\/div>\n<\/div>\n<\/div>\n<\/div>\n<\/div>\n<\/div>\n<\/div>\n<\/div>\n<\/div>\n<\/div>\n<\/div>\n<\/div>\n<\/div>\n<\/div>\n<\/div>\n<\/div>\n<\/div>\n<\/div>\n<\/div>\n<\/div>\n<\/div>\n<\/div>\n<\/div>\n<\/div>\n<\/div>\n<\/div>\n<\/div>\n<\/div>\n<\/div>\n<\/div>\n<\/div>\n<\/div>\n<\/div>\n<\/div>\n<\/div>\n<\/div>\n<\/div>\n<\/div>\n<\/div>\n<\/div>\n<\/div>\n<\/div>\n<\/div>\n<\/div>\n<\/div>\n<\/div>\n<\/div>\n<\/div>\n<\/div>\n<\/div>\n<\/div>\n<\/div>\n<\/div>\n<\/div>\n<\/div>\n<\/div>\n<\/div>\n<\/div>\n<\/div>\n<\/div>\n<\/div>\n<\/div>\n<\/div>\n<\/div>\n<\/div>\n<\/div>\n<\/div>\n<\/div>\n<\/div>\n<\/div>\n<\/div>\n<\/div>\n<\/div>\n<\/div>\n<\/div>\n<\/div>\n<\/div>\n<\/div>\n<\/div>\n<\/div>\n<\/div>\n<\/div>\n<\/div>\n<\/div>\n<\/div>\n<\/div>\n<\/div>\n<\/div>\n<\/div>\n<\/div>\n<\/div>\n<\/div>\n<\/div>\n<\/div>\n<\/div>\n<\/div>\n<\/div>\n<\/div>\n<\/div>\n<\/div>\n<\/div>\n<\/div>\n<\/div>\n<\/div>\n<\/div>\n<\/div>\n<\/div>\n<\/div>\n<\/div>\n<\/div>\n<\/div>\n<\/div>\n<\/div>\n<\/div>\n<\/div>\n<\/div>\n<\/div>\n<\/div>\n<\/div>\n<\/div>\n<\/div>\n<\/div>\n<\/div>\n<\/div>\n<\/div>\n<\/div>\n<\/div>\n<\/div>\n<\/div>\n<\/div>\n<\/div>\n<\/div>\n<\/div>\n<\/div>\n<\/div>\n<\/div>\n<\/div>\n<\/div>\n<\/div>\n<\/div>\n<\/div>\n<\/div>\n<\/div>\n<\/div>\n<\/div>\n<\/div>\n<\/div>\n<\/div>\n<\/div>\n<\/div>\n<\/div>\n<\/div>\n<\/div>\n<\/div>\n<\/div>\n<\/div>\n<\/div>\n<\/div>\n<\/div>\n<\/div>\n<\/div>\n<\/div>\n<\/div>\n<\/div>\n<\/div>\n<\/div>\n<\/div>\n<\/div>\n<\/div>\n<\/div>\n<\/div>\n<\/div>\n<\/div>\n<\/div>\n<\/div>\n<\/div>\n<\/div>\n<\/div>\n<\/div>\n<\/div>\n<\/div>\n<\/div>\n<\/div>\n<\/div>\n<\/div>\n<\/div>\n<\/div>\n<\/div>\n<\/div>\n<\/div>\n<\/div>\n<\/div>\n<\/div>\n<\/div>\n<\/div>\n<\/div>\n<\/div>\n<\/div>\n<\/div>\n<\/div>\n<\/div>\n<\/div>\n<\/div>\n<\/div>\n<\/div>\n<\/div>\n<\/div>\n<\/div>\n<\/div>\n<p>&nbsp;<\/p>\n<p><center><b>Giovedi 26<\/b><\/center><b>Tempo atteso: <\/b>Al mattino, specie alle prime luci dell&#8217;alba, ampi tratti soleggiati, associati a modesti annuvolamenti. Dalla tarda mattinata graduale riduzione del soleggiamento per attivit\u00e0 cumuliforme, a tratti intensa e associata a fenomeni d&#8217;instabilit\u00e0 meno frequenti e significativi rispetto a mercoled\u00ec. Alla sera attenuazione della nuvolosit\u00e0 ed esaurimento dei fenomeni, con ampi rasserenamenti.<br \/>\n<b>Precipitazioni: <\/b>Al mattino probabilit\u00e0 pressoch\u00e9 assente (0%). Al pomeriggio possibili piovaschi o rovesci sparsi (50%), anche temporaleschi.<br \/>\n<b>Temperature: <\/b>Minime in lieve diminuzione nelle valli e pressoch\u00e9 stazionarie in quota; massime in leggera o contenuta ripresa. Su Prealpi a 1500 m min 9\u00b0C, max 14\u00b0C; a 2000 m min 7\u00b0C, max 11\u00b0C. Su Dolomiti a 2000 m min 6\u00b0C, maX 12\u00b0C; a 3000 m min 0\u00b0C max 4\u00b0C.<br \/>\n<b>Venti: <\/b>Nelle valli generalmente deboli al mattino, in quota moderati da sud-ovest, a 10-20 km\/h a 2000 m e 20-30 km\/h a 3000 m.<\/p>\n<hr \/>\n<p><center><b>Venerdi 27<\/b><\/center><b>Tempo atteso: <\/b>Al mattino soleggiato con cielo poco o parzialmente nuvoloso per sottili velature e annuvolamenti stratiformi. Al pomeriggio crescente attivit\u00e0 cumuliforme con cielo generalmente nuvoloso.<br \/>\n<b>Precipitazioni: <\/b>Al mattino assenti (0%). Nel pomeriggio non si escludono (10-20%) locali e sporadiche precipitazioni anche carattere di rovescio o temporale.<br \/>\n<b>Temperature: <\/b>Minime senza notevoli variazioni e massime in lieve o contenuto aumento e superiori alla norma. Su Prealpi a 1500 m min 11\u00b0C, max 17\u00b0C; a 2000 m min 9\u00b0C, max 14\u00b0C. Su Dolomiti a 2000 m min 8\u00b0C, max 16\u00b0C; a 3000 m min 1\u00b0C, max 6\u00b0C.<br \/>\n<b>Venti: <\/b>Nelle valli deboli o moderati a regime di brezze; in quota in prevalenza moderati da sud-ovest fino al mattino, tendenti a disporsi dai quadranti occidentali da met\u00e0 giornata, a 15-25 km\/h a 2000 m e 20-30 km\/h a 3000 m.<\/p>\n<hr \/>\n<p><center><b>Sabato 28<\/b><\/center>Al mattino rapida intensificazione della nuvolosit\u00e0 per significativa attivit\u00e0 cumuliforme, favorita soprattutto dall&#8217;arrivo dell&#8217;aria fredda, con i primi fenomeni nel corso della mattinata caratterizzati da rovesci e temporali inizialmente sparsi, poi diffusi; attenuazione dei fenomeni verso il tardo pomeriggio a partire dalle Dolomiti. Il limite della neve scender\u00e0 dai 2800-3000 m iniziali, fino a circa 2500 m, anche un po&#8217; pi\u00f9 in basso verso la fine dell&#8217;evento. Temperature in generale diminuzione con minime in alta montagna misurate a fine giornata. Venti perlopi\u00f9 deboli di direzione variabile nelle valli, localmente a tratti moderati\/forti per raffiche temporalesche; in quota moderati da ovest al mattino, in moderato rinforzo da nord-ovest al pomeriggio.<\/p>\n<hr \/>\n<p><center><b>Domenica 29<\/b><\/center>Cielo nuvoloso o molto nuvoloso; non escluse brevi precipitazioni perlopi\u00f9 deboli e scarse, eventualmente nevose oltre i 1800-2100 m. Temperature in diminuzione anche sensibile, su valori inferiori alla norma. Clima piuttosto fresco nelle valli, piuttosto freddo in alta montagna. Venti in quota deboli o moderati di direzione variabile. Previsore: M.Padoan<\/p>\n<p>&nbsp;<\/p>\n<hr \/>\n<p>&nbsp;<\/p>\n<p>&nbsp;<\/p>\n<p><a href=\"https:\/\/www.radiopiu.net\/wordpress\/giornale-radiopiu-26-settembre-2018-direttore-mirko-mezzacasa\/viabilita-2\/\" rel=\"attachment wp-att-61954\"><img loading=\"lazy\" decoding=\"async\" class=\"aligncenter wp-image-61954 size-full\" src=\"https:\/\/www.radiopiu.net\/wordpress\/wp-content\/uploads\/2018\/09\/viabilita.jpeg\" sizes=\"auto, (max-width: 800px) 100vw, 800px\" srcset=\"https:\/\/www.radiopiu.net\/wordpress\/wp-content\/uploads\/2018\/09\/viabilita.jpeg 800w, https:\/\/www.radiopiu.net\/wordpress\/wp-content\/uploads\/2018\/09\/viabilita-300x38.jpeg 300w, https:\/\/www.radiopiu.net\/wordpress\/wp-content\/uploads\/2018\/09\/viabilita-768x96.jpeg 768w\" alt=\"\" width=\"800\" height=\"100\" \/><\/a><\/p>\n<p>&nbsp;<\/p>\n<blockquote class=\"wp-embedded-content\" data-secret=\"J86iTKtLrN\"><p><a href=\"https:\/\/www.radiopiu.net\/wordpress\/viabilita\/\">viabilita<\/a><\/p><\/blockquote>\n<p><iframe loading=\"lazy\" class=\"wp-embedded-content\" sandbox=\"allow-scripts\" security=\"restricted\" style=\"position: absolute; clip: rect(1px, 1px, 1px, 1px);\" title=\"&#8220;viabilita&#8221; &#8212; Radio Pi\u00f9\" src=\"https:\/\/www.radiopiu.net\/wordpress\/viabilita\/embed\/#?secret=0dCLEL0wC8#?secret=J86iTKtLrN\" data-secret=\"J86iTKtLrN\" width=\"600\" height=\"338\" frameborder=\"0\" marginwidth=\"0\" marginheight=\"0\" scrolling=\"no\"><\/iframe><\/p>\n<p>&nbsp;<\/p>\n<hr \/>\n<p>&nbsp;<\/p>\n<p>&nbsp;<\/p>\n<p><img loading=\"lazy\" decoding=\"async\" class=\"wp-image-60761 size-full aligncenter\" src=\"https:\/\/www.radiopiu.net\/wordpress\/wp-content\/uploads\/2018\/09\/sport.jpg\" alt=\"\" width=\"800\" height=\"100\" srcset=\"https:\/\/www.radiopiu.net\/wordpress\/wp-content\/uploads\/2018\/09\/sport.jpg 800w, https:\/\/www.radiopiu.net\/wordpress\/wp-content\/uploads\/2018\/09\/sport-300x38.jpg 300w, https:\/\/www.radiopiu.net\/wordpress\/wp-content\/uploads\/2018\/09\/sport-768x96.jpg 768w\" sizes=\"auto, (max-width: 800px) 100vw, 800px\" \/><\/p>\n<p>&nbsp;<\/p>\n<p><span style=\"color: #0000ff;\"><strong>CALCIO<\/strong><\/span><\/p>\n<blockquote>\n<h3>UFFICIALIZZATO IL CALENDARIO DEL CAMPIONATO AGORDINO 2022<\/h3>\n<\/blockquote>\n<p><strong><a class=\"dt-pswp-item\" href=\"https:\/\/www.radiopiu.net\/wordpress\/wp-content\/uploads\/2022\/05\/CAMP-AGO-2022.jpg\" data-dt-img-description=\"\" data-large_image_width=\"1024\" data-large_image_height=\"1012\"><img loading=\"lazy\" decoding=\"async\" class=\"size-thumbnail wp-image-274172 alignleft\" src=\"https:\/\/www.radiopiu.net\/wordpress\/wp-content\/uploads\/2022\/05\/CAMP-AGO-2022-150x150.jpg\" alt=\"\" width=\"150\" height=\"150\" \/><\/a>AGORDO<\/strong> Ora \u00e8 ufficiale. Il Campionato Agordino 2022 ha il suo calendario ufficiale. Il Comitato Calcio Agordino sta per distribuire i manifesti nei locali dell\u2019Agordino e presto le squadre avranno a disposizione i calendari tascabili da consegnare ai propri tifosi. Il Girone A inizier\u00e0 il 12 giugno, sar\u00e0 composto da 7 giornate ed avr\u00e0 anche un turno infrasettimanale nel giorno 29 giugno, giorno dei santi patroni di Agordo. Diverso il calendario del Girone B che, essendo a 6 squadre, vede 5 giornate giocate ed inizier\u00e0 il 19 giugno. Per entrambi i gironi l\u2019ultima giornata di stagione regolare \u00e8 in programma per domenica 17 luglio e le prime 4 squadre di ogni girone andranno a giocarsi i quarti di finale la settimana dopo sui campi di La Valle e Voltago. Il 31 luglio le semifinali a Vallada e la finalissima si giocher\u00e0 a Gosaldo il 7 agosto.<\/p>\n<p><strong>IL CALENDARIO DEL CAMPIONATO AGORDINO 2022<\/strong><\/p>\n<a href=\"https:\/\/www.radiopiu.net\/wordpress\/wp-content\/uploads\/2022\/05\/CALENDARIO-CAMPIONATO-AGORDINO-2022.pdf\" class=\"pdfemb-viewer\" style=\"\" data-width=\"max\" data-height=\"max\" data-toolbar=\"top\" data-toolbar-fixed=\"on\">CALENDARIO CAMPIONATO AGORDINO 2022<\/a>\n<p>&nbsp;<\/p>\n<hr \/>\n<p>&nbsp;<\/p>\n<p><span style=\"color: #0000ff;\"><strong>NUOTO<\/strong><\/span><\/p>\n<blockquote>\n<h3>AQUATHLON: BUONI RISULTATI PER LA SPORTIVAMENTE BELLUNO<\/h3>\n<\/blockquote>\n<p><strong><a class=\"dt-pswp-item\" href=\"https:\/\/www.radiopiu.net\/wordpress\/wp-content\/uploads\/2022\/05\/Gruppo_gara_a_Rovigo.jpg\" data-dt-img-description=\"\" data-large_image_width=\"1024\" data-large_image_height=\"768\"><img loading=\"lazy\" decoding=\"async\" class=\"size-thumbnail wp-image-277583 alignleft\" src=\"https:\/\/www.radiopiu.net\/wordpress\/wp-content\/uploads\/2022\/05\/Gruppo_gara_a_Rovigo-150x150.jpg\" alt=\"\" width=\"150\" height=\"150\" \/><\/a>BELLUNO<\/strong> Ottimo esordio dei ragazzi della Sportivamente Belluno all\u2019Aquathlon regionale di Rovigo: o, piu\u0300 precisamente, al 5. Aquathlon Italtecnica Citta\u0300 di Rovigo Supersprint, che ha registrato la presenza di circa 150 atleti provenienti da ogni angolo della regione. La frazione di corsa si e\u0300 svolta sul prato antistante la piscina e la frazione di nuoto e\u0300 andata in scena nella vasca da 50 metri all\u2019aperto, senza corsie, per simulare le acque libere. All\u2019evento, la Sportivamente Belluno era presente con gli atleti delle categorie Cuccioli (nati tra il 2013 e il 2014) ed Esordienti (2011-2012): nella prima fascia hanno partecipato Greta Selvini, Elia Emma, Kerverson Salti e Yari Broi, mentre gli Esordienti erano rappresentati da Sofia Mandala\u0300 e Luca Frisaldi. Tutti i ragazzi hanno ben figurato e portato a termine la propria gara, con profonda soddisfazione dei tecnici e della societa\u0300. Anche perche\u0301, per la maggior parte dei partecipanti, si trattava della gara di esordio nella triplice disciplina.\u2028 Ma non e\u0300 finita qui: la Sportivamente puo\u0300 gioire anche grazie alla seconda edizione del Ravenna Cross Triathlon, in cui Stefano Tonet ha guadagnato il terzo posto di categoria.<\/p>\n<\/div>\n<\/div>\n<\/div>\n<\/div>\n<\/div>\n<\/div>\n<\/div>\n<\/div>\n<\/div>\n<\/div>\n<\/div>\n<\/div>\n<\/div>\n<\/div>\n<\/div>\n<\/div>\n<\/div>\n<\/div>\n<\/div>\n<\/div>\n<\/div>\n<\/div>\n<\/div>\n<\/div>\n<\/div>\n<\/div>\n<\/div>\n<\/div>\n<\/div>\n<\/div>\n<\/div>\n<\/div>\n<\/div>\n<\/div>\n<\/div>\n<\/div>\n<\/div>\n<\/div>\n<\/div>\n<\/div>\n<\/div>\n<\/div>\n<\/div>\n<\/div>\n<\/div>\n<\/div>\n<\/div>\n<\/div>\n<\/div>\n<\/div>\n<\/div>\n<\/div>\n<\/div>\n<\/div>\n<\/div>\n<\/div>\n<\/div>\n<\/div>\n<\/div>\n<\/div>\n<\/div>\n<\/div>\n<\/div>\n<\/div>\n<\/div>\n<\/div>\n<\/div>\n<\/div>\n<\/div>\n<\/div>\n<\/div>\n<\/div>\n<\/div>\n<\/div>\n<\/div>\n<\/div>\n<\/div>\n<\/div>\n<\/div>\n<\/div>\n<\/div>\n<\/div>\n<\/div>\n<\/div>\n<\/div>\n<\/div>\n<\/div>\n<\/div>\n<\/div>\n<\/div>\n<\/div>\n<\/div>\n<\/div>\n<\/div>\n<\/div>\n<\/div>\n<\/div>\n<\/div>\n<\/div>\n<\/div>\n<\/div>\n<\/div>\n<\/div>\n<\/div>\n<\/div>\n","protected":false},"excerpt":{"rendered":"<p>RADIO PIU INFORMAZIONE il canale su TELEGRAM informazione di prima\u00a0 mano e in tempo reale. iscriviti ed aiutaci a farlo conoscere\u00a0\u00a0 &nbsp; 28 MAGGIO &#8211; PASSAGGIO GIRO D\u2019ITALIA: SOSPESI PUNTI TAMPONI DI AGORDO E TAI DI CADORE Il relazione alla tappa bellunese del Giro d\u2019Italia, SABATO 28 maggio 2022 saranno sospesi i Covid Point di&hellip;<\/p>\n","protected":false},"author":4,"featured_media":277805,"comment_status":"closed","ping_status":"closed","sticky":false,"template":"","format":"standard","meta":{"_monsterinsights_skip_tracking":false,"_monsterinsights_sitenote_active":false,"_monsterinsights_sitenote_note":"","_monsterinsights_sitenote_category":0,"footnotes":""},"categories":[104,86,49],"tags":[],"class_list":["post-277532","post","type-post","status-publish","format-standard","has-post-thumbnail","hentry","category-evidenza_3","category-gr","category-news-18","category-104","category-86","category-49","description-off"],"img_url":"https:\/\/www.radiopiu.net\/wordpress\/wp-content\/uploads\/2022\/05\/asolo.jpg","_links":{"self":[{"href":"https:\/\/www.radiopiu.net\/wordpress\/wp-json\/wp\/v2\/posts\/277532","targetHints":{"allow":["GET"]}}],"collection":[{"href":"https:\/\/www.radiopiu.net\/wordpress\/wp-json\/wp\/v2\/posts"}],"about":[{"href":"https:\/\/www.radiopiu.net\/wordpress\/wp-json\/wp\/v2\/types\/post"}],"author":[{"embeddable":true,"href":"https:\/\/www.radiopiu.net\/wordpress\/wp-json\/wp\/v2\/users\/4"}],"replies":[{"embeddable":true,"href":"https:\/\/www.radiopiu.net\/wordpress\/wp-json\/wp\/v2\/comments?post=277532"}],"version-history":[{"count":0,"href":"https:\/\/www.radiopiu.net\/wordpress\/wp-json\/wp\/v2\/posts\/277532\/revisions"}],"wp:featuredmedia":[{"embeddable":true,"href":"https:\/\/www.radiopiu.net\/wordpress\/wp-json\/wp\/v2\/media\/277805"}],"wp:attachment":[{"href":"https:\/\/www.radiopiu.net\/wordpress\/wp-json\/wp\/v2\/media?parent=277532"}],"wp:term":[{"taxonomy":"category","embeddable":true,"href":"https:\/\/www.radiopiu.net\/wordpress\/wp-json\/wp\/v2\/categories?post=277532"},{"taxonomy":"post_tag","embeddable":true,"href":"https:\/\/www.radiopiu.net\/wordpress\/wp-json\/wp\/v2\/tags?post=277532"}],"curies":[{"name":"wp","href":"https:\/\/api.w.org\/{rel}","templated":true}]}}