{"id":277586,"date":"2022-05-26T05:56:04","date_gmt":"2022-05-26T03:56:04","guid":{"rendered":"https:\/\/www.radiopiu.net\/wordpress\/?p=277586"},"modified":"2022-05-26T06:04:31","modified_gmt":"2022-05-26T04:04:31","slug":"il-sopralluogo-ai-lavori-di-messa-in-sicurezza-del-lago-di-alleghe-la-diretta","status":"publish","type":"post","link":"https:\/\/www.radiopiu.net\/wordpress\/il-sopralluogo-ai-lavori-di-messa-in-sicurezza-del-lago-di-alleghe-la-diretta\/","title":{"rendered":"IL SOPRALLUOGO AI LAVORI DI MESSA IN SICUREZZA DEL LAGO DI ALLEGHE &#8211; LA DIRETTA"},"content":{"rendered":"<p><strong>LA DIRETTA RADIO PIU&#8217; <\/strong>tra l&#8217;altro con l&#8217;importante anticipazione dei sindaci di Alleghe e Rocca Pietore, qualche giorno dopo ferragosto il ritorno dei fuochi artificiali sul lago con una nuova location. Forse anche il concorso delle barche illuminate.<\/p>\n<p>&nbsp;<\/p>\n<p>https:\/\/www.facebook.com\/marco.baghy.1\/videos\/471531268107891<\/p>\n<p>&nbsp;<\/p>\n<p>&nbsp;<\/p>\n<p><strong>ALLEGHE<\/strong> L\u2019Assessore all\u2019Ambiente e al Dissesto Idrogeologico della Regione del Veneto ha fatto un sopralluogo ad Alleghe, nel Bellunese, per fare il punto sui lavori che si stanno eseguendo per la messa in sicurezza del lago attraverso la realizzazione dello sfioratore di piena. <em>\u201cLa Regione \u2013 ha commentato l\u2019Assessore \u2013 non abbassa la guardia e continua ad attuare puntualmente e con efficacia interventi per la messa in sicurezza del territorio e della sua gente. Nel caso specifico si tratta di un cantiere su cui abbiamo investito 1,8 milioni di euro, nell&#8217;ambito di una progettualit\u00e0 complessiva dedicata al lago di Alleghe per oltre 11 milioni di euro, i cui lavori vengono eseguiti dalla nostra societ\u00e0 Veneto Acque, braccio operativo per questi interventi. Il cantiere che ho visitato oggi prevede la realizzazione di un manufatto, che ha la finalit\u00e0 di contrastare l\u2019innalzamento dell\u2019acqua del lago tale da causarne lo straripamento: il canale consentir\u00e0, infatti, di operare uno scarico del flusso idraulico ad una quota pi\u00f9 bassa dello sbarramento attuale di circa 2,00 metri\u201d. <\/em>Il canale progettato avr\u00e0 una lunghezza di circa 55 metri, una larghezza di 3 metri e una profondit\u00e0 variabile da un minimo di 6 metri ad un massimo di 8 metri La portata derivabile da questo canale sar\u00e0 pari a circa 35 metricubi\/secondo, a fronte di una portata di scarico attuale dello sbarramento di circa 110 metricubi\/secondo. Complessivamente, con l\u2019intervento in esecuzione, il deflusso dello sbarramento sar\u00e0 quindi aumentato di circa il 30%. La costruzione dell\u2019opera prevede la realizzazione di una paratia di confinamento in micropali, lo scavo in sezione obbligata e successivamente la costruzione delle opere strutturali in calcestruzzo armato, sovrastate da un grigliato carrabile per le attivit\u00e0 manutentive. <em>&#8220;Nell&#8217;ambito dei lavori sul lago &#8211; dettaglia l&#8217;Assessore &#8211; nel frattempo siamo anche intervenuti con l\u2019escavazione di circa 250.000 metri cubi di materiale alluvionale e la pulizia ed escavazione del torrente Cordevole da Alleghe sino a Caprile lungo uno sviluppo complessivo di circa 4 km, a cui si sommano anche interventi di miglioramento paesaggistico per 9 milioni di euro. E abbiamo inoltre realizzato un impianto di pompaggio per il mantenimento del deflusso minimo vitale, per il quale abbiamo investito ulteriori 500mila euro&#8221;.<\/em><\/p>\n<p>&nbsp;<\/p>\n<h2><span style=\"color: #ff0000;\"><strong>IERI ALLA RADIO<\/strong><\/span><\/h2>\n<p><strong><img loading=\"lazy\" decoding=\"async\" class=\"alignleft\" src=\"https:\/\/www.radiopiu.net\/wordpress\/wp-content\/uploads\/2019\/09\/alleghe-4.jpg\" width=\"179\" height=\"115\" \/>ALLEGHE<\/strong><\/p>\n<p><strong>GIANNI SANTOMASO<\/strong><\/p>\n<p><strong>AUDIO<\/strong><\/p>\n<audio class=\"wp-audio-shortcode\" id=\"audio-277586-1\" preload=\"none\" style=\"width: 100%;\" controls=\"controls\"><source type=\"audio\/mpeg\" src=\"https:\/\/www.radiopiu.net\/wordpress\/wp-content\/uploads\/2022\/05\/GIANNI-ALLEGHE.mp3?_=1\" \/><a href=\"https:\/\/www.radiopiu.net\/wordpress\/wp-content\/uploads\/2022\/05\/GIANNI-ALLEGHE.mp3\">https:\/\/www.radiopiu.net\/wordpress\/wp-content\/uploads\/2022\/05\/GIANNI-ALLEGHE.mp3<\/a><\/audio>\n<p>&nbsp;<\/p>\n\n\t\t\t<style type='text\/css'>\n\t\t\t\t#gallery-1 {\n\t\t\t\t\tmargin: auto;\n\t\t\t\t}\n\t\t\t\t#gallery-1 .gallery-item {\n\t\t\t\t\tfloat: left;\n\t\t\t\t\tmargin-top: 10px;\n\t\t\t\t\ttext-align: center;\n\t\t\t\t\twidth: 33%;\n\t\t\t\t}\n\t\t\t\t#gallery-1 img {\n\t\t\t\t\tborder: 2px solid #cfcfcf;\n\t\t\t\t}\n\t\t\t\t#gallery-1 .gallery-caption {\n\t\t\t\t\tmargin-left: 0;\n\t\t\t\t}\n\t\t\t\t\/* see gallery_shortcode() in wp-includes\/media.php *\/\n\t\t\t<\/style>\n\t\t<div id='gallery-1' class='dt-gallery-container gallery galleryid-277586 gallery-columns-3 gallery-size-thumbnail'><dl class='gallery-item'>\n\t\t\t\t<dt class='gallery-icon portrait'>\n\t\t\t\t\t<a class=\"rollover rollover-zoom dt-pswp-item\" title=\"a0681fd1-9116-4f5a-8c50-9579825afb5e\" data-dt-img-description=\"\" data-large_image_width=\"1500\" data-large_image_height=\"2000\"href='https:\/\/www.radiopiu.net\/wordpress\/wp-content\/uploads\/2022\/05\/a0681fd1-9116-4f5a-8c50-9579825afb5e.jpg'><img loading=\"lazy\" decoding=\"async\" width=\"150\" height=\"150\" src=\"https:\/\/www.radiopiu.net\/wordpress\/wp-content\/uploads\/2022\/05\/a0681fd1-9116-4f5a-8c50-9579825afb5e-150x150.jpg\" class=\"attachment-thumbnail size-thumbnail\" alt=\"\" \/><\/a>\n\t\t\t\t<\/dt><\/dl><dl class='gallery-item'>\n\t\t\t\t<dt class='gallery-icon portrait'>\n\t\t\t\t\t<a class=\"rollover rollover-zoom dt-pswp-item\" title=\"2c0be44b-8ec0-498e-a489-05ac474b223f\" data-dt-img-description=\"\" data-large_image_width=\"1200\" data-large_image_height=\"1600\"href='https:\/\/www.radiopiu.net\/wordpress\/wp-content\/uploads\/2022\/05\/2c0be44b-8ec0-498e-a489-05ac474b223f.jpg'><img loading=\"lazy\" decoding=\"async\" width=\"150\" height=\"150\" src=\"https:\/\/www.radiopiu.net\/wordpress\/wp-content\/uploads\/2022\/05\/2c0be44b-8ec0-498e-a489-05ac474b223f-150x150.jpg\" class=\"attachment-thumbnail size-thumbnail\" alt=\"\" \/><\/a>\n\t\t\t\t<\/dt><\/dl><dl class='gallery-item'>\n\t\t\t\t<dt class='gallery-icon landscape'>\n\t\t\t\t\t<a class=\"rollover rollover-zoom dt-pswp-item\" title=\"f5bcd3f9-c885-4330-9fbc-2d7b20da7a6a\" data-dt-img-description=\"\" data-large_image_width=\"2000\" data-large_image_height=\"1500\"href='https:\/\/www.radiopiu.net\/wordpress\/wp-content\/uploads\/2022\/05\/f5bcd3f9-c885-4330-9fbc-2d7b20da7a6a.jpg'><img loading=\"lazy\" decoding=\"async\" width=\"150\" height=\"150\" src=\"https:\/\/www.radiopiu.net\/wordpress\/wp-content\/uploads\/2022\/05\/f5bcd3f9-c885-4330-9fbc-2d7b20da7a6a-150x150.jpg\" class=\"attachment-thumbnail size-thumbnail\" alt=\"\" \/><\/a>\n\t\t\t\t<\/dt><\/dl><br style=\"clear: both\" \/><dl class='gallery-item'>\n\t\t\t\t<dt class='gallery-icon portrait'>\n\t\t\t\t\t<a class=\"rollover rollover-zoom dt-pswp-item\" title=\"9db71319-4cd1-4691-a1e8-d9d2f6bf908c\" data-dt-img-description=\"\" data-large_image_width=\"1488\" data-large_image_height=\"1984\"href='https:\/\/www.radiopiu.net\/wordpress\/wp-content\/uploads\/2022\/05\/9db71319-4cd1-4691-a1e8-d9d2f6bf908c.jpg'><img loading=\"lazy\" decoding=\"async\" width=\"150\" height=\"150\" src=\"https:\/\/www.radiopiu.net\/wordpress\/wp-content\/uploads\/2022\/05\/9db71319-4cd1-4691-a1e8-d9d2f6bf908c-150x150.jpg\" class=\"attachment-thumbnail size-thumbnail\" alt=\"\" \/><\/a>\n\t\t\t\t<\/dt><\/dl><dl class='gallery-item'>\n\t\t\t\t<dt class='gallery-icon portrait'>\n\t\t\t\t\t<a class=\"rollover rollover-zoom dt-pswp-item\" title=\"babda86c-70e7-4eef-a688-98d2d200c966\" data-dt-img-description=\"\" data-large_image_width=\"1500\" data-large_image_height=\"2000\"href='https:\/\/www.radiopiu.net\/wordpress\/wp-content\/uploads\/2022\/05\/babda86c-70e7-4eef-a688-98d2d200c966.jpg'><img loading=\"lazy\" decoding=\"async\" width=\"150\" height=\"150\" src=\"https:\/\/www.radiopiu.net\/wordpress\/wp-content\/uploads\/2022\/05\/babda86c-70e7-4eef-a688-98d2d200c966-150x150.jpg\" class=\"attachment-thumbnail size-thumbnail\" alt=\"\" \/><\/a>\n\t\t\t\t<\/dt><\/dl><dl class='gallery-item'>\n\t\t\t\t<dt class='gallery-icon portrait'>\n\t\t\t\t\t<a class=\"rollover rollover-zoom dt-pswp-item\" title=\"af22d20e-6879-408b-9de5-aceb9564933c\" data-dt-img-description=\"\" data-large_image_width=\"1488\" data-large_image_height=\"1984\"href='https:\/\/www.radiopiu.net\/wordpress\/wp-content\/uploads\/2022\/05\/af22d20e-6879-408b-9de5-aceb9564933c.jpg'><img loading=\"lazy\" decoding=\"async\" width=\"150\" height=\"150\" src=\"https:\/\/www.radiopiu.net\/wordpress\/wp-content\/uploads\/2022\/05\/af22d20e-6879-408b-9de5-aceb9564933c-150x150.jpg\" class=\"attachment-thumbnail size-thumbnail\" alt=\"\" \/><\/a>\n\t\t\t\t<\/dt><\/dl><br style=\"clear: both\" \/>\n\t\t\t<\/div>\n\n<p>&nbsp;<\/p>\n<p><strong>ALLEGHE\u00a0 <\/strong>L\u2019Assessore all\u2019Ambiente della Regione del Veneto in sopralluogo ad Alleghe\u00a0per fare il punto sui lavori che si stanno eseguendo per la messa in sicurezza del lago attraverso la realizzazione dello sfioratore di piena. Si tratta di un intervento da 1,8 milioni di euro.<\/p>\n<p>&nbsp;<\/p>\n\n\t\t\t<style type='text\/css'>\n\t\t\t\t#gallery-2 {\n\t\t\t\t\tmargin: auto;\n\t\t\t\t}\n\t\t\t\t#gallery-2 .gallery-item {\n\t\t\t\t\tfloat: left;\n\t\t\t\t\tmargin-top: 10px;\n\t\t\t\t\ttext-align: center;\n\t\t\t\t\twidth: 33%;\n\t\t\t\t}\n\t\t\t\t#gallery-2 img {\n\t\t\t\t\tborder: 2px solid #cfcfcf;\n\t\t\t\t}\n\t\t\t\t#gallery-2 .gallery-caption {\n\t\t\t\t\tmargin-left: 0;\n\t\t\t\t}\n\t\t\t\t\/* see gallery_shortcode() in wp-includes\/media.php *\/\n\t\t\t<\/style>\n\t\t<div id='gallery-2' class='dt-gallery-container gallery galleryid-277586 gallery-columns-3 gallery-size-medium'><dl class='gallery-item'>\n\t\t\t\t<dt class='gallery-icon portrait'>\n\t\t\t\t\t<a class=\"rollover rollover-zoom dt-pswp-item\" title=\"assessore ambiente sopralluogo 2\" data-dt-img-description=\"\" data-large_image_width=\"1519\" data-large_image_height=\"2048\"href='https:\/\/www.radiopiu.net\/wordpress\/wp-content\/uploads\/2022\/05\/assessore-ambiente-sopralluogo-2.jpg'><img loading=\"lazy\" decoding=\"async\" width=\"223\" height=\"300\" src=\"https:\/\/www.radiopiu.net\/wordpress\/wp-content\/uploads\/2022\/05\/assessore-ambiente-sopralluogo-2-223x300.jpg\" class=\"attachment-medium size-medium\" alt=\"\" srcset=\"https:\/\/www.radiopiu.net\/wordpress\/wp-content\/uploads\/2022\/05\/assessore-ambiente-sopralluogo-2-223x300.jpg 223w, https:\/\/www.radiopiu.net\/wordpress\/wp-content\/uploads\/2022\/05\/assessore-ambiente-sopralluogo-2-760x1024.jpg 760w, https:\/\/www.radiopiu.net\/wordpress\/wp-content\/uploads\/2022\/05\/assessore-ambiente-sopralluogo-2-768x1035.jpg 768w, https:\/\/www.radiopiu.net\/wordpress\/wp-content\/uploads\/2022\/05\/assessore-ambiente-sopralluogo-2-1139x1536.jpg 1139w, https:\/\/www.radiopiu.net\/wordpress\/wp-content\/uploads\/2022\/05\/assessore-ambiente-sopralluogo-2.jpg 1519w\" sizes=\"auto, (max-width: 223px) 100vw, 223px\" \/><\/a>\n\t\t\t\t<\/dt><\/dl><dl class='gallery-item'>\n\t\t\t\t<dt class='gallery-icon landscape'>\n\t\t\t\t\t<a class=\"rollover rollover-zoom dt-pswp-item\" title=\"sopralluogo assessore ambiente 1\" data-dt-img-description=\"\" data-large_image_width=\"640\" data-large_image_height=\"480\"href='https:\/\/www.radiopiu.net\/wordpress\/wp-content\/uploads\/2022\/05\/sopralluogo-assessore-ambiente-1.jpg'><img loading=\"lazy\" decoding=\"async\" width=\"300\" height=\"225\" src=\"https:\/\/www.radiopiu.net\/wordpress\/wp-content\/uploads\/2022\/05\/sopralluogo-assessore-ambiente-1-300x225.jpg\" class=\"attachment-medium size-medium\" alt=\"\" srcset=\"https:\/\/www.radiopiu.net\/wordpress\/wp-content\/uploads\/2022\/05\/sopralluogo-assessore-ambiente-1-300x225.jpg 300w, https:\/\/www.radiopiu.net\/wordpress\/wp-content\/uploads\/2022\/05\/sopralluogo-assessore-ambiente-1.jpg 640w\" sizes=\"auto, (max-width: 300px) 100vw, 300px\" \/><\/a>\n\t\t\t\t<\/dt><\/dl><dl class='gallery-item'>\n\t\t\t\t<dt class='gallery-icon portrait'>\n\t\t\t\t\t<a class=\"rollover rollover-zoom dt-pswp-item\" title=\"sopralluogo assessore ambiente\" data-dt-img-description=\"\" data-large_image_width=\"480\" data-large_image_height=\"640\"href='https:\/\/www.radiopiu.net\/wordpress\/wp-content\/uploads\/2022\/05\/sopralluogo-assessore-ambiente.jpg'><img loading=\"lazy\" decoding=\"async\" width=\"225\" height=\"300\" src=\"https:\/\/www.radiopiu.net\/wordpress\/wp-content\/uploads\/2022\/05\/sopralluogo-assessore-ambiente-225x300.jpg\" class=\"attachment-medium size-medium\" alt=\"\" srcset=\"https:\/\/www.radiopiu.net\/wordpress\/wp-content\/uploads\/2022\/05\/sopralluogo-assessore-ambiente-225x300.jpg 225w, https:\/\/www.radiopiu.net\/wordpress\/wp-content\/uploads\/2022\/05\/sopralluogo-assessore-ambiente.jpg 480w\" sizes=\"auto, (max-width: 225px) 100vw, 225px\" \/><\/a>\n\t\t\t\t<\/dt><\/dl><br style=\"clear: both\" \/>\n\t\t\t<\/div>\n\n<p>&nbsp;<\/p>\n<p>&nbsp;<\/p>\n<p>&nbsp;<\/p>\n<p>&nbsp;<\/p>\n<p>******<\/p>\n","protected":false},"excerpt":{"rendered":"<p>LA DIRETTA RADIO PIU&#8217; tra l&#8217;altro con l&#8217;importante anticipazione dei sindaci di Alleghe e Rocca Pietore, qualche giorno dopo ferragosto il ritorno dei fuochi artificiali sul lago con una nuova location. Forse anche il concorso delle barche illuminate. &nbsp; https:\/\/www.facebook.com\/marco.baghy.1\/videos\/471531268107891 &nbsp; &nbsp; ALLEGHE L\u2019Assessore all\u2019Ambiente e al Dissesto Idrogeologico della Regione del Veneto ha fatto&hellip;<\/p>\n","protected":false},"author":4,"featured_media":98738,"comment_status":"closed","ping_status":"closed","sticky":false,"template":"","format":"standard","meta":{"_monsterinsights_skip_tracking":false,"_monsterinsights_sitenote_active":false,"_monsterinsights_sitenote_note":"","_monsterinsights_sitenote_category":0,"footnotes":""},"categories":[51,49],"tags":[],"class_list":["post-277586","post","type-post","status-publish","format-standard","has-post-thumbnail","hentry","category-evidenza-top","category-news-18","category-51","category-49","description-off"],"img_url":"https:\/\/www.radiopiu.net\/wordpress\/wp-content\/uploads\/2019\/09\/alleghe-4.jpg","_links":{"self":[{"href":"https:\/\/www.radiopiu.net\/wordpress\/wp-json\/wp\/v2\/posts\/277586","targetHints":{"allow":["GET"]}}],"collection":[{"href":"https:\/\/www.radiopiu.net\/wordpress\/wp-json\/wp\/v2\/posts"}],"about":[{"href":"https:\/\/www.radiopiu.net\/wordpress\/wp-json\/wp\/v2\/types\/post"}],"author":[{"embeddable":true,"href":"https:\/\/www.radiopiu.net\/wordpress\/wp-json\/wp\/v2\/users\/4"}],"replies":[{"embeddable":true,"href":"https:\/\/www.radiopiu.net\/wordpress\/wp-json\/wp\/v2\/comments?post=277586"}],"version-history":[{"count":0,"href":"https:\/\/www.radiopiu.net\/wordpress\/wp-json\/wp\/v2\/posts\/277586\/revisions"}],"wp:featuredmedia":[{"embeddable":true,"href":"https:\/\/www.radiopiu.net\/wordpress\/wp-json\/wp\/v2\/media\/98738"}],"wp:attachment":[{"href":"https:\/\/www.radiopiu.net\/wordpress\/wp-json\/wp\/v2\/media?parent=277586"}],"wp:term":[{"taxonomy":"category","embeddable":true,"href":"https:\/\/www.radiopiu.net\/wordpress\/wp-json\/wp\/v2\/categories?post=277586"},{"taxonomy":"post_tag","embeddable":true,"href":"https:\/\/www.radiopiu.net\/wordpress\/wp-json\/wp\/v2\/tags?post=277586"}],"curies":[{"name":"wp","href":"https:\/\/api.w.org\/{rel}","templated":true}]}}