{"id":277630,"date":"2022-05-26T05:54:38","date_gmt":"2022-05-26T03:54:38","guid":{"rendered":"https:\/\/www.radiopiu.net\/wordpress\/?p=277630"},"modified":"2022-05-26T06:03:56","modified_gmt":"2022-05-26T04:03:56","slug":"essilor-luxottica-rafforza-le-attivita-filantropiche","status":"publish","type":"post","link":"https:\/\/www.radiopiu.net\/wordpress\/essilor-luxottica-rafforza-le-attivita-filantropiche\/","title":{"rendered":"ESSILOR LUXOTTICA RAFFORZA LE ATTIVITA&#8217; FILANTROPICHE"},"content":{"rendered":"<p><strong><img loading=\"lazy\" decoding=\"async\" class=\"alignleft\" src=\"https:\/\/www.radiopiu.net\/wordpress\/wp-content\/uploads\/2020\/01\/NUOVA-INSEGNA-LUXOTTICA-scaled.jpg\" width=\"274\" height=\"206\" \/>AGORDO<\/strong>\u00a0 EssilorLuxottica annuncia oggi il lancio della OneSight EssilorLuxottica Foundation, che rilancia l\u2019impegno del Gruppo nel realizzare la sua mission di aiutare le persone, ovunque nel mondo, a \u201cvedere meglio e vivere meglio\u201d. Si tratta di un pilastro importante della strategia di sostenibilit\u00e0 di EssilorLuxottica per supportare e promuovere la vista come diritto umano fondamentale. La OneSight EssilorLuxottica Foundation riunisce le principali azioni di advocacy e filantropiche del Gruppo a livello globale e svolger\u00e0 un ruolo di primo piano nella lotta contro i difetti visivi. La OneSight EssilorLuxottica Foundation si pone l\u2019obiettivo di aumentare la consapevolezza dell&#8217;importanza della vista e di sostenere la creazione di cure visive sostenibili grazie alla filantropia, lavorando al fianco di partner di riferimento per tradurre in azioni la risoluzione delle Nazioni Unite, &#8220;Vision for All&#8221;, e contribuendo cos\u00ec a eliminare i problemi di vista non corretti in una generazione. Questa nuova iniziativa di integrazione delle attivit\u00e0 relative alla mission \u00e8 un segnale tangibile dell&#8217;impegno di EssilorLuxottica per migliorare l&#8217;accesso alle cure della vista nelle comunit\u00e0 svantaggiate. La Fondazione costituir\u00e0 il luogo ideale per dare forma all&#8217;impegno di EssilorLuxottica, dei suoi dipendenti, dei suoi partner e dei suoi investitori, e per ottenere risultati concreti in questo ambito. <em>\u201cEssere azienda di riferimento del settore significa anche rendere accessibili a tutti nel mondo i vantaggi del vedere bene. Attraverso la OneSight EssilorLuxottica Foundation, coordineremo i nostri sforzi, le competenze acquisite e le partnership a livello internazionale per contribuire al cambiamento nell\u2019ambito delle politiche per la cura della vista. Con il sostegno di governi, ONG e altri partner, potremo contribuire al raggiungimento degli Obiettivi di sviluppo sostenibile delle Nazioni Unite in questo ambito. La OneSight EssilorLuxottica Foundation riunir\u00e0 sotto lo stesso tetto la lunga tradizione di iniziative sostenibili di Essilor e Luxottica\u201d<\/em>, hanno affermato Francesco Milleri e Paul du Saillant, rispettivamente Amministratore Delegato e Vice Amministratore Delegato di EssilorLuxottica.<\/p>\n<blockquote><p>\n<em>La OneSight EssilorLuxottica Foundation riunisce sotto lo stesso tetto Vision for Life, le Essilor Vision Foundation presenti in Nord America, India, nel Sud-est asiatico e in Cina, la Fondazione Salmoiraghi &amp; Vigan\u00f2 in Italia, nonch\u00e9 i partner di lungo periodo OneSight e il Vision Impact Institute. Lo studio, &#8220;Eliminating Poor Vision in a Generation&#8221;, lanciato nel 2019 insieme all&#8217;Assemblea generale delle Nazioni Unite con il supporto di oltre 20 governi, ONG e partner del settore privato, delinea il ruolo significativo che il settore deve svolgere nella risoluzione dell\u2019emergenza della cura della vista. Nella consapevolezza della responsabilit\u00e0 che deriva dall\u2019essere azienda di riferimento del settore, con la OneSight EssilorLuxottica Foundation l\u2019azienda si impegna ad aiutare coloro che vivono problemi di vista non corretti nelle comunit\u00e0 in via di sviluppo a &#8220;vedere meglio e vivere meglio&#8221;.\u00a0<\/em><\/p><\/blockquote>\n<p>&nbsp;<\/p>\n<hr \/>\n<p>&nbsp;<\/p>\n","protected":false},"excerpt":{"rendered":"<p>AGORDO\u00a0 EssilorLuxottica annuncia oggi il lancio della OneSight EssilorLuxottica Foundation, che rilancia l\u2019impegno del Gruppo nel realizzare la sua mission di aiutare le persone, ovunque nel mondo, a \u201cvedere meglio e vivere meglio\u201d. Si tratta di un pilastro importante della strategia di sostenibilit\u00e0 di EssilorLuxottica per supportare e promuovere la vista come diritto umano fondamentale.&hellip;<\/p>\n","protected":false},"author":4,"featured_media":113444,"comment_status":"closed","ping_status":"closed","sticky":false,"template":"","format":"standard","meta":{"_monsterinsights_skip_tracking":false,"_monsterinsights_sitenote_active":false,"_monsterinsights_sitenote_note":"","_monsterinsights_sitenote_category":0,"footnotes":""},"categories":[51,49],"tags":[],"class_list":["post-277630","post","type-post","status-publish","format-standard","has-post-thumbnail","hentry","category-evidenza-top","category-news-18","category-51","category-49","description-off"],"img_url":"https:\/\/www.radiopiu.net\/wordpress\/wp-content\/uploads\/2020\/01\/NUOVA-INSEGNA-LUXOTTICA-scaled.jpg","_links":{"self":[{"href":"https:\/\/www.radiopiu.net\/wordpress\/wp-json\/wp\/v2\/posts\/277630","targetHints":{"allow":["GET"]}}],"collection":[{"href":"https:\/\/www.radiopiu.net\/wordpress\/wp-json\/wp\/v2\/posts"}],"about":[{"href":"https:\/\/www.radiopiu.net\/wordpress\/wp-json\/wp\/v2\/types\/post"}],"author":[{"embeddable":true,"href":"https:\/\/www.radiopiu.net\/wordpress\/wp-json\/wp\/v2\/users\/4"}],"replies":[{"embeddable":true,"href":"https:\/\/www.radiopiu.net\/wordpress\/wp-json\/wp\/v2\/comments?post=277630"}],"version-history":[{"count":0,"href":"https:\/\/www.radiopiu.net\/wordpress\/wp-json\/wp\/v2\/posts\/277630\/revisions"}],"wp:featuredmedia":[{"embeddable":true,"href":"https:\/\/www.radiopiu.net\/wordpress\/wp-json\/wp\/v2\/media\/113444"}],"wp:attachment":[{"href":"https:\/\/www.radiopiu.net\/wordpress\/wp-json\/wp\/v2\/media?parent=277630"}],"wp:term":[{"taxonomy":"category","embeddable":true,"href":"https:\/\/www.radiopiu.net\/wordpress\/wp-json\/wp\/v2\/categories?post=277630"},{"taxonomy":"post_tag","embeddable":true,"href":"https:\/\/www.radiopiu.net\/wordpress\/wp-json\/wp\/v2\/tags?post=277630"}],"curies":[{"name":"wp","href":"https:\/\/api.w.org\/{rel}","templated":true}]}}