{"id":277795,"date":"2022-05-27T05:50:04","date_gmt":"2022-05-27T03:50:04","guid":{"rendered":"https:\/\/www.radiopiu.net\/wordpress\/?p=277795"},"modified":"2022-05-27T08:46:22","modified_gmt":"2022-05-27T06:46:22","slug":"giornale-radiopiu-27-maggio-2022-direttore-mirko-mezzacasa","status":"publish","type":"post","link":"https:\/\/www.radiopiu.net\/wordpress\/giornale-radiopiu-27-maggio-2022-direttore-mirko-mezzacasa\/","title":{"rendered":"GIORNALE RADIOPIU 27 MAGGIO 2022 DIRETTORE MIRKO MEZZACASA"},"content":{"rendered":"<h3 class=\"kvgmc6g5 cxmmr5t8 oygrvhab hcukyx3x c1et5uql\"><span style=\"color: #0000ff;\"><strong><a class=\"dt-pswp-item\" href=\"https:\/\/www.radiopiu.net\/wordpress\/wp-content\/uploads\/2022\/05\/2a3b0571-ebef-48d0-baf3-416314c53caf.jpg\" data-dt-img-description=\"\" data-large_image_width=\"2048\" data-large_image_height=\"1536\"><img loading=\"lazy\" decoding=\"async\" class=\"alignnone wp-image-277967 size-large\" src=\"https:\/\/www.radiopiu.net\/wordpress\/wp-content\/uploads\/2022\/05\/2a3b0571-ebef-48d0-baf3-416314c53caf-1024x768.jpg\" alt=\"\" width=\"1024\" height=\"768\" srcset=\"https:\/\/www.radiopiu.net\/wordpress\/wp-content\/uploads\/2022\/05\/2a3b0571-ebef-48d0-baf3-416314c53caf-1024x768.jpg 1024w, https:\/\/www.radiopiu.net\/wordpress\/wp-content\/uploads\/2022\/05\/2a3b0571-ebef-48d0-baf3-416314c53caf-300x225.jpg 300w, https:\/\/www.radiopiu.net\/wordpress\/wp-content\/uploads\/2022\/05\/2a3b0571-ebef-48d0-baf3-416314c53caf-768x576.jpg 768w, https:\/\/www.radiopiu.net\/wordpress\/wp-content\/uploads\/2022\/05\/2a3b0571-ebef-48d0-baf3-416314c53caf-1536x1152.jpg 1536w, https:\/\/www.radiopiu.net\/wordpress\/wp-content\/uploads\/2022\/05\/2a3b0571-ebef-48d0-baf3-416314c53caf.jpg 2048w\" sizes=\"auto, (max-width: 1024px) 100vw, 1024px\" \/><\/a>RADIO PIU INFORMAZIONE il canale su TELEGRAM informazione di prima\u00a0 <\/strong><\/span><span style=\"color: #0000ff;\"><strong>mano e in tempo reale. iscriviti ed aiutaci a farlo conoscere\u00a0\u00a0<\/strong><\/span><\/h3>\n<blockquote>\n<h3>SOTTOGUDA ATTENDE IL GIRO ED E&#8217; SEMPRE PIU&#8217; ROSA<\/h3>\n<\/blockquote>\n\n\t\t\t<style type='text\/css'>\n\t\t\t\t#gallery-1 {\n\t\t\t\t\tmargin: auto;\n\t\t\t\t}\n\t\t\t\t#gallery-1 .gallery-item {\n\t\t\t\t\tfloat: left;\n\t\t\t\t\tmargin-top: 10px;\n\t\t\t\t\ttext-align: center;\n\t\t\t\t\twidth: 20%;\n\t\t\t\t}\n\t\t\t\t#gallery-1 img {\n\t\t\t\t\tborder: 2px solid #cfcfcf;\n\t\t\t\t}\n\t\t\t\t#gallery-1 .gallery-caption {\n\t\t\t\t\tmargin-left: 0;\n\t\t\t\t}\n\t\t\t\t\/* see gallery_shortcode() in wp-includes\/media.php *\/\n\t\t\t<\/style>\n\t\t<div id='gallery-1' class='dt-gallery-container gallery galleryid-277795 gallery-columns-5 gallery-size-thumbnail'><dl class='gallery-item'>\n\t\t\t\t<dt class='gallery-icon landscape'>\n\t\t\t\t\t<a class=\"rollover rollover-zoom dt-pswp-item\" title=\"30eda344-c12e-4119-a1f7-b9c4d373ac73\" data-dt-img-description=\"\" data-large_image_width=\"2048\" data-large_image_height=\"1536\"href='https:\/\/www.radiopiu.net\/wordpress\/wp-content\/uploads\/2022\/05\/30eda344-c12e-4119-a1f7-b9c4d373ac73.jpg'><img loading=\"lazy\" decoding=\"async\" width=\"150\" height=\"150\" src=\"https:\/\/www.radiopiu.net\/wordpress\/wp-content\/uploads\/2022\/05\/30eda344-c12e-4119-a1f7-b9c4d373ac73-150x150.jpg\" class=\"attachment-thumbnail size-thumbnail\" alt=\"\" \/><\/a>\n\t\t\t\t<\/dt><\/dl><dl class='gallery-item'>\n\t\t\t\t<dt class='gallery-icon portrait'>\n\t\t\t\t\t<a class=\"rollover rollover-zoom dt-pswp-item\" title=\"790d61a4-a8fd-4d13-9480-29bd092d9a81\" data-dt-img-description=\"\" data-large_image_width=\"738\" data-large_image_height=\"946\"href='https:\/\/www.radiopiu.net\/wordpress\/wp-content\/uploads\/2022\/05\/790d61a4-a8fd-4d13-9480-29bd092d9a81.jpg'><img loading=\"lazy\" decoding=\"async\" width=\"150\" height=\"150\" src=\"https:\/\/www.radiopiu.net\/wordpress\/wp-content\/uploads\/2022\/05\/790d61a4-a8fd-4d13-9480-29bd092d9a81-150x150.jpg\" class=\"attachment-thumbnail size-thumbnail\" alt=\"\" \/><\/a>\n\t\t\t\t<\/dt><\/dl><dl class='gallery-item'>\n\t\t\t\t<dt class='gallery-icon portrait'>\n\t\t\t\t\t<a class=\"rollover rollover-zoom dt-pswp-item\" title=\"1b1a716f-54e0-4e4c-8638-47a00671b312\" data-dt-img-description=\"\" data-large_image_width=\"1536\" data-large_image_height=\"2048\"href='https:\/\/www.radiopiu.net\/wordpress\/wp-content\/uploads\/2022\/05\/1b1a716f-54e0-4e4c-8638-47a00671b312.jpg'><img loading=\"lazy\" decoding=\"async\" width=\"150\" height=\"150\" src=\"https:\/\/www.radiopiu.net\/wordpress\/wp-content\/uploads\/2022\/05\/1b1a716f-54e0-4e4c-8638-47a00671b312-150x150.jpg\" class=\"attachment-thumbnail size-thumbnail\" alt=\"\" \/><\/a>\n\t\t\t\t<\/dt><\/dl><dl class='gallery-item'>\n\t\t\t\t<dt class='gallery-icon landscape'>\n\t\t\t\t\t<a class=\"rollover rollover-zoom dt-pswp-item\" title=\"c98d06e0-8201-4c6f-86ef-5d336d65ccd6\" data-dt-img-description=\"\" data-large_image_width=\"2048\" data-large_image_height=\"1536\"href='https:\/\/www.radiopiu.net\/wordpress\/wp-content\/uploads\/2022\/05\/c98d06e0-8201-4c6f-86ef-5d336d65ccd6.jpg'><img loading=\"lazy\" decoding=\"async\" width=\"150\" height=\"150\" src=\"https:\/\/www.radiopiu.net\/wordpress\/wp-content\/uploads\/2022\/05\/c98d06e0-8201-4c6f-86ef-5d336d65ccd6-150x150.jpg\" class=\"attachment-thumbnail size-thumbnail\" alt=\"\" \/><\/a>\n\t\t\t\t<\/dt><\/dl><dl class='gallery-item'>\n\t\t\t\t<dt class='gallery-icon landscape'>\n\t\t\t\t\t<a class=\"rollover rollover-zoom dt-pswp-item\" title=\"0b270f3c-3788-4b90-b324-7b617b6e4246\" data-dt-img-description=\"\" data-large_image_width=\"2048\" data-large_image_height=\"1536\"href='https:\/\/www.radiopiu.net\/wordpress\/wp-content\/uploads\/2022\/05\/0b270f3c-3788-4b90-b324-7b617b6e4246.jpg'><img loading=\"lazy\" decoding=\"async\" width=\"150\" height=\"150\" src=\"https:\/\/www.radiopiu.net\/wordpress\/wp-content\/uploads\/2022\/05\/0b270f3c-3788-4b90-b324-7b617b6e4246-150x150.jpg\" class=\"attachment-thumbnail size-thumbnail\" alt=\"\" \/><\/a>\n\t\t\t\t<\/dt><\/dl><br style=\"clear: both\" \/>\n\t\t\t<\/div>\n\n<p>&nbsp;<\/p>\n<hr \/>\n<p>&nbsp;<\/p>\n<p><strong><img loading=\"lazy\" decoding=\"async\" class=\"alignleft\" src=\"https:\/\/www.radiopiu.net\/wordpress\/wp-content\/uploads\/2021\/12\/viabilita.jpg\" width=\"208\" height=\"92\" \/>SOVRAMONTE<\/strong> Lungo la 473, provinciale\u00a0 di Croce d&#8217;Aune,\u00a0 in localit\u00e0 Sorriva, ha ceduto la condotta fognaria. Veneto Strade alle 19 ha comunicato la chiusura della strada in entrambi i sensi di marcia riservandosi ulteriori informazioni nelle prossime ore<\/p>\n<p>&nbsp;<\/p>\n<blockquote>\n<h3>DOMANI &#8211; PASSAGGIO GIRO D\u2019ITALIA: SOSPESI PUNTI TAMPONI DI AGORDO E TAI DI CADORE<\/h3>\n<\/blockquote>\n<p>Il relazione alla tappa bellunese del Giro d\u2019Italia, DOMANI saranno sospesi i Covid Point di Agordo e Tai di Cadore..<\/p>\n<p>&nbsp;<\/p>\n<blockquote>\n<h3>IL PRIMO GIUGNO\u00a0 A SINGHIOZZO SUL GIAU PER LE RIPRESE CINEMATOGRAFICHE, SENSO UNICO IN PROSSIMITA&#8217; DI AGORDO lungo la regionale 203 agordina.<\/h3>\n<\/blockquote>\n<p><strong>SP 638 PASSO GIAU<\/strong> Il 1 giugno dalle 6 alle 20 chiusure temporanee di massimo 30 minuti per riprese cinematografiche, produzione Netflix.<\/p>\n<p><strong>\u00a0<\/strong><\/p>\n<p>&nbsp;<\/p>\n<hr \/>\n<p>&nbsp;<\/p>\n<blockquote>\n<h3>ore 22.08 SCOSSA DI TERREMOTO, EPICENTRO ROCCA PIETORE<\/h3>\n<\/blockquote>\n<p><strong><a class=\"dt-pswp-item\" href=\"https:\/\/www.radiopiu.net\/wordpress\/wp-content\/uploads\/2022\/05\/AGOR.HHZ_.gif\" data-dt-img-description=\"\" data-large_image_width=\"792\" data-large_image_height=\"612\"><img loading=\"lazy\" decoding=\"async\" class=\"size-thumbnail wp-image-277959 alignleft\" src=\"https:\/\/www.radiopiu.net\/wordpress\/wp-content\/uploads\/2022\/05\/AGOR.HHZ_-150x150.gif\" alt=\"\" width=\"150\" height=\"150\" \/><\/a>ALLEGHE<\/strong>\u00a0 Ieri sera alle 22.15\u00a0 riceviamo numerose segnalazioni da Alleghe,\u00a0 Saviner di Rocca Pietore di un forte boato, qualcuno ha pensato al terremoto,\u00a0 qualcun&#8217;altro ha guardato verso il Civetta pensando ad una frana. Molta la gente scesa in strada. Ulteriori segnalazioni sono arrivate da Colle Santa Lucia.\u00a0 Non si segnalano danni a persone o cose, sul territorio\u00a0 le squadre dei vigili del fuoco volontari di Caprile, Rocca Pietore, in movimento anche i vigili del fuoco di Agordo tutti impegnati in operazioni di perlustrazione Non rilevati danni.<\/p>\n<p>Alle 22.28 l&#8217;ufficialit\u00e0: scossa di terremoto, epicentro Rocca Pietore, 1,8 gradi della scala Richter (comunque lieve), epicentro a 1 km da Rocca Pietore, profondit\u00e0 11 chilometri.<\/p>\n<p>Il sismografo di Agordo (foto) non ha invece registrato la scossa di terremoto,\u00a0 dunque localizzata esclusivamente in Val Cordevole.<\/p>\n\n\t\t\t<style type='text\/css'>\n\t\t\t\t#gallery-2 {\n\t\t\t\t\tmargin: auto;\n\t\t\t\t}\n\t\t\t\t#gallery-2 .gallery-item {\n\t\t\t\t\tfloat: left;\n\t\t\t\t\tmargin-top: 10px;\n\t\t\t\t\ttext-align: center;\n\t\t\t\t\twidth: 50%;\n\t\t\t\t}\n\t\t\t\t#gallery-2 img {\n\t\t\t\t\tborder: 2px solid #cfcfcf;\n\t\t\t\t}\n\t\t\t\t#gallery-2 .gallery-caption {\n\t\t\t\t\tmargin-left: 0;\n\t\t\t\t}\n\t\t\t\t\/* see gallery_shortcode() in wp-includes\/media.php *\/\n\t\t\t<\/style>\n\t\t<div id='gallery-2' class='dt-gallery-container gallery galleryid-277795 gallery-columns-2 gallery-size-medium'><dl class='gallery-item'>\n\t\t\t\t<dt class='gallery-icon landscape'>\n\t\t\t\t\t<a class=\"rollover rollover-zoom dt-pswp-item\" title=\"aaaaa\" data-dt-img-description=\"\" data-large_image_width=\"512\" data-large_image_height=\"346\"href='https:\/\/www.radiopiu.net\/wordpress\/wp-content\/uploads\/2022\/05\/aaaaa-2.jpg'><img loading=\"lazy\" decoding=\"async\" width=\"300\" height=\"203\" src=\"https:\/\/www.radiopiu.net\/wordpress\/wp-content\/uploads\/2022\/05\/aaaaa-2-300x203.jpg\" class=\"attachment-medium size-medium\" alt=\"\" srcset=\"https:\/\/www.radiopiu.net\/wordpress\/wp-content\/uploads\/2022\/05\/aaaaa-2-300x203.jpg 300w, https:\/\/www.radiopiu.net\/wordpress\/wp-content\/uploads\/2022\/05\/aaaaa-2.jpg 512w\" sizes=\"auto, (max-width: 300px) 100vw, 300px\" \/><\/a>\n\t\t\t\t<\/dt><\/dl><dl class='gallery-item'>\n\t\t\t\t<dt class='gallery-icon portrait'>\n\t\t\t\t\t<a class=\"rollover rollover-zoom dt-pswp-item\" title=\"tee\" data-dt-img-description=\"\" data-large_image_width=\"336\" data-large_image_height=\"341\"href='https:\/\/www.radiopiu.net\/wordpress\/wp-content\/uploads\/2022\/05\/tee.jpg'><img loading=\"lazy\" decoding=\"async\" width=\"296\" height=\"300\" src=\"https:\/\/www.radiopiu.net\/wordpress\/wp-content\/uploads\/2022\/05\/tee-296x300.jpg\" class=\"attachment-medium size-medium\" alt=\"\" srcset=\"https:\/\/www.radiopiu.net\/wordpress\/wp-content\/uploads\/2022\/05\/tee-296x300.jpg 296w, https:\/\/www.radiopiu.net\/wordpress\/wp-content\/uploads\/2022\/05\/tee.jpg 336w\" sizes=\"auto, (max-width: 296px) 100vw, 296px\" \/><\/a>\n\t\t\t\t<\/dt><\/dl><br style=\"clear: both\" \/>\n\t\t\t<\/div>\n\n<p>&nbsp;<\/p>\n<table id=\"dataTablesEvents\" class=\"table table-condensed\">\n<thead>\n<tr>\n<th class=\"text-nowrap\"><a href=\"http:\/\/terremoti.ingv.it\/events?starttime=2022-05-19+00%3A00%3A00&amp;endtime=2022-05-26+23%3A59%3A59&amp;last_nd=7&amp;minmag=-1&amp;maxmag=10&amp;mindepth=-10&amp;maxdepth=1000&amp;minlat=-90&amp;maxlat=90&amp;minlon=-180&amp;maxlon=180&amp;minversion=100&amp;limit=30&amp;orderby=ot-asc&amp;lat=0&amp;lon=0&amp;maxradiuskm=-1&amp;wheretype=area\">Data e Ora\u00a0(<span class=\"visible-sm-inline visible-md-inline visible-lg-inline\">Italia<\/span>)\u00a0<\/a><\/th>\n<th class=\"text-nowrap\"><a href=\"http:\/\/terremoti.ingv.it\/events?starttime=2022-05-19+00%3A00%3A00&amp;endtime=2022-05-26+23%3A59%3A59&amp;last_nd=7&amp;minmag=-1&amp;maxmag=10&amp;mindepth=-10&amp;maxdepth=1000&amp;minlat=-90&amp;maxlat=90&amp;minlon=-180&amp;maxlon=180&amp;minversion=100&amp;limit=30&amp;orderby=mag-asc&amp;lat=0&amp;lon=0&amp;maxradiuskm=-1&amp;wheretype=area\">Mag<span class=\"visible-sm-inline visible-md-inline visible-lg-inline\">nitudo<\/span>\u00a0<\/a><\/th>\n<th class=\"text-nowrap\">Zona<\/th>\n<th class=\"text-nowrap hidden-xs text-right\"><a href=\"http:\/\/terremoti.ingv.it\/events?starttime=2022-05-19+00%3A00%3A00&amp;endtime=2022-05-26+23%3A59%3A59&amp;last_nd=7&amp;minmag=-1&amp;maxmag=10&amp;mindepth=-10&amp;maxdepth=1000&amp;minlat=-90&amp;maxlat=90&amp;minlon=-180&amp;maxlon=180&amp;minversion=100&amp;limit=30&amp;orderby=depth-asc&amp;lat=0&amp;lon=0&amp;maxradiuskm=-1&amp;wheretype=area\">Profondit\u00e0\u00a0<\/a><\/th>\n<th class=\"text-nowrap hidden-xs hidden-sm text-right\">Latitudine<\/th>\n<th class=\"text-nowrap hidden-xs hidden-sm text-right\">Longitudine<\/th>\n<\/tr>\n<\/thead>\n<tbody>\n<tr class=\"\" data-href=\"http:\/\/terremoti.ingv.it\/event\/31243201\">\n<td class=\"text-nowrap \"><a href=\"http:\/\/terremoti.ingv.it\/event\/31243201\">2022-05-26\u00a022:08:37<\/a><\/td>\n<td class=\"text-center \"><a href=\"http:\/\/terremoti.ingv.it\/event\/31243201\">ML\u00a01.8<\/a><\/td>\n<td class=\"\"><a href=\"http:\/\/terremoti.ingv.it\/event\/31243201\">1 km SE Rocca Pietore (BL)<\/a><\/td>\n<td class=\"hidden-xs text-right\"><a href=\"http:\/\/terremoti.ingv.it\/event\/31243201\">11<\/a><\/td>\n<td class=\"hidden-xs hidden-sm text-right\"><a href=\"http:\/\/terremoti.ingv.it\/event\/31243201\">46.43<\/a><\/td>\n<td class=\"hidden-xs hidden-sm text-right\"><a href=\"http:\/\/terremoti.ingv.it\/event\/31243201\">11.99<\/a><\/td>\n<\/tr>\n<\/tbody>\n<\/table>\n<p>&nbsp;<\/p>\n<p>Un terremoto di magnitudo\u00a0<strong>ML 1.8<\/strong>\u00a0\u00e8 avvenuto nella zona:\u00a0<strong>1 km SE Rocca Pietore (BL)<\/strong>, il<\/p>\n<ul>\n<li>26-05-2022 20:08:37 (UTC)\u00a0<abbr class=\"timeago\" title=\"2022-05-26T20:08:37+00:00\">45 minuti, 5 secondi fa<\/abbr><\/li>\n<li><strong>26-05-2022 22:08:37 (UTC +02:00) ora italiana<\/strong><\/li>\n<\/ul>\n<p>con coordinate geografiche (lat, lon)\u00a0<strong>46.4270<\/strong>,\u00a0<strong>11.9890<\/strong>\u00a0ad una profondit\u00e0 di\u00a0<strong>11 km<\/strong>.<\/p>\n<p>Il terremoto \u00e8 stato localizzato da:\u00a0<strong>Sala Sismica INGV-Roma<\/strong>.<\/p>\n<p>&nbsp;<\/p>\n<p>&nbsp;<\/p>\n<hr \/>\n<p>&nbsp;<\/p>\n<blockquote>\n<h3>MERCOLEDI ALLE 11 L&#8217;INAUGURAZIONE DEL NUOVO PARCO, LA SALA ALLO STADIO ANCHE NEL RICORDO DI CLAUDIO FRANCESCHINI<\/h3>\n<\/blockquote>\n<p><strong>ALLEGHE<\/strong><\/p>\n<p><strong>DI GIANNI SANTOMASO<\/strong><\/p>\n<audio class=\"wp-audio-shortcode\" id=\"audio-277795-1\" preload=\"none\" style=\"width: 100%;\" controls=\"controls\"><source type=\"audio\/mpeg\" src=\"https:\/\/www.radiopiu.net\/wordpress\/wp-content\/uploads\/2022\/05\/nuovo-parco-ad-alleghe-gianni.mp3?_=1\" \/><a href=\"https:\/\/www.radiopiu.net\/wordpress\/wp-content\/uploads\/2022\/05\/nuovo-parco-ad-alleghe-gianni.mp3\">https:\/\/www.radiopiu.net\/wordpress\/wp-content\/uploads\/2022\/05\/nuovo-parco-ad-alleghe-gianni.mp3<\/a><\/audio>\n<p>&nbsp;<\/p>\n\n\t\t\t<style type='text\/css'>\n\t\t\t\t#gallery-3 {\n\t\t\t\t\tmargin: auto;\n\t\t\t\t}\n\t\t\t\t#gallery-3 .gallery-item {\n\t\t\t\t\tfloat: left;\n\t\t\t\t\tmargin-top: 10px;\n\t\t\t\t\ttext-align: center;\n\t\t\t\t\twidth: 33%;\n\t\t\t\t}\n\t\t\t\t#gallery-3 img {\n\t\t\t\t\tborder: 2px solid #cfcfcf;\n\t\t\t\t}\n\t\t\t\t#gallery-3 .gallery-caption {\n\t\t\t\t\tmargin-left: 0;\n\t\t\t\t}\n\t\t\t\t\/* see gallery_shortcode() in wp-includes\/media.php *\/\n\t\t\t<\/style>\n\t\t<div id='gallery-3' class='dt-gallery-container gallery galleryid-277795 gallery-columns-3 gallery-size-thumbnail'><dl class='gallery-item'>\n\t\t\t\t<dt class='gallery-icon landscape'>\n\t\t\t\t\t<a class=\"rollover rollover-zoom dt-pswp-item\" title=\"27ba5c9d-0cf1-43f0-942f-ec870f84b22c\" data-dt-img-description=\"\" data-large_image_width=\"1984\" data-large_image_height=\"1488\"href='https:\/\/www.radiopiu.net\/wordpress\/wp-content\/uploads\/2022\/05\/27ba5c9d-0cf1-43f0-942f-ec870f84b22c.jpg'><img loading=\"lazy\" decoding=\"async\" width=\"150\" height=\"150\" src=\"https:\/\/www.radiopiu.net\/wordpress\/wp-content\/uploads\/2022\/05\/27ba5c9d-0cf1-43f0-942f-ec870f84b22c-150x150.jpg\" class=\"attachment-thumbnail size-thumbnail\" alt=\"\" \/><\/a>\n\t\t\t\t<\/dt><\/dl><dl class='gallery-item'>\n\t\t\t\t<dt class='gallery-icon landscape'>\n\t\t\t\t\t<a class=\"rollover rollover-zoom dt-pswp-item\" title=\"29641535-b44e-484d-8fd7-ea79ab7ef1f2\" data-dt-img-description=\"\" data-large_image_width=\"2000\" data-large_image_height=\"1500\"href='https:\/\/www.radiopiu.net\/wordpress\/wp-content\/uploads\/2022\/05\/29641535-b44e-484d-8fd7-ea79ab7ef1f2.jpg'><img loading=\"lazy\" decoding=\"async\" width=\"150\" height=\"150\" src=\"https:\/\/www.radiopiu.net\/wordpress\/wp-content\/uploads\/2022\/05\/29641535-b44e-484d-8fd7-ea79ab7ef1f2-150x150.jpg\" class=\"attachment-thumbnail size-thumbnail\" alt=\"\" \/><\/a>\n\t\t\t\t<\/dt><\/dl><dl class='gallery-item'>\n\t\t\t\t<dt class='gallery-icon landscape'>\n\t\t\t\t\t<a class=\"rollover rollover-zoom dt-pswp-item\" title=\"th\" data-dt-img-description=\"\" data-large_image_width=\"186\" data-large_image_height=\"179\"href='https:\/\/www.radiopiu.net\/wordpress\/wp-content\/uploads\/2022\/05\/th-1.jpg'><img loading=\"lazy\" decoding=\"async\" width=\"150\" height=\"150\" src=\"https:\/\/www.radiopiu.net\/wordpress\/wp-content\/uploads\/2022\/05\/th-1-150x150.jpg\" class=\"attachment-thumbnail size-thumbnail\" alt=\"\" \/><\/a>\n\t\t\t\t<\/dt><\/dl><br style=\"clear: both\" \/>\n\t\t\t<\/div>\n\n<p>&nbsp;<\/p>\n<hr \/>\n<p>&nbsp;<\/p>\n<blockquote>\n<h3>E&#8217; MANCATA ANNA COLETTI, NE DA NOTIZIA L&#8217;ASSOCIAZIONE BELLUNESI NEL MONDO<\/h3>\n<\/blockquote>\n<p><a class=\"dt-pswp-item\" href=\"https:\/\/www.radiopiu.net\/wordpress\/wp-content\/uploads\/2022\/05\/anna_gildo_coletti.jpg\" data-dt-img-description=\"\" data-large_image_width=\"800\" data-large_image_height=\"600\"><img loading=\"lazy\" decoding=\"async\" class=\"wp-image-277913 alignleft\" src=\"https:\/\/www.radiopiu.net\/wordpress\/wp-content\/uploads\/2022\/05\/anna_gildo_coletti.jpg\" alt=\"\" width=\"203\" height=\"152\" srcset=\"https:\/\/www.radiopiu.net\/wordpress\/wp-content\/uploads\/2022\/05\/anna_gildo_coletti.jpg 800w, https:\/\/www.radiopiu.net\/wordpress\/wp-content\/uploads\/2022\/05\/anna_gildo_coletti-300x225.jpg 300w, https:\/\/www.radiopiu.net\/wordpress\/wp-content\/uploads\/2022\/05\/anna_gildo_coletti-768x576.jpg 768w\" sizes=\"auto, (max-width: 203px) 100vw, 203px\" \/><\/a><strong>BELLUNO<\/strong> L\u2019Associazione Bellunesi nel Mondo perde un altro grande punto di riferimento all\u2019estero. All\u2019et\u00e0 di 83 anni \u00e8 venuta a mancare Annamaria Salomon, per tutti Anna Coletti. Viveva assieme alla figlia Liana a New York ed \u00e8 stata per molti anni il braccio destro del marito Gildo nella gestione della Famiglia Bellunese di New York. Nata a Cusighe il 20 giugno del 1938 emigr\u00f2 nel 1966 in Nord America, fermandosi prima in Canada &#8211; per alcuni mesi da una cugina del marito &#8211; e poi a New York. Una persona innamorata della sua Belluno ed entrando a casa sua si respirava aria bellunese. Amava la sua terra e la sua gente ed era orgogliosa delle sue origini, tanto che non si \u00e8 mai voluta fare cittadina americana. Proprio non se la sentiva. Era riconoscente agli Stati Uniti d\u2019America e apprezzava la sua nazione adottiva, ma il cuore era sempre Italiano. <em>\u00abSiamo vicini alla figlia Liana &#8211; le parole di Oscar De Bona, presidente dell\u2019Associazione Bellunesi nel Mondo &#8211; e siamo riconoscenti per quanto Anna e Gildo hanno fatto sia per l\u2019Associazione, ma anche per i singoli bellunesi che hanno trovato ospitalit\u00e0 a casa loro per visitare la Grande Mela\u00bb. S\u00ec, perch\u00e9 le porte di casa Coletti erano sempre aperte per tutti i \u201cbelumat\u201d.<\/em><\/p>\n<p><i>Da sinistra, seduti, Anna e Gildo Coletti con una famiglia bellunese ospite a casa loro in occasione di un viaggio a New York.\u00a0<\/i><\/p>\n<p>&nbsp;<\/p>\n<hr \/>\n<p>&nbsp;<\/p>\n<blockquote>\n<h3><a class=\"dt-pswp-item\" href=\"https:\/\/www.radiopiu.net\/wordpress\/wp-content\/uploads\/2022\/05\/des.jpg\" data-dt-img-description=\"\" data-large_image_width=\"219\" data-large_image_height=\"212\"><img loading=\"lazy\" decoding=\"async\" class=\" wp-image-277956 alignleft\" src=\"https:\/\/www.radiopiu.net\/wordpress\/wp-content\/uploads\/2022\/05\/des-150x150.jpg\" alt=\"\" width=\"116\" height=\"116\" \/><\/a>ADDIO ANDY FLETCHER, TASTIERISTA E FONDATORE DEI DEPECHE MODE<\/h3>\n<\/blockquote>\n<p><strong>REDAZIONE<\/strong> E&#8217; mancato Andy Fletcher, nel 1980 con Vince Clark fond\u00f2 la formazione dei Depeche Mode, considerato il gruppo pi\u00f9 importante e influente della storia della musica elettronica. La rivista britannica li ha definiti la &#8220;band elettronica pi\u00f9 popolare e longeva che il mondo abbia mai conosciuto&#8221;. Andy aveva 60 anni.<\/p>\n<p>&nbsp;<\/p>\n<hr \/>\n<p>&nbsp;<\/p>\n<blockquote>\n<h3>IERI L&#8217;AUTOPSIA SUL CORPO DI LUCA, PER I RISULTATI SARANNO NECESSARI TRE MESI<br \/>\n<a class=\"dt-pswp-item\" href=\"https:\/\/www.radiopiu.net\/wordpress\/wp-content\/uploads\/2022\/05\/luca.jpg\" data-dt-img-description=\"\" data-large_image_width=\"596\" data-large_image_height=\"367\"><img loading=\"lazy\" decoding=\"async\" class=\"size-thumbnail wp-image-277127 alignleft\" src=\"https:\/\/www.radiopiu.net\/wordpress\/wp-content\/uploads\/2022\/05\/luca-150x150.jpg\" alt=\"\" width=\"150\" height=\"150\" \/><\/a><\/h3>\n<\/blockquote>\n<p><strong>BELLUNO<\/strong> \u00c8 stata effettuata\u00a0 l&#8217;autopsia\u00a0 sul corpo di Luca Rudatis, il 37enne\u00a0 ritrovato domenica privo di vita nella sua auto a Pedavena come disposto dalla Procura, con il sostituto procuratore Marta Tollardo. Nell&#8217;autopsia sono stati effettuati i prelievi necessari per gli esami tossicologici ed istologici che daranno una risposta certa. La consulenza verr\u00e0 depositata tra 90 giorni. Ora si attende il nulla osta della procura e la fissazione dei funerali. La tragedia domenica 22 maggio a Pedavena.<\/p>\n<p>&nbsp;<\/p>\n<p>&nbsp;<\/p>\n<hr \/>\n<p>&nbsp;<\/p>\n<blockquote>\n<h3><a class=\"dt-pswp-item\" href=\"https:\/\/www.radiopiu.net\/wordpress\/wp-content\/uploads\/2022\/05\/gso.jpg\" data-dt-img-description=\"\" data-large_image_width=\"259\" data-large_image_height=\"280\"><img loading=\"lazy\" decoding=\"async\" class=\" wp-image-277960 alignleft\" src=\"https:\/\/www.radiopiu.net\/wordpress\/wp-content\/uploads\/2022\/05\/gso-150x150.jpg\" alt=\"\" width=\"89\" height=\"89\" \/><\/a>TISOI, SENZ&#8217;ACQUA DA TRE GIORNI<\/h3>\n<\/blockquote>\n<p><strong>BELLUNO<\/strong> Da tre giorni otto famiglie di Tisoi sono senz&#8217;acqua per un problema di perdite nella rete acquedottistica, che i tecnici di Gsp stanno cercando di individuare. Da ieri \u00e8 stata portata sul posto\u00a0 una cisterna con acqua potabile. I rubinetti sono rimasti completamente a secco marted\u00ec. Sono stati fatti anche dei lavori sull&#8217;acquedotto qui a Tisoi, c&#8217;erano gli avvisi che luned\u00ec sarebbe stata sospesa l&#8217;erogazione dell&#8217;acqua per qualche ora.<\/p>\n<p>&nbsp;<\/p>\n<hr \/>\n<p>&nbsp;<\/p>\n<blockquote>\n<h3>IL GRIDO L&#8217;ALLARME DELL&#8217;ABM SULLA RIFORMA DEL TERZO SETTORE, DE BONA &#8220;SE NON VERRA&#8217; RIVISTA SARA&#8217; UNA CAPORETTO<\/h3>\n<\/blockquote>\n<p><strong><a class=\"dt-pswp-item\" href=\"https:\/\/www.radiopiu.net\/wordpress\/wp-content\/uploads\/2022\/05\/oscar_de_bona_abm.jpg\" data-dt-img-description=\"\" data-large_image_width=\"1600\" data-large_image_height=\"1195\"><img loading=\"lazy\" decoding=\"async\" class=\" wp-image-277922 alignleft\" src=\"https:\/\/www.radiopiu.net\/wordpress\/wp-content\/uploads\/2022\/05\/oscar_de_bona_abm-150x150.jpg\" alt=\"\" width=\"127\" height=\"127\" \/><\/a>BELLUNO<\/strong> L\u2019Associazione Bellunesi nel Mondo lancia un grido dall\u2019allarme in merito alla riforma del Terzo settore. Una riforma che appesantisce ulteriormente le incombenze burocratiche per chi opera nel mondo del volontariato. <em>\u00abSono davvero preoccupato per il futuro del nostro associazionismo &#8211; le parole del presidente Oscar De Bona &#8211; se non verr\u00e0 rivista la legge 117 del 2017 riferita al Terzo settore ci sar\u00e0 una vera \u201cCaporetto\u201d nel mondo del volontariato\u00bb<\/em>. Sono parole forti quelle del presidente De Bona, che rispecchiano per\u00f2 la verit\u00e0.<em> \u00abBasti pensare alle molteplici richieste per l\u2019iscrizione al Registro Unico Nazionale del Terzo Settore, il RUNTS; la compilazione del bilancio preventivo o consuntivo come se fossimo una multinazionale con l\u2019obbligo di preparare una relazione che necessita una laurea in economia e commercio. Invece che venire incontro al mondo del volontariato, con questa legge vi \u00e8 il rischio che il volontariato getti la spugna. Come Associazione Bellunesi nel Mondo interesseremo chi di dovere a livello politico, affinch\u00e9 ci possa essere un\u2019azione diretta di miglioramento di questa legge. <\/em><em>Sia chiaro &#8211; conclude De Bona &#8211; era necessaria una legge che regolasse anche il variegato mondo del volontario, ma doveva essere una legge snella e di certo come associazioni dovevamo essere maggiormente coinvolti\u00bb.<\/em><\/p>\n<p>&nbsp;<\/p>\n<hr \/>\n<p>&nbsp;<\/p>\n<blockquote>\n<h3>IL PRESIDENTE MATTARELLA NOMINA RENE&#8217; DE SILVESTRO &#8220;UFFICIALE&#8221;<\/h3>\n<\/blockquote>\n<p><strong>CORTINA<\/strong> Sorpresa inaspettata per l&#8217;atleta paralimpico di San Vito,\u00a0 ha\u00a0 ricevuto via posta una pergamena direttamente dal Quirinale. Il presidente della Repubblica, Sergio Mattarella, ed il presidente del Consiglio, Mario Draghi, lo hanno infatti insignito, ancora lo scorso 31 marzo, del titolo di &#8220;Ufficiale&#8221;. \u00abQuando ho ritirato la posta e mi sono ritrovato in mano questa spedizione dal Quirinale\u00bb, spiega ancora incredulo Ren\u00e9 al Corriere delle Alpi, \u00abnon sapevo bene a cosa pensare; \u00e8 stata poi una bellissima sorpresa trovare all&#8217;interno la pergamena con cui sono stato nominato &#8220;Ufficiale della Repubblica&#8221;. Sicuramente non mi aspettavo una cosa del genere, nessuno mi aveva avvisato di nulla\u00bb. Una scelta legata alla doppia medaglia conquistata ad inizio anno nello sci alpino alle Paralimpiadi di Pechino.<\/p>\n\n\t\t\t<style type='text\/css'>\n\t\t\t\t#gallery-4 {\n\t\t\t\t\tmargin: auto;\n\t\t\t\t}\n\t\t\t\t#gallery-4 .gallery-item {\n\t\t\t\t\tfloat: left;\n\t\t\t\t\tmargin-top: 10px;\n\t\t\t\t\ttext-align: center;\n\t\t\t\t\twidth: 50%;\n\t\t\t\t}\n\t\t\t\t#gallery-4 img {\n\t\t\t\t\tborder: 2px solid #cfcfcf;\n\t\t\t\t}\n\t\t\t\t#gallery-4 .gallery-caption {\n\t\t\t\t\tmargin-left: 0;\n\t\t\t\t}\n\t\t\t\t\/* see gallery_shortcode() in wp-includes\/media.php *\/\n\t\t\t<\/style>\n\t\t<div id='gallery-4' class='dt-gallery-container gallery galleryid-277795 gallery-columns-2 gallery-size-medium'><dl class='gallery-item'>\n\t\t\t\t<dt class='gallery-icon landscape'>\n\t\t\t\t\t<a class=\"rollover rollover-zoom dt-pswp-item\" title=\"rene de silvestro\" data-dt-img-description=\"\" data-large_image_width=\"1440\" data-large_image_height=\"959\"href='https:\/\/www.radiopiu.net\/wordpress\/wp-content\/uploads\/2022\/03\/rene-de-silvestro.jpg'><img loading=\"lazy\" decoding=\"async\" width=\"300\" height=\"200\" src=\"https:\/\/www.radiopiu.net\/wordpress\/wp-content\/uploads\/2022\/03\/rene-de-silvestro-300x200.jpg\" class=\"attachment-medium size-medium\" alt=\"\" srcset=\"https:\/\/www.radiopiu.net\/wordpress\/wp-content\/uploads\/2022\/03\/rene-de-silvestro-300x200.jpg 300w, https:\/\/www.radiopiu.net\/wordpress\/wp-content\/uploads\/2022\/03\/rene-de-silvestro-1024x682.jpg 1024w, https:\/\/www.radiopiu.net\/wordpress\/wp-content\/uploads\/2022\/03\/rene-de-silvestro-768x511.jpg 768w, https:\/\/www.radiopiu.net\/wordpress\/wp-content\/uploads\/2022\/03\/rene-de-silvestro.jpg 1440w\" sizes=\"auto, (max-width: 300px) 100vw, 300px\" \/><\/a>\n\t\t\t\t<\/dt><\/dl><dl class='gallery-item'>\n\t\t\t\t<dt class='gallery-icon portrait'>\n\t\t\t\t\t<a class=\"rollover rollover-zoom dt-pswp-item\" title=\"sss\" data-dt-img-description=\"\" data-large_image_width=\"561\" data-large_image_height=\"762\"href='https:\/\/www.radiopiu.net\/wordpress\/wp-content\/uploads\/2022\/05\/sss-9.jpg'><img loading=\"lazy\" decoding=\"async\" width=\"221\" height=\"300\" src=\"https:\/\/www.radiopiu.net\/wordpress\/wp-content\/uploads\/2022\/05\/sss-9-221x300.jpg\" class=\"attachment-medium size-medium\" alt=\"\" srcset=\"https:\/\/www.radiopiu.net\/wordpress\/wp-content\/uploads\/2022\/05\/sss-9-221x300.jpg 221w, https:\/\/www.radiopiu.net\/wordpress\/wp-content\/uploads\/2022\/05\/sss-9.jpg 561w\" sizes=\"auto, (max-width: 221px) 100vw, 221px\" \/><\/a>\n\t\t\t\t<\/dt><\/dl><br style=\"clear: both\" \/>\n\t\t\t<\/div>\n\n<p>&nbsp;<\/p>\n<hr \/>\n<p>&nbsp;<\/p>\n<blockquote>\n<h3>REDDITO DI CITTADINANZA, UN ALTRO CASO IN TRIBUNALE<\/h3>\n<\/blockquote>\n<p><strong>OGGI SUL CORRIERE DELLE ALPI<\/strong><\/p>\n<p><strong>di\u00a0 GIGI SOSSO\u00a0<\/strong><\/p>\n<p><strong><img loading=\"lazy\" decoding=\"async\" class=\"alignleft\" src=\"https:\/\/www.radiopiu.net\/wordpress\/wp-content\/uploads\/2021\/09\/tribunale-belluno.jpg\" width=\"165\" height=\"110\" \/>BELLUNO<\/strong> Il reddito di cittadinanza non gli spettava. Un cadorino ha presentato la regolare domanda,\u00a0 ma durante gli accertamenti sarebbe emerso che non aveva i requisiti necessari per ottenere la card con cui fare tutti i prelievi necessari. La Guardia di finanza ha trovato una certa assicurazione, che precluderebbe la percezione del reddito e l&#8217;uomo ha dovuto rivolgersi all&#8217;avvocato di fiducia Laura Levorato. Ieri mattina \u00e8 comparso davanti al giudice per le udienze preliminari Enrica Marson e al pubblico ministero Roberta Gallego, per chiedere e ottenere il rito abbreviato.\u00a0 Solo l&#8217;altro giorno era stato rinviato a giudizio un feltrino, che dopo averlo ottenuto pretendeva anche l&#8217;avvocato a a spese dello Stato e, quindi, del contribuente. Nel 2021, Guardia di finanza e Inps hanno mandato in tribunale ben 35 bellunesi.<\/p>\n<p>&nbsp;<\/p>\n<hr \/>\n<p>&nbsp;<\/p>\n<blockquote>\n<h3>L&#8217;ORDINANZA DI VENETO STRADE IN OCCASIONE DEL GIRO D&#8217;ITALIA<\/h3>\n<\/blockquote>\n<p><strong><a class=\"dt-pswp-item\" href=\"https:\/\/www.radiopiu.net\/wordpress\/wp-content\/uploads\/2020\/05\/VENETO-STRADE.png\" data-dt-img-description=\"\" data-large_image_width=\"400\" data-large_image_height=\"400\"><img loading=\"lazy\" decoding=\"async\" class=\"size-thumbnail wp-image-135574 alignleft\" src=\"https:\/\/www.radiopiu.net\/wordpress\/wp-content\/uploads\/2020\/05\/VENETO-STRADE-150x150.png\" alt=\"\" width=\"150\" height=\"150\" srcset=\"https:\/\/www.radiopiu.net\/wordpress\/wp-content\/uploads\/2020\/05\/VENETO-STRADE-150x150.png 150w, https:\/\/www.radiopiu.net\/wordpress\/wp-content\/uploads\/2020\/05\/VENETO-STRADE-300x300.png 300w, https:\/\/www.radiopiu.net\/wordpress\/wp-content\/uploads\/2020\/05\/VENETO-STRADE.png 400w\" sizes=\"auto, (max-width: 150px) 100vw, 150px\" \/><\/a>SEDICO<\/strong> In occasione della tappa Belluno &#8211; Marmolada del Giro D&#8217;Italia, Veneto Strade ha emanato un&#8217;ordinanza per le strade di sua competenza, SR 48 delle Dolomiti, SP 346 del Passo San Pellegrino, SP 641 del Passo Fedaia. Dalle 8 di oggi viene istituito il divieto di sosta con rimozione forzata in entrambi i sensi di marcia lungo la SP 641 del Passo Fedaia, da localit\u00e0 Passo Fedaia a Rocca Pietore. Dalle 14 di oggi viene istituito il divieto di sosta con rimozione forzata in entrambi i sensi di marcia sulla SR 48 48 delle Dolomiti da Passo Pordoi ad Arabba, stessa ordinanza anche per la SP 346 del Passo San Pellegrino dal bivio per il Passo Valles alla localit\u00e0 Zingari<\/p>\n<p>&nbsp;<\/p>\n<p>&nbsp;<\/p>\n<hr \/>\n<p>&nbsp;<\/p>\n<blockquote>\n<h3>GIRO D&#8217;ITALIA, DISPOSIZIONI DOLOMITIBUS<\/h3>\n<\/blockquote>\n<p><strong>BELLUNO<\/strong> Domani l\u2019impegnativa tappa Belluno &#8211; Marmolada (Passo Fedaia) comporter\u00e0 modifiche al servizio urbano di Belluno che sar\u00e0 GRATUITO per facilitare la mobilit\u00e0. La corsa comporter\u00e0 inoltre modifiche alle linee extraurbane del Bellunese (11, 12, 13, 17, 20, 21 e 38) e, in maniera pi\u00f9 significativa, alle linee extraurbane dell\u2019Agordino (n. 1, 2, 3, 4, 6, 7 e 8). Tutte le informazioni dettagliate sulle modifiche di ogni localit\u00e0 e di ogni giornata sono consultabili negli\u00a0 avvisi Dolomitibus<\/p>\n<p>&nbsp;<\/p>\n<p>&nbsp;<\/p>\n<hr \/>\n<p>&nbsp;<\/p>\n<blockquote>\n<h3>DA OGGI PASSI CHIUSI, DOMANI FUNZIONERA&#8217; IL SERVIZIO NAVETTA<\/h3>\n<\/blockquote>\n<p><strong><a class=\"dt-pswp-item\" href=\"https:\/\/www.radiopiu.net\/wordpress\/wp-content\/uploads\/2022\/05\/Schermata-2022-05-24-alle-09.24.40.png\" data-dt-img-description=\"\" data-large_image_width=\"1440\" data-large_image_height=\"1154\"><img loading=\"lazy\" decoding=\"async\" class=\"size-thumbnail wp-image-277358 alignleft\" src=\"https:\/\/www.radiopiu.net\/wordpress\/wp-content\/uploads\/2022\/05\/Schermata-2022-05-24-alle-09.24.40-150x150.png\" alt=\"\" width=\"150\" height=\"150\" \/><\/a>REDAZIONE<\/strong> Il tappone dolomitico \u00e8 il pi\u00f9 atteso della corsa rosa. Da Piazza dei Martiri (sabato alle 12.25) alla Marmolada passando per Sedico (12.40), Sospirolo (13.06) Agordo (13.41) Cencenighe (13.54) Passo San Pellegrino (14.44). I ciclisti torneranno in provincia di Belluno dal Pordoi (15.54) verso Arabba (16.05) Caprile (16.31) e arrivo a Malga Ciapela previsto poco prima delle 17. Questi gli orari indicativi prevedendo una media di 35 chilometri orari. Le strade interessate: Statale 50, Provinciale 12, Regionale 203 agordina, provinciale 346 del San Pellegrino, statale 48 delle Dolomiti, provinciale 641 di Passo Fedaia, saranno totalmente interdette &#8211;\u00a0 ad esclusione dei veicoli di servizio alla manifestazione, di pronto soccorso e di pubblica sicurezza &#8211;\u00a0 due ore\u00a0 e mezza prima del passaggio dei ciclisti e riapriranno una volta transitata l&#8217;intera carovana. Saranno chiuse al transito veicolare anche le strade che si immettono sulla viabilit\u00e0 interessata, in corrispondenza degli incroci. La chiusura sar\u00e0 garantita con transenne e regolata da movieri.<\/p>\n<article class=\"entry entry_detail\">\n<div id=\"article-body\" class=\"entry_content\">\n<p>Passi San Pellegrino e Pordoi chiusi ai mezzi a motore dalle 14 di venerd\u00ec 27 maggio passo Fedaia\u00a0 dalle 8\u00a0 di venerdi. Negli stessi orari sar\u00e0 vietata anche la sosta in entrambi i lati della carreggiata: prevista la rimozione forzata dei mezzi. <strong>Tutte le altre strade interessate dal Giro saranno chiuse al transito due ore e mezza prima del passaggio dei ciclisti.<\/strong> L&#8217;ultima curva prima dell\u2019arrivo sar\u00e0\u00a0 zona vietata al pubblico. Sabato servizio navetta da Caprile a Sottoguda dalle 5 del mattino, biglietto 5 euro; \u00a0dalle 6 alle 12 fino al Passo Fedaia (altri 5 euro), il biglietto potr\u00e0 essere fatto a bordo del mezzo. Gli istituti superiori di Belluno manterranno l\u2019orario scolastico normale; lungo il percorso alcune scuole hanno optato per la didattica a distanza per la giornata di sabato, mentre qualche altra far\u00e0 uscire i ragazzi da un\u2019altra uscita secondaria che non dia proprio sulla strada in cui \u00e8 previsto il percorso dei ciclisti. Per quando riguarda lo stabilimento di Luxottica, l\u2019azienda sta riorganizzando i turni per evitare entrate o uscite di lavoratori in concomitanza del passaggio della corsa.<\/p>\n<\/div>\n<\/article>\n\n\t\t\t<style type='text\/css'>\n\t\t\t\t#gallery-5 {\n\t\t\t\t\tmargin: auto;\n\t\t\t\t}\n\t\t\t\t#gallery-5 .gallery-item {\n\t\t\t\t\tfloat: left;\n\t\t\t\t\tmargin-top: 10px;\n\t\t\t\t\ttext-align: center;\n\t\t\t\t\twidth: 50%;\n\t\t\t\t}\n\t\t\t\t#gallery-5 img {\n\t\t\t\t\tborder: 2px solid #cfcfcf;\n\t\t\t\t}\n\t\t\t\t#gallery-5 .gallery-caption {\n\t\t\t\t\tmargin-left: 0;\n\t\t\t\t}\n\t\t\t\t\/* see gallery_shortcode() in wp-includes\/media.php *\/\n\t\t\t<\/style>\n\t\t<div id='gallery-5' class='dt-gallery-container gallery galleryid-277795 gallery-columns-2 gallery-size-thumbnail'><dl class='gallery-item'>\n\t\t\t\t<dt class='gallery-icon landscape'>\n\t\t\t\t\t<a class=\"rollover rollover-zoom dt-pswp-item\" title=\"T20_Fedaia_alt\" data-dt-img-description=\"\" data-large_image_width=\"1280\" data-large_image_height=\"852\"href='https:\/\/www.radiopiu.net\/wordpress\/wp-content\/uploads\/2022\/05\/eXEQkcEZRH3xKCLKhFiY_260422-095012-1.jpg'><img loading=\"lazy\" decoding=\"async\" width=\"150\" height=\"150\" src=\"https:\/\/www.radiopiu.net\/wordpress\/wp-content\/uploads\/2022\/05\/eXEQkcEZRH3xKCLKhFiY_260422-095012-1-150x150.jpg\" class=\"attachment-thumbnail size-thumbnail\" alt=\"\" \/><\/a>\n\t\t\t\t<\/dt><\/dl><dl class='gallery-item'>\n\t\t\t\t<dt class='gallery-icon landscape'>\n\t\t\t\t\t<a class=\"rollover rollover-zoom dt-pswp-item\" title=\"aaaa\" data-dt-img-description=\"\" data-large_image_width=\"875\" data-large_image_height=\"711\"href='https:\/\/www.radiopiu.net\/wordpress\/wp-content\/uploads\/2022\/05\/aaaa-5.jpg'><img loading=\"lazy\" decoding=\"async\" width=\"150\" height=\"150\" src=\"https:\/\/www.radiopiu.net\/wordpress\/wp-content\/uploads\/2022\/05\/aaaa-5-150x150.jpg\" class=\"attachment-thumbnail size-thumbnail\" alt=\"\" \/><\/a>\n\t\t\t\t<\/dt><\/dl><br style=\"clear: both\" \/>\n\t\t\t<\/div>\n\n<p>&nbsp;<\/p>\n<hr \/>\n<p>&nbsp;<\/p>\n<blockquote>\n<h3 class=\"entry-title\">LA NAVETTA PER LA TAPPA DEL GIRO E IL CONCERTO A SOTTOGUDA<\/h3>\n<\/blockquote>\n<p><strong class=\"photoswipe-wrapper\"><a class=\"dt-pswp-item pspw-wrap-ready\" href=\"https:\/\/www.radiopiu.net\/wordpress\/wp-content\/uploads\/2022\/05\/Schermata-2022-05-24-alle-11.14.43.png\" data-dt-img-description=\"\" data-large_image_width=\"870\" data-large_image_height=\"470\"><img loading=\"lazy\" decoding=\"async\" class=\"alignleft wp-image-277399 \" src=\"https:\/\/www.radiopiu.net\/wordpress\/wp-content\/uploads\/2022\/05\/Schermata-2022-05-24-alle-11.14.43-300x162.png\" sizes=\"auto, (max-width: 183px) 100vw, 183px\" srcset=\"https:\/\/www.radiopiu.net\/wordpress\/wp-content\/uploads\/2022\/05\/Schermata-2022-05-24-alle-11.14.43-300x162.png 300w, https:\/\/www.radiopiu.net\/wordpress\/wp-content\/uploads\/2022\/05\/Schermata-2022-05-24-alle-11.14.43-768x415.png 768w, https:\/\/www.radiopiu.net\/wordpress\/wp-content\/uploads\/2022\/05\/Schermata-2022-05-24-alle-11.14.43.png 870w\" alt=\"\" width=\"183\" height=\"99\" \/><\/a>REDAZIONE<\/strong> In occasione del tappone dolomitico Belluno \u2013 Marmolada, \u00e8 stato organizzato un bus navetta per portare gli appassionati a Capanna Bill. La navetta partir\u00e0 da Caprile nei pressi dell\u2019hotel Monte Civetta dalle ore 05.00 alle ore 12.00 tratta fino a Capanna Bill con fermate a Sottoguda\/Malga Ciapela presso fermate dell\u2019autobus sulla strada dalle ore 06.00 alle ore 12.00 tratta fino al Passo Fedaia. Ritorno da Capanna Bill o Malga Ciapela a seconda dei flussi. Viste le numerose presenze previste si chiede la collaborazione di tutti affinch\u00e9 si possa svolgere il servizio del migliore dei modi. Costo \u20ac 5 a tratta il biglietto sar\u00e0 fatto a bordo.<\/p>\n<p><strong>ROCCA<\/strong>\u00a0<strong>PIETORE<\/strong> In occasione del passaggio del Giro D\u2019Italia, nella piazzetta di Sottoguda viene organizzato un concerto con il Complesso degli archi del Friuli e del Veneto con primo violino Guido Freschi. L\u2019appuntamento \u00e8 per stasera alle 20:30 con offerta libera.<\/p>\n<p>&nbsp;<\/p>\n<p>&nbsp;<\/p>\n<hr \/>\n<p>&nbsp;<\/p>\n<blockquote>\n<h3>Arriva il Giro: ecco il benvenuto dell&#8217;Ulss Dolomiti, l&#8217;organizzazione SUEM e la riorganizzaizone dei punti tampone<\/h3>\n<\/blockquote>\n<p>&nbsp;<\/p>\n<p><iframe loading=\"lazy\" title=\"Aspettando il Giro d&#039;Italia\" width=\"1200\" height=\"675\" src=\"https:\/\/www.youtube.com\/embed\/5uZxkBpqLyQ?feature=oembed\" frameborder=\"0\" allow=\"accelerometer; autoplay; clipboard-write; encrypted-media; gyroscope; picture-in-picture\" allowfullscreen><\/iframe><\/p>\n<p>&nbsp;<\/p>\n<p>&nbsp;<\/p>\n<hr \/>\n<p>&nbsp;<\/p>\n<blockquote>\n<h3>LA 20^ TAPPA DEL GIRO D\u2019ITALIA DEDICATA AL DISTRETTO DELL\u2019OCCHIALERIA<\/h3>\n<\/blockquote>\n<p><strong><a class=\"dt-pswp-item\" href=\"https:\/\/www.radiopiu.net\/wordpress\/wp-content\/uploads\/2020\/04\/OCCHIALI.jpg\" data-dt-img-description=\"\" data-large_image_width=\"1920\" data-large_image_height=\"1280\"><img loading=\"lazy\" decoding=\"async\" class=\"size-thumbnail wp-image-134150 alignleft\" src=\"https:\/\/www.radiopiu.net\/wordpress\/wp-content\/uploads\/2020\/04\/OCCHIALI-150x150.jpg\" alt=\"\" width=\"150\" height=\"150\" \/><\/a>BELLUNO <\/strong>In occasione della partenza della 20^ tappa del Giro d\u2019Italia, che sabato 28 maggio porter\u00e0 gli atleti da Belluno alla Marmolada, ANFAO \u2013 Associazione Nazionale Fabbricanti Articoli Ottici e Confindustria Belluno Dolomiti organizzano con l\u2019Agenzia ICE \u2013 Agenzia per la promozione all\u2019estero e l\u2019internazionalizzazione delle imprese italiane, un incontro con le aziende dell\u2019occhialeria venete dedicato alla promozione e valorizzazione del settore.<\/p>\n<p>&nbsp;<\/p>\n<p>&nbsp;<\/p>\n<p>&nbsp;<\/p>\n<p>&nbsp;<\/p>\n<hr \/>\n<p>&nbsp;<\/p>\n<blockquote>\n<h3>RC AUTO: A BELLUNO I PREMI PIU&#8217; BASSI DEL VENETO<\/h3>\n<\/blockquote>\n<p><a class=\"dt-pswp-item\" href=\"https:\/\/www.radiopiu.net\/wordpress\/wp-content\/uploads\/2022\/05\/Rc-auto_cSpectrumblue_lr.jpg\" data-dt-img-description=\"A general metaphor for car finance, sale ,debt and costs.\" data-large_image_width=\"679\" data-large_image_height=\"453\"><img loading=\"lazy\" decoding=\"async\" class=\"wp-image-277854 size-thumbnail alignleft\" src=\"https:\/\/www.radiopiu.net\/wordpress\/wp-content\/uploads\/2022\/05\/Rc-auto_cSpectrumblue_lr-150x150.jpg\" alt=\"\" width=\"150\" height=\"150\" \/><\/a><strong>MILANO <\/strong>Se \u00e8 vero che i prezzi sono ancora lontani dal periodo pre-Covid, secondo l\u2019Osservatorio di Facile.it\u00a0da gennaio ad aprile 2022 il premio medio RC auto in Veneto \u00e8 aumentato del 3,2% arrivando a 353,61 euro. La regione, oltre ad aver registrato un incremento leggermente pi\u00f9 basso rispetto a quanto rilevato a livello nazionale (+3,7%), risulta essere anche una delle zone della Penisola, dove, lo scorso mese, sottoscrivere la polizza Rc Auto costava di meno, posizionandosi dopo il Friuli-Venezia Giulia, il Trentino-Alto Adige e la Lombardia. Il dato emerge dall\u2019analisi di un campione di oltre 700.000 preventivi e relative quotazioni effettuati in Veneto e raccolti da Facile.it. A guidare la classifica degli incrementi pi\u00f9 consistenti \u00e8 la provincia di Belluno, area dove i valori medi sono saliti del 6,4% rispetto a gennaio 2022, raggiungendo i 317,42 euro, seguita da Verona (+5,1%, 354,35 euro). Continuando a scorrere la graduatoria veneta si trovano, a pari merito, Treviso e Venezia, aree che lo scorso mese hanno registrato entrambe un aumento del premio medio del 3,9%, salito, rispettivamente, a 356,82 euro e 371,88 euro. Chiudono la classifica Padova (+2,8%, 351,93 euro) e Vicenza (+1,8%, 339,55 euro). In valori assoluti, ad aprile 2022, Venezia si \u00e8 confermata la provincia pi\u00f9 costosa della regione, Belluno la pi\u00f9 economica.<\/p>\n<p><a class=\"dt-pswp-item\" href=\"https:\/\/www.radiopiu.net\/wordpress\/wp-content\/uploads\/2022\/05\/Schermata-2022-05-26-alle-10.52.13.png\" data-dt-img-description=\"\" data-large_image_width=\"944\" data-large_image_height=\"560\"><img loading=\"lazy\" decoding=\"async\" class=\"aligncenter wp-image-277855 size-full\" src=\"https:\/\/www.radiopiu.net\/wordpress\/wp-content\/uploads\/2022\/05\/Schermata-2022-05-26-alle-10.52.13.png\" alt=\"\" width=\"944\" height=\"560\" srcset=\"https:\/\/www.radiopiu.net\/wordpress\/wp-content\/uploads\/2022\/05\/Schermata-2022-05-26-alle-10.52.13.png 944w, https:\/\/www.radiopiu.net\/wordpress\/wp-content\/uploads\/2022\/05\/Schermata-2022-05-26-alle-10.52.13-300x178.png 300w, https:\/\/www.radiopiu.net\/wordpress\/wp-content\/uploads\/2022\/05\/Schermata-2022-05-26-alle-10.52.13-768x456.png 768w\" sizes=\"auto, (max-width: 944px) 100vw, 944px\" \/><\/a><\/p>\n<p>&nbsp;<\/p>\n<p>&nbsp;<\/p>\n<hr \/>\n<p>&nbsp;<\/p>\n<blockquote>\n<h3>IN ASSENZA DI OPERAI IL SINDACO CHIEDE AIUTO AI CITTADINI<strong>\u00a0<\/strong><\/h3>\n<\/blockquote>\n<p><strong>CALALZO<\/strong>\u00a0 Domani sfalci a Calalzo e il sindaco Luca De Carlo chiama a raccolta i cittadini visto che pu\u00f2 contare su un solo operaio. Il Comune gi\u00e0 si \u00e8 attivato per la nuova assunzione ma\u00a0 i tempi tecnici non\u00a0 permettono di chiudere entro l&#8217;estate. L&#8217;appuntamento alle 7.30\u00a0 in Piazza IV Novembre, le squadre interverranno in tutto il territorio comunale per lo sfalcio dell&#8217;erba e per la pulizia dei rami. Al termine dei lavori, a tutti i volontari verr\u00e0 offerta la pastasciutta.<\/p>\n<p>&nbsp;<\/p>\n<hr \/>\n<p>&nbsp;<\/p>\n<blockquote>\n<h3>I RAGAZZI DEL MUSLA A STRASBURGO, PARLANDO LADINO<\/h3>\n<\/blockquote>\n<p><img loading=\"lazy\" decoding=\"async\" class=\"alignleft\" src=\"https:\/\/www.radiopiu.net\/wordpress\/wp-content\/uploads\/2021\/04\/MUSLA.jpg\" width=\"256\" height=\"144\" \/><strong>AGORDO<\/strong><\/p>\n<p><strong>DI GIANNI SANTOMASO<\/strong><\/p>\n<p><strong>AUDIO<\/strong><\/p>\n<audio class=\"wp-audio-shortcode\" id=\"audio-277795-2\" preload=\"none\" style=\"width: 100%;\" controls=\"controls\"><source type=\"audio\/mpeg\" src=\"https:\/\/www.radiopiu.net\/wordpress\/wp-content\/uploads\/2022\/05\/GIANNI-MUSLA.mp3?_=2\" \/><a href=\"https:\/\/www.radiopiu.net\/wordpress\/wp-content\/uploads\/2022\/05\/GIANNI-MUSLA.mp3\">https:\/\/www.radiopiu.net\/wordpress\/wp-content\/uploads\/2022\/05\/GIANNI-MUSLA.mp3<\/a><\/audio>\n<p>&nbsp;<\/p>\n<blockquote>\n<h3>LA PAROLA AI NOSTRI GIOVANI<\/h3>\n<\/blockquote>\n\n\t\t\t<style type='text\/css'>\n\t\t\t\t#gallery-6 {\n\t\t\t\t\tmargin: auto;\n\t\t\t\t}\n\t\t\t\t#gallery-6 .gallery-item {\n\t\t\t\t\tfloat: left;\n\t\t\t\t\tmargin-top: 10px;\n\t\t\t\t\ttext-align: center;\n\t\t\t\t\twidth: 50%;\n\t\t\t\t}\n\t\t\t\t#gallery-6 img {\n\t\t\t\t\tborder: 2px solid #cfcfcf;\n\t\t\t\t}\n\t\t\t\t#gallery-6 .gallery-caption {\n\t\t\t\t\tmargin-left: 0;\n\t\t\t\t}\n\t\t\t\t\/* see gallery_shortcode() in wp-includes\/media.php *\/\n\t\t\t<\/style>\n\t\t<div id='gallery-6' class='dt-gallery-container gallery galleryid-277795 gallery-columns-2 gallery-size-thumbnail'><dl class='gallery-item'>\n\t\t\t\t<dt class='gallery-icon portrait'>\n\t\t\t\t\t<a class=\"rollover rollover-zoom dt-pswp-item\" title=\"beatrice\" data-dt-img-description=\"\" data-large_image_width=\"1536\" data-large_image_height=\"2048\"href='https:\/\/www.radiopiu.net\/wordpress\/wp-content\/uploads\/2022\/05\/97b96daf-78d6-402b-b256-f6c69e72feea.jpg'><img loading=\"lazy\" decoding=\"async\" width=\"150\" height=\"150\" src=\"https:\/\/www.radiopiu.net\/wordpress\/wp-content\/uploads\/2022\/05\/97b96daf-78d6-402b-b256-f6c69e72feea-150x150.jpg\" class=\"attachment-thumbnail size-thumbnail\" alt=\"\" \/><\/a>\n\t\t\t\t<\/dt><\/dl><dl class='gallery-item'>\n\t\t\t\t<dt class='gallery-icon landscape'>\n\t\t\t\t\t<a class=\"rollover rollover-zoom dt-pswp-item\" title=\"156683346_1345141215842103_3262782097349543228_n\" data-dt-img-description=\"\" data-large_image_width=\"640\" data-large_image_height=\"640\"href='https:\/\/www.radiopiu.net\/wordpress\/wp-content\/uploads\/2022\/05\/156683346_1345141215842103_3262782097349543228_n.jpg'><img loading=\"lazy\" decoding=\"async\" width=\"150\" height=\"150\" src=\"https:\/\/www.radiopiu.net\/wordpress\/wp-content\/uploads\/2022\/05\/156683346_1345141215842103_3262782097349543228_n-150x150.jpg\" class=\"attachment-thumbnail size-thumbnail\" alt=\"\" srcset=\"https:\/\/www.radiopiu.net\/wordpress\/wp-content\/uploads\/2022\/05\/156683346_1345141215842103_3262782097349543228_n-150x150.jpg 150w, https:\/\/www.radiopiu.net\/wordpress\/wp-content\/uploads\/2022\/05\/156683346_1345141215842103_3262782097349543228_n-300x300.jpg 300w, https:\/\/www.radiopiu.net\/wordpress\/wp-content\/uploads\/2022\/05\/156683346_1345141215842103_3262782097349543228_n.jpg 640w\" sizes=\"auto, (max-width: 150px) 100vw, 150px\" \/><\/a>\n\t\t\t\t<\/dt><\/dl><br style=\"clear: both\" \/>\n\t\t\t<\/div>\n\n<p><strong>BEATRICE COLCUC<\/strong><\/p>\n<audio class=\"wp-audio-shortcode\" id=\"audio-277795-3\" preload=\"none\" style=\"width: 100%;\" controls=\"controls\"><source type=\"audio\/mpeg\" src=\"https:\/\/www.radiopiu.net\/wordpress\/wp-content\/uploads\/2022\/05\/beaa-strasburgo.mp3?_=3\" \/><a href=\"https:\/\/www.radiopiu.net\/wordpress\/wp-content\/uploads\/2022\/05\/beaa-strasburgo.mp3\">https:\/\/www.radiopiu.net\/wordpress\/wp-content\/uploads\/2022\/05\/beaa-strasburgo.mp3<\/a><\/audio>\n<p>&nbsp;<\/p>\n<p><strong>DAVIDE CONEDERA<\/strong><\/p>\n<audio class=\"wp-audio-shortcode\" id=\"audio-277795-4\" preload=\"none\" style=\"width: 100%;\" controls=\"controls\"><source type=\"audio\/mpeg\" src=\"https:\/\/www.radiopiu.net\/wordpress\/wp-content\/uploads\/2022\/05\/davide-strasburgo.mp3?_=4\" \/><a href=\"https:\/\/www.radiopiu.net\/wordpress\/wp-content\/uploads\/2022\/05\/davide-strasburgo.mp3\">https:\/\/www.radiopiu.net\/wordpress\/wp-content\/uploads\/2022\/05\/davide-strasburgo.mp3<\/a><\/audio>\n<p>&nbsp;<\/p>\n<p>&nbsp;<\/p>\n<hr \/>\n<p>&nbsp;<\/p>\n<blockquote class=\"wp-embedded-content\" data-secret=\"dwuNM9coIO\"><p><a href=\"https:\/\/www.radiopiu.net\/wordpress\/aggnazionalemaggio26\/\">CORONAVIRUS: AGGIORNAMENTO NAZIONALE 26 MAGGIO 2022<\/a><\/p><\/blockquote>\n<p><iframe loading=\"lazy\" class=\"wp-embedded-content\" sandbox=\"allow-scripts\" security=\"restricted\" style=\"position: absolute; clip: rect(1px, 1px, 1px, 1px);\" title=\"&#8220;CORONAVIRUS: AGGIORNAMENTO NAZIONALE 26 MAGGIO 2022&#8221; &#8212; Radio Pi\u00f9\" src=\"https:\/\/www.radiopiu.net\/wordpress\/aggnazionalemaggio26\/embed\/#?secret=1GfqgQD59V#?secret=dwuNM9coIO\" data-secret=\"dwuNM9coIO\" width=\"600\" height=\"338\" frameborder=\"0\" marginwidth=\"0\" marginheight=\"0\" scrolling=\"no\"><\/iframe><\/p>\n<p>&nbsp;<\/p>\n<blockquote class=\"wp-embedded-content\" data-secret=\"TzNiWU4TvW\"><p><a href=\"https:\/\/www.radiopiu.net\/wordpress\/aggazzeromaggio26\/\">RICOVERI IN NETTO CALO, 4 DECESSI E 1743 NUOVI POSITIVI IN VENETO NELLE ULTIME 24 ORE<\/a><\/p><\/blockquote>\n<p><iframe loading=\"lazy\" class=\"wp-embedded-content\" sandbox=\"allow-scripts\" security=\"restricted\" style=\"position: absolute; clip: rect(1px, 1px, 1px, 1px);\" title=\"&#8220;RICOVERI IN NETTO CALO, 4 DECESSI E 1743 NUOVI POSITIVI IN VENETO NELLE ULTIME 24 ORE&#8221; &#8212; Radio Pi\u00f9\" src=\"https:\/\/www.radiopiu.net\/wordpress\/aggazzeromaggio26\/embed\/#?secret=rhsyWXLNyW#?secret=TzNiWU4TvW\" data-secret=\"TzNiWU4TvW\" width=\"600\" height=\"338\" frameborder=\"0\" marginwidth=\"0\" marginheight=\"0\" scrolling=\"no\"><\/iframe><\/p>\n<p>&nbsp;<\/p>\n<h2 dir=\"auto\">I GRAFICI DI TIZIANO DE COL<\/h2>\n<p>&nbsp;<\/p>\n\n\t\t\t<style type='text\/css'>\n\t\t\t\t#gallery-7 {\n\t\t\t\t\tmargin: auto;\n\t\t\t\t}\n\t\t\t\t#gallery-7 .gallery-item {\n\t\t\t\t\tfloat: left;\n\t\t\t\t\tmargin-top: 10px;\n\t\t\t\t\ttext-align: center;\n\t\t\t\t\twidth: 33%;\n\t\t\t\t}\n\t\t\t\t#gallery-7 img {\n\t\t\t\t\tborder: 2px solid #cfcfcf;\n\t\t\t\t}\n\t\t\t\t#gallery-7 .gallery-caption {\n\t\t\t\t\tmargin-left: 0;\n\t\t\t\t}\n\t\t\t\t\/* see gallery_shortcode() in wp-includes\/media.php *\/\n\t\t\t<\/style>\n\t\t<div id='gallery-7' class='dt-gallery-container gallery galleryid-277795 gallery-columns-3 gallery-size-thumbnail'><dl class='gallery-item'>\n\t\t\t\t<dt class='gallery-icon landscape'>\n\t\t\t\t\t<a class=\"rollover rollover-zoom dt-pswp-item\" title=\"16653a79-ffbf-4841-98e0-ffcd1da61873\" data-dt-img-description=\"\" data-large_image_width=\"603\" data-large_image_height=\"362\"href='https:\/\/www.radiopiu.net\/wordpress\/wp-content\/uploads\/2022\/05\/16653a79-ffbf-4841-98e0-ffcd1da61873.jpg'><img loading=\"lazy\" decoding=\"async\" width=\"150\" height=\"150\" src=\"https:\/\/www.radiopiu.net\/wordpress\/wp-content\/uploads\/2022\/05\/16653a79-ffbf-4841-98e0-ffcd1da61873-150x150.jpg\" class=\"attachment-thumbnail size-thumbnail\" alt=\"\" \/><\/a>\n\t\t\t\t<\/dt><\/dl><dl class='gallery-item'>\n\t\t\t\t<dt class='gallery-icon landscape'>\n\t\t\t\t\t<a class=\"rollover rollover-zoom dt-pswp-item\" title=\"b6b57066-4582-46bf-b603-a8d4b93e6c34\" data-dt-img-description=\"\" data-large_image_width=\"605\" data-large_image_height=\"361\"href='https:\/\/www.radiopiu.net\/wordpress\/wp-content\/uploads\/2022\/05\/b6b57066-4582-46bf-b603-a8d4b93e6c34.jpg'><img loading=\"lazy\" decoding=\"async\" width=\"150\" height=\"150\" src=\"https:\/\/www.radiopiu.net\/wordpress\/wp-content\/uploads\/2022\/05\/b6b57066-4582-46bf-b603-a8d4b93e6c34-150x150.jpg\" class=\"attachment-thumbnail size-thumbnail\" alt=\"\" \/><\/a>\n\t\t\t\t<\/dt><\/dl><dl class='gallery-item'>\n\t\t\t\t<dt class='gallery-icon landscape'>\n\t\t\t\t\t<a class=\"rollover rollover-zoom dt-pswp-item\" title=\"5aefadbf-01de-4215-8abf-cda1d5f8cc97\" data-dt-img-description=\"\" data-large_image_width=\"608\" data-large_image_height=\"355\"href='https:\/\/www.radiopiu.net\/wordpress\/wp-content\/uploads\/2022\/05\/5aefadbf-01de-4215-8abf-cda1d5f8cc97.jpg'><img loading=\"lazy\" decoding=\"async\" width=\"150\" height=\"150\" src=\"https:\/\/www.radiopiu.net\/wordpress\/wp-content\/uploads\/2022\/05\/5aefadbf-01de-4215-8abf-cda1d5f8cc97-150x150.jpg\" class=\"attachment-thumbnail size-thumbnail\" alt=\"\" \/><\/a>\n\t\t\t\t<\/dt><\/dl><br style=\"clear: both\" \/><dl class='gallery-item'>\n\t\t\t\t<dt class='gallery-icon landscape'>\n\t\t\t\t\t<a class=\"rollover rollover-zoom dt-pswp-item\" title=\"70fdb0c5-b673-4b3c-9a48-0053c663869c\" data-dt-img-description=\"\" data-large_image_width=\"614\" data-large_image_height=\"359\"href='https:\/\/www.radiopiu.net\/wordpress\/wp-content\/uploads\/2022\/05\/70fdb0c5-b673-4b3c-9a48-0053c663869c.jpg'><img loading=\"lazy\" decoding=\"async\" width=\"150\" height=\"150\" src=\"https:\/\/www.radiopiu.net\/wordpress\/wp-content\/uploads\/2022\/05\/70fdb0c5-b673-4b3c-9a48-0053c663869c-150x150.jpg\" class=\"attachment-thumbnail size-thumbnail\" alt=\"\" \/><\/a>\n\t\t\t\t<\/dt><\/dl><dl class='gallery-item'>\n\t\t\t\t<dt class='gallery-icon landscape'>\n\t\t\t\t\t<a class=\"rollover rollover-zoom dt-pswp-item\" title=\"5f86ddce-477e-4741-be99-cd9721901b8a\" data-dt-img-description=\"\" data-large_image_width=\"610\" data-large_image_height=\"358\"href='https:\/\/www.radiopiu.net\/wordpress\/wp-content\/uploads\/2022\/05\/5f86ddce-477e-4741-be99-cd9721901b8a.jpg'><img loading=\"lazy\" decoding=\"async\" width=\"150\" height=\"150\" src=\"https:\/\/www.radiopiu.net\/wordpress\/wp-content\/uploads\/2022\/05\/5f86ddce-477e-4741-be99-cd9721901b8a-150x150.jpg\" class=\"attachment-thumbnail size-thumbnail\" alt=\"\" \/><\/a>\n\t\t\t\t<\/dt><\/dl><dl class='gallery-item'>\n\t\t\t\t<dt class='gallery-icon landscape'>\n\t\t\t\t\t<a class=\"rollover rollover-zoom dt-pswp-item\" title=\"04a6f232-8f27-4b6c-828b-399e27674146\" data-dt-img-description=\"\" data-large_image_width=\"614\" data-large_image_height=\"358\"href='https:\/\/www.radiopiu.net\/wordpress\/wp-content\/uploads\/2022\/05\/04a6f232-8f27-4b6c-828b-399e27674146.jpg'><img loading=\"lazy\" decoding=\"async\" width=\"150\" height=\"150\" src=\"https:\/\/www.radiopiu.net\/wordpress\/wp-content\/uploads\/2022\/05\/04a6f232-8f27-4b6c-828b-399e27674146-150x150.jpg\" class=\"attachment-thumbnail size-thumbnail\" alt=\"\" \/><\/a>\n\t\t\t\t<\/dt><\/dl><br style=\"clear: both\" \/>\n\t\t\t<\/div>\n\n<p>&nbsp;<\/p>\n<p>&nbsp;<\/p>\n<p>&nbsp;<\/p>\n<hr \/>\n<p>&nbsp;<\/p>\n<blockquote>\n<h3>LUXOTTICA ANNULLA ALCUNE GIORNATE DI STRAORDINARIO INCENTIVATO, I REPARTI INTERESSATI<\/h3>\n<\/blockquote>\n<p><strong><img loading=\"lazy\" decoding=\"async\" class=\"alignleft\" src=\"https:\/\/www.radiopiu.net\/wordpress\/wp-content\/uploads\/2021\/12\/LUXOTTICA-FRAMONT.jpg\" width=\"119\" height=\"89\" \/>AGORDO<\/strong> Solo il 21 aprile scorso Azienda e Rsu, allo stesso tavolo, avevano concordato e condiviso l&#8217;accordo per l&#8217;incremento delle giornate lavorative. Oggi Luxottica ha informato l&#8217;annullamento delle giornate di sabato 11 e 13 giugno (turno notturno) e 2 luglio per i reparti area grezzo, trattamenti, magazzino, taglio lenti, area macchina e guaine, confezionamento. Annullata anche la giornata di straordinario collettivo incentivato di sabato 25 giugno per l&#8217;area produttiva finitura metallo. Quali siano i motivi della decisioni sono noti sicuramente all&#8217;azienda, forse anche alle Rsu<\/p>\n<p>&nbsp;<\/p>\n<p>&nbsp;<\/p>\n<hr \/>\n<p>&nbsp;<\/p>\n<blockquote>\n<h3>IL RITORNO DEL BON DE L&#8217;ANSUDA, LA FESTA DI PRIMAVERA IN VALLE DEL BIOIS<\/h3>\n<\/blockquote>\n<p><strong>FALCADE<\/strong> Passeggiate, laboratori, lezioni di scherma e di cucina con le erbe sponatanee, dimostrazione di apicoltura, dimostrazione della lavorazione della forgiatura del ferro, appuntamenti per bambini, ricerche musicali con ricorso alla cornamusa con Andrea Da Cort\u00e0, ma anche la gara di sfalcio del prato con &#8220;fauz e coder&#8221;, la squadratura della trave,\u00a0 \u00a0infine la presentazione del libro di Matteo Righetto &#8220;La stanza delle mele&#8221;. In quattro parole: natura, tradizioni, cucina e divertimento. Questo \u00e8 il Bon de l&#8217;ansuda, la festa di primavera a Falcade,\u00a0 in programma sabato 18 e domenica 19 giugno. L&#8217;evento marchiato Associazione Albergatori Ristoratori Val Del Biois, gode di numerose collaborazioni, dalla proloco di Caviola ai gruppi Folk e Ladino, Musei Murer ed Albino Luciani, Fare Cultura Agordina. I ristoratori sono pronti a proporre i loro men\u00f9 a base di erbe spontanee,\u00a0 e quest&#8217;anno sar\u00e0 inoltre proposto il concorso letterario &#8220;Scrivi il tuo racconto breve sul tema della primavera&#8221;. Per le attivit\u00e0 su su prenotazione \u00e8 richiesta l&#8217;iscrizione entro venerdi 17 giugno via whatsapp (349 4919355) oppure mail (associazione.valbiois@gmail.com). Sar\u00e0 attivato un info point nei pressi del Municipio.<\/p>\n<p><strong>IL PROGRAMMA COMPLETO<\/strong><\/p>\n<p>&nbsp;<\/p>\n\n\t\t\t<style type='text\/css'>\n\t\t\t\t#gallery-8 {\n\t\t\t\t\tmargin: auto;\n\t\t\t\t}\n\t\t\t\t#gallery-8 .gallery-item {\n\t\t\t\t\tfloat: left;\n\t\t\t\t\tmargin-top: 10px;\n\t\t\t\t\ttext-align: center;\n\t\t\t\t\twidth: 100%;\n\t\t\t\t}\n\t\t\t\t#gallery-8 img {\n\t\t\t\t\tborder: 2px solid #cfcfcf;\n\t\t\t\t}\n\t\t\t\t#gallery-8 .gallery-caption {\n\t\t\t\t\tmargin-left: 0;\n\t\t\t\t}\n\t\t\t\t\/* see gallery_shortcode() in wp-includes\/media.php *\/\n\t\t\t<\/style>\n\t\t<div id='gallery-8' class='dt-gallery-container gallery galleryid-277795 gallery-columns-1 gallery-size-medium'><dl class='gallery-item'>\n\t\t\t\t<dt class='gallery-icon portrait'>\n\t\t\t\t\t<a class=\"rollover rollover-zoom dt-pswp-item\" title=\"manifesto el bon de l&#039;ansuda - festa di primavera 2022\" data-dt-img-description=\"\" data-large_image_width=\"1830\" data-large_image_height=\"2560\"href='https:\/\/www.radiopiu.net\/wordpress\/wp-content\/uploads\/2022\/05\/manifesto-el-bon-de-lansuda-festa-di-primavera-2022-scaled.jpg'><img loading=\"lazy\" decoding=\"async\" width=\"214\" height=\"300\" src=\"https:\/\/www.radiopiu.net\/wordpress\/wp-content\/uploads\/2022\/05\/manifesto-el-bon-de-lansuda-festa-di-primavera-2022-214x300.jpg\" class=\"attachment-medium size-medium\" alt=\"\" srcset=\"https:\/\/www.radiopiu.net\/wordpress\/wp-content\/uploads\/2022\/05\/manifesto-el-bon-de-lansuda-festa-di-primavera-2022-214x300.jpg 214w, https:\/\/www.radiopiu.net\/wordpress\/wp-content\/uploads\/2022\/05\/manifesto-el-bon-de-lansuda-festa-di-primavera-2022-732x1024.jpg 732w, https:\/\/www.radiopiu.net\/wordpress\/wp-content\/uploads\/2022\/05\/manifesto-el-bon-de-lansuda-festa-di-primavera-2022-768x1074.jpg 768w, https:\/\/www.radiopiu.net\/wordpress\/wp-content\/uploads\/2022\/05\/manifesto-el-bon-de-lansuda-festa-di-primavera-2022-1098x1536.jpg 1098w, https:\/\/www.radiopiu.net\/wordpress\/wp-content\/uploads\/2022\/05\/manifesto-el-bon-de-lansuda-festa-di-primavera-2022-1464x2048.jpg 1464w, https:\/\/www.radiopiu.net\/wordpress\/wp-content\/uploads\/2022\/05\/manifesto-el-bon-de-lansuda-festa-di-primavera-2022-scaled.jpg 1830w\" sizes=\"auto, (max-width: 214px) 100vw, 214px\" \/><\/a>\n\t\t\t\t<\/dt><\/dl><br style=\"clear: both\" \/>\n\t\t\t<\/div>\n\n<hr \/>\n<p>&nbsp;<\/p>\n<blockquote>\n<h3>LA FOTO DEL GRUPPO FACEBOOK &#8220;DoloMitici&#8221;<\/h3>\n<\/blockquote>\n<p><strong>REDAZIONE<\/strong> La pagina facebook Dolomitici, che spesso ha interessato la nostra redazione non manca mai di stupire. I suoi oltre 180mila iscritti riescono sempre a proporre degli scatti importanti, che creano discussioni e curiosit\u00e0. E&#8217; il caso della fotografia pubblicata alcuni giorni fa da Giovanna Franceschini Guida Aigae che ha gi\u00e0 ricevuto quasi 2000 mi piace, commentata da oltre 150 &#8220;dolomitici&#8221; e condivisa da un centinaio. Qualcuno come Alberto Cestaro ha poi aggiunto un&#8217;altra foto che fa ulteriore chiarezza. Fabiana invita ad osservare un altro particolare<em>\u00a0&#8220;concentra la tua attenzione nella met\u00e0 superiore dell&#8217;area cerchiata: dovresti individuare i 2\/3 di una figura, con testa e tronco, che regge una\/due sottili aste&#8221;.<\/em><\/p>\n<blockquote><p><em>&#8220;Nel cerchio rosso &#8220;il guerriero del Pelmo&#8221;, una figura che risulta da un gioco di ombre generato da una luce particolare&#8221;<\/em> scrive Giovanna.<\/p><\/blockquote>\n\n\t\t\t<style type='text\/css'>\n\t\t\t\t#gallery-9 {\n\t\t\t\t\tmargin: auto;\n\t\t\t\t}\n\t\t\t\t#gallery-9 .gallery-item {\n\t\t\t\t\tfloat: left;\n\t\t\t\t\tmargin-top: 10px;\n\t\t\t\t\ttext-align: center;\n\t\t\t\t\twidth: 33%;\n\t\t\t\t}\n\t\t\t\t#gallery-9 img {\n\t\t\t\t\tborder: 2px solid #cfcfcf;\n\t\t\t\t}\n\t\t\t\t#gallery-9 .gallery-caption {\n\t\t\t\t\tmargin-left: 0;\n\t\t\t\t}\n\t\t\t\t\/* see gallery_shortcode() in wp-includes\/media.php *\/\n\t\t\t<\/style>\n\t\t<div id='gallery-9' class='dt-gallery-container gallery galleryid-277795 gallery-columns-3 gallery-size-medium'><dl class='gallery-item'>\n\t\t\t\t<dt class='gallery-icon portrait'>\n\t\t\t\t\t<a class=\"rollover\" href='https:\/\/www.radiopiu.net\/wordpress\/la-foto-del-gruppo-facebook-dolomitici\/283863175_4886635924792973_990327698130048072_n\/'><img loading=\"lazy\" decoding=\"async\" width=\"225\" height=\"300\" src=\"https:\/\/www.radiopiu.net\/wordpress\/wp-content\/uploads\/2022\/05\/283863175_4886635924792973_990327698130048072_n-225x300.jpg\" class=\"attachment-medium size-medium\" alt=\"\" aria-describedby=\"gallery-9-277885\" srcset=\"https:\/\/www.radiopiu.net\/wordpress\/wp-content\/uploads\/2022\/05\/283863175_4886635924792973_990327698130048072_n-225x300.jpg 225w, https:\/\/www.radiopiu.net\/wordpress\/wp-content\/uploads\/2022\/05\/283863175_4886635924792973_990327698130048072_n.jpg 526w\" sizes=\"auto, (max-width: 225px) 100vw, 225px\" \/><\/a>\n\t\t\t\t<\/dt>\n\t\t\t\t\t<dd class='wp-caption-text gallery-caption' id='gallery-9-277885'>\n\t\t\t\t\tAlberto Cestaro\n\t\t\t\t\t<\/dd><\/dl><dl class='gallery-item'>\n\t\t\t\t<dt class='gallery-icon landscape'>\n\t\t\t\t\t<a class=\"rollover\" href='https:\/\/www.radiopiu.net\/wordpress\/la-foto-del-gruppo-facebook-dolomitici\/senza-nome-24\/'><img loading=\"lazy\" decoding=\"async\" width=\"188\" height=\"188\" src=\"https:\/\/www.radiopiu.net\/wordpress\/wp-content\/uploads\/2022\/05\/Senza-nome-1.jpg\" class=\"attachment-medium size-medium\" alt=\"\" aria-describedby=\"gallery-9-277884\" srcset=\"https:\/\/www.radiopiu.net\/wordpress\/wp-content\/uploads\/2022\/05\/Senza-nome-1.jpg 188w, https:\/\/www.radiopiu.net\/wordpress\/wp-content\/uploads\/2022\/05\/Senza-nome-1-150x150.jpg 150w\" sizes=\"auto, (max-width: 188px) 100vw, 188px\" \/><\/a>\n\t\t\t\t<\/dt>\n\t\t\t\t\t<dd class='wp-caption-text gallery-caption' id='gallery-9-277884'>\n\t\t\t\t\tGiovanna Franceschini Guida Aigae\n\t\t\t\t\t<\/dd><\/dl><dl class='gallery-item'>\n\t\t\t\t<dt class='gallery-icon landscape'>\n\t\t\t\t\t<a class=\"rollover\" href='https:\/\/www.radiopiu.net\/wordpress\/la-foto-del-gruppo-facebook-dolomitici\/283703696_3533539416872819_2087513746178680755_n\/'><img loading=\"lazy\" decoding=\"async\" width=\"228\" height=\"223\" src=\"https:\/\/www.radiopiu.net\/wordpress\/wp-content\/uploads\/2022\/05\/283703696_3533539416872819_2087513746178680755_n.jpg\" class=\"attachment-medium size-medium\" alt=\"\" aria-describedby=\"gallery-9-277886\" \/><\/a>\n\t\t\t\t<\/dt>\n\t\t\t\t\t<dd class='wp-caption-text gallery-caption' id='gallery-9-277886'>\n\t\t\t\t\tAlberto Cestaro\n\t\t\t\t\t<\/dd><\/dl><br style=\"clear: both\" \/>\n\t\t\t<\/div>\n\n<hr \/>\n<p>&nbsp;<\/p>\n<blockquote>\n<h3>TRE BIG: NOMADI, RUGGERI, GALIAZZO E TRE DATE PER UN LUGLIO A TUTTO VOLUME<\/h3>\n<\/blockquote>\n<p>&nbsp;<\/p>\n<p><strong>FELTRE<\/strong><\/p>\n<p><strong>DI MORENO GIOLI<\/strong><\/p>\n<p>&nbsp;<\/p>\n<p>AUDIO<\/p>\n<audio class=\"wp-audio-shortcode\" id=\"audio-277795-5\" preload=\"none\" style=\"width: 100%;\" controls=\"controls\"><source type=\"audio\/mpeg\" src=\"https:\/\/www.radiopiu.net\/wordpress\/wp-content\/uploads\/2022\/05\/gioli.mp3?_=5\" \/><a href=\"https:\/\/www.radiopiu.net\/wordpress\/wp-content\/uploads\/2022\/05\/gioli.mp3\">https:\/\/www.radiopiu.net\/wordpress\/wp-content\/uploads\/2022\/05\/gioli.mp3<\/a><\/audio>\n<p>&nbsp;<\/p>\n<p>&nbsp;<\/p>\n<p><strong>DARIO SCOPEL, ASSESSORE UNIONE MONTANA<\/strong><\/p>\n<div style=\"width: 1200px;\" class=\"wp-video\"><video class=\"wp-video-shortcode\" id=\"video-277795-1\" width=\"1200\" height=\"675\" preload=\"metadata\" controls=\"controls\"><source type=\"video\/mp4\" src=\"https:\/\/www.radiopiu.net\/wordpress\/wp-content\/uploads\/2022\/05\/WhatsApp-Video-2022-05-26-at-18.14.45.mp4?_=1\" \/><a href=\"https:\/\/www.radiopiu.net\/wordpress\/wp-content\/uploads\/2022\/05\/WhatsApp-Video-2022-05-26-at-18.14.45.mp4\">https:\/\/www.radiopiu.net\/wordpress\/wp-content\/uploads\/2022\/05\/WhatsApp-Video-2022-05-26-at-18.14.45.mp4<\/a><\/video><\/div>\n<p>&nbsp;<\/p>\n<p>&nbsp;<\/p>\n<hr \/>\n<p>&nbsp;<\/p>\n<blockquote>\n<h3><a class=\"dt-pswp-item\" href=\"https:\/\/www.radiopiu.net\/wordpress\/wp-content\/uploads\/2022\/05\/palazzo_guarnieri_facciata_le_dimore_del_quartetto-768x858-1.jpg\" data-dt-img-description=\"\" data-large_image_width=\"768\" data-large_image_height=\"522\"><img loading=\"lazy\" decoding=\"async\" class=\" wp-image-277908 alignleft\" src=\"https:\/\/www.radiopiu.net\/wordpress\/wp-content\/uploads\/2022\/05\/palazzo_guarnieri_facciata_le_dimore_del_quartetto-768x858-1-150x150.jpg\" alt=\"\" width=\"98\" height=\"98\" \/><\/a>UN SALTO INDIETRO NEL TEMPO A PALAZZO GUARNIERI<\/h3>\n<\/blockquote>\n<p><span dir=\"ltr\" role=\"presentation\"><strong>BELLUNO<\/strong>\u00a0 <\/span><span dir=\"ltr\" role=\"presentation\">Domenica 29 maggio, a Feltre, alle 15 p<\/span><span dir=\"ltr\" role=\"presentation\">roseguono le visite guidate organizzate dalla Biblioteca Civica di Belluno <\/span><span dir=\"ltr\" role=\"presentation\">dedicate alla scoperta delle bellezze della provincia. La prossima data in <\/span><span dir=\"ltr\" role=\"presentation\">calendario<\/span> <span dir=\"ltr\" role=\"presentation\">prevede<\/span> <span dir=\"ltr\" role=\"presentation\">che tocchi<\/span> <span dir=\"ltr\" role=\"presentation\">a<\/span> <span dir=\"ltr\" role=\"presentation\">Palazzo<\/span> <span dir=\"ltr\" role=\"presentation\">Guarnieri,<\/span> <span dir=\"ltr\" role=\"presentation\">a<\/span> <span dir=\"ltr\" role=\"presentation\">Feltre,<\/span> <span dir=\"ltr\" role=\"presentation\">fare<\/span> <span dir=\"ltr\" role=\"presentation\">bella <\/span><span dir=\"ltr\" role=\"presentation\">mostra di s\u00e9. <\/span><span dir=\"ltr\" role=\"presentation\">L\u2019appuntamento<\/span> <span dir=\"ltr\" role=\"presentation\">\u00e8<\/span> <span dir=\"ltr\" role=\"presentation\">a<\/span> <span dir=\"ltr\" role=\"presentation\">Feltre,<\/span> <span dir=\"ltr\" role=\"presentation\">proprio<\/span> <span dir=\"ltr\" role=\"presentation\">davanti<\/span> <span dir=\"ltr\" role=\"presentation\">al<\/span> <span dir=\"ltr\" role=\"presentation\">palazzo,<\/span> <span dir=\"ltr\" role=\"presentation\">domenica<\/span> <span dir=\"ltr\" role=\"presentation\">29 <\/span><span dir=\"ltr\" role=\"presentation\">maggio, alle\u00a0 15. <\/span><span dir=\"ltr\" role=\"presentation\">Iscrizioni,<\/span> <span dir=\"ltr\" role=\"presentation\">contattando<\/span> <span dir=\"ltr\" role=\"presentation\">la<\/span> <span dir=\"ltr\" role=\"presentation\">Biblioteca<\/span> <span dir=\"ltr\" role=\"presentation\">nella<\/span> <span dir=\"ltr\" role=\"presentation\">temporanea<\/span> <span dir=\"ltr\" role=\"presentation\">sede<\/span> <span dir=\"ltr\" role=\"presentation\">di<\/span> <span dir=\"ltr\" role=\"presentation\">Palazzo <\/span><span dir=\"ltr\" role=\"presentation\">Bembo,<\/span> <span dir=\"ltr\" role=\"presentation\">in<\/span> <span dir=\"ltr\" role=\"presentation\">Piazzetta<\/span> <span dir=\"ltr\" role=\"presentation\">G.<\/span> <span dir=\"ltr\" role=\"presentation\">B.<\/span> <span dir=\"ltr\" role=\"presentation\">Pellegrini:<\/span> <span dir=\"ltr\" role=\"presentation\">telefono<\/span> <span dir=\"ltr\" role=\"presentation\">0437<\/span> <span dir=\"ltr\" role=\"presentation\">948093,<\/span> <span dir=\"ltr\" role=\"presentation\">email <\/span><span dir=\"ltr\" role=\"presentation\">biblioteca@comune.belluno.it.<\/span> <span dir=\"ltr\" role=\"presentation\">La<\/span> <span dir=\"ltr\" role=\"presentation\">quota<\/span> <span dir=\"ltr\" role=\"presentation\">di<\/span> <span dir=\"ltr\" role=\"presentation\">partecipazione<\/span> <span dir=\"ltr\" role=\"presentation\">\u00e8<\/span> <span dir=\"ltr\" role=\"presentation\">di<\/span> <span dir=\"ltr\" role=\"presentation\">\u20ac<\/span> <span dir=\"ltr\" role=\"presentation\">10<\/span> <span dir=\"ltr\" role=\"presentation\">da <\/span><span dir=\"ltr\" role=\"presentation\">versare<\/span> <span dir=\"ltr\" role=\"presentation\">alla<\/span> <span dir=\"ltr\" role=\"presentation\">guida<\/span> <span dir=\"ltr\" role=\"presentation\">il<\/span> <span dir=\"ltr\" role=\"presentation\">giorno<\/span> <span dir=\"ltr\" role=\"presentation\">della<\/span> <span dir=\"ltr\" role=\"presentation\">visita,<\/span> <span dir=\"ltr\" role=\"presentation\">aperta<\/span> <span dir=\"ltr\" role=\"presentation\">a<\/span> <span dir=\"ltr\" role=\"presentation\">un<\/span> <span dir=\"ltr\" role=\"presentation\">massimo<\/span> <span dir=\"ltr\" role=\"presentation\">di<\/span> <span dir=\"ltr\" role=\"presentation\">30 <\/span><span dir=\"ltr\" role=\"presentation\">partecipanti<\/span><\/p>\n<p>&nbsp;<\/p>\n<hr \/>\n<blockquote>\n<h3><\/h3>\n<h3>PARTENTAL CONTROL, COME PROTEGGERE I NOSTRI FIGLI?<\/h3>\n<\/blockquote>\n<p><strong>PONTE NELLE ALPI<\/strong> \u201cParental control: come proteggere i nostri figli?\u201d. La risposta \u00e8 semplice e complessa allo stesso tempo: servono strumenti e strategie per guidare i bambini all\u2019uso sicuro di Internet, dei videogame e degli smartphone. E, in questo senso, un programmatore ed esperto di sistemi informatici come Daniele Cuder prover\u00e0 a tracciare la rotta e a dare consigli utili ai genitori.\u00a0 Lo far\u00e0 domani sera (venerd\u00ec 27), in occasione di un incontro in programma nella sala Tina Merlin della Biblioteca civica di Ponte nelle Alpi (ore 20.45).<span class=\"gmail-Apple-converted-space\"> \u00a0<\/span>L\u2019iniziativa \u00e8 promossa dal gruppo \u201cGenitori per genitori\u201d con il Fil\u00f2 di Sant\u2019Andrea e il patrocinio del Comune di Ponte, mentre l\u2019idea \u00e8 nata alla luce dell\u2019incontro promosso lo scorso dicembre da Scuole in rete con Marco Gui.<span class=\"gmail-Apple-converted-space\"> \u00a0<\/span>Fare rete e condividere buone pratiche: su queste basi ha preso forma il primo patto di comunit\u00e0 per il benessere digitale dei bambini e adolescenti, ma anche per un uso consapevole dei dispositivi e per l\u2019utilizzo delle applicazioni.<span class=\"gmail-Apple-converted-space\">\u00a0<\/span><\/p>\n<p>&nbsp;<\/p>\n<hr \/>\n<p>&nbsp;<\/p>\n<blockquote>\n<h3>LA GIORNATA NAZIONALE DEL SOLLIEVO<\/h3>\n<\/blockquote>\n<p><a class=\"dt-pswp-item\" href=\"https:\/\/www.radiopiu.net\/wordpress\/wp-content\/uploads\/2022\/05\/Giornata-del-sollievo.png\" data-dt-img-description=\"\" data-large_image_width=\"1080\" data-large_image_height=\"1080\"><img loading=\"lazy\" decoding=\"async\" class=\" wp-image-277653 alignleft\" src=\"https:\/\/www.radiopiu.net\/wordpress\/wp-content\/uploads\/2022\/05\/Giornata-del-sollievo-150x150.png\" alt=\"\" width=\"141\" height=\"141\" srcset=\"https:\/\/www.radiopiu.net\/wordpress\/wp-content\/uploads\/2022\/05\/Giornata-del-sollievo-150x150.png 150w, https:\/\/www.radiopiu.net\/wordpress\/wp-content\/uploads\/2022\/05\/Giornata-del-sollievo-300x300.png 300w, https:\/\/www.radiopiu.net\/wordpress\/wp-content\/uploads\/2022\/05\/Giornata-del-sollievo-1024x1024.png 1024w, https:\/\/www.radiopiu.net\/wordpress\/wp-content\/uploads\/2022\/05\/Giornata-del-sollievo-768x768.png 768w, https:\/\/www.radiopiu.net\/wordpress\/wp-content\/uploads\/2022\/05\/Giornata-del-sollievo.png 1080w\" sizes=\"auto, (max-width: 141px) 100vw, 141px\" \/><\/a><\/p>\n<p><strong>BELLUNO<\/strong> In occasione della giornata nazionale del sollievo, che ricorre il prossimo 29 maggio, l\u2019Ulss Dolomiti organizza due punti informativi sulle Cure Palliative, in collaborazione con le Associazioni di volontariato attivo &#8211; Associazione Cucchini, Associazione Mano Amica e Associazione Pettirosso. Un\u2019iniziativa dedicata allo sviluppo della cultura del sollievo dalla sofferenza fisica e morale dal tema \u201cMi prendo cura di te: le cure palliative vicino al malato e alla sua famiglia. Insieme a te fino alla fine\u201d \u2981 oggi dalle 9.00 alle 13.00 in Piazza dei Martiri a Belluno \u2981 oggi e domani dalle 9.00 alle 12.30 in Largo Castaldi a Feltre<\/p>\n<p>&nbsp;<\/p>\n<hr \/>\n<p>&nbsp;<\/p>\n<p>&nbsp;<\/p>\n<blockquote>\n<h3><\/h3>\n<h3>GLI ANZIANI VITTIME DELLE TRUFFE INFORMATICHE<\/h3>\n<\/blockquote>\n<p><strong><a class=\"dt-pswp-item\" href=\"https:\/\/www.radiopiu.net\/wordpress\/wp-content\/uploads\/2022\/05\/convegno-pensionati-Confagricoltura-scaled.jpg\" data-dt-img-description=\"\" data-large_image_width=\"2560\" data-large_image_height=\"1643\"><img loading=\"lazy\" decoding=\"async\" class=\" wp-image-277435 alignleft\" src=\"https:\/\/www.radiopiu.net\/wordpress\/wp-content\/uploads\/2022\/05\/convegno-pensionati-Confagricoltura-150x150.jpg\" alt=\"\" width=\"107\" height=\"107\" \/><\/a>BELLUNO<\/strong> Truffe telefoniche e informatiche, tentativi di phishing, proposte di contratti falsamente convenienti. Gli anziani, a causa della poca dimestichezza con le nuove tecnologie, sono sempre pi\u00f9 bersaglio di raggiri online o telefonici. A denunciarlo \u00e8 Anpa Belluno, l\u2019Associazione pensionati di Confagricoltura, che a questo tema dedicher\u00e0 un convegno che si svolger\u00e0 oggi alle 15, nello stand associativo a Longarone Fiere, in collaborazione con il Cupla, il Coordinamento unitario pensionati lavoro autonomo e all\u2019Adoc, Associazione difesa orientamento consumatori.<\/p>\n<p>&nbsp;<\/p>\n<p>&nbsp;<\/p>\n<p>&nbsp;<\/p>\n<p>&nbsp;<\/p>\n<hr \/>\n<p>&nbsp;<\/p>\n<blockquote>\n<h3>LE CONTINUE SEGNALAZIONI DEI PADRONI DI CANI DA LIBRO NERO<\/h3>\n<\/blockquote>\n<p><strong>AGORDO<\/strong> Mettetevi per un attimo dei panni di colui che, decespugliatore alla mano taglia l&#8217;erba, tanto il privato che l&#8217;operaio comunale, colui che\u00a0 in questi giorni, come ad ogni stagione primaverile ed estiva, si ritrova a lavorare lungo le strade per pulire le cunette e fare pi\u00f9 bello il paese,\u00a0 onde evitare le critiche del cittadino che non gradisce l&#8217;erba alta lato strada. Mettevi nei loro panni quando fischiettando sotto il sole in un bagno di sudore il filo del decespugliatore colpisce la merdina che schizza in tutte le direzioni, a destra, sinistra, verso l&#8217;alto fino a riempire volto, bocca, naso, capelli. E se il cane era il vostro, almeno provate un senso di vergogna per la totale mancanza di rispetto per gli altri.<\/p>\n\n\t\t\t<style type='text\/css'>\n\t\t\t\t#gallery-10 {\n\t\t\t\t\tmargin: auto;\n\t\t\t\t}\n\t\t\t\t#gallery-10 .gallery-item {\n\t\t\t\t\tfloat: left;\n\t\t\t\t\tmargin-top: 10px;\n\t\t\t\t\ttext-align: center;\n\t\t\t\t\twidth: 50%;\n\t\t\t\t}\n\t\t\t\t#gallery-10 img {\n\t\t\t\t\tborder: 2px solid #cfcfcf;\n\t\t\t\t}\n\t\t\t\t#gallery-10 .gallery-caption {\n\t\t\t\t\tmargin-left: 0;\n\t\t\t\t}\n\t\t\t\t\/* see gallery_shortcode() in wp-includes\/media.php *\/\n\t\t\t<\/style>\n\t\t<div id='gallery-10' class='dt-gallery-container gallery galleryid-277795 gallery-columns-2 gallery-size-medium'><dl class='gallery-item'>\n\t\t\t\t<dt class='gallery-icon portrait'>\n\t\t\t\t\t<a class=\"rollover rollover-zoom dt-pswp-item\" title=\"20220526_091705\" data-dt-img-description=\"\" data-large_image_width=\"1440\" data-large_image_height=\"2560\"href='https:\/\/www.radiopiu.net\/wordpress\/wp-content\/uploads\/2022\/05\/20220526_091705-rotated.jpg'><img loading=\"lazy\" decoding=\"async\" width=\"169\" height=\"300\" src=\"https:\/\/www.radiopiu.net\/wordpress\/wp-content\/uploads\/2022\/05\/20220526_091705-169x300.jpg\" class=\"attachment-medium size-medium\" alt=\"\" srcset=\"https:\/\/www.radiopiu.net\/wordpress\/wp-content\/uploads\/2022\/05\/20220526_091705-169x300.jpg 169w, https:\/\/www.radiopiu.net\/wordpress\/wp-content\/uploads\/2022\/05\/20220526_091705-576x1024.jpg 576w, https:\/\/www.radiopiu.net\/wordpress\/wp-content\/uploads\/2022\/05\/20220526_091705-768x1365.jpg 768w, https:\/\/www.radiopiu.net\/wordpress\/wp-content\/uploads\/2022\/05\/20220526_091705-864x1536.jpg 864w, https:\/\/www.radiopiu.net\/wordpress\/wp-content\/uploads\/2022\/05\/20220526_091705-1152x2048.jpg 1152w, https:\/\/www.radiopiu.net\/wordpress\/wp-content\/uploads\/2022\/05\/20220526_091705-rotated.jpg 1440w\" sizes=\"auto, (max-width: 169px) 100vw, 169px\" \/><\/a>\n\t\t\t\t<\/dt><\/dl><dl class='gallery-item'>\n\t\t\t\t<dt class='gallery-icon portrait'>\n\t\t\t\t\t<a class=\"rollover rollover-zoom dt-pswp-item\" title=\"20220526_091727\" data-dt-img-description=\"\" data-large_image_width=\"1440\" data-large_image_height=\"2560\"href='https:\/\/www.radiopiu.net\/wordpress\/wp-content\/uploads\/2022\/05\/20220526_091727-scaled.jpg'><img loading=\"lazy\" decoding=\"async\" width=\"169\" height=\"300\" src=\"https:\/\/www.radiopiu.net\/wordpress\/wp-content\/uploads\/2022\/05\/20220526_091727-169x300.jpg\" class=\"attachment-medium size-medium\" alt=\"\" srcset=\"https:\/\/www.radiopiu.net\/wordpress\/wp-content\/uploads\/2022\/05\/20220526_091727-169x300.jpg 169w, https:\/\/www.radiopiu.net\/wordpress\/wp-content\/uploads\/2022\/05\/20220526_091727-576x1024.jpg 576w, https:\/\/www.radiopiu.net\/wordpress\/wp-content\/uploads\/2022\/05\/20220526_091727-768x1365.jpg 768w, https:\/\/www.radiopiu.net\/wordpress\/wp-content\/uploads\/2022\/05\/20220526_091727-864x1536.jpg 864w, https:\/\/www.radiopiu.net\/wordpress\/wp-content\/uploads\/2022\/05\/20220526_091727-1152x2048.jpg 1152w, https:\/\/www.radiopiu.net\/wordpress\/wp-content\/uploads\/2022\/05\/20220526_091727-scaled.jpg 1440w\" sizes=\"auto, (max-width: 169px) 100vw, 169px\" \/><\/a>\n\t\t\t\t<\/dt><\/dl><br style=\"clear: both\" \/>\n\t\t\t<\/div>\n\n<p>&nbsp;<\/p>\n<p>&nbsp;<\/p>\n<hr \/>\n<blockquote>\n<h3><\/h3>\n<h3>VIABILITA&#8217; PER L&#8217;OSPEDALE DI FELTRE, LE NUOVE MODALITA&#8217; DAL 1 GIUGNO<\/h3>\n<\/blockquote>\n<p><strong>FELTRE<\/strong>\u00a0 Dal 1 giugno l&#8217;utente che necessita di entrare in auto all\u2019Ospedale di Feltre \u00e8 invitato a presentarsi alla vecchia portineria o alla sbarra lato nord (via Bentivoglio). Suonando il citofono, sar\u00e0 in contatto con la portineria che, se autorizzabile, far\u00e0 accedere l\u2019auto. A partire dal 1\u00b0 giugno, infatti, sar\u00e0 CHIUSO il passaggio alle automobili presso il nuovo accesso, utilizzato solo per lo stato di emergenza<\/p>\n<p>&nbsp;<\/p>\n<p>&nbsp;<\/p>\n<hr \/>\n<p>&nbsp;<\/p>\n<blockquote>\n<h3>FIOCCO AZZURRO IN MUNICIPIO, PREMIATA LA CONSIGLIERA E NEO MAMMA MARTINA ROSSA<\/h3>\n<\/blockquote>\n<p><strong><a class=\"dt-pswp-item\" href=\"https:\/\/www.radiopiu.net\/wordpress\/wp-content\/uploads\/2022\/05\/Premiata_Martina_Rossa.jpg\" data-dt-img-description=\"\" data-large_image_width=\"1307\" data-large_image_height=\"981\"><img loading=\"lazy\" decoding=\"async\" class=\"size-thumbnail wp-image-277861 alignleft\" src=\"https:\/\/www.radiopiu.net\/wordpress\/wp-content\/uploads\/2022\/05\/Premiata_Martina_Rossa-150x150.jpg\" alt=\"\" width=\"150\" height=\"150\" \/><\/a>PONTE NELLE ALPI <\/strong>Un altro gioioso fiocco azzurro nel municipio di Ponte nelle Alpi.<span class=\"gmail-Apple-converted-space\"> \u00a0<\/span>L\u2019ultima riunione del consiglio comunale, infatti, si \u00e8 conclusa con la consegna di un dono per il piccolo Pietro e le congratulazioni a Martina Rossa, consigliera comunale e neo mamma. \u00c8 stata la vice sindaca e vice presidente della Provincia di Belluno, Lucia Da Rold (anche lei neo mamma), a consegnare il regalo a nome di tutti i consiglieri di maggioranza e della giunta.<span class=\"gmail-Apple-converted-space\"> \u00a0<\/span>Martina Rossa, come Lucia Da Rold, ha preso parte ai lavori del consiglio e delle commissioni di cui ha le deleghe, poche settimane dopo la nascita del figlio.<\/p>\n<p>&nbsp;<\/p>\n<p>&nbsp;<\/p>\n<hr \/>\n<p>&nbsp;<\/p>\n<blockquote>\n<h3>DA SOTTOGUDA A LUMEZZANE, IL GALLO FORCELLO IN FERRO BATTUTO DEI FRATELLI DE BIASIO<\/h3>\n<\/blockquote>\n<p><strong>LUMEZZANE (BS)<\/strong> Carlo e Davide De Biasio, i fratelli de La Fosina di Sottoguda, hanno realizzato a mano uno splendido gallo forcello in ferro battuto che dallo studio sotto la Marmolada \u00e8 andato a finire in provincia di Brescia, pi\u00f9 precisamente a Lumezzane, dove\u00a0 ha trovato una naturale collocazione nel giardino della famiglia che lo ha commissionato.<\/p>\n\n\t\t\t<style type='text\/css'>\n\t\t\t\t#gallery-11 {\n\t\t\t\t\tmargin: auto;\n\t\t\t\t}\n\t\t\t\t#gallery-11 .gallery-item {\n\t\t\t\t\tfloat: left;\n\t\t\t\t\tmargin-top: 10px;\n\t\t\t\t\ttext-align: center;\n\t\t\t\t\twidth: 33%;\n\t\t\t\t}\n\t\t\t\t#gallery-11 img {\n\t\t\t\t\tborder: 2px solid #cfcfcf;\n\t\t\t\t}\n\t\t\t\t#gallery-11 .gallery-caption {\n\t\t\t\t\tmargin-left: 0;\n\t\t\t\t}\n\t\t\t\t\/* see gallery_shortcode() in wp-includes\/media.php *\/\n\t\t\t<\/style>\n\t\t<div id='gallery-11' class='dt-gallery-container gallery galleryid-277795 gallery-columns-3 gallery-size-thumbnail'><dl class='gallery-item'>\n\t\t\t\t<dt class='gallery-icon portrait'>\n\t\t\t\t\t<a class=\"rollover rollover-zoom dt-pswp-item\" title=\"3bc7d0f2-e22c-4b5c-88f5-5b8c1f1524d4\" data-dt-img-description=\"\" data-large_image_width=\"1536\" data-large_image_height=\"2048\"href='https:\/\/www.radiopiu.net\/wordpress\/wp-content\/uploads\/2022\/05\/3bc7d0f2-e22c-4b5c-88f5-5b8c1f1524d4.jpg'><img loading=\"lazy\" decoding=\"async\" width=\"150\" height=\"150\" src=\"https:\/\/www.radiopiu.net\/wordpress\/wp-content\/uploads\/2022\/05\/3bc7d0f2-e22c-4b5c-88f5-5b8c1f1524d4-150x150.jpg\" class=\"attachment-thumbnail size-thumbnail\" alt=\"\" \/><\/a>\n\t\t\t\t<\/dt><\/dl><dl class='gallery-item'>\n\t\t\t\t<dt class='gallery-icon portrait'>\n\t\t\t\t\t<a class=\"rollover rollover-zoom dt-pswp-item\" title=\"2d1f8ab8-3aa5-4805-9722-d84f034c2682\" data-dt-img-description=\"\" data-large_image_width=\"1536\" data-large_image_height=\"2048\"href='https:\/\/www.radiopiu.net\/wordpress\/wp-content\/uploads\/2022\/05\/2d1f8ab8-3aa5-4805-9722-d84f034c2682.jpg'><img loading=\"lazy\" decoding=\"async\" width=\"150\" height=\"150\" src=\"https:\/\/www.radiopiu.net\/wordpress\/wp-content\/uploads\/2022\/05\/2d1f8ab8-3aa5-4805-9722-d84f034c2682-150x150.jpg\" class=\"attachment-thumbnail size-thumbnail\" alt=\"\" \/><\/a>\n\t\t\t\t<\/dt><\/dl><dl class='gallery-item'>\n\t\t\t\t<dt class='gallery-icon portrait'>\n\t\t\t\t\t<a class=\"rollover rollover-zoom dt-pswp-item\" title=\"afc9d2bf-094d-4ecc-a201-08b48ed35a48\" data-dt-img-description=\"\" data-large_image_width=\"1536\" data-large_image_height=\"2048\"href='https:\/\/www.radiopiu.net\/wordpress\/wp-content\/uploads\/2022\/05\/afc9d2bf-094d-4ecc-a201-08b48ed35a48.jpg'><img loading=\"lazy\" decoding=\"async\" width=\"150\" height=\"150\" src=\"https:\/\/www.radiopiu.net\/wordpress\/wp-content\/uploads\/2022\/05\/afc9d2bf-094d-4ecc-a201-08b48ed35a48-150x150.jpg\" class=\"attachment-thumbnail size-thumbnail\" alt=\"\" \/><\/a>\n\t\t\t\t<\/dt><\/dl><br style=\"clear: both\" \/>\n\t\t\t<\/div>\n\n<p>&nbsp;<\/p>\n<hr \/>\n<p>&nbsp;<\/p>\n<blockquote>\n<h3>IN VINO REGOLA, IL CONSORZIO DEL FELTRINO RIPARTE DA UN DOCUMENTO DEL 1526<\/h3>\n<\/blockquote>\n<p><strong>BELLUNO<\/strong> Dopo due anni resi difficili dalla pandemia, il mondo del vino bellunese riparte con una giornata di promozione per le cantine del Consorzio Coste del Feltrino. Domenica 29 maggio Villa Guarnieri a Tomo di Feltre ospiter\u00e0 infatti \u201cIn vino regolas\u201d, primo grande evento della neonata viticoltura bellunese.<\/p>\n<p>&nbsp;<\/p>\n<p>&nbsp;<\/p>\n<hr \/>\n<p>&nbsp;<\/p>\n<blockquote>\n<h3>VIABILITA&#8217;, ORDINANZE DAL COMUNE DI BELLUNO<\/h3>\n<\/blockquote>\n<p><strong><a class=\"dt-pswp-item\" href=\"https:\/\/www.radiopiu.net\/wordpress\/wp-content\/uploads\/2022\/05\/th.jpg\" data-dt-img-description=\"\" data-large_image_width=\"322\" data-large_image_height=\"181\"><img loading=\"lazy\" decoding=\"async\" class=\"size-thumbnail wp-image-277643 alignleft\" src=\"https:\/\/www.radiopiu.net\/wordpress\/wp-content\/uploads\/2022\/05\/th-150x150.jpg\" alt=\"\" width=\"150\" height=\"150\" \/><\/a>BELLUNO<\/strong>\u00a0 <span dir=\"ltr\" role=\"presentation\">Nelle piazze Associazione bellunese volontari del sangue e della Bandiera, <\/span><span dir=\"ltr\" role=\"presentation\">dal 30 maggio al 13 giugno <\/span><span dir=\"ltr\" role=\"presentation\">Per<\/span> <span dir=\"ltr\" role=\"presentation\">consentire<\/span> <span dir=\"ltr\" role=\"presentation\">l&#8217;<strong>allestimento<\/strong><\/span><strong> <span dir=\"ltr\" role=\"presentation\">delle<\/span> <span dir=\"ltr\" role=\"presentation\">strutture<\/span> <span dir=\"ltr\" role=\"presentation\">attrattive<\/span> <span dir=\"ltr\" role=\"presentation\">del<\/span> <span dir=\"ltr\" role=\"presentation\">Luna<\/span> <span dir=\"ltr\" role=\"presentation\">Park<\/span> <\/strong><span dir=\"ltr\" role=\"presentation\">divieto di sosta con rimozione forzata dei veicoli dal<\/span><span dir=\"ltr\" role=\"presentation\"> 29 maggio al 13 giugno; <\/span>\u00a0<span dir=\"ltr\" role=\"presentation\">modifica<\/span> <span dir=\"ltr\" role=\"presentation\">della<\/span> <span dir=\"ltr\" role=\"presentation\">regolamentazione<\/span> <span dir=\"ltr\" role=\"presentation\">della<\/span> <span dir=\"ltr\" role=\"presentation\">sosta<\/span> <span dir=\"ltr\" role=\"presentation\">dei<\/span> <span dir=\"ltr\" role=\"presentation\">veicoli,<\/span> <span dir=\"ltr\" role=\"presentation\">nell&#8217;area <\/span><span dir=\"ltr\" role=\"presentation\">regolamentata<\/span> <span dir=\"ltr\" role=\"presentation\">a<\/span> <span dir=\"ltr\" role=\"presentation\">disco<\/span> <span dir=\"ltr\" role=\"presentation\">orario<\/span> <span dir=\"ltr\" role=\"presentation\">in<\/span> <span dir=\"ltr\" role=\"presentation\">via<\/span> <span dir=\"ltr\" role=\"presentation\">A.<\/span> <span dir=\"ltr\" role=\"presentation\">Gabelli,<\/span> <span dir=\"ltr\" role=\"presentation\">nelle<\/span> <span dir=\"ltr\" role=\"presentation\">aree <\/span><span dir=\"ltr\" role=\"presentation\">regolamentate<\/span> <span dir=\"ltr\" role=\"presentation\">a<\/span> <span dir=\"ltr\" role=\"presentation\">pagamento<\/span> <span dir=\"ltr\" role=\"presentation\">del<\/span> <span dir=\"ltr\" role=\"presentation\">piazzale<\/span> <span dir=\"ltr\" role=\"presentation\">Associazione<\/span> <span dir=\"ltr\" role=\"presentation\">Bellunesi <\/span><span dir=\"ltr\" role=\"presentation\">Volontari del Sangue (tratto compreso tra il ponte degli Alpini e via <\/span><span dir=\"ltr\" role=\"presentation\">Gabelli) e in quella situata in via S. Biagio, consentendo la sosta a <\/span><span dir=\"ltr\" role=\"presentation\">titolo<\/span> <span dir=\"ltr\" role=\"presentation\">gratuito<\/span> <span dir=\"ltr\" role=\"presentation\">e<\/span> <span dir=\"ltr\" role=\"presentation\">senza<\/span> <span dir=\"ltr\" role=\"presentation\">limitazione<\/span> <span dir=\"ltr\" role=\"presentation\">temporale,<\/span> \u00a0<span dir=\"ltr\" role=\"presentation\">dal<\/span> <span dir=\"ltr\" role=\"presentation\">30 <\/span><span dir=\"ltr\" role=\"presentation\">maggio al 13 giugno; <\/span><span dir=\"ltr\" role=\"presentation\">divieto di sosta con rimozione forzata dei veicoli nel <\/span><span dir=\"ltr\" role=\"presentation\">piazza Associazione &#8220;della Bandiera&#8221;, nell&#8217;area posta a nord-est, lato <\/span><span dir=\"ltr\" role=\"presentation\">ditta Casal Auto, dal 25 maggio al<\/span><span dir=\"ltr\" role=\"presentation\"> 20 giugno. <\/span><span dir=\"ltr\" role=\"presentation\">Il titolo di abbonamento per i parcheggi a pagamento del \u201cPalasport\u201d e<\/span><span dir=\"ltr\" role=\"presentation\">\u201cSan Biagio\u201d avr\u00e0 validit\u00e0 per la sosta dei veicoli anche per il parcheggio <\/span><span dir=\"ltr\" role=\"presentation\">&#8220;ex Moi&#8221; in via Feltre, limitatamente al periodo temporale dal 30 maggio al <\/span><span dir=\"ltr\" role=\"presentation\">13 giugno<\/span><\/p>\n<p><span dir=\"ltr\" role=\"presentation\">***<br \/>\n<strong>Per consentire la creazione di un\u2019area di cantiere<\/strong> con posizionamento di ponteggi e di una gru edile divieto di circolazione veicolare nelle vie Matteotti e Loreto,\u00a0 dalle 7\u00a0alle 13\u00a0di domenica 29 maggio; istituzione del senso unico alternato di circolazione veicolare regolato a vista da idonea segnaletica stradale all\u2019intersezione tra le vie Matteotti, Garibaldi e Loreto in corrispondenza del cantiere,\u00a0 dal 29 maggio\u00a0 al 31 luglio; \u00a0soppressione degli stalli di sosta riservati ai veicoli impegnati nelle operazioni di carico\/scarico merci antistanti al civico 1 di via Loreto,\u00a0 dal\u00a029 maggio al 31 luglio<\/span><\/p>\n<blockquote>\n<h3><span dir=\"ltr\" role=\"presentation\">Modifiche alla circolazione in alcune vie e piazze<\/span><\/h3>\n<\/blockquote>\n<p><span dir=\"ltr\" role=\"presentation\"><strong>BELLUNO<\/strong> <\/span><span dir=\"ltr\" role=\"presentation\">Per<\/span> <span dir=\"ltr\" role=\"presentation\">consentire<\/span> <span dir=\"ltr\" role=\"presentation\">l&#8217;esecuzione<\/span> <span dir=\"ltr\" role=\"presentation\">dei<\/span> <span dir=\"ltr\" role=\"presentation\">lavori<\/span> <span dir=\"ltr\" role=\"presentation\">di<\/span> <span dir=\"ltr\" role=\"presentation\">rifacimento<\/span> <span dir=\"ltr\" role=\"presentation\">della<\/span> <span dir=\"ltr\" role=\"presentation\">segnaletica <\/span><span dir=\"ltr\" role=\"presentation\">stradale<\/span> <span dir=\"ltr\" role=\"presentation\">orizzontale, <\/span><span dir=\"ltr\" role=\"presentation\">oggi <\/span><span dir=\"ltr\" role=\"presentation\">si<\/span> <span dir=\"ltr\" role=\"presentation\">rende <\/span><span dir=\"ltr\" role=\"presentation\">necessario il restringimento della carreggiata con istituzione del<\/span> <span dir=\"ltr\" role=\"presentation\">senso <\/span><span dir=\"ltr\" role=\"presentation\">unico alternato di circolazione veicolare<\/span><span dir=\"ltr\" role=\"presentation\">, <\/span><span dir=\"ltr\" role=\"presentation\">\u00a0dalle 8 alle<\/span><span dir=\"ltr\" role=\"presentation\"> 12 e dalle\u00a0 13 alle\u00a0 18, nelle\u00a0 vie:\u00a0 Miari, <\/span><span dir=\"ltr\" role=\"presentation\">viale dei Dendrofori e galleria Belluno, via Gabelli, via Simon da Cusighe e <\/span><span dir=\"ltr\" role=\"presentation\">via Agordo.<\/span><\/p>\n<hr \/>\n<p>&nbsp;<\/p>\n<blockquote><p>&nbsp;<\/p><\/blockquote>\n<p>&nbsp;<\/p>\n<hr \/>\n<p>&nbsp;<\/p>\n<blockquote>\n<h3>RECLUTAMENTO DEGLI ADDETTI AL CENSIMENTO<\/h3>\n<\/blockquote>\n<p><strong>BELLUNO<\/strong> <span dir=\"ltr\" role=\"presentation\">E&#8217; stato pubblicato l&#8217;avviso per la selezione pubblica, per titoli e secondo <\/span><span dir=\"ltr\" role=\"presentation\">predeterminati<\/span> <span dir=\"ltr\" role=\"presentation\">criteri<\/span> <span dir=\"ltr\" role=\"presentation\">selettivi,<\/span> <span dir=\"ltr\" role=\"presentation\">per<\/span> <span dir=\"ltr\" role=\"presentation\">il<\/span> <span dir=\"ltr\" role=\"presentation\">conferimento<\/span> <span dir=\"ltr\" role=\"presentation\">dell\u2019incarico<\/span> <span dir=\"ltr\" role=\"presentation\">di<\/span> <span dir=\"ltr\" role=\"presentation\">un <\/span><span dir=\"ltr\" role=\"presentation\">coordinatore e operatore di back office e di dieci rilevatori statistici, per lo <\/span><span dir=\"ltr\" role=\"presentation\">svolgimento del Censimento Permanente della Popolazione 2022-2026. <\/span><span dir=\"ltr\" role=\"presentation\">I<\/span> <span dir=\"ltr\" role=\"presentation\">candidati<\/span> <span dir=\"ltr\" role=\"presentation\">interessati<\/span> <span dir=\"ltr\" role=\"presentation\">possono<\/span> <span dir=\"ltr\" role=\"presentation\">presentare<\/span> <span dir=\"ltr\" role=\"presentation\">domanda,<\/span> <span dir=\"ltr\" role=\"presentation\">esclusivamente<\/span><br role=\"presentation\" \/><span dir=\"ltr\" role=\"presentation\">utilizzando i moduli allegati all&#8217;avviso, entro le ore 12 del 3 giugno 2022.<\/span><\/p>\n<p>&nbsp;<\/p>\n<p>&nbsp;<\/p>\n<hr \/>\n<p>&nbsp;<\/p>\n<blockquote>\n<h3>MARTEDI&#8217; 31 MAGGIO L&#8217;ASSEMBLEA GENERALE DEL CONSORZIO BIM PIAVE<\/h3>\n<\/blockquote>\n<p><strong>BELLUNO<\/strong> L\u2019Assemblea Generale del Consorzio BIM Piave di Belluno e\u0300 convocata in seduta pubblica marted\u00ec 31 maggio alle 15 presso la \u201cSala Convegni della A.N.A. Sezione di Belluno\u201d in Via Attilio Tissi n. 10 a Belluno. Quattro punti all&#8217;ordine del giorno: Lettura ed approvazione verbali seduta precedente; Approvazione Rendiconto di gestione anno 2021; Prima variazione al Bilancio di Previsione 2022-2024; Modifica Regolamento per l\u2019assegnazione di contributi in conto capitale ai Comuni consorziati.<\/p>\n<p>&nbsp;<\/p>\n<p>&nbsp;<\/p>\n<hr \/>\n<p>&nbsp;<\/p>\n<blockquote>\n<h3><a class=\"dt-pswp-item\" href=\"https:\/\/www.radiopiu.net\/wordpress\/wp-content\/uploads\/2022\/05\/LUCIO-CARACCIOLO.jpg\" data-dt-img-description=\"\" data-large_image_width=\"174\" data-large_image_height=\"268\"><img loading=\"lazy\" decoding=\"async\" class=\"size-thumbnail wp-image-277219 alignleft\" src=\"https:\/\/www.radiopiu.net\/wordpress\/wp-content\/uploads\/2022\/05\/LUCIO-CARACCIOLO-150x150.jpg\" alt=\"\" width=\"150\" height=\"150\" \/><\/a>LUCIO CARACCIOLO A BELLUNO<\/h3>\n<\/blockquote>\n<p><strong>BELLUNO <\/strong>L\u2019Associazione Amici delle Scuole in Rete e le Scuole in Rete per un Mondo di Solidariet\u00e0 e Pace in sinergia con l\u2019APS Gianni Ballerio hanno riprogrammato per luned\u00ec 30 maggio 2022 alle\u00a0 ore 11.00 l\u2019incontro\/confronto con prof. Lucio Caracciolo, il massimo esperto di geopolitica in Italia, direttore della rivista italiana di geopolitica Limes, dal titolo \u201cL\u2019Europa nel confronto geopolitico tra democrazie e autoritarismi\u201d. L&#8217;incontro si potr\u00e0 seguire <strong>In streaming live o in differita su <\/strong><a href=\"https:\/\/www.studentibelluno.it\/le-scuole-in-rete\/905-caracciolo-22\">https:\/\/www.studentibelluno.it\/le-scuole-in-rete\/905-caracciolo-22<\/a><\/p>\n<p>&nbsp;<\/p>\n<p>&nbsp;<\/p>\n<hr \/>\n<p>&nbsp;<\/p>\n<blockquote>\n<h3>\u201cDELL\u2019ESSERE UNO\u201d. MOSTRA FOTOGRAFICA ORGANIZZATA DALLA COMMISSIONE PARI OPPORTUNITA\u2019 DI FELTRE<\/h3>\n<p><strong>FELTRE<\/strong> Il 2 giugno 2022, per il mese tradizionalmente dedicato all\u2019orgoglio LGBT, la Commissione Pari Opportunit\u00e0 di Feltre inaugurer\u00e0 la mostra fotografica \u201cDell\u2019essere uno\u201d. La mostra sar\u00e0 visitabile dal 2 giugno al 3 luglio 2022 presso la Galleria \u201cSora Porta\u201d, spin-off artistico del bar \u201cIl Cantonet\u201d, e sar\u00e0 ad accesso libero. L\u2019inaugurazione della mostra avr\u00e0 luogo alle 18.00 del 2 giugno<\/p>\n<p>&nbsp;<\/p><\/blockquote>\n<hr \/>\n<p>&nbsp;<\/p>\n<blockquote>\n<h3>MAGGIO AGORDINO CON L&#8217;ASSOCIAZIONE PERITI MINERARI INDUSTRIALI DI AGORDO<\/h3>\n<\/blockquote>\n<p><strong>AGORDO <\/strong>Torna l&#8217;appuntamento con &#8220;Maggio Agordino&#8221;, un ciclo di serate culturali e di divulgazione scientifica promosse da APIM &#8211; Associazione Periti Industriali Minerari di Agordo. Quest&#8217;anno il tema che costituir\u00e0 di fatto il filo conduttore delle serate sar\u00e0 il cambiamento climatico. Le serate in Sala Don Tamis con inizio alle 20:30. Oggi &#8220;Il clima che cambia(mo) e le nostre montagne&#8221;. Tutte le serate sono ad entrata libera<\/p>\n<p>&nbsp;<\/p>\n<p>&nbsp;<\/p>\n<hr \/>\n<p>&nbsp;<\/p>\n<blockquote>\n<h3>RIAPRE IL CASTELLO DI ANDRAZ<\/h3>\n<\/blockquote>\n<p><strong>LIVINALLONGO<\/strong> Con l\u2019arrivo dell\u2019estate riapre anche il Castello di Andraz, che quest\u2019anno festeggia il 10\u00b0 compleanno. Nel mese di giugno, il museo sar\u00e0 aperto dal gioved\u00ec alla domenica, dalle 10:00 alle 12:30 e dalle 14:30 alle 18:00. Per il momento le visite guidate saranno garantite solo su prenotazione al 334 3346680<\/p>\n<p>&nbsp;<\/p>\n<p>&nbsp;<\/p>\n<hr \/>\n<p>&nbsp;<\/p>\n<blockquote>\n<h3>CORTOMETRAGGI PER BAMBINI E CENTRO INTERNAZIONALE DEL LIBRO PARLATO A FONZASO<\/h3>\n<\/blockquote>\n<p><strong>FONZASO<\/strong> Oggi alle 21 rassegna \u201cPiccoli film, grandi storie\u201d, all\u2019ex-scuola elementare di Arten a Fonzaso. Per il terzo evento della rassegna, attraverso i cortometraggi di animazione i piu\u0300 piccoli verranno avvicinati al tema dell\u2019\u201cUnicita\u0300\u201d. Durante la serata interverra\u0300\u00a0 Luisa Alchini, presidente del Centro Internazionale del Libro Parlato, che aprira\u0300 libri nuovi e decisamente speciali interagendo con i bambini. La partecipazione e\u0300 gratuita, su iscrizione: https:\/\/dolomitihub.it\/lunicita\/<\/p>\n<p>&nbsp;<\/p>\n<hr \/>\n<p>&nbsp;<\/p>\n<blockquote>\n<h3>LILT BELLUNO FA TAPPA AL GIRO D&#8217;ITALIA, COLLABORA LA ULSS1 DOLOMITI<\/h3>\n<\/blockquote>\n<p><strong>BELLUNO <\/strong>Anche la sezione bellunese della Lilt (Lega Italiana per la Lotta contro i Tumori) far\u00e0 \u201ctappa\u201d, domani, al Giro d\u2019Italia. \u00abA Belluno saremo presenti in Piazza dei Martiri con un presidio in cui metteremo a disposizione materiale informativo e illustrativo\u00bb spiega la sezione bellunese Lilt. Inoltre in Piazza Piloni ci sar\u00e0 un\u2019unit\u00e0 mobile presente dalle 9 alle 13, messa a disposizione dalla Sma Service, in cui la dottoressa Pier Anna Dal Mas, dermatologa e nostra presidente, effettuer\u00e0 la mappatura dei nei. Vi sar\u00e0 anche l\u2019unit\u00e0 mobile del Ser.D. in cui il personale medico ed infermieristico, messo a disposizione dall\u2019Ulss 1 Dolomiti, effettuer\u00e0 attivit\u00e0 di educazione sanitaria e promozione della salute con la possibilit\u00e0 di misurare il Monossido di Carbonio.<\/p>\n<p>&nbsp;<\/p>\n<p>&nbsp;<\/p>\n<hr \/>\n<p>&nbsp;<\/p>\n<h2><span style=\"color: #ff0000;\"><strong>IERI ALLA RADIO<\/strong><\/span><\/h2>\n<h2><span style=\"color: #008080;\">120-80 \u2013 RITORNA A RADIO PIU\u2019 IL DOTTOR CESARE DAL BO<\/span><\/h2>\n<p><a class=\"dt-pswp-item\" href=\"https:\/\/www.radiopiu.net\/wordpress\/wp-content\/uploads\/2022\/05\/55964156_879293789068941_1810006627076538368_n.jpg\" data-dt-img-description=\"\" data-large_image_width=\"640\" data-large_image_height=\"640\"><img loading=\"lazy\" decoding=\"async\" class=\"size-thumbnail wp-image-277760 alignleft\" src=\"https:\/\/www.radiopiu.net\/wordpress\/wp-content\/uploads\/2022\/05\/55964156_879293789068941_1810006627076538368_n-150x150.jpg\" alt=\"\" width=\"150\" height=\"150\" srcset=\"https:\/\/www.radiopiu.net\/wordpress\/wp-content\/uploads\/2022\/05\/55964156_879293789068941_1810006627076538368_n-150x150.jpg 150w, https:\/\/www.radiopiu.net\/wordpress\/wp-content\/uploads\/2022\/05\/55964156_879293789068941_1810006627076538368_n-300x300.jpg 300w, https:\/\/www.radiopiu.net\/wordpress\/wp-content\/uploads\/2022\/05\/55964156_879293789068941_1810006627076538368_n.jpg 640w\" sizes=\"auto, (max-width: 150px) 100vw, 150px\" \/><\/a><strong>SPECIALE MENSILE &#8220;120-80&#8221; DEDICATO ALLA SANITA&#8217;. IN COLLABORAZIONE CON IL POLIAMBULATORIO AGORDINO, IN STUDIO IL DOTTOR CESARE DAL BO&#8217;.<\/strong><\/p>\n<blockquote><p><em>Dal Bo per quasi 40 anni ha lavorato come radiologo all\u2019ospedale di Agordo, un lavoro \u2013il suo \u2013finalizzato alla diagnostica e soltanto in piccola parte alla terapia. Dopo la pensione continua tuttora il suo lavoro come radiologo ma si occupa anche di ozonoterapia e ionorisonanza ciclotronica. Come mai questo interessamento verso forme diverse di medicina?<\/em><\/p><\/blockquote>\n<p>di Claudio Fontanive.<\/p>\n<audio class=\"wp-audio-shortcode\" id=\"audio-277795-6\" preload=\"none\" style=\"width: 100%;\" controls=\"controls\"><source type=\"audio\/mpeg\" src=\"https:\/\/www.radiopiu.net\/wordpress\/wp-content\/uploads\/2022\/05\/DAL-BO-26-MAGGIO.mp3?_=6\" \/><a href=\"https:\/\/www.radiopiu.net\/wordpress\/wp-content\/uploads\/2022\/05\/DAL-BO-26-MAGGIO.mp3\">https:\/\/www.radiopiu.net\/wordpress\/wp-content\/uploads\/2022\/05\/DAL-BO-26-MAGGIO.mp3<\/a><\/audio>\n<p>&nbsp;<\/p>\n<hr \/>\n<p>&nbsp;<\/p>\n<h2><span style=\"color: #808000;\">DUE AGORDINI AL MONDIALE DI PESTO GENOVESE AL MORTAIO<\/span><\/h2>\n<p><strong><a class=\"dt-pswp-item\" href=\"https:\/\/www.radiopiu.net\/wordpress\/wp-content\/uploads\/2022\/05\/a3ac4302-e334-4e78-8dcd-7c7b762f0abf.jpg\" data-dt-img-description=\"\" data-large_image_width=\"1920\" data-large_image_height=\"1080\"><img loading=\"lazy\" decoding=\"async\" class=\"size-thumbnail wp-image-277751 alignleft\" src=\"https:\/\/www.radiopiu.net\/wordpress\/wp-content\/uploads\/2022\/05\/a3ac4302-e334-4e78-8dcd-7c7b762f0abf-150x150.jpg\" alt=\"\" width=\"150\" height=\"150\" \/><\/a><\/strong><\/p>\n<p>&nbsp;<\/p>\n<p>&nbsp;<\/p>\n<p>&nbsp;<\/p>\n<p><strong>OSPITI, ROBERTO PANIZZA (GENOVA)\u00a0 \u00a0SILVANO SAVIO (STUDIO) E LIA DE BIASIO (GENOVA-VOLTAGO)<\/strong><\/p>\n<p><strong>AUDIO<\/strong><\/p>\n<audio class=\"wp-audio-shortcode\" id=\"audio-277795-7\" preload=\"none\" style=\"width: 100%;\" controls=\"controls\"><source type=\"audio\/mpeg\" src=\"https:\/\/www.radiopiu.net\/wordpress\/wp-content\/uploads\/2022\/05\/SILVANO-SAVIO-2.mp3?_=7\" \/><a href=\"https:\/\/www.radiopiu.net\/wordpress\/wp-content\/uploads\/2022\/05\/SILVANO-SAVIO-2.mp3\">https:\/\/www.radiopiu.net\/wordpress\/wp-content\/uploads\/2022\/05\/SILVANO-SAVIO-2.mp3<\/a><\/audio>\n<p>&nbsp;<\/p>\n<p>IL SITO UFFICIALE <span style=\"color: #0000ff;\"><strong><a style=\"color: #0000ff;\" href=\"https:\/\/www.pestochampionship.it\/\">CLICCA QUI<\/a><\/strong><\/span><\/p>\n<p><strong>L&#8217;ARTISTA WALTER DE BIASIO&#8230; AL LAVORO<\/strong><\/p>\n<div style=\"width: 640px;\" class=\"wp-video\"><video class=\"wp-video-shortcode\" id=\"video-277795-2\" width=\"640\" height=\"352\" preload=\"metadata\" controls=\"controls\"><source type=\"video\/mp4\" src=\"https:\/\/www.radiopiu.net\/wordpress\/wp-content\/uploads\/2022\/05\/WhatsApp-Video-2022-05-24-at-16.45.20.mp4?_=2\" \/><a href=\"https:\/\/www.radiopiu.net\/wordpress\/wp-content\/uploads\/2022\/05\/WhatsApp-Video-2022-05-24-at-16.45.20.mp4\">https:\/\/www.radiopiu.net\/wordpress\/wp-content\/uploads\/2022\/05\/WhatsApp-Video-2022-05-24-at-16.45.20.mp4<\/a><\/video><\/div>\n<p>&nbsp;<\/p>\n<hr \/>\n<p>&nbsp;<\/p>\n<blockquote>\n<h2>SAVE THE DATE, 2 GIUGNO PALAFALCADE CON L&#8217;ORCHESTRA DA BALLO DI BAGUTTI<\/h2>\n<h2><a class=\"dt-pswp-item\" href=\"https:\/\/www.radiopiu.net\/wordpress\/wp-content\/uploads\/2022\/05\/281706031_7621074247933383_5294172386003535739_n.jpg\" data-dt-img-description=\"\" data-large_image_width=\"1080\" data-large_image_height=\"1080\"><img loading=\"lazy\" decoding=\"async\" class=\"size-thumbnail wp-image-276498 alignleft\" src=\"https:\/\/www.radiopiu.net\/wordpress\/wp-content\/uploads\/2022\/05\/281706031_7621074247933383_5294172386003535739_n-150x150.jpg\" alt=\"\" width=\"150\" height=\"150\" srcset=\"https:\/\/www.radiopiu.net\/wordpress\/wp-content\/uploads\/2022\/05\/281706031_7621074247933383_5294172386003535739_n-150x150.jpg 150w, https:\/\/www.radiopiu.net\/wordpress\/wp-content\/uploads\/2022\/05\/281706031_7621074247933383_5294172386003535739_n-300x300.jpg 300w, https:\/\/www.radiopiu.net\/wordpress\/wp-content\/uploads\/2022\/05\/281706031_7621074247933383_5294172386003535739_n-1024x1024.jpg 1024w, https:\/\/www.radiopiu.net\/wordpress\/wp-content\/uploads\/2022\/05\/281706031_7621074247933383_5294172386003535739_n-768x768.jpg 768w, https:\/\/www.radiopiu.net\/wordpress\/wp-content\/uploads\/2022\/05\/281706031_7621074247933383_5294172386003535739_n.jpg 1080w\" sizes=\"auto, (max-width: 150px) 100vw, 150px\" \/><\/a><strong>OSPITI ANTONELLA SCHENA, CRISTIAN MASSARENTI E GIANMARCO BAGUTTI\u00a0<\/strong><\/h2>\n<\/blockquote>\n<p><strong>AUDIO\u00a0<\/strong><\/p>\n<audio class=\"wp-audio-shortcode\" id=\"audio-277795-8\" preload=\"none\" style=\"width: 100%;\" controls=\"controls\"><source type=\"audio\/mpeg\" src=\"https:\/\/www.radiopiu.net\/wordpress\/wp-content\/uploads\/2022\/05\/ginamarco-bagutti-18-maggio.mp3?_=8\" \/><a href=\"https:\/\/www.radiopiu.net\/wordpress\/wp-content\/uploads\/2022\/05\/ginamarco-bagutti-18-maggio.mp3\">https:\/\/www.radiopiu.net\/wordpress\/wp-content\/uploads\/2022\/05\/ginamarco-bagutti-18-maggio.mp3<\/a><\/audio>\n<p><strong>LO SPOT ALLA RADIO\u00a0<\/strong><\/p>\n<audio class=\"wp-audio-shortcode\" id=\"audio-277795-9\" preload=\"none\" style=\"width: 100%;\" controls=\"controls\"><source type=\"audio\/mpeg\" src=\"https:\/\/www.radiopiu.net\/wordpress\/wp-content\/uploads\/2022\/05\/BAGUTTI-SPOT.mp3?_=9\" \/><a href=\"https:\/\/www.radiopiu.net\/wordpress\/wp-content\/uploads\/2022\/05\/BAGUTTI-SPOT.mp3\">https:\/\/www.radiopiu.net\/wordpress\/wp-content\/uploads\/2022\/05\/BAGUTTI-SPOT.mp3<\/a><\/audio>\n<p>&nbsp;<\/p>\n<p>&nbsp;<\/p>\n<hr \/>\n<p>&nbsp;<\/p>\n<p>&nbsp;<\/p>\n<blockquote class=\"wp-embedded-content\" data-secret=\"fxdkcyNkth\"><p><a href=\"https:\/\/www.radiopiu.net\/wordpress\/39annimaggi25\/\">39 ANNI DI RADIO&#8230;L&#8217;ANGOLO DEI RICORDI, COME DICEVA GIORGIO FAVERO &#8220;VALLI SEI STATA MERAVIGLIOSA&#8221;<\/a><\/p><\/blockquote>\n<p><iframe loading=\"lazy\" class=\"wp-embedded-content\" sandbox=\"allow-scripts\" security=\"restricted\" style=\"position: absolute; clip: rect(1px, 1px, 1px, 1px);\" title=\"&#8220;39 ANNI DI RADIO&#8230;L&#8217;ANGOLO DEI RICORDI, COME DICEVA GIORGIO FAVERO &#8220;VALLI SEI STATA MERAVIGLIOSA&#8221;&#8221; &#8212; Radio Pi\u00f9\" src=\"https:\/\/www.radiopiu.net\/wordpress\/39annimaggi25\/embed\/#?secret=SDzbHTUQ2S#?secret=fxdkcyNkth\" data-secret=\"fxdkcyNkth\" width=\"600\" height=\"338\" frameborder=\"0\" marginwidth=\"0\" marginheight=\"0\" scrolling=\"no\"><\/iframe><\/p>\n<p>&nbsp;<\/p>\n<p>&nbsp;<\/p>\n<hr \/>\n<p>&nbsp;<\/p>\n<h2><span style=\"color: #008080;\">SALUTE &amp; SOCIETA&#8217;\u00a0<\/span><\/h2>\n<p><strong>LA RACCOLTA<\/strong><\/p>\n<blockquote class=\"wp-embedded-content\" data-secret=\"unDPGMV6FM\"><p><a href=\"https:\/\/www.radiopiu.net\/wordpress\/saluteesocieta\/\">Salute e Societ\u00e0<\/a><\/p><\/blockquote>\n<p><iframe loading=\"lazy\" class=\"wp-embedded-content\" sandbox=\"allow-scripts\" security=\"restricted\" style=\"position: absolute; clip: rect(1px, 1px, 1px, 1px);\" title=\"&#8220;Salute e Societ\u00e0&#8221; &#8212; Radio Pi\u00f9\" src=\"https:\/\/www.radiopiu.net\/wordpress\/saluteesocieta\/embed\/#?secret=4L25voRE5E#?secret=unDPGMV6FM\" data-secret=\"unDPGMV6FM\" width=\"600\" height=\"338\" frameborder=\"0\" marginwidth=\"0\" marginheight=\"0\" scrolling=\"no\"><\/iframe><\/p>\n<p>&nbsp;<\/p>\n<hr \/>\n<p>&nbsp;<\/p>\n<h2><span style=\"color: #ff00ff;\">007 IN CONDOTTA CON LA PROF. MARIA ROSA SALMAZO<\/span><\/h2>\n<p><strong>LA RACCOLTA COMPLETA\u00a0<\/strong><\/p>\n<blockquote class=\"wp-embedded-content\" data-secret=\"D3FaujZnxt\"><p><a href=\"https:\/\/www.radiopiu.net\/wordpress\/007incondotta-9\/\">007 in condotta<\/a><\/p><\/blockquote>\n<p><iframe loading=\"lazy\" class=\"wp-embedded-content\" sandbox=\"allow-scripts\" security=\"restricted\" style=\"position: absolute; clip: rect(1px, 1px, 1px, 1px);\" title=\"&#8220;007 in condotta&#8221; &#8212; Radio Pi\u00f9\" src=\"https:\/\/www.radiopiu.net\/wordpress\/007incondotta-9\/embed\/#?secret=FsmtiabclG#?secret=D3FaujZnxt\" data-secret=\"D3FaujZnxt\" width=\"600\" height=\"338\" frameborder=\"0\" marginwidth=\"0\" marginheight=\"0\" scrolling=\"no\"><\/iframe><\/p>\n<p>&nbsp;<\/p>\n<hr \/>\n<h3 class=\"kvgmc6g5 cxmmr5t8 oygrvhab hcukyx3x c1et5uql\"><span style=\"color: #0000ff;\"><strong>\u00a0<\/strong><\/span><\/h3>\n<h3 class=\"kvgmc6g5 cxmmr5t8 oygrvhab hcukyx3x c1et5uql\"><span style=\"color: #0000ff;\"><strong>INFORMAZIONE il canale su TELEGRAM informazione di prima mano e in tempo reale. iscriviti ed aiutaci a farlo conoscere\u00a0 \u00a0<\/strong><\/span><\/h3>\n<p>&nbsp;<\/p>\n<hr \/>\n<p>&nbsp;<\/p>\n<h2><span style=\"color: #800080;\">STORIE A QUATTROCCHI\u00a0 \u00a0<\/span><\/h2>\n<p><strong>LA PUNTATA DEL 25 MAGGIO 2022<\/strong><\/p>\n<audio class=\"wp-audio-shortcode\" id=\"audio-277795-10\" preload=\"none\" style=\"width: 100%;\" controls=\"controls\"><source type=\"audio\/mpeg\" src=\"https:\/\/www.radiopiu.net\/wordpress\/wp-content\/uploads\/2022\/05\/QOCCHI6-1.mp3?_=10\" \/><a href=\"https:\/\/www.radiopiu.net\/wordpress\/wp-content\/uploads\/2022\/05\/QOCCHI6-1.mp3\">https:\/\/www.radiopiu.net\/wordpress\/wp-content\/uploads\/2022\/05\/QOCCHI6-1.mp3<\/a><\/audio>\n<p><strong>\u00a0<\/strong><\/p>\n<p>&nbsp;<\/p>\n<p><strong>LA RACCOLTA COMPLETA\u00a0<\/strong><\/p>\n<blockquote class=\"wp-embedded-content\" data-secret=\"IQc9iWToqf\"><p><a href=\"https:\/\/www.radiopiu.net\/wordpress\/storie-a-quattrocchi\/\">Storie a quattrocchi<\/a><\/p><\/blockquote>\n<p><iframe loading=\"lazy\" class=\"wp-embedded-content\" sandbox=\"allow-scripts\" security=\"restricted\" style=\"position: absolute; clip: rect(1px, 1px, 1px, 1px);\" title=\"&#8220;Storie a quattrocchi&#8221; &#8212; Radio Pi\u00f9\" src=\"https:\/\/www.radiopiu.net\/wordpress\/storie-a-quattrocchi\/embed\/#?secret=wndjBateMl#?secret=IQc9iWToqf\" data-secret=\"IQc9iWToqf\" width=\"600\" height=\"338\" frameborder=\"0\" marginwidth=\"0\" marginheight=\"0\" scrolling=\"no\"><\/iframe><\/p>\n<p>&nbsp;<\/p>\n<hr \/>\n<p>&nbsp;<\/p>\n<h2><\/h2>\n<h2><span style=\"color: #008080;\">&#8220;DINTORN E FORA VIA&#8221; A CURA DEL MUSLA, IL NUOVO PROGRAMMA\u00a0\u00a0<\/span><\/h2>\n<p><strong><a class=\"dt-pswp-item\" href=\"https:\/\/www.radiopiu.net\/wordpress\/wp-content\/uploads\/2022\/05\/MUSLA.jpeg\" data-dt-img-description=\"\" data-large_image_width=\"365\" data-large_image_height=\"250\"><img loading=\"lazy\" decoding=\"async\" class=\"alignleft wp-image-277333 \" src=\"https:\/\/www.radiopiu.net\/wordpress\/wp-content\/uploads\/2022\/05\/MUSLA-300x205.jpeg\" alt=\"\" width=\"168\" height=\"115\" srcset=\"https:\/\/www.radiopiu.net\/wordpress\/wp-content\/uploads\/2022\/05\/MUSLA-300x205.jpeg 300w, https:\/\/www.radiopiu.net\/wordpress\/wp-content\/uploads\/2022\/05\/MUSLA.jpeg 365w\" sizes=\"auto, (max-width: 168px) 100vw, 168px\" \/><\/a>PUNTATA DEL 24 MAGGIO 2022 &#8211; CON DAVIDE CONEDERA<\/strong><\/p>\n<audio class=\"wp-audio-shortcode\" id=\"audio-277795-11\" preload=\"none\" style=\"width: 100%;\" controls=\"controls\"><source type=\"audio\/mpeg\" src=\"https:\/\/www.radiopiu.net\/wordpress\/wp-content\/uploads\/2022\/05\/MUSLA-5.mp3?_=11\" \/><a href=\"https:\/\/www.radiopiu.net\/wordpress\/wp-content\/uploads\/2022\/05\/MUSLA-5.mp3\">https:\/\/www.radiopiu.net\/wordpress\/wp-content\/uploads\/2022\/05\/MUSLA-5.mp3<\/a><\/audio>\n<p>&nbsp;<\/p>\n<p><strong>LA RACCOLTA COMPLETA<\/strong><\/p>\n<blockquote class=\"wp-embedded-content\" data-secret=\"RxDJrcVq2T\"><p><a href=\"https:\/\/www.radiopiu.net\/wordpress\/musla\/\">MUSLA<\/a><\/p><\/blockquote>\n<p><iframe loading=\"lazy\" class=\"wp-embedded-content\" sandbox=\"allow-scripts\" security=\"restricted\" style=\"position: absolute; clip: rect(1px, 1px, 1px, 1px);\" title=\"&#8220;MUSLA&#8221; &#8212; Radio Pi\u00f9\" src=\"https:\/\/www.radiopiu.net\/wordpress\/musla\/embed\/#?secret=n1jA065TD3#?secret=RxDJrcVq2T\" data-secret=\"RxDJrcVq2T\" width=\"600\" height=\"338\" frameborder=\"0\" marginwidth=\"0\" marginheight=\"0\" scrolling=\"no\"><\/iframe><\/p>\n<p>&nbsp;<\/p>\n<p>&nbsp;<\/p>\n<p>&nbsp;<\/p>\n<hr \/>\n<p>&nbsp;<\/p>\n<h2><span style=\"color: #800080;\">GIROVAGANDO IN E-BIKE 2022<\/span><\/h2>\n<p><strong><img loading=\"lazy\" decoding=\"async\" class=\"alignleft\" src=\"https:\/\/www.radiopiu.net\/wordpress\/wp-content\/uploads\/2022\/05\/975b4139-d6c9-471c-8745-9dec2eda7544.jpg\" width=\"137\" height=\"183\" \/> <\/strong><\/p>\n<p><strong>PUNTATA 04 \u2013 2022 \u2013 SECONDA STAGIONE<\/strong><\/p>\n<p><strong>REDAZIONE<\/strong> Tornano gli amici di Girovagando in E-Bike delle Dolomiti. Con la collaborazione di Thomas Soppelsa<\/p>\n<p><strong>PUNTATA DEL 26\u00a0 MAGGIO 2022<\/strong><\/p>\n<p>&nbsp;<\/p>\n<p>&nbsp;<\/p>\n<p>&nbsp;<\/p>\n<p><strong>AUDIO con Thomas Soppera<\/strong><\/p>\n<audio class=\"wp-audio-shortcode\" id=\"audio-277795-12\" preload=\"none\" style=\"width: 100%;\" controls=\"controls\"><source type=\"audio\/mpeg\" src=\"https:\/\/www.radiopiu.net\/wordpress\/wp-content\/uploads\/2022\/05\/thomas.mp3?_=12\" \/><a href=\"https:\/\/www.radiopiu.net\/wordpress\/wp-content\/uploads\/2022\/05\/thomas.mp3\">https:\/\/www.radiopiu.net\/wordpress\/wp-content\/uploads\/2022\/05\/thomas.mp3<\/a><\/audio>\n<p>&nbsp;<\/p>\n<p><strong>LA RACCOLTA<\/strong><\/p>\n<blockquote class=\"wp-embedded-content\" data-secret=\"oTsQMmC8al\"><p><a href=\"https:\/\/www.radiopiu.net\/wordpress\/girovagando-in-e-bike-tra-le-dolomiti\/\">GIROVAGANDO IN E BIKE TRA LE DOLOMITI<\/a><\/p><\/blockquote>\n<p><iframe loading=\"lazy\" class=\"wp-embedded-content\" sandbox=\"allow-scripts\" security=\"restricted\" style=\"position: absolute; clip: rect(1px, 1px, 1px, 1px);\" title=\"&#8220;GIROVAGANDO IN E BIKE TRA LE DOLOMITI&#8221; &#8212; Radio Pi\u00f9\" src=\"https:\/\/www.radiopiu.net\/wordpress\/girovagando-in-e-bike-tra-le-dolomiti\/embed\/#?secret=xYnQlYUgPm#?secret=oTsQMmC8al\" data-secret=\"oTsQMmC8al\" width=\"600\" height=\"338\" frameborder=\"0\" marginwidth=\"0\" marginheight=\"0\" scrolling=\"no\"><\/iframe><\/p>\n<p>&nbsp;<\/p>\n<p>&nbsp;<\/p>\n<hr \/>\n<p>&nbsp;<\/p>\n<blockquote>\n<h3>DON MATTEO COLLE NOMINATO DAL VESCOVO AMMINISTRATORE DELLE PARROCCHIE DI CANALE D&#8217;AGORDO E VALLADA AGORDINA<\/h3>\n<\/blockquote>\n<p><strong>di\u00a0 RENATO BONA<\/strong><\/p>\n<p>Cordoglio per la scomparsa di tre sacerdoti: Bortolo Lino Del Favero, Lucio Giazzon e Luigi De Rocco Il vescovo di Belluno-Feltre monsignor Renato Marangoni a seguito delle gravi conseguenze riportate dal parroco di Canale d&#8217;Agordo e Vallada Agordina, don Vito De Vido, coinvolto in un incidente della strada che ha comportatro il ricovero in ospedale a Treviso, ha indirizzato una lettera alle due comunit\u00e0 parrocchiali dove rivolge l&#8217;invito ad &#8220;una preghiera solerte e costante per don Vito e la sua guarigione&#8221; ed annuncia di aver deciso di affidare la cura pastorale delle due comunit\u00e0 a don Matteo Colle. Il provvedimento &#8211; si pu\u00f2 leggere nel sito diocesano &#8220;chiesabellunofeltre&#8221; &#8211; \u00e8 stato determinato dal fatto che dopo il complesso intervento chirurgico cui \u00e8 stato sottoposto, don Vito avr\u00e0 bisogno di un periodo di degenza per convalescenza &#8220;che si prevede protratto nel tempo&#8221;. L&#8217;indomani dell&#8217;incidente lo stesso parroco aveva rassicurtato gli amici con un post su Facebook: &#8220;Grazie a tutti. Mezzo rotto ma vivo. Sar\u00e0 un po\u2019 lunga\u2026 Abbiamo sempre fede in Dio. Egli \u00e8 medico e medicina. Un\u2019Ave Maria per voi&#8221;. Ma i tempi di guarigione saranno inevitabilmente lunghi e proprio in questi mesi &#8220;la comunit\u00e0 di Canale d\u2019Agordo, in unione a quella di Vallada e a tutta la Diocesi, sta vivendo la preparazione immediata alla celebrazione della beatificazione di Giovanni Paolo I, il &#8220;Papa bellunese del sorriso&#8221;, circostanza che render\u00e0 particolari le settimane estive nei luoghi d\u2019origine di Papa Luciani, dove si rende necessaria la presenza di un prete&#8221;. Marangoni ha espresso a don Colle gratitudine per la disponibilit\u00e0, mentre lo affida all\u2019attenzione e alla cura dei paesani &#8220;perch\u00e9 possa servire pastoralmente le comunit\u00e0 e assicurare un accompagnamento spirituale ai pellegrini che verranno a visitare i luoghi di origine di don Albino&#8221;. Lo stesso sito diocesano ha dedicato giusto spazio alla scomparsa, nella casa di riposo di Meano di Santa Giustina dove era da tempo ritirato, di don Bortolo Lino Del Favero, mancato all&#8217;et\u00e0 di 81 anni. Nato a Valle di Cadore il 16 gennaio 1941, da Albino e Mirca Da Corte, frequent\u00f2 i seminari di Feltre e di Belluno, ricevendo l\u2019ordinazione presbiterale, il 28 giugno 1965, dalle mani del vescovo Gioacchino Muccin. Il primo incarico come vicario cooperatore a Calalzo dal 1965 al 1969; nel 1969 fu per un anno a Santo Stefano di Cadore con lo stesso incarico e quindi a Limana dal 1969 al 1971. Divenne poi parroco di Padola, dal 1971 al 1979, e dal 1979 al 1995 di Calalzo di Cadore. Pass\u00f2 poi per dieci anni a Farra d\u2019Alpago (1995-2005), cui si aggiunse anche la parrocchia di Santa Croce del Lago. Da ultimo fu arciprete di Pieve d\u2019Alpago e vicario foraneo dell\u2019Alpago dal 2005 al 2017; negli anni passati a Pieve d\u2019Alpago, assunse anche la guida della parrocchia di Tignes \u201cin solido\u201d con don Antonio Perotto e poi \u2013 sempre \u201cin solido\u201d \u2013 anche delle parrocchie di Lamosano e Chies insieme a don Alvise Costa. Dal 1995 al 2020 fu assistente dell\u2019Unitalsi di Belluno-Feltre; per questo \u00e8 stato insignito dell\u2019onorificenza di \u201cCappellano della Grotta di Lourdes\u201d. In diocesi ha svolto anche il ruolo di assistente spirituale del Rinnovamento dello Spirito. Dopo essersi ritirato dal ministero di parroco, ha svolto per un breve periodo il compito di confessore in Cattedrale a Belluno. Anni fa, per motivi di salute, era stato accolto nella casa di riposo di Meano dove, fin quando la salute glielo ha permesso, \u00e8 stato presenza di riferimento spirituale. Nedl suo ricordo Unitalsi ha voluto unirsi alla preghiera del Rosario nel Santuario mariano del Nevegal. Dopo il funerale nella cattedrale di Belluno, la sepoltura nel cimitero di Valle di Cadore. Altro lutto della Chiesa diocesana: \u00e8 infatti deceduto il canossiano padre Lucio Giazzon, al secolo Rino, originario di Santa Giustina, fratello di don Aldo e cugino di don Marino. Era ricoverato presso l\u2019ospedale di Feltre. Dopo anni di attivit\u00e0 in varie localit\u00e0 d\u2019Italia, negli ultimi dieci ha svolto il suo servizio nella comunit\u00e0 dei padri canossiani di Feltre. Nel prossimo giugno avrebbe compiuto 90 anni: era infatti nato il 18 giugno 1932, secondo di nove fratelli. Entr\u00f2 in seminario a 14 anni e nel 1953 inizi\u00f2 il noviziato tra i canossiani a Castel d\u2019Asolo; venne ordinato presbitero a Venezia il 20 aprile 1960. La nostra Chiesa locale &#8211; si legge nel sito &#8220;chiesabellunofeltre&#8221; &#8211; lo raccomanda al Signore con la preghiera e lo ricorda con un particolare pensiero di vicinanza per i suoi familiari e per don Aldo. La messa esequiale \u00e8 stata celebrata nella chiesa parrocchiale di Santa Giustina. Ancora un decesso: \u00e8 quello di don Luigi De Rocco che tutti chiamavano Gigi; da tempo era ospite della casa &#8220;Padre Kolbe&#8221; di Pedavena. Lascia di s\u00e9 un bel ricordo di uomo libero e amabile, fedele e sincero nell\u2019amicizia. Figlio di Giovanni e di Pellegrina De Fanti (entrambi deceduti a seguito di incidenti stradali) era nato a Dont (Val di Zoldo) il 3 aprile 1945. Dopo gli anni del Seminario, venne ordinato presbitero a Dont il 24 novembre 1969. Visse i primi anni del ministero come vicario parrocchiale nella parrocchia cittadina di Santo Stefano (1970-1972), per poi passare a Longarone (1972-1975). Dal 1975 al 1977 fu parroco di Chies d\u2019Alpago. Fece poi una breve esperienza pastorale con il Movimento dei Focolari nella chiesa matrice di Augusta, in provincia di Siracusa (1977-1978). Al seguito dello stesso movimento, decise di andare missionario in Brasile: dal 1979 al 1983 fu nella diocesi di San Paolo e di Recife; poi, dal 1983 al 1988 in quella di Benevides, nello stato del Par\u00e0; infine dal 1988 al 2002 nella diocesi di Palmares, dove fu molto attivo nella cura dei \u201cmeninos de rua\u201d, sostenuto dalle adozioni a distanza che venivano soprattutto dalla Val di Zoldo; fu anche economo della diocesi. Rientrato in diocesi, pass\u00f2 gli anni seguenti in Zoldo, entrando attivamente nella piccola squadra di presbiteri, che servivano le parrocchie della valle, guidati da don Francesco Soccol e poi da don Moreno Baldo. Nell\u2019autunno del 2013 segu\u00ec don Francesco nelle parrocchie di Cavarzano e Sargnano, dove rimase fino al 2018. Per\u00f2, a seguito di un grave incidente stradale occorso in Germania nell\u2019estate del 2010, mentre visitava i fratelli e i gelatieri della val di Zoldo, la salute di don Gigi cominci\u00f2 a risentirne, finch\u00e9 nel 2018 si decise il ricovero in casa Kolbe a Pedavena. Uomo libero e amabile, fedele e sincero nell\u2019amicizia, ha lasciato un bel ricordo di s\u00e9 nelle parrocchie dove ha esercitato il suo ministero. Il funerale \u00e8 stato celebrato nella chiesa di Pieve di Zoldo e quindi la salma \u00e8 stata sepolta nel cimitero di Dont.<\/p>\n\n\t\t\t<style type='text\/css'>\n\t\t\t\t#gallery-12 {\n\t\t\t\t\tmargin: auto;\n\t\t\t\t}\n\t\t\t\t#gallery-12 .gallery-item {\n\t\t\t\t\tfloat: left;\n\t\t\t\t\tmargin-top: 10px;\n\t\t\t\t\ttext-align: center;\n\t\t\t\t\twidth: 25%;\n\t\t\t\t}\n\t\t\t\t#gallery-12 img {\n\t\t\t\t\tborder: 2px solid #cfcfcf;\n\t\t\t\t}\n\t\t\t\t#gallery-12 .gallery-caption {\n\t\t\t\t\tmargin-left: 0;\n\t\t\t\t}\n\t\t\t\t\/* see gallery_shortcode() in wp-includes\/media.php *\/\n\t\t\t<\/style>\n\t\t<div id='gallery-12' class='dt-gallery-container gallery galleryid-277795 gallery-columns-4 gallery-size-thumbnail'><dl class='gallery-item'>\n\t\t\t\t<dt class='gallery-icon portrait'>\n\t\t\t\t\t<a class=\"rollover rollover-zoom dt-pswp-item\" title=\"283480946_3343452175874461_5712121139837747673_n\" data-dt-img-description=\"\" data-large_image_width=\"180\" data-large_image_height=\"201\"href='https:\/\/www.radiopiu.net\/wordpress\/wp-content\/uploads\/2022\/05\/283480946_3343452175874461_5712121139837747673_n.jpg'><img loading=\"lazy\" decoding=\"async\" width=\"150\" height=\"150\" src=\"https:\/\/www.radiopiu.net\/wordpress\/wp-content\/uploads\/2022\/05\/283480946_3343452175874461_5712121139837747673_n-150x150.jpg\" class=\"attachment-thumbnail size-thumbnail\" alt=\"\" \/><\/a>\n\t\t\t\t<\/dt><\/dl><dl class='gallery-item'>\n\t\t\t\t<dt class='gallery-icon portrait'>\n\t\t\t\t\t<a class=\"rollover rollover-zoom dt-pswp-item\" title=\"283867278_561078502115987_7471699347175491715_n\" data-dt-img-description=\"\" data-large_image_width=\"122\" data-large_image_height=\"170\"href='https:\/\/www.radiopiu.net\/wordpress\/wp-content\/uploads\/2022\/05\/283867278_561078502115987_7471699347175491715_n.jpg'><img loading=\"lazy\" decoding=\"async\" width=\"122\" height=\"150\" src=\"https:\/\/www.radiopiu.net\/wordpress\/wp-content\/uploads\/2022\/05\/283867278_561078502115987_7471699347175491715_n-122x150.jpg\" class=\"attachment-thumbnail size-thumbnail\" alt=\"\" \/><\/a>\n\t\t\t\t<\/dt><\/dl><dl class='gallery-item'>\n\t\t\t\t<dt class='gallery-icon landscape'>\n\t\t\t\t\t<a class=\"rollover rollover-zoom dt-pswp-item\" title=\"283432021_530174092084369_9200186001477302054_n\" data-dt-img-description=\"\" data-large_image_width=\"215\" data-large_image_height=\"206\"href='https:\/\/www.radiopiu.net\/wordpress\/wp-content\/uploads\/2022\/05\/283432021_530174092084369_9200186001477302054_n.jpg'><img loading=\"lazy\" decoding=\"async\" width=\"150\" height=\"150\" src=\"https:\/\/www.radiopiu.net\/wordpress\/wp-content\/uploads\/2022\/05\/283432021_530174092084369_9200186001477302054_n-150x150.jpg\" class=\"attachment-thumbnail size-thumbnail\" alt=\"\" \/><\/a>\n\t\t\t\t<\/dt><\/dl><dl class='gallery-item'>\n\t\t\t\t<dt class='gallery-icon landscape'>\n\t\t\t\t\t<a class=\"rollover rollover-zoom dt-pswp-item\" title=\"283967730_434445671348070_5220688387946251840_n\" data-dt-img-description=\"\" data-large_image_width=\"275\" data-large_image_height=\"206\"href='https:\/\/www.radiopiu.net\/wordpress\/wp-content\/uploads\/2022\/05\/283967730_434445671348070_5220688387946251840_n.jpg'><img loading=\"lazy\" decoding=\"async\" width=\"150\" height=\"150\" src=\"https:\/\/www.radiopiu.net\/wordpress\/wp-content\/uploads\/2022\/05\/283967730_434445671348070_5220688387946251840_n-150x150.jpg\" class=\"attachment-thumbnail size-thumbnail\" alt=\"\" \/><\/a>\n\t\t\t\t<\/dt><\/dl><br style=\"clear: both\" \/><dl class='gallery-item'>\n\t\t\t\t<dt class='gallery-icon portrait'>\n\t\t\t\t\t<a class=\"rollover rollover-zoom dt-pswp-item\" title=\"283284051_551490543056172_8739324128257697674_n\" data-dt-img-description=\"\" data-large_image_width=\"197\" data-large_image_height=\"206\"href='https:\/\/www.radiopiu.net\/wordpress\/wp-content\/uploads\/2022\/05\/283284051_551490543056172_8739324128257697674_n.jpg'><img loading=\"lazy\" decoding=\"async\" width=\"150\" height=\"150\" src=\"https:\/\/www.radiopiu.net\/wordpress\/wp-content\/uploads\/2022\/05\/283284051_551490543056172_8739324128257697674_n-150x150.jpg\" class=\"attachment-thumbnail size-thumbnail\" alt=\"\" \/><\/a>\n\t\t\t\t<\/dt><\/dl><dl class='gallery-item'>\n\t\t\t\t<dt class='gallery-icon landscape'>\n\t\t\t\t\t<a class=\"rollover rollover-zoom dt-pswp-item\" title=\"283971011_403294915005305_8658110495938435787_n\" data-dt-img-description=\"\" data-large_image_width=\"275\" data-large_image_height=\"206\"href='https:\/\/www.radiopiu.net\/wordpress\/wp-content\/uploads\/2022\/05\/283971011_403294915005305_8658110495938435787_n.jpg'><img loading=\"lazy\" decoding=\"async\" width=\"150\" height=\"150\" src=\"https:\/\/www.radiopiu.net\/wordpress\/wp-content\/uploads\/2022\/05\/283971011_403294915005305_8658110495938435787_n-150x150.jpg\" class=\"attachment-thumbnail size-thumbnail\" alt=\"\" \/><\/a>\n\t\t\t\t<\/dt><\/dl><dl class='gallery-item'>\n\t\t\t\t<dt class='gallery-icon landscape'>\n\t\t\t\t\t<a class=\"rollover rollover-zoom dt-pswp-item\" title=\"283764293_400525015293160_4644920759042255103_n\" data-dt-img-description=\"\" data-large_image_width=\"150\" data-large_image_height=\"150\"href='https:\/\/www.radiopiu.net\/wordpress\/wp-content\/uploads\/2022\/05\/283764293_400525015293160_4644920759042255103_n.jpg'><img loading=\"lazy\" decoding=\"async\" width=\"150\" height=\"150\" src=\"https:\/\/www.radiopiu.net\/wordpress\/wp-content\/uploads\/2022\/05\/283764293_400525015293160_4644920759042255103_n.jpg\" class=\"attachment-thumbnail size-thumbnail\" alt=\"\" \/><\/a>\n\t\t\t\t<\/dt><\/dl><dl class='gallery-item'>\n\t\t\t\t<dt class='gallery-icon landscape'>\n\t\t\t\t\t<a class=\"rollover rollover-zoom dt-pswp-item\" title=\"283487813_4041758119383698_1642997935165519793_n\" data-dt-img-description=\"\" data-large_image_width=\"275\" data-large_image_height=\"206\"href='https:\/\/www.radiopiu.net\/wordpress\/wp-content\/uploads\/2022\/05\/283487813_4041758119383698_1642997935165519793_n.jpg'><img loading=\"lazy\" decoding=\"async\" width=\"150\" height=\"150\" src=\"https:\/\/www.radiopiu.net\/wordpress\/wp-content\/uploads\/2022\/05\/283487813_4041758119383698_1642997935165519793_n-150x150.jpg\" class=\"attachment-thumbnail size-thumbnail\" alt=\"\" \/><\/a>\n\t\t\t\t<\/dt><\/dl><br style=\"clear: both\" \/>\n\t\t\t<\/div>\n\n<p>NELLE FOTO (dal sito chiesabellunofeltre): don Matteo Colle nominatro dal Vescovo Marangoni amministratore parrocchiale di Canale d&#8217;Agordo e Vallada Agordina per l&#8217;assenza del titolare delle due parrocchie; don Vito De Vido il parroco rimasto gravemente ferito in un incidente stradale; don Bortolo Lino Del Favero mancato nella casa di riposo di Meano; il sacerdote col vescovo monsignor Renato Marangoni e in occasione di un pellegrinaggio; padre Lucio Giazzon, mancato mentre era ricoverato all&#8217;ospedale di Feltre; il canossiano durante una celebrazione; don Luigi De Rocco deceduto nella casa &#8220;Kolbe&#8221; di Pedavena; il sacerdote, originario di Dont di Zoldo, in una foto-ricordo con alcuni confratelli.<\/p>\n<p>&nbsp;<\/p>\n<hr \/>\n<p>&nbsp;<\/p>\n<div>\n<div class=\"b654a4as d2edcug0\">\n<div class=\"rq0escxv hkbzh7o3 jwdofwj8 n8tt0mok r8blr3vg hyh9befq\">\n<p><a class=\"dt-pswp-item\" href=\"https:\/\/www.radiopiu.net\/wordpress\/wp-content\/uploads\/2020\/10\/pp.jpg\" data-dt-img-description=\"\" data-large_image_width=\"640\" data-large_image_height=\"640\"><img loading=\"lazy\" decoding=\"async\" class=\"wp-image-163678 alignleft\" src=\"https:\/\/www.radiopiu.net\/wordpress\/wp-content\/uploads\/2020\/10\/pp-300x300.jpg\" alt=\"\" width=\"106\" height=\"106\" srcset=\"https:\/\/www.radiopiu.net\/wordpress\/wp-content\/uploads\/2020\/10\/pp-300x300.jpg 300w, https:\/\/www.radiopiu.net\/wordpress\/wp-content\/uploads\/2020\/10\/pp-150x150.jpg 150w, https:\/\/www.radiopiu.net\/wordpress\/wp-content\/uploads\/2020\/10\/pp-125x125.jpg 125w, https:\/\/www.radiopiu.net\/wordpress\/wp-content\/uploads\/2020\/10\/pp-200x200.jpg 200w, https:\/\/www.radiopiu.net\/wordpress\/wp-content\/uploads\/2020\/10\/pp-80x80.jpg 80w, https:\/\/www.radiopiu.net\/wordpress\/wp-content\/uploads\/2020\/10\/pp-480x480.jpg 480w, https:\/\/www.radiopiu.net\/wordpress\/wp-content\/uploads\/2020\/10\/pp.jpg 640w\" sizes=\"auto, (max-width: 106px) 100vw, 106px\" \/><\/a><\/p>\n<\/div>\n<\/div>\n<\/div>\n<div>\n<div class=\"page-title-head hgroup\">\n<div class=\"page-title-head hgroup\">\n<div class=\"b654a4as d2edcug0\">\n<div class=\"j83agx80 btwxx1t3 lhclo0ds hop8lmos nkwizq5d scwd0bx6 roh60bw9\">\n<div class=\"rq0escxv hkbzh7o3 jwdofwj8 n8tt0mok r8blr3vg hyh9befq\">\n<div class=\"do00u71z l9j0dhe7 k4urcfbm\">\n<h2><span style=\"color: #000080;\">DON CESARE, IL PENSIERO DEL GIORNO. ALLA RADIO ALLE 7 DEL MATTINO E ALLE 19.30 DELLA SERA.\u00a0<\/span><\/h2>\n<\/div>\n<audio class=\"wp-audio-shortcode\" id=\"audio-277795-13\" preload=\"none\" style=\"width: 100%;\" controls=\"controls\"><source type=\"audio\/mpeg\" src=\"https:\/\/www.radiopiu.net\/wordpress\/wp-content\/uploads\/2022\/05\/cesare-11.mp3?_=13\" \/><a href=\"https:\/\/www.radiopiu.net\/wordpress\/wp-content\/uploads\/2022\/05\/cesare-11.mp3\">https:\/\/www.radiopiu.net\/wordpress\/wp-content\/uploads\/2022\/05\/cesare-11.mp3<\/a><\/audio>\n<\/div>\n<\/div>\n<\/div>\n<\/div>\n<\/div>\n<\/div>\n<p>&nbsp;<\/p>\n<p>&nbsp;<\/p>\n<hr \/>\n<p>&nbsp;<\/p>\n<div class=\"do00u71z l9j0dhe7 k4urcfbm\">\n<div class=\"page-title-head hgroup\">\n<div class=\"page-title-head hgroup\">\n<div class=\"b654a4as d2edcug0\">\n<div class=\"j83agx80 btwxx1t3 lhclo0ds hop8lmos nkwizq5d scwd0bx6 roh60bw9\">\n<div class=\"rq0escxv hkbzh7o3 jwdofwj8 n8tt0mok r8blr3vg hyh9befq\">\n<div class=\"do00u71z l9j0dhe7 k4urcfbm\">\n<div class=\"page-title-head hgroup\">\n<div class=\"page-title-head hgroup\">\n<div class=\"b654a4as d2edcug0\">\n<div class=\"j83agx80 btwxx1t3 lhclo0ds hop8lmos nkwizq5d scwd0bx6 roh60bw9\">\n<div class=\"rq0escxv hkbzh7o3 jwdofwj8 n8tt0mok r8blr3vg hyh9befq\">\n<div class=\"do00u71z l9j0dhe7 k4urcfbm\">\n<div class=\"ecm0bbzt e5nlhep0 a8c37x1j\">\n<div class=\"kvgmc6g5 cxmmr5t8 oygrvhab hcukyx3x c1et5uql\">\n<div class=\"gmail-kvgmc6g5 gmail-cxmmr5t8 gmail-oygrvhab gmail-hcukyx3x gmail-c1et5uql gmail-ii04i59q\">\n<div class=\"page-title-head hgroup\">\n<div class=\"page-title-head hgroup\">\n<div class=\"b654a4as d2edcug0\">\n<div class=\"j83agx80 btwxx1t3 lhclo0ds hop8lmos nkwizq5d scwd0bx6 roh60bw9\">\n<div class=\"rq0escxv hkbzh7o3 jwdofwj8 n8tt0mok r8blr3vg hyh9befq\">\n<div class=\"do00u71z l9j0dhe7 k4urcfbm\">\n<div class=\"page-title-head hgroup\">\n<div class=\"page-title-head hgroup\">\n<div class=\"b654a4as d2edcug0\">\n<div class=\"j83agx80 btwxx1t3 lhclo0ds hop8lmos nkwizq5d scwd0bx6 roh60bw9\">\n<div class=\"rq0escxv hkbzh7o3 jwdofwj8 n8tt0mok r8blr3vg hyh9befq\">\n<div class=\"do00u71z l9j0dhe7 k4urcfbm\">\n<div class=\"page-title-head hgroup\">\n<div class=\"page-title-head hgroup\">\n<div class=\"b654a4as d2edcug0\">\n<div class=\"j83agx80 btwxx1t3 lhclo0ds hop8lmos nkwizq5d scwd0bx6 roh60bw9\">\n<div class=\"rq0escxv hkbzh7o3 jwdofwj8 n8tt0mok r8blr3vg hyh9befq\">\n<div class=\"do00u71z l9j0dhe7 k4urcfbm\">\n<div class=\"ecm0bbzt e5nlhep0 a8c37x1j\">\n<div class=\"kvgmc6g5 cxmmr5t8 oygrvhab hcukyx3x c1et5uql\">\n<div class=\"gmail-kvgmc6g5 gmail-cxmmr5t8 gmail-oygrvhab gmail-hcukyx3x gmail-c1et5uql gmail-ii04i59q\">\n<div class=\"page-title-head hgroup\">\n<div class=\"page-title-head hgroup\">\n<div class=\"b654a4as d2edcug0\">\n<div class=\"j83agx80 btwxx1t3 lhclo0ds hop8lmos nkwizq5d scwd0bx6 roh60bw9\">\n<div class=\"rq0escxv hkbzh7o3 jwdofwj8 n8tt0mok r8blr3vg hyh9befq\">\n<div class=\"do00u71z l9j0dhe7 k4urcfbm\">\n<blockquote>\n<h3><span style=\"color: #ff0000;\">IN VIVO VERSO,\u00a0 RIASCOLTIAMOLE DAL LUNEDI AL VENERDI ALLE 7.10, 10.10, 18 50<\/span><\/h3>\n<\/blockquote>\n<blockquote>\n<h3>RIASCOLTIAMOLE, STAGIONE 2019_2020 di CRISTINA SGUEGLIA &#8220;PERCHE&#8217; LA SERA CI CONSOLA&#8221;<\/h3>\n<\/blockquote>\n<p><strong>AUDIO<\/strong><\/p>\n<audio class=\"wp-audio-shortcode\" id=\"audio-277795-14\" preload=\"none\" style=\"width: 100%;\" controls=\"controls\"><source type=\"audio\/mpeg\" src=\"https:\/\/www.radiopiu.net\/wordpress\/wp-content\/uploads\/2022\/05\/POESIA-4-CRISTINA-SGUEGLIA-PERCHE-LA-SEREA-CI-CONSOLA.mp3?_=14\" \/><a href=\"https:\/\/www.radiopiu.net\/wordpress\/wp-content\/uploads\/2022\/05\/POESIA-4-CRISTINA-SGUEGLIA-PERCHE-LA-SEREA-CI-CONSOLA.mp3\">https:\/\/www.radiopiu.net\/wordpress\/wp-content\/uploads\/2022\/05\/POESIA-4-CRISTINA-SGUEGLIA-PERCHE-LA-SEREA-CI-CONSOLA.mp3<\/a><\/audio>\n<p><img loading=\"lazy\" decoding=\"async\" class=\"\" src=\"https:\/\/www.radiopiu.net\/wordpress\/wp-content\/uploads\/2019\/11\/CRISTINA-SESSA-SGUEGLIA-FOTO-300x300.jpg\" width=\"168\" height=\"168\" \/><\/p>\n<p>&nbsp;<\/p>\n<p>LA RACCOLTA COMPLETA<\/p>\n<blockquote class=\"wp-embedded-content\" data-secret=\"0xkUOLGk2v\"><p><a href=\"https:\/\/www.radiopiu.net\/wordpress\/in-vivo-verso\/\">In Vivo Verso<\/a><\/p><\/blockquote>\n<p><iframe loading=\"lazy\" class=\"wp-embedded-content\" sandbox=\"allow-scripts\" security=\"restricted\" style=\"position: absolute; clip: rect(1px, 1px, 1px, 1px);\" title=\"&#8220;In Vivo Verso&#8221; &#8212; Radio Pi\u00f9\" src=\"https:\/\/www.radiopiu.net\/wordpress\/in-vivo-verso\/embed\/#?secret=0b4oLI4prS#?secret=0xkUOLGk2v\" data-secret=\"0xkUOLGk2v\" width=\"600\" height=\"338\" frameborder=\"0\" marginwidth=\"0\" marginheight=\"0\" scrolling=\"no\"><\/iframe><\/p>\n<p>&nbsp;<\/p>\n<hr \/>\n<p>&nbsp;<\/p>\n<h3 class=\"entry-title\"><span style=\"color: #ff0000;\"><a href=\"https:\/\/www.radiopiu.net\/wordpress\/wp-content\/uploads\/2022\/04\/bustos-756620__340.webp\"><img loading=\"lazy\" decoding=\"async\" class=\" wp-image-271808 alignleft\" src=\"https:\/\/www.radiopiu.net\/wordpress\/wp-content\/uploads\/2022\/04\/bustos-756620__340-150x150.webp\" alt=\"\" width=\"94\" height=\"94\" \/><\/a>GOCCE DI FILOSOFIA\u00a0 &#8211; PUNTATA 209 DEL 26 MAGGIO 2022 LISA DE LUCA<\/span><\/h3>\n<p>AUDIO<\/p>\n<audio class=\"wp-audio-shortcode\" id=\"audio-277795-15\" preload=\"none\" style=\"width: 100%;\" controls=\"controls\"><source type=\"audio\/mpeg\" src=\"https:\/\/www.radiopiu.net\/wordpress\/wp-content\/uploads\/2022\/05\/FI4-3.mp3?_=15\" \/><a href=\"https:\/\/www.radiopiu.net\/wordpress\/wp-content\/uploads\/2022\/05\/FI4-3.mp3\">https:\/\/www.radiopiu.net\/wordpress\/wp-content\/uploads\/2022\/05\/FI4-3.mp3<\/a><\/audio>\n<p>&nbsp;<\/p>\n<p><strong>\u00a0<\/strong><strong>LA RACCOLTA COMPLETA<\/strong><\/p>\n<blockquote class=\"wp-embedded-content\" data-secret=\"ZUD6k1DeQ3\"><p><a href=\"https:\/\/www.radiopiu.net\/wordpress\/gocce-filosofia\/\">Gocce di filosofia, PRIMA E SECONDA STAGIONE 2022<\/a><\/p><\/blockquote>\n<p><iframe loading=\"lazy\" class=\"wp-embedded-content\" sandbox=\"allow-scripts\" security=\"restricted\" style=\"position: absolute; clip: rect(1px, 1px, 1px, 1px);\" title=\"&#8220;Gocce di filosofia, PRIMA E SECONDA STAGIONE 2022&#8221; &#8212; Radio Pi\u00f9\" src=\"https:\/\/www.radiopiu.net\/wordpress\/gocce-filosofia\/embed\/#?secret=WTLb1PPQPL#?secret=ZUD6k1DeQ3\" data-secret=\"ZUD6k1DeQ3\" width=\"600\" height=\"338\" frameborder=\"0\" marginwidth=\"0\" marginheight=\"0\" scrolling=\"no\"><\/iframe><\/p>\n<p>&nbsp;<\/p>\n<hr \/>\n<p>&nbsp;<\/p>\n<p><span style=\"color: #0000ff;\">MUSICA PIU&#8217;\u00a0<\/span><\/p>\n<p><a href=\"https:\/\/www.radiopiu.net\/wordpress\/giornale-radiopiu-20-settembre-2021-direttore-mirko-mezzacasa\/pp-79\/\" rel=\"attachment wp-att-232921\"><img loading=\"lazy\" decoding=\"async\" class=\"wp-image-232921 alignleft\" src=\"https:\/\/www.radiopiu.net\/wordpress\/wp-content\/uploads\/2021\/09\/pp-1-300x300.jpg\" alt=\"\" width=\"135\" height=\"135\" srcset=\"https:\/\/www.radiopiu.net\/wordpress\/wp-content\/uploads\/2021\/09\/pp-1-300x300.jpg 300w, https:\/\/www.radiopiu.net\/wordpress\/wp-content\/uploads\/2021\/09\/pp-1-150x150.jpg 150w, https:\/\/www.radiopiu.net\/wordpress\/wp-content\/uploads\/2021\/09\/pp-1.jpg 640w\" sizes=\"auto, (max-width: 135px) 100vw, 135px\" \/><\/a><\/p>\n<div class=\"mkdf-post-text\">\n<div class=\"mkdf-post-text-inner\">\n<div class=\"mkdf-post-text-main\">\n<div class=\"mkdf-post-text\">\n<div class=\"mkdf-post-text-inner\">\n<div class=\"mkdf-post-text-main\">\n<div class=\"mkdf-post-text\">\n<div class=\"mkdf-post-text-inner\">\n<div class=\"mkdf-post-text-main\">\n<div class=\"page-title-head hgroup\">\n<div class=\"page-title-head hgroup\">\n<div class=\"mkdf-post-text\">\n<div class=\"mkdf-post-text-inner\">\n<div class=\"mkdf-post-text-main\">\n<div class=\"mkdf-post-text\">\n<div class=\"mkdf-post-text-inner\">\n<div class=\"mkdf-post-text-main\">\n<div class=\"page-title-head hgroup\">\n<div class=\"page-title-head hgroup\">\n<div class=\"page-title-head hgroup\">\n<div class=\"page-title-head hgroup\">\n<div class=\"b654a4as d2edcug0\">\n<div class=\"page-title-head hgroup\">\n<div class=\"page-title-head hgroup\">\n<div class=\"page-title-head hgroup\">\n<div class=\"page-title-head hgroup\">\n<div class=\"b654a4as d2edcug0\">\n<div class=\"page-title-head hgroup\">\n<div class=\"page-title-head hgroup\">\n<div class=\"page-title-head hgroup\">\n<div class=\"page-title-head hgroup\">\n<div class=\"b654a4as d2edcug0\">\n<div class=\"mkdf-post-text\">\n<div class=\"mkdf-post-text-inner\">\n<div class=\"mkdf-post-text-main\">\n<div class=\"mkdf-post-text\">\n<div class=\"mkdf-post-text-inner\">\n<div class=\"mkdf-post-text-main\">\n<div class=\"mkdf-post-text\">\n<div class=\"mkdf-post-text-inner\">\n<div class=\"mkdf-post-text-main\">\n<div class=\"page-title-head hgroup\">\n<div class=\"page-title-head hgroup\">\n<div class=\"mkdf-post-text\">\n<div class=\"mkdf-post-text-inner\">\n<div class=\"mkdf-post-text-main\">\n<div class=\"mkdf-post-text\">\n<div class=\"mkdf-post-text-inner\">\n<div class=\"mkdf-post-text-main\">\n<div class=\"page-title-head hgroup\">\n<div class=\"page-title-head hgroup\">\n<div class=\"page-title-head hgroup\">\n<div class=\"page-title-head hgroup\">\n<div class=\"b654a4as d2edcug0\">\n<div class=\"page-title-head hgroup\">\n<div class=\"page-title-head hgroup\">\n<div class=\"page-title-head hgroup\">\n<div class=\"page-title-head hgroup\">\n<div class=\"b654a4as d2edcug0\">\n<div class=\"page-title-head hgroup\">\n<div class=\"page-title-head hgroup\">\n<div class=\"page-title-head hgroup\">\n<div class=\"page-title-head hgroup\">\n<div class=\"b654a4as d2edcug0\">\n<div><\/div>\n<div><\/div>\n<div>\n<p><strong>MUSICA ALLA RADIO, IL PROGRAMMA DI LORIS SCUSSEL &#8220;COLLAGE OPERAZIONE NOSTALGIA&#8221; DAL LUNEDI AL VENERDI ALLE 16.00\u00a0 E ALLE 23\u00a0<\/strong><\/p>\n<p>&nbsp;<\/p>\n<\/div>\n<p><strong>PUNTATA 614 DEL 26 MAGGIO 2022<\/strong><\/p>\n<audio class=\"wp-audio-shortcode\" id=\"audio-277795-16\" preload=\"none\" style=\"width: 100%;\" controls=\"controls\"><source type=\"audio\/mpeg\" src=\"https:\/\/www.radiopiu.net\/wordpress\/wp-content\/uploads\/2022\/05\/Collage-614.mp3?_=16\" \/><a href=\"https:\/\/www.radiopiu.net\/wordpress\/wp-content\/uploads\/2022\/05\/Collage-614.mp3\">https:\/\/www.radiopiu.net\/wordpress\/wp-content\/uploads\/2022\/05\/Collage-614.mp3<\/a><\/audio>\n<p>&nbsp;<\/p>\n<\/div>\n<p><strong><a class=\"dt-pswp-item\" href=\"https:\/\/www.radiopiu.net\/wordpress\/wp-content\/uploads\/2022\/05\/Aphrodites-child-Rain-and-tears_SITO.jpg\" data-dt-img-description=\"\" data-large_image_width=\"619\" data-large_image_height=\"619\"><img loading=\"lazy\" decoding=\"async\" class=\"size-thumbnail wp-image-276953 alignleft\" src=\"https:\/\/www.radiopiu.net\/wordpress\/wp-content\/uploads\/2022\/05\/Aphrodites-child-Rain-and-tears_SITO-150x150.jpg\" alt=\"\" width=\"150\" height=\"150\" srcset=\"https:\/\/www.radiopiu.net\/wordpress\/wp-content\/uploads\/2022\/05\/Aphrodites-child-Rain-and-tears_SITO-150x150.jpg 150w, https:\/\/www.radiopiu.net\/wordpress\/wp-content\/uploads\/2022\/05\/Aphrodites-child-Rain-and-tears_SITO-300x300.jpg 300w, https:\/\/www.radiopiu.net\/wordpress\/wp-content\/uploads\/2022\/05\/Aphrodites-child-Rain-and-tears_SITO.jpg 619w\" sizes=\"auto, (max-width: 150px) 100vw, 150px\" \/><\/a>di Loris Scussel<\/strong><\/p>\n<p>\u201cPenuria d\u2019anguria\u201d un brano interpretato da Gino Bramieri nel lontano 1960 aprir\u00e0 la programmazione settimanale di Collage, la puntata di marted\u00ec sar\u00e0 dedicata alle lacrime nelle canzoni e ascolteremo tra le altre \u201cRain and tears\u201d degli Aphrodite\u2019s Child con la partecipazione dell\u2019artista Vangelis recentemente scomparso, mercoled\u00ec e venerd\u00ec daremo spazio alla musica internazionale mentre gioved\u00ec proporremo alcuni brani rock progressive italiani. Collage va in onda dal luned\u00ec al venerd\u00ec alle 16,00 e alle 23,00 naturalmente su Radiopi\u00f9.<\/p>\n<p>&nbsp;<\/p>\n<p>&nbsp;<\/p>\n<div class=\"b654a4as d2edcug0\">\n<hr \/>\n<\/div>\n<\/div>\n<\/div>\n<\/div>\n<\/div>\n<\/div>\n<\/div>\n<\/div>\n<\/div>\n<\/div>\n<\/div>\n<\/div>\n<\/div>\n<\/div>\n<\/div>\n<\/div>\n<\/div>\n<\/div>\n<\/div>\n<\/div>\n<\/div>\n<\/div>\n<\/div>\n<\/div>\n<\/div>\n<\/div>\n<\/div>\n<\/div>\n<\/div>\n<\/div>\n<\/div>\n<\/div>\n<\/div>\n<\/div>\n<\/div>\n<\/div>\n<\/div>\n<\/div>\n<\/div>\n<\/div>\n<\/div>\n<\/div>\n<\/div>\n<\/div>\n<\/div>\n<\/div>\n<\/div>\n<\/div>\n<\/div>\n<\/div>\n<\/div>\n<\/div>\n<\/div>\n<\/div>\n<\/div>\n<\/div>\n<\/div>\n<\/div>\n<\/div>\n<\/div>\n<\/div>\n<\/div>\n<\/div>\n<\/div>\n<p>&nbsp;<\/p>\n<blockquote>\n<h3><span style=\"color: #0000ff;\">RADIO PIU INFORMAZIONE il canale su TELEGRAM informazione di prima mano e in tempo reale. iscriviti ed aiutaci a farlo conoscere\u00a0\u00a0<\/span><\/h3>\n<\/blockquote>\n<div>\n<div class=\"page-title-head hgroup\">\n<div class=\"page-title-head hgroup\">\n<div class=\"page-title-head hgroup\">\n<div class=\"page-title-head hgroup\">\n<div class=\"b654a4as d2edcug0\">\n<div class=\"page-title-head hgroup\">\n<div class=\"page-title-head hgroup\">\n<div class=\"page-title-head hgroup\">\n<div class=\"page-title-head hgroup\">\n<div class=\"b654a4as d2edcug0\">\n<div class=\"page-title-head hgroup\">\n<div class=\"page-title-head hgroup\">\n<div class=\"page-title-head hgroup\">\n<div class=\"page-title-head hgroup\">\n<div class=\"page-title-head hgroup\">\n<div class=\"page-title-head hgroup\">\n<div class=\"page-title-head hgroup\">\n<div class=\"page-title-head hgroup\">\n<div class=\"page-title-head hgroup\">\n<div class=\"b654a4as d2edcug0\">\n<div class=\"page-title-head hgroup\">\n<div class=\"page-title-head hgroup\">\n<div class=\"page-title-head hgroup\">\n<div class=\"page-title-head hgroup\">\n<div class=\"b654a4as d2edcug0\">\n<div><\/div>\n<div>\n<div class=\"page-title-head hgroup\">\n<div class=\"page-title-head hgroup\">\n<div class=\"page-title-head hgroup\">\n<div class=\"page-title-head hgroup\">\n<div class=\"page-title-head hgroup\">\n<div class=\"mkdf-post-text\">\n<div class=\"mkdf-post-text-inner\">\n<div class=\"mkdf-post-text-main\">\n<div class=\"mkdf-post-text\">\n<div class=\"mkdf-post-text-inner\">\n<div class=\"mkdf-post-text-main\">\n<div class=\"mkdf-post-text\">\n<div class=\"mkdf-post-text-inner\">\n<div class=\"mkdf-post-text-main\">\n<div class=\"page-title-head hgroup\">\n<div class=\"page-title-head hgroup\">\n<div class=\"mkdf-post-text\">\n<div class=\"mkdf-post-text-inner\">\n<div class=\"mkdf-post-text-main\">\n<div class=\"mkdf-post-text\">\n<div class=\"mkdf-post-text-inner\">\n<div class=\"mkdf-post-text-main\">\n<div class=\"page-title-head hgroup\">\n<div class=\"page-title-head hgroup\">\n<div class=\"page-title-head hgroup\">\n<div class=\"page-title-head hgroup\">\n<div class=\"b654a4as d2edcug0\">\n<div class=\"page-title-head hgroup\">\n<div class=\"page-title-head hgroup\">\n<div class=\"page-title-head hgroup\">\n<div class=\"page-title-head hgroup\">\n<div class=\"b654a4as d2edcug0\">\n<div class=\"page-title-head hgroup\">\n<div class=\"page-title-head hgroup\">\n<div class=\"page-title-head hgroup\">\n<p>&nbsp;<\/p>\n<div>\n<div class=\"page-title-head hgroup\">\n<div class=\"page-title-head hgroup\">\n<div class=\"b654a4as d2edcug0\">\n<div class=\"j83agx80 btwxx1t3 lhclo0ds hop8lmos nkwizq5d scwd0bx6 roh60bw9\">\n<div class=\"rq0escxv hkbzh7o3 jwdofwj8 n8tt0mok r8blr3vg hyh9befq\">\n<div class=\"do00u71z l9j0dhe7 k4urcfbm\">\n<div class=\"page-title-head hgroup\">\n<div class=\"page-title-head hgroup\">\n<div class=\"b654a4as d2edcug0\">\n<div class=\"j83agx80 btwxx1t3 lhclo0ds hop8lmos nkwizq5d scwd0bx6 roh60bw9\">\n<div class=\"rq0escxv hkbzh7o3 jwdofwj8 n8tt0mok r8blr3vg hyh9befq\">\n<div class=\"do00u71z l9j0dhe7 k4urcfbm\">\n<div class=\"ecm0bbzt e5nlhep0 a8c37x1j\">\n<div class=\"kvgmc6g5 cxmmr5t8 oygrvhab hcukyx3x c1et5uql\">\n<div class=\"gmail-kvgmc6g5 gmail-cxmmr5t8 gmail-oygrvhab gmail-hcukyx3x gmail-c1et5uql gmail-ii04i59q\">\n<div class=\"page-title-head hgroup\">\n<div class=\"page-title-head hgroup\">\n<div class=\"b654a4as d2edcug0\">\n<div class=\"j83agx80 btwxx1t3 lhclo0ds hop8lmos nkwizq5d scwd0bx6 roh60bw9\">\n<div class=\"rq0escxv hkbzh7o3 jwdofwj8 n8tt0mok r8blr3vg hyh9befq\">\n<div class=\"do00u71z l9j0dhe7 k4urcfbm\">\n<div class=\"page-title-head hgroup\">\n<div class=\"page-title-head hgroup\">\n<div class=\"b654a4as d2edcug0\">\n<div class=\"j83agx80 btwxx1t3 lhclo0ds hop8lmos nkwizq5d scwd0bx6 roh60bw9\">\n<div class=\"rq0escxv hkbzh7o3 jwdofwj8 n8tt0mok r8blr3vg hyh9befq\">\n<div class=\"do00u71z l9j0dhe7 k4urcfbm\">\n<div class=\"page-title-head hgroup\">\n<div class=\"page-title-head hgroup\">\n<div class=\"b654a4as d2edcug0\">\n<div class=\"j83agx80 btwxx1t3 lhclo0ds hop8lmos nkwizq5d scwd0bx6 roh60bw9\">\n<div class=\"rq0escxv hkbzh7o3 jwdofwj8 n8tt0mok r8blr3vg hyh9befq\">\n<div class=\"do00u71z l9j0dhe7 k4urcfbm\">\n<div class=\"ecm0bbzt e5nlhep0 a8c37x1j\">\n<div class=\"kvgmc6g5 cxmmr5t8 oygrvhab hcukyx3x c1et5uql\">\n<div class=\"gmail-kvgmc6g5 gmail-cxmmr5t8 gmail-oygrvhab gmail-hcukyx3x gmail-c1et5uql gmail-ii04i59q\">\n<div class=\"page-title-head hgroup\">\n<div class=\"page-title-head hgroup\">\n<div class=\"b654a4as d2edcug0\">\n<div class=\"j83agx80 btwxx1t3 lhclo0ds hop8lmos nkwizq5d scwd0bx6 roh60bw9\">\n<div class=\"rq0escxv hkbzh7o3 jwdofwj8 n8tt0mok r8blr3vg hyh9befq\">\n<div class=\"do00u71z l9j0dhe7 k4urcfbm\">\n<div class=\"page-title-head hgroup\">\n<div class=\"page-title-head hgroup\">\n<div class=\"page-title-head hgroup\">\n<div class=\"page-title-head hgroup\">\n<div class=\"b654a4as d2edcug0\">\n<div class=\"page-title-head hgroup\">\n<div class=\"page-title-head hgroup\">\n<div class=\"page-title-head hgroup\">\n<div class=\"page-title-head hgroup\">\n<div class=\"b654a4as d2edcug0\">\n<div class=\"page-title-head hgroup\">\n<div class=\"page-title-head hgroup\">\n<div class=\"page-title-head hgroup\">\n<div class=\"page-title-head hgroup\">\n<div class=\"page-title-head hgroup\">\n<div class=\"page-title-head hgroup\">\n<div class=\"page-title-head hgroup\">\n<div class=\"page-title-head hgroup\">\n<div class=\"page-title-head hgroup\">\n<div class=\"b654a4as d2edcug0\">\n<div class=\"page-title-head hgroup\">\n<div class=\"page-title-head hgroup\">\n<div class=\"page-title-head hgroup\">\n<div class=\"page-title-head hgroup\">\n<div class=\"b654a4as d2edcug0\">\n<div class=\"page-title-head hgroup\">\n<div class=\"page-title-head hgroup\">\n<div class=\"page-title-head hgroup\">\n<div class=\"page-title-head hgroup\">\n<div class=\"page-title-head hgroup\">\n<div class=\"mkdf-post-text\">\n<div class=\"mkdf-post-text-inner\">\n<div class=\"mkdf-post-text-main\">\n<div class=\"mkdf-post-text\">\n<div class=\"mkdf-post-text-inner\">\n<div class=\"mkdf-post-text-main\">\n<div class=\"mkdf-post-text\">\n<div class=\"mkdf-post-text-inner\">\n<div class=\"mkdf-post-text-main\">\n<div class=\"page-title-head hgroup\">\n<div class=\"page-title-head hgroup\">\n<div class=\"mkdf-post-text\">\n<div class=\"mkdf-post-text-inner\">\n<div class=\"mkdf-post-text-main\">\n<div class=\"mkdf-post-text\">\n<div class=\"mkdf-post-text-inner\">\n<div class=\"mkdf-post-text-main\">\n<div class=\"page-title-head hgroup\">\n<div class=\"page-title-head hgroup\">\n<div class=\"page-title-head hgroup\">\n<div class=\"page-title-head hgroup\">\n<div class=\"b654a4as d2edcug0\">\n<div class=\"page-title-head hgroup\">\n<div class=\"page-title-head hgroup\">\n<div class=\"page-title-head hgroup\">\n<div class=\"page-title-head hgroup\">\n<div class=\"b654a4as d2edcug0\">\n<div class=\"page-title-head hgroup\">\n<div class=\"page-title-head hgroup\">\n<div class=\"page-title-head hgroup\">\n<div class=\"page-title-head hgroup\">\n<div class=\"b654a4as d2edcug0\">\n<div class=\"ecm0bbzt e5nlhep0 a8c37x1j\">\n<div class=\"kvgmc6g5 cxmmr5t8 oygrvhab hcukyx3x c1et5uql\">\n<div class=\"gmail-kvgmc6g5 gmail-cxmmr5t8 gmail-oygrvhab gmail-hcukyx3x gmail-c1et5uql gmail-ii04i59q\">\n<div class=\"page-title-head hgroup\">\n<div class=\"page-title-head hgroup\">\n<div class=\"b654a4as d2edcug0\">\n<div class=\"j83agx80 btwxx1t3 lhclo0ds hop8lmos nkwizq5d scwd0bx6 roh60bw9\">\n<div class=\"rq0escxv hkbzh7o3 jwdofwj8 n8tt0mok r8blr3vg hyh9befq\">\n<div class=\"do00u71z l9j0dhe7 k4urcfbm\">\n<div class=\"page-title-head hgroup\">\n<div class=\"page-title-head hgroup\">\n<div class=\"page-title-head hgroup\">\n<div class=\"page-title-head hgroup\">\n<div class=\"b654a4as d2edcug0\">\n<div class=\"page-title-head hgroup\">\n<div class=\"page-title-head hgroup\">\n<div class=\"page-title-head hgroup\">\n<div class=\"page-title-head hgroup\">\n<div class=\"b654a4as d2edcug0\">\n<div class=\"page-title-head hgroup\">\n<div class=\"page-title-head hgroup\">\n<div class=\"page-title-head hgroup\">\n<div class=\"page-title-head hgroup\">\n<div class=\"page-title-head hgroup\">\n<div class=\"page-title-head hgroup\">\n<div class=\"page-title-head hgroup\">\n<div class=\"page-title-head hgroup\">\n<div class=\"page-title-head hgroup\">\n<div class=\"b654a4as d2edcug0\">\n<div class=\"page-title-head hgroup\">\n<div class=\"page-title-head hgroup\">\n<div class=\"page-title-head hgroup\">\n<div class=\"page-title-head hgroup\">\n<div class=\"b654a4as d2edcug0\">\n<div class=\"page-title-head hgroup\">\n<div class=\"page-title-head hgroup\">\n<div class=\"page-title-head hgroup\">\n<div class=\"page-title-head hgroup\">\n<div class=\"page-title-head hgroup\">\n<div class=\"mkdf-post-text\">\n<div class=\"mkdf-post-text-inner\">\n<div class=\"mkdf-post-text-main\">\n<div class=\"mkdf-post-text\">\n<div class=\"mkdf-post-text-inner\">\n<div class=\"mkdf-post-text-main\">\n<div class=\"mkdf-post-text\">\n<div class=\"mkdf-post-text-inner\">\n<div class=\"mkdf-post-text-main\">\n<div class=\"page-title-head hgroup\">\n<div class=\"page-title-head hgroup\">\n<div class=\"mkdf-post-text\">\n<div class=\"mkdf-post-text-inner\">\n<div class=\"mkdf-post-text-main\">\n<div class=\"mkdf-post-text\">\n<div class=\"mkdf-post-text-inner\">\n<div class=\"mkdf-post-text-main\">\n<div class=\"page-title-head hgroup\">\n<div class=\"page-title-head hgroup\">\n<div class=\"page-title-head hgroup\">\n<div class=\"page-title-head hgroup\">\n<div class=\"b654a4as d2edcug0\">\n<div class=\"page-title-head hgroup\">\n<div class=\"page-title-head hgroup\">\n<div class=\"page-title-head hgroup\">\n<div class=\"page-title-head hgroup\">\n<div class=\"b654a4as d2edcug0\">\n<div class=\"page-title-head hgroup\">\n<div class=\"page-title-head hgroup\">\n<div class=\"page-title-head hgroup\">\n<div class=\"page-title-head hgroup\">\n<div class=\"b654a4as d2edcug0\">\n<hr \/>\n<p>&nbsp;<\/p>\n<div>\n<p><strong>DUE MINUTI UN LIBRO, TUTTI I GIORNI ALLA RADIO ALLE 9.40 E ALLE 17.50\u00a0\u00a0<\/strong><\/p>\n<div>\n<div>\n<p><strong>LA RACCOLTA COMPLETA\u00a0\u00a0<\/strong><\/p>\n<\/div>\n<\/div>\n<\/div>\n<div class=\"mkdf-post-text\">\n<div class=\"mkdf-post-text-inner\">\n<div class=\"mkdf-post-text-main\">\n<div class=\"mkdf-post-text\">\n<div class=\"mkdf-post-text-inner\">\n<div class=\"mkdf-post-text-main\">\n<div class=\"mkdf-post-text\">\n<div class=\"mkdf-post-text-inner\">\n<div class=\"mkdf-post-text-main\">\n<div class=\"page-title-head hgroup\">\n<div class=\"page-title-head hgroup\">\n<div class=\"mkdf-post-text\">\n<div class=\"mkdf-post-text-inner\">\n<div class=\"mkdf-post-text-main\">\n<div class=\"mkdf-post-text\">\n<div class=\"mkdf-post-text-inner\">\n<div class=\"mkdf-post-text-main\">\n<div class=\"page-title-head hgroup\">\n<div class=\"page-title-head hgroup\">\n<div class=\"page-title-head hgroup\">\n<div class=\"page-title-head hgroup\">\n<div class=\"b654a4as d2edcug0\">\n<div class=\"page-title-head hgroup\">\n<div class=\"page-title-head hgroup\">\n<div class=\"page-title-head hgroup\">\n<div class=\"page-title-head hgroup\">\n<div class=\"b654a4as d2edcug0\">\n<div class=\"page-title-head hgroup\">\n<div class=\"page-title-head hgroup\">\n<div class=\"page-title-head hgroup\">\n<div class=\"page-title-head hgroup\">\n<div class=\"b654a4as d2edcug0\">\n<div>\n<blockquote class=\"wp-embedded-content\" data-secret=\"k1ERq1mkao\"><p><a href=\"https:\/\/www.radiopiu.net\/wordpress\/due-minuti-un-libro\/\">Due minuti un libro<\/a><\/p><\/blockquote>\n<p><iframe loading=\"lazy\" class=\"wp-embedded-content\" sandbox=\"allow-scripts\" security=\"restricted\" style=\"position: absolute; clip: rect(1px, 1px, 1px, 1px);\" title=\"&#8220;Due minuti un libro&#8221; &#8212; Radio Pi\u00f9\" src=\"https:\/\/www.radiopiu.net\/wordpress\/due-minuti-un-libro\/embed\/#?secret=OWaTXcaMfR#?secret=k1ERq1mkao\" data-secret=\"k1ERq1mkao\" width=\"600\" height=\"338\" frameborder=\"0\" marginwidth=\"0\" marginheight=\"0\" scrolling=\"no\"><\/iframe><\/p>\n<p>&nbsp;<\/p>\n<\/div>\n<div>\n<hr \/>\n<p>&nbsp;<\/p>\n<\/div>\n<h2><span style=\"color: #808000;\">L&#8217;ALMANACCO LADINO\u00a0<\/span><\/h2>\n<p><strong>PUNTATA DEL 23 MAGGIO 2022<\/strong><\/p>\n<audio class=\"wp-audio-shortcode\" id=\"audio-277795-17\" preload=\"none\" style=\"width: 100%;\" controls=\"controls\"><source type=\"audio\/mpeg\" src=\"https:\/\/www.radiopiu.net\/wordpress\/wp-content\/uploads\/2022\/05\/84\u00b0Almanacco-Ladino_col.mp3?_=17\" \/><a href=\"https:\/\/www.radiopiu.net\/wordpress\/wp-content\/uploads\/2022\/05\/84\u00b0Almanacco-Ladino_col.mp3\">https:\/\/www.radiopiu.net\/wordpress\/wp-content\/uploads\/2022\/05\/84\u00b0Almanacco-Ladino_col.mp3<\/a><\/audio>\n<p><strong>LA RACCOLTA<\/strong><\/p>\n<blockquote class=\"wp-embedded-content\" data-secret=\"Yk41Mp2BW1\"><p><a href=\"https:\/\/www.radiopiu.net\/wordpress\/almanacco-ladino\/\">Almanacco Ladino<\/a><\/p><\/blockquote>\n<p><iframe loading=\"lazy\" class=\"wp-embedded-content\" sandbox=\"allow-scripts\" security=\"restricted\" style=\"position: absolute; clip: rect(1px, 1px, 1px, 1px);\" title=\"&#8220;Almanacco Ladino&#8221; &#8212; Radio Pi\u00f9\" src=\"https:\/\/www.radiopiu.net\/wordpress\/almanacco-ladino\/embed\/#?secret=3h5m9Et1AJ#?secret=Yk41Mp2BW1\" data-secret=\"Yk41Mp2BW1\" width=\"600\" height=\"338\" frameborder=\"0\" marginwidth=\"0\" marginheight=\"0\" scrolling=\"no\"><\/iframe><\/p>\n<p>&nbsp;<\/p>\n<hr \/>\n<h2><span style=\"color: #33cccc;\">\u00a0<\/span><\/h2>\n<h2><span style=\"color: #33cccc;\">LA RASSEGNA STAMPA DA L&#8217;AMICO DEL POPOLO<\/span><\/h2>\n<p><strong>LA RACCOLTA COMPLETA<\/strong><\/p>\n<blockquote class=\"wp-embedded-content\" data-secret=\"W69K7RMk3q\"><p><a href=\"https:\/\/www.radiopiu.net\/wordpress\/rassegna-stampa-di-gianni-santomaso\/\">Rassegna stampa da l&#8217;amico del popolo &#8211; di Gianni Santomaso<\/a><\/p><\/blockquote>\n<p><iframe loading=\"lazy\" class=\"wp-embedded-content\" sandbox=\"allow-scripts\" security=\"restricted\" style=\"position: absolute; clip: rect(1px, 1px, 1px, 1px);\" title=\"&#8220;Rassegna stampa da l&#8217;amico del popolo &#8211; di Gianni Santomaso&#8221; &#8212; Radio Pi\u00f9\" src=\"https:\/\/www.radiopiu.net\/wordpress\/rassegna-stampa-di-gianni-santomaso\/embed\/#?secret=ZPaMJXLgTf#?secret=W69K7RMk3q\" data-secret=\"W69K7RMk3q\" width=\"600\" height=\"338\" frameborder=\"0\" marginwidth=\"0\" marginheight=\"0\" scrolling=\"no\"><\/iframe><\/p>\n<p>&nbsp;<\/p>\n<hr \/>\n<p>&nbsp;<\/p>\n<div>\n<div class=\"page-title-head hgroup\">\n<div class=\"page-title-head hgroup\">\n<div class=\"b654a4as d2edcug0\">\n<div class=\"j83agx80 btwxx1t3 lhclo0ds hop8lmos nkwizq5d scwd0bx6 roh60bw9\">\n<div class=\"rq0escxv hkbzh7o3 jwdofwj8 n8tt0mok r8blr3vg hyh9befq\">\n<div class=\"do00u71z l9j0dhe7 k4urcfbm\">\n<div class=\"ecm0bbzt e5nlhep0 a8c37x1j\">\n<div class=\"kvgmc6g5 cxmmr5t8 oygrvhab hcukyx3x c1et5uql\">\n<div class=\"gmail-kvgmc6g5 gmail-cxmmr5t8 gmail-oygrvhab gmail-hcukyx3x gmail-c1et5uql gmail-ii04i59q\">\n<div class=\"page-title-head hgroup\">\n<div class=\"page-title-head hgroup\">\n<div class=\"b654a4as d2edcug0\">\n<div class=\"j83agx80 btwxx1t3 lhclo0ds hop8lmos nkwizq5d scwd0bx6 roh60bw9\">\n<div class=\"rq0escxv hkbzh7o3 jwdofwj8 n8tt0mok r8blr3vg hyh9befq\">\n<div class=\"do00u71z l9j0dhe7 k4urcfbm\">\n<div class=\"page-title-head hgroup\">\n<div class=\"page-title-head hgroup\">\n<div class=\"page-title-head hgroup\">\n<div class=\"page-title-head hgroup\">\n<div class=\"b654a4as d2edcug0\">\n<div class=\"page-title-head hgroup\">\n<div class=\"page-title-head hgroup\">\n<div class=\"page-title-head hgroup\">\n<div class=\"page-title-head hgroup\">\n<div class=\"b654a4as d2edcug0\">\n<div class=\"page-title-head hgroup\">\n<div class=\"page-title-head hgroup\">\n<div class=\"page-title-head hgroup\">\n<div class=\"page-title-head hgroup\">\n<div class=\"page-title-head hgroup\">\n<div class=\"page-title-head hgroup\">\n<div class=\"page-title-head hgroup\">\n<div class=\"page-title-head hgroup\">\n<div class=\"page-title-head hgroup\">\n<div class=\"b654a4as d2edcug0\">\n<div class=\"page-title-head hgroup\">\n<div class=\"page-title-head hgroup\">\n<div class=\"page-title-head hgroup\">\n<div class=\"page-title-head hgroup\">\n<div class=\"b654a4as d2edcug0\">\n<div class=\"page-title-head hgroup\">\n<div class=\"page-title-head hgroup\">\n<div class=\"page-title-head hgroup\">\n<div class=\"page-title-head hgroup\">\n<div class=\"page-title-head hgroup\">\n<div class=\"mkdf-post-text\">\n<div class=\"mkdf-post-text-inner\">\n<div class=\"mkdf-post-text-main\">\n<div class=\"mkdf-post-text\">\n<div class=\"mkdf-post-text-inner\">\n<div class=\"mkdf-post-text-main\">\n<div class=\"mkdf-post-text\">\n<div class=\"mkdf-post-text-inner\">\n<div class=\"mkdf-post-text-main\">\n<div class=\"page-title-head hgroup\">\n<div class=\"page-title-head hgroup\">\n<div class=\"mkdf-post-text\">\n<div class=\"mkdf-post-text-inner\">\n<div class=\"mkdf-post-text-main\">\n<div class=\"mkdf-post-text\">\n<div class=\"mkdf-post-text-inner\">\n<div class=\"mkdf-post-text-main\">\n<div class=\"page-title-head hgroup\">\n<div class=\"page-title-head hgroup\">\n<div class=\"page-title-head hgroup\">\n<div class=\"page-title-head hgroup\">\n<div class=\"b654a4as d2edcug0\">\n<div class=\"page-title-head hgroup\">\n<div class=\"page-title-head hgroup\">\n<div class=\"page-title-head hgroup\">\n<div class=\"page-title-head hgroup\">\n<div class=\"b654a4as d2edcug0\">\n<div class=\"page-title-head hgroup\">\n<div class=\"page-title-head hgroup\">\n<div class=\"page-title-head hgroup\">\n<div class=\"page-title-head hgroup\">\n<div class=\"b654a4as d2edcug0\">\n<h2><span style=\"color: #800080;\">I RACCONTI DI PAOLO SOPPELSA\u00a0<\/span><\/h2>\n<p><strong>LA RACCOLTA COMPLETA<\/strong><\/p>\n<blockquote class=\"wp-embedded-content\" data-secret=\"5feUJpIpXo\"><p><a href=\"https:\/\/www.radiopiu.net\/wordpress\/i-racconti-di-paolo-soppelsa\/\">I racconti di Paolo Soppelsa<\/a><\/p><\/blockquote>\n<p><iframe loading=\"lazy\" class=\"wp-embedded-content\" sandbox=\"allow-scripts\" security=\"restricted\" style=\"position: absolute; clip: rect(1px, 1px, 1px, 1px);\" title=\"&#8220;I racconti di Paolo Soppelsa&#8221; &#8212; Radio Pi\u00f9\" src=\"https:\/\/www.radiopiu.net\/wordpress\/i-racconti-di-paolo-soppelsa\/embed\/#?secret=eeykmPThKN#?secret=5feUJpIpXo\" data-secret=\"5feUJpIpXo\" width=\"600\" height=\"338\" frameborder=\"0\" marginwidth=\"0\" marginheight=\"0\" scrolling=\"no\"><\/iframe><\/p>\n<p>&nbsp;<\/p>\n<hr \/>\n<p>&nbsp;<\/p>\n<\/div>\n<\/div>\n<\/div>\n<\/div>\n<\/div>\n<\/div>\n<\/div>\n<\/div>\n<\/div>\n<\/div>\n<\/div>\n<\/div>\n<\/div>\n<\/div>\n<\/div>\n<\/div>\n<\/div>\n<\/div>\n<\/div>\n<\/div>\n<\/div>\n<\/div>\n<\/div>\n<\/div>\n<\/div>\n<\/div>\n<\/div>\n<\/div>\n<\/div>\n<\/div>\n<\/div>\n<\/div>\n<\/div>\n<\/div>\n<\/div>\n<\/div>\n<\/div>\n<\/div>\n<\/div>\n<\/div>\n<\/div>\n<\/div>\n<\/div>\n<\/div>\n<\/div>\n<\/div>\n<\/div>\n<\/div>\n<\/div>\n<\/div>\n<\/div>\n<\/div>\n<\/div>\n<\/div>\n<\/div>\n<\/div>\n<\/div>\n<\/div>\n<\/div>\n<\/div>\n<\/div>\n<\/div>\n<\/div>\n<\/div>\n<\/div>\n<\/div>\n<\/div>\n<\/div>\n<\/div>\n<\/div>\n<\/div>\n<\/div>\n<\/div>\n<\/div>\n<\/div>\n<\/div>\n<\/div>\n<\/div>\n<\/div>\n<\/div>\n<\/div>\n<\/div>\n<\/div>\n<\/div>\n<\/div>\n<\/div>\n<\/div>\n<\/div>\n<\/div>\n<\/div>\n<\/div>\n<\/div>\n<\/div>\n<\/div>\n<\/div>\n<\/div>\n<\/div>\n<\/div>\n<\/div>\n<\/div>\n<\/div>\n<\/div>\n<\/div>\n<\/div>\n<\/div>\n<\/div>\n<\/div>\n<\/div>\n<\/div>\n<\/div>\n<\/div>\n<div class=\"b654a4as d2edcug0\">\n<div class=\"ecm0bbzt e5nlhep0 a8c37x1j\">\n<div class=\"kvgmc6g5 cxmmr5t8 oygrvhab hcukyx3x c1et5uql\">\n<div class=\"gmail-kvgmc6g5 gmail-cxmmr5t8 gmail-oygrvhab gmail-hcukyx3x gmail-c1et5uql gmail-ii04i59q\">\n<div>\n<div class=\"page-title-head hgroup\">\n<div class=\"page-title-head hgroup\">\n<div class=\"b654a4as d2edcug0\">\n<div class=\"j83agx80 btwxx1t3 lhclo0ds hop8lmos nkwizq5d scwd0bx6 roh60bw9\">\n<div class=\"rq0escxv hkbzh7o3 jwdofwj8 n8tt0mok r8blr3vg hyh9befq\">\n<div class=\"do00u71z l9j0dhe7 k4urcfbm\">\n<div>\n<div class=\"page-title-head hgroup\">\n<div class=\"page-title-head hgroup\">\n<div class=\"page-title-head hgroup\">\n<div class=\"page-title-head hgroup\">\n<div class=\"b654a4as d2edcug0\">\n<div class=\"page-title-head hgroup\">\n<div class=\"page-title-head hgroup\">\n<div class=\"page-title-head hgroup\">\n<div class=\"page-title-head hgroup\">\n<div class=\"b654a4as d2edcug0\">\n<div class=\"page-title-head hgroup\">\n<div class=\"page-title-head hgroup\">\n<div class=\"page-title-head hgroup\">\n<div class=\"page-title-head hgroup\">\n<div class=\"page-title-head hgroup\">\n<div class=\"mkdf-post-text\">\n<div class=\"mkdf-post-text-inner\">\n<div class=\"mkdf-post-text-main\">\n<div class=\"mkdf-post-text\">\n<div class=\"mkdf-post-text-inner\">\n<div class=\"mkdf-post-text-main\">\n<div class=\"mkdf-post-text\">\n<div class=\"mkdf-post-text-inner\">\n<div class=\"mkdf-post-text-main\">\n<div class=\"page-title-head hgroup\">\n<div class=\"page-title-head hgroup\">\n<div class=\"mkdf-post-text\">\n<div class=\"mkdf-post-text-inner\">\n<div class=\"mkdf-post-text-main\">\n<div class=\"mkdf-post-text\">\n<div class=\"mkdf-post-text-inner\">\n<div class=\"mkdf-post-text-main\">\n<div>\n<div class=\"page-title-head hgroup\">\n<div class=\"page-title-head hgroup\">\n<div>\n<div class=\"page-title-head hgroup\">\n<div class=\"page-title-head hgroup\">\n<div class=\"b654a4as d2edcug0\">\n<div>\n<div class=\"page-title-head hgroup\" style=\"text-align: left;\">\n<div class=\"page-title-head hgroup\">\n<div dir=\"auto\">\n<p><a class=\"dt-pswp-item pspw-wrap-ready\" href=\"https:\/\/i0.wp.com\/www.radiopiu.net\/wordpress\/wp-content\/uploads\/2018\/09\/WhatsApp-Image-2018-09-20-at-16.04.06.jpeg?ssl=1\" data-dt-img-description=\"\" data-large_image_width=\"800\" data-large_image_height=\"100\"><img loading=\"lazy\" decoding=\"async\" class=\"aligncenter wp-image-61378 size-full jetpack-lazy-image jetpack-lazy-image--handled\" src=\"https:\/\/i0.wp.com\/www.radiopiu.net\/wordpress\/wp-content\/uploads\/2018\/09\/WhatsApp-Image-2018-09-20-at-16.04.06.jpeg?resize=800%2C100&amp;ssl=1\" sizes=\"auto, (max-width: 800px) 100vw, 800px\" srcset=\"https:\/\/i0.wp.com\/www.radiopiu.net\/wordpress\/wp-content\/uploads\/2018\/09\/WhatsApp-Image-2018-09-20-at-16.04.06.jpeg?w=800&amp;ssl=1 800w, https:\/\/i0.wp.com\/www.radiopiu.net\/wordpress\/wp-content\/uploads\/2018\/09\/WhatsApp-Image-2018-09-20-at-16.04.06.jpeg?resize=300%2C38&amp;ssl=1 300w, https:\/\/i0.wp.com\/www.radiopiu.net\/wordpress\/wp-content\/uploads\/2018\/09\/WhatsApp-Image-2018-09-20-at-16.04.06.jpeg?resize=768%2C96&amp;ssl=1 768w\" alt=\"\" width=\"800\" height=\"100\" data-lazy-loaded=\"1\" \/><\/a><\/p>\n<\/div>\n<\/div>\n<\/div>\n<\/div>\n<\/div>\n<\/div>\n<\/div>\n<\/div>\n<\/div>\n<\/div>\n<\/div>\n<\/div>\n<\/div>\n<\/div>\n<\/div>\n<\/div>\n<\/div>\n<\/div>\n<\/div>\n<\/div>\n<\/div>\n<\/div>\n<\/div>\n<\/div>\n<\/div>\n<\/div>\n<\/div>\n<\/div>\n<\/div>\n<\/div>\n<\/div>\n<\/div>\n<\/div>\n<\/div>\n<\/div>\n<\/div>\n<\/div>\n<\/div>\n<\/div>\n<\/div>\n<\/div>\n<\/div>\n<\/div>\n<\/div>\n<\/div>\n<\/div>\n<\/div>\n<\/div>\n<\/div>\n<\/div>\n<\/div>\n<\/div>\n<\/div>\n<\/div>\n<\/div>\n<\/div>\n<\/div>\n<\/div>\n<\/div>\n<\/div>\n<\/div>\n<\/div>\n<\/div>\n<\/div>\n<\/div>\n<\/div>\n<\/div>\n<\/div>\n<\/div>\n<\/div>\n<\/div>\n<\/div>\n<\/div>\n<\/div>\n<\/div>\n<\/div>\n<\/div>\n<\/div>\n<\/div>\n<\/div>\n<\/div>\n<\/div>\n<\/div>\n<\/div>\n<\/div>\n<\/div>\n<\/div>\n<\/div>\n<\/div>\n<\/div>\n<\/div>\n<\/div>\n<\/div>\n<\/div>\n<\/div>\n<\/div>\n<\/div>\n<\/div>\n<\/div>\n<\/div>\n<\/div>\n<\/div>\n<\/div>\n<\/div>\n<\/div>\n<\/div>\n<\/div>\n<\/div>\n<\/div>\n<\/div>\n<\/div>\n<\/div>\n<\/div>\n<\/div>\n<\/div>\n<\/div>\n<\/div>\n<\/div>\n<\/div>\n<\/div>\n<\/div>\n<\/div>\n<\/div>\n<\/div>\n<\/div>\n<\/div>\n<\/div>\n<\/div>\n<\/div>\n<\/div>\n<\/div>\n<\/div>\n<\/div>\n<\/div>\n<\/div>\n<\/div>\n<\/div>\n<\/div>\n<\/div>\n<\/div>\n<\/div>\n<\/div>\n<\/div>\n<\/div>\n<\/div>\n<\/div>\n<\/div>\n<\/div>\n<\/div>\n<\/div>\n<\/div>\n<\/div>\n<\/div>\n<\/div>\n<\/div>\n<\/div>\n<\/div>\n<\/div>\n<\/div>\n<\/div>\n<\/div>\n<\/div>\n<\/div>\n<\/div>\n<\/div>\n<\/div>\n<\/div>\n<\/div>\n<\/div>\n<\/div>\n<\/div>\n<\/div>\n<\/div>\n<\/div>\n<\/div>\n<\/div>\n<\/div>\n<\/div>\n<\/div>\n<\/div>\n<\/div>\n<\/div>\n<\/div>\n<\/div>\n<\/div>\n<\/div>\n<\/div>\n<\/div>\n<\/div>\n<\/div>\n<\/div>\n<\/div>\n<\/div>\n<\/div>\n<\/div>\n<\/div>\n<\/div>\n<\/div>\n<\/div>\n<\/div>\n<\/div>\n<\/div>\n<\/div>\n<\/div>\n<\/div>\n<\/div>\n<\/div>\n<\/div>\n<\/div>\n<\/div>\n<\/div>\n<\/div>\n<\/div>\n<\/div>\n<\/div>\n<\/div>\n<\/div>\n<\/div>\n<\/div>\n<\/div>\n<\/div>\n<\/div>\n<\/div>\n<\/div>\n<\/div>\n<\/div>\n<\/div>\n<\/div>\n<\/div>\n<\/div>\n<p>&nbsp;<\/p>\n<p><center><b>Venerdi 27<\/b><\/center><b>Tempo atteso: <\/b>Al mattino parzialmente soleggiato, specie sulle Dolomiti, con maggiori annuvolamenti sulle zone prealpine con cielo in prevalenza parzialmente nuvoloso per sottili velature, per annuvolamenti stratiformi e per temporanee nubi basse nelle ore pi\u00f9 fredde in alcune valli. Al pomeriggio crescente attivit\u00e0 cumuliforme con cielo generalmente nuvoloso o molto nuvoloso e rasserenamenti serali, soprattutto sulle Dolomiti mentre sulle Prealpi il cielo continuer\u00e0 a mantenersi in prevalenza nuvoloso.<br \/>\n<b>Precipitazioni: <\/b>Al mattino assenti (0%). Nel pomeriggio possibili (10-20%) locali e sporadiche precipitazioni sparse, specie sulle Dolomiti anche carattere di rovescio o temporale.<br \/>\n<b>Temperature: <\/b>Minime senza notevoli variazioni e massime in lieve o contenuto aumento e superiori alla norma. Su Prealpi a 1500 m min 11\u00b0C, max 16\u00b0C; a 2000 m min 9\u00b0C, max 14\u00b0C. Su Dolomiti a 2000 m min 8\u00b0C, max 14\u00b0C; a 3000 m min 2\u00b0C, max 5\u00b0C.<br \/>\n<b>Venti: <\/b>Nelle valli deboli o moderati a regime di brezze; in quota in prevalenza moderati da sud-ovest fino al mattino, tendenti a disporsi dai quadranti occidentali da met\u00e0 giornata, a 15-20 km\/h a 2000 m e 20-25 km\/h a 3000 m.<\/p>\n<hr \/>\n<p><center><b>Sabato 28<\/b><\/center><b>Tempo atteso: <\/b>Al mattino irregolarmente nuvoloso sulle zone prealpine, poco o parzialmente nuvoloso sulle Dolomiti, con ulteriore intensificazione della nuvolosit\u00e0 nel corso della mattinata su tutte le zone per significativa attivit\u00e0 cumuliforme, favorita soprattutto dall&#8217;arrivo dell&#8217;aria fredda.<br \/>\n<b>Precipitazioni: <\/b>Al mattino generalmente assenti sulle Dolomiti, probabilit\u00e0 medio-bassa tra Prealpi e Pedemontana di qualche sporadico fenomeno, con i primi fenomeni pi\u00f9 significativi dalle ore centrali, caratterizzati un&#8217;alta probabilit\u00e0 (75-100%) di rovesci o temporali inizialmente sparsi, poi diffusi; attenuazione dei fenomeni nella sera\/notte a partire dalle Dolomiti. Il limite della neve scender\u00e0 dai 2800-3000 m iniziali, fino a circa 2400-2600 m, anche un po&#8217; pi\u00f9 in basso in caso di rovesci prolungati e verso la fine dell&#8217;evento.<br \/>\n<b>Temperature: <\/b>Minime generalmente stazionarie nelle valli, in diminuzione in alta montagna dove saranno misurate a fine giornata; massime in diminuzione a tutte le quote. Su Prealpi a 1500 m min 7\u00b0C, max 13\u00b0C; a 2000 m min 4\u00b0C, max 10\u00b0C. Su Dolomiti a 2000 m min 2\u00b0C, max 10\u00b0C; a 3000 m min -4\u00b0C, max 2\u00b0C.<br \/>\n<b>Venti: <\/b>Venti nelle valli perlopi\u00f9 deboli o moderati di direzione variabile, anche temporaneamente forti per raffiche temporalesche; in quota moderati o tesi da ovest, sud-ovest al mattino, moderati da nord-ovest al pomeriggio, a 10-20 km\/h a 2000 m e a 15-20 km\/h a 3000 m.<\/p>\n<hr \/>\n<p><center><b>Domenica 29<\/b><\/center>Cielo nuvoloso o molto nuvoloso; non escluse brevi precipitazioni perlopi\u00f9 deboli e di scarsa entit\u00e0, eventualmente nevose oltre i 1800-2100 m. Temperature in diminuzione anche sensibile, su valori inferiori alla norma. Clima piuttosto fresco nelle valli, piuttosto freddo in alta montagna. Venti in quota in prevalenza deboli da nord-ovest.<\/p>\n<hr \/>\n<p><center><b>Lunedi 30<\/b><\/center>Tempo variabile a tratti relativamente instabile anche al mattino con cielo irregolarmente nuvoloso per gran parte della giornata e con qualche tratto soleggiato. Possibili formazioni di nubi basse o foschie in alcune valli nelle ore pi\u00f9 fredde. Possibili precipitazioni sparse modeste e intermittenti e nevose oltre i 2000-2200 m. Temperature minime in calo massime in lieve o contenuto aumento, specie sulle Prealpi; clima ancora freddo per il periodo, specie al mattino e in alta montagna. Venti in quota moderati o tesi da sud-ovest. Previsore: M.Padoan<\/p>\n<p>&nbsp;<\/p>\n<hr \/>\n<p>&nbsp;<\/p>\n<p>&nbsp;<\/p>\n<p><a href=\"https:\/\/www.radiopiu.net\/wordpress\/giornale-radiopiu-26-settembre-2018-direttore-mirko-mezzacasa\/viabilita-2\/\" rel=\"attachment wp-att-61954\"><img loading=\"lazy\" decoding=\"async\" class=\"aligncenter wp-image-61954 size-full\" src=\"https:\/\/www.radiopiu.net\/wordpress\/wp-content\/uploads\/2018\/09\/viabilita.jpeg\" sizes=\"auto, (max-width: 800px) 100vw, 800px\" srcset=\"https:\/\/www.radiopiu.net\/wordpress\/wp-content\/uploads\/2018\/09\/viabilita.jpeg 800w, https:\/\/www.radiopiu.net\/wordpress\/wp-content\/uploads\/2018\/09\/viabilita-300x38.jpeg 300w, https:\/\/www.radiopiu.net\/wordpress\/wp-content\/uploads\/2018\/09\/viabilita-768x96.jpeg 768w\" alt=\"\" width=\"800\" height=\"100\" \/><\/a><\/p>\n<p>&nbsp;<\/p>\n<blockquote class=\"wp-embedded-content\" data-secret=\"624lftsd7h\"><p><a href=\"https:\/\/www.radiopiu.net\/wordpress\/viabilita\/\">viabilita<\/a><\/p><\/blockquote>\n<p><iframe loading=\"lazy\" class=\"wp-embedded-content\" sandbox=\"allow-scripts\" security=\"restricted\" style=\"position: absolute; clip: rect(1px, 1px, 1px, 1px);\" title=\"&#8220;viabilita&#8221; &#8212; Radio Pi\u00f9\" src=\"https:\/\/www.radiopiu.net\/wordpress\/viabilita\/embed\/#?secret=shcrIS6D8M#?secret=624lftsd7h\" data-secret=\"624lftsd7h\" width=\"600\" height=\"338\" frameborder=\"0\" marginwidth=\"0\" marginheight=\"0\" scrolling=\"no\"><\/iframe><\/p>\n<p>&nbsp;<\/p>\n<hr \/>\n<p>&nbsp;<\/p>\n<p>&nbsp;<\/p>\n<p><img loading=\"lazy\" decoding=\"async\" class=\"wp-image-60761 size-full aligncenter\" src=\"https:\/\/www.radiopiu.net\/wordpress\/wp-content\/uploads\/2018\/09\/sport.jpg\" alt=\"\" width=\"800\" height=\"100\" srcset=\"https:\/\/www.radiopiu.net\/wordpress\/wp-content\/uploads\/2018\/09\/sport.jpg 800w, https:\/\/www.radiopiu.net\/wordpress\/wp-content\/uploads\/2018\/09\/sport-300x38.jpg 300w, https:\/\/www.radiopiu.net\/wordpress\/wp-content\/uploads\/2018\/09\/sport-768x96.jpg 768w\" sizes=\"auto, (max-width: 800px) 100vw, 800px\" \/><\/p>\n<p>&nbsp;<\/p>\n<p><span style=\"color: #0000ff;\"><strong>CALCIO<\/strong><\/span><\/p>\n<blockquote>\n<h3>FESTA DI FINE STAGIONE PER LE GIOVANILI DELL&#8217;AGORDINA&#8230;MA NON SOLO<\/h3>\n<\/blockquote>\n<p><strong><a class=\"dt-pswp-item\" href=\"https:\/\/www.radiopiu.net\/wordpress\/wp-content\/uploads\/2019\/09\/AGORDINA-CALCIO.jpeg\" data-dt-img-description=\"\" data-large_image_width=\"225\" data-large_image_height=\"225\"><img loading=\"lazy\" decoding=\"async\" class=\"size-thumbnail wp-image-97575 alignleft\" src=\"https:\/\/www.radiopiu.net\/wordpress\/wp-content\/uploads\/2019\/09\/AGORDINA-CALCIO-150x150.jpeg\" alt=\"\" width=\"150\" height=\"150\" srcset=\"https:\/\/www.radiopiu.net\/wordpress\/wp-content\/uploads\/2019\/09\/AGORDINA-CALCIO-150x150.jpeg 150w, https:\/\/www.radiopiu.net\/wordpress\/wp-content\/uploads\/2019\/09\/AGORDINA-CALCIO.jpeg 225w\" sizes=\"auto, (max-width: 150px) 100vw, 150px\" \/><\/a>AGORDO<\/strong> Grande festa all&#8217;Ivano Dorigo di Agordo in programma domenica prossima. Protagonisti della giornata i giovani del settore giovanile dell&#8217;Agordina che chiudono definitivamente la stagione con una giornata di sport e divertimento. Nel pomeriggio la societ\u00e0 del presidente Cosmo Forcella chiama a rapporto tutti i giovani che negli ultimi nove mesi hanno giocato nelle varie squadre. Ad inaugurare il pomeriggio saranno i pi\u00f9 piccoli con un mini torno dedicato a primi calci, pulcini e piccoli amici. Dalle 16 alle 17 sar\u00e0 il turno degli esordienti, seguiranno i giovanissimi e gli allievi. Invitati genitori, allenatore, dirigenti e simpatizzanti dell&#8217;Agordina che si sfideranno in una partita amichevole in serata. Un motivo in pi\u00f9 per saldare il gruppo della compagine di Agordo.<\/p>\n<p>&nbsp;<\/p>\n<p>&nbsp;<\/p>\n<hr \/>\n<p>&nbsp;<\/p>\n<p><span style=\"color: #0000ff;\"><strong>HOCKEY SU GHIACCIO\u00a0\u00a0<\/strong><\/span><\/p>\n<blockquote>\n<h3>IN FINLANDIA SI ASSEGNANO I TORNEI IIHF<\/h3>\n<\/blockquote>\n<p><a class=\"dt-pswp-item\" href=\"https:\/\/www.radiopiu.net\/wordpress\/wp-content\/uploads\/2022\/05\/924a3259-cc64-2a90-25de-80fec0b7508f.jpg\" data-dt-img-description=\"\" data-large_image_width=\"1920\" data-large_image_height=\"1266\"><img loading=\"lazy\" decoding=\"async\" class=\"size-thumbnail wp-image-277896 alignleft\" src=\"https:\/\/www.radiopiu.net\/wordpress\/wp-content\/uploads\/2022\/05\/924a3259-cc64-2a90-25de-80fec0b7508f-150x150.jpg\" alt=\"\" width=\"150\" height=\"150\" \/><\/a>Oggi l&#8217;assegnazione dei tornei IIHF per il 2023, l&#8217;Italia si candida.\u00a0 Le decisioni saranno prese \u00a0a margine dei campionati mondiali in Finlandia, il Congresso Annuale\u00a0 si protrarr\u00e0 fino a sabato. In calendario al congresso l&#8217;assegnazione dei Mondiali del prossimo anno delle varie divisioni senior e giovanili. La delegazione italiana si \u00e8 presentata all&#8217;incontro con l&#8217;obiettivo di portare a casa pi\u00f9 tornei possibili. In primis la Fisg ha chiesto l\u2019organizzazione dei Mondiali di Prima Divisione &#8211; Gruppo A, ai quali l&#8217;Italia torner\u00e0 a partecipare nel 2023. Come sede di gioco della competizione \u00e8 stata ufficialmente candidata la Intercable Arena di Brunico (foto). Casa del HC Pustertal dall&#8217;ottobre 2021, \u00e8 uno stadio all&#8217;avanguardia da 3100 posti (1650 a sedere), 14 spogliatoi per le squadre e con una pista per gli allenamenti a disposizione.\u00a0 L&#8217;Italia non ospita un mondiale maggiore maschile dal 1994 quando al Palaonda di Bolzano e al Forum di Milano scesero sul ghiaccio le migliori squadre del mondo. Saranno in ogni caso avversarie dell&#8217;Italia, Gran Bretagna, Lituania, Corea del Sud, Polonia e Romania. A sfidare l&#8217;assegnazione di Brunico c&#8217;\u00e8 la Gran Bretagna che presenta al ballottaggio la Motorpoint Arena di Nottingham, costruita nel 2000 con una capienza di 8000 persone.<\/p>\n<p>&nbsp;<\/p>\n<p><span style=\"color: #0000ff;\"><strong>CALCIO<\/strong><\/span><\/p>\n<blockquote>\n<h3>UFFICIALIZZATO IL CALENDARIO DEL CAMPIONATO AGORDINO 2022<\/h3>\n<\/blockquote>\n<p><strong><a class=\"dt-pswp-item\" href=\"https:\/\/www.radiopiu.net\/wordpress\/wp-content\/uploads\/2022\/05\/CAMP-AGO-2022.jpg\" data-dt-img-description=\"\" data-large_image_width=\"1024\" data-large_image_height=\"1012\"><img loading=\"lazy\" decoding=\"async\" class=\"size-thumbnail wp-image-274172 alignleft\" src=\"https:\/\/www.radiopiu.net\/wordpress\/wp-content\/uploads\/2022\/05\/CAMP-AGO-2022-150x150.jpg\" alt=\"\" width=\"150\" height=\"150\" \/><\/a>AGORDO<\/strong> Ora \u00e8 ufficiale. Il Campionato Agordino 2022 ha il suo calendario ufficiale. Il Comitato Calcio Agordino sta per distribuire i manifesti nei locali dell\u2019Agordino e presto le squadre avranno a disposizione i calendari tascabili da consegnare ai propri tifosi. Il Girone A inizier\u00e0 il 12 giugno, sar\u00e0 composto da 7 giornate ed avr\u00e0 anche un turno infrasettimanale nel giorno 29 giugno, giorno dei santi patroni di Agordo. Diverso il calendario del Girone B che, essendo a 6 squadre, vede 5 giornate giocate ed inizier\u00e0 il 19 giugno. Per entrambi i gironi l\u2019ultima giornata di stagione regolare \u00e8 in programma per domenica 17 luglio e le prime 4 squadre di ogni girone andranno a giocarsi i quarti di finale la settimana dopo sui campi di La Valle e Voltago. Il 31 luglio le semifinali a Vallada e la finalissima si giocher\u00e0 a Gosaldo il 7 agosto.<\/p>\n<p><strong>IL CALENDARIO DEL CAMPIONATO AGORDINO 2022<\/strong><\/p>\n<a href=\"https:\/\/www.radiopiu.net\/wordpress\/wp-content\/uploads\/2022\/05\/CALENDARIO-CAMPIONATO-AGORDINO-2022.pdf\" class=\"pdfemb-viewer\" style=\"\" data-width=\"max\" data-height=\"max\" data-toolbar=\"top\" data-toolbar-fixed=\"on\">CALENDARIO CAMPIONATO AGORDINO 2022<\/a>\n<p>&nbsp;<\/p>\n<p>&nbsp;<\/p>\n<\/div>\n<\/div>\n<\/div>\n<\/div>\n<\/div>\n<\/div>\n<\/div>\n<\/div>\n<\/div>\n<\/div>\n<\/div>\n<\/div>\n<\/div>\n<\/div>\n<\/div>\n<\/div>\n<\/div>\n<\/div>\n<\/div>\n<\/div>\n<\/div>\n<\/div>\n<\/div>\n<\/div>\n<\/div>\n<\/div>\n<\/div>\n<\/div>\n<\/div>\n<\/div>\n<\/div>\n<\/div>\n<\/div>\n<\/div>\n<\/div>\n<\/div>\n<\/div>\n<\/div>\n<\/div>\n<\/div>\n<\/div>\n<\/div>\n<\/div>\n<\/div>\n<\/div>\n<\/div>\n<\/div>\n<\/div>\n<\/div>\n<\/div>\n<\/div>\n<\/div>\n<\/div>\n<\/div>\n<\/div>\n<\/div>\n<\/div>\n<\/div>\n<\/div>\n<\/div>\n<\/div>\n<\/div>\n<\/div>\n<\/div>\n<\/div>\n<\/div>\n<\/div>\n<\/div>\n<\/div>\n<\/div>\n<\/div>\n<\/div>\n<\/div>\n<\/div>\n<\/div>\n<\/div>\n<\/div>\n<\/div>\n<\/div>\n<\/div>\n<\/div>\n<\/div>\n<\/div>\n<\/div>\n<\/div>\n<\/div>\n<\/div>\n<\/div>\n<\/div>\n<\/div>\n<\/div>\n<\/div>\n<\/div>\n<\/div>\n<\/div>\n<\/div>\n<\/div>\n<\/div>\n<\/div>\n<\/div>\n<\/div>\n<\/div>\n<\/div>\n<\/div>\n<\/div>\n","protected":false},"excerpt":{"rendered":"<p>RADIO PIU INFORMAZIONE il canale su TELEGRAM informazione di prima\u00a0 mano e in tempo reale. iscriviti ed aiutaci a farlo conoscere\u00a0\u00a0 SOTTOGUDA ATTENDE IL GIRO ED E&#8217; SEMPRE PIU&#8217; ROSA &nbsp; &nbsp; SOVRAMONTE Lungo la 473, provinciale\u00a0 di Croce d&#8217;Aune,\u00a0 in localit\u00e0 Sorriva, ha ceduto la condotta fognaria. Veneto Strade alle 19 ha comunicato la&hellip;<\/p>\n","protected":false},"author":4,"featured_media":277961,"comment_status":"closed","ping_status":"closed","sticky":false,"template":"","format":"standard","meta":{"_monsterinsights_skip_tracking":false,"_monsterinsights_sitenote_active":false,"_monsterinsights_sitenote_note":"","_monsterinsights_sitenote_category":0,"footnotes":""},"categories":[51,86,49],"tags":[],"class_list":["post-277795","post","type-post","status-publish","format-standard","has-post-thumbnail","hentry","category-evidenza-top","category-gr","category-news-18","category-51","category-86","category-49","description-off"],"img_url":"https:\/\/www.radiopiu.net\/wordpress\/wp-content\/uploads\/2022\/05\/sss-9.jpg","_links":{"self":[{"href":"https:\/\/www.radiopiu.net\/wordpress\/wp-json\/wp\/v2\/posts\/277795","targetHints":{"allow":["GET"]}}],"collection":[{"href":"https:\/\/www.radiopiu.net\/wordpress\/wp-json\/wp\/v2\/posts"}],"about":[{"href":"https:\/\/www.radiopiu.net\/wordpress\/wp-json\/wp\/v2\/types\/post"}],"author":[{"embeddable":true,"href":"https:\/\/www.radiopiu.net\/wordpress\/wp-json\/wp\/v2\/users\/4"}],"replies":[{"embeddable":true,"href":"https:\/\/www.radiopiu.net\/wordpress\/wp-json\/wp\/v2\/comments?post=277795"}],"version-history":[{"count":0,"href":"https:\/\/www.radiopiu.net\/wordpress\/wp-json\/wp\/v2\/posts\/277795\/revisions"}],"wp:featuredmedia":[{"embeddable":true,"href":"https:\/\/www.radiopiu.net\/wordpress\/wp-json\/wp\/v2\/media\/277961"}],"wp:attachment":[{"href":"https:\/\/www.radiopiu.net\/wordpress\/wp-json\/wp\/v2\/media?parent=277795"}],"wp:term":[{"taxonomy":"category","embeddable":true,"href":"https:\/\/www.radiopiu.net\/wordpress\/wp-json\/wp\/v2\/categories?post=277795"},{"taxonomy":"post_tag","embeddable":true,"href":"https:\/\/www.radiopiu.net\/wordpress\/wp-json\/wp\/v2\/tags?post=277795"}],"curies":[{"name":"wp","href":"https:\/\/api.w.org\/{rel}","templated":true}]}}