{"id":277946,"date":"2022-05-28T05:30:52","date_gmt":"2022-05-28T03:30:52","guid":{"rendered":"https:\/\/www.radiopiu.net\/wordpress\/?p=277946"},"modified":"2022-05-28T08:46:39","modified_gmt":"2022-05-28T06:46:39","slug":"giornale-radiopiu-28-maggio-2022-direttore-mirko-mezzacasa","status":"publish","type":"post","link":"https:\/\/www.radiopiu.net\/wordpress\/giornale-radiopiu-28-maggio-2022-direttore-mirko-mezzacasa\/","title":{"rendered":"GIORNALE RADIOPIU 28 MAGGIO 2022 DIRETTORE MIRKO MEZZACASA"},"content":{"rendered":"<h3 class=\"kvgmc6g5 cxmmr5t8 oygrvhab hcukyx3x c1et5uql\"><span style=\"color: #0000ff;\"><strong>RADIO PIU INFORMAZIONE il canale su TELEGRAM informazione di prima\u00a0 <\/strong><\/span><span style=\"color: #0000ff;\"><strong>mano e in tempo reale. iscriviti ed aiutaci a farlo conoscere\u00a0\u00a0<\/strong><\/span><\/h3>\n<p>&nbsp;<\/p>\n<hr \/>\n<p>&nbsp;<\/p>\n<blockquote>\n<h3>LUNEDI L&#8217;ULTIMO SALUTO A LUCA RUDATIS A ROCCA PIETORE<\/h3>\n<\/blockquote>\n<p><strong><a class=\"dt-pswp-item\" href=\"https:\/\/www.radiopiu.net\/wordpress\/wp-content\/uploads\/2022\/05\/sss-11.jpg\" data-dt-img-description=\"\" data-large_image_width=\"208\" data-large_image_height=\"282\"><img loading=\"lazy\" decoding=\"async\" class=\"size-thumbnail wp-image-278153 alignleft\" src=\"https:\/\/www.radiopiu.net\/wordpress\/wp-content\/uploads\/2022\/05\/sss-11-150x150.jpg\" alt=\"\" width=\"150\" height=\"150\" \/><\/a>ROCCA PIETORE\u00a0 <\/strong> Si terranno lunedi alle 14.30 nella chiesa di Rocca Pietore i funerali di Luca Rudatis, domani sera alle 19 la recita del rosario. Un dolore immenso per il pap\u00e0 Giuseppe, la mamma Dorina con Fabio, il fratello Nicola Sorar\u00f9 con Ellen i tanti parenti ed amici, gli zii, i cugini, Giovanni in particolare, senza non voler far torto a nessuno, perch\u00e9 a Luca ha voluto molto bene. Impera il silenzio in Valle del Cordevole, un silenzio rispettoso ma anche antifona di un ricordo indelebile perch\u00e9 Luca nonostante tutte le avversit\u00e0 della vita si era fatto volere\u00a0 bene e da domenica manca, alla famiglia, agli amici, alla comunit\u00e0 che aveva frequentato, ovunque sia rimasta la sua essenza. Luca sar\u00e0 presente in chiesa in tarda mattinata, poi la salma proseguir\u00e0 per la cremazione. La famiglia invita a devolvere eventuali offerte all&#8217;associazione movimento fratenit\u00e0 di Landris Onlus.<\/p>\n<p>&nbsp;<\/p>\n<hr \/>\n<p>&nbsp;<\/p>\n<blockquote>\n<h3>LAVORI A PONTE CIBIANA, OGGI L&#8217;AMBULANZA SUL PASSO<\/h3>\n<\/blockquote>\n<p><strong><img loading=\"lazy\" decoding=\"async\" class=\"alignleft\" src=\"https:\/\/www.radiopiu.net\/wordpress\/wp-content\/uploads\/2021\/10\/a0c568f4-8fef-4e1e-b203-57f1d1d0c1e7.jpg\" width=\"205\" height=\"153\" \/>CIBIANA<\/strong> Oggi la circolazione sul ponte sul Boite in Comune di Valle di Cadore verso il Passo Cibiana verr\u00e0 sospesa da Veneto Strade per consentire l&#8217;effettuazione di lavori stradali. Al fine di garantire comunque un tempestivo soccorso alla popolazione della destra Boite, \u00e8 stato predisposto un presidio da parte di un&#8217;ambulanza dei Volontari di Forno di Zoldo a Passo Cibiana. La Centrale Operativa SUEM ha inoltre concordato con Veneto Strade una procedura attraverso la quale, in caso di intervento, sia comunque garantita la transitabilit\u00e0 pedonale del ponte, in sicurezza e con scorta tecnica degli operatori, al fine di garantire un tempestivo supporto medico avanzato, se necessario. La Centrale Operativa SUEM invier\u00e0 <strong><a class=\"dt-pswp-item\" href=\"https:\/\/www.radiopiu.net\/wordpress\/wp-content\/uploads\/2020\/05\/VENETO-STRADE.png\" data-dt-img-description=\"\" data-large_image_width=\"400\" data-large_image_height=\"400\"><img loading=\"lazy\" decoding=\"async\" class=\"size-thumbnail wp-image-135574 alignleft\" src=\"https:\/\/www.radiopiu.net\/wordpress\/wp-content\/uploads\/2020\/05\/VENETO-STRADE-150x150.png\" alt=\"\" width=\"150\" height=\"150\" srcset=\"https:\/\/www.radiopiu.net\/wordpress\/wp-content\/uploads\/2020\/05\/VENETO-STRADE-150x150.png 150w, https:\/\/www.radiopiu.net\/wordpress\/wp-content\/uploads\/2020\/05\/VENETO-STRADE-300x300.png 300w, https:\/\/www.radiopiu.net\/wordpress\/wp-content\/uploads\/2020\/05\/VENETO-STRADE.png 400w\" sizes=\"auto, (max-width: 150px) 100vw, 150px\" \/><\/a><\/strong>comunque l&#8217;elisoccorso Falco in ogni condizione critica.<\/p>\n<p><span style=\"color: #ff0000;\"><strong>REGIONALE 347 CIBIANA:\u00a0 senso unico alternato, regolato da semaforo, oggi\u00a0 dalle 7.15 alle 20.\u00a0<\/strong><\/span><\/p>\n<p><strong>SOVRAMONTE<\/strong> Lungo la 473, provinciale\u00a0 di Croce d\u2019Aune,\u00a0 in localit\u00e0 Sorriva, ha ceduto la condotta fognaria,\u00a0 chiusura della strada in entrambi i sensi di marcia fino al 3 giugno per ripristino condotta fognaria<\/p>\n<p>&nbsp;<\/p>\n<p>&nbsp;<\/p>\n<hr \/>\n<p>&nbsp;<\/p>\n<blockquote>\n<h3>GIOVANE CENTAURO PERDE LA VITA DOPO UN VOLO DI 20 METRI. RITROVATO DAL PADRE<\/h3>\n<\/blockquote>\n<p><strong><a class=\"dt-pswp-item\" href=\"https:\/\/www.radiopiu.net\/wordpress\/wp-content\/uploads\/2022\/05\/6dc43fc3-0531-4329-b055-41d5d8aae6b2.jpg\" data-dt-img-description=\"\" data-large_image_width=\"960\" data-large_image_height=\"708\"><img loading=\"lazy\" decoding=\"async\" class=\"alignleft wp-image-278173 size-medium\" src=\"https:\/\/www.radiopiu.net\/wordpress\/wp-content\/uploads\/2022\/05\/6dc43fc3-0531-4329-b055-41d5d8aae6b2-300x221.jpg\" alt=\"\" width=\"300\" height=\"221\" srcset=\"https:\/\/www.radiopiu.net\/wordpress\/wp-content\/uploads\/2022\/05\/6dc43fc3-0531-4329-b055-41d5d8aae6b2-300x221.jpg 300w, https:\/\/www.radiopiu.net\/wordpress\/wp-content\/uploads\/2022\/05\/6dc43fc3-0531-4329-b055-41d5d8aae6b2-768x566.jpg 768w, https:\/\/www.radiopiu.net\/wordpress\/wp-content\/uploads\/2022\/05\/6dc43fc3-0531-4329-b055-41d5d8aae6b2.jpg 960w\" sizes=\"auto, (max-width: 300px) 100vw, 300px\" \/><\/a>CORTINA<\/strong> Giornata drammatica a Cortina.\u00a0 Due motociclisti tedeschi,\u00a0 sono morti nel pomeriggio in due distinti incidenti avvenuti a Cortina e a Vodo di Cadore Sul posto i vigili del fuoco. Il primo impatto tra una moto e un tir \u00e8 avvenuto a Fiames, alle porte della localit\u00e0 ampezzana, e ha costretto l&#8217;Anas a interrompere la circolazione lungo la statale 51 di Alemagna.<\/p>\n<p>Alle 17:20, i vigili del fuoco sono intervenuti lungo la statale SS 51 in localit\u00e0 Fiames di Cortina D\u2019Ampezzo per un frontale tra una moto e un autoarticolato: deceduto il centauro, G.K.W., 50 anni, I pompieri arrivati dal locale distaccamento, hanno estratto da sotto il camion il motociclista. I sanitari del SUEM hanno provato a lungo a rianimare l\u2019uomo, purtroppo il medico ha dovuto dichiarare la morte del centauro di nazionalit\u00e0 tedesca.I vigili del fuoco hanno operato inoltre per il recupero di una moto di un altro incidente mortale accaduto nel pomeriggio in Via Talamini a Vodo di Cadore. Anche in questo incidente la vittima \u00e8\u00a0 un centauro di nazionalit\u00e0 tedesca, illeso il conducente del camion. Sul posto per il recupero della moto i volontari di Borca e Vodo.<\/p>\n<p>&nbsp;<\/p>\n<div lang=\"IT\">\n<div class=\"x_WordSection1\">\n<p class=\"x_MsoNormal\"><strong>VODO DI CADORE<\/strong> Biker 29enne, M.N.\u00a0 perde la vita uscendo di strada, dopo un volo di una ventina di metri. Il ragazzo tedesco stava scendendo sulla strada assieme al pap\u00e0 e a un amico dal Rifugio Talamini verso Vodo di Cadore, su tre moto distinte. Quando il padre e l&#8217;altro ragazzo, che erano davanti, visto che non li stava raggiungendo, sono tornati indietro, si sono trovati nel punto in cui aveva perso il controllo del mezzo e lo hanno purtroppo scorto a valle inerme. Verso le 17.30 la Centrale del Suem ha allertato il Soccorso alpino di San Vito di Cadore in supporto al personale dell&#8217;ambulanza e all&#8217;equipe dell&#8217;elicottero del Suem di Pieve di Cadore, che ha potuto solamente constatarne il decesso. Ottenuto il nulla osta dalla magistratura per la rimozione, la salma \u00e8 stata imbarellata e trasportata dai soccorritori fuori dal bosco, per essere poi accompagnata alla cella mortuaria. Sul posto anche i Carabinieri<\/p>\n<\/div>\n<\/div>\n<p>&nbsp;<\/p>\n<p>&nbsp;<\/p>\n<hr \/>\n<blockquote>\n<h3><\/h3>\n<h3>DALLA 203 AGORDINA, IL CAPRIOLO A BORDO STRADA E IL TAMPONAMENTO AL BIVIO PER STRAPONT<\/h3>\n<\/blockquote>\n<p><strong>LA DIRETTA RADIO PIU&#8217;<\/strong><\/p>\n<p><strong>TAIBON<\/strong>\u00a0 A pochi metri dalla sede di Radio Pi\u00f9 l&#8217;investimento di un capriolo e un successivo tamponamento a tre (altro episodio). E&#8217; stato Angelo ad accorgersi del capriolo con le zampe fratturate e fermo a bordo strada in mezzo all&#8217;erba. Subito informati i carabinieri del 112, che a sua volta hanno allertato le guardie provinciali partite da Belluno.<\/p>\n<p><strong>di Elena Fontanive<\/strong><\/p>\n<p><em><span class=\"d2edcug0 hpfvmrgz qv66sw1b c1et5uql lr9zc1uh a8c37x1j fe6kdd0r mau55g9w c8b282yb keod5gw0 nxhoafnm aigsh9s9 d3f4x2em iv3no6db jq4qci2q a3bd9o3v b1v8xokw oo9gr5id\" dir=\"auto\" lang=\"it-IT\">Certo che in una provincia con tanto di Parco Nazionale delle Dolomiti, che non esista un CRAS (Centri di Recupero Animali Selvatici) \u00e8 paradossale. Tu come comune cittadino non puoi permetterti nemmeno di provare privatamente a spese tue di prendertene cura o rivolgerti a qualche veterinario perch\u00e9 sono azioni sanzionabili, ma \u00e8 tutto in mano a chi ha competenza che giustamente,\u00a0 quando consentito intervengono. Guardando altrove, dove non arrivano le istituzioni preposte, arrivano i volontari o comunque gente del mestiere che si raccatta le povere bestie, ci provano, ci piangono se non ce la fanno, ma non demordono, e ci riprovano ancora, qui da noi devi solo riuscire a trovare qualcuno che possa e abbia la facolt\u00e0 di dar fine alle loro sofferenze.<\/span><\/em><\/p>\n<p>https:\/\/www.facebook.com\/marco.baghy.1\/videos\/2817837011855720<\/p>\n<p>&nbsp;<\/p>\n<p><strong>VIDEO 2<\/strong><\/p>\n<p>https:\/\/www.facebook.com\/marco.baghy.1\/videos\/1142133829694534<\/p>\n<p>&nbsp;<\/p>\n<p>Poco dopo il tamponamento &#8211; fortunatamente senza feriti &#8211; che ha coinvolto un pick up finito contro una prima vettura che a sua volta ha tamponato quella che la precedeva all&#8217;altezza del bivio per Taibon Strapont,\u00a0 lungo una strada, la 203 agordina, che da sempre \u00e8 nota per la sua pericolosit\u00e0 nonostante il limite dei 70 orari, poche volte rispettato, ma zona franca mancando totalmente i controlli. Il Comune pi\u00f9 volte interessato del problema ha sempre risposto di non voler intervenire con autovelox ma promette un&#8217;ormai famosa rotonda che s&#8217;avrebbe da fare, non si sa con quali tempi e quali risultati concreti comporter\u00e0. Negli anni lungo la 203 (e la tangenziale non era ancora stata realizzata) si sono contati decine di morti e feriti ma evidentemente non \u00e8 sufficiente per prendere decisioni importanti, forse impopolari, ma salva vita. Sul posto per i rilievi di legge la pattuglia della Polizia Stradale con l&#8217;aiuto dell&#8217;agente di Polizia Locale, Gilberto Fossen.<\/p>\n\n\t\t\t<style type='text\/css'>\n\t\t\t\t#gallery-1 {\n\t\t\t\t\tmargin: auto;\n\t\t\t\t}\n\t\t\t\t#gallery-1 .gallery-item {\n\t\t\t\t\tfloat: left;\n\t\t\t\t\tmargin-top: 10px;\n\t\t\t\t\ttext-align: center;\n\t\t\t\t\twidth: 25%;\n\t\t\t\t}\n\t\t\t\t#gallery-1 img {\n\t\t\t\t\tborder: 2px solid #cfcfcf;\n\t\t\t\t}\n\t\t\t\t#gallery-1 .gallery-caption {\n\t\t\t\t\tmargin-left: 0;\n\t\t\t\t}\n\t\t\t\t\/* see gallery_shortcode() in wp-includes\/media.php *\/\n\t\t\t<\/style>\n\t\t<div id='gallery-1' class='dt-gallery-container gallery galleryid-277946 gallery-columns-4 gallery-size-thumbnail'><dl class='gallery-item'>\n\t\t\t\t<dt class='gallery-icon landscape'>\n\t\t\t\t\t<a class=\"rollover rollover-zoom dt-pswp-item\" title=\"91c6a8cd-33c9-407b-b8e9-539f755d1390\" data-dt-img-description=\"\" data-large_image_width=\"1920\" data-large_image_height=\"1080\"href='https:\/\/www.radiopiu.net\/wordpress\/wp-content\/uploads\/2022\/05\/91c6a8cd-33c9-407b-b8e9-539f755d1390.jpg'><img loading=\"lazy\" decoding=\"async\" width=\"150\" height=\"150\" src=\"https:\/\/www.radiopiu.net\/wordpress\/wp-content\/uploads\/2022\/05\/91c6a8cd-33c9-407b-b8e9-539f755d1390-150x150.jpg\" class=\"attachment-thumbnail size-thumbnail\" alt=\"\" \/><\/a>\n\t\t\t\t<\/dt><\/dl><dl class='gallery-item'>\n\t\t\t\t<dt class='gallery-icon portrait'>\n\t\t\t\t\t<a class=\"rollover rollover-zoom dt-pswp-item\" title=\"8281ea5e-cc87-4e8e-bb4a-c35906a59dd5\" data-dt-img-description=\"\" data-large_image_width=\"1080\" data-large_image_height=\"1920\"href='https:\/\/www.radiopiu.net\/wordpress\/wp-content\/uploads\/2022\/05\/8281ea5e-cc87-4e8e-bb4a-c35906a59dd5-1.jpg'><img loading=\"lazy\" decoding=\"async\" width=\"150\" height=\"150\" src=\"https:\/\/www.radiopiu.net\/wordpress\/wp-content\/uploads\/2022\/05\/8281ea5e-cc87-4e8e-bb4a-c35906a59dd5-1-150x150.jpg\" class=\"attachment-thumbnail size-thumbnail\" alt=\"\" \/><\/a>\n\t\t\t\t<\/dt><\/dl><dl class='gallery-item'>\n\t\t\t\t<dt class='gallery-icon portrait'>\n\t\t\t\t\t<a class=\"rollover rollover-zoom dt-pswp-item\" title=\"POLIZIA\" data-dt-img-description=\"\" data-large_image_width=\"1080\" data-large_image_height=\"1920\"href='https:\/\/www.radiopiu.net\/wordpress\/wp-content\/uploads\/2022\/05\/POLIZIA.jpg'><img loading=\"lazy\" decoding=\"async\" width=\"150\" height=\"150\" src=\"https:\/\/www.radiopiu.net\/wordpress\/wp-content\/uploads\/2022\/05\/POLIZIA-150x150.jpg\" class=\"attachment-thumbnail size-thumbnail\" alt=\"\" \/><\/a>\n\t\t\t\t<\/dt><\/dl><dl class='gallery-item'>\n\t\t\t\t<dt class='gallery-icon portrait'>\n\t\t\t\t\t<a class=\"rollover rollover-zoom dt-pswp-item\" title=\"GILBERTO FOSSEN POLIZIA LOCALE TAIBON\" data-dt-img-description=\"\" data-large_image_width=\"1080\" data-large_image_height=\"1920\"href='https:\/\/www.radiopiu.net\/wordpress\/wp-content\/uploads\/2022\/05\/GILBERTO-FOSSEN-POLIZIA-LOCALE-TAIBON.jpg'><img loading=\"lazy\" decoding=\"async\" width=\"150\" height=\"150\" src=\"https:\/\/www.radiopiu.net\/wordpress\/wp-content\/uploads\/2022\/05\/GILBERTO-FOSSEN-POLIZIA-LOCALE-TAIBON-150x150.jpg\" class=\"attachment-thumbnail size-thumbnail\" alt=\"\" \/><\/a>\n\t\t\t\t<\/dt><\/dl><br style=\"clear: both\" \/>\n\t\t\t<\/div>\n\n<p>&nbsp;<\/p>\n<p>&nbsp;<\/p>\n<hr \/>\n<p>&nbsp;<\/p>\n<p><strong>SOLO CHIACCHIERE<\/strong><\/p>\n<blockquote>\n<h3>DELLA ROTATORIA, SE NE PARLA DA ANNI.<\/h3>\n<\/blockquote>\n<p>&nbsp;<\/p>\n<p><a class=\"dt-pswp-item\" href=\"https:\/\/www.radiopiu.net\/wordpress\/wp-content\/uploads\/2022\/05\/c4a71d9d-dd20-41ef-9bdd-92554f701645.jpg\" data-dt-img-description=\"\" data-large_image_width=\"1920\" data-large_image_height=\"1080\"><img loading=\"lazy\" decoding=\"async\" class=\" wp-image-278015 alignleft\" src=\"https:\/\/www.radiopiu.net\/wordpress\/wp-content\/uploads\/2022\/05\/c4a71d9d-dd20-41ef-9bdd-92554f701645-150x150.jpg\" alt=\"\" width=\"94\" height=\"94\" \/><\/a><strong>dal CORRIERE DELLE ALPI, GIANNI SANTOMASO<\/strong><\/p>\n<audio class=\"wp-audio-shortcode\" id=\"audio-277946-1\" preload=\"none\" style=\"width: 100%;\" controls=\"controls\"><source type=\"audio\/mpeg\" src=\"https:\/\/www.radiopiu.net\/wordpress\/wp-content\/uploads\/2022\/05\/GIANNI-INCIDENTE-A-STRAPONT.mp3?_=1\" \/><a href=\"https:\/\/www.radiopiu.net\/wordpress\/wp-content\/uploads\/2022\/05\/GIANNI-INCIDENTE-A-STRAPONT.mp3\">https:\/\/www.radiopiu.net\/wordpress\/wp-content\/uploads\/2022\/05\/GIANNI-INCIDENTE-A-STRAPONT.mp3<\/a><\/audio>\n<p>&nbsp;<\/p>\n<p>&nbsp;<\/p>\n<hr \/>\n<p>&nbsp;<\/p>\n<blockquote>\n<h3>INCIDENTE AL BIVIO DI SALCE, TRE I FERITI<\/h3>\n<\/blockquote>\n<p><strong>BELLUNO<\/strong> Alle 15, i vigili del fuoco sono intervenuti in via\u00a0 lungo la SS 50 in localit\u00e0 Salce all&#8217;altezza dell&#8217;intersezione\u00a0 per lo scontro tra tre auto: tre anche i\u00a0 feriti. I pompieri arrivati dalla sede centrale con il personale di prima partenza, hanno messo in sicurezza i mezzi, mentre i feriti &#8211; non gravi &#8211; sono stati assistiti dal personale del SUEM, due persone sono state trasferite in ospedale, un 84enne di Pieve di Cadore, C.B. e un giovane di Belluno, il 28enne S.X.,\u00a0 nella serata di ieri\u00a0 sono stati dimessi dal San Martino. \u00a0Coinvolte una Wolksvagen station wagon e una Hyunday, inoltre una Citroen\u00a0 finita nel prato di fronte alla concessionaria di Luciano Dal Pont.\u00a0 Un impatto molto violento che ha fatto scoppiare tutti gli air bag negli abitacoli: distrutte la station vagon e l\u2019utilitaria che si sono scontrate frontalmente. Sul posto le pattuglie della polizia stradale e della questura per i rilievi e la ricostruzione dello scontro.\u00a0 Traffico in tilt da e verso Belluno, per un paio d&#8217;ore: si \u00e8 proceduto a senso unico alternato tra lunghe code.<\/p>\n\n\t\t\t<style type='text\/css'>\n\t\t\t\t#gallery-2 {\n\t\t\t\t\tmargin: auto;\n\t\t\t\t}\n\t\t\t\t#gallery-2 .gallery-item {\n\t\t\t\t\tfloat: left;\n\t\t\t\t\tmargin-top: 10px;\n\t\t\t\t\ttext-align: center;\n\t\t\t\t\twidth: 25%;\n\t\t\t\t}\n\t\t\t\t#gallery-2 img {\n\t\t\t\t\tborder: 2px solid #cfcfcf;\n\t\t\t\t}\n\t\t\t\t#gallery-2 .gallery-caption {\n\t\t\t\t\tmargin-left: 0;\n\t\t\t\t}\n\t\t\t\t\/* see gallery_shortcode() in wp-includes\/media.php *\/\n\t\t\t<\/style>\n\t\t<div id='gallery-2' class='dt-gallery-container gallery galleryid-277946 gallery-columns-4 gallery-size-medium'><dl class='gallery-item'>\n\t\t\t\t<dt class='gallery-icon landscape'>\n\t\t\t\t\t<a class=\"rollover rollover-zoom dt-pswp-item\" title=\"c9f9decc-ba27-41bc-b850-7f9233763ed8\" data-dt-img-description=\"\" data-large_image_width=\"1280\" data-large_image_height=\"912\"href='https:\/\/www.radiopiu.net\/wordpress\/wp-content\/uploads\/2022\/05\/c9f9decc-ba27-41bc-b850-7f9233763ed8.jpg'><img loading=\"lazy\" decoding=\"async\" width=\"300\" height=\"214\" src=\"https:\/\/www.radiopiu.net\/wordpress\/wp-content\/uploads\/2022\/05\/c9f9decc-ba27-41bc-b850-7f9233763ed8-300x214.jpg\" class=\"attachment-medium size-medium\" alt=\"\" srcset=\"https:\/\/www.radiopiu.net\/wordpress\/wp-content\/uploads\/2022\/05\/c9f9decc-ba27-41bc-b850-7f9233763ed8-300x214.jpg 300w, https:\/\/www.radiopiu.net\/wordpress\/wp-content\/uploads\/2022\/05\/c9f9decc-ba27-41bc-b850-7f9233763ed8-1024x730.jpg 1024w, https:\/\/www.radiopiu.net\/wordpress\/wp-content\/uploads\/2022\/05\/c9f9decc-ba27-41bc-b850-7f9233763ed8-768x547.jpg 768w, https:\/\/www.radiopiu.net\/wordpress\/wp-content\/uploads\/2022\/05\/c9f9decc-ba27-41bc-b850-7f9233763ed8.jpg 1280w\" sizes=\"auto, (max-width: 300px) 100vw, 300px\" \/><\/a>\n\t\t\t\t<\/dt><\/dl><dl class='gallery-item'>\n\t\t\t\t<dt class='gallery-icon landscape'>\n\t\t\t\t\t<a class=\"rollover rollover-zoom dt-pswp-item\" title=\"ad7a7b10-0b54-4351-bdf7-16a04102053b\" data-dt-img-description=\"\" data-large_image_width=\"1280\" data-large_image_height=\"960\"href='https:\/\/www.radiopiu.net\/wordpress\/wp-content\/uploads\/2022\/05\/ad7a7b10-0b54-4351-bdf7-16a04102053b.jpg'><img loading=\"lazy\" decoding=\"async\" width=\"300\" height=\"225\" src=\"https:\/\/www.radiopiu.net\/wordpress\/wp-content\/uploads\/2022\/05\/ad7a7b10-0b54-4351-bdf7-16a04102053b-300x225.jpg\" class=\"attachment-medium size-medium\" alt=\"\" srcset=\"https:\/\/www.radiopiu.net\/wordpress\/wp-content\/uploads\/2022\/05\/ad7a7b10-0b54-4351-bdf7-16a04102053b-300x225.jpg 300w, https:\/\/www.radiopiu.net\/wordpress\/wp-content\/uploads\/2022\/05\/ad7a7b10-0b54-4351-bdf7-16a04102053b-1024x768.jpg 1024w, https:\/\/www.radiopiu.net\/wordpress\/wp-content\/uploads\/2022\/05\/ad7a7b10-0b54-4351-bdf7-16a04102053b-768x576.jpg 768w, https:\/\/www.radiopiu.net\/wordpress\/wp-content\/uploads\/2022\/05\/ad7a7b10-0b54-4351-bdf7-16a04102053b.jpg 1280w\" sizes=\"auto, (max-width: 300px) 100vw, 300px\" \/><\/a>\n\t\t\t\t<\/dt><\/dl><dl class='gallery-item'>\n\t\t\t\t<dt class='gallery-icon landscape'>\n\t\t\t\t\t<a class=\"rollover rollover-zoom dt-pswp-item\" title=\"0516f48a-0872-469d-b83c-675a7abf3d93\" data-dt-img-description=\"\" data-large_image_width=\"1280\" data-large_image_height=\"960\"href='https:\/\/www.radiopiu.net\/wordpress\/wp-content\/uploads\/2022\/05\/0516f48a-0872-469d-b83c-675a7abf3d93.jpg'><img loading=\"lazy\" decoding=\"async\" width=\"300\" height=\"225\" src=\"https:\/\/www.radiopiu.net\/wordpress\/wp-content\/uploads\/2022\/05\/0516f48a-0872-469d-b83c-675a7abf3d93-300x225.jpg\" class=\"attachment-medium size-medium\" alt=\"\" srcset=\"https:\/\/www.radiopiu.net\/wordpress\/wp-content\/uploads\/2022\/05\/0516f48a-0872-469d-b83c-675a7abf3d93-300x225.jpg 300w, https:\/\/www.radiopiu.net\/wordpress\/wp-content\/uploads\/2022\/05\/0516f48a-0872-469d-b83c-675a7abf3d93-1024x768.jpg 1024w, https:\/\/www.radiopiu.net\/wordpress\/wp-content\/uploads\/2022\/05\/0516f48a-0872-469d-b83c-675a7abf3d93-768x576.jpg 768w, https:\/\/www.radiopiu.net\/wordpress\/wp-content\/uploads\/2022\/05\/0516f48a-0872-469d-b83c-675a7abf3d93.jpg 1280w\" sizes=\"auto, (max-width: 300px) 100vw, 300px\" \/><\/a>\n\t\t\t\t<\/dt><\/dl><dl class='gallery-item'>\n\t\t\t\t<dt class='gallery-icon landscape'>\n\t\t\t\t\t<a class=\"rollover rollover-zoom dt-pswp-item\" title=\"3e0a0da5-546c-41f6-9f28-0592fa76db38\" data-dt-img-description=\"\" data-large_image_width=\"1280\" data-large_image_height=\"912\"href='https:\/\/www.radiopiu.net\/wordpress\/wp-content\/uploads\/2022\/05\/3e0a0da5-546c-41f6-9f28-0592fa76db38.jpg'><img loading=\"lazy\" decoding=\"async\" width=\"300\" height=\"214\" src=\"https:\/\/www.radiopiu.net\/wordpress\/wp-content\/uploads\/2022\/05\/3e0a0da5-546c-41f6-9f28-0592fa76db38-300x214.jpg\" class=\"attachment-medium size-medium\" alt=\"\" srcset=\"https:\/\/www.radiopiu.net\/wordpress\/wp-content\/uploads\/2022\/05\/3e0a0da5-546c-41f6-9f28-0592fa76db38-300x214.jpg 300w, https:\/\/www.radiopiu.net\/wordpress\/wp-content\/uploads\/2022\/05\/3e0a0da5-546c-41f6-9f28-0592fa76db38-1024x730.jpg 1024w, https:\/\/www.radiopiu.net\/wordpress\/wp-content\/uploads\/2022\/05\/3e0a0da5-546c-41f6-9f28-0592fa76db38-768x547.jpg 768w, https:\/\/www.radiopiu.net\/wordpress\/wp-content\/uploads\/2022\/05\/3e0a0da5-546c-41f6-9f28-0592fa76db38.jpg 1280w\" sizes=\"auto, (max-width: 300px) 100vw, 300px\" \/><\/a>\n\t\t\t\t<\/dt><\/dl><br style=\"clear: both\" \/>\n\t\t\t<\/div>\n\n<p>&nbsp;<\/p>\n<p>&nbsp;<\/p>\n<p>&nbsp;<\/p>\n<hr \/>\n<p>&nbsp;<\/p>\n<blockquote>\n<h3>METEO, E&#8217; DI NUOVO ALLERTA GIALLO<\/h3>\n<\/blockquote>\n<p><strong><img loading=\"lazy\" decoding=\"async\" class=\"alignleft\" src=\"https:\/\/www.radiopiu.net\/wordpress\/wp-content\/uploads\/2018\/08\/instabilita.jpg\" width=\"205\" height=\"123\" \/>VENEZIA\u00a0<\/strong> Il Centro Funzionale Decentrato della Protezione Civile della Regione del Veneto ha emesso\u00a0 un avviso in cui dichiara che oggi, si prevede un tempo instabile con probabili rovesci e temporali sparsi, gi\u00e0 dal primo mattino sulla pianura e, dalle ore centrali, su zone montane\/pedemontane. Non si escludono, inoltre, locali fenomeni intensi (forti rovesci, locali grandinate, forti raffiche di vento).\u00a0 Si prevede criticit\u00e0 idrogeologica, con particolare riferimento alla rete idraulica secondaria fino alla mezzanotte di domani, lo stato di Attenzione (allerta gialla) anche per il bacino\u00a0 Alto Piave (BL). Il possibile verificarsi di rovesci o temporali localmente anche intensi, potrebbe innescare\u00a0 fenomeni franosi superficiali sui versanti e la possibilit\u00e0 di innesco di colate rapide specie nelle zone di allertamento.<\/p>\n<p>&nbsp;<\/p>\n<p>&nbsp;<\/p>\n<hr \/>\n<p>&nbsp;<\/p>\n<blockquote>\n<h3>CON I FONDI DI CONFINE SEI CAMPI DI CALCIO IN SINTETICO, AGORDO COMPRESO<\/h3>\n<\/blockquote>\n<p><strong>BELLUNO <\/strong>Attrattivit\u00e0 per l&#8217;esterno, saranno realizzati in tempi molto rapidi grazie al nuovo regolamento. L&#8217;iter accorciato a tre mesi.<\/p>\n<p><strong>MORENO GIOLI<\/strong><\/p>\n<audio class=\"wp-audio-shortcode\" id=\"audio-277946-2\" preload=\"none\" style=\"width: 100%;\" controls=\"controls\"><source type=\"audio\/mpeg\" src=\"https:\/\/www.radiopiu.net\/wordpress\/wp-content\/uploads\/2022\/05\/moreno-fondi.mp3?_=2\" \/><a href=\"https:\/\/www.radiopiu.net\/wordpress\/wp-content\/uploads\/2022\/05\/moreno-fondi.mp3\">https:\/\/www.radiopiu.net\/wordpress\/wp-content\/uploads\/2022\/05\/moreno-fondi.mp3<\/a><\/audio>\n<p>&nbsp;<\/p>\n<p><strong>GIUSEPPE RUZZA PRESIDENTE FIGC VENETO<\/strong><\/p>\n<div style=\"width: 640px;\" class=\"wp-video\"><video class=\"wp-video-shortcode\" id=\"video-277946-1\" width=\"640\" height=\"352\" preload=\"metadata\" controls=\"controls\"><source type=\"video\/mp4\" src=\"https:\/\/www.radiopiu.net\/wordpress\/wp-content\/uploads\/2022\/05\/GIUSEPPE-RUZZA-FIGC-VENETO.mp4?_=1\" \/><a href=\"https:\/\/www.radiopiu.net\/wordpress\/wp-content\/uploads\/2022\/05\/GIUSEPPE-RUZZA-FIGC-VENETO.mp4\">https:\/\/www.radiopiu.net\/wordpress\/wp-content\/uploads\/2022\/05\/GIUSEPPE-RUZZA-FIGC-VENETO.mp4<\/a><\/video><\/div>\n<p>&nbsp;<\/p>\n<p><strong>DARIO BOND, PRESIDENTE FONDO COMUNI CONFINANTI<\/strong><\/p>\n<div style=\"width: 640px;\" class=\"wp-video\"><video class=\"wp-video-shortcode\" id=\"video-277946-2\" width=\"640\" height=\"352\" preload=\"metadata\" controls=\"controls\"><source type=\"video\/mp4\" src=\"https:\/\/www.radiopiu.net\/wordpress\/wp-content\/uploads\/2022\/05\/DARIO-BOND.mp4?_=2\" \/><a href=\"https:\/\/www.radiopiu.net\/wordpress\/wp-content\/uploads\/2022\/05\/DARIO-BOND.mp4\">https:\/\/www.radiopiu.net\/wordpress\/wp-content\/uploads\/2022\/05\/DARIO-BOND.mp4<\/a><\/video><\/div>\n<p>&nbsp;<\/p>\n<p>&nbsp;<\/p>\n<hr \/>\n<p>&nbsp;<\/p>\n<blockquote>\n<h3>L&#8217;IPOTESI, LA CICLABILE NELLE EX GALLERIE DELLA FERROVIA AI CASTEI<\/h3>\n<\/blockquote>\n<p><strong><img loading=\"lazy\" decoding=\"async\" class=\"alignleft\" src=\"https:\/\/www.radiopiu.net\/wordpress\/wp-content\/uploads\/2022\/05\/98866e11-2eec-4bc7-ad09-b03e987eeaf8.jpg\" width=\"206\" height=\"132\" \/><\/strong><\/p>\n<p>&nbsp;<\/p>\n<p><strong>AGORDO <\/strong>Il versante sopra la ex regionale 203 ai Casti non da garanzie di stabilit\u00e0, in attesa di ulteriori conferme l&#8217;Unione Montana guarda al piano B, il passaggio della ciclabile nelle suggestive gallerie dei Castei. Ancora nessuna notizia sul ricorso per\u00a0 il passaggio ad Agordo. Ottimismo per la realizzazione del ponte sul Cordevole a Taibon.<\/p>\n<p><strong>DI GIANNI SANTOMASO<\/strong><\/p>\n<audio class=\"wp-audio-shortcode\" id=\"audio-277946-3\" preload=\"none\" style=\"width: 100%;\" controls=\"controls\"><source type=\"audio\/mpeg\" src=\"https:\/\/www.radiopiu.net\/wordpress\/wp-content\/uploads\/2022\/05\/GIANNI-LA-CICLABILE-AI-CASTEI.mp3?_=3\" \/><a href=\"https:\/\/www.radiopiu.net\/wordpress\/wp-content\/uploads\/2022\/05\/GIANNI-LA-CICLABILE-AI-CASTEI.mp3\">https:\/\/www.radiopiu.net\/wordpress\/wp-content\/uploads\/2022\/05\/GIANNI-LA-CICLABILE-AI-CASTEI.mp3<\/a><\/audio>\n<p>FOTO STORICA, ARCHIVIO MICHELE BADOLE di Annalisa Dal Mas posa della ferrovia 1916<\/p>\n<p>&nbsp;<\/p>\n<p>&nbsp;<\/p>\n<hr \/>\n<p>&nbsp;<\/p>\n<p>&nbsp;<\/p>\n<blockquote>\n<h3>OGGI &#8211; PASSAGGIO GIRO D\u2019ITALIA: SOSPESI PUNTI TAMPONI DI AGORDO E TAI DI CADORE<\/h3>\n<\/blockquote>\n<p>Il relazione alla tappa bellunese del Giro d\u2019Italia, OGGI saranno sospesi i Covid Point di Agordo e Tai di Cadore..<\/p>\n<p>&nbsp;<\/p>\n<p>&nbsp;<\/p>\n<hr \/>\n<p>&nbsp;<\/p>\n<blockquote>\n<h3>RADIO PIU&#8217; E IL SALUTO AL GIRO D&#8217;ITALIA<\/h3>\n<\/blockquote>\n<p><strong>REDAZIONE<\/strong> In occasione del passaggio del Giro D&#8217;Italia, anche Radio Pi\u00f9 ha voluto salutare i ciclisti a modo suo&#8230;con uno striscione di fronte alla sede di Via Paris Bordone.<\/p>\n<p><a class=\"dt-pswp-item\" href=\"https:\/\/www.radiopiu.net\/wordpress\/wp-content\/uploads\/2022\/05\/90f9b394-6bec-4f32-9d49-04f3429b0682.jpg\" data-dt-img-description=\"\" data-large_image_width=\"1600\" data-large_image_height=\"320\"><img loading=\"lazy\" decoding=\"async\" class=\"alignnone wp-image-278194 size-large\" src=\"https:\/\/www.radiopiu.net\/wordpress\/wp-content\/uploads\/2022\/05\/90f9b394-6bec-4f32-9d49-04f3429b0682-1024x205.jpg\" alt=\"\" width=\"1024\" height=\"205\" srcset=\"https:\/\/www.radiopiu.net\/wordpress\/wp-content\/uploads\/2022\/05\/90f9b394-6bec-4f32-9d49-04f3429b0682-1024x205.jpg 1024w, https:\/\/www.radiopiu.net\/wordpress\/wp-content\/uploads\/2022\/05\/90f9b394-6bec-4f32-9d49-04f3429b0682-300x60.jpg 300w, https:\/\/www.radiopiu.net\/wordpress\/wp-content\/uploads\/2022\/05\/90f9b394-6bec-4f32-9d49-04f3429b0682-768x154.jpg 768w, https:\/\/www.radiopiu.net\/wordpress\/wp-content\/uploads\/2022\/05\/90f9b394-6bec-4f32-9d49-04f3429b0682-1536x307.jpg 1536w, https:\/\/www.radiopiu.net\/wordpress\/wp-content\/uploads\/2022\/05\/90f9b394-6bec-4f32-9d49-04f3429b0682.jpg 1600w\" sizes=\"auto, (max-width: 1024px) 100vw, 1024px\" \/><\/a><\/p>\n<p>&nbsp;<\/p>\n<p><strong>IL VIDEO (montaggio di Serena Soppera)<\/strong><\/p>\n<div style=\"width: 848px;\" class=\"wp-video\"><video class=\"wp-video-shortcode\" id=\"video-277946-3\" width=\"848\" height=\"480\" preload=\"metadata\" controls=\"controls\"><source type=\"video\/mp4\" src=\"https:\/\/www.radiopiu.net\/wordpress\/wp-content\/uploads\/2022\/05\/WhatsApp-Video-2022-05-27-at-22.13.40.mp4?_=3\" \/><a href=\"https:\/\/www.radiopiu.net\/wordpress\/wp-content\/uploads\/2022\/05\/WhatsApp-Video-2022-05-27-at-22.13.40.mp4\">https:\/\/www.radiopiu.net\/wordpress\/wp-content\/uploads\/2022\/05\/WhatsApp-Video-2022-05-27-at-22.13.40.mp4<\/a><\/video><\/div>\n<p>&nbsp;<\/p>\n<hr \/>\n<p>&nbsp;<\/p>\n<blockquote>\n<h3>L&#8217;AGORDINO SI PREPARA AD ACCOGLIERE IL GIRO D&#8217;ITALIA<\/h3>\n<\/blockquote>\n<p><strong>REDAZIONE<\/strong> Da Agordo a Falcade passando per Listolade, Cencenighe, Vallada e Canale D&#8217;Agordo. Le strade dell&#8217;Agordino si tingono di rosa per accogliere i ciclisti del Giro D&#8217;Italia.<\/p>\n\n\t\t\t<style type='text\/css'>\n\t\t\t\t#gallery-3 {\n\t\t\t\t\tmargin: auto;\n\t\t\t\t}\n\t\t\t\t#gallery-3 .gallery-item {\n\t\t\t\t\tfloat: left;\n\t\t\t\t\tmargin-top: 10px;\n\t\t\t\t\ttext-align: center;\n\t\t\t\t\twidth: 25%;\n\t\t\t\t}\n\t\t\t\t#gallery-3 img {\n\t\t\t\t\tborder: 2px solid #cfcfcf;\n\t\t\t\t}\n\t\t\t\t#gallery-3 .gallery-caption {\n\t\t\t\t\tmargin-left: 0;\n\t\t\t\t}\n\t\t\t\t\/* see gallery_shortcode() in wp-includes\/media.php *\/\n\t\t\t<\/style>\n\t\t<div id='gallery-3' class='dt-gallery-container gallery galleryid-277946 gallery-columns-4 gallery-size-thumbnail'><dl class='gallery-item'>\n\t\t\t\t<dt class='gallery-icon landscape'>\n\t\t\t\t\t<a class=\"rollover rollover-zoom dt-pswp-item\" title=\"6e20bc9e-691f-4d5d-b457-edbf20cd9b65\" data-dt-img-description=\"\" data-large_image_width=\"1920\" data-large_image_height=\"1080\"href='https:\/\/www.radiopiu.net\/wordpress\/wp-content\/uploads\/2022\/05\/6e20bc9e-691f-4d5d-b457-edbf20cd9b65.jpg'><img loading=\"lazy\" decoding=\"async\" width=\"150\" height=\"150\" src=\"https:\/\/www.radiopiu.net\/wordpress\/wp-content\/uploads\/2022\/05\/6e20bc9e-691f-4d5d-b457-edbf20cd9b65-150x150.jpg\" class=\"attachment-thumbnail size-thumbnail\" alt=\"\" aria-describedby=\"gallery-3-278205\" \/><\/a>\n\t\t\t\t<\/dt>\n\t\t\t\t\t<dd class='wp-caption-text gallery-caption' id='gallery-3-278205'>\n\t\t\t\t\tLISTOLADE\n\t\t\t\t\t<\/dd><\/dl><dl class='gallery-item'>\n\t\t\t\t<dt class='gallery-icon landscape'>\n\t\t\t\t\t<a class=\"rollover rollover-zoom dt-pswp-item\" title=\"4993c4bb-a388-44d0-b1ab-b249bfb9a154\" data-dt-img-description=\"\" data-large_image_width=\"1920\" data-large_image_height=\"1080\"href='https:\/\/www.radiopiu.net\/wordpress\/wp-content\/uploads\/2022\/05\/4993c4bb-a388-44d0-b1ab-b249bfb9a154.jpg'><img loading=\"lazy\" decoding=\"async\" width=\"150\" height=\"150\" src=\"https:\/\/www.radiopiu.net\/wordpress\/wp-content\/uploads\/2022\/05\/4993c4bb-a388-44d0-b1ab-b249bfb9a154-150x150.jpg\" class=\"attachment-thumbnail size-thumbnail\" alt=\"\" aria-describedby=\"gallery-3-278203\" \/><\/a>\n\t\t\t\t<\/dt>\n\t\t\t\t\t<dd class='wp-caption-text gallery-caption' id='gallery-3-278203'>\n\t\t\t\t\tLISTOLADE\n\t\t\t\t\t<\/dd><\/dl><dl class='gallery-item'>\n\t\t\t\t<dt class='gallery-icon landscape'>\n\t\t\t\t\t<a class=\"rollover rollover-zoom dt-pswp-item\" title=\"8a661ab5-2453-4db7-ba00-54af8d72e17d\" data-dt-img-description=\"\" data-large_image_width=\"1920\" data-large_image_height=\"1080\"href='https:\/\/www.radiopiu.net\/wordpress\/wp-content\/uploads\/2022\/05\/8a661ab5-2453-4db7-ba00-54af8d72e17d.jpg'><img loading=\"lazy\" decoding=\"async\" width=\"150\" height=\"150\" src=\"https:\/\/www.radiopiu.net\/wordpress\/wp-content\/uploads\/2022\/05\/8a661ab5-2453-4db7-ba00-54af8d72e17d-150x150.jpg\" class=\"attachment-thumbnail size-thumbnail\" alt=\"\" aria-describedby=\"gallery-3-278206\" \/><\/a>\n\t\t\t\t<\/dt>\n\t\t\t\t\t<dd class='wp-caption-text gallery-caption' id='gallery-3-278206'>\n\t\t\t\t\tCENCENIGHE\n\t\t\t\t\t<\/dd><\/dl><dl class='gallery-item'>\n\t\t\t\t<dt class='gallery-icon landscape'>\n\t\t\t\t\t<a class=\"rollover rollover-zoom dt-pswp-item\" title=\"1150b786-2982-4c5e-9937-7be7a83b9de6\" data-dt-img-description=\"\" data-large_image_width=\"1920\" data-large_image_height=\"1080\"href='https:\/\/www.radiopiu.net\/wordpress\/wp-content\/uploads\/2022\/05\/1150b786-2982-4c5e-9937-7be7a83b9de6.jpg'><img loading=\"lazy\" decoding=\"async\" width=\"150\" height=\"150\" src=\"https:\/\/www.radiopiu.net\/wordpress\/wp-content\/uploads\/2022\/05\/1150b786-2982-4c5e-9937-7be7a83b9de6-150x150.jpg\" class=\"attachment-thumbnail size-thumbnail\" alt=\"\" aria-describedby=\"gallery-3-278207\" \/><\/a>\n\t\t\t\t<\/dt>\n\t\t\t\t\t<dd class='wp-caption-text gallery-caption' id='gallery-3-278207'>\n\t\t\t\t\tCENCENIGHE\n\t\t\t\t\t<\/dd><\/dl><br style=\"clear: both\" \/><dl class='gallery-item'>\n\t\t\t\t<dt class='gallery-icon portrait'>\n\t\t\t\t\t<a class=\"rollover rollover-zoom dt-pswp-item\" title=\"E-Distribuzione - cabina Vallada Agordina (BL) 4.jpeg\" data-dt-img-description=\"\" data-large_image_width=\"913\" data-large_image_height=\"1600\"href='https:\/\/www.radiopiu.net\/wordpress\/wp-content\/uploads\/2022\/05\/E-Distribuzione-cabina-Vallada-Agordina-BL-4.jpeg.jpg'><img loading=\"lazy\" decoding=\"async\" width=\"150\" height=\"150\" src=\"https:\/\/www.radiopiu.net\/wordpress\/wp-content\/uploads\/2022\/05\/E-Distribuzione-cabina-Vallada-Agordina-BL-4.jpeg-150x150.jpg\" class=\"attachment-thumbnail size-thumbnail\" alt=\"\" aria-describedby=\"gallery-3-277615\" \/><\/a>\n\t\t\t\t<\/dt>\n\t\t\t\t\t<dd class='wp-caption-text gallery-caption' id='gallery-3-277615'>\n\t\t\t\t\tVALLADA\n\t\t\t\t\t<\/dd><\/dl><dl class='gallery-item'>\n\t\t\t\t<dt class='gallery-icon portrait'>\n\t\t\t\t\t<a class=\"rollover rollover-zoom dt-pswp-item\" title=\"E-Distribuzione - cabina Vallada Agordina (BL) 1\" data-dt-img-description=\"\" data-large_image_width=\"1200\" data-large_image_height=\"1600\"href='https:\/\/www.radiopiu.net\/wordpress\/wp-content\/uploads\/2022\/05\/E-Distribuzione-cabina-Vallada-Agordina-BL-1.jpeg'><img loading=\"lazy\" decoding=\"async\" width=\"150\" height=\"150\" src=\"https:\/\/www.radiopiu.net\/wordpress\/wp-content\/uploads\/2022\/05\/E-Distribuzione-cabina-Vallada-Agordina-BL-1-150x150.jpeg\" class=\"attachment-thumbnail size-thumbnail\" alt=\"\" aria-describedby=\"gallery-3-277612\" \/><\/a>\n\t\t\t\t<\/dt>\n\t\t\t\t\t<dd class='wp-caption-text gallery-caption' id='gallery-3-277612'>\n\t\t\t\t\tVALLADA\n\t\t\t\t\t<\/dd><\/dl><dl class='gallery-item'>\n\t\t\t\t<dt class='gallery-icon landscape'>\n\t\t\t\t\t<a class=\"rollover rollover-zoom dt-pswp-item\" title=\"0545b2b8-b3f9-4c92-819c-957fcb00ffc5\" data-dt-img-description=\"\" data-large_image_width=\"1920\" data-large_image_height=\"1080\"href='https:\/\/www.radiopiu.net\/wordpress\/wp-content\/uploads\/2022\/05\/0545b2b8-b3f9-4c92-819c-957fcb00ffc5.jpg'><img loading=\"lazy\" decoding=\"async\" width=\"150\" height=\"150\" src=\"https:\/\/www.radiopiu.net\/wordpress\/wp-content\/uploads\/2022\/05\/0545b2b8-b3f9-4c92-819c-957fcb00ffc5-150x150.jpg\" class=\"attachment-thumbnail size-thumbnail\" alt=\"\" aria-describedby=\"gallery-3-278202\" \/><\/a>\n\t\t\t\t<\/dt>\n\t\t\t\t\t<dd class='wp-caption-text gallery-caption' id='gallery-3-278202'>\n\t\t\t\t\tCANALE D&#8217;AGORDO\n\t\t\t\t\t<\/dd><\/dl><dl class='gallery-item'>\n\t\t\t\t<dt class='gallery-icon landscape'>\n\t\t\t\t\t<a class=\"rollover rollover-zoom dt-pswp-item\" title=\"5358419e-5e9e-4e13-a7f7-30e6f1a92be2\" data-dt-img-description=\"\" data-large_image_width=\"1920\" data-large_image_height=\"1080\"href='https:\/\/www.radiopiu.net\/wordpress\/wp-content\/uploads\/2022\/05\/5358419e-5e9e-4e13-a7f7-30e6f1a92be2.jpg'><img loading=\"lazy\" decoding=\"async\" width=\"150\" height=\"150\" src=\"https:\/\/www.radiopiu.net\/wordpress\/wp-content\/uploads\/2022\/05\/5358419e-5e9e-4e13-a7f7-30e6f1a92be2-150x150.jpg\" class=\"attachment-thumbnail size-thumbnail\" alt=\"\" aria-describedby=\"gallery-3-278204\" \/><\/a>\n\t\t\t\t<\/dt>\n\t\t\t\t\t<dd class='wp-caption-text gallery-caption' id='gallery-3-278204'>\n\t\t\t\t\tFALCADE\n\t\t\t\t\t<\/dd><\/dl><br style=\"clear: both\" \/>\n\t\t\t<\/div>\n\n<p>&nbsp;<\/p>\n<p>&nbsp;<\/p>\n<hr \/>\n<p>&nbsp;<\/p>\n<blockquote>\n<h3>IERI, IL BUONGIORNO DALLA MARMOLADA<br \/>\ngrazie a Luciana<\/h3>\n<\/blockquote>\n\n\t\t\t<style type='text\/css'>\n\t\t\t\t#gallery-4 {\n\t\t\t\t\tmargin: auto;\n\t\t\t\t}\n\t\t\t\t#gallery-4 .gallery-item {\n\t\t\t\t\tfloat: left;\n\t\t\t\t\tmargin-top: 10px;\n\t\t\t\t\ttext-align: center;\n\t\t\t\t\twidth: 20%;\n\t\t\t\t}\n\t\t\t\t#gallery-4 img {\n\t\t\t\t\tborder: 2px solid #cfcfcf;\n\t\t\t\t}\n\t\t\t\t#gallery-4 .gallery-caption {\n\t\t\t\t\tmargin-left: 0;\n\t\t\t\t}\n\t\t\t\t\/* see gallery_shortcode() in wp-includes\/media.php *\/\n\t\t\t<\/style>\n\t\t<div id='gallery-4' class='dt-gallery-container gallery galleryid-277946 gallery-columns-5 gallery-size-thumbnail'><dl class='gallery-item'>\n\t\t\t\t<dt class='gallery-icon landscape'>\n\t\t\t\t\t<a class=\"rollover rollover-zoom dt-pswp-item\" title=\"bc298542-1fe0-4d3c-950e-0206cfac1d48\" data-dt-img-description=\"\" data-large_image_width=\"1600\" data-large_image_height=\"720\"href='https:\/\/www.radiopiu.net\/wordpress\/wp-content\/uploads\/2022\/05\/bc298542-1fe0-4d3c-950e-0206cfac1d48.jpg'><img loading=\"lazy\" decoding=\"async\" width=\"150\" height=\"150\" src=\"https:\/\/www.radiopiu.net\/wordpress\/wp-content\/uploads\/2022\/05\/bc298542-1fe0-4d3c-950e-0206cfac1d48-150x150.jpg\" class=\"attachment-thumbnail size-thumbnail\" alt=\"\" \/><\/a>\n\t\t\t\t<\/dt><\/dl><dl class='gallery-item'>\n\t\t\t\t<dt class='gallery-icon portrait'>\n\t\t\t\t\t<a class=\"rollover rollover-zoom dt-pswp-item\" title=\"7180fdc7-5fdd-4c9f-abe0-6a241f16f231\" data-dt-img-description=\"\" data-large_image_width=\"720\" data-large_image_height=\"1600\"href='https:\/\/www.radiopiu.net\/wordpress\/wp-content\/uploads\/2022\/05\/7180fdc7-5fdd-4c9f-abe0-6a241f16f231.jpg'><img loading=\"lazy\" decoding=\"async\" width=\"150\" height=\"150\" src=\"https:\/\/www.radiopiu.net\/wordpress\/wp-content\/uploads\/2022\/05\/7180fdc7-5fdd-4c9f-abe0-6a241f16f231-150x150.jpg\" class=\"attachment-thumbnail size-thumbnail\" alt=\"\" \/><\/a>\n\t\t\t\t<\/dt><\/dl><dl class='gallery-item'>\n\t\t\t\t<dt class='gallery-icon landscape'>\n\t\t\t\t\t<a class=\"rollover rollover-zoom dt-pswp-item\" title=\"264062b1-53a4-4728-8bdf-6d3a17c09068\" data-dt-img-description=\"\" data-large_image_width=\"1600\" data-large_image_height=\"720\"href='https:\/\/www.radiopiu.net\/wordpress\/wp-content\/uploads\/2022\/05\/264062b1-53a4-4728-8bdf-6d3a17c09068.jpg'><img loading=\"lazy\" decoding=\"async\" width=\"150\" height=\"150\" src=\"https:\/\/www.radiopiu.net\/wordpress\/wp-content\/uploads\/2022\/05\/264062b1-53a4-4728-8bdf-6d3a17c09068-150x150.jpg\" class=\"attachment-thumbnail size-thumbnail\" alt=\"\" \/><\/a>\n\t\t\t\t<\/dt><\/dl><dl class='gallery-item'>\n\t\t\t\t<dt class='gallery-icon landscape'>\n\t\t\t\t\t<a class=\"rollover rollover-zoom dt-pswp-item\" title=\"dda36870-526b-4aee-989b-ec394d6b8f42\" data-dt-img-description=\"\" data-large_image_width=\"1600\" data-large_image_height=\"720\"href='https:\/\/www.radiopiu.net\/wordpress\/wp-content\/uploads\/2022\/05\/dda36870-526b-4aee-989b-ec394d6b8f42.jpg'><img loading=\"lazy\" decoding=\"async\" width=\"150\" height=\"150\" src=\"https:\/\/www.radiopiu.net\/wordpress\/wp-content\/uploads\/2022\/05\/dda36870-526b-4aee-989b-ec394d6b8f42-150x150.jpg\" class=\"attachment-thumbnail size-thumbnail\" alt=\"\" \/><\/a>\n\t\t\t\t<\/dt><\/dl><dl class='gallery-item'>\n\t\t\t\t<dt class='gallery-icon landscape'>\n\t\t\t\t\t<a class=\"rollover rollover-zoom dt-pswp-item\" title=\"08337222-7375-42c0-919d-346b1f88b087\" data-dt-img-description=\"\" data-large_image_width=\"1600\" data-large_image_height=\"720\"href='https:\/\/www.radiopiu.net\/wordpress\/wp-content\/uploads\/2022\/05\/08337222-7375-42c0-919d-346b1f88b087.jpg'><img loading=\"lazy\" decoding=\"async\" width=\"150\" height=\"150\" src=\"https:\/\/www.radiopiu.net\/wordpress\/wp-content\/uploads\/2022\/05\/08337222-7375-42c0-919d-346b1f88b087-150x150.jpg\" class=\"attachment-thumbnail size-thumbnail\" alt=\"\" \/><\/a>\n\t\t\t\t<\/dt><\/dl><br style=\"clear: both\" \/>\n\t\t\t<\/div>\n\n<blockquote>\n<h3>LE FOTO DI SAMUEL VIEL SU SEI DI SOSPIROLO SE<\/h3>\n<\/blockquote>\n\n\t\t\t<style type='text\/css'>\n\t\t\t\t#gallery-5 {\n\t\t\t\t\tmargin: auto;\n\t\t\t\t}\n\t\t\t\t#gallery-5 .gallery-item {\n\t\t\t\t\tfloat: left;\n\t\t\t\t\tmargin-top: 10px;\n\t\t\t\t\ttext-align: center;\n\t\t\t\t\twidth: 33%;\n\t\t\t\t}\n\t\t\t\t#gallery-5 img {\n\t\t\t\t\tborder: 2px solid #cfcfcf;\n\t\t\t\t}\n\t\t\t\t#gallery-5 .gallery-caption {\n\t\t\t\t\tmargin-left: 0;\n\t\t\t\t}\n\t\t\t\t\/* see gallery_shortcode() in wp-includes\/media.php *\/\n\t\t\t<\/style>\n\t\t<div id='gallery-5' class='dt-gallery-container gallery galleryid-277946 gallery-columns-3 gallery-size-thumbnail'><dl class='gallery-item'>\n\t\t\t\t<dt class='gallery-icon landscape'>\n\t\t\t\t\t<a class=\"rollover rollover-zoom dt-pswp-item\" title=\"284283410_5266837900019558_3950743586688859578_n\" data-dt-img-description=\"\" data-large_image_width=\"600\" data-large_image_height=\"449\"href='https:\/\/www.radiopiu.net\/wordpress\/wp-content\/uploads\/2022\/05\/284283410_5266837900019558_3950743586688859578_n.jpg'><img loading=\"lazy\" decoding=\"async\" width=\"150\" height=\"150\" src=\"https:\/\/www.radiopiu.net\/wordpress\/wp-content\/uploads\/2022\/05\/284283410_5266837900019558_3950743586688859578_n-150x150.jpg\" class=\"attachment-thumbnail size-thumbnail\" alt=\"\" \/><\/a>\n\t\t\t\t<\/dt><\/dl><dl class='gallery-item'>\n\t\t\t\t<dt class='gallery-icon landscape'>\n\t\t\t\t\t<a class=\"rollover rollover-zoom dt-pswp-item\" title=\"282690340_5266837613352920_4350315762742820642_n\" data-dt-img-description=\"\" data-large_image_width=\"600\" data-large_image_height=\"449\"href='https:\/\/www.radiopiu.net\/wordpress\/wp-content\/uploads\/2022\/05\/282690340_5266837613352920_4350315762742820642_n.jpg'><img loading=\"lazy\" decoding=\"async\" width=\"150\" height=\"150\" src=\"https:\/\/www.radiopiu.net\/wordpress\/wp-content\/uploads\/2022\/05\/282690340_5266837613352920_4350315762742820642_n-150x150.jpg\" class=\"attachment-thumbnail size-thumbnail\" alt=\"\" \/><\/a>\n\t\t\t\t<\/dt><\/dl><dl class='gallery-item'>\n\t\t\t\t<dt class='gallery-icon landscape'>\n\t\t\t\t\t<a class=\"rollover rollover-zoom dt-pswp-item\" title=\"282622689_5266837926686222_6416708855039100800_n\" data-dt-img-description=\"\" data-large_image_width=\"600\" data-large_image_height=\"449\"href='https:\/\/www.radiopiu.net\/wordpress\/wp-content\/uploads\/2022\/05\/282622689_5266837926686222_6416708855039100800_n.jpg'><img loading=\"lazy\" decoding=\"async\" width=\"150\" height=\"150\" src=\"https:\/\/www.radiopiu.net\/wordpress\/wp-content\/uploads\/2022\/05\/282622689_5266837926686222_6416708855039100800_n-150x150.jpg\" class=\"attachment-thumbnail size-thumbnail\" alt=\"\" \/><\/a>\n\t\t\t\t<\/dt><\/dl><br style=\"clear: both\" \/>\n\t\t\t<\/div>\n\n<blockquote>\n<h3>SOTTOGUDA\u00a0 ROSA E IL GIRO<\/h3>\n<\/blockquote>\n\n\t\t\t<style type='text\/css'>\n\t\t\t\t#gallery-6 {\n\t\t\t\t\tmargin: auto;\n\t\t\t\t}\n\t\t\t\t#gallery-6 .gallery-item {\n\t\t\t\t\tfloat: left;\n\t\t\t\t\tmargin-top: 10px;\n\t\t\t\t\ttext-align: center;\n\t\t\t\t\twidth: 20%;\n\t\t\t\t}\n\t\t\t\t#gallery-6 img {\n\t\t\t\t\tborder: 2px solid #cfcfcf;\n\t\t\t\t}\n\t\t\t\t#gallery-6 .gallery-caption {\n\t\t\t\t\tmargin-left: 0;\n\t\t\t\t}\n\t\t\t\t\/* see gallery_shortcode() in wp-includes\/media.php *\/\n\t\t\t<\/style>\n\t\t<div id='gallery-6' class='dt-gallery-container gallery galleryid-277946 gallery-columns-5 gallery-size-thumbnail'><dl class='gallery-item'>\n\t\t\t\t<dt class='gallery-icon landscape'>\n\t\t\t\t\t<a class=\"rollover rollover-zoom dt-pswp-item\" title=\"30eda344-c12e-4119-a1f7-b9c4d373ac73\" data-dt-img-description=\"\" data-large_image_width=\"2048\" data-large_image_height=\"1536\"href='https:\/\/www.radiopiu.net\/wordpress\/wp-content\/uploads\/2022\/05\/30eda344-c12e-4119-a1f7-b9c4d373ac73.jpg'><img loading=\"lazy\" decoding=\"async\" width=\"150\" height=\"150\" src=\"https:\/\/www.radiopiu.net\/wordpress\/wp-content\/uploads\/2022\/05\/30eda344-c12e-4119-a1f7-b9c4d373ac73-150x150.jpg\" class=\"attachment-thumbnail size-thumbnail\" alt=\"\" \/><\/a>\n\t\t\t\t<\/dt><\/dl><dl class='gallery-item'>\n\t\t\t\t<dt class='gallery-icon portrait'>\n\t\t\t\t\t<a class=\"rollover rollover-zoom dt-pswp-item\" title=\"790d61a4-a8fd-4d13-9480-29bd092d9a81\" data-dt-img-description=\"\" data-large_image_width=\"738\" data-large_image_height=\"946\"href='https:\/\/www.radiopiu.net\/wordpress\/wp-content\/uploads\/2022\/05\/790d61a4-a8fd-4d13-9480-29bd092d9a81.jpg'><img loading=\"lazy\" decoding=\"async\" width=\"150\" height=\"150\" src=\"https:\/\/www.radiopiu.net\/wordpress\/wp-content\/uploads\/2022\/05\/790d61a4-a8fd-4d13-9480-29bd092d9a81-150x150.jpg\" class=\"attachment-thumbnail size-thumbnail\" alt=\"\" \/><\/a>\n\t\t\t\t<\/dt><\/dl><dl class='gallery-item'>\n\t\t\t\t<dt class='gallery-icon portrait'>\n\t\t\t\t\t<a class=\"rollover rollover-zoom dt-pswp-item\" title=\"1b1a716f-54e0-4e4c-8638-47a00671b312\" data-dt-img-description=\"\" data-large_image_width=\"1536\" data-large_image_height=\"2048\"href='https:\/\/www.radiopiu.net\/wordpress\/wp-content\/uploads\/2022\/05\/1b1a716f-54e0-4e4c-8638-47a00671b312.jpg'><img loading=\"lazy\" decoding=\"async\" width=\"150\" height=\"150\" src=\"https:\/\/www.radiopiu.net\/wordpress\/wp-content\/uploads\/2022\/05\/1b1a716f-54e0-4e4c-8638-47a00671b312-150x150.jpg\" class=\"attachment-thumbnail size-thumbnail\" alt=\"\" \/><\/a>\n\t\t\t\t<\/dt><\/dl><dl class='gallery-item'>\n\t\t\t\t<dt class='gallery-icon landscape'>\n\t\t\t\t\t<a class=\"rollover rollover-zoom dt-pswp-item\" title=\"c98d06e0-8201-4c6f-86ef-5d336d65ccd6\" data-dt-img-description=\"\" data-large_image_width=\"2048\" data-large_image_height=\"1536\"href='https:\/\/www.radiopiu.net\/wordpress\/wp-content\/uploads\/2022\/05\/c98d06e0-8201-4c6f-86ef-5d336d65ccd6.jpg'><img loading=\"lazy\" decoding=\"async\" width=\"150\" height=\"150\" src=\"https:\/\/www.radiopiu.net\/wordpress\/wp-content\/uploads\/2022\/05\/c98d06e0-8201-4c6f-86ef-5d336d65ccd6-150x150.jpg\" class=\"attachment-thumbnail size-thumbnail\" alt=\"\" \/><\/a>\n\t\t\t\t<\/dt><\/dl><dl class='gallery-item'>\n\t\t\t\t<dt class='gallery-icon landscape'>\n\t\t\t\t\t<a class=\"rollover rollover-zoom dt-pswp-item\" title=\"0b270f3c-3788-4b90-b324-7b617b6e4246\" data-dt-img-description=\"\" data-large_image_width=\"2048\" data-large_image_height=\"1536\"href='https:\/\/www.radiopiu.net\/wordpress\/wp-content\/uploads\/2022\/05\/0b270f3c-3788-4b90-b324-7b617b6e4246.jpg'><img loading=\"lazy\" decoding=\"async\" width=\"150\" height=\"150\" src=\"https:\/\/www.radiopiu.net\/wordpress\/wp-content\/uploads\/2022\/05\/0b270f3c-3788-4b90-b324-7b617b6e4246-150x150.jpg\" class=\"attachment-thumbnail size-thumbnail\" alt=\"\" \/><\/a>\n\t\t\t\t<\/dt><\/dl><br style=\"clear: both\" \/>\n\t\t\t<\/div>\n\n<p>&nbsp;<\/p>\n<blockquote>\n<h3 class=\"entry-title\">DAL CIELO DI PIAZZA MARTIRI BENVENUTO GIRO D\u2019ITALIA -VIDEO \u2013<\/h3>\n<\/blockquote>\n<div style=\"width: 640px;\" class=\"wp-video\"><video class=\"wp-video-shortcode\" id=\"video-277946-4\" width=\"640\" height=\"352\" preload=\"metadata\" controls=\"controls\"><source type=\"video\/mp4\" src=\"https:\/\/www.radiopiu.net\/wordpress\/wp-content\/uploads\/2022\/05\/WhatsApp-Video-2022-05-27-at-15.56.05.mp4?_=4\" \/><a href=\"https:\/\/www.radiopiu.net\/wordpress\/wp-content\/uploads\/2022\/05\/WhatsApp-Video-2022-05-27-at-15.56.05.mp4\">https:\/\/www.radiopiu.net\/wordpress\/wp-content\/uploads\/2022\/05\/WhatsApp-Video-2022-05-27-at-15.56.05.mp4<\/a><\/video><\/div>\n<p>&nbsp;<\/p>\n<p>&nbsp;<\/p>\n<hr \/>\n<p>&nbsp;<\/p>\n<blockquote>\n<h3><a class=\"dt-pswp-item\" href=\"https:\/\/www.radiopiu.net\/wordpress\/wp-content\/uploads\/2022\/05\/283755197_675127893580374_5134461306834959758_n.jpg\" data-dt-img-description=\"\" data-large_image_width=\"400\" data-large_image_height=\"867\"><img loading=\"lazy\" decoding=\"async\" class=\" wp-image-278238 alignleft\" src=\"https:\/\/www.radiopiu.net\/wordpress\/wp-content\/uploads\/2022\/05\/283755197_675127893580374_5134461306834959758_n-150x150.jpg\" alt=\"\" width=\"111\" height=\"111\" \/><\/a>I NONNI DI VILLA SAN GIUSEPPE ASPETTANO IL GIRO D&#8217;ITALIA<\/h3>\n<\/blockquote>\n<p><strong>LIVINALLONGO<\/strong> C&#8217;\u00e8 attesa anche alla casa di riposo Villa San Giuseppe di Livinallongo per il passaggio del Giro D&#8217;Italia che oggi transiter\u00e0 in occasione della tappa Belluno &#8211; Marmolada. Anche i nonni si sono organizzati con uno striscione.<\/p>\n<p><a class=\"dt-pswp-item\" href=\"https:\/\/www.radiopiu.net\/wordpress\/wp-content\/uploads\/2022\/05\/1d277580-0820-4aca-b983-41dea4a22e43.jpg\" data-dt-img-description=\"\" data-large_image_width=\"446\" data-large_image_height=\"206\"><img loading=\"lazy\" decoding=\"async\" class=\"aligncenter wp-image-278063 size-full\" src=\"https:\/\/www.radiopiu.net\/wordpress\/wp-content\/uploads\/2022\/05\/1d277580-0820-4aca-b983-41dea4a22e43.jpg\" alt=\"\" width=\"446\" height=\"206\" srcset=\"https:\/\/www.radiopiu.net\/wordpress\/wp-content\/uploads\/2022\/05\/1d277580-0820-4aca-b983-41dea4a22e43.jpg 446w, https:\/\/www.radiopiu.net\/wordpress\/wp-content\/uploads\/2022\/05\/1d277580-0820-4aca-b983-41dea4a22e43-300x139.jpg 300w\" sizes=\"auto, (max-width: 446px) 100vw, 446px\" \/><\/a><\/p>\n<p>&nbsp;<\/p>\n<p>&nbsp;<\/p>\n<p>&nbsp;<\/p>\n<hr \/>\n<blockquote>\n<h3><\/h3>\n<h3>GIRO D\u2019ITALIA. OGGI TAPPONE DOLOMITICO BELLUNO-MARMOLADA.<\/h3>\n<\/blockquote>\n<p><strong><a class=\"dt-pswp-item\" href=\"https:\/\/www.radiopiu.net\/wordpress\/wp-content\/uploads\/2022\/05\/dd6fa2b7-a9b1-43a4-a39c-8be6892eeb70-1.jpg\" data-dt-img-description=\"\" data-large_image_width=\"2048\" data-large_image_height=\"1536\"><img loading=\"lazy\" decoding=\"async\" class=\"alignleft wp-image-278121 size-medium\" src=\"https:\/\/www.radiopiu.net\/wordpress\/wp-content\/uploads\/2022\/05\/dd6fa2b7-a9b1-43a4-a39c-8be6892eeb70-1-300x225.jpg\" alt=\"\" width=\"300\" height=\"225\" srcset=\"https:\/\/www.radiopiu.net\/wordpress\/wp-content\/uploads\/2022\/05\/dd6fa2b7-a9b1-43a4-a39c-8be6892eeb70-1-300x225.jpg 300w, https:\/\/www.radiopiu.net\/wordpress\/wp-content\/uploads\/2022\/05\/dd6fa2b7-a9b1-43a4-a39c-8be6892eeb70-1-1024x768.jpg 1024w, https:\/\/www.radiopiu.net\/wordpress\/wp-content\/uploads\/2022\/05\/dd6fa2b7-a9b1-43a4-a39c-8be6892eeb70-1-768x576.jpg 768w, https:\/\/www.radiopiu.net\/wordpress\/wp-content\/uploads\/2022\/05\/dd6fa2b7-a9b1-43a4-a39c-8be6892eeb70-1-1536x1152.jpg 1536w, https:\/\/www.radiopiu.net\/wordpress\/wp-content\/uploads\/2022\/05\/dd6fa2b7-a9b1-43a4-a39c-8be6892eeb70-1.jpg 2048w\" sizes=\"auto, (max-width: 300px) 100vw, 300px\" \/><\/a><\/strong><\/p>\n<p><strong>VENEZIA\u00a0 <\/strong>Il Giro d\u2019Italia di ciclismo vivr\u00e0 la oggi la tappa probabilmente pi\u00f9 attesa: quella dolomitica in territorio veneto, con partenza da Belluno e arrivo a Passo Fedaia, in Marmolada, dopo aver scalato la Cima Coppi collocata a Passo Pordoi. Il Presidente della Regione Veneto seguir\u00e0 passo dopo passo l\u2019intero evento. Il Governatore, dalle 11.30, sar\u00e0 a Belluno per dare il via bandierina alla mano . Successivamente, per le\u00a0 17, il Presidente salir\u00e0 a Passo Fedaia per assistere all\u2019arrivo. (foto, oggi due dei tanti ciclisti all&#8217;attacco del Fedaia, prima la pausa ristoratrice da Maurizio al Dersut Giornale e Caffe&#8217; di Taibon. Paolo Zampieri e gregario)<\/p>\n<p>&nbsp;<\/p>\n<hr \/>\n<blockquote>\n<h3><\/h3>\n<h3>LILT BELLUNO FA TAPPA AL GIRO D&#8217;ITALIA, COLLABORA LA ULSS1 DOLOMITI<\/h3>\n<\/blockquote>\n<p><strong>BELLUNO <\/strong>Anche la sezione bellunese della Lilt (Lega Italiana per la Lotta contro i Tumori) far\u00e0 \u201ctappa\u201d, oggi, al Giro d\u2019Italia. \u00abA Belluno saremo presenti in Piazza dei Martiri con un presidio in cui metteremo a disposizione materiale informativo e illustrativo\u00bb spiega la sezione bellunese Lilt. Inoltre in Piazza Piloni ci sar\u00e0 un\u2019unit\u00e0 mobile presente dalle 9 alle 13, messa a disposizione dalla Sma Service, in cui la dottoressa Pier Anna Dal Mas, dermatologa e nostra presidente, effettuer\u00e0 la mappatura dei nei. Vi sar\u00e0 anche l\u2019unit\u00e0 mobile del Ser.D. in cui il personale medico ed infermieristico, messo a disposizione dall\u2019Ulss 1 Dolomiti, effettuer\u00e0 attivit\u00e0 di educazione sanitaria e promozione della salute con la possibilit\u00e0 di misurare il Monossido di Carbonio.<\/p>\n<p>&nbsp;<\/p>\n<p>&nbsp;<\/p>\n<hr \/>\n<p>&nbsp;<\/p>\n<blockquote>\n<h3>GIRO D&#8217;ITALIA, DISPOSIZIONI DOLOMITIBUS<\/h3>\n<\/blockquote>\n<p><strong>BELLUNO<\/strong> Oggi l\u2019impegnativa tappa Belluno &#8211; Marmolada (Passo Fedaia) comporter\u00e0 modifiche al servizio urbano di Belluno che sar\u00e0 GRATUITO per facilitare la mobilit\u00e0. La corsa comporter\u00e0 inoltre modifiche alle linee extraurbane del Bellunese (11, 12, 13, 17, 20, 21 e 38) e, in maniera pi\u00f9 significativa, alle linee extraurbane dell\u2019Agordino (n. 1, 2, 3, 4, 6, 7 e 8). Tutte le informazioni dettagliate sulle modifiche di ogni localit\u00e0 e di ogni giornata sono consultabili negli\u00a0 avvisi Dolomitibus<\/p>\n<p>&nbsp;<\/p>\n<p>&nbsp;<\/p>\n<hr \/>\n<p>&nbsp;<\/p>\n<blockquote>\n<h3>IL GIORNO DELLA BELLUNO &#8211; MARMOLADA. FUNZIONERA&#8217; IL SERVIZIO NAVETTA<\/h3>\n<\/blockquote>\n<p><strong><a class=\"dt-pswp-item\" href=\"https:\/\/www.radiopiu.net\/wordpress\/wp-content\/uploads\/2022\/05\/Schermata-2022-05-24-alle-09.24.40.png\" data-dt-img-description=\"\" data-large_image_width=\"1440\" data-large_image_height=\"1154\"><img loading=\"lazy\" decoding=\"async\" class=\"size-thumbnail wp-image-277358 alignleft\" src=\"https:\/\/www.radiopiu.net\/wordpress\/wp-content\/uploads\/2022\/05\/Schermata-2022-05-24-alle-09.24.40-150x150.png\" alt=\"\" width=\"150\" height=\"150\" \/><\/a>REDAZIONE<\/strong> Il tappone dolomitico \u00e8 il pi\u00f9 atteso della corsa rosa. Oggi da Piazza dei Martiri (sabato alle 12.25) alla Marmolada passando per Sedico (12.40), Sospirolo (13.06) Agordo (13.41) Cencenighe (13.54) Passo San Pellegrino (14.44). I ciclisti torneranno in provincia di Belluno dal Pordoi (15.54) verso Arabba (16.05) Caprile (16.31) e arrivo a Malga Ciapela previsto poco prima delle 17. Questi gli orari indicativi prevedendo una media di 35 chilometri orari. Le strade interessate: Statale 50, Provinciale 12, Regionale 203 agordina, provinciale 346 del San Pellegrino, statale 48 delle Dolomiti, provinciale 641 di Passo Fedaia, saranno totalmente interdette &#8211;\u00a0 ad esclusione dei veicoli di servizio alla manifestazione, di pronto soccorso e di pubblica sicurezza &#8211;\u00a0 due ore\u00a0 e mezza prima del passaggio dei ciclisti e riapriranno una volta transitata l&#8217;intera carovana. Saranno chiuse al transito veicolare anche le strade che si immettono sulla viabilit\u00e0 interessata, in corrispondenza degli incroci. La chiusura sar\u00e0 garantita con transenne e regolata da movieri. Passi gi\u00e0 chiusi da ieri.<\/p>\n<article class=\"entry entry_detail\">\n<div id=\"article-body\" class=\"entry_content\"><\/div>\n<\/article>\n\n\t\t\t<style type='text\/css'>\n\t\t\t\t#gallery-7 {\n\t\t\t\t\tmargin: auto;\n\t\t\t\t}\n\t\t\t\t#gallery-7 .gallery-item {\n\t\t\t\t\tfloat: left;\n\t\t\t\t\tmargin-top: 10px;\n\t\t\t\t\ttext-align: center;\n\t\t\t\t\twidth: 50%;\n\t\t\t\t}\n\t\t\t\t#gallery-7 img {\n\t\t\t\t\tborder: 2px solid #cfcfcf;\n\t\t\t\t}\n\t\t\t\t#gallery-7 .gallery-caption {\n\t\t\t\t\tmargin-left: 0;\n\t\t\t\t}\n\t\t\t\t\/* see gallery_shortcode() in wp-includes\/media.php *\/\n\t\t\t<\/style>\n\t\t<div id='gallery-7' class='dt-gallery-container gallery galleryid-277946 gallery-columns-2 gallery-size-thumbnail'><dl class='gallery-item'>\n\t\t\t\t<dt class='gallery-icon landscape'>\n\t\t\t\t\t<a class=\"rollover rollover-zoom dt-pswp-item\" title=\"T20_Fedaia_alt\" data-dt-img-description=\"\" data-large_image_width=\"1280\" data-large_image_height=\"852\"href='https:\/\/www.radiopiu.net\/wordpress\/wp-content\/uploads\/2022\/05\/eXEQkcEZRH3xKCLKhFiY_260422-095012-1.jpg'><img loading=\"lazy\" decoding=\"async\" width=\"150\" height=\"150\" src=\"https:\/\/www.radiopiu.net\/wordpress\/wp-content\/uploads\/2022\/05\/eXEQkcEZRH3xKCLKhFiY_260422-095012-1-150x150.jpg\" class=\"attachment-thumbnail size-thumbnail\" alt=\"\" \/><\/a>\n\t\t\t\t<\/dt><\/dl><dl class='gallery-item'>\n\t\t\t\t<dt class='gallery-icon landscape'>\n\t\t\t\t\t<a class=\"rollover rollover-zoom dt-pswp-item\" title=\"aaaa\" data-dt-img-description=\"\" data-large_image_width=\"875\" data-large_image_height=\"711\"href='https:\/\/www.radiopiu.net\/wordpress\/wp-content\/uploads\/2022\/05\/aaaa-5.jpg'><img loading=\"lazy\" decoding=\"async\" width=\"150\" height=\"150\" src=\"https:\/\/www.radiopiu.net\/wordpress\/wp-content\/uploads\/2022\/05\/aaaa-5-150x150.jpg\" class=\"attachment-thumbnail size-thumbnail\" alt=\"\" \/><\/a>\n\t\t\t\t<\/dt><\/dl><br style=\"clear: both\" \/>\n\t\t\t<\/div>\n\n<p>&nbsp;<\/p>\n<p>&nbsp;<\/p>\n<hr \/>\n<p>&nbsp;<\/p>\n<blockquote>\n<h3 class=\"entry-title\">LA NAVETTA PER LA TAPPA DEL GIRO<\/h3>\n<\/blockquote>\n<p><strong class=\"photoswipe-wrapper\"><a class=\"dt-pswp-item pspw-wrap-ready\" href=\"https:\/\/www.radiopiu.net\/wordpress\/wp-content\/uploads\/2022\/05\/Schermata-2022-05-24-alle-11.14.43.png\" data-dt-img-description=\"\" data-large_image_width=\"870\" data-large_image_height=\"470\"><img loading=\"lazy\" decoding=\"async\" class=\"alignleft wp-image-277399 \" src=\"https:\/\/www.radiopiu.net\/wordpress\/wp-content\/uploads\/2022\/05\/Schermata-2022-05-24-alle-11.14.43-300x162.png\" sizes=\"auto, (max-width: 183px) 100vw, 183px\" srcset=\"https:\/\/www.radiopiu.net\/wordpress\/wp-content\/uploads\/2022\/05\/Schermata-2022-05-24-alle-11.14.43-300x162.png 300w, https:\/\/www.radiopiu.net\/wordpress\/wp-content\/uploads\/2022\/05\/Schermata-2022-05-24-alle-11.14.43-768x415.png 768w, https:\/\/www.radiopiu.net\/wordpress\/wp-content\/uploads\/2022\/05\/Schermata-2022-05-24-alle-11.14.43.png 870w\" alt=\"\" width=\"183\" height=\"99\" \/><\/a>REDAZIONE<\/strong> In occasione del tappone dolomitico Belluno \u2013 Marmolada, \u00e8 stato organizzato un bus navetta per portare gli appassionati a Capanna Bill. La navetta partir\u00e0 da Caprile nei pressi dell\u2019hotel Monte Civetta dalle ore 05.00 alle ore 12.00 tratta fino a Capanna Bill con fermate a Sottoguda\/Malga Ciapela presso fermate dell\u2019autobus sulla strada dalle ore 06.00 alle ore 12.00 tratta fino al Passo Fedaia. Ritorno da Capanna Bill o Malga Ciapela a seconda dei flussi. Viste le numerose presenze previste si chiede la collaborazione di tutti affinch\u00e9 si possa svolgere il servizio del migliore dei modi. Costo \u20ac 5 a tratta il biglietto sar\u00e0 fatto a bordo.<\/p>\n<p>&nbsp;<\/p>\n<blockquote>\n<h3><a class=\"dt-pswp-item\" href=\"https:\/\/www.radiopiu.net\/wordpress\/wp-content\/uploads\/2022\/05\/e77a6870-c66a-4d0d-bbca-e61c51a8a503.jpg\" data-dt-img-description=\"\" data-large_image_width=\"1536\" data-large_image_height=\"2048\"><img loading=\"lazy\" decoding=\"async\" class=\"size-thumbnail wp-image-278079 alignleft\" src=\"https:\/\/www.radiopiu.net\/wordpress\/wp-content\/uploads\/2022\/05\/e77a6870-c66a-4d0d-bbca-e61c51a8a503-150x150.jpg\" alt=\"\" width=\"150\" height=\"150\" \/><\/a>DILLO A RADIO PIU&#8217;, IL GRAZIE DI THOMAS SOPPERA<\/h3>\n<p><strong>\u00a0<\/strong><strong style=\"font-size: 14px;\">ROCCA PIETORE<\/strong><span style=\"font-size: 14px; font-weight: normal;\"> Poche parole, per ringraziare il Comune di Rocca pietore, il sindaco Andrea de Bernardin, gli agenti di Polizia Locale con Nicole Pianezze, il Consorzio Turistico Marmolada con la Presidente\u00a0 Lucia Farenzena,\u00a0 per il grande aiuto e collaborazione che ci ha permesso di attivare\u00a0 il servizio navetta.\u00a0 L\u2019unione fa la forza e soprattutto offre un bel servizio per i molti turisti e valligiani, e buon divertimento a tutti noi.<\/span><\/p><\/blockquote>\n<p>&nbsp;<\/p>\n<p>&nbsp;<\/p>\n<hr \/>\n<p>&nbsp;<\/p>\n<blockquote>\n<h3>Arriva il Giro: ecco il benvenuto dell&#8217;Ulss Dolomiti, l&#8217;organizzazione SUEM e la riorganizzazIone dei punti tampone<\/h3>\n<\/blockquote>\n<p>&nbsp;<\/p>\n<p><iframe loading=\"lazy\" title=\"Aspettando il Giro d&#039;Italia\" width=\"1200\" height=\"675\" src=\"https:\/\/www.youtube.com\/embed\/5uZxkBpqLyQ?feature=oembed\" frameborder=\"0\" allow=\"accelerometer; autoplay; clipboard-write; encrypted-media; gyroscope; picture-in-picture\" allowfullscreen><\/iframe><\/p>\n<p>&nbsp;<\/p>\n<p>&nbsp;<\/p>\n<hr \/>\n<p>&nbsp;<\/p>\n<blockquote>\n<h3>NON SOLO GIRO, DA RIVAMONTE IL MESSAGGIO PER LA PACE, DI DARIO SANTEL<\/h3>\n<\/blockquote>\n<p><a class=\"dt-pswp-item\" href=\"https:\/\/www.radiopiu.net\/wordpress\/wp-content\/uploads\/2022\/05\/284415932_10224364241990861_8268119282295861229_n.jpg\" data-dt-img-description=\"\" data-large_image_width=\"795\" data-large_image_height=\"540\"><img loading=\"lazy\" decoding=\"async\" class=\"alignnone wp-image-278092 size-full\" src=\"https:\/\/www.radiopiu.net\/wordpress\/wp-content\/uploads\/2022\/05\/284415932_10224364241990861_8268119282295861229_n.jpg\" alt=\"\" width=\"795\" height=\"540\" srcset=\"https:\/\/www.radiopiu.net\/wordpress\/wp-content\/uploads\/2022\/05\/284415932_10224364241990861_8268119282295861229_n.jpg 795w, https:\/\/www.radiopiu.net\/wordpress\/wp-content\/uploads\/2022\/05\/284415932_10224364241990861_8268119282295861229_n-300x204.jpg 300w, https:\/\/www.radiopiu.net\/wordpress\/wp-content\/uploads\/2022\/05\/284415932_10224364241990861_8268119282295861229_n-768x522.jpg 768w\" sizes=\"auto, (max-width: 795px) 100vw, 795px\" \/><\/a><\/p>\n<p>&nbsp;<\/p>\n<hr \/>\n<p>&nbsp;<\/p>\n<blockquote>\n<h3 class=\"entry-title\">LO SPERTI ALLA KAIROS, LA STRADA PER LA GESTIONE DEL CONVITTO<\/h3>\n<\/blockquote>\n<p><strong><img loading=\"lazy\" decoding=\"async\" class=\"alignleft\" src=\"https:\/\/www.radiopiu.net\/wordpress\/wp-content\/uploads\/2022\/05\/Kairos-Centro-Estivo-Sperti-Belluno-02.jpeg\" width=\"208\" height=\"156\" \/>BELLUNO<\/strong> E\u2019 di ieri la notizia che Il nuovo Centro Estivo per bambini e ragazzi di Belluno aprir\u00e0 il prossimo 13 giugno presso lo storico Istituto Sperti. La Diocesi di Belluno-Feltre ne ha affidato la gestione ad una cooperativa di Roma, che opera da tempo anche nella zona del bellunese con alcuni nidi per l\u2019infanzia. Le attivit\u00e0, destinate inizialmente a bambini e ragazzi dai 6 ai 13 anni, prevedono laboratori, giochi, attivit\u00e0 ludiche e passeggiate alla scoperta del territorio nell\u2019ambito di un progetto educativo che consenta ai piccoli ospiti di godere di alcune settimane di riposo a conclusione dell\u2019anno scolastico. A partire dal 4 luglio, vi potranno accedere anche i bambini dai 2 ai 5 anni (la sezione 24-36 mesi sar\u00e0 attivata al raggiungimento di un minimo di iscritti). Il Centro Estivo sar\u00e0 aperto fino al 9 settembre, dalle ore 7:30 alle 18. <em>\u201cIl Centro Estivo \u00e8 una delle iniziative che da tanti anni caratterizza le attivit\u00e0 che si svolgono presso l\u2019Istituto Sperti\u201d, ha dichiarato don Diego Bardin, Vicario Generale della Diocesi di Belluno-Feltre. \u201cA partire da questa esperienza estiva, la Diocesi e la Kairos si propongono di perfezionare il rapporto che porter\u00e0 all\u2019affidamento della struttura dello Sperti, cos\u00ec che la Kairos potr\u00e0 continuare e sviluppare il servizio del Convitto per Studenti delle Superiori provenienti dalle aree pi\u00f9 periferiche della Provincia e al Semi-Convitto e Dopo-Scuola per bambini e ragazzi di Belluno\u201d.<\/em><\/p>\n<blockquote><p><em>Attualmente, la cooperativa Kairos gestisce 43 sedi scolastiche in diverse regioni italiane, che ospitano in particolare un centro di formazione professionale, due istituti comprensivi paritari (fino alla scuola secondaria di primo grado), sette scuole dell\u2019infanzia e quaranta asili nido, per un totale di oltre 1.700 iscritti.<\/em><\/p><\/blockquote>\n<p><strong>DOPO LA PUBBLICAZIONE DELLA NOTIZIA, L&#8217;IMPORTANTE MESSAGGIO DI UNA MAMMA. AD OGGI I GENITORI NON SONO A CONOSCENZA DELLE NOVITA&#8217;:<\/strong> <em>&#8220;Io avrei trovato un alloggio, ma giustamente per la prossima settimana,\u00a0 \u00a0primi di giugno,\u00a0 vogliono la conferma con relativa caparra. L&#8217;alloggio \u00e8 dislocato dalla scuola e dovrei fare un abbonamento autobus, tutte spese in pi\u00f9. \u00a0Presumo che sia cos\u00ec sia anche per altri genitori. Quindi avremmo bisogno di sapere. Altrimenti rischiano di trovarsi senza convittrici. Se riescono a riaprire personalmente preferirei continuare con lo Sperti&#8221;<\/em><\/p>\n<p>&nbsp;<\/p>\n<p>&nbsp;<\/p>\n<hr \/>\n<p>&nbsp;<\/p>\n<blockquote>\n<h3>IMPOSTA DI SOGGIORNO, OBBLIGHI IN CAPO ALLE IMPRESE TURISTICHE<\/h3>\n<\/blockquote>\n<p><strong><a class=\"dt-pswp-item\" href=\"https:\/\/www.radiopiu.net\/wordpress\/wp-content\/uploads\/2019\/02\/CONFCOMMERCIO.jpg\" data-dt-img-description=\"\" data-large_image_width=\"400\" data-large_image_height=\"400\"><img loading=\"lazy\" decoding=\"async\" class=\"size-thumbnail wp-image-75615 alignleft\" src=\"https:\/\/www.radiopiu.net\/wordpress\/wp-content\/uploads\/2019\/02\/CONFCOMMERCIO-150x150.jpg\" alt=\"\" width=\"150\" height=\"150\" srcset=\"https:\/\/www.radiopiu.net\/wordpress\/wp-content\/uploads\/2019\/02\/CONFCOMMERCIO-150x150.jpg 150w, https:\/\/www.radiopiu.net\/wordpress\/wp-content\/uploads\/2019\/02\/CONFCOMMERCIO-300x300.jpg 300w, https:\/\/www.radiopiu.net\/wordpress\/wp-content\/uploads\/2019\/02\/CONFCOMMERCIO.jpg 400w\" sizes=\"auto, (max-width: 150px) 100vw, 150px\" \/><\/a>BELLUNO<\/strong> Altro che la tanto declamata semplificazione, il predicare bene razzolando male trova di nuovo concretezza\u00a0 nell&#8217;ennesimo nuovo obbligo da poco introdotto a carico delle imprese turistiche. un&#8217;altra dichiarazione telematica da inviare all&#8217;Agenzia delle Entrate riepilogativa di tutti gli adempimenti e comunicazioni che gia\u0300 gli esercenti delle strutture sono costretti a fare nell&#8217;ambito della gestione dell&#8217;imposta di soggiorno; un obbligo aggiuntivo definito assurdo in quanto duplicazione di dati che gia\u0300 vengono inviati ai Comuni. Confcommercio-Ascom\u00a0 reagisce con sdegno.<\/p>\n<p>&nbsp;<\/p>\n<hr \/>\n<p>&nbsp;<\/p>\n<blockquote>\n<h3>IERI\u00a0 IN PROVINCIA LA PRESENTAZIONE DI &#8220;DOLOMITI HIKE &amp; BIKE&#8221;<\/h3>\n<\/blockquote>\n<p><strong><img loading=\"lazy\" decoding=\"async\" class=\"alignleft\" src=\"https:\/\/www.radiopiu.net\/wordpress\/wp-content\/uploads\/2022\/05\/408cbaf5-40f5-4a59-937f-9c56c84486d2.jpg\" width=\"190\" height=\"107\" \/>BELLUNO<\/strong> Un grande evento a luglio, sar\u00e0 ospitata nell&#8217;Agordino con sede madre San Tomaso Agordino il secondo e terzo giorno del mese. Manifestazione punto di incontro tra l&#8217;escursionista tradizionale e quello moderno in e bike. Stamane la presentazione a Belluno.<\/p>\n<p><strong>DI MORENO GIOLI<\/strong><\/p>\n<audio class=\"wp-audio-shortcode\" id=\"audio-277946-4\" preload=\"none\" style=\"width: 100%;\" controls=\"controls\"><source type=\"audio\/mpeg\" src=\"https:\/\/www.radiopiu.net\/wordpress\/wp-content\/uploads\/2022\/05\/MORENO-HIKE.mp3?_=4\" \/><a href=\"https:\/\/www.radiopiu.net\/wordpress\/wp-content\/uploads\/2022\/05\/MORENO-HIKE.mp3\">https:\/\/www.radiopiu.net\/wordpress\/wp-content\/uploads\/2022\/05\/MORENO-HIKE.mp3<\/a><\/audio>\n<p>&nbsp;<\/p>\n<p><strong>NON SOLO UNA MANIFESTAZIONE SPORTIVA, VITTORIO FORATO DI AKU<\/strong><\/p>\n<audio class=\"wp-audio-shortcode\" id=\"audio-277946-5\" preload=\"none\" style=\"width: 100%;\" controls=\"controls\"><source type=\"audio\/mpeg\" src=\"https:\/\/www.radiopiu.net\/wordpress\/wp-content\/uploads\/2022\/05\/VITTORIO-FORATO-AKU-1.mp3?_=5\" \/><a href=\"https:\/\/www.radiopiu.net\/wordpress\/wp-content\/uploads\/2022\/05\/VITTORIO-FORATO-AKU-1.mp3\">https:\/\/www.radiopiu.net\/wordpress\/wp-content\/uploads\/2022\/05\/VITTORIO-FORATO-AKU-1.mp3<\/a><\/audio>\n<p>&nbsp;<\/p>\n<p><strong>NEL VIVO DELL&#8217;EVENTO, CON MORENO GEREMETTA<\/strong><\/p>\n<audio class=\"wp-audio-shortcode\" id=\"audio-277946-6\" preload=\"none\" style=\"width: 100%;\" controls=\"controls\"><source type=\"audio\/mpeg\" src=\"https:\/\/www.radiopiu.net\/wordpress\/wp-content\/uploads\/2022\/05\/MORENO-1.mp3?_=6\" \/><a href=\"https:\/\/www.radiopiu.net\/wordpress\/wp-content\/uploads\/2022\/05\/MORENO-1.mp3\">https:\/\/www.radiopiu.net\/wordpress\/wp-content\/uploads\/2022\/05\/MORENO-1.mp3<\/a><\/audio>\n<p>&nbsp;<\/p>\n<p><strong>LE ISCRIZIONI, ANCORA MORENO GEREMETTA<\/strong><\/p>\n<audio class=\"wp-audio-shortcode\" id=\"audio-277946-7\" preload=\"none\" style=\"width: 100%;\" controls=\"controls\"><source type=\"audio\/mpeg\" src=\"https:\/\/www.radiopiu.net\/wordpress\/wp-content\/uploads\/2022\/05\/MORENO2.mp3?_=7\" \/><a href=\"https:\/\/www.radiopiu.net\/wordpress\/wp-content\/uploads\/2022\/05\/MORENO2.mp3\">https:\/\/www.radiopiu.net\/wordpress\/wp-content\/uploads\/2022\/05\/MORENO2.mp3<\/a><\/audio>\n<p>&nbsp;<\/p>\n<p>IL LINK PER LE ISCRIZIONI <span style=\"color: #0000ff;\"><strong><a style=\"color: #0000ff;\" href=\"https:\/\/www.aku.it\/dolomiti-hike-bike\/\">CLICCA QUI\u00a0<\/a><\/strong><\/span><\/p>\n<p>&nbsp;<\/p>\n<p><strong>DAL GIORNALE RADIO DEL 5 MAGGIO 2022<\/strong><\/p>\n<p><strong>SAN TOMASO<\/strong><\/p>\n<p><strong><a class=\"dt-pswp-item\" href=\"https:\/\/www.radiopiu.net\/wordpress\/wp-content\/uploads\/2022\/04\/AKU_logo_Hike_bike_v2.png\" data-dt-img-description=\"\" data-large_image_width=\"330\" data-large_image_height=\"501\"><img loading=\"lazy\" decoding=\"async\" class=\"size-thumbnail wp-image-272674 alignnone\" src=\"https:\/\/www.radiopiu.net\/wordpress\/wp-content\/uploads\/2022\/04\/AKU_logo_Hike_bike_v2-150x150.png\" alt=\"\" width=\"150\" height=\"150\" \/><\/a><\/strong>di Gianni Santomaso<\/p>\n<audio class=\"wp-audio-shortcode\" id=\"audio-277946-8\" preload=\"none\" style=\"width: 100%;\" controls=\"controls\"><source type=\"audio\/mpeg\" src=\"https:\/\/www.radiopiu.net\/wordpress\/wp-content\/uploads\/2022\/05\/GIANNI-DOLOMITI-HIKE-BIKE-SAN-TOMASO.mp3?_=8\" \/><a href=\"https:\/\/www.radiopiu.net\/wordpress\/wp-content\/uploads\/2022\/05\/GIANNI-DOLOMITI-HIKE-BIKE-SAN-TOMASO.mp3\">https:\/\/www.radiopiu.net\/wordpress\/wp-content\/uploads\/2022\/05\/GIANNI-DOLOMITI-HIKE-BIKE-SAN-TOMASO.mp3<\/a><\/audio>\n<p>&nbsp;<\/p>\n<hr \/>\n<p>&nbsp;<\/p>\n<blockquote>\n<h3>IL PRIMO GIUGNO\u00a0 A SINGHIOZZO SUL GIAU PER LE RIPRESE CINEMATOGRAFICHE, SENSO UNICO IN PROSSIMITA&#8217; DI AGORDO<\/h3>\n<\/blockquote>\n<p><strong>SP 638 PASSO GIAU<\/strong> Il 1 giugno dalle 6 alle 20 chiusure temporanee di massimo 30 minuti per riprese cinematografiche\u200b<\/p>\n<p>&nbsp;<\/p>\n<hr \/>\n<p>&nbsp;<\/p>\n<blockquote>\n<h3>TRENT&#8217;ANNI DI ADA, UNA FESTA AL PALADOLOMITI DI FALCADE<\/h3>\n<\/blockquote>\n<p><strong>FALCADE<\/strong> L&#8217;Associazione Danza Agordina celebra il trentennio, tre decenni di storia ricordati con due serate al palazzetto di Falcade, ieri sera la prima da tutto esaurito, con le ballerine pi\u00f9 giovani ma anche con quelle ragazze che trent&#8217;anni fa muovevano i primi passi di danza. Serata spettacolare, come sempre, il saggio dei ragazzi e ragazze dell&#8217;Ada. Al termine un momento emozionante, di ringraziamento per la fondatrice e motore del sodalizio, Maria Rosa Salmazo alla quale il sindaco di Agordo Roberto Chissal\u00e8 ha consegnato una pergamena a nome dell&#8217;amministrazione comunale per l&#8217;impegno e i risultati fin qui ottenuti. Questa sera la seconda serata.<\/p>\n\n\t\t\t<style type='text\/css'>\n\t\t\t\t#gallery-8 {\n\t\t\t\t\tmargin: auto;\n\t\t\t\t}\n\t\t\t\t#gallery-8 .gallery-item {\n\t\t\t\t\tfloat: left;\n\t\t\t\t\tmargin-top: 10px;\n\t\t\t\t\ttext-align: center;\n\t\t\t\t\twidth: 50%;\n\t\t\t\t}\n\t\t\t\t#gallery-8 img {\n\t\t\t\t\tborder: 2px solid #cfcfcf;\n\t\t\t\t}\n\t\t\t\t#gallery-8 .gallery-caption {\n\t\t\t\t\tmargin-left: 0;\n\t\t\t\t}\n\t\t\t\t\/* see gallery_shortcode() in wp-includes\/media.php *\/\n\t\t\t<\/style>\n\t\t<div id='gallery-8' class='dt-gallery-container gallery galleryid-277946 gallery-columns-2 gallery-size-medium'><dl class='gallery-item'>\n\t\t\t\t<dt class='gallery-icon landscape'>\n\t\t\t\t\t<a class=\"rollover rollover-zoom dt-pswp-item\" title=\"31a8e167-f794-46ab-938a-e9b3a6c3814e\" data-dt-img-description=\"\" data-large_image_width=\"1920\" data-large_image_height=\"1080\"href='https:\/\/www.radiopiu.net\/wordpress\/wp-content\/uploads\/2022\/05\/31a8e167-f794-46ab-938a-e9b3a6c3814e.jpg'><img loading=\"lazy\" decoding=\"async\" width=\"300\" height=\"169\" src=\"https:\/\/www.radiopiu.net\/wordpress\/wp-content\/uploads\/2022\/05\/31a8e167-f794-46ab-938a-e9b3a6c3814e-300x169.jpg\" class=\"attachment-medium size-medium\" alt=\"\" srcset=\"https:\/\/www.radiopiu.net\/wordpress\/wp-content\/uploads\/2022\/05\/31a8e167-f794-46ab-938a-e9b3a6c3814e-300x169.jpg 300w, https:\/\/www.radiopiu.net\/wordpress\/wp-content\/uploads\/2022\/05\/31a8e167-f794-46ab-938a-e9b3a6c3814e-1024x576.jpg 1024w, https:\/\/www.radiopiu.net\/wordpress\/wp-content\/uploads\/2022\/05\/31a8e167-f794-46ab-938a-e9b3a6c3814e-768x432.jpg 768w, https:\/\/www.radiopiu.net\/wordpress\/wp-content\/uploads\/2022\/05\/31a8e167-f794-46ab-938a-e9b3a6c3814e-1536x864.jpg 1536w, https:\/\/www.radiopiu.net\/wordpress\/wp-content\/uploads\/2022\/05\/31a8e167-f794-46ab-938a-e9b3a6c3814e.jpg 1920w\" sizes=\"auto, (max-width: 300px) 100vw, 300px\" \/><\/a>\n\t\t\t\t<\/dt><\/dl><dl class='gallery-item'>\n\t\t\t\t<dt class='gallery-icon landscape'>\n\t\t\t\t\t<a class=\"rollover rollover-zoom dt-pswp-item\" title=\"5852df38-3fa7-4a8a-ac62-a7fb8707f8b2\" data-dt-img-description=\"\" data-large_image_width=\"1920\" data-large_image_height=\"1080\"href='https:\/\/www.radiopiu.net\/wordpress\/wp-content\/uploads\/2022\/05\/5852df38-3fa7-4a8a-ac62-a7fb8707f8b2.jpg'><img loading=\"lazy\" decoding=\"async\" width=\"300\" height=\"169\" src=\"https:\/\/www.radiopiu.net\/wordpress\/wp-content\/uploads\/2022\/05\/5852df38-3fa7-4a8a-ac62-a7fb8707f8b2-300x169.jpg\" class=\"attachment-medium size-medium\" alt=\"\" srcset=\"https:\/\/www.radiopiu.net\/wordpress\/wp-content\/uploads\/2022\/05\/5852df38-3fa7-4a8a-ac62-a7fb8707f8b2-300x169.jpg 300w, https:\/\/www.radiopiu.net\/wordpress\/wp-content\/uploads\/2022\/05\/5852df38-3fa7-4a8a-ac62-a7fb8707f8b2-1024x576.jpg 1024w, https:\/\/www.radiopiu.net\/wordpress\/wp-content\/uploads\/2022\/05\/5852df38-3fa7-4a8a-ac62-a7fb8707f8b2-768x432.jpg 768w, https:\/\/www.radiopiu.net\/wordpress\/wp-content\/uploads\/2022\/05\/5852df38-3fa7-4a8a-ac62-a7fb8707f8b2-1536x864.jpg 1536w, https:\/\/www.radiopiu.net\/wordpress\/wp-content\/uploads\/2022\/05\/5852df38-3fa7-4a8a-ac62-a7fb8707f8b2.jpg 1920w\" sizes=\"auto, (max-width: 300px) 100vw, 300px\" \/><\/a>\n\t\t\t\t<\/dt><\/dl><br style=\"clear: both\" \/><dl class='gallery-item'>\n\t\t\t\t<dt class='gallery-icon landscape'>\n\t\t\t\t\t<a class=\"rollover rollover-zoom dt-pswp-item\" title=\"fb3aa3ad-a631-47d8-bb94-d435cf8cc774\" data-dt-img-description=\"\" data-large_image_width=\"1920\" data-large_image_height=\"1080\"href='https:\/\/www.radiopiu.net\/wordpress\/wp-content\/uploads\/2022\/05\/fb3aa3ad-a631-47d8-bb94-d435cf8cc774.jpg'><img loading=\"lazy\" decoding=\"async\" width=\"300\" height=\"169\" src=\"https:\/\/www.radiopiu.net\/wordpress\/wp-content\/uploads\/2022\/05\/fb3aa3ad-a631-47d8-bb94-d435cf8cc774-300x169.jpg\" class=\"attachment-medium size-medium\" alt=\"\" srcset=\"https:\/\/www.radiopiu.net\/wordpress\/wp-content\/uploads\/2022\/05\/fb3aa3ad-a631-47d8-bb94-d435cf8cc774-300x169.jpg 300w, https:\/\/www.radiopiu.net\/wordpress\/wp-content\/uploads\/2022\/05\/fb3aa3ad-a631-47d8-bb94-d435cf8cc774-1024x576.jpg 1024w, https:\/\/www.radiopiu.net\/wordpress\/wp-content\/uploads\/2022\/05\/fb3aa3ad-a631-47d8-bb94-d435cf8cc774-768x432.jpg 768w, https:\/\/www.radiopiu.net\/wordpress\/wp-content\/uploads\/2022\/05\/fb3aa3ad-a631-47d8-bb94-d435cf8cc774-1536x864.jpg 1536w, https:\/\/www.radiopiu.net\/wordpress\/wp-content\/uploads\/2022\/05\/fb3aa3ad-a631-47d8-bb94-d435cf8cc774.jpg 1920w\" sizes=\"auto, (max-width: 300px) 100vw, 300px\" \/><\/a>\n\t\t\t\t<\/dt><\/dl><dl class='gallery-item'>\n\t\t\t\t<dt class='gallery-icon landscape'>\n\t\t\t\t\t<a class=\"rollover rollover-zoom dt-pswp-item\" title=\"c8619d7b-9b10-4ae1-82fd-29c54bc4ce73\" data-dt-img-description=\"\" data-large_image_width=\"2048\" data-large_image_height=\"1152\"href='https:\/\/www.radiopiu.net\/wordpress\/wp-content\/uploads\/2022\/05\/c8619d7b-9b10-4ae1-82fd-29c54bc4ce73.jpg'><img loading=\"lazy\" decoding=\"async\" width=\"300\" height=\"169\" src=\"https:\/\/www.radiopiu.net\/wordpress\/wp-content\/uploads\/2022\/05\/c8619d7b-9b10-4ae1-82fd-29c54bc4ce73-300x169.jpg\" class=\"attachment-medium size-medium\" alt=\"\" srcset=\"https:\/\/www.radiopiu.net\/wordpress\/wp-content\/uploads\/2022\/05\/c8619d7b-9b10-4ae1-82fd-29c54bc4ce73-300x169.jpg 300w, https:\/\/www.radiopiu.net\/wordpress\/wp-content\/uploads\/2022\/05\/c8619d7b-9b10-4ae1-82fd-29c54bc4ce73-1024x576.jpg 1024w, https:\/\/www.radiopiu.net\/wordpress\/wp-content\/uploads\/2022\/05\/c8619d7b-9b10-4ae1-82fd-29c54bc4ce73-768x432.jpg 768w, https:\/\/www.radiopiu.net\/wordpress\/wp-content\/uploads\/2022\/05\/c8619d7b-9b10-4ae1-82fd-29c54bc4ce73-1536x864.jpg 1536w, https:\/\/www.radiopiu.net\/wordpress\/wp-content\/uploads\/2022\/05\/c8619d7b-9b10-4ae1-82fd-29c54bc4ce73.jpg 2048w\" sizes=\"auto, (max-width: 300px) 100vw, 300px\" \/><\/a>\n\t\t\t\t<\/dt><\/dl><br style=\"clear: both\" \/>\n\t\t\t<\/div>\n\n<p>&nbsp;<\/p>\n<p>&nbsp;<\/p>\n<p>&nbsp;<\/p>\n<hr \/>\n<p>&nbsp;<\/p>\n<blockquote class=\"wp-embedded-content\" data-secret=\"POe79s7Wka\"><p><a href=\"https:\/\/www.radiopiu.net\/wordpress\/aggnazionalemaggio27\/\">CORONAVIRUS: AGGIORNAMENTO NAZIONALE 27 MAGGIO 2022<\/a><\/p><\/blockquote>\n<p><iframe loading=\"lazy\" class=\"wp-embedded-content\" sandbox=\"allow-scripts\" security=\"restricted\" style=\"position: absolute; clip: rect(1px, 1px, 1px, 1px);\" title=\"&#8220;CORONAVIRUS: AGGIORNAMENTO NAZIONALE 27 MAGGIO 2022&#8221; &#8212; Radio Pi\u00f9\" src=\"https:\/\/www.radiopiu.net\/wordpress\/aggnazionalemaggio27\/embed\/#?secret=jKFAbvdej4#?secret=POe79s7Wka\" data-secret=\"POe79s7Wka\" width=\"600\" height=\"338\" frameborder=\"0\" marginwidth=\"0\" marginheight=\"0\" scrolling=\"no\"><\/iframe><\/p>\n<p>&nbsp;<\/p>\n<p>&nbsp;<\/p>\n<blockquote class=\"wp-embedded-content\" data-secret=\"IPsYd4EgLc\"><p><a href=\"https:\/\/www.radiopiu.net\/wordpress\/aggazzeromaggio27\/\">CONTINUANO A CALARE I RICOVERI, 1455 NUOVI POSITIVI E 8 DECESSI IN 24 ORE NEL VENETO<\/a><\/p><\/blockquote>\n<p><iframe loading=\"lazy\" class=\"wp-embedded-content\" sandbox=\"allow-scripts\" security=\"restricted\" style=\"position: absolute; clip: rect(1px, 1px, 1px, 1px);\" title=\"&#8220;CONTINUANO A CALARE I RICOVERI, 1455 NUOVI POSITIVI E 8 DECESSI IN 24 ORE NEL VENETO&#8221; &#8212; Radio Pi\u00f9\" src=\"https:\/\/www.radiopiu.net\/wordpress\/aggazzeromaggio27\/embed\/#?secret=T7MU0rHGhg#?secret=IPsYd4EgLc\" data-secret=\"IPsYd4EgLc\" width=\"600\" height=\"338\" frameborder=\"0\" marginwidth=\"0\" marginheight=\"0\" scrolling=\"no\"><\/iframe><\/p>\n<p>&nbsp;<\/p>\n<h2 dir=\"auto\">I GRAFICI DI TIZIANO DE COL<\/h2>\n<p>&nbsp;<\/p>\n\n\t\t\t<style type='text\/css'>\n\t\t\t\t#gallery-9 {\n\t\t\t\t\tmargin: auto;\n\t\t\t\t}\n\t\t\t\t#gallery-9 .gallery-item {\n\t\t\t\t\tfloat: left;\n\t\t\t\t\tmargin-top: 10px;\n\t\t\t\t\ttext-align: center;\n\t\t\t\t\twidth: 33%;\n\t\t\t\t}\n\t\t\t\t#gallery-9 img {\n\t\t\t\t\tborder: 2px solid #cfcfcf;\n\t\t\t\t}\n\t\t\t\t#gallery-9 .gallery-caption {\n\t\t\t\t\tmargin-left: 0;\n\t\t\t\t}\n\t\t\t\t\/* see gallery_shortcode() in wp-includes\/media.php *\/\n\t\t\t<\/style>\n\t\t<div id='gallery-9' class='dt-gallery-container gallery galleryid-277946 gallery-columns-3 gallery-size-thumbnail'><dl class='gallery-item'>\n\t\t\t\t<dt class='gallery-icon landscape'>\n\t\t\t\t\t<a class=\"rollover rollover-zoom dt-pswp-item\" title=\"651f7e2a-d459-43af-ace1-47515bdd8e42\" data-dt-img-description=\"\" data-large_image_width=\"593\" data-large_image_height=\"363\"href='https:\/\/www.radiopiu.net\/wordpress\/wp-content\/uploads\/2022\/05\/651f7e2a-d459-43af-ace1-47515bdd8e42.jpg'><img loading=\"lazy\" decoding=\"async\" width=\"150\" height=\"150\" src=\"https:\/\/www.radiopiu.net\/wordpress\/wp-content\/uploads\/2022\/05\/651f7e2a-d459-43af-ace1-47515bdd8e42-150x150.jpg\" class=\"attachment-thumbnail size-thumbnail\" alt=\"\" \/><\/a>\n\t\t\t\t<\/dt><\/dl><dl class='gallery-item'>\n\t\t\t\t<dt class='gallery-icon landscape'>\n\t\t\t\t\t<a class=\"rollover rollover-zoom dt-pswp-item\" title=\"39e5e20b-2b8f-4e90-9ce2-9ca4eb9bba38\" data-dt-img-description=\"\" data-large_image_width=\"593\" data-large_image_height=\"359\"href='https:\/\/www.radiopiu.net\/wordpress\/wp-content\/uploads\/2022\/05\/39e5e20b-2b8f-4e90-9ce2-9ca4eb9bba38.jpg'><img loading=\"lazy\" decoding=\"async\" width=\"150\" height=\"150\" src=\"https:\/\/www.radiopiu.net\/wordpress\/wp-content\/uploads\/2022\/05\/39e5e20b-2b8f-4e90-9ce2-9ca4eb9bba38-150x150.jpg\" class=\"attachment-thumbnail size-thumbnail\" alt=\"\" \/><\/a>\n\t\t\t\t<\/dt><\/dl><dl class='gallery-item'>\n\t\t\t\t<dt class='gallery-icon landscape'>\n\t\t\t\t\t<a class=\"rollover rollover-zoom dt-pswp-item\" title=\"66ea1a64-3d3a-446f-988b-9dd0944f3ba4\" data-dt-img-description=\"\" data-large_image_width=\"610\" data-large_image_height=\"356\"href='https:\/\/www.radiopiu.net\/wordpress\/wp-content\/uploads\/2022\/05\/66ea1a64-3d3a-446f-988b-9dd0944f3ba4.jpg'><img loading=\"lazy\" decoding=\"async\" width=\"150\" height=\"150\" src=\"https:\/\/www.radiopiu.net\/wordpress\/wp-content\/uploads\/2022\/05\/66ea1a64-3d3a-446f-988b-9dd0944f3ba4-150x150.jpg\" class=\"attachment-thumbnail size-thumbnail\" alt=\"\" \/><\/a>\n\t\t\t\t<\/dt><\/dl><br style=\"clear: both\" \/><dl class='gallery-item'>\n\t\t\t\t<dt class='gallery-icon landscape'>\n\t\t\t\t\t<a class=\"rollover rollover-zoom dt-pswp-item\" title=\"22ecab63-87d7-4dc3-9c59-70eba69bd001\" data-dt-img-description=\"\" data-large_image_width=\"608\" data-large_image_height=\"355\"href='https:\/\/www.radiopiu.net\/wordpress\/wp-content\/uploads\/2022\/05\/22ecab63-87d7-4dc3-9c59-70eba69bd001.jpg'><img loading=\"lazy\" decoding=\"async\" width=\"150\" height=\"150\" src=\"https:\/\/www.radiopiu.net\/wordpress\/wp-content\/uploads\/2022\/05\/22ecab63-87d7-4dc3-9c59-70eba69bd001-150x150.jpg\" class=\"attachment-thumbnail size-thumbnail\" alt=\"\" \/><\/a>\n\t\t\t\t<\/dt><\/dl><dl class='gallery-item'>\n\t\t\t\t<dt class='gallery-icon landscape'>\n\t\t\t\t\t<a class=\"rollover rollover-zoom dt-pswp-item\" title=\"ade67e0b-053f-4a51-bb3a-3af3eea4afb4\" data-dt-img-description=\"\" data-large_image_width=\"602\" data-large_image_height=\"359\"href='https:\/\/www.radiopiu.net\/wordpress\/wp-content\/uploads\/2022\/05\/ade67e0b-053f-4a51-bb3a-3af3eea4afb4.jpg'><img loading=\"lazy\" decoding=\"async\" width=\"150\" height=\"150\" src=\"https:\/\/www.radiopiu.net\/wordpress\/wp-content\/uploads\/2022\/05\/ade67e0b-053f-4a51-bb3a-3af3eea4afb4-150x150.jpg\" class=\"attachment-thumbnail size-thumbnail\" alt=\"\" \/><\/a>\n\t\t\t\t<\/dt><\/dl><dl class='gallery-item'>\n\t\t\t\t<dt class='gallery-icon landscape'>\n\t\t\t\t\t<a class=\"rollover rollover-zoom dt-pswp-item\" title=\"0647bc22-19ab-4493-b0d0-d4075c8eaf5f\" data-dt-img-description=\"\" data-large_image_width=\"612\" data-large_image_height=\"355\"href='https:\/\/www.radiopiu.net\/wordpress\/wp-content\/uploads\/2022\/05\/0647bc22-19ab-4493-b0d0-d4075c8eaf5f.jpg'><img loading=\"lazy\" decoding=\"async\" width=\"150\" height=\"150\" src=\"https:\/\/www.radiopiu.net\/wordpress\/wp-content\/uploads\/2022\/05\/0647bc22-19ab-4493-b0d0-d4075c8eaf5f-150x150.jpg\" class=\"attachment-thumbnail size-thumbnail\" alt=\"\" \/><\/a>\n\t\t\t\t<\/dt><\/dl><br style=\"clear: both\" \/>\n\t\t\t<\/div>\n\n<p>&nbsp;<\/p>\n<p>&nbsp;<\/p>\n<p>&nbsp;<\/p>\n<hr \/>\n<p>&nbsp;<\/p>\n<blockquote>\n<h3>CENTRI DIURNI A PIEVE DI CADORE E CUSIGHE<\/h3>\n<\/blockquote>\n<p><strong>BELLUNO\u00a0<\/strong> Pet Therapy, karate e balli di gruppo, un\u2019estate di crescita ed emozioni per gli ospiti dei Centri Diurni di Pieve di Cadore e Cusighe. I centri diurni \u201cLa Libellula\u201d e \u201cLa Clessidra\u201d di Pieve di Cadore e il centro diurno di Cusighe possono contare, infatti, sulla collaborazione dell\u2019Associazione dei Familiari \u201cNoi per loro\u201d ONLUS e del Comitato dei Genitori\/Tutori, che con grande generosit\u00e0, contribuisco al sostegno di molte attivit\u00e0 ludiche, ricreative e occupazionali proposte da ciascun centro ai propri ospiti. I centri diurni,\u00a0 oltre a garantire funzioni di cura, assistenza e riabilitazione, promuovono un ricco programma di attivit\u00e0 educative e abilitative e laboratori volti a coinvolgere gli ospiti per stimolare le loro capacita motorie, cognitive, espressive ed emozionali, favorendo, cos\u00ec, la socializzazione e le relazioni nel gruppo.<\/p>\n<p>&nbsp;<\/p>\n<hr \/>\n<p>&nbsp;<\/p>\n<blockquote>\n<h3>CAMBIO MEDICO A SANTA GIUSTINA<\/h3>\n<\/blockquote>\n<p><strong>SANTA GIUSTINA<\/strong>\u00a0 Il 1 giugno 2022, la dottoressa Chiara Dal Pont cesser\u00e0 l\u2019attivit\u00e0 di medico di assistenza primaria a Santa Giustina. L&#8217;Azienda Ulss ha attivato la procedura per inserire definitivamente un medico di assistenza primaria\u00a0 e al contempo si \u00e8 attivata per conferire un incarico provvisorio dal 1\u00b0 giugno 2022. Nonostante le azioni messe in campo, purtroppo nessun medico si \u00e8 reso disponibile a garantire il servizio in modo strutturato. Sono stati, quindi, coinvolti tutti medici di assistenza primaria operanti nell&#8217;ambito territoriale comprendente i Comuni di S.Giustina, Cesiomaggiore, S.Gregorio nelle Alpi, Sedico, Sospirolo. Solo alcuni medici operanti nell\u2019ambito, e in particolare nei comuni limitrofi, hanno dato la disponibilit\u00e0 ad accogliere nuovi assisti, in via del tutto eccezionale e solo temporaneamente, fino all\u2019assegnazione di un nuovo incarico. Pertanto, dal 1 giugno 2022, gli assistiti della dottoressa Dal Pont saranno riassegnati secondo le seguenti modalit\u00e0: \u2981 i residenti nel Comune di Cesiomaggiore saranno assegnati al dr Trevissoi che opera nel medesimo Comune; \u2981 i residenti nel Comune di S.Gregorio nelle Alpi saranno assegnati alla dottoressa Banzi che opera nel medesimo Comune; \u2981 i residenti degli altri Comuni saranno assegnati d\u2019ufficio ai dottori Buzzatti, Blandino, Lamanna, Luisetto\u00a0 e Valentini con ambulatorio nel Comune di Sedico o Sospirolo. Per facilitare gli utenti, l\u2019ulss ha messo a disposizione un ambulatorio situato nella sede distrettuale di Formegan dove i medici potranno essere presenti per gli assistiti di Santa Giustina alcuni giorni a settimana a partire dal 6 giugno, previo appuntamento e con le modalit\u00e0 indicate da ciascun medico, in via di definizione. Al momento, hanno dato disponibilit\u00e0 ad esercitare nell\u2019ambulatorio di Formegan i dottori Lamanna e Valentini per i loro assistiti. Informazioni:\u00a00437 516757, Santa Giustina al numero 0437 882211 e Sedico al numero 0437 838205.<\/p>\n<p>&nbsp;<\/p>\n<hr \/>\n<p>&nbsp;<\/p>\n<blockquote>\n<h3>ALL&#8217;OSPEDALE DI PIEVE DI CADORE UN CAMION DI ASFALTO <strong>\u00a0<\/strong><\/h3>\n<\/blockquote>\n<p><strong>PIEVE DI CADORE<\/strong>\u00a0 Luned\u00ec 30 maggio partiranno i lavori di asfaltatura e risistemazione del piazzale dell\u2019ospedale di Pieve di Cadore adiacente alla nuova base HEMS, per una migliore funzionalit\u00e0 degli spazi. I lavori dureranno circa due settimane. In questo periodo, pertanto, i parcheggi saranno riorganizzati. Si invitano gli utenti ad utilizzare l\u2019ingresso principale per raggiungere tutti i reparti. In particolare, i pazienti della dialisi sono invitati a raggiungere il reparto accedendo dall\u2019\u201dingresso dipendenti \u201c adiacente all\u2019ingresso principale e utilizzando l\u2019ascensore l\u00ec disponibile. Il personale presente sar\u00e0 a disposizione per facilitare gli utenti.<\/p>\n<p>&nbsp;<\/p>\n<p>&nbsp;<\/p>\n<hr \/>\n<p>&nbsp;<\/p>\n<blockquote>\n<h3>GRANDI DERIVAZIONI IDROELETTRICHE, ASSESSORE AMBIENTE E PROTEZIONE CIVILE: IL \u201cDDL CONCORRENZA\u201d CONFERMA LA REGIONALIZZAZIONE DELLE CONCESSIONI<\/h3>\n<\/blockquote>\n<p><strong><a class=\"dt-pswp-item\" href=\"https:\/\/www.radiopiu.net\/wordpress\/wp-content\/uploads\/2018\/09\/download-4.jpg\" data-dt-img-description=\"\" data-large_image_width=\"275\" data-large_image_height=\"183\"><img loading=\"lazy\" decoding=\"async\" class=\"size-thumbnail wp-image-60634 alignleft\" src=\"https:\/\/www.radiopiu.net\/wordpress\/wp-content\/uploads\/2018\/09\/download-4-150x150.jpg\" alt=\"\" width=\"150\" height=\"150\" \/><\/a>VENEZIA <\/strong>Il \u201cDDL Concorrenza\u201d, approvato in Commissione parlamentare, non andr\u00e0 a stravolgere l\u2019attuale assetto normativo in materia di riassegnazioni delle concessioni delle grandi derivazioni idroelettriche discendente dalle ultime modifiche introdotte dal Decreto legge 135\/2018 che ha consentito all\u2019Italia nel 2021 di archiviare la procedura di infrazione avviato dall\u2019Europa. \u201c<em>In sostanza &#8211; dichiara l\u2019Assessore all&#8217;Ambiente e alla Protezione Civile della Regione del Veneto &#8211; \u00e8 confermato l\u2019impianto vigente, alla scadenza delle concessioni i beni costituenti le cosiddette \u201copere bagnate\u201d (dighe, opere di presa, canali, gallerie e condotte forzate) passeranno senza compenso in propriet\u00e0 delle Regioni o delle Province Autonome, le stesse potranno poi procedere secondo procedure competitive a riassegnarne l\u2019utilizzo (non la propriet\u00e0) stipulando nuovi contratti di concessione<\/em>\u201d.<\/p>\n<p>&nbsp;<\/p>\n<hr \/>\n<p>&nbsp;<\/p>\n<blockquote>\n<h3>MARTEDI&#8217; 31 MAGGIO L&#8217;ASSEMBLEA GENERALE DEL CONSORZIO BIM PIAVE<\/h3>\n<\/blockquote>\n<p><strong>BELLUNO<\/strong> L\u2019Assemblea Generale del Consorzio BIM Piave di Belluno e\u0300 convocata in seduta pubblica marted\u00ec 31 maggio alle 15 presso la \u201cSala Convegni della A.N.A. Sezione di Belluno\u201d in Via Attilio Tissi n. 10 a Belluno. Quattro punti all&#8217;ordine del giorno: Lettura ed approvazione verbali seduta precedente; Approvazione Rendiconto di gestione anno 2021; Prima variazione al Bilancio di Previsione 2022-2024; Modifica Regolamento per l\u2019assegnazione di contributi in conto capitale ai Comuni consorziati.<\/p>\n<p>&nbsp;<\/p>\n<p>&nbsp;<\/p>\n<hr \/>\n<p>&nbsp;<\/p>\n<blockquote>\n<h3>COME GESTIRE LA DISABILIT\u00c0 IN AZIENDA SUPERANDO OSTACOLI E PREGIUDIZI<\/h3>\n<\/blockquote>\n<p><strong>BELLUNO <\/strong>Gestire la disabilit\u00e0 in azienda superando gli ostacoli e i pregiudizi della quotidianit\u00e0: \u00e8 questo l\u2019obiettivo del percorso formativo di disability management che si terr\u00e0 marted\u00ec 7 giugno in sala Caldart a Villa Doglioni Dalmas e promosso da Confindustria Belluno Dolomiti all\u2019interno delle iniziative del Progetto per il Sociale. Il percorso formativo \u2013 che si terr\u00e0 dalle 14 alle 18 \u2013 si rivolger\u00e0 in particolare a quei profili che si trovano a stretto contatto con persone fragili nelle varie realt\u00e0 aziendali. Per informazioni e iscrizioni rivolgersi ai seguenti riferimenti: mail a \u00a0<a href=\"mailto:vlira@con%EF%AC%81ndustria.bl.it\">vlira@con\ufb01ndustria.bl.it<\/a><\/p>\n<p>&nbsp;<\/p>\n<p>&nbsp;<\/p>\n<hr \/>\n<p>&nbsp;<\/p>\n<blockquote>\n<h3>INCONTRO IN PREFETTURA PER GLI STUDENTI<\/h3>\n<\/blockquote>\n<p><strong><a class=\"dt-pswp-item\" href=\"https:\/\/www.radiopiu.net\/wordpress\/wp-content\/uploads\/2021\/06\/68d028ad-2468-42a2-a92d-95fbdaa97527.jpg\" data-dt-img-description=\"\" data-large_image_width=\"1024\" data-large_image_height=\"768\"><img loading=\"lazy\" decoding=\"async\" class=\" wp-image-213618 alignleft\" src=\"https:\/\/www.radiopiu.net\/wordpress\/wp-content\/uploads\/2021\/06\/68d028ad-2468-42a2-a92d-95fbdaa97527-150x150.jpg\" alt=\"\" width=\"119\" height=\"119\" \/><\/a>BELLUNO <\/strong>Luned\u00ec 30 maggio, alle 10.30, la Sala Zanardelli della Prefettura ospiter\u00e0 &#8211; nell\u2019ambito delle iniziative promosse per il 2 giugno Festa della Repubblica &#8211; la rappresentazione \u201cIl treno dell\u2019ignoto\u201d &#8211; Il viaggio del Milite Ignoto &#8211; messa in scena dagli studenti della Scuola Media Sebastiano Ricci di Belluno, tratta dal libro dall\u2019omonimo titolo scritto dall\u2019insegnante bellunese Paola Zambelli, vincitore del premio Righini Ricci XIV edizione 2021 . Assister\u00e0 alla manifestazione una nutrita rappresentanza di\u00a0 studenti dell\u2019Istituto d\u2019Istruzione Superiore \u201cSegato-Brustolon\u201d, dell\u2019Istituto Leonardo Da Vinci e dell\u2019Istituto Tecnico Economico \u201cPier Fortunato Calvi\u201d di Belluno.<\/p>\n<p>&nbsp;<\/p>\n<p>&nbsp;<\/p>\n<hr \/>\n<p>&nbsp;<\/p>\n<blockquote>\n<h3>CROWDFUNDING PER LE NUOVE CARTOLINE TURISTICHE<\/h3>\n<\/blockquote>\n<p><strong>FONZASO <\/strong>Comunit\u00e0, Arte e Partecipazione. Queste le parole chiave del progetto <strong><em>\u201c<\/em><\/strong>VOCI &#8211; fotografia partecipativa\u201d, residenza artistica fotografica, che si terr\u00e0 dal 1 al 15 luglio 2022 presso Dolomiti Hub. Gli incontri saranno aperti e dedicati a ragazzi, bambini, adulti,.<\/p>\n<p>&nbsp;<\/p>\n<p>&nbsp;<\/p>\n<hr \/>\n<p>&nbsp;<\/p>\n<blockquote>\n<h3>VIABILITA&#8217; PER L&#8217;OSPEDALE DI FELTRE, LE NUOVE MODALITA&#8217; DAL 1 GIUGNO<\/h3>\n<\/blockquote>\n<p><strong>FELTRE<\/strong>\u00a0 Dal 1 giugno l&#8217;utente che necessita di entrare in auto all\u2019Ospedale di Feltre \u00e8 invitato a presentarsi alla vecchia portineria o alla sbarra lato nord (via Bentivoglio). Suonando il citofono, sar\u00e0 in contatto con la portineria che, se autorizzabile, far\u00e0 accedere l\u2019auto. A partire dal 1\u00b0 giugno, infatti, sar\u00e0 CHIUSO il passaggio alle automobili presso il nuovo accesso, utilizzato solo per lo stato di emergenza<\/p>\n<p>&nbsp;<\/p>\n<p>&nbsp;<\/p>\n<hr \/>\n<p>&nbsp;<\/p>\n<blockquote>\n<h3>IN VINO REGOLA, IL CONSORZIO DEL FELTRINO RIPARTE DA UN DOCUMENTO DEL 1526<\/h3>\n<\/blockquote>\n<p><strong>BELLUNO<\/strong> Dopo due anni resi difficili dalla pandemia, il mondo del vino bellunese riparte con una giornata di promozione per le cantine del Consorzio Coste del Feltrino. Domani Villa Guarnieri a Tomo di Feltre ospiter\u00e0 infatti \u201cIn vino regolas\u201d, primo grande evento della neonata viticoltura bellunese.<\/p>\n<p>&nbsp;<\/p>\n<p>&nbsp;<\/p>\n<hr \/>\n<p>&nbsp;<\/p>\n<blockquote>\n<h3>VIABILITA&#8217;, ORDINANZE DAL COMUNE DI BELLUNO<\/h3>\n<\/blockquote>\n<p><strong><a class=\"dt-pswp-item\" href=\"https:\/\/www.radiopiu.net\/wordpress\/wp-content\/uploads\/2022\/05\/th.jpg\" data-dt-img-description=\"\" data-large_image_width=\"322\" data-large_image_height=\"181\"><img loading=\"lazy\" decoding=\"async\" class=\" wp-image-277643 alignleft\" src=\"https:\/\/www.radiopiu.net\/wordpress\/wp-content\/uploads\/2022\/05\/th-150x150.jpg\" alt=\"\" width=\"101\" height=\"101\" \/><\/a>BELLUNO<\/strong>\u00a0 <span dir=\"ltr\" role=\"presentation\">Nelle piazze Associazione bellunese volontari del sangue e della Bandiera, <\/span><span dir=\"ltr\" role=\"presentation\">dal 30 maggio al 13 giugno <\/span><span dir=\"ltr\" role=\"presentation\">Per<\/span> <span dir=\"ltr\" role=\"presentation\">consentire<\/span> <span dir=\"ltr\" role=\"presentation\">l&#8217;<strong>allestimento<\/strong><\/span><strong> <span dir=\"ltr\" role=\"presentation\">delle<\/span> <span dir=\"ltr\" role=\"presentation\">strutture<\/span> <span dir=\"ltr\" role=\"presentation\">attrattive<\/span> <span dir=\"ltr\" role=\"presentation\">del<\/span> <span dir=\"ltr\" role=\"presentation\">Luna<\/span> <span dir=\"ltr\" role=\"presentation\">Park<\/span> <\/strong><span dir=\"ltr\" role=\"presentation\">divieto di sosta con rimozione forzata dei veicoli dal<\/span><span dir=\"ltr\" role=\"presentation\"> 29 maggio al 13 giugno e <\/span><span dir=\"ltr\" role=\"presentation\">modifica<\/span> <span dir=\"ltr\" role=\"presentation\">della<\/span> <span dir=\"ltr\" role=\"presentation\">regolamentazione<\/span> <span dir=\"ltr\" role=\"presentation\">della<\/span> <span dir=\"ltr\" role=\"presentation\">sosta<\/span> <span dir=\"ltr\" role=\"presentation\">dei<\/span> <span dir=\"ltr\" role=\"presentation\">veicoli<\/span><span dir=\"ltr\" role=\"presentation\">. <\/span><span dir=\"ltr\" role=\"presentation\">Il titolo di abbonamento per i parcheggi a pagamento del \u201cPalasport\u201d e<\/span><span dir=\"ltr\" role=\"presentation\">\u201cSan Biagio\u201d avr\u00e0 validit\u00e0 per la sosta dei veicoli anche per il parcheggio <\/span><span dir=\"ltr\" role=\"presentation\">&#8220;ex Moi&#8221; in via Feltre.<\/span><\/p>\n<p><span dir=\"ltr\" role=\"presentation\">***<br \/>\n<\/span><\/p>\n<p><strong>Per consentire la creazione di un\u2019area di cantiere<\/strong> con posizionamento di ponteggi e di una gru edile divieto di circolazione veicolare nelle vie Matteotti e Loreto,\u00a0 domani dalle 7 alle 13\u00a0 istituzione del senso unico alternato tra le vie Matteotti, Garibaldi e Loreto.<\/p>\n<p>&nbsp;<\/p>\n<p>&nbsp;<\/p>\n<hr \/>\n<p>&nbsp;<\/p>\n<blockquote>\n<h3><a class=\"dt-pswp-item\" href=\"https:\/\/www.radiopiu.net\/wordpress\/wp-content\/uploads\/2022\/05\/LUCIO-CARACCIOLO.jpg\" data-dt-img-description=\"\" data-large_image_width=\"174\" data-large_image_height=\"268\"><img loading=\"lazy\" decoding=\"async\" class=\"size-thumbnail wp-image-277219 alignleft\" src=\"https:\/\/www.radiopiu.net\/wordpress\/wp-content\/uploads\/2022\/05\/LUCIO-CARACCIOLO-150x150.jpg\" alt=\"\" width=\"150\" height=\"150\" \/><\/a>LUCIO CARACCIOLO A BELLUNO<\/h3>\n<\/blockquote>\n<p><strong>BELLUNO <\/strong>L\u2019Associazione Amici delle Scuole in Rete e le Scuole in Rete per un Mondo di Solidariet\u00e0 e Pace in sinergia con l\u2019APS Gianni Ballerio hanno riprogrammato per luned\u00ec 30 maggio 2022 alle\u00a0 ore 11.00 l\u2019incontro\/confronto con prof. Lucio Caracciolo, il massimo esperto di geopolitica in Italia, direttore della rivista italiana di geopolitica Limes, dal titolo \u201cL\u2019Europa nel confronto geopolitico tra democrazie e autoritarismi\u201d. L&#8217;incontro si potr\u00e0 seguire <strong>In streaming live o in differita su <\/strong><a href=\"https:\/\/www.studentibelluno.it\/le-scuole-in-rete\/905-caracciolo-22\">https:\/\/www.studentibelluno.it\/le-scuole-in-rete\/905-caracciolo-22<\/a><\/p>\n<p>&nbsp;<\/p>\n<p>&nbsp;<\/p>\n<hr \/>\n<p>&nbsp;<\/p>\n<blockquote>\n<h3>\u201cDELL\u2019ESSERE UNO\u201d. MOSTRA FOTOGRAFICA ORGANIZZATA DALLA COMMISSIONE PARI OPPORTUNITA\u2019 DI FELTRE<\/h3>\n<p><strong>FELTRE<\/strong> Il 2 giugno 2022, per il mese tradizionalmente dedicato all\u2019orgoglio LGBT, la Commissione Pari Opportunit\u00e0 di Feltre inaugurer\u00e0 la mostra fotografica \u201cDell\u2019essere uno\u201d. La mostra sar\u00e0 visitabile dal 2 giugno al 3 luglio 2022 presso la Galleria \u201cSora Porta\u201d, spin-off artistico del bar \u201cIl Cantonet\u201d, e sar\u00e0 ad accesso libero. L\u2019inaugurazione della mostra avr\u00e0 luogo alle 18.00 del 2 giugno<\/p><\/blockquote>\n<p>&nbsp;<\/p>\n<p>&nbsp;<\/p>\n<hr \/>\n<p>&nbsp;<\/p>\n<blockquote>\n<h3>RIAPRE IL CASTELLO DI ANDRAZ<\/h3>\n<\/blockquote>\n<p><strong>LIVINALLONGO<\/strong> Con l\u2019arrivo dell\u2019estate riapre anche il Castello di Andraz, che quest\u2019anno festeggia il 10\u00b0 compleanno. Nel mese di giugno, il museo sar\u00e0 aperto dal gioved\u00ec alla domenica, dalle 10:00 alle 12:30 e dalle 14:30 alle 18:00. Per il momento le visite guidate saranno garantite solo su prenotazione al 334 3346680<\/p>\n<p>&nbsp;<\/p>\n<p>&nbsp;<\/p>\n<hr \/>\n<p>&nbsp;<\/p>\n<h2><span style=\"color: #ff0000;\"><strong>IERI ALLA RADIO<\/strong><\/span><\/h2>\n<h2><a class=\"dt-pswp-item\" href=\"https:\/\/www.radiopiu.net\/wordpress\/wp-content\/uploads\/2020\/09\/RIFUGIO-SCARPA-CON-MARCO-BERGAMO.jpg\" data-dt-img-description=\"RIFUGIO SCARPA CON MARCO BERGAMO\" data-large_image_width=\"1024\" data-large_image_height=\"768\"><img loading=\"lazy\" decoding=\"async\" class=\"wp-image-161754 size-thumbnail alignleft\" src=\"https:\/\/www.radiopiu.net\/wordpress\/wp-content\/uploads\/2020\/09\/RIFUGIO-SCARPA-CON-MARCO-BERGAMO-150x150.jpg\" alt=\"\" width=\"150\" height=\"150\" srcset=\"https:\/\/www.radiopiu.net\/wordpress\/wp-content\/uploads\/2020\/09\/RIFUGIO-SCARPA-CON-MARCO-BERGAMO-150x150.jpg 150w, https:\/\/www.radiopiu.net\/wordpress\/wp-content\/uploads\/2020\/09\/RIFUGIO-SCARPA-CON-MARCO-BERGAMO-125x125.jpg 125w, https:\/\/www.radiopiu.net\/wordpress\/wp-content\/uploads\/2020\/09\/RIFUGIO-SCARPA-CON-MARCO-BERGAMO-200x200.jpg 200w, https:\/\/www.radiopiu.net\/wordpress\/wp-content\/uploads\/2020\/09\/RIFUGIO-SCARPA-CON-MARCO-BERGAMO-80x80.jpg 80w\" sizes=\"auto, (max-width: 150px) 100vw, 150px\" \/><\/a><span style=\"color: #008080;\">DAL RIFUGIO SCARPA CON MARCO BERGAMO<\/span><\/h2>\n<p><strong>di Claudio Fontanive<\/strong><\/p>\n<p>OSPITE: Marco Bergamo<\/p>\n<audio class=\"wp-audio-shortcode\" id=\"audio-277946-9\" preload=\"none\" style=\"width: 100%;\" controls=\"controls\"><source type=\"audio\/mpeg\" src=\"https:\/\/www.radiopiu.net\/wordpress\/wp-content\/uploads\/2022\/05\/marco-bergamo-27-maggio.mp3?_=9\" \/><a href=\"https:\/\/www.radiopiu.net\/wordpress\/wp-content\/uploads\/2022\/05\/marco-bergamo-27-maggio.mp3\">https:\/\/www.radiopiu.net\/wordpress\/wp-content\/uploads\/2022\/05\/marco-bergamo-27-maggio.mp3<\/a><\/audio>\n<p>&nbsp;<\/p>\n<hr \/>\n<p>&nbsp;<\/p>\n<p>&nbsp;<\/p>\n<p>&nbsp;<\/p>\n<h2><strong><a class=\"dt-pswp-item\" href=\"https:\/\/www.radiopiu.net\/wordpress\/wp-content\/uploads\/2020\/06\/cassa-solidarieta-luxottica.jpg\" data-dt-img-description=\"\" data-large_image_width=\"1167\" data-large_image_height=\"574\"><img loading=\"lazy\" decoding=\"async\" class=\"alignleft wp-image-145244 \" src=\"https:\/\/www.radiopiu.net\/wordpress\/wp-content\/uploads\/2020\/06\/cassa-solidarieta-luxottica-300x148.jpg\" alt=\"\" width=\"189\" height=\"93\" srcset=\"https:\/\/www.radiopiu.net\/wordpress\/wp-content\/uploads\/2020\/06\/cassa-solidarieta-luxottica-300x148.jpg 300w, https:\/\/www.radiopiu.net\/wordpress\/wp-content\/uploads\/2020\/06\/cassa-solidarieta-luxottica-1024x504.jpg 1024w, https:\/\/www.radiopiu.net\/wordpress\/wp-content\/uploads\/2020\/06\/cassa-solidarieta-luxottica-768x378.jpg 768w, https:\/\/www.radiopiu.net\/wordpress\/wp-content\/uploads\/2020\/06\/cassa-solidarieta-luxottica.jpg 1167w\" sizes=\"auto, (max-width: 189px) 100vw, 189px\" \/><\/a><\/strong><span style=\"color: #ff6600;\">SPECIALE CASSA SOLIDARIETA&#8217; LAVORATORI LUXOTTICA<\/span><strong><br \/>\n<\/strong><\/h2>\n<p><strong>di Claudio Fontanive<\/strong><\/p>\n<p>OSPITI: Paolo Chissal\u00e8 e Fabrizio Campedel<\/p>\n<audio class=\"wp-audio-shortcode\" id=\"audio-277946-10\" preload=\"none\" style=\"width: 100%;\" controls=\"controls\"><source type=\"audio\/mpeg\" src=\"https:\/\/www.radiopiu.net\/wordpress\/wp-content\/uploads\/2022\/05\/ca-sol-lux-maggio-2022..mp3?_=10\" \/><a href=\"https:\/\/www.radiopiu.net\/wordpress\/wp-content\/uploads\/2022\/05\/ca-sol-lux-maggio-2022..mp3\">https:\/\/www.radiopiu.net\/wordpress\/wp-content\/uploads\/2022\/05\/ca-sol-lux-maggio-2022..mp3<\/a><\/audio>\n<p>&nbsp;<\/p>\n<p>&nbsp;<\/p>\n<hr \/>\n<p>&nbsp;<\/p>\n<blockquote>\n<h2>SAVE THE DATE, 2 GIUGNO PALAFALCADE CON L&#8217;ORCHESTRA DA BALLO DI BAGUTTI<\/h2>\n<h2><a class=\"dt-pswp-item\" href=\"https:\/\/www.radiopiu.net\/wordpress\/wp-content\/uploads\/2022\/05\/281706031_7621074247933383_5294172386003535739_n.jpg\" data-dt-img-description=\"\" data-large_image_width=\"1080\" data-large_image_height=\"1080\"><img loading=\"lazy\" decoding=\"async\" class=\"size-thumbnail wp-image-276498 alignleft\" src=\"https:\/\/www.radiopiu.net\/wordpress\/wp-content\/uploads\/2022\/05\/281706031_7621074247933383_5294172386003535739_n-150x150.jpg\" alt=\"\" width=\"150\" height=\"150\" srcset=\"https:\/\/www.radiopiu.net\/wordpress\/wp-content\/uploads\/2022\/05\/281706031_7621074247933383_5294172386003535739_n-150x150.jpg 150w, https:\/\/www.radiopiu.net\/wordpress\/wp-content\/uploads\/2022\/05\/281706031_7621074247933383_5294172386003535739_n-300x300.jpg 300w, https:\/\/www.radiopiu.net\/wordpress\/wp-content\/uploads\/2022\/05\/281706031_7621074247933383_5294172386003535739_n-1024x1024.jpg 1024w, https:\/\/www.radiopiu.net\/wordpress\/wp-content\/uploads\/2022\/05\/281706031_7621074247933383_5294172386003535739_n-768x768.jpg 768w, https:\/\/www.radiopiu.net\/wordpress\/wp-content\/uploads\/2022\/05\/281706031_7621074247933383_5294172386003535739_n.jpg 1080w\" sizes=\"auto, (max-width: 150px) 100vw, 150px\" \/><\/a><strong>OSPITI ANTONELLA SCHENA, CRISTIAN MASSARENTI E GIANMARCO BAGUTTI\u00a0<\/strong><\/h2>\n<\/blockquote>\n<p><strong>AUDIO\u00a0<\/strong><\/p>\n<audio class=\"wp-audio-shortcode\" id=\"audio-277946-11\" preload=\"none\" style=\"width: 100%;\" controls=\"controls\"><source type=\"audio\/mpeg\" src=\"https:\/\/www.radiopiu.net\/wordpress\/wp-content\/uploads\/2022\/05\/ginamarco-bagutti-18-maggio.mp3?_=11\" \/><a href=\"https:\/\/www.radiopiu.net\/wordpress\/wp-content\/uploads\/2022\/05\/ginamarco-bagutti-18-maggio.mp3\">https:\/\/www.radiopiu.net\/wordpress\/wp-content\/uploads\/2022\/05\/ginamarco-bagutti-18-maggio.mp3<\/a><\/audio>\n<p><strong>LO SPOT ALLA RADIO\u00a0<\/strong><\/p>\n<audio class=\"wp-audio-shortcode\" id=\"audio-277946-12\" preload=\"none\" style=\"width: 100%;\" controls=\"controls\"><source type=\"audio\/mpeg\" src=\"https:\/\/www.radiopiu.net\/wordpress\/wp-content\/uploads\/2022\/05\/BAGUTTI-SPOT.mp3?_=12\" \/><a href=\"https:\/\/www.radiopiu.net\/wordpress\/wp-content\/uploads\/2022\/05\/BAGUTTI-SPOT.mp3\">https:\/\/www.radiopiu.net\/wordpress\/wp-content\/uploads\/2022\/05\/BAGUTTI-SPOT.mp3<\/a><\/audio>\n<p>&nbsp;<\/p>\n<p>&nbsp;<\/p>\n<p>&nbsp;<\/p>\n<hr \/>\n<p>&nbsp;<\/p>\n<h2><span style=\"color: #008080;\">SALUTE &amp; SOCIETA&#8217;\u00a0<\/span><\/h2>\n<p><strong>LA RACCOLTA<\/strong><\/p>\n<blockquote class=\"wp-embedded-content\" data-secret=\"ozajLSTiHV\"><p><a href=\"https:\/\/www.radiopiu.net\/wordpress\/saluteesocieta\/\">Salute e Societ\u00e0<\/a><\/p><\/blockquote>\n<p><iframe loading=\"lazy\" class=\"wp-embedded-content\" sandbox=\"allow-scripts\" security=\"restricted\" style=\"position: absolute; clip: rect(1px, 1px, 1px, 1px);\" title=\"&#8220;Salute e Societ\u00e0&#8221; &#8212; Radio Pi\u00f9\" src=\"https:\/\/www.radiopiu.net\/wordpress\/saluteesocieta\/embed\/#?secret=pCeqsZn3uG#?secret=ozajLSTiHV\" data-secret=\"ozajLSTiHV\" width=\"600\" height=\"338\" frameborder=\"0\" marginwidth=\"0\" marginheight=\"0\" scrolling=\"no\"><\/iframe><\/p>\n<p>&nbsp;<\/p>\n<hr \/>\n<p>&nbsp;<\/p>\n<h2><span style=\"color: #ff00ff;\">007 IN CONDOTTA CON LA PROF. MARIA ROSA SALMAZO<\/span><\/h2>\n<p><strong>LA RACCOLTA COMPLETA\u00a0<\/strong><\/p>\n<blockquote class=\"wp-embedded-content\" data-secret=\"pFDn1rcE4H\"><p><a href=\"https:\/\/www.radiopiu.net\/wordpress\/007incondotta-9\/\">007 in condotta<\/a><\/p><\/blockquote>\n<p><iframe loading=\"lazy\" class=\"wp-embedded-content\" sandbox=\"allow-scripts\" security=\"restricted\" style=\"position: absolute; clip: rect(1px, 1px, 1px, 1px);\" title=\"&#8220;007 in condotta&#8221; &#8212; Radio Pi\u00f9\" src=\"https:\/\/www.radiopiu.net\/wordpress\/007incondotta-9\/embed\/#?secret=kXpzyUUJXc#?secret=pFDn1rcE4H\" data-secret=\"pFDn1rcE4H\" width=\"600\" height=\"338\" frameborder=\"0\" marginwidth=\"0\" marginheight=\"0\" scrolling=\"no\"><\/iframe><\/p>\n<p>&nbsp;<\/p>\n<hr \/>\n<h3 class=\"kvgmc6g5 cxmmr5t8 oygrvhab hcukyx3x c1et5uql\"><span style=\"color: #0000ff;\"><strong>\u00a0<\/strong><\/span><\/h3>\n<h3 class=\"kvgmc6g5 cxmmr5t8 oygrvhab hcukyx3x c1et5uql\"><span style=\"color: #0000ff;\"><strong>INFORMAZIONE il canale su TELEGRAM informazione di prima mano e in tempo reale. iscriviti ed aiutaci a farlo conoscere\u00a0 \u00a0<\/strong><\/span><\/h3>\n<p>&nbsp;<\/p>\n<hr \/>\n<p>&nbsp;<\/p>\n<h2><span style=\"color: #800080;\">STORIE A QUATTROCCHI\u00a0 \u00a0<\/span><\/h2>\n<p><strong>LA PUNTATA DEL 25 MAGGIO 2022<\/strong><\/p>\n<audio class=\"wp-audio-shortcode\" id=\"audio-277946-13\" preload=\"none\" style=\"width: 100%;\" controls=\"controls\"><source type=\"audio\/mpeg\" src=\"https:\/\/www.radiopiu.net\/wordpress\/wp-content\/uploads\/2022\/05\/QOCCHI6-1.mp3?_=13\" \/><a href=\"https:\/\/www.radiopiu.net\/wordpress\/wp-content\/uploads\/2022\/05\/QOCCHI6-1.mp3\">https:\/\/www.radiopiu.net\/wordpress\/wp-content\/uploads\/2022\/05\/QOCCHI6-1.mp3<\/a><\/audio>\n<p><strong>\u00a0<\/strong><\/p>\n<p>&nbsp;<\/p>\n<p><strong>LA RACCOLTA COMPLETA\u00a0<\/strong><\/p>\n<blockquote class=\"wp-embedded-content\" data-secret=\"tjatD93z4E\"><p><a href=\"https:\/\/www.radiopiu.net\/wordpress\/storie-a-quattrocchi\/\">Storie a quattrocchi<\/a><\/p><\/blockquote>\n<p><iframe loading=\"lazy\" class=\"wp-embedded-content\" sandbox=\"allow-scripts\" security=\"restricted\" style=\"position: absolute; clip: rect(1px, 1px, 1px, 1px);\" title=\"&#8220;Storie a quattrocchi&#8221; &#8212; Radio Pi\u00f9\" src=\"https:\/\/www.radiopiu.net\/wordpress\/storie-a-quattrocchi\/embed\/#?secret=v8Dfe8Q8KA#?secret=tjatD93z4E\" data-secret=\"tjatD93z4E\" width=\"600\" height=\"338\" frameborder=\"0\" marginwidth=\"0\" marginheight=\"0\" scrolling=\"no\"><\/iframe><\/p>\n<p>&nbsp;<\/p>\n<hr \/>\n<p>&nbsp;<\/p>\n<h2><\/h2>\n<h2><span style=\"color: #008080;\">&#8220;DINTORN E FORA VIA&#8221; A CURA DEL MUSLA, IL NUOVO PROGRAMMA\u00a0\u00a0<\/span><\/h2>\n<p><strong><a class=\"dt-pswp-item\" href=\"https:\/\/www.radiopiu.net\/wordpress\/wp-content\/uploads\/2022\/05\/MUSLA.jpeg\" data-dt-img-description=\"\" data-large_image_width=\"365\" data-large_image_height=\"250\"><img loading=\"lazy\" decoding=\"async\" class=\"alignleft wp-image-277333 \" src=\"https:\/\/www.radiopiu.net\/wordpress\/wp-content\/uploads\/2022\/05\/MUSLA-300x205.jpeg\" alt=\"\" width=\"168\" height=\"115\" srcset=\"https:\/\/www.radiopiu.net\/wordpress\/wp-content\/uploads\/2022\/05\/MUSLA-300x205.jpeg 300w, https:\/\/www.radiopiu.net\/wordpress\/wp-content\/uploads\/2022\/05\/MUSLA.jpeg 365w\" sizes=\"auto, (max-width: 168px) 100vw, 168px\" \/><\/a>PUNTATA DEL 24 MAGGIO 2022 &#8211; CON DAVIDE CONEDERA<\/strong><\/p>\n<audio class=\"wp-audio-shortcode\" id=\"audio-277946-14\" preload=\"none\" style=\"width: 100%;\" controls=\"controls\"><source type=\"audio\/mpeg\" src=\"https:\/\/www.radiopiu.net\/wordpress\/wp-content\/uploads\/2022\/05\/MUSLA-5.mp3?_=14\" \/><a href=\"https:\/\/www.radiopiu.net\/wordpress\/wp-content\/uploads\/2022\/05\/MUSLA-5.mp3\">https:\/\/www.radiopiu.net\/wordpress\/wp-content\/uploads\/2022\/05\/MUSLA-5.mp3<\/a><\/audio>\n<p>&nbsp;<\/p>\n<p><strong>LA RACCOLTA COMPLETA<\/strong><\/p>\n<blockquote class=\"wp-embedded-content\" data-secret=\"M6CLcehQaq\"><p><a href=\"https:\/\/www.radiopiu.net\/wordpress\/musla\/\">MUSLA<\/a><\/p><\/blockquote>\n<p><iframe loading=\"lazy\" class=\"wp-embedded-content\" sandbox=\"allow-scripts\" security=\"restricted\" style=\"position: absolute; clip: rect(1px, 1px, 1px, 1px);\" title=\"&#8220;MUSLA&#8221; &#8212; Radio Pi\u00f9\" src=\"https:\/\/www.radiopiu.net\/wordpress\/musla\/embed\/#?secret=gQ1lasTYaq#?secret=M6CLcehQaq\" data-secret=\"M6CLcehQaq\" width=\"600\" height=\"338\" frameborder=\"0\" marginwidth=\"0\" marginheight=\"0\" scrolling=\"no\"><\/iframe><\/p>\n<p>&nbsp;<\/p>\n<p>&nbsp;<\/p>\n<p>&nbsp;<\/p>\n<hr \/>\n<p>&nbsp;<\/p>\n<h2><span style=\"color: #800080;\">GIROVAGANDO IN E-BIKE 2022<\/span><\/h2>\n<p><strong><img loading=\"lazy\" decoding=\"async\" class=\"alignleft\" src=\"https:\/\/www.radiopiu.net\/wordpress\/wp-content\/uploads\/2022\/05\/975b4139-d6c9-471c-8745-9dec2eda7544.jpg\" width=\"137\" height=\"183\" \/> <\/strong><\/p>\n<p><strong>PUNTATA 04 \u2013 2022 \u2013 SECONDA STAGIONE<\/strong><\/p>\n<p><strong>REDAZIONE<\/strong> Tornano gli amici di Girovagando in E-Bike delle Dolomiti. Con la collaborazione di Thomas Soppelsa<\/p>\n<p><strong>PUNTATA DEL 26\u00a0 MAGGIO 2022<\/strong><\/p>\n<p>&nbsp;<\/p>\n<p>&nbsp;<\/p>\n<p>&nbsp;<\/p>\n<p><strong>AUDIO con Thomas Soppera<\/strong><\/p>\n<audio class=\"wp-audio-shortcode\" id=\"audio-277946-15\" preload=\"none\" style=\"width: 100%;\" controls=\"controls\"><source type=\"audio\/mpeg\" src=\"https:\/\/www.radiopiu.net\/wordpress\/wp-content\/uploads\/2022\/05\/thomas.mp3?_=15\" \/><a href=\"https:\/\/www.radiopiu.net\/wordpress\/wp-content\/uploads\/2022\/05\/thomas.mp3\">https:\/\/www.radiopiu.net\/wordpress\/wp-content\/uploads\/2022\/05\/thomas.mp3<\/a><\/audio>\n<p>&nbsp;<\/p>\n<p><strong>LA RACCOLTA<\/strong><\/p>\n<blockquote class=\"wp-embedded-content\" data-secret=\"A4r5KFvmiR\"><p><a href=\"https:\/\/www.radiopiu.net\/wordpress\/girovagando-in-e-bike-tra-le-dolomiti\/\">GIROVAGANDO IN E BIKE TRA LE DOLOMITI<\/a><\/p><\/blockquote>\n<p><iframe loading=\"lazy\" class=\"wp-embedded-content\" sandbox=\"allow-scripts\" security=\"restricted\" style=\"position: absolute; clip: rect(1px, 1px, 1px, 1px);\" title=\"&#8220;GIROVAGANDO IN E BIKE TRA LE DOLOMITI&#8221; &#8212; Radio Pi\u00f9\" src=\"https:\/\/www.radiopiu.net\/wordpress\/girovagando-in-e-bike-tra-le-dolomiti\/embed\/#?secret=Km5ONa96qH#?secret=A4r5KFvmiR\" data-secret=\"A4r5KFvmiR\" width=\"600\" height=\"338\" frameborder=\"0\" marginwidth=\"0\" marginheight=\"0\" scrolling=\"no\"><\/iframe><\/p>\n<p>&nbsp;<\/p>\n<hr \/>\n<p>&nbsp;<\/p>\n<div>\n<div class=\"b654a4as d2edcug0\">\n<div class=\"rq0escxv hkbzh7o3 jwdofwj8 n8tt0mok r8blr3vg hyh9befq\">\n<p><a class=\"dt-pswp-item\" href=\"https:\/\/www.radiopiu.net\/wordpress\/wp-content\/uploads\/2020\/10\/pp.jpg\" data-dt-img-description=\"\" data-large_image_width=\"640\" data-large_image_height=\"640\"><img loading=\"lazy\" decoding=\"async\" class=\"wp-image-163678 alignleft\" src=\"https:\/\/www.radiopiu.net\/wordpress\/wp-content\/uploads\/2020\/10\/pp-300x300.jpg\" alt=\"\" width=\"106\" height=\"106\" srcset=\"https:\/\/www.radiopiu.net\/wordpress\/wp-content\/uploads\/2020\/10\/pp-300x300.jpg 300w, https:\/\/www.radiopiu.net\/wordpress\/wp-content\/uploads\/2020\/10\/pp-150x150.jpg 150w, https:\/\/www.radiopiu.net\/wordpress\/wp-content\/uploads\/2020\/10\/pp-125x125.jpg 125w, https:\/\/www.radiopiu.net\/wordpress\/wp-content\/uploads\/2020\/10\/pp-200x200.jpg 200w, https:\/\/www.radiopiu.net\/wordpress\/wp-content\/uploads\/2020\/10\/pp-80x80.jpg 80w, https:\/\/www.radiopiu.net\/wordpress\/wp-content\/uploads\/2020\/10\/pp-480x480.jpg 480w, https:\/\/www.radiopiu.net\/wordpress\/wp-content\/uploads\/2020\/10\/pp.jpg 640w\" sizes=\"auto, (max-width: 106px) 100vw, 106px\" \/><\/a><\/p>\n<\/div>\n<\/div>\n<\/div>\n<div>\n<div class=\"page-title-head hgroup\">\n<div class=\"page-title-head hgroup\">\n<div class=\"b654a4as d2edcug0\">\n<div class=\"j83agx80 btwxx1t3 lhclo0ds hop8lmos nkwizq5d scwd0bx6 roh60bw9\">\n<div class=\"rq0escxv hkbzh7o3 jwdofwj8 n8tt0mok r8blr3vg hyh9befq\">\n<div class=\"do00u71z l9j0dhe7 k4urcfbm\">\n<h2><span style=\"color: #000080;\">DON CESARE, IL PENSIERO DEL GIORNO. ALLA RADIO ALLE 7 DEL MATTINO E ALLE 19.30 DELLA SERA.\u00a0<\/span><\/h2>\n<p>&nbsp;<\/p>\n<\/div>\n<\/div>\n<\/div>\n<\/div>\n<\/div>\n<\/div>\n<\/div>\n<audio class=\"wp-audio-shortcode\" id=\"audio-277946-16\" preload=\"none\" style=\"width: 100%;\" controls=\"controls\"><source type=\"audio\/mpeg\" src=\"https:\/\/www.radiopiu.net\/wordpress\/wp-content\/uploads\/2022\/05\/CESARE-12.mp3?_=16\" \/><a href=\"https:\/\/www.radiopiu.net\/wordpress\/wp-content\/uploads\/2022\/05\/CESARE-12.mp3\">https:\/\/www.radiopiu.net\/wordpress\/wp-content\/uploads\/2022\/05\/CESARE-12.mp3<\/a><\/audio>\n<p>&nbsp;<\/p>\n<hr \/>\n<p>&nbsp;<\/p>\n<div class=\"do00u71z l9j0dhe7 k4urcfbm\">\n<div class=\"page-title-head hgroup\">\n<div class=\"page-title-head hgroup\">\n<div class=\"b654a4as d2edcug0\">\n<div class=\"j83agx80 btwxx1t3 lhclo0ds hop8lmos nkwizq5d scwd0bx6 roh60bw9\">\n<div class=\"rq0escxv hkbzh7o3 jwdofwj8 n8tt0mok r8blr3vg hyh9befq\">\n<div class=\"do00u71z l9j0dhe7 k4urcfbm\">\n<div class=\"page-title-head hgroup\">\n<div class=\"page-title-head hgroup\">\n<div class=\"b654a4as d2edcug0\">\n<div class=\"j83agx80 btwxx1t3 lhclo0ds hop8lmos nkwizq5d scwd0bx6 roh60bw9\">\n<div class=\"rq0escxv hkbzh7o3 jwdofwj8 n8tt0mok r8blr3vg hyh9befq\">\n<div class=\"do00u71z l9j0dhe7 k4urcfbm\">\n<div class=\"ecm0bbzt e5nlhep0 a8c37x1j\">\n<div class=\"kvgmc6g5 cxmmr5t8 oygrvhab hcukyx3x c1et5uql\">\n<div class=\"gmail-kvgmc6g5 gmail-cxmmr5t8 gmail-oygrvhab gmail-hcukyx3x gmail-c1et5uql gmail-ii04i59q\">\n<div class=\"page-title-head hgroup\">\n<div class=\"page-title-head hgroup\">\n<div class=\"b654a4as d2edcug0\">\n<div class=\"j83agx80 btwxx1t3 lhclo0ds hop8lmos nkwizq5d scwd0bx6 roh60bw9\">\n<div class=\"rq0escxv hkbzh7o3 jwdofwj8 n8tt0mok r8blr3vg hyh9befq\">\n<div class=\"do00u71z l9j0dhe7 k4urcfbm\">\n<div class=\"page-title-head hgroup\">\n<div class=\"page-title-head hgroup\">\n<div class=\"b654a4as d2edcug0\">\n<div class=\"j83agx80 btwxx1t3 lhclo0ds hop8lmos nkwizq5d scwd0bx6 roh60bw9\">\n<div class=\"rq0escxv hkbzh7o3 jwdofwj8 n8tt0mok r8blr3vg hyh9befq\">\n<div class=\"do00u71z l9j0dhe7 k4urcfbm\">\n<div class=\"page-title-head hgroup\">\n<div class=\"page-title-head hgroup\">\n<div class=\"b654a4as d2edcug0\">\n<div class=\"j83agx80 btwxx1t3 lhclo0ds hop8lmos nkwizq5d scwd0bx6 roh60bw9\">\n<div class=\"rq0escxv hkbzh7o3 jwdofwj8 n8tt0mok r8blr3vg hyh9befq\">\n<div class=\"do00u71z l9j0dhe7 k4urcfbm\">\n<div class=\"ecm0bbzt e5nlhep0 a8c37x1j\">\n<div class=\"kvgmc6g5 cxmmr5t8 oygrvhab hcukyx3x c1et5uql\">\n<div class=\"gmail-kvgmc6g5 gmail-cxmmr5t8 gmail-oygrvhab gmail-hcukyx3x gmail-c1et5uql gmail-ii04i59q\">\n<div class=\"page-title-head hgroup\">\n<div class=\"page-title-head hgroup\">\n<div class=\"b654a4as d2edcug0\">\n<div class=\"j83agx80 btwxx1t3 lhclo0ds hop8lmos nkwizq5d scwd0bx6 roh60bw9\">\n<div class=\"rq0escxv hkbzh7o3 jwdofwj8 n8tt0mok r8blr3vg hyh9befq\">\n<div class=\"do00u71z l9j0dhe7 k4urcfbm\">\n<blockquote>\n<h3><span style=\"color: #ff0000;\">IN VIVO VERSO,\u00a0 RIASCOLTIAMOLE DAL LUNEDI AL VENERDI ALLE 7.10, 10.10, 18 50<\/span><\/h3>\n<\/blockquote>\n<blockquote>\n<h3>RIASCOLTIAMOLE, STAGIONE 2019_2020 di LAURA D&#8217;ULIVO \u201cSORSI DI VITA\u201d<\/h3>\n<\/blockquote>\n<p><strong>AUDIO<\/strong><\/p>\n<audio class=\"wp-audio-shortcode\" id=\"audio-277946-17\" preload=\"none\" style=\"width: 100%;\" controls=\"controls\"><source type=\"audio\/mpeg\" src=\"https:\/\/www.radiopiu.net\/wordpress\/wp-content\/uploads\/2022\/05\/POESIA-5-LAURA-DULIVO-SORSI-DI-VITAI.mp3?_=17\" \/><a href=\"https:\/\/www.radiopiu.net\/wordpress\/wp-content\/uploads\/2022\/05\/POESIA-5-LAURA-DULIVO-SORSI-DI-VITAI.mp3\">https:\/\/www.radiopiu.net\/wordpress\/wp-content\/uploads\/2022\/05\/POESIA-5-LAURA-DULIVO-SORSI-DI-VITAI.mp3<\/a><\/audio>\n<p>&nbsp;<\/p>\n<p><img loading=\"lazy\" decoding=\"async\" class=\"\" src=\"https:\/\/www.radiopiu.net\/wordpress\/wp-content\/uploads\/2022\/05\/laura-d-ulivo-foto-300x300-1.jpg\" width=\"128\" height=\"128\" \/><\/p>\n<p>&nbsp;<\/p>\n<p>LA RACCOLTA COMPLETA<\/p>\n<blockquote class=\"wp-embedded-content\" data-secret=\"GDQSES0zm8\"><p><a href=\"https:\/\/www.radiopiu.net\/wordpress\/in-vivo-verso\/\">In Vivo Verso<\/a><\/p><\/blockquote>\n<p><iframe loading=\"lazy\" class=\"wp-embedded-content\" sandbox=\"allow-scripts\" security=\"restricted\" style=\"position: absolute; clip: rect(1px, 1px, 1px, 1px);\" title=\"&#8220;In Vivo Verso&#8221; &#8212; Radio Pi\u00f9\" src=\"https:\/\/www.radiopiu.net\/wordpress\/in-vivo-verso\/embed\/#?secret=paRe8mGWng#?secret=GDQSES0zm8\" data-secret=\"GDQSES0zm8\" width=\"600\" height=\"338\" frameborder=\"0\" marginwidth=\"0\" marginheight=\"0\" scrolling=\"no\"><\/iframe><\/p>\n<p>&nbsp;<\/p>\n<hr \/>\n<p>&nbsp;<\/p>\n<h3 class=\"entry-title\"><span style=\"color: #ff0000;\"><a href=\"https:\/\/www.radiopiu.net\/wordpress\/wp-content\/uploads\/2022\/04\/bustos-756620__340.webp\"><img loading=\"lazy\" decoding=\"async\" class=\" wp-image-271808 alignleft\" src=\"https:\/\/www.radiopiu.net\/wordpress\/wp-content\/uploads\/2022\/04\/bustos-756620__340-150x150.webp\" alt=\"\" width=\"94\" height=\"94\" \/><\/a>GOCCE DI FILOSOFIA\u00a0 &#8211; PUNTATA 210 DEL 27 MAGGIO 2022 LISA DE LUCA<\/span><\/h3>\n<p>AUDIO<\/p>\n<audio class=\"wp-audio-shortcode\" id=\"audio-277946-18\" preload=\"none\" style=\"width: 100%;\" controls=\"controls\"><source type=\"audio\/mpeg\" src=\"https:\/\/www.radiopiu.net\/wordpress\/wp-content\/uploads\/2022\/05\/FI5-3.mp3?_=18\" \/><a href=\"https:\/\/www.radiopiu.net\/wordpress\/wp-content\/uploads\/2022\/05\/FI5-3.mp3\">https:\/\/www.radiopiu.net\/wordpress\/wp-content\/uploads\/2022\/05\/FI5-3.mp3<\/a><\/audio>\n<p>&nbsp;<\/p>\n<p><strong>\u00a0<\/strong><strong>LA RACCOLTA COMPLETA<\/strong><\/p>\n<blockquote class=\"wp-embedded-content\" data-secret=\"eH5v2PSTdn\"><p><a href=\"https:\/\/www.radiopiu.net\/wordpress\/gocce-filosofia\/\">Gocce di filosofia, PRIMA E SECONDA STAGIONE 2022<\/a><\/p><\/blockquote>\n<p><iframe loading=\"lazy\" class=\"wp-embedded-content\" sandbox=\"allow-scripts\" security=\"restricted\" style=\"position: absolute; clip: rect(1px, 1px, 1px, 1px);\" title=\"&#8220;Gocce di filosofia, PRIMA E SECONDA STAGIONE 2022&#8221; &#8212; Radio Pi\u00f9\" src=\"https:\/\/www.radiopiu.net\/wordpress\/gocce-filosofia\/embed\/#?secret=MRlg17Pzrf#?secret=eH5v2PSTdn\" data-secret=\"eH5v2PSTdn\" width=\"600\" height=\"338\" frameborder=\"0\" marginwidth=\"0\" marginheight=\"0\" scrolling=\"no\"><\/iframe><\/p>\n<p>&nbsp;<\/p>\n<hr \/>\n<p>&nbsp;<\/p>\n<p><span style=\"color: #0000ff;\">MUSICA PIU&#8217;\u00a0<\/span><\/p>\n<p><a href=\"https:\/\/www.radiopiu.net\/wordpress\/giornale-radiopiu-20-settembre-2021-direttore-mirko-mezzacasa\/pp-79\/\" rel=\"attachment wp-att-232921\"><img loading=\"lazy\" decoding=\"async\" class=\"wp-image-232921 alignleft\" src=\"https:\/\/www.radiopiu.net\/wordpress\/wp-content\/uploads\/2021\/09\/pp-1-300x300.jpg\" alt=\"\" width=\"135\" height=\"135\" srcset=\"https:\/\/www.radiopiu.net\/wordpress\/wp-content\/uploads\/2021\/09\/pp-1-300x300.jpg 300w, https:\/\/www.radiopiu.net\/wordpress\/wp-content\/uploads\/2021\/09\/pp-1-150x150.jpg 150w, https:\/\/www.radiopiu.net\/wordpress\/wp-content\/uploads\/2021\/09\/pp-1.jpg 640w\" sizes=\"auto, (max-width: 135px) 100vw, 135px\" \/><\/a><\/p>\n<div class=\"mkdf-post-text\">\n<div class=\"mkdf-post-text-inner\">\n<div class=\"mkdf-post-text-main\">\n<div class=\"mkdf-post-text\">\n<div class=\"mkdf-post-text-inner\">\n<div class=\"mkdf-post-text-main\">\n<div class=\"mkdf-post-text\">\n<div class=\"mkdf-post-text-inner\">\n<div class=\"mkdf-post-text-main\">\n<div class=\"page-title-head hgroup\">\n<div class=\"page-title-head hgroup\">\n<div class=\"mkdf-post-text\">\n<div class=\"mkdf-post-text-inner\">\n<div class=\"mkdf-post-text-main\">\n<div class=\"mkdf-post-text\">\n<div class=\"mkdf-post-text-inner\">\n<div class=\"mkdf-post-text-main\">\n<div class=\"page-title-head hgroup\">\n<div class=\"page-title-head hgroup\">\n<div class=\"page-title-head hgroup\">\n<div class=\"page-title-head hgroup\">\n<div class=\"b654a4as d2edcug0\">\n<div class=\"page-title-head hgroup\">\n<div class=\"page-title-head hgroup\">\n<div class=\"page-title-head hgroup\">\n<div class=\"page-title-head hgroup\">\n<div class=\"b654a4as d2edcug0\">\n<div class=\"page-title-head hgroup\">\n<div class=\"page-title-head hgroup\">\n<div class=\"page-title-head hgroup\">\n<div class=\"page-title-head hgroup\">\n<div class=\"b654a4as d2edcug0\">\n<div class=\"mkdf-post-text\">\n<div class=\"mkdf-post-text-inner\">\n<div class=\"mkdf-post-text-main\">\n<div class=\"mkdf-post-text\">\n<div class=\"mkdf-post-text-inner\">\n<div class=\"mkdf-post-text-main\">\n<div class=\"mkdf-post-text\">\n<div class=\"mkdf-post-text-inner\">\n<div class=\"mkdf-post-text-main\">\n<div class=\"page-title-head hgroup\">\n<div class=\"page-title-head hgroup\">\n<div class=\"mkdf-post-text\">\n<div class=\"mkdf-post-text-inner\">\n<div class=\"mkdf-post-text-main\">\n<div class=\"mkdf-post-text\">\n<div class=\"mkdf-post-text-inner\">\n<div class=\"mkdf-post-text-main\">\n<div class=\"page-title-head hgroup\">\n<div class=\"page-title-head hgroup\">\n<div class=\"page-title-head hgroup\">\n<div class=\"page-title-head hgroup\">\n<div class=\"b654a4as d2edcug0\">\n<div class=\"page-title-head hgroup\">\n<div class=\"page-title-head hgroup\">\n<div class=\"page-title-head hgroup\">\n<div class=\"page-title-head hgroup\">\n<div class=\"b654a4as d2edcug0\">\n<div class=\"page-title-head hgroup\">\n<div class=\"page-title-head hgroup\">\n<div class=\"page-title-head hgroup\">\n<div class=\"page-title-head hgroup\">\n<div class=\"b654a4as d2edcug0\">\n<div><\/div>\n<div><\/div>\n<div>\n<p><strong>MUSICA ALLA RADIO, IL PROGRAMMA DI LORIS SCUSSEL &#8220;COLLAGE OPERAZIONE NOSTALGIA&#8221; DAL LUNEDI AL VENERDI ALLE 16.00\u00a0 E ALLE 23\u00a0<\/strong><\/p>\n<p>&nbsp;<\/p>\n<\/div>\n<p><strong>PUNTATA 615 DEL 27 MAGGIO 2022<\/strong><\/p>\n<audio class=\"wp-audio-shortcode\" id=\"audio-277946-19\" preload=\"none\" style=\"width: 100%;\" controls=\"controls\"><source type=\"audio\/mpeg\" src=\"https:\/\/www.radiopiu.net\/wordpress\/wp-content\/uploads\/2022\/05\/Collage-615.mp3?_=19\" \/><a href=\"https:\/\/www.radiopiu.net\/wordpress\/wp-content\/uploads\/2022\/05\/Collage-615.mp3\">https:\/\/www.radiopiu.net\/wordpress\/wp-content\/uploads\/2022\/05\/Collage-615.mp3<\/a><\/audio>\n<\/div>\n<p>&nbsp;<\/p>\n<p>&nbsp;<\/p>\n<div class=\"b654a4as d2edcug0\">\n<hr \/>\n<\/div>\n<\/div>\n<\/div>\n<\/div>\n<\/div>\n<\/div>\n<\/div>\n<\/div>\n<\/div>\n<\/div>\n<\/div>\n<\/div>\n<\/div>\n<\/div>\n<\/div>\n<\/div>\n<\/div>\n<\/div>\n<\/div>\n<\/div>\n<\/div>\n<\/div>\n<\/div>\n<\/div>\n<\/div>\n<\/div>\n<\/div>\n<\/div>\n<\/div>\n<\/div>\n<\/div>\n<\/div>\n<\/div>\n<\/div>\n<\/div>\n<\/div>\n<\/div>\n<\/div>\n<\/div>\n<\/div>\n<\/div>\n<\/div>\n<\/div>\n<\/div>\n<\/div>\n<\/div>\n<\/div>\n<\/div>\n<\/div>\n<\/div>\n<\/div>\n<\/div>\n<\/div>\n<\/div>\n<\/div>\n<\/div>\n<\/div>\n<\/div>\n<\/div>\n<\/div>\n<\/div>\n<\/div>\n<\/div>\n<\/div>\n<p>&nbsp;<\/p>\n<blockquote>\n<h3><span style=\"color: #0000ff;\">RADIO PIU INFORMAZIONE il canale su TELEGRAM informazione di prima mano e in tempo reale. iscriviti ed aiutaci a farlo conoscere\u00a0\u00a0<\/span><\/h3>\n<\/blockquote>\n<div>\n<div class=\"page-title-head hgroup\">\n<div class=\"page-title-head hgroup\">\n<div class=\"page-title-head hgroup\">\n<div class=\"page-title-head hgroup\">\n<div class=\"b654a4as d2edcug0\">\n<div class=\"page-title-head hgroup\">\n<div class=\"page-title-head hgroup\">\n<div class=\"page-title-head hgroup\">\n<div class=\"page-title-head hgroup\">\n<div class=\"b654a4as d2edcug0\">\n<div class=\"page-title-head hgroup\">\n<div class=\"page-title-head hgroup\">\n<div class=\"page-title-head hgroup\">\n<div class=\"page-title-head hgroup\">\n<div class=\"page-title-head hgroup\">\n<div class=\"page-title-head hgroup\">\n<div class=\"page-title-head hgroup\">\n<div class=\"page-title-head hgroup\">\n<div class=\"page-title-head hgroup\">\n<div class=\"b654a4as d2edcug0\">\n<div class=\"page-title-head hgroup\">\n<div class=\"page-title-head hgroup\">\n<div class=\"page-title-head hgroup\">\n<div class=\"page-title-head hgroup\">\n<div class=\"b654a4as d2edcug0\">\n<div><\/div>\n<div>\n<div class=\"page-title-head hgroup\">\n<div class=\"page-title-head hgroup\">\n<div class=\"page-title-head hgroup\">\n<div class=\"page-title-head hgroup\">\n<div class=\"page-title-head hgroup\">\n<div class=\"mkdf-post-text\">\n<div class=\"mkdf-post-text-inner\">\n<div class=\"mkdf-post-text-main\">\n<div class=\"mkdf-post-text\">\n<div class=\"mkdf-post-text-inner\">\n<div class=\"mkdf-post-text-main\">\n<div class=\"mkdf-post-text\">\n<div class=\"mkdf-post-text-inner\">\n<div class=\"mkdf-post-text-main\">\n<div class=\"page-title-head hgroup\">\n<div class=\"page-title-head hgroup\">\n<div class=\"mkdf-post-text\">\n<div class=\"mkdf-post-text-inner\">\n<div class=\"mkdf-post-text-main\">\n<div class=\"mkdf-post-text\">\n<div class=\"mkdf-post-text-inner\">\n<div class=\"mkdf-post-text-main\">\n<div class=\"page-title-head hgroup\">\n<div class=\"page-title-head hgroup\">\n<div class=\"page-title-head hgroup\">\n<div class=\"page-title-head hgroup\">\n<div class=\"b654a4as d2edcug0\">\n<div class=\"page-title-head hgroup\">\n<div class=\"page-title-head hgroup\">\n<div class=\"page-title-head hgroup\">\n<div class=\"page-title-head hgroup\">\n<div class=\"b654a4as d2edcug0\">\n<div class=\"page-title-head hgroup\">\n<div class=\"page-title-head hgroup\">\n<div class=\"page-title-head hgroup\">\n<p>&nbsp;<\/p>\n<div>\n<div class=\"page-title-head hgroup\">\n<div class=\"page-title-head hgroup\">\n<div class=\"b654a4as d2edcug0\">\n<div class=\"j83agx80 btwxx1t3 lhclo0ds hop8lmos nkwizq5d scwd0bx6 roh60bw9\">\n<div class=\"rq0escxv hkbzh7o3 jwdofwj8 n8tt0mok r8blr3vg hyh9befq\">\n<div class=\"do00u71z l9j0dhe7 k4urcfbm\">\n<div class=\"page-title-head hgroup\">\n<div class=\"page-title-head hgroup\">\n<div class=\"b654a4as d2edcug0\">\n<div class=\"j83agx80 btwxx1t3 lhclo0ds hop8lmos nkwizq5d scwd0bx6 roh60bw9\">\n<div class=\"rq0escxv hkbzh7o3 jwdofwj8 n8tt0mok r8blr3vg hyh9befq\">\n<div class=\"do00u71z l9j0dhe7 k4urcfbm\">\n<div class=\"ecm0bbzt e5nlhep0 a8c37x1j\">\n<div class=\"kvgmc6g5 cxmmr5t8 oygrvhab hcukyx3x c1et5uql\">\n<div class=\"gmail-kvgmc6g5 gmail-cxmmr5t8 gmail-oygrvhab gmail-hcukyx3x gmail-c1et5uql gmail-ii04i59q\">\n<div class=\"page-title-head hgroup\">\n<div class=\"page-title-head hgroup\">\n<div class=\"b654a4as d2edcug0\">\n<div class=\"j83agx80 btwxx1t3 lhclo0ds hop8lmos nkwizq5d scwd0bx6 roh60bw9\">\n<div class=\"rq0escxv hkbzh7o3 jwdofwj8 n8tt0mok r8blr3vg hyh9befq\">\n<div class=\"do00u71z l9j0dhe7 k4urcfbm\">\n<div class=\"page-title-head hgroup\">\n<div class=\"page-title-head hgroup\">\n<div class=\"b654a4as d2edcug0\">\n<div class=\"j83agx80 btwxx1t3 lhclo0ds hop8lmos nkwizq5d scwd0bx6 roh60bw9\">\n<div class=\"rq0escxv hkbzh7o3 jwdofwj8 n8tt0mok r8blr3vg hyh9befq\">\n<div class=\"do00u71z l9j0dhe7 k4urcfbm\">\n<div class=\"page-title-head hgroup\">\n<div class=\"page-title-head hgroup\">\n<div class=\"b654a4as d2edcug0\">\n<div class=\"j83agx80 btwxx1t3 lhclo0ds hop8lmos nkwizq5d scwd0bx6 roh60bw9\">\n<div class=\"rq0escxv hkbzh7o3 jwdofwj8 n8tt0mok r8blr3vg hyh9befq\">\n<div class=\"do00u71z l9j0dhe7 k4urcfbm\">\n<div class=\"ecm0bbzt e5nlhep0 a8c37x1j\">\n<div class=\"kvgmc6g5 cxmmr5t8 oygrvhab hcukyx3x c1et5uql\">\n<div class=\"gmail-kvgmc6g5 gmail-cxmmr5t8 gmail-oygrvhab gmail-hcukyx3x gmail-c1et5uql gmail-ii04i59q\">\n<div class=\"page-title-head hgroup\">\n<div class=\"page-title-head hgroup\">\n<div class=\"b654a4as d2edcug0\">\n<div class=\"j83agx80 btwxx1t3 lhclo0ds hop8lmos nkwizq5d scwd0bx6 roh60bw9\">\n<div class=\"rq0escxv hkbzh7o3 jwdofwj8 n8tt0mok r8blr3vg hyh9befq\">\n<div class=\"do00u71z l9j0dhe7 k4urcfbm\">\n<div class=\"page-title-head hgroup\">\n<div class=\"page-title-head hgroup\">\n<div class=\"page-title-head hgroup\">\n<div class=\"page-title-head hgroup\">\n<div class=\"b654a4as d2edcug0\">\n<div class=\"page-title-head hgroup\">\n<div class=\"page-title-head hgroup\">\n<div class=\"page-title-head hgroup\">\n<div class=\"page-title-head hgroup\">\n<div class=\"b654a4as d2edcug0\">\n<div class=\"page-title-head hgroup\">\n<div class=\"page-title-head hgroup\">\n<div class=\"page-title-head hgroup\">\n<div class=\"page-title-head hgroup\">\n<div class=\"page-title-head hgroup\">\n<div class=\"page-title-head hgroup\">\n<div class=\"page-title-head hgroup\">\n<div class=\"page-title-head hgroup\">\n<div class=\"page-title-head hgroup\">\n<div class=\"b654a4as d2edcug0\">\n<div class=\"page-title-head hgroup\">\n<div class=\"page-title-head hgroup\">\n<div class=\"page-title-head hgroup\">\n<div class=\"page-title-head hgroup\">\n<div class=\"b654a4as d2edcug0\">\n<div class=\"page-title-head hgroup\">\n<div class=\"page-title-head hgroup\">\n<div class=\"page-title-head hgroup\">\n<div class=\"page-title-head hgroup\">\n<div class=\"page-title-head hgroup\">\n<div class=\"mkdf-post-text\">\n<div class=\"mkdf-post-text-inner\">\n<div class=\"mkdf-post-text-main\">\n<div class=\"mkdf-post-text\">\n<div class=\"mkdf-post-text-inner\">\n<div class=\"mkdf-post-text-main\">\n<div class=\"mkdf-post-text\">\n<div class=\"mkdf-post-text-inner\">\n<div class=\"mkdf-post-text-main\">\n<div class=\"page-title-head hgroup\">\n<div class=\"page-title-head hgroup\">\n<div class=\"mkdf-post-text\">\n<div class=\"mkdf-post-text-inner\">\n<div class=\"mkdf-post-text-main\">\n<div class=\"mkdf-post-text\">\n<div class=\"mkdf-post-text-inner\">\n<div class=\"mkdf-post-text-main\">\n<div class=\"page-title-head hgroup\">\n<div class=\"page-title-head hgroup\">\n<div class=\"page-title-head hgroup\">\n<div class=\"page-title-head hgroup\">\n<div class=\"b654a4as d2edcug0\">\n<div class=\"page-title-head hgroup\">\n<div class=\"page-title-head hgroup\">\n<div class=\"page-title-head hgroup\">\n<div class=\"page-title-head hgroup\">\n<div class=\"b654a4as d2edcug0\">\n<div class=\"page-title-head hgroup\">\n<div class=\"page-title-head hgroup\">\n<div class=\"page-title-head hgroup\">\n<div class=\"page-title-head hgroup\">\n<div class=\"b654a4as d2edcug0\">\n<div class=\"ecm0bbzt e5nlhep0 a8c37x1j\">\n<div class=\"kvgmc6g5 cxmmr5t8 oygrvhab hcukyx3x c1et5uql\">\n<div class=\"gmail-kvgmc6g5 gmail-cxmmr5t8 gmail-oygrvhab gmail-hcukyx3x gmail-c1et5uql gmail-ii04i59q\">\n<div class=\"page-title-head hgroup\">\n<div class=\"page-title-head hgroup\">\n<div class=\"b654a4as d2edcug0\">\n<div class=\"j83agx80 btwxx1t3 lhclo0ds hop8lmos nkwizq5d scwd0bx6 roh60bw9\">\n<div class=\"rq0escxv hkbzh7o3 jwdofwj8 n8tt0mok r8blr3vg hyh9befq\">\n<div class=\"do00u71z l9j0dhe7 k4urcfbm\">\n<div class=\"page-title-head hgroup\">\n<div class=\"page-title-head hgroup\">\n<div class=\"page-title-head hgroup\">\n<div class=\"page-title-head hgroup\">\n<div class=\"b654a4as d2edcug0\">\n<div class=\"page-title-head hgroup\">\n<div class=\"page-title-head hgroup\">\n<div class=\"page-title-head hgroup\">\n<div class=\"page-title-head hgroup\">\n<div class=\"b654a4as d2edcug0\">\n<div class=\"page-title-head hgroup\">\n<div class=\"page-title-head hgroup\">\n<div class=\"page-title-head hgroup\">\n<div class=\"page-title-head hgroup\">\n<div class=\"page-title-head hgroup\">\n<div class=\"page-title-head hgroup\">\n<div class=\"page-title-head hgroup\">\n<div class=\"page-title-head hgroup\">\n<div class=\"page-title-head hgroup\">\n<div class=\"b654a4as d2edcug0\">\n<div class=\"page-title-head hgroup\">\n<div class=\"page-title-head hgroup\">\n<div class=\"page-title-head hgroup\">\n<div class=\"page-title-head hgroup\">\n<div class=\"b654a4as d2edcug0\">\n<div class=\"page-title-head hgroup\">\n<div class=\"page-title-head hgroup\">\n<div class=\"page-title-head hgroup\">\n<div class=\"page-title-head hgroup\">\n<div class=\"page-title-head hgroup\">\n<div class=\"mkdf-post-text\">\n<div class=\"mkdf-post-text-inner\">\n<div class=\"mkdf-post-text-main\">\n<div class=\"mkdf-post-text\">\n<div class=\"mkdf-post-text-inner\">\n<div class=\"mkdf-post-text-main\">\n<div class=\"mkdf-post-text\">\n<div class=\"mkdf-post-text-inner\">\n<div class=\"mkdf-post-text-main\">\n<div class=\"page-title-head hgroup\">\n<div class=\"page-title-head hgroup\">\n<div class=\"mkdf-post-text\">\n<div class=\"mkdf-post-text-inner\">\n<div class=\"mkdf-post-text-main\">\n<div class=\"mkdf-post-text\">\n<div class=\"mkdf-post-text-inner\">\n<div class=\"mkdf-post-text-main\">\n<div class=\"page-title-head hgroup\">\n<div class=\"page-title-head hgroup\">\n<div class=\"page-title-head hgroup\">\n<div class=\"page-title-head hgroup\">\n<div class=\"b654a4as d2edcug0\">\n<div class=\"page-title-head hgroup\">\n<div class=\"page-title-head hgroup\">\n<div class=\"page-title-head hgroup\">\n<div class=\"page-title-head hgroup\">\n<div class=\"b654a4as d2edcug0\">\n<div class=\"page-title-head hgroup\">\n<div class=\"page-title-head hgroup\">\n<div class=\"page-title-head hgroup\">\n<div class=\"page-title-head hgroup\">\n<div class=\"b654a4as d2edcug0\">\n<hr \/>\n<p>&nbsp;<\/p>\n<div>\n<p><strong>DUE MINUTI UN LIBRO, TUTTI I GIORNI ALLA RADIO ALLE 9.40 E ALLE 17.50\u00a0\u00a0<\/strong><\/p>\n<div>\n<div>\n<p><strong>LA RACCOLTA COMPLETA\u00a0\u00a0<\/strong><\/p>\n<\/div>\n<\/div>\n<\/div>\n<div class=\"mkdf-post-text\">\n<div class=\"mkdf-post-text-inner\">\n<div class=\"mkdf-post-text-main\">\n<div class=\"mkdf-post-text\">\n<div class=\"mkdf-post-text-inner\">\n<div class=\"mkdf-post-text-main\">\n<div class=\"mkdf-post-text\">\n<div class=\"mkdf-post-text-inner\">\n<div class=\"mkdf-post-text-main\">\n<div class=\"page-title-head hgroup\">\n<div class=\"page-title-head hgroup\">\n<div class=\"mkdf-post-text\">\n<div class=\"mkdf-post-text-inner\">\n<div class=\"mkdf-post-text-main\">\n<div class=\"mkdf-post-text\">\n<div class=\"mkdf-post-text-inner\">\n<div class=\"mkdf-post-text-main\">\n<div class=\"page-title-head hgroup\">\n<div class=\"page-title-head hgroup\">\n<div class=\"page-title-head hgroup\">\n<div class=\"page-title-head hgroup\">\n<div class=\"b654a4as d2edcug0\">\n<div class=\"page-title-head hgroup\">\n<div class=\"page-title-head hgroup\">\n<div class=\"page-title-head hgroup\">\n<div class=\"page-title-head hgroup\">\n<div class=\"b654a4as d2edcug0\">\n<div class=\"page-title-head hgroup\">\n<div class=\"page-title-head hgroup\">\n<div class=\"page-title-head hgroup\">\n<div class=\"page-title-head hgroup\">\n<div class=\"b654a4as d2edcug0\">\n<div>\n<blockquote class=\"wp-embedded-content\" data-secret=\"fH1UaDNIGx\"><p><a href=\"https:\/\/www.radiopiu.net\/wordpress\/due-minuti-un-libro\/\">Due minuti un libro<\/a><\/p><\/blockquote>\n<p><iframe loading=\"lazy\" class=\"wp-embedded-content\" sandbox=\"allow-scripts\" security=\"restricted\" style=\"position: absolute; clip: rect(1px, 1px, 1px, 1px);\" title=\"&#8220;Due minuti un libro&#8221; &#8212; Radio Pi\u00f9\" src=\"https:\/\/www.radiopiu.net\/wordpress\/due-minuti-un-libro\/embed\/#?secret=qQ27fAExFO#?secret=fH1UaDNIGx\" data-secret=\"fH1UaDNIGx\" width=\"600\" height=\"338\" frameborder=\"0\" marginwidth=\"0\" marginheight=\"0\" scrolling=\"no\"><\/iframe><\/p>\n<p>&nbsp;<\/p>\n<\/div>\n<div>\n<hr \/>\n<p>&nbsp;<\/p>\n<\/div>\n<h2><span style=\"color: #808000;\">L&#8217;ALMANACCO LADINO\u00a0<\/span><\/h2>\n<p><strong>PUNTATA DEL 23 MAGGIO 2022<\/strong><\/p>\n<audio class=\"wp-audio-shortcode\" id=\"audio-277946-20\" preload=\"none\" style=\"width: 100%;\" controls=\"controls\"><source type=\"audio\/mpeg\" src=\"https:\/\/www.radiopiu.net\/wordpress\/wp-content\/uploads\/2022\/05\/84\u00b0Almanacco-Ladino_col.mp3?_=20\" \/><a href=\"https:\/\/www.radiopiu.net\/wordpress\/wp-content\/uploads\/2022\/05\/84\u00b0Almanacco-Ladino_col.mp3\">https:\/\/www.radiopiu.net\/wordpress\/wp-content\/uploads\/2022\/05\/84\u00b0Almanacco-Ladino_col.mp3<\/a><\/audio>\n<p><strong>LA RACCOLTA<\/strong><\/p>\n<blockquote class=\"wp-embedded-content\" data-secret=\"r5kBQpT4L0\"><p><a href=\"https:\/\/www.radiopiu.net\/wordpress\/almanacco-ladino\/\">Almanacco Ladino<\/a><\/p><\/blockquote>\n<p><iframe loading=\"lazy\" class=\"wp-embedded-content\" sandbox=\"allow-scripts\" security=\"restricted\" style=\"position: absolute; clip: rect(1px, 1px, 1px, 1px);\" title=\"&#8220;Almanacco Ladino&#8221; &#8212; Radio Pi\u00f9\" src=\"https:\/\/www.radiopiu.net\/wordpress\/almanacco-ladino\/embed\/#?secret=4MG1dQTHFd#?secret=r5kBQpT4L0\" data-secret=\"r5kBQpT4L0\" width=\"600\" height=\"338\" frameborder=\"0\" marginwidth=\"0\" marginheight=\"0\" scrolling=\"no\"><\/iframe><\/p>\n<p>&nbsp;<\/p>\n<hr \/>\n<h2><span style=\"color: #33cccc;\">\u00a0<\/span><\/h2>\n<h2><span style=\"color: #33cccc;\">LA RASSEGNA STAMPA DA L&#8217;AMICO DEL POPOLO<\/span><\/h2>\n<p><strong>LA RACCOLTA COMPLETA<\/strong><\/p>\n<blockquote class=\"wp-embedded-content\" data-secret=\"ybJFKIs5S5\"><p><a href=\"https:\/\/www.radiopiu.net\/wordpress\/rassegna-stampa-di-gianni-santomaso\/\">Rassegna stampa da l&#8217;amico del popolo &#8211; di Gianni Santomaso<\/a><\/p><\/blockquote>\n<p><iframe loading=\"lazy\" class=\"wp-embedded-content\" sandbox=\"allow-scripts\" security=\"restricted\" style=\"position: absolute; clip: rect(1px, 1px, 1px, 1px);\" title=\"&#8220;Rassegna stampa da l&#8217;amico del popolo &#8211; di Gianni Santomaso&#8221; &#8212; Radio Pi\u00f9\" src=\"https:\/\/www.radiopiu.net\/wordpress\/rassegna-stampa-di-gianni-santomaso\/embed\/#?secret=8MQJEoNAGd#?secret=ybJFKIs5S5\" data-secret=\"ybJFKIs5S5\" width=\"600\" height=\"338\" frameborder=\"0\" marginwidth=\"0\" marginheight=\"0\" scrolling=\"no\"><\/iframe><\/p>\n<p>&nbsp;<\/p>\n<hr \/>\n<p>&nbsp;<\/p>\n<div>\n<div class=\"page-title-head hgroup\">\n<div class=\"page-title-head hgroup\">\n<div class=\"b654a4as d2edcug0\">\n<div class=\"j83agx80 btwxx1t3 lhclo0ds hop8lmos nkwizq5d scwd0bx6 roh60bw9\">\n<div class=\"rq0escxv hkbzh7o3 jwdofwj8 n8tt0mok r8blr3vg hyh9befq\">\n<div class=\"do00u71z l9j0dhe7 k4urcfbm\">\n<div class=\"ecm0bbzt e5nlhep0 a8c37x1j\">\n<div class=\"kvgmc6g5 cxmmr5t8 oygrvhab hcukyx3x c1et5uql\">\n<div class=\"gmail-kvgmc6g5 gmail-cxmmr5t8 gmail-oygrvhab gmail-hcukyx3x gmail-c1et5uql gmail-ii04i59q\">\n<div class=\"page-title-head hgroup\">\n<div class=\"page-title-head hgroup\">\n<div class=\"b654a4as d2edcug0\">\n<div class=\"j83agx80 btwxx1t3 lhclo0ds hop8lmos nkwizq5d scwd0bx6 roh60bw9\">\n<div class=\"rq0escxv hkbzh7o3 jwdofwj8 n8tt0mok r8blr3vg hyh9befq\">\n<div class=\"do00u71z l9j0dhe7 k4urcfbm\">\n<div class=\"page-title-head hgroup\">\n<div class=\"page-title-head hgroup\">\n<div class=\"page-title-head hgroup\">\n<div class=\"page-title-head hgroup\">\n<div class=\"b654a4as d2edcug0\">\n<div class=\"page-title-head hgroup\">\n<div class=\"page-title-head hgroup\">\n<div class=\"page-title-head hgroup\">\n<div class=\"page-title-head hgroup\">\n<div class=\"b654a4as d2edcug0\">\n<div class=\"page-title-head hgroup\">\n<div class=\"page-title-head hgroup\">\n<div class=\"page-title-head hgroup\">\n<div class=\"page-title-head hgroup\">\n<div class=\"page-title-head hgroup\">\n<div class=\"page-title-head hgroup\">\n<div class=\"page-title-head hgroup\">\n<div class=\"page-title-head hgroup\">\n<div class=\"page-title-head hgroup\">\n<div class=\"b654a4as d2edcug0\">\n<div class=\"page-title-head hgroup\">\n<div class=\"page-title-head hgroup\">\n<div class=\"page-title-head hgroup\">\n<div class=\"page-title-head hgroup\">\n<div class=\"b654a4as d2edcug0\">\n<div class=\"page-title-head hgroup\">\n<div class=\"page-title-head hgroup\">\n<div class=\"page-title-head hgroup\">\n<div class=\"page-title-head hgroup\">\n<div class=\"page-title-head hgroup\">\n<div class=\"mkdf-post-text\">\n<div class=\"mkdf-post-text-inner\">\n<div class=\"mkdf-post-text-main\">\n<div class=\"mkdf-post-text\">\n<div class=\"mkdf-post-text-inner\">\n<div class=\"mkdf-post-text-main\">\n<div class=\"mkdf-post-text\">\n<div class=\"mkdf-post-text-inner\">\n<div class=\"mkdf-post-text-main\">\n<div class=\"page-title-head hgroup\">\n<div class=\"page-title-head hgroup\">\n<div class=\"mkdf-post-text\">\n<div class=\"mkdf-post-text-inner\">\n<div class=\"mkdf-post-text-main\">\n<div class=\"mkdf-post-text\">\n<div class=\"mkdf-post-text-inner\">\n<div class=\"mkdf-post-text-main\">\n<div class=\"page-title-head hgroup\">\n<div class=\"page-title-head hgroup\">\n<div class=\"page-title-head hgroup\">\n<div class=\"page-title-head hgroup\">\n<div class=\"b654a4as d2edcug0\">\n<div class=\"page-title-head hgroup\">\n<div class=\"page-title-head hgroup\">\n<div class=\"page-title-head hgroup\">\n<div class=\"page-title-head hgroup\">\n<div class=\"b654a4as d2edcug0\">\n<div class=\"page-title-head hgroup\">\n<div class=\"page-title-head hgroup\">\n<div class=\"page-title-head hgroup\">\n<div class=\"page-title-head hgroup\">\n<div class=\"b654a4as d2edcug0\">\n<h2><span style=\"color: #800080;\">I RACCONTI DI PAOLO SOPPELSA\u00a0<\/span><\/h2>\n<p><strong>LA RACCOLTA COMPLETA<\/strong><\/p>\n<blockquote class=\"wp-embedded-content\" data-secret=\"NUfIBWhI1p\"><p><a href=\"https:\/\/www.radiopiu.net\/wordpress\/i-racconti-di-paolo-soppelsa\/\">I racconti di Paolo Soppelsa<\/a><\/p><\/blockquote>\n<p><iframe loading=\"lazy\" class=\"wp-embedded-content\" sandbox=\"allow-scripts\" security=\"restricted\" style=\"position: absolute; clip: rect(1px, 1px, 1px, 1px);\" title=\"&#8220;I racconti di Paolo Soppelsa&#8221; &#8212; Radio Pi\u00f9\" src=\"https:\/\/www.radiopiu.net\/wordpress\/i-racconti-di-paolo-soppelsa\/embed\/#?secret=LTWJlff67o#?secret=NUfIBWhI1p\" data-secret=\"NUfIBWhI1p\" width=\"600\" height=\"338\" frameborder=\"0\" marginwidth=\"0\" marginheight=\"0\" scrolling=\"no\"><\/iframe><\/p>\n<p>&nbsp;<\/p>\n<hr \/>\n<p>&nbsp;<\/p>\n<\/div>\n<\/div>\n<\/div>\n<\/div>\n<\/div>\n<\/div>\n<\/div>\n<\/div>\n<\/div>\n<\/div>\n<\/div>\n<\/div>\n<\/div>\n<\/div>\n<\/div>\n<\/div>\n<\/div>\n<\/div>\n<\/div>\n<\/div>\n<\/div>\n<\/div>\n<\/div>\n<\/div>\n<\/div>\n<\/div>\n<\/div>\n<\/div>\n<\/div>\n<\/div>\n<\/div>\n<\/div>\n<\/div>\n<\/div>\n<\/div>\n<\/div>\n<\/div>\n<\/div>\n<\/div>\n<\/div>\n<\/div>\n<\/div>\n<\/div>\n<\/div>\n<\/div>\n<\/div>\n<\/div>\n<\/div>\n<\/div>\n<\/div>\n<\/div>\n<\/div>\n<\/div>\n<\/div>\n<\/div>\n<\/div>\n<\/div>\n<\/div>\n<\/div>\n<\/div>\n<\/div>\n<\/div>\n<\/div>\n<\/div>\n<\/div>\n<\/div>\n<\/div>\n<\/div>\n<\/div>\n<\/div>\n<\/div>\n<\/div>\n<\/div>\n<\/div>\n<\/div>\n<\/div>\n<\/div>\n<\/div>\n<\/div>\n<\/div>\n<\/div>\n<\/div>\n<\/div>\n<\/div>\n<\/div>\n<\/div>\n<\/div>\n<\/div>\n<\/div>\n<\/div>\n<\/div>\n<\/div>\n<\/div>\n<\/div>\n<\/div>\n<\/div>\n<\/div>\n<\/div>\n<\/div>\n<\/div>\n<\/div>\n<\/div>\n<\/div>\n<\/div>\n<\/div>\n<\/div>\n<\/div>\n<\/div>\n<\/div>\n<\/div>\n<\/div>\n<div class=\"b654a4as d2edcug0\">\n<div class=\"ecm0bbzt e5nlhep0 a8c37x1j\">\n<div class=\"kvgmc6g5 cxmmr5t8 oygrvhab hcukyx3x c1et5uql\">\n<div class=\"gmail-kvgmc6g5 gmail-cxmmr5t8 gmail-oygrvhab gmail-hcukyx3x gmail-c1et5uql gmail-ii04i59q\">\n<div>\n<div class=\"page-title-head hgroup\">\n<div class=\"page-title-head hgroup\">\n<div class=\"b654a4as d2edcug0\">\n<div class=\"j83agx80 btwxx1t3 lhclo0ds hop8lmos nkwizq5d scwd0bx6 roh60bw9\">\n<div class=\"rq0escxv hkbzh7o3 jwdofwj8 n8tt0mok r8blr3vg hyh9befq\">\n<div class=\"do00u71z l9j0dhe7 k4urcfbm\">\n<div>\n<div class=\"page-title-head hgroup\">\n<div class=\"page-title-head hgroup\">\n<div class=\"page-title-head hgroup\">\n<div class=\"page-title-head hgroup\">\n<div class=\"b654a4as d2edcug0\">\n<div class=\"page-title-head hgroup\">\n<div class=\"page-title-head hgroup\">\n<div class=\"page-title-head hgroup\">\n<div class=\"page-title-head hgroup\">\n<div class=\"b654a4as d2edcug0\">\n<div class=\"page-title-head hgroup\">\n<div class=\"page-title-head hgroup\">\n<div class=\"page-title-head hgroup\">\n<div class=\"page-title-head hgroup\">\n<div class=\"page-title-head hgroup\">\n<div class=\"mkdf-post-text\">\n<div class=\"mkdf-post-text-inner\">\n<div class=\"mkdf-post-text-main\">\n<div class=\"mkdf-post-text\">\n<div class=\"mkdf-post-text-inner\">\n<div class=\"mkdf-post-text-main\">\n<div class=\"mkdf-post-text\">\n<div class=\"mkdf-post-text-inner\">\n<div class=\"mkdf-post-text-main\">\n<div class=\"page-title-head hgroup\">\n<div class=\"page-title-head hgroup\">\n<div class=\"mkdf-post-text\">\n<div class=\"mkdf-post-text-inner\">\n<div class=\"mkdf-post-text-main\">\n<div class=\"mkdf-post-text\">\n<div class=\"mkdf-post-text-inner\">\n<div class=\"mkdf-post-text-main\">\n<div>\n<div class=\"page-title-head hgroup\">\n<div class=\"page-title-head hgroup\">\n<div>\n<div class=\"page-title-head hgroup\">\n<div class=\"page-title-head hgroup\">\n<div class=\"b654a4as d2edcug0\">\n<div>\n<div class=\"page-title-head hgroup\" style=\"text-align: left;\">\n<div class=\"page-title-head hgroup\">\n<div dir=\"auto\">\n<p><a class=\"dt-pswp-item pspw-wrap-ready\" href=\"https:\/\/i0.wp.com\/www.radiopiu.net\/wordpress\/wp-content\/uploads\/2018\/09\/WhatsApp-Image-2018-09-20-at-16.04.06.jpeg?ssl=1\" data-dt-img-description=\"\" data-large_image_width=\"800\" data-large_image_height=\"100\"><img loading=\"lazy\" decoding=\"async\" class=\"aligncenter wp-image-61378 size-full jetpack-lazy-image jetpack-lazy-image--handled\" src=\"https:\/\/i0.wp.com\/www.radiopiu.net\/wordpress\/wp-content\/uploads\/2018\/09\/WhatsApp-Image-2018-09-20-at-16.04.06.jpeg?resize=800%2C100&amp;ssl=1\" sizes=\"auto, (max-width: 800px) 100vw, 800px\" srcset=\"https:\/\/i0.wp.com\/www.radiopiu.net\/wordpress\/wp-content\/uploads\/2018\/09\/WhatsApp-Image-2018-09-20-at-16.04.06.jpeg?w=800&amp;ssl=1 800w, https:\/\/i0.wp.com\/www.radiopiu.net\/wordpress\/wp-content\/uploads\/2018\/09\/WhatsApp-Image-2018-09-20-at-16.04.06.jpeg?resize=300%2C38&amp;ssl=1 300w, https:\/\/i0.wp.com\/www.radiopiu.net\/wordpress\/wp-content\/uploads\/2018\/09\/WhatsApp-Image-2018-09-20-at-16.04.06.jpeg?resize=768%2C96&amp;ssl=1 768w\" alt=\"\" width=\"800\" height=\"100\" data-lazy-loaded=\"1\" \/><\/a><\/p>\n<\/div>\n<\/div>\n<\/div>\n<\/div>\n<\/div>\n<\/div>\n<\/div>\n<\/div>\n<\/div>\n<\/div>\n<\/div>\n<\/div>\n<\/div>\n<\/div>\n<\/div>\n<\/div>\n<\/div>\n<\/div>\n<\/div>\n<\/div>\n<\/div>\n<\/div>\n<\/div>\n<\/div>\n<\/div>\n<\/div>\n<\/div>\n<\/div>\n<\/div>\n<\/div>\n<\/div>\n<\/div>\n<\/div>\n<\/div>\n<\/div>\n<\/div>\n<\/div>\n<\/div>\n<\/div>\n<\/div>\n<\/div>\n<\/div>\n<\/div>\n<\/div>\n<\/div>\n<\/div>\n<\/div>\n<\/div>\n<\/div>\n<\/div>\n<\/div>\n<\/div>\n<\/div>\n<\/div>\n<\/div>\n<\/div>\n<\/div>\n<\/div>\n<\/div>\n<\/div>\n<\/div>\n<\/div>\n<\/div>\n<\/div>\n<\/div>\n<\/div>\n<\/div>\n<\/div>\n<\/div>\n<\/div>\n<\/div>\n<\/div>\n<\/div>\n<\/div>\n<\/div>\n<\/div>\n<\/div>\n<\/div>\n<\/div>\n<\/div>\n<\/div>\n<\/div>\n<\/div>\n<\/div>\n<\/div>\n<\/div>\n<\/div>\n<\/div>\n<\/div>\n<\/div>\n<\/div>\n<\/div>\n<\/div>\n<\/div>\n<\/div>\n<\/div>\n<\/div>\n<\/div>\n<\/div>\n<\/div>\n<\/div>\n<\/div>\n<\/div>\n<\/div>\n<\/div>\n<\/div>\n<\/div>\n<\/div>\n<\/div>\n<\/div>\n<\/div>\n<\/div>\n<\/div>\n<\/div>\n<\/div>\n<\/div>\n<\/div>\n<\/div>\n<\/div>\n<\/div>\n<\/div>\n<\/div>\n<\/div>\n<\/div>\n<\/div>\n<\/div>\n<\/div>\n<\/div>\n<\/div>\n<\/div>\n<\/div>\n<\/div>\n<\/div>\n<\/div>\n<\/div>\n<\/div>\n<\/div>\n<\/div>\n<\/div>\n<\/div>\n<\/div>\n<\/div>\n<\/div>\n<\/div>\n<\/div>\n<\/div>\n<\/div>\n<\/div>\n<\/div>\n<\/div>\n<\/div>\n<\/div>\n<\/div>\n<\/div>\n<\/div>\n<\/div>\n<\/div>\n<\/div>\n<\/div>\n<\/div>\n<\/div>\n<\/div>\n<\/div>\n<\/div>\n<\/div>\n<\/div>\n<\/div>\n<\/div>\n<\/div>\n<\/div>\n<\/div>\n<\/div>\n<\/div>\n<\/div>\n<\/div>\n<\/div>\n<\/div>\n<\/div>\n<\/div>\n<\/div>\n<\/div>\n<\/div>\n<\/div>\n<\/div>\n<\/div>\n<\/div>\n<\/div>\n<\/div>\n<\/div>\n<\/div>\n<\/div>\n<\/div>\n<\/div>\n<\/div>\n<\/div>\n<\/div>\n<\/div>\n<\/div>\n<\/div>\n<\/div>\n<\/div>\n<\/div>\n<\/div>\n<\/div>\n<\/div>\n<\/div>\n<\/div>\n<\/div>\n<\/div>\n<\/div>\n<\/div>\n<\/div>\n<\/div>\n<\/div>\n<\/div>\n<\/div>\n<\/div>\n<\/div>\n<\/div>\n<\/div>\n<\/div>\n<\/div>\n<\/div>\n<\/div>\n<\/div>\n<\/div>\n<\/div>\n<\/div>\n<\/div>\n<\/div>\n<p><center><b>Sabato 28<\/b><\/center><b>Tempo atteso: <\/b>Al mattino sulle zone prealpine cielo irregolarmente nuvoloso, sulle Dolomiti poco o parzialmente nuvoloso, con un ulteriore intensificazione della nuvolosit\u00e0 nel corso della mattinata su tutte le zone per l&#8217;intensa attivit\u00e0 cumuliforme, favorita soprattutto dal graduale arrivo di aria fredda.<br \/>\n<b>Precipitazioni: <\/b>Al mattino sulle Dolomiti generalmente assenti (0-10%), tra Prealpi e Pedemontana probabilit\u00e0 medio-bassa (25-50%) di qualche sporadico fenomeno; i primi fenomeni pi\u00f9 importanti sono previsti dalle ore centrali a partire dalle zone prealpine, con un&#8217;alta probabilit\u00e0 (75-100%) su gran parte delle zone montane di rovesci o temporali inizialmente sparsi, poi diffusi; non si escludono locali temporali intensi. Attenuazione dei fenomeni verso la fine della giornata. Il limite della neve scender\u00e0 dai 2800-3000 m iniziali, fino a circa 2300-2600 m, anche un po&#8217; pi\u00f9 in basso in caso di rovesci prolungati e verso la fine della giornata.<br \/>\n<b>Temperature: <\/b>Minime generalmente stazionarie o in lieve calo nelle valli, in diminuzione in alta montagna dove saranno misurate a fine giornata; massime in diminuzione a tutte le quote. Su Prealpi a 1500 m min 6\u00b0C, max 13\u00b0C; a 2000 m min 3\u00b0C, max 10\u00b0C. Su Dolomiti a 2000 m min 3\u00b0C, max 11\u00b0C; a 3000 m min -4\u00b0C, max 1\u00b0C.<br \/>\n<b>Venti: <\/b>Nelle valli perlopi\u00f9 deboli o moderati di direzione variabile, anche temporaneamente forti per raffiche temporalesche; in quota in genere moderati, anche tesi nel pomeriggio sulle vette prealpine, e provenienti da ovest, nord-ovest a 20-35 km\/h a 2000 m e a 15-25 km\/h a 3000 m.<\/p>\n<hr \/>\n<p><center><b>Domenica 29<\/b><\/center><b>Tempo atteso: <\/b>Cielo nuvoloso o molto nuvoloso specie al mattino con possibili fenomeni sparsi. Schiarite dal tardo pomeriggio\/sera fino a cielo poco nuvoloso. Possibili formazioni di nubi basse o di foschie in alcune valli prealpine nelle ore pi\u00f9 fredde.<br \/>\n<b>Precipitazioni: <\/b>Nel corso della mattinata fino al primo pomeriggio, probabilit\u00e0 medio-bassa (25-50%) di precipitazioni sparse e intermittenti, perlopi\u00f9 deboli, solo eventualmente a tratti di moderata intensit\u00e0, nevose oltre i 1800-2100 m; verso sera, generalmente assenti (0-10%).<br \/>\n<b>Temperature: <\/b>In diminuzione anche sensibile, su valori inferiori alla norma con le minime misurate a fine giornata, specie in quota. Clima piuttosto fresco nelle valli, piuttosto freddo in alta montagna, con escursione termica giornaliera molto contenuta. Su Prealpi a 1500 m min 3\u00b0C, max 7\u00b0C; a 2000 m min 0\u00b0C, max 3\u00b0C. Su Dolomiti a 2000 m min 0\u00b0C, max 4\u00b0C; a 3000 m min -6\u00b0C, max -3\u00b0C.<br \/>\n<b>Venti: <\/b>Nelle valli, deboli o moderati di direzione variabile; in quota moderati orientali, tendenti a provenire da nord-ovest sulle Dolomiti nel pomeriggio, a 15-25 km\/h a 2000 m e a 3000 m.<\/p>\n<hr \/>\n<p><center><b>Lunedi 30<\/b><\/center>Tempo soleggiato, specie al mattino e fino alle prime luci dell&#8217;alba con modesto aumento di nubi a sviluppo cumuliforme associate a qualche precipitazione soprattutto serale tendente a interessare in modo perlopi\u00f9 sparso principalmente l&#8217;area prealpina eventualmente nevosa oltre i 2000-2200 m. Temperature minime in lieve calo, massime in lieve o contenuto aumento, specie sulle Prealpi; clima ancora freddo per il periodo, specie al mattino e in alta montagna. Venti in quota moderati o tesi da sud-ovest.<\/p>\n<hr \/>\n<p><center><b>Martedi 31<\/b><\/center>Tempo stabile e soleggiato, specie al mattino. Nel pomeriggio poco o parzialmente nuvoloso per modesta attivit\u00e0 cumuliforme e non \u00e8 del tutta esclusa qualche locale sporadica precipitazione. Temperature in aumento, anche sensibile le massime e nuovamente superiori alla norma. Venti in quota ancora moderati o tesi da sud-ovest. Previsore: M.Padoan<\/p>\n<hr \/>\n<p>&nbsp;<\/p>\n<p>&nbsp;<\/p>\n<hr \/>\n<p>&nbsp;<\/p>\n<p>&nbsp;<\/p>\n<p><a href=\"https:\/\/www.radiopiu.net\/wordpress\/giornale-radiopiu-26-settembre-2018-direttore-mirko-mezzacasa\/viabilita-2\/\" rel=\"attachment wp-att-61954\"><img loading=\"lazy\" decoding=\"async\" class=\"aligncenter wp-image-61954 size-full\" src=\"https:\/\/www.radiopiu.net\/wordpress\/wp-content\/uploads\/2018\/09\/viabilita.jpeg\" sizes=\"auto, (max-width: 800px) 100vw, 800px\" srcset=\"https:\/\/www.radiopiu.net\/wordpress\/wp-content\/uploads\/2018\/09\/viabilita.jpeg 800w, https:\/\/www.radiopiu.net\/wordpress\/wp-content\/uploads\/2018\/09\/viabilita-300x38.jpeg 300w, https:\/\/www.radiopiu.net\/wordpress\/wp-content\/uploads\/2018\/09\/viabilita-768x96.jpeg 768w\" alt=\"\" width=\"800\" height=\"100\" \/><\/a><\/p>\n<p>&nbsp;<\/p>\n<blockquote class=\"wp-embedded-content\" data-secret=\"yRC1vuqQq7\"><p><a href=\"https:\/\/www.radiopiu.net\/wordpress\/viabilita\/\">viabilita<\/a><\/p><\/blockquote>\n<p><iframe loading=\"lazy\" class=\"wp-embedded-content\" sandbox=\"allow-scripts\" security=\"restricted\" style=\"position: absolute; clip: rect(1px, 1px, 1px, 1px);\" title=\"&#8220;viabilita&#8221; &#8212; Radio Pi\u00f9\" src=\"https:\/\/www.radiopiu.net\/wordpress\/viabilita\/embed\/#?secret=po8hrVTPpO#?secret=yRC1vuqQq7\" data-secret=\"yRC1vuqQq7\" width=\"600\" height=\"338\" frameborder=\"0\" marginwidth=\"0\" marginheight=\"0\" scrolling=\"no\"><\/iframe><\/p>\n<p>&nbsp;<\/p>\n<hr \/>\n<p>&nbsp;<\/p>\n<p>&nbsp;<\/p>\n<p><img loading=\"lazy\" decoding=\"async\" class=\"wp-image-60761 size-full aligncenter\" src=\"https:\/\/www.radiopiu.net\/wordpress\/wp-content\/uploads\/2018\/09\/sport.jpg\" alt=\"\" width=\"800\" height=\"100\" srcset=\"https:\/\/www.radiopiu.net\/wordpress\/wp-content\/uploads\/2018\/09\/sport.jpg 800w, https:\/\/www.radiopiu.net\/wordpress\/wp-content\/uploads\/2018\/09\/sport-300x38.jpg 300w, https:\/\/www.radiopiu.net\/wordpress\/wp-content\/uploads\/2018\/09\/sport-768x96.jpg 768w\" sizes=\"auto, (max-width: 800px) 100vw, 800px\" \/><\/p>\n<p>&nbsp;<\/p>\n<p><span style=\"color: #0000ff;\"><strong>AUTOMOBILISMO<\/strong><\/span><\/p>\n<div class=\"page-title-head hgroup\">\n<blockquote>\n<h3 class=\"entry-title\">ALPE DEL NEVEGAL, OLTRE LE INCERTEZZE: MACCHINA ORGANIZZATRICE IN MOTO<\/h3>\n<\/blockquote>\n<\/div>\n<div class=\"page-title-breadcrumbs\">\n<p><strong>BELLUNO\u00a0 <\/strong>La 48^ Alpe del Nevegal andr\u00e0 in scena a fine luglio, sar\u00e0 valida per il campionato italiano velocit\u00e0 montagna e non solo. Un grande evento non solo sportivo aperto al pubblico. Ad Achille Brik Selvestrel il merito di aver raccolto il testimone dell&#8217;organizzazione.<\/p>\n<p><strong>DI ROBERTO BONA<\/strong><\/p>\n<audio class=\"wp-audio-shortcode\" id=\"audio-277946-21\" preload=\"none\" style=\"width: 100%;\" controls=\"controls\"><source type=\"audio\/mpeg\" src=\"https:\/\/www.radiopiu.net\/wordpress\/wp-content\/uploads\/2022\/05\/roberto-bona-alpe-nevegal.mp3?_=21\" \/><a href=\"https:\/\/www.radiopiu.net\/wordpress\/wp-content\/uploads\/2022\/05\/roberto-bona-alpe-nevegal.mp3\">https:\/\/www.radiopiu.net\/wordpress\/wp-content\/uploads\/2022\/05\/roberto-bona-alpe-nevegal.mp3<\/a><\/audio>\n\n\t\t\t<style type='text\/css'>\n\t\t\t\t#gallery-10 {\n\t\t\t\t\tmargin: auto;\n\t\t\t\t}\n\t\t\t\t#gallery-10 .gallery-item {\n\t\t\t\t\tfloat: left;\n\t\t\t\t\tmargin-top: 10px;\n\t\t\t\t\ttext-align: center;\n\t\t\t\t\twidth: 50%;\n\t\t\t\t}\n\t\t\t\t#gallery-10 img {\n\t\t\t\t\tborder: 2px solid #cfcfcf;\n\t\t\t\t}\n\t\t\t\t#gallery-10 .gallery-caption {\n\t\t\t\t\tmargin-left: 0;\n\t\t\t\t}\n\t\t\t\t\/* see gallery_shortcode() in wp-includes\/media.php *\/\n\t\t\t<\/style>\n\t\t<div id='gallery-10' class='dt-gallery-container gallery galleryid-277946 gallery-columns-2 gallery-size-medium'><dl class='gallery-item'>\n\t\t\t\t<dt class='gallery-icon landscape'>\n\t\t\t\t\t<a class=\"rollover rollover-zoom dt-pswp-item\" title=\"fa41bed2-4839-41c1-a954-a63727d60b69\" data-dt-img-description=\"\" data-large_image_width=\"956\" data-large_image_height=\"299\"href='https:\/\/www.radiopiu.net\/wordpress\/wp-content\/uploads\/2022\/05\/fa41bed2-4839-41c1-a954-a63727d60b69.jpg'><img loading=\"lazy\" decoding=\"async\" width=\"300\" height=\"94\" src=\"https:\/\/www.radiopiu.net\/wordpress\/wp-content\/uploads\/2022\/05\/fa41bed2-4839-41c1-a954-a63727d60b69-300x94.jpg\" class=\"attachment-medium size-medium\" alt=\"\" srcset=\"https:\/\/www.radiopiu.net\/wordpress\/wp-content\/uploads\/2022\/05\/fa41bed2-4839-41c1-a954-a63727d60b69-300x94.jpg 300w, https:\/\/www.radiopiu.net\/wordpress\/wp-content\/uploads\/2022\/05\/fa41bed2-4839-41c1-a954-a63727d60b69-768x240.jpg 768w, https:\/\/www.radiopiu.net\/wordpress\/wp-content\/uploads\/2022\/05\/fa41bed2-4839-41c1-a954-a63727d60b69.jpg 956w\" sizes=\"auto, (max-width: 300px) 100vw, 300px\" \/><\/a>\n\t\t\t\t<\/dt><\/dl><dl class='gallery-item'>\n\t\t\t\t<dt class='gallery-icon landscape'>\n\t\t\t\t\t<a class=\"rollover rollover-zoom dt-pswp-item\" title=\"46784546-937d-4c1f-bbeb-2a04dfdced51\" data-dt-img-description=\"\" data-large_image_width=\"1100\" data-large_image_height=\"733\"href='https:\/\/www.radiopiu.net\/wordpress\/wp-content\/uploads\/2022\/05\/46784546-937d-4c1f-bbeb-2a04dfdced51.jpg'><img loading=\"lazy\" decoding=\"async\" width=\"300\" height=\"200\" src=\"https:\/\/www.radiopiu.net\/wordpress\/wp-content\/uploads\/2022\/05\/46784546-937d-4c1f-bbeb-2a04dfdced51-300x200.jpg\" class=\"attachment-medium size-medium\" alt=\"\" srcset=\"https:\/\/www.radiopiu.net\/wordpress\/wp-content\/uploads\/2022\/05\/46784546-937d-4c1f-bbeb-2a04dfdced51-300x200.jpg 300w, https:\/\/www.radiopiu.net\/wordpress\/wp-content\/uploads\/2022\/05\/46784546-937d-4c1f-bbeb-2a04dfdced51-1024x682.jpg 1024w, https:\/\/www.radiopiu.net\/wordpress\/wp-content\/uploads\/2022\/05\/46784546-937d-4c1f-bbeb-2a04dfdced51-768x512.jpg 768w, https:\/\/www.radiopiu.net\/wordpress\/wp-content\/uploads\/2022\/05\/46784546-937d-4c1f-bbeb-2a04dfdced51.jpg 1100w\" sizes=\"auto, (max-width: 300px) 100vw, 300px\" \/><\/a>\n\t\t\t\t<\/dt><\/dl><br style=\"clear: both\" \/>\n\t\t\t<\/div>\n\n<p>&nbsp;<\/p>\n<\/div>\n<hr \/>\n<p>&nbsp;<\/p>\n<p><span style=\"color: #0000ff;\"><strong>AUTOMOBILISMO<\/strong><\/span><\/p>\n<p>&nbsp;<\/p>\n<blockquote>\n<h3>UN VOTO PER IL NOSTRO PILOTA, UN VOTO PER VINCERE<\/h3>\n<\/blockquote>\n<p><strong>PONTE NELLE ALPI<\/strong> Andrea Fontana \u00e8 stato selezionato da TAG HEUER e PORSCHE ITALIA tra i tre piloti pi\u00f9 meritevoli per il speciale riconoscimento al pilota che nel corso di tutto il weekend di Imola del Carrera Cup Italia ha dimostrato di saper meglio reagire nei momenti di pi\u00f9 intensa bagarre di gara. Lo si pu\u00f2 votare\u00a0 compilando il form a questo link:<br \/>\nhttps:\/\/webform.tagheuer.com\/Vote_Pilot3. Votando si accede al concorso per vincere: \u00a01\u00b0 premio: un experience in pista al volante della mia BMW M2; &#8211; 2\u00b0 premio: un PASS VIP PORSCHE per vivere al fianco di Andrea Fontana un weekend del Carrera Cup Italia ed avere accesso a tutte le aree pi\u00f9 esclusive come l&#8217;hospitality Porsche Italia\u00a0 3\u00b0 premio: ricevere a casa l&#8217; AF09 PACK, un box che con i\u00a0 gadget personalizzati come t-shirt, cappellino, sacca, portapass e pass AF09<\/p>\n<p>&nbsp;<\/p>\n<p>&nbsp;<\/p>\n<p><iframe loading=\"lazy\" title=\"M2 experience trailer\" width=\"1200\" height=\"675\" src=\"https:\/\/www.youtube.com\/embed\/9g9NIa8cyps?feature=oembed\" frameborder=\"0\" allow=\"accelerometer; autoplay; clipboard-write; encrypted-media; gyroscope; picture-in-picture\" allowfullscreen><\/iframe><\/p>\n<p>&nbsp;<\/p>\n<p><span style=\"color: #0000ff;\"><strong>PALLAVOLO<\/strong><\/span><\/p>\n<blockquote>\n<h3>LA PALLAVOLO BELLUNO RIPARTE DAL CAPITANO ALEX PAGANIN<\/h3>\n<\/blockquote>\n<p><strong><a class=\"dt-pswp-item\" href=\"https:\/\/www.radiopiu.net\/wordpress\/wp-content\/uploads\/2022\/05\/Confermato_capitan_Paganin-scaled.jpg\" data-dt-img-description=\"\" data-large_image_width=\"2560\" data-large_image_height=\"1387\"><img loading=\"lazy\" decoding=\"async\" class=\"size-thumbnail wp-image-278027 alignleft\" src=\"https:\/\/www.radiopiu.net\/wordpress\/wp-content\/uploads\/2022\/05\/Confermato_capitan_Paganin-150x150.jpg\" alt=\"\" width=\"150\" height=\"150\" \/><\/a>BELLUNO <\/strong>La Da Rold Logistics Belluno riparte dal suo capitano: Alex Paganin sar\u00e0 ancora un perno della squadra impegnata nel campionato di Serie A3.<span class=\"gmail-Apple-converted-space\"> \u00a0<\/span>La conferma del centrale ha i contorni dell\u2019ufficialit\u00e0 e viene sancita dalle parole dello stesso Alex: \u00ab<em>Sono molto contento di far parte di questo gruppo e di essere ancora il capitano della Da Rold Logistics. Ripartiamo pi\u00f9 carichi che mai, con un bagaglio di esperienze arricchito dal primo anno di A3<\/em>\u00bb.<span class=\"gmail-Apple-converted-space\"> \u00a0<\/span>\u201cPaga\u201d guarda avanti con rinnovate ambizioni: \u00abVogliamo regalarci una stagione ancora pi\u00f9 bella di quella che ci siamo lasciati alle spalle\u00bb. <span class=\"gmail-Apple-converted-space\">\u00a0 <\/span>Nel frattempo, il nuovo allenatore Gian Luca Colussi sar\u00e0 presentato alla stampa luned\u00ec 30 (ore 18.30), negli uffici dell\u2019azienda Da Rold Logistics Made Easy: a Belluno, in via Vittorio Veneto, 223.<\/p>\n<p>&nbsp;<\/p>\n<p>&nbsp;<\/p>\n<\/div>\n<\/div>\n<\/div>\n<\/div>\n<\/div>\n<\/div>\n<\/div>\n<\/div>\n<\/div>\n<\/div>\n<\/div>\n<\/div>\n<\/div>\n<\/div>\n<\/div>\n<\/div>\n<\/div>\n<\/div>\n<\/div>\n<\/div>\n<\/div>\n<\/div>\n<\/div>\n<\/div>\n<\/div>\n<\/div>\n<\/div>\n<\/div>\n<\/div>\n<\/div>\n<\/div>\n<\/div>\n<\/div>\n<\/div>\n<\/div>\n<\/div>\n<\/div>\n<\/div>\n<\/div>\n<\/div>\n<\/div>\n<\/div>\n<\/div>\n<\/div>\n<\/div>\n<\/div>\n<\/div>\n<\/div>\n<\/div>\n<\/div>\n<\/div>\n<\/div>\n<\/div>\n<\/div>\n<\/div>\n<\/div>\n<\/div>\n<\/div>\n<\/div>\n<\/div>\n<\/div>\n<\/div>\n<\/div>\n<\/div>\n<\/div>\n<\/div>\n<\/div>\n<\/div>\n<\/div>\n<\/div>\n<\/div>\n<\/div>\n<\/div>\n<\/div>\n<\/div>\n<\/div>\n<\/div>\n<\/div>\n<\/div>\n<\/div>\n<\/div>\n<\/div>\n<\/div>\n<\/div>\n<\/div>\n<\/div>\n<\/div>\n<\/div>\n<\/div>\n<\/div>\n<\/div>\n<\/div>\n<\/div>\n<\/div>\n<\/div>\n<\/div>\n<\/div>\n<\/div>\n<\/div>\n<\/div>\n<\/div>\n<\/div>\n<\/div>\n<\/div>\n<\/div>\n","protected":false},"excerpt":{"rendered":"<p>RADIO PIU INFORMAZIONE il canale su TELEGRAM informazione di prima\u00a0 mano e in tempo reale. iscriviti ed aiutaci a farlo conoscere\u00a0\u00a0 &nbsp; &nbsp; LUNEDI L&#8217;ULTIMO SALUTO A LUCA RUDATIS A ROCCA PIETORE ROCCA PIETORE\u00a0 Si terranno lunedi alle 14.30 nella chiesa di Rocca Pietore i funerali di Luca Rudatis, domani sera alle 19 la recita&hellip;<\/p>\n","protected":false},"author":4,"featured_media":278063,"comment_status":"closed","ping_status":"closed","sticky":false,"template":"","format":"standard","meta":{"_monsterinsights_skip_tracking":false,"_monsterinsights_sitenote_active":false,"_monsterinsights_sitenote_note":"","_monsterinsights_sitenote_category":0,"footnotes":""},"categories":[86,49],"tags":[],"class_list":["post-277946","post","type-post","status-publish","format-standard","has-post-thumbnail","hentry","category-gr","category-news-18","category-86","category-49","description-off"],"img_url":"https:\/\/www.radiopiu.net\/wordpress\/wp-content\/uploads\/2022\/05\/1d277580-0820-4aca-b983-41dea4a22e43.jpg","_links":{"self":[{"href":"https:\/\/www.radiopiu.net\/wordpress\/wp-json\/wp\/v2\/posts\/277946","targetHints":{"allow":["GET"]}}],"collection":[{"href":"https:\/\/www.radiopiu.net\/wordpress\/wp-json\/wp\/v2\/posts"}],"about":[{"href":"https:\/\/www.radiopiu.net\/wordpress\/wp-json\/wp\/v2\/types\/post"}],"author":[{"embeddable":true,"href":"https:\/\/www.radiopiu.net\/wordpress\/wp-json\/wp\/v2\/users\/4"}],"replies":[{"embeddable":true,"href":"https:\/\/www.radiopiu.net\/wordpress\/wp-json\/wp\/v2\/comments?post=277946"}],"version-history":[{"count":0,"href":"https:\/\/www.radiopiu.net\/wordpress\/wp-json\/wp\/v2\/posts\/277946\/revisions"}],"wp:featuredmedia":[{"embeddable":true,"href":"https:\/\/www.radiopiu.net\/wordpress\/wp-json\/wp\/v2\/media\/278063"}],"wp:attachment":[{"href":"https:\/\/www.radiopiu.net\/wordpress\/wp-json\/wp\/v2\/media?parent=277946"}],"wp:term":[{"taxonomy":"category","embeddable":true,"href":"https:\/\/www.radiopiu.net\/wordpress\/wp-json\/wp\/v2\/categories?post=277946"},{"taxonomy":"post_tag","embeddable":true,"href":"https:\/\/www.radiopiu.net\/wordpress\/wp-json\/wp\/v2\/tags?post=277946"}],"curies":[{"name":"wp","href":"https:\/\/api.w.org\/{rel}","templated":true}]}}