{"id":278094,"date":"2022-05-28T00:08:15","date_gmt":"2022-05-27T22:08:15","guid":{"rendered":"https:\/\/www.radiopiu.net\/wordpress\/?p=278094"},"modified":"2022-05-28T00:18:29","modified_gmt":"2022-05-27T22:18:29","slug":"lucarudaa","status":"publish","type":"post","link":"https:\/\/www.radiopiu.net\/wordpress\/lucarudaa\/","title":{"rendered":"LUNEDI L&#8217;ULTIMO SALUTO A LUCA RUDATIS A ROCCA PIETORE"},"content":{"rendered":"<p><strong><a class=\"dt-pswp-item\" href=\"https:\/\/www.radiopiu.net\/wordpress\/wp-content\/uploads\/2022\/05\/sss-11.jpg\" data-dt-img-description=\"\" data-large_image_width=\"208\" data-large_image_height=\"282\"><img loading=\"lazy\" decoding=\"async\" class=\"size-thumbnail wp-image-278153 alignleft\" src=\"https:\/\/www.radiopiu.net\/wordpress\/wp-content\/uploads\/2022\/05\/sss-11-150x150.jpg\" alt=\"\" width=\"150\" height=\"150\" \/><\/a>ROCCA PIETORE<\/strong>\u00a0 Si terranno lunedi alle 14.30 nella chiesa di Rocca Pietore i funerali di Luca Rudatis, domenica sera alle 19 la recita del rosario. Un dolore immenso per il pap\u00e0 Giuseppe, la mamma Dorina con Fabio, il fratello Nicola Sorar\u00f9 con Ellen i tanti parenti ed amici, gli zii, i cugini, Giovanni in particolare, senza non voler far torto a nessuno, perch\u00e9 a Luca ha voluto molto bene. Impera il silenzio in Valle del Cordevole, un silenzio rispettoso ma anche antifona di un ricordo indelebile perch\u00e9 Luca nonostante tutte le avversit\u00e0 della vita si era fatto volere\u00a0 bene e da domenica manca, alla famiglia, agli amici, alla comunit\u00e0 che aveva frequentato, ovunque sia rimasta la sua essenza. Luca sar\u00e0 presente in chiesa in tarda mattinata, poi la salma proseguir\u00e0 per la cremazione. La famiglia invita a devolvere eventuali offerte all&#8217;associazione movimento fratenit\u00e0 di Landris Onlus.<\/p>\n<p>&nbsp;<\/p>\n<blockquote>\n<h3>IERI L&#8217;AUTOPSIA SUL CORPO DI LUCA, PER I RISULTATI SARANNO NECESSARI TRE MESI<br \/>\n<a class=\"dt-pswp-item\" href=\"https:\/\/www.radiopiu.net\/wordpress\/wp-content\/uploads\/2022\/05\/luca.jpg\" data-dt-img-description=\"\" data-large_image_width=\"596\" data-large_image_height=\"367\"><img loading=\"lazy\" decoding=\"async\" class=\"size-thumbnail wp-image-277127 alignleft\" src=\"https:\/\/www.radiopiu.net\/wordpress\/wp-content\/uploads\/2022\/05\/luca-150x150.jpg\" alt=\"\" width=\"150\" height=\"150\" \/><\/a><\/h3>\n<\/blockquote>\n<p><strong>BELLUNO<\/strong> \u00c8 stata effettuata\u00a0 l&#8217;autopsia\u00a0 sul corpo di Luca Rudatis, il 37enne\u00a0 ritrovato domenica privo di vita nella sua auto a Pedavena come disposto dalla Procura, con il sostituto procuratore Marta Tollardo.\u00a0 La consulenza verr\u00e0 depositata tra 90 giorni.<\/p>\n<p>&nbsp;<\/p>\n<p>&nbsp;<\/p>\n<p>&nbsp;<\/p>\n<hr \/>\n<p>&nbsp;<\/p>\n","protected":false},"excerpt":{"rendered":"<p>ROCCA PIETORE\u00a0 Si terranno lunedi alle 14.30 nella chiesa di Rocca Pietore i funerali di Luca Rudatis, domenica sera alle 19 la recita del rosario. Un dolore immenso per il pap\u00e0 Giuseppe, la mamma Dorina con Fabio, il fratello Nicola Sorar\u00f9 con Ellen i tanti parenti ed amici, gli zii, i cugini, Giovanni in particolare,&hellip;<\/p>\n","protected":false},"author":4,"featured_media":278153,"comment_status":"closed","ping_status":"closed","sticky":false,"template":"","format":"standard","meta":{"_monsterinsights_skip_tracking":false,"_monsterinsights_sitenote_active":false,"_monsterinsights_sitenote_note":"","_monsterinsights_sitenote_category":0,"footnotes":""},"categories":[104,49],"tags":[],"class_list":["post-278094","post","type-post","status-publish","format-standard","has-post-thumbnail","hentry","category-evidenza_3","category-news-18","category-104","category-49","description-off"],"img_url":"https:\/\/www.radiopiu.net\/wordpress\/wp-content\/uploads\/2022\/05\/sss-11.jpg","_links":{"self":[{"href":"https:\/\/www.radiopiu.net\/wordpress\/wp-json\/wp\/v2\/posts\/278094","targetHints":{"allow":["GET"]}}],"collection":[{"href":"https:\/\/www.radiopiu.net\/wordpress\/wp-json\/wp\/v2\/posts"}],"about":[{"href":"https:\/\/www.radiopiu.net\/wordpress\/wp-json\/wp\/v2\/types\/post"}],"author":[{"embeddable":true,"href":"https:\/\/www.radiopiu.net\/wordpress\/wp-json\/wp\/v2\/users\/4"}],"replies":[{"embeddable":true,"href":"https:\/\/www.radiopiu.net\/wordpress\/wp-json\/wp\/v2\/comments?post=278094"}],"version-history":[{"count":0,"href":"https:\/\/www.radiopiu.net\/wordpress\/wp-json\/wp\/v2\/posts\/278094\/revisions"}],"wp:featuredmedia":[{"embeddable":true,"href":"https:\/\/www.radiopiu.net\/wordpress\/wp-json\/wp\/v2\/media\/278153"}],"wp:attachment":[{"href":"https:\/\/www.radiopiu.net\/wordpress\/wp-json\/wp\/v2\/media?parent=278094"}],"wp:term":[{"taxonomy":"category","embeddable":true,"href":"https:\/\/www.radiopiu.net\/wordpress\/wp-json\/wp\/v2\/categories?post=278094"},{"taxonomy":"post_tag","embeddable":true,"href":"https:\/\/www.radiopiu.net\/wordpress\/wp-json\/wp\/v2\/tags?post=278094"}],"curies":[{"name":"wp","href":"https:\/\/api.w.org\/{rel}","templated":true}]}}