{"id":278254,"date":"2022-05-28T09:20:02","date_gmt":"2022-05-28T07:20:02","guid":{"rendered":"https:\/\/www.radiopiu.net\/wordpress\/?p=278254"},"modified":"2022-05-29T08:32:44","modified_gmt":"2022-05-29T06:32:44","slug":"veneto-a-oggi-la-guerra-costera-1-065-euro-a-famiglia-il-governo-introduca-il-salva-salari","status":"publish","type":"post","link":"https:\/\/www.radiopiu.net\/wordpress\/veneto-a-oggi-la-guerra-costera-1-065-euro-a-famiglia-il-governo-introduca-il-salva-salari\/","title":{"rendered":"VENETO: A OGGI, LA GUERRA COSTERA\u2019 1.065 EURO A FAMIGLIA. IL GOVERNO INTRODUCA IL SALVA-SALARI"},"content":{"rendered":"<p>A oggi, gli effetti della guerra in Ucraina produrranno per l\u2019anno in corso una riduzione del Pil del Veneto di 2,2 miliardi di euro reali che corrispondono a una perdita di potere d\u2019acqusto medio per ciascuna famiglia della nostra regione pari a 1.065 euro. Se lo scorso gennaio la previsione di crescita della ricchezza prodotta in Veneto nel 2022 era al 4,2 per cento, nella successiva previsione di aprile l\u2019aumento \u00e8 stimato al 2,4 per cento, con una variazione del tasso di crescita di -1,8 punti percentuali. Boom del costo delle bollette e diminuzione dei consumi sono le voci che pi\u00f9 delle altre influenzeranno questa contrazione.<\/p>\n<p>A livello territoriale, comunque, le famiglie pi\u00f9 penalizzate saranno quelle residenti in Trentino Alto Adige (-1.685 euro), nella Valle d\u2019Aosta (-1.473 euro) e nel Lazio (-1.279 euro). Se le prime due realt\u00e0 territoriali risentiranno, principalmente, dall\u2019aumento dei costi energetici, la terza, che \u00e8 decisamente condizionata dai risultati della provincia di Roma, patir\u00e0, in particolar modo, del forte calo sia delle importazioni sia dei consumi interni. A dirlo \u00e8 l\u2019Ufficio studi della CGIA.<\/p>\n<p>Queste stime, ovviamente, sono parziali e suscettibili di cambiamenti; la situazione che abbiamo vissuto in questi primi 3 mesi di conflitto, infatti, potrebbe mutare radicalmente. Nella malaugurata ipotesi che, ad esempio, la situazione militare subisse una decisa escalation, \u00e8 evidente che queste previsioni andrebbero riviste completamente.<\/p>\n<p>Come dicevamo pi\u00f9 sopra, le stime in capo alle famiglie sono il risultato del deterioramento del quadro economico mondiale dovuto al conflitto russo-ucraino che nel nostro Paese ha provocato un forte rincaro delle bollette di luce e gas, le difficolt\u00e0 del commercio internazionale verso e da alcuni paesi, l\u2019impennata dell\u2019inflazione e la difficolt\u00e0 di reperire molte materie prime. Questa situazione provocher\u00e0 una perdita di potere d\u2019acquisto soprattutto alle famiglie del Centro e nel Nordest.<\/p>\n<p><strong>L\u2019inflazione \u00e8 regressiva: colpisce i meno abbienti<\/strong><br \/>\nL\u2019inflazione quest\u2019anno \u00e8 prevista attorno al 6 per cento e, come sostengono gli esperti, \u00e8 una tassa e della peggiore specie. Non si versa come gli altri tributi, ma la si \u201cpaga\u201d subendo la riduzione del potere d\u2019acquisto che colpisce, in particolar modo, chi ha un reddito fisso. Se quella presente quest\u2019anno \u00e8 alimentata dall\u2019aumento dei prezzi dei beni energetici che importiamo dall\u2019estero, questo tipo di inflazione \u00e8 ancor pi\u00f9 allarmante perch\u00e9 si abbatte sulle famiglie meno abbienti. Secondo l\u2019Istat, infatti, con un caro vita in crescita del 6 per cento, questo si traduce in un incremento effettivo dell\u20198,3 per cento per le famiglie pi\u00f9 povere e del 4,9 per cento per quelle benestanti. La ragione di questa assimetria \u00e8 riconducibile al fatto che nel carrello della spesa dei meno abbienti, i beni e i servizi ove i prezzi sono aumentati, come gli alimentari, pesano in proporzione maggiore delle altre tipologie di consumatori. Il Governo, secondo la CGIA, dovrebbe intervenire subito, tagliando in misura importante il cuneo fiscale. Solo con una misura salva-salari, infatti, potremmo evitare il crollo dei consumi delle famiglie e, conseguentemente, anche i ricavi degli artigiani e dei piccoli commercianti.<\/p>\n<div id=\"attachment_278255\" style=\"width: 1284px\" class=\"wp-caption alignleft\"><a class=\"dt-pswp-item\" href=\"https:\/\/www.radiopiu.net\/wordpress\/wp-content\/uploads\/2022\/05\/Schermata-2022-05-28-alle-09.13.03.png\" data-dt-img-description=\"\" data-large_image_width=\"1274\" data-large_image_height=\"1540\"><img loading=\"lazy\" decoding=\"async\" aria-describedby=\"caption-attachment-278255\" class=\"wp-image-278255 size-medium\" src=\"https:\/\/www.radiopiu.net\/wordpress\/wp-content\/uploads\/2022\/05\/Schermata-2022-05-28-alle-09.13.03-248x300.png\" alt=\"\" width=\"248\" height=\"300\" srcset=\"https:\/\/www.radiopiu.net\/wordpress\/wp-content\/uploads\/2022\/05\/Schermata-2022-05-28-alle-09.13.03-248x300.png 248w, https:\/\/www.radiopiu.net\/wordpress\/wp-content\/uploads\/2022\/05\/Schermata-2022-05-28-alle-09.13.03-847x1024.png 847w, https:\/\/www.radiopiu.net\/wordpress\/wp-content\/uploads\/2022\/05\/Schermata-2022-05-28-alle-09.13.03-768x928.png 768w, https:\/\/www.radiopiu.net\/wordpress\/wp-content\/uploads\/2022\/05\/Schermata-2022-05-28-alle-09.13.03-1271x1536.png 1271w, https:\/\/www.radiopiu.net\/wordpress\/wp-content\/uploads\/2022\/05\/Schermata-2022-05-28-alle-09.13.03.png 1274w\" sizes=\"auto, (max-width: 248px) 100vw, 248px\" \/><\/a><p id=\"caption-attachment-278255\" class=\"wp-caption-text\">(*) Perdita di PIL reale con gli sconvolgimenti e il deterioramento della situazione economica, dovuti al conflitto Ucraina-Russia, ai conseguenti effetti sui prezzi dell\u2019energia, delle materie prime e alle difficolt\u00e0 all\u2019import\/export; perdita calcolata come differenza tra le previsioni di gennaio 2022 (prima del conflitto) e di aprile 2022 (a due mesi dall\u2019inizio del conflitto). (**) Lo scarto di differenza dei tassi di crescita nelle 2 previsioni (B-A) \u00e8 pari per l\u2019Italia a -1,8 punti percentuali che equivalgono ad una contrazione percentuale del PIL (rispetto alle previsioni di gennaio 2022) dell\u20191,4%, pari in termini assoluti a 24 miliardi di euro reali (perdita di potere d\u2019acquisto).<\/p><\/div>\n<p><strong>Con la stagflazione \u00e8 a rischio anche il PNRR<\/strong><br \/>\nIl quadro economico generale si presenta a tinte molto fosche; il pericolo che il Paese stia scivolando lentamente verso la stagflazione \u00e8 molto elevato. E\u2019 un termine, quest\u2019ultimo, ai pi\u00f9 sconosciuto, anche perch\u00e9 si manifesta raramente, ovvero quando ad una bassa crescita del Pil, che nei casi pi\u00f9 drammatici diventa addirittura negativa, si affianca un\u2019inflazione molto alta che fa impennare il tasso di disoccupazione, cos\u00ec come \u00e8 successo nella seconda met\u00e0 degli anni \u201970 del secolo scorso. Probabilmente questo fenomeno non lo vivremo nel 2022, anche se il trend sembra essere segnato: le difficolt\u00e0 legate alla post-pandemia, agli effetti della guerra, alle sanzioni economiche inflitte alla Russia, all\u2019aumento sia dei prezzi delle materie prime, in particolar modo di quelle agroalimentari, e sia dei prodotti energetici, rischiano, nel medio periodo, di spingere anche la nostra economia verso una crescita pari a zero, con una inflazione che si avvierebbe a sfiorare le due cifre. Uno scenario che potrebbe addirittura rendere pressoch\u00e9 inefficaci i 235 miliardi di euro di investimenti previsti nei prossimi anni dal PNRR.<\/p>\n","protected":false},"excerpt":{"rendered":"<p>A oggi, gli effetti della guerra in Ucraina produrranno per l\u2019anno in corso una riduzione del Pil del Veneto di 2,2 miliardi di euro reali che corrispondono a una perdita di potere d\u2019acqusto medio per ciascuna famiglia della nostra regione pari a 1.065 euro. Se lo scorso gennaio la previsione di crescita della ricchezza prodotta&hellip;<\/p>\n","protected":false},"author":2,"featured_media":278261,"comment_status":"closed","ping_status":"closed","sticky":false,"template":"","format":"standard","meta":{"_monsterinsights_skip_tracking":false,"_monsterinsights_sitenote_active":false,"_monsterinsights_sitenote_note":"","_monsterinsights_sitenote_category":0,"footnotes":""},"categories":[51,49],"tags":[],"class_list":["post-278254","post","type-post","status-publish","format-standard","has-post-thumbnail","hentry","category-evidenza-top","category-news-18","category-51","category-49","description-off"],"img_url":"https:\/\/www.radiopiu.net\/wordpress\/wp-content\/uploads\/2022\/05\/man-is-putting-in-a-military-backpack-eurosxadark-green-camouflage-khaki-bag-with-money-migrants-and-refugees-concept.jpg","_links":{"self":[{"href":"https:\/\/www.radiopiu.net\/wordpress\/wp-json\/wp\/v2\/posts\/278254","targetHints":{"allow":["GET"]}}],"collection":[{"href":"https:\/\/www.radiopiu.net\/wordpress\/wp-json\/wp\/v2\/posts"}],"about":[{"href":"https:\/\/www.radiopiu.net\/wordpress\/wp-json\/wp\/v2\/types\/post"}],"author":[{"embeddable":true,"href":"https:\/\/www.radiopiu.net\/wordpress\/wp-json\/wp\/v2\/users\/2"}],"replies":[{"embeddable":true,"href":"https:\/\/www.radiopiu.net\/wordpress\/wp-json\/wp\/v2\/comments?post=278254"}],"version-history":[{"count":0,"href":"https:\/\/www.radiopiu.net\/wordpress\/wp-json\/wp\/v2\/posts\/278254\/revisions"}],"wp:featuredmedia":[{"embeddable":true,"href":"https:\/\/www.radiopiu.net\/wordpress\/wp-json\/wp\/v2\/media\/278261"}],"wp:attachment":[{"href":"https:\/\/www.radiopiu.net\/wordpress\/wp-json\/wp\/v2\/media?parent=278254"}],"wp:term":[{"taxonomy":"category","embeddable":true,"href":"https:\/\/www.radiopiu.net\/wordpress\/wp-json\/wp\/v2\/categories?post=278254"},{"taxonomy":"post_tag","embeddable":true,"href":"https:\/\/www.radiopiu.net\/wordpress\/wp-json\/wp\/v2\/tags?post=278254"}],"curies":[{"name":"wp","href":"https:\/\/api.w.org\/{rel}","templated":true}]}}