{"id":278469,"date":"2022-05-29T10:11:21","date_gmt":"2022-05-29T08:11:21","guid":{"rendered":"https:\/\/www.radiopiu.net\/wordpress\/?p=278469"},"modified":"2022-05-29T10:11:21","modified_gmt":"2022-05-29T08:11:21","slug":"collage-operazione-nostalgia-dai-classici-della-musica-rock-alle-canzoni-balneari","status":"publish","type":"post","link":"https:\/\/www.radiopiu.net\/wordpress\/collage-operazione-nostalgia-dai-classici-della-musica-rock-alle-canzoni-balneari\/","title":{"rendered":"COLLAGE OPERAZIONE NOSTALGIA DAI CLASSICI DELLA MUSICA ROCK ALLE CANZONI BALNEARI"},"content":{"rendered":"<p><strong><a class=\"dt-pswp-item\" href=\"https:\/\/www.radiopiu.net\/wordpress\/wp-content\/uploads\/2022\/05\/I-Profeti.jpg\" data-dt-img-description=\"\" data-large_image_width=\"300\" data-large_image_height=\"400\"><img loading=\"lazy\" decoding=\"async\" class=\"size-thumbnail wp-image-278483 alignleft\" src=\"https:\/\/www.radiopiu.net\/wordpress\/wp-content\/uploads\/2022\/05\/I-Profeti-150x150.jpg\" alt=\"\" width=\"150\" height=\"150\" \/><\/a>di Loris Scussel<\/strong><\/p>\n<p>La nuova settimana di Collage si aprir\u00e0 all\u2019insegna della musica italiana partendo da Adriano Celentano fino ai Gatti di Vicolo Miracoli. Marted\u00ec Jimi Hendrix, Santana, Toto e cos\u00ec via. Mercoled\u00ec il tema conduttore sar\u00e0 la parola \u201cocchi\u201d. Gioved\u00ec non solo Beatles e Rolling Stones, venerd\u00ec infine voglia d\u2019estate e spazio alle canzoni balneari italiane tipicamente estive. Collage va in onda dal luned\u00ec al venerd\u00ec alle 16,00 e alle 23,00 naturalmente su Radio Pi\u00f9.<\/p>\n<p>&nbsp;<\/p>\n<p>&nbsp;<\/p>\n<p>&nbsp;<\/p>\n<p>&nbsp;<\/p>\n<p>******<\/p>\n","protected":false},"excerpt":{"rendered":"<p>di Loris Scussel La nuova settimana di Collage si aprir\u00e0 all\u2019insegna della musica italiana partendo da Adriano Celentano fino ai Gatti di Vicolo Miracoli. Marted\u00ec Jimi Hendrix, Santana, Toto e cos\u00ec via. Mercoled\u00ec il tema conduttore sar\u00e0 la parola \u201cocchi\u201d. Gioved\u00ec non solo Beatles e Rolling Stones, venerd\u00ec infine voglia d\u2019estate e spazio alle canzoni&hellip;<\/p>\n","protected":false},"author":4,"featured_media":278483,"comment_status":"closed","ping_status":"closed","sticky":false,"template":"","format":"standard","meta":{"_monsterinsights_skip_tracking":false,"_monsterinsights_sitenote_active":false,"_monsterinsights_sitenote_note":"","_monsterinsights_sitenote_category":0,"footnotes":""},"categories":[49],"tags":[],"class_list":["post-278469","post","type-post","status-publish","format-standard","has-post-thumbnail","hentry","category-news-18","category-49","description-off"],"img_url":"https:\/\/www.radiopiu.net\/wordpress\/wp-content\/uploads\/2022\/05\/I-Profeti.jpg","_links":{"self":[{"href":"https:\/\/www.radiopiu.net\/wordpress\/wp-json\/wp\/v2\/posts\/278469","targetHints":{"allow":["GET"]}}],"collection":[{"href":"https:\/\/www.radiopiu.net\/wordpress\/wp-json\/wp\/v2\/posts"}],"about":[{"href":"https:\/\/www.radiopiu.net\/wordpress\/wp-json\/wp\/v2\/types\/post"}],"author":[{"embeddable":true,"href":"https:\/\/www.radiopiu.net\/wordpress\/wp-json\/wp\/v2\/users\/4"}],"replies":[{"embeddable":true,"href":"https:\/\/www.radiopiu.net\/wordpress\/wp-json\/wp\/v2\/comments?post=278469"}],"version-history":[{"count":0,"href":"https:\/\/www.radiopiu.net\/wordpress\/wp-json\/wp\/v2\/posts\/278469\/revisions"}],"wp:featuredmedia":[{"embeddable":true,"href":"https:\/\/www.radiopiu.net\/wordpress\/wp-json\/wp\/v2\/media\/278483"}],"wp:attachment":[{"href":"https:\/\/www.radiopiu.net\/wordpress\/wp-json\/wp\/v2\/media?parent=278469"}],"wp:term":[{"taxonomy":"category","embeddable":true,"href":"https:\/\/www.radiopiu.net\/wordpress\/wp-json\/wp\/v2\/categories?post=278469"},{"taxonomy":"post_tag","embeddable":true,"href":"https:\/\/www.radiopiu.net\/wordpress\/wp-json\/wp\/v2\/tags?post=278469"}],"curies":[{"name":"wp","href":"https:\/\/api.w.org\/{rel}","templated":true}]}}