{"id":278533,"date":"2022-05-30T13:30:47","date_gmt":"2022-05-30T11:30:47","guid":{"rendered":"https:\/\/www.radiopiu.net\/wordpress\/?p=278533"},"modified":"2022-05-29T19:12:49","modified_gmt":"2022-05-29T17:12:49","slug":"i-racconti-di-paolo-soppelsa-puntata-128","status":"publish","type":"post","link":"https:\/\/www.radiopiu.net\/wordpress\/i-racconti-di-paolo-soppelsa-puntata-128\/","title":{"rendered":"I RACCONTI DI PAOLO SOPPELSA &#8211; PUNTATA 128"},"content":{"rendered":"<p><strong>IL TELEFONO<\/strong><\/p>\n<p><em><strong>AUDIO\u00a0<\/strong><\/em><\/p>\n<audio class=\"wp-audio-shortcode\" id=\"audio-278533-1\" preload=\"none\" style=\"width: 100%;\" controls=\"controls\"><source type=\"audio\/mpeg\" src=\"https:\/\/www.radiopiu.net\/wordpress\/wp-content\/uploads\/2022\/05\/PAOLO-SOPPELSA-IL-TELEFONO.mp3?_=1\" \/><a href=\"https:\/\/www.radiopiu.net\/wordpress\/wp-content\/uploads\/2022\/05\/PAOLO-SOPPELSA-IL-TELEFONO.mp3\">https:\/\/www.radiopiu.net\/wordpress\/wp-content\/uploads\/2022\/05\/PAOLO-SOPPELSA-IL-TELEFONO.mp3<\/a><\/audio>\n<p>&nbsp;<\/p>\n<p><a class=\"dt-pswp-item\" href=\"https:\/\/www.radiopiu.net\/wordpress\/wp-content\/uploads\/2022\/05\/bd561257-9487-42d0-9f17-eb5bc99edf39.jpg\" data-dt-img-description=\"\" data-large_image_width=\"1080\" data-large_image_height=\"936\"><img loading=\"lazy\" decoding=\"async\" class=\"size-thumbnail wp-image-278535 alignleft\" src=\"https:\/\/www.radiopiu.net\/wordpress\/wp-content\/uploads\/2022\/05\/bd561257-9487-42d0-9f17-eb5bc99edf39-150x150.jpg\" alt=\"\" width=\"150\" height=\"150\" \/><\/a>Il telefono fece la sua comparsa nella casa di fronte al Pelsa nel 1984. Fu un anno importante quello in cui si disputarono le Olimpiadi di Los Angeles; la Apple lanci\u00f2 il suo primo computer e nella &#8220;stua&#8221; della casa dei nonni comparve l&#8217;apparecchio telefonico; e fu un fatto epocale, un salto tecnologico mica da ridere. Fino a quel momento la vita infrasettimanale dei nonni era un mistero che poteva essere svelato solamente nel fine settimana, ovvero quando i Cavalieri della 203, dopo i canonici trentacinque minuti di viaggio, approdavano nella frazione che fronteggia Ghisel. Solamente allora si potevano conoscere i dettagli dei sette giorni appena trascorsi. Solo nel caso di eventi calamitosi, come ad esempio decessi non oltre il secondo grado di parentela, malori gravi o qualche altro accidente importante, si poteva ricorrere all&#8217;opzione &#8220;cabina telefonica del bar&#8221;. Ma scegliere questa opzione, richiedeva lunghi momenti di riflessione; e poi, nel caso fosse stata presa la solenne decisione di usufruire del servizio telefonico pubblico, l&#8217;operazione risultava alquanto macchinosa. Dapprima occorreva recarsi al bar percorrendo quasi un chilometro in leggera salita, poi bere qualcosa &#8220;par creanza&#8221; e infine operare il fatidico scambio Lire\/gettoni. Ultimate queste operazioni, se la cabina di colore beige era libera, l&#8217;utente poteva finalmente entrare in quella scatola insonorizzata che sembrava la stessa in cui venivano rinchiusi i concorrenti dei quiz di Mike Bongiorno. Tutto ci\u00f2, alla met\u00e0 degli anni &#8217;80, iniziava ad apparire anacronistico; la tecnologia avanzava come pure l&#8217;et\u00e0 dei nonni, e cos\u00ec, visto che in casa a Belluno il telefono era presente ormai da qualche anno, sarebbe stato interessante poter comunicare direttamente con i nonni senza dover passare per la cabina. Dopo la ponderata decisione, venne tirato il filo dalla &#8220;palina&#8221; vicino casa e finalmente fu installato il telefono grigio con la rotella, uguale a quello che avevamo in soggiorno a Belluno. L&#8217;apparecchio trov\u00f2 alloggio su di una mensola apposita situata in un angolo di quella &#8220;stua&#8221; appena perlinata. Sopra il telefono c&#8217;era la &#8220;pendola&#8221; che pareva scandire il tempo di quelle telefonate, e talvolta, durante le sempre brevi conversazioni, potevo conoscere anche l&#8217;ora precisa, annunciata dai potenti &#8220;sdeng&#8221; battuti con forza dall&#8217;orologio, che si intromettevano disturbando quei dialoghi in dialetto &#8220;de San Tomas&#8221;. Sembrava quasi un sogno poter avere notizie in tempo reale da lass\u00f9; ora potevamo chiamare per conoscere chi era morto in paese, oppure per sapere quanta neve era scesa. Perfino avvisare che domenica avremmo pranzato di fronte al Pelsa o magari per chiedere semplicemente &#8220;come vala&#8221;. Noi a Belluno eravamo abituati al telefono, e pur con opportuna parsimonia, lo utilizzavano con disinvoltura. A San Tomaso, invece, occorse un po&#8217; di tempo per familiarizzare con la novit\u00e0 arrivata in casa nel 1984. La &#8220;SIP&#8221; stampigliata sulle bollette incuteva rispetto, e poi c&#8217;erano i temuti &#8220;scatti&#8221;. Cos\u00ec, almeno nei primi tempi, la frequenza delle telefonate era appena superiore a quella del periodo antecedente, ovvero a quello in cui occorreva recarsi alla cabina, e i dialoghi erano in stile telegramma per tentare di accorciare i tempi di chiamata. Poi, con il tempo, anche i nonni familiarizzarono con numeri e prefissi, ed il telefonarsi a vicenda divenne una piacevole abitudine quasi quotidiana. Il tutto dur\u00f2 qualche anno, poi quella epopea di telefonia analogica-dolomitica, si spense definitivamente. I nonni si ritrovarono a riposare per sempre sotto alla chiesa che guarda il Civetta e il telefono rimase muto, sostituito qualche tempo dopo dal primo cellulare entrato in casa; che per telefonare da San Tomaso dovevi puntare il ripetitore di Col Mandro e rimanere perfettamente immobile, pena l&#8217;immediata caduta della linea. Ripos\u00f2 sulla sua mensola per circa vent&#8217;anni il vecchio telefono che nessuno ebbe il coraggio di buttare nel cassone dell&#8217;ecocentro; come una sorta di reliquia che ricordava i bei tempi, di quando c&#8217;eravamo tutti e &#8220;via par Colaz l&#8217;era &#8216;ncora i prai&#8221;.<\/p>\n<p>&nbsp;<\/p>\n<p>&nbsp;<\/p>\n<p>*****<\/p>\n","protected":false},"excerpt":{"rendered":"<p>IL TELEFONO AUDIO\u00a0 &nbsp; Il telefono fece la sua comparsa nella casa di fronte al Pelsa nel 1984. Fu un anno importante quello in cui si disputarono le Olimpiadi di Los Angeles; la Apple lanci\u00f2 il suo primo computer e nella &#8220;stua&#8221; della casa dei nonni comparve l&#8217;apparecchio telefonico; e fu un fatto epocale, un&hellip;<\/p>\n","protected":false},"author":4,"featured_media":278535,"comment_status":"closed","ping_status":"closed","sticky":false,"template":"","format":"standard","meta":{"_monsterinsights_skip_tracking":false,"_monsterinsights_sitenote_active":false,"_monsterinsights_sitenote_note":"","_monsterinsights_sitenote_category":0,"footnotes":""},"categories":[49,112],"tags":[],"class_list":["post-278533","post","type-post","status-publish","format-standard","has-post-thumbnail","hentry","category-news-18","category-racconti-soppelsa","category-49","category-112","description-off"],"img_url":"https:\/\/www.radiopiu.net\/wordpress\/wp-content\/uploads\/2022\/05\/bd561257-9487-42d0-9f17-eb5bc99edf39.jpg","_links":{"self":[{"href":"https:\/\/www.radiopiu.net\/wordpress\/wp-json\/wp\/v2\/posts\/278533","targetHints":{"allow":["GET"]}}],"collection":[{"href":"https:\/\/www.radiopiu.net\/wordpress\/wp-json\/wp\/v2\/posts"}],"about":[{"href":"https:\/\/www.radiopiu.net\/wordpress\/wp-json\/wp\/v2\/types\/post"}],"author":[{"embeddable":true,"href":"https:\/\/www.radiopiu.net\/wordpress\/wp-json\/wp\/v2\/users\/4"}],"replies":[{"embeddable":true,"href":"https:\/\/www.radiopiu.net\/wordpress\/wp-json\/wp\/v2\/comments?post=278533"}],"version-history":[{"count":0,"href":"https:\/\/www.radiopiu.net\/wordpress\/wp-json\/wp\/v2\/posts\/278533\/revisions"}],"wp:featuredmedia":[{"embeddable":true,"href":"https:\/\/www.radiopiu.net\/wordpress\/wp-json\/wp\/v2\/media\/278535"}],"wp:attachment":[{"href":"https:\/\/www.radiopiu.net\/wordpress\/wp-json\/wp\/v2\/media?parent=278533"}],"wp:term":[{"taxonomy":"category","embeddable":true,"href":"https:\/\/www.radiopiu.net\/wordpress\/wp-json\/wp\/v2\/categories?post=278533"},{"taxonomy":"post_tag","embeddable":true,"href":"https:\/\/www.radiopiu.net\/wordpress\/wp-json\/wp\/v2\/tags?post=278533"}],"curies":[{"name":"wp","href":"https:\/\/api.w.org\/{rel}","templated":true}]}}