{"id":278545,"date":"2022-05-31T06:00:20","date_gmt":"2022-05-31T04:00:20","guid":{"rendered":"https:\/\/www.radiopiu.net\/wordpress\/?p=278545"},"modified":"2022-05-31T11:17:13","modified_gmt":"2022-05-31T09:17:13","slug":"giornale-radiopiu-31-maggio-2022-direttore-mirko-mezzacasa","status":"publish","type":"post","link":"https:\/\/www.radiopiu.net\/wordpress\/giornale-radiopiu-31-maggio-2022-direttore-mirko-mezzacasa\/","title":{"rendered":"GIORNALE RADIOPIU 31 MAGGIO 2022 DIRETTORE MIRKO MEZZACASA"},"content":{"rendered":"<h3 class=\"kvgmc6g5 cxmmr5t8 oygrvhab hcukyx3x c1et5uql\"><span style=\"color: #0000ff;\"><strong>RADIO PIU INFORMAZIONE il canale su TELEGRAM informazione di prima\u00a0 <\/strong><\/span><span style=\"color: #0000ff;\"><strong>mano e in tempo reale. iscriviti ed aiutaci a farlo conoscere\u00a0\u00a0<\/strong><\/span><\/h3>\n<p>&nbsp;<\/p>\n<hr \/>\n<p>&nbsp;<\/p>\n<blockquote>\n<h3>ACQUA NON POTABILE A COLLAZ DI LIVINALLONGO<\/h3>\n<\/blockquote>\n<p><strong><a class=\"dt-pswp-item\" href=\"https:\/\/www.radiopiu.net\/wordpress\/wp-content\/uploads\/2018\/08\/ACQUA.jpeg\" data-dt-img-description=\"\" data-large_image_width=\"1280\" data-large_image_height=\"768\"><img loading=\"lazy\" decoding=\"async\" class=\"alignleft wp-image-57052 \" src=\"https:\/\/www.radiopiu.net\/wordpress\/wp-content\/uploads\/2018\/08\/ACQUA-300x180.jpeg\" alt=\"\" width=\"160\" height=\"96\" srcset=\"https:\/\/www.radiopiu.net\/wordpress\/wp-content\/uploads\/2018\/08\/ACQUA-300x180.jpeg 300w, https:\/\/www.radiopiu.net\/wordpress\/wp-content\/uploads\/2018\/08\/ACQUA-768x461.jpeg 768w, https:\/\/www.radiopiu.net\/wordpress\/wp-content\/uploads\/2018\/08\/ACQUA-1024x614.jpeg 1024w, https:\/\/www.radiopiu.net\/wordpress\/wp-content\/uploads\/2018\/08\/ACQUA.jpeg 1280w\" sizes=\"auto, (max-width: 160px) 100vw, 160px\" \/><\/a>LIVINALLONGO<\/strong> Gestione Servizi Pubblici informa che a LIVINALLONGO DEL COL DI LANA in localit\u00e0 COLLAZ l&#8217;acqua erogata dall&#8217;acquedotto non \u00e8 potabile e pu\u00f2 essere usata per scopi alimentari SOLO PREVIA bollitura. GSP ha, comunque, gi\u00e0 adottato le necessarie misure per la disinfezione dell&#8217;acqua presente nei serbatoi e nella rete idrica con l&#8217;aggiunta di cloro.<\/p>\n<p>&nbsp;<\/p>\n<p>&nbsp;<\/p>\n<hr \/>\n<p>&nbsp;<\/p>\n<blockquote>\n<h3>CON IL PARAPENDIO CONTRO I CAVI ELETTRICI, SOCCORSO DAGLI ABITANTI DELLA ZONA CHE HANNO SENTITO UN GRAN COLPO, COME UN&#8217;ESPLOSIONE. L&#8217;ALTRO PILOTA ERA APPENA ATTERRATO SENZA PROBLEMI<\/h3>\n<\/blockquote>\n<p><strong>PONTE NELLE ALPI<\/strong> Finisce con il parapendio contro i cavi elettrici in localit\u00e0 Casan verso la Val Cantuna, portato in ospedale pu\u00f2 sorridere visto come sono andate le cose. L&#8217;uomo, Matteo De March, un trentasettenne del luogo,\u00a0 infatti se l&#8217;\u00e8 cavata con alcune bruciature comunque di una certa consistenza sul polpaccio dove ha subito la scarica da 20mila volt. Sul posto i Vigili del Fuoco, il personale Suem e gli uomini dell&#8217;Enel per il recupero della vela rimasta sui cavi che ha comportato lo stacco dell&#8217;energia elettrica sulla linea da 20mila.\u00a0 Sospesa l&#8217;alimentazione elettrica in due frazioni, la squadra Enel \u00e8 arrivata tempestivamente sul posto e ha rimesso in funzione in funzione la linea in un paio d&#8217;ore. L&#8217;altro parapendio\u00a0 \u00e8 atterrato pi\u00f9 avanti rispetto al punto dell&#8217;incidente.<\/p>\n\n\t\t\t<style type='text\/css'>\n\t\t\t\t#gallery-1 {\n\t\t\t\t\tmargin: auto;\n\t\t\t\t}\n\t\t\t\t#gallery-1 .gallery-item {\n\t\t\t\t\tfloat: left;\n\t\t\t\t\tmargin-top: 10px;\n\t\t\t\t\ttext-align: center;\n\t\t\t\t\twidth: 33%;\n\t\t\t\t}\n\t\t\t\t#gallery-1 img {\n\t\t\t\t\tborder: 2px solid #cfcfcf;\n\t\t\t\t}\n\t\t\t\t#gallery-1 .gallery-caption {\n\t\t\t\t\tmargin-left: 0;\n\t\t\t\t}\n\t\t\t\t\/* see gallery_shortcode() in wp-includes\/media.php *\/\n\t\t\t<\/style>\n\t\t<div id='gallery-1' class='dt-gallery-container gallery galleryid-278545 gallery-columns-3 gallery-size-thumbnail'><dl class='gallery-item'>\n\t\t\t\t<dt class='gallery-icon portrait'>\n\t\t\t\t\t<a class=\"rollover rollover-zoom dt-pswp-item\" title=\"775bbe67-68e5-43da-8d21-085b62d6be0a\" data-dt-img-description=\"\" data-large_image_width=\"960\" data-large_image_height=\"1280\"href='https:\/\/www.radiopiu.net\/wordpress\/wp-content\/uploads\/2022\/05\/775bbe67-68e5-43da-8d21-085b62d6be0a.jpg'><img loading=\"lazy\" decoding=\"async\" width=\"150\" height=\"150\" src=\"https:\/\/www.radiopiu.net\/wordpress\/wp-content\/uploads\/2022\/05\/775bbe67-68e5-43da-8d21-085b62d6be0a-150x150.jpg\" class=\"attachment-thumbnail size-thumbnail\" alt=\"\" \/><\/a>\n\t\t\t\t<\/dt><\/dl><dl class='gallery-item'>\n\t\t\t\t<dt class='gallery-icon portrait'>\n\t\t\t\t\t<a class=\"rollover rollover-zoom dt-pswp-item\" title=\"b7731f44-6d29-4f17-b934-09a0a7a56f26\" data-dt-img-description=\"\" data-large_image_width=\"1200\" data-large_image_height=\"1600\"href='https:\/\/www.radiopiu.net\/wordpress\/wp-content\/uploads\/2022\/05\/b7731f44-6d29-4f17-b934-09a0a7a56f26.jpg'><img loading=\"lazy\" decoding=\"async\" width=\"150\" height=\"150\" src=\"https:\/\/www.radiopiu.net\/wordpress\/wp-content\/uploads\/2022\/05\/b7731f44-6d29-4f17-b934-09a0a7a56f26-150x150.jpg\" class=\"attachment-thumbnail size-thumbnail\" alt=\"\" \/><\/a>\n\t\t\t\t<\/dt><\/dl><dl class='gallery-item'>\n\t\t\t\t<dt class='gallery-icon portrait'>\n\t\t\t\t\t<a class=\"rollover rollover-zoom dt-pswp-item\" title=\"9f752b65-559c-4087-9bae-6d228efa5906\" data-dt-img-description=\"\" data-large_image_width=\"1200\" data-large_image_height=\"1600\"href='https:\/\/www.radiopiu.net\/wordpress\/wp-content\/uploads\/2022\/05\/9f752b65-559c-4087-9bae-6d228efa5906-1.jpg'><img loading=\"lazy\" decoding=\"async\" width=\"150\" height=\"150\" src=\"https:\/\/www.radiopiu.net\/wordpress\/wp-content\/uploads\/2022\/05\/9f752b65-559c-4087-9bae-6d228efa5906-1-150x150.jpg\" class=\"attachment-thumbnail size-thumbnail\" alt=\"\" \/><\/a>\n\t\t\t\t<\/dt><\/dl><br style=\"clear: both\" \/>\n\t\t\t<\/div>\n\n<p>&nbsp;<\/p>\n<hr \/>\n<p>&nbsp;<\/p>\n<blockquote>\n<h3>RECUPERATA COPPIA DI ESCURSIONISTI IN DIFFICOLTA&#8217; A FORCELLA VENEGIOTA<\/h3>\n<\/blockquote>\n<p><strong><a class=\"dt-pswp-item\" href=\"https:\/\/www.radiopiu.net\/wordpress\/wp-content\/uploads\/2022\/05\/salt_20220530_193912_557.jpg\" data-dt-img-description=\"\" data-large_image_width=\"2364\" data-large_image_height=\"1773\"><img loading=\"lazy\" decoding=\"async\" class=\"size-thumbnail wp-image-278779 alignleft\" src=\"https:\/\/www.radiopiu.net\/wordpress\/wp-content\/uploads\/2022\/05\/salt_20220530_193912_557-150x150.jpg\" alt=\"\" width=\"150\" height=\"150\" \/><\/a>FALCADE<\/strong> Ieri alle 16.40 circa la Centrale del Suem ha allertato il Soccorso alpino della Val Biois, per una coppia di escursionisti laziali in difficolt\u00e0 all&#8217;altezza di Forcella Venegiota. Partiti questa mattina dal Passo Valles, i due G.M., 26 anni di Manziana (RM) lei e L.A., 30 anni, di Albano Laziale (RM), lui, raggiunto il Rifugio Mulaz, avevano proseguito lungo l&#8217;itinerario ad anello al confine tra Veneto e Trentino. Giunti a Forcella Venegiota per\u00f2, in un punto dove bisogna attraversare tenendosi a un cordino metallico, la neve lo aveva nascosto, i due ragazzi non se la sono sentita di proseguire e hanno chiesto aiuto. Imbarcato un soccorritore per guidare l&#8217;equipaggio, l&#8217;elicottero del Suem di Pieve di Cadore a causa della nebbia \u00e8 riuscito a sbarcare lui e il tecnico di elisoccorso in un canale, un centinaio di metri pi\u00f9 sotto. Raggiunta la coppia risalendo il canale a 2.300 metri di quota, grazie alle precise coordinate, i soccorritori li hanno assicurati e sono scesi con loro per circa 300 metri di dislivello, poich\u00e9 le nuvole si erano nel frattempo abbassate. Una volta arrivati in un punto agevole per l&#8217;imbarco, soccorritori ed escursionisti sono saliti in hovering. La coppia \u00e8 stata lasciata in piazzola a Falcade, da dove una squadra l&#8217;ha poi riaccompagnata a Passo Valles alla macchina.<\/p>\n<p>&nbsp;<\/p>\n<div style=\"width: 640px;\" class=\"wp-video\"><video class=\"wp-video-shortcode\" id=\"video-278545-1\" width=\"640\" height=\"352\" preload=\"metadata\" controls=\"controls\"><source type=\"video\/mp4\" src=\"https:\/\/www.radiopiu.net\/wordpress\/wp-content\/uploads\/2022\/05\/WhatsApp-Video-2022-05-30-at-18.45.34.mp4?_=1\" \/><a href=\"https:\/\/www.radiopiu.net\/wordpress\/wp-content\/uploads\/2022\/05\/WhatsApp-Video-2022-05-30-at-18.45.34.mp4\">https:\/\/www.radiopiu.net\/wordpress\/wp-content\/uploads\/2022\/05\/WhatsApp-Video-2022-05-30-at-18.45.34.mp4<\/a><\/video><\/div>\n<p>&nbsp;<\/p>\n<hr \/>\n<p>&nbsp;<\/p>\n<blockquote>\n<h3>UN MALORE E&#8217; LA CAUSA DELL&#8217;INCIDENTE DI IERI, GRAVE UN ANZIANO<\/h3>\n<\/blockquote>\n<p><strong><img loading=\"lazy\" decoding=\"async\" class=\"alignleft\" src=\"https:\/\/www.radiopiu.net\/wordpress\/wp-content\/uploads\/2018\/07\/ambulanza.jpg\" width=\"156\" height=\"117\" \/>BELLUNO<\/strong> E.A.S., 75 anni di Cesiomaggiore, \u00e8 ricoverato nel reparto di Terapia intensiva in gravi condizioni. L&#8217;incidente stradale sul cavalcavia di Marisiga ieri pomeriggio, l&#8217;uomo era al volante di una Kuga quando \u00e8 stato colto da malore e si \u00e8 schiantata sul guard rail. E&#8217; stato estratto dall&#8217;abitacolo dai soccorritori che gli hanno praticato le manovre di rianimazione, quindi il trasferimento al San Martino, non sono rimaste coinvolte altre vetture o automobilisti. Il viadotto all&#8217;ingresso della citt\u00e0 \u00e8 rimasto chiuso per circa un&#8217;ora Il 75enne \u00e8 in prognosi riservata nella rianimazione dell&#8217;ospedale.<\/p>\n<p>&nbsp;<\/p>\n<hr \/>\n<blockquote>\n<h3><\/h3>\n<h3>L&#8217;EX VICESINDACO FUORI STRADA SULLA STRADA DEL CIANA&#8217;<strong>\u00a0<\/strong><\/h3>\n<\/blockquote>\n<p><strong><a class=\"dt-pswp-item\" href=\"https:\/\/www.radiopiu.net\/wordpress\/wp-content\/uploads\/2022\/05\/87164984_183797669540164_7674178050447114240_n.jpg\" data-dt-img-description=\"\" data-large_image_width=\"1080\" data-large_image_height=\"1082\"><img loading=\"lazy\" decoding=\"async\" class=\" wp-image-278810 alignleft\" src=\"https:\/\/www.radiopiu.net\/wordpress\/wp-content\/uploads\/2022\/05\/87164984_183797669540164_7674178050447114240_n-150x150.jpg\" alt=\"\" width=\"96\" height=\"96\" srcset=\"https:\/\/www.radiopiu.net\/wordpress\/wp-content\/uploads\/2022\/05\/87164984_183797669540164_7674178050447114240_n-150x150.jpg 150w, https:\/\/www.radiopiu.net\/wordpress\/wp-content\/uploads\/2022\/05\/87164984_183797669540164_7674178050447114240_n-300x300.jpg 300w, https:\/\/www.radiopiu.net\/wordpress\/wp-content\/uploads\/2022\/05\/87164984_183797669540164_7674178050447114240_n-1022x1024.jpg 1022w, https:\/\/www.radiopiu.net\/wordpress\/wp-content\/uploads\/2022\/05\/87164984_183797669540164_7674178050447114240_n-768x769.jpg 768w, https:\/\/www.radiopiu.net\/wordpress\/wp-content\/uploads\/2022\/05\/87164984_183797669540164_7674178050447114240_n.jpg 1080w\" sizes=\"auto, (max-width: 96px) 100vw, 96px\" \/><\/a>SANTO STEFANO DI CADORE<\/strong> \u00a0Silver De Zolt \u00e8 finito fuoristrada mentre stava scendendo da Cima Canale, in Val Visdende.\u00a0 La Jeep Cherokee si \u00e8 fermato contro un sasso, 5-6 metri sotto la strada. Fortunatamente\u00a0 non si \u00e8 fatto male ed in autonomia ha chiamato il 118, che ha allertato il distaccamento dei vigili del fuoco. Portato al\u00a0 pronto soccorso dell&#8217;ospedale di Pieve per\u00a0 gli accertamenti.<\/p>\n<p>&nbsp;<\/p>\n<p>&nbsp;<\/p>\n<p>FOTO<\/p>\n\n\t\t\t<style type='text\/css'>\n\t\t\t\t#gallery-2 {\n\t\t\t\t\tmargin: auto;\n\t\t\t\t}\n\t\t\t\t#gallery-2 .gallery-item {\n\t\t\t\t\tfloat: left;\n\t\t\t\t\tmargin-top: 10px;\n\t\t\t\t\ttext-align: center;\n\t\t\t\t\twidth: 33%;\n\t\t\t\t}\n\t\t\t\t#gallery-2 img {\n\t\t\t\t\tborder: 2px solid #cfcfcf;\n\t\t\t\t}\n\t\t\t\t#gallery-2 .gallery-caption {\n\t\t\t\t\tmargin-left: 0;\n\t\t\t\t}\n\t\t\t\t\/* see gallery_shortcode() in wp-includes\/media.php *\/\n\t\t\t<\/style>\n\t\t<div id='gallery-2' class='dt-gallery-container gallery galleryid-278545 gallery-columns-3 gallery-size-medium'><dl class='gallery-item'>\n\t\t\t\t<dt class='gallery-icon landscape'>\n\t\t\t\t\t<a class=\"rollover rollover-zoom dt-pswp-item\" title=\"e48ae128-d204-4556-9e48-4fcb94804174\" data-dt-img-description=\"\" data-large_image_width=\"1280\" data-large_image_height=\"858\"href='https:\/\/www.radiopiu.net\/wordpress\/wp-content\/uploads\/2022\/05\/e48ae128-d204-4556-9e48-4fcb94804174.jpg'><img loading=\"lazy\" decoding=\"async\" width=\"300\" height=\"201\" src=\"https:\/\/www.radiopiu.net\/wordpress\/wp-content\/uploads\/2022\/05\/e48ae128-d204-4556-9e48-4fcb94804174-300x201.jpg\" class=\"attachment-medium size-medium\" alt=\"\" srcset=\"https:\/\/www.radiopiu.net\/wordpress\/wp-content\/uploads\/2022\/05\/e48ae128-d204-4556-9e48-4fcb94804174-300x201.jpg 300w, https:\/\/www.radiopiu.net\/wordpress\/wp-content\/uploads\/2022\/05\/e48ae128-d204-4556-9e48-4fcb94804174-1024x686.jpg 1024w, https:\/\/www.radiopiu.net\/wordpress\/wp-content\/uploads\/2022\/05\/e48ae128-d204-4556-9e48-4fcb94804174-768x515.jpg 768w, https:\/\/www.radiopiu.net\/wordpress\/wp-content\/uploads\/2022\/05\/e48ae128-d204-4556-9e48-4fcb94804174.jpg 1280w\" sizes=\"auto, (max-width: 300px) 100vw, 300px\" \/><\/a>\n\t\t\t\t<\/dt><\/dl><dl class='gallery-item'>\n\t\t\t\t<dt class='gallery-icon landscape'>\n\t\t\t\t\t<a class=\"rollover rollover-zoom dt-pswp-item\" title=\"a5d649e4-319c-45bd-b636-28c835aeaecf\" data-dt-img-description=\"\" data-large_image_width=\"1280\" data-large_image_height=\"960\"href='https:\/\/www.radiopiu.net\/wordpress\/wp-content\/uploads\/2022\/05\/a5d649e4-319c-45bd-b636-28c835aeaecf.jpg'><img loading=\"lazy\" decoding=\"async\" width=\"300\" height=\"225\" src=\"https:\/\/www.radiopiu.net\/wordpress\/wp-content\/uploads\/2022\/05\/a5d649e4-319c-45bd-b636-28c835aeaecf-300x225.jpg\" class=\"attachment-medium size-medium\" alt=\"\" srcset=\"https:\/\/www.radiopiu.net\/wordpress\/wp-content\/uploads\/2022\/05\/a5d649e4-319c-45bd-b636-28c835aeaecf-300x225.jpg 300w, https:\/\/www.radiopiu.net\/wordpress\/wp-content\/uploads\/2022\/05\/a5d649e4-319c-45bd-b636-28c835aeaecf-1024x768.jpg 1024w, https:\/\/www.radiopiu.net\/wordpress\/wp-content\/uploads\/2022\/05\/a5d649e4-319c-45bd-b636-28c835aeaecf-768x576.jpg 768w, https:\/\/www.radiopiu.net\/wordpress\/wp-content\/uploads\/2022\/05\/a5d649e4-319c-45bd-b636-28c835aeaecf.jpg 1280w\" sizes=\"auto, (max-width: 300px) 100vw, 300px\" \/><\/a>\n\t\t\t\t<\/dt><\/dl><dl class='gallery-item'>\n\t\t\t\t<dt class='gallery-icon landscape'>\n\t\t\t\t\t<a class=\"rollover rollover-zoom dt-pswp-item\" title=\"be692699-a2e5-4d90-9f3e-35684e009b3a\" data-dt-img-description=\"\" data-large_image_width=\"1280\" data-large_image_height=\"960\"href='https:\/\/www.radiopiu.net\/wordpress\/wp-content\/uploads\/2022\/05\/be692699-a2e5-4d90-9f3e-35684e009b3a.jpg'><img loading=\"lazy\" decoding=\"async\" width=\"300\" height=\"225\" src=\"https:\/\/www.radiopiu.net\/wordpress\/wp-content\/uploads\/2022\/05\/be692699-a2e5-4d90-9f3e-35684e009b3a-300x225.jpg\" class=\"attachment-medium size-medium\" alt=\"\" srcset=\"https:\/\/www.radiopiu.net\/wordpress\/wp-content\/uploads\/2022\/05\/be692699-a2e5-4d90-9f3e-35684e009b3a-300x225.jpg 300w, https:\/\/www.radiopiu.net\/wordpress\/wp-content\/uploads\/2022\/05\/be692699-a2e5-4d90-9f3e-35684e009b3a-1024x768.jpg 1024w, https:\/\/www.radiopiu.net\/wordpress\/wp-content\/uploads\/2022\/05\/be692699-a2e5-4d90-9f3e-35684e009b3a-768x576.jpg 768w, https:\/\/www.radiopiu.net\/wordpress\/wp-content\/uploads\/2022\/05\/be692699-a2e5-4d90-9f3e-35684e009b3a.jpg 1280w\" sizes=\"auto, (max-width: 300px) 100vw, 300px\" \/><\/a>\n\t\t\t\t<\/dt><\/dl><br style=\"clear: both\" \/><dl class='gallery-item'>\n\t\t\t\t<dt class='gallery-icon landscape'>\n\t\t\t\t\t<a class=\"rollover rollover-zoom dt-pswp-item\" title=\"6399f682-6a40-4cc5-b8b9-c48589c085bf\" data-dt-img-description=\"\" data-large_image_width=\"1280\" data-large_image_height=\"960\"href='https:\/\/www.radiopiu.net\/wordpress\/wp-content\/uploads\/2022\/05\/6399f682-6a40-4cc5-b8b9-c48589c085bf.jpg'><img loading=\"lazy\" decoding=\"async\" width=\"300\" height=\"225\" src=\"https:\/\/www.radiopiu.net\/wordpress\/wp-content\/uploads\/2022\/05\/6399f682-6a40-4cc5-b8b9-c48589c085bf-300x225.jpg\" class=\"attachment-medium size-medium\" alt=\"\" srcset=\"https:\/\/www.radiopiu.net\/wordpress\/wp-content\/uploads\/2022\/05\/6399f682-6a40-4cc5-b8b9-c48589c085bf-300x225.jpg 300w, https:\/\/www.radiopiu.net\/wordpress\/wp-content\/uploads\/2022\/05\/6399f682-6a40-4cc5-b8b9-c48589c085bf-1024x768.jpg 1024w, https:\/\/www.radiopiu.net\/wordpress\/wp-content\/uploads\/2022\/05\/6399f682-6a40-4cc5-b8b9-c48589c085bf-768x576.jpg 768w, https:\/\/www.radiopiu.net\/wordpress\/wp-content\/uploads\/2022\/05\/6399f682-6a40-4cc5-b8b9-c48589c085bf.jpg 1280w\" sizes=\"auto, (max-width: 300px) 100vw, 300px\" \/><\/a>\n\t\t\t\t<\/dt><\/dl><dl class='gallery-item'>\n\t\t\t\t<dt class='gallery-icon landscape'>\n\t\t\t\t\t<a class=\"rollover rollover-zoom dt-pswp-item\" title=\"ecc83f06-f2a9-4ff8-a015-76b50038519c\" data-dt-img-description=\"\" data-large_image_width=\"1280\" data-large_image_height=\"960\"href='https:\/\/www.radiopiu.net\/wordpress\/wp-content\/uploads\/2022\/05\/ecc83f06-f2a9-4ff8-a015-76b50038519c.jpg'><img loading=\"lazy\" decoding=\"async\" width=\"300\" height=\"225\" src=\"https:\/\/www.radiopiu.net\/wordpress\/wp-content\/uploads\/2022\/05\/ecc83f06-f2a9-4ff8-a015-76b50038519c-300x225.jpg\" class=\"attachment-medium size-medium\" alt=\"\" srcset=\"https:\/\/www.radiopiu.net\/wordpress\/wp-content\/uploads\/2022\/05\/ecc83f06-f2a9-4ff8-a015-76b50038519c-300x225.jpg 300w, https:\/\/www.radiopiu.net\/wordpress\/wp-content\/uploads\/2022\/05\/ecc83f06-f2a9-4ff8-a015-76b50038519c-1024x768.jpg 1024w, https:\/\/www.radiopiu.net\/wordpress\/wp-content\/uploads\/2022\/05\/ecc83f06-f2a9-4ff8-a015-76b50038519c-768x576.jpg 768w, https:\/\/www.radiopiu.net\/wordpress\/wp-content\/uploads\/2022\/05\/ecc83f06-f2a9-4ff8-a015-76b50038519c.jpg 1280w\" sizes=\"auto, (max-width: 300px) 100vw, 300px\" \/><\/a>\n\t\t\t\t<\/dt><\/dl><dl class='gallery-item'>\n\t\t\t\t<dt class='gallery-icon landscape'>\n\t\t\t\t\t<a class=\"rollover rollover-zoom dt-pswp-item\" title=\"4631c3a3-2a73-45e6-9ca5-b52f71d5fe3e\" data-dt-img-description=\"\" data-large_image_width=\"1280\" data-large_image_height=\"960\"href='https:\/\/www.radiopiu.net\/wordpress\/wp-content\/uploads\/2022\/05\/4631c3a3-2a73-45e6-9ca5-b52f71d5fe3e.jpg'><img loading=\"lazy\" decoding=\"async\" width=\"300\" height=\"225\" src=\"https:\/\/www.radiopiu.net\/wordpress\/wp-content\/uploads\/2022\/05\/4631c3a3-2a73-45e6-9ca5-b52f71d5fe3e-300x225.jpg\" class=\"attachment-medium size-medium\" alt=\"\" srcset=\"https:\/\/www.radiopiu.net\/wordpress\/wp-content\/uploads\/2022\/05\/4631c3a3-2a73-45e6-9ca5-b52f71d5fe3e-300x225.jpg 300w, https:\/\/www.radiopiu.net\/wordpress\/wp-content\/uploads\/2022\/05\/4631c3a3-2a73-45e6-9ca5-b52f71d5fe3e-1024x768.jpg 1024w, https:\/\/www.radiopiu.net\/wordpress\/wp-content\/uploads\/2022\/05\/4631c3a3-2a73-45e6-9ca5-b52f71d5fe3e-768x576.jpg 768w, https:\/\/www.radiopiu.net\/wordpress\/wp-content\/uploads\/2022\/05\/4631c3a3-2a73-45e6-9ca5-b52f71d5fe3e.jpg 1280w\" sizes=\"auto, (max-width: 300px) 100vw, 300px\" \/><\/a>\n\t\t\t\t<\/dt><\/dl><br style=\"clear: both\" \/>\n\t\t\t<\/div>\n\n<p>&nbsp;<\/p>\n<hr \/>\n<p>&nbsp;<\/p>\n<blockquote>\n<h3>AGGRESSIONE DI VIA FELTRE, IL MALIANO SI DIFENDE<\/h3>\n<\/blockquote>\n<p><strong>OGGI SUL CORRIERE DELLE ALPI<\/strong><\/p>\n<p><strong>DI GIGI SOSSO<\/strong><\/p>\n<p><strong><a class=\"dt-pswp-item\" href=\"https:\/\/www.radiopiu.net\/wordpress\/wp-content\/uploads\/2022\/05\/th-4.jpg\" data-dt-img-description=\"\" data-large_image_width=\"220\" data-large_image_height=\"184\"><img loading=\"lazy\" decoding=\"async\" class=\"size-thumbnail wp-image-278807 alignleft\" src=\"https:\/\/www.radiopiu.net\/wordpress\/wp-content\/uploads\/2022\/05\/th-4-150x150.jpg\" alt=\"\" width=\"150\" height=\"150\" \/><\/a>BELLUNO <\/strong>Violenza sessuale? \u00abVolevo soltanto conoscerla\u00bb. F.F., 35enne cameriere del Mali,\u00a0 dopo l&#8217;udienza della settimana scorsa davanti al giudice di pace, c&#8217;\u00e8 il rischio che venga portato in tribunale per violenza sessuale, lesioni e violenza privata. Visti due video e sentita la persona offesa, il giudice ha dichiarato la propria incompetenza sui fatti dello scorso dicembre, in via Feltre e trasmesso gli atti alla Procura. Oggi sul giornale bellunese\u00a0 il cameriere del Mali racconta la sua versione attraverso l&#8217;avvocato Gherda Forlin.<em>\u00able ho chiesto come si chiamasse e quanti anni avesse e ci sono rimasto male quando mi ha allungato cinque euro, perch\u00e9 non avevo bisogno della sua elemosina\u00bb.\u00c8 per questo che ha rilanciato, tirandone fuori 20?\u00abNon erano certo per pagare una prestazione sessuale, come ipotizzato. Sono una persona perbene&#8221; <\/em><strong>.Quindi il futuro indagato per violenza sessuale \u00e8, in realt\u00e0, un gentiluomo?<\/strong>\u00ab<em>Non c&#8217;\u00e8 stata alcuna violenza di quel genere&#8221;<\/em> .<strong> Ma le pare cortese trattenere una donna per i polsi contro la propria volont\u00e0?<\/strong>\u00ab<em>\u00c8 in quella fase che mi sono scusato&#8230;.&#8221;<\/em><\/p>\n<blockquote><p>Quel giorno sono intervenute le guardie giurate della Mondialpol e poi anche la polizia. La donna si \u00e8 costituita parte civile con gli avvocati Paolo Patelmo e Sofia Rancan<\/p><\/blockquote>\n<p>&nbsp;<\/p>\n<hr \/>\n<p>&nbsp;<\/p>\n<blockquote>\n<h3>L&#8217;ALLARME: EVITARE LA CAPORETTO DEL SERVIZIO SANITARIO NAZIONALE<\/h3>\n<p>Mancano 42 medici di medicina generale (su 100) e tre pediatri di libera scelta in provincia di Belluno<\/p><\/blockquote>\n<p><strong><img loading=\"lazy\" decoding=\"async\" class=\"alignleft\" src=\"https:\/\/www.radiopiu.net\/wordpress\/wp-content\/uploads\/2021\/12\/th-11.jpg\" width=\"248\" height=\"143\" \/>BELLUNO<\/strong> L&#8217;ordine dei medici lancia l&#8217;allarme:\u00a0 stando ai numeri non ufficiali e non del triennio 2019-2022,\u00a0 malgrado la riorganizzazione della rete ospedaliera e delle ULSS, &#8220;<em>Mancano in Veneto oltre 1.200 medici, dal pronto soccorso alla rianimazione toccando tutte le specialit\u00e0. Ci\u00f2 che ora \u00e8 necessario sono soluzioni temporanee e condivise per un arco di tempo dai 3 ai &#8211; 5 anni, solo questo e non le chiacchiere potranno evitare la Caporetto del servizio <a class=\"dt-pswp-item\" href=\"https:\/\/www.radiopiu.net\/wordpress\/wp-content\/uploads\/2022\/05\/capelli.jpg\" data-dt-img-description=\"\" data-large_image_width=\"216\" data-large_image_height=\"241\"><img loading=\"lazy\" decoding=\"async\" class=\"size-thumbnail wp-image-278802 alignright\" src=\"https:\/\/www.radiopiu.net\/wordpress\/wp-content\/uploads\/2022\/05\/capelli-150x150.jpg\" alt=\"\" width=\"150\" height=\"150\" \/><\/a>sanitario&#8221;, l<\/em>o dichiara con grande preoccupazione il presidente dell&#8217;ordine dei medici bellunesi Stefano Capelli (foto). All&#8217;appello mancano inoltre i medici di famiglia, ma anche tre pediatri in Cadore, (Auronzo, Lorenzago, Vigo e Lozzo); Borgo Valbelluna (Cesiomaggiore, San Gregorio nelle Alpi, Santa Giustina, Sedico, Sospirolo) e basso feltrino (Alano di Piave, Arsi\u00e8, Feltre, Fonzaso, Lamon, Pedavena, Quero Vas, Seren del Grappa, Sovramonte). <em>&#8220;La denuncia della Fimmg che prevede nei prossimi anni il pensionamento di 375 professionisti ed uno scenario che nel 2024 potrebbe vedere mezzo milione di veneti senza medico di medicina generale impone, come da mesi chiediamo, una revisione da cima a fondo dell&#8217;organizzazione del nostro sistema sanitario&#8221;. <\/em>A dirlo la vice presidente della Commissione Sociosanitaria e consigliera regionale del PD Veneto, Anna Maria Bigon. La Giunta Veneta deve prendere consapevolezza che il sistema sanitario regionale \u00e8 chiamato ad una nuova e profonda riorganizzazione.<em> &#8220;La riforma precedente, che ruotava attorno ad Azienda Zero &#8211; conclude la Bigon &#8211;\u00a0 si \u00e8 dimostrata insufficiente e per nulla lungimirante rispetto alla mole dei problemi che ora stanno emergendo ma che erano facilmente prevedibili&#8221;.<\/em><\/p>\n<p>&nbsp;<\/p>\n<p>&nbsp;<\/p>\n<hr \/>\n<blockquote>\n<h3><\/h3>\n<h3>GUARDIA DI FINANZA, SIGLATI I PROTOCOLLI D\u2019INTESA TRA I COMUNI<\/h3>\n<\/blockquote>\n<blockquote><p><em>FELTRE, CORTINA D\u2019AMPEZZO, AGORDO, AURONZO DI CADORE ED IL COMANDO PROVINCIALE DELLA GUARDIA DI FINANZA A TUTELA DELLE RISORSE DEL PIANO NAZIONALE DI RIPRESA E RESILIENZA<\/em><\/p><\/blockquote>\n<p><strong><img loading=\"lazy\" decoding=\"async\" class=\"alignleft\" src=\"https:\/\/www.radiopiu.net\/wordpress\/wp-content\/uploads\/2021\/04\/IMG_0211-scaled.jpg\" width=\"266\" height=\"177\" \/>BELLUNO<\/strong>\u00a0 Tra i Comuni di Feltre, Cortina d\u2019Ampezzo, Agordo, Auronzo di Cadore ed il Comando Provinciale della Guardia di Finanza sono stati siglati i Protocolli d\u2019intesa in oggetto al fine di garantire un adeguato presidio di legalit\u00e0 a tutela delle risorse del Piano Nazionale di Ripresa e Resilienza. Gli accordi, firmati dai Sindaci, Paolo Perenzin, Gianpietro Ghedina, Roberto Chissal\u00e8, Tatiana Pais Becher e dal Comandante Provinciale, Col. Dario Guarino, hanno lo scopo di dare concreta attuazione alle linee guida stabilite a livello europeo e nazionale per accompagnare e vigilare nell\u2019attuazione di questo piano di sostegno economico e finanziario straordinario e fanno seguito a quelle gi\u00e0 stipulate con la Provincia e il Comune di Belluno. Saranno attuate le pi\u00f9 strette sinergie tra tutte le Amministrazioni coinvolte, in maniera tale da prevenire e contrastare i casi di frode, corruzione, conflitti d\u2019interesse e doppi finanziamenti. I Comuni hanno dunque rispettivamente manifestato piena volont\u00e0 di collaborazione con le Fiamme Gialle, i cui compiti istituzionali comprendono la prevenzione, ricerca e repressone delle violazioni in materia di uscite al bilancio dell\u2019Unione Europea, di risorse e mezzi finanziari impiegati a fronte di uscite del bilancio pubblico nonch\u00e9 di programmi pubblici di spesa e di ogni altro interesse economico-finanziario nazionale o dell\u2019Unione Europea. Con l\u2019intesa firmata, le parti si sono impegnate ad assicurare un flusso reciproco di notizie e di dati utili, al fine di una maggiore efficacia nel perseguimento dei rispettivi fini istituzionali, in modo tale da rafforzare la tutela della legalit\u00e0 dell\u2019azione amministrativa relativa all\u2019utilizzo di risorse pubbliche, prime fra tutte quelle destinate al PNRR. Il Comuni in oggetto si sono impegnati a segnalare gli interventi, i realizzatori o esecutori che presentino particolari elementi di rischio, affinch\u00e9 la Guardia di Finanza, possa attuare autonome attivit\u00e0 di analisi e controllo e contrasto ad eventuali abusi o illeciti. Il protocollo siglato rester\u00e0 in vigore fino al completamento del Piano Nazionale di Ripresa e Resilienza e, comunque, non oltre il 31 dicembre 2026.<\/p>\n<p>&nbsp;<\/p>\n<p>&nbsp;<\/p>\n<hr \/>\n<p>&nbsp;<\/p>\n<blockquote>\n<h3 class=\"entry-title\">RINASCE CERAMICA DOLOMITE SPA. DEL VECCHIO: \u201cSONO FELICE DI RILANCIARE QUESTA REALTA\u2019 INDUSTRIALE\u201d<\/h3>\n<\/blockquote>\n<p><strong class=\"photoswipe-wrapper\"><a class=\"dt-pswp-item pspw-wrap-ready\" href=\"https:\/\/www.radiopiu.net\/wordpress\/wp-content\/uploads\/2021\/12\/Leonardo-Del-Vecchio-1140x675-1.jpg\" data-dt-img-description=\"\" data-large_image_width=\"1140\" data-large_image_height=\"675\"><img loading=\"lazy\" decoding=\"async\" class=\"size-thumbnail wp-image-250459 alignleft\" src=\"https:\/\/www.radiopiu.net\/wordpress\/wp-content\/uploads\/2021\/12\/Leonardo-Del-Vecchio-1140x675-1-150x150.jpg\" alt=\"\" width=\"150\" height=\"150\" \/><\/a>BORGO VALBELLUNA\u00a0<\/strong>Presso la sede di Banca Finint a Conegliano, \u00e8 stato firmato l\u2019accordo definitivo per la cessione dello stabilimento di Borgo Valbelluna da Ideal Standard alla societ\u00e0 \u201cCeramica Dolomite Spa\u201d partecipata dalla cordata di imprenditori composta da Enrico Marchi con Banca Finint, Leonardo Del Vecchio con la holding Delfin, Luigi Rossi Luciani con la holding Luigi Rossi Luciani Sapa e Bruno Zago con la societ\u00e0 Za-Fin Srl. Nella nuova societ\u00e0, che diventer\u00e0 operativa il 1\u00b0 giugno 2022, verr\u00e0 trasferito da Ideal Standard il ramo d\u2019azienda che comprende lo stabilimento di Borgo Valbelluna \u2013 Trichiana, con annessi impianti, stampi, attrezzature e il brand \u201cCeramica Dolomite\u201d.\u00a0 Obiettivo del progetto intorno al quale Banca Finint ha riunito alcuni esponenti di altissimo standing dell\u2019industria manifatturiera italiana \u00e8 la reindustrializzazione del sito produttivo bellunese e il rilancio sul mercato dello storico marchio Ceramica Dolomite. La struttura societaria della nuova azienda vede la presenza di una holding di controllo, \u201cC.D. Holding\u201d, partecipata in modo paritetico dai quattro soci fondatori (Banca Finint Spa, Delfin Sarl, Luigi Rossi Luciani Sapa e Za-Fin Srl) che \u00e8 socia di maggioranza al 53,33% della societ\u00e0 operativa \u201cCeramica Dolomite Spa\u201d.\u00a0 E\u2019 imminente la conferma che della compagine sociale di quest\u2019ultima far\u00e0 inoltre parte, per la restante quota di capitale, il partner istituzionale Invitalia che interverr\u00e0 nell\u2019operazione attraverso il Fondo di Salvaguardia dei livelli occupazionali art.43 DL 34\/2020 operativo da marzo 2021. L\u2019investimento iniziale ammonta a 15 milioni di euro \u2013 di cui 8 milioni provenienti da fondi privati dei quattro soci e 7 milioni provenienti dal Fondo di Salvaguardia dei livelli occupazionali \u2013 senza ricorso a strumenti di debito. I fondi stanziati consentiranno di dare avvio al progetto di rilancio del brand Ceramica Dolomite sul mercato e di sviluppare ulteriormente la nuova azienda che integrer\u00e0 l\u2019attivit\u00e0 produttiva con le caratteristiche attivit\u00e0 amministrative e commerciali. Il progetto di reindustrializzazione del sito produttivo prevede inoltre la completa salvaguardia dei livelli occupazionali, nell\u2019ottica della massima valorizzazione delle competenze e delle maestranze, centrale per il percorso di rilancio. Come previsto dall\u2019accordo tra le parti \u2013 siglato in data 12 maggio \u2013 con le sigle sindacali Filtem Cgil, Femca Cisl, Uiltec Uil e Rus a partire dal 1\u00b0 giugno tutti i 408 lavoratori attualmente impiegati nel sito bellunese saranno trasferiti alla nuova societ\u00e0. Contestualmente per 80 lavoratori vicini alla pensione l\u2019accordo prevede la possibilit\u00e0 di beneficiare dello scivolo pensionistico previsto dal contratto di espansione. Sar\u00e0 attivato anche un contratto di solidariet\u00e0. Il tutto nell\u2019ottica di salvaguardare pienamente i posti di lavoro e garantire la necessaria flessibilit\u00e0 per programmare il riavvio della produzione. Dal punto di vista operativo, la produzione sar\u00e0 avviata con gradualit\u00e0 nel corso del mese di luglio: sar\u00e0 riattivata inizialmente una sola linea produttiva, per raggiungere nei mesi successivi la piena operativit\u00e0 dello stabilimento con la messa in funzione anche delle altre due linee di produzione e il rientro della maggior parte degli addetti.\u00a0<em>\u201cSono sempre molto felice quando posso contribuire al rilancio di una realt\u00e0 industriale, in particolare in quella regione, il Veneto, che tanto \u00e8 stata con me generosa.\u201d,\u00a0<\/em>ha commentato Leonardo Del Vecchio, Presidente di Delfin.<\/p>\n<p>&nbsp;<\/p>\n<p>&nbsp;<\/p>\n<hr \/>\n<p>&nbsp;<\/p>\n<blockquote>\n<h3>IDEAL STANDARD. SIGLATA LA CESSIONE DEL SITO E DEL MARCHIO CERAMICA DOLOMITE ALLA CORDATA VENETA<\/h3>\n<\/blockquote>\n<p><strong><a class=\"dt-pswp-item\" href=\"https:\/\/www.radiopiu.net\/wordpress\/wp-content\/uploads\/2020\/05\/ideal-standard-orcenigo-scaled.jpg\" data-dt-img-description=\"\" data-large_image_width=\"2560\" data-large_image_height=\"1803\"><img loading=\"lazy\" decoding=\"async\" class=\"size-thumbnail wp-image-138079 alignleft\" src=\"https:\/\/www.radiopiu.net\/wordpress\/wp-content\/uploads\/2020\/05\/ideal-standard-orcenigo-150x150.jpg\" alt=\"\" width=\"150\" height=\"150\" \/><\/a>VENEZIA <\/strong>Ideal Standard e la Cordata industriale, composta da Finint S.p.a, Delfin S.a.r.l., Luigi Rossi Luciani S.a.p.a. e Za-Fin S.r.l., hanno sottoscritto l\u2019accordo di cessione a quest\u2019ultima del sito produttivo di Borgo Valbelluna e del marchio Ceramica Dolomite con effetto dal primo giugno. \u201c<em>Accolgo con soddisfazione la notizia dell\u2019accordo che tuteler\u00e0 i posti di lavoro e consentir\u00e0 di mantenere la produzione di un celebre marchio veneto che identifica un prodotto di qualit\u00e0 con la nostra regione, il Bellunese e con le nostre montagne: le Dolomiti, Patrimonio Unesco. La Regione \u00e8 sempre stata presente in questo percorso con la sua Unit\u00e0 Crisi Aziendali. Le firme di tutti gli attori coinvolti non siglano solo un accordo ma anche una pagina di storia dei lavoratori veneti<\/em>\u201d ha detto il Presidente del Veneto. \u201c<em>L\u2019accordo di oggi \u00e8 il coronamento di un percorso intenso e vincente che ha coinvolto istituzioni, azienda, sindacati e territorio con l\u2019intervento di una cordata imprenditoriale solida che dar\u00e0 rilancio allo stabilimento di Trichiana e al Bellunese<\/em>\u201d. Lo dichiara il Ministro Federico D\u2019Inc\u00e0 in occasione dell\u2019accordo definitivo per la cessione dello stabilimento Ideal Standard. \u201c<em>Sono molto soddisfatto per il risultato raggiunto perch\u00e9 premia il lavoro svolto in questi anni nei confronti della nostra comunit\u00e0, dei dipendenti della fabbrica e del settore manifatturiero su cui abbiamo sempre affermato di credere fortemente \u2013 prosegue il Ministro D\u2019Inc\u00e0, che aggiunge &#8211; quando la precedente propriet\u00e0 ha deciso di volere abbandonare il sito produttivo, ci siamo uniti in un cammino di sinergia istituzionale e imprenditoriale, ascoltando le preoccupazioni dei sindacati e dei dipendenti e tenendo presente quanto lo stabilimento di Trichiana fosse strategico per la ceramica sanitaria: \u00e8 stata una scelta vincente, su cui la cordata composta da Enrico Marchi con Banca Finint, Leonardo Del Vecchio con la holding Delfin, Luigi Rossi Luciani con la holding Luigi Rossi Luciani Sapa e Bruno Zago con la societ\u00e0 Za-Fin Srl ha deciso di investire assieme a Invitalia. Una scommessa che ho sempre ritenuto vincente e che nei mesi passati ho voluto portare avanti , incontrando anche il Cavaliere Del Vecchio per comunicargli il valore del progetto e la professionalit\u00e0 dei lavoratori ai nuovi imprenditori interessati<\/em>\u201d. \u201c<em>Imprenditori capaci e legati al territorio hanno fatto ancora una volta la differenza dimostrando coraggio, intraprendenza e lungimiranza. \u00c8 grazie a loro se oggi rinasce uno dei simboli della Valbelluna<\/em>\u201d. A dirlo \u00e8 Lorraine Berton, presidente di Confindustria Belluno Dolomiti, nella giornata che segna l\u2019accordo definitivo per la cessione dello stabilimento Ideal Standard di Trichiana<\/p>\n<p>&nbsp;<\/p>\n<p>&nbsp;<\/p>\n<hr \/>\n<p>&nbsp;<\/p>\n<blockquote>\n<h3>CICLABILE NELLE EX GALLERIE? DOPO AVER VISTO IL VIDEO TROPPI DUBBI<\/h3>\n<\/blockquote>\n<p><strong>di\u00a0 STEFANO DELL&#8217;OSBEL<\/strong><\/p>\n<div class=\"c9zspvje\">\n<div class=\"qv66sw1b\">\n<div class=\"rq0escxv l9j0dhe7 du4w35lb j83agx80 pfnyh3mw jifvfom9 gs1a9yip owycx6da btwxx1t3 jb3vyjys b5q2rw42 lq239pai mysgfdmx hddg9phg\">\n<div class=\"rq0escxv l9j0dhe7 du4w35lb j83agx80 cbu4d94t d2edcug0 hpfvmrgz rj1gh0hx buofh1pr g5gj957u o8rfisnq p8fzw8mz pcp91wgn iuny7tx3 ipjc6fyt\">\n<div class=\"ii04i59q a3bd9o3v jq4qci2q oo9gr5id\"><span class=\"d2edcug0 hpfvmrgz qv66sw1b c1et5uql lr9zc1uh a8c37x1j fe6kdd0r mau55g9w c8b282yb keod5gw0 nxhoafnm aigsh9s9 d3f4x2em iv3no6db jq4qci2q a3bd9o3v b1v8xokw oo9gr5id\" dir=\"auto\">Libero professionista, h<\/span>a studiato Progettazione Architettonica presso Universit\u00e0 Iuav di Venezia, Vive a <a class=\"oajrlxb2 g5ia77u1 qu0x051f esr5mh6w e9989ue4 r7d6kgcz rq0escxv nhd2j8a9 nc684nl6 p7hjln8o kvgmc6g5 cxmmr5t8 oygrvhab hcukyx3x jb3vyjys rz4wbd8a qt6c0cv9 a8nywdso i1ao9s8h esuyzwwr f1sip0of lzcic4wl gpro0wi8 oo9gr5id lrazzd5p\" tabindex=\"0\" role=\"link\" href=\"https:\/\/www.facebook.com\/La-Valle-Agordina-109325005761240\/\"><span class=\"nc684nl6\">La Valle Agordina\u00a0<\/span><\/a><\/div>\n<div><\/div>\n<\/div>\n<\/div>\n<\/div>\n<\/div>\n<p><a class=\"dt-pswp-item\" href=\"https:\/\/www.radiopiu.net\/wordpress\/wp-content\/uploads\/2022\/05\/Senza-nome-5.jpg\" data-dt-img-description=\"\" data-large_image_width=\"752\" data-large_image_height=\"543\"><img loading=\"lazy\" decoding=\"async\" class=\"size-thumbnail wp-image-278652 alignleft\" src=\"https:\/\/www.radiopiu.net\/wordpress\/wp-content\/uploads\/2022\/05\/Senza-nome-5-150x150.jpg\" alt=\"\" width=\"150\" height=\"150\" \/><\/a>Ho letto dell&#8217;ipotesi di far passare la ciclabile sulle vecchie gallerie della ferrovia; consiglio di guardare attentamente il video allegato (in particolare dal secondo minuti in poi) per vedere cosa c&#8217;\u00e9 &#8220;dall&#8217;alta parte&#8221;; la mia personale opinione \u00e8 che per far passare la ciclabile in sicurezza servono qualche centinaio di metri di galleria paramassi pi\u00f9 altre opere &#8220;importanti&#8221;. Io ho ipotizzato di farci passare la ferrovia (volendo, alternativamente si pu\u00f2 farla passare anche sull&#8217;altra sponda orografica) ma \u00e8 chiaro che il &#8220;budget&#8221; a disposizione per un&#8217;opera del genere non \u00e8 paragonabile a quello che potrebbe essere disponibile per una ciclabile. Potrei anche sbagliarmi ma la semplice considerazione che faccio \u00e8 che, visto che comunque si dovrebbero spendere cifre significative, allora meglio investirle sul tratto di ex statale cos\u00ec, in caso di necessit\u00e0, si potranno far passare in sicurezza anche le auto. Sarebbero possibili anche soluzioni &#8220;intermedie&#8221; che potrebbero prevedere la costruzione di un ponte solo per la ciclabile in modo da tagliar fuori i tratti pi\u00f9 pericolosi (evitando di costruire gallerie artificiali paramassi su entrambi i lati) ma comunque opere &#8220;impegnative&#8221;.<\/p>\n<p><iframe loading=\"lazy\" title=\"Strada abbandonata sul canale di Agordo ex tratto ferroviario\" width=\"1200\" height=\"675\" src=\"https:\/\/www.youtube.com\/embed\/DKsD96ox5Qw?feature=oembed\" frameborder=\"0\" allow=\"accelerometer; autoplay; clipboard-write; encrypted-media; gyroscope; picture-in-picture\" allowfullscreen><\/iframe><\/p>\n<p>&nbsp;<\/p>\n<p><span style=\"color: #ff0000;\"><strong>SABATO ALLA RADIO\u00a0<\/strong><\/span><\/p>\n<blockquote>\n<h3>L&#8217;IPOTESI, LA CICLABILE NELLE EX GALLERIE DELLA FERROVIA AI CASTEI?<\/h3>\n<\/blockquote>\n<p>&nbsp;<\/p>\n<p><strong><img loading=\"lazy\" decoding=\"async\" class=\"alignleft\" src=\"https:\/\/www.radiopiu.net\/wordpress\/wp-content\/uploads\/2022\/05\/98866e11-2eec-4bc7-ad09-b03e987eeaf8.jpg\" width=\"206\" height=\"132\" \/><\/strong><\/p>\n<p>&nbsp;<\/p>\n<p><strong>AGORDO<\/strong> Il versante sopra la ex regionale 203 ai Casti non da garanzie di stabilit\u00e0, in attesa di ulteriori conferme l&#8217;Unione Montana guarda al piano B, il passaggio della ciclabile nelle suggestive gallerie dei Castei. Ancora nessuna notizia sul ricorso per\u00a0 il passaggio ad Agordo. Ottimismo per la realizzazione del ponte sul Cordevole a Taibon.<\/p>\n<p><strong>DI GIANNI SANTOMASO<\/strong><\/p>\n<audio class=\"wp-audio-shortcode\" id=\"audio-278545-1\" preload=\"none\" style=\"width: 100%;\" controls=\"controls\"><source type=\"audio\/mpeg\" src=\"https:\/\/www.radiopiu.net\/wordpress\/wp-content\/uploads\/2022\/05\/GIANNI-LA-CICLABILE-AI-CASTEI.mp3?_=1\" \/><a href=\"https:\/\/www.radiopiu.net\/wordpress\/wp-content\/uploads\/2022\/05\/GIANNI-LA-CICLABILE-AI-CASTEI.mp3\">https:\/\/www.radiopiu.net\/wordpress\/wp-content\/uploads\/2022\/05\/GIANNI-LA-CICLABILE-AI-CASTEI.mp3<\/a><\/audio>\n<p>FOTO STORICA, ARCHIVIO MICHELE BADOLE di Annalisa Dal Mas posa della ferrovia 1916<\/p>\n<p>&nbsp;<\/p>\n<hr \/>\n<p>&nbsp;<\/p>\n<blockquote>\n<h3>BRIES, IL CARTELLO CHE NON C&#8217;E, I CITTADINI OPTANO PER IL FAI DA TE<\/h3>\n<\/blockquote>\n<p><strong>AGORDO<\/strong> Hanno sperato fino all&#8217;ultimo di vedere gli operai comunali armati dell&#8217;idonea attrezzatura per installare quel cartello gi\u00e0 promesso pi\u00f9 volte dall&#8217;amministrazione comunale. In gran parte delle frazioni di Agordo in effetti il cartello non manca, con la doppia scritta in italiano e ladino e ben evidenziato il Comune di appartenenza. A Bries di Agordo tra Toccol e il confine con Taibon del cartello nessuna traccia. A gennaio la prima lettera inviata in Radio di \u00a0Davide Benvegn\u00f9, cittadino di Bries di Agordo,\u00a0 lamentava la mancata cartellonistica di identificazione della frazione. L&#8217;11 febbraio il sindaco Roberto Chissal\u00e8 ospite del notiziario\u00a0 delle 12.30 anticipava\u00a0<em>&#8220;Con la bella stagione e con la posa di nuovi supporti doteremo anche Bries della giusta tabellazione,\u00a0 per ora abbiamo installato i cartelli su pali che gi\u00e0 erano presenti&#8221;.\u00a0<\/em>Con l&#8217;arrivo della primavera nessuna buona nuova, nemmeno in occasione del passaggio dei ciclisti del Giro d&#8217;Italia. <em>&#8220;Per questo lo scorso sabato &#8211; ci scrive oggi un attento ascoltatore &#8211;\u00a0 abbiamo messo un grande striscione rosa con scritto Bries,\u00a0 \u00a0per onorare il giro, ma\u00a0 anche per ricordare al Comune la promessa dello scorso febbraio. Esistiamo anche noi, ci sentiamo dimenticati anche a livello di bacheca per gli annunci funebri. Anni fa il Comune aveva installato un pezzo di lamiera a fianco della bacheca per gli\u00a0 avvisi comunali e le epigrafi dopo un giorno svolazzano per il marciapiede con poco rispetto per chi non c&#8217;\u00e8 pi\u00f9&#8221;<\/em><\/p>\n<p>&nbsp;<\/p>\n\n\t\t\t<style type='text\/css'>\n\t\t\t\t#gallery-3 {\n\t\t\t\t\tmargin: auto;\n\t\t\t\t}\n\t\t\t\t#gallery-3 .gallery-item {\n\t\t\t\t\tfloat: left;\n\t\t\t\t\tmargin-top: 10px;\n\t\t\t\t\ttext-align: center;\n\t\t\t\t\twidth: 50%;\n\t\t\t\t}\n\t\t\t\t#gallery-3 img {\n\t\t\t\t\tborder: 2px solid #cfcfcf;\n\t\t\t\t}\n\t\t\t\t#gallery-3 .gallery-caption {\n\t\t\t\t\tmargin-left: 0;\n\t\t\t\t}\n\t\t\t\t\/* see gallery_shortcode() in wp-includes\/media.php *\/\n\t\t\t<\/style>\n\t\t<div id='gallery-3' class='dt-gallery-container gallery galleryid-278545 gallery-columns-2 gallery-size-thumbnail'><dl class='gallery-item'>\n\t\t\t\t<dt class='gallery-icon portrait'>\n\t\t\t\t\t<a class=\"rollover rollover-zoom dt-pswp-item\" title=\"45a12961-6c98-4e44-ab41-01db167e2e40\" data-dt-img-description=\"\" data-large_image_width=\"900\" data-large_image_height=\"1600\"href='https:\/\/www.radiopiu.net\/wordpress\/wp-content\/uploads\/2022\/05\/45a12961-6c98-4e44-ab41-01db167e2e40.jpg'><img loading=\"lazy\" decoding=\"async\" width=\"150\" height=\"150\" src=\"https:\/\/www.radiopiu.net\/wordpress\/wp-content\/uploads\/2022\/05\/45a12961-6c98-4e44-ab41-01db167e2e40-150x150.jpg\" class=\"attachment-thumbnail size-thumbnail\" alt=\"\" \/><\/a>\n\t\t\t\t<\/dt><\/dl><dl class='gallery-item'>\n\t\t\t\t<dt class='gallery-icon landscape'>\n\t\t\t\t\t<a class=\"rollover rollover-zoom dt-pswp-item\" title=\"8810566f-b401-42c9-9531-626e048d9ce9\" data-dt-img-description=\"\" data-large_image_width=\"2048\" data-large_image_height=\"1152\"href='https:\/\/www.radiopiu.net\/wordpress\/wp-content\/uploads\/2022\/05\/8810566f-b401-42c9-9531-626e048d9ce9.jpg'><img loading=\"lazy\" decoding=\"async\" width=\"150\" height=\"150\" src=\"https:\/\/www.radiopiu.net\/wordpress\/wp-content\/uploads\/2022\/05\/8810566f-b401-42c9-9531-626e048d9ce9-150x150.jpg\" class=\"attachment-thumbnail size-thumbnail\" alt=\"\" \/><\/a>\n\t\t\t\t<\/dt><\/dl><br style=\"clear: both\" \/>\n\t\t\t<\/div>\n\n<p>&nbsp;<\/p>\n<p><span style=\"color: #ff0000;\"><strong>DAL GIORNALE RADIOPIU DELL&#8217;11 FEBBRAIO 2022<\/strong><\/span><\/p>\n<blockquote>\n<h3>NUOVI CARTELLI AD AGORDO, PRESTO ANCHE A BRIES<\/h3>\n<\/blockquote>\n<p><strong>AGORDO<\/strong> E&#8217; bello attraversare il centro di Agordo, senza nulla togliere alla diritta tangenziale con vista sulla multinazionale dell&#8217;occhiale, ma dall&#8217;altra parte di Luxottica c&#8217;\u00e8 una piazza tra le pi\u00f9 belle dell&#8217;arco alpino con il Broi e attraversare il centro \u00e8 un piacere tra Villa Fiore, il Palazzo De Manzoni, la Torresella,\u00a0 sar\u00e0 ancor pi\u00f9 bello quando i lavori alla ex Caserma Alpini saranno terminati e il palazzo gi\u00e0 sede dell&#8217;Enel (ultimi inquilini) a Ponte Rova,\u00a0 rinascer\u00e0 a nuova vita. Nel frattempo il Comune di Agordo ha iniziato a rendere ancora pi\u00f9 interessante il tragitto lungo la regionale 203 agordina tra San Cipriano di Taibon e Le Campe di La Valle trovando collocazione ai nuovi cartelli bilingue acquistati grazie alla legge sulle minoranze linguistiche come ricorda il consigliere comuanale Davide Conedera. Gi\u00e0 \u00e8 comparso Toccol, Pragrande e Ponte Alto ma \u00e8 solo l&#8217;inizio. Presto si aggiungeranno altri cartelli compreso Bries, proprio recentemente i cittadini avevano chiesto all&#8217;amministrazione comunale di dotare la frazione dell&#8217;opportuna tabellonistica. <em>&#8220;Con la bella stagione e con la posa di nuovi supporti doteremo anche Bries della giusta tabellazione &#8211; dice il sindaco Roberto Chissal\u00e8 &#8211; per ora abbiamo installato i cartelli su pali che gi\u00e0 erano presenti&#8221;\u00a0<\/em> Una curiosit\u00e0: Ponte Alto (Agordo) a qualcuno potrebbe suonare strano perch\u00e9 da sempre il centro di Ponte Alto (dopo il ponte) \u00e8 territorio comunale di Rivamonte Agordino, ma le abitazioni al di qua del ponte (verso la regionale 203 agordina) fanno riferimento al Comune di Agordo. Quindi nessuna mira espansionistica del capoluogo, ma la precisione in zona di confine.<\/p>\n<p>&nbsp;<\/p>\n\n\t\t\t<style type='text\/css'>\n\t\t\t\t#gallery-4 {\n\t\t\t\t\tmargin: auto;\n\t\t\t\t}\n\t\t\t\t#gallery-4 .gallery-item {\n\t\t\t\t\tfloat: left;\n\t\t\t\t\tmargin-top: 10px;\n\t\t\t\t\ttext-align: center;\n\t\t\t\t\twidth: 25%;\n\t\t\t\t}\n\t\t\t\t#gallery-4 img {\n\t\t\t\t\tborder: 2px solid #cfcfcf;\n\t\t\t\t}\n\t\t\t\t#gallery-4 .gallery-caption {\n\t\t\t\t\tmargin-left: 0;\n\t\t\t\t}\n\t\t\t\t\/* see gallery_shortcode() in wp-includes\/media.php *\/\n\t\t\t<\/style>\n\t\t<div id='gallery-4' class='dt-gallery-container gallery galleryid-278545 gallery-columns-4 gallery-size-thumbnail'><dl class='gallery-item'>\n\t\t\t\t<dt class='gallery-icon landscape'>\n\t\t\t\t\t<a class=\"rollover rollover-zoom dt-pswp-item\" title=\"ef1f18b8-d914-4443-8f6a-1e59534d6e7e\" data-dt-img-description=\"\" data-large_image_width=\"1920\" data-large_image_height=\"1080\"href='https:\/\/www.radiopiu.net\/wordpress\/wp-content\/uploads\/2022\/02\/ef1f18b8-d914-4443-8f6a-1e59534d6e7e.jpg'><img loading=\"lazy\" decoding=\"async\" width=\"150\" height=\"150\" src=\"https:\/\/www.radiopiu.net\/wordpress\/wp-content\/uploads\/2022\/02\/ef1f18b8-d914-4443-8f6a-1e59534d6e7e-150x150.jpg\" class=\"attachment-thumbnail size-thumbnail\" alt=\"\" \/><\/a>\n\t\t\t\t<\/dt><\/dl><dl class='gallery-item'>\n\t\t\t\t<dt class='gallery-icon landscape'>\n\t\t\t\t\t<a class=\"rollover rollover-zoom dt-pswp-item\" title=\"fefa8f6d-273c-472e-97ec-bc5b2365efbf\" data-dt-img-description=\"\" data-large_image_width=\"1920\" data-large_image_height=\"1080\"href='https:\/\/www.radiopiu.net\/wordpress\/wp-content\/uploads\/2022\/02\/fefa8f6d-273c-472e-97ec-bc5b2365efbf.jpg'><img loading=\"lazy\" decoding=\"async\" width=\"150\" height=\"150\" src=\"https:\/\/www.radiopiu.net\/wordpress\/wp-content\/uploads\/2022\/02\/fefa8f6d-273c-472e-97ec-bc5b2365efbf-150x150.jpg\" class=\"attachment-thumbnail size-thumbnail\" alt=\"\" \/><\/a>\n\t\t\t\t<\/dt><\/dl><dl class='gallery-item'>\n\t\t\t\t<dt class='gallery-icon landscape'>\n\t\t\t\t\t<a class=\"rollover rollover-zoom dt-pswp-item\" title=\"5083574e-47a4-43e5-abbb-5fef4b8cecb1\" data-dt-img-description=\"\" data-large_image_width=\"1920\" data-large_image_height=\"1080\"href='https:\/\/www.radiopiu.net\/wordpress\/wp-content\/uploads\/2022\/02\/5083574e-47a4-43e5-abbb-5fef4b8cecb1.jpg'><img loading=\"lazy\" decoding=\"async\" width=\"150\" height=\"150\" src=\"https:\/\/www.radiopiu.net\/wordpress\/wp-content\/uploads\/2022\/02\/5083574e-47a4-43e5-abbb-5fef4b8cecb1-150x150.jpg\" class=\"attachment-thumbnail size-thumbnail\" alt=\"\" \/><\/a>\n\t\t\t\t<\/dt><\/dl><dl class='gallery-item'>\n\t\t\t\t<dt class='gallery-icon landscape'>\n\t\t\t\t\t<a class=\"rollover rollover-zoom dt-pswp-item\" title=\"d41dcb48-4f6e-4cfe-8aa5-7f54668a3bca\" data-dt-img-description=\"\" data-large_image_width=\"1920\" data-large_image_height=\"1080\"href='https:\/\/www.radiopiu.net\/wordpress\/wp-content\/uploads\/2022\/02\/d41dcb48-4f6e-4cfe-8aa5-7f54668a3bca.jpg'><img loading=\"lazy\" decoding=\"async\" width=\"150\" height=\"150\" src=\"https:\/\/www.radiopiu.net\/wordpress\/wp-content\/uploads\/2022\/02\/d41dcb48-4f6e-4cfe-8aa5-7f54668a3bca-150x150.jpg\" class=\"attachment-thumbnail size-thumbnail\" alt=\"\" \/><\/a>\n\t\t\t\t<\/dt><\/dl><br style=\"clear: both\" \/>\n\t\t\t<\/div>\n\n<p><span style=\"color: #ff0000;\"><strong>ARCHIVIO RADIO PIU 25 GENNAIO RADIO GIORNALE 12.30\u00a0<\/strong><\/span><\/p>\n<p><strong>AGORDO<\/strong> Riceviamo e volentieri pubblichiamo una lettera arrivata in redazione da Davide Benvegn\u00f9, cittadino di Bries di Agordo, che lamenta la mancata cartellonistica di identificazione della frazione.<\/p>\n<blockquote><p><em>Nonostante varie richieste avanzate presso le ultime Amministrazioni al fine di ottenere l&#8217; istallazione di un cartello stradale, atto ad identificarne la posizione, ad oggi non \u00e8 stato conseguito alcun risultato. Eppure tutte le frazioni possono vantare un cartellonistica di eccellenza, addirittura corredata di toponimmi in lingua locale. Per BRIES, nonostante si sviluppi lungo la viabilit\u00e0 principale che attraversa verso Nord tutto il territorio comunale, la situazione \u00e8 inspiegabilmente diversa. Superfluo sottolineare come tale anomalia comporti talvolta disguidi nella consegna delle merci e difficolt\u00e0 nella frequentazione di amici e conoscenti.<\/em><\/p>\n<p><em><strong>Davide Benvegn\u00f9 &#8211; cittadino di Bries<\/strong><\/em><\/p><\/blockquote>\n<p>&nbsp;<\/p>\n\n\t\t\t<style type='text\/css'>\n\t\t\t\t#gallery-5 {\n\t\t\t\t\tmargin: auto;\n\t\t\t\t}\n\t\t\t\t#gallery-5 .gallery-item {\n\t\t\t\t\tfloat: left;\n\t\t\t\t\tmargin-top: 10px;\n\t\t\t\t\ttext-align: center;\n\t\t\t\t\twidth: 50%;\n\t\t\t\t}\n\t\t\t\t#gallery-5 img {\n\t\t\t\t\tborder: 2px solid #cfcfcf;\n\t\t\t\t}\n\t\t\t\t#gallery-5 .gallery-caption {\n\t\t\t\t\tmargin-left: 0;\n\t\t\t\t}\n\t\t\t\t\/* see gallery_shortcode() in wp-includes\/media.php *\/\n\t\t\t<\/style>\n\t\t<div id='gallery-5' class='dt-gallery-container gallery galleryid-278545 gallery-columns-2 gallery-size-thumbnail'><dl class='gallery-item'>\n\t\t\t\t<dt class='gallery-icon landscape'>\n\t\t\t\t\t<a class=\"rollover rollover-zoom dt-pswp-item\" title=\"1f01cbc8-d9ce-4976-a96e-603ebb97f13f\" data-dt-img-description=\"\" data-large_image_width=\"1920\" data-large_image_height=\"1080\"href='https:\/\/www.radiopiu.net\/wordpress\/wp-content\/uploads\/2022\/01\/1f01cbc8-d9ce-4976-a96e-603ebb97f13f.jpg'><img loading=\"lazy\" decoding=\"async\" width=\"150\" height=\"150\" src=\"https:\/\/www.radiopiu.net\/wordpress\/wp-content\/uploads\/2022\/01\/1f01cbc8-d9ce-4976-a96e-603ebb97f13f-150x150.jpg\" class=\"attachment-thumbnail size-thumbnail\" alt=\"\" \/><\/a>\n\t\t\t\t<\/dt><\/dl><dl class='gallery-item'>\n\t\t\t\t<dt class='gallery-icon landscape'>\n\t\t\t\t\t<a class=\"rollover rollover-zoom dt-pswp-item\" title=\"7386fc65-8d8b-45f2-bb2a-208060722a78\" data-dt-img-description=\"\" data-large_image_width=\"1920\" data-large_image_height=\"1080\"href='https:\/\/www.radiopiu.net\/wordpress\/wp-content\/uploads\/2022\/01\/7386fc65-8d8b-45f2-bb2a-208060722a78.jpg'><img loading=\"lazy\" decoding=\"async\" width=\"150\" height=\"150\" src=\"https:\/\/www.radiopiu.net\/wordpress\/wp-content\/uploads\/2022\/01\/7386fc65-8d8b-45f2-bb2a-208060722a78-150x150.jpg\" class=\"attachment-thumbnail size-thumbnail\" alt=\"\" \/><\/a>\n\t\t\t\t<\/dt><\/dl><br style=\"clear: both\" \/>\n\t\t\t<\/div>\n\n<p>&nbsp;<\/p>\n<hr \/>\n<p>&nbsp;<\/p>\n<blockquote>\n<h3>DILLO A RADIO PIU&#8217;&#8230; ABBANDONO DELLA MONTAGNA E TAGLIO DEI SERVIZI<\/h3>\n<\/blockquote>\n<p><strong>REDAZIONE<\/strong> Riceviamo e volentieri pubblichiamo un contributo da Canale d&#8217;Agordo<\/p>\n<p>&nbsp;<\/p>\n<blockquote><p><em><img loading=\"lazy\" decoding=\"async\" class=\"alignleft\" src=\"https:\/\/www.radiopiu.net\/wordpress\/wp-content\/uploads\/2022\/05\/th-3.jpg\" width=\"204\" height=\"102\" \/>&#8220;Qualche giorno fa una persona anziana viene accompagnata ad Agordo in pronto soccorso per un gonfiore diffuso e importante ad una gamba. Il medico di base che ha visitato la paziente,\u00a0 ha ritenuto infatti necessario e non rinviabile un ecodoppler, esame diagnostico che si effettua in radiologia. Purtroppo il radiologo era presente fino alle 14. Unica soluzione scendere con mezzi proprio fino a Belluno all&#8217;ospedale San Martino per effettuare l&#8217;esame dopo una lunga ed estenuante attesa. La sensazione che le persone hanno \u00e8 che un servizio sanitario importante sia oggi\u00a0 erogato in misura limitata, forse perch\u00e8 gli abitanti dell&#8217;Agordino sono sempre meno e sempre pi\u00f9 anziani? Perch\u00e9 i medici scarseggiano? O perch\u00e9 la spesa sanitaria va contenuta? Si sente affermare ripetutamente l&#8217;importanza della montagna viva, abitata,\u00a0 ma non \u00e8 certamente con il taglio dei servizi che questo obiettivo sar\u00e0 raggiunto&#8221;<\/em><\/p><\/blockquote>\n<p>&nbsp;<\/p>\n<p>&nbsp;<\/p>\n<hr \/>\n<p>&nbsp;<\/p>\n<blockquote>\n<h3>STORIE DEL GIRO D&#8217;ITALIA, IL PRIMO DI LEO, LA FESTA A PASSO FEDAIA E IL BORGO DI PALUE<\/h3>\n<\/blockquote>\n<p><strong><span style=\"color: #ff0000;\">STORIA 1<\/span><\/strong><\/p>\n<p><strong>Il primo giro d&#8217;Italia di Leo, in braccio a mamma Natali, <\/strong><strong>\u00a0in attesa del passaggio dei ciclisti a Longano-Ponte San Felice.<\/strong><\/p>\n<p>&nbsp;<\/p>\n\n\t\t\t<style type='text\/css'>\n\t\t\t\t#gallery-6 {\n\t\t\t\t\tmargin: auto;\n\t\t\t\t}\n\t\t\t\t#gallery-6 .gallery-item {\n\t\t\t\t\tfloat: left;\n\t\t\t\t\tmargin-top: 10px;\n\t\t\t\t\ttext-align: center;\n\t\t\t\t\twidth: 50%;\n\t\t\t\t}\n\t\t\t\t#gallery-6 img {\n\t\t\t\t\tborder: 2px solid #cfcfcf;\n\t\t\t\t}\n\t\t\t\t#gallery-6 .gallery-caption {\n\t\t\t\t\tmargin-left: 0;\n\t\t\t\t}\n\t\t\t\t\/* see gallery_shortcode() in wp-includes\/media.php *\/\n\t\t\t<\/style>\n\t\t<div id='gallery-6' class='dt-gallery-container gallery galleryid-278545 gallery-columns-2 gallery-size-medium'><dl class='gallery-item'>\n\t\t\t\t<dt class='gallery-icon landscape'>\n\t\t\t\t\t<a class=\"rollover rollover-zoom dt-pswp-item\" title=\"284597115_725121195574748_4748629418849811203_n\" data-dt-img-description=\"\" data-large_image_width=\"1600\" data-large_image_height=\"1200\"href='https:\/\/www.radiopiu.net\/wordpress\/wp-content\/uploads\/2022\/05\/284597115_725121195574748_4748629418849811203_n.jpg'><img loading=\"lazy\" decoding=\"async\" width=\"300\" height=\"225\" src=\"https:\/\/www.radiopiu.net\/wordpress\/wp-content\/uploads\/2022\/05\/284597115_725121195574748_4748629418849811203_n-300x225.jpg\" class=\"attachment-medium size-medium\" alt=\"\" srcset=\"https:\/\/www.radiopiu.net\/wordpress\/wp-content\/uploads\/2022\/05\/284597115_725121195574748_4748629418849811203_n-300x225.jpg 300w, https:\/\/www.radiopiu.net\/wordpress\/wp-content\/uploads\/2022\/05\/284597115_725121195574748_4748629418849811203_n-1024x768.jpg 1024w, https:\/\/www.radiopiu.net\/wordpress\/wp-content\/uploads\/2022\/05\/284597115_725121195574748_4748629418849811203_n-768x576.jpg 768w, https:\/\/www.radiopiu.net\/wordpress\/wp-content\/uploads\/2022\/05\/284597115_725121195574748_4748629418849811203_n-1536x1152.jpg 1536w, https:\/\/www.radiopiu.net\/wordpress\/wp-content\/uploads\/2022\/05\/284597115_725121195574748_4748629418849811203_n.jpg 1600w\" sizes=\"auto, (max-width: 300px) 100vw, 300px\" \/><\/a>\n\t\t\t\t<\/dt><\/dl><dl class='gallery-item'>\n\t\t\t\t<dt class='gallery-icon landscape'>\n\t\t\t\t\t<a class=\"rollover rollover-zoom dt-pswp-item\" title=\"284409309_3274465619456615_9102427755209742923_n\" data-dt-img-description=\"\" data-large_image_width=\"1600\" data-large_image_height=\"1022\"href='https:\/\/www.radiopiu.net\/wordpress\/wp-content\/uploads\/2022\/05\/284409309_3274465619456615_9102427755209742923_n.jpg'><img loading=\"lazy\" decoding=\"async\" width=\"300\" height=\"192\" src=\"https:\/\/www.radiopiu.net\/wordpress\/wp-content\/uploads\/2022\/05\/284409309_3274465619456615_9102427755209742923_n-300x192.jpg\" class=\"attachment-medium size-medium\" alt=\"\" srcset=\"https:\/\/www.radiopiu.net\/wordpress\/wp-content\/uploads\/2022\/05\/284409309_3274465619456615_9102427755209742923_n-300x192.jpg 300w, https:\/\/www.radiopiu.net\/wordpress\/wp-content\/uploads\/2022\/05\/284409309_3274465619456615_9102427755209742923_n-1024x654.jpg 1024w, https:\/\/www.radiopiu.net\/wordpress\/wp-content\/uploads\/2022\/05\/284409309_3274465619456615_9102427755209742923_n-768x491.jpg 768w, https:\/\/www.radiopiu.net\/wordpress\/wp-content\/uploads\/2022\/05\/284409309_3274465619456615_9102427755209742923_n-1536x981.jpg 1536w, https:\/\/www.radiopiu.net\/wordpress\/wp-content\/uploads\/2022\/05\/284409309_3274465619456615_9102427755209742923_n.jpg 1600w\" sizes=\"auto, (max-width: 300px) 100vw, 300px\" \/><\/a>\n\t\t\t\t<\/dt><\/dl><br style=\"clear: both\" \/>\n\t\t\t<\/div>\n\n<p>&nbsp;<\/p>\n<hr \/>\n<p>&nbsp;<\/p>\n<p><span style=\"color: #ff0000;\"><strong>STORIA 2<\/strong><\/span><\/p>\n<p><strong>LO SPETTACOLO A PASSO FEDAIA<\/strong><\/p>\n<div style=\"width: 848px;\" class=\"wp-video\"><video class=\"wp-video-shortcode\" id=\"video-278545-2\" width=\"848\" height=\"480\" preload=\"metadata\" controls=\"controls\"><source type=\"video\/mp4\" src=\"https:\/\/www.radiopiu.net\/wordpress\/wp-content\/uploads\/2022\/05\/WhatsApp-Video-2022-05-30-at-10.37.17.mp4?_=2\" \/><a href=\"https:\/\/www.radiopiu.net\/wordpress\/wp-content\/uploads\/2022\/05\/WhatsApp-Video-2022-05-30-at-10.37.17.mp4\">https:\/\/www.radiopiu.net\/wordpress\/wp-content\/uploads\/2022\/05\/WhatsApp-Video-2022-05-30-at-10.37.17.mp4<\/a><\/video><\/div>\n<p>&nbsp;<\/p>\n<p><span style=\"color: #ff0000;\"><strong>STORIA 3<\/strong><\/span><\/p>\n<p><strong> LA MOSTRA AL BORGO DI PALUE DI ROCCA PIETORE<\/strong><\/p>\n<div>\n<p><strong>ROCCA PIETORE<\/strong>\u00a0 Momenti di grande soddisfazione per <a class=\"oajrlxb2 g5ia77u1 qu0x051f esr5mh6w e9989ue4 r7d6kgcz rq0escxv nhd2j8a9 nc684nl6 p7hjln8o kvgmc6g5 cxmmr5t8 oygrvhab hcukyx3x jb3vyjys rz4wbd8a qt6c0cv9 a8nywdso i1ao9s8h esuyzwwr f1sip0of lzcic4wl gpro0wi8 oo9gr5id lrazzd5p\" tabindex=\"0\" role=\"link\" href=\"https:\/\/www.facebook.com\/groups\/2367986820195749\/user\/100000208178359\/?__cft__[0]=AZVUT9zmIAjHe7_x4MV8FstqrXK_D6aXUegkT3mVnn825oaYfMcEKSQ9yOlh4lALudfq3lp0aKwgIWQe-q1bs6Ud2tvxbZhsLGiCd8In9amfPtTq03PXGGfytS1V65vsHwCCKIs-esOW0JpJdSkgQmMk&amp;__tn__=-UC%2CP-R\"><strong>Lorena Casarin<\/strong><\/a> e tutto il gruppo dell&#8217; <a class=\"oajrlxb2 g5ia77u1 qu0x051f esr5mh6w e9989ue4 r7d6kgcz rq0escxv nhd2j8a9 nc684nl6 p7hjln8o kvgmc6g5 cxmmr5t8 oygrvhab hcukyx3x jb3vyjys rz4wbd8a qt6c0cv9 a8nywdso i1ao9s8h esuyzwwr f1sip0of lzcic4wl gpro0wi8 q66pz984 b1v8xokw\" tabindex=\"0\" role=\"link\" href=\"https:\/\/www.facebook.com\/Associazione-Palue-101046225426772\/?__cft__[0]=AZVUT9zmIAjHe7_x4MV8FstqrXK_D6aXUegkT3mVnn825oaYfMcEKSQ9yOlh4lALudfq3lp0aKwgIWQe-q1bs6Ud2tvxbZhsLGiCd8In9amfPtTq03PXGGfytS1V65vsHwCCKIs-esOW0JpJdSkgQmMk&amp;__tn__=kK-R\"><span class=\"nc684nl6\">Associazione Palue<\/span><\/a> che in occasione del passaggio del Giro d&#8217;Italia ha proposto la mostra storica con le foto esposte su grandi pannelli. &#8220;Poniamo l\u2019accento sulle bellezze, sulle qualit\u00e0 e le attrattive che rendono unico il territorio di Rocca Pietore &#8211; dice Lorena Casarin &#8211;\u00a0 in occasione del passaggio della 20^ tappa del Giro d\u2019Italia, la mostra della \u201cStoria del Giro d\u2019Italia\u201d esposta a Palue, ha confermato che il nostro impegno rivolto al patrimonio storico-culturale del territorio, suscita un forte interesse da parte dei pi\u00f9 e ci incoraggia a continuare su questa strada.Grazie a tutti&#8221;<\/p>\n\n\t\t\t<style type='text\/css'>\n\t\t\t\t#gallery-7 {\n\t\t\t\t\tmargin: auto;\n\t\t\t\t}\n\t\t\t\t#gallery-7 .gallery-item {\n\t\t\t\t\tfloat: left;\n\t\t\t\t\tmargin-top: 10px;\n\t\t\t\t\ttext-align: center;\n\t\t\t\t\twidth: 20%;\n\t\t\t\t}\n\t\t\t\t#gallery-7 img {\n\t\t\t\t\tborder: 2px solid #cfcfcf;\n\t\t\t\t}\n\t\t\t\t#gallery-7 .gallery-caption {\n\t\t\t\t\tmargin-left: 0;\n\t\t\t\t}\n\t\t\t\t\/* see gallery_shortcode() in wp-includes\/media.php *\/\n\t\t\t<\/style>\n\t\t<div id='gallery-7' class='dt-gallery-container gallery galleryid-278545 gallery-columns-5 gallery-size-thumbnail'><dl class='gallery-item'>\n\t\t\t\t<dt class='gallery-icon portrait'>\n\t\t\t\t\t<a class=\"rollover rollover-zoom dt-pswp-item\" title=\"281861769_5860561583960723_487661779932879123_n\" data-dt-img-description=\"\" data-large_image_width=\"450\" data-large_image_height=\"600\"href='https:\/\/www.radiopiu.net\/wordpress\/wp-content\/uploads\/2022\/05\/281861769_5860561583960723_487661779932879123_n.jpg'><img loading=\"lazy\" decoding=\"async\" width=\"150\" height=\"150\" src=\"https:\/\/www.radiopiu.net\/wordpress\/wp-content\/uploads\/2022\/05\/281861769_5860561583960723_487661779932879123_n-150x150.jpg\" class=\"attachment-thumbnail size-thumbnail\" alt=\"\" \/><\/a>\n\t\t\t\t<\/dt><\/dl><dl class='gallery-item'>\n\t\t\t\t<dt class='gallery-icon portrait'>\n\t\t\t\t\t<a class=\"rollover rollover-zoom dt-pswp-item\" title=\"281775230_5860561727294042_6924373377337657726_n\" data-dt-img-description=\"\" data-large_image_width=\"450\" data-large_image_height=\"600\"href='https:\/\/www.radiopiu.net\/wordpress\/wp-content\/uploads\/2022\/05\/281775230_5860561727294042_6924373377337657726_n.jpg'><img loading=\"lazy\" decoding=\"async\" width=\"150\" height=\"150\" src=\"https:\/\/www.radiopiu.net\/wordpress\/wp-content\/uploads\/2022\/05\/281775230_5860561727294042_6924373377337657726_n-150x150.jpg\" class=\"attachment-thumbnail size-thumbnail\" alt=\"\" \/><\/a>\n\t\t\t\t<\/dt><\/dl><dl class='gallery-item'>\n\t\t\t\t<dt class='gallery-icon landscape'>\n\t\t\t\t\t<a class=\"rollover rollover-zoom dt-pswp-item\" title=\"281694594_5860561630627385_1667142529902330095_n\" data-dt-img-description=\"\" data-large_image_width=\"600\" data-large_image_height=\"450\"href='https:\/\/www.radiopiu.net\/wordpress\/wp-content\/uploads\/2022\/05\/281694594_5860561630627385_1667142529902330095_n.jpg'><img loading=\"lazy\" decoding=\"async\" width=\"150\" height=\"150\" src=\"https:\/\/www.radiopiu.net\/wordpress\/wp-content\/uploads\/2022\/05\/281694594_5860561630627385_1667142529902330095_n-150x150.jpg\" class=\"attachment-thumbnail size-thumbnail\" alt=\"\" \/><\/a>\n\t\t\t\t<\/dt><\/dl><dl class='gallery-item'>\n\t\t\t\t<dt class='gallery-icon landscape'>\n\t\t\t\t\t<a class=\"rollover rollover-zoom dt-pswp-item\" title=\"281760108_5860561743960707_7137753541143085840_n\" data-dt-img-description=\"\" data-large_image_width=\"600\" data-large_image_height=\"529\"href='https:\/\/www.radiopiu.net\/wordpress\/wp-content\/uploads\/2022\/05\/281760108_5860561743960707_7137753541143085840_n.jpg'><img loading=\"lazy\" decoding=\"async\" width=\"150\" height=\"150\" src=\"https:\/\/www.radiopiu.net\/wordpress\/wp-content\/uploads\/2022\/05\/281760108_5860561743960707_7137753541143085840_n-150x150.jpg\" class=\"attachment-thumbnail size-thumbnail\" alt=\"\" \/><\/a>\n\t\t\t\t<\/dt><\/dl><dl class='gallery-item'>\n\t\t\t\t<dt class='gallery-icon portrait'>\n\t\t\t\t\t<a class=\"rollover rollover-zoom dt-pswp-item\" title=\"281724836_5860561863960695_8464958859454986253_n\" data-dt-img-description=\"\" data-large_image_width=\"417\" data-large_image_height=\"585\"href='https:\/\/www.radiopiu.net\/wordpress\/wp-content\/uploads\/2022\/05\/281724836_5860561863960695_8464958859454986253_n.jpg'><img loading=\"lazy\" decoding=\"async\" width=\"150\" height=\"150\" src=\"https:\/\/www.radiopiu.net\/wordpress\/wp-content\/uploads\/2022\/05\/281724836_5860561863960695_8464958859454986253_n-150x150.jpg\" class=\"attachment-thumbnail size-thumbnail\" alt=\"\" \/><\/a>\n\t\t\t\t<\/dt><\/dl><br style=\"clear: both\" \/>\n\t\t\t<\/div>\n\n<\/div>\n<p>&nbsp;<\/p>\n<hr \/>\n<p>&nbsp;<\/p>\n<blockquote>\n<h3>POMPIERI VOLONTARI, LE NOVITA&#8217; DA CAPRILE E COLLE SANTA LUCIA<\/h3>\n<\/blockquote>\n<div class=\"cxmmr5t8 oygrvhab hcukyx3x c1et5uql o9v6fnle ii04i59q\">\n<div dir=\"auto\">\n<div class=\"kvgmc6g5 cxmmr5t8 oygrvhab hcukyx3x c1et5uql ii04i59q\">\n<div dir=\"auto\"><strong>COLLE SANTA LUCIA\u00a0<\/strong> Complimenti a Thomas Colle che superando il corso di 3\u00b0 grado \u00e8 ora un autista della squadra dei volontari di Colle Santa Lucia, \u00a0un grande aiuto per i colleghi, una sicurezza in pi\u00f9 per la comunit\u00e0. Domenica, nella frazione di Colcuc,\u00a0 in collaborazione con i distaccamenti di Selva Di Cadore, Arabba, Caprile ed Agordo \u00e8 andata in scena un&#8217;esercitazione importante.\u00a0 Simulato un incendio in una posizione geografica difficile anche per l&#8217;approvvigionamento idrico con gli automezzi. Un momento formativo importante. Foto Nicoletta Grisotto per le foto.<\/div>\n<\/div>\n<\/div>\n<\/div>\n<div class=\"cxmmr5t8 oygrvhab hcukyx3x c1et5uql o9v6fnle ii04i59q\">\n<div dir=\"auto\">\n<p>.<\/p>\n\n\t\t\t<style type='text\/css'>\n\t\t\t\t#gallery-8 {\n\t\t\t\t\tmargin: auto;\n\t\t\t\t}\n\t\t\t\t#gallery-8 .gallery-item {\n\t\t\t\t\tfloat: left;\n\t\t\t\t\tmargin-top: 10px;\n\t\t\t\t\ttext-align: center;\n\t\t\t\t\twidth: 25%;\n\t\t\t\t}\n\t\t\t\t#gallery-8 img {\n\t\t\t\t\tborder: 2px solid #cfcfcf;\n\t\t\t\t}\n\t\t\t\t#gallery-8 .gallery-caption {\n\t\t\t\t\tmargin-left: 0;\n\t\t\t\t}\n\t\t\t\t\/* see gallery_shortcode() in wp-includes\/media.php *\/\n\t\t\t<\/style>\n\t\t<div id='gallery-8' class='dt-gallery-container gallery galleryid-278545 gallery-columns-4 gallery-size-thumbnail'><dl class='gallery-item'>\n\t\t\t\t<dt class='gallery-icon portrait'>\n\t\t\t\t\t<a class=\"rollover rollover-zoom dt-pswp-item\" title=\"284536803_1208724899667111_259393483326324120_n\" data-dt-img-description=\"\" data-large_image_width=\"522\" data-large_image_height=\"640\"href='https:\/\/www.radiopiu.net\/wordpress\/wp-content\/uploads\/2022\/05\/284536803_1208724899667111_259393483326324120_n.jpg'><img loading=\"lazy\" decoding=\"async\" width=\"150\" height=\"150\" src=\"https:\/\/www.radiopiu.net\/wordpress\/wp-content\/uploads\/2022\/05\/284536803_1208724899667111_259393483326324120_n-150x150.jpg\" class=\"attachment-thumbnail size-thumbnail\" alt=\"\" \/><\/a>\n\t\t\t\t<\/dt><\/dl><dl class='gallery-item'>\n\t\t\t\t<dt class='gallery-icon landscape'>\n\t\t\t\t\t<a class=\"rollover rollover-zoom dt-pswp-item\" title=\"284934571_1208732299666371_2463415659819184564_n\" data-dt-img-description=\"\" data-large_image_width=\"593\" data-large_image_height=\"395\"href='https:\/\/www.radiopiu.net\/wordpress\/wp-content\/uploads\/2022\/05\/284934571_1208732299666371_2463415659819184564_n.jpg'><img loading=\"lazy\" decoding=\"async\" width=\"150\" height=\"150\" src=\"https:\/\/www.radiopiu.net\/wordpress\/wp-content\/uploads\/2022\/05\/284934571_1208732299666371_2463415659819184564_n-150x150.jpg\" class=\"attachment-thumbnail size-thumbnail\" alt=\"\" \/><\/a>\n\t\t\t\t<\/dt><\/dl><dl class='gallery-item'>\n\t\t\t\t<dt class='gallery-icon portrait'>\n\t\t\t\t\t<a class=\"rollover rollover-zoom dt-pswp-item\" title=\"284966009_1208732252999709_4477225429409729766_n\" data-dt-img-description=\"\" data-large_image_width=\"338\" data-large_image_height=\"600\"href='https:\/\/www.radiopiu.net\/wordpress\/wp-content\/uploads\/2022\/05\/284966009_1208732252999709_4477225429409729766_n.jpg'><img loading=\"lazy\" decoding=\"async\" width=\"150\" height=\"150\" src=\"https:\/\/www.radiopiu.net\/wordpress\/wp-content\/uploads\/2022\/05\/284966009_1208732252999709_4477225429409729766_n-150x150.jpg\" class=\"attachment-thumbnail size-thumbnail\" alt=\"\" \/><\/a>\n\t\t\t\t<\/dt><\/dl><dl class='gallery-item'>\n\t\t\t\t<dt class='gallery-icon landscape'>\n\t\t\t\t\t<a class=\"rollover rollover-zoom dt-pswp-item\" title=\"284832858_1208732356333032_8017041918654016423_n\" data-dt-img-description=\"\" data-large_image_width=\"593\" data-large_image_height=\"395\"href='https:\/\/www.radiopiu.net\/wordpress\/wp-content\/uploads\/2022\/05\/284832858_1208732356333032_8017041918654016423_n.jpg'><img loading=\"lazy\" decoding=\"async\" width=\"150\" height=\"150\" src=\"https:\/\/www.radiopiu.net\/wordpress\/wp-content\/uploads\/2022\/05\/284832858_1208732356333032_8017041918654016423_n-150x150.jpg\" class=\"attachment-thumbnail size-thumbnail\" alt=\"\" \/><\/a>\n\t\t\t\t<\/dt><\/dl><br style=\"clear: both\" \/>\n\t\t\t<\/div>\n\n<p>&nbsp;<\/p>\n<hr \/>\n<p>&nbsp;<\/p>\n<blockquote>\n<h3>QUELLI DELLE QUESTURA, DELL&#8217;ESSERCI SEMPRE, DELL&#8217;ESSERCI PER TUTTI<\/h3>\n<\/blockquote>\n<\/div>\n<\/div>\n<p><strong>BELLUNO<\/strong>\u00a0 Il personale della Questura di Belluno, a conclusione del progetto &#8220;Community UP!&#8221;, ha incontrato i ragazzi di AIPD Belluno (Associazione Italiana Persone Down)\u00a0 nel loro percorso di semi-residenzialita, che ha come obiettivo\u00a0 il raggiungimento di una sempre maggiore autonomia. La chiaccherata si \u00e8 focalizzata su alcuni semplici ma importanti consigli legati alla quotidianit\u00e0: in particolare rispetto delle regole, come gestire e chi contattare in caso di emergenza, uso consapevole del cellulare.<\/p>\n<p><a class=\"dt-pswp-item\" href=\"https:\/\/www.radiopiu.net\/wordpress\/wp-content\/uploads\/2022\/05\/284370667_386309073544827_5526034000238118391_n.jpg\" data-dt-img-description=\"\" data-large_image_width=\"526\" data-large_image_height=\"701\"><img loading=\"lazy\" decoding=\"async\" class=\"alignnone wp-image-278699 \" src=\"https:\/\/www.radiopiu.net\/wordpress\/wp-content\/uploads\/2022\/05\/284370667_386309073544827_5526034000238118391_n.jpg\" alt=\"\" width=\"252\" height=\"336\" srcset=\"https:\/\/www.radiopiu.net\/wordpress\/wp-content\/uploads\/2022\/05\/284370667_386309073544827_5526034000238118391_n.jpg 526w, https:\/\/www.radiopiu.net\/wordpress\/wp-content\/uploads\/2022\/05\/284370667_386309073544827_5526034000238118391_n-225x300.jpg 225w\" sizes=\"auto, (max-width: 252px) 100vw, 252px\" \/><\/a><\/p>\n<p>&nbsp;<\/p>\n<p>&nbsp;<\/p>\n<hr \/>\n<p>&nbsp;<\/p>\n<blockquote>\n<h3>COVID IN PROVINCIA: CALANO I CASI, 20 PERSONE RICOVERATE E 2 DECESSI NELL&#8217;ULTIMA SETTIMANA<\/h3>\n<\/blockquote>\n<p><strong>BELLUNO<\/strong> Aggiornamento settimanale sulla situazione epidemiologica in provincia di Belluno a cura dell&#8217;Ulss 1 Dolomiti. Le persone attualmente positive sono 790. Anche nella settimana analizzata si registra una diminuzione costante dei nuovi casi rispetto al precedente periodo di osservazione. Nel dettaglio, i nuovi casi rilevati nell\u2019ultima settimana sono 338 (-164 rispetto alla scorsa settimana), con un conseguente tasso di incidenza settimanale di 169 casi su 100 mila abitanti, in\u00a0\u00a0 diminuzione rispetto alla settimana precedente e inferiore all&#8217;incidenza nazionale (233 su 100 mila abitanti). Nella settimana scorsa sono stati eseguiti dai team dell\u2019Ulss Dolomiti 5.595 tamponi (di cui 2.354 molecolari e 3.241 antigenici). A questi si aggiungono 1.012 tamponi antigenici eseguiti dalle Farmacie del territorio, 85 tamponi eseguiti dai Pediatri di Libera scelta e 102 tamponi eseguiti dai Medici di Medicina Generale. In media, ogni giorno vengono eseguiti circa 488 tamponi ogni 100 mila abitanti. Nella settimana analizzata \u00e8 stato somministrato1 trattamento con anticorpi monoclonali dall\u2019Unit\u00e0 Operativa di\u00a0 Malattie Infettive di Belluno, per un totale di 401 dosi complessive. Sono stati prescritti\u00a0 11 trattamenti con farmaco antivirale orale per un totale di 226 trattamenti complessivi. Negli opsedali bellunesi sono attualmente ricoverate 14 persone in area non critica (di cui 11 non covid), una in terapia intensiva e 5 negli ospedali di comunit\u00e0. Si sono registrati due decessi negli ultimi 7 giorni. <span class=\"Carpredefinitoparagrafo1\">Un uomo di anni 80 ricoverato presso la Rianimazione di Feltre <\/span><span class=\"Carpredefinitoparagrafo1\">e un uomo di anni 77 ricoverato presso la Geriatria Covid di Belluno. <\/span>Dato il rallentamento epidemico registrato nelle ultime settimane e la conseguente riduzione delle necessit\u00e0 di tamponi e delle telefonate con richiesta di informazioni da parte dei cittadini,\u00a0 l\u2019operativit\u00e0 del Call Center Covid e dei Covid Point sar\u00e0 cos\u00ec riorganizzata a partire dal 1 giugno. Il numero 0437 \/ 514343 sar\u00e0 attivo dalle 8.00 alle 15.30 dal luned\u00ec al sabato (festivi esclusi)<\/p>\n<p><strong>QUESTI GLI ORARI DEI COVID POINT TAMPONI DAL 1 GIUGNO<\/strong><\/p>\n<p><strong><a class=\"dt-pswp-item\" href=\"https:\/\/www.radiopiu.net\/wordpress\/wp-content\/uploads\/2022\/05\/Schermata-2022-05-30-alle-16.30.11.png\" data-dt-img-description=\"\" data-large_image_width=\"1452\" data-large_image_height=\"280\"><img loading=\"lazy\" decoding=\"async\" class=\"alignnone wp-image-278754 size-large\" src=\"https:\/\/www.radiopiu.net\/wordpress\/wp-content\/uploads\/2022\/05\/Schermata-2022-05-30-alle-16.30.11-1024x197.png\" alt=\"\" width=\"1024\" height=\"197\" srcset=\"https:\/\/www.radiopiu.net\/wordpress\/wp-content\/uploads\/2022\/05\/Schermata-2022-05-30-alle-16.30.11-1024x197.png 1024w, https:\/\/www.radiopiu.net\/wordpress\/wp-content\/uploads\/2022\/05\/Schermata-2022-05-30-alle-16.30.11-300x58.png 300w, https:\/\/www.radiopiu.net\/wordpress\/wp-content\/uploads\/2022\/05\/Schermata-2022-05-30-alle-16.30.11-768x148.png 768w, https:\/\/www.radiopiu.net\/wordpress\/wp-content\/uploads\/2022\/05\/Schermata-2022-05-30-alle-16.30.11.png 1452w\" sizes=\"auto, (max-width: 1024px) 100vw, 1024px\" \/><\/a>\u00a0<\/strong><\/p>\n\n\t\t\t<style type='text\/css'>\n\t\t\t\t#gallery-9 {\n\t\t\t\t\tmargin: auto;\n\t\t\t\t}\n\t\t\t\t#gallery-9 .gallery-item {\n\t\t\t\t\tfloat: left;\n\t\t\t\t\tmargin-top: 10px;\n\t\t\t\t\ttext-align: center;\n\t\t\t\t\twidth: 33%;\n\t\t\t\t}\n\t\t\t\t#gallery-9 img {\n\t\t\t\t\tborder: 2px solid #cfcfcf;\n\t\t\t\t}\n\t\t\t\t#gallery-9 .gallery-caption {\n\t\t\t\t\tmargin-left: 0;\n\t\t\t\t}\n\t\t\t\t\/* see gallery_shortcode() in wp-includes\/media.php *\/\n\t\t\t<\/style>\n\t\t<div id='gallery-9' class='dt-gallery-container gallery galleryid-278545 gallery-columns-3 gallery-size-thumbnail'><dl class='gallery-item'>\n\t\t\t\t<dt class='gallery-icon landscape'>\n\t\t\t\t\t<a class=\"rollover rollover-zoom dt-pswp-item\" title=\"1\" data-dt-img-description=\"\" data-large_image_width=\"966\" data-large_image_height=\"500\"href='https:\/\/www.radiopiu.net\/wordpress\/wp-content\/uploads\/2022\/05\/1-1.jpg'><img loading=\"lazy\" decoding=\"async\" width=\"150\" height=\"150\" src=\"https:\/\/www.radiopiu.net\/wordpress\/wp-content\/uploads\/2022\/05\/1-1-150x150.jpg\" class=\"attachment-thumbnail size-thumbnail\" alt=\"\" aria-describedby=\"gallery-9-278748\" \/><\/a>\n\t\t\t\t<\/dt>\n\t\t\t\t\t<dd class='wp-caption-text gallery-caption' id='gallery-9-278748'>\n\t\t\t\t\tL\u2019INTERO ANDAMENTO EPIDEMICO COVID DAI PRIMI DI MARZO 2020 AD OGGI \n\t\t\t\t\t<\/dd><\/dl><dl class='gallery-item'>\n\t\t\t\t<dt class='gallery-icon portrait'>\n\t\t\t\t\t<a class=\"rollover rollover-zoom dt-pswp-item\" title=\"2\" data-dt-img-description=\"\" data-large_image_width=\"964\" data-large_image_height=\"996\"href='https:\/\/www.radiopiu.net\/wordpress\/wp-content\/uploads\/2022\/05\/2-2.jpg'><img loading=\"lazy\" decoding=\"async\" width=\"150\" height=\"150\" src=\"https:\/\/www.radiopiu.net\/wordpress\/wp-content\/uploads\/2022\/05\/2-2-150x150.jpg\" class=\"attachment-thumbnail size-thumbnail\" alt=\"\" aria-describedby=\"gallery-9-278749\" \/><\/a>\n\t\t\t\t<\/dt>\n\t\t\t\t\t<dd class='wp-caption-text gallery-caption' id='gallery-9-278749'>\n\t\t\t\t\tL\u2019INCIDENZA SETTIMANALE PER SINGOLO COMUNE\n\t\t\t\t\t<\/dd><\/dl><dl class='gallery-item'>\n\t\t\t\t<dt class='gallery-icon landscape'>\n\t\t\t\t\t<a class=\"rollover rollover-zoom dt-pswp-item\" title=\"3\" data-dt-img-description=\"\" data-large_image_width=\"966\" data-large_image_height=\"682\"href='https:\/\/www.radiopiu.net\/wordpress\/wp-content\/uploads\/2022\/05\/3-1.jpg'><img loading=\"lazy\" decoding=\"async\" width=\"150\" height=\"150\" src=\"https:\/\/www.radiopiu.net\/wordpress\/wp-content\/uploads\/2022\/05\/3-1-150x150.jpg\" class=\"attachment-thumbnail size-thumbnail\" alt=\"\" aria-describedby=\"gallery-9-278750\" \/><\/a>\n\t\t\t\t<\/dt>\n\t\t\t\t\t<dd class='wp-caption-text gallery-caption' id='gallery-9-278750'>\n\t\t\t\t\tNUMERI DI CASI PER FASCE D&#8217;ETA&#8217;\n\t\t\t\t\t<\/dd><\/dl><br style=\"clear: both\" \/>\n\t\t\t<\/div>\n\n<p>&nbsp;<\/p>\n<hr \/>\n<p>&nbsp;<\/p>\n<blockquote class=\"wp-embedded-content\" data-secret=\"Tikpf6E9Vb\"><p><a href=\"https:\/\/www.radiopiu.net\/wordpress\/aggnazionalemaggio30\/\">CORONAVIRUS: AGGIORNAMENTO NAZIONALE 30 MAGGIO 2022<\/a><\/p><\/blockquote>\n<p><iframe loading=\"lazy\" class=\"wp-embedded-content\" sandbox=\"allow-scripts\" security=\"restricted\" style=\"position: absolute; clip: rect(1px, 1px, 1px, 1px);\" title=\"&#8220;CORONAVIRUS: AGGIORNAMENTO NAZIONALE 30 MAGGIO 2022&#8221; &#8212; Radio Pi\u00f9\" src=\"https:\/\/www.radiopiu.net\/wordpress\/aggnazionalemaggio30\/embed\/#?secret=qp9UrSYheX#?secret=Tikpf6E9Vb\" data-secret=\"Tikpf6E9Vb\" width=\"600\" height=\"338\" frameborder=\"0\" marginwidth=\"0\" marginheight=\"0\" scrolling=\"no\"><\/iframe><\/p>\n<p>&nbsp;<\/p>\n<blockquote class=\"wp-embedded-content\" data-secret=\"yUkdasBfAg\"><p><a href=\"https:\/\/www.radiopiu.net\/wordpress\/aggazzeromaggio30\/\">UN GIORNO SENZA DECESSI COVID, 10 PAZIENTI A BELLUNO E FELTRE COVID FREE<\/a><\/p><\/blockquote>\n<p><iframe loading=\"lazy\" class=\"wp-embedded-content\" sandbox=\"allow-scripts\" security=\"restricted\" style=\"position: absolute; clip: rect(1px, 1px, 1px, 1px);\" title=\"&#8220;UN GIORNO SENZA DECESSI COVID, 10 PAZIENTI A BELLUNO E FELTRE COVID FREE&#8221; &#8212; Radio Pi\u00f9\" src=\"https:\/\/www.radiopiu.net\/wordpress\/aggazzeromaggio30\/embed\/#?secret=qtayZkoWAS#?secret=yUkdasBfAg\" data-secret=\"yUkdasBfAg\" width=\"600\" height=\"338\" frameborder=\"0\" marginwidth=\"0\" marginheight=\"0\" scrolling=\"no\"><\/iframe><\/p>\n<p>&nbsp;<\/p>\n<h2 dir=\"auto\">I GRAFICI DI TIZIANO DE COL<\/h2>\n\n\t\t\t<style type='text\/css'>\n\t\t\t\t#gallery-10 {\n\t\t\t\t\tmargin: auto;\n\t\t\t\t}\n\t\t\t\t#gallery-10 .gallery-item {\n\t\t\t\t\tfloat: left;\n\t\t\t\t\tmargin-top: 10px;\n\t\t\t\t\ttext-align: center;\n\t\t\t\t\twidth: 33%;\n\t\t\t\t}\n\t\t\t\t#gallery-10 img {\n\t\t\t\t\tborder: 2px solid #cfcfcf;\n\t\t\t\t}\n\t\t\t\t#gallery-10 .gallery-caption {\n\t\t\t\t\tmargin-left: 0;\n\t\t\t\t}\n\t\t\t\t\/* see gallery_shortcode() in wp-includes\/media.php *\/\n\t\t\t<\/style>\n\t\t<div id='gallery-10' class='dt-gallery-container gallery galleryid-278545 gallery-columns-3 gallery-size-thumbnail'><dl class='gallery-item'>\n\t\t\t\t<dt class='gallery-icon landscape'>\n\t\t\t\t\t<a class=\"rollover rollover-zoom dt-pswp-item\" title=\"cc33c5a3-3902-4440-a1e0-0e185133e4c3\" data-dt-img-description=\"\" data-large_image_width=\"603\" data-large_image_height=\"362\"href='https:\/\/www.radiopiu.net\/wordpress\/wp-content\/uploads\/2022\/05\/cc33c5a3-3902-4440-a1e0-0e185133e4c3.jpg'><img loading=\"lazy\" decoding=\"async\" width=\"150\" height=\"150\" src=\"https:\/\/www.radiopiu.net\/wordpress\/wp-content\/uploads\/2022\/05\/cc33c5a3-3902-4440-a1e0-0e185133e4c3-150x150.jpg\" class=\"attachment-thumbnail size-thumbnail\" alt=\"\" \/><\/a>\n\t\t\t\t<\/dt><\/dl><dl class='gallery-item'>\n\t\t\t\t<dt class='gallery-icon landscape'>\n\t\t\t\t\t<a class=\"rollover rollover-zoom dt-pswp-item\" title=\"fcd0ea61-470a-4633-9d33-d5d1232fc9fb\" data-dt-img-description=\"\" data-large_image_width=\"603\" data-large_image_height=\"360\"href='https:\/\/www.radiopiu.net\/wordpress\/wp-content\/uploads\/2022\/05\/fcd0ea61-470a-4633-9d33-d5d1232fc9fb.jpg'><img loading=\"lazy\" decoding=\"async\" width=\"150\" height=\"150\" src=\"https:\/\/www.radiopiu.net\/wordpress\/wp-content\/uploads\/2022\/05\/fcd0ea61-470a-4633-9d33-d5d1232fc9fb-150x150.jpg\" class=\"attachment-thumbnail size-thumbnail\" alt=\"\" \/><\/a>\n\t\t\t\t<\/dt><\/dl><dl class='gallery-item'>\n\t\t\t\t<dt class='gallery-icon landscape'>\n\t\t\t\t\t<a class=\"rollover rollover-zoom dt-pswp-item\" title=\"c918a972-6cd7-4b11-9aba-063c5f5b5a69\" data-dt-img-description=\"\" data-large_image_width=\"608\" data-large_image_height=\"361\"href='https:\/\/www.radiopiu.net\/wordpress\/wp-content\/uploads\/2022\/05\/c918a972-6cd7-4b11-9aba-063c5f5b5a69.jpg'><img loading=\"lazy\" decoding=\"async\" width=\"150\" height=\"150\" src=\"https:\/\/www.radiopiu.net\/wordpress\/wp-content\/uploads\/2022\/05\/c918a972-6cd7-4b11-9aba-063c5f5b5a69-150x150.jpg\" class=\"attachment-thumbnail size-thumbnail\" alt=\"\" \/><\/a>\n\t\t\t\t<\/dt><\/dl><br style=\"clear: both\" \/><dl class='gallery-item'>\n\t\t\t\t<dt class='gallery-icon landscape'>\n\t\t\t\t\t<a class=\"rollover rollover-zoom dt-pswp-item\" title=\"be4d18f6-d3f8-4d14-a03d-97ffca375c16\" data-dt-img-description=\"\" data-large_image_width=\"608\" data-large_image_height=\"358\"href='https:\/\/www.radiopiu.net\/wordpress\/wp-content\/uploads\/2022\/05\/be4d18f6-d3f8-4d14-a03d-97ffca375c16.jpg'><img loading=\"lazy\" decoding=\"async\" width=\"150\" height=\"150\" src=\"https:\/\/www.radiopiu.net\/wordpress\/wp-content\/uploads\/2022\/05\/be4d18f6-d3f8-4d14-a03d-97ffca375c16-150x150.jpg\" class=\"attachment-thumbnail size-thumbnail\" alt=\"\" \/><\/a>\n\t\t\t\t<\/dt><\/dl><dl class='gallery-item'>\n\t\t\t\t<dt class='gallery-icon landscape'>\n\t\t\t\t\t<a class=\"rollover rollover-zoom dt-pswp-item\" title=\"94b5f35a-b5c4-4124-abc9-4d6375f2f655\" data-dt-img-description=\"\" data-large_image_width=\"620\" data-large_image_height=\"364\"href='https:\/\/www.radiopiu.net\/wordpress\/wp-content\/uploads\/2022\/05\/94b5f35a-b5c4-4124-abc9-4d6375f2f655.jpg'><img loading=\"lazy\" decoding=\"async\" width=\"150\" height=\"150\" src=\"https:\/\/www.radiopiu.net\/wordpress\/wp-content\/uploads\/2022\/05\/94b5f35a-b5c4-4124-abc9-4d6375f2f655-150x150.jpg\" class=\"attachment-thumbnail size-thumbnail\" alt=\"\" \/><\/a>\n\t\t\t\t<\/dt><\/dl><dl class='gallery-item'>\n\t\t\t\t<dt class='gallery-icon landscape'>\n\t\t\t\t\t<a class=\"rollover rollover-zoom dt-pswp-item\" title=\"3eee910c-a1fb-47e3-b5d2-24bf118a989a\" data-dt-img-description=\"\" data-large_image_width=\"614\" data-large_image_height=\"356\"href='https:\/\/www.radiopiu.net\/wordpress\/wp-content\/uploads\/2022\/05\/3eee910c-a1fb-47e3-b5d2-24bf118a989a.jpg'><img loading=\"lazy\" decoding=\"async\" width=\"150\" height=\"150\" src=\"https:\/\/www.radiopiu.net\/wordpress\/wp-content\/uploads\/2022\/05\/3eee910c-a1fb-47e3-b5d2-24bf118a989a-150x150.jpg\" class=\"attachment-thumbnail size-thumbnail\" alt=\"\" \/><\/a>\n\t\t\t\t<\/dt><\/dl><br style=\"clear: both\" \/>\n\t\t\t<\/div>\n\n<p>&nbsp;<\/p>\n<p>&nbsp;<\/p>\n<p>&nbsp;<\/p>\n<p>&nbsp;<\/p>\n<p>&nbsp;<\/p>\n<hr \/>\n<p>&nbsp;<\/p>\n<blockquote>\n<h3>RILASCIO CERTIFICATI PER ACCESSO AL VOTO DI SOGGETTI ISOLATI-QUARANTENATI PER COVID<\/h3>\n<\/blockquote>\n<p><strong>BELLUNO <\/strong>Le persone in condizione di isolamento domiciliare o quarantena per COVID possono chiedere all\u2019Ulss il rilascio del certificato medico attestante tale condizione, al fine di richiedere al Comune di residenza l\u2019ammissione al voto, con modalit\u00e0 speciali, per le prossime <strong>elezioni del<\/strong> <strong>12 giugno 2022. <\/strong>Le richieste di tali certificati vanno inviate via mail <strong>entro il 07 giugno 2022<\/strong> a: \u00a0<a href=\"mailto:certificati.elezioni@aulss1.veneto.it\">certificati.elezioni@aulss1.veneto.it<\/a> allegando copia di un documento di identit\u00e0. Per eventuali informazioni \u00e8 a disposizione il Dipartimento di Prevenzione al numero 0437\/514505 (dal luned\u00ec al venerd\u00ec dalle 10.00 alle 12.00).<\/p>\n<p>&nbsp;<\/p>\n<p>&nbsp;<\/p>\n<hr \/>\n<p>&nbsp;<\/p>\n<blockquote>\n<h3>IERI LA GIORNATA MONDIALE DELLA SCLEROSI MULTIPLA<\/h3>\n<\/blockquote>\n<p><strong>BELLUNO <\/strong>Il 30 maggio ricorre il World MS Day, la giornata mondiale della sclerosi multipla, un\u2019iniziativa internazionale di sensibilizzazione sulla lotta a questa malattia. La sclerosi multipla \u00e8 una malattia autoimmune del Sistema Nervoso Centrale. Esordisce quasi nel 70% dei casi tra i 20 ed i 40 anni e, dopo i traumi, rappresenta la seconda causa di disabilit\u00e0 nei giovani-adulti. In Ulss Dolomiti i pazienti affetti da SM possono usufruire di due ambulatori dedicati nelle Neurologie di Belluno e Feltre. Attualmente, le persone residenti in provincia di Belluno affette da Sclerosi multipla sono circa 400. I pazienti che vengono seguiti dagli ambulatori, sono accompagnati lungo il percorso di cura con attivit\u00e0 diagnostiche e terapeutiche, dalle prime visite all\u2019esecuzione di esami e alla prescrizione di farmaci sempre pi\u00f9 all\u2019avanguardia che consentono di aggredire la malattia e di garantire una buona qualit\u00e0 di vita.<\/p>\n<p>&nbsp;<\/p>\n<p>&nbsp;<\/p>\n<hr \/>\n<p>&nbsp;<\/p>\n<blockquote>\n<h3>INIZIATI I LAVORI DI ASFALTATURA ALL&#8217;OSPEDALE DI PIEVE DI CADORE, NUOVI INGRESSI A FELTRE<\/h3>\n<\/blockquote>\n<p><strong>PIEVE DI CADORE<\/strong> Sono in corso i lavori di asfaltatura e risistemazione del piazzale dell\u2019ospedale di Pieve di Cadore adiacente alla nuova base HEMS, per una migliore funzionalit\u00e0 degli spazi. Dureranno circa due settimane. Si invitano gli utenti ad utilizzare l\u2019ingresso principale per raggiungere tutti i reparti. In particolare, i pazienti della dialisi sono invitati a raggiungere il reparto accedendo dall\u2019\u201dingresso dipendenti \u201c adiacente all\u2019ingresso principale e utilizzando l\u2019ascensore l\u00ec disponibile. Il personale presente sar\u00e0 a disposizione per facilitare gli utenti.<\/p>\n<p><a class=\"dt-pswp-item\" href=\"https:\/\/www.radiopiu.net\/wordpress\/wp-content\/uploads\/2022\/05\/Senza-nome-4.jpg\" data-dt-img-description=\"\" data-large_image_width=\"325\" data-large_image_height=\"331\"><img loading=\"lazy\" decoding=\"async\" class=\"wp-image-278640 size-full aligncenter\" src=\"https:\/\/www.radiopiu.net\/wordpress\/wp-content\/uploads\/2022\/05\/Senza-nome-4.jpg\" alt=\"\" width=\"325\" height=\"331\" srcset=\"https:\/\/www.radiopiu.net\/wordpress\/wp-content\/uploads\/2022\/05\/Senza-nome-4.jpg 325w, https:\/\/www.radiopiu.net\/wordpress\/wp-content\/uploads\/2022\/05\/Senza-nome-4-295x300.jpg 295w\" sizes=\"auto, (max-width: 325px) 100vw, 325px\" \/><\/a><\/p>\n<p>&nbsp;<\/p>\n<p><strong>FELTRE<\/strong>\u00a0 Da domani sar\u00e0 chiuso il passaggio alle automobili presso il nuovo accesso, utilizzato solo per lo stato di emergenza. Rester\u00e0 invariata la possibilit\u00e0 di accompagnare i pazienti o caricare\/scaricare merci all\u2019interno della rotonda antistante l&#8217;ingresso per raggiungere pi\u00f9 facilmente le unit\u00e0 operative. Al lato nord (accesso da via Bentivoglio) sar\u00e0 ripristinata la sbarra, apribile solo mediante l&#8217;uso del badge per i dipendenti e tramite il contatto via citofono con la portineria per gli utenti autorizzabili. Potranno accedere con il proprio mezzo: &#8211; i diversamente abili &#8211; pazienti che devono recarsi al Pronto Soccorso generale, pediatrico o ginecologico &#8211; pazienti che devono recarsi in fisioterapia con difficolt\u00e0 alla deambulazione &#8211; i grandi anziani &#8211; situazioni particolari dove l\u2019accesso sar\u00e0 concordato con il portinaio<\/p>\n<p>&nbsp;<\/p>\n<hr \/>\n<p>&nbsp;<\/p>\n<blockquote>\n<h3>CENTRO PROFUGHI, L&#8217;IMPEGNO DI 40 VOLONTARI. SOPRALLUGO DELLA PROVINCIA, IL PLAUSO ALLA PROTEZIONE CIVILE<\/h3>\n<\/blockquote>\n<p><strong>BELLUNO<\/strong>\u00a0 Dalla Provincia una lode per come viene gestita la struttura per la professionalit\u00e0 e la competenza delle tute fluo e dei gruppi di volontari. Nei locali dell\u2019ex caserma dei vigili del fuoco a Mussoi\u00a0 sono ospiti una cinquantina di persone di nazionalit\u00e0 ucraina, scappate dalla guerra. Al momento stanno operando 40 volontari del Gruppo comunale Protezione Civile di Belluno, l\u2019associazione nazionale vigili del fuoco in pensione, oltre ai pensionati della Polizia di Stato. C&#8217;\u00e8 un ufficio per l&#8217;accoglienza, la logistica e la burocrazia, dormitori, sala mensa con cucina attrezzata, una palestra per attivit\u00e0 ricreative, sale studio e un\u2019aula per le lezioni di italiano. Un ampio spazio esterno, un giardino e un dormitorio maschile concesso dalla curia nell\u2019ex convento dei frati. Il Comune di Belluno fornisce i pasti e ha allestito delle stanze con abiti e giocattoli donati dai cittadini bellunesi. La convivenza \u00e8 pi\u00f9 che pacifica, nonostante la visibile sofferenza degli ospiti, i quali sperano di poter rientrare in patria il prima possibile, qualcuno si sta inserendo in Italia e nel mondo del lavoro.<\/p>\n\n\t\t\t<style type='text\/css'>\n\t\t\t\t#gallery-11 {\n\t\t\t\t\tmargin: auto;\n\t\t\t\t}\n\t\t\t\t#gallery-11 .gallery-item {\n\t\t\t\t\tfloat: left;\n\t\t\t\t\tmargin-top: 10px;\n\t\t\t\t\ttext-align: center;\n\t\t\t\t\twidth: 33%;\n\t\t\t\t}\n\t\t\t\t#gallery-11 img {\n\t\t\t\t\tborder: 2px solid #cfcfcf;\n\t\t\t\t}\n\t\t\t\t#gallery-11 .gallery-caption {\n\t\t\t\t\tmargin-left: 0;\n\t\t\t\t}\n\t\t\t\t\/* see gallery_shortcode() in wp-includes\/media.php *\/\n\t\t\t<\/style>\n\t\t<div id='gallery-11' class='dt-gallery-container gallery galleryid-278545 gallery-columns-3 gallery-size-thumbnail'><dl class='gallery-item'>\n\t\t\t\t<dt class='gallery-icon landscape'>\n\t\t\t\t\t<a class=\"rollover rollover-zoom dt-pswp-item\" title=\"Sopralluogo centro accoglienza 1\" data-dt-img-description=\"\" data-large_image_width=\"2048\" data-large_image_height=\"1536\"href='https:\/\/www.radiopiu.net\/wordpress\/wp-content\/uploads\/2022\/05\/Sopralluogo-centro-accoglienza-1.jpg'><img loading=\"lazy\" decoding=\"async\" width=\"150\" height=\"150\" src=\"https:\/\/www.radiopiu.net\/wordpress\/wp-content\/uploads\/2022\/05\/Sopralluogo-centro-accoglienza-1-150x150.jpg\" class=\"attachment-thumbnail size-thumbnail\" alt=\"\" \/><\/a>\n\t\t\t\t<\/dt><\/dl><dl class='gallery-item'>\n\t\t\t\t<dt class='gallery-icon landscape'>\n\t\t\t\t\t<a class=\"rollover rollover-zoom dt-pswp-item\" title=\"Sopralluogo centro accoglienza_donazioni\" data-dt-img-description=\"DONAZIONI\" data-large_image_width=\"2048\" data-large_image_height=\"1536\"href='https:\/\/www.radiopiu.net\/wordpress\/wp-content\/uploads\/2022\/05\/Sopralluogo-centro-accoglienza_donazioni.jpg'><img loading=\"lazy\" decoding=\"async\" width=\"150\" height=\"150\" src=\"https:\/\/www.radiopiu.net\/wordpress\/wp-content\/uploads\/2022\/05\/Sopralluogo-centro-accoglienza_donazioni-150x150.jpg\" class=\"attachment-thumbnail size-thumbnail\" alt=\"\" \/><\/a>\n\t\t\t\t<\/dt><\/dl><dl class='gallery-item'>\n\t\t\t\t<dt class='gallery-icon landscape'>\n\t\t\t\t\t<a class=\"rollover rollover-zoom dt-pswp-item\" title=\"Sopralluogo centro accoglienza_aula didattica\" data-dt-img-description=\"AULA DIDATTICA\" data-large_image_width=\"2048\" data-large_image_height=\"1536\"href='https:\/\/www.radiopiu.net\/wordpress\/wp-content\/uploads\/2022\/05\/Sopralluogo-centro-accoglienza_aula-didattica.jpg'><img loading=\"lazy\" decoding=\"async\" width=\"150\" height=\"150\" src=\"https:\/\/www.radiopiu.net\/wordpress\/wp-content\/uploads\/2022\/05\/Sopralluogo-centro-accoglienza_aula-didattica-150x150.jpg\" class=\"attachment-thumbnail size-thumbnail\" alt=\"\" \/><\/a>\n\t\t\t\t<\/dt><\/dl><br style=\"clear: both\" \/>\n\t\t\t<\/div>\n\n<p>&nbsp;<\/p>\n<p>&nbsp;<\/p>\n<hr \/>\n<p>&nbsp;<\/p>\n<blockquote>\n<h3>IL COMUNE DI PONTE NELLE ALPI SPINGE SULLA TRANSIZIONE ECOLOGICA<\/h3>\n<\/blockquote>\n<p><strong><a class=\"dt-pswp-item\" href=\"https:\/\/www.radiopiu.net\/wordpress\/wp-content\/uploads\/2022\/05\/Incontro_sulla_transizione_energetica.jpg\" data-dt-img-description=\"\" data-large_image_width=\"2108\" data-large_image_height=\"1581\"><img loading=\"lazy\" decoding=\"async\" class=\"size-thumbnail wp-image-278715 alignleft\" src=\"https:\/\/www.radiopiu.net\/wordpress\/wp-content\/uploads\/2022\/05\/Incontro_sulla_transizione_energetica-150x150.jpg\" alt=\"\" width=\"150\" height=\"150\" \/><\/a>PONTE NELLE ALPI <\/strong>\u201cFacciamo la transizione ecologica\u201d: non \u00e8 solo un imperativo, ma anche il titolo dell\u2019incontro di approfondimento promosso dallo Sportello Pubblichenergie di Ponte nelle Alpi con i Gas, i Gruppi di Acquisto Solidale.<span class=\"gmail-Apple-converted-space\"> \u00a0<\/span>L\u2019appuntamento, curato dal relatore Mauro Moretto, si \u00e8 svolto sabato scorso nella sala riunioni della Pro Loco, al Parco Ex Casa Rossa: nello specifico, si \u00e8 parlato del modo pi\u00f9 efficace per mettere energia pulita nelle nostre azioni quotidiane, ma anche di bandi e fondi finalizzati a incentivare la sostenibilit\u00e0 ambientale.<span class=\"gmail-Apple-converted-space\"> \u00a0<\/span>\u00ab<em>I dati parlano chiaro &#8211; argomenta l\u2019assessore comunali alle Politiche ambientali, Pierluigi Dal Borgo &#8211; e fotografano un aumento di Co2 nell\u2019atmosfera. Ci\u00f2 significa che non siamo ancora sulla strada giusta, anche se a livello globale la percezione rispetto a queste tematiche sembra cambiata. Soprattutto a livello governativo, c\u2019\u00e8 voglia di dare una risposta in termini di transizione ecologica. E i problemi legati alla guerra in Ucraina spongono ad accelerare su tale versante<\/em>\u00bb.<span class=\"gmail-Apple-converted-space\"> \u00a0<\/span>Dal canto suo, il Comune di Ponte nelle Alpi \u00e8 pronto a recitare la propria parte: \u00ab<em>Abbiamo gi\u00e0 stanziato 35mila euro per l\u2019acquisto di un\u2019auto elettrica. In generale, ogni azione, anche da parte del privato e del singolo cittadino, dovr\u00e0 essere orientata al risparmio energetico: a un\u2019edilizia pi\u00f9 rispettosa, a una mobilit\u00e0 pi\u00f9 sostenibile<\/em>\u00bb. <span class=\"gmail-Apple-converted-space\">\u00a0<\/span><\/p>\n<p>&nbsp;<\/p>\n<hr \/>\n<p>&nbsp;<\/p>\n<p>&nbsp;<\/p>\n<p>&nbsp;<\/p>\n<blockquote>\n<h2><span style=\"color: #ff0000;\">IERI ALLA RADIO, TRA GLI ARTICOLI PIU&#8217; CLICCATI E &#8230; ASCOLTATI\u00a0<\/span><\/h2>\n<\/blockquote>\n<blockquote class=\"wp-embedded-content\" data-secret=\"vt2jJxYZuo\"><p><a href=\"https:\/\/www.radiopiu.net\/wordpress\/la-dolomiti-bellunesi-lascia-libero-stefano-mosca\/\">LA DOLOMITI BELLUNESI LASCIA LIBERO STEFANO MOSCA<\/a><\/p><\/blockquote>\n<p><iframe loading=\"lazy\" class=\"wp-embedded-content\" sandbox=\"allow-scripts\" security=\"restricted\" style=\"position: absolute; clip: rect(1px, 1px, 1px, 1px);\" title=\"&#8220;LA DOLOMITI BELLUNESI LASCIA LIBERO STEFANO MOSCA&#8221; &#8212; Radio Pi\u00f9\" src=\"https:\/\/www.radiopiu.net\/wordpress\/la-dolomiti-bellunesi-lascia-libero-stefano-mosca\/embed\/#?secret=w7si3vGNCw#?secret=vt2jJxYZuo\" data-secret=\"vt2jJxYZuo\" width=\"600\" height=\"338\" frameborder=\"0\" marginwidth=\"0\" marginheight=\"0\" scrolling=\"no\"><\/iframe><\/p>\n<p>&nbsp;<\/p>\n<p>&nbsp;<\/p>\n<p>&nbsp;<\/p>\n<hr \/>\n<p>&nbsp;<\/p>\n<blockquote>\n<h3>EMILIO ASSUMMA E SONIA RODA&#8217;, DALLA CALABRIA ALL&#8217;AGORDINO PER CAMBIARE VITA<\/h3>\n<\/blockquote>\n<p><strong>ALLEGHE\u00a0<\/strong>Come ogni lunedi Gianni Santomaso dalle pagine del Corriere delle Alpi racconta una storia, un personaggio, un pezzo di vita dell\u2019Agordino \u201cVivere l\u2019Agordino\u201d una raccolta spaccato di vita agordina con le immancabili vignette di Erica Andrich<\/p>\n<p><strong>DI GIANNI SANTOMASO<\/strong><\/p>\n<audio class=\"wp-audio-shortcode\" id=\"audio-278545-2\" preload=\"none\" style=\"width: 100%;\" controls=\"controls\"><source type=\"audio\/mpeg\" src=\"https:\/\/www.radiopiu.net\/wordpress\/wp-content\/uploads\/2022\/05\/GIANNI-SPECIALE-AGORDINO-EMILIO-ASSUMMA-E-SONIA-RODA.mp3?_=2\" \/><a href=\"https:\/\/www.radiopiu.net\/wordpress\/wp-content\/uploads\/2022\/05\/GIANNI-SPECIALE-AGORDINO-EMILIO-ASSUMMA-E-SONIA-RODA.mp3\">https:\/\/www.radiopiu.net\/wordpress\/wp-content\/uploads\/2022\/05\/GIANNI-SPECIALE-AGORDINO-EMILIO-ASSUMMA-E-SONIA-RODA.mp3<\/a><\/audio>\n<p>&nbsp;<\/p>\n\n\t\t\t<style type='text\/css'>\n\t\t\t\t#gallery-12 {\n\t\t\t\t\tmargin: auto;\n\t\t\t\t}\n\t\t\t\t#gallery-12 .gallery-item {\n\t\t\t\t\tfloat: left;\n\t\t\t\t\tmargin-top: 10px;\n\t\t\t\t\ttext-align: center;\n\t\t\t\t\twidth: 50%;\n\t\t\t\t}\n\t\t\t\t#gallery-12 img {\n\t\t\t\t\tborder: 2px solid #cfcfcf;\n\t\t\t\t}\n\t\t\t\t#gallery-12 .gallery-caption {\n\t\t\t\t\tmargin-left: 0;\n\t\t\t\t}\n\t\t\t\t\/* see gallery_shortcode() in wp-includes\/media.php *\/\n\t\t\t<\/style>\n\t\t<div id='gallery-12' class='dt-gallery-container gallery galleryid-278545 gallery-columns-2 gallery-size-thumbnail'><dl class='gallery-item'>\n\t\t\t\t<dt class='gallery-icon landscape'>\n\t\t\t\t\t<a class=\"rollover rollover-zoom dt-pswp-item\" title=\"649c2b94-eb1a-4ae0-8bc0-4b4b4540f0ed\" data-dt-img-description=\"\" data-large_image_width=\"1600\" data-large_image_height=\"901\"href='https:\/\/www.radiopiu.net\/wordpress\/wp-content\/uploads\/2022\/05\/649c2b94-eb1a-4ae0-8bc0-4b4b4540f0ed.jpg'><img loading=\"lazy\" decoding=\"async\" width=\"150\" height=\"150\" src=\"https:\/\/www.radiopiu.net\/wordpress\/wp-content\/uploads\/2022\/05\/649c2b94-eb1a-4ae0-8bc0-4b4b4540f0ed-150x150.jpg\" class=\"attachment-thumbnail size-thumbnail\" alt=\"\" \/><\/a>\n\t\t\t\t<\/dt><\/dl><dl class='gallery-item'>\n\t\t\t\t<dt class='gallery-icon portrait'>\n\t\t\t\t\t<a class=\"rollover rollover-zoom dt-pswp-item\" title=\"0\" data-dt-img-description=\"\" data-large_image_width=\"1718\" data-large_image_height=\"1812\"href='https:\/\/www.radiopiu.net\/wordpress\/wp-content\/uploads\/2022\/05\/0-2.png'><img loading=\"lazy\" decoding=\"async\" width=\"150\" height=\"150\" src=\"https:\/\/www.radiopiu.net\/wordpress\/wp-content\/uploads\/2022\/05\/0-2-150x150.png\" class=\"attachment-thumbnail size-thumbnail\" alt=\"\" \/><\/a>\n\t\t\t\t<\/dt><\/dl><br style=\"clear: both\" \/>\n\t\t\t<\/div>\n\n<p>&nbsp;<\/p>\n<hr \/>\n<p>&nbsp;<\/p>\n<blockquote>\n<h3>NUOVO DIRETTIVO USARCI, CONFERMA PER ROCCON<\/h3>\n<\/blockquote>\n<blockquote><p><strong><a class=\"dt-pswp-item\" href=\"https:\/\/www.radiopiu.net\/wordpress\/wp-content\/uploads\/2022\/05\/20211213_154707.jpg\" data-dt-img-description=\"\" data-large_image_width=\"1451\" data-large_image_height=\"1715\"><img loading=\"lazy\" decoding=\"async\" class=\" wp-image-278623 alignleft\" src=\"https:\/\/www.radiopiu.net\/wordpress\/wp-content\/uploads\/2022\/05\/20211213_154707-150x150.jpg\" alt=\"\" width=\"111\" height=\"111\" \/><\/a><\/strong><\/p><\/blockquote>\n<p><strong>BELLUNO<\/strong>\u00a0 Si \u00e8 svolta a Roma l\u2019Assemblea elettiva di Usarci Nazionale che chiamava i delegati da tutta Italia a rinnovare il direttivo nazionale, il Presidente e gli organi collegiali del principale sindacato autonomo di riferimento degli Agenti e Rappresentanti di Commercio Italiani. Dopo oltre due anni di riunioni in remoto, quasi trecento delegati si sono incontrati per la due giorni assembleare approfondendo e dettando le line programmatiche che direttivo e presidente dovranno applicare nel corso dei prossimi tre anni. Con il rinnovo del direttivo \u00e8 stato confermato consigliere Nazionale Usarci anche Franco Roccon, attuale Presidente Usarci di Belluno nonch\u00e9 segretario Regionale di UsarciVeneto che verr\u00e0 affiancato dagli altri veneti Massimo Azzolini di Verona, Garcea Paolo di Padova e Pietro Lunardi di Venezia. <em>\u201cE\u2019 per me motivo di orgoglio rappresentare nuovamente il principale sindacato degli Agenti di Commercio in ambito nazionale &#8211; afferma Franco Roccon \u2013 visti i problemi e le difficolt\u00e0 che attanagliano la categoria anche dopo gli ultimi tre anni abbastanza difficili per la categoria; usciamo da un\u2019incertezza commerciale e di rapporti alquanto burrascosi con l\u2019Enasarco, il nostro istituto che tutela pensioni e prestazioni per gli Agenti e che gestisce oltre 8 miliardi di patrimonio versato dagli stessi a garanzia delle pensioni proprie e future. Il sindacato USARCI ha il compito difficile di rappresentare, in parte e in totale autonomia senza agganci di altro genere, quasi 235.000 agenti in attivit\u00e0 che con il loro lavoro e gli scambi commerciali conseguenti, generano oltre il 70% del PIL italiano&#8221;<\/em>.<\/p>\n<p>&nbsp;<\/p>\n<hr \/>\n<p>&nbsp;<\/p>\n<blockquote>\n<h2 dir=\"auto\"><a class=\"dt-pswp-item\" href=\"https:\/\/www.radiopiu.net\/wordpress\/wp-content\/uploads\/2022\/05\/284613236_10227059698504408_5539793743860489625_n.jpg\" data-dt-img-description=\"\" data-large_image_width=\"600\" data-large_image_height=\"530\"><img loading=\"lazy\" decoding=\"async\" class=\"wp-image-278579 alignleft\" src=\"https:\/\/www.radiopiu.net\/wordpress\/wp-content\/uploads\/2022\/05\/284613236_10227059698504408_5539793743860489625_n-150x150.jpg\" alt=\"\" width=\"103\" height=\"103\" \/><\/a>Quando c&#8217;\u00e8 amore e speranza<\/h2>\n<\/blockquote>\n<div dir=\"auto\">\n<p><strong>\u00a0SEDICO\u00a0<\/strong> Gli alunni della prima B scientifico, <a class=\"oajrlxb2 g5ia77u1 qu0x051f esr5mh6w e9989ue4 r7d6kgcz rq0escxv nhd2j8a9 nc684nl6 p7hjln8o kvgmc6g5 cxmmr5t8 oygrvhab hcukyx3x jb3vyjys rz4wbd8a qt6c0cv9 a8nywdso i1ao9s8h esuyzwwr f1sip0of lzcic4wl gpro0wi8 q66pz984 b1v8xokw\" tabindex=\"0\" role=\"link\" href=\"https:\/\/www.facebook.com\/groups\/253467373618763\/user\/100003363648529\/?__cft__[0]=AZVA-slQbTI4JtL6aPFQJ-CoN0hJhLTN29HFE3TqdNQ3xv-AoSp1yH8nGt0m0OtS7v3qWYdr8-KovsFVSOFOl1cUCMKxf9s3ju9AfsRIf1E7HhLvbcxWdbzYQ-eKJmtGQKB_DccL87n3o1wbvQH-AQKv&amp;__tn__=-]K-R\"><span class=\"nc684nl6\">Francesca Mussoi<\/span><\/a> , Marco e Paola,\u00a0 hanno dato\u00a0 alle stampe questo libretto. Il ricavato sar\u00e0 devoluto interamente alla citt\u00e0 della speranza di Padova che presto sar\u00e0 presente anche Feltre,\u00a0 che si sta attrezzando per avere un&#8217;oncologia Pediatrica di riferimento con la dottoressa Pilotto.<\/p>\n<\/div>\n<p>&nbsp;<\/p>\n<p>&nbsp;<\/p>\n<hr \/>\n<p>&nbsp;<\/p>\n<blockquote>\n<h3>CONSIGLIO COMUNALE A FALCADE IN PROGRAMMA PER MARTEDI&#8217; 7 GIUGNO<\/h3>\n<\/blockquote>\n<p><strong>FALCADE<\/strong> Il sindaco di Falcade Michele Costa ha convocato il consiglio comunale, l&#8217;ultimo del suo mandato, per marted\u00ec 7 giugno alle 19. I consiglieri sono chiamati a discutere 6 punti all&#8217;ordine del giorno tra cui l&#8217;approvazione dell&#8217;esercizio finanziario 2021, la quarta variazione al bilancio, l&#8217;approvazione del regolamento della polizia rurale e un&#8217;istanza di autorizzazione al mutamento temporaneo di destinazione di una porzione di terreni di uso civico in localit\u00e0 Zingari Alti per la realizzazione di percorsi ciclo-escursionistici per il freeride.<\/p>\n<p>&nbsp;<\/p>\n<p>&nbsp;<\/p>\n<hr \/>\n<p>&nbsp;<\/p>\n<blockquote>\n<h3>OGGI L&#8217;ASSEMBLEA GENERALE DEL CONSORZIO BIM PIAVE<\/h3>\n<\/blockquote>\n<p><strong>BELLUNO<\/strong> L\u2019Assemblea Generale del Consorzio BIM Piave di Belluno e\u0300 convocata in seduta pubblica oggi alle 15 presso la \u201cSala Convegni della A.N.A. Sezione di Belluno\u201d in Via Attilio Tissi n. 10 a Belluno. Quattro punti all&#8217;ordine del giorno: Lettura ed approvazione verbali seduta precedente; Approvazione Rendiconto di gestione anno 2021; Prima variazione al Bilancio di Previsione 2022-2024; Modifica Regolamento per l\u2019assegnazione di contributi in conto capitale ai Comuni consorziati.<\/p>\n<p>&nbsp;<\/p>\n<p>&nbsp;<\/p>\n<hr \/>\n<p>&nbsp;<\/p>\n<blockquote>\n<h3>UN&#8217;ALTRA RIUNIONE PER I FONDI DI CONFINE<\/h3>\n<\/blockquote>\n<p><strong>BELLUNO<\/strong> Domani alle 12 in Sala Piloni\u00a0 presentazione del programma Fondi Comuni Confinanti\u00a0 relativo ai progetti strategici provinciali. Interverranno: \u00a0il presidente della Provincia;\u00a0 \u00a0il consigliere provinciale delegato;\u00a0 \u00a0il presidente del Comitato Paritetico Fcc<\/p>\n<p>&nbsp;<\/p>\n<p>&nbsp;<\/p>\n<hr \/>\n<p>&nbsp;<\/p>\n<blockquote>\n<h3>VIABILITA&#8217;, ORDINANZE DAL COMUNE DI BELLUNO<\/h3>\n<\/blockquote>\n<p><strong><a class=\"dt-pswp-item\" href=\"https:\/\/www.radiopiu.net\/wordpress\/wp-content\/uploads\/2022\/05\/th.jpg\" data-dt-img-description=\"\" data-large_image_width=\"322\" data-large_image_height=\"181\"><img loading=\"lazy\" decoding=\"async\" class=\" wp-image-277643 alignleft\" src=\"https:\/\/www.radiopiu.net\/wordpress\/wp-content\/uploads\/2022\/05\/th-150x150.jpg\" alt=\"\" width=\"101\" height=\"101\" \/><\/a>BELLUNO<\/strong>\u00a0 <span dir=\"ltr\" role=\"presentation\">Nelle piazze Associazione bellunese volontari del sangue e della Bandiera, <\/span><span dir=\"ltr\" role=\"presentation\">fino al 13 giugno <\/span><span dir=\"ltr\" role=\"presentation\">Per<\/span> <span dir=\"ltr\" role=\"presentation\">consentire<\/span> <span dir=\"ltr\" role=\"presentation\">l&#8217;<strong>allestimento<\/strong><\/span><strong> <span dir=\"ltr\" role=\"presentation\">delle<\/span> <span dir=\"ltr\" role=\"presentation\">strutture<\/span> <span dir=\"ltr\" role=\"presentation\">attrattive<\/span> <span dir=\"ltr\" role=\"presentation\">del<\/span> <span dir=\"ltr\" role=\"presentation\">Luna<\/span> <span dir=\"ltr\" role=\"presentation\">Park<\/span> <\/strong><span dir=\"ltr\" role=\"presentation\">divieto di sosta con rimozione forzata dei veicoli dal<\/span><span dir=\"ltr\" role=\"presentation\"> fino al 13 giugno e <\/span><span dir=\"ltr\" role=\"presentation\">modifica<\/span> <span dir=\"ltr\" role=\"presentation\">della<\/span> <span dir=\"ltr\" role=\"presentation\">regolamentazione<\/span> <span dir=\"ltr\" role=\"presentation\">della<\/span> <span dir=\"ltr\" role=\"presentation\">sosta<\/span> <span dir=\"ltr\" role=\"presentation\">dei<\/span> <span dir=\"ltr\" role=\"presentation\">veicoli<\/span><span dir=\"ltr\" role=\"presentation\">. <\/span><span dir=\"ltr\" role=\"presentation\">Il titolo di abbonamento per i parcheggi a pagamento del \u201cPalasport\u201d e<\/span><span dir=\"ltr\" role=\"presentation\">\u201cSan Biagio\u201d avr\u00e0 validit\u00e0 per la sosta dei veicoli anche per il parcheggio <\/span><span dir=\"ltr\" role=\"presentation\">&#8220;ex Moi&#8221; in via Feltre.<\/span><\/p>\n<p><span dir=\"ltr\" role=\"presentation\">La Societ\u00e0 Bellunum nei prossimi mesi provveder\u00e0 al rifacimento della <\/span><span dir=\"ltr\" role=\"presentation\">segnaletica stradale orizzontale blu degli stalli a pagamento presenti nel <\/span><span dir=\"ltr\" role=\"presentation\">Comune di Belluno. D<\/span><span dir=\"ltr\" role=\"presentation\">al 1\u00b0 giugno al 30 novembre:<\/span>\u00a0<span dir=\"ltr\" role=\"presentation\">istituzione<\/span> <span dir=\"ltr\" role=\"presentation\">del restringimento<\/span> <span dir=\"ltr\" role=\"presentation\">della carreggiata<\/span> <span dir=\"ltr\" role=\"presentation\">o del senso unico <\/span><span dir=\"ltr\" role=\"presentation\">alternato<\/span> <span dir=\"ltr\" role=\"presentation\">di<\/span> <span dir=\"ltr\" role=\"presentation\">circolazione<\/span> <span dir=\"ltr\" role=\"presentation\">veicolare; <\/span>\u00a0<span dir=\"ltr\" role=\"presentation\">istituzione del divieto di sosta con rimozione forzata dei veicoli negli <\/span><span dir=\"ltr\" role=\"presentation\">stalli di sosta a pagamento presenti nelle aree interessate dai lavori <\/span><span dir=\"ltr\" role=\"presentation\">.<\/span> <span dir=\"ltr\" role=\"presentation\">Tale<\/span> <span dir=\"ltr\" role=\"presentation\">divieto<\/span> <span dir=\"ltr\" role=\"presentation\">di<\/span> <span dir=\"ltr\" role=\"presentation\">sosta <\/span><span dir=\"ltr\" role=\"presentation\">entra in vigore nelle zone suddette, previa esposizione entro le 48 <\/span><span dir=\"ltr\" role=\"presentation\">ore<\/span> <span dir=\"ltr\" role=\"presentation\">della<\/span> <span dir=\"ltr\" role=\"presentation\">relativa<\/span> <span dir=\"ltr\" role=\"presentation\">segnaletica<\/span> <span dir=\"ltr\" role=\"presentation\">stradale<\/span> <span dir=\"ltr\" role=\"presentation\">\u201cdivieto<\/span> <span dir=\"ltr\" role=\"presentation\">di<\/span> <span dir=\"ltr\" role=\"presentation\">sosta<\/span> <span dir=\"ltr\" role=\"presentation\">con<\/span> <span dir=\"ltr\" role=\"presentation\">zona <\/span><span dir=\"ltr\" role=\"presentation\">rimozione coatta.<\/span><\/p>\n<p>&nbsp;<\/p>\n<hr \/>\n<p>&nbsp;<\/p>\n<blockquote>\n<h3><\/h3>\n<h3><a class=\"dt-pswp-item\" href=\"https:\/\/www.radiopiu.net\/wordpress\/wp-content\/uploads\/2022\/05\/memo.png\" data-dt-img-description=\"\" data-large_image_width=\"552\" data-large_image_height=\"359\"><img loading=\"lazy\" decoding=\"async\" class=\"alignleft wp-image-278629 \" src=\"https:\/\/www.radiopiu.net\/wordpress\/wp-content\/uploads\/2022\/05\/memo-300x195.png\" alt=\"\" width=\"163\" height=\"106\" srcset=\"https:\/\/www.radiopiu.net\/wordpress\/wp-content\/uploads\/2022\/05\/memo-300x195.png 300w, https:\/\/www.radiopiu.net\/wordpress\/wp-content\/uploads\/2022\/05\/memo.png 552w\" sizes=\"auto, (max-width: 163px) 100vw, 163px\" \/><\/a>MEMORIE MINERARIE AGORDINE, IL SECONDO NUMERO<\/h3>\n<\/blockquote>\n<p><strong>AGORDO<\/strong> Sabato 11 giugno alle 18 all&#8217;auditorium\u00a0 Antonio Favretti presso l&#8217;Istituto Minerario di Agordo, l&#8217;associazione Amici dei Minerari in collaborazione con l&#8217;Istituto Geotecnico Minerario\u00a0 presenta il secondo numero delle Memorie Minerarie Agordine\u00a0 dal Titolo &#8220;La ricerca mineraria nella valle di San Lucano&#8221;. Presentano\u00a0 il professor Vittorio Fenti e il docente\u00a0 Dino Preloran<\/p>\n<p>&nbsp;<\/p>\n<hr \/>\n<p>&nbsp;<\/p>\n<blockquote>\n<h3><a class=\"dt-pswp-item\" href=\"https:\/\/www.radiopiu.net\/wordpress\/wp-content\/uploads\/2022\/05\/Senza-nome-3.jpg\" data-dt-img-description=\"\" data-large_image_width=\"309\" data-large_image_height=\"234\"><img loading=\"lazy\" decoding=\"async\" class=\" wp-image-278628 alignleft\" src=\"https:\/\/www.radiopiu.net\/wordpress\/wp-content\/uploads\/2022\/05\/Senza-nome-3-150x150.jpg\" alt=\"\" width=\"88\" height=\"88\" \/><\/a>LUNGO LE VIE DEL FRONTE, CON GLI ALPINI<\/h3>\n<\/blockquote>\n<p><strong>FELTRE<\/strong> Le sezioni alpini di Feltre e\u00a0<span id=\"page3R_mcid12\" class=\"markedContent\"> <span dir=\"ltr\" role=\"presentation\">Valdobbiadene <\/span><span dir=\"ltr\" role=\"presentation\">organizzano\u00a0<\/span> <span dir=\"ltr\" role=\"presentation\">la \u201cM<\/span><span dir=\"ltr\" role=\"presentation\">arcia<\/span> <span dir=\"ltr\" role=\"presentation\">L<\/span><span dir=\"ltr\" role=\"presentation\">ungo le<\/span> <span dir=\"ltr\" role=\"presentation\">V<\/span><span dir=\"ltr\" role=\"presentation\">ie del<\/span> <span dir=\"ltr\" role=\"presentation\">F<\/span><span dir=\"ltr\" role=\"presentation\">ronte<\/span><span dir=\"ltr\" role=\"presentation\">\u201d, <\/span><\/span><span id=\"page3R_mcid13\" class=\"markedContent\">\u00a0<span dir=\"ltr\" role=\"presentation\">camminata\u00a0 in programma<\/span><span dir=\"ltr\" role=\"presentation\">\u00a0domenica 12<\/span> <span dir=\"ltr\" role=\"presentation\">g<\/span><span dir=\"ltr\" role=\"presentation\">iugno con partenza <\/span><span dir=\"ltr\" role=\"presentation\">da Cima Grappa e arrivo all\u2019Isola dei Morti di Moriago della Battaglia. <\/span><\/span><span id=\"page3R_mcid14\" class=\"markedContent\"><span dir=\"ltr\" role=\"presentation\">Il percorso si presenter\u00e0 suddiviso in quattro frazioni e sar\u00e0<\/span> <span dir=\"ltr\" role=\"presentation\">aperto a tutti. Ogni partecipante <\/span><span dir=\"ltr\" role=\"presentation\">potr\u00e0 scegliere quali e quante frazioni percorrere. <\/span><\/span><span id=\"page3R_mcid21\" class=\"markedContent\"><span dir=\"ltr\" role=\"presentation\">L\u2019evento terminer\u00e0 con una cerimonia commemorativa presso il Cippo degli Arditi.\u00a0 <\/span><\/span><span id=\"page3R_mcid22\" class=\"markedContent\"><span dir=\"ltr\" role=\"presentation\">Le iscrizioni dovranno pervenire t<\/span><span dir=\"ltr\" role=\"presentation\">assativamente entro<\/span> <span dir=\"ltr\" role=\"presentation\">s<\/span><span dir=\"ltr\" role=\"presentation\">abato 4<\/span> <span dir=\"ltr\" role=\"presentation\">g<\/span><span dir=\"ltr\" role=\"presentation\">iugno, compilando il modulo scaricabile <\/span><span dir=\"ltr\" role=\"presentation\">dal sito www.anavaldobbiadene.it<\/span><\/span><span id=\"page3R_mcid24\" class=\"markedContent\">\u00a0<span dir=\"ltr\" role=\"presentation\">o<\/span><\/span><span id=\"page3R_mcid25\" class=\"markedContent\"> <span dir=\"ltr\" role=\"presentation\">feltre@ana.it<\/span><\/span><span id=\"page3R_mcid26\" class=\"markedContent\"> <span dir=\"ltr\" role=\"presentation\">. <\/span><\/span><span id=\"page3R_mcid27\" class=\"markedContent\"><span dir=\"ltr\" role=\"presentation\">La quota di iscrizione \u00e8 di\u00a0 10euro da versare<\/span> <span dir=\"ltr\" role=\"presentation\">mediante<\/span> <span dir=\"ltr\" role=\"presentation\">bonifico e comprende punto ristori, gadget e buono pasta finale.<\/span><\/span><\/p>\n<p>&nbsp;<\/p>\n<p>&nbsp;<\/p>\n<hr \/>\n<p>&nbsp;<\/p>\n<blockquote>\n<h3>RIAPRE IL CASTELLO DI ANDRAZ<\/h3>\n<\/blockquote>\n<p><strong>LIVINALLONGO<\/strong> Con l\u2019arrivo dell\u2019estate riapre anche il Castello di Andraz, che quest\u2019anno festeggia il 10\u00b0 compleanno. Nel mese di giugno, il museo sar\u00e0 aperto dal gioved\u00ec alla domenica, dalle 10:00 alle 12:30 e dalle 14:30 alle 18:00. Per il momento le visite guidate saranno garantite solo su prenotazione al 334 3346680<\/p>\n<p>&nbsp;<\/p>\n<p>&nbsp;<\/p>\n<hr \/>\n<p>&nbsp;<\/p>\n<blockquote>\n<h3>L&#8217;ASSEMBLEA DELLE PRO LOCO BELLUNESI E LA SERATA CON SAMMY BASSO<\/h3>\n<\/blockquote>\n<p><strong>CANALE D&#8217;AGORDO<\/strong> Si terr\u00e0 presso la sala Lina Zand\u00f2 di Canale D&#8217;Agordo l&#8217;assemblea delle Pro Loco Bellunesi domenica 12 giugno alle 9. Sabato 18 giugno alle 20:30 alla casa della giovent\u00f9 di Caviola \u00e8 in programma una serata dal titolo <b><i>Il sorriso dei guerrieri- storie di speranza&#8221;<\/i><\/b>, con Sammy Basso, Simonetta Borsatti e Andrea Baccaglioni, i quali racconteranno le loro esperienze di vita, in particolare il modo in cui hanno affrontato la loro malattia e dove hanno trovato la forza per lottare e sperare. Si raccomanda l&#8217;utilizzo della mascherina.<\/p>\n<p>&nbsp;<\/p>\n<p>&nbsp;<\/p>\n<hr \/>\n<p>&nbsp;<\/p>\n<blockquote>\n<h3>RINVIATO AL 2 GIUGNO L&#8217;OPEN DAY DEL TENNIS CLUB AGORDO<\/h3>\n<\/blockquote>\n<p><strong>AGORDO<\/strong> A causa del maltempo il Tennis Club Agordo ha dovuto rinviare l&#8217;open day, l&#8217;inaugurazione della stagione tennistica ai campi di Agordo. L&#8217;organizzazione ha deciso di rinviare tutto a gioved\u00ec 2 giugno, Festa della Repubblica.<\/p>\n<p>&nbsp;<\/p>\n<h2><span style=\"color: #ff0000;\">DAL SITO DI RADIO PIU&#8217;<\/span><\/h2>\n<blockquote>\n<h3>PARTE LA STAGIONE DEL TENNIS CLUB AGORDO<\/h3>\n<\/blockquote>\n<p><strong><a class=\"dt-pswp-item\" href=\"https:\/\/www.radiopiu.net\/wordpress\/wp-content\/uploads\/2020\/04\/TENNIS-AGORDO.jpg\" data-dt-img-description=\"\" data-large_image_width=\"512\" data-large_image_height=\"307\"><img loading=\"lazy\" decoding=\"async\" class=\"size-thumbnail wp-image-133584 alignleft\" src=\"https:\/\/www.radiopiu.net\/wordpress\/wp-content\/uploads\/2020\/04\/TENNIS-AGORDO-150x150.jpg\" alt=\"\" width=\"150\" height=\"150\" \/><\/a>di Claudio Fontanive<\/strong><\/p>\n<p>OSPITE: Matteo Reolon<\/p>\n<audio class=\"wp-audio-shortcode\" id=\"audio-278545-3\" preload=\"none\" style=\"width: 100%;\" controls=\"controls\"><source type=\"audio\/mpeg\" src=\"https:\/\/www.radiopiu.net\/wordpress\/wp-content\/uploads\/2022\/05\/tennis-matteo-reolon-25-maggio.mp3?_=3\" \/><a href=\"https:\/\/www.radiopiu.net\/wordpress\/wp-content\/uploads\/2022\/05\/tennis-matteo-reolon-25-maggio.mp3\">https:\/\/www.radiopiu.net\/wordpress\/wp-content\/uploads\/2022\/05\/tennis-matteo-reolon-25-maggio.mp3<\/a><\/audio>\n<p>&nbsp;<\/p>\n<p>&nbsp;<\/p>\n<hr \/>\n<p>&nbsp;<\/p>\n<blockquote>\n<h3>SABATAMBIENTALI DEL CTG BELLUNO<\/h3>\n<\/blockquote>\n<p><strong>CESIOMAGGIORE<\/strong> \u201cPassi tra suggestivi borghi, ville nobiliari e alberi monumentali\u201d. Questo \u00e8 il titolo delle terza uscita dei Sabatambientali escursioni nella natura e arte e storia della Val Belluna, programmata dal CTG di Belluno per sabato 4 giugno. Si inizier\u00e0 da Calliol dove si visiteranno gli esterni\u00a0 della Villa Canella-Dal Corno per poi fare un rilassante passeggiata naturalistica fino a Menin. In questa localit\u00e0 si trova la pittoresca Villa Cumano-De Mezzan, nei pressi della quale, si pu\u00f2 ammirare uno stupendo tasso monumentale. Ritrovo in partenza a Belluno-Stadio alle 14,30 o alle 15,00 a Cesiomaggiore di fronte al Museo della bicicletta. Accompagnatori\u00a0 l\u2019architetto Lidia Rui e la guida naturalistica ambientale Anacleto Boranga. Posti disponibili 25.\u00a0\u00a0 Iscrizioni al 0437 950075 dalle 9 alle 11 o la sera di marted\u00ec o gioved\u00ec tra le 17:30 e 18:30<\/p>\n<p>&nbsp;<\/p>\n<p>&nbsp;<\/p>\n<hr \/>\n<p>&nbsp;<\/p>\n<blockquote>\n<h3 class=\"entry-title\">LA MARCO V. DAL FARRA BAND E MAT DI NUOVO LIVE<\/h3>\n<\/blockquote>\n<p><strong class=\"photoswipe-wrapper\"><a class=\"dt-pswp-item pspw-wrap-ready\" href=\"https:\/\/www.radiopiu.net\/wordpress\/wp-content\/uploads\/2022\/05\/concerto-Marco-V-Dal-Farra-e-Mat.jpg\" data-dt-img-description=\"\" data-large_image_width=\"1620\" data-large_image_height=\"1080\"><img loading=\"lazy\" decoding=\"async\" class=\"size-thumbnail wp-image-278784 alignleft\" src=\"https:\/\/www.radiopiu.net\/wordpress\/wp-content\/uploads\/2022\/05\/concerto-Marco-V-Dal-Farra-e-Mat-150x150.jpg\" alt=\"\" width=\"150\" height=\"150\" \/><\/a>BELLUNO<\/strong>\u00a0Dopo la splendida serata di Castion Marco, Mattia ed i validi musicisti s\u2019apprestano a calpestare un altro palco. Il 4 giugno alle 20.30 la tempesta di voci e note nel giardino di Villa Buzzati. Marco V. Dal Farra e MAT sono due Band bellunesi. I giovani e talentuosi componenti delle due formazioni, che spesso si mescolano tra di loro, sono esempio del cantautorato bellunese essendo autori della musica e dei testi. Marco Dal Farra inoltre ha composto un brano ispirato al celebre racconto di Buzzati, \u201cIl Colombre\u201d. La Marco V. Dal Farra Band \u00e8 composta da Marco Dal Farra: voce e testi; Elia Ganz: batteria; Alex Diagoli: chitarre elettriche; Simone Fagherazzi: chitarre acustiche; M.De Bona, E. Scussel: cori. MAT vede Elia Ganz: batteria; Mattia Andrich: pianoforte, chitarra e voce; Davide Nenci: basso elettrico, Jesai Fiabane: chitarra. Il concerto sar\u00e0 preceduto da un brindisi di apertura.<\/p>\n<p>&nbsp;<\/p>\n<p>&nbsp;<\/p>\n<hr \/>\n<p>&nbsp;<\/p>\n<blockquote>\n<h3>IL 6. RADUNO DELLA BRIGATA ALPINA &#8220;CADORE&#8221; NEL VENTICINQUESIMO DELLO SCIOGLIMENTO<\/h3>\n<\/blockquote>\n<p><strong>di Renato Bona<\/strong><\/p>\n<p>Nel venticinquesimo anniversario dello scioglimento, si svolger\u00e0 a Belluno da venerd\u00ec 17 a domenica 19 giugno, la sesta edizione del &#8220;Raduno Brigata Alpina Cadore&#8221; (il primo ebbe luogo il 17, 18 e 19 settembre 1999), promosso dalla Sezione bellunese dell&#8217;Associazione nazionale Alpini. Sono invitati a partecipare alpini e cittadinanza. I vari Gruppi Ana sono sollecitati ad intervenire con il gagliardetto; a disposizione dei radunisti \u00e8 stata predisposta una medaglia ricordo e ci saranno gadget vari; una puntualizzazione tecnica: nel Piazzale della Resistenza, zona fissata per il ritrovo, saranno attivati i chioschi alpini solo nella mattinata della domenica. Prima di esporre il programma della tre-giorni bellunese, varato d &#8216;intesa con le competenti autorit\u00e0 locali e le forze dell&#8217;ordine, dal direttivo della sezione Ana presieduto da Lino De Pr\u00e0 \u00e8 giusto ricordare che l&#8217;evento sar\u00e0 preceduto domenica 12 dall&#8217;annuale Festa Sezionale al Col Visentin, con invito esteso a tutti gli alpini ed artiglieri, agli amici degli alpini e loro famigliari. Sar\u00e0 occasione per passare una domenica assieme, in allegria, con spirito alpino. E la possibilit\u00e0 di consumare un \u201crancio alpino\u201da \u201cVilla Miari\u201d di Modolo, sede del Gruppo Alpini Castionese (per ragioni organizzative i Gruppi dovranno comunicare entro il 7 giugno il numero approssimativo dei partecipanti che intendono usufruire del \u201crancio alpino\u201d). Come per lo scorso anno, \u00e8 organizzata la \u201c2. Ciclopedalata del Ricordo\u201d, della lunghezza di 20\/25 chilometri, con arrivo al Rifugio Visentin. Ed ecco quanto proposto per il sesto raduno della &#8220;Cadore&#8221;: Venerd\u00ec 17 nella Piazza dei Martiri, aperturta alle 17 del chiosco alpino; alle 21 al Teatro comunale concerto corale con Ana Adunata (Sezione Belluno), cori Mesulano di Cordignano, Minimo Bellunese. Sabato 18: dalle 9 alle 17 nel parco &#8220;Citt\u00e0 di Bologna&#8221; esposizione di materiali della Protezione civile; dalle 9,30 alle 17 mercato coperto dell&#8217;ex caserma &#8220;Tasso&#8221;: mostra-mercato dei prodotti delle aziende vincitrici del Premio Ana &#8220;Fedelt\u00e0 alla montagna&#8221;; dalle 10 alle 12 nella nuova sala della &#8220;Tasso&#8221; convegno sul tema: &#8220;Gli Alpini e la tutela della Montagna. I Premi &#8220;Fedelt\u00e0 alla montagna dell&#8217;Ana&#8221;; dalle 14 alle 16 nella caserma Salsa-D&#8217;Angelo esposizione di mezzi e materiali in dotazione alle Truppe alpine; alle 15,45: nella stessa caserma: onore ai Caduti e deposizione di una corona al Monumento; alle 16,45 nella Piazza dei Martiri alzabandiera; alle 17 nella stessa Piazza; carosello della Fanfara congedati Bgt Cadore; alle 18,30 nella basilica di San Martino messa presieduta dal vescovo monsignor Renato Marangoni; canti del Coro Congedati Bgt Cadore; dalle 21 alla Spes Arena concerto di Coro e Fanfara Congedati della brigata alpina Cadore. Domenica 19: alle 9,45 nel Piazzale della Resistenza ritrovo dei partecipanti al raduno; alle 10,30 inizio del trasferimento organizzato alpino per il Ponte degli Alpini ed il centro citt\u00e0, con scioglimento nella Piazza Santo Stefano e via Simon da Cusighe; alle 12 nel piazzale sul retro del palasport &#8220;A. De Mas&#8221; inizio della distribuzione del &#8220;rancio alpino&#8221;, alle 17 nella Piazza dei Martiri ammainabandiera accompagnato dalla Fanfara alpina di Borsoi d&#8217;Alpago. Qui di seguito un po&#8217; di storia della Brigata Cadore, tratta dalla Libera enciclopedia Wikipedia e dal sito della Sezione Ana di Belluno oltre che dalla pubblicazione &#8220;Brigata Alpina Cadore. Trent&#8217;anni di presenza in provincia di Belluno 1953-1983&#8221; edita a cura di Mario Dell&#8217;Eva in occasione del conferimento della cittadinanza onoraria di Belluno alla Brigata. Costituita l &#8216;1 luglio 1953 nel quadro della ricostruzione delle grandi Unit\u00e0 Alpine, avendo alle dipendenze, nella sua struttura consolidata, il 7\u00b0 Alpini (btg. \u201cFeltre\u201d, \u201cPieve di Cadore\u201d e \u201cBelluno\u201d, il 6\u00b0 Artiglieria da montagna (gr. \u201cLanzo\u201d, \u201cPieve di Cadore\u201d e \u201cAgordo\u201d), la compagnia genio-pionieri, la compagnia trasmissioni, il Quartier Generale ed il Raggruppamento servizi. Radica le sue tradizioni militari nelle vicissitudini dei battaglioni e dei gruppi che inquadra e consolida la sua storia nei numerosi e gravosi impegni di ordine pubblico e di soccorso alle popolazioni colpite da calamit\u00e0 naturali: 1963 Vajont \u2013 Longarone (bandiere del 7\u00b0 Alpini e del 6\u00b0 Artiglieria da montagna insignite di medaglia d\u2019oro al valore civile); 1966 Alluvione &#8211; Soccorso alle popolazioni bellunesi (insignita di medaglia di Benemerenza al valor civile; 1985 Val di Stava (TN); 1991 Bellunese e Puglia: Servizio d\u2019ordine pubblico in concomitanza della guerra del Golfo; 1991 assistenza a profughi albanesi; 1992 assistenza a rifugiati croati e bosniaci; 1992 Lamosano \u2013 Alpago, protezione pubblica, minaccia frana di Lamosano; 1992-1993 operazione \u201cVespri Siciliani\u201d \u2013 Sicilia. Alla &#8220;Cadore&#8221; &#8211; che \u00e8 stata sciolta, con cerimonia solenne in Piazza dei Martiri a Belluno dove era nata, il 10 gennaio 1997 &#8211; \u00e8 stata conferita la cittadinanza onoraria dai Comuni di: Belluno 1983, Longarone 1988, Arcade 1990, Cardato (RC) 1991, Marostica 1992. Sabato 11 gennaio 1997 il quotidiano Il Gazzerttino titolava: &#8220;La citt\u00e0 si \u00e8 stretta attorno ai militari in una commossa e suggestiva cerimonia che ne ha decretato lo scioglimento. Brigata Cadore, ora rimane il ricordo. Dopo quarantatr\u00e9 anni di attivit\u00e0 \u00e8 risuonato in Piazza Martiri l\u2019ultimo signors\u00ec&#8221;. Quasi un rito funebre collettivo ha unito simbolicamente tutti i cittadini presenti nello storico Campedel. Una citt\u00e0 con le lacrime agli occhi. Il saluto del generale Primo Gadia&#8221;. Ed ecco i generali comandanti che si sono succeduti al vertice della Brigata Cadore: Carlo Ravnich, 1953-1956; Luigi Vismara, 1956-1958; Raffaele Binetti, 1958-1959; Francesco Dibitonto, 1959-1960; Mos\u00e8 Bongioanni, 1960-1961; Alberto Di Leo, 1961-1963; Umberto Cavanna, 1963-1965; Vito Caruso, 1965-1967; Antonio La Verghetta, 1967-1968; Massimiliano Brugnara, 1968-1970; Luigi Clerico, 1970-1971; Giovanni Mervig, 1971-1972; Lorenzo Valditara, 1972-1974; Giorgio Donati, 1974-1975; Giovanni Polzot, 1975-1976; Giulio Primiceri, 1976-1978; Nazzaro Antonio, 1978-1979; Edoardo Bernardi, 1979 &#8211; 1980; Giovanni Prandi, 1980-1981; Domenico Innecco, 1981-1983; Carlo Jean, 1983-1984; Eugenio Mocchi, 1984-1986; Italico Cauteruccio, 1986-1987; Francesco Cervoni, 1987-1988; Mario Rosa, 1988-1990; Giovanni Papini, 1990-1992; Franco Chiesa, 1992-1993; Primo Gadia, 1993-1997. Ci sarebbero moltissimi episodi ed aneddoti da riportare ma per evidenti ragioni di spazio ci limitiamo nella circostanza a citare una realt\u00e0 forse meno nota di altre ma sicuramente parimenti importante. Nel 1956 si costituisce all&#8217;aerocampo bellunese la Sezione Aerei Leggeri &#8220;Cadore&#8221;, alle dirette dipendenze del Comando Brigata. Nel 1966 viene trasformato in Reparto Aviazione Leggeri &#8220;Cadore&#8221;, articolato su due sezioni. In seguito si aggiunger\u00e0 anche una Sezione Elicotteri da Ricognizione (SER). Nel 1976 il RAL si trasforma in 44\u00ba Gruppo Squadroni ERI &#8220;Fenice&#8221; e passa alle dipendenze del 4\u00ba Raggruppamento ALE &#8220;Altair&#8221; di Bolzano, rimanendo per\u00f2 di stanza a Belluno e continuando la sua attivit\u00e0 di volo orientata prevalentemente a favore della Brigata &#8220;Cadore&#8221; (un distaccamento a Campoformido era invece di appoggio per la &#8220;Julia&#8221;). Nel 1996 muta denominazione in 48\u00ba Gruppo Squadrone EA &#8220;Pavone&#8221; e passa alle dipendenze del 7\u00ba Reggimento AVES &#8220;Vega&#8221;. Con il cambio di dipendenza cessa anche il tradizionale impiego a favore delle Truppe Alpine. Nel 1998 lascia la storica sede di Belluno per trasferirsi a Rimini. Concludiamo riandando alla prima edizione del Raduno della &#8220;Cadore&#8221; che ebbe luogo il 17, 18 e 19 settembre 1999: il lavoro del Comitato organizzatore, caratterizzato da passione ed impegno per mesi, \u00e8 stato coronato da successo esemplare, con oltre 6 mila alpini che hanno sfilato per Piazza dei Martiri ed altrettanti schierati lungo il percorso; tutto si \u00e8 svolto senza problemi, con lo speaker (l\u2019avv. Stefani, speaker ufficiale della sfilata nazionale) che ricordava gli storici battaglioni e i reparti di un tempo. Dal palco delle autorit\u00e0 salutavano il presidente nazionale Ana, Parazzini, il comandante le Truppe Alpine ten. Gen. De Salvia, i vecchi comandanti (presenti i Sindaci dei Comuni del Bellunese; ai piedi della tribuna centrale, assieme ai Vessilli delle Sezioni di Feltre, Cadore e Belluno, i gonfaloni delle tre Citt\u00e0 che hanno dato nome ai tre gloriosi battaglioni del 7\u00b0 Reggimento Alpini).<\/p>\n\n\t\t\t<style type='text\/css'>\n\t\t\t\t#gallery-13 {\n\t\t\t\t\tmargin: auto;\n\t\t\t\t}\n\t\t\t\t#gallery-13 .gallery-item {\n\t\t\t\t\tfloat: left;\n\t\t\t\t\tmargin-top: 10px;\n\t\t\t\t\ttext-align: center;\n\t\t\t\t\twidth: 14%;\n\t\t\t\t}\n\t\t\t\t#gallery-13 img {\n\t\t\t\t\tborder: 2px solid #cfcfcf;\n\t\t\t\t}\n\t\t\t\t#gallery-13 .gallery-caption {\n\t\t\t\t\tmargin-left: 0;\n\t\t\t\t}\n\t\t\t\t\/* see gallery_shortcode() in wp-includes\/media.php *\/\n\t\t\t<\/style>\n\t\t<div id='gallery-13' class='dt-gallery-container gallery galleryid-278545 gallery-columns-7 gallery-size-thumbnail'><dl class='gallery-item'>\n\t\t\t\t<dt class='gallery-icon portrait'>\n\t\t\t\t\t<a class=\"rollover rollover-zoom dt-pswp-item\" title=\"05f14bfd-9e91-455b-b5bf-cc9acd22e65d\" data-dt-img-description=\"\" data-large_image_width=\"157\" data-large_image_height=\"225\"href='https:\/\/www.radiopiu.net\/wordpress\/wp-content\/uploads\/2022\/05\/05f14bfd-9e91-455b-b5bf-cc9acd22e65d.jpg'><img loading=\"lazy\" decoding=\"async\" width=\"150\" height=\"150\" src=\"https:\/\/www.radiopiu.net\/wordpress\/wp-content\/uploads\/2022\/05\/05f14bfd-9e91-455b-b5bf-cc9acd22e65d-150x150.jpg\" class=\"attachment-thumbnail size-thumbnail\" alt=\"\" \/><\/a>\n\t\t\t\t<\/dt><\/dl><dl class='gallery-item'>\n\t\t\t\t<dt class='gallery-icon landscape'>\n\t\t\t\t\t<a class=\"rollover rollover-zoom dt-pswp-item\" title=\"f68edadf-e7bb-4732-9ec9-9c12b9f821e4\" data-dt-img-description=\"\" data-large_image_width=\"280\" data-large_image_height=\"202\"href='https:\/\/www.radiopiu.net\/wordpress\/wp-content\/uploads\/2022\/05\/f68edadf-e7bb-4732-9ec9-9c12b9f821e4.jpg'><img loading=\"lazy\" decoding=\"async\" width=\"150\" height=\"150\" src=\"https:\/\/www.radiopiu.net\/wordpress\/wp-content\/uploads\/2022\/05\/f68edadf-e7bb-4732-9ec9-9c12b9f821e4-150x150.jpg\" class=\"attachment-thumbnail size-thumbnail\" alt=\"\" \/><\/a>\n\t\t\t\t<\/dt><\/dl><dl class='gallery-item'>\n\t\t\t\t<dt class='gallery-icon landscape'>\n\t\t\t\t\t<a class=\"rollover rollover-zoom dt-pswp-item\" title=\"0c1c4a93-c9b4-4730-afe0-7e2af28226b4\" data-dt-img-description=\"\" data-large_image_width=\"299\" data-large_image_height=\"169\"href='https:\/\/www.radiopiu.net\/wordpress\/wp-content\/uploads\/2022\/05\/0c1c4a93-c9b4-4730-afe0-7e2af28226b4.jpg'><img loading=\"lazy\" decoding=\"async\" width=\"150\" height=\"150\" src=\"https:\/\/www.radiopiu.net\/wordpress\/wp-content\/uploads\/2022\/05\/0c1c4a93-c9b4-4730-afe0-7e2af28226b4-150x150.jpg\" class=\"attachment-thumbnail size-thumbnail\" alt=\"\" \/><\/a>\n\t\t\t\t<\/dt><\/dl><dl class='gallery-item'>\n\t\t\t\t<dt class='gallery-icon landscape'>\n\t\t\t\t\t<a class=\"rollover rollover-zoom dt-pswp-item\" title=\"63a3aa82-6d1a-4eab-b015-c47c77c921bf\" data-dt-img-description=\"\" data-large_image_width=\"321\" data-large_image_height=\"206\"href='https:\/\/www.radiopiu.net\/wordpress\/wp-content\/uploads\/2022\/05\/63a3aa82-6d1a-4eab-b015-c47c77c921bf.jpg'><img loading=\"lazy\" decoding=\"async\" width=\"150\" height=\"150\" src=\"https:\/\/www.radiopiu.net\/wordpress\/wp-content\/uploads\/2022\/05\/63a3aa82-6d1a-4eab-b015-c47c77c921bf-150x150.jpg\" class=\"attachment-thumbnail size-thumbnail\" alt=\"\" \/><\/a>\n\t\t\t\t<\/dt><\/dl><dl class='gallery-item'>\n\t\t\t\t<dt class='gallery-icon landscape'>\n\t\t\t\t\t<a class=\"rollover rollover-zoom dt-pswp-item\" title=\"a1260919-c95e-4837-95ec-e651788847bd\" data-dt-img-description=\"\" data-large_image_width=\"350\" data-large_image_height=\"203\"href='https:\/\/www.radiopiu.net\/wordpress\/wp-content\/uploads\/2022\/05\/a1260919-c95e-4837-95ec-e651788847bd.jpg'><img loading=\"lazy\" decoding=\"async\" width=\"150\" height=\"150\" src=\"https:\/\/www.radiopiu.net\/wordpress\/wp-content\/uploads\/2022\/05\/a1260919-c95e-4837-95ec-e651788847bd-150x150.jpg\" class=\"attachment-thumbnail size-thumbnail\" alt=\"\" \/><\/a>\n\t\t\t\t<\/dt><\/dl><dl class='gallery-item'>\n\t\t\t\t<dt class='gallery-icon landscape'>\n\t\t\t\t\t<a class=\"rollover rollover-zoom dt-pswp-item\" title=\"be752d13-931b-422d-8a53-ecfc5ecd068e\" data-dt-img-description=\"\" data-large_image_width=\"296\" data-large_image_height=\"202\"href='https:\/\/www.radiopiu.net\/wordpress\/wp-content\/uploads\/2022\/05\/be752d13-931b-422d-8a53-ecfc5ecd068e.jpg'><img loading=\"lazy\" decoding=\"async\" width=\"150\" height=\"150\" src=\"https:\/\/www.radiopiu.net\/wordpress\/wp-content\/uploads\/2022\/05\/be752d13-931b-422d-8a53-ecfc5ecd068e-150x150.jpg\" class=\"attachment-thumbnail size-thumbnail\" alt=\"\" \/><\/a>\n\t\t\t\t<\/dt><\/dl><dl class='gallery-item'>\n\t\t\t\t<dt class='gallery-icon landscape'>\n\t\t\t\t\t<a class=\"rollover rollover-zoom dt-pswp-item\" title=\"a97b7ee8-a8c8-4a17-9c0d-acf9732a5709\" data-dt-img-description=\"\" data-large_image_width=\"296\" data-large_image_height=\"203\"href='https:\/\/www.radiopiu.net\/wordpress\/wp-content\/uploads\/2022\/05\/a97b7ee8-a8c8-4a17-9c0d-acf9732a5709.jpg'><img loading=\"lazy\" decoding=\"async\" width=\"150\" height=\"150\" src=\"https:\/\/www.radiopiu.net\/wordpress\/wp-content\/uploads\/2022\/05\/a97b7ee8-a8c8-4a17-9c0d-acf9732a5709-150x150.jpg\" class=\"attachment-thumbnail size-thumbnail\" alt=\"\" \/><\/a>\n\t\t\t\t<\/dt><\/dl><br style=\"clear: both\" \/><dl class='gallery-item'>\n\t\t\t\t<dt class='gallery-icon landscape'>\n\t\t\t\t\t<a class=\"rollover rollover-zoom dt-pswp-item\" title=\"c1661311-8b90-4bc0-868a-386b43f673c1\" data-dt-img-description=\"\" data-large_image_width=\"261\" data-large_image_height=\"200\"href='https:\/\/www.radiopiu.net\/wordpress\/wp-content\/uploads\/2022\/05\/c1661311-8b90-4bc0-868a-386b43f673c1.jpg'><img loading=\"lazy\" decoding=\"async\" width=\"150\" height=\"150\" src=\"https:\/\/www.radiopiu.net\/wordpress\/wp-content\/uploads\/2022\/05\/c1661311-8b90-4bc0-868a-386b43f673c1-150x150.jpg\" class=\"attachment-thumbnail size-thumbnail\" alt=\"\" \/><\/a>\n\t\t\t\t<\/dt><\/dl><dl class='gallery-item'>\n\t\t\t\t<dt class='gallery-icon landscape'>\n\t\t\t\t\t<a class=\"rollover rollover-zoom dt-pswp-item\" title=\"7ec2245b-8b27-456c-b8f2-758e660c202c\" data-dt-img-description=\"\" data-large_image_width=\"261\" data-large_image_height=\"198\"href='https:\/\/www.radiopiu.net\/wordpress\/wp-content\/uploads\/2022\/05\/7ec2245b-8b27-456c-b8f2-758e660c202c.jpg'><img loading=\"lazy\" decoding=\"async\" width=\"150\" height=\"150\" src=\"https:\/\/www.radiopiu.net\/wordpress\/wp-content\/uploads\/2022\/05\/7ec2245b-8b27-456c-b8f2-758e660c202c-150x150.jpg\" class=\"attachment-thumbnail size-thumbnail\" alt=\"\" \/><\/a>\n\t\t\t\t<\/dt><\/dl><dl class='gallery-item'>\n\t\t\t\t<dt class='gallery-icon landscape'>\n\t\t\t\t\t<a class=\"rollover rollover-zoom dt-pswp-item\" title=\"65b9fad7-7b1c-48bb-a23e-d1415f45e5bf\" data-dt-img-description=\"\" data-large_image_width=\"296\" data-large_image_height=\"202\"href='https:\/\/www.radiopiu.net\/wordpress\/wp-content\/uploads\/2022\/05\/65b9fad7-7b1c-48bb-a23e-d1415f45e5bf.jpg'><img loading=\"lazy\" decoding=\"async\" width=\"150\" height=\"150\" src=\"https:\/\/www.radiopiu.net\/wordpress\/wp-content\/uploads\/2022\/05\/65b9fad7-7b1c-48bb-a23e-d1415f45e5bf-150x150.jpg\" class=\"attachment-thumbnail size-thumbnail\" alt=\"\" \/><\/a>\n\t\t\t\t<\/dt><\/dl><dl class='gallery-item'>\n\t\t\t\t<dt class='gallery-icon portrait'>\n\t\t\t\t\t<a class=\"rollover rollover-zoom dt-pswp-item\" title=\"a1c58b2f-7e34-40e7-b032-fead4a856eb3\" data-dt-img-description=\"\" data-large_image_width=\"159\" data-large_image_height=\"280\"href='https:\/\/www.radiopiu.net\/wordpress\/wp-content\/uploads\/2022\/05\/a1c58b2f-7e34-40e7-b032-fead4a856eb3.jpg'><img loading=\"lazy\" decoding=\"async\" width=\"150\" height=\"150\" src=\"https:\/\/www.radiopiu.net\/wordpress\/wp-content\/uploads\/2022\/05\/a1c58b2f-7e34-40e7-b032-fead4a856eb3-150x150.jpg\" class=\"attachment-thumbnail size-thumbnail\" alt=\"\" \/><\/a>\n\t\t\t\t<\/dt><\/dl><dl class='gallery-item'>\n\t\t\t\t<dt class='gallery-icon portrait'>\n\t\t\t\t\t<a class=\"rollover rollover-zoom dt-pswp-item\" title=\"bacf2dbe-a28d-43a6-926e-b855c12e54e0\" data-dt-img-description=\"\" data-large_image_width=\"154\" data-large_image_height=\"280\"href='https:\/\/www.radiopiu.net\/wordpress\/wp-content\/uploads\/2022\/05\/bacf2dbe-a28d-43a6-926e-b855c12e54e0.jpg'><img loading=\"lazy\" decoding=\"async\" width=\"150\" height=\"150\" src=\"https:\/\/www.radiopiu.net\/wordpress\/wp-content\/uploads\/2022\/05\/bacf2dbe-a28d-43a6-926e-b855c12e54e0-150x150.jpg\" class=\"attachment-thumbnail size-thumbnail\" alt=\"\" \/><\/a>\n\t\t\t\t<\/dt><\/dl><dl class='gallery-item'>\n\t\t\t\t<dt class='gallery-icon portrait'>\n\t\t\t\t\t<a class=\"rollover rollover-zoom dt-pswp-item\" title=\"8a1883fa-bb53-40ea-8e43-5cb37ad9cc74\" data-dt-img-description=\"\" data-large_image_width=\"173\" data-large_image_height=\"200\"href='https:\/\/www.radiopiu.net\/wordpress\/wp-content\/uploads\/2022\/05\/8a1883fa-bb53-40ea-8e43-5cb37ad9cc74.jpg'><img loading=\"lazy\" decoding=\"async\" width=\"150\" height=\"150\" src=\"https:\/\/www.radiopiu.net\/wordpress\/wp-content\/uploads\/2022\/05\/8a1883fa-bb53-40ea-8e43-5cb37ad9cc74-150x150.jpg\" class=\"attachment-thumbnail size-thumbnail\" alt=\"\" \/><\/a>\n\t\t\t\t<\/dt><\/dl><dl class='gallery-item'>\n\t\t\t\t<dt class='gallery-icon portrait'>\n\t\t\t\t\t<a class=\"rollover rollover-zoom dt-pswp-item\" title=\"0bcb2d9e-89c0-48e6-9b3d-f7cb4f2c3127\" data-dt-img-description=\"\" data-large_image_width=\"180\" data-large_image_height=\"204\"href='https:\/\/www.radiopiu.net\/wordpress\/wp-content\/uploads\/2022\/05\/0bcb2d9e-89c0-48e6-9b3d-f7cb4f2c3127.jpg'><img loading=\"lazy\" decoding=\"async\" width=\"150\" height=\"150\" src=\"https:\/\/www.radiopiu.net\/wordpress\/wp-content\/uploads\/2022\/05\/0bcb2d9e-89c0-48e6-9b3d-f7cb4f2c3127-150x150.jpg\" class=\"attachment-thumbnail size-thumbnail\" alt=\"\" \/><\/a>\n\t\t\t\t<\/dt><\/dl><br style=\"clear: both\" \/>\n\t\t\t<\/div>\n\n<p>NELLE FOTO (siti Sezione Ana Belluno, Wikipedia e riproduzioni dal libretto &#8220;Brigata Alpina &#8220;Cadore&#8221; Trent&#8217;anni di presenza in provincia di Belluno&#8221;): lo scudetto della &#8220;Cadore&#8221; col motto: &#8220;Alti come pini, forti come torri, uniti come catene&#8221;; il logo con l&#8217;annuncio del sesto Raduno della Cadore; quello che annuncia la festa della Sezione Ana Belluno sul Visentin il 12 giugno prossimo; il presidente dell&#8217;Ana bellunese Limno De Pra; immagine della prima edizione del Raduno; Belluno Piazza dei Martiri, 1954: solenne consegna delle bandiere di guerra ai reggimenti della &#8220;Cadore&#8221;; consegna di decorazioni alle bandiere dei reparti per opere di soccorso; disastro del Vajont del 9 ottobre 1963: la Cadore c&#8217;\u00e8!; bimbi di Agordo alla consegna di bandiere ai Reggimenti; il colonnello Gandolfo riceve la bandiera del 7. reggimento; gli alpini impegnati a Valle di Cadore dopo l&#8217;alluvione del novembre 1966; sgombero di detriti a Caprile dopo lo stesso evento calamitoso; il primo comandante della brigata, generale Carlo Ravnich; l&#8217;ultimo, generale Primo Gadia.<\/p>\n<p>&nbsp;<\/p>\n<p>&nbsp;<\/p>\n<hr \/>\n<p>&nbsp;<\/p>\n<h2><span style=\"color: #ff0000;\"><strong>IERI ALLA RADIO<\/strong><\/span><\/h2>\n<blockquote>\n<h3>FABRIZIO PESCOSTA DALLA PICCOLA BAITA, sempre aperto anche fuori stagione<\/h3>\n<\/blockquote>\n<p><strong><a class=\"dt-pswp-item\" href=\"https:\/\/www.radiopiu.net\/wordpress\/wp-content\/uploads\/2020\/03\/f66cf2be-78f3-4add-80c5-fe2b715cdbf6.jpg\" data-dt-img-description=\"\" data-large_image_width=\"303\" data-large_image_height=\"166\"><img loading=\"lazy\" decoding=\"async\" class=\"size-medium wp-image-123105 alignleft\" src=\"https:\/\/www.radiopiu.net\/wordpress\/wp-content\/uploads\/2020\/03\/f66cf2be-78f3-4add-80c5-fe2b715cdbf6-300x164.jpg\" alt=\"\" width=\"300\" height=\"164\" srcset=\"https:\/\/www.radiopiu.net\/wordpress\/wp-content\/uploads\/2020\/03\/f66cf2be-78f3-4add-80c5-fe2b715cdbf6-300x164.jpg 300w, https:\/\/www.radiopiu.net\/wordpress\/wp-content\/uploads\/2020\/03\/f66cf2be-78f3-4add-80c5-fe2b715cdbf6.jpg 303w\" sizes=\"auto, (max-width: 300px) 100vw, 300px\" \/><\/a>FALCADE<\/strong> L&#8217;intervista a Fabrizio Pescosta dell&#8217;Agriturismo Piccola Baita a Falcade<\/p>\n<p>&nbsp;<\/p>\n<p>&nbsp;<\/p>\n<p>&nbsp;<\/p>\n<p><strong>di Claudio Fontanive<\/strong><\/p>\n<audio class=\"wp-audio-shortcode\" id=\"audio-278545-4\" preload=\"none\" style=\"width: 100%;\" controls=\"controls\"><source type=\"audio\/mpeg\" src=\"https:\/\/www.radiopiu.net\/wordpress\/wp-content\/uploads\/2022\/05\/fabrizio-pescosta-30-maggio.mp3?_=4\" \/><a href=\"https:\/\/www.radiopiu.net\/wordpress\/wp-content\/uploads\/2022\/05\/fabrizio-pescosta-30-maggio.mp3\">https:\/\/www.radiopiu.net\/wordpress\/wp-content\/uploads\/2022\/05\/fabrizio-pescosta-30-maggio.mp3<\/a><\/audio>\n<p>&nbsp;<\/p>\n<p>&nbsp;<\/p>\n<hr \/>\n<p>&nbsp;<\/p>\n<blockquote>\n<h2>\u00a02 GIUGNO PALAFALCADE CON L&#8217;ORCHESTRA DA BALLO DI BAGUTTI<\/h2>\n<\/blockquote>\n<p><a class=\"dt-pswp-item\" href=\"https:\/\/www.radiopiu.net\/wordpress\/wp-content\/uploads\/2022\/05\/Orchestra-italiana-Gianmarco-Bagutti-scaled.jpg\" data-dt-img-description=\"\" data-large_image_width=\"2481\" data-large_image_height=\"2560\"><img loading=\"lazy\" decoding=\"async\" class=\"size-thumbnail wp-image-278797 alignleft\" src=\"https:\/\/www.radiopiu.net\/wordpress\/wp-content\/uploads\/2022\/05\/Orchestra-italiana-Gianmarco-Bagutti-150x150.jpg\" alt=\"\" width=\"150\" height=\"150\" \/><\/a>Gioved\u00ec 02 giugno a Falcade andr\u00e0 in scena il grande spettacolo della musica da ballo con il concerto dell\u2019Orchestra Italiana Gianmarco Bagutti che inaugurer\u00e0 proprio in Val del Biois la tourn\u00e8e estiva con una scoppiettante data zero. Dalle 21.00 presso la Sala Dolomiti di Falcade l\u2019orchestra di 14 elementi, tra palco e tecnici, far\u00e0 risuonare il grande repertorio di musiche nazionali, internazionali e sue composizioni, ripercorrendo i grandi successi dell\u2019orchestra Bagutti, passando per i maggiori cantautori italiani, trascinando e coinvolgendo il pubblico nei ritmi latini. Dopo due anni di stop forzato Gianmarco e la sua orchestra non vedono l\u2019ora di tornare sul palco per far emozionare e ballare, all\u2019interno della Sala Dolomiti sar\u00e0 infatti allestita una pista da ballo per tutti gli appassionati che dopo tanto tempo vogliono tornare a divertirsi. Sar\u00e0 uno spettacolo in grande stile con una cascata di luci e di effetti scenici, formato da maxischermi led wall e tanti fari in movimento. Inoltre, in anteprima, sar\u00e0 presentato il video clip della hit dell\u2019estate \u201cFacciamo un selfie\u201d che \u00e8 stato girato nel mese di febbraio proprio a Falcade e Canale d\u2019Agordo con la collaborazione della PromoFalcade Dolomiti che \u00e8 anche l\u2019organizzatore del concerto con il supporto del Comune di Falcade. Sulle musiche di \u201cFacciamo un selfie\u201d sfileranno le immagini delle bellezze invernali della valle e delle sue eccellenze come le piste da sci, i panorami mozzafiato e la cultura, sotto la regia di Paolo Prosperi e sullo sfondo delle installazioni luminose della ditta Michelotti. Il video clip girer\u00e0 l\u2019Italia intera, sar\u00e0 infatti presentato ad ogni data della tourn\u00e9e estiva portando un soffio di Dolomiti nella calda estate italiana. Il biglietto di ingresso al concerto sar\u00e0 disponibile presso le biglietterie della Sala Dolomiti a partire dalle 18.00 del 02 giugno ed avr\u00e0 un costo di 10 \u20ac. Antonella Schena, presidente di PromoFalcade \u00e8 davvero felice di ospitare l\u2019orchestra italiana Bagutti, per inaugurare alla grande la stagione estiva della Val del Biois, come segno di ripartenza, per dare il <img loading=\"lazy\" decoding=\"async\" class=\"alignleft\" src=\"https:\/\/www.radiopiu.net\/wordpress\/wp-content\/uploads\/2022\/05\/LOCANDINA-CONCERTO-BAGUTTI.jpg\" width=\"171\" height=\"242\" \/>benvenuto agli ospiti e offrire un vero spettacolo ai valligiani, all\u2019inizio di questa estate che accoglie anche i numerosi fans dell\u2019orchestra provenienti da tutta Italia.<\/p>\n<blockquote>\n<h2><strong>OSPITI ANTONELLA SCHENA, CRISTIAN MASSARENTI E GIANMARCO BAGUTTI\u00a0<\/strong><\/h2>\n<\/blockquote>\n<p><strong>AUDIO\u00a0<\/strong><\/p>\n<audio class=\"wp-audio-shortcode\" id=\"audio-278545-5\" preload=\"none\" style=\"width: 100%;\" controls=\"controls\"><source type=\"audio\/mpeg\" src=\"https:\/\/www.radiopiu.net\/wordpress\/wp-content\/uploads\/2022\/05\/ginamarco-bagutti-18-maggio.mp3?_=5\" \/><a href=\"https:\/\/www.radiopiu.net\/wordpress\/wp-content\/uploads\/2022\/05\/ginamarco-bagutti-18-maggio.mp3\">https:\/\/www.radiopiu.net\/wordpress\/wp-content\/uploads\/2022\/05\/ginamarco-bagutti-18-maggio.mp3<\/a><\/audio>\n<p><strong>LO SPOT ALLA RADIO\u00a0<\/strong><\/p>\n<audio class=\"wp-audio-shortcode\" id=\"audio-278545-6\" preload=\"none\" style=\"width: 100%;\" controls=\"controls\"><source type=\"audio\/mpeg\" src=\"https:\/\/www.radiopiu.net\/wordpress\/wp-content\/uploads\/2022\/05\/BAGUTTI-SPOT.mp3?_=6\" \/><a href=\"https:\/\/www.radiopiu.net\/wordpress\/wp-content\/uploads\/2022\/05\/BAGUTTI-SPOT.mp3\">https:\/\/www.radiopiu.net\/wordpress\/wp-content\/uploads\/2022\/05\/BAGUTTI-SPOT.mp3<\/a><\/audio>\n<p>&nbsp;<\/p>\n<p>&nbsp;<\/p>\n<p>&nbsp;<\/p>\n<hr \/>\n<p>&nbsp;<\/p>\n<h2><span style=\"color: #008080;\">SALUTE &amp; SOCIETA&#8217;\u00a0<\/span><\/h2>\n<p><strong>PUNTATA DEL 30 MAGGIO 2022<\/strong><\/p>\n<p><strong><img loading=\"lazy\" decoding=\"async\" class=\"alignleft\" src=\"https:\/\/www.radiopiu.net\/wordpress\/wp-content\/uploads\/2022\/05\/WhatsApp-Image-2022-05-30-at-09.38.45.jpeg\" width=\"131\" height=\"73\" \/>Ipertensione arteriosa polmonare <\/strong>In Italia, circa 3 mila persone soffrono di ipertensione arteriosa polmonare, una malattia rara e poco conosciuta che interessa cuore e polmoni. Per dare pi\u00f9 speranze ai pazienti e per far conoscere meglio questa malattia \u00e8 nata la campagna di sensibilizzazione &#8220;La vita in un respiro&#8221;. <strong>Endoscopia per vegani <\/strong>\u2018Niente frutta e verdura per tre giorni\u2019, normale routine per chi affronta una colonscopia ma un vero incubo se si \u00e8 vegani o vegetariani. Cosa fare? <strong>Insonnia<\/strong><br \/>\nL&#8217;insonnia \u00e8 una patologia delle 24 ore, un disturbo del ritmo sonno-veglia che colpisce in Italia circa 1 adulto su 4, in prevalenza donne, e crea problemi non solo di notte ma anche nel funzionamento diurno.<\/p>\n<p>&nbsp;<\/p>\n<audio class=\"wp-audio-shortcode\" id=\"audio-278545-7\" preload=\"none\" style=\"width: 100%;\" controls=\"controls\"><source type=\"audio\/mpeg\" src=\"https:\/\/www.radiopiu.net\/wordpress\/wp-content\/uploads\/2022\/05\/SALUTE-4.mp3?_=7\" \/><a href=\"https:\/\/www.radiopiu.net\/wordpress\/wp-content\/uploads\/2022\/05\/SALUTE-4.mp3\">https:\/\/www.radiopiu.net\/wordpress\/wp-content\/uploads\/2022\/05\/SALUTE-4.mp3<\/a><\/audio>\n<p><strong>LA RACCOLTA<\/strong><\/p>\n<blockquote class=\"wp-embedded-content\" data-secret=\"WlS8B569IE\"><p><a href=\"https:\/\/www.radiopiu.net\/wordpress\/saluteesocieta\/\">Salute e Societ\u00e0<\/a><\/p><\/blockquote>\n<p><iframe loading=\"lazy\" class=\"wp-embedded-content\" sandbox=\"allow-scripts\" security=\"restricted\" style=\"position: absolute; clip: rect(1px, 1px, 1px, 1px);\" title=\"&#8220;Salute e Societ\u00e0&#8221; &#8212; Radio Pi\u00f9\" src=\"https:\/\/www.radiopiu.net\/wordpress\/saluteesocieta\/embed\/#?secret=zp0y8Z8oBD#?secret=WlS8B569IE\" data-secret=\"WlS8B569IE\" width=\"600\" height=\"338\" frameborder=\"0\" marginwidth=\"0\" marginheight=\"0\" scrolling=\"no\"><\/iframe><\/p>\n<p>&nbsp;<\/p>\n<hr \/>\n<p>&nbsp;<\/p>\n<h2><span style=\"color: #ff00ff;\">007 IN CONDOTTA CON LA PROF. MARIA ROSA SALMAZO<\/span><\/h2>\n<p><strong>PUNTATA DEL 30 MAGGIO 2022\u00a0<\/strong><\/p>\n<audio class=\"wp-audio-shortcode\" id=\"audio-278545-8\" preload=\"none\" style=\"width: 100%;\" controls=\"controls\"><source type=\"audio\/mpeg\" src=\"https:\/\/www.radiopiu.net\/wordpress\/wp-content\/uploads\/2022\/05\/007-30-maggio.mp3?_=8\" \/><a href=\"https:\/\/www.radiopiu.net\/wordpress\/wp-content\/uploads\/2022\/05\/007-30-maggio.mp3\">https:\/\/www.radiopiu.net\/wordpress\/wp-content\/uploads\/2022\/05\/007-30-maggio.mp3<\/a><\/audio>\n<p><strong>LA RACCOLTA COMPLETA\u00a0<\/strong><\/p>\n<blockquote class=\"wp-embedded-content\" data-secret=\"sjaLPzPFmy\"><p><a href=\"https:\/\/www.radiopiu.net\/wordpress\/007incondotta-9\/\">007 in condotta<\/a><\/p><\/blockquote>\n<p><iframe loading=\"lazy\" class=\"wp-embedded-content\" sandbox=\"allow-scripts\" security=\"restricted\" style=\"position: absolute; clip: rect(1px, 1px, 1px, 1px);\" title=\"&#8220;007 in condotta&#8221; &#8212; Radio Pi\u00f9\" src=\"https:\/\/www.radiopiu.net\/wordpress\/007incondotta-9\/embed\/#?secret=WZxjmBRvyF#?secret=sjaLPzPFmy\" data-secret=\"sjaLPzPFmy\" width=\"600\" height=\"338\" frameborder=\"0\" marginwidth=\"0\" marginheight=\"0\" scrolling=\"no\"><\/iframe><\/p>\n<p>&nbsp;<\/p>\n<hr \/>\n<h3 class=\"kvgmc6g5 cxmmr5t8 oygrvhab hcukyx3x c1et5uql\"><span style=\"color: #0000ff;\"><strong>\u00a0<\/strong><\/span><\/h3>\n<h3 class=\"kvgmc6g5 cxmmr5t8 oygrvhab hcukyx3x c1et5uql\"><span style=\"color: #0000ff;\"><strong>INFORMAZIONE il canale su TELEGRAM informazione di prima mano e in tempo reale. iscriviti ed aiutaci a farlo conoscere\u00a0 \u00a0<\/strong><\/span><\/h3>\n<p>&nbsp;<\/p>\n<hr \/>\n<p>&nbsp;<\/p>\n<h2><span style=\"color: #800080;\">STORIE A QUATTROCCHI\u00a0 \u00a0<\/span><\/h2>\n<p><strong>LA RACCOLTA COMPLETA\u00a0<\/strong><\/p>\n<blockquote class=\"wp-embedded-content\" data-secret=\"yAF7cBnDjv\"><p><a href=\"https:\/\/www.radiopiu.net\/wordpress\/storie-a-quattrocchi\/\">Storie a quattrocchi<\/a><\/p><\/blockquote>\n<p><iframe loading=\"lazy\" class=\"wp-embedded-content\" sandbox=\"allow-scripts\" security=\"restricted\" style=\"position: absolute; clip: rect(1px, 1px, 1px, 1px);\" title=\"&#8220;Storie a quattrocchi&#8221; &#8212; Radio Pi\u00f9\" src=\"https:\/\/www.radiopiu.net\/wordpress\/storie-a-quattrocchi\/embed\/#?secret=528unUvA7Y#?secret=yAF7cBnDjv\" data-secret=\"yAF7cBnDjv\" width=\"600\" height=\"338\" frameborder=\"0\" marginwidth=\"0\" marginheight=\"0\" scrolling=\"no\"><\/iframe><\/p>\n<p>&nbsp;<\/p>\n<hr \/>\n<p>&nbsp;<\/p>\n<h2><\/h2>\n<h2><span style=\"color: #008080;\">&#8220;DINTORN E FORA VIA&#8221; A CURA DEL MUSLA, IL NUOVO PROGRAMMA\u00a0\u00a0<\/span><\/h2>\n<p><strong>LA RACCOLTA COMPLETA<\/strong><\/p>\n<blockquote class=\"wp-embedded-content\" data-secret=\"Gka2aV4d0P\"><p><a href=\"https:\/\/www.radiopiu.net\/wordpress\/musla\/\">MUSLA<\/a><\/p><\/blockquote>\n<p><iframe loading=\"lazy\" class=\"wp-embedded-content\" sandbox=\"allow-scripts\" security=\"restricted\" style=\"position: absolute; clip: rect(1px, 1px, 1px, 1px);\" title=\"&#8220;MUSLA&#8221; &#8212; Radio Pi\u00f9\" src=\"https:\/\/www.radiopiu.net\/wordpress\/musla\/embed\/#?secret=6iALBpwyYE#?secret=Gka2aV4d0P\" data-secret=\"Gka2aV4d0P\" width=\"600\" height=\"338\" frameborder=\"0\" marginwidth=\"0\" marginheight=\"0\" scrolling=\"no\"><\/iframe><\/p>\n<p>&nbsp;<\/p>\n<p>&nbsp;<\/p>\n<p>&nbsp;<\/p>\n<hr \/>\n<p>&nbsp;<\/p>\n<h2><span style=\"color: #800080;\">GIROVAGANDO IN E-BIKE 2022<\/span><\/h2>\n<p><strong>LA RACCOLTA<\/strong><\/p>\n<blockquote class=\"wp-embedded-content\" data-secret=\"SIEmkojeQX\"><p><a href=\"https:\/\/www.radiopiu.net\/wordpress\/girovagando-in-e-bike-tra-le-dolomiti\/\">GIROVAGANDO IN E BIKE TRA LE DOLOMITI<\/a><\/p><\/blockquote>\n<p><iframe loading=\"lazy\" class=\"wp-embedded-content\" sandbox=\"allow-scripts\" security=\"restricted\" style=\"position: absolute; clip: rect(1px, 1px, 1px, 1px);\" title=\"&#8220;GIROVAGANDO IN E BIKE TRA LE DOLOMITI&#8221; &#8212; Radio Pi\u00f9\" src=\"https:\/\/www.radiopiu.net\/wordpress\/girovagando-in-e-bike-tra-le-dolomiti\/embed\/#?secret=FP8FKCNeI0#?secret=SIEmkojeQX\" data-secret=\"SIEmkojeQX\" width=\"600\" height=\"338\" frameborder=\"0\" marginwidth=\"0\" marginheight=\"0\" scrolling=\"no\"><\/iframe><\/p>\n<p>&nbsp;<\/p>\n<hr \/>\n<p>&nbsp;<\/p>\n<div>\n<div class=\"b654a4as d2edcug0\">\n<div class=\"rq0escxv hkbzh7o3 jwdofwj8 n8tt0mok r8blr3vg hyh9befq\">\n<p><a class=\"dt-pswp-item\" href=\"https:\/\/www.radiopiu.net\/wordpress\/wp-content\/uploads\/2020\/10\/pp.jpg\" data-dt-img-description=\"\" data-large_image_width=\"640\" data-large_image_height=\"640\"><img loading=\"lazy\" decoding=\"async\" class=\"wp-image-163678 alignleft\" src=\"https:\/\/www.radiopiu.net\/wordpress\/wp-content\/uploads\/2020\/10\/pp-300x300.jpg\" alt=\"\" width=\"106\" height=\"106\" srcset=\"https:\/\/www.radiopiu.net\/wordpress\/wp-content\/uploads\/2020\/10\/pp-300x300.jpg 300w, https:\/\/www.radiopiu.net\/wordpress\/wp-content\/uploads\/2020\/10\/pp-150x150.jpg 150w, https:\/\/www.radiopiu.net\/wordpress\/wp-content\/uploads\/2020\/10\/pp-125x125.jpg 125w, https:\/\/www.radiopiu.net\/wordpress\/wp-content\/uploads\/2020\/10\/pp-200x200.jpg 200w, https:\/\/www.radiopiu.net\/wordpress\/wp-content\/uploads\/2020\/10\/pp-80x80.jpg 80w, https:\/\/www.radiopiu.net\/wordpress\/wp-content\/uploads\/2020\/10\/pp-480x480.jpg 480w, https:\/\/www.radiopiu.net\/wordpress\/wp-content\/uploads\/2020\/10\/pp.jpg 640w\" sizes=\"auto, (max-width: 106px) 100vw, 106px\" \/><\/a><\/p>\n<\/div>\n<\/div>\n<\/div>\n<div>\n<div class=\"page-title-head hgroup\">\n<div class=\"page-title-head hgroup\">\n<div class=\"b654a4as d2edcug0\">\n<div class=\"j83agx80 btwxx1t3 lhclo0ds hop8lmos nkwizq5d scwd0bx6 roh60bw9\">\n<div class=\"rq0escxv hkbzh7o3 jwdofwj8 n8tt0mok r8blr3vg hyh9befq\">\n<div class=\"do00u71z l9j0dhe7 k4urcfbm\">\n<h2><span style=\"color: #000080;\">DON CESARE, IL PENSIERO DEL GIORNO. ALLA RADIO ALLE 7 DEL MATTINO E ALLE 19.30 DELLA SERA.\u00a0<\/span><\/h2>\n<p>&nbsp;<\/p>\n<\/div>\n<\/div>\n<\/div>\n<\/div>\n<\/div>\n<\/div>\n<\/div>\n<audio class=\"wp-audio-shortcode\" id=\"audio-278545-9\" preload=\"none\" style=\"width: 100%;\" controls=\"controls\"><source type=\"audio\/mpeg\" src=\"https:\/\/www.radiopiu.net\/wordpress\/wp-content\/uploads\/2022\/05\/CESARE-14.mp3?_=9\" \/><a href=\"https:\/\/www.radiopiu.net\/wordpress\/wp-content\/uploads\/2022\/05\/CESARE-14.mp3\">https:\/\/www.radiopiu.net\/wordpress\/wp-content\/uploads\/2022\/05\/CESARE-14.mp3<\/a><\/audio>\n<p>&nbsp;<\/p>\n<hr \/>\n<p>&nbsp;<\/p>\n<div class=\"do00u71z l9j0dhe7 k4urcfbm\">\n<div class=\"page-title-head hgroup\">\n<div class=\"page-title-head hgroup\">\n<div class=\"b654a4as d2edcug0\">\n<div class=\"j83agx80 btwxx1t3 lhclo0ds hop8lmos nkwizq5d scwd0bx6 roh60bw9\">\n<div class=\"rq0escxv hkbzh7o3 jwdofwj8 n8tt0mok r8blr3vg hyh9befq\">\n<div class=\"do00u71z l9j0dhe7 k4urcfbm\">\n<div class=\"page-title-head hgroup\">\n<div class=\"page-title-head hgroup\">\n<div class=\"b654a4as d2edcug0\">\n<div class=\"j83agx80 btwxx1t3 lhclo0ds hop8lmos nkwizq5d scwd0bx6 roh60bw9\">\n<div class=\"rq0escxv hkbzh7o3 jwdofwj8 n8tt0mok r8blr3vg hyh9befq\">\n<div class=\"do00u71z l9j0dhe7 k4urcfbm\">\n<div class=\"ecm0bbzt e5nlhep0 a8c37x1j\">\n<div class=\"kvgmc6g5 cxmmr5t8 oygrvhab hcukyx3x c1et5uql\">\n<div class=\"gmail-kvgmc6g5 gmail-cxmmr5t8 gmail-oygrvhab gmail-hcukyx3x gmail-c1et5uql gmail-ii04i59q\">\n<div class=\"page-title-head hgroup\">\n<div class=\"page-title-head hgroup\">\n<div class=\"b654a4as d2edcug0\">\n<div class=\"j83agx80 btwxx1t3 lhclo0ds hop8lmos nkwizq5d scwd0bx6 roh60bw9\">\n<div class=\"rq0escxv hkbzh7o3 jwdofwj8 n8tt0mok r8blr3vg hyh9befq\">\n<div class=\"do00u71z l9j0dhe7 k4urcfbm\">\n<div class=\"page-title-head hgroup\">\n<div class=\"page-title-head hgroup\">\n<div class=\"b654a4as d2edcug0\">\n<div class=\"j83agx80 btwxx1t3 lhclo0ds hop8lmos nkwizq5d scwd0bx6 roh60bw9\">\n<div class=\"rq0escxv hkbzh7o3 jwdofwj8 n8tt0mok r8blr3vg hyh9befq\">\n<div class=\"do00u71z l9j0dhe7 k4urcfbm\">\n<div class=\"page-title-head hgroup\">\n<div class=\"page-title-head hgroup\">\n<div class=\"b654a4as d2edcug0\">\n<div class=\"j83agx80 btwxx1t3 lhclo0ds hop8lmos nkwizq5d scwd0bx6 roh60bw9\">\n<div class=\"rq0escxv hkbzh7o3 jwdofwj8 n8tt0mok r8blr3vg hyh9befq\">\n<div class=\"do00u71z l9j0dhe7 k4urcfbm\">\n<div class=\"ecm0bbzt e5nlhep0 a8c37x1j\">\n<div class=\"kvgmc6g5 cxmmr5t8 oygrvhab hcukyx3x c1et5uql\">\n<div class=\"gmail-kvgmc6g5 gmail-cxmmr5t8 gmail-oygrvhab gmail-hcukyx3x gmail-c1et5uql gmail-ii04i59q\">\n<div class=\"page-title-head hgroup\">\n<div class=\"page-title-head hgroup\">\n<div class=\"b654a4as d2edcug0\">\n<div class=\"j83agx80 btwxx1t3 lhclo0ds hop8lmos nkwizq5d scwd0bx6 roh60bw9\">\n<div class=\"rq0escxv hkbzh7o3 jwdofwj8 n8tt0mok r8blr3vg hyh9befq\">\n<div class=\"do00u71z l9j0dhe7 k4urcfbm\">\n<blockquote>\n<h3><span style=\"color: #ff0000;\">IN VIVO VERSO,\u00a0 RIASCOLTIAMOLE DAL LUNEDI AL VENERDI ALLE 7.10, 10.10, 18 50<\/span><\/h3>\n<h3>RIASCOLTIAMOLE, STAGIONE 2019_2020 di LORENA BRANDOLESE &#8220;FOGLIA D&#8217;OTTOBRE PER LEI&#8221;<\/h3>\n<\/blockquote>\n<p><strong>AUDIO<\/strong><\/p>\n<audio class=\"wp-audio-shortcode\" id=\"audio-278545-10\" preload=\"none\" style=\"width: 100%;\" controls=\"controls\"><source type=\"audio\/mpeg\" src=\"https:\/\/www.radiopiu.net\/wordpress\/wp-content\/uploads\/2022\/05\/POESIA-01-LORENA-BRANDOLESE-FOGLIA-DOTTOBRE-PER-LEI.mp3?_=10\" \/><a href=\"https:\/\/www.radiopiu.net\/wordpress\/wp-content\/uploads\/2022\/05\/POESIA-01-LORENA-BRANDOLESE-FOGLIA-DOTTOBRE-PER-LEI.mp3\">https:\/\/www.radiopiu.net\/wordpress\/wp-content\/uploads\/2022\/05\/POESIA-01-LORENA-BRANDOLESE-FOGLIA-DOTTOBRE-PER-LEI.mp3<\/a><\/audio>\n<p><img loading=\"lazy\" decoding=\"async\" class=\"\" src=\"https:\/\/www.radiopiu.net\/wordpress\/wp-content\/uploads\/2020\/11\/LORENA-BRANDOLESE-FOTO-300x300.jpg\" width=\"128\" height=\"128\" \/><\/p>\n<p>LA RACCOLTA COMPLETA<\/p>\n<blockquote class=\"wp-embedded-content\" data-secret=\"4BmHj5Qsys\"><p><a href=\"https:\/\/www.radiopiu.net\/wordpress\/in-vivo-verso\/\">In Vivo Verso<\/a><\/p><\/blockquote>\n<p><iframe loading=\"lazy\" class=\"wp-embedded-content\" sandbox=\"allow-scripts\" security=\"restricted\" style=\"position: absolute; clip: rect(1px, 1px, 1px, 1px);\" title=\"&#8220;In Vivo Verso&#8221; &#8212; Radio Pi\u00f9\" src=\"https:\/\/www.radiopiu.net\/wordpress\/in-vivo-verso\/embed\/#?secret=UHHxJ2axda#?secret=4BmHj5Qsys\" data-secret=\"4BmHj5Qsys\" width=\"600\" height=\"338\" frameborder=\"0\" marginwidth=\"0\" marginheight=\"0\" scrolling=\"no\"><\/iframe><\/p>\n<p>&nbsp;<\/p>\n<hr \/>\n<p>&nbsp;<\/p>\n<h3 class=\"entry-title\"><span style=\"color: #ff0000;\"><a href=\"https:\/\/www.radiopiu.net\/wordpress\/wp-content\/uploads\/2022\/04\/bustos-756620__340.webp\"><img loading=\"lazy\" decoding=\"async\" class=\" wp-image-271808 alignleft\" src=\"https:\/\/www.radiopiu.net\/wordpress\/wp-content\/uploads\/2022\/04\/bustos-756620__340-150x150.webp\" alt=\"\" width=\"94\" height=\"94\" \/><\/a>GOCCE DI FILOSOFIA &#8211; PUNTATA 211 CON CHIARA CAU<\/span><\/h3>\n<audio class=\"wp-audio-shortcode\" id=\"audio-278545-11\" preload=\"none\" style=\"width: 100%;\" controls=\"controls\"><source type=\"audio\/mpeg\" src=\"https:\/\/www.radiopiu.net\/wordpress\/wp-content\/uploads\/2022\/05\/FI1-4.mp3?_=11\" \/><a href=\"https:\/\/www.radiopiu.net\/wordpress\/wp-content\/uploads\/2022\/05\/FI1-4.mp3\">https:\/\/www.radiopiu.net\/wordpress\/wp-content\/uploads\/2022\/05\/FI1-4.mp3<\/a><\/audio>\n<p>&nbsp;<\/p>\n<p><strong>\u00a0<\/strong><strong>LA RACCOLTA COMPLETA<\/strong><\/p>\n<blockquote class=\"wp-embedded-content\" data-secret=\"jmJwIKiYrJ\"><p><a href=\"https:\/\/www.radiopiu.net\/wordpress\/gocce-filosofia\/\">Gocce di filosofia, PRIMA E SECONDA STAGIONE 2022<\/a><\/p><\/blockquote>\n<p><iframe loading=\"lazy\" class=\"wp-embedded-content\" sandbox=\"allow-scripts\" security=\"restricted\" style=\"position: absolute; clip: rect(1px, 1px, 1px, 1px);\" title=\"&#8220;Gocce di filosofia, PRIMA E SECONDA STAGIONE 2022&#8221; &#8212; Radio Pi\u00f9\" src=\"https:\/\/www.radiopiu.net\/wordpress\/gocce-filosofia\/embed\/#?secret=5xd8k6LOBr#?secret=jmJwIKiYrJ\" data-secret=\"jmJwIKiYrJ\" width=\"600\" height=\"338\" frameborder=\"0\" marginwidth=\"0\" marginheight=\"0\" scrolling=\"no\"><\/iframe><\/p>\n<p>&nbsp;<\/p>\n<hr \/>\n<p>&nbsp;<\/p>\n<p><span style=\"color: #0000ff;\">MUSICA PIU&#8217;\u00a0<\/span><\/p>\n<p><a href=\"https:\/\/www.radiopiu.net\/wordpress\/giornale-radiopiu-20-settembre-2021-direttore-mirko-mezzacasa\/pp-79\/\" rel=\"attachment wp-att-232921\"><img loading=\"lazy\" decoding=\"async\" class=\"wp-image-232921 alignleft\" src=\"https:\/\/www.radiopiu.net\/wordpress\/wp-content\/uploads\/2021\/09\/pp-1-300x300.jpg\" alt=\"\" width=\"135\" height=\"135\" srcset=\"https:\/\/www.radiopiu.net\/wordpress\/wp-content\/uploads\/2021\/09\/pp-1-300x300.jpg 300w, https:\/\/www.radiopiu.net\/wordpress\/wp-content\/uploads\/2021\/09\/pp-1-150x150.jpg 150w, https:\/\/www.radiopiu.net\/wordpress\/wp-content\/uploads\/2021\/09\/pp-1.jpg 640w\" sizes=\"auto, (max-width: 135px) 100vw, 135px\" \/><\/a><\/p>\n<div class=\"mkdf-post-text\">\n<div class=\"mkdf-post-text-inner\">\n<div class=\"mkdf-post-text-main\">\n<div class=\"mkdf-post-text\">\n<div class=\"mkdf-post-text-inner\">\n<div class=\"mkdf-post-text-main\">\n<div class=\"mkdf-post-text\">\n<div class=\"mkdf-post-text-inner\">\n<div class=\"mkdf-post-text-main\">\n<div class=\"page-title-head hgroup\">\n<div class=\"page-title-head hgroup\">\n<div class=\"mkdf-post-text\">\n<div class=\"mkdf-post-text-inner\">\n<div class=\"mkdf-post-text-main\">\n<div class=\"mkdf-post-text\">\n<div class=\"mkdf-post-text-inner\">\n<div class=\"mkdf-post-text-main\">\n<div class=\"page-title-head hgroup\">\n<div class=\"page-title-head hgroup\">\n<div class=\"page-title-head hgroup\">\n<div class=\"page-title-head hgroup\">\n<div class=\"b654a4as d2edcug0\">\n<div class=\"page-title-head hgroup\">\n<div class=\"page-title-head hgroup\">\n<div class=\"page-title-head hgroup\">\n<div class=\"page-title-head hgroup\">\n<div class=\"b654a4as d2edcug0\">\n<div class=\"page-title-head hgroup\">\n<div class=\"page-title-head hgroup\">\n<div class=\"page-title-head hgroup\">\n<div class=\"page-title-head hgroup\">\n<div class=\"b654a4as d2edcug0\">\n<div class=\"mkdf-post-text\">\n<div class=\"mkdf-post-text-inner\">\n<div class=\"mkdf-post-text-main\">\n<div class=\"mkdf-post-text\">\n<div class=\"mkdf-post-text-inner\">\n<div class=\"mkdf-post-text-main\">\n<div class=\"mkdf-post-text\">\n<div class=\"mkdf-post-text-inner\">\n<div class=\"mkdf-post-text-main\">\n<div class=\"page-title-head hgroup\">\n<div class=\"page-title-head hgroup\">\n<div class=\"mkdf-post-text\">\n<div class=\"mkdf-post-text-inner\">\n<div class=\"mkdf-post-text-main\">\n<div class=\"mkdf-post-text\">\n<div class=\"mkdf-post-text-inner\">\n<div class=\"mkdf-post-text-main\">\n<div class=\"page-title-head hgroup\">\n<div class=\"page-title-head hgroup\">\n<div class=\"page-title-head hgroup\">\n<div class=\"page-title-head hgroup\">\n<div class=\"b654a4as d2edcug0\">\n<div class=\"page-title-head hgroup\">\n<div class=\"page-title-head hgroup\">\n<div class=\"page-title-head hgroup\">\n<div class=\"page-title-head hgroup\">\n<div class=\"b654a4as d2edcug0\">\n<div class=\"page-title-head hgroup\">\n<div class=\"page-title-head hgroup\">\n<div class=\"page-title-head hgroup\">\n<div class=\"page-title-head hgroup\">\n<div class=\"b654a4as d2edcug0\">\n<div><\/div>\n<div><\/div>\n<div>\n<p><strong>MUSICA ALLA RADIO, IL PROGRAMMA DI LORIS SCUSSEL &#8220;COLLAGE OPERAZIONE NOSTALGIA&#8221; DAL LUNEDI AL VENERDI ALLE 16.00\u00a0 E ALLE 23\u00a0<\/strong><\/p>\n<p>&nbsp;<\/p>\n<\/div>\n<\/div>\n<p><strong>PUNTATA 616 DEL 30 MAGGIO 2022<\/strong><\/p>\n<audio class=\"wp-audio-shortcode\" id=\"audio-278545-12\" preload=\"none\" style=\"width: 100%;\" controls=\"controls\"><source type=\"audio\/mpeg\" src=\"https:\/\/www.radiopiu.net\/wordpress\/wp-content\/uploads\/2022\/05\/Collage-616.mp3?_=12\" \/><a href=\"https:\/\/www.radiopiu.net\/wordpress\/wp-content\/uploads\/2022\/05\/Collage-616.mp3\">https:\/\/www.radiopiu.net\/wordpress\/wp-content\/uploads\/2022\/05\/Collage-616.mp3<\/a><\/audio>\n<p>&nbsp;<\/p>\n<p><strong><a class=\"dt-pswp-item\" href=\"https:\/\/www.radiopiu.net\/wordpress\/wp-content\/uploads\/2022\/05\/I-Profeti.jpg\" data-dt-img-description=\"\" data-large_image_width=\"300\" data-large_image_height=\"400\"><img loading=\"lazy\" decoding=\"async\" class=\"size-thumbnail wp-image-278483 alignleft\" src=\"https:\/\/www.radiopiu.net\/wordpress\/wp-content\/uploads\/2022\/05\/I-Profeti-150x150.jpg\" alt=\"\" width=\"150\" height=\"150\" \/><\/a>di Loris Scussel<\/strong><\/p>\n<p>La nuova settimana di Collage si aprir\u00e0 all\u2019insegna della musica italiana partendo da Adriano Celentano fino ai Gatti di Vicolo Miracoli. Marted\u00ec Jimi Hendrix, Santana, Toto e cos\u00ec via. Mercoled\u00ec il tema conduttore sar\u00e0 la parola \u201cocchi\u201d. Gioved\u00ec non solo Beatles e Rolling Stones, venerd\u00ec infine voglia d\u2019estate e spazio alle canzoni balneari italiane tipicamente estive. Collage va in onda dal luned\u00ec al venerd\u00ec alle 16,00 e alle 23,00 naturalmente su Radio Pi\u00f9.<\/p>\n<p>&nbsp;<\/p>\n<p>&nbsp;<\/p>\n<p>&nbsp;<\/p>\n<p>&nbsp;<\/p>\n<div class=\"b654a4as d2edcug0\">\n<hr \/>\n<\/div>\n<\/div>\n<\/div>\n<\/div>\n<\/div>\n<\/div>\n<\/div>\n<\/div>\n<\/div>\n<\/div>\n<\/div>\n<\/div>\n<\/div>\n<\/div>\n<\/div>\n<\/div>\n<\/div>\n<\/div>\n<\/div>\n<\/div>\n<\/div>\n<\/div>\n<\/div>\n<\/div>\n<\/div>\n<\/div>\n<\/div>\n<\/div>\n<\/div>\n<\/div>\n<\/div>\n<\/div>\n<\/div>\n<\/div>\n<\/div>\n<\/div>\n<\/div>\n<\/div>\n<\/div>\n<\/div>\n<\/div>\n<\/div>\n<\/div>\n<\/div>\n<\/div>\n<\/div>\n<\/div>\n<\/div>\n<\/div>\n<\/div>\n<\/div>\n<\/div>\n<\/div>\n<\/div>\n<\/div>\n<\/div>\n<\/div>\n<\/div>\n<\/div>\n<\/div>\n<\/div>\n<\/div>\n<\/div>\n<\/div>\n<p>&nbsp;<\/p>\n<blockquote>\n<h3><span style=\"color: #0000ff;\">RADIO PIU INFORMAZIONE il canale su TELEGRAM informazione di prima mano e in tempo reale. iscriviti ed aiutaci a farlo conoscere\u00a0\u00a0<\/span><\/h3>\n<\/blockquote>\n<div>\n<div class=\"page-title-head hgroup\">\n<div class=\"page-title-head hgroup\">\n<div class=\"page-title-head hgroup\">\n<div class=\"page-title-head hgroup\">\n<div class=\"b654a4as d2edcug0\">\n<div class=\"page-title-head hgroup\">\n<div class=\"page-title-head hgroup\">\n<div class=\"page-title-head hgroup\">\n<div class=\"page-title-head hgroup\">\n<div class=\"b654a4as d2edcug0\">\n<div class=\"page-title-head hgroup\">\n<div class=\"page-title-head hgroup\">\n<div class=\"page-title-head hgroup\">\n<div class=\"page-title-head hgroup\">\n<div class=\"page-title-head hgroup\">\n<div class=\"page-title-head hgroup\">\n<div class=\"page-title-head hgroup\">\n<div class=\"page-title-head hgroup\">\n<div class=\"page-title-head hgroup\">\n<div class=\"b654a4as d2edcug0\">\n<div class=\"page-title-head hgroup\">\n<div class=\"page-title-head hgroup\">\n<div class=\"page-title-head hgroup\">\n<div class=\"page-title-head hgroup\">\n<div class=\"b654a4as d2edcug0\">\n<div><\/div>\n<div>\n<div class=\"page-title-head hgroup\">\n<div class=\"page-title-head hgroup\">\n<div class=\"page-title-head hgroup\">\n<div class=\"page-title-head hgroup\">\n<div class=\"page-title-head hgroup\">\n<div class=\"mkdf-post-text\">\n<div class=\"mkdf-post-text-inner\">\n<div class=\"mkdf-post-text-main\">\n<div class=\"mkdf-post-text\">\n<div class=\"mkdf-post-text-inner\">\n<div class=\"mkdf-post-text-main\">\n<div class=\"mkdf-post-text\">\n<div class=\"mkdf-post-text-inner\">\n<div class=\"mkdf-post-text-main\">\n<div class=\"page-title-head hgroup\">\n<div class=\"page-title-head hgroup\">\n<div class=\"mkdf-post-text\">\n<div class=\"mkdf-post-text-inner\">\n<div class=\"mkdf-post-text-main\">\n<div class=\"mkdf-post-text\">\n<div class=\"mkdf-post-text-inner\">\n<div class=\"mkdf-post-text-main\">\n<div class=\"page-title-head hgroup\">\n<div class=\"page-title-head hgroup\">\n<div class=\"page-title-head hgroup\">\n<div class=\"page-title-head hgroup\">\n<div class=\"b654a4as d2edcug0\">\n<div class=\"page-title-head hgroup\">\n<div class=\"page-title-head hgroup\">\n<div class=\"page-title-head hgroup\">\n<div class=\"page-title-head hgroup\">\n<div class=\"b654a4as d2edcug0\">\n<div class=\"page-title-head hgroup\">\n<div class=\"page-title-head hgroup\">\n<div class=\"page-title-head hgroup\">\n<p>&nbsp;<\/p>\n<div>\n<div class=\"page-title-head hgroup\">\n<div class=\"page-title-head hgroup\">\n<div class=\"b654a4as d2edcug0\">\n<div class=\"j83agx80 btwxx1t3 lhclo0ds hop8lmos nkwizq5d scwd0bx6 roh60bw9\">\n<div class=\"rq0escxv hkbzh7o3 jwdofwj8 n8tt0mok r8blr3vg hyh9befq\">\n<div class=\"do00u71z l9j0dhe7 k4urcfbm\">\n<div class=\"page-title-head hgroup\">\n<div class=\"page-title-head hgroup\">\n<div class=\"b654a4as d2edcug0\">\n<div class=\"j83agx80 btwxx1t3 lhclo0ds hop8lmos nkwizq5d scwd0bx6 roh60bw9\">\n<div class=\"rq0escxv hkbzh7o3 jwdofwj8 n8tt0mok r8blr3vg hyh9befq\">\n<div class=\"do00u71z l9j0dhe7 k4urcfbm\">\n<div class=\"ecm0bbzt e5nlhep0 a8c37x1j\">\n<div class=\"kvgmc6g5 cxmmr5t8 oygrvhab hcukyx3x c1et5uql\">\n<div class=\"gmail-kvgmc6g5 gmail-cxmmr5t8 gmail-oygrvhab gmail-hcukyx3x gmail-c1et5uql gmail-ii04i59q\">\n<div class=\"page-title-head hgroup\">\n<div class=\"page-title-head hgroup\">\n<div class=\"b654a4as d2edcug0\">\n<div class=\"j83agx80 btwxx1t3 lhclo0ds hop8lmos nkwizq5d scwd0bx6 roh60bw9\">\n<div class=\"rq0escxv hkbzh7o3 jwdofwj8 n8tt0mok r8blr3vg hyh9befq\">\n<div class=\"do00u71z l9j0dhe7 k4urcfbm\">\n<div class=\"page-title-head hgroup\">\n<div class=\"page-title-head hgroup\">\n<div class=\"b654a4as d2edcug0\">\n<div class=\"j83agx80 btwxx1t3 lhclo0ds hop8lmos nkwizq5d scwd0bx6 roh60bw9\">\n<div class=\"rq0escxv hkbzh7o3 jwdofwj8 n8tt0mok r8blr3vg hyh9befq\">\n<div class=\"do00u71z l9j0dhe7 k4urcfbm\">\n<div class=\"page-title-head hgroup\">\n<div class=\"page-title-head hgroup\">\n<div class=\"b654a4as d2edcug0\">\n<div class=\"j83agx80 btwxx1t3 lhclo0ds hop8lmos nkwizq5d scwd0bx6 roh60bw9\">\n<div class=\"rq0escxv hkbzh7o3 jwdofwj8 n8tt0mok r8blr3vg hyh9befq\">\n<div class=\"do00u71z l9j0dhe7 k4urcfbm\">\n<div class=\"ecm0bbzt e5nlhep0 a8c37x1j\">\n<div class=\"kvgmc6g5 cxmmr5t8 oygrvhab hcukyx3x c1et5uql\">\n<div class=\"gmail-kvgmc6g5 gmail-cxmmr5t8 gmail-oygrvhab gmail-hcukyx3x gmail-c1et5uql gmail-ii04i59q\">\n<div class=\"page-title-head hgroup\">\n<div class=\"page-title-head hgroup\">\n<div class=\"b654a4as d2edcug0\">\n<div class=\"j83agx80 btwxx1t3 lhclo0ds hop8lmos nkwizq5d scwd0bx6 roh60bw9\">\n<div class=\"rq0escxv hkbzh7o3 jwdofwj8 n8tt0mok r8blr3vg hyh9befq\">\n<div class=\"do00u71z l9j0dhe7 k4urcfbm\">\n<div class=\"page-title-head hgroup\">\n<div class=\"page-title-head hgroup\">\n<div class=\"page-title-head hgroup\">\n<div class=\"page-title-head hgroup\">\n<div class=\"b654a4as d2edcug0\">\n<div class=\"page-title-head hgroup\">\n<div class=\"page-title-head hgroup\">\n<div class=\"page-title-head hgroup\">\n<div class=\"page-title-head hgroup\">\n<div class=\"b654a4as d2edcug0\">\n<div class=\"page-title-head hgroup\">\n<div class=\"page-title-head hgroup\">\n<div class=\"page-title-head hgroup\">\n<div class=\"page-title-head hgroup\">\n<div class=\"page-title-head hgroup\">\n<div class=\"page-title-head hgroup\">\n<div class=\"page-title-head hgroup\">\n<div class=\"page-title-head hgroup\">\n<div class=\"page-title-head hgroup\">\n<div class=\"b654a4as d2edcug0\">\n<div class=\"page-title-head hgroup\">\n<div class=\"page-title-head hgroup\">\n<div class=\"page-title-head hgroup\">\n<div class=\"page-title-head hgroup\">\n<div class=\"b654a4as d2edcug0\">\n<div class=\"page-title-head hgroup\">\n<div class=\"page-title-head hgroup\">\n<div class=\"page-title-head hgroup\">\n<div class=\"page-title-head hgroup\">\n<div class=\"page-title-head hgroup\">\n<div class=\"mkdf-post-text\">\n<div class=\"mkdf-post-text-inner\">\n<div class=\"mkdf-post-text-main\">\n<div class=\"mkdf-post-text\">\n<div class=\"mkdf-post-text-inner\">\n<div class=\"mkdf-post-text-main\">\n<div class=\"mkdf-post-text\">\n<div class=\"mkdf-post-text-inner\">\n<div class=\"mkdf-post-text-main\">\n<div class=\"page-title-head hgroup\">\n<div class=\"page-title-head hgroup\">\n<div class=\"mkdf-post-text\">\n<div class=\"mkdf-post-text-inner\">\n<div class=\"mkdf-post-text-main\">\n<div class=\"mkdf-post-text\">\n<div class=\"mkdf-post-text-inner\">\n<div class=\"mkdf-post-text-main\">\n<div class=\"page-title-head hgroup\">\n<div class=\"page-title-head hgroup\">\n<div class=\"page-title-head hgroup\">\n<div class=\"page-title-head hgroup\">\n<div class=\"b654a4as d2edcug0\">\n<div class=\"page-title-head hgroup\">\n<div class=\"page-title-head hgroup\">\n<div class=\"page-title-head hgroup\">\n<div class=\"page-title-head hgroup\">\n<div class=\"b654a4as d2edcug0\">\n<div class=\"page-title-head hgroup\">\n<div class=\"page-title-head hgroup\">\n<div class=\"page-title-head hgroup\">\n<div class=\"page-title-head hgroup\">\n<div class=\"b654a4as d2edcug0\">\n<div class=\"ecm0bbzt e5nlhep0 a8c37x1j\">\n<div class=\"kvgmc6g5 cxmmr5t8 oygrvhab hcukyx3x c1et5uql\">\n<div class=\"gmail-kvgmc6g5 gmail-cxmmr5t8 gmail-oygrvhab gmail-hcukyx3x gmail-c1et5uql gmail-ii04i59q\">\n<div class=\"page-title-head hgroup\">\n<div class=\"page-title-head hgroup\">\n<div class=\"b654a4as d2edcug0\">\n<div class=\"j83agx80 btwxx1t3 lhclo0ds hop8lmos nkwizq5d scwd0bx6 roh60bw9\">\n<div class=\"rq0escxv hkbzh7o3 jwdofwj8 n8tt0mok r8blr3vg hyh9befq\">\n<div class=\"do00u71z l9j0dhe7 k4urcfbm\">\n<div class=\"page-title-head hgroup\">\n<div class=\"page-title-head hgroup\">\n<div class=\"page-title-head hgroup\">\n<div class=\"page-title-head hgroup\">\n<div class=\"b654a4as d2edcug0\">\n<div class=\"page-title-head hgroup\">\n<div class=\"page-title-head hgroup\">\n<div class=\"page-title-head hgroup\">\n<div class=\"page-title-head hgroup\">\n<div class=\"b654a4as d2edcug0\">\n<div class=\"page-title-head hgroup\">\n<div class=\"page-title-head hgroup\">\n<div class=\"page-title-head hgroup\">\n<div class=\"page-title-head hgroup\">\n<div class=\"page-title-head hgroup\">\n<div class=\"page-title-head hgroup\">\n<div class=\"page-title-head hgroup\">\n<div class=\"page-title-head hgroup\">\n<div class=\"page-title-head hgroup\">\n<div class=\"b654a4as d2edcug0\">\n<div class=\"page-title-head hgroup\">\n<div class=\"page-title-head hgroup\">\n<div class=\"page-title-head hgroup\">\n<div class=\"page-title-head hgroup\">\n<div class=\"b654a4as d2edcug0\">\n<div class=\"page-title-head hgroup\">\n<div class=\"page-title-head hgroup\">\n<div class=\"page-title-head hgroup\">\n<div class=\"page-title-head hgroup\">\n<div class=\"page-title-head hgroup\">\n<div class=\"mkdf-post-text\">\n<div class=\"mkdf-post-text-inner\">\n<div class=\"mkdf-post-text-main\">\n<div class=\"mkdf-post-text\">\n<div class=\"mkdf-post-text-inner\">\n<div class=\"mkdf-post-text-main\">\n<div class=\"mkdf-post-text\">\n<div class=\"mkdf-post-text-inner\">\n<div class=\"mkdf-post-text-main\">\n<div class=\"page-title-head hgroup\">\n<div class=\"page-title-head hgroup\">\n<div class=\"mkdf-post-text\">\n<div class=\"mkdf-post-text-inner\">\n<div class=\"mkdf-post-text-main\">\n<div class=\"mkdf-post-text\">\n<div class=\"mkdf-post-text-inner\">\n<div class=\"mkdf-post-text-main\">\n<div class=\"page-title-head hgroup\">\n<div class=\"page-title-head hgroup\">\n<div class=\"page-title-head hgroup\">\n<div class=\"page-title-head hgroup\">\n<div class=\"b654a4as d2edcug0\">\n<div class=\"page-title-head hgroup\">\n<div class=\"page-title-head hgroup\">\n<div class=\"page-title-head hgroup\">\n<div class=\"page-title-head hgroup\">\n<div class=\"b654a4as d2edcug0\">\n<div class=\"page-title-head hgroup\">\n<div class=\"page-title-head hgroup\">\n<div class=\"page-title-head hgroup\">\n<div class=\"page-title-head hgroup\">\n<div class=\"b654a4as d2edcug0\">\n<hr \/>\n<p>&nbsp;<\/p>\n<div>\n<p><strong>DUE MINUTI UN LIBRO, TUTTI I GIORNI ALLA RADIO ALLE 9.40 E ALLE 17.50\u00a0\u00a0<\/strong><\/p>\n<div>\n<div>\n<p><strong>LA RACCOLTA COMPLETA\u00a0\u00a0<\/strong><\/p>\n<\/div>\n<\/div>\n<\/div>\n<div class=\"mkdf-post-text\">\n<div class=\"mkdf-post-text-inner\">\n<div class=\"mkdf-post-text-main\">\n<div class=\"mkdf-post-text\">\n<div class=\"mkdf-post-text-inner\">\n<div class=\"mkdf-post-text-main\">\n<div class=\"mkdf-post-text\">\n<div class=\"mkdf-post-text-inner\">\n<div class=\"mkdf-post-text-main\">\n<div class=\"page-title-head hgroup\">\n<div class=\"page-title-head hgroup\">\n<div class=\"mkdf-post-text\">\n<div class=\"mkdf-post-text-inner\">\n<div class=\"mkdf-post-text-main\">\n<div class=\"mkdf-post-text\">\n<div class=\"mkdf-post-text-inner\">\n<div class=\"mkdf-post-text-main\">\n<div class=\"page-title-head hgroup\">\n<div class=\"page-title-head hgroup\">\n<div class=\"page-title-head hgroup\">\n<div class=\"page-title-head hgroup\">\n<div class=\"b654a4as d2edcug0\">\n<div class=\"page-title-head hgroup\">\n<div class=\"page-title-head hgroup\">\n<div class=\"page-title-head hgroup\">\n<div class=\"page-title-head hgroup\">\n<div class=\"b654a4as d2edcug0\">\n<div class=\"page-title-head hgroup\">\n<div class=\"page-title-head hgroup\">\n<div class=\"page-title-head hgroup\">\n<div class=\"page-title-head hgroup\">\n<div class=\"b654a4as d2edcug0\">\n<div>\n<blockquote class=\"wp-embedded-content\" data-secret=\"j1gu6oM4zV\"><p><a href=\"https:\/\/www.radiopiu.net\/wordpress\/due-minuti-un-libro\/\">Due minuti un libro<\/a><\/p><\/blockquote>\n<p><iframe loading=\"lazy\" class=\"wp-embedded-content\" sandbox=\"allow-scripts\" security=\"restricted\" style=\"position: absolute; clip: rect(1px, 1px, 1px, 1px);\" title=\"&#8220;Due minuti un libro&#8221; &#8212; Radio Pi\u00f9\" src=\"https:\/\/www.radiopiu.net\/wordpress\/due-minuti-un-libro\/embed\/#?secret=j9wVFOWfMw#?secret=j1gu6oM4zV\" data-secret=\"j1gu6oM4zV\" width=\"600\" height=\"338\" frameborder=\"0\" marginwidth=\"0\" marginheight=\"0\" scrolling=\"no\"><\/iframe><\/p>\n<p>&nbsp;<\/p>\n<\/div>\n<div>\n<hr \/>\n<p>&nbsp;<\/p>\n<\/div>\n<h2><span style=\"color: #808000;\">L&#8217;ALMANACCO LADINO\u00a0<\/span><\/h2>\n<p><strong>LA RACCOLTA<\/strong><\/p>\n<blockquote class=\"wp-embedded-content\" data-secret=\"RnljFF0i5N\"><p><a href=\"https:\/\/www.radiopiu.net\/wordpress\/almanacco-ladino\/\">Almanacco Ladino<\/a><\/p><\/blockquote>\n<p><iframe loading=\"lazy\" class=\"wp-embedded-content\" sandbox=\"allow-scripts\" security=\"restricted\" style=\"position: absolute; clip: rect(1px, 1px, 1px, 1px);\" title=\"&#8220;Almanacco Ladino&#8221; &#8212; Radio Pi\u00f9\" src=\"https:\/\/www.radiopiu.net\/wordpress\/almanacco-ladino\/embed\/#?secret=D6bWQigdi8#?secret=RnljFF0i5N\" data-secret=\"RnljFF0i5N\" width=\"600\" height=\"338\" frameborder=\"0\" marginwidth=\"0\" marginheight=\"0\" scrolling=\"no\"><\/iframe><\/p>\n<p>&nbsp;<\/p>\n<hr \/>\n<h2><span style=\"color: #33cccc;\">\u00a0<\/span><\/h2>\n<h2><span style=\"color: #33cccc;\">LA RASSEGNA STAMPA DA L&#8217;AMICO DEL POPOLO<\/span><\/h2>\n<p><a class=\"dt-pswp-item\" href=\"https:\/\/www.radiopiu.net\/wordpress\/wp-content\/uploads\/2021\/09\/Giuseppe-Schena.jpeg\" data-dt-img-description=\"Giuseppe Schena\" data-large_image_width=\"931\" data-large_image_height=\"1240\"><img loading=\"lazy\" decoding=\"async\" class=\"wp-image-234061 size-thumbnail alignleft\" src=\"https:\/\/www.radiopiu.net\/wordpress\/wp-content\/uploads\/2021\/09\/Giuseppe-Schena-150x150.jpeg\" alt=\"\" width=\"150\" height=\"150\" \/><\/a><strong>di Gianni Santomaso<\/strong><\/p>\n<p>OSPITE: Giuseppe Schena, Sindaco di Voltago<\/p>\n<audio class=\"wp-audio-shortcode\" id=\"audio-278545-13\" preload=\"none\" style=\"width: 100%;\" controls=\"controls\"><source type=\"audio\/mpeg\" src=\"https:\/\/www.radiopiu.net\/wordpress\/wp-content\/uploads\/2022\/05\/RASSEGNA-GIANNI-28-MAGGIO.mp3?_=13\" \/><a href=\"https:\/\/www.radiopiu.net\/wordpress\/wp-content\/uploads\/2022\/05\/RASSEGNA-GIANNI-28-MAGGIO.mp3\">https:\/\/www.radiopiu.net\/wordpress\/wp-content\/uploads\/2022\/05\/RASSEGNA-GIANNI-28-MAGGIO.mp3<\/a><\/audio>\n<p>&nbsp;<\/p>\n<p><strong>LA RACCOLTA COMPLETA<\/strong><\/p>\n<blockquote class=\"wp-embedded-content\" data-secret=\"k8vfZPuIYL\"><p><a href=\"https:\/\/www.radiopiu.net\/wordpress\/rassegna-stampa-di-gianni-santomaso\/\">Rassegna stampa da l&#8217;amico del popolo &#8211; di Gianni Santomaso<\/a><\/p><\/blockquote>\n<p><iframe loading=\"lazy\" class=\"wp-embedded-content\" sandbox=\"allow-scripts\" security=\"restricted\" style=\"position: absolute; clip: rect(1px, 1px, 1px, 1px);\" title=\"&#8220;Rassegna stampa da l&#8217;amico del popolo &#8211; di Gianni Santomaso&#8221; &#8212; Radio Pi\u00f9\" src=\"https:\/\/www.radiopiu.net\/wordpress\/rassegna-stampa-di-gianni-santomaso\/embed\/#?secret=lH3svKyqm4#?secret=k8vfZPuIYL\" data-secret=\"k8vfZPuIYL\" width=\"600\" height=\"338\" frameborder=\"0\" marginwidth=\"0\" marginheight=\"0\" scrolling=\"no\"><\/iframe><\/p>\n<p>&nbsp;<\/p>\n<hr \/>\n<p>&nbsp;<\/p>\n<div>\n<div class=\"page-title-head hgroup\">\n<div class=\"page-title-head hgroup\">\n<div class=\"b654a4as d2edcug0\">\n<div class=\"j83agx80 btwxx1t3 lhclo0ds hop8lmos nkwizq5d scwd0bx6 roh60bw9\">\n<div class=\"rq0escxv hkbzh7o3 jwdofwj8 n8tt0mok r8blr3vg hyh9befq\">\n<div class=\"do00u71z l9j0dhe7 k4urcfbm\">\n<div class=\"ecm0bbzt e5nlhep0 a8c37x1j\">\n<div class=\"kvgmc6g5 cxmmr5t8 oygrvhab hcukyx3x c1et5uql\">\n<div class=\"gmail-kvgmc6g5 gmail-cxmmr5t8 gmail-oygrvhab gmail-hcukyx3x gmail-c1et5uql gmail-ii04i59q\">\n<div class=\"page-title-head hgroup\">\n<div class=\"page-title-head hgroup\">\n<div class=\"b654a4as d2edcug0\">\n<div class=\"j83agx80 btwxx1t3 lhclo0ds hop8lmos nkwizq5d scwd0bx6 roh60bw9\">\n<div class=\"rq0escxv hkbzh7o3 jwdofwj8 n8tt0mok r8blr3vg hyh9befq\">\n<div class=\"do00u71z l9j0dhe7 k4urcfbm\">\n<div class=\"page-title-head hgroup\">\n<div class=\"page-title-head hgroup\">\n<div class=\"page-title-head hgroup\">\n<div class=\"page-title-head hgroup\">\n<div class=\"b654a4as d2edcug0\">\n<div class=\"page-title-head hgroup\">\n<div class=\"page-title-head hgroup\">\n<div class=\"page-title-head hgroup\">\n<div class=\"page-title-head hgroup\">\n<div class=\"b654a4as d2edcug0\">\n<div class=\"page-title-head hgroup\">\n<div class=\"page-title-head hgroup\">\n<div class=\"page-title-head hgroup\">\n<div class=\"page-title-head hgroup\">\n<div class=\"page-title-head hgroup\">\n<div class=\"page-title-head hgroup\">\n<div class=\"page-title-head hgroup\">\n<div class=\"page-title-head hgroup\">\n<div class=\"page-title-head hgroup\">\n<div class=\"b654a4as d2edcug0\">\n<div class=\"page-title-head hgroup\">\n<div class=\"page-title-head hgroup\">\n<div class=\"page-title-head hgroup\">\n<div class=\"page-title-head hgroup\">\n<div class=\"b654a4as d2edcug0\">\n<div class=\"page-title-head hgroup\">\n<div class=\"page-title-head hgroup\">\n<div class=\"page-title-head hgroup\">\n<div class=\"page-title-head hgroup\">\n<div class=\"page-title-head hgroup\">\n<div class=\"mkdf-post-text\">\n<div class=\"mkdf-post-text-inner\">\n<div class=\"mkdf-post-text-main\">\n<div class=\"mkdf-post-text\">\n<div class=\"mkdf-post-text-inner\">\n<div class=\"mkdf-post-text-main\">\n<div class=\"mkdf-post-text\">\n<div class=\"mkdf-post-text-inner\">\n<div class=\"mkdf-post-text-main\">\n<div class=\"page-title-head hgroup\">\n<div class=\"page-title-head hgroup\">\n<div class=\"mkdf-post-text\">\n<div class=\"mkdf-post-text-inner\">\n<div class=\"mkdf-post-text-main\">\n<div class=\"mkdf-post-text\">\n<div class=\"mkdf-post-text-inner\">\n<div class=\"mkdf-post-text-main\">\n<div class=\"page-title-head hgroup\">\n<div class=\"page-title-head hgroup\">\n<div class=\"page-title-head hgroup\">\n<div class=\"page-title-head hgroup\">\n<div class=\"b654a4as d2edcug0\">\n<div class=\"page-title-head hgroup\">\n<div class=\"page-title-head hgroup\">\n<div class=\"page-title-head hgroup\">\n<div class=\"page-title-head hgroup\">\n<div class=\"b654a4as d2edcug0\">\n<div class=\"page-title-head hgroup\">\n<div class=\"page-title-head hgroup\">\n<div class=\"page-title-head hgroup\">\n<div class=\"page-title-head hgroup\">\n<div class=\"b654a4as d2edcug0\">\n<h2><span style=\"color: #800080;\">I RACCONTI DI PAOLO SOPPELSA\u00a0<\/span><\/h2>\n<p><strong>IL TELEFONO<\/strong><\/p>\n<p><em><strong>AUDIO\u00a0<\/strong><\/em><\/p>\n<audio class=\"wp-audio-shortcode\" id=\"audio-278545-14\" preload=\"none\" style=\"width: 100%;\" controls=\"controls\"><source type=\"audio\/mpeg\" src=\"https:\/\/www.radiopiu.net\/wordpress\/wp-content\/uploads\/2022\/05\/PAOLO-SOPPELSA-IL-TELEFONO.mp3?_=14\" \/><a href=\"https:\/\/www.radiopiu.net\/wordpress\/wp-content\/uploads\/2022\/05\/PAOLO-SOPPELSA-IL-TELEFONO.mp3\">https:\/\/www.radiopiu.net\/wordpress\/wp-content\/uploads\/2022\/05\/PAOLO-SOPPELSA-IL-TELEFONO.mp3<\/a><\/audio>\n<p>&nbsp;<\/p>\n<p><a class=\"dt-pswp-item\" href=\"https:\/\/www.radiopiu.net\/wordpress\/wp-content\/uploads\/2022\/05\/bd561257-9487-42d0-9f17-eb5bc99edf39.jpg\" data-dt-img-description=\"\" data-large_image_width=\"1080\" data-large_image_height=\"936\"><img loading=\"lazy\" decoding=\"async\" class=\"size-thumbnail wp-image-278535 alignleft\" src=\"https:\/\/www.radiopiu.net\/wordpress\/wp-content\/uploads\/2022\/05\/bd561257-9487-42d0-9f17-eb5bc99edf39-150x150.jpg\" alt=\"\" width=\"150\" height=\"150\" \/><\/a>Il telefono fece la sua comparsa nella casa di fronte al Pelsa nel 1984. Fu un anno importante quello in cui si disputarono le Olimpiadi di Los Angeles; la Apple lanci\u00f2 il suo primo computer e nella &#8220;stua&#8221; della casa dei nonni comparve l&#8217;apparecchio telefonico; e fu un fatto epocale, un salto tecnologico mica da ridere. Fino a quel momento la vita infrasettimanale dei nonni era un mistero che poteva essere svelato solamente nel fine settimana, ovvero quando i Cavalieri della 203, dopo i canonici trentacinque minuti di viaggio, approdavano nella frazione che fronteggia Ghisel. Solamente allora si potevano conoscere i dettagli dei sette giorni appena trascorsi. Solo nel caso di eventi calamitosi, come ad esempio decessi non oltre il secondo grado di parentela, malori gravi o qualche altro accidente importante, si poteva ricorrere all&#8217;opzione &#8220;cabina telefonica del bar&#8221;. Ma scegliere questa opzione, richiedeva lunghi momenti di riflessione; e poi, nel caso fosse stata presa la solenne decisione di usufruire del servizio telefonico pubblico, l&#8217;operazione risultava alquanto macchinosa. Dapprima occorreva recarsi al bar percorrendo quasi un chilometro in leggera salita, poi bere qualcosa &#8220;par creanza&#8221; e infine operare il fatidico scambio Lire\/gettoni. Ultimate queste operazioni, se la cabina di colore beige era libera, l&#8217;utente poteva finalmente entrare in quella scatola insonorizzata che sembrava la stessa in cui venivano rinchiusi i concorrenti dei quiz di Mike Bongiorno. Tutto ci\u00f2, alla met\u00e0 degli anni &#8217;80, iniziava ad apparire anacronistico; la tecnologia avanzava come pure l&#8217;et\u00e0 dei nonni, e cos\u00ec, visto che in casa a Belluno il telefono era presente ormai da qualche anno, sarebbe stato interessante poter comunicare direttamente con i nonni senza dover passare per la cabina. Dopo la ponderata decisione, venne tirato il filo dalla &#8220;palina&#8221; vicino casa e finalmente fu installato il telefono grigio con la rotella, uguale a quello che avevamo in soggiorno a Belluno. L&#8217;apparecchio trov\u00f2 alloggio su di una mensola apposita situata in un angolo di quella &#8220;stua&#8221; appena perlinata. Sopra il telefono c&#8217;era la &#8220;pendola&#8221; che pareva scandire il tempo di quelle telefonate, e talvolta, durante le sempre brevi conversazioni, potevo conoscere anche l&#8217;ora precisa, annunciata dai potenti &#8220;sdeng&#8221; battuti con forza dall&#8217;orologio, che si intromettevano disturbando quei dialoghi in dialetto &#8220;de San Tomas&#8221;. Sembrava quasi un sogno poter avere notizie in tempo reale da lass\u00f9; ora potevamo chiamare per conoscere chi era morto in paese, oppure per sapere quanta neve era scesa. Perfino avvisare che domenica avremmo pranzato di fronte al Pelsa o magari per chiedere semplicemente &#8220;come vala&#8221;. Noi a Belluno eravamo abituati al telefono, e pur con opportuna parsimonia, lo utilizzavano con disinvoltura. A San Tomaso, invece, occorse un po&#8217; di tempo per familiarizzare con la novit\u00e0 arrivata in casa nel 1984. La &#8220;SIP&#8221; stampigliata sulle bollette incuteva rispetto, e poi c&#8217;erano i temuti &#8220;scatti&#8221;. Cos\u00ec, almeno nei primi tempi, la frequenza delle telefonate era appena superiore a quella del periodo antecedente, ovvero a quello in cui occorreva recarsi alla cabina, e i dialoghi erano in stile telegramma per tentare di accorciare i tempi di chiamata. Poi, con il tempo, anche i nonni familiarizzarono con numeri e prefissi, ed il telefonarsi a vicenda divenne una piacevole abitudine quasi quotidiana. Il tutto dur\u00f2 qualche anno, poi quella epopea di telefonia analogica-dolomitica, si spense definitivamente. I nonni si ritrovarono a riposare per sempre sotto alla chiesa che guarda il Civetta e il telefono rimase muto, sostituito qualche tempo dopo dal primo cellulare entrato in casa; che per telefonare da San Tomaso dovevi puntare il ripetitore di Col Mandro e rimanere perfettamente immobile, pena l&#8217;immediata caduta della linea. Ripos\u00f2 sulla sua mensola per circa vent&#8217;anni il vecchio telefono che nessuno ebbe il coraggio di buttare nel cassone dell&#8217;ecocentro; come una sorta di reliquia che ricordava i bei tempi, di quando c&#8217;eravamo tutti e &#8220;via par Colaz l&#8217;era &#8216;ncora i prai&#8221;.<\/p>\n<p><strong>LA RACCOLTA COMPLETA<\/strong><\/p>\n<blockquote class=\"wp-embedded-content\" data-secret=\"rFUXSsq1t9\"><p><a href=\"https:\/\/www.radiopiu.net\/wordpress\/i-racconti-di-paolo-soppelsa\/\">I racconti di Paolo Soppelsa<\/a><\/p><\/blockquote>\n<p><iframe loading=\"lazy\" class=\"wp-embedded-content\" sandbox=\"allow-scripts\" security=\"restricted\" style=\"position: absolute; clip: rect(1px, 1px, 1px, 1px);\" title=\"&#8220;I racconti di Paolo Soppelsa&#8221; &#8212; Radio Pi\u00f9\" src=\"https:\/\/www.radiopiu.net\/wordpress\/i-racconti-di-paolo-soppelsa\/embed\/#?secret=QV1h9ESYj5#?secret=rFUXSsq1t9\" data-secret=\"rFUXSsq1t9\" width=\"600\" height=\"338\" frameborder=\"0\" marginwidth=\"0\" marginheight=\"0\" scrolling=\"no\"><\/iframe><\/p>\n<p>&nbsp;<\/p>\n<hr \/>\n<p>&nbsp;<\/p>\n<\/div>\n<\/div>\n<\/div>\n<\/div>\n<\/div>\n<\/div>\n<\/div>\n<\/div>\n<\/div>\n<\/div>\n<\/div>\n<\/div>\n<\/div>\n<\/div>\n<\/div>\n<\/div>\n<\/div>\n<\/div>\n<\/div>\n<\/div>\n<\/div>\n<\/div>\n<\/div>\n<\/div>\n<\/div>\n<\/div>\n<\/div>\n<\/div>\n<\/div>\n<\/div>\n<\/div>\n<\/div>\n<\/div>\n<\/div>\n<\/div>\n<\/div>\n<\/div>\n<\/div>\n<\/div>\n<\/div>\n<\/div>\n<\/div>\n<\/div>\n<\/div>\n<\/div>\n<\/div>\n<\/div>\n<\/div>\n<\/div>\n<\/div>\n<\/div>\n<\/div>\n<\/div>\n<\/div>\n<\/div>\n<\/div>\n<\/div>\n<\/div>\n<\/div>\n<\/div>\n<\/div>\n<\/div>\n<\/div>\n<\/div>\n<\/div>\n<\/div>\n<\/div>\n<\/div>\n<\/div>\n<\/div>\n<\/div>\n<\/div>\n<\/div>\n<\/div>\n<\/div>\n<\/div>\n<\/div>\n<\/div>\n<\/div>\n<\/div>\n<\/div>\n<\/div>\n<\/div>\n<\/div>\n<\/div>\n<\/div>\n<\/div>\n<\/div>\n<\/div>\n<\/div>\n<\/div>\n<\/div>\n<\/div>\n<\/div>\n<\/div>\n<\/div>\n<\/div>\n<\/div>\n<\/div>\n<\/div>\n<\/div>\n<\/div>\n<\/div>\n<\/div>\n<\/div>\n<\/div>\n<\/div>\n<\/div>\n<\/div>\n<\/div>\n<\/div>\n<div class=\"b654a4as d2edcug0\">\n<div class=\"ecm0bbzt e5nlhep0 a8c37x1j\">\n<div class=\"kvgmc6g5 cxmmr5t8 oygrvhab hcukyx3x c1et5uql\">\n<div class=\"gmail-kvgmc6g5 gmail-cxmmr5t8 gmail-oygrvhab gmail-hcukyx3x gmail-c1et5uql gmail-ii04i59q\">\n<div>\n<div class=\"page-title-head hgroup\">\n<div class=\"page-title-head hgroup\">\n<div class=\"b654a4as d2edcug0\">\n<div class=\"j83agx80 btwxx1t3 lhclo0ds hop8lmos nkwizq5d scwd0bx6 roh60bw9\">\n<div class=\"rq0escxv hkbzh7o3 jwdofwj8 n8tt0mok r8blr3vg hyh9befq\">\n<div class=\"do00u71z l9j0dhe7 k4urcfbm\">\n<div>\n<div class=\"page-title-head hgroup\">\n<div class=\"page-title-head hgroup\">\n<div class=\"page-title-head hgroup\">\n<div class=\"page-title-head hgroup\">\n<div class=\"b654a4as d2edcug0\">\n<div class=\"page-title-head hgroup\">\n<div class=\"page-title-head hgroup\">\n<div class=\"page-title-head hgroup\">\n<div class=\"page-title-head hgroup\">\n<div class=\"b654a4as d2edcug0\">\n<div class=\"page-title-head hgroup\">\n<div class=\"page-title-head hgroup\">\n<div class=\"page-title-head hgroup\">\n<div class=\"page-title-head hgroup\">\n<div class=\"page-title-head hgroup\">\n<div class=\"mkdf-post-text\">\n<div class=\"mkdf-post-text-inner\">\n<div class=\"mkdf-post-text-main\">\n<div class=\"mkdf-post-text\">\n<div class=\"mkdf-post-text-inner\">\n<div class=\"mkdf-post-text-main\">\n<div class=\"mkdf-post-text\">\n<div class=\"mkdf-post-text-inner\">\n<div class=\"mkdf-post-text-main\">\n<div class=\"page-title-head hgroup\">\n<div class=\"page-title-head hgroup\">\n<div class=\"mkdf-post-text\">\n<div class=\"mkdf-post-text-inner\">\n<div class=\"mkdf-post-text-main\">\n<div class=\"mkdf-post-text\">\n<div class=\"mkdf-post-text-inner\">\n<div class=\"mkdf-post-text-main\">\n<div>\n<div class=\"page-title-head hgroup\">\n<div class=\"page-title-head hgroup\">\n<div>\n<div class=\"page-title-head hgroup\">\n<div class=\"page-title-head hgroup\">\n<div class=\"b654a4as d2edcug0\">\n<div>\n<div class=\"page-title-head hgroup\" style=\"text-align: left;\">\n<div class=\"page-title-head hgroup\">\n<div dir=\"auto\">\n<p><a class=\"dt-pswp-item pspw-wrap-ready\" href=\"https:\/\/i0.wp.com\/www.radiopiu.net\/wordpress\/wp-content\/uploads\/2018\/09\/WhatsApp-Image-2018-09-20-at-16.04.06.jpeg?ssl=1\" data-dt-img-description=\"\" data-large_image_width=\"800\" data-large_image_height=\"100\"><img loading=\"lazy\" decoding=\"async\" class=\"aligncenter wp-image-61378 size-full jetpack-lazy-image jetpack-lazy-image--handled\" src=\"https:\/\/i0.wp.com\/www.radiopiu.net\/wordpress\/wp-content\/uploads\/2018\/09\/WhatsApp-Image-2018-09-20-at-16.04.06.jpeg?resize=800%2C100&amp;ssl=1\" sizes=\"auto, (max-width: 800px) 100vw, 800px\" srcset=\"https:\/\/i0.wp.com\/www.radiopiu.net\/wordpress\/wp-content\/uploads\/2018\/09\/WhatsApp-Image-2018-09-20-at-16.04.06.jpeg?w=800&amp;ssl=1 800w, https:\/\/i0.wp.com\/www.radiopiu.net\/wordpress\/wp-content\/uploads\/2018\/09\/WhatsApp-Image-2018-09-20-at-16.04.06.jpeg?resize=300%2C38&amp;ssl=1 300w, https:\/\/i0.wp.com\/www.radiopiu.net\/wordpress\/wp-content\/uploads\/2018\/09\/WhatsApp-Image-2018-09-20-at-16.04.06.jpeg?resize=768%2C96&amp;ssl=1 768w\" alt=\"\" width=\"800\" height=\"100\" data-lazy-loaded=\"1\" \/><\/a><\/p>\n<\/div>\n<\/div>\n<\/div>\n<\/div>\n<\/div>\n<\/div>\n<\/div>\n<\/div>\n<\/div>\n<\/div>\n<\/div>\n<\/div>\n<\/div>\n<\/div>\n<\/div>\n<\/div>\n<\/div>\n<\/div>\n<\/div>\n<\/div>\n<\/div>\n<\/div>\n<\/div>\n<\/div>\n<\/div>\n<\/div>\n<\/div>\n<\/div>\n<\/div>\n<\/div>\n<\/div>\n<\/div>\n<\/div>\n<\/div>\n<\/div>\n<\/div>\n<\/div>\n<\/div>\n<\/div>\n<\/div>\n<\/div>\n<\/div>\n<\/div>\n<\/div>\n<\/div>\n<\/div>\n<\/div>\n<\/div>\n<\/div>\n<\/div>\n<\/div>\n<\/div>\n<\/div>\n<\/div>\n<\/div>\n<\/div>\n<\/div>\n<\/div>\n<\/div>\n<\/div>\n<\/div>\n<\/div>\n<\/div>\n<\/div>\n<\/div>\n<\/div>\n<\/div>\n<\/div>\n<\/div>\n<\/div>\n<\/div>\n<\/div>\n<\/div>\n<\/div>\n<\/div>\n<\/div>\n<\/div>\n<\/div>\n<\/div>\n<\/div>\n<\/div>\n<\/div>\n<\/div>\n<\/div>\n<\/div>\n<\/div>\n<\/div>\n<\/div>\n<\/div>\n<\/div>\n<\/div>\n<\/div>\n<\/div>\n<\/div>\n<\/div>\n<\/div>\n<\/div>\n<\/div>\n<\/div>\n<\/div>\n<\/div>\n<\/div>\n<\/div>\n<\/div>\n<\/div>\n<\/div>\n<\/div>\n<\/div>\n<\/div>\n<\/div>\n<\/div>\n<\/div>\n<\/div>\n<\/div>\n<\/div>\n<\/div>\n<\/div>\n<\/div>\n<\/div>\n<\/div>\n<\/div>\n<\/div>\n<\/div>\n<\/div>\n<\/div>\n<\/div>\n<\/div>\n<\/div>\n<\/div>\n<\/div>\n<\/div>\n<\/div>\n<\/div>\n<\/div>\n<\/div>\n<\/div>\n<\/div>\n<\/div>\n<\/div>\n<\/div>\n<\/div>\n<\/div>\n<\/div>\n<\/div>\n<\/div>\n<\/div>\n<\/div>\n<\/div>\n<\/div>\n<\/div>\n<\/div>\n<\/div>\n<\/div>\n<\/div>\n<\/div>\n<\/div>\n<\/div>\n<\/div>\n<\/div>\n<\/div>\n<\/div>\n<\/div>\n<\/div>\n<\/div>\n<\/div>\n<\/div>\n<\/div>\n<\/div>\n<\/div>\n<\/div>\n<\/div>\n<\/div>\n<\/div>\n<\/div>\n<\/div>\n<\/div>\n<\/div>\n<\/div>\n<\/div>\n<\/div>\n<\/div>\n<\/div>\n<\/div>\n<\/div>\n<\/div>\n<\/div>\n<\/div>\n<\/div>\n<\/div>\n<\/div>\n<\/div>\n<\/div>\n<\/div>\n<\/div>\n<\/div>\n<\/div>\n<\/div>\n<\/div>\n<\/div>\n<\/div>\n<\/div>\n<\/div>\n<\/div>\n<\/div>\n<\/div>\n<\/div>\n<\/div>\n<\/div>\n<\/div>\n<\/div>\n<\/div>\n<\/div>\n<\/div>\n<\/div>\n<\/div>\n<\/div>\n<\/div>\n<\/div>\n<\/div>\n<\/div>\n<\/div>\n<\/div>\n<\/div>\n<\/div>\n<\/div>\n<\/div>\n<\/div>\n<\/div>\n<\/div>\n<\/div>\n<p>&nbsp;<\/p>\n<p><center><b>Martedi 31<\/b><\/center><b>Tempo atteso: <\/b>Tempo migliore e in parte soleggiato al mattino, nonostante il transito di sottili nubi alte in grado di velare il cielo. Al pomeriggio riduzione del soleggiamento per attivit\u00e0 cumuliforme irregolare, spesso modesta, localmente moderata e associata a qualche fenomeno, specie sulle Dolomiti. Rasserenamenti serali. Ancora fresco al primo mattino, ma pi\u00f9 mite in giornata.<br \/>\n<b>Precipitazioni: <\/b>Al mattino assenti (0%). Nel pomeriggio non escluso qualche rovescio o eventuale isolato temporale sulle Dolomiti (30-40%), specie a ridosso del Trentino e dell&#8217;Alto Adige; altrove la probabilit\u00e0 sar\u00e0 minore (10%), se non assente.<br \/>\n<b>Temperature: <\/b>In generale aumento, eccetto stazionariet\u00e0 delle minime nelle valli. Previste punte di 21\/23\u00b0C nei fondovalle prealpini e di 16\/18\u00b0C a 1000\/1200 m. Su Prealpi a 1500 m min 6\u00b0C, max 12\u00b0C; a 2000 m min 3\u00b0C, max 9\u00b0C. Su Dolomiti a 2000 m min 2\u00b0C, max 10\u00b0C; a 3000 m min -3\u00b0C, max 1\u00b0C.<br \/>\n<b>Venti: <\/b>Nelle valli perlopi\u00f9 deboli a regime di brezza, localmente e a tratti moderati per rinforzi termodinamici nelle ore pi\u00f9 calde; in quota deboli\/moderati da sud-ovest, a 5-15 km\/h a 2000 m e a 10-15 km\/h a 3000 m.<\/p>\n<hr \/>\n<p><center><b>Mercoledi 1<\/b><\/center><b>Tempo atteso: <\/b>Tempo un po&#8217; pi\u00f9 stabile e maggiormente soleggiato, nonostante l&#8217;attivit\u00e0 cumuliforme torni a formarsi al pomeriggio, ma il rischio di fenomeni convettivi sar\u00e0 ridotto rispetto a marted\u00ec, addirittura assai remoto sulle fascia prealpina, dove il sole splender\u00e0 pi\u00f9 a lungo. Ritorno di un contesto termico un po&#8217; pi\u00f9 caldo a tutte le quote.<br \/>\n<b>Precipitazioni: <\/b>Al mattino assenti (0%). Nel pomeriggio non escluso qualche rovescio o eventuale temporale sulle Dolomiti (20-30%), specie a ridosso del Trentino e dell&#8217;Alto Adige; altrove la probabilit\u00e0 sar\u00e0 minore (10%).<br \/>\n<b>Temperature: <\/b>In ulteriore aumento a tutte le quote. Su Prealpi a 1500 m min 9\u00b0C, max 14\u00b0C; a 2000 m min 7\u00b0C, max 11\u00b0C. Su Dolomiti a 2000 m min 6\u00b0C, max 12\u00b0C; a 3000 m min 0\u00b0C, max 3\u00b0C.<br \/>\n<b>Venti: <\/b>Nelle valli perlopi\u00f9 deboli a regime di brezza, localmente e a tratti moderati per rinforzi termodinamici nelle ore pi\u00f9 calde; in quota deboli\/moderati da ovest al mattino e da sud-ovest al pomeriggio\/sera, a 5-15 km\/h a 2000 m e a 15-25 km\/h a 3000 m.<\/p>\n<hr \/>\n<p><center><b>Giovedi 2<\/b><\/center>Tempo assai soleggiato nella prima parte del giorno, nonostante il formarsi dei primi annuvolamenti cumuliformi. Al pomeriggio il maggiore riscaldamento diurno favorir\u00e0 la convezione diurna con riduzione del soleggiamento per attivit\u00e0 cumuliforme perlopi\u00f9 moderata, localmente intensa e associata a rovesci e temporali sparsi. Temperature in ulteriore aumento con contesto pi\u00f9 estivo a bassa quota. Nelle valli venti perlopi\u00f9 deboli a regime di brezza, localmente e a tratti moderati per rinforzi termodinamici nelle ore pi\u00f9 calde; in quota deboli\/moderati da nord-ovest nella notte, poi nuovamente da sud-ovest.<\/p>\n<hr \/>\n<p><center><b>Venerdi 3<\/b><\/center>Situazione meteo simile a gioved\u00ec con sole al mattino e annuvolamenti irregolari al pomeriggio, localmente intensi e associati a rovesci e temporali sparsi. Temperature in lieve aumento con valori un po&#8217; superiori alle medie del periodo. Nelle valli venti perlopi\u00f9 deboli a regime di brezza, localmente e a tratti moderati per rinforzi termodinamici nelle ore pi\u00f9 calde; in quota moderati\/tesi da sud-ovest. Previsore: R.L.Th.<\/p>\n<p>&nbsp;<\/p>\n<hr \/>\n<p>&nbsp;<\/p>\n<p>&nbsp;<\/p>\n<p><a href=\"https:\/\/www.radiopiu.net\/wordpress\/giornale-radiopiu-26-settembre-2018-direttore-mirko-mezzacasa\/viabilita-2\/\" rel=\"attachment wp-att-61954\"><img loading=\"lazy\" decoding=\"async\" class=\"aligncenter wp-image-61954 size-full\" src=\"https:\/\/www.radiopiu.net\/wordpress\/wp-content\/uploads\/2018\/09\/viabilita.jpeg\" sizes=\"auto, (max-width: 800px) 100vw, 800px\" srcset=\"https:\/\/www.radiopiu.net\/wordpress\/wp-content\/uploads\/2018\/09\/viabilita.jpeg 800w, https:\/\/www.radiopiu.net\/wordpress\/wp-content\/uploads\/2018\/09\/viabilita-300x38.jpeg 300w, https:\/\/www.radiopiu.net\/wordpress\/wp-content\/uploads\/2018\/09\/viabilita-768x96.jpeg 768w\" alt=\"\" width=\"800\" height=\"100\" \/><\/a><\/p>\n<p>&nbsp;<\/p>\n<blockquote class=\"wp-embedded-content\" data-secret=\"B4U3mtnGjx\"><p><a href=\"https:\/\/www.radiopiu.net\/wordpress\/viabilita\/\">viabilita<\/a><\/p><\/blockquote>\n<p><iframe loading=\"lazy\" class=\"wp-embedded-content\" sandbox=\"allow-scripts\" security=\"restricted\" style=\"position: absolute; clip: rect(1px, 1px, 1px, 1px);\" title=\"&#8220;viabilita&#8221; &#8212; Radio Pi\u00f9\" src=\"https:\/\/www.radiopiu.net\/wordpress\/viabilita\/embed\/#?secret=7fsdaiRVfN#?secret=B4U3mtnGjx\" data-secret=\"B4U3mtnGjx\" width=\"600\" height=\"338\" frameborder=\"0\" marginwidth=\"0\" marginheight=\"0\" scrolling=\"no\"><\/iframe><\/p>\n<p>&nbsp;<\/p>\n<hr \/>\n<p>&nbsp;<\/p>\n<p>&nbsp;<\/p>\n<p><img loading=\"lazy\" decoding=\"async\" class=\"wp-image-60761 size-full aligncenter\" src=\"https:\/\/www.radiopiu.net\/wordpress\/wp-content\/uploads\/2018\/09\/sport.jpg\" alt=\"\" width=\"800\" height=\"100\" srcset=\"https:\/\/www.radiopiu.net\/wordpress\/wp-content\/uploads\/2018\/09\/sport.jpg 800w, https:\/\/www.radiopiu.net\/wordpress\/wp-content\/uploads\/2018\/09\/sport-300x38.jpg 300w, https:\/\/www.radiopiu.net\/wordpress\/wp-content\/uploads\/2018\/09\/sport-768x96.jpg 768w\" sizes=\"auto, (max-width: 800px) 100vw, 800px\" \/><\/p>\n<p>&nbsp;<\/p>\n<blockquote><p><span style=\"color: #0000ff;\"><strong>HOCKEY IN LINE\u00a0<\/strong><\/span><\/p>\n<p><em>Il campionato \u00e8 alle fasi finali. Sono quattro le bellunesi sui pattini: Silvia Toffano, De Rocco, Campo Bagatin, Cossalter e le due ex alleghesi Brisinello e Speranza. La scorsa domenica le semifinali, il Vicenza delle bellunesi si \u00e8 imposto 3-1 con il Valpellice. Domenica prossima la finalissima del\u00a0 campionato italiano tra Vicenza e Civitavecchia.\u00a0<\/em><\/p><\/blockquote>\n<p>&nbsp;<\/p>\n<p>&nbsp;<\/p>\n<p><strong><span style=\"color: #0000ff;\">CALCIO<\/span><\/strong><\/p>\n<blockquote>\n<h3>SI CHIUDE LA STAGIONE DELL&#8217;AGORDINA TRA ALTI E BASSI<\/h3>\n<\/blockquote>\n<p><strong><a class=\"dt-pswp-item\" href=\"https:\/\/www.radiopiu.net\/wordpress\/wp-content\/uploads\/2019\/09\/AGORDINA-CALCIO.jpeg\" data-dt-img-description=\"\" data-large_image_width=\"225\" data-large_image_height=\"225\"><img loading=\"lazy\" decoding=\"async\" class=\"size-thumbnail wp-image-97575 alignleft\" src=\"https:\/\/www.radiopiu.net\/wordpress\/wp-content\/uploads\/2019\/09\/AGORDINA-CALCIO-150x150.jpeg\" alt=\"\" width=\"150\" height=\"150\" srcset=\"https:\/\/www.radiopiu.net\/wordpress\/wp-content\/uploads\/2019\/09\/AGORDINA-CALCIO-150x150.jpeg 150w, https:\/\/www.radiopiu.net\/wordpress\/wp-content\/uploads\/2019\/09\/AGORDINA-CALCIO.jpeg 225w\" sizes=\"auto, (max-width: 150px) 100vw, 150px\" \/><\/a>AGORDO\u00a0<\/strong>Si \u00e8 conclusa ufficialmente domenica scorsa la stagione dell&#8217;Agordina Calcio. Una stagione caratterizzata da alti e bassi che andiamo ad analizzare. Partiamo dal settore giovanile con i Giovanissimi allenati da De Bastiani che sono stati gli ultimi a scendere in campo. 11 vittorie, 2 pareggi e 11 sconfitte per la squadra pi\u00f9 giovane del settore giovanile che ha chiuso il campionato al settimo posto mancando per soli 3 punti la zona playoff. Ad incidere forse una prima parte di stagione non molto soddisfacente. Buona invece la prova degli Allievi regionali che per il rotto della cuffia sono riusciti ad evitare i playout ed assicurarsi il campionato regionale anche per il prossimo anno. Ottima la prova di forza nelle ultime partite dove i ragazzi di Orzetti hanno dato il massimo per raggiungere l&#8217;obbiettivo. Obbiettivo che invece nnon \u00e8 stato raggiunto dalla Juniores Regionale di Roberto Fontanive che dopo una prima parte di campionato giocata bene, \u00e8 crollata proprio quando le sfide contavano di pi\u00f9 e non \u00e8 riuscita ad evitare la retrocessione nel campionato provinciale. Una stagione che si pu\u00f2 senz&#8217;altro incorniciare \u00e8 quella della prima squadra allenata da Lorenzi che ha raggiunto l&#8217;obbiettivo salvezza in Seconda Categoria con 5 giornate di anticipo. Forse alla compagine di Lorenzi si poteva chiedere qualcosa in pi\u00f9 ma la decisione di non fare i playoff da parte della FIGC ha spento ogni speranza nella parte finale del campionato con l&#8217;Agordina che, una volta raggiunto l&#8217;obbiettivo stagionale, ha giocato senza sforzarsi pi\u00f9 di tanto.<\/p>\n<p>&nbsp;<\/p>\n<p>&nbsp;<\/p>\n<hr \/>\n<p>&nbsp;<\/p>\n<p><span style=\"color: #0000ff;\"><strong>PALLAVOLO<\/strong><\/span><\/p>\n<blockquote>\n<h3 class=\"entry-title\"><a class=\"dt-pswp-item\" href=\"https:\/\/www.radiopiu.net\/wordpress\/wp-content\/uploads\/2022\/05\/Da_Rold_Colussi_e_Da_Re-scaled.jpg\" data-dt-img-description=\"\" data-large_image_width=\"2560\" data-large_image_height=\"1920\"><img loading=\"lazy\" decoding=\"async\" class=\"size-thumbnail wp-image-278787 alignleft\" src=\"https:\/\/www.radiopiu.net\/wordpress\/wp-content\/uploads\/2022\/05\/Da_Rold_Colussi_e_Da_Re-150x150.jpg\" alt=\"\" width=\"150\" height=\"150\" \/><\/a>COLUSSI, COACH DELLA PALLAVOLO BELLUNO<\/h3>\n<\/blockquote>\n<p><strong>BELLUNO<\/strong>\u00a0La Pallavolo Belluno ufficializza il nome del coach: Gian Luca Colussi, gi\u00e0 \u00a0esperto palleggiatore in due stagioni di serie B a tecnico della prima squadra in A3.\u00a0<b>\u00a0<\/b><em>\u00abQuando mi \u00e8 arrivata la chiamata con la proposta della societ\u00e0? Non sono caduto dalle nuvole, anzi, me l\u2019aspettavo. E sono felice di averla ricevuta. Ho gi\u00e0 sentito tutti i ragazzi: sono carichi e non vedono l\u2019ora di cominciare. Il rapporto da compagno ad allenatore cambia, per\u00f2 non sar\u00e0 un problema: stiamo parlando di atleti intelligenti, a cui piace lavorare in palestra\u00bb.<span class=\"gmail-Apple-converted-space\">\u00a0<\/span><\/em><\/p>\n<\/div>\n<\/div>\n<\/div>\n<\/div>\n<\/div>\n<\/div>\n<\/div>\n<\/div>\n<\/div>\n<\/div>\n<\/div>\n<\/div>\n<\/div>\n<\/div>\n<\/div>\n<\/div>\n<\/div>\n<\/div>\n<\/div>\n<\/div>\n<\/div>\n<\/div>\n<\/div>\n<\/div>\n<\/div>\n<\/div>\n<\/div>\n<\/div>\n<\/div>\n<\/div>\n<\/div>\n<\/div>\n<\/div>\n<\/div>\n<\/div>\n<\/div>\n<\/div>\n<\/div>\n<\/div>\n<\/div>\n<\/div>\n<\/div>\n<\/div>\n<\/div>\n<\/div>\n<\/div>\n<\/div>\n<\/div>\n<\/div>\n<\/div>\n<\/div>\n<\/div>\n<\/div>\n<\/div>\n<\/div>\n<\/div>\n<\/div>\n<\/div>\n<\/div>\n<\/div>\n<\/div>\n<\/div>\n<\/div>\n<\/div>\n<\/div>\n<\/div>\n<\/div>\n<\/div>\n<\/div>\n<\/div>\n<\/div>\n<\/div>\n<\/div>\n<\/div>\n<\/div>\n<\/div>\n<\/div>\n<\/div>\n<\/div>\n<\/div>\n<\/div>\n<\/div>\n<\/div>\n<\/div>\n<\/div>\n<\/div>\n<\/div>\n<\/div>\n<\/div>\n<\/div>\n<\/div>\n<\/div>\n<\/div>\n<\/div>\n<\/div>\n<\/div>\n<\/div>\n<\/div>\n<\/div>\n<\/div>\n<\/div>\n<\/div>\n<\/div>\n<\/div>\n<\/div>\n","protected":false},"excerpt":{"rendered":"<p>RADIO PIU INFORMAZIONE il canale su TELEGRAM informazione di prima\u00a0 mano e in tempo reale. iscriviti ed aiutaci a farlo conoscere\u00a0\u00a0 &nbsp; &nbsp; ACQUA NON POTABILE A COLLAZ DI LIVINALLONGO LIVINALLONGO Gestione Servizi Pubblici informa che a LIVINALLONGO DEL COL DI LANA in localit\u00e0 COLLAZ l&#8217;acqua erogata dall&#8217;acquedotto non \u00e8 potabile e pu\u00f2 essere usata&hellip;<\/p>\n","protected":false},"author":4,"featured_media":278696,"comment_status":"closed","ping_status":"closed","sticky":false,"template":"","format":"standard","meta":{"_monsterinsights_skip_tracking":false,"_monsterinsights_sitenote_active":false,"_monsterinsights_sitenote_note":"","_monsterinsights_sitenote_category":0,"footnotes":""},"categories":[51,86,49],"tags":[],"class_list":["post-278545","post","type-post","status-publish","format-standard","has-post-thumbnail","hentry","category-evidenza-top","category-gr","category-news-18","category-51","category-86","category-49","description-off"],"img_url":"https:\/\/www.radiopiu.net\/wordpress\/wp-content\/uploads\/2022\/05\/284934571_1208732299666371_2463415659819184564_n.jpg","_links":{"self":[{"href":"https:\/\/www.radiopiu.net\/wordpress\/wp-json\/wp\/v2\/posts\/278545","targetHints":{"allow":["GET"]}}],"collection":[{"href":"https:\/\/www.radiopiu.net\/wordpress\/wp-json\/wp\/v2\/posts"}],"about":[{"href":"https:\/\/www.radiopiu.net\/wordpress\/wp-json\/wp\/v2\/types\/post"}],"author":[{"embeddable":true,"href":"https:\/\/www.radiopiu.net\/wordpress\/wp-json\/wp\/v2\/users\/4"}],"replies":[{"embeddable":true,"href":"https:\/\/www.radiopiu.net\/wordpress\/wp-json\/wp\/v2\/comments?post=278545"}],"version-history":[{"count":0,"href":"https:\/\/www.radiopiu.net\/wordpress\/wp-json\/wp\/v2\/posts\/278545\/revisions"}],"wp:featuredmedia":[{"embeddable":true,"href":"https:\/\/www.radiopiu.net\/wordpress\/wp-json\/wp\/v2\/media\/278696"}],"wp:attachment":[{"href":"https:\/\/www.radiopiu.net\/wordpress\/wp-json\/wp\/v2\/media?parent=278545"}],"wp:term":[{"taxonomy":"category","embeddable":true,"href":"https:\/\/www.radiopiu.net\/wordpress\/wp-json\/wp\/v2\/categories?post=278545"},{"taxonomy":"post_tag","embeddable":true,"href":"https:\/\/www.radiopiu.net\/wordpress\/wp-json\/wp\/v2\/tags?post=278545"}],"curies":[{"name":"wp","href":"https:\/\/api.w.org\/{rel}","templated":true}]}}