{"id":278590,"date":"2022-05-30T08:51:58","date_gmt":"2022-05-30T06:51:58","guid":{"rendered":"https:\/\/www.radiopiu.net\/wordpress\/?p=278590"},"modified":"2022-05-30T09:05:01","modified_gmt":"2022-05-30T07:05:01","slug":"guardia-di-finanza-siglati-i-rispettivi-protocolli-dintesa-tra-i-comuni","status":"publish","type":"post","link":"https:\/\/www.radiopiu.net\/wordpress\/guardia-di-finanza-siglati-i-rispettivi-protocolli-dintesa-tra-i-comuni\/","title":{"rendered":"GUARDIA DI FINANZA, SIGLATI I  PROTOCOLLI D\u2019INTESA TRA I COMUNI"},"content":{"rendered":"<blockquote><p><em>FELTRE, CORTINA D\u2019AMPEZZO, AGORDO, AURONZO DI CADORE ED IL COMANDO PROVINCIALE DELLA GUARDIA DI FINANZA A TUTELA DELLE RISORSE DEL PIANO NAZIONALE DI RIPRESA E RESILIENZA<\/em><\/p><\/blockquote>\n<p><strong><img loading=\"lazy\" decoding=\"async\" class=\"alignleft\" src=\"https:\/\/www.radiopiu.net\/wordpress\/wp-content\/uploads\/2021\/04\/IMG_0211-scaled.jpg\" width=\"266\" height=\"177\" \/>BELLUNO<\/strong>\u00a0 Tra i Comuni di Feltre, Cortina d\u2019Ampezzo, Agordo, Auronzo di Cadore ed il Comando Provinciale della Guardia di Finanza sono stati siglati i Protocolli d\u2019intesa in oggetto al fine di garantire un adeguato presidio di legalit\u00e0 a tutela delle risorse del Piano Nazionale di Ripresa e Resilienza. Gli accordi, firmati dai Sindaci, Paolo Perenzin, Gianpietro Ghedina, Roberto Chissal\u00e8, Tatiana Pais Becher e dal Comandante Provinciale, Col. Dario Guarino, hanno lo scopo di dare concreta attuazione alle linee guida stabilite a livello europeo e nazionale per accompagnare e vigilare nell\u2019attuazione di questo piano di sostegno economico e finanziario straordinario e fanno seguito a quelle gi\u00e0 stipulate con la Provincia e il Comune di Belluno. Saranno attuate le pi\u00f9 strette sinergie tra tutte le Amministrazioni coinvolte, in maniera tale da prevenire e contrastare i casi di frode, corruzione, conflitti d\u2019interesse e doppi finanziamenti. I Comuni hanno dunque rispettivamente manifestato piena volont\u00e0 di collaborazione con le Fiamme Gialle, i cui compiti istituzionali comprendono la prevenzione, ricerca e repressone delle violazioni in materia di uscite al bilancio dell\u2019Unione Europea, di risorse e mezzi finanziari impiegati a fronte di uscite del bilancio pubblico nonch\u00e9 di programmi pubblici di spesa e di ogni altro interesse economico-finanziario nazionale o dell\u2019Unione Europea. Con l\u2019intesa firmata, le parti si sono impegnate ad assicurare un flusso reciproco di notizie e di dati utili, al fine di una maggiore efficacia nel perseguimento dei rispettivi fini istituzionali, in modo tale da rafforzare la tutela della legalit\u00e0 dell\u2019azione amministrativa relativa all\u2019utilizzo di risorse pubbliche, prime fra tutte quelle destinate al PNRR. Il Comuni in oggetto si sono impegnati a segnalare gli interventi, i realizzatori o esecutori che presentino particolari elementi di rischio, affinch\u00e9 la Guardia di Finanza, possa attuare autonome attivit\u00e0 di analisi e controllo e contrasto ad eventuali abusi o illeciti. Il protocollo siglato rester\u00e0 in vigore fino al completamento del Piano Nazionale di Ripresa e Resilienza e, comunque, non oltre il 31 dicembre 2026.<\/p>\n","protected":false},"excerpt":{"rendered":"<p>FELTRE, CORTINA D\u2019AMPEZZO, AGORDO, AURONZO DI CADORE ED IL COMANDO PROVINCIALE DELLA GUARDIA DI FINANZA A TUTELA DELLE RISORSE DEL PIANO NAZIONALE DI RIPRESA E RESILIENZA BELLUNO\u00a0 Tra i Comuni di Feltre, Cortina d\u2019Ampezzo, Agordo, Auronzo di Cadore ed il Comando Provinciale della Guardia di Finanza sono stati siglati i Protocolli d\u2019intesa in oggetto al&hellip;<\/p>\n","protected":false},"author":4,"featured_media":203244,"comment_status":"closed","ping_status":"closed","sticky":false,"template":"","format":"standard","meta":{"_monsterinsights_skip_tracking":false,"_monsterinsights_sitenote_active":false,"_monsterinsights_sitenote_note":"","_monsterinsights_sitenote_category":0,"footnotes":""},"categories":[51,49],"tags":[],"class_list":["post-278590","post","type-post","status-publish","format-standard","has-post-thumbnail","hentry","category-evidenza-top","category-news-18","category-51","category-49","description-off"],"img_url":"https:\/\/www.radiopiu.net\/wordpress\/wp-content\/uploads\/2021\/04\/IMG_0211-scaled.jpg","_links":{"self":[{"href":"https:\/\/www.radiopiu.net\/wordpress\/wp-json\/wp\/v2\/posts\/278590","targetHints":{"allow":["GET"]}}],"collection":[{"href":"https:\/\/www.radiopiu.net\/wordpress\/wp-json\/wp\/v2\/posts"}],"about":[{"href":"https:\/\/www.radiopiu.net\/wordpress\/wp-json\/wp\/v2\/types\/post"}],"author":[{"embeddable":true,"href":"https:\/\/www.radiopiu.net\/wordpress\/wp-json\/wp\/v2\/users\/4"}],"replies":[{"embeddable":true,"href":"https:\/\/www.radiopiu.net\/wordpress\/wp-json\/wp\/v2\/comments?post=278590"}],"version-history":[{"count":0,"href":"https:\/\/www.radiopiu.net\/wordpress\/wp-json\/wp\/v2\/posts\/278590\/revisions"}],"wp:featuredmedia":[{"embeddable":true,"href":"https:\/\/www.radiopiu.net\/wordpress\/wp-json\/wp\/v2\/media\/203244"}],"wp:attachment":[{"href":"https:\/\/www.radiopiu.net\/wordpress\/wp-json\/wp\/v2\/media?parent=278590"}],"wp:term":[{"taxonomy":"category","embeddable":true,"href":"https:\/\/www.radiopiu.net\/wordpress\/wp-json\/wp\/v2\/categories?post=278590"},{"taxonomy":"post_tag","embeddable":true,"href":"https:\/\/www.radiopiu.net\/wordpress\/wp-json\/wp\/v2\/tags?post=278590"}],"curies":[{"name":"wp","href":"https:\/\/api.w.org\/{rel}","templated":true}]}}