{"id":278625,"date":"2022-05-30T10:07:12","date_gmt":"2022-05-30T08:07:12","guid":{"rendered":"https:\/\/www.radiopiu.net\/wordpress\/?p=278625"},"modified":"2022-05-30T11:48:12","modified_gmt":"2022-05-30T09:48:12","slug":"nuovo-direttivo-usarci-conferma-per-roccon","status":"publish","type":"post","link":"https:\/\/www.radiopiu.net\/wordpress\/nuovo-direttivo-usarci-conferma-per-roccon\/","title":{"rendered":"NUOVO DIRETTIVO USARCI, CONFERMA PER ROCCON"},"content":{"rendered":"<blockquote><p><strong><a class=\"dt-pswp-item\" href=\"https:\/\/www.radiopiu.net\/wordpress\/wp-content\/uploads\/2022\/05\/20211213_154707.jpg\" data-dt-img-description=\"\" data-large_image_width=\"1451\" data-large_image_height=\"1715\"><img loading=\"lazy\" decoding=\"async\" class=\" wp-image-278623 alignleft\" src=\"https:\/\/www.radiopiu.net\/wordpress\/wp-content\/uploads\/2022\/05\/20211213_154707-150x150.jpg\" alt=\"\" width=\"111\" height=\"111\" \/><\/a><\/strong><\/p><\/blockquote>\n<p><strong>BELLUNO<\/strong>\u00a0 Si \u00e8 svolta a Roma l\u2019Assemblea elettiva di Usarci Nazionale che chiamava i delegati da tutta Italia a rinnovare il direttivo nazionale, il Presidente e gli organi collegiali del principale sindacato autonomo di riferimento degli Agenti e Rappresentanti di Commercio Italiani. Dopo oltre due anni di riunioni in remoto, quasi trecento delegati si sono incontrati per la due giorni assembleare approfondendo e dettando le line programmatiche che direttivo e presidente dovranno applicare nel corso dei prossimi tre anni. Con il rinnovo del direttivo \u00e8 stato confermato consigliere Nazionale Usarci anche Franco Roccon, attuale Presidente Usarci di Belluno nonch\u00e9 segretario Regionale di UsarciVeneto che verr\u00e0 affiancato dagli altri veneti Massimo Azzolini di Verona, Garcea Paolo di Padova e Pietro Lunardi di Venezia. <em>\u201cE\u2019 per me motivo di orgoglio rappresentare nuovamente il principale sindacato degli Agenti di Commercio in ambito nazionale &#8211; afferma Franco Roccon \u2013 visti i problemi e le difficolt\u00e0 che attanagliano la categoria anche dopo gli ultimi tre anni abbastanza difficili per la categoria; usciamo da un\u2019incertezza commerciale e di rapporti alquanto burrascosi con l\u2019Enasarco, il nostro istituto che tutela pensioni e prestazioni per gli Agenti e che gestisce oltre 8 miliardi di patrimonio versato dagli stessi a garanzia delle pensioni proprie e future. Il sindacato USARCI ha il compito difficile di rappresentare, in parte e in totale autonomia senza agganci di altro genere, quasi 235.000 agenti in attivit\u00e0 che con il loro lavoro e gli scambi commerciali conseguenti, generano oltre il 70% del PIL italiano&#8221;<\/em>.<\/p>\n","protected":false},"excerpt":{"rendered":"<p>BELLUNO\u00a0 Si \u00e8 svolta a Roma l\u2019Assemblea elettiva di Usarci Nazionale che chiamava i delegati da tutta Italia a rinnovare il direttivo nazionale, il Presidente e gli organi collegiali del principale sindacato autonomo di riferimento degli Agenti e Rappresentanti di Commercio Italiani. Dopo oltre due anni di riunioni in remoto, quasi trecento delegati si sono&hellip;<\/p>\n","protected":false},"author":4,"featured_media":278622,"comment_status":"closed","ping_status":"closed","sticky":false,"template":"","format":"standard","meta":{"_monsterinsights_skip_tracking":false,"_monsterinsights_sitenote_active":false,"_monsterinsights_sitenote_note":"","_monsterinsights_sitenote_category":0,"footnotes":""},"categories":[49],"tags":[],"class_list":["post-278625","post","type-post","status-publish","format-standard","has-post-thumbnail","hentry","category-news-18","category-49","description-off"],"img_url":"https:\/\/www.radiopiu.net\/wordpress\/wp-content\/uploads\/2022\/05\/IMG_0129-scaled.jpg","_links":{"self":[{"href":"https:\/\/www.radiopiu.net\/wordpress\/wp-json\/wp\/v2\/posts\/278625","targetHints":{"allow":["GET"]}}],"collection":[{"href":"https:\/\/www.radiopiu.net\/wordpress\/wp-json\/wp\/v2\/posts"}],"about":[{"href":"https:\/\/www.radiopiu.net\/wordpress\/wp-json\/wp\/v2\/types\/post"}],"author":[{"embeddable":true,"href":"https:\/\/www.radiopiu.net\/wordpress\/wp-json\/wp\/v2\/users\/4"}],"replies":[{"embeddable":true,"href":"https:\/\/www.radiopiu.net\/wordpress\/wp-json\/wp\/v2\/comments?post=278625"}],"version-history":[{"count":0,"href":"https:\/\/www.radiopiu.net\/wordpress\/wp-json\/wp\/v2\/posts\/278625\/revisions"}],"wp:featuredmedia":[{"embeddable":true,"href":"https:\/\/www.radiopiu.net\/wordpress\/wp-json\/wp\/v2\/media\/278622"}],"wp:attachment":[{"href":"https:\/\/www.radiopiu.net\/wordpress\/wp-json\/wp\/v2\/media?parent=278625"}],"wp:term":[{"taxonomy":"category","embeddable":true,"href":"https:\/\/www.radiopiu.net\/wordpress\/wp-json\/wp\/v2\/categories?post=278625"},{"taxonomy":"post_tag","embeddable":true,"href":"https:\/\/www.radiopiu.net\/wordpress\/wp-json\/wp\/v2\/tags?post=278625"}],"curies":[{"name":"wp","href":"https:\/\/api.w.org\/{rel}","templated":true}]}}