{"id":278651,"date":"2022-05-31T05:47:36","date_gmt":"2022-05-31T03:47:36","guid":{"rendered":"https:\/\/www.radiopiu.net\/wordpress\/?p=278651"},"modified":"2022-05-31T06:09:57","modified_gmt":"2022-05-31T04:09:57","slug":"ciclabile-nelle-ex-gallerie-dopo-aver-visto-il-video-troppi-dubbi","status":"publish","type":"post","link":"https:\/\/www.radiopiu.net\/wordpress\/ciclabile-nelle-ex-gallerie-dopo-aver-visto-il-video-troppi-dubbi\/","title":{"rendered":"CICLABILE NELLE EX GALLERIE? DOPO AVER VISTO IL VIDEO TROPPI DUBBI"},"content":{"rendered":"<p>&nbsp;<\/p>\n<p><strong>di\u00a0 STEFANO DELL&#8217;OSBEL<\/strong><\/p>\n<div class=\"c9zspvje\">\n<div class=\"qv66sw1b\">\n<div class=\"rq0escxv l9j0dhe7 du4w35lb j83agx80 pfnyh3mw jifvfom9 gs1a9yip owycx6da btwxx1t3 jb3vyjys b5q2rw42 lq239pai mysgfdmx hddg9phg\">\n<div class=\"rq0escxv l9j0dhe7 du4w35lb j83agx80 cbu4d94t d2edcug0 hpfvmrgz rj1gh0hx buofh1pr g5gj957u o8rfisnq p8fzw8mz pcp91wgn iuny7tx3 ipjc6fyt\">\n<div class=\"ii04i59q a3bd9o3v jq4qci2q oo9gr5id\"><span class=\"d2edcug0 hpfvmrgz qv66sw1b c1et5uql lr9zc1uh a8c37x1j fe6kdd0r mau55g9w c8b282yb keod5gw0 nxhoafnm aigsh9s9 d3f4x2em iv3no6db jq4qci2q a3bd9o3v b1v8xokw oo9gr5id\" dir=\"auto\">Libero professionista, h<\/span>a studiato Progettazione Architettonica presso Universit\u00e0 Iuav di Venezia, Vive a <a class=\"oajrlxb2 g5ia77u1 qu0x051f esr5mh6w e9989ue4 r7d6kgcz rq0escxv nhd2j8a9 nc684nl6 p7hjln8o kvgmc6g5 cxmmr5t8 oygrvhab hcukyx3x jb3vyjys rz4wbd8a qt6c0cv9 a8nywdso i1ao9s8h esuyzwwr f1sip0of lzcic4wl gpro0wi8 oo9gr5id lrazzd5p\" tabindex=\"0\" role=\"link\" href=\"https:\/\/www.facebook.com\/La-Valle-Agordina-109325005761240\/\"><span class=\"nc684nl6\">La Valle Agordina\u00a0<\/span><\/a><\/div>\n<div><\/div>\n<\/div>\n<\/div>\n<\/div>\n<\/div>\n<p><a class=\"dt-pswp-item\" href=\"https:\/\/www.radiopiu.net\/wordpress\/wp-content\/uploads\/2022\/05\/Senza-nome-5.jpg\" data-dt-img-description=\"\" data-large_image_width=\"752\" data-large_image_height=\"543\"><img loading=\"lazy\" decoding=\"async\" class=\"size-thumbnail wp-image-278652 alignleft\" src=\"https:\/\/www.radiopiu.net\/wordpress\/wp-content\/uploads\/2022\/05\/Senza-nome-5-150x150.jpg\" alt=\"\" width=\"150\" height=\"150\" \/><\/a>Ho letto dell&#8217;ipotesi di far passare la ciclabile sulle vecchie gallerie della ferrovia; consiglio di guardare attentamente il video allegato (in particolare dal secondo minuti in poi) per vedere cosa c&#8217;\u00e9 &#8220;dall&#8217;alta parte&#8221;; la mia personale opinione \u00e8 che per far passare la ciclabile in sicurezza servono qualche centinaio di metri di galleria paramassi pi\u00f9 altre opere &#8220;importanti&#8221;. Io ho ipotizzato di farci passare la ferrovia (volendo, alternativamente si pu\u00f2 farla passare anche sull&#8217;altra sponda orografica) ma \u00e8 chiaro che il &#8220;budget&#8221; a disposizione per un&#8217;opera del genere non \u00e8 paragonabile a quello che potrebbe essere disponibile per una ciclabile. Potrei anche sbagliarmi ma la semplice considerazione che faccio \u00e8 che, visto che comunque si dovrebbero spendere cifre significative, allora meglio investirle sul tratto di ex statale cos\u00ec, in caso di necessit\u00e0, si potranno far passare in sicurezza anche le auto. Sarebbero possibili anche soluzioni &#8220;intermedie&#8221; che potrebbero prevedere la costruzione di un ponte solo per la ciclabile in modo da tagliar fuori i tratti pi\u00f9 pericolosi (evitando di costruire gallerie artificiali paramassi su entrambi i lati) ma comunque opere &#8220;impegnative&#8221;.<\/p>\n<p><iframe loading=\"lazy\" title=\"Strada abbandonata sul canale di Agordo ex tratto ferroviario\" width=\"1200\" height=\"675\" src=\"https:\/\/www.youtube.com\/embed\/DKsD96ox5Qw?feature=oembed\" frameborder=\"0\" allow=\"accelerometer; autoplay; clipboard-write; encrypted-media; gyroscope; picture-in-picture\" allowfullscreen><\/iframe><\/p>\n<p>&nbsp;<\/p>\n<hr \/>\n<p>&nbsp;<\/p>\n<p><strong>SABATO ALLA RADIO\u00a0<\/strong><\/p>\n<blockquote>\n<h3>L&#8217;IPOTESI, LA CICLABILE NELLE EX GALLERIE DELLA FERROVIA AI CASTEI?<\/h3>\n<\/blockquote>\n<p>&nbsp;<\/p>\n<p><strong><img loading=\"lazy\" decoding=\"async\" class=\"alignleft\" src=\"https:\/\/www.radiopiu.net\/wordpress\/wp-content\/uploads\/2022\/05\/98866e11-2eec-4bc7-ad09-b03e987eeaf8.jpg\" width=\"206\" height=\"132\" \/><\/strong><\/p>\n<p>&nbsp;<\/p>\n<p><strong>AGORDO<\/strong> Il versante sopra la ex regionale 203 ai Casti non da garanzie di stabilit\u00e0, in attesa di ulteriori conferme l&#8217;Unione Montana guarda al piano B, il passaggio della ciclabile nelle suggestive gallerie dei Castei. Ancora nessuna notizia sul ricorso per\u00a0 il passaggio ad Agordo. Ottimismo per la realizzazione del ponte sul Cordevole a Taibon.<\/p>\n<p><strong>DI GIANNI SANTOMASO<\/strong><\/p>\n<audio class=\"wp-audio-shortcode\" id=\"audio-278651-1\" preload=\"none\" style=\"width: 100%;\" controls=\"controls\"><source type=\"audio\/mpeg\" src=\"https:\/\/www.radiopiu.net\/wordpress\/wp-content\/uploads\/2022\/05\/GIANNI-LA-CICLABILE-AI-CASTEI.mp3?_=1\" \/><a href=\"https:\/\/www.radiopiu.net\/wordpress\/wp-content\/uploads\/2022\/05\/GIANNI-LA-CICLABILE-AI-CASTEI.mp3\">https:\/\/www.radiopiu.net\/wordpress\/wp-content\/uploads\/2022\/05\/GIANNI-LA-CICLABILE-AI-CASTEI.mp3<\/a><\/audio>\n<p>FOTO STORICA, ARCHIVIO MICHELE BADOLE di Annalisa Dal Mas posa della ferrovia 1916<\/p>\n<p>&nbsp;<\/p>\n<hr \/>\n<p>&nbsp;<\/p>\n","protected":false},"excerpt":{"rendered":"<p>&nbsp; di\u00a0 STEFANO DELL&#8217;OSBEL Libero professionista, ha studiato Progettazione Architettonica presso Universit\u00e0 Iuav di Venezia, Vive a La Valle Agordina\u00a0 Ho letto dell&#8217;ipotesi di far passare la ciclabile sulle vecchie gallerie della ferrovia; consiglio di guardare attentamente il video allegato (in particolare dal secondo minuti in poi) per vedere cosa c&#8217;\u00e9 &#8220;dall&#8217;alta parte&#8221;; la mia&hellip;<\/p>\n","protected":false},"author":4,"featured_media":278652,"comment_status":"closed","ping_status":"closed","sticky":false,"template":"","format":"standard","meta":{"_monsterinsights_skip_tracking":false,"_monsterinsights_sitenote_active":false,"_monsterinsights_sitenote_note":"","_monsterinsights_sitenote_category":0,"footnotes":""},"categories":[104,49],"tags":[],"class_list":["post-278651","post","type-post","status-publish","format-standard","has-post-thumbnail","hentry","category-evidenza_3","category-news-18","category-104","category-49","description-off"],"img_url":"https:\/\/www.radiopiu.net\/wordpress\/wp-content\/uploads\/2022\/05\/Senza-nome-5.jpg","_links":{"self":[{"href":"https:\/\/www.radiopiu.net\/wordpress\/wp-json\/wp\/v2\/posts\/278651","targetHints":{"allow":["GET"]}}],"collection":[{"href":"https:\/\/www.radiopiu.net\/wordpress\/wp-json\/wp\/v2\/posts"}],"about":[{"href":"https:\/\/www.radiopiu.net\/wordpress\/wp-json\/wp\/v2\/types\/post"}],"author":[{"embeddable":true,"href":"https:\/\/www.radiopiu.net\/wordpress\/wp-json\/wp\/v2\/users\/4"}],"replies":[{"embeddable":true,"href":"https:\/\/www.radiopiu.net\/wordpress\/wp-json\/wp\/v2\/comments?post=278651"}],"version-history":[{"count":0,"href":"https:\/\/www.radiopiu.net\/wordpress\/wp-json\/wp\/v2\/posts\/278651\/revisions"}],"wp:featuredmedia":[{"embeddable":true,"href":"https:\/\/www.radiopiu.net\/wordpress\/wp-json\/wp\/v2\/media\/278652"}],"wp:attachment":[{"href":"https:\/\/www.radiopiu.net\/wordpress\/wp-json\/wp\/v2\/media?parent=278651"}],"wp:term":[{"taxonomy":"category","embeddable":true,"href":"https:\/\/www.radiopiu.net\/wordpress\/wp-json\/wp\/v2\/categories?post=278651"},{"taxonomy":"post_tag","embeddable":true,"href":"https:\/\/www.radiopiu.net\/wordpress\/wp-json\/wp\/v2\/tags?post=278651"}],"curies":[{"name":"wp","href":"https:\/\/api.w.org\/{rel}","templated":true}]}}