{"id":278719,"date":"2022-05-31T05:55:07","date_gmt":"2022-05-31T03:55:07","guid":{"rendered":"https:\/\/www.radiopiu.net\/wordpress\/?p=278719"},"modified":"2022-05-31T06:08:06","modified_gmt":"2022-05-31T04:08:06","slug":"ideal-standard-siglata-la-cessione-del-sito-e-del-marchio-ceramica-dolomite-alla-cordata-veneta","status":"publish","type":"post","link":"https:\/\/www.radiopiu.net\/wordpress\/ideal-standard-siglata-la-cessione-del-sito-e-del-marchio-ceramica-dolomite-alla-cordata-veneta\/","title":{"rendered":"IDEAL STANDARD. SIGLATA LA CESSIONE DEL SITO E DEL MARCHIO CERAMICA DOLOMITE ALLA CORDATA VENETA"},"content":{"rendered":"<p><strong><a class=\"dt-pswp-item\" href=\"https:\/\/www.radiopiu.net\/wordpress\/wp-content\/uploads\/2020\/05\/ideal-standard-orcenigo-scaled.jpg\" data-dt-img-description=\"\" data-large_image_width=\"2560\" data-large_image_height=\"1803\"><img loading=\"lazy\" decoding=\"async\" class=\"size-thumbnail wp-image-138079 alignleft\" src=\"https:\/\/www.radiopiu.net\/wordpress\/wp-content\/uploads\/2020\/05\/ideal-standard-orcenigo-150x150.jpg\" alt=\"\" width=\"150\" height=\"150\" \/><\/a>VENEZIA <\/strong>Ideal Standard e la Cordata industriale, composta da Finint S.p.a, Delfin S.a.r.l., Luigi Rossi Luciani S.a.p.a. e Za-Fin S.r.l., hanno sottoscritto l\u2019accordo di cessione a quest\u2019ultima del sito produttivo di Borgo Valbelluna e del marchio Ceramica Dolomite con effetto dal primo giugno. Questo atto segue l\u2019intesa sul trasferimento di tutti i lavoratori nella nuova Societ\u00e0 raggiunta lo scorso 12 maggio e segna l\u2019inizio della nuova stagione industriale per Ceramica Dolomite e i suoi lavoratori. Il lavoro di reindustrializzazione condotto dal tavolo istituzionale, costituito presso l\u2019Unit\u00e0 di crisi aziendali di Veneto Lavoro, composto oltre che dalla Regione, dal MISE, dalle parti sindacali, dalla propriet\u00e0 di Ideal Standard e dall\u2019Advisor Sernet vede oggi raggiungere pienamente gli obiettivi prefissati. \u201c<em>Accolgo con soddisfazione la notizia dell\u2019accordo che tuteler\u00e0 i posti di lavoro e consentir\u00e0 di mantenere la produzione di un celebre marchio veneto che identifica un prodotto di qualit\u00e0 con la nostra regione, il Bellunese e con le nostre montagne: le Dolomiti, Patrimonio Unesco. La Regione \u00e8 sempre stata presente in questo percorso con la sua Unit\u00e0 Crisi Aziendali. Le firme di tutti gli attori coinvolti non siglano solo un accordo ma anche una pagina di storia dei lavoratori veneti<\/em>\u201d ha detto il Presidente del Veneto. \u201c<em>L\u2019accordo di oggi \u00e8 il coronamento di un percorso intenso e vincente che ha coinvolto istituzioni, azienda, sindacati e territorio con l\u2019intervento di una cordata imprenditoriale solida che dar\u00e0 rilancio allo stabilimento di Trichiana e al Bellunese<\/em>\u201d. Lo dichiara il Ministro Federico D\u2019Inc\u00e0 in occasione dell\u2019accordo definitivo per la cessione dello stabilimento Ideal Standard. \u201c<em>Sono molto soddisfatto per il risultato raggiunto perch\u00e9 premia il lavoro svolto in questi anni nei confronti della nostra comunit\u00e0, dei dipendenti della fabbrica e del settore manifatturiero su cui abbiamo sempre affermato di credere fortemente \u2013 prosegue il Ministro D\u2019Inc\u00e0, che aggiunge &#8211; quando la precedente propriet\u00e0 ha deciso di volere abbandonare il sito produttivo, ci siamo uniti in un cammino di sinergia istituzionale e imprenditoriale, ascoltando le preoccupazioni dei sindacati e dei dipendenti e tenendo presente quanto lo stabilimento di Trichiana fosse strategico per la ceramica sanitaria: \u00e8 stata una scelta vincente, su cui la cordata composta da Enrico Marchi con Banca Finint, Leonardo Del Vecchio con la holding Delfin, Luigi Rossi Luciani con la holding Luigi Rossi Luciani Sapa e Bruno Zago con la societ\u00e0 Za-Fin Srl ha deciso di investire assieme a Invitalia. Una scommessa che ho sempre ritenuto vincente e che nei mesi passati ho voluto portare avanti , incontrando anche il Cavaliere Del Vecchio per comunicargli il valore del progetto e la professionalit\u00e0 dei lavoratori ai nuovi imprenditori interessati<\/em>\u201d. <em>\u201cImprenditori capaci e legati al territorio hanno fatto ancora una volta la differenza dimostrando coraggio, intraprendenza e lungimiranza. \u00c8 grazie a loro se oggi rinasce uno dei simboli della Valbelluna<\/em>\u201d. A dirlo \u00e8 Lorraine Berton, presidente di Confindustria Belluno Dolomiti, nella giornata che segna l\u2019accordo definitivo per la cessione dello stabilimento Ideal Standard di Trichiana<\/p>\n<p>&nbsp;<\/p>\n<p>&nbsp;<\/p>\n<p>&nbsp;<\/p>\n<p>*****<\/p>\n","protected":false},"excerpt":{"rendered":"<p>VENEZIA Ideal Standard e la Cordata industriale, composta da Finint S.p.a, Delfin S.a.r.l., Luigi Rossi Luciani S.a.p.a. e Za-Fin S.r.l., hanno sottoscritto l\u2019accordo di cessione a quest\u2019ultima del sito produttivo di Borgo Valbelluna e del marchio Ceramica Dolomite con effetto dal primo giugno. Questo atto segue l\u2019intesa sul trasferimento di tutti i lavoratori nella nuova&hellip;<\/p>\n","protected":false},"author":4,"featured_media":138079,"comment_status":"closed","ping_status":"closed","sticky":false,"template":"","format":"standard","meta":{"_monsterinsights_skip_tracking":false,"_monsterinsights_sitenote_active":false,"_monsterinsights_sitenote_note":"","_monsterinsights_sitenote_category":0,"footnotes":""},"categories":[51,49],"tags":[],"class_list":["post-278719","post","type-post","status-publish","format-standard","has-post-thumbnail","hentry","category-evidenza-top","category-news-18","category-51","category-49","description-off"],"img_url":"https:\/\/www.radiopiu.net\/wordpress\/wp-content\/uploads\/2020\/05\/ideal-standard-orcenigo-scaled.jpg","_links":{"self":[{"href":"https:\/\/www.radiopiu.net\/wordpress\/wp-json\/wp\/v2\/posts\/278719","targetHints":{"allow":["GET"]}}],"collection":[{"href":"https:\/\/www.radiopiu.net\/wordpress\/wp-json\/wp\/v2\/posts"}],"about":[{"href":"https:\/\/www.radiopiu.net\/wordpress\/wp-json\/wp\/v2\/types\/post"}],"author":[{"embeddable":true,"href":"https:\/\/www.radiopiu.net\/wordpress\/wp-json\/wp\/v2\/users\/4"}],"replies":[{"embeddable":true,"href":"https:\/\/www.radiopiu.net\/wordpress\/wp-json\/wp\/v2\/comments?post=278719"}],"version-history":[{"count":0,"href":"https:\/\/www.radiopiu.net\/wordpress\/wp-json\/wp\/v2\/posts\/278719\/revisions"}],"wp:featuredmedia":[{"embeddable":true,"href":"https:\/\/www.radiopiu.net\/wordpress\/wp-json\/wp\/v2\/media\/138079"}],"wp:attachment":[{"href":"https:\/\/www.radiopiu.net\/wordpress\/wp-json\/wp\/v2\/media?parent=278719"}],"wp:term":[{"taxonomy":"category","embeddable":true,"href":"https:\/\/www.radiopiu.net\/wordpress\/wp-json\/wp\/v2\/categories?post=278719"},{"taxonomy":"post_tag","embeddable":true,"href":"https:\/\/www.radiopiu.net\/wordpress\/wp-json\/wp\/v2\/tags?post=278719"}],"curies":[{"name":"wp","href":"https:\/\/api.w.org\/{rel}","templated":true}]}}