{"id":278724,"date":"2022-05-30T23:59:10","date_gmt":"2022-05-30T21:59:10","guid":{"rendered":"https:\/\/www.radiopiu.net\/wordpress\/?p=278724"},"modified":"2022-05-30T16:13:50","modified_gmt":"2022-05-30T14:13:50","slug":"si-chiude-la-stagione-dellagordina-tra-alti-e-bassi","status":"publish","type":"post","link":"https:\/\/www.radiopiu.net\/wordpress\/si-chiude-la-stagione-dellagordina-tra-alti-e-bassi\/","title":{"rendered":"SI CHIUDE LA STAGIONE DELL&#8217;AGORDINA TRA ALTI E BASSI"},"content":{"rendered":"<p><strong><a class=\"dt-pswp-item\" href=\"https:\/\/www.radiopiu.net\/wordpress\/wp-content\/uploads\/2019\/09\/AGORDINA-CALCIO.jpeg\" data-dt-img-description=\"\" data-large_image_width=\"225\" data-large_image_height=\"225\"><img loading=\"lazy\" decoding=\"async\" class=\"size-thumbnail wp-image-97575 alignleft\" src=\"https:\/\/www.radiopiu.net\/wordpress\/wp-content\/uploads\/2019\/09\/AGORDINA-CALCIO-150x150.jpeg\" alt=\"\" width=\"150\" height=\"150\" srcset=\"https:\/\/www.radiopiu.net\/wordpress\/wp-content\/uploads\/2019\/09\/AGORDINA-CALCIO-150x150.jpeg 150w, https:\/\/www.radiopiu.net\/wordpress\/wp-content\/uploads\/2019\/09\/AGORDINA-CALCIO.jpeg 225w\" sizes=\"auto, (max-width: 150px) 100vw, 150px\" \/><\/a>AGORDO\u00a0<\/strong>Si \u00e8 conclusa ufficialmente domenica scorsa la stagione dell&#8217;Agordina Calcio. Una stagione caratterizzata da alti e bassi che andiamo ad analizzare. Partiamo dal settore giovanile con i Giovanissimi allenati da De Bastiani che sono stati gli ultimi a scendere in campo. 11 vittorie, 2 pareggi e 11 sconfitte per la squadra pi\u00f9 giovane del settore giovanile che ha chiuso il campionato al settimo posto mancando per soli 3 punti la zona playoff. Ad incidere forse una prima parte di stagione non molto soddisfacente. Buona invece la prova degli Allievi regionali che per il rotto della cuffia sono riusciti ad evitare i playout ed assicurarsi il campionato regionale anche per il prossimo anno. Ottima la prova di forza nelle ultime partite dove i ragazzi di Orzetti hanno dato il massimo per raggiungere l&#8217;obbiettivo. Obbiettivo che invece nnon \u00e8 stato raggiunto dalla Juniores Regionale di Roberto Fontanive che dopo una prima parte di campionato giocata bene, \u00e8 crollata proprio quando le sfide contavano di pi\u00f9 e non \u00e8 riuscita ad evitare la retrocessione nel campionato provinciale. Una stagione che si pu\u00f2 senz&#8217;altro incorniciare \u00e8 quella della prima squadra allenata da Lorenzi che ha raggiunto l&#8217;obbiettivo salvezza in Seconda Categoria con 5 giornate di anticipo. Forse alla compagine di Lorenzi si poteva chiedere qualcosa in pi\u00f9 ma la decisione di non fare i playoff da parte della FIGC ha spento ogni speranza nella parte finale del campionato con l&#8217;Agordina che, una volta raggiunto l&#8217;obbiettivo stagionale, ha giocato senza sforzarsi pi\u00f9 di tanto.<\/p>\n<p>&nbsp;<\/p>\n<p>&nbsp;<\/p>\n<p>&nbsp;<\/p>\n<p>*******<\/p>\n","protected":false},"excerpt":{"rendered":"<p>AGORDO\u00a0Si \u00e8 conclusa ufficialmente domenica scorsa la stagione dell&#8217;Agordina Calcio. Una stagione caratterizzata da alti e bassi che andiamo ad analizzare. Partiamo dal settore giovanile con i Giovanissimi allenati da De Bastiani che sono stati gli ultimi a scendere in campo. 11 vittorie, 2 pareggi e 11 sconfitte per la squadra pi\u00f9 giovane del settore&hellip;<\/p>\n","protected":false},"author":4,"featured_media":97575,"comment_status":"closed","ping_status":"closed","sticky":false,"template":"","format":"standard","meta":{"_monsterinsights_skip_tracking":false,"_monsterinsights_sitenote_active":false,"_monsterinsights_sitenote_note":"","_monsterinsights_sitenote_category":0,"footnotes":""},"categories":[49],"tags":[],"class_list":["post-278724","post","type-post","status-publish","format-standard","has-post-thumbnail","hentry","category-news-18","category-49","description-off"],"img_url":"https:\/\/www.radiopiu.net\/wordpress\/wp-content\/uploads\/2019\/09\/AGORDINA-CALCIO.jpeg","_links":{"self":[{"href":"https:\/\/www.radiopiu.net\/wordpress\/wp-json\/wp\/v2\/posts\/278724","targetHints":{"allow":["GET"]}}],"collection":[{"href":"https:\/\/www.radiopiu.net\/wordpress\/wp-json\/wp\/v2\/posts"}],"about":[{"href":"https:\/\/www.radiopiu.net\/wordpress\/wp-json\/wp\/v2\/types\/post"}],"author":[{"embeddable":true,"href":"https:\/\/www.radiopiu.net\/wordpress\/wp-json\/wp\/v2\/users\/4"}],"replies":[{"embeddable":true,"href":"https:\/\/www.radiopiu.net\/wordpress\/wp-json\/wp\/v2\/comments?post=278724"}],"version-history":[{"count":0,"href":"https:\/\/www.radiopiu.net\/wordpress\/wp-json\/wp\/v2\/posts\/278724\/revisions"}],"wp:featuredmedia":[{"embeddable":true,"href":"https:\/\/www.radiopiu.net\/wordpress\/wp-json\/wp\/v2\/media\/97575"}],"wp:attachment":[{"href":"https:\/\/www.radiopiu.net\/wordpress\/wp-json\/wp\/v2\/media?parent=278724"}],"wp:term":[{"taxonomy":"category","embeddable":true,"href":"https:\/\/www.radiopiu.net\/wordpress\/wp-json\/wp\/v2\/categories?post=278724"},{"taxonomy":"post_tag","embeddable":true,"href":"https:\/\/www.radiopiu.net\/wordpress\/wp-json\/wp\/v2\/tags?post=278724"}],"curies":[{"name":"wp","href":"https:\/\/api.w.org\/{rel}","templated":true}]}}