{"id":278762,"date":"2022-05-31T05:56:26","date_gmt":"2022-05-31T03:56:26","guid":{"rendered":"https:\/\/www.radiopiu.net\/wordpress\/?p=278762"},"modified":"2022-05-31T06:07:55","modified_gmt":"2022-05-31T04:07:55","slug":"rinasce-ceramica-dolomite","status":"publish","type":"post","link":"https:\/\/www.radiopiu.net\/wordpress\/rinasce-ceramica-dolomite\/","title":{"rendered":"RINASCE CERAMICA DOLOMITE SPA. DEL VECCHIO: &#8220;SONO FELICE DI RILANCIARE QUESTA REALTA&#8217; INDUSTRIALE&#8221;"},"content":{"rendered":"<p><strong> <a class=\"dt-pswp-item\" href=\"https:\/\/www.radiopiu.net\/wordpress\/wp-content\/uploads\/2021\/12\/Leonardo-Del-Vecchio-1140x675-1.jpg\" data-dt-img-description=\"\" data-large_image_width=\"1140\" data-large_image_height=\"675\"><img loading=\"lazy\" decoding=\"async\" class=\"size-thumbnail wp-image-250459 alignleft\" src=\"https:\/\/www.radiopiu.net\/wordpress\/wp-content\/uploads\/2021\/12\/Leonardo-Del-Vecchio-1140x675-1-150x150.jpg\" alt=\"\" width=\"150\" height=\"150\" \/><\/a>BORGO VALBELLUNA <\/strong>Presso la sede di Banca Finint a Conegliano, \u00e8 stato firmato l\u2019accordo definitivo per la cessione dello stabilimento di Borgo Valbelluna da Ideal Standard alla societ\u00e0 \u201cCeramica Dolomite Spa\u201d partecipata dalla cordata di imprenditori composta da Enrico Marchi con Banca Finint, Leonardo Del Vecchio con la holding Delfin, Luigi Rossi Luciani con la holding Luigi Rossi Luciani Sapa e Bruno Zago con la societ\u00e0 Za-Fin Srl. Nella nuova societ\u00e0, che diventer\u00e0 operativa il 1\u00b0 giugno 2022, verr\u00e0 trasferito da Ideal Standard il ramo d\u2019azienda che comprende lo stabilimento di Borgo Valbelluna &#8211; Trichiana, con annessi impianti, stampi, attrezzature e il brand \u201cCeramica Dolomite\u201d.\u00a0 Obiettivo del progetto intorno al quale Banca Finint ha riunito alcuni esponenti di altissimo standing dell\u2019industria manifatturiera italiana \u00e8 la reindustrializzazione del sito produttivo bellunese e il rilancio sul mercato dello storico marchio Ceramica Dolomite. La struttura societaria della nuova azienda vede la presenza di una holding di controllo, \u201cC.D. Holding\u201d, partecipata in modo paritetico dai quattro soci fondatori (Banca Finint Spa, Delfin Sarl, Luigi Rossi Luciani Sapa e Za-Fin Srl) che \u00e8 socia di maggioranza al 53,33% della societ\u00e0 operativa \u201cCeramica Dolomite Spa\u201d.\u00a0 E\u2019 imminente la conferma che della compagine sociale di quest\u2019ultima far\u00e0 inoltre parte, per la restante quota di capitale, il partner istituzionale Invitalia che interverr\u00e0 nell\u2019operazione attraverso il Fondo di Salvaguardia dei livelli occupazionali art.43 DL 34\/2020 operativo da marzo 2021. L\u2019investimento iniziale ammonta a 15 milioni di euro \u2013 di cui 8 milioni provenienti da fondi privati dei quattro soci e 7 milioni provenienti dal Fondo di Salvaguardia dei livelli occupazionali &#8211; senza ricorso a strumenti di debito. I fondi stanziati consentiranno di dare avvio al progetto di rilancio del brand Ceramica Dolomite sul mercato e di sviluppare ulteriormente la nuova azienda che integrer\u00e0 l\u2019attivit\u00e0 produttiva con le caratteristiche attivit\u00e0 amministrative e commerciali. Il progetto di reindustrializzazione del sito produttivo prevede inoltre la completa salvaguardia dei livelli occupazionali, nell\u2019ottica della massima valorizzazione delle competenze e delle maestranze, centrale per il percorso di rilancio. Come previsto dall\u2019accordo tra le parti &#8211; siglato in data 12 maggio &#8211; con le sigle sindacali Filtem Cgil, Femca Cisl, Uiltec Uil e Rus a partire dal 1\u00b0 giugno tutti i 408 lavoratori attualmente impiegati nel sito bellunese saranno trasferiti alla nuova societ\u00e0. Contestualmente per 80 lavoratori vicini alla pensione l\u2019accordo prevede la possibilit\u00e0 di beneficiare dello scivolo pensionistico previsto dal contratto di espansione. Sar\u00e0 attivato anche un contratto di solidariet\u00e0. Il tutto nell\u2019ottica di salvaguardare pienamente i posti di lavoro e garantire la necessaria flessibilit\u00e0 per programmare il riavvio della produzione. Dal punto di vista operativo, la produzione sar\u00e0 avviata con gradualit\u00e0 nel corso del mese di luglio: sar\u00e0 riattivata inizialmente una sola linea produttiva, per raggiungere nei mesi successivi la piena operativit\u00e0 dello stabilimento con la messa in funzione anche delle altre due linee di produzione e il rientro della maggior parte degli addetti. <em>&#8220;Sono sempre molto felice quando posso contribuire al rilancio di una realt\u00e0 industriale, in particolare in quella regione, il Veneto, che tanto \u00e8 stata con me generosa.&#8221;, <\/em>ha commentato Leonardo Del Vecchio, Presidente di Delfin.<\/p>\n<p>&nbsp;<\/p>\n<p>&nbsp;<\/p>\n<p>&nbsp;<\/p>\n<p>******<\/p>\n","protected":false},"excerpt":{"rendered":"<p>BORGO VALBELLUNA Presso la sede di Banca Finint a Conegliano, \u00e8 stato firmato l\u2019accordo definitivo per la cessione dello stabilimento di Borgo Valbelluna da Ideal Standard alla societ\u00e0 \u201cCeramica Dolomite Spa\u201d partecipata dalla cordata di imprenditori composta da Enrico Marchi con Banca Finint, Leonardo Del Vecchio con la holding Delfin, Luigi Rossi Luciani con la&hellip;<\/p>\n","protected":false},"author":4,"featured_media":250459,"comment_status":"closed","ping_status":"closed","sticky":false,"template":"","format":"standard","meta":{"_monsterinsights_skip_tracking":false,"_monsterinsights_sitenote_active":false,"_monsterinsights_sitenote_note":"","_monsterinsights_sitenote_category":0,"footnotes":""},"categories":[51,49],"tags":[],"class_list":["post-278762","post","type-post","status-publish","format-standard","has-post-thumbnail","hentry","category-evidenza-top","category-news-18","category-51","category-49","description-off"],"img_url":"https:\/\/www.radiopiu.net\/wordpress\/wp-content\/uploads\/2021\/12\/Leonardo-Del-Vecchio-1140x675-1.jpg","_links":{"self":[{"href":"https:\/\/www.radiopiu.net\/wordpress\/wp-json\/wp\/v2\/posts\/278762","targetHints":{"allow":["GET"]}}],"collection":[{"href":"https:\/\/www.radiopiu.net\/wordpress\/wp-json\/wp\/v2\/posts"}],"about":[{"href":"https:\/\/www.radiopiu.net\/wordpress\/wp-json\/wp\/v2\/types\/post"}],"author":[{"embeddable":true,"href":"https:\/\/www.radiopiu.net\/wordpress\/wp-json\/wp\/v2\/users\/4"}],"replies":[{"embeddable":true,"href":"https:\/\/www.radiopiu.net\/wordpress\/wp-json\/wp\/v2\/comments?post=278762"}],"version-history":[{"count":0,"href":"https:\/\/www.radiopiu.net\/wordpress\/wp-json\/wp\/v2\/posts\/278762\/revisions"}],"wp:featuredmedia":[{"embeddable":true,"href":"https:\/\/www.radiopiu.net\/wordpress\/wp-json\/wp\/v2\/media\/250459"}],"wp:attachment":[{"href":"https:\/\/www.radiopiu.net\/wordpress\/wp-json\/wp\/v2\/media?parent=278762"}],"wp:term":[{"taxonomy":"category","embeddable":true,"href":"https:\/\/www.radiopiu.net\/wordpress\/wp-json\/wp\/v2\/categories?post=278762"},{"taxonomy":"post_tag","embeddable":true,"href":"https:\/\/www.radiopiu.net\/wordpress\/wp-json\/wp\/v2\/tags?post=278762"}],"curies":[{"name":"wp","href":"https:\/\/api.w.org\/{rel}","templated":true}]}}