{"id":278777,"date":"2022-06-01T06:00:27","date_gmt":"2022-06-01T04:00:27","guid":{"rendered":"https:\/\/www.radiopiu.net\/wordpress\/?p=278777"},"modified":"2022-06-01T09:30:26","modified_gmt":"2022-06-01T07:30:26","slug":"giornale-radiopiu-01-giugno-2022-direttore-mirko-mezzacasa","status":"publish","type":"post","link":"https:\/\/www.radiopiu.net\/wordpress\/giornale-radiopiu-01-giugno-2022-direttore-mirko-mezzacasa\/","title":{"rendered":"GIORNALE RADIOPIU 01 GIUGNO 2022 DIRETTORE MIRKO MEZZACASA"},"content":{"rendered":"<h3 class=\"kvgmc6g5 cxmmr5t8 oygrvhab hcukyx3x c1et5uql\"><span style=\"color: #0000ff;\"><strong>RADIO PIU INFORMAZIONE il canale su TELEGRAM informazione di prima\u00a0 <\/strong><\/span><span style=\"color: #0000ff;\"><strong>mano e in tempo reale. iscriviti ed aiutaci a farlo conoscere\u00a0\u00a0<\/strong><\/span><\/h3>\n<p>&nbsp;<\/p>\n<hr \/>\n<p>&nbsp;<\/p>\n<blockquote>\n<h3>ACQUA NON POTABILE A COLLAZ DI LIVINALLONGO<\/h3>\n<\/blockquote>\n<p><strong><a class=\"dt-pswp-item\" href=\"https:\/\/www.radiopiu.net\/wordpress\/wp-content\/uploads\/2018\/08\/ACQUA.jpeg\" data-dt-img-description=\"\" data-large_image_width=\"1280\" data-large_image_height=\"768\"><img loading=\"lazy\" decoding=\"async\" class=\"alignleft wp-image-57052 \" src=\"https:\/\/www.radiopiu.net\/wordpress\/wp-content\/uploads\/2018\/08\/ACQUA-300x180.jpeg\" alt=\"\" width=\"160\" height=\"96\" srcset=\"https:\/\/www.radiopiu.net\/wordpress\/wp-content\/uploads\/2018\/08\/ACQUA-300x180.jpeg 300w, https:\/\/www.radiopiu.net\/wordpress\/wp-content\/uploads\/2018\/08\/ACQUA-768x461.jpeg 768w, https:\/\/www.radiopiu.net\/wordpress\/wp-content\/uploads\/2018\/08\/ACQUA-1024x614.jpeg 1024w, https:\/\/www.radiopiu.net\/wordpress\/wp-content\/uploads\/2018\/08\/ACQUA.jpeg 1280w\" sizes=\"auto, (max-width: 160px) 100vw, 160px\" \/><\/a>LIVINALLONGO<\/strong> Gestione Servizi Pubblici informa che a LIVINALLONGO DEL COL DI LANA in localit\u00e0 COLLAZ l&#8217;acqua erogata dall&#8217;acquedotto non \u00e8 potabile e pu\u00f2 essere usata per scopi alimentari SOLO PREVIA bollitura. GSP ha, comunque, gi\u00e0 adottato le necessarie misure per la disinfezione dell&#8217;acqua presente nei serbatoi e nella rete idrica con l&#8217;aggiunta di cloro.<\/p>\n<p>&nbsp;<\/p>\n<p><strong>PROVINCIALE 20 VAL FIORENTINA<\/strong> tra Caprile di Alleghe, Selva di Cadore e la Val Zoldana da lunedi e<span style=\"color: #ff0000;\"> fino al 29 luglio <\/span>senso unico alternato regolato da semaforo per tratti di circa 300 metri.<\/p>\n<p>&nbsp;<\/p>\n<hr \/>\n<p>&nbsp;<\/p>\n<blockquote>\n<h3>TENTATO OMICIDIO SENZA COLPEVOLI, EPISODIO ARCHIVIATO<\/h3>\n<\/blockquote>\n<p><strong>BELLUNO<\/strong> Nessuno colpevole per il tentato omicidio di Castoi, a sei mesi dalla violenta bastonata in testa a una donna residente nella frazione il procuratore Paolo Luca conferma al Corriere delle Alpi che <em>&#8220;non ci sono fatti nuovi e allora bisogner\u00e0 farsene una ragione&#8221;<\/em>. L&#8217;aggressione del 24 dicembre rimarr\u00e0 opera di ignoti, archiviato il fascicolo aperto a suo tempo dal pubblico ministero Marta Tollardo.<\/p>\n<p><span style=\"color: #ff0000;\"><strong>NOTIZIARIO DEL 24 DICEMBRE 2021<\/strong><\/span><\/p>\n<blockquote>\n<h3>DONNA AGGREDITA A CASTOI GRAVI FERITE RIPORTATE<\/h3>\n<\/blockquote>\n<p><strong><a href=\"https:\/\/www.radiopiu.net\/wordpress\/giornale-radiopiu-30-ottobre-2021-direttore-mirko-mezzacasa\/police-3394767__480\/\" rel=\"attachment wp-att-239926\"><img loading=\"lazy\" decoding=\"async\" class=\"size-medium wp-image-239926 alignleft\" src=\"https:\/\/www.radiopiu.net\/wordpress\/wp-content\/uploads\/2021\/10\/police-3394767__480-300x200.jpg\" alt=\"\" width=\"300\" height=\"200\" srcset=\"https:\/\/www.radiopiu.net\/wordpress\/wp-content\/uploads\/2021\/10\/police-3394767__480-300x200.jpg 300w, https:\/\/www.radiopiu.net\/wordpress\/wp-content\/uploads\/2021\/10\/police-3394767__480.jpg 719w\" sizes=\"auto, (max-width: 300px) 100vw, 300px\" \/><\/a>BELLUNO<\/strong> Stava parcheggiando\u00a0 la macchina in cortile, quando venerd\u00ec alle 23 \u00e8 stata colpita alle spalle da un uomo. Una donna di circa quarant\u2019anni \u00e8 ricoverata\u00a0 all\u2019ospedale San Martino di Belluno dopo l\u2019aggressione subita a Castoi, dove abita proprio mentre si incamminava per raggiungere la porta d\u2019ingresso, qualcuno l\u2019ha aggredita alle spalle. Indagano i Carabinieri. Gli inquirenti mantengono per ora il pi\u00f9 stretto riserbo, mentre in paese cresce la paura, non era una aggressione a scopo di rapina, perch\u00e9 la borsa e il portafoglio sono rimasti sul posto.\u00a0 La quarantenne da quella sera \u00e8 ricoverata in ospedale. Le sue condizioni sono serie, ma il quadro clinico \u00e8 in miglioramento. I carabinieri attendono che si riprenda per parlare con lei, per chiarire i tanti aspetti della vicenda rimasti senza risposta. Primo fra tutti se la donna abbia visto il suo aggressore in faccia.\u00a0 L&#8217;aggressore aveva con s\u00e8 un oggetto contundente, forse un bastone, e ha colpito duramente la donna al capo provocandole una profonda ferita lacero contusa sulla fronte. Le indagini sono in corso e gli inquirenti mantengono il pi\u00f9 stretto riserbo, vista la delicatezza della situazione.<\/p>\n<p>&nbsp;<\/p>\n<hr \/>\n<p>&nbsp;<\/p>\n<blockquote>\n<h3>INCIDENTE SUL LAVORO NEL BOSCO A MALGA FREDINA <strong>\u00a0<\/strong><\/h3>\n<\/blockquote>\n<p><strong>ARSIE&#8217;<\/strong> Incidente ieri pomeriggio nella zona di Malga Fredina. Un uomo si \u00e8 ferito mentre tagliava la legna, stava lavorando da solo e lui stesso ha contattato il 118 che ha inviato sul posto l&#8217;elicottero del Suem con a bordo il personale sanitario necessario a fornire il soccorso. Atterrato nelle immediate vicinanze, i sanitari hanno prima medicato e stabilizzato sul posto il boscaiolo e poi l&#8217;hanno trasferito a Feltre, non \u00e8 in pericolo di vita.<\/p>\n<p>&nbsp;<\/p>\n<hr \/>\n<p>&nbsp;<\/p>\n<blockquote>\n<h3>DIFFAMAVA LE EX CON FOTO PORNO,\u00a0 DUE ANNI IN APPELLO<\/h3>\n<\/blockquote>\n<p><strong>OGGI SUL CORRIERE DELLE ALPI<\/strong><br \/>\n<strong>DI GIGI SOSSO\u00a0<\/strong><\/p>\n<p><strong>SEDICO\u00a0<\/strong> Il sedicense Pier Samuel Grando si \u00e8 visto confermare la condanna a due anni di reclusione dalla Corte d&#8217;Appello di Venezia. In pi\u00f9, dovr\u00e0 pagare le spese legali alle due donne, che gi\u00e0 avevano spuntato un risarcimento danni di complessivi 14 mila euro in primo grado. L&#8217;uomo \u00e8 accusato di aver tormentato le sue ex fidanzate, di essersi appropriato dei loro profili social e delle mail e di averne diffuso immagini, dati sensibili e finte proposte di abboccamenti sessuali, offendendone cos\u00ec l&#8217;onore. Il giudice aveva subordinato la concessione della sospensione condizionale al pagamento del risarcimento: 8 mila euro per una e 6 mila per l&#8217;altra. Ci sarebbe ancora la Corte di Cassazione, ma a questo punto l&#8217;avvocato Mario Mazzoccoli far\u00e0 tutte le valutazioni necessarie. C&#8217;\u00e8 il rischio concreto di dover pagare ancora.<\/p>\n<p>&nbsp;<\/p>\n<hr \/>\n<p>&nbsp;<\/p>\n<blockquote>\n<h3>SUDTIROLESI IN SERVIZIO AL PRONTO SOCCORSO DI AGORDO, I PROFESSIONISTI LOCALI NON SONO SUFFICIENTI<\/h3>\n<\/blockquote>\n<p><strong><a class=\"dt-pswp-item\" href=\"https:\/\/www.radiopiu.net\/wordpress\/wp-content\/uploads\/2021\/07\/gallery_H05050102.png\" data-dt-img-description=\"\" data-large_image_width=\"600\" data-large_image_height=\"600\"><img loading=\"lazy\" decoding=\"async\" class=\"size-thumbnail wp-image-219312 alignleft\" src=\"https:\/\/www.radiopiu.net\/wordpress\/wp-content\/uploads\/2021\/07\/gallery_H05050102-150x150.png\" alt=\"\" width=\"150\" height=\"150\" srcset=\"https:\/\/www.radiopiu.net\/wordpress\/wp-content\/uploads\/2021\/07\/gallery_H05050102-150x150.png 150w, https:\/\/www.radiopiu.net\/wordpress\/wp-content\/uploads\/2021\/07\/gallery_H05050102-300x300.png 300w, https:\/\/www.radiopiu.net\/wordpress\/wp-content\/uploads\/2021\/07\/gallery_H05050102.png 600w\" sizes=\"auto, (max-width: 150px) 100vw, 150px\" \/><\/a>BELLUNO <\/strong>Per assicurare la continuit\u00e0 dei servizi di Pronto Soccorso di Agordo e Pieve di Cadore e dell\u2019Anestesia di Pieve di Cadore, esperite tutte le procedure sia per l\u2019assunzione di dipendenti, sia per il supporto da altre Aziende o da parte di liberi professionisti senza esito, l\u2019Azienda ha deciso di avvalersi di una ditta per la copertura di alcuni turni. Il numero di professionisti in Azienda, infatti, non consente la copertura di tutti i turni e di tutte le attivit\u00e0. In esito alle procedure di affidamento, la ditta Medical Service Sudtirol ha dato disponibilit\u00e0 per 9 turni per il Pronto Soccorso Pieve di Cadore e per 5 turni da 12 ore per quello di Agordo, per un costo complessivo di circa 80 mila euro. Per quanto riguarda l\u2019Anestesia di Pieve di Cadore, per garantire l\u2019operativit\u00e0 della sala operatoria di Pieve e la guardia di anestesiologia, sono stati acquistati dalla ditta GAP, per 3 mesi, 93 turni di anestesia oltre a 40 turni di sala operatoria, per un costo complessivo di 301 mila euro. L\u2019acquisto di queste prestazioni esterne consente di garantire con sicurezza i servizi, mentre prosegue la ricerca di professionisti percorrendo tutte le strade possibili e le forme contrattuali disponibili.<\/p>\n<p>&nbsp;<\/p>\n<hr \/>\n<p>&nbsp;<\/p>\n<blockquote>\n<h3>SE NELLE GRANDI CITTA&#8217; E&#8217; &#8220;NORMALITA'&#8221;&#8230; QUI NON LO E&#8217;<\/h3>\n<\/blockquote>\n<p><strong>AGORDO<\/strong> Ricompaiono le siringhe abbandonate, la foto scattata nel parcheggio in prossimit\u00e0 dell&#8217;ospedale. Vogliamo pensare si tratti di una siringa che conteneva insulina,\u00a0 l\u2019ormone che regola il livello di zuccheri nel sangue e quando il pancreas non la produce pi\u00f9 va \u201cintegrata\u201d in modo artificiale. In ogni caso l&#8217;abbandono non \u00e8 mai giustificato, con o senza ago.<\/p>\n\n\t\t\t<style type='text\/css'>\n\t\t\t\t#gallery-1 {\n\t\t\t\t\tmargin: auto;\n\t\t\t\t}\n\t\t\t\t#gallery-1 .gallery-item {\n\t\t\t\t\tfloat: left;\n\t\t\t\t\tmargin-top: 10px;\n\t\t\t\t\ttext-align: center;\n\t\t\t\t\twidth: 50%;\n\t\t\t\t}\n\t\t\t\t#gallery-1 img {\n\t\t\t\t\tborder: 2px solid #cfcfcf;\n\t\t\t\t}\n\t\t\t\t#gallery-1 .gallery-caption {\n\t\t\t\t\tmargin-left: 0;\n\t\t\t\t}\n\t\t\t\t\/* see gallery_shortcode() in wp-includes\/media.php *\/\n\t\t\t<\/style>\n\t\t<div id='gallery-1' class='dt-gallery-container gallery galleryid-278777 gallery-columns-2 gallery-size-thumbnail'><dl class='gallery-item'>\n\t\t\t\t<dt class='gallery-icon portrait'>\n\t\t\t\t\t<a class=\"rollover rollover-zoom dt-pswp-item\" title=\"ef765d5e-5954-4bb3-8258-077fc940326d\" data-dt-img-description=\"\" data-large_image_width=\"1152\" data-large_image_height=\"2048\"href='https:\/\/www.radiopiu.net\/wordpress\/wp-content\/uploads\/2022\/05\/ef765d5e-5954-4bb3-8258-077fc940326d.jpg'><img loading=\"lazy\" decoding=\"async\" width=\"150\" height=\"150\" src=\"https:\/\/www.radiopiu.net\/wordpress\/wp-content\/uploads\/2022\/05\/ef765d5e-5954-4bb3-8258-077fc940326d-150x150.jpg\" class=\"attachment-thumbnail size-thumbnail\" alt=\"\" \/><\/a>\n\t\t\t\t<\/dt><\/dl><dl class='gallery-item'>\n\t\t\t\t<dt class='gallery-icon portrait'>\n\t\t\t\t\t<a class=\"rollover rollover-zoom dt-pswp-item\" title=\"998fea52-3c14-493a-b0e6-1e59d5b7fc3c\" data-dt-img-description=\"\" data-large_image_width=\"1536\" data-large_image_height=\"2048\"href='https:\/\/www.radiopiu.net\/wordpress\/wp-content\/uploads\/2022\/05\/998fea52-3c14-493a-b0e6-1e59d5b7fc3c.jpg'><img loading=\"lazy\" decoding=\"async\" width=\"150\" height=\"150\" src=\"https:\/\/www.radiopiu.net\/wordpress\/wp-content\/uploads\/2022\/05\/998fea52-3c14-493a-b0e6-1e59d5b7fc3c-150x150.jpg\" class=\"attachment-thumbnail size-thumbnail\" alt=\"\" \/><\/a>\n\t\t\t\t<\/dt><\/dl><br style=\"clear: both\" \/>\n\t\t\t<\/div>\n\n<p>&nbsp;<\/p>\n<p>&nbsp;<\/p>\n<hr \/>\n<p>&nbsp;<\/p>\n<blockquote>\n<h3>LUXOTTICA FINALIZZA L&#8217;ACQUISTO DEL 90,9% DELLA FEDON ASTUCCI<\/h3>\n<\/blockquote>\n<p><strong><a class=\"dt-pswp-item\" href=\"https:\/\/www.radiopiu.net\/wordpress\/wp-content\/uploads\/2022\/02\/EL_Logotype_black.png\" data-dt-img-description=\"\" data-large_image_width=\"4831\" data-large_image_height=\"525\"><img loading=\"lazy\" decoding=\"async\" class=\"alignleft wp-image-257725 size-medium\" src=\"https:\/\/www.radiopiu.net\/wordpress\/wp-content\/uploads\/2022\/02\/EL_Logotype_black-300x33.png\" alt=\"\" width=\"300\" height=\"33\" srcset=\"https:\/\/www.radiopiu.net\/wordpress\/wp-content\/uploads\/2022\/02\/EL_Logotype_black-300x33.png 300w, https:\/\/www.radiopiu.net\/wordpress\/wp-content\/uploads\/2022\/02\/EL_Logotype_black-1024x111.png 1024w, https:\/\/www.radiopiu.net\/wordpress\/wp-content\/uploads\/2022\/02\/EL_Logotype_black-768x83.png 768w, https:\/\/www.radiopiu.net\/wordpress\/wp-content\/uploads\/2022\/02\/EL_Logotype_black-1536x167.png 1536w, https:\/\/www.radiopiu.net\/wordpress\/wp-content\/uploads\/2022\/02\/EL_Logotype_black-2048x223.png 2048w\" sizes=\"auto, (max-width: 300px) 100vw, 300px\" \/><\/a>MILANO<\/strong> Ieri si \u00e8 perfezionata la compravendita da parte di Luxottica della partecipazione pari al 90,9% del capitale sociale di Giorgio Fedon &amp; Figli S.p.A., quotata su Euronext Growth Milan, organizzato e gestito da Borsa Italiana S.p.A., partecipazione rappresentata da 1.727.141 azioni ordinarie della Societ\u00e0, ad un prezzo pari a Euro 17,03 per ciascuna azione compravenduta e cos\u00ec per un controvalore complessivo di circa Euro 29,4 milioni. Si segnala che alla data odierna \u2013 ad esito dell\u2019acquisto da parte di Luxottica della Partecipazione \u2013 si sono verificati i presupposti giuridici per il sorgere in capo a Luxottica dell\u2019obbligo di promuovere un\u2019offerta pubblica di acquisto totalitaria sulle azioni ordinarie della Societ\u00e0 (\u201cOfferta\u201d), ai sensi e per gli effetti dell\u2019articolo 106 del TUF, come richiamato dall\u2019articolo 9 (Disposizioni in materia di offerta pubblica di acquisto) dello statuto sociale dell\u2019Emittente, nonch\u00e9 delle applicabili disposizioni di attuazione contenute nel Regolamento Consob n. 11971\/99 come successivamente modificato. Prima dell\u2019inizio del Periodo di Adesione, come richiesto ai sensi della normativa applicabile, l\u2019Offerente pubblicher\u00e0 un Documento di Offerta che gli azionisti di Giorgio Fedon &amp; Figli S.p.A sono chiamati ad esaminare con attenzione. L\u2019Offerta sar\u00e0 promossa esclusivamente in Italia, sar\u00e0 soggetta agli obblighi di comunicazione e agli adempimenti procedurali previsti dal diritto italiano e sar\u00e0 rivolta, a parit\u00e0 di condizioni, a tutti i detentori di azioni di Giorgio Fedon &amp; Figli S.p.A.<\/p>\n<p>&nbsp;<\/p>\n<p>&nbsp;<\/p>\n<hr \/>\n<p>&nbsp;<\/p>\n<blockquote>\n<h3>CLIVET, C&#8217;E&#8217; L&#8217;ACCORDO INTEGRATIVO MA CI SONO VOLUTI ANNI DI LAVORO<\/h3>\n<\/blockquote>\n<p><strong><img loading=\"lazy\" decoding=\"async\" class=\"alignleft\" src=\"https:\/\/www.radiopiu.net\/wordpress\/wp-content\/uploads\/2022\/05\/foto_Clivet-1-scaled.jpg\" width=\"206\" height=\"116\" \/>BELLUNO<\/strong> Dopo una lunga trattativa, Clivet, assistita da Confindustria Belluno Dolomiti, e le rappresentanze sindacali hanno siglato l\u2019accordo integrativo. Il nuovo accordo 2022-2024 coinvolge pi\u00f9 di 600 dipendenti presenti in Italia, \u00e8 finalizzato da un lato a migliorare le situazioni economiche dei lavoratori tramite l\u2019introduzione del premio di risultato, dall\u2019altro a introdurre misure di sostegno ai lavoratori e alle loro famiglie. Verr\u00e0 riconosciuto pertanto un Premio di risultatocalcolato in base a parametri quali fatturato, EBIT, qualit\u00e0 ed efficienza produttiva, per premiare i lavoratori pi\u00f9 partecipi e collaborativi, nel rispetto dei principi di equit\u00e0 e meritocrazia. L\u2019importo del premio crescer\u00e0 nel triennio, partendo da 1000 euro per gli impiegati e 900 euro per gli operai fino ad arrivare rispettivamente a 1300 euro e 1200 euro nel 2024. Sar\u00e0 inoltre distribuito agli operai un Bonus carburante di 100 euro per l&#8217;anno 2022 per compensare il consumo di carburante causato dal lavoro svolto nella giornata di sabato e per la mancata possibilit\u00e0 di effettuare lo smart-working. \u00c8 anche prevista la Flessibilit\u00e0 di sabato, per 2 giornate di 6 ore ciascuna al mese per un massimo di 80 ore all\u2019anno, con una maggiorazione del 50% per chi lavora almeno 4 ore. Un concreto aiuto alle famiglie viene riconosciuto da Clivet attraverso il Baby\u00a0Clivet, un contributo di 100\u20ac al mese per pagare la retta dell&#8217;asilo nido, 5 giorni di permesso\u00a0in aggiunta ai 10 giorni previsti per legge da godere entro i 12 mesi successivi alla nascita\/adozione\/affidamento del figlio, e l\u2019una tantum di 1000 euro\u00a0per\u00a0i figli dei dipendenti che hanno\u00a0conseguito il diploma di scuola superiore quinquennale con una votazione compresa tra\u00a095 e 100 e lode, cos\u00ec come di laurea triennale e\/o magistrale con una votazione compresa tra\u00a0105 e 110 e lode.<\/p>\n<p>&nbsp;<\/p>\n<p>&nbsp;<\/p>\n<p>&nbsp;<\/p>\n<hr \/>\n<blockquote>\n<h3><\/h3>\n<h3>GIRO D&#8217;ITALIA, DAL FARRA &#8220;SI PASSI PER IL COMPRENSORIO DEL NEVEGAL&#8221;<\/h3>\n<\/blockquote>\n<p><strong><a class=\"dt-pswp-item\" href=\"https:\/\/www.radiopiu.net\/wordpress\/wp-content\/uploads\/2022\/05\/e9b0f08e-78c9-49bc-9d88-35aede4adeec.jpg\" data-dt-img-description=\"\" data-large_image_width=\"2048\" data-large_image_height=\"1154\"><img loading=\"lazy\" decoding=\"async\" class=\"size-thumbnail wp-image-278459 alignleft\" src=\"https:\/\/www.radiopiu.net\/wordpress\/wp-content\/uploads\/2022\/05\/e9b0f08e-78c9-49bc-9d88-35aede4adeec-150x150.jpg\" alt=\"\" width=\"150\" height=\"150\" \/><\/a>BELLUNO<\/strong> L&#8217;associazione Belluno Alpina guarda al prossimo Giro d&#8217;Italia anche alla luce delle ultime notizie, ovvero il possibile arrivo nei pressi delle diga del Vajont, gi\u00e0 con la prossima edizione a 60 anni dalla tragedia. Il presidente del sodalizio Gimmy Dal Farra invita amministrazioni, istituzioni, organizzazioni a riprendere in mano il progetto del passaggio della corsa rosa\u00a0 in Nevegal-Ronce-Valmorel\u201d. Nei mesi scorsi, i Comuni di Belluno, Ponte nelle Alpi, Limana, Alpago, Chies d&#8217;Alpago e Tambre avevano presentato una proposta di tappa,<em> \u201cUn grande lavoro &#8211; chiosa Dal Farra &#8211;\u00a0 che ha visto\u00a0 le amministrazioni lavorare insieme senza campanilismi con un obbiettivo comune ben definito. Un&#8217;idea che pu\u00f2 tornare buona anche per il 2023, magari svalicando a Praderadego o al Passo San Boldo per passare per Valmorel, Ronce, Nevegal, Lago di Santa Croce, Coste, <a class=\"dt-pswp-item\" href=\"https:\/\/www.radiopiu.net\/wordpress\/wp-content\/uploads\/2022\/05\/0b79fe3f-30e5-4bd4-95cd-d75f79d780f4.jpg\" data-dt-img-description=\"\" data-large_image_width=\"2048\" data-large_image_height=\"1154\"><img loading=\"lazy\" decoding=\"async\" class=\"size-thumbnail wp-image-278457 alignright\" src=\"https:\/\/www.radiopiu.net\/wordpress\/wp-content\/uploads\/2022\/05\/0b79fe3f-30e5-4bd4-95cd-d75f79d780f4-150x150.jpg\" alt=\"\" width=\"150\" height=\"150\" \/><\/a>Spert, Tambre, Chies, Garna, Pieve, Val Cantuna e poi via verso Longarone\u201d. <\/em>Per questo il ringraziamento a chi ha\u00a0 lavorato al progetto e per portare in provincia i ciclisti con la tappa di sabato: il gruppo dei sei comuni, la Provincia con il\u00a0 Presidente Roberto Padrin, la Regione\u00a0 con i consiglieri Silvia Cestaro e\u00a0 Giovanni Puppato unitamente alla segreteria del Presidente Zaia. e la segreteria del Presidenza Zaia. <em>\u201cQuella di sabato<\/em> &#8211; conclude Dal Farra &#8211;\u00a0<em> \u00e8 stata una grandissima giornata di festa e di visibilit\u00e0 per il nostro territorio, segno che la popolazione ha premiato questa scelta condivisa di tappa. Ci auguriamo che anche l&#8217;organizzazione del Giro d&#8217;Italia possa nuovamente apprezzare la proposta dei sei comuni e proporre gi\u00e0 per il 2023 il passaggio nei territori del nostro comprensorio prealpino\u201d.<\/em><\/p>\n<p>&nbsp;<\/p>\n<p>&nbsp;<\/p>\n<p>&nbsp;<\/p>\n<hr \/>\n<p>&nbsp;<\/p>\n<blockquote>\n<h3>IL GIORNO DELLA PENSIONE PER SANDRO DE COL, GRAZIE PER L&#8217;IMPEGNO DOC!<\/h3>\n<\/blockquote>\n<p><a class=\"dt-pswp-item\" href=\"https:\/\/www.radiopiu.net\/wordpress\/wp-content\/uploads\/2022\/05\/Carraro-De-Col.jpeg\" data-dt-img-description=\"\" data-large_image_width=\"1600\" data-large_image_height=\"1200\"><img loading=\"lazy\" decoding=\"async\" class=\"size-thumbnail wp-image-278925 alignleft\" src=\"https:\/\/www.radiopiu.net\/wordpress\/wp-content\/uploads\/2022\/05\/Carraro-De-Col-150x150.jpeg\" alt=\"\" width=\"150\" height=\"150\" \/><\/a>Ultimo giorno di lavoro ieri, dopo 39 anni di servizio in Ulss, per il dottor Sandro Del Col, Direttore della funzione territoriale dell\u2019Ulss Dolomiti. Profonda gratitudine e un po\u2019 di commozione oggi nella sede della Direzione Generale di via Feltre per l\u2019ultimo giorno di lavoro del dottor De Col che da domani sar\u00e0 in quiescenza dopo una lunga carriera al servizio dell\u2019Azienda nel distretto di Belluno e, negli ultimi anni, come direttore della funzione territoriale. Apprezzato per la conoscenza del territorio, potr\u00e0 ora dedicarsi alla sua passione per la montagna, senza far mancare il supporto dall\u2019Azienda dall\u2019esterno. Contestualmente, sono stati nominati oggi i nuovi direttori di Distretto di Belluno e di Feltre, in esito all\u2019avviso svoltosi nelle scorse settimane. Per il distretto di Belluno \u00e8 stato nominato direttore il dottor Alessio Gioffredi, gi\u00e0 direttore del distretto di Feltre. Classe 1960, pugliese di origine, bellunese di adozione, il dottor Gioffredi si \u00e8 laureato in medicina e chirurgia all\u2019Universit\u00e0 di Chieti dove si \u00e8 poi specializzato in Igiene e medicina preventiva. Dal 2005 \u00e8 in servizio in Ulss Dolomiti, occupandosi prima di cure primarie e residenzialit\u00e0 extra ospedaliera, dal 2014 \u00e8 direttore del Distretto di Feltre. Dal 1 giugno prender\u00e0 servizio come direttore del Distretto di Belluno. Sempre dal 1\u00b0 giugno diventer\u00e0 direttore del Distretto di Feltre la dottoressa Lucia Dalla Torre, attualmente direttore delle Cure primarie. Classe 1973, di Valdobbiadene, dal 2020 \u00e8 in servizio in Ulss Dolomiti dopo un\u2019esperienza decennale all\u2019Ulss Marca Treviagiana. <em>\u00abUn grande grazie al dottor De Col per l\u2019importante supporto che ha dato a questa direzione nel conoscere il territorio e un augurio di buon lavoro a due stimati professionisti che da domani assumeranno un nuovo incarico. I Distretti saranno chiamati nel prossimo futuro a una profonda rivisitazione organizzativa della medicina territoriale legata alle prospettive del PNRR e alla approvazione di nuove linee organizzative a livello normativo. Sono certa che i nostri validi professionisti sapranno interpretare al meglio questa sfida per assicurare al nostro territorio, in accordo con le altre strutture e la medicina di famiglia, servizi sempre pi\u00f9 vicini ai bisogni della nostra gente\u00bb.<\/em><\/p>\n<p>&nbsp;<\/p>\n\n\t\t\t<style type='text\/css'>\n\t\t\t\t#gallery-2 {\n\t\t\t\t\tmargin: auto;\n\t\t\t\t}\n\t\t\t\t#gallery-2 .gallery-item {\n\t\t\t\t\tfloat: left;\n\t\t\t\t\tmargin-top: 10px;\n\t\t\t\t\ttext-align: center;\n\t\t\t\t\twidth: 33%;\n\t\t\t\t}\n\t\t\t\t#gallery-2 img {\n\t\t\t\t\tborder: 2px solid #cfcfcf;\n\t\t\t\t}\n\t\t\t\t#gallery-2 .gallery-caption {\n\t\t\t\t\tmargin-left: 0;\n\t\t\t\t}\n\t\t\t\t\/* see gallery_shortcode() in wp-includes\/media.php *\/\n\t\t\t<\/style>\n\t\t<div id='gallery-2' class='dt-gallery-container gallery galleryid-278777 gallery-columns-3 gallery-size-thumbnail'><dl class='gallery-item'>\n\t\t\t\t<dt class='gallery-icon landscape'>\n\t\t\t\t\t<a class=\"rollover\" href='https:\/\/www.radiopiu.net\/wordpress\/il-giorno-della-pensione-per-sandro-de-col-grazie-per-limpegno-doc\/dalla-torre-carraro\/'><img loading=\"lazy\" decoding=\"async\" width=\"150\" height=\"150\" src=\"https:\/\/www.radiopiu.net\/wordpress\/wp-content\/uploads\/2022\/05\/Dalla-Torre-Carraro-150x150.jpeg\" class=\"attachment-thumbnail size-thumbnail\" alt=\"\" aria-describedby=\"gallery-2-278924\" \/><\/a>\n\t\t\t\t<\/dt>\n\t\t\t\t\t<dd class='wp-caption-text gallery-caption' id='gallery-2-278924'>\n\t\t\t\t\tDalla Torre  &#8211; Carraro\n\t\t\t\t\t<\/dd><\/dl><dl class='gallery-item'>\n\t\t\t\t<dt class='gallery-icon portrait'>\n\t\t\t\t\t<a class=\"rollover\" href='https:\/\/www.radiopiu.net\/wordpress\/il-giorno-della-pensione-per-sandro-de-col-grazie-per-limpegno-doc\/gioffredi\/'><img loading=\"lazy\" decoding=\"async\" width=\"150\" height=\"150\" src=\"https:\/\/www.radiopiu.net\/wordpress\/wp-content\/uploads\/2022\/05\/Gioffredi-150x150.jpeg\" class=\"attachment-thumbnail size-thumbnail\" alt=\"\" aria-describedby=\"gallery-2-278928\" \/><\/a>\n\t\t\t\t<\/dt>\n\t\t\t\t\t<dd class='wp-caption-text gallery-caption' id='gallery-2-278928'>\n\t\t\t\t\tGioffredi\n\t\t\t\t\t<\/dd><\/dl><dl class='gallery-item'>\n\t\t\t\t<dt class='gallery-icon landscape'>\n\t\t\t\t\t<a class=\"rollover\" href='https:\/\/www.radiopiu.net\/wordpress\/il-giorno-della-pensione-per-sandro-de-col-grazie-per-limpegno-doc\/dalla-torre\/'><img loading=\"lazy\" decoding=\"async\" width=\"150\" height=\"150\" src=\"https:\/\/www.radiopiu.net\/wordpress\/wp-content\/uploads\/2022\/05\/Dalla-Torre-150x150.jpeg\" class=\"attachment-thumbnail size-thumbnail\" alt=\"\" aria-describedby=\"gallery-2-278927\" \/><\/a>\n\t\t\t\t<\/dt>\n\t\t\t\t\t<dd class='wp-caption-text gallery-caption' id='gallery-2-278927'>\n\t\t\t\t\tDalla Torre\n\t\t\t\t\t<\/dd><\/dl><br style=\"clear: both\" \/><dl class='gallery-item'>\n\t\t\t\t<dt class='gallery-icon landscape'>\n\t\t\t\t\t<a class=\"rollover\" href='https:\/\/www.radiopiu.net\/wordpress\/il-giorno-della-pensione-per-sandro-de-col-grazie-per-limpegno-doc\/gioffredi-carraro\/'><img loading=\"lazy\" decoding=\"async\" width=\"150\" height=\"150\" src=\"https:\/\/www.radiopiu.net\/wordpress\/wp-content\/uploads\/2022\/05\/Gioffredi-carraro-150x150.jpeg\" class=\"attachment-thumbnail size-thumbnail\" alt=\"\" aria-describedby=\"gallery-2-278926\" \/><\/a>\n\t\t\t\t<\/dt>\n\t\t\t\t\t<dd class='wp-caption-text gallery-caption' id='gallery-2-278926'>\n\t\t\t\t\tGioffredi &#8211;  Carraro\n\t\t\t\t\t<\/dd><\/dl><dl class='gallery-item'>\n\t\t\t\t<dt class='gallery-icon landscape'>\n\t\t\t\t\t<a class=\"rollover\" href='https:\/\/www.radiopiu.net\/wordpress\/il-giorno-della-pensione-per-sandro-de-col-grazie-per-limpegno-doc\/carraro-de-col\/'><img loading=\"lazy\" decoding=\"async\" width=\"150\" height=\"150\" src=\"https:\/\/www.radiopiu.net\/wordpress\/wp-content\/uploads\/2022\/05\/Carraro-De-Col-150x150.jpeg\" class=\"attachment-thumbnail size-thumbnail\" alt=\"\" aria-describedby=\"gallery-2-278925\" \/><\/a>\n\t\t\t\t<\/dt>\n\t\t\t\t\t<dd class='wp-caption-text gallery-caption' id='gallery-2-278925'>\n\t\t\t\t\tCarraro &#8211; De Col\n\t\t\t\t\t<\/dd><\/dl><dl class='gallery-item'>\n\t\t\t\t<dt class='gallery-icon landscape'>\n\t\t\t\t\t<a class=\"rollover\" href='https:\/\/www.radiopiu.net\/wordpress\/il-giorno-della-pensione-per-sandro-de-col-grazie-per-limpegno-doc\/direzione-de-col\/'><img loading=\"lazy\" decoding=\"async\" width=\"150\" height=\"150\" src=\"https:\/\/www.radiopiu.net\/wordpress\/wp-content\/uploads\/2022\/05\/direzione-de-col-150x150.jpeg\" class=\"attachment-thumbnail size-thumbnail\" alt=\"\" aria-describedby=\"gallery-2-278931\" \/><\/a>\n\t\t\t\t<\/dt>\n\t\t\t\t\t<dd class='wp-caption-text gallery-caption' id='gallery-2-278931'>\n\t\t\t\t\tDirezione &#8211; De Col\n\t\t\t\t\t<\/dd><\/dl><br style=\"clear: both\" \/>\n\t\t\t<\/div>\n\n<p>&nbsp;<\/p>\n<p>&nbsp;<\/p>\n<hr \/>\n<p>&nbsp;<\/p>\n<blockquote>\n<h3>OGGI\u00a0 ALLE 11 L&#8217;INAUGURAZIONE DEL NUOVO PARCO<\/h3>\n<\/blockquote>\n<p>&nbsp;<\/p>\n<p><strong>ALLEGHE<\/strong><\/p>\n<p><strong>DI GIANNI SANTOMASO<\/strong><\/p>\n<audio class=\"wp-audio-shortcode\" id=\"audio-278777-1\" preload=\"none\" style=\"width: 100%;\" controls=\"controls\"><source type=\"audio\/mpeg\" src=\"https:\/\/www.radiopiu.net\/wordpress\/wp-content\/uploads\/2022\/05\/nuovo-parco-ad-alleghe-gianni.mp3?_=1\" \/><a href=\"https:\/\/www.radiopiu.net\/wordpress\/wp-content\/uploads\/2022\/05\/nuovo-parco-ad-alleghe-gianni.mp3\">https:\/\/www.radiopiu.net\/wordpress\/wp-content\/uploads\/2022\/05\/nuovo-parco-ad-alleghe-gianni.mp3<\/a><\/audio>\n<p>&nbsp;<\/p>\n\n\t\t\t<style type='text\/css'>\n\t\t\t\t#gallery-3 {\n\t\t\t\t\tmargin: auto;\n\t\t\t\t}\n\t\t\t\t#gallery-3 .gallery-item {\n\t\t\t\t\tfloat: left;\n\t\t\t\t\tmargin-top: 10px;\n\t\t\t\t\ttext-align: center;\n\t\t\t\t\twidth: 50%;\n\t\t\t\t}\n\t\t\t\t#gallery-3 img {\n\t\t\t\t\tborder: 2px solid #cfcfcf;\n\t\t\t\t}\n\t\t\t\t#gallery-3 .gallery-caption {\n\t\t\t\t\tmargin-left: 0;\n\t\t\t\t}\n\t\t\t\t\/* see gallery_shortcode() in wp-includes\/media.php *\/\n\t\t\t<\/style>\n\t\t<div id='gallery-3' class='dt-gallery-container gallery galleryid-278777 gallery-columns-2 gallery-size-thumbnail'><dl class='gallery-item'>\n\t\t\t\t<dt class='gallery-icon landscape'>\n\t\t\t\t\t<a class=\"rollover rollover-zoom dt-pswp-item\" title=\"27ba5c9d-0cf1-43f0-942f-ec870f84b22c\" data-dt-img-description=\"\" data-large_image_width=\"1984\" data-large_image_height=\"1488\"href='https:\/\/www.radiopiu.net\/wordpress\/wp-content\/uploads\/2022\/05\/27ba5c9d-0cf1-43f0-942f-ec870f84b22c.jpg'><img loading=\"lazy\" decoding=\"async\" width=\"150\" height=\"150\" src=\"https:\/\/www.radiopiu.net\/wordpress\/wp-content\/uploads\/2022\/05\/27ba5c9d-0cf1-43f0-942f-ec870f84b22c-150x150.jpg\" class=\"attachment-thumbnail size-thumbnail\" alt=\"\" \/><\/a>\n\t\t\t\t<\/dt><\/dl><dl class='gallery-item'>\n\t\t\t\t<dt class='gallery-icon landscape'>\n\t\t\t\t\t<a class=\"rollover rollover-zoom dt-pswp-item\" title=\"29641535-b44e-484d-8fd7-ea79ab7ef1f2\" data-dt-img-description=\"\" data-large_image_width=\"2000\" data-large_image_height=\"1500\"href='https:\/\/www.radiopiu.net\/wordpress\/wp-content\/uploads\/2022\/05\/29641535-b44e-484d-8fd7-ea79ab7ef1f2.jpg'><img loading=\"lazy\" decoding=\"async\" width=\"150\" height=\"150\" src=\"https:\/\/www.radiopiu.net\/wordpress\/wp-content\/uploads\/2022\/05\/29641535-b44e-484d-8fd7-ea79ab7ef1f2-150x150.jpg\" class=\"attachment-thumbnail size-thumbnail\" alt=\"\" \/><\/a>\n\t\t\t\t<\/dt><\/dl><br style=\"clear: both\" \/>\n\t\t\t<\/div>\n\n<p>&nbsp;<\/p>\n<p>&nbsp;<\/p>\n<p>&nbsp;<\/p>\n<hr \/>\n<blockquote>\n<h3><\/h3>\n<h3>\u200bDA VILLA SAN FRANCESCO I MATTONI PER PUTIN E ZELENSKY<\/h3>\n<\/blockquote>\n<p><strong>\u00a0<\/strong><\/p>\n<p><strong><a class=\"dt-pswp-item\" href=\"https:\/\/www.radiopiu.net\/wordpress\/wp-content\/uploads\/2022\/06\/a567283b2d45288146774dd2784a0b2a2a48f12eb141826320f91d17841f5cfa.jpg\" data-dt-img-description=\"\" data-large_image_width=\"555\" data-large_image_height=\"416\"><img loading=\"lazy\" decoding=\"async\" class=\" wp-image-279020 alignleft\" src=\"https:\/\/www.radiopiu.net\/wordpress\/wp-content\/uploads\/2022\/06\/a567283b2d45288146774dd2784a0b2a2a48f12eb141826320f91d17841f5cfa-150x150.jpg\" alt=\"\" width=\"122\" height=\"122\" \/><\/a>FELTRE<\/strong> I ragazzi della Cooperativa Arcobaleno hanno\u00a0 mandato\u00a0 un segnale ai due\u00a0 protagonisti della guerra affinch\u00e9 facciano tacere le armi ricorrendo alla diplomazia. Alle 12 del 30 maggio \u00e8 stato avviato per via Diplomatica l\u2019inoltro delle 2 valigette contenenti il Mattone del mondo con le terre di tutti 199 Paesi e la petizione firmata volta alla pace.\u00a0 Alla presidente del Parlamento europeo \u00a0\u00e8 stata spedita la pagnotta fatta da Amministratori del Comune di Siderno con l\u2019iniziativa \u201cA Natale solo pane\u201d, anche a memoria del presidente David Sassoli.<\/p>\n<p>&nbsp;<\/p>\n<hr \/>\n<p>&nbsp;<\/p>\n<blockquote>\n<h3>LA NUOVA BIBLIOTECA SCOLASTICA CON L&#8217;AFFRESCO DI DUNIO PICCOLIN<\/h3>\n<\/blockquote>\n<p><strong><a class=\"dt-pswp-item\" href=\"https:\/\/www.radiopiu.net\/wordpress\/wp-content\/uploads\/2022\/05\/Biblioteca_scolastica_1.jpg\" data-dt-img-description=\"\" data-large_image_width=\"2108\" data-large_image_height=\"1581\"><img loading=\"lazy\" decoding=\"async\" class=\"wp-image-278864 size-medium alignleft\" src=\"https:\/\/www.radiopiu.net\/wordpress\/wp-content\/uploads\/2022\/05\/Biblioteca_scolastica_1-300x225.jpg\" alt=\"\" width=\"300\" height=\"225\" srcset=\"https:\/\/www.radiopiu.net\/wordpress\/wp-content\/uploads\/2022\/05\/Biblioteca_scolastica_1-300x225.jpg 300w, https:\/\/www.radiopiu.net\/wordpress\/wp-content\/uploads\/2022\/05\/Biblioteca_scolastica_1-1024x768.jpg 1024w, https:\/\/www.radiopiu.net\/wordpress\/wp-content\/uploads\/2022\/05\/Biblioteca_scolastica_1-768x576.jpg 768w, https:\/\/www.radiopiu.net\/wordpress\/wp-content\/uploads\/2022\/05\/Biblioteca_scolastica_1-1536x1152.jpg 1536w, https:\/\/www.radiopiu.net\/wordpress\/wp-content\/uploads\/2022\/05\/Biblioteca_scolastica_1-2048x1536.jpg 2048w\" sizes=\"auto, (max-width: 300px) 100vw, 300px\" \/><\/a>PONTE NELLE ALPI<\/strong> E&#8217; stata inaugurata la rinnovata Biblioteca scolastica delle medie \u201cSandro Pertini\u201d. Un affresco dedicato al poeta Dante Alighieri accoglie ora gli utenti e amanti della lettura, sono stati gli stessi alunni dell\u2019Istituto, sotto la guida del professor Federico Palazzin e dell\u2019artista Dunio Piccolin, a creare l\u2019opera che racconta la Divina Commedia. Nella rinnovata Biblioteca scolastica di Ponte nelle Alpi trovano spazio pure alcuni strumenti. In questo modo gli interni possono diventare luoghi di iniziative e manifestazioni, in particolare per l\u2019indirizzo musicale che tanto successo di iscrizioni sta registrando. Oltre a studenti e genitori, all&#8217;inaugurazione erano presenti i professori interessati al progetto, la dirigente scolastica Orietta Isotton, il sindaco Paolo Vendramini, la vice presidente della Provincia Lucia Da Rold e la consigliera delegata Sabrina Dassi\u00e8. Sono intervenuti, inoltre, gli artisti Vico Calabr\u00f2 e Dunio Piccolin.<\/p>\n<p>&nbsp;<\/p>\n<hr \/>\n<p>&nbsp;<\/p>\n<div class=\"page-title-head hgroup\">\n<blockquote>\n<h2 class=\"entry-title\">ULSS1 E VOLONTARI AMBULANZA, RINNOVATA LA CONVENZIONE<\/h2>\n<\/blockquote>\n<\/div>\n<div class=\"page-title-breadcrumbs\">\n<p><strong>BELLUNO<\/strong> Firmate le convenzioni con le Associazioni di Volontariato e la Croce Rossa Italiana per il trasporto in ambulanza di pazienti. Gli enti ed associazioni di volontariato cui \u00e8 stato affidato il servizio sono 14 e coprono territorialmente tutta la provincia: Soccorso Ambulanze Donatori Sangue Forno di Zoldo, SEAS Comelico Soccorso e aiuto sociale,\u00a0 Croce Bianca Colle Santa Lucia,\u00a0 EVA Alpago (Emergenza Volontari Ambulanza),<br \/>\nCroce Bianca Livinallongo Arabba, Croce Bianca Val Fiorentina, Croce Verde Val Biois, Croce Verde Val di Zoldo, Croce Rossa Italiana Feltre, Croce Rossa Italiana Belluno, Vol.A Volontari Ambulanza, Val Belluna Emergenza,\u00a0 Associazione Volontari Ambulanza Rocca Pietore, Croce Verde Alleghe. Le Croci hanno espresso una previsione di costi, inerenti il servizio offerto, che verranno periodicamente rimborsati, secondo un modello previsto con normativa regionale. La convenzione firmata oggi ha una durata triennale, con una spesa annuale pari a circa 1,5 milioni di euro e prevede, al termine di ogni anno, una revisione delle condizioni operative e della spesa sulla base del servizio richiesto.<\/p>\n\n\t\t\t<style type='text\/css'>\n\t\t\t\t#gallery-4 {\n\t\t\t\t\tmargin: auto;\n\t\t\t\t}\n\t\t\t\t#gallery-4 .gallery-item {\n\t\t\t\t\tfloat: left;\n\t\t\t\t\tmargin-top: 10px;\n\t\t\t\t\ttext-align: center;\n\t\t\t\t\twidth: 33%;\n\t\t\t\t}\n\t\t\t\t#gallery-4 img {\n\t\t\t\t\tborder: 2px solid #cfcfcf;\n\t\t\t\t}\n\t\t\t\t#gallery-4 .gallery-caption {\n\t\t\t\t\tmargin-left: 0;\n\t\t\t\t}\n\t\t\t\t\/* see gallery_shortcode() in wp-includes\/media.php *\/\n\t\t\t<\/style>\n\t\t<div id='gallery-4' class='dt-gallery-container gallery galleryid-278777 gallery-columns-3 gallery-size-thumbnail'><dl class='gallery-item'>\n\t\t\t\t<dt class='gallery-icon landscape'>\n\t\t\t\t\t<a class=\"rollover rollover-zoom dt-pswp-item\" title=\"WhatsApp Image 2022-05-31 at 13.41.43\" data-dt-img-description=\"\" data-large_image_width=\"2000\" data-large_image_height=\"1500\"href='https:\/\/www.radiopiu.net\/wordpress\/wp-content\/uploads\/2022\/05\/WhatsApp-Image-2022-05-31-at-13.41.43.jpeg'><img loading=\"lazy\" decoding=\"async\" width=\"150\" height=\"150\" src=\"https:\/\/www.radiopiu.net\/wordpress\/wp-content\/uploads\/2022\/05\/WhatsApp-Image-2022-05-31-at-13.41.43-150x150.jpeg\" class=\"attachment-thumbnail size-thumbnail\" alt=\"\" \/><\/a>\n\t\t\t\t<\/dt><\/dl><dl class='gallery-item'>\n\t\t\t\t<dt class='gallery-icon landscape'>\n\t\t\t\t\t<a class=\"rollover rollover-zoom dt-pswp-item\" title=\"WhatsApp Image 2022-05-31 at 13.40.58\" data-dt-img-description=\"\" data-large_image_width=\"2000\" data-large_image_height=\"1500\"href='https:\/\/www.radiopiu.net\/wordpress\/wp-content\/uploads\/2022\/05\/WhatsApp-Image-2022-05-31-at-13.40.58.jpeg'><img loading=\"lazy\" decoding=\"async\" width=\"150\" height=\"150\" src=\"https:\/\/www.radiopiu.net\/wordpress\/wp-content\/uploads\/2022\/05\/WhatsApp-Image-2022-05-31-at-13.40.58-150x150.jpeg\" class=\"attachment-thumbnail size-thumbnail\" alt=\"\" \/><\/a>\n\t\t\t\t<\/dt><\/dl><dl class='gallery-item'>\n\t\t\t\t<dt class='gallery-icon landscape'>\n\t\t\t\t\t<a class=\"rollover rollover-zoom dt-pswp-item\" title=\"WhatsApp Image 2022-05-31 at 13.41.15\" data-dt-img-description=\"\" data-large_image_width=\"2000\" data-large_image_height=\"1500\"href='https:\/\/www.radiopiu.net\/wordpress\/wp-content\/uploads\/2022\/05\/WhatsApp-Image-2022-05-31-at-13.41.15.jpeg'><img loading=\"lazy\" decoding=\"async\" width=\"150\" height=\"150\" src=\"https:\/\/www.radiopiu.net\/wordpress\/wp-content\/uploads\/2022\/05\/WhatsApp-Image-2022-05-31-at-13.41.15-150x150.jpeg\" class=\"attachment-thumbnail size-thumbnail\" alt=\"\" \/><\/a>\n\t\t\t\t<\/dt><\/dl><br style=\"clear: both\" \/>\n\t\t\t<\/div>\n\n<blockquote><p><em>\u00ab\u00e8 aumentato l\u2019investimento per il servizio di emergenza alle Croci (quasi 800 mila euro in pi\u00f9) per la gestione delle attivit\u00e0 in un territorio vasto e caratterizzato da vallate &#8211; , commenta Maria Grazia Carraro Direttore Generale di Ulss1 Maria Grazia Cararo &#8211;\u00a0 Il connubio tra Azienda e Associazioni \u00e8 volto a garantire il servizio per i residenti e i turisti. <\/em><em>Auspico che sempre pi\u00f9 persone possano appassionarsi di questa attivit\u00e0 e \u201carruolarsi\u201d in questo tipo di volontariato attivo, dinamico, competente e generoso che ci consente di offrire un servizio di prossimit\u00e0 qualificato in tutto il territorio\u00bb<\/em><\/p><\/blockquote>\n<p>&nbsp;<\/p>\n<hr \/>\n<p>&nbsp;<\/p>\n<blockquote>\n<h3>DOMANI LE CERIMONIE PER IL 76\u00b0 ANNIVERSARIO DELLA FESTA DELLA REPUBBLICA<\/h3>\n<\/blockquote>\n<p><strong><a class=\"dt-pswp-item\" href=\"https:\/\/www.radiopiu.net\/wordpress\/wp-content\/uploads\/2020\/04\/PREFETTURA-BELLUNO.jpeg\" data-dt-img-description=\"\" data-large_image_width=\"384\" data-large_image_height=\"384\"><img loading=\"lazy\" decoding=\"async\" class=\"size-thumbnail wp-image-133575 alignleft\" src=\"https:\/\/www.radiopiu.net\/wordpress\/wp-content\/uploads\/2020\/04\/PREFETTURA-BELLUNO-150x150.jpeg\" alt=\"\" width=\"150\" height=\"150\" srcset=\"https:\/\/www.radiopiu.net\/wordpress\/wp-content\/uploads\/2020\/04\/PREFETTURA-BELLUNO-150x150.jpeg 150w, https:\/\/www.radiopiu.net\/wordpress\/wp-content\/uploads\/2020\/04\/PREFETTURA-BELLUNO-300x300.jpeg 300w, https:\/\/www.radiopiu.net\/wordpress\/wp-content\/uploads\/2020\/04\/PREFETTURA-BELLUNO.jpeg 384w\" sizes=\"auto, (max-width: 150px) 100vw, 150px\" \/><\/a>BELLUNO <\/strong>Al fine di dare il giusto rilievo all\u2019importante ricorrenza, domani 2 giugno, alle 11, in Piazza Vittorio Emanuele verranno resi gli onori al Prefetto da parte di un Picchetto d\u2019Onore Interforze e alle 11.15 in Piazza dei Martiri si terr\u00e0 la cerimonia dell\u2019alzabandiera sulle note dell\u2019inno d\u2019Italia cui seguir\u00e0 la lettura da parte del Prefetto, Mariano Savastano, del messaggio originale inviato per l\u2019occasione dal Presidente della Repubblica ai Prefetti e, per loro tramite, \u00a0agli amministratori locali. Dalle 9 alle 12 in Piazza Duomo sar\u00e0 allestita un\u2019esposizione di veicoli in dotazione all\u2019Esercito, \u00a0 Carabinieri, Guardia di Finanza, Polizia di Stato, Polizia Penitenziaria, Vigili del Fuoco e Polizia Locale. Come da tradizione, sin dalle prime ore del mattino ed al fine di coinvolgere la cittadinanza nell\u2019importante ricorrenza, sar\u00e0 issato il tricolore lungo la torre dell\u2019orologio di Palazzo dei Rettori, grazie alla Squadra Speleoalpino Fluviale del Comando Provinciale dei Vigili del Fuoco. La Festa della Repubblica sar\u00e0 anche l\u2019occasione per consegnare, alle 17 a Palazzo dei Rettori, \u00a0le onorificenze dell\u2019Ordine \u201cAl Merito della Repubblica Italiana\u201d, le \u201cMedaglie d\u2019Onore\u201d e le \u201cStelle al Merito del Lavoro\u201d agli insigniti.<\/p>\n<p><strong>LE MEDAGLIE D&#8217;ONORE<\/strong><\/p>\n<a href=\"https:\/\/www.radiopiu.net\/wordpress\/wp-content\/uploads\/2022\/05\/Elenco-insigniti-2022-OMRI-e-Medaglie-stampa.pdf\" class=\"pdfemb-viewer\" style=\"\" data-width=\"max\" data-height=\"max\" data-toolbar=\"top\" data-toolbar-fixed=\"on\">Elenco insigniti 2022 OMRI e Medaglie stampa<\/a>\n<p>&nbsp;<\/p>\n<p><strong>LE STELLE AL MERITO<\/strong><\/p>\n<a href=\"https:\/\/www.radiopiu.net\/wordpress\/wp-content\/uploads\/2022\/05\/Elenco-insigniti-stelle-stampa.pdf\" class=\"pdfemb-viewer\" style=\"\" data-width=\"max\" data-height=\"max\" data-toolbar=\"top\" data-toolbar-fixed=\"on\">Elenco insigniti stelle stampa<\/a>\n<p>&nbsp;<\/p>\n<hr \/>\n<p>&nbsp;<\/p>\n<blockquote>\n<h3>PULIZIA ALVEI DALLA VEGETAZIONE. BOTTACIN: \u201cINTERVENTI PREZIOSI PER LA SICUREZZA IDRAULICA\u201d<\/h3>\n<\/blockquote>\n<\/div>\n<p><strong><a class=\"dt-pswp-item\" href=\"https:\/\/www.radiopiu.net\/wordpress\/wp-content\/uploads\/2022\/05\/pulizia-alvei-belluno-scaled.jpg\" data-dt-img-description=\"\" data-large_image_width=\"2560\" data-large_image_height=\"1920\"><img loading=\"lazy\" decoding=\"async\" class=\"size-thumbnail wp-image-278918 alignleft\" src=\"https:\/\/www.radiopiu.net\/wordpress\/wp-content\/uploads\/2022\/05\/pulizia-alvei-belluno-150x150.jpg\" alt=\"\" width=\"150\" height=\"150\" \/><\/a>VENEZIA<\/strong> Prosegue il lavoro delle squadre di operai forestali della Regione del Veneto nella manutenzione dei torrenti mediante il taglio e la pulizia degli alvei dalla vegetazione arborea. Si tratta di interventi che vengono previsti all\u2019interno dei progetti predisposti dai Servizi Forestali ed eseguiti a partire dalla primavera, con cadenza periodica, sui principali corsi idrici della provincia. <em>\u201cE\u2019 un lavoro poco appariscente ma fondamentale per la prevenzione dei dissesti \u2013 dice l\u2019assessore Gianpaolo Bottacin &#8211; in quanto, in caso di piogge intense, evita la formazione di sbarramenti temporanei e conseguenti pulsioni di piena che amplificano i volumi di acqua che defluisce negli alvei, con danni maggiori\u201d. <\/em>Nel corso di questa primavera, per quanto riguarda il<strong> capoluogo Belluno,<\/strong> sono stati gi\u00e0 eseguiti interventi sui torrenti Ardo, Meassa a Levego-Sagrogna, Medon e rio Bortot; in fase di <a class=\"dt-pswp-item\" href=\"https:\/\/www.radiopiu.net\/wordpress\/wp-content\/uploads\/2022\/05\/Bottacin-Ardo-scaled.jpg\" data-dt-img-description=\"\" data-large_image_width=\"2560\" data-large_image_height=\"1920\"><img loading=\"lazy\" decoding=\"async\" class=\"size-thumbnail wp-image-278917 alignright\" src=\"https:\/\/www.radiopiu.net\/wordpress\/wp-content\/uploads\/2022\/05\/Bottacin-Ardo-150x150.jpg\" alt=\"\" width=\"150\" height=\"150\" \/><\/a>completamento del rio de le Moneghe e, a seguire, gli altri interventi sui rii val di Mussoi, Siva, Saliete, oltre agli affluenti di destra del Piave in zona via Vittorio Veneto (Cusighe, val di Busalunga, Venghe, Valcruda). <strong>In comune di Ponte nelle Alpi<\/strong> sono stati ripuliti rio Secco e rio Salere, mentre a breve verranno interessati gli impluvi dell&#8217;Oltrerai (val San Piero, Pelesin, Piazza).<strong> In Cadore<\/strong> conclusi i lavori a rio Borbe a Lorenzago, Saceido a Domegge, ru Secco tra Valle e Pieve, Molin\u00e0 a Calalzo; in programmazione Acquabona, val di Roda, val Largia e Piova a Vigo, Val di San Vito, val di Banche, Vaccia Palombis, val de le None ad Auronzo; rii di Tamarin e da <a class=\"dt-pswp-item\" href=\"https:\/\/www.radiopiu.net\/wordpress\/wp-content\/uploads\/2022\/05\/pulizia-alvei-belluno1-scaled.jpg\" data-dt-img-description=\"\" data-large_image_width=\"2560\" data-large_image_height=\"1920\"><img loading=\"lazy\" decoding=\"async\" class=\"size-thumbnail wp-image-278916 alignleft\" src=\"https:\/\/www.radiopiu.net\/wordpress\/wp-content\/uploads\/2022\/05\/pulizia-alvei-belluno1-150x150.jpg\" alt=\"\" width=\"150\" height=\"150\" \/><\/a>Campo a Cortina; rio Rubina, Ciauzia e Orsolina a San Vito di Cadore.\u00a0<strong>Feltrino<\/strong> conclusi i rii Morol a Callibago di Santa Giustina e Rumarna a Paderno di San Gregorio; in corso la pulizia del torrente Calcino e del suo rio minore a Fener di Alano di Piave; del torrente Tegorzo a monte di Schievenin a Quero Vas; del torrente Stizzon in localit\u00e0 ponte Avien a Seren del Grappa e dell\u2019affluente del torrente Viera a Pez di Cesiomaggiore. A Nate di Trichiana il torrente Tarancana. <strong>Agordino<\/strong> gi\u00e0 eseguita la pulizia del torrente Bordina e in partenza quella del Cassolana a La Valle Agordina, mentre a Gosaldo sono stati completati i lavori sul rio Laonei e sono in procinto di esecuzione quelli a Tiser in val Paganina.<\/p>\n<p>&nbsp;<\/p>\n<p>&nbsp;<\/p>\n<hr \/>\n<p>&nbsp;<\/p>\n<blockquote>\n<h3>PASSAGGIO DI TESTIMONE ALLA COOPERATIVA DI CANALE D&#8217;AGORDO. DEBORA E LUANA PRONTE PER UNA NUOVA ESPERIENZA<\/h3>\n<\/blockquote>\n<p><strong><a class=\"dt-pswp-item\" href=\"https:\/\/www.radiopiu.net\/wordpress\/wp-content\/uploads\/2022\/05\/9b4127af-e2a8-4794-a105-674e291570f1.jpg\" data-dt-img-description=\"\" data-large_image_width=\"1024\" data-large_image_height=\"768\"><img loading=\"lazy\" decoding=\"async\" class=\"size-thumbnail wp-image-278990 alignleft\" src=\"https:\/\/www.radiopiu.net\/wordpress\/wp-content\/uploads\/2022\/05\/9b4127af-e2a8-4794-a105-674e291570f1-150x150.jpg\" alt=\"\" width=\"150\" height=\"150\" \/><\/a>CANALE D&#8217;AGORDO<\/strong><\/p>\n<p>di Gianni Santomaso<\/p>\n<audio class=\"wp-audio-shortcode\" id=\"audio-278777-2\" preload=\"none\" style=\"width: 100%;\" controls=\"controls\"><source type=\"audio\/mpeg\" src=\"https:\/\/www.radiopiu.net\/wordpress\/wp-content\/uploads\/2022\/05\/GIANNI-COOPERATIVA-CANALE.mp3?_=2\" \/><a href=\"https:\/\/www.radiopiu.net\/wordpress\/wp-content\/uploads\/2022\/05\/GIANNI-COOPERATIVA-CANALE.mp3\">https:\/\/www.radiopiu.net\/wordpress\/wp-content\/uploads\/2022\/05\/GIANNI-COOPERATIVA-CANALE.mp3<\/a><\/audio>\n<p>&nbsp;<\/p>\n<hr \/>\n<p>&nbsp;<\/p>\n<blockquote>\n<h3>L&#8217;INAIL AL FOLLADOR PER PARLARE DI SICUREZZA<\/h3>\n<\/blockquote>\n<p><strong>AGORDO<\/strong> Prosegue\u00a0 ad Agordo il ciclo di appuntamenti con gli studenti delle ultime classi degli istituti superiori del Veneto per la sensibilizzazione sulla prevenzione degli incidenti stradali. La sede di Belluno dell&#8217;Inail, in collaborazione con i vigili del fuoco, ha organizzato all&#8217;Istituto Follador-De Rossi un incontro per approfondire il tema dei rischi della strada ed incentivare ad una guida sicura. Il programma della mattinata prevede: l&#8217;apertura dei lavori del direttore della sede territoriale Inail di Treviso e Belluno, Paola Durastante, ideatrice del progetto; un confronto tra i giovani neopatentati o in procinto di prendere la patente e i vigili del fuoco con Salvatore Turria della direzione interregionale Vvff per capire meglio le dinamiche pi\u00f9 frequenti degli incidenti stradali; un intervento di un istruttore qualificato, Fabio Vivian, che individuer\u00e0 i pericoli della strada e le tecniche per una guida consapevole; infine sar\u00e0 presente un infortunato sul lavoro, Luca Palla, assistito Inail, che racconter\u00e0 la sua esperienza in merito all&#8217;infortunio, la forza messa in campo per la riabilitazione e il ritorno alla vita familiare, sociale e lavorativa.<\/p>\n<p>&nbsp;<\/p>\n<p>&nbsp;<\/p>\n<hr \/>\n<p>&nbsp;<\/p>\n<blockquote class=\"wp-embedded-content\" data-secret=\"qXiBkcx0aF\"><p><a href=\"https:\/\/www.radiopiu.net\/wordpress\/aggnazionalemaggio31\/\">CORONAVIRUS: AGGIORNAMENTO NAZIONALE 31 MAGGIO 2022<\/a><\/p><\/blockquote>\n<p><iframe loading=\"lazy\" class=\"wp-embedded-content\" sandbox=\"allow-scripts\" security=\"restricted\" style=\"position: absolute; clip: rect(1px, 1px, 1px, 1px);\" title=\"&#8220;CORONAVIRUS: AGGIORNAMENTO NAZIONALE 31 MAGGIO 2022&#8221; &#8212; Radio Pi\u00f9\" src=\"https:\/\/www.radiopiu.net\/wordpress\/aggnazionalemaggio31\/embed\/#?secret=PS5MRz0POF#?secret=qXiBkcx0aF\" data-secret=\"qXiBkcx0aF\" width=\"600\" height=\"338\" frameborder=\"0\" marginwidth=\"0\" marginheight=\"0\" scrolling=\"no\"><\/iframe><\/p>\n<p>&nbsp;<\/p>\n<blockquote class=\"wp-embedded-content\" data-secret=\"fygJbf0TnF\"><p><a href=\"https:\/\/www.radiopiu.net\/wordpress\/aggazzeromaggio31\/\">A BELLUNO 2 PAZIENTI IN MENO IN OSPEDALE, A FELTRE RIAPRE LA TERAPIA INTENSIVA COVID, IERI 5 DECESSI IN VENETO<\/a><\/p><\/blockquote>\n<p><iframe loading=\"lazy\" class=\"wp-embedded-content\" sandbox=\"allow-scripts\" security=\"restricted\" style=\"position: absolute; clip: rect(1px, 1px, 1px, 1px);\" title=\"&#8220;A BELLUNO 2 PAZIENTI IN MENO IN OSPEDALE, A FELTRE RIAPRE LA TERAPIA INTENSIVA COVID, IERI 5 DECESSI IN VENETO&#8221; &#8212; Radio Pi\u00f9\" src=\"https:\/\/www.radiopiu.net\/wordpress\/aggazzeromaggio31\/embed\/#?secret=7zT52qrgsS#?secret=fygJbf0TnF\" data-secret=\"fygJbf0TnF\" width=\"600\" height=\"338\" frameborder=\"0\" marginwidth=\"0\" marginheight=\"0\" scrolling=\"no\"><\/iframe><\/p>\n<p>&nbsp;<\/p>\n<h2 dir=\"auto\">I GRAFICI DI TIZIANO DE COL<\/h2>\n\n\t\t\t<style type='text\/css'>\n\t\t\t\t#gallery-5 {\n\t\t\t\t\tmargin: auto;\n\t\t\t\t}\n\t\t\t\t#gallery-5 .gallery-item {\n\t\t\t\t\tfloat: left;\n\t\t\t\t\tmargin-top: 10px;\n\t\t\t\t\ttext-align: center;\n\t\t\t\t\twidth: 33%;\n\t\t\t\t}\n\t\t\t\t#gallery-5 img {\n\t\t\t\t\tborder: 2px solid #cfcfcf;\n\t\t\t\t}\n\t\t\t\t#gallery-5 .gallery-caption {\n\t\t\t\t\tmargin-left: 0;\n\t\t\t\t}\n\t\t\t\t\/* see gallery_shortcode() in wp-includes\/media.php *\/\n\t\t\t<\/style>\n\t\t<div id='gallery-5' class='dt-gallery-container gallery galleryid-278777 gallery-columns-3 gallery-size-thumbnail'><dl class='gallery-item'>\n\t\t\t\t<dt class='gallery-icon landscape'>\n\t\t\t\t\t<a class=\"rollover rollover-zoom dt-pswp-item\" title=\"576e2a81-74e0-4eee-a400-25151cfe0cfe\" data-dt-img-description=\"\" data-large_image_width=\"610\" data-large_image_height=\"365\"href='https:\/\/www.radiopiu.net\/wordpress\/wp-content\/uploads\/2022\/05\/576e2a81-74e0-4eee-a400-25151cfe0cfe.jpg'><img loading=\"lazy\" decoding=\"async\" width=\"150\" height=\"150\" src=\"https:\/\/www.radiopiu.net\/wordpress\/wp-content\/uploads\/2022\/05\/576e2a81-74e0-4eee-a400-25151cfe0cfe-150x150.jpg\" class=\"attachment-thumbnail size-thumbnail\" alt=\"\" \/><\/a>\n\t\t\t\t<\/dt><\/dl><dl class='gallery-item'>\n\t\t\t\t<dt class='gallery-icon landscape'>\n\t\t\t\t\t<a class=\"rollover rollover-zoom dt-pswp-item\" title=\"5c4dac03-5843-40db-9ad3-349f0694e56a\" data-dt-img-description=\"\" data-large_image_width=\"610\" data-large_image_height=\"362\"href='https:\/\/www.radiopiu.net\/wordpress\/wp-content\/uploads\/2022\/05\/5c4dac03-5843-40db-9ad3-349f0694e56a.jpg'><img loading=\"lazy\" decoding=\"async\" width=\"150\" height=\"150\" src=\"https:\/\/www.radiopiu.net\/wordpress\/wp-content\/uploads\/2022\/05\/5c4dac03-5843-40db-9ad3-349f0694e56a-150x150.jpg\" class=\"attachment-thumbnail size-thumbnail\" alt=\"\" \/><\/a>\n\t\t\t\t<\/dt><\/dl><dl class='gallery-item'>\n\t\t\t\t<dt class='gallery-icon landscape'>\n\t\t\t\t\t<a class=\"rollover rollover-zoom dt-pswp-item\" title=\"c71e65da-997e-43f7-a633-855ad17d35df\" data-dt-img-description=\"\" data-large_image_width=\"600\" data-large_image_height=\"369\"href='https:\/\/www.radiopiu.net\/wordpress\/wp-content\/uploads\/2022\/05\/c71e65da-997e-43f7-a633-855ad17d35df.jpg'><img loading=\"lazy\" decoding=\"async\" width=\"150\" height=\"150\" src=\"https:\/\/www.radiopiu.net\/wordpress\/wp-content\/uploads\/2022\/05\/c71e65da-997e-43f7-a633-855ad17d35df-150x150.jpg\" class=\"attachment-thumbnail size-thumbnail\" alt=\"\" \/><\/a>\n\t\t\t\t<\/dt><\/dl><br style=\"clear: both\" \/><dl class='gallery-item'>\n\t\t\t\t<dt class='gallery-icon landscape'>\n\t\t\t\t\t<a class=\"rollover rollover-zoom dt-pswp-item\" title=\"7b4403a0-286e-469f-9505-c1c3cd9c4805\" data-dt-img-description=\"\" data-large_image_width=\"604\" data-large_image_height=\"357\"href='https:\/\/www.radiopiu.net\/wordpress\/wp-content\/uploads\/2022\/05\/7b4403a0-286e-469f-9505-c1c3cd9c4805.jpg'><img loading=\"lazy\" decoding=\"async\" width=\"150\" height=\"150\" src=\"https:\/\/www.radiopiu.net\/wordpress\/wp-content\/uploads\/2022\/05\/7b4403a0-286e-469f-9505-c1c3cd9c4805-150x150.jpg\" class=\"attachment-thumbnail size-thumbnail\" alt=\"\" \/><\/a>\n\t\t\t\t<\/dt><\/dl><dl class='gallery-item'>\n\t\t\t\t<dt class='gallery-icon landscape'>\n\t\t\t\t\t<a class=\"rollover rollover-zoom dt-pswp-item\" title=\"eb887772-db79-46c5-8bdb-bd12301c1dda\" data-dt-img-description=\"\" data-large_image_width=\"589\" data-large_image_height=\"355\"href='https:\/\/www.radiopiu.net\/wordpress\/wp-content\/uploads\/2022\/05\/eb887772-db79-46c5-8bdb-bd12301c1dda.jpg'><img loading=\"lazy\" decoding=\"async\" width=\"150\" height=\"150\" src=\"https:\/\/www.radiopiu.net\/wordpress\/wp-content\/uploads\/2022\/05\/eb887772-db79-46c5-8bdb-bd12301c1dda-150x150.jpg\" class=\"attachment-thumbnail size-thumbnail\" alt=\"\" \/><\/a>\n\t\t\t\t<\/dt><\/dl><dl class='gallery-item'>\n\t\t\t\t<dt class='gallery-icon landscape'>\n\t\t\t\t\t<a class=\"rollover rollover-zoom dt-pswp-item\" title=\"b11d3933-1d09-4334-bfd6-5c40fe39be8a\" data-dt-img-description=\"\" data-large_image_width=\"600\" data-large_image_height=\"363\"href='https:\/\/www.radiopiu.net\/wordpress\/wp-content\/uploads\/2022\/05\/b11d3933-1d09-4334-bfd6-5c40fe39be8a.jpg'><img loading=\"lazy\" decoding=\"async\" width=\"150\" height=\"150\" src=\"https:\/\/www.radiopiu.net\/wordpress\/wp-content\/uploads\/2022\/05\/b11d3933-1d09-4334-bfd6-5c40fe39be8a-150x150.jpg\" class=\"attachment-thumbnail size-thumbnail\" alt=\"\" \/><\/a>\n\t\t\t\t<\/dt><\/dl><br style=\"clear: both\" \/>\n\t\t\t<\/div>\n\n<p>&nbsp;<\/p>\n<p>&nbsp;<\/p>\n<hr \/>\n<p>&nbsp;<\/p>\n<blockquote>\n<h2>L&#8217;INIZIATIVA PER RICORDARE FEDERICO LUGATO <strong>\u00a0\u00a0<\/strong><\/h2>\n<\/blockquote>\n<p><strong><a class=\"dt-pswp-item\" href=\"https:\/\/www.radiopiu.net\/wordpress\/wp-content\/uploads\/2022\/05\/sfanta.jpg\" data-dt-img-description=\"\" data-large_image_width=\"311\" data-large_image_height=\"165\"><img loading=\"lazy\" decoding=\"async\" class=\"wp-image-278880 alignleft\" src=\"https:\/\/www.radiopiu.net\/wordpress\/wp-content\/uploads\/2022\/05\/sfanta-300x159.jpg\" alt=\"\" width=\"253\" height=\"134\" srcset=\"https:\/\/www.radiopiu.net\/wordpress\/wp-content\/uploads\/2022\/05\/sfanta-300x159.jpg 300w, https:\/\/www.radiopiu.net\/wordpress\/wp-content\/uploads\/2022\/05\/sfanta.jpg 311w\" sizes=\"auto, (max-width: 253px) 100vw, 253px\" \/><\/a>REDAZIONE \u00a0<\/strong>Sfant\u00e0 \u00e8 anche sul web, con il sito www.sfanta.it. L\u2019associazione senza scopo di lucro \u00e8 stata costituita alcuni mesi fa dalle amiche e dagli amici di Federico Lugato, il 39enne di Trivignano (Venezia), residente a Milano, trovato senza vita il 13 settembre 2021 in Val di Zoldo dopo 19 giorni di ricerche.<br \/>\nL\u2019associazione nasce grazie a una parte delle donazioni della campagna #TroviamoFederico* e alla volont\u00e0 della famiglia, di amiche e amici. Promuove la sicurezza nelle attivit\u00e0 ed all\u2019aperto, in particolare le escursioni in montagna. Supporta la ricerca di persone disperse, facendo tesoro dell\u2019esperienza maturata durante le ricerche di Federico. Il verbo sfant\u00e0 in dialetto zoldano significa \u201cmomentaneamente perso, che non si riesce a trovare, ma che si trover\u00e0 presto perch\u00e9 non \u00e8 tanto lontano\u201d. <em>\u00abUna parola breve e iconica, che riassume quanto abbiamo provato\u00bb<\/em> spiega la presidente dell\u2019associazione, moglie di Federico, Elena Panciera, che prosegue: <em>\u00abNon \u00e8 stato facile muoversi e agire in quei giorni di forte pressione emotiva. Vorremmo che le famiglie, le <a class=\"dt-pswp-item\" href=\"https:\/\/www.radiopiu.net\/wordpress\/wp-content\/uploads\/2022\/05\/AANQ5zG.jpg\" data-dt-img-description=\"\" data-large_image_width=\"534\" data-large_image_height=\"334\"><img loading=\"lazy\" decoding=\"async\" class=\"size-thumbnail wp-image-278881 alignright\" src=\"https:\/\/www.radiopiu.net\/wordpress\/wp-content\/uploads\/2022\/05\/AANQ5zG-150x150.jpg\" alt=\"\" width=\"150\" height=\"150\" \/><\/a>amiche e gli amici di persone scomparse possano avere qualche strumento in pi\u00f9 rispetto a quelli che abbiamo avuto noi\u00bb<\/em>. Entrando nel dettaglio, sono tre le principali aree di intervento che guidano l\u2019azione di Sfant\u00e0: \u25cf tecnologia: sviluppo di software per ricerca di persone scomparse; \u25cf comunicazione: supporto alle famiglie, alle amiche e agli amici delle persone disperse per raccogliere fondi, tenere i contatti con i media e incoraggiare il proseguimento delle ricerche, anche in collaborazione con altre associazioni; \u25cf sensibilizzazione e divulgazione sui temi della sicurezza in montagna e della gestione della scomparsa di una persona cara: eventi, formazione, risorse cartacee e digitali. Sfant\u00e0 ha in cantiere numerosi progetti e cerca volontarie e volontari che aiutino a realizzarli. Chiunque pu\u00f2 aderire e collaborare: sul nuovo sito web www.sfanta.it <em>\u00abSe abbiamo trovato Federico \u00e8 merito di tante azioni intraprese su pi\u00f9 fronti. Se fosse possibile diminuire il numero di persone disperse o accorciare le ricerche anche solo di qualche ora, credo avremmo raggiunto davvero il nostro <\/em><em>scopo sociale\u00bb<\/em>, commenta Panciera. Assieme a Elena sono stati eletti in direttivo la sorella di Federico, Nicoletta Lugato, e alcune amiche e amici che hanno partecipato alle ricerche: Roberta De Salvador, Greta Munerotto e Ignazio Zanotti.<\/p>\n<p>&nbsp;<\/p>\n<hr \/>\n<p>&nbsp;<\/p>\n<blockquote>\n<h3>1 KM AL GIORNO: SCUOLE E COMUNI PER PROMUOVERE UNO STILE DI VITA ATTIVO<\/h3>\n<\/blockquote>\n<p><strong><a class=\"dt-pswp-item\" href=\"https:\/\/www.radiopiu.net\/wordpress\/wp-content\/uploads\/2022\/05\/1-km-al-giorno.png\" data-dt-img-description=\"\" data-large_image_width=\"1080\" data-large_image_height=\"1080\"><img loading=\"lazy\" decoding=\"async\" class=\"size-thumbnail wp-image-278943 alignleft\" src=\"https:\/\/www.radiopiu.net\/wordpress\/wp-content\/uploads\/2022\/05\/1-km-al-giorno-150x150.png\" alt=\"\" width=\"150\" height=\"150\" srcset=\"https:\/\/www.radiopiu.net\/wordpress\/wp-content\/uploads\/2022\/05\/1-km-al-giorno-150x150.png 150w, https:\/\/www.radiopiu.net\/wordpress\/wp-content\/uploads\/2022\/05\/1-km-al-giorno-300x300.png 300w, https:\/\/www.radiopiu.net\/wordpress\/wp-content\/uploads\/2022\/05\/1-km-al-giorno-1024x1024.png 1024w, https:\/\/www.radiopiu.net\/wordpress\/wp-content\/uploads\/2022\/05\/1-km-al-giorno-768x768.png 768w, https:\/\/www.radiopiu.net\/wordpress\/wp-content\/uploads\/2022\/05\/1-km-al-giorno.png 1080w\" sizes=\"auto, (max-width: 150px) 100vw, 150px\" \/><\/a>BELLUNO <\/strong>Arsi\u00e8, Borgo Valbelluna, Feltre, Livinallongo, Longarone e Santa Giustina da oggi attivano un percorso di 1 km che i cittadini potranno percorrere per mantenersi in salute. Questi Comuni dell\u2019Ulss Dolomiti, infatti, hanno aderito all\u2019iniziativa \u201c1 km al giorno\u201d, promossa dalla Regione Veneto in collaborazione con gli Uffici Scolastici Regionale e Provinciali. I Comuni si sono impegnati ad identificare un percorso di 1 km nel proprio territorio, facilmente accessibile e senza ostacoli, segnalato da appositi cartelli contenenti QR-code che rimandano a contenuti di salute e che pu\u00f2 essere percorso da tutti i cittadini in sicurezza. Un\u2019opportunit\u00e0 per rendere il percorso anche permanente e percorribile a beneficio della salute di tutta la comunit\u00e0, al fine di portare il messaggio dell\u2019importanza del movimento e di uno stile di vita attivo per condividerlo in tutto il territorio comunale. Nell\u2019ambito del progetto sono state coinvolte anche la Scuola Media Rocca di Feltre e la Scuola Media di Ponte nelle Alpi. Per maggiori informazioni sull\u2019iniziativa: <a href=\"http:\/\/www.muoversidipiu.it\/index.cfm?action=mys.page&amp;content_id=1559&amp;lingua=IT\">http:\/\/www.muoversidipiu.it\/index.cfm?action=mys.page&amp;content_id=1559&amp;lingua=IT<\/a><\/p>\n<p>&nbsp;<\/p>\n<p>&nbsp;<\/p>\n<hr \/>\n<p>&nbsp;<\/p>\n<blockquote>\n<h3>DOMENICA LATTERIE APERTE IN VALBELLUNA<\/h3>\n<\/blockquote>\n<p><strong>BELLUNO<\/strong><\/p>\n<p>di Moreno Gioli<\/p>\n<audio class=\"wp-audio-shortcode\" id=\"audio-278777-3\" preload=\"none\" style=\"width: 100%;\" controls=\"controls\"><source type=\"audio\/mpeg\" src=\"https:\/\/www.radiopiu.net\/wordpress\/wp-content\/uploads\/2022\/05\/GIOLI-LATTERIE-APERTE.mp3?_=3\" \/><a href=\"https:\/\/www.radiopiu.net\/wordpress\/wp-content\/uploads\/2022\/05\/GIOLI-LATTERIE-APERTE.mp3\">https:\/\/www.radiopiu.net\/wordpress\/wp-content\/uploads\/2022\/05\/GIOLI-LATTERIE-APERTE.mp3<\/a><\/audio>\n<p>&nbsp;<\/p>\n<p><strong>ALEX SEGAT &#8211; ASSESSORE UNIONE MONTANA VALBELLUNA<\/strong><\/p>\n<div style=\"width: 640px;\" class=\"wp-video\"><video class=\"wp-video-shortcode\" id=\"video-278777-1\" width=\"640\" height=\"352\" preload=\"metadata\" controls=\"controls\"><source type=\"video\/mp4\" src=\"https:\/\/www.radiopiu.net\/wordpress\/wp-content\/uploads\/2022\/05\/ALEX-SEGAT-ASSESSORE-UNIONE-MONTANA-VALBELLUNA.mp4?_=1\" \/><a href=\"https:\/\/www.radiopiu.net\/wordpress\/wp-content\/uploads\/2022\/05\/ALEX-SEGAT-ASSESSORE-UNIONE-MONTANA-VALBELLUNA.mp4\">https:\/\/www.radiopiu.net\/wordpress\/wp-content\/uploads\/2022\/05\/ALEX-SEGAT-ASSESSORE-UNIONE-MONTANA-VALBELLUNA.mp4<\/a><\/video><\/div>\n<p>&nbsp;<\/p>\n<p><strong>OLISEO SALVAGNO &#8211; ASSESSORE UNIONE MONTANA BELLUNESE<\/strong><\/p>\n<div style=\"width: 640px;\" class=\"wp-video\"><video class=\"wp-video-shortcode\" id=\"video-278777-2\" width=\"640\" height=\"352\" preload=\"metadata\" controls=\"controls\"><source type=\"video\/mp4\" src=\"https:\/\/www.radiopiu.net\/wordpress\/wp-content\/uploads\/2022\/05\/OLISEO-SALVAGNO-ASSESSORE-UNIONE-MONTANA-BELLUNESE.mp4?_=2\" \/><a href=\"https:\/\/www.radiopiu.net\/wordpress\/wp-content\/uploads\/2022\/05\/OLISEO-SALVAGNO-ASSESSORE-UNIONE-MONTANA-BELLUNESE.mp4\">https:\/\/www.radiopiu.net\/wordpress\/wp-content\/uploads\/2022\/05\/OLISEO-SALVAGNO-ASSESSORE-UNIONE-MONTANA-BELLUNESE.mp4<\/a><\/video><\/div>\n<p>&nbsp;<\/p>\n<hr \/>\n<p>&nbsp;<\/p>\n<blockquote>\n<h3>L\u2019ASSOCIAZIONE \u201cSPAZIO AMICO, NOI CI SIAMO\u201d CERCA\u2026 SPAZIO!<br \/>\n<em>Entro fine anno dovr\u00e0 lasciare i locali. Necessaria una sede dove svolgere le attivit\u00e0.<\/em><\/h3>\n<\/blockquote>\n<p><strong> <a class=\"dt-pswp-item\" href=\"https:\/\/www.radiopiu.net\/wordpress\/wp-content\/uploads\/2022\/05\/spazio-amico-noi-ci-siamo-2.jpg\" data-dt-img-description=\"\" data-large_image_width=\"1000\" data-large_image_height=\"750\"><img loading=\"lazy\" decoding=\"async\" class=\"size-thumbnail wp-image-278883 alignleft\" src=\"https:\/\/www.radiopiu.net\/wordpress\/wp-content\/uploads\/2022\/05\/spazio-amico-noi-ci-siamo-2-150x150.jpg\" alt=\"\" width=\"150\" height=\"150\" \/><\/a>BELLUNO<\/strong> L\u2019associazione \u201cSpazio Amico, noi ci siamo\u201d cerca\u2026 uno spazio,\u00a0 un luogo dove svolgere la propria attivit\u00e0 di proficuo scambio, cio\u00e8 donare e ricevere in maniera gratuita oggetti e materiali di vario tipo a beneficio di molti. Dal 2015 il centro di scambio ha sede a Cesa di Limana. Negli ampi spazi a disposizione le volontarie raccolgono e ridistribuiscono materiale di vario tipo: abbigliamento per bambini e adulti, attrezzature per l\u2019infanzia, giochi, libri, casalinghi, tessili per la casa. Rimane il problema dello spazio:<em> \u00abPurtroppo &#8211; racconta la presidente Franca Bogo &#8211; entro la fine dell\u2019anno dovremo lasciare i locali che saranno destinati ad altro uso. Attualmente non beneficiamo di alcun finanziamento; siamo perci\u00f2 alla ricerca di una nuova idonea sede, a titolo gratuito, dove poter continuare il nostro servizio alla comunit\u00e0.\u00a0<\/em> Per contatti scrivere aspazioamiconoicisiamo@gmail.com<\/p>\n<p>&nbsp;<\/p>\n<p>&nbsp;<\/p>\n<hr \/>\n<p>&nbsp;<\/p>\n<blockquote>\n<h3>RILASCIO CERTIFICATI PER ACCESSO AL VOTO DI SOGGETTI ISOLATI-QUARANTENATI PER COVID<\/h3>\n<\/blockquote>\n<p><strong>BELLUNO <\/strong>Le persone in condizione di isolamento domiciliare o quarantena per COVID possono chiedere all\u2019Ulss il rilascio del certificato medico attestante tale condizione, al fine di richiedere al Comune di residenza l\u2019ammissione al voto, con modalit\u00e0 speciali, per le prossime <strong>elezioni del<\/strong> <strong>12 giugno 2022. <\/strong>Le richieste di tali certificati vanno inviate via mail <strong>entro il 07 giugno 2022<\/strong> a: \u00a0<a href=\"mailto:certificati.elezioni@aulss1.veneto.it\">certificati.elezioni@aulss1.veneto.it<\/a> allegando copia di un documento di identit\u00e0. Per eventuali informazioni \u00e8 a disposizione il Dipartimento di Prevenzione al numero 0437\/514505 (dal luned\u00ec al venerd\u00ec dalle 10.00 alle 12.00).<\/p>\n<p>&nbsp;<\/p>\n<p>&nbsp;<\/p>\n<hr \/>\n<p>&nbsp;<\/p>\n<blockquote>\n<h3>MODIFICHE DI ACCESSO ALL&#8217;OSPEDALE DI FELTRE<\/h3>\n<\/blockquote>\n<p><strong>FELTRE<\/strong>\u00a0 Da oggi sar\u00e0 chiuso il passaggio alle automobili presso il nuovo accesso, utilizzato solo per lo stato di emergenza. Rester\u00e0 invariata la possibilit\u00e0 di accompagnare i pazienti o caricare\/scaricare merci all\u2019interno della rotonda antistante l&#8217;ingresso per raggiungere pi\u00f9 facilmente le unit\u00e0 operative. Al lato nord (accesso da via Bentivoglio) sar\u00e0 ripristinata la sbarra, apribile solo mediante l&#8217;uso del badge per i dipendenti e tramite il contatto via citofono con la portineria per gli utenti autorizzabili. Potranno accedere con il proprio mezzo: &#8211; i diversamente abili &#8211; pazienti che devono recarsi al Pronto Soccorso generale, pediatrico o ginecologico &#8211; pazienti che devono recarsi in fisioterapia con difficolt\u00e0 alla deambulazione &#8211; i grandi anziani &#8211; situazioni particolari dove l\u2019accesso sar\u00e0 concordato con il portinaio<\/p>\n<p>&nbsp;<\/p>\n<hr \/>\n<p>&nbsp;<\/p>\n<blockquote>\n<h3>IERI LA GIORNATA SENZA TABACCO &#8220;SMETTERE IN TEMPO&#8221; ANCHE A DISTANZA<\/h3>\n<\/blockquote>\n<p><strong><a class=\"dt-pswp-item\" href=\"https:\/\/www.radiopiu.net\/wordpress\/wp-content\/uploads\/2022\/05\/th-5.jpg\" data-dt-img-description=\"\" data-large_image_width=\"271\" data-large_image_height=\"203\"><img loading=\"lazy\" decoding=\"async\" class=\"size-thumbnail wp-image-278887 alignleft\" src=\"https:\/\/www.radiopiu.net\/wordpress\/wp-content\/uploads\/2022\/05\/th-5-150x150.jpg\" alt=\"\" width=\"150\" height=\"150\" \/><\/a>BELLUNO<\/strong> E&#8217; stata celebrata ieri in tutto il mondo la Giornata Mondiale Senza Tabacco,\u00a0 per riflettere sulle abitudini al fumo e un\u2019occasione per sensibilizzare sull\u2019importanza della prevenzione oncologica e di smettere di fumare per migliorare la propria salute.<b> <\/b>Secondo i dati raccolti nell\u2019ambito del Progetto Passi, in Ulss Dolomiti, nel quadriennio 2017-2020, la maggior parte della popolazione adulta 18-69 anni non fuma (59%) o ha smesso di fumare (21%), mentre il 19% \u00e8 un fumatore. Tale percentuale \u00e8 inferiore sia al valore regionale (22%) che a quello nazionale (25%). L\u2019abitudine al fumo \u00e8 pi\u00f9 diffusa fra le persone di et\u00e0 compresa tra i 35 e 49 anni, fra gli uomini (22%) rispetto alle donne (16%), fra le persone pi\u00f9 svantaggiate economicamente, ed \u00e8 pi\u00f9 bassa tra le persone pi\u00f9 istruite. Il numero medio di sigarette fumate al giorno \u00e8 pari a 10,6; i forti fumatori ovvero coloro che fumano pi\u00f9 di 20 sigarette al giorno sono il 3%, mentre i fumatori occasionali sono lo 0,5% della popolazione intervistata. E\u2019 stato attivato, un numero dedicato S.O.S. fumo (348 10 29 013) utilizzando la piattaforma whatsapp, una modalit\u00e0 semplice ed efficace per seguire i fumatori che devono o vogliono smettere di fumare e non ci riescono da soli.\u00a0Chi avesse bisogno di ulteriori informazioni, pu\u00f2 contattare il numero dedicato<\/p>\n<p>&nbsp;<\/p>\n<hr \/>\n<p>&nbsp;<\/p>\n<blockquote>\n<h3>RIMESSA A NUOVO LA CICLABILE SOVERZENE &#8211; SOCCHER<\/h3>\n<\/blockquote>\n<p><strong><a class=\"dt-pswp-item\" href=\"https:\/\/www.radiopiu.net\/wordpress\/wp-content\/uploads\/2022\/05\/Ciclabile_1.jpg\" data-dt-img-description=\"\" data-large_image_width=\"1024\" data-large_image_height=\"768\"><img loading=\"lazy\" decoding=\"async\" class=\"size-thumbnail wp-image-278984 alignleft\" src=\"https:\/\/www.radiopiu.net\/wordpress\/wp-content\/uploads\/2022\/05\/Ciclabile_1-150x150.jpg\" alt=\"\" width=\"150\" height=\"150\" \/><\/a>PONTE NELLE ALPI <\/strong>Si sono conclusi i lavori di riqualificazione della ciclabile Soverzene-Soccher, nel tratto interrotto da un\u2019alluvione del fiume Piave: era il 2019.<span class=\"gmail-Apple-converted-space\"> \u00a0<\/span>Ieri si \u00e8 svolto l\u2019ultimo sopralluogo da parte dei sindaci e oggi, dopo la verifica del tracciato, saranno tolte le transenne della porzione, oggetto di un\u2019importante opera idraulica e infrastrutturale. Per il ripristino spondale, la Regione Veneto ha stanziato 1 milione e 300 mila euro. \u00c8 bene sottolineare che si tratta un intervento basilare per la ciclabile Monaco-Venezia: \u00a0unanime la soddisfazione delle due comunit\u00e0, pronte per il taglio del nastro che avverr\u00e0 il 2 luglio.<span class=\"gmail-Apple-converted-space\"> \u00a0<\/span>Nel frattempo, proseguono gli interventi di manutenzione in comune di Ponte nelle Alpi per mettere a disposizione dell\u2019utenza altri sentieri ciclo-pedonali che portano a Soccher e nell\u2019Oltrerai, come il percorso delle risorgive. Queste opere garantiranno maggior sicurezza anche per lungo il tratto sotto la bellissima \u201cparete dei Falchi\u201d.<span class=\"gmail-Apple-converted-space\">\u00a0<\/span><\/p>\n<p>&nbsp;<\/p>\n<p>&nbsp;<\/p>\n<hr \/>\n<p>&nbsp;<\/p>\n<blockquote>\n<h3>CENTRO ESTIVO A BELLUNO, IN VIA DI DEFINIZIONE LA GARA<\/h3>\n<\/blockquote>\n<p><strong>BELLUNO<\/strong> L&#8217;Amministrazione comunale comunica alle famiglie che il Centro estivo del Comune di Belluno si svolgera\u0300 dal 4 luglio al 2 settembre, alle scuole di Mier. La procedura di gara e\u0300 in corso; le modalita\u0300 per l&#8217;iscrizione da parte delle famiglie verranno diffuse a partire dalla meta\u0300 di giugno e pubblicate anche tramite il sito Internet istituzionale.<\/p>\n<p>&nbsp;<\/p>\n<p>&nbsp;<\/p>\n<hr \/>\n<p>&nbsp;<\/p>\n<blockquote>\n<h3>INTERVENTI A FAVORE DELLE FAMIGLIE FRAGILI<\/h3>\n<\/blockquote>\n<p><strong>BELLUNO<\/strong> La Regione Veneto ha stabilito gli interventi economici per l\u2019anno 2022 a favore delle \u201cfamiglie fragili\u201d. Il programma si rivolge a tre linee di interventi: nuclei familiari con figli minori rimasti orfani di uno o entrambi i genitori; famiglie monoparentali o con genitori separati o divorziati in situazione di difficolta\u0300 economica (art. 11); famiglie con parti trigemellari o con numero di figli pari o superiore a quattro. Nell&#8217;avviso sono dettagliati anche i requisiti specifici per accedere alle diverse misure previste dal fondo di finanziamento. Chi sia in possesso dei requisiti generali e dei requisiti specifici per le singole linee di intervento e sia residente in uno dei 46 Comuni dell\u2019Ambito Territoriale Sociale Ven_01 potra\u0300 scaricare avviso e modulistica dal sito istituzionale del Comune di Belluno all\u2019indirizzo www.comune.belluno.it, sezione &#8220;Bandi di gara e avvisi&#8221;, oppure rivolgersi agli uffici individuati da ciascun Comune di residenza. Il modulo di domanda allegato all&#8217;avviso andra\u0300 compilato e presentato all\u2019Ufficio Protocollo del proprio Comune di residenza, dal 1\u00b0 al 30 giugno 2022.<\/p>\n<p>&nbsp;<\/p>\n<p>&nbsp;<\/p>\n<hr \/>\n<p>&nbsp;<\/p>\n<blockquote>\n<h3>LEZIONI ALL&#8217;APERTO PER UNA CLASSE DEL GALILEI &#8211; TIZIANO<\/h3>\n<\/blockquote>\n<p><strong>BELLUNO<\/strong> Nella giornata di ieri la classe 4\u00aa G dell&#8217;istituto Galilei &#8211; Tiziano ha effettuato una lezione all&#8217;aperto dedicata alla conoscenza e tutela dell&#8217;ambiente con educazione anche alla raccolta differenziata. Il tutto al parco di Lambioi con la Protezione Civile di Belluno, Bellunum, Sportivamente Belluno e il Corpo di Polizia Provinciale.<\/p>\n<p>&nbsp;<\/p>\n<p>&nbsp;<\/p>\n<hr \/>\n<p>&nbsp;<\/p>\n<blockquote>\n<h3>DIGITALIZZAZIONE E INTERNAZIONALIZZAZIONE, CONTRIBUTI PER LE IMPRESE<\/h3>\n<\/blockquote>\n<p><a class=\"dt-pswp-item\" href=\"https:\/\/www.radiopiu.net\/wordpress\/wp-content\/uploads\/2022\/05\/Digitour-presentazione-bando.jpg\" data-dt-img-description=\"\" data-large_image_width=\"1280\" data-large_image_height=\"853\"><img loading=\"lazy\" decoding=\"async\" class=\" wp-image-278863 alignleft\" src=\"https:\/\/www.radiopiu.net\/wordpress\/wp-content\/uploads\/2022\/05\/Digitour-presentazione-bando-150x150.jpg\" alt=\"\" width=\"102\" height=\"102\" \/><\/a><strong>LONGARONE<\/strong> Lunedi dalle 15.30 alle 16.30 su piattaforma zoom, evento di presentazione dei contributi previsti dal progetto Digitour e che saranno assegnati attraverso un bando. Sono previsti voucher da 1.000 e 20.000 euro. In totale saranno erogati 100.000 euro, attraverso il finanziamento dei migliori progetti proposti dalle aziende, interamente a fondo perduto con il finanziamento del 100% dei progetti ammessi. L\u2019accesso prevede la registrazione al link: https:\/\/bit.ly\/DIGITOURevent. Interverranno il presidente di LongaroneFiere Gian Angelo Bellati, il direttore Venetian Cluster Sergio Cal\u00f2<\/p>\n<p>&nbsp;<\/p>\n<p>&nbsp;<\/p>\n<p>&nbsp;<\/p>\n<hr \/>\n<p>&nbsp;<\/p>\n<blockquote>\n<h3>IL GIORNO DEL RENDICONTO<strong style=\"font-size: 14px;\">\u00a0<\/strong><\/h3>\n<\/blockquote>\n<p><strong>AGORDO<\/strong> Lunedi alle 18 consiglio comunale ad Agordo con un unico ma importante punto all&#8217;ordine del giorno. Il sindaco Roberto Chissal\u00e8, infatti, porter\u00e0 al voto il rendiconto per l&#8217;esercizio 2021.<\/p>\n<p>&nbsp;<\/p>\n<hr \/>\n<blockquote>\n<h3><\/h3>\n<h3>CONSIGLIO COMUNALE A FALCADE MARTEDI&#8217; 7 GIUGNO<\/h3>\n<\/blockquote>\n<p><strong>FALCADE<\/strong> Il sindaco di Falcade Michele Costa ha convocato il consiglio comunale, l&#8217;ultimo del suo mandato, per marted\u00ec 7 giugno alle 19. I consiglieri sono chiamati a discutere 6 punti all&#8217;ordine del giorno tra cui l&#8217;approvazione dell&#8217;esercizio finanziario 2021, la quarta variazione al bilancio, l&#8217;approvazione del regolamento della polizia rurale e un&#8217;istanza di autorizzazione al mutamento temporaneo di destinazione di una porzione di terreni di uso civico in localit\u00e0 Ziangari Alti per la realizzazione di percorsi ciclo-escursionistici per il freeride.<\/p>\n<p>&nbsp;<\/p>\n<p>&nbsp;<\/p>\n<hr \/>\n<p>&nbsp;<\/p>\n<blockquote>\n<h3>COOPERATIVA CADORE, BILANCIO APPROVATO<\/h3>\n<\/blockquote>\n<p><a class=\"dt-pswp-item\" href=\"https:\/\/www.radiopiu.net\/wordpress\/wp-content\/uploads\/2022\/05\/cadore.jpg\" data-dt-img-description=\"\" data-large_image_width=\"237\" data-large_image_height=\"163\"><img loading=\"lazy\" decoding=\"async\" class=\" wp-image-278865 alignleft\" src=\"https:\/\/www.radiopiu.net\/wordpress\/wp-content\/uploads\/2022\/05\/cadore-150x150.jpg\" alt=\"\" width=\"119\" height=\"119\" \/><\/a><strong>PIEVE DI CADORE<\/strong> Si \u00e8 tenuta nei giorni scorsi l&#8217;assemblea annuale della Cadore societ\u00e0 cooperativa sociale \u2013 s.c.s. , che ha visto approvare all&#8217;unanimit\u00e0 il bilancio sociale ed economico. Ad accompagnare i dati del bilancio sociale (228 lavoratori per oltre 168mila ore di lavoro, 60mila km effettuati per il trasporto disabili, 52 inserimenti lavorativi, 16 km di sentieri manutentati, e molto altro), anche i numeri del bilancio economico, che si chiude con utile di poco superiore ai 96mila euro. Questo utile permette quindi di attuare il \u201cristorno\u201d, una forma di retribuzione aggiuntiva per il socio (lavoratore o collaboratore), in base all&#8217;attivit\u00e0 lavorativa effettuata. Per il 2022 inoltre la decisione di\u00a0 avviare anche il welfare aziendale,\u00a0 presto i nuovi accordi\u00a0 con le sigle sindacali.<\/p>\n<p>&nbsp;<\/p>\n<p>&nbsp;<\/p>\n<hr \/>\n<p>&nbsp;<\/p>\n<blockquote>\n<h3>\u00a0FONDI DI CONFINE<\/h3>\n<\/blockquote>\n<p><strong>BELLUNO<\/strong> Oggi alle 12 in Sala Piloni\u00a0 presentazione del programma Fondi Comuni Confinanti\u00a0 relativo ai progetti strategici provinciali. Interverranno: \u00a0il presidente della Provincia;\u00a0 \u00a0il consigliere provinciale delegato;\u00a0 \u00a0il presidente del Comitato Paritetico Fcc<\/p>\n<p>&nbsp;<\/p>\n<p>&nbsp;<\/p>\n<hr \/>\n<p>&nbsp;<\/p>\n<blockquote>\n<h3>VIABILITA&#8217;, ORDINANZE DAL COMUNE DI BELLUNO<\/h3>\n<\/blockquote>\n<p><strong><a class=\"dt-pswp-item\" href=\"https:\/\/www.radiopiu.net\/wordpress\/wp-content\/uploads\/2022\/05\/th.jpg\" data-dt-img-description=\"\" data-large_image_width=\"322\" data-large_image_height=\"181\"><img loading=\"lazy\" decoding=\"async\" class=\" wp-image-277643 alignleft\" src=\"https:\/\/www.radiopiu.net\/wordpress\/wp-content\/uploads\/2022\/05\/th-150x150.jpg\" alt=\"\" width=\"101\" height=\"101\" \/><\/a>BELLUNO<\/strong>\u00a0 <span dir=\"ltr\" role=\"presentation\">Nelle piazze Associazione bellunese volontari del sangue e della Bandiera, <\/span><span dir=\"ltr\" role=\"presentation\">fino al 13 giugno <\/span><span dir=\"ltr\" role=\"presentation\">Per<\/span> <span dir=\"ltr\" role=\"presentation\">consentire<\/span> <span dir=\"ltr\" role=\"presentation\">l&#8217;<strong>allestimento<\/strong><\/span><strong> <span dir=\"ltr\" role=\"presentation\">delle<\/span> <span dir=\"ltr\" role=\"presentation\">strutture<\/span> <span dir=\"ltr\" role=\"presentation\">attrattive<\/span> <span dir=\"ltr\" role=\"presentation\">del<\/span> <span dir=\"ltr\" role=\"presentation\">Luna<\/span> <span dir=\"ltr\" role=\"presentation\">Park<\/span> <\/strong><span dir=\"ltr\" role=\"presentation\">divieto di sosta con rimozione forzata dei veicoli dal<\/span><span dir=\"ltr\" role=\"presentation\"> fino al 13 giugno e <\/span><span dir=\"ltr\" role=\"presentation\">modifica<\/span> <span dir=\"ltr\" role=\"presentation\">della<\/span> <span dir=\"ltr\" role=\"presentation\">regolamentazione<\/span> <span dir=\"ltr\" role=\"presentation\">della<\/span> <span dir=\"ltr\" role=\"presentation\">sosta<\/span> <span dir=\"ltr\" role=\"presentation\">dei<\/span> <span dir=\"ltr\" role=\"presentation\">veicoli<\/span><span dir=\"ltr\" role=\"presentation\">. <\/span><span dir=\"ltr\" role=\"presentation\">Il titolo di abbonamento per i parcheggi a pagamento del \u201cPalasport\u201d e<\/span><span dir=\"ltr\" role=\"presentation\">\u201cSan Biagio\u201d avr\u00e0 validit\u00e0 per la sosta dei veicoli anche per il parcheggio <\/span><span dir=\"ltr\" role=\"presentation\">&#8220;ex Moi&#8221; in via Feltre.<\/span><\/p>\n<p><span dir=\"ltr\" role=\"presentation\">La Societ\u00e0 Bellunum nei prossimi mesi provveder\u00e0 al rifacimento della <\/span><span dir=\"ltr\" role=\"presentation\">segnaletica stradale orizzontale blu degli stalli a pagamento presenti nel <\/span><span dir=\"ltr\" role=\"presentation\">Comune di Belluno. D<\/span><span dir=\"ltr\" role=\"presentation\">al 1\u00b0 giugno al 30 novembre:<\/span>\u00a0<span dir=\"ltr\" role=\"presentation\">istituzione<\/span> <span dir=\"ltr\" role=\"presentation\">del restringimento<\/span> <span dir=\"ltr\" role=\"presentation\">della carreggiata<\/span> <span dir=\"ltr\" role=\"presentation\">o del senso unico <\/span><span dir=\"ltr\" role=\"presentation\">alternato<\/span> <span dir=\"ltr\" role=\"presentation\">di<\/span> <span dir=\"ltr\" role=\"presentation\">circolazione<\/span> <span dir=\"ltr\" role=\"presentation\">veicolare; <\/span>\u00a0<span dir=\"ltr\" role=\"presentation\">istituzione del divieto di sosta con rimozione forzata dei veicoli negli <\/span><span dir=\"ltr\" role=\"presentation\">stalli di sosta a pagamento presenti nelle aree interessate dai lavori <\/span><span dir=\"ltr\" role=\"presentation\">.<\/span> <span dir=\"ltr\" role=\"presentation\">Tale<\/span> <span dir=\"ltr\" role=\"presentation\">divieto<\/span> <span dir=\"ltr\" role=\"presentation\">di<\/span> <span dir=\"ltr\" role=\"presentation\">sosta <\/span><span dir=\"ltr\" role=\"presentation\">entra in vigore nelle zone suddette, previa esposizione entro le 48 <\/span><span dir=\"ltr\" role=\"presentation\">ore<\/span> <span dir=\"ltr\" role=\"presentation\">della<\/span> <span dir=\"ltr\" role=\"presentation\">relativa<\/span> <span dir=\"ltr\" role=\"presentation\">segnaletica<\/span> <span dir=\"ltr\" role=\"presentation\">stradale<\/span> <span dir=\"ltr\" role=\"presentation\">\u201cdivieto<\/span> <span dir=\"ltr\" role=\"presentation\">di<\/span> <span dir=\"ltr\" role=\"presentation\">sosta<\/span> <span dir=\"ltr\" role=\"presentation\">con<\/span> <span dir=\"ltr\" role=\"presentation\">zona <\/span><span dir=\"ltr\" role=\"presentation\">rimozione coatta.<\/span><\/p>\n<div class=\"page\" title=\"Page 1\">\n<div class=\"layoutArea\">\n<div class=\"column\">\n<p>Per consentire l\u2019evento mostra \u201cVertigine. Dino Buzzati\u201d presso il Museo Burel, che interessera\u0300 in parte lo spazio antistante all\u2019ingresso dello stesso, si rende necessaria l&#8217;istituzione del divieto di sosta con rimozione forzata dei veicoli, in via Mezzaterra, all&#8217;altezza del civico 49 (uno stallo a pagamento), nei seguenti giorni: 4 giugno dalle 14.00 alle 22.00; 5, 11, 12, 18, 19, 25 e 26 giugno, dalle 16.00 alle 20.00 di ciascuna giornata, 2, 3, 9, 10, 16 e 17 luglio dalle 16.00 alle 20.00 di ciascuna giornata.<\/p>\n<div class=\"page\" title=\"Page 1\">\n<div class=\"layoutArea\">\n<div class=\"column\">\n<p>Per consentire lo svolgimento di alcuni interventi di fresatura e bitumatura della pavimentazione stradale necessari al ripristino del manto stradale della viabilita\u0300 comunale per conto di BIM SpA, nel periodo fino al 16 luglio, si rendono necessarie le seguenti modifiche alla viabilita\u0300: istituzione del senso unico alternato di circolazione veicolare regolato da idoneo personale, nel periodo fino al 16 luglio, dalle ore 7.00 alle ore 19.00 di ciascuna giornata, nelle seguenti vie: Barozzi 79-23-nc, Calbo 60, Calvi 11-5-9, Ceccati 61-89, Danieli 21, Della Lucia 84, Favero 33, Gazzetti 7, Gobetti 15-nc, Mondin 47-92-45, Vittorino da Feltre 23-7, Bolzano 107-115-191, Bortot 83, Dell\u2019Anta 157-85\/A, Sant\u2019Antonio 7, Sossai 8, Pian delle Feste 68, Burattini 114, Dolabella 1-15-nc, Mur di Cadola 9, Navasa 10, Pagani Cesa 26, Pellegrini 100, Pertile 10-18\/A-32-34-4-41, piazza Oltrardo 1-14, Rudio 62-64-84-88-90, piazzale Marconi 9, Del Piave 6, Cusighe 3-6, Dassi 56, Fiammoi 118-126, F.lli Rosselli 126-40-50-78, Orzes 172- 201-43-45-53-75, Sois 149-151, Tisoi 100\/3-94-nc, Del Candel 16-51, Masi Simonetti 28-37, Travazzoi 40-65, Vezzano 36, Feltre 246, Lazzarini 33-51-59, Pagello 25, Monte Grappa 111-418-80, Buzzati 56, Posaroch 2, Visome 81 e l&#8217;istituzione del limite di velocita a 30 km\/h.<\/p>\n<p>Dal 6 al 10 giugno senso unico alternato in via Pescarone per consentire l&#8217;esecuzione di lavori di manutenzione e allacci alle reti di acquedotto e fognatura per conto di BIM Gestione Servizi Pubblici. Possibili anche brevi interruzioni al traffico<\/p>\n<\/div>\n<\/div>\n<\/div>\n<\/div>\n<\/div>\n<\/div>\n<p>&nbsp;<\/p>\n<hr \/>\n<p>&nbsp;<\/p>\n<h2><span style=\"color: #ff0000;\">IERI ALLA RADIO<\/span><\/h2>\n<blockquote>\n<h3>L&#8217;INTERVISTA, OSPITE DINO PRELORAN<br \/>\ndi Claudio Fontanive<\/h3>\n<\/blockquote>\n<audio class=\"wp-audio-shortcode\" id=\"audio-278777-4\" preload=\"none\" style=\"width: 100%;\" controls=\"controls\"><source type=\"audio\/mpeg\" src=\"https:\/\/www.radiopiu.net\/wordpress\/wp-content\/uploads\/2022\/05\/dino-preloran-31-maggio.mp3?_=4\" \/><a href=\"https:\/\/www.radiopiu.net\/wordpress\/wp-content\/uploads\/2022\/05\/dino-preloran-31-maggio.mp3\">https:\/\/www.radiopiu.net\/wordpress\/wp-content\/uploads\/2022\/05\/dino-preloran-31-maggio.mp3<\/a><\/audio>\n<blockquote>\n<h3><a class=\"dt-pswp-item\" href=\"https:\/\/www.radiopiu.net\/wordpress\/wp-content\/uploads\/2022\/05\/memo.png\" data-dt-img-description=\"\" data-large_image_width=\"552\" data-large_image_height=\"359\"><img loading=\"lazy\" decoding=\"async\" class=\"alignleft wp-image-278629 \" src=\"https:\/\/www.radiopiu.net\/wordpress\/wp-content\/uploads\/2022\/05\/memo-300x195.png\" alt=\"\" width=\"163\" height=\"106\" srcset=\"https:\/\/www.radiopiu.net\/wordpress\/wp-content\/uploads\/2022\/05\/memo-300x195.png 300w, https:\/\/www.radiopiu.net\/wordpress\/wp-content\/uploads\/2022\/05\/memo.png 552w\" sizes=\"auto, (max-width: 163px) 100vw, 163px\" \/><\/a>MEMORIE MINERARIE AGORDINE, IL SECONDO NUMERO<\/h3>\n<\/blockquote>\n<p><strong>AGORDO<\/strong> Sabato 11 giugno alle 18 all&#8217;auditorium\u00a0 Antonio Favretti presso l&#8217;Istituto Minerario di Agordo, l&#8217;associazione Amici dei Minerari in collaborazione con l&#8217;Istituto Geotecnico Minerario\u00a0 presenta il secondo numero delle Memorie Minerarie Agordine\u00a0 dal Titolo &#8220;La ricerca mineraria nella valle di San Lucano&#8221;. Presentano\u00a0 il professor Vittorio Fenti e il docente\u00a0 Dino Preloran<\/p>\n<p>&nbsp;<\/p>\n<hr \/>\n<p>&nbsp;<\/p>\n<blockquote>\n<blockquote>\n<h2><\/h2>\n<h2><a class=\"dt-pswp-item\" href=\"https:\/\/www.radiopiu.net\/wordpress\/wp-content\/uploads\/2022\/05\/Duomo-Feltre-Organo-Callido-scaled.jpg\" data-dt-img-description=\"\" data-large_image_width=\"1696\" data-large_image_height=\"2560\"><img loading=\"lazy\" decoding=\"async\" class=\" wp-image-278862 alignleft\" src=\"https:\/\/www.radiopiu.net\/wordpress\/wp-content\/uploads\/2022\/05\/Duomo-Feltre-Organo-Callido-150x150.jpg\" alt=\"\" width=\"146\" height=\"146\" \/><\/a>WONDROUS MACHINES 2022<\/h2>\n<h2><em style=\"font-size: 14px; font-weight: normal;\">La quarta edizione della rassegna concertistica sugli organi storici delle chiese feltrine<\/em><\/h2>\n<\/blockquote>\n<p><strong>FELTRE<\/strong> Da mercoled\u00ec 8 giugno al 6 luglio si terr\u00e0 la quarta edizione di Wondrous Machines, la rassegna concertistica dedicata agli organi storici delle chiese feltrine e della Valbelluna, promossa dall\u2019Associazione musicale feltrina \u201cGiovanni Battista Maffioletti\u201d, verr\u00e0 inaugurata mercoled\u00ec 8 giugno presso il Duomo di Feltre con il Concerto di presentazione della Masterclass di musica antica. L\u2019evento vedr\u00e0 il M\u00b0 Andrea Marcon all\u2019organo \u201cdoppio&#8221;. La tre giorni di studio sar\u00e0 completata con il concerto finale dei partecipanti alla Masterclass sabato 11 giugno nello stesso Duomo di Feltre,dove si svolgeranno le lezioni. Tutti i concerti avranno inizio alle ore 21.00 e saranno a ingresso libero e gratuito fino a esaurimento dei posti disponibili, con possibilit\u00e0 di visite guidate agli strumenti mezz\u2019ora prima dei concerti. Prenotazione obbligatoria www.associazionemaffioletti.org.<\/p><\/blockquote>\n<p>&nbsp;<\/p>\n<p>&nbsp;<\/p>\n<hr \/>\n<p>&nbsp;<\/p>\n<blockquote>\n<h3>RIAPRE IL CASTELLO DI ANDRAZ<\/h3>\n<\/blockquote>\n<p><strong>LIVINALLONGO<\/strong> Con l\u2019arrivo dell\u2019estate riapre anche il Castello di Andraz, che quest\u2019anno festeggia il 10\u00b0 compleanno. Nel mese di giugno, il museo sar\u00e0 aperto dal gioved\u00ec alla domenica, dalle 10:00 alle 12:30 e dalle 14:30 alle 18:00. Per il momento le visite guidate saranno garantite solo su prenotazione al 334 3346680<\/p>\n<p>&nbsp;<\/p>\n<p>&nbsp;<\/p>\n<hr \/>\n<p>&nbsp;<\/p>\n<blockquote>\n<h3>L&#8217;ASSEMBLEA DELLE PRO LOCO BELLUNESI E LA SERATA CON SAMMY BASSO<\/h3>\n<\/blockquote>\n<p><strong>CANALE D&#8217;AGORDO<\/strong> Si terr\u00e0 presso la sala Lina Zand\u00f2 di Canale D&#8217;Agordo l&#8217;assemblea delle Pro Loco Bellunesi domenica 12 giugno alle 9. Sabato 18 giugno alle 20:30 alla casa della giovent\u00f9 di Caviola \u00e8 in programma una serata dal titolo <b><i>Il sorriso dei guerrieri- storie di speranza&#8221;<\/i><\/b>, con Sammy Basso, Simonetta Borsatti e Andrea Baccaglioni, i quali racconteranno le loro esperienze di vita, in particolare il modo in cui hanno affrontato la loro malattia e dove hanno trovato la forza per lottare e sperare. Si raccomanda l&#8217;utilizzo della mascherina.<\/p>\n<p>&nbsp;<\/p>\n<p>&nbsp;<\/p>\n<hr \/>\n<p>&nbsp;<\/p>\n<blockquote>\n<h3>RINVIATO A DOMANI L&#8217;OPEN DAY DEL TENNIS CLUB AGORDO<\/h3>\n<\/blockquote>\n<p><strong>AGORDO<\/strong> A causa del maltempo il Tennis Club Agordo ha dovuto rinviare l&#8217;open day, l&#8217;inaugurazione della stagione tennistica ai campi di Agordo. L&#8217;organizzazione ha deciso di rinviare tutto a domani, Festa della Repubblica.<\/p>\n<p>&nbsp;<\/p>\n<h2><span style=\"color: #ff0000;\">DAL SITO DI RADIO PIU&#8217;<\/span><\/h2>\n<blockquote>\n<h3>PARTE LA STAGIONE DEL TENNIS CLUB AGORDO<\/h3>\n<\/blockquote>\n<p><strong><a class=\"dt-pswp-item\" href=\"https:\/\/www.radiopiu.net\/wordpress\/wp-content\/uploads\/2020\/04\/TENNIS-AGORDO.jpg\" data-dt-img-description=\"\" data-large_image_width=\"512\" data-large_image_height=\"307\"><img loading=\"lazy\" decoding=\"async\" class=\"size-thumbnail wp-image-133584 alignleft\" src=\"https:\/\/www.radiopiu.net\/wordpress\/wp-content\/uploads\/2020\/04\/TENNIS-AGORDO-150x150.jpg\" alt=\"\" width=\"150\" height=\"150\" \/><\/a>di Claudio Fontanive<\/strong><\/p>\n<p>OSPITE: Matteo Reolon<\/p>\n<audio class=\"wp-audio-shortcode\" id=\"audio-278777-5\" preload=\"none\" style=\"width: 100%;\" controls=\"controls\"><source type=\"audio\/mpeg\" src=\"https:\/\/www.radiopiu.net\/wordpress\/wp-content\/uploads\/2022\/05\/tennis-matteo-reolon-25-maggio.mp3?_=5\" \/><a href=\"https:\/\/www.radiopiu.net\/wordpress\/wp-content\/uploads\/2022\/05\/tennis-matteo-reolon-25-maggio.mp3\">https:\/\/www.radiopiu.net\/wordpress\/wp-content\/uploads\/2022\/05\/tennis-matteo-reolon-25-maggio.mp3<\/a><\/audio>\n<p>&nbsp;<\/p>\n<p>&nbsp;<\/p>\n<hr \/>\n<p>&nbsp;<\/p>\n<blockquote>\n<h3>DOMANI AL\u00a0 PALAFALCADE CON L&#8217;ORCHESTRA DA BALLO DI BAGUTTI<\/h3>\n<\/blockquote>\n<p><a class=\"dt-pswp-item\" href=\"https:\/\/www.radiopiu.net\/wordpress\/wp-content\/uploads\/2022\/05\/Orchestra-italiana-Gianmarco-Bagutti-scaled.jpg\" data-dt-img-description=\"\" data-large_image_width=\"2481\" data-large_image_height=\"2560\"><img loading=\"lazy\" decoding=\"async\" class=\"size-thumbnail wp-image-278797 alignleft\" src=\"https:\/\/www.radiopiu.net\/wordpress\/wp-content\/uploads\/2022\/05\/Orchestra-italiana-Gianmarco-Bagutti-150x150.jpg\" alt=\"\" width=\"150\" height=\"150\" \/><\/a>Gioved\u00ec 02 giugno a Falcade andr\u00e0 in scena il grande spettacolo della musica da ballo con il concerto dell\u2019Orchestra Italiana Gianmarco Bagutti che inaugurer\u00e0 proprio in Val del Biois la tourn\u00e8e estiva con una scoppiettante data zero. Dalle 21.00 presso la Sala Dolomiti di Falcade l\u2019orchestra di 14 elementi, tra palco e tecnici, far\u00e0 risuonare il grande repertorio di musiche nazionali, internazionali e sue composizioni, ripercorrendo i grandi successi dell\u2019orchestra Bagutti, passando per i maggiori cantautori italiani, trascinando e coinvolgendo il pubblico nei ritmi latini. Dopo due anni di stop forzato Gianmarco e la sua orchestra non vedono l\u2019ora di tornare sul palco per far emozionare e ballare, all\u2019interno della Sala Dolomiti sar\u00e0 infatti allestita una pista da ballo per tutti gli appassionati che dopo tanto tempo vogliono tornare a divertirsi. Sar\u00e0 uno spettacolo in grande stile con una cascata di luci e di effetti scenici, formato da maxischermi led wall e tanti fari in movimento. Inoltre, in anteprima, sar\u00e0 presentato il video clip della hit dell\u2019estate \u201cFacciamo un selfie\u201d che \u00e8 stato girato nel mese di febbraio proprio a Falcade e Canale d\u2019Agordo con la collaborazione della PromoFalcade Dolomiti che \u00e8 anche l\u2019organizzatore del concerto con il supporto del Comune di Falcade. Sulle musiche di \u201cFacciamo un selfie\u201d sfileranno le immagini delle bellezze invernali della valle e delle sue eccellenze come le piste da sci, i panorami mozzafiato e la cultura, sotto la regia di Paolo Prosperi e sullo sfondo delle installazioni luminose della ditta Michelotti. Il video clip girer\u00e0 l\u2019Italia intera, sar\u00e0 infatti presentato ad ogni data della tourn\u00e9e estiva portando un soffio di Dolomiti nella calda estate italiana. Il biglietto di ingresso al concerto sar\u00e0 disponibile presso le biglietterie della Sala Dolomiti a partire dalle 18.00 del 02 giugno ed avr\u00e0 un costo di 10 \u20ac. Antonella Schena, presidente di PromoFalcade \u00e8 davvero felice di ospitare l\u2019orchestra italiana Bagutti, per inaugurare alla grande la <img loading=\"lazy\" decoding=\"async\" class=\"alignleft\" src=\"https:\/\/www.radiopiu.net\/wordpress\/wp-content\/uploads\/2022\/05\/LOCANDINA-CONCERTO-BAGUTTI.jpg\" width=\"125\" height=\"177\" \/>stagione estiva della Val del Biois, come segno di ripartenza, per dare il benvenuto agli ospiti e offrire un vero spettacolo ai valligiani, all\u2019inizio di questa estate che accoglie anche i numerosi fans dell\u2019orchestra provenienti da tutta Italia.<\/p>\n<blockquote>\n<h2><strong>OSPITI ANTONELLA SCHENA, CRISTIAN MASSARENTI E GIANMARCO BAGUTTI\u00a0<\/strong><\/h2>\n<\/blockquote>\n<p><strong>AUDIO\u00a0<\/strong><\/p>\n<audio class=\"wp-audio-shortcode\" id=\"audio-278777-6\" preload=\"none\" style=\"width: 100%;\" controls=\"controls\"><source type=\"audio\/mpeg\" src=\"https:\/\/www.radiopiu.net\/wordpress\/wp-content\/uploads\/2022\/05\/ginamarco-bagutti-18-maggio.mp3?_=6\" \/><a href=\"https:\/\/www.radiopiu.net\/wordpress\/wp-content\/uploads\/2022\/05\/ginamarco-bagutti-18-maggio.mp3\">https:\/\/www.radiopiu.net\/wordpress\/wp-content\/uploads\/2022\/05\/ginamarco-bagutti-18-maggio.mp3<\/a><\/audio>\n<p><strong>LO SPOT ALLA RADIO\u00a0<\/strong><\/p>\n<audio class=\"wp-audio-shortcode\" id=\"audio-278777-7\" preload=\"none\" style=\"width: 100%;\" controls=\"controls\"><source type=\"audio\/mpeg\" src=\"https:\/\/www.radiopiu.net\/wordpress\/wp-content\/uploads\/2022\/05\/BAGUTTI-SPOT.mp3?_=7\" \/><a href=\"https:\/\/www.radiopiu.net\/wordpress\/wp-content\/uploads\/2022\/05\/BAGUTTI-SPOT.mp3\">https:\/\/www.radiopiu.net\/wordpress\/wp-content\/uploads\/2022\/05\/BAGUTTI-SPOT.mp3<\/a><\/audio>\n<p>&nbsp;<\/p>\n<hr \/>\n<p>&nbsp;<\/p>\n<blockquote>\n<h3 class=\"entry-title\">LA MARCO V. DAL FARRA BAND E MAT DI NUOVO LIVE<\/h3>\n<\/blockquote>\n<p><strong class=\"photoswipe-wrapper\"><a class=\"dt-pswp-item pspw-wrap-ready\" href=\"https:\/\/www.radiopiu.net\/wordpress\/wp-content\/uploads\/2022\/05\/concerto-Marco-V-Dal-Farra-e-Mat.jpg\" data-dt-img-description=\"\" data-large_image_width=\"1620\" data-large_image_height=\"1080\"><img loading=\"lazy\" decoding=\"async\" class=\"size-thumbnail wp-image-278784 alignleft\" src=\"https:\/\/www.radiopiu.net\/wordpress\/wp-content\/uploads\/2022\/05\/concerto-Marco-V-Dal-Farra-e-Mat-150x150.jpg\" alt=\"\" width=\"150\" height=\"150\" \/><\/a>BELLUNO<\/strong>\u00a0Dopo la splendida serata di Castion Marco, Mattia ed i validi musicisti s\u2019apprestano a calpestare un altro palco. Il 4 giugno alle 20.30 la tempesta di voci e note nel giardino di Villa Buzzati. Marco V. Dal Farra e MAT sono due Band bellunesi. I giovani e talentuosi componenti delle due formazioni, che spesso si mescolano tra di loro, sono esempio del cantautorato bellunese essendo autori della musica e dei testi. Marco Dal Farra inoltre ha composto un brano ispirato al celebre racconto di Buzzati, \u201cIl Colombre\u201d. La Marco V. Dal Farra Band \u00e8 composta da Marco Dal Farra: voce e testi; Elia Ganz: batteria; Alex Diagoli: chitarre elettriche; Simone Fagherazzi: chitarre acustiche; M.De Bona, E. Scussel: cori. MAT vede Elia Ganz: batteria; Mattia Andrich: pianoforte, chitarra e voce; Davide Nenci: basso elettrico, Jesai Fiabane: chitarra. Il concerto sar\u00e0 preceduto da un brindisi di apertura.<\/p>\n<p>&nbsp;<\/p>\n<p>&nbsp;<\/p>\n<hr \/>\n<p>&nbsp;<\/p>\n<blockquote>\n<h2 dir=\"auto\"><a class=\"dt-pswp-item\" href=\"https:\/\/www.radiopiu.net\/wordpress\/wp-content\/uploads\/2022\/05\/284613236_10227059698504408_5539793743860489625_n.jpg\" data-dt-img-description=\"\" data-large_image_width=\"600\" data-large_image_height=\"530\"><img loading=\"lazy\" decoding=\"async\" class=\"wp-image-278579 alignleft\" src=\"https:\/\/www.radiopiu.net\/wordpress\/wp-content\/uploads\/2022\/05\/284613236_10227059698504408_5539793743860489625_n-150x150.jpg\" alt=\"\" width=\"103\" height=\"103\" \/><\/a>Quando c&#8217;\u00e8 amore e speranza<\/h2>\n<\/blockquote>\n<div dir=\"auto\">\n<p><strong>\u00a0SEDICO\u00a0<\/strong> Gli alunni della prima B scientifico, <a class=\"oajrlxb2 g5ia77u1 qu0x051f esr5mh6w e9989ue4 r7d6kgcz rq0escxv nhd2j8a9 nc684nl6 p7hjln8o kvgmc6g5 cxmmr5t8 oygrvhab hcukyx3x jb3vyjys rz4wbd8a qt6c0cv9 a8nywdso i1ao9s8h esuyzwwr f1sip0of lzcic4wl gpro0wi8 q66pz984 b1v8xokw\" tabindex=\"0\" role=\"link\" href=\"https:\/\/www.facebook.com\/groups\/253467373618763\/user\/100003363648529\/?__cft__[0]=AZVA-slQbTI4JtL6aPFQJ-CoN0hJhLTN29HFE3TqdNQ3xv-AoSp1yH8nGt0m0OtS7v3qWYdr8-KovsFVSOFOl1cUCMKxf9s3ju9AfsRIf1E7HhLvbcxWdbzYQ-eKJmtGQKB_DccL87n3o1wbvQH-AQKv&amp;__tn__=-]K-R\"><span class=\"nc684nl6\">Francesca Mussoi<\/span><\/a> , Marco e Paola,\u00a0 hanno dato\u00a0 alle stampe questo libretto. Il ricavato sar\u00e0 devoluto interamente alla citt\u00e0 della speranza di Padova che presto sar\u00e0 presente anche Feltre,\u00a0 che si sta attrezzando per avere un&#8217;oncologia Pediatrica di riferimento con la dottoressa Pilotto.<\/p>\n<\/div>\n<p>&nbsp;<\/p>\n<p>&nbsp;<\/p>\n<hr \/>\n<p>&nbsp;<\/p>\n<blockquote>\n<h3>SABATAMBIENTALI DEL CTG BELLUNO<\/h3>\n<\/blockquote>\n<p><strong>CESIOMAGGIORE<\/strong> \u201cPassi tra suggestivi borghi, ville nobiliari e alberi monumentali\u201d. Questo \u00e8 il titolo delle terza uscita dei Sabatambientali escursioni nella natura e arte e storia della Val Belluna, programmata dal CTG di Belluno per sabato 4 giugno. Si inizier\u00e0 da Calliol dove si visiteranno gli esterni\u00a0 della Villa Canella-Dal Corno per poi fare un rilassante passeggiata naturalistica fino a Menin. In questa localit\u00e0 si trova la pittoresca Villa Cumano-De Mezzan, nei pressi della quale, si pu\u00f2 ammirare uno stupendo tasso monumentale. Ritrovo in partenza a Belluno-Stadio alle 14,30 o alle 15,00 a Cesiomaggiore di fronte al Museo della bicicletta. Accompagnatori\u00a0 l\u2019architetto Lidia Rui e la guida naturalistica ambientale Anacleto Boranga. Posti disponibili 25.\u00a0\u00a0 Iscrizioni al 0437 950075 dalle 9 alle 11 o la sera di marted\u00ec o gioved\u00ec tra le 17:30 e 18:30<\/p>\n<p>&nbsp;<\/p>\n<p>&nbsp;<\/p>\n<hr \/>\n<p>&nbsp;<\/p>\n<blockquote>\n<h3>IL LIBRO, VOLEVO VEDERE LA TUNDRA<strong>\u00a0<\/strong><\/h3>\n<\/blockquote>\n<p><strong>BELLUNO<\/strong> Volevo vedere la Tundra\u00a0 \u00e8\u00a0 il libro in cui Antonella Giacomini, giornalista, scrittrice e insegnante, racconta le proprie esperienze in giro per il mondo, mettendo nero su bianco emozioni, sfide, riflessioni e scelte di oltre trent\u2019anni di esplorazioni nei luoghi pi\u00f9 selvaggi del pianeta. Il libro verr\u00e0 presentato venerd\u00ec 3 giugno alle 20:30 presso la sede dell&#8217;Associazione Bellunesi nel Mondo. L&#8217;autrice dialogher\u00e0 con Irene Savaris, vice direttrice del mensile \u201cBellunesi nel mondo\u201d<\/p>\n<p>&nbsp;<\/p>\n<hr \/>\n<p>&nbsp;<\/p>\n<blockquote>\n<h2><span style=\"color: #ff0000;\">IERI ALLA RADIO\u00a0<\/span><\/h2>\n<\/blockquote>\n<blockquote>\n<h3>EMILIO ASSUMMA E SONIA RODA&#8217;, DALLA CALABRIA ALL&#8217;AGORDINO PER CAMBIARE VITA<\/h3>\n<\/blockquote>\n<p><strong>ALLEGHE\u00a0<\/strong>Come ogni lunedi Gianni Santomaso dalle pagine del Corriere delle Alpi racconta una storia, un personaggio, un pezzo di vita dell\u2019Agordino \u201cVivere l\u2019Agordino\u201d una raccolta spaccato di vita agordina con le immancabili vignette di Erica Andrich<\/p>\n<p><strong>DI GIANNI SANTOMASO<\/strong><\/p>\n<audio class=\"wp-audio-shortcode\" id=\"audio-278777-8\" preload=\"none\" style=\"width: 100%;\" controls=\"controls\"><source type=\"audio\/mpeg\" src=\"https:\/\/www.radiopiu.net\/wordpress\/wp-content\/uploads\/2022\/05\/GIANNI-SPECIALE-AGORDINO-EMILIO-ASSUMMA-E-SONIA-RODA.mp3?_=8\" \/><a href=\"https:\/\/www.radiopiu.net\/wordpress\/wp-content\/uploads\/2022\/05\/GIANNI-SPECIALE-AGORDINO-EMILIO-ASSUMMA-E-SONIA-RODA.mp3\">https:\/\/www.radiopiu.net\/wordpress\/wp-content\/uploads\/2022\/05\/GIANNI-SPECIALE-AGORDINO-EMILIO-ASSUMMA-E-SONIA-RODA.mp3<\/a><\/audio>\n<p>&nbsp;<\/p>\n\n\t\t\t<style type='text\/css'>\n\t\t\t\t#gallery-6 {\n\t\t\t\t\tmargin: auto;\n\t\t\t\t}\n\t\t\t\t#gallery-6 .gallery-item {\n\t\t\t\t\tfloat: left;\n\t\t\t\t\tmargin-top: 10px;\n\t\t\t\t\ttext-align: center;\n\t\t\t\t\twidth: 50%;\n\t\t\t\t}\n\t\t\t\t#gallery-6 img {\n\t\t\t\t\tborder: 2px solid #cfcfcf;\n\t\t\t\t}\n\t\t\t\t#gallery-6 .gallery-caption {\n\t\t\t\t\tmargin-left: 0;\n\t\t\t\t}\n\t\t\t\t\/* see gallery_shortcode() in wp-includes\/media.php *\/\n\t\t\t<\/style>\n\t\t<div id='gallery-6' class='dt-gallery-container gallery galleryid-278777 gallery-columns-2 gallery-size-thumbnail'><dl class='gallery-item'>\n\t\t\t\t<dt class='gallery-icon landscape'>\n\t\t\t\t\t<a class=\"rollover rollover-zoom dt-pswp-item\" title=\"649c2b94-eb1a-4ae0-8bc0-4b4b4540f0ed\" data-dt-img-description=\"\" data-large_image_width=\"1600\" data-large_image_height=\"901\"href='https:\/\/www.radiopiu.net\/wordpress\/wp-content\/uploads\/2022\/05\/649c2b94-eb1a-4ae0-8bc0-4b4b4540f0ed.jpg'><img loading=\"lazy\" decoding=\"async\" width=\"150\" height=\"150\" src=\"https:\/\/www.radiopiu.net\/wordpress\/wp-content\/uploads\/2022\/05\/649c2b94-eb1a-4ae0-8bc0-4b4b4540f0ed-150x150.jpg\" class=\"attachment-thumbnail size-thumbnail\" alt=\"\" \/><\/a>\n\t\t\t\t<\/dt><\/dl><dl class='gallery-item'>\n\t\t\t\t<dt class='gallery-icon portrait'>\n\t\t\t\t\t<a class=\"rollover rollover-zoom dt-pswp-item\" title=\"0\" data-dt-img-description=\"\" data-large_image_width=\"1718\" data-large_image_height=\"1812\"href='https:\/\/www.radiopiu.net\/wordpress\/wp-content\/uploads\/2022\/05\/0-2.png'><img loading=\"lazy\" decoding=\"async\" width=\"150\" height=\"150\" src=\"https:\/\/www.radiopiu.net\/wordpress\/wp-content\/uploads\/2022\/05\/0-2-150x150.png\" class=\"attachment-thumbnail size-thumbnail\" alt=\"\" \/><\/a>\n\t\t\t\t<\/dt><\/dl><br style=\"clear: both\" \/>\n\t\t\t<\/div>\n\n<p>&nbsp;<\/p>\n<p>&nbsp;<\/p>\n<p>&nbsp;<\/p>\n<hr \/>\n<p>&nbsp;<\/p>\n<blockquote>\n<h3>LA VITA DELLA COMUNIT\u00c0 DI SELVA DI CADORE E GLI AVVENIMENTI RICORDATI DA DELL&#8217;ANDREA<\/h3>\n<\/blockquote>\n<p><strong>di Renato Bona<\/strong><\/p>\n<p>&#8220;La vita di una comunit\u00e0 \u00e8 sempre costellata da tanti avvenimenti. Alcuni, come la nascita o la morte di una persona sono &#8216;fisiologici&#8217; e in un certo senso normali; altri, come il rientro dei reduci da una guerra, o una frana che travolge parte del paese, o la visita pastorale del Vescovo, sono avvenimenti straordinari&#8221;. Esordisce cos\u00ec il selvese prof. don Lorenzo Dell&#8217;Andrea nel capitolo &#8220;Avvenimenti&#8221; del suo pregevole e prezioso libro &#8220;Selva di Cadore come era&#8221; (in ladino \u201cSelva da nosak\u00e0n\u201d) edito nel novembre 1993 dall\u2019Union de i Ladi\u00f1 de Selva, stampato dalla bellunese tipografia Piave ed ora non pi\u00f9 esistente. Ricorda quindi, prima di commentare la serie di ottime immagini (raccolte di: Tullio Da Rech, Amelio Monico, Filippo De Filippo, Aristide Bonifacio, Union Ladi\u00f1 de Selva, Antonio Bonifacio, Renzo Nicolai, Iole Monico Lorenzini, Fedele Chizzolin, Elide Cadorin) che &#8220;Un avvenimento che ebbe notevole incidenza sul paese \u00e8 stata la prima guerra mondiale&#8221;: Selva, al confine con l&#8217;Austria, ebbe infatti la vita assai segnata: strade, accampamenti militari, un ospedaletto da campo e, soprattutto, i molti uomini sotto le armi, parecchi dei quali morti o dispersi. E dopo Caporetto, come per i restanti paesi della provincia, l&#8217;occupazione, le requisizioni (le campane di Selva e di Pescul portate via dagli occupanti per farne cannoni), la fame. L&#8217;autore prende atto che: &#8220;dopo ogni guerra, grande festa, grandi adunate di reduci, ricordi e monumenti, ma anche tanti problemi per la ripresa della vita, e precisa che nelle immagini proposte sono ricordati alcuni di questi avvenimenti, qualcuno triste (come il recupero della salma di una persona travolta da una valanga), altri lieti (come la posa della prima pietra di una scuola), altri rientranti nei fenomeni naturali ricorrenti nella nostra vallata e spesso accompagnati da gravi conseguenze (come le nevicate eccezionali e le frane)&#8221; Qui di seguito, le didascalie che accompagnano le singole fotografie ma prima la considerazione finale dal sapore amaro di Lorenzo Dell&#8217;Andrea: &#8220;Col passare del tempo i ricordi di questi avvenimenti si attenuano in quegli stessi che ne sono stati testimoni o addirittura protagonisti, mentre le nuove generazioni spesso non conoscono i fatti del passato nemmeno per sentito dire. Una volta era normale che i vecchi parlassero con i figli e i nipoti del passato, trasmettendone il ricordo. Oggi questo capita rarissimamente, perch\u00e9 nessuno ha tempo n\u00e9 di raccontare n\u00e9 di ascoltare e un pochino anche perch\u00e9 ci si illude che per &#8216;sapere tutto&#8217; basti guardare la televisione!&#8221;. Questo il commento alla prima foto: &#8220;Saluto a Reduci della campagna di Eritrea (1895-96) alla fine del secolo scorso, forse nel 1896 o 1897, sulla piazza di Selva. Da notare la bandiera davanti al Municipio vecchio, la chiesa col campanile, la vecchia sacrestia, l&#8217;albergo con la scritta &#8216;Gasthof Valle Fiorentina&#8217;&#8221;. Tocca a: &#8220;Inaugurazione del monumento provvisorio ai Caduti della prima guerra mondiale davanti al Municipio, monumento che fu successivamente trasportato prima al centro della piazza, poi nell&#8217;attuale posizione nel parco a sud-ovest&#8221;. Seguono due immagini per l&#8217;inaugurazione del monumento ai Caduti negli anni &#8217;20. Tocca quindi a quella del gruppo dei Reduci della guerra 1915-18 in festa con bandiere e coccarde appuntate al petto, probabilmente del 1919; e a quella per la festa dei Combattenti e Reduci della seconda guerra mondiale, presenti reduci, parenti dei caduti e dispersi, il vescovo Girolamo Bortignon, il parroco don Giovanni Longiar\u00f9, il sindaco Davide Cadorin. Altro gruppo: davanti al monumento, probabilmente nel 1946; i Reduci che avevano prestato servizio nel corpo dei Pompieri durante la seconda guerra mondiale. Non potevano certo mancare i &#8220;Ragazzi del &#8217;99&#8221; e i Cavalieri di Vittorio Veneto: siamo nel 1969 in una celebrazione ufficiale; altra immagine dei &#8220;Ragazzi del &#8217;99&#8221; in occasione delle celebrazioni per i loro 80 anni alla Pasadora, davanti alla lapide dei Caduti. Tocca a &#8220;Un gruppo di mamme con famiglia numerosa durante la consegna di un particolare attestato di benemerenza, davanti al Municipio; segue quella di sei ragazze di Selva nel tradizionale costume ladino, che fanno da madrine del gruppo alpini &#8220;Pieve di Cadore&#8221; a Belluno l&#8217;11 aprile 1954. Eccoci alla &#8220;Benedizione del cimitero dopo l&#8217;allargamento, il 21 dicembre 1922; il camposanto intitolato a San Lorenzo benedetto dal vescovo monsignor Giosu\u00e8 Cattarossi. Conclusione della rassegna con immagini riservate al capitolo campane: benedizione dei nuovi broni della chiesa di San Lorenzo il 14 dicembre 1922; quattro bambini di Selva con il parroco don Giovanni Vidale il 14 dicembre di cento anni fa; quattro chierichetti con tonaca, cotta e caratteristica cappa lo stesso giorno; le campane di San Lorenzo che hanno dovuto essere rifuse a causa della rottura di una di esse, l&#8217;immagine risale al 1952; infine: un camion sul quale \u00e8 salito anche il parroco don Giovanni Bedont, sul sagrato della chiesa di Santa Fosca con le nuove campane in sostituzione di quelle requisite dagli austriaci nella Grande Guerra.<\/p>\n\n\t\t\t<style type='text\/css'>\n\t\t\t\t#gallery-7 {\n\t\t\t\t\tmargin: auto;\n\t\t\t\t}\n\t\t\t\t#gallery-7 .gallery-item {\n\t\t\t\t\tfloat: left;\n\t\t\t\t\tmargin-top: 10px;\n\t\t\t\t\ttext-align: center;\n\t\t\t\t\twidth: 16%;\n\t\t\t\t}\n\t\t\t\t#gallery-7 img {\n\t\t\t\t\tborder: 2px solid #cfcfcf;\n\t\t\t\t}\n\t\t\t\t#gallery-7 .gallery-caption {\n\t\t\t\t\tmargin-left: 0;\n\t\t\t\t}\n\t\t\t\t\/* see gallery_shortcode() in wp-includes\/media.php *\/\n\t\t\t<\/style>\n\t\t<div id='gallery-7' class='dt-gallery-container gallery galleryid-278777 gallery-columns-6 gallery-size-thumbnail'><dl class='gallery-item'>\n\t\t\t\t<dt class='gallery-icon landscape'>\n\t\t\t\t\t<a class=\"rollover rollover-zoom dt-pswp-item\" title=\"285138720_2889252151367489_2276410834934351618_n\" data-dt-img-description=\"\" data-large_image_width=\"585\" data-large_image_height=\"403\"href='https:\/\/www.radiopiu.net\/wordpress\/wp-content\/uploads\/2022\/05\/285138720_2889252151367489_2276410834934351618_n.jpg'><img loading=\"lazy\" decoding=\"async\" width=\"150\" height=\"150\" src=\"https:\/\/www.radiopiu.net\/wordpress\/wp-content\/uploads\/2022\/05\/285138720_2889252151367489_2276410834934351618_n-150x150.jpg\" class=\"attachment-thumbnail size-thumbnail\" alt=\"\" \/><\/a>\n\t\t\t\t<\/dt><\/dl><dl class='gallery-item'>\n\t\t\t\t<dt class='gallery-icon landscape'>\n\t\t\t\t\t<a class=\"rollover rollover-zoom dt-pswp-item\" title=\"284589275_1421326151628048_1609900756845757204_n\" data-dt-img-description=\"\" data-large_image_width=\"683\" data-large_image_height=\"403\"href='https:\/\/www.radiopiu.net\/wordpress\/wp-content\/uploads\/2022\/05\/284589275_1421326151628048_1609900756845757204_n.jpg'><img loading=\"lazy\" decoding=\"async\" width=\"150\" height=\"150\" src=\"https:\/\/www.radiopiu.net\/wordpress\/wp-content\/uploads\/2022\/05\/284589275_1421326151628048_1609900756845757204_n-150x150.jpg\" class=\"attachment-thumbnail size-thumbnail\" alt=\"\" \/><\/a>\n\t\t\t\t<\/dt><\/dl><dl class='gallery-item'>\n\t\t\t\t<dt class='gallery-icon landscape'>\n\t\t\t\t\t<a class=\"rollover rollover-zoom dt-pswp-item\" title=\"284852074_753145475701760_8472030124991219219_n\" data-dt-img-description=\"\" data-large_image_width=\"688\" data-large_image_height=\"403\"href='https:\/\/www.radiopiu.net\/wordpress\/wp-content\/uploads\/2022\/05\/284852074_753145475701760_8472030124991219219_n.jpg'><img loading=\"lazy\" decoding=\"async\" width=\"150\" height=\"150\" src=\"https:\/\/www.radiopiu.net\/wordpress\/wp-content\/uploads\/2022\/05\/284852074_753145475701760_8472030124991219219_n-150x150.jpg\" class=\"attachment-thumbnail size-thumbnail\" alt=\"\" \/><\/a>\n\t\t\t\t<\/dt><\/dl><dl class='gallery-item'>\n\t\t\t\t<dt class='gallery-icon landscape'>\n\t\t\t\t\t<a class=\"rollover rollover-zoom dt-pswp-item\" title=\"284323298_480419423840250_3153644473912304360_n\" data-dt-img-description=\"\" data-large_image_width=\"809\" data-large_image_height=\"403\"href='https:\/\/www.radiopiu.net\/wordpress\/wp-content\/uploads\/2022\/05\/284323298_480419423840250_3153644473912304360_n.jpg'><img loading=\"lazy\" decoding=\"async\" width=\"150\" height=\"150\" src=\"https:\/\/www.radiopiu.net\/wordpress\/wp-content\/uploads\/2022\/05\/284323298_480419423840250_3153644473912304360_n-150x150.jpg\" class=\"attachment-thumbnail size-thumbnail\" alt=\"\" \/><\/a>\n\t\t\t\t<\/dt><\/dl><dl class='gallery-item'>\n\t\t\t\t<dt class='gallery-icon landscape'>\n\t\t\t\t\t<a class=\"rollover rollover-zoom dt-pswp-item\" title=\"284583858_359411909509973_9131194615532648615_n\" data-dt-img-description=\"\" data-large_image_width=\"810\" data-large_image_height=\"403\"href='https:\/\/www.radiopiu.net\/wordpress\/wp-content\/uploads\/2022\/05\/284583858_359411909509973_9131194615532648615_n.jpg'><img loading=\"lazy\" decoding=\"async\" width=\"150\" height=\"150\" src=\"https:\/\/www.radiopiu.net\/wordpress\/wp-content\/uploads\/2022\/05\/284583858_359411909509973_9131194615532648615_n-150x150.jpg\" class=\"attachment-thumbnail size-thumbnail\" alt=\"\" \/><\/a>\n\t\t\t\t<\/dt><\/dl><dl class='gallery-item'>\n\t\t\t\t<dt class='gallery-icon landscape'>\n\t\t\t\t\t<a class=\"rollover rollover-zoom dt-pswp-item\" title=\"284726492_1351135305364981_4696025542972237991_n\" data-dt-img-description=\"\" data-large_image_width=\"747\" data-large_image_height=\"403\"href='https:\/\/www.radiopiu.net\/wordpress\/wp-content\/uploads\/2022\/05\/284726492_1351135305364981_4696025542972237991_n.jpg'><img loading=\"lazy\" decoding=\"async\" width=\"150\" height=\"150\" src=\"https:\/\/www.radiopiu.net\/wordpress\/wp-content\/uploads\/2022\/05\/284726492_1351135305364981_4696025542972237991_n-150x150.jpg\" class=\"attachment-thumbnail size-thumbnail\" alt=\"\" \/><\/a>\n\t\t\t\t<\/dt><\/dl><br style=\"clear: both\" \/><dl class='gallery-item'>\n\t\t\t\t<dt class='gallery-icon landscape'>\n\t\t\t\t\t<a class=\"rollover rollover-zoom dt-pswp-item\" title=\"284042404_1118063178759067_1566112678381157901_n\" data-dt-img-description=\"\" data-large_image_width=\"664\" data-large_image_height=\"403\"href='https:\/\/www.radiopiu.net\/wordpress\/wp-content\/uploads\/2022\/05\/284042404_1118063178759067_1566112678381157901_n.jpg'><img loading=\"lazy\" decoding=\"async\" width=\"150\" height=\"150\" src=\"https:\/\/www.radiopiu.net\/wordpress\/wp-content\/uploads\/2022\/05\/284042404_1118063178759067_1566112678381157901_n-150x150.jpg\" class=\"attachment-thumbnail size-thumbnail\" alt=\"\" \/><\/a>\n\t\t\t\t<\/dt><\/dl><dl class='gallery-item'>\n\t\t\t\t<dt class='gallery-icon landscape'>\n\t\t\t\t\t<a class=\"rollover rollover-zoom dt-pswp-item\" title=\"284395711_723180202163241_5012014149468651639_n\" data-dt-img-description=\"\" data-large_image_width=\"662\" data-large_image_height=\"403\"href='https:\/\/www.radiopiu.net\/wordpress\/wp-content\/uploads\/2022\/05\/284395711_723180202163241_5012014149468651639_n.jpg'><img loading=\"lazy\" decoding=\"async\" width=\"150\" height=\"150\" src=\"https:\/\/www.radiopiu.net\/wordpress\/wp-content\/uploads\/2022\/05\/284395711_723180202163241_5012014149468651639_n-150x150.jpg\" class=\"attachment-thumbnail size-thumbnail\" alt=\"\" \/><\/a>\n\t\t\t\t<\/dt><\/dl><dl class='gallery-item'>\n\t\t\t\t<dt class='gallery-icon landscape'>\n\t\t\t\t\t<a class=\"rollover rollover-zoom dt-pswp-item\" title=\"284179608_335901655334991_5714074074643315185_n\" data-dt-img-description=\"\" data-large_image_width=\"699\" data-large_image_height=\"403\"href='https:\/\/www.radiopiu.net\/wordpress\/wp-content\/uploads\/2022\/05\/284179608_335901655334991_5714074074643315185_n.jpg'><img loading=\"lazy\" decoding=\"async\" width=\"150\" height=\"150\" src=\"https:\/\/www.radiopiu.net\/wordpress\/wp-content\/uploads\/2022\/05\/284179608_335901655334991_5714074074643315185_n-150x150.jpg\" class=\"attachment-thumbnail size-thumbnail\" alt=\"\" \/><\/a>\n\t\t\t\t<\/dt><\/dl><dl class='gallery-item'>\n\t\t\t\t<dt class='gallery-icon landscape'>\n\t\t\t\t\t<a class=\"rollover rollover-zoom dt-pswp-item\" title=\"284773062_5839335086093391_6625121654079272526_n\" data-dt-img-description=\"\" data-large_image_width=\"666\" data-large_image_height=\"403\"href='https:\/\/www.radiopiu.net\/wordpress\/wp-content\/uploads\/2022\/05\/284773062_5839335086093391_6625121654079272526_n.jpg'><img loading=\"lazy\" decoding=\"async\" width=\"150\" height=\"150\" src=\"https:\/\/www.radiopiu.net\/wordpress\/wp-content\/uploads\/2022\/05\/284773062_5839335086093391_6625121654079272526_n-150x150.jpg\" class=\"attachment-thumbnail size-thumbnail\" alt=\"\" \/><\/a>\n\t\t\t\t<\/dt><\/dl><dl class='gallery-item'>\n\t\t\t\t<dt class='gallery-icon landscape'>\n\t\t\t\t\t<a class=\"rollover rollover-zoom dt-pswp-item\" title=\"284283341_433709794786217_2108436144502978182_n\" data-dt-img-description=\"\" data-large_image_width=\"641\" data-large_image_height=\"403\"href='https:\/\/www.radiopiu.net\/wordpress\/wp-content\/uploads\/2022\/05\/284283341_433709794786217_2108436144502978182_n.jpg'><img loading=\"lazy\" decoding=\"async\" width=\"150\" height=\"150\" src=\"https:\/\/www.radiopiu.net\/wordpress\/wp-content\/uploads\/2022\/05\/284283341_433709794786217_2108436144502978182_n-150x150.jpg\" class=\"attachment-thumbnail size-thumbnail\" alt=\"\" \/><\/a>\n\t\t\t\t<\/dt><\/dl><dl class='gallery-item'>\n\t\t\t\t<dt class='gallery-icon landscape'>\n\t\t\t\t\t<a class=\"rollover rollover-zoom dt-pswp-item\" title=\"284549107_1647940048912149_7036459192670650053_n\" data-dt-img-description=\"\" data-large_image_width=\"801\" data-large_image_height=\"403\"href='https:\/\/www.radiopiu.net\/wordpress\/wp-content\/uploads\/2022\/05\/284549107_1647940048912149_7036459192670650053_n.jpg'><img loading=\"lazy\" decoding=\"async\" width=\"150\" height=\"150\" src=\"https:\/\/www.radiopiu.net\/wordpress\/wp-content\/uploads\/2022\/05\/284549107_1647940048912149_7036459192670650053_n-150x150.jpg\" class=\"attachment-thumbnail size-thumbnail\" alt=\"\" \/><\/a>\n\t\t\t\t<\/dt><\/dl><br style=\"clear: both\" \/><dl class='gallery-item'>\n\t\t\t\t<dt class='gallery-icon landscape'>\n\t\t\t\t\t<a class=\"rollover rollover-zoom dt-pswp-item\" title=\"284409308_732992801297270_8850577830967687602_n\" data-dt-img-description=\"\" data-large_image_width=\"765\" data-large_image_height=\"403\"href='https:\/\/www.radiopiu.net\/wordpress\/wp-content\/uploads\/2022\/05\/284409308_732992801297270_8850577830967687602_n.jpg'><img loading=\"lazy\" decoding=\"async\" width=\"150\" height=\"150\" src=\"https:\/\/www.radiopiu.net\/wordpress\/wp-content\/uploads\/2022\/05\/284409308_732992801297270_8850577830967687602_n-150x150.jpg\" class=\"attachment-thumbnail size-thumbnail\" alt=\"\" \/><\/a>\n\t\t\t\t<\/dt><\/dl><dl class='gallery-item'>\n\t\t\t\t<dt class='gallery-icon landscape'>\n\t\t\t\t\t<a class=\"rollover rollover-zoom dt-pswp-item\" title=\"284716728_1137887223440060_5879201752160040070_n\" data-dt-img-description=\"\" data-large_image_width=\"683\" data-large_image_height=\"403\"href='https:\/\/www.radiopiu.net\/wordpress\/wp-content\/uploads\/2022\/05\/284716728_1137887223440060_5879201752160040070_n.jpg'><img loading=\"lazy\" decoding=\"async\" width=\"150\" height=\"150\" src=\"https:\/\/www.radiopiu.net\/wordpress\/wp-content\/uploads\/2022\/05\/284716728_1137887223440060_5879201752160040070_n-150x150.jpg\" class=\"attachment-thumbnail size-thumbnail\" alt=\"\" \/><\/a>\n\t\t\t\t<\/dt><\/dl><dl class='gallery-item'>\n\t\t\t\t<dt class='gallery-icon landscape'>\n\t\t\t\t\t<a class=\"rollover rollover-zoom dt-pswp-item\" title=\"284243139_739642903840248_8133384982910822792_n\" data-dt-img-description=\"\" data-large_image_width=\"806\" data-large_image_height=\"403\"href='https:\/\/www.radiopiu.net\/wordpress\/wp-content\/uploads\/2022\/05\/284243139_739642903840248_8133384982910822792_n.jpg'><img loading=\"lazy\" decoding=\"async\" width=\"150\" height=\"150\" src=\"https:\/\/www.radiopiu.net\/wordpress\/wp-content\/uploads\/2022\/05\/284243139_739642903840248_8133384982910822792_n-150x150.jpg\" class=\"attachment-thumbnail size-thumbnail\" alt=\"\" \/><\/a>\n\t\t\t\t<\/dt><\/dl><dl class='gallery-item'>\n\t\t\t\t<dt class='gallery-icon landscape'>\n\t\t\t\t\t<a class=\"rollover rollover-zoom dt-pswp-item\" title=\"284265560_5198867530152195_562591996625260937_n\" data-dt-img-description=\"\" data-large_image_width=\"625\" data-large_image_height=\"403\"href='https:\/\/www.radiopiu.net\/wordpress\/wp-content\/uploads\/2022\/05\/284265560_5198867530152195_562591996625260937_n.jpg'><img loading=\"lazy\" decoding=\"async\" width=\"150\" height=\"150\" src=\"https:\/\/www.radiopiu.net\/wordpress\/wp-content\/uploads\/2022\/05\/284265560_5198867530152195_562591996625260937_n-150x150.jpg\" class=\"attachment-thumbnail size-thumbnail\" alt=\"\" \/><\/a>\n\t\t\t\t<\/dt><\/dl><dl class='gallery-item'>\n\t\t\t\t<dt class='gallery-icon landscape'>\n\t\t\t\t\t<a class=\"rollover rollover-zoom dt-pswp-item\" title=\"284194483_1076843862901372_4480837773494613680_n\" data-dt-img-description=\"\" data-large_image_width=\"658\" data-large_image_height=\"403\"href='https:\/\/www.radiopiu.net\/wordpress\/wp-content\/uploads\/2022\/05\/284194483_1076843862901372_4480837773494613680_n.jpg'><img loading=\"lazy\" decoding=\"async\" width=\"150\" height=\"150\" src=\"https:\/\/www.radiopiu.net\/wordpress\/wp-content\/uploads\/2022\/05\/284194483_1076843862901372_4480837773494613680_n-150x150.jpg\" class=\"attachment-thumbnail size-thumbnail\" alt=\"\" \/><\/a>\n\t\t\t\t<\/dt><\/dl><dl class='gallery-item'>\n\t\t\t\t<dt class='gallery-icon landscape'>\n\t\t\t\t\t<a class=\"rollover rollover-zoom dt-pswp-item\" title=\"285148935_1314044849119327_6146786892091543723_n\" data-dt-img-description=\"\" data-large_image_width=\"698\" data-large_image_height=\"403\"href='https:\/\/www.radiopiu.net\/wordpress\/wp-content\/uploads\/2022\/05\/285148935_1314044849119327_6146786892091543723_n.jpg'><img loading=\"lazy\" decoding=\"async\" width=\"150\" height=\"150\" src=\"https:\/\/www.radiopiu.net\/wordpress\/wp-content\/uploads\/2022\/05\/285148935_1314044849119327_6146786892091543723_n-150x150.jpg\" class=\"attachment-thumbnail size-thumbnail\" alt=\"\" \/><\/a>\n\t\t\t\t<\/dt><\/dl><br style=\"clear: both\" \/>\n\t\t\t<\/div>\n\n<p>&nbsp;<\/p>\n<hr \/>\n<p>&nbsp;<\/p>\n<h2><span style=\"color: #008080;\">SALUTE &amp; SOCIETA&#8217;\u00a0<\/span><\/h2>\n<p><strong>LA RACCOLTA<\/strong><\/p>\n<blockquote class=\"wp-embedded-content\" data-secret=\"hK39rp3Y6Q\"><p><a href=\"https:\/\/www.radiopiu.net\/wordpress\/saluteesocieta\/\">Salute e Societ\u00e0<\/a><\/p><\/blockquote>\n<p><iframe loading=\"lazy\" class=\"wp-embedded-content\" sandbox=\"allow-scripts\" security=\"restricted\" style=\"position: absolute; clip: rect(1px, 1px, 1px, 1px);\" title=\"&#8220;Salute e Societ\u00e0&#8221; &#8212; Radio Pi\u00f9\" src=\"https:\/\/www.radiopiu.net\/wordpress\/saluteesocieta\/embed\/#?secret=Qgp9UNUdkv#?secret=hK39rp3Y6Q\" data-secret=\"hK39rp3Y6Q\" width=\"600\" height=\"338\" frameborder=\"0\" marginwidth=\"0\" marginheight=\"0\" scrolling=\"no\"><\/iframe><\/p>\n<p>&nbsp;<\/p>\n<hr \/>\n<p>&nbsp;<\/p>\n<h2><span style=\"color: #ff00ff;\">007 IN CONDOTTA CON LA PROF. MARIA ROSA SALMAZO<\/span><\/h2>\n<p><strong>PUNTATA DEL 30 MAGGIO 2022\u00a0<\/strong><\/p>\n<audio class=\"wp-audio-shortcode\" id=\"audio-278777-9\" preload=\"none\" style=\"width: 100%;\" controls=\"controls\"><source type=\"audio\/mpeg\" src=\"https:\/\/www.radiopiu.net\/wordpress\/wp-content\/uploads\/2022\/05\/007-30-maggio.mp3?_=9\" \/><a href=\"https:\/\/www.radiopiu.net\/wordpress\/wp-content\/uploads\/2022\/05\/007-30-maggio.mp3\">https:\/\/www.radiopiu.net\/wordpress\/wp-content\/uploads\/2022\/05\/007-30-maggio.mp3<\/a><\/audio>\n<p><strong>LA RACCOLTA COMPLETA\u00a0<\/strong><\/p>\n<blockquote class=\"wp-embedded-content\" data-secret=\"diDkd726Ri\"><p><a href=\"https:\/\/www.radiopiu.net\/wordpress\/007incondotta-9\/\">007 in condotta<\/a><\/p><\/blockquote>\n<p><iframe loading=\"lazy\" class=\"wp-embedded-content\" sandbox=\"allow-scripts\" security=\"restricted\" style=\"position: absolute; clip: rect(1px, 1px, 1px, 1px);\" title=\"&#8220;007 in condotta&#8221; &#8212; Radio Pi\u00f9\" src=\"https:\/\/www.radiopiu.net\/wordpress\/007incondotta-9\/embed\/#?secret=cq0q4l5bct#?secret=diDkd726Ri\" data-secret=\"diDkd726Ri\" width=\"600\" height=\"338\" frameborder=\"0\" marginwidth=\"0\" marginheight=\"0\" scrolling=\"no\"><\/iframe><\/p>\n<p>&nbsp;<\/p>\n<hr \/>\n<h3 class=\"kvgmc6g5 cxmmr5t8 oygrvhab hcukyx3x c1et5uql\"><span style=\"color: #0000ff;\"><strong>\u00a0<\/strong><\/span><\/h3>\n<h3 class=\"kvgmc6g5 cxmmr5t8 oygrvhab hcukyx3x c1et5uql\"><span style=\"color: #0000ff;\"><strong>INFORMAZIONE il canale su TELEGRAM informazione di prima mano e in tempo reale. iscriviti ed aiutaci a farlo conoscere\u00a0 \u00a0<\/strong><\/span><\/h3>\n<p>&nbsp;<\/p>\n<hr \/>\n<p>&nbsp;<\/p>\n<h2><span style=\"color: #800080;\">STORIE A QUATTROCCHI\u00a0 \u00a0<\/span><\/h2>\n<p><strong>LA RACCOLTA COMPLETA\u00a0<\/strong><\/p>\n<blockquote class=\"wp-embedded-content\" data-secret=\"da6ycnZvmg\"><p><a href=\"https:\/\/www.radiopiu.net\/wordpress\/storie-a-quattrocchi\/\">Storie a quattrocchi<\/a><\/p><\/blockquote>\n<p><iframe loading=\"lazy\" class=\"wp-embedded-content\" sandbox=\"allow-scripts\" security=\"restricted\" style=\"position: absolute; clip: rect(1px, 1px, 1px, 1px);\" title=\"&#8220;Storie a quattrocchi&#8221; &#8212; Radio Pi\u00f9\" src=\"https:\/\/www.radiopiu.net\/wordpress\/storie-a-quattrocchi\/embed\/#?secret=rCb6iTGXAv#?secret=da6ycnZvmg\" data-secret=\"da6ycnZvmg\" width=\"600\" height=\"338\" frameborder=\"0\" marginwidth=\"0\" marginheight=\"0\" scrolling=\"no\"><\/iframe><\/p>\n<p>&nbsp;<\/p>\n<hr \/>\n<p>&nbsp;<\/p>\n<h2><\/h2>\n<h2><span style=\"color: #008080;\">&#8220;DINTORN E FORA VIA&#8221; A CURA DEL MUSLA, IL NUOVO PROGRAMMA\u00a0 \u00a0<\/span><\/h2>\n<p><a class=\"dt-pswp-item\" href=\"https:\/\/www.radiopiu.net\/wordpress\/wp-content\/uploads\/2022\/05\/2f4b0c06-648e-494a-806e-f0fdfa7b7f07.jpg\" data-dt-img-description=\"\" data-large_image_width=\"1600\" data-large_image_height=\"762\"><img loading=\"lazy\" decoding=\"async\" class=\"alignleft wp-image-278815 \" src=\"https:\/\/www.radiopiu.net\/wordpress\/wp-content\/uploads\/2022\/05\/2f4b0c06-648e-494a-806e-f0fdfa7b7f07-300x143.jpg\" alt=\"\" width=\"187\" height=\"89\" srcset=\"https:\/\/www.radiopiu.net\/wordpress\/wp-content\/uploads\/2022\/05\/2f4b0c06-648e-494a-806e-f0fdfa7b7f07-300x143.jpg 300w, https:\/\/www.radiopiu.net\/wordpress\/wp-content\/uploads\/2022\/05\/2f4b0c06-648e-494a-806e-f0fdfa7b7f07-1024x488.jpg 1024w, https:\/\/www.radiopiu.net\/wordpress\/wp-content\/uploads\/2022\/05\/2f4b0c06-648e-494a-806e-f0fdfa7b7f07-768x366.jpg 768w, https:\/\/www.radiopiu.net\/wordpress\/wp-content\/uploads\/2022\/05\/2f4b0c06-648e-494a-806e-f0fdfa7b7f07-1536x732.jpg 1536w, https:\/\/www.radiopiu.net\/wordpress\/wp-content\/uploads\/2022\/05\/2f4b0c06-648e-494a-806e-f0fdfa7b7f07.jpg 1600w\" sizes=\"auto, (max-width: 187px) 100vw, 187px\" \/><\/a><strong>\u00a0PUNTATA DEL 31 MAGGIO 2022- CON VERONICA LEZUO\u00a0<\/strong><\/p>\n<audio class=\"wp-audio-shortcode\" id=\"audio-278777-10\" preload=\"none\" style=\"width: 100%;\" controls=\"controls\"><source type=\"audio\/mpeg\" src=\"https:\/\/www.radiopiu.net\/wordpress\/wp-content\/uploads\/2022\/05\/musla-31-maggio.mp3?_=10\" \/><a href=\"https:\/\/www.radiopiu.net\/wordpress\/wp-content\/uploads\/2022\/05\/musla-31-maggio.mp3\">https:\/\/www.radiopiu.net\/wordpress\/wp-content\/uploads\/2022\/05\/musla-31-maggio.mp3<\/a><\/audio>\n<p>&nbsp;<\/p>\n<p><strong>LA RACCOLTA COMPLETA<\/strong><\/p>\n<blockquote class=\"wp-embedded-content\" data-secret=\"rnJi2MXPb5\"><p><a href=\"https:\/\/www.radiopiu.net\/wordpress\/musla\/\">MUSLA<\/a><\/p><\/blockquote>\n<p><iframe loading=\"lazy\" class=\"wp-embedded-content\" sandbox=\"allow-scripts\" security=\"restricted\" style=\"position: absolute; clip: rect(1px, 1px, 1px, 1px);\" title=\"&#8220;MUSLA&#8221; &#8212; Radio Pi\u00f9\" src=\"https:\/\/www.radiopiu.net\/wordpress\/musla\/embed\/#?secret=tIGeThVQpi#?secret=rnJi2MXPb5\" data-secret=\"rnJi2MXPb5\" width=\"600\" height=\"338\" frameborder=\"0\" marginwidth=\"0\" marginheight=\"0\" scrolling=\"no\"><\/iframe><\/p>\n<p>&nbsp;<\/p>\n<p>&nbsp;<\/p>\n<p>&nbsp;<\/p>\n<hr \/>\n<p>&nbsp;<\/p>\n<h2><span style=\"color: #800080;\">GIROVAGANDO IN E-BIKE 2022<\/span><\/h2>\n<p><strong>LA RACCOLTA<\/strong><\/p>\n<blockquote class=\"wp-embedded-content\" data-secret=\"Rn3aAvj8up\"><p><a href=\"https:\/\/www.radiopiu.net\/wordpress\/girovagando-in-e-bike-tra-le-dolomiti\/\">GIROVAGANDO IN E BIKE TRA LE DOLOMITI<\/a><\/p><\/blockquote>\n<p><iframe loading=\"lazy\" class=\"wp-embedded-content\" sandbox=\"allow-scripts\" security=\"restricted\" style=\"position: absolute; clip: rect(1px, 1px, 1px, 1px);\" title=\"&#8220;GIROVAGANDO IN E BIKE TRA LE DOLOMITI&#8221; &#8212; Radio Pi\u00f9\" src=\"https:\/\/www.radiopiu.net\/wordpress\/girovagando-in-e-bike-tra-le-dolomiti\/embed\/#?secret=KNI0UWEU8E#?secret=Rn3aAvj8up\" data-secret=\"Rn3aAvj8up\" width=\"600\" height=\"338\" frameborder=\"0\" marginwidth=\"0\" marginheight=\"0\" scrolling=\"no\"><\/iframe><\/p>\n<p>&nbsp;<\/p>\n<hr \/>\n<p>&nbsp;<\/p>\n<blockquote class=\"wp-embedded-content\" data-secret=\"XUoQdxE2Oy\"><p><a href=\"https:\/\/www.radiopiu.net\/wordpress\/39annimaggi30\/\">39 ANNI DI RADIO&#8230;L&#8217;ANGOLO DEI RICORDI,  DAI BANCHI DI SCUOLA A QUELLI DEL CALCIO QUANDO C&#8217;ERA LA SQUADRA DEL 2B<\/a><\/p><\/blockquote>\n<p><iframe loading=\"lazy\" class=\"wp-embedded-content\" sandbox=\"allow-scripts\" security=\"restricted\" style=\"position: absolute; clip: rect(1px, 1px, 1px, 1px);\" title=\"&#8220;39 ANNI DI RADIO&#8230;L&#8217;ANGOLO DEI RICORDI,  DAI BANCHI DI SCUOLA A QUELLI DEL CALCIO QUANDO C&#8217;ERA LA SQUADRA DEL 2B&#8221; &#8212; Radio Pi\u00f9\" src=\"https:\/\/www.radiopiu.net\/wordpress\/39annimaggi30\/embed\/#?secret=5YvA0hVVuV#?secret=XUoQdxE2Oy\" data-secret=\"XUoQdxE2Oy\" width=\"600\" height=\"338\" frameborder=\"0\" marginwidth=\"0\" marginheight=\"0\" scrolling=\"no\"><\/iframe><\/p>\n<p>&nbsp;<\/p>\n<p>&nbsp;<\/p>\n<hr \/>\n<p>&nbsp;<\/p>\n<div>\n<div class=\"b654a4as d2edcug0\">\n<div class=\"rq0escxv hkbzh7o3 jwdofwj8 n8tt0mok r8blr3vg hyh9befq\">\n<p><a class=\"dt-pswp-item\" href=\"https:\/\/www.radiopiu.net\/wordpress\/wp-content\/uploads\/2020\/10\/pp.jpg\" data-dt-img-description=\"\" data-large_image_width=\"640\" data-large_image_height=\"640\"><img loading=\"lazy\" decoding=\"async\" class=\"wp-image-163678 alignleft\" src=\"https:\/\/www.radiopiu.net\/wordpress\/wp-content\/uploads\/2020\/10\/pp-300x300.jpg\" alt=\"\" width=\"106\" height=\"106\" srcset=\"https:\/\/www.radiopiu.net\/wordpress\/wp-content\/uploads\/2020\/10\/pp-300x300.jpg 300w, https:\/\/www.radiopiu.net\/wordpress\/wp-content\/uploads\/2020\/10\/pp-150x150.jpg 150w, https:\/\/www.radiopiu.net\/wordpress\/wp-content\/uploads\/2020\/10\/pp-125x125.jpg 125w, https:\/\/www.radiopiu.net\/wordpress\/wp-content\/uploads\/2020\/10\/pp-200x200.jpg 200w, https:\/\/www.radiopiu.net\/wordpress\/wp-content\/uploads\/2020\/10\/pp-80x80.jpg 80w, https:\/\/www.radiopiu.net\/wordpress\/wp-content\/uploads\/2020\/10\/pp-480x480.jpg 480w, https:\/\/www.radiopiu.net\/wordpress\/wp-content\/uploads\/2020\/10\/pp.jpg 640w\" sizes=\"auto, (max-width: 106px) 100vw, 106px\" \/><\/a><\/p>\n<\/div>\n<\/div>\n<\/div>\n<div>\n<div class=\"page-title-head hgroup\">\n<div class=\"page-title-head hgroup\">\n<div class=\"b654a4as d2edcug0\">\n<div class=\"j83agx80 btwxx1t3 lhclo0ds hop8lmos nkwizq5d scwd0bx6 roh60bw9\">\n<div class=\"rq0escxv hkbzh7o3 jwdofwj8 n8tt0mok r8blr3vg hyh9befq\">\n<div class=\"do00u71z l9j0dhe7 k4urcfbm\">\n<h2><span style=\"color: #000080;\">DON CESARE, IL PENSIERO DEL GIORNO. ALLA RADIO ALLE 7 DEL MATTINO E ALLE 19.30 DELLA SERA.\u00a0<\/span><\/h2>\n<p>&nbsp;<\/p>\n<\/div>\n<audio class=\"wp-audio-shortcode\" id=\"audio-278777-11\" preload=\"none\" style=\"width: 100%;\" controls=\"controls\"><source type=\"audio\/mpeg\" src=\"https:\/\/www.radiopiu.net\/wordpress\/wp-content\/uploads\/2022\/06\/CESARE.mp3?_=11\" \/><a href=\"https:\/\/www.radiopiu.net\/wordpress\/wp-content\/uploads\/2022\/06\/CESARE.mp3\">https:\/\/www.radiopiu.net\/wordpress\/wp-content\/uploads\/2022\/06\/CESARE.mp3<\/a><\/audio>\n<\/div>\n<\/div>\n<\/div>\n<\/div>\n<\/div>\n<\/div>\n<p>&nbsp;<\/p>\n<p>&nbsp;<\/p>\n<hr \/>\n<p>&nbsp;<\/p>\n<div class=\"do00u71z l9j0dhe7 k4urcfbm\">\n<div class=\"page-title-head hgroup\">\n<div class=\"page-title-head hgroup\">\n<div class=\"b654a4as d2edcug0\">\n<div class=\"j83agx80 btwxx1t3 lhclo0ds hop8lmos nkwizq5d scwd0bx6 roh60bw9\">\n<div class=\"rq0escxv hkbzh7o3 jwdofwj8 n8tt0mok r8blr3vg hyh9befq\">\n<div class=\"do00u71z l9j0dhe7 k4urcfbm\">\n<div class=\"page-title-head hgroup\">\n<div class=\"page-title-head hgroup\">\n<div class=\"b654a4as d2edcug0\">\n<div class=\"j83agx80 btwxx1t3 lhclo0ds hop8lmos nkwizq5d scwd0bx6 roh60bw9\">\n<div class=\"rq0escxv hkbzh7o3 jwdofwj8 n8tt0mok r8blr3vg hyh9befq\">\n<div class=\"do00u71z l9j0dhe7 k4urcfbm\">\n<div class=\"ecm0bbzt e5nlhep0 a8c37x1j\">\n<div class=\"kvgmc6g5 cxmmr5t8 oygrvhab hcukyx3x c1et5uql\">\n<div class=\"gmail-kvgmc6g5 gmail-cxmmr5t8 gmail-oygrvhab gmail-hcukyx3x gmail-c1et5uql gmail-ii04i59q\">\n<div class=\"page-title-head hgroup\">\n<div class=\"page-title-head hgroup\">\n<div class=\"b654a4as d2edcug0\">\n<div class=\"j83agx80 btwxx1t3 lhclo0ds hop8lmos nkwizq5d scwd0bx6 roh60bw9\">\n<div class=\"rq0escxv hkbzh7o3 jwdofwj8 n8tt0mok r8blr3vg hyh9befq\">\n<div class=\"do00u71z l9j0dhe7 k4urcfbm\">\n<div class=\"page-title-head hgroup\">\n<div class=\"page-title-head hgroup\">\n<div class=\"b654a4as d2edcug0\">\n<div class=\"j83agx80 btwxx1t3 lhclo0ds hop8lmos nkwizq5d scwd0bx6 roh60bw9\">\n<div class=\"rq0escxv hkbzh7o3 jwdofwj8 n8tt0mok r8blr3vg hyh9befq\">\n<div class=\"do00u71z l9j0dhe7 k4urcfbm\">\n<div class=\"page-title-head hgroup\">\n<div class=\"page-title-head hgroup\">\n<div class=\"b654a4as d2edcug0\">\n<div class=\"j83agx80 btwxx1t3 lhclo0ds hop8lmos nkwizq5d scwd0bx6 roh60bw9\">\n<div class=\"rq0escxv hkbzh7o3 jwdofwj8 n8tt0mok r8blr3vg hyh9befq\">\n<div class=\"do00u71z l9j0dhe7 k4urcfbm\">\n<div class=\"ecm0bbzt e5nlhep0 a8c37x1j\">\n<div class=\"kvgmc6g5 cxmmr5t8 oygrvhab hcukyx3x c1et5uql\">\n<div class=\"gmail-kvgmc6g5 gmail-cxmmr5t8 gmail-oygrvhab gmail-hcukyx3x gmail-c1et5uql gmail-ii04i59q\">\n<div class=\"page-title-head hgroup\">\n<div class=\"page-title-head hgroup\">\n<div class=\"b654a4as d2edcug0\">\n<div class=\"j83agx80 btwxx1t3 lhclo0ds hop8lmos nkwizq5d scwd0bx6 roh60bw9\">\n<div class=\"rq0escxv hkbzh7o3 jwdofwj8 n8tt0mok r8blr3vg hyh9befq\">\n<div class=\"do00u71z l9j0dhe7 k4urcfbm\">\n<blockquote>\n<h3><span style=\"color: #ff0000;\">IN VIVO VERSO,\u00a0 RIASCOLTIAMOLE DAL LUNEDI AL VENERDI ALLE 7.10, 10.10, 18 50<\/span><\/h3>\n<h3>RIASCOLTIAMOLE, STAGIONE 2019_2020 di ALDO IORIO &#8220;NOSTALGIA&#8221;<\/h3>\n<\/blockquote>\n<p><strong>AUDIO<\/strong><\/p>\n<audio class=\"wp-audio-shortcode\" id=\"audio-278777-12\" preload=\"none\" style=\"width: 100%;\" controls=\"controls\"><source type=\"audio\/mpeg\" src=\"https:\/\/www.radiopiu.net\/wordpress\/wp-content\/uploads\/2022\/05\/POESIA-02-ALDO-IORIO-NOSTALGIA.mp3?_=12\" \/><a href=\"https:\/\/www.radiopiu.net\/wordpress\/wp-content\/uploads\/2022\/05\/POESIA-02-ALDO-IORIO-NOSTALGIA.mp3\">https:\/\/www.radiopiu.net\/wordpress\/wp-content\/uploads\/2022\/05\/POESIA-02-ALDO-IORIO-NOSTALGIA.mp3<\/a><\/audio>\n<p><img loading=\"lazy\" decoding=\"async\" class=\"\" src=\"https:\/\/www.radiopiu.net\/wordpress\/wp-content\/uploads\/2021\/03\/ALDO-IORIO-FOTO-300x300.jpg\" width=\"153\" height=\"153\" \/><\/p>\n<p>LA RACCOLTA COMPLETA<\/p>\n<p>&nbsp;<\/p>\n<blockquote class=\"wp-embedded-content\" data-secret=\"XnTcUVDonV\"><p><a href=\"https:\/\/www.radiopiu.net\/wordpress\/in-vivo-verso\/\">In Vivo Verso<\/a><\/p><\/blockquote>\n<p><iframe loading=\"lazy\" class=\"wp-embedded-content\" sandbox=\"allow-scripts\" security=\"restricted\" style=\"position: absolute; clip: rect(1px, 1px, 1px, 1px);\" title=\"&#8220;In Vivo Verso&#8221; &#8212; Radio Pi\u00f9\" src=\"https:\/\/www.radiopiu.net\/wordpress\/in-vivo-verso\/embed\/#?secret=Cs5eT9fCwt#?secret=XnTcUVDonV\" data-secret=\"XnTcUVDonV\" width=\"600\" height=\"338\" frameborder=\"0\" marginwidth=\"0\" marginheight=\"0\" scrolling=\"no\"><\/iframe><\/p>\n<p>&nbsp;<\/p>\n<hr \/>\n<p>&nbsp;<\/p>\n<h3 class=\"entry-title\"><span style=\"color: #ff0000;\"><a href=\"https:\/\/www.radiopiu.net\/wordpress\/wp-content\/uploads\/2022\/04\/bustos-756620__340.webp\"><img loading=\"lazy\" decoding=\"async\" class=\" wp-image-271808 alignleft\" src=\"https:\/\/www.radiopiu.net\/wordpress\/wp-content\/uploads\/2022\/04\/bustos-756620__340-150x150.webp\" alt=\"\" width=\"94\" height=\"94\" \/><\/a>GOCCE DI FILOSOFIA &#8211; PUNTATA 212 CON CHIARA CAU<\/span><\/h3>\n<audio class=\"wp-audio-shortcode\" id=\"audio-278777-13\" preload=\"none\" style=\"width: 100%;\" controls=\"controls\"><source type=\"audio\/mpeg\" src=\"https:\/\/www.radiopiu.net\/wordpress\/wp-content\/uploads\/2022\/05\/FI2-4.mp3?_=13\" \/><a href=\"https:\/\/www.radiopiu.net\/wordpress\/wp-content\/uploads\/2022\/05\/FI2-4.mp3\">https:\/\/www.radiopiu.net\/wordpress\/wp-content\/uploads\/2022\/05\/FI2-4.mp3<\/a><\/audio>\n<p>&nbsp;<\/p>\n<p><strong>\u00a0<\/strong><strong>LA RACCOLTA COMPLETA<\/strong><\/p>\n<blockquote class=\"wp-embedded-content\" data-secret=\"WMXYIC1BXq\"><p><a href=\"https:\/\/www.radiopiu.net\/wordpress\/gocce-filosofia\/\">Gocce di filosofia, PRIMA E SECONDA STAGIONE 2022<\/a><\/p><\/blockquote>\n<p><iframe loading=\"lazy\" class=\"wp-embedded-content\" sandbox=\"allow-scripts\" security=\"restricted\" style=\"position: absolute; clip: rect(1px, 1px, 1px, 1px);\" title=\"&#8220;Gocce di filosofia, PRIMA E SECONDA STAGIONE 2022&#8221; &#8212; Radio Pi\u00f9\" src=\"https:\/\/www.radiopiu.net\/wordpress\/gocce-filosofia\/embed\/#?secret=DD85KAxiXZ#?secret=WMXYIC1BXq\" data-secret=\"WMXYIC1BXq\" width=\"600\" height=\"338\" frameborder=\"0\" marginwidth=\"0\" marginheight=\"0\" scrolling=\"no\"><\/iframe><\/p>\n<p>&nbsp;<\/p>\n<hr \/>\n<p>&nbsp;<\/p>\n<p><span style=\"color: #0000ff;\">MUSICA PIU&#8217;\u00a0<\/span><\/p>\n<p><a href=\"https:\/\/www.radiopiu.net\/wordpress\/giornale-radiopiu-20-settembre-2021-direttore-mirko-mezzacasa\/pp-79\/\" rel=\"attachment wp-att-232921\"><img loading=\"lazy\" decoding=\"async\" class=\"wp-image-232921 alignleft\" src=\"https:\/\/www.radiopiu.net\/wordpress\/wp-content\/uploads\/2021\/09\/pp-1-300x300.jpg\" alt=\"\" width=\"135\" height=\"135\" srcset=\"https:\/\/www.radiopiu.net\/wordpress\/wp-content\/uploads\/2021\/09\/pp-1-300x300.jpg 300w, https:\/\/www.radiopiu.net\/wordpress\/wp-content\/uploads\/2021\/09\/pp-1-150x150.jpg 150w, https:\/\/www.radiopiu.net\/wordpress\/wp-content\/uploads\/2021\/09\/pp-1.jpg 640w\" sizes=\"auto, (max-width: 135px) 100vw, 135px\" \/><\/a><\/p>\n<div class=\"mkdf-post-text\">\n<div class=\"mkdf-post-text-inner\">\n<div class=\"mkdf-post-text-main\">\n<div class=\"mkdf-post-text\">\n<div class=\"mkdf-post-text-inner\">\n<div class=\"mkdf-post-text-main\">\n<div class=\"mkdf-post-text\">\n<div class=\"mkdf-post-text-inner\">\n<div class=\"mkdf-post-text-main\">\n<div class=\"page-title-head hgroup\">\n<div class=\"page-title-head hgroup\">\n<div class=\"mkdf-post-text\">\n<div class=\"mkdf-post-text-inner\">\n<div class=\"mkdf-post-text-main\">\n<div class=\"mkdf-post-text\">\n<div class=\"mkdf-post-text-inner\">\n<div class=\"mkdf-post-text-main\">\n<div class=\"page-title-head hgroup\">\n<div class=\"page-title-head hgroup\">\n<div class=\"page-title-head hgroup\">\n<div class=\"page-title-head hgroup\">\n<div class=\"b654a4as d2edcug0\">\n<div class=\"page-title-head hgroup\">\n<div class=\"page-title-head hgroup\">\n<div class=\"page-title-head hgroup\">\n<div class=\"page-title-head hgroup\">\n<div class=\"b654a4as d2edcug0\">\n<div class=\"page-title-head hgroup\">\n<div class=\"page-title-head hgroup\">\n<div class=\"page-title-head hgroup\">\n<div class=\"page-title-head hgroup\">\n<div class=\"b654a4as d2edcug0\">\n<div class=\"mkdf-post-text\">\n<div class=\"mkdf-post-text-inner\">\n<div class=\"mkdf-post-text-main\">\n<div class=\"mkdf-post-text\">\n<div class=\"mkdf-post-text-inner\">\n<div class=\"mkdf-post-text-main\">\n<div class=\"mkdf-post-text\">\n<div class=\"mkdf-post-text-inner\">\n<div class=\"mkdf-post-text-main\">\n<div class=\"page-title-head hgroup\">\n<div class=\"page-title-head hgroup\">\n<div class=\"mkdf-post-text\">\n<div class=\"mkdf-post-text-inner\">\n<div class=\"mkdf-post-text-main\">\n<div class=\"mkdf-post-text\">\n<div class=\"mkdf-post-text-inner\">\n<div class=\"mkdf-post-text-main\">\n<div class=\"page-title-head hgroup\">\n<div class=\"page-title-head hgroup\">\n<div class=\"page-title-head hgroup\">\n<div class=\"page-title-head hgroup\">\n<div class=\"b654a4as d2edcug0\">\n<div class=\"page-title-head hgroup\">\n<div class=\"page-title-head hgroup\">\n<div class=\"page-title-head hgroup\">\n<div class=\"page-title-head hgroup\">\n<div class=\"b654a4as d2edcug0\">\n<div class=\"page-title-head hgroup\">\n<div class=\"page-title-head hgroup\">\n<div class=\"page-title-head hgroup\">\n<div class=\"page-title-head hgroup\">\n<div class=\"b654a4as d2edcug0\">\n<div><\/div>\n<div><\/div>\n<div>\n<p><strong>MUSICA ALLA RADIO, IL PROGRAMMA DI LORIS SCUSSEL &#8220;COLLAGE OPERAZIONE NOSTALGIA&#8221; DAL LUNEDI AL VENERDI ALLE 16.00\u00a0 E ALLE 23\u00a0<\/strong><\/p>\n<p>&nbsp;<\/p>\n<\/div>\n<\/div>\n<p><strong>PUNTATA 617 DEL 31 MAGGIO 2022<\/strong><\/p>\n<audio class=\"wp-audio-shortcode\" id=\"audio-278777-14\" preload=\"none\" style=\"width: 100%;\" controls=\"controls\"><source type=\"audio\/mpeg\" src=\"https:\/\/www.radiopiu.net\/wordpress\/wp-content\/uploads\/2022\/05\/Collage-617.mp3?_=14\" \/><a href=\"https:\/\/www.radiopiu.net\/wordpress\/wp-content\/uploads\/2022\/05\/Collage-617.mp3\">https:\/\/www.radiopiu.net\/wordpress\/wp-content\/uploads\/2022\/05\/Collage-617.mp3<\/a><\/audio>\n<p>&nbsp;<\/p>\n<p><strong><a class=\"dt-pswp-item\" href=\"https:\/\/www.radiopiu.net\/wordpress\/wp-content\/uploads\/2022\/05\/I-Profeti.jpg\" data-dt-img-description=\"\" data-large_image_width=\"300\" data-large_image_height=\"400\"><img loading=\"lazy\" decoding=\"async\" class=\"size-thumbnail wp-image-278483 alignleft\" src=\"https:\/\/www.radiopiu.net\/wordpress\/wp-content\/uploads\/2022\/05\/I-Profeti-150x150.jpg\" alt=\"\" width=\"150\" height=\"150\" \/><\/a>di Loris Scussel<\/strong><\/p>\n<p>La nuova settimana di Collage si aprir\u00e0 all\u2019insegna della musica italiana partendo da Adriano Celentano fino ai Gatti di Vicolo Miracoli. Marted\u00ec Jimi Hendrix, Santana, Toto e cos\u00ec via. Mercoled\u00ec il tema conduttore sar\u00e0 la parola \u201cocchi\u201d. Gioved\u00ec non solo Beatles e Rolling Stones, venerd\u00ec infine voglia d\u2019estate e spazio alle canzoni balneari italiane tipicamente estive. Collage va in onda dal luned\u00ec al venerd\u00ec alle 16,00 e alle 23,00 naturalmente su Radio Pi\u00f9.<\/p>\n<p>&nbsp;<\/p>\n<p>&nbsp;<\/p>\n<p>&nbsp;<\/p>\n<p>&nbsp;<\/p>\n<div class=\"b654a4as d2edcug0\">\n<hr \/>\n<\/div>\n<\/div>\n<\/div>\n<\/div>\n<\/div>\n<\/div>\n<\/div>\n<\/div>\n<\/div>\n<\/div>\n<\/div>\n<\/div>\n<\/div>\n<\/div>\n<\/div>\n<\/div>\n<\/div>\n<\/div>\n<\/div>\n<\/div>\n<\/div>\n<\/div>\n<\/div>\n<\/div>\n<\/div>\n<\/div>\n<\/div>\n<\/div>\n<\/div>\n<\/div>\n<\/div>\n<\/div>\n<\/div>\n<\/div>\n<\/div>\n<\/div>\n<\/div>\n<\/div>\n<\/div>\n<\/div>\n<\/div>\n<\/div>\n<\/div>\n<\/div>\n<\/div>\n<\/div>\n<\/div>\n<\/div>\n<\/div>\n<\/div>\n<\/div>\n<\/div>\n<\/div>\n<\/div>\n<\/div>\n<\/div>\n<\/div>\n<\/div>\n<\/div>\n<\/div>\n<\/div>\n<\/div>\n<\/div>\n<\/div>\n<p>&nbsp;<\/p>\n<blockquote>\n<h3><span style=\"color: #0000ff;\">RADIO PIU INFORMAZIONE il canale su TELEGRAM informazione di prima mano e in tempo reale. iscriviti ed aiutaci a farlo conoscere\u00a0\u00a0<\/span><\/h3>\n<\/blockquote>\n<div>\n<div class=\"page-title-head hgroup\">\n<div class=\"page-title-head hgroup\">\n<div class=\"page-title-head hgroup\">\n<div class=\"page-title-head hgroup\">\n<div class=\"b654a4as d2edcug0\">\n<div class=\"page-title-head hgroup\">\n<div class=\"page-title-head hgroup\">\n<div class=\"page-title-head hgroup\">\n<div class=\"page-title-head hgroup\">\n<div class=\"b654a4as d2edcug0\">\n<div class=\"page-title-head hgroup\">\n<div class=\"page-title-head hgroup\">\n<div class=\"page-title-head hgroup\">\n<div class=\"page-title-head hgroup\">\n<div class=\"page-title-head hgroup\">\n<div class=\"page-title-head hgroup\">\n<div class=\"page-title-head hgroup\">\n<div class=\"page-title-head hgroup\">\n<div class=\"page-title-head hgroup\">\n<div class=\"b654a4as d2edcug0\">\n<div class=\"page-title-head hgroup\">\n<div class=\"page-title-head hgroup\">\n<div class=\"page-title-head hgroup\">\n<div class=\"page-title-head hgroup\">\n<div class=\"b654a4as d2edcug0\">\n<div><\/div>\n<div>\n<div class=\"page-title-head hgroup\">\n<div class=\"page-title-head hgroup\">\n<div class=\"page-title-head hgroup\">\n<div class=\"page-title-head hgroup\">\n<div class=\"page-title-head hgroup\">\n<div class=\"mkdf-post-text\">\n<div class=\"mkdf-post-text-inner\">\n<div class=\"mkdf-post-text-main\">\n<div class=\"mkdf-post-text\">\n<div class=\"mkdf-post-text-inner\">\n<div class=\"mkdf-post-text-main\">\n<div class=\"mkdf-post-text\">\n<div class=\"mkdf-post-text-inner\">\n<div class=\"mkdf-post-text-main\">\n<div class=\"page-title-head hgroup\">\n<div class=\"page-title-head hgroup\">\n<div class=\"mkdf-post-text\">\n<div class=\"mkdf-post-text-inner\">\n<div class=\"mkdf-post-text-main\">\n<div class=\"mkdf-post-text\">\n<div class=\"mkdf-post-text-inner\">\n<div class=\"mkdf-post-text-main\">\n<div class=\"page-title-head hgroup\">\n<div class=\"page-title-head hgroup\">\n<div class=\"page-title-head hgroup\">\n<div class=\"page-title-head hgroup\">\n<div class=\"b654a4as d2edcug0\">\n<div class=\"page-title-head hgroup\">\n<div class=\"page-title-head hgroup\">\n<div class=\"page-title-head hgroup\">\n<div class=\"page-title-head hgroup\">\n<div class=\"b654a4as d2edcug0\">\n<div class=\"page-title-head hgroup\">\n<div class=\"page-title-head hgroup\">\n<div class=\"page-title-head hgroup\">\n<p>&nbsp;<\/p>\n<div>\n<div class=\"page-title-head hgroup\">\n<div class=\"page-title-head hgroup\">\n<div class=\"b654a4as d2edcug0\">\n<div class=\"j83agx80 btwxx1t3 lhclo0ds hop8lmos nkwizq5d scwd0bx6 roh60bw9\">\n<div class=\"rq0escxv hkbzh7o3 jwdofwj8 n8tt0mok r8blr3vg hyh9befq\">\n<div class=\"do00u71z l9j0dhe7 k4urcfbm\">\n<div class=\"page-title-head hgroup\">\n<div class=\"page-title-head hgroup\">\n<div class=\"b654a4as d2edcug0\">\n<div class=\"j83agx80 btwxx1t3 lhclo0ds hop8lmos nkwizq5d scwd0bx6 roh60bw9\">\n<div class=\"rq0escxv hkbzh7o3 jwdofwj8 n8tt0mok r8blr3vg hyh9befq\">\n<div class=\"do00u71z l9j0dhe7 k4urcfbm\">\n<div class=\"ecm0bbzt e5nlhep0 a8c37x1j\">\n<div class=\"kvgmc6g5 cxmmr5t8 oygrvhab hcukyx3x c1et5uql\">\n<div class=\"gmail-kvgmc6g5 gmail-cxmmr5t8 gmail-oygrvhab gmail-hcukyx3x gmail-c1et5uql gmail-ii04i59q\">\n<div class=\"page-title-head hgroup\">\n<div class=\"page-title-head hgroup\">\n<div class=\"b654a4as d2edcug0\">\n<div class=\"j83agx80 btwxx1t3 lhclo0ds hop8lmos nkwizq5d scwd0bx6 roh60bw9\">\n<div class=\"rq0escxv hkbzh7o3 jwdofwj8 n8tt0mok r8blr3vg hyh9befq\">\n<div class=\"do00u71z l9j0dhe7 k4urcfbm\">\n<div class=\"page-title-head hgroup\">\n<div class=\"page-title-head hgroup\">\n<div class=\"b654a4as d2edcug0\">\n<div class=\"j83agx80 btwxx1t3 lhclo0ds hop8lmos nkwizq5d scwd0bx6 roh60bw9\">\n<div class=\"rq0escxv hkbzh7o3 jwdofwj8 n8tt0mok r8blr3vg hyh9befq\">\n<div class=\"do00u71z l9j0dhe7 k4urcfbm\">\n<div class=\"page-title-head hgroup\">\n<div class=\"page-title-head hgroup\">\n<div class=\"b654a4as d2edcug0\">\n<div class=\"j83agx80 btwxx1t3 lhclo0ds hop8lmos nkwizq5d scwd0bx6 roh60bw9\">\n<div class=\"rq0escxv hkbzh7o3 jwdofwj8 n8tt0mok r8blr3vg hyh9befq\">\n<div class=\"do00u71z l9j0dhe7 k4urcfbm\">\n<div class=\"ecm0bbzt e5nlhep0 a8c37x1j\">\n<div class=\"kvgmc6g5 cxmmr5t8 oygrvhab hcukyx3x c1et5uql\">\n<div class=\"gmail-kvgmc6g5 gmail-cxmmr5t8 gmail-oygrvhab gmail-hcukyx3x gmail-c1et5uql gmail-ii04i59q\">\n<div class=\"page-title-head hgroup\">\n<div class=\"page-title-head hgroup\">\n<div class=\"b654a4as d2edcug0\">\n<div class=\"j83agx80 btwxx1t3 lhclo0ds hop8lmos nkwizq5d scwd0bx6 roh60bw9\">\n<div class=\"rq0escxv hkbzh7o3 jwdofwj8 n8tt0mok r8blr3vg hyh9befq\">\n<div class=\"do00u71z l9j0dhe7 k4urcfbm\">\n<div class=\"page-title-head hgroup\">\n<div class=\"page-title-head hgroup\">\n<div class=\"page-title-head hgroup\">\n<div class=\"page-title-head hgroup\">\n<div class=\"b654a4as d2edcug0\">\n<div class=\"page-title-head hgroup\">\n<div class=\"page-title-head hgroup\">\n<div class=\"page-title-head hgroup\">\n<div class=\"page-title-head hgroup\">\n<div class=\"b654a4as d2edcug0\">\n<div class=\"page-title-head hgroup\">\n<div class=\"page-title-head hgroup\">\n<div class=\"page-title-head hgroup\">\n<div class=\"page-title-head hgroup\">\n<div class=\"page-title-head hgroup\">\n<div class=\"page-title-head hgroup\">\n<div class=\"page-title-head hgroup\">\n<div class=\"page-title-head hgroup\">\n<div class=\"page-title-head hgroup\">\n<div class=\"b654a4as d2edcug0\">\n<div class=\"page-title-head hgroup\">\n<div class=\"page-title-head hgroup\">\n<div class=\"page-title-head hgroup\">\n<div class=\"page-title-head hgroup\">\n<div class=\"b654a4as d2edcug0\">\n<div class=\"page-title-head hgroup\">\n<div class=\"page-title-head hgroup\">\n<div class=\"page-title-head hgroup\">\n<div class=\"page-title-head hgroup\">\n<div class=\"page-title-head hgroup\">\n<div class=\"mkdf-post-text\">\n<div class=\"mkdf-post-text-inner\">\n<div class=\"mkdf-post-text-main\">\n<div class=\"mkdf-post-text\">\n<div class=\"mkdf-post-text-inner\">\n<div class=\"mkdf-post-text-main\">\n<div class=\"mkdf-post-text\">\n<div class=\"mkdf-post-text-inner\">\n<div class=\"mkdf-post-text-main\">\n<div class=\"page-title-head hgroup\">\n<div class=\"page-title-head hgroup\">\n<div class=\"mkdf-post-text\">\n<div class=\"mkdf-post-text-inner\">\n<div class=\"mkdf-post-text-main\">\n<div class=\"mkdf-post-text\">\n<div class=\"mkdf-post-text-inner\">\n<div class=\"mkdf-post-text-main\">\n<div class=\"page-title-head hgroup\">\n<div class=\"page-title-head hgroup\">\n<div class=\"page-title-head hgroup\">\n<div class=\"page-title-head hgroup\">\n<div class=\"b654a4as d2edcug0\">\n<div class=\"page-title-head hgroup\">\n<div class=\"page-title-head hgroup\">\n<div class=\"page-title-head hgroup\">\n<div class=\"page-title-head hgroup\">\n<div class=\"b654a4as d2edcug0\">\n<div class=\"page-title-head hgroup\">\n<div class=\"page-title-head hgroup\">\n<div class=\"page-title-head hgroup\">\n<div class=\"page-title-head hgroup\">\n<div class=\"b654a4as d2edcug0\">\n<div class=\"ecm0bbzt e5nlhep0 a8c37x1j\">\n<div class=\"kvgmc6g5 cxmmr5t8 oygrvhab hcukyx3x c1et5uql\">\n<div class=\"gmail-kvgmc6g5 gmail-cxmmr5t8 gmail-oygrvhab gmail-hcukyx3x gmail-c1et5uql gmail-ii04i59q\">\n<div class=\"page-title-head hgroup\">\n<div class=\"page-title-head hgroup\">\n<div class=\"b654a4as d2edcug0\">\n<div class=\"j83agx80 btwxx1t3 lhclo0ds hop8lmos nkwizq5d scwd0bx6 roh60bw9\">\n<div class=\"rq0escxv hkbzh7o3 jwdofwj8 n8tt0mok r8blr3vg hyh9befq\">\n<div class=\"do00u71z l9j0dhe7 k4urcfbm\">\n<div class=\"page-title-head hgroup\">\n<div class=\"page-title-head hgroup\">\n<div class=\"page-title-head hgroup\">\n<div class=\"page-title-head hgroup\">\n<div class=\"b654a4as d2edcug0\">\n<div class=\"page-title-head hgroup\">\n<div class=\"page-title-head hgroup\">\n<div class=\"page-title-head hgroup\">\n<div class=\"page-title-head hgroup\">\n<div class=\"b654a4as d2edcug0\">\n<div class=\"page-title-head hgroup\">\n<div class=\"page-title-head hgroup\">\n<div class=\"page-title-head hgroup\">\n<div class=\"page-title-head hgroup\">\n<div class=\"page-title-head hgroup\">\n<div class=\"page-title-head hgroup\">\n<div class=\"page-title-head hgroup\">\n<div class=\"page-title-head hgroup\">\n<div class=\"page-title-head hgroup\">\n<div class=\"b654a4as d2edcug0\">\n<div class=\"page-title-head hgroup\">\n<div class=\"page-title-head hgroup\">\n<div class=\"page-title-head hgroup\">\n<div class=\"page-title-head hgroup\">\n<div class=\"b654a4as d2edcug0\">\n<div class=\"page-title-head hgroup\">\n<div class=\"page-title-head hgroup\">\n<div class=\"page-title-head hgroup\">\n<div class=\"page-title-head hgroup\">\n<div class=\"page-title-head hgroup\">\n<div class=\"mkdf-post-text\">\n<div class=\"mkdf-post-text-inner\">\n<div class=\"mkdf-post-text-main\">\n<div class=\"mkdf-post-text\">\n<div class=\"mkdf-post-text-inner\">\n<div class=\"mkdf-post-text-main\">\n<div class=\"mkdf-post-text\">\n<div class=\"mkdf-post-text-inner\">\n<div class=\"mkdf-post-text-main\">\n<div class=\"page-title-head hgroup\">\n<div class=\"page-title-head hgroup\">\n<div class=\"mkdf-post-text\">\n<div class=\"mkdf-post-text-inner\">\n<div class=\"mkdf-post-text-main\">\n<div class=\"mkdf-post-text\">\n<div class=\"mkdf-post-text-inner\">\n<div class=\"mkdf-post-text-main\">\n<div class=\"page-title-head hgroup\">\n<div class=\"page-title-head hgroup\">\n<div class=\"page-title-head hgroup\">\n<div class=\"page-title-head hgroup\">\n<div class=\"b654a4as d2edcug0\">\n<div class=\"page-title-head hgroup\">\n<div class=\"page-title-head hgroup\">\n<div class=\"page-title-head hgroup\">\n<div class=\"page-title-head hgroup\">\n<div class=\"b654a4as d2edcug0\">\n<div class=\"page-title-head hgroup\">\n<div class=\"page-title-head hgroup\">\n<div class=\"page-title-head hgroup\">\n<div class=\"page-title-head hgroup\">\n<div class=\"b654a4as d2edcug0\">\n<hr \/>\n<p>&nbsp;<\/p>\n<div>\n<p><strong>DUE MINUTI UN LIBRO, TUTTI I GIORNI ALLA RADIO ALLE 9.40 E ALLE 17.50\u00a0\u00a0<\/strong><\/p>\n<div>\n<div>\n<p><strong>LA RACCOLTA COMPLETA\u00a0\u00a0<\/strong><\/p>\n<\/div>\n<\/div>\n<\/div>\n<div class=\"mkdf-post-text\">\n<div class=\"mkdf-post-text-inner\">\n<div class=\"mkdf-post-text-main\">\n<div class=\"mkdf-post-text\">\n<div class=\"mkdf-post-text-inner\">\n<div class=\"mkdf-post-text-main\">\n<div class=\"mkdf-post-text\">\n<div class=\"mkdf-post-text-inner\">\n<div class=\"mkdf-post-text-main\">\n<div class=\"page-title-head hgroup\">\n<div class=\"page-title-head hgroup\">\n<div class=\"mkdf-post-text\">\n<div class=\"mkdf-post-text-inner\">\n<div class=\"mkdf-post-text-main\">\n<div class=\"mkdf-post-text\">\n<div class=\"mkdf-post-text-inner\">\n<div class=\"mkdf-post-text-main\">\n<div class=\"page-title-head hgroup\">\n<div class=\"page-title-head hgroup\">\n<div class=\"page-title-head hgroup\">\n<div class=\"page-title-head hgroup\">\n<div class=\"b654a4as d2edcug0\">\n<div class=\"page-title-head hgroup\">\n<div class=\"page-title-head hgroup\">\n<div class=\"page-title-head hgroup\">\n<div class=\"page-title-head hgroup\">\n<div class=\"b654a4as d2edcug0\">\n<div class=\"page-title-head hgroup\">\n<div class=\"page-title-head hgroup\">\n<div class=\"page-title-head hgroup\">\n<div class=\"page-title-head hgroup\">\n<div class=\"b654a4as d2edcug0\">\n<div>\n<blockquote class=\"wp-embedded-content\" data-secret=\"ws4sfxHq4w\"><p><a href=\"https:\/\/www.radiopiu.net\/wordpress\/due-minuti-un-libro\/\">Due minuti un libro<\/a><\/p><\/blockquote>\n<p><iframe loading=\"lazy\" class=\"wp-embedded-content\" sandbox=\"allow-scripts\" security=\"restricted\" style=\"position: absolute; clip: rect(1px, 1px, 1px, 1px);\" title=\"&#8220;Due minuti un libro&#8221; &#8212; Radio Pi\u00f9\" src=\"https:\/\/www.radiopiu.net\/wordpress\/due-minuti-un-libro\/embed\/#?secret=x2FCwnigK7#?secret=ws4sfxHq4w\" data-secret=\"ws4sfxHq4w\" width=\"600\" height=\"338\" frameborder=\"0\" marginwidth=\"0\" marginheight=\"0\" scrolling=\"no\"><\/iframe><\/p>\n<p>&nbsp;<\/p>\n<\/div>\n<div>\n<hr \/>\n<p>&nbsp;<\/p>\n<\/div>\n<h2><span style=\"color: #808000;\">L&#8217;ALMANACCO LADINO\u00a0<\/span><\/h2>\n<p><strong>LA RACCOLTA<\/strong><\/p>\n<blockquote class=\"wp-embedded-content\" data-secret=\"ApP8C5GOz0\"><p><a href=\"https:\/\/www.radiopiu.net\/wordpress\/almanacco-ladino\/\">Almanacco Ladino<\/a><\/p><\/blockquote>\n<p><iframe loading=\"lazy\" class=\"wp-embedded-content\" sandbox=\"allow-scripts\" security=\"restricted\" style=\"position: absolute; clip: rect(1px, 1px, 1px, 1px);\" title=\"&#8220;Almanacco Ladino&#8221; &#8212; Radio Pi\u00f9\" src=\"https:\/\/www.radiopiu.net\/wordpress\/almanacco-ladino\/embed\/#?secret=yYlMIhkVWp#?secret=ApP8C5GOz0\" data-secret=\"ApP8C5GOz0\" width=\"600\" height=\"338\" frameborder=\"0\" marginwidth=\"0\" marginheight=\"0\" scrolling=\"no\"><\/iframe><\/p>\n<p>&nbsp;<\/p>\n<hr \/>\n<h2><span style=\"color: #33cccc;\">\u00a0<\/span><\/h2>\n<h2><span style=\"color: #33cccc;\">LA RASSEGNA STAMPA DA L&#8217;AMICO DEL POPOLO<\/span><\/h2>\n<p><a class=\"dt-pswp-item\" href=\"https:\/\/www.radiopiu.net\/wordpress\/wp-content\/uploads\/2021\/09\/Giuseppe-Schena.jpeg\" data-dt-img-description=\"Giuseppe Schena\" data-large_image_width=\"931\" data-large_image_height=\"1240\"><img loading=\"lazy\" decoding=\"async\" class=\"wp-image-234061 size-thumbnail alignleft\" src=\"https:\/\/www.radiopiu.net\/wordpress\/wp-content\/uploads\/2021\/09\/Giuseppe-Schena-150x150.jpeg\" alt=\"\" width=\"150\" height=\"150\" \/><\/a><strong>di Gianni Santomaso<\/strong><\/p>\n<p>OSPITE: Giuseppe Schena, Sindaco di Voltago<\/p>\n<audio class=\"wp-audio-shortcode\" id=\"audio-278777-15\" preload=\"none\" style=\"width: 100%;\" controls=\"controls\"><source type=\"audio\/mpeg\" src=\"https:\/\/www.radiopiu.net\/wordpress\/wp-content\/uploads\/2022\/05\/RASSEGNA-GIANNI-28-MAGGIO.mp3?_=15\" \/><a href=\"https:\/\/www.radiopiu.net\/wordpress\/wp-content\/uploads\/2022\/05\/RASSEGNA-GIANNI-28-MAGGIO.mp3\">https:\/\/www.radiopiu.net\/wordpress\/wp-content\/uploads\/2022\/05\/RASSEGNA-GIANNI-28-MAGGIO.mp3<\/a><\/audio>\n<p>&nbsp;<\/p>\n<p><strong>LA RACCOLTA COMPLETA<\/strong><\/p>\n<blockquote class=\"wp-embedded-content\" data-secret=\"VMQONWeNc3\"><p><a href=\"https:\/\/www.radiopiu.net\/wordpress\/rassegna-stampa-di-gianni-santomaso\/\">Rassegna stampa da l&#8217;amico del popolo &#8211; di Gianni Santomaso<\/a><\/p><\/blockquote>\n<p><iframe loading=\"lazy\" class=\"wp-embedded-content\" sandbox=\"allow-scripts\" security=\"restricted\" style=\"position: absolute; clip: rect(1px, 1px, 1px, 1px);\" title=\"&#8220;Rassegna stampa da l&#8217;amico del popolo &#8211; di Gianni Santomaso&#8221; &#8212; Radio Pi\u00f9\" src=\"https:\/\/www.radiopiu.net\/wordpress\/rassegna-stampa-di-gianni-santomaso\/embed\/#?secret=6sT4nY65jq#?secret=VMQONWeNc3\" data-secret=\"VMQONWeNc3\" width=\"600\" height=\"338\" frameborder=\"0\" marginwidth=\"0\" marginheight=\"0\" scrolling=\"no\"><\/iframe><\/p>\n<p>&nbsp;<\/p>\n<hr \/>\n<p>&nbsp;<\/p>\n<div>\n<div class=\"page-title-head hgroup\">\n<div class=\"page-title-head hgroup\">\n<div class=\"b654a4as d2edcug0\">\n<div class=\"j83agx80 btwxx1t3 lhclo0ds hop8lmos nkwizq5d scwd0bx6 roh60bw9\">\n<div class=\"rq0escxv hkbzh7o3 jwdofwj8 n8tt0mok r8blr3vg hyh9befq\">\n<div class=\"do00u71z l9j0dhe7 k4urcfbm\">\n<div class=\"ecm0bbzt e5nlhep0 a8c37x1j\">\n<div class=\"kvgmc6g5 cxmmr5t8 oygrvhab hcukyx3x c1et5uql\">\n<div class=\"gmail-kvgmc6g5 gmail-cxmmr5t8 gmail-oygrvhab gmail-hcukyx3x gmail-c1et5uql gmail-ii04i59q\">\n<div class=\"page-title-head hgroup\">\n<div class=\"page-title-head hgroup\">\n<div class=\"b654a4as d2edcug0\">\n<div class=\"j83agx80 btwxx1t3 lhclo0ds hop8lmos nkwizq5d scwd0bx6 roh60bw9\">\n<div class=\"rq0escxv hkbzh7o3 jwdofwj8 n8tt0mok r8blr3vg hyh9befq\">\n<div class=\"do00u71z l9j0dhe7 k4urcfbm\">\n<div class=\"page-title-head hgroup\">\n<div class=\"page-title-head hgroup\">\n<div class=\"page-title-head hgroup\">\n<div class=\"page-title-head hgroup\">\n<div class=\"b654a4as d2edcug0\">\n<div class=\"page-title-head hgroup\">\n<div class=\"page-title-head hgroup\">\n<div class=\"page-title-head hgroup\">\n<div class=\"page-title-head hgroup\">\n<div class=\"b654a4as d2edcug0\">\n<div class=\"page-title-head hgroup\">\n<div class=\"page-title-head hgroup\">\n<div class=\"page-title-head hgroup\">\n<div class=\"page-title-head hgroup\">\n<div class=\"page-title-head hgroup\">\n<div class=\"page-title-head hgroup\">\n<div class=\"page-title-head hgroup\">\n<div class=\"page-title-head hgroup\">\n<div class=\"page-title-head hgroup\">\n<div class=\"b654a4as d2edcug0\">\n<div class=\"page-title-head hgroup\">\n<div class=\"page-title-head hgroup\">\n<div class=\"page-title-head hgroup\">\n<div class=\"page-title-head hgroup\">\n<div class=\"b654a4as d2edcug0\">\n<div class=\"page-title-head hgroup\">\n<div class=\"page-title-head hgroup\">\n<div class=\"page-title-head hgroup\">\n<div class=\"page-title-head hgroup\">\n<div class=\"page-title-head hgroup\">\n<div class=\"mkdf-post-text\">\n<div class=\"mkdf-post-text-inner\">\n<div class=\"mkdf-post-text-main\">\n<div class=\"mkdf-post-text\">\n<div class=\"mkdf-post-text-inner\">\n<div class=\"mkdf-post-text-main\">\n<div class=\"mkdf-post-text\">\n<div class=\"mkdf-post-text-inner\">\n<div class=\"mkdf-post-text-main\">\n<div class=\"page-title-head hgroup\">\n<div class=\"page-title-head hgroup\">\n<div class=\"mkdf-post-text\">\n<div class=\"mkdf-post-text-inner\">\n<div class=\"mkdf-post-text-main\">\n<div class=\"mkdf-post-text\">\n<div class=\"mkdf-post-text-inner\">\n<div class=\"mkdf-post-text-main\">\n<div class=\"page-title-head hgroup\">\n<div class=\"page-title-head hgroup\">\n<div class=\"page-title-head hgroup\">\n<div class=\"page-title-head hgroup\">\n<div class=\"b654a4as d2edcug0\">\n<div class=\"page-title-head hgroup\">\n<div class=\"page-title-head hgroup\">\n<div class=\"page-title-head hgroup\">\n<div class=\"page-title-head hgroup\">\n<div class=\"b654a4as d2edcug0\">\n<div class=\"page-title-head hgroup\">\n<div class=\"page-title-head hgroup\">\n<div class=\"page-title-head hgroup\">\n<div class=\"page-title-head hgroup\">\n<div class=\"b654a4as d2edcug0\">\n<h2><span style=\"color: #800080;\">I RACCONTI DI PAOLO SOPPELSA\u00a0<\/span><\/h2>\n<p><strong>LA RACCOLTA COMPLETA<\/strong><\/p>\n<blockquote class=\"wp-embedded-content\" data-secret=\"FRPWdHgN3b\"><p><a href=\"https:\/\/www.radiopiu.net\/wordpress\/i-racconti-di-paolo-soppelsa\/\">I racconti di Paolo Soppelsa<\/a><\/p><\/blockquote>\n<p><iframe loading=\"lazy\" class=\"wp-embedded-content\" sandbox=\"allow-scripts\" security=\"restricted\" style=\"position: absolute; clip: rect(1px, 1px, 1px, 1px);\" title=\"&#8220;I racconti di Paolo Soppelsa&#8221; &#8212; Radio Pi\u00f9\" src=\"https:\/\/www.radiopiu.net\/wordpress\/i-racconti-di-paolo-soppelsa\/embed\/#?secret=TI6YYfyUD0#?secret=FRPWdHgN3b\" data-secret=\"FRPWdHgN3b\" width=\"600\" height=\"338\" frameborder=\"0\" marginwidth=\"0\" marginheight=\"0\" scrolling=\"no\"><\/iframe><\/p>\n<p>&nbsp;<\/p>\n<hr \/>\n<p>&nbsp;<\/p>\n<\/div>\n<\/div>\n<\/div>\n<\/div>\n<\/div>\n<\/div>\n<\/div>\n<\/div>\n<\/div>\n<\/div>\n<\/div>\n<\/div>\n<\/div>\n<\/div>\n<\/div>\n<\/div>\n<\/div>\n<\/div>\n<\/div>\n<\/div>\n<\/div>\n<\/div>\n<\/div>\n<\/div>\n<\/div>\n<\/div>\n<\/div>\n<\/div>\n<\/div>\n<\/div>\n<\/div>\n<\/div>\n<\/div>\n<\/div>\n<\/div>\n<\/div>\n<\/div>\n<\/div>\n<\/div>\n<\/div>\n<\/div>\n<\/div>\n<\/div>\n<\/div>\n<\/div>\n<\/div>\n<\/div>\n<\/div>\n<\/div>\n<\/div>\n<\/div>\n<\/div>\n<\/div>\n<\/div>\n<\/div>\n<\/div>\n<\/div>\n<\/div>\n<\/div>\n<\/div>\n<\/div>\n<\/div>\n<\/div>\n<\/div>\n<\/div>\n<\/div>\n<\/div>\n<\/div>\n<\/div>\n<\/div>\n<\/div>\n<\/div>\n<\/div>\n<\/div>\n<\/div>\n<\/div>\n<\/div>\n<\/div>\n<\/div>\n<\/div>\n<\/div>\n<\/div>\n<\/div>\n<\/div>\n<\/div>\n<\/div>\n<\/div>\n<\/div>\n<\/div>\n<\/div>\n<\/div>\n<\/div>\n<\/div>\n<\/div>\n<\/div>\n<\/div>\n<\/div>\n<\/div>\n<\/div>\n<\/div>\n<\/div>\n<\/div>\n<\/div>\n<\/div>\n<\/div>\n<\/div>\n<\/div>\n<\/div>\n<\/div>\n<\/div>\n<\/div>\n<div class=\"b654a4as d2edcug0\">\n<div class=\"ecm0bbzt e5nlhep0 a8c37x1j\">\n<div class=\"kvgmc6g5 cxmmr5t8 oygrvhab hcukyx3x c1et5uql\">\n<div class=\"gmail-kvgmc6g5 gmail-cxmmr5t8 gmail-oygrvhab gmail-hcukyx3x gmail-c1et5uql gmail-ii04i59q\">\n<div>\n<div class=\"page-title-head hgroup\">\n<div class=\"page-title-head hgroup\">\n<div class=\"b654a4as d2edcug0\">\n<div class=\"j83agx80 btwxx1t3 lhclo0ds hop8lmos nkwizq5d scwd0bx6 roh60bw9\">\n<div class=\"rq0escxv hkbzh7o3 jwdofwj8 n8tt0mok r8blr3vg hyh9befq\">\n<div class=\"do00u71z l9j0dhe7 k4urcfbm\">\n<div>\n<div class=\"page-title-head hgroup\">\n<div class=\"page-title-head hgroup\">\n<div class=\"page-title-head hgroup\">\n<div class=\"page-title-head hgroup\">\n<div class=\"b654a4as d2edcug0\">\n<div class=\"page-title-head hgroup\">\n<div class=\"page-title-head hgroup\">\n<div class=\"page-title-head hgroup\">\n<div class=\"page-title-head hgroup\">\n<div class=\"b654a4as d2edcug0\">\n<div class=\"page-title-head hgroup\">\n<div class=\"page-title-head hgroup\">\n<div class=\"page-title-head hgroup\">\n<div class=\"page-title-head hgroup\">\n<div class=\"page-title-head hgroup\">\n<div class=\"mkdf-post-text\">\n<div class=\"mkdf-post-text-inner\">\n<div class=\"mkdf-post-text-main\">\n<div class=\"mkdf-post-text\">\n<div class=\"mkdf-post-text-inner\">\n<div class=\"mkdf-post-text-main\">\n<div class=\"mkdf-post-text\">\n<div class=\"mkdf-post-text-inner\">\n<div class=\"mkdf-post-text-main\">\n<div class=\"page-title-head hgroup\">\n<div class=\"page-title-head hgroup\">\n<div class=\"mkdf-post-text\">\n<div class=\"mkdf-post-text-inner\">\n<div class=\"mkdf-post-text-main\">\n<div class=\"mkdf-post-text\">\n<div class=\"mkdf-post-text-inner\">\n<div class=\"mkdf-post-text-main\">\n<div>\n<div class=\"page-title-head hgroup\">\n<div class=\"page-title-head hgroup\">\n<div>\n<div class=\"page-title-head hgroup\">\n<div class=\"page-title-head hgroup\">\n<div class=\"b654a4as d2edcug0\">\n<div>\n<div class=\"page-title-head hgroup\" style=\"text-align: left;\">\n<div class=\"page-title-head hgroup\">\n<div dir=\"auto\">\n<p><a class=\"dt-pswp-item pspw-wrap-ready\" href=\"https:\/\/i0.wp.com\/www.radiopiu.net\/wordpress\/wp-content\/uploads\/2018\/09\/WhatsApp-Image-2018-09-20-at-16.04.06.jpeg?ssl=1\" data-dt-img-description=\"\" data-large_image_width=\"800\" data-large_image_height=\"100\"><img loading=\"lazy\" decoding=\"async\" class=\"aligncenter wp-image-61378 size-full jetpack-lazy-image jetpack-lazy-image--handled\" src=\"https:\/\/i0.wp.com\/www.radiopiu.net\/wordpress\/wp-content\/uploads\/2018\/09\/WhatsApp-Image-2018-09-20-at-16.04.06.jpeg?resize=800%2C100&amp;ssl=1\" sizes=\"auto, (max-width: 800px) 100vw, 800px\" srcset=\"https:\/\/i0.wp.com\/www.radiopiu.net\/wordpress\/wp-content\/uploads\/2018\/09\/WhatsApp-Image-2018-09-20-at-16.04.06.jpeg?w=800&amp;ssl=1 800w, https:\/\/i0.wp.com\/www.radiopiu.net\/wordpress\/wp-content\/uploads\/2018\/09\/WhatsApp-Image-2018-09-20-at-16.04.06.jpeg?resize=300%2C38&amp;ssl=1 300w, https:\/\/i0.wp.com\/www.radiopiu.net\/wordpress\/wp-content\/uploads\/2018\/09\/WhatsApp-Image-2018-09-20-at-16.04.06.jpeg?resize=768%2C96&amp;ssl=1 768w\" alt=\"\" width=\"800\" height=\"100\" data-lazy-loaded=\"1\" \/><\/a><\/p>\n<\/div>\n<\/div>\n<\/div>\n<\/div>\n<\/div>\n<\/div>\n<\/div>\n<\/div>\n<\/div>\n<\/div>\n<\/div>\n<\/div>\n<\/div>\n<\/div>\n<\/div>\n<\/div>\n<\/div>\n<\/div>\n<\/div>\n<\/div>\n<\/div>\n<\/div>\n<\/div>\n<\/div>\n<\/div>\n<\/div>\n<\/div>\n<\/div>\n<\/div>\n<\/div>\n<\/div>\n<\/div>\n<\/div>\n<\/div>\n<\/div>\n<\/div>\n<\/div>\n<\/div>\n<\/div>\n<\/div>\n<\/div>\n<\/div>\n<\/div>\n<\/div>\n<\/div>\n<\/div>\n<\/div>\n<\/div>\n<\/div>\n<\/div>\n<\/div>\n<\/div>\n<\/div>\n<\/div>\n<\/div>\n<\/div>\n<\/div>\n<\/div>\n<\/div>\n<\/div>\n<\/div>\n<\/div>\n<\/div>\n<\/div>\n<\/div>\n<\/div>\n<\/div>\n<\/div>\n<\/div>\n<\/div>\n<\/div>\n<\/div>\n<\/div>\n<\/div>\n<\/div>\n<\/div>\n<\/div>\n<\/div>\n<\/div>\n<\/div>\n<\/div>\n<\/div>\n<\/div>\n<\/div>\n<\/div>\n<\/div>\n<\/div>\n<\/div>\n<\/div>\n<\/div>\n<\/div>\n<\/div>\n<\/div>\n<\/div>\n<\/div>\n<\/div>\n<\/div>\n<\/div>\n<\/div>\n<\/div>\n<\/div>\n<\/div>\n<\/div>\n<\/div>\n<\/div>\n<\/div>\n<\/div>\n<\/div>\n<\/div>\n<\/div>\n<\/div>\n<\/div>\n<\/div>\n<\/div>\n<\/div>\n<\/div>\n<\/div>\n<\/div>\n<\/div>\n<\/div>\n<\/div>\n<\/div>\n<\/div>\n<\/div>\n<\/div>\n<\/div>\n<\/div>\n<\/div>\n<\/div>\n<\/div>\n<\/div>\n<\/div>\n<\/div>\n<\/div>\n<\/div>\n<\/div>\n<\/div>\n<\/div>\n<\/div>\n<\/div>\n<\/div>\n<\/div>\n<\/div>\n<\/div>\n<\/div>\n<\/div>\n<\/div>\n<\/div>\n<\/div>\n<\/div>\n<\/div>\n<\/div>\n<\/div>\n<\/div>\n<\/div>\n<\/div>\n<\/div>\n<\/div>\n<\/div>\n<\/div>\n<\/div>\n<\/div>\n<\/div>\n<\/div>\n<\/div>\n<\/div>\n<\/div>\n<\/div>\n<\/div>\n<\/div>\n<\/div>\n<\/div>\n<\/div>\n<\/div>\n<\/div>\n<\/div>\n<\/div>\n<\/div>\n<\/div>\n<\/div>\n<\/div>\n<\/div>\n<\/div>\n<\/div>\n<\/div>\n<\/div>\n<\/div>\n<\/div>\n<\/div>\n<\/div>\n<\/div>\n<\/div>\n<\/div>\n<\/div>\n<\/div>\n<\/div>\n<\/div>\n<\/div>\n<\/div>\n<\/div>\n<\/div>\n<\/div>\n<\/div>\n<\/div>\n<\/div>\n<\/div>\n<\/div>\n<\/div>\n<\/div>\n<\/div>\n<\/div>\n<\/div>\n<\/div>\n<\/div>\n<\/div>\n<\/div>\n<\/div>\n<\/div>\n<\/div>\n<\/div>\n<\/div>\n<\/div>\n<\/div>\n<\/div>\n<\/div>\n<\/div>\n<\/div>\n<\/div>\n<\/div>\n<\/div>\n<p>&nbsp;<\/p>\n<div><center><b>Mercoledi 1<\/b><\/center><b>Tempo atteso: <\/b>Tempo un po&#8217; pi\u00f9 stabile e maggiormente soleggiato, nonostante l&#8217;attivit\u00e0 cumuliforme torni a formarsi al pomeriggio, ma il rischio di fenomeni convettivi sar\u00e0 ridotto rispetto a marted\u00ec, addirittura assai remoto sulle fascia prealpina, dove il sole splender\u00e0 pi\u00f9 a lungo. Il contesto termico diverr\u00e0 pi\u00f9 caldo nelle valli e mite alle quote medie.<br \/>\n<b>Precipitazioni: <\/b>Al mattino assenti (0%). Nel pomeriggio non escluso qualche rovescio o eventuale temporale sulle Dolomiti (10-20%), specie a ridosso del Trentino e dell&#8217;Alto Adige; altrove la probabilit\u00e0 sar\u00e0 pressoch\u00e9 assente. Gli apporti pluviometrici saranno nulli su gran parte della montagna veneta e variabili in caso di fenomeni (1-10 mm)<br \/>\n<b>Temperature: <\/b>In ulteriore aumento a tutte le quote. Previste punte di 24\/26\u00b0C nei fondovalle prealpini e di 19\/22\u00b0C a 1000\/1200 m. Su Prealpi a 1500 m min 9\u00b0C, max 14\u00b0C; a 2000 m min 7\u00b0C, max 11\u00b0C. Su Dolomiti a 2000 m min 6\u00b0C, max 12\u00b0C; a 3000 m min 1\u00b0C, max 4\u00b0C.<br \/>\n<b>Venti: <\/b>Nelle valli perlopi\u00f9 deboli a regime di brezza, localmente e a tratti moderati per rinforzi termodinamici nelle ore pi\u00f9 calde; in quota deboli\/moderati da ovest al mattino e da sud-ovest al pomeriggio\/sera, a 5-15 km\/h a 2000 m e a 15-30 km\/h a 3000 m.<\/p>\n<hr \/>\n<p><center><b>Giovedi 2<\/b><\/center><b>Tempo atteso: <\/b>Tempo assai soleggiato nella prima parte del giorno, nonostante la presenza mattutina di banchi di stratocumuli, in dissolvimento, e il formarsi dei primi annuvolamenti cumuliformi. Al pomeriggio il maggiore riscaldamento diurno favorir\u00e0 la convezione con riduzione del soleggiamento per attivit\u00e0 cumuliforme perlopi\u00f9 moderata, in singoli casi anche intensa e non si potr\u00e0 escludere qualche focolaio d&#8217;instabilit\u00e0. Far\u00e0 pi\u00f9 caldo a tutte le quote.<br \/>\n<b>Precipitazioni: <\/b>Fino al primo pomeriggio assenti (0%). In seguito non saranno da escludere singoli temporali di calore, specie sulle Dolomiti (20-30%), rischio pi\u00f9 basso sulle Prealpi (10-20%).<br \/>\n<b>Temperature: <\/b>In generale lieve aumento a tutte le quote. Previste punte di 26\/28\u00b0C nei fondovalle prealpini e di 21\/24\u00b0C a 1000\/1200 m. Su Prealpi a 1500 m min 11\u00b0C, max 18\u00b0C; a 2000 m min 9\u00b0C, max 15\u00b0C. Su Dolomiti a 2000 m min 8\u00b0C, max 14\u00b0C; a 3000 m min 3\u00b0C, max 5\u00b0C.<br \/>\n<b>Venti: <\/b>Nelle valli perlopi\u00f9 deboli a regime di brezza, localmente e a tratti moderati per rinforzi termodinamici nelle ore pi\u00f9 calde; in quota deboli\/moderati dai quadranti occidentali, a 5-15 km\/h a 2000 m e a 15-25 km\/h a 3000 m.<\/p>\n<hr \/>\n<p><center><b>Venerdi 3<\/b><\/center>Maggiore nuvolosit\u00e0 stratiforme a inizio giornata, la quale potrebbe non dissolversi del tutto, limitando i momenti soleggiati. Questa iniziale copertura nuvolosa e l&#8217;avvezione di aria calda in quota potranno inibire la convezione e l&#8217;attivit\u00e0 cumuliforme riducendo il rischio di rovesci e temporali. Temperature ancora in lieve aumento. Nelle valli venti perlopi\u00f9 deboli a regime di brezza, localmente e a tratti moderati per rinforzi termodinamici; in quota moderati\/tesi da sud-ovest.<\/p>\n<hr \/>\n<p><center><b>Sabato 4<\/b><\/center>Al mattino tempo ben soleggiato con cielo sereno o poco nuvoloso per primi modesti cumuli. Al pomeriggio attivit\u00e0 cumuliforme, spesso modesta, localmente moderata, ma il rischio di rovesci e temporali convettivi sar\u00e0 minore, tant&#8217;\u00e8 che il sole e il caldo saranno gli elementi salienti della giornata. Temperature estive, magari con lieve calo delle minime nei fondovalle. Nelle valli venti perlopi\u00f9 deboli a regime di brezza, localmente e a tratti moderati per rinforzi termodinamici; in quota deboli\/moderati da sud-ovest. Previsore: R.L.Th.<\/p>\n<\/div>\n<div><\/div>\n<p>&nbsp;<\/p>\n<hr \/>\n<p>&nbsp;<\/p>\n<p>&nbsp;<\/p>\n<p><a href=\"https:\/\/www.radiopiu.net\/wordpress\/giornale-radiopiu-26-settembre-2018-direttore-mirko-mezzacasa\/viabilita-2\/\" rel=\"attachment wp-att-61954\"><img loading=\"lazy\" decoding=\"async\" class=\"aligncenter wp-image-61954 size-full\" src=\"https:\/\/www.radiopiu.net\/wordpress\/wp-content\/uploads\/2018\/09\/viabilita.jpeg\" sizes=\"auto, (max-width: 800px) 100vw, 800px\" srcset=\"https:\/\/www.radiopiu.net\/wordpress\/wp-content\/uploads\/2018\/09\/viabilita.jpeg 800w, https:\/\/www.radiopiu.net\/wordpress\/wp-content\/uploads\/2018\/09\/viabilita-300x38.jpeg 300w, https:\/\/www.radiopiu.net\/wordpress\/wp-content\/uploads\/2018\/09\/viabilita-768x96.jpeg 768w\" alt=\"\" width=\"800\" height=\"100\" \/><\/a><\/p>\n<p>&nbsp;<\/p>\n<blockquote class=\"wp-embedded-content\" data-secret=\"ipOh273CSn\"><p><a href=\"https:\/\/www.radiopiu.net\/wordpress\/viabilita\/\">viabilita<\/a><\/p><\/blockquote>\n<p><iframe loading=\"lazy\" class=\"wp-embedded-content\" sandbox=\"allow-scripts\" security=\"restricted\" style=\"position: absolute; clip: rect(1px, 1px, 1px, 1px);\" title=\"&#8220;viabilita&#8221; &#8212; Radio Pi\u00f9\" src=\"https:\/\/www.radiopiu.net\/wordpress\/viabilita\/embed\/#?secret=lSe7XCd1iA#?secret=ipOh273CSn\" data-secret=\"ipOh273CSn\" width=\"600\" height=\"338\" frameborder=\"0\" marginwidth=\"0\" marginheight=\"0\" scrolling=\"no\"><\/iframe><\/p>\n<p>&nbsp;<\/p>\n<hr \/>\n<p>&nbsp;<\/p>\n<p>&nbsp;<\/p>\n<p><img loading=\"lazy\" decoding=\"async\" class=\"wp-image-60761 size-full aligncenter\" src=\"https:\/\/www.radiopiu.net\/wordpress\/wp-content\/uploads\/2018\/09\/sport.jpg\" alt=\"\" width=\"800\" height=\"100\" srcset=\"https:\/\/www.radiopiu.net\/wordpress\/wp-content\/uploads\/2018\/09\/sport.jpg 800w, https:\/\/www.radiopiu.net\/wordpress\/wp-content\/uploads\/2018\/09\/sport-300x38.jpg 300w, https:\/\/www.radiopiu.net\/wordpress\/wp-content\/uploads\/2018\/09\/sport-768x96.jpg 768w\" sizes=\"auto, (max-width: 800px) 100vw, 800px\" \/><\/p>\n<p>&nbsp;<\/p>\n<p><span style=\"color: #0000ff;\"><strong>CORSA IN MONTAGNA<\/strong><\/span><\/p>\n<div class=\"page-title-head hgroup\">\n<blockquote>\n<h3 class=\"entry-title\">LA \u201cCORRI POI\u201d, GARA PODISTICA A TAPPE TRA VOLTAGO, RIVAMONTE E GOSALDO<\/h3>\n<\/blockquote>\n<\/div>\n<div class=\"page-title-breadcrumbs\"><strong><a class=\"dt-pswp-item\" href=\"https:\/\/www.radiopiu.net\/wordpress\/wp-content\/uploads\/2022\/05\/Schermata-2022-05-05-alle-16.34.40.png\" data-dt-img-description=\"\" data-large_image_width=\"1314\" data-large_image_height=\"840\"><img loading=\"lazy\" decoding=\"async\" class=\"wp-image-274012 alignleft\" src=\"https:\/\/www.radiopiu.net\/wordpress\/wp-content\/uploads\/2022\/05\/Schermata-2022-05-05-alle-16.34.40-300x192.png\" alt=\"\" width=\"191\" height=\"122\" srcset=\"https:\/\/www.radiopiu.net\/wordpress\/wp-content\/uploads\/2022\/05\/Schermata-2022-05-05-alle-16.34.40-300x192.png 300w, https:\/\/www.radiopiu.net\/wordpress\/wp-content\/uploads\/2022\/05\/Schermata-2022-05-05-alle-16.34.40-1024x655.png 1024w, https:\/\/www.radiopiu.net\/wordpress\/wp-content\/uploads\/2022\/05\/Schermata-2022-05-05-alle-16.34.40-768x491.png 768w, https:\/\/www.radiopiu.net\/wordpress\/wp-content\/uploads\/2022\/05\/Schermata-2022-05-05-alle-16.34.40.png 1314w\" sizes=\"auto, (max-width: 191px) 100vw, 191px\" \/><\/a>VOLTAGO-RIVAMONTE-GOSALDO<\/strong> Nasce la &#8220;Corri P\u00f2i&#8221;, la gara podistica a tappe che si svolge nei paesi del P\u00f2i. Saranno quattro le tappe di questa prima edizione. Si parte da Rivamonte il 12 giugno con la &#8220;Riva-ron&#8221;. Il 31 luglio sar\u00e0 la volta di Gosaldo con &#8220;Ai pi\u00e8 de la Croda Granda&#8221;, il 3 settembre a Voltago in occasione della &#8220;Va pian ma riva&#8221; e l&#8217;ultima tappa a Frassen\u00e8 il 10 settembre con la &#8220;Frassen\u00e8 Cross&#8221;. L&#8217;obbiettivo della manifestazione \u00e8 quello di correre e divertirsi sulle strade del P\u00f2i assieme agli altri concorrenti. Chi parteciper\u00e0 ad almeno 3 dei 4 appuntamenti verr\u00e0 premiato con un gadget ricordo. Stesso discorso anche per il gruppo pi\u00f9 numeroso. Le premiazioni si terranno in occasione della gara di Frassen\u00e8 sabato 10 settembre quando verranno festeggiato anche i 100 anni del Gruppo Sportivo Frassen\u00e8. Le iscrizioni alle gare si regolarizzano presso i singoli Comitati Organizzatori.<\/div>\n<p>&nbsp;<\/p>\n<p>&nbsp;<\/p>\n<p>&nbsp;<\/p>\n<p><span style=\"color: #0000ff;\"><strong>HOCKEY IN LINE\u00a0<\/strong><\/span><\/p>\n<p><em>Il campionato \u00e8 alle fasi finali. Sono quattro le bellunesi sui pattini: Silvia Toffano, De Rocco, Campo Bagatin, Cossalter e le due ex alleghesi Brisinello e Speranza. La scorsa domenica le semifinali, il Vicenza delle bellunesi si \u00e8 imposto 3-1 con il Valpellice. Domenica prossima la finalissima del\u00a0 campionato italiano tra Vicenza e Civitavecchia.\u00a0<\/em><\/p>\n<p>&nbsp;<\/p>\n<hr \/>\n<p><strong><span style=\"color: #0000ff;\">\u00a0<\/span><\/strong><\/p>\n<p><strong><span style=\"color: #0000ff;\">CALCIO<\/span><\/strong><\/p>\n<blockquote class=\"wp-embedded-content\" data-secret=\"U3k0x9wFns\"><p><a href=\"https:\/\/www.radiopiu.net\/wordpress\/la-dolomiti-bellunesi-lascia-libero-stefano-mosca\/\">LA DOLOMITI BELLUNESI LASCIA LIBERO STEFANO MOSCA<\/a><\/p><\/blockquote>\n<p><iframe loading=\"lazy\" class=\"wp-embedded-content\" sandbox=\"allow-scripts\" security=\"restricted\" style=\"position: absolute; clip: rect(1px, 1px, 1px, 1px);\" title=\"&#8220;LA DOLOMITI BELLUNESI LASCIA LIBERO STEFANO MOSCA&#8221; &#8212; Radio Pi\u00f9\" src=\"https:\/\/www.radiopiu.net\/wordpress\/la-dolomiti-bellunesi-lascia-libero-stefano-mosca\/embed\/#?secret=J9uD6obJxH#?secret=U3k0x9wFns\" data-secret=\"U3k0x9wFns\" width=\"600\" height=\"338\" frameborder=\"0\" marginwidth=\"0\" marginheight=\"0\" scrolling=\"no\"><\/iframe><\/p>\n<p>&nbsp;<\/p>\n<\/div>\n<\/div>\n<\/div>\n<\/div>\n<\/div>\n<\/div>\n<\/div>\n<\/div>\n<\/div>\n<\/div>\n<\/div>\n<\/div>\n<\/div>\n<\/div>\n<\/div>\n<\/div>\n<\/div>\n<\/div>\n<\/div>\n<\/div>\n<\/div>\n<\/div>\n<\/div>\n<\/div>\n<\/div>\n<\/div>\n<\/div>\n<\/div>\n<\/div>\n<\/div>\n<\/div>\n<\/div>\n<\/div>\n<\/div>\n<\/div>\n<\/div>\n<\/div>\n<\/div>\n<\/div>\n<\/div>\n<\/div>\n<\/div>\n<\/div>\n<\/div>\n<\/div>\n<\/div>\n<\/div>\n<\/div>\n<\/div>\n<\/div>\n<\/div>\n<\/div>\n<\/div>\n<\/div>\n<\/div>\n<\/div>\n<\/div>\n<\/div>\n<\/div>\n<\/div>\n<\/div>\n<\/div>\n<\/div>\n<\/div>\n<\/div>\n<\/div>\n<\/div>\n<\/div>\n<\/div>\n<\/div>\n<\/div>\n<\/div>\n<\/div>\n<\/div>\n<\/div>\n<\/div>\n<\/div>\n<\/div>\n<\/div>\n<\/div>\n<\/div>\n<\/div>\n<\/div>\n<\/div>\n<\/div>\n<\/div>\n<\/div>\n<\/div>\n<\/div>\n<\/div>\n<\/div>\n<\/div>\n<\/div>\n<\/div>\n<\/div>\n<\/div>\n<\/div>\n<\/div>\n<\/div>\n<\/div>\n<\/div>\n<\/div>\n<\/div>\n<\/div>\n<\/div>\n","protected":false},"excerpt":{"rendered":"<p>RADIO PIU INFORMAZIONE il canale su TELEGRAM informazione di prima\u00a0 mano e in tempo reale. iscriviti ed aiutaci a farlo conoscere\u00a0\u00a0 &nbsp; &nbsp; ACQUA NON POTABILE A COLLAZ DI LIVINALLONGO LIVINALLONGO Gestione Servizi Pubblici informa che a LIVINALLONGO DEL COL DI LANA in localit\u00e0 COLLAZ l&#8217;acqua erogata dall&#8217;acquedotto non \u00e8 potabile e pu\u00f2 essere usata&hellip;<\/p>\n","protected":false},"author":4,"featured_media":278894,"comment_status":"closed","ping_status":"closed","sticky":false,"template":"","format":"standard","meta":{"_monsterinsights_skip_tracking":false,"_monsterinsights_sitenote_active":false,"_monsterinsights_sitenote_note":"","_monsterinsights_sitenote_category":0,"footnotes":""},"categories":[51,86,49],"tags":[],"class_list":["post-278777","post","type-post","status-publish","format-standard","has-post-thumbnail","hentry","category-evidenza-top","category-gr","category-news-18","category-51","category-86","category-49","description-off"],"img_url":"https:\/\/www.radiopiu.net\/wordpress\/wp-content\/uploads\/2022\/05\/WhatsApp-Image-2022-05-31-at-13.41.15.jpeg","_links":{"self":[{"href":"https:\/\/www.radiopiu.net\/wordpress\/wp-json\/wp\/v2\/posts\/278777","targetHints":{"allow":["GET"]}}],"collection":[{"href":"https:\/\/www.radiopiu.net\/wordpress\/wp-json\/wp\/v2\/posts"}],"about":[{"href":"https:\/\/www.radiopiu.net\/wordpress\/wp-json\/wp\/v2\/types\/post"}],"author":[{"embeddable":true,"href":"https:\/\/www.radiopiu.net\/wordpress\/wp-json\/wp\/v2\/users\/4"}],"replies":[{"embeddable":true,"href":"https:\/\/www.radiopiu.net\/wordpress\/wp-json\/wp\/v2\/comments?post=278777"}],"version-history":[{"count":0,"href":"https:\/\/www.radiopiu.net\/wordpress\/wp-json\/wp\/v2\/posts\/278777\/revisions"}],"wp:featuredmedia":[{"embeddable":true,"href":"https:\/\/www.radiopiu.net\/wordpress\/wp-json\/wp\/v2\/media\/278894"}],"wp:attachment":[{"href":"https:\/\/www.radiopiu.net\/wordpress\/wp-json\/wp\/v2\/media?parent=278777"}],"wp:term":[{"taxonomy":"category","embeddable":true,"href":"https:\/\/www.radiopiu.net\/wordpress\/wp-json\/wp\/v2\/categories?post=278777"},{"taxonomy":"post_tag","embeddable":true,"href":"https:\/\/www.radiopiu.net\/wordpress\/wp-json\/wp\/v2\/tags?post=278777"}],"curies":[{"name":"wp","href":"https:\/\/api.w.org\/{rel}","templated":true}]}}