{"id":278799,"date":"2022-05-31T05:10:14","date_gmt":"2022-05-31T03:10:14","guid":{"rendered":"https:\/\/www.radiopiu.net\/wordpress\/?p=278799"},"modified":"2022-05-31T05:10:14","modified_gmt":"2022-05-31T03:10:14","slug":"2-giugno-palafalcade-con-lorchestra-da-ballo-di-bagutti","status":"publish","type":"post","link":"https:\/\/www.radiopiu.net\/wordpress\/2-giugno-palafalcade-con-lorchestra-da-ballo-di-bagutti\/","title":{"rendered":"\u00a02 GIUGNO PALAFALCADE CON L&#8217;ORCHESTRA DA BALLO DI BAGUTTI\u00a0"},"content":{"rendered":"<p>&nbsp;<\/p>\n<blockquote>\n<h2><\/h2>\n<\/blockquote>\n<p><a class=\"dt-pswp-item\" href=\"https:\/\/www.radiopiu.net\/wordpress\/wp-content\/uploads\/2022\/05\/Orchestra-italiana-Gianmarco-Bagutti-scaled.jpg\" data-dt-img-description=\"\" data-large_image_width=\"2481\" data-large_image_height=\"2560\"><img loading=\"lazy\" decoding=\"async\" class=\"size-thumbnail wp-image-278797 alignleft\" src=\"https:\/\/www.radiopiu.net\/wordpress\/wp-content\/uploads\/2022\/05\/Orchestra-italiana-Gianmarco-Bagutti-150x150.jpg\" alt=\"\" width=\"150\" height=\"150\" \/><\/a>Gioved\u00ec 02 giugno a Falcade andr\u00e0 in scena il grande spettacolo della musica da ballo con il concerto dell\u2019Orchestra Italiana Gianmarco Bagutti che inaugurer\u00e0 proprio in Val del Biois la tourn\u00e8e estiva con una scoppiettante data zero. Dalle 21.00 presso la Sala Dolomiti di Falcade l\u2019orchestra di 14 elementi, tra palco e tecnici, far\u00e0 risuonare il grande repertorio di musiche nazionali, internazionali e sue composizioni, ripercorrendo i grandi successi dell\u2019orchestra Bagutti, passando per i maggiori cantautori italiani, trascinando e coinvolgendo il pubblico nei ritmi latini. Dopo due anni di stop forzato Gianmarco e la sua orchestra non vedono l\u2019ora di tornare sul palco per far emozionare e ballare, all\u2019interno della Sala Dolomiti sar\u00e0 infatti allestita una pista da ballo per tutti gli appassionati che dopo tanto tempo vogliono tornare a divertirsi. Sar\u00e0 uno spettacolo in grande stile con una cascata di luci e di effetti scenici, formato da maxischermi led wall e tanti fari in movimento. Inoltre, in anteprima, sar\u00e0 presentato il video clip della hit dell\u2019estate \u201cFacciamo un selfie\u201d che \u00e8 stato girato nel mese di febbraio proprio a Falcade e Canale d\u2019Agordo con la collaborazione della PromoFalcade Dolomiti che \u00e8 anche l\u2019organizzatore del concerto con il supporto del Comune di Falcade. Sulle musiche di \u201cFacciamo un selfie\u201d sfileranno le immagini delle bellezze invernali della valle e delle sue eccellenze come le piste da sci, i panorami mozzafiato e la cultura, sotto la regia di Paolo Prosperi e sullo sfondo delle installazioni luminose della ditta Michelotti. Il video clip girer\u00e0 l\u2019Italia intera, sar\u00e0 infatti presentato ad ogni data della tourn\u00e9e estiva portando un soffio di Dolomiti nella calda estate italiana. Il biglietto di ingresso al concerto sar\u00e0 disponibile presso le biglietterie della Sala Dolomiti a partire dalle 18.00 del 02 giugno ed avr\u00e0 un costo di 10 \u20ac. Antonella Schena, presidente di PromoFalcade \u00e8 davvero felice di ospitare l\u2019orchestra italiana Bagutti, per inaugurare alla grande la <img loading=\"lazy\" decoding=\"async\" class=\"alignleft\" src=\"https:\/\/www.radiopiu.net\/wordpress\/wp-content\/uploads\/2022\/05\/LOCANDINA-CONCERTO-BAGUTTI.jpg\" width=\"125\" height=\"177\" \/>stagione estiva della Val del Biois, come segno di ripartenza, per dare il benvenuto agli ospiti e offrire un vero spettacolo ai valligiani, all\u2019inizio di questa estate che accoglie anche i numerosi fans dell\u2019orchestra provenienti da tutta Italia.<\/p>\n<blockquote>\n<h2><strong>OSPITI ANTONELLA SCHENA, CRISTIAN MASSARENTI E GIANMARCO BAGUTTI\u00a0<\/strong><\/h2>\n<\/blockquote>\n<p><strong>AUDIO\u00a0<\/strong><\/p>\n<audio class=\"wp-audio-shortcode\" id=\"audio-278799-1\" preload=\"none\" style=\"width: 100%;\" controls=\"controls\"><source type=\"audio\/mpeg\" src=\"https:\/\/www.radiopiu.net\/wordpress\/wp-content\/uploads\/2022\/05\/ginamarco-bagutti-18-maggio.mp3?_=1\" \/><a href=\"https:\/\/www.radiopiu.net\/wordpress\/wp-content\/uploads\/2022\/05\/ginamarco-bagutti-18-maggio.mp3\">https:\/\/www.radiopiu.net\/wordpress\/wp-content\/uploads\/2022\/05\/ginamarco-bagutti-18-maggio.mp3<\/a><\/audio>\n<p><strong>LO SPOT ALLA RADIO\u00a0<\/strong><\/p>\n<audio class=\"wp-audio-shortcode\" id=\"audio-278799-2\" preload=\"none\" style=\"width: 100%;\" controls=\"controls\"><source type=\"audio\/mpeg\" src=\"https:\/\/www.radiopiu.net\/wordpress\/wp-content\/uploads\/2022\/05\/BAGUTTI-SPOT.mp3?_=2\" \/><a href=\"https:\/\/www.radiopiu.net\/wordpress\/wp-content\/uploads\/2022\/05\/BAGUTTI-SPOT.mp3\">https:\/\/www.radiopiu.net\/wordpress\/wp-content\/uploads\/2022\/05\/BAGUTTI-SPOT.mp3<\/a><\/audio>\n<p>&nbsp;<\/p>\n<p>&nbsp;<\/p>\n<p>&nbsp;<\/p>\n","protected":false},"excerpt":{"rendered":"<p>&nbsp; Gioved\u00ec 02 giugno a Falcade andr\u00e0 in scena il grande spettacolo della musica da ballo con il concerto dell\u2019Orchestra Italiana Gianmarco Bagutti che inaugurer\u00e0 proprio in Val del Biois la tourn\u00e8e estiva con una scoppiettante data zero. Dalle 21.00 presso la Sala Dolomiti di Falcade l\u2019orchestra di 14 elementi, tra palco e tecnici, far\u00e0&hellip;<\/p>\n","protected":false},"author":4,"featured_media":278796,"comment_status":"closed","ping_status":"closed","sticky":false,"template":"","format":"standard","meta":{"_monsterinsights_skip_tracking":false,"_monsterinsights_sitenote_active":false,"_monsterinsights_sitenote_note":"","_monsterinsights_sitenote_category":0,"footnotes":""},"categories":[104,49],"tags":[],"class_list":["post-278799","post","type-post","status-publish","format-standard","has-post-thumbnail","hentry","category-evidenza_3","category-news-18","category-104","category-49","description-off"],"img_url":"https:\/\/www.radiopiu.net\/wordpress\/wp-content\/uploads\/2022\/05\/LOCANDINA-CONCERTO-BAGUTTI.jpg","_links":{"self":[{"href":"https:\/\/www.radiopiu.net\/wordpress\/wp-json\/wp\/v2\/posts\/278799","targetHints":{"allow":["GET"]}}],"collection":[{"href":"https:\/\/www.radiopiu.net\/wordpress\/wp-json\/wp\/v2\/posts"}],"about":[{"href":"https:\/\/www.radiopiu.net\/wordpress\/wp-json\/wp\/v2\/types\/post"}],"author":[{"embeddable":true,"href":"https:\/\/www.radiopiu.net\/wordpress\/wp-json\/wp\/v2\/users\/4"}],"replies":[{"embeddable":true,"href":"https:\/\/www.radiopiu.net\/wordpress\/wp-json\/wp\/v2\/comments?post=278799"}],"version-history":[{"count":0,"href":"https:\/\/www.radiopiu.net\/wordpress\/wp-json\/wp\/v2\/posts\/278799\/revisions"}],"wp:featuredmedia":[{"embeddable":true,"href":"https:\/\/www.radiopiu.net\/wordpress\/wp-json\/wp\/v2\/media\/278796"}],"wp:attachment":[{"href":"https:\/\/www.radiopiu.net\/wordpress\/wp-json\/wp\/v2\/media?parent=278799"}],"wp:term":[{"taxonomy":"category","embeddable":true,"href":"https:\/\/www.radiopiu.net\/wordpress\/wp-json\/wp\/v2\/categories?post=278799"},{"taxonomy":"post_tag","embeddable":true,"href":"https:\/\/www.radiopiu.net\/wordpress\/wp-json\/wp\/v2\/tags?post=278799"}],"curies":[{"name":"wp","href":"https:\/\/api.w.org\/{rel}","templated":true}]}}