{"id":278923,"date":"2022-06-01T05:50:31","date_gmt":"2022-06-01T03:50:31","guid":{"rendered":"https:\/\/www.radiopiu.net\/wordpress\/?p=278923"},"modified":"2022-06-01T06:16:28","modified_gmt":"2022-06-01T04:16:28","slug":"il-giorno-della-pensione-per-sandro-de-col-grazie-per-limpegno-doc","status":"publish","type":"post","link":"https:\/\/www.radiopiu.net\/wordpress\/il-giorno-della-pensione-per-sandro-de-col-grazie-per-limpegno-doc\/","title":{"rendered":"IL GIORNO DELLA PENSIONE PER SANDRO DE COL, GRAZIE PER L&#8217;IMPEGNO DOC!"},"content":{"rendered":"<p><a class=\"dt-pswp-item\" href=\"https:\/\/www.radiopiu.net\/wordpress\/wp-content\/uploads\/2022\/05\/Carraro-De-Col.jpeg\" data-dt-img-description=\"\" data-large_image_width=\"1600\" data-large_image_height=\"1200\"><img loading=\"lazy\" decoding=\"async\" class=\"size-thumbnail wp-image-278925 alignleft\" src=\"https:\/\/www.radiopiu.net\/wordpress\/wp-content\/uploads\/2022\/05\/Carraro-De-Col-150x150.jpeg\" alt=\"\" width=\"150\" height=\"150\" \/><\/a>Ultimo giorno di lavoro oggi, dopo 39 anni di servizio in Ulss, per il dottor Sandro Del Col, Direttore della funzione territoriale dell\u2019Ulss Dolomiti. Profonda gratitudine e un po\u2019 di commozione oggi nella sede della Direzione Generale di via Feltre per l\u2019ultimo giorno di lavoro del dottor De Col che da domani sar\u00e0 in quiescenza dopo una lunga carriera al servizio dell\u2019Azienda nel distretto di Belluno e, negli ultimi anni, come direttore della funzione territoriale. Apprezzato per la conoscenza del territorio, potr\u00e0 ora dedicarsi alla sua passione per la montagna, senza far mancare il supporto dall\u2019Azienda dall\u2019esterno. Contestualmente, sono stati nominati oggi i nuovi direttori di Distretto di Belluno e di Feltre, in esito all\u2019avviso svoltosi nelle scorse settimane. Per il distretto di Belluno \u00e8 stato nominato direttore il dottor Alessio Gioffredi, gi\u00e0 direttore del distretto di Feltre. Classe 1960, pugliese di origine, bellunese di adozione, il dottor Gioffredi si \u00e8 laureato in medicina e chirurgia all\u2019Universit\u00e0 di Chieti dove si \u00e8 poi specializzato in Igiene e medicina preventiva. Dal 2005 \u00e8 in servizio in Ulss Dolomiti, occupandosi prima di cure primarie e residenzialit\u00e0 extra ospedaliera, dal 2014 \u00e8 direttore del Distretto di Feltre. Dal 1 giugno prender\u00e0 servizio come direttore del Distretto di Belluno. Sempre dal 1\u00b0 giugno diventer\u00e0 direttore del Distretto di Feltre la dottoressa Lucia Dalla Torre, attualmente direttore delle Cure primarie. Classe 1973, di Valdobbiadene, dal 2020 \u00e8 in servizio in Ulss Dolomiti dopo un\u2019esperienza decennale all\u2019Ulss Marca Treviagiana. <em>\u00abUn grande grazie al dottor De Col per l\u2019importante supporto che ha dato a questa direzione nel conoscere il territorio e un augurio di buon lavoro a due stimati professionisti che da domani assumeranno un nuovo incarico. I Distretti saranno chiamati nel prossimo futuro a una profonda rivisitazione organizzativa della medicina territoriale legata alle prospettive del PNRR e alla approvazione di nuove linee organizzative a livello normativo. Sono certa che i nostri validi professionisti sapranno interpretare al meglio questa sfida per assicurare al nostro territorio, in accordo con le altre strutture e la medicina di famiglia, servizi sempre pi\u00f9 vicini ai bisogni della nostra gente\u00bb.<\/em><\/p>\n<p>&nbsp;<\/p>\n\n\t\t\t<style type='text\/css'>\n\t\t\t\t#gallery-1 {\n\t\t\t\t\tmargin: auto;\n\t\t\t\t}\n\t\t\t\t#gallery-1 .gallery-item {\n\t\t\t\t\tfloat: left;\n\t\t\t\t\tmargin-top: 10px;\n\t\t\t\t\ttext-align: center;\n\t\t\t\t\twidth: 33%;\n\t\t\t\t}\n\t\t\t\t#gallery-1 img {\n\t\t\t\t\tborder: 2px solid #cfcfcf;\n\t\t\t\t}\n\t\t\t\t#gallery-1 .gallery-caption {\n\t\t\t\t\tmargin-left: 0;\n\t\t\t\t}\n\t\t\t\t\/* see gallery_shortcode() in wp-includes\/media.php *\/\n\t\t\t<\/style>\n\t\t<div id='gallery-1' class='dt-gallery-container gallery galleryid-278923 gallery-columns-3 gallery-size-thumbnail'><dl class='gallery-item'>\n\t\t\t\t<dt class='gallery-icon landscape'>\n\t\t\t\t\t<a class=\"rollover\" href='https:\/\/www.radiopiu.net\/wordpress\/il-giorno-della-pensione-per-sandro-de-col-grazie-per-limpegno-doc\/dalla-torre-carraro\/'><img loading=\"lazy\" decoding=\"async\" width=\"150\" height=\"150\" src=\"https:\/\/www.radiopiu.net\/wordpress\/wp-content\/uploads\/2022\/05\/Dalla-Torre-Carraro-150x150.jpeg\" class=\"attachment-thumbnail size-thumbnail\" alt=\"\" aria-describedby=\"gallery-1-278924\" \/><\/a>\n\t\t\t\t<\/dt>\n\t\t\t\t\t<dd class='wp-caption-text gallery-caption' id='gallery-1-278924'>\n\t\t\t\t\tDalla Torre  &#8211; Carraro\n\t\t\t\t\t<\/dd><\/dl><dl class='gallery-item'>\n\t\t\t\t<dt class='gallery-icon portrait'>\n\t\t\t\t\t<a class=\"rollover\" href='https:\/\/www.radiopiu.net\/wordpress\/il-giorno-della-pensione-per-sandro-de-col-grazie-per-limpegno-doc\/gioffredi\/'><img loading=\"lazy\" decoding=\"async\" width=\"150\" height=\"150\" src=\"https:\/\/www.radiopiu.net\/wordpress\/wp-content\/uploads\/2022\/05\/Gioffredi-150x150.jpeg\" class=\"attachment-thumbnail size-thumbnail\" alt=\"\" aria-describedby=\"gallery-1-278928\" \/><\/a>\n\t\t\t\t<\/dt>\n\t\t\t\t\t<dd class='wp-caption-text gallery-caption' id='gallery-1-278928'>\n\t\t\t\t\tGioffredi\n\t\t\t\t\t<\/dd><\/dl><dl class='gallery-item'>\n\t\t\t\t<dt class='gallery-icon landscape'>\n\t\t\t\t\t<a class=\"rollover\" href='https:\/\/www.radiopiu.net\/wordpress\/il-giorno-della-pensione-per-sandro-de-col-grazie-per-limpegno-doc\/dalla-torre\/'><img loading=\"lazy\" decoding=\"async\" width=\"150\" height=\"150\" src=\"https:\/\/www.radiopiu.net\/wordpress\/wp-content\/uploads\/2022\/05\/Dalla-Torre-150x150.jpeg\" class=\"attachment-thumbnail size-thumbnail\" alt=\"\" aria-describedby=\"gallery-1-278927\" \/><\/a>\n\t\t\t\t<\/dt>\n\t\t\t\t\t<dd class='wp-caption-text gallery-caption' id='gallery-1-278927'>\n\t\t\t\t\tDalla Torre\n\t\t\t\t\t<\/dd><\/dl><br style=\"clear: both\" \/><dl class='gallery-item'>\n\t\t\t\t<dt class='gallery-icon landscape'>\n\t\t\t\t\t<a class=\"rollover\" href='https:\/\/www.radiopiu.net\/wordpress\/il-giorno-della-pensione-per-sandro-de-col-grazie-per-limpegno-doc\/gioffredi-carraro\/'><img loading=\"lazy\" decoding=\"async\" width=\"150\" height=\"150\" src=\"https:\/\/www.radiopiu.net\/wordpress\/wp-content\/uploads\/2022\/05\/Gioffredi-carraro-150x150.jpeg\" class=\"attachment-thumbnail size-thumbnail\" alt=\"\" aria-describedby=\"gallery-1-278926\" \/><\/a>\n\t\t\t\t<\/dt>\n\t\t\t\t\t<dd class='wp-caption-text gallery-caption' id='gallery-1-278926'>\n\t\t\t\t\tGioffredi &#8211;  Carraro\n\t\t\t\t\t<\/dd><\/dl><dl class='gallery-item'>\n\t\t\t\t<dt class='gallery-icon landscape'>\n\t\t\t\t\t<a class=\"rollover\" href='https:\/\/www.radiopiu.net\/wordpress\/il-giorno-della-pensione-per-sandro-de-col-grazie-per-limpegno-doc\/carraro-de-col\/'><img loading=\"lazy\" decoding=\"async\" width=\"150\" height=\"150\" src=\"https:\/\/www.radiopiu.net\/wordpress\/wp-content\/uploads\/2022\/05\/Carraro-De-Col-150x150.jpeg\" class=\"attachment-thumbnail size-thumbnail\" alt=\"\" aria-describedby=\"gallery-1-278925\" \/><\/a>\n\t\t\t\t<\/dt>\n\t\t\t\t\t<dd class='wp-caption-text gallery-caption' id='gallery-1-278925'>\n\t\t\t\t\tCarraro &#8211; De Col\n\t\t\t\t\t<\/dd><\/dl><dl class='gallery-item'>\n\t\t\t\t<dt class='gallery-icon landscape'>\n\t\t\t\t\t<a class=\"rollover\" href='https:\/\/www.radiopiu.net\/wordpress\/il-giorno-della-pensione-per-sandro-de-col-grazie-per-limpegno-doc\/direzione-de-col\/'><img loading=\"lazy\" decoding=\"async\" width=\"150\" height=\"150\" src=\"https:\/\/www.radiopiu.net\/wordpress\/wp-content\/uploads\/2022\/05\/direzione-de-col-150x150.jpeg\" class=\"attachment-thumbnail size-thumbnail\" alt=\"\" aria-describedby=\"gallery-1-278931\" \/><\/a>\n\t\t\t\t<\/dt>\n\t\t\t\t\t<dd class='wp-caption-text gallery-caption' id='gallery-1-278931'>\n\t\t\t\t\tDirezione &#8211; De Col\n\t\t\t\t\t<\/dd><\/dl><br style=\"clear: both\" \/>\n\t\t\t<\/div>\n\n","protected":false},"excerpt":{"rendered":"<p>Ultimo giorno di lavoro oggi, dopo 39 anni di servizio in Ulss, per il dottor Sandro Del Col, Direttore della funzione territoriale dell\u2019Ulss Dolomiti. Profonda gratitudine e un po\u2019 di commozione oggi nella sede della Direzione Generale di via Feltre per l\u2019ultimo giorno di lavoro del dottor De Col che da domani sar\u00e0 in quiescenza&hellip;<\/p>\n","protected":false},"author":4,"featured_media":278925,"comment_status":"closed","ping_status":"closed","sticky":false,"template":"","format":"standard","meta":{"_monsterinsights_skip_tracking":false,"_monsterinsights_sitenote_active":false,"_monsterinsights_sitenote_note":"","_monsterinsights_sitenote_category":0,"footnotes":""},"categories":[51,49],"tags":[],"class_list":["post-278923","post","type-post","status-publish","format-standard","has-post-thumbnail","hentry","category-evidenza-top","category-news-18","category-51","category-49","description-off"],"img_url":"https:\/\/www.radiopiu.net\/wordpress\/wp-content\/uploads\/2022\/05\/Carraro-De-Col.jpeg","_links":{"self":[{"href":"https:\/\/www.radiopiu.net\/wordpress\/wp-json\/wp\/v2\/posts\/278923","targetHints":{"allow":["GET"]}}],"collection":[{"href":"https:\/\/www.radiopiu.net\/wordpress\/wp-json\/wp\/v2\/posts"}],"about":[{"href":"https:\/\/www.radiopiu.net\/wordpress\/wp-json\/wp\/v2\/types\/post"}],"author":[{"embeddable":true,"href":"https:\/\/www.radiopiu.net\/wordpress\/wp-json\/wp\/v2\/users\/4"}],"replies":[{"embeddable":true,"href":"https:\/\/www.radiopiu.net\/wordpress\/wp-json\/wp\/v2\/comments?post=278923"}],"version-history":[{"count":0,"href":"https:\/\/www.radiopiu.net\/wordpress\/wp-json\/wp\/v2\/posts\/278923\/revisions"}],"wp:featuredmedia":[{"embeddable":true,"href":"https:\/\/www.radiopiu.net\/wordpress\/wp-json\/wp\/v2\/media\/278925"}],"wp:attachment":[{"href":"https:\/\/www.radiopiu.net\/wordpress\/wp-json\/wp\/v2\/media?parent=278923"}],"wp:term":[{"taxonomy":"category","embeddable":true,"href":"https:\/\/www.radiopiu.net\/wordpress\/wp-json\/wp\/v2\/categories?post=278923"},{"taxonomy":"post_tag","embeddable":true,"href":"https:\/\/www.radiopiu.net\/wordpress\/wp-json\/wp\/v2\/tags?post=278923"}],"curies":[{"name":"wp","href":"https:\/\/api.w.org\/{rel}","templated":true}]}}