{"id":278935,"date":"2022-06-01T05:57:58","date_gmt":"2022-06-01T03:57:58","guid":{"rendered":"https:\/\/www.radiopiu.net\/wordpress\/?p=278935"},"modified":"2022-06-01T06:14:08","modified_gmt":"2022-06-01T04:14:08","slug":"luxottica-finalizza-lacquisto-del-909-della-fedon-astucci","status":"publish","type":"post","link":"https:\/\/www.radiopiu.net\/wordpress\/luxottica-finalizza-lacquisto-del-909-della-fedon-astucci\/","title":{"rendered":"LUXOTTICA FINALIZZA L&#8217;ACQUISTO DEL 90,9% DELLA FEDON ASTUCCI"},"content":{"rendered":"<p><strong><a class=\"dt-pswp-item\" href=\"https:\/\/www.radiopiu.net\/wordpress\/wp-content\/uploads\/2022\/02\/EL_Logotype_black.png\" data-dt-img-description=\"\" data-large_image_width=\"4831\" data-large_image_height=\"525\"><img loading=\"lazy\" decoding=\"async\" class=\"alignleft wp-image-257725 size-medium\" src=\"https:\/\/www.radiopiu.net\/wordpress\/wp-content\/uploads\/2022\/02\/EL_Logotype_black-300x33.png\" alt=\"\" width=\"300\" height=\"33\" srcset=\"https:\/\/www.radiopiu.net\/wordpress\/wp-content\/uploads\/2022\/02\/EL_Logotype_black-300x33.png 300w, https:\/\/www.radiopiu.net\/wordpress\/wp-content\/uploads\/2022\/02\/EL_Logotype_black-1024x111.png 1024w, https:\/\/www.radiopiu.net\/wordpress\/wp-content\/uploads\/2022\/02\/EL_Logotype_black-768x83.png 768w, https:\/\/www.radiopiu.net\/wordpress\/wp-content\/uploads\/2022\/02\/EL_Logotype_black-1536x167.png 1536w, https:\/\/www.radiopiu.net\/wordpress\/wp-content\/uploads\/2022\/02\/EL_Logotype_black-2048x223.png 2048w\" sizes=\"auto, (max-width: 300px) 100vw, 300px\" \/><\/a>MILANO<\/strong> Si rende noto che in data odierna si \u00e8 perfezionata la compravendita da parte di Luxottica della partecipazione pari al 90,9% del capitale sociale di Giorgio Fedon &amp; Figli S.p.A., quotata su Euronext Growth Milan, organizzato e gestito da Borsa Italiana S.p.A., partecipazione rappresentata da 1.727.141 azioni ordinarie della Societ\u00e0, ad un prezzo pari a Euro 17,03 per ciascuna azione compravenduta e cos\u00ec per un controvalore complessivo di circa Euro 29,4 milioni. Si segnala che alla data odierna \u2013 ad esito dell\u2019acquisto da parte di Luxottica della Partecipazione \u2013 si sono verificati i presupposti giuridici per il sorgere in capo a Luxottica dell\u2019obbligo di promuovere un\u2019offerta pubblica di acquisto totalitaria sulle azioni ordinarie della Societ\u00e0 (\u201cOfferta\u201d), ai sensi e per gli effetti dell\u2019articolo 106 del TUF, come richiamato dall\u2019articolo 9 (Disposizioni in materia di offerta pubblica di acquisto) dello statuto sociale dell\u2019Emittente, nonch\u00e9 delle applicabili disposizioni di attuazione contenute nel Regolamento Consob n. 11971\/99 come successivamente modificato. Con riferimento all\u2019Offerta trova inoltre applicazione l\u2019articolo 111 del TUF in forza del relativo richiamo volontario ai sensi dell\u2019art. 9-bis (Diritto di Acquisto) dello statuto sociale dell\u2019Emittente. L\u2019offerta pubblica di acquisto obbligatoria totalitaria di cui alla presente comunicazione sar\u00e0 promossa da Luxottica Group S.p.A. su 151.721 azioni ordinarie di Giorgio Fedon &amp; Figli S.p.A., ossia sulla totalit\u00e0 delle azioni ordinarie dell\u2019Emittente in circolazione alla data odierna, dedotte le 1.727.141 azioni ordinarie di titolarit\u00e0 di Luxottica (rappresentative del 90,9% del capitale sociale dell\u2019Emittente alla data odierna) e le 21.138 azioni proprie della Societ\u00e0 (rappresentative di circa l\u20191,11% del capitale sociale dell\u2019Emittente). Prima dell\u2019inizio del Periodo di Adesione, come richiesto ai sensi della normativa applicabile, l\u2019Offerente pubblicher\u00e0 un Documento di Offerta che gli azionisti di Giorgio Fedon &amp; Figli S.p.A sono chiamati ad esaminare con attenzione. L\u2019Offerta sar\u00e0 promossa esclusivamente in Italia, sar\u00e0 soggetta agli obblighi di comunicazione e agli adempimenti procedurali previsti dal diritto italiano e sar\u00e0 rivolta, a parit\u00e0 di condizioni, a tutti i detentori di azioni di Giorgio Fedon &amp; Figli S.p.A.<\/p>\n<p>&nbsp;<\/p>\n<p>&nbsp;<\/p>\n<p>******<\/p>\n","protected":false},"excerpt":{"rendered":"<p>MILANO Si rende noto che in data odierna si \u00e8 perfezionata la compravendita da parte di Luxottica della partecipazione pari al 90,9% del capitale sociale di Giorgio Fedon &amp; Figli S.p.A., quotata su Euronext Growth Milan, organizzato e gestito da Borsa Italiana S.p.A., partecipazione rappresentata da 1.727.141 azioni ordinarie della Societ\u00e0, ad un prezzo pari&hellip;<\/p>\n","protected":false},"author":4,"featured_media":113444,"comment_status":"closed","ping_status":"closed","sticky":false,"template":"","format":"standard","meta":{"_monsterinsights_skip_tracking":false,"_monsterinsights_sitenote_active":false,"_monsterinsights_sitenote_note":"","_monsterinsights_sitenote_category":0,"footnotes":""},"categories":[51,49],"tags":[],"class_list":["post-278935","post","type-post","status-publish","format-standard","has-post-thumbnail","hentry","category-evidenza-top","category-news-18","category-51","category-49","description-off"],"img_url":"https:\/\/www.radiopiu.net\/wordpress\/wp-content\/uploads\/2020\/01\/NUOVA-INSEGNA-LUXOTTICA-scaled.jpg","_links":{"self":[{"href":"https:\/\/www.radiopiu.net\/wordpress\/wp-json\/wp\/v2\/posts\/278935","targetHints":{"allow":["GET"]}}],"collection":[{"href":"https:\/\/www.radiopiu.net\/wordpress\/wp-json\/wp\/v2\/posts"}],"about":[{"href":"https:\/\/www.radiopiu.net\/wordpress\/wp-json\/wp\/v2\/types\/post"}],"author":[{"embeddable":true,"href":"https:\/\/www.radiopiu.net\/wordpress\/wp-json\/wp\/v2\/users\/4"}],"replies":[{"embeddable":true,"href":"https:\/\/www.radiopiu.net\/wordpress\/wp-json\/wp\/v2\/comments?post=278935"}],"version-history":[{"count":0,"href":"https:\/\/www.radiopiu.net\/wordpress\/wp-json\/wp\/v2\/posts\/278935\/revisions"}],"wp:featuredmedia":[{"embeddable":true,"href":"https:\/\/www.radiopiu.net\/wordpress\/wp-json\/wp\/v2\/media\/113444"}],"wp:attachment":[{"href":"https:\/\/www.radiopiu.net\/wordpress\/wp-json\/wp\/v2\/media?parent=278935"}],"wp:term":[{"taxonomy":"category","embeddable":true,"href":"https:\/\/www.radiopiu.net\/wordpress\/wp-json\/wp\/v2\/categories?post=278935"},{"taxonomy":"post_tag","embeddable":true,"href":"https:\/\/www.radiopiu.net\/wordpress\/wp-json\/wp\/v2\/tags?post=278935"}],"curies":[{"name":"wp","href":"https:\/\/api.w.org\/{rel}","templated":true}]}}