{"id":278997,"date":"2022-06-03T06:00:09","date_gmt":"2022-06-03T04:00:09","guid":{"rendered":"https:\/\/www.radiopiu.net\/wordpress\/?p=278997"},"modified":"2022-06-03T13:48:15","modified_gmt":"2022-06-03T11:48:15","slug":"giornale-radiopiu-03-giugno-2022-direttore-mirko-mezzacasa","status":"publish","type":"post","link":"https:\/\/www.radiopiu.net\/wordpress\/giornale-radiopiu-03-giugno-2022-direttore-mirko-mezzacasa\/","title":{"rendered":"GIORNALE RADIOPIU 03 GIUGNO 2022 DIRETTORE MIRKO MEZZACASA"},"content":{"rendered":"<h3 class=\"kvgmc6g5 cxmmr5t8 oygrvhab hcukyx3x c1et5uql\"><span style=\"color: #0000ff;\"><strong>RADIO PIU INFORMAZIONE il canale su TELEGRAM informazione di prima\u00a0 <\/strong><\/span><span style=\"color: #0000ff;\"><strong>mano e in tempo reale. iscriviti ed aiutaci a farlo conoscere\u00a0\u00a0<\/strong><\/span><\/h3>\n<blockquote>\n<div class=\"page-title-head hgroup\">\n<h1 class=\"entry-title\">NEL GIORNO DEL COMPLEANNO DELL&#8217;ITALIA CONSEGNATE LE ONOREFICENZE<\/h1>\n<\/div>\n<div class=\"page-title-breadcrumbs\"><\/div>\n<p><strong><a class=\"dt-pswp-item\" href=\"https:\/\/www.radiopiu.net\/wordpress\/wp-content\/uploads\/2022\/05\/onor.jpg\" data-dt-img-description=\"\" data-large_image_width=\"607\" data-large_image_height=\"467\"><img loading=\"lazy\" decoding=\"async\" class=\"size-thumbnail wp-image-279395 alignleft\" src=\"https:\/\/www.radiopiu.net\/wordpress\/wp-content\/uploads\/2022\/05\/onor-150x150.jpg\" alt=\"\" width=\"150\" height=\"150\" \/><\/a>BELLUNO<\/strong> Undici maestri del lavoro, due medaglie d&#8217;onore alla memoria, due ufficiali, tre cavalieri: 18 bellunesi sono stati premiati ieri pomeriggio al Palazzo dei Rettori. In apertura, il prefetto Mariano Savastano ha offerto uno squarcio su un&#8217;attualit\u00e0 segnata dalla graduale uscita dall&#8217;emergenza pandemica e dalla guerra in Ucraina. Un momento ancora difficile \u00abper il Paese, per l&#8217;Europa, per la tenuta democratica della societ\u00e0 occidentale\u00bb.<\/p><\/blockquote>\n<p>INSIGNITI OMRI, UFFICIALI: Colonello Francesco Rastelli, Ennio Soccal (Alpago); CAVALIERI Gina Bortot (Alpago), Francesca La Grua (Belluno), Carmela Mezzacapo (Belluno). MEDAGLIA D&#8217;ONORE Giuliano Pauletti\u00a0 e Angelo Vallata.\u00a0 STELLA AL MERITO Mauro Carlin (Ponte nelle Alpi), Claudia Dal Don (Gosaldo), Livio De Nardin (Agordo), Daniele Fantinel (Seren del Grappa), Daniela Lamberti (Longarone), Arcangelo Mottes (Falcade), Mirco Naldo (Belluno), Flavio Soccal (Alpago), Cristina Sponga (Limana), Annarosa Valmassoi ( Domegge di Cadore), Giovanni Viel (Ponte nelle Alpi).<\/p>\n<blockquote><p>&nbsp;<\/p>\n<hr \/>\n<h3><\/h3>\n<h3><\/h3>\n<h3>IERI SERA, LA DATA ZERO DI GIANMARCO BAGUTTI A FALCADE<br \/>\nDIRETTA &#8211; RADIOPIU &#8211;<\/h3>\n<\/blockquote>\n<p><a href=\"https:\/\/www.facebook.com\/mirko.mezzacasa\/videos\/428297405471555\">https:\/\/www.facebook.com\/mirko.mezzacasa\/videos\/428297405471555<\/a><\/p>\n<p>&nbsp;<\/p>\n<p>&nbsp;<\/p>\n<p>&nbsp;<\/p>\n<hr \/>\n<p>&nbsp;<\/p>\n<blockquote>\n<h3>ACQUA NON POTABILE A COLLAZ DI LIVINALLONGO E A CENCENIGHE<\/h3>\n<\/blockquote>\n<p><strong><a class=\"dt-pswp-item\" href=\"https:\/\/www.radiopiu.net\/wordpress\/wp-content\/uploads\/2018\/08\/ACQUA.jpeg\" data-dt-img-description=\"\" data-large_image_width=\"1280\" data-large_image_height=\"768\"><img loading=\"lazy\" decoding=\"async\" class=\"alignleft wp-image-57052 \" src=\"https:\/\/www.radiopiu.net\/wordpress\/wp-content\/uploads\/2018\/08\/ACQUA-300x180.jpeg\" alt=\"\" width=\"160\" height=\"96\" srcset=\"https:\/\/www.radiopiu.net\/wordpress\/wp-content\/uploads\/2018\/08\/ACQUA-300x180.jpeg 300w, https:\/\/www.radiopiu.net\/wordpress\/wp-content\/uploads\/2018\/08\/ACQUA-768x461.jpeg 768w, https:\/\/www.radiopiu.net\/wordpress\/wp-content\/uploads\/2018\/08\/ACQUA-1024x614.jpeg 1024w, https:\/\/www.radiopiu.net\/wordpress\/wp-content\/uploads\/2018\/08\/ACQUA.jpeg 1280w\" sizes=\"auto, (max-width: 160px) 100vw, 160px\" \/><\/a>LIVINALLONGO<\/strong> Gestione Servizi Pubblici informa che a LIVINALLONGO DEL COL DI LANA in localit\u00e0 COLLAZ l&#8217;acqua erogata dall&#8217;acquedotto non \u00e8 potabile e pu\u00f2 essere usata per scopi alimentari SOLO PREVIA bollitura. GSP ha, comunque, gi\u00e0 adottato le necessarie misure per la disinfezione dell&#8217;acqua presente nei serbatoi e nella rete idrica con l&#8217;aggiunta di cloro.<\/p>\n<p><strong>CENCENIGHE<\/strong> Gestione Servizi Pubblici informa che a CENCENIGHE AGORDINO in localit\u00e0 FOCH l&#8217;acqua erogata dall&#8217;acquedotto non \u00e8 potabile e non pu\u00f2 essere usata per scopi alimentari. GSP ha, comunque, gi\u00e0 adottato le necessarie misure per la disinfezione dell&#8217;acqua presente nei serbatoi e nella rete idrica con l&#8217;aggiunta di cloro. Verr\u00e0 effettuato il servizio sostitutivo con autobotte presso il parcheggio pubblico di Via Foch.<\/p>\n<p>&nbsp;<\/p>\n<blockquote>\n<h3 class=\"entry-title\">DA LUNEDI CHIUSURA DELLA PROVINCIALE 3 AI MEZZI PESANTI<\/h3>\n<\/blockquote>\n<p><strong>RIVAMONTE<\/strong>\u00a0Veneto Strade informa che da lunedi al 10 giugno in localit\u00e0 Le Roste di Rivamonte (Agordo Ponte Alto-Rivamonte) la strada sar\u00e0 totalmente interdetta ai mezzi pesanti con massa superiore alle 3,5 tonnellate (esclusi i pullman adibiti al trasporto di persone), sono previste per tutti brevi interruzioni fino ad un massimo di 10 minuti<\/p>\n<p><strong>PROVINCIALE 20 VAL FIORENTINA<\/strong> tra Caprile di Alleghe, Selva di Cadore e la Val Zoldana da lunedi e<span style=\"color: #ff0000;\"> fino al 29 luglio <\/span>senso unico alternato regolato da semaforo per tratti di circa 300 metri.<\/p>\n<p>&nbsp;<\/p>\n<hr \/>\n<p>&nbsp;<\/p>\n<blockquote>\n<h3>MALTEMPO IN ARRIVO, DA OGGI IN VENETO ALLERTA GIALLA PER CRITICITA&#8217; IDROGEOLOGICA<\/h3>\n<\/blockquote>\n<p><strong>VENEZIA <\/strong>\u00c8 atteso\u00a0 un peggioramento delle condizioni del tempo sul Veneto. Alla luce delle previsioni meteo, il Centro Funzionale Decentrato della Protezione Civile della Regione Veneto, ha dichiarato lo Stato di Attenzione (allerta gialla) per criticit\u00e0 idrogeologica riferita allo scenario per temporali forti, valevole dalle ore 12 di oggi alle ore 00 di domani. Le previsioni indicano la possibilit\u00e0 di rovesci su Dolomiti e Prealpi, e per oggi dalla tarda mattinata della probabilit\u00e0 di rovesci e temporali sparsi, specie sulle Dolomiti, con rischio pi\u00f9 basso sulle Prealpi. Non si escludono fenomeni localmente intensi e grandinigeni.<\/p>\n<p><a class=\"dt-pswp-item\" href=\"https:\/\/www.radiopiu.net\/wordpress\/wp-content\/uploads\/2022\/06\/Schermata-2022-06-02-alle-14.33.53.png\" data-dt-img-description=\"\" data-large_image_width=\"1812\" data-large_image_height=\"588\"><img loading=\"lazy\" decoding=\"async\" class=\"alignnone wp-image-279327 size-large\" src=\"https:\/\/www.radiopiu.net\/wordpress\/wp-content\/uploads\/2022\/06\/Schermata-2022-06-02-alle-14.33.53-1024x332.png\" alt=\"\" width=\"1024\" height=\"332\" srcset=\"https:\/\/www.radiopiu.net\/wordpress\/wp-content\/uploads\/2022\/06\/Schermata-2022-06-02-alle-14.33.53-1024x332.png 1024w, https:\/\/www.radiopiu.net\/wordpress\/wp-content\/uploads\/2022\/06\/Schermata-2022-06-02-alle-14.33.53-300x97.png 300w, https:\/\/www.radiopiu.net\/wordpress\/wp-content\/uploads\/2022\/06\/Schermata-2022-06-02-alle-14.33.53-768x249.png 768w, https:\/\/www.radiopiu.net\/wordpress\/wp-content\/uploads\/2022\/06\/Schermata-2022-06-02-alle-14.33.53-1536x498.png 1536w, https:\/\/www.radiopiu.net\/wordpress\/wp-content\/uploads\/2022\/06\/Schermata-2022-06-02-alle-14.33.53.png 1812w\" sizes=\"auto, (max-width: 1024px) 100vw, 1024px\" \/><\/a><\/p>\n<p>&nbsp;<\/p>\n<p>&nbsp;<\/p>\n<hr \/>\n<p>&nbsp;<\/p>\n<blockquote>\n<h3>\u00a0L&#8217;ADDIO A GIANLUCA E SEVERINO<\/h3>\n<\/blockquote>\n<p><strong>REDAZIONE<\/strong> Due comunit\u00e0 in lutto pronte all&#8217;estremo saluto ad altrettanti amici morti a poche ore di distanza nel loro &#8220;mondo&#8221; in montagna. Gianluca Barattin e a Severino Pierobon &#8220;Cepe&#8221;,\u00a0 sono morti\u00a0 in due incidenti simili. Barattin, 49 anni, di\u00a0 Chies d&#8217;Alpago \u00e8\u00a0 mancato nella notte tra marted\u00ec e mercoled\u00ec sotto Pian Formosa precipitando da una pianta sulla quale si era appostato per la caccia al cinghiale; Pierobon, 73 anni,\u00a0 di Ponte nelle Alpi \u00e8 precipitato da una parete rocciosa\u00a0 nei dintorni di casa a Soccher.\u00a0 Oggi alle 16\u00a0 a Chies i funerali\u00a0 di Gianluca Barattin, lascia i genitori Vincenzina e Valerio, eventuali offerte verranno devolute alla chiesa di San Martino. Lunedi alle 15 i funerali di\u00a0 Severino Pierobon, la moglie Vanita e i familiari hanno voluto onorarne il ricordo con un gesto di generosit\u00e0, invitando a donare offerte a sostegno del Soccorso alpino ringraziando\u00a0 i soccorritori ma anche ai tanti amici e paesani che hanno dato una mano e sono stati loro vicini durante le convulse ore di mercoled\u00ec in cui si \u00e8 cercato Severino, che non aveva fatto rientro a casa<\/p>\n\n\t\t\t<style type='text\/css'>\n\t\t\t\t#gallery-1 {\n\t\t\t\t\tmargin: auto;\n\t\t\t\t}\n\t\t\t\t#gallery-1 .gallery-item {\n\t\t\t\t\tfloat: left;\n\t\t\t\t\tmargin-top: 10px;\n\t\t\t\t\ttext-align: center;\n\t\t\t\t\twidth: 50%;\n\t\t\t\t}\n\t\t\t\t#gallery-1 img {\n\t\t\t\t\tborder: 2px solid #cfcfcf;\n\t\t\t\t}\n\t\t\t\t#gallery-1 .gallery-caption {\n\t\t\t\t\tmargin-left: 0;\n\t\t\t\t}\n\t\t\t\t\/* see gallery_shortcode() in wp-includes\/media.php *\/\n\t\t\t<\/style>\n\t\t<div id='gallery-1' class='dt-gallery-container gallery galleryid-278997 gallery-columns-2 gallery-size-thumbnail'><dl class='gallery-item'>\n\t\t\t\t<dt class='gallery-icon landscape'>\n\t\t\t\t\t<a class=\"rollover rollover-zoom dt-pswp-item\" title=\"Senza nome\" data-dt-img-description=\"\" data-large_image_width=\"238\" data-large_image_height=\"224\"href='https:\/\/www.radiopiu.net\/wordpress\/wp-content\/uploads\/2022\/06\/Senza-nome.jpg'><img loading=\"lazy\" decoding=\"async\" width=\"150\" height=\"150\" src=\"https:\/\/www.radiopiu.net\/wordpress\/wp-content\/uploads\/2022\/06\/Senza-nome-150x150.jpg\" class=\"attachment-thumbnail size-thumbnail\" alt=\"\" aria-describedby=\"gallery-1-279133\" \/><\/a>\n\t\t\t\t<\/dt>\n\t\t\t\t\t<dd class='wp-caption-text gallery-caption' id='gallery-1-279133'>\n\t\t\t\t\tGIANLUCA BARATTIN\n\t\t\t\t\t<\/dd><\/dl><dl class='gallery-item'>\n\t\t\t\t<dt class='gallery-icon portrait'>\n\t\t\t\t\t<a class=\"rollover rollover-zoom dt-pswp-item\" title=\"20220601_152814\" data-dt-img-description=\"\" data-large_image_width=\"866\" data-large_image_height=\"1176\"href='https:\/\/www.radiopiu.net\/wordpress\/wp-content\/uploads\/2022\/06\/20220601_152814.jpg'><img loading=\"lazy\" decoding=\"async\" width=\"150\" height=\"150\" src=\"https:\/\/www.radiopiu.net\/wordpress\/wp-content\/uploads\/2022\/06\/20220601_152814-150x150.jpg\" class=\"attachment-thumbnail size-thumbnail\" alt=\"\" aria-describedby=\"gallery-1-279148\" \/><\/a>\n\t\t\t\t<\/dt>\n\t\t\t\t\t<dd class='wp-caption-text gallery-caption' id='gallery-1-279148'>\n\t\t\t\t\tSEVERINO &#8220;CEPE&#8221; PIEROBON\n\t\t\t\t\t<\/dd><\/dl><br style=\"clear: both\" \/>\n\t\t\t<\/div>\n\n<p>&nbsp;<\/p>\n<p>&nbsp;<\/p>\n<hr \/>\n<p>&nbsp;<\/p>\n<blockquote>\n<h3>IL CALCIO BELLUNESE IN LUTTO. SE N&#8217;E&#8217; ANDATO GIROLAMO BERTOLDIN<\/h3>\n<\/blockquote>\n<p><strong>BELLUNO<\/strong><\/p>\n<p>di Roberto Bona<\/p>\n<audio class=\"wp-audio-shortcode\" id=\"audio-278997-1\" preload=\"none\" style=\"width: 100%;\" controls=\"controls\"><source type=\"audio\/mpeg\" src=\"https:\/\/www.radiopiu.net\/wordpress\/wp-content\/uploads\/2022\/06\/BONA-BERTOLDIN.mp3?_=1\" \/><a href=\"https:\/\/www.radiopiu.net\/wordpress\/wp-content\/uploads\/2022\/06\/BONA-BERTOLDIN.mp3\">https:\/\/www.radiopiu.net\/wordpress\/wp-content\/uploads\/2022\/06\/BONA-BERTOLDIN.mp3<\/a><\/audio>\n<p>&nbsp;<\/p>\n\n\t\t\t<style type='text\/css'>\n\t\t\t\t#gallery-2 {\n\t\t\t\t\tmargin: auto;\n\t\t\t\t}\n\t\t\t\t#gallery-2 .gallery-item {\n\t\t\t\t\tfloat: left;\n\t\t\t\t\tmargin-top: 10px;\n\t\t\t\t\ttext-align: center;\n\t\t\t\t\twidth: 33%;\n\t\t\t\t}\n\t\t\t\t#gallery-2 img {\n\t\t\t\t\tborder: 2px solid #cfcfcf;\n\t\t\t\t}\n\t\t\t\t#gallery-2 .gallery-caption {\n\t\t\t\t\tmargin-left: 0;\n\t\t\t\t}\n\t\t\t\t\/* see gallery_shortcode() in wp-includes\/media.php *\/\n\t\t\t<\/style>\n\t\t<div id='gallery-2' class='dt-gallery-container gallery galleryid-278997 gallery-columns-3 gallery-size-thumbnail'><dl class='gallery-item'>\n\t\t\t\t<dt class='gallery-icon portrait'>\n\t\t\t\t\t<a class=\"rollover rollover-zoom dt-pswp-item\" title=\"7c94240b-7aba-426b-bd21-403b6dfd23e2\" data-dt-img-description=\"\" data-large_image_width=\"1111\" data-large_image_height=\"1600\"href='https:\/\/www.radiopiu.net\/wordpress\/wp-content\/uploads\/2022\/06\/7c94240b-7aba-426b-bd21-403b6dfd23e2.jpg'><img loading=\"lazy\" decoding=\"async\" width=\"150\" height=\"150\" src=\"https:\/\/www.radiopiu.net\/wordpress\/wp-content\/uploads\/2022\/06\/7c94240b-7aba-426b-bd21-403b6dfd23e2-150x150.jpg\" class=\"attachment-thumbnail size-thumbnail\" alt=\"\" aria-describedby=\"gallery-2-279295\" \/><\/a>\n\t\t\t\t<\/dt>\n\t\t\t\t\t<dd class='wp-caption-text gallery-caption' id='gallery-2-279295'>\n\t\t\t\t\tGirolamo &#8220;Bepi&#8221; Bertoldin\n\t\t\t\t\t<\/dd><\/dl><dl class='gallery-item'>\n\t\t\t\t<dt class='gallery-icon portrait'>\n\t\t\t\t\t<a class=\"rollover rollover-zoom dt-pswp-item\" title=\"11398fa6-03d3-4a76-88af-2c9ef1981baa\" data-dt-img-description=\"\" data-large_image_width=\"1071\" data-large_image_height=\"1509\"href='https:\/\/www.radiopiu.net\/wordpress\/wp-content\/uploads\/2022\/06\/11398fa6-03d3-4a76-88af-2c9ef1981baa.jpg'><img loading=\"lazy\" decoding=\"async\" width=\"150\" height=\"150\" src=\"https:\/\/www.radiopiu.net\/wordpress\/wp-content\/uploads\/2022\/06\/11398fa6-03d3-4a76-88af-2c9ef1981baa-150x150.jpg\" class=\"attachment-thumbnail size-thumbnail\" alt=\"\" aria-describedby=\"gallery-2-279296\" \/><\/a>\n\t\t\t\t<\/dt>\n\t\t\t\t\t<dd class='wp-caption-text gallery-caption' id='gallery-2-279296'>\n\t\t\t\t\tBertoldin con Colombari e Svaluto\n\t\t\t\t\t<\/dd><\/dl><dl class='gallery-item'>\n\t\t\t\t<dt class='gallery-icon landscape'>\n\t\t\t\t\t<a class=\"rollover rollover-zoom dt-pswp-item\" title=\"9411662c-b6d0-42e6-9e11-079e64266b17\" data-dt-img-description=\"\" data-large_image_width=\"1600\" data-large_image_height=\"831\"href='https:\/\/www.radiopiu.net\/wordpress\/wp-content\/uploads\/2022\/06\/9411662c-b6d0-42e6-9e11-079e64266b17.jpg'><img loading=\"lazy\" decoding=\"async\" width=\"150\" height=\"150\" src=\"https:\/\/www.radiopiu.net\/wordpress\/wp-content\/uploads\/2022\/06\/9411662c-b6d0-42e6-9e11-079e64266b17-150x150.jpg\" class=\"attachment-thumbnail size-thumbnail\" alt=\"\" aria-describedby=\"gallery-2-279294\" \/><\/a>\n\t\t\t\t<\/dt>\n\t\t\t\t\t<dd class='wp-caption-text gallery-caption' id='gallery-2-279294'>\n\t\t\t\t\tBertoldin (ottavo in piedi da sx) in occasione di Belluno-Udinese del 1956 che inaugur\u00f2 lo stadio polisportivo di Belluno\n\t\t\t\t\t<\/dd><\/dl><br style=\"clear: both\" \/>\n\t\t\t<\/div>\n\n<p>&nbsp;<\/p>\n<hr \/>\n<p>&nbsp;<\/p>\n<blockquote>\n<h3>ALPINISTA COLPITA ALLA TESTA DA UN SASSO SULLA MOIAZZA<\/h3>\n<\/blockquote>\n<p><strong><a class=\"dt-pswp-item\" href=\"https:\/\/www.radiopiu.net\/wordpress\/wp-content\/uploads\/2018\/08\/soccorsoalpino.jpg\" data-dt-img-description=\"\" data-large_image_width=\"1200\" data-large_image_height=\"1200\"><img loading=\"lazy\" decoding=\"async\" class=\"size-thumbnail wp-image-59164 alignleft\" src=\"https:\/\/www.radiopiu.net\/wordpress\/wp-content\/uploads\/2018\/08\/soccorsoalpino-150x150.jpg\" alt=\"\" width=\"150\" height=\"150\" srcset=\"https:\/\/www.radiopiu.net\/wordpress\/wp-content\/uploads\/2018\/08\/soccorsoalpino-150x150.jpg 150w, https:\/\/www.radiopiu.net\/wordpress\/wp-content\/uploads\/2018\/08\/soccorsoalpino-300x300.jpg 300w, https:\/\/www.radiopiu.net\/wordpress\/wp-content\/uploads\/2018\/08\/soccorsoalpino-768x768.jpg 768w, https:\/\/www.radiopiu.net\/wordpress\/wp-content\/uploads\/2018\/08\/soccorsoalpino-1024x1024.jpg 1024w, https:\/\/www.radiopiu.net\/wordpress\/wp-content\/uploads\/2018\/08\/soccorsoalpino.jpg 1200w\" sizes=\"auto, (max-width: 150px) 100vw, 150px\" \/><\/a>LA VALLE AGORDINA\u00a0<\/strong>Passate le 10 di ieri la Centrale del Suem \u00e8 stata allertata da una coppia di alpinisti per un infortunio. I due, al primo tiro della Via Penasa &#8211; Lise alla Pala del Belia, sulla Moiazza, data la presenza di numerose cordate sopra di loro, avevano deciso di calarsi, ma, arrivati alla base, un sasso era caduto dall&#8217;alto colpendo alla testa la ragazza, L.S., 24 anni, di Livinallongo del Col di Lana (BL). Lentamente la coppia ha iniziato a scendere autonomamente per fermarsi in un luogo all&#8217;ombra, nella vicinanza delle Malghe del Duran, dove risalendo li ha incrociati una squadra del Soccorso alpino di Agordo, sopraggiunta con il fuoristrada. La giovane \u00e8 stata quindi trasportata all&#8217;ospedale di Agordo per le cure del caso.<\/p>\n<p>&nbsp;<\/p>\n<p>&nbsp;<\/p>\n<hr \/>\n<p>&nbsp;<\/p>\n<blockquote>\n<h3>INFORTUNIO A UN GINOCCHIO AL LAGO DI SORAPIS. SOCCORSO UN GIOVANE IN VALLE DEL MIS<\/h3>\n<\/blockquote>\n<p><strong><a class=\"dt-pswp-item\" href=\"https:\/\/www.radiopiu.net\/wordpress\/wp-content\/uploads\/2022\/02\/4063da5f-f442-4e26-9beb-eb7473b3f855.jpg\" data-dt-img-description=\"\" data-large_image_width=\"1079\" data-large_image_height=\"720\"><img loading=\"lazy\" decoding=\"async\" class=\"size-thumbnail wp-image-260644 alignleft\" src=\"https:\/\/www.radiopiu.net\/wordpress\/wp-content\/uploads\/2022\/02\/4063da5f-f442-4e26-9beb-eb7473b3f855-150x150.jpg\" alt=\"\" width=\"150\" height=\"150\" \/><\/a>CORTINA <\/strong>Ieri l&#8221;elicottero del Suem di Pieve di Cadore \u00e8 stato inviato dalla Centrale del 118 sul lago del Sorapis, dove un&#8217;escursionista, che stava camminando sul sentiero che lo costeggia, si era fatta male a un ginocchio e non era pi\u00f9 in grado di proseguire. Atterrati nella piazzola del Rifugio Vandelli, equipe medica e tecnico di elisoccorso hanno raggiunto a piedi G.S., 54 anni, di San Tomaso Agordino (BL), a una cinquantina di metri di distanza, le hanno stabilizzato la gamba per poi riaccompagnarla all&#8217;eliambulanza. La donna \u00e8 stata quindi trasportata all&#8217;ospedale di Cortina.<\/p>\n<p>&nbsp;<\/p>\n<hr \/>\n<blockquote>\n<h3><\/h3>\n<h3>SCIVOLA\u00a0 NEI CADINI DEL BRENTON, IL PAPA&#8217; LO PORTA A RIVA, L&#8217;ELICOTTERO IN OSPEDALE PER UN TRAUMA CRANICO<\/h3>\n<\/blockquote>\n<p>&nbsp;<\/p>\n<p><strong><a class=\"dt-pswp-item\" href=\"https:\/\/www.radiopiu.net\/wordpress\/wp-content\/uploads\/2022\/06\/th-1.jpg\" data-dt-img-description=\"\" data-large_image_width=\"281\" data-large_image_height=\"187\"><img loading=\"lazy\" decoding=\"async\" class=\"size-thumbnail wp-image-279372 alignleft\" src=\"https:\/\/www.radiopiu.net\/wordpress\/wp-content\/uploads\/2022\/06\/th-1-150x150.jpg\" alt=\"\" width=\"150\" height=\"150\" \/><\/a>SOSPIROLO <\/strong>Sempre ieri, verso le 12.20, l&#8217;elicottero \u00e8 stato dirottato a Sospirolo, in Valle del Mis, per un 14enne di Montebelluna (TV), che era caduto in una piccola pozza dei Cadini del Brenton. Il ragazzo, che si trovava con i genitori quando era scivolato finendo nell&#8217;acqua, era stato subito raggiunto dal pap\u00e0 e portato a riva. Calati con un verricello di 33 metri sulla verticale, medico e tecnico di elisoccorso hanno proceduto con le prime cure del giovane escursionista, che era cosciente e seduto, a seguito di un taglio sulla testa e un possibile trauma cranico. Issato a bordo assieme al padre, il ragazzo \u00e8 stato accompagnato al San Martino.<\/p>\n<p>&nbsp;<\/p>\n<p>&nbsp;<\/p>\n<hr \/>\n<p>&nbsp;<\/p>\n<blockquote>\n<h3>MALORE IN VAL FALCINA<\/h3>\n<\/blockquote>\n<p><strong><a class=\"dt-pswp-item\" href=\"https:\/\/www.radiopiu.net\/wordpress\/wp-content\/uploads\/2020\/10\/salt_20201005_175730_488_resized.jpg\" data-dt-img-description=\"\" data-large_image_width=\"1182\" data-large_image_height=\"886\"><img loading=\"lazy\" decoding=\"async\" class=\"size-thumbnail wp-image-164432 alignleft\" src=\"https:\/\/www.radiopiu.net\/wordpress\/wp-content\/uploads\/2020\/10\/salt_20201005_175730_488_resized-150x150.jpg\" alt=\"\" width=\"150\" height=\"150\" srcset=\"https:\/\/www.radiopiu.net\/wordpress\/wp-content\/uploads\/2020\/10\/salt_20201005_175730_488_resized-150x150.jpg 150w, https:\/\/www.radiopiu.net\/wordpress\/wp-content\/uploads\/2020\/10\/salt_20201005_175730_488_resized-125x125.jpg 125w, https:\/\/www.radiopiu.net\/wordpress\/wp-content\/uploads\/2020\/10\/salt_20201005_175730_488_resized-200x200.jpg 200w, https:\/\/www.radiopiu.net\/wordpress\/wp-content\/uploads\/2020\/10\/salt_20201005_175730_488_resized-80x80.jpg 80w\" sizes=\"auto, (max-width: 150px) 100vw, 150px\" \/><\/a>SOSPIROLO<\/strong> Ieri attorno alle 16.30 il Soccorso alpino di Belluno \u00e8 stato allertato per un escursionista colto da malore, mentre con la compagna stava percorrendo il sentiero naturalistico della Val Falcina, laterale della Valle del Mis. Ad attendere la squadra all&#8217;arrivo del giro ad anello, un terzo escursionista che aveva assistito al mancamento dell&#8217;uomo e ha guidato i soccorritori dove si trovava l&#8217;uomo, ormai quasi alla fine del percorso. Una volta da F.B., 61 anni, di Legnaro (PD), la squadra ha appurato le sue condizioni, lo ha caricato in barella, assicurandola nei tratti pi\u00f9 esposti, e trasportato fino alla strada, per poi trasferirlo sul proprio mezzo e, in accordo con la Centrale del Suem, accompagnarlo all&#8217;ospedale di Belluno per gli accertamenti del caso.<\/p>\n<p>&nbsp;<\/p>\n<p>&nbsp;<\/p>\n<hr \/>\n<p>&nbsp;<\/p>\n<blockquote>\n<h3>CON LA MOTO DIRITTO NEL BOSCO<\/h3>\n<\/blockquote>\n<p><strong>ALPAGO\u00a0<\/strong> Un uomo di 29 anni\u00a0 ieri pomeriggio lungo la 422 tra Spert e Osteria ha perso il controllo della propria motocicletta mentre scendeva dal Cansiglio con tre amici\u00a0 Il padovano F.B.\u00a0 \u00e8 stato trasporto dall&#8217;elicottoero al Pronto soccorso dell&#8217;ospedale San Martino con un\u00a0 politrauma e forti dolori al torace, la prognosi non \u00e8\u00a0 preoccupante. Sul posto anche i carabinieri della stazione di Alpago.<\/p>\n<p>&nbsp;<\/p>\n<hr \/>\n<p>&nbsp;<\/p>\n<blockquote>\n<h3 class=\"entry-title\">ULSS1, BILANCIO DA 486 MILIONI DI EURO, PERDITA DI ESERCIZIO 19 MILIONI<\/h3>\n<\/blockquote>\n<p class=\"photoswipe-wrapper\"><strong class=\"photoswipe-wrapper\"><a class=\"dt-pswp-item pspw-wrap-ready\" href=\"https:\/\/www.radiopiu.net\/wordpress\/wp-content\/uploads\/2021\/03\/ULSS-1.jpg\" data-dt-img-description=\"\" data-large_image_width=\"776\" data-large_image_height=\"408\"><img loading=\"lazy\" decoding=\"async\" class=\"size-thumbnail wp-image-198838 alignleft\" src=\"https:\/\/www.radiopiu.net\/wordpress\/wp-content\/uploads\/2021\/03\/ULSS-1-150x150.jpg\" alt=\"\" width=\"150\" height=\"150\" \/><\/a>BELLUNO<\/strong>\u00a0\u201cStiamo mettendo in atto strategie per contenere i costi, dove possibile, ma senza intaccare i servizi, e per aumentare la produzione, con tenacia e determinazione\u201d \u00e8 il commento del Direttore Generale Maria Grazia Carraro all\u2019atto della presentazione del\u00a0 bilancio 2021 che chiude con una perdita di esercizio di 19 milioni di euro su un valore della produzione pari a oltre 486 milioni di euro. L\u2019area sociale chiude con un risultato di pareggio. Il 2021 si \u00e8 caratterizzato per un aumento dei costi sostenuti per garantire i servizi in maniera diffusa sul territorio e la gestione dell\u2019epidemia covid: da un lato si sono registrate maggiori spese per il personale, sia dipendente che attraverso altre forme di contratto, e dall\u2019altro si \u00e8 dovuto far fronte all\u2019aumento delle materie prime e dell\u2019energia. In particolare nel 2021: \u00a014% in pi\u00f9 per le attivit\u00e0 di prevenzione (+3,2 milioni di euro); \u00a0il 6% in pi\u00f9 per i livelli di assistenza distrettuale (+15,5 milioni di euro); \u00a04% in pi\u00f9 per i livelli di assistenza ospedaliera (+ 9 milioni di euro). Complessivamente, il 37% dei costi \u00e8 registrato per la voce personale, che registra un aumento di circa 7,6 milioni di euro rispetto al 2020. E\u2019 aumentato, infatti, il personale dipendente del comparto per la gestione della pandemia covid. A questi si aggiungono i maggiori costi per \u201cprestazioni sanitarie\u201d (+5%) vale a dire per il coinvolgimento dei medici di Medicina generale e pediatri di libera scelta per la campagna vaccinale e per l\u2019effettuazione dei tamponi e per \u201cservizi sanitari\u201d (+9%) per l\u2019acquisto di prestazioni aggiuntive per il recupero delle liste di attesa. L\u2019aumento dei costi dei servizi \u201cnon sanitari\u201d, che passano da 30 a 36 milioni di euro, \u00e8 del 21%, ed \u00e8 imputabile all\u2019incremento dei costi legati al Covid (pulizie, sanificazioni, smaltimento rifiuti etc) e all\u2019aumento dei costi per il riscaldamento e l\u2019energia elettrica (che pesano 3,8 milioni di euro). La disaggregazione delle strutture di offerta, con punti erogativi sparsi sul territorio, implica strutturalmente dei costi fissi, ma la capillarit\u00e0 dei servizi \u00e8 fondamentale per garantire uniformit\u00e0 di accesso ai servizi in un territorio cos\u00ec vasto e caratterizzato da vallate, con lunghi tempi di percorrenza da un punto all\u2019altro.<br \/>\nLa popolazione, tra le pi\u00f9 anziane in Veneto con un 27,5% di over 65 e quindi con un maggiore carico assistenziale, nel 2021 si \u00e8 ulteriormente ridotta, incidendo sui modelli di finanziamento basati su quote\u00a0<a class=\"dt-pswp-item pspw-wrap-ready\" href=\"https:\/\/www.radiopiu.net\/wordpress\/wp-content\/uploads\/2021\/12\/e856063d-9a8a-4118-b442-31eb84d3c052.jpg\" data-dt-img-description=\"\" data-large_image_width=\"1600\" data-large_image_height=\"900\"><img loading=\"lazy\" decoding=\"async\" class=\"size-thumbnail wp-image-246190 alignleft\" src=\"https:\/\/www.radiopiu.net\/wordpress\/wp-content\/uploads\/2021\/12\/e856063d-9a8a-4118-b442-31eb84d3c052-150x150.jpg\" alt=\"\" width=\"150\" height=\"150\" \/><\/a>capitarie.<\/p>\n<blockquote><p><em>\u00abChiudiamo un bilancio compless \u2013 conclude il direttore Carraro \u2013\u00a0 immagine di un anno che ha visto un forte impegno dell\u2019Azienda nella gestione dell\u2019epidemia covid e della campagna vaccinale, oltre che nel garantire le attivit\u00e0 ordinarie in una situazione di grave carenza di personale, in un territorio che strutturalmente ha costi fissi maggiori che altrove per erogare i servizi in modo diffuso. Questo quadro si inserisce nello scenario che Aziende e famiglie vivono quotidianamente per l\u2019aumento dei costi dell\u2019energia e delle materie prime\u201d.<\/em><\/p><\/blockquote>\n<p>&nbsp;<\/p>\n<p>&nbsp;<\/p>\n<hr \/>\n<p>&nbsp;<\/p>\n<blockquote>\n<h3>11 GENNAIO 1771, INAUGURATO IL PARCO A MASARE&#8217; DI ALLEGHE<\/h3>\n<\/blockquote>\n<p><strong>ALLEGHE<\/strong><\/p>\n<p><strong>DAL GIORNALE RADIO DI ALCUNI GIORNI FA<\/strong><\/p>\n<audio class=\"wp-audio-shortcode\" id=\"audio-278997-2\" preload=\"none\" style=\"width: 100%;\" controls=\"controls\"><source type=\"audio\/mpeg\" src=\"https:\/\/www.radiopiu.net\/wordpress\/wp-content\/uploads\/2022\/05\/nuovo-parco-ad-alleghe-gianni.mp3?_=2\" \/><a href=\"https:\/\/www.radiopiu.net\/wordpress\/wp-content\/uploads\/2022\/05\/nuovo-parco-ad-alleghe-gianni.mp3\">https:\/\/www.radiopiu.net\/wordpress\/wp-content\/uploads\/2022\/05\/nuovo-parco-ad-alleghe-gianni.mp3<\/a><\/audio>\n<p>&nbsp;<\/p>\n<blockquote>\n<h3><span style=\"color: #ff0000;\">SEGUI L&#8217;INAUGURAZIONE IN DIRETTA\u00a0 ALLA RADIO PIU&#8217;&#8230; VIDEO.<\/span><\/h3>\n<\/blockquote>\n<p>https:\/\/www.facebook.com\/marco.baghy.1\/videos\/694731778469282\/<\/p>\n<p>&nbsp;<\/p>\n\n\t\t\t<style type='text\/css'>\n\t\t\t\t#gallery-3 {\n\t\t\t\t\tmargin: auto;\n\t\t\t\t}\n\t\t\t\t#gallery-3 .gallery-item {\n\t\t\t\t\tfloat: left;\n\t\t\t\t\tmargin-top: 10px;\n\t\t\t\t\ttext-align: center;\n\t\t\t\t\twidth: 20%;\n\t\t\t\t}\n\t\t\t\t#gallery-3 img {\n\t\t\t\t\tborder: 2px solid #cfcfcf;\n\t\t\t\t}\n\t\t\t\t#gallery-3 .gallery-caption {\n\t\t\t\t\tmargin-left: 0;\n\t\t\t\t}\n\t\t\t\t\/* see gallery_shortcode() in wp-includes\/media.php *\/\n\t\t\t<\/style>\n\t\t<div id='gallery-3' class='dt-gallery-container gallery galleryid-278997 gallery-columns-5 gallery-size-thumbnail'><dl class='gallery-item'>\n\t\t\t\t<dt class='gallery-icon landscape'>\n\t\t\t\t\t<a class=\"rollover rollover-zoom dt-pswp-item\" title=\"27ba5c9d-0cf1-43f0-942f-ec870f84b22c\" data-dt-img-description=\"\" data-large_image_width=\"1984\" data-large_image_height=\"1488\"href='https:\/\/www.radiopiu.net\/wordpress\/wp-content\/uploads\/2022\/05\/27ba5c9d-0cf1-43f0-942f-ec870f84b22c.jpg'><img loading=\"lazy\" decoding=\"async\" width=\"150\" height=\"150\" src=\"https:\/\/www.radiopiu.net\/wordpress\/wp-content\/uploads\/2022\/05\/27ba5c9d-0cf1-43f0-942f-ec870f84b22c-150x150.jpg\" class=\"attachment-thumbnail size-thumbnail\" alt=\"\" \/><\/a>\n\t\t\t\t<\/dt><\/dl><dl class='gallery-item'>\n\t\t\t\t<dt class='gallery-icon landscape'>\n\t\t\t\t\t<a class=\"rollover rollover-zoom dt-pswp-item\" title=\"29641535-b44e-484d-8fd7-ea79ab7ef1f2\" data-dt-img-description=\"\" data-large_image_width=\"2000\" data-large_image_height=\"1500\"href='https:\/\/www.radiopiu.net\/wordpress\/wp-content\/uploads\/2022\/05\/29641535-b44e-484d-8fd7-ea79ab7ef1f2.jpg'><img loading=\"lazy\" decoding=\"async\" width=\"150\" height=\"150\" src=\"https:\/\/www.radiopiu.net\/wordpress\/wp-content\/uploads\/2022\/05\/29641535-b44e-484d-8fd7-ea79ab7ef1f2-150x150.jpg\" class=\"attachment-thumbnail size-thumbnail\" alt=\"\" \/><\/a>\n\t\t\t\t<\/dt><\/dl><dl class='gallery-item'>\n\t\t\t\t<dt class='gallery-icon landscape'>\n\t\t\t\t\t<a class=\"rollover rollover-zoom dt-pswp-item\" title=\"alelghe 8\" data-dt-img-description=\"\" data-large_image_width=\"577\" data-large_image_height=\"320\"href='https:\/\/www.radiopiu.net\/wordpress\/wp-content\/uploads\/2022\/06\/alelghe-8.jpg'><img loading=\"lazy\" decoding=\"async\" width=\"150\" height=\"150\" src=\"https:\/\/www.radiopiu.net\/wordpress\/wp-content\/uploads\/2022\/06\/alelghe-8-150x150.jpg\" class=\"attachment-thumbnail size-thumbnail\" alt=\"\" \/><\/a>\n\t\t\t\t<\/dt><\/dl><dl class='gallery-item'>\n\t\t\t\t<dt class='gallery-icon landscape'>\n\t\t\t\t\t<a class=\"rollover rollover-zoom dt-pswp-item\" title=\"alelghe 7\" data-dt-img-description=\"\" data-large_image_width=\"545\" data-large_image_height=\"407\"href='https:\/\/www.radiopiu.net\/wordpress\/wp-content\/uploads\/2022\/06\/alelghe-7.jpg'><img loading=\"lazy\" decoding=\"async\" width=\"150\" height=\"150\" src=\"https:\/\/www.radiopiu.net\/wordpress\/wp-content\/uploads\/2022\/06\/alelghe-7-150x150.jpg\" class=\"attachment-thumbnail size-thumbnail\" alt=\"\" \/><\/a>\n\t\t\t\t<\/dt><\/dl><dl class='gallery-item'>\n\t\t\t\t<dt class='gallery-icon landscape'>\n\t\t\t\t\t<a class=\"rollover rollover-zoom dt-pswp-item\" title=\"alleghe 1\" data-dt-img-description=\"\" data-large_image_width=\"720\" data-large_image_height=\"381\"href='https:\/\/www.radiopiu.net\/wordpress\/wp-content\/uploads\/2022\/06\/alleghe-1.jpg'><img loading=\"lazy\" decoding=\"async\" width=\"150\" height=\"150\" src=\"https:\/\/www.radiopiu.net\/wordpress\/wp-content\/uploads\/2022\/06\/alleghe-1-150x150.jpg\" class=\"attachment-thumbnail size-thumbnail\" alt=\"\" \/><\/a>\n\t\t\t\t<\/dt><\/dl><br style=\"clear: both\" \/><dl class='gallery-item'>\n\t\t\t\t<dt class='gallery-icon landscape'>\n\t\t\t\t\t<a class=\"rollover rollover-zoom dt-pswp-item\" title=\"alleghe 2\" data-dt-img-description=\"\" data-large_image_width=\"717\" data-large_image_height=\"386\"href='https:\/\/www.radiopiu.net\/wordpress\/wp-content\/uploads\/2022\/06\/alleghe-2.jpg'><img loading=\"lazy\" decoding=\"async\" width=\"150\" height=\"150\" src=\"https:\/\/www.radiopiu.net\/wordpress\/wp-content\/uploads\/2022\/06\/alleghe-2-150x150.jpg\" class=\"attachment-thumbnail size-thumbnail\" alt=\"\" \/><\/a>\n\t\t\t\t<\/dt><\/dl><dl class='gallery-item'>\n\t\t\t\t<dt class='gallery-icon landscape'>\n\t\t\t\t\t<a class=\"rollover rollover-zoom dt-pswp-item\" title=\"alelghe3\" data-dt-img-description=\"\" data-large_image_width=\"690\" data-large_image_height=\"349\"href='https:\/\/www.radiopiu.net\/wordpress\/wp-content\/uploads\/2022\/06\/alelghe3.jpg'><img loading=\"lazy\" decoding=\"async\" width=\"150\" height=\"150\" src=\"https:\/\/www.radiopiu.net\/wordpress\/wp-content\/uploads\/2022\/06\/alelghe3-150x150.jpg\" class=\"attachment-thumbnail size-thumbnail\" alt=\"\" \/><\/a>\n\t\t\t\t<\/dt><\/dl><dl class='gallery-item'>\n\t\t\t\t<dt class='gallery-icon landscape'>\n\t\t\t\t\t<a class=\"rollover rollover-zoom dt-pswp-item\" title=\"alelghe6\" data-dt-img-description=\"\" data-large_image_width=\"459\" data-large_image_height=\"413\"href='https:\/\/www.radiopiu.net\/wordpress\/wp-content\/uploads\/2022\/06\/alelghe6.jpg'><img loading=\"lazy\" decoding=\"async\" width=\"150\" height=\"150\" src=\"https:\/\/www.radiopiu.net\/wordpress\/wp-content\/uploads\/2022\/06\/alelghe6-150x150.jpg\" class=\"attachment-thumbnail size-thumbnail\" alt=\"\" \/><\/a>\n\t\t\t\t<\/dt><\/dl><dl class='gallery-item'>\n\t\t\t\t<dt class='gallery-icon landscape'>\n\t\t\t\t\t<a class=\"rollover rollover-zoom dt-pswp-item\" title=\"alleghe4\" data-dt-img-description=\"\" data-large_image_width=\"695\" data-large_image_height=\"393\"href='https:\/\/www.radiopiu.net\/wordpress\/wp-content\/uploads\/2022\/06\/alleghe4.jpg'><img loading=\"lazy\" decoding=\"async\" width=\"150\" height=\"150\" src=\"https:\/\/www.radiopiu.net\/wordpress\/wp-content\/uploads\/2022\/06\/alleghe4-150x150.jpg\" class=\"attachment-thumbnail size-thumbnail\" alt=\"\" \/><\/a>\n\t\t\t\t<\/dt><\/dl><dl class='gallery-item'>\n\t\t\t\t<dt class='gallery-icon landscape'>\n\t\t\t\t\t<a class=\"rollover rollover-zoom dt-pswp-item\" title=\"allegh5\" data-dt-img-description=\"\" data-large_image_width=\"669\" data-large_image_height=\"398\"href='https:\/\/www.radiopiu.net\/wordpress\/wp-content\/uploads\/2022\/06\/allegh5.jpg'><img loading=\"lazy\" decoding=\"async\" width=\"150\" height=\"150\" src=\"https:\/\/www.radiopiu.net\/wordpress\/wp-content\/uploads\/2022\/06\/allegh5-150x150.jpg\" class=\"attachment-thumbnail size-thumbnail\" alt=\"\" \/><\/a>\n\t\t\t\t<\/dt><\/dl><br style=\"clear: both\" \/>\n\t\t\t<\/div>\n\n<p>&nbsp;<\/p>\n<hr \/>\n<p>&nbsp;<\/p>\n<blockquote>\n<h3>A SCUOLA DI PROTEZIONE CIVILE CON LA PRIMARIA DI VOLTAGO<\/h3>\n<\/blockquote>\n<p><strong>VOLTAGO<\/strong> Mattinata alternative ma decisamente istruttiva per i ragazzi e le ragazze della scuola primaria del paese grazie all&#8217;intervento del gruppo Protezione Civile. Dalla teoria alla pratica presso il parco di Frassen\u00e8. Auspici per il futuro per un gruppo indispensabile per il paese.<\/p>\n<p>&nbsp;<\/p>\n<p><strong>IL SINDACO GIUSEPPE SCHENA<\/strong><\/p>\n<audio class=\"wp-audio-shortcode\" id=\"audio-278997-3\" preload=\"none\" style=\"width: 100%;\" controls=\"controls\"><source type=\"audio\/mpeg\" src=\"https:\/\/www.radiopiu.net\/wordpress\/wp-content\/uploads\/2022\/06\/giuseppe.mp3?_=3\" \/><a href=\"https:\/\/www.radiopiu.net\/wordpress\/wp-content\/uploads\/2022\/06\/giuseppe.mp3\">https:\/\/www.radiopiu.net\/wordpress\/wp-content\/uploads\/2022\/06\/giuseppe.mp3<\/a><\/audio>\n<p>&nbsp;<\/p>\n\n\t\t\t<style type='text\/css'>\n\t\t\t\t#gallery-4 {\n\t\t\t\t\tmargin: auto;\n\t\t\t\t}\n\t\t\t\t#gallery-4 .gallery-item {\n\t\t\t\t\tfloat: left;\n\t\t\t\t\tmargin-top: 10px;\n\t\t\t\t\ttext-align: center;\n\t\t\t\t\twidth: 33%;\n\t\t\t\t}\n\t\t\t\t#gallery-4 img {\n\t\t\t\t\tborder: 2px solid #cfcfcf;\n\t\t\t\t}\n\t\t\t\t#gallery-4 .gallery-caption {\n\t\t\t\t\tmargin-left: 0;\n\t\t\t\t}\n\t\t\t\t\/* see gallery_shortcode() in wp-includes\/media.php *\/\n\t\t\t<\/style>\n\t\t<div id='gallery-4' class='dt-gallery-container gallery galleryid-278997 gallery-columns-3 gallery-size-thumbnail'><dl class='gallery-item'>\n\t\t\t\t<dt class='gallery-icon landscape'>\n\t\t\t\t\t<a class=\"rollover rollover-zoom dt-pswp-item\" title=\"fcf5e7ab-97f3-41ee-b385-6743cd860835\" data-dt-img-description=\"\" data-large_image_width=\"2048\" data-large_image_height=\"1536\"href='https:\/\/www.radiopiu.net\/wordpress\/wp-content\/uploads\/2022\/06\/fcf5e7ab-97f3-41ee-b385-6743cd860835.jpg'><img loading=\"lazy\" decoding=\"async\" width=\"150\" height=\"150\" src=\"https:\/\/www.radiopiu.net\/wordpress\/wp-content\/uploads\/2022\/06\/fcf5e7ab-97f3-41ee-b385-6743cd860835-150x150.jpg\" class=\"attachment-thumbnail size-thumbnail\" alt=\"\" \/><\/a>\n\t\t\t\t<\/dt><\/dl><dl class='gallery-item'>\n\t\t\t\t<dt class='gallery-icon portrait'>\n\t\t\t\t\t<a class=\"rollover rollover-zoom dt-pswp-item\" title=\"9a782d09-5321-41f7-a60a-7fab0c0d4988\" data-dt-img-description=\"\" data-large_image_width=\"1536\" data-large_image_height=\"2048\"href='https:\/\/www.radiopiu.net\/wordpress\/wp-content\/uploads\/2022\/06\/9a782d09-5321-41f7-a60a-7fab0c0d4988.jpg'><img loading=\"lazy\" decoding=\"async\" width=\"150\" height=\"150\" src=\"https:\/\/www.radiopiu.net\/wordpress\/wp-content\/uploads\/2022\/06\/9a782d09-5321-41f7-a60a-7fab0c0d4988-150x150.jpg\" class=\"attachment-thumbnail size-thumbnail\" alt=\"\" \/><\/a>\n\t\t\t\t<\/dt><\/dl><dl class='gallery-item'>\n\t\t\t\t<dt class='gallery-icon landscape'>\n\t\t\t\t\t<a class=\"rollover rollover-zoom dt-pswp-item\" title=\"5a92e9c9-78bd-4e6b-85d3-4c94a5778121\" data-dt-img-description=\"\" data-large_image_width=\"2048\" data-large_image_height=\"1536\"href='https:\/\/www.radiopiu.net\/wordpress\/wp-content\/uploads\/2022\/06\/5a92e9c9-78bd-4e6b-85d3-4c94a5778121.jpg'><img loading=\"lazy\" decoding=\"async\" width=\"150\" height=\"150\" src=\"https:\/\/www.radiopiu.net\/wordpress\/wp-content\/uploads\/2022\/06\/5a92e9c9-78bd-4e6b-85d3-4c94a5778121-150x150.jpg\" class=\"attachment-thumbnail size-thumbnail\" alt=\"\" \/><\/a>\n\t\t\t\t<\/dt><\/dl><br style=\"clear: both\" \/>\n\t\t\t<\/div>\n\n<p>&nbsp;<\/p>\n<div style=\"width: 848px;\" class=\"wp-video\"><video class=\"wp-video-shortcode\" id=\"video-278997-1\" width=\"848\" height=\"480\" preload=\"metadata\" controls=\"controls\"><source type=\"video\/mp4\" src=\"https:\/\/www.radiopiu.net\/wordpress\/wp-content\/uploads\/2022\/06\/WhatsApp-Video-2022-06-01-at-13.17.47.mp4?_=1\" \/><a href=\"https:\/\/www.radiopiu.net\/wordpress\/wp-content\/uploads\/2022\/06\/WhatsApp-Video-2022-06-01-at-13.17.47.mp4\">https:\/\/www.radiopiu.net\/wordpress\/wp-content\/uploads\/2022\/06\/WhatsApp-Video-2022-06-01-at-13.17.47.mp4<\/a><\/video><\/div>\n<p>&nbsp;<\/p>\n<hr \/>\n<p>&nbsp;<\/p>\n<blockquote>\n<h3>CARI AMICI DEL SOCCORSO ALPINO&#8230;. GRAZIE<\/h3>\n<\/blockquote>\n<p><strong>ROCCA PIETORE<\/strong> Matteo mercoled\u00ec ha trascorso ore indimenticabili grazie al Soccorso Alpino di Rocca Pietore. Il suo \u00e8 un grazie di emozione <em>&#8220;Cari Amici del Soccorso Alpino, con tutto il cuore volevo ringraziarvi per quello che avete fatto per me in questi anni. Grazie a voi ho potuto vivere delle esperienze incredibili che porter\u00f2 sempre nel cuore. Un abbraccio fortissimo a tutti, con affetto Matteo&#8221;<\/em><\/p>\n<p>&nbsp;<\/p>\n\n\t\t\t<style type='text\/css'>\n\t\t\t\t#gallery-5 {\n\t\t\t\t\tmargin: auto;\n\t\t\t\t}\n\t\t\t\t#gallery-5 .gallery-item {\n\t\t\t\t\tfloat: left;\n\t\t\t\t\tmargin-top: 10px;\n\t\t\t\t\ttext-align: center;\n\t\t\t\t\twidth: 20%;\n\t\t\t\t}\n\t\t\t\t#gallery-5 img {\n\t\t\t\t\tborder: 2px solid #cfcfcf;\n\t\t\t\t}\n\t\t\t\t#gallery-5 .gallery-caption {\n\t\t\t\t\tmargin-left: 0;\n\t\t\t\t}\n\t\t\t\t\/* see gallery_shortcode() in wp-includes\/media.php *\/\n\t\t\t<\/style>\n\t\t<div id='gallery-5' class='dt-gallery-container gallery galleryid-278997 gallery-columns-5 gallery-size-thumbnail'><dl class='gallery-item'>\n\t\t\t\t<dt class='gallery-icon portrait'>\n\t\t\t\t\t<a class=\"rollover rollover-zoom dt-pswp-item\" title=\"e78cb538-f3be-4545-bb42-96279424c2f6\" data-dt-img-description=\"\" data-large_image_width=\"1536\" data-large_image_height=\"2040\"href='https:\/\/www.radiopiu.net\/wordpress\/wp-content\/uploads\/2022\/06\/e78cb538-f3be-4545-bb42-96279424c2f6.jpg'><img loading=\"lazy\" decoding=\"async\" width=\"150\" height=\"150\" src=\"https:\/\/www.radiopiu.net\/wordpress\/wp-content\/uploads\/2022\/06\/e78cb538-f3be-4545-bb42-96279424c2f6-150x150.jpg\" class=\"attachment-thumbnail size-thumbnail\" alt=\"\" \/><\/a>\n\t\t\t\t<\/dt><\/dl><dl class='gallery-item'>\n\t\t\t\t<dt class='gallery-icon portrait'>\n\t\t\t\t\t<a class=\"rollover rollover-zoom dt-pswp-item\" title=\"a7121e6d-3bae-413f-91d0-8d0eeb8eb844\" data-dt-img-description=\"\" data-large_image_width=\"1536\" data-large_image_height=\"2040\"href='https:\/\/www.radiopiu.net\/wordpress\/wp-content\/uploads\/2022\/06\/a7121e6d-3bae-413f-91d0-8d0eeb8eb844.jpg'><img loading=\"lazy\" decoding=\"async\" width=\"150\" height=\"150\" src=\"https:\/\/www.radiopiu.net\/wordpress\/wp-content\/uploads\/2022\/06\/a7121e6d-3bae-413f-91d0-8d0eeb8eb844-150x150.jpg\" class=\"attachment-thumbnail size-thumbnail\" alt=\"\" \/><\/a>\n\t\t\t\t<\/dt><\/dl><dl class='gallery-item'>\n\t\t\t\t<dt class='gallery-icon portrait'>\n\t\t\t\t\t<a class=\"rollover rollover-zoom dt-pswp-item\" title=\"058a46f5-4b22-4539-b694-aa29ed373a19\" data-dt-img-description=\"\" data-large_image_width=\"1536\" data-large_image_height=\"2040\"href='https:\/\/www.radiopiu.net\/wordpress\/wp-content\/uploads\/2022\/06\/058a46f5-4b22-4539-b694-aa29ed373a19.jpg'><img loading=\"lazy\" decoding=\"async\" width=\"150\" height=\"150\" src=\"https:\/\/www.radiopiu.net\/wordpress\/wp-content\/uploads\/2022\/06\/058a46f5-4b22-4539-b694-aa29ed373a19-150x150.jpg\" class=\"attachment-thumbnail size-thumbnail\" alt=\"\" \/><\/a>\n\t\t\t\t<\/dt><\/dl><dl class='gallery-item'>\n\t\t\t\t<dt class='gallery-icon portrait'>\n\t\t\t\t\t<a class=\"rollover rollover-zoom dt-pswp-item\" title=\"ec178fe3-54f1-4e04-bfa8-f7fc30c00780\" data-dt-img-description=\"\" data-large_image_width=\"1536\" data-large_image_height=\"2040\"href='https:\/\/www.radiopiu.net\/wordpress\/wp-content\/uploads\/2022\/06\/ec178fe3-54f1-4e04-bfa8-f7fc30c00780.jpg'><img loading=\"lazy\" decoding=\"async\" width=\"150\" height=\"150\" src=\"https:\/\/www.radiopiu.net\/wordpress\/wp-content\/uploads\/2022\/06\/ec178fe3-54f1-4e04-bfa8-f7fc30c00780-150x150.jpg\" class=\"attachment-thumbnail size-thumbnail\" alt=\"\" \/><\/a>\n\t\t\t\t<\/dt><\/dl><dl class='gallery-item'>\n\t\t\t\t<dt class='gallery-icon portrait'>\n\t\t\t\t\t<a class=\"rollover rollover-zoom dt-pswp-item\" title=\"d44a96a0-6c61-433c-ae2e-66cf822cab37\" data-dt-img-description=\"\" data-large_image_width=\"1536\" data-large_image_height=\"2040\"href='https:\/\/www.radiopiu.net\/wordpress\/wp-content\/uploads\/2022\/06\/d44a96a0-6c61-433c-ae2e-66cf822cab37.jpg'><img loading=\"lazy\" decoding=\"async\" width=\"150\" height=\"150\" src=\"https:\/\/www.radiopiu.net\/wordpress\/wp-content\/uploads\/2022\/06\/d44a96a0-6c61-433c-ae2e-66cf822cab37-150x150.jpg\" class=\"attachment-thumbnail size-thumbnail\" alt=\"\" \/><\/a>\n\t\t\t\t<\/dt><\/dl><br style=\"clear: both\" \/>\n\t\t\t<\/div>\n\n<h3><em>\u00a0<\/em><\/h3>\n<h3><em>E dopo la bellissima esibizione musicale con flauto e canti diretti dal loro bravissimo maestro di musica, mercoled\u00ec per i ragazzi della Scuola di Rocca, prove di arrampicata con il supporto della Stazione Soccorso Alpino Val Pettorina<\/em><\/h3>\n<p>&nbsp;<\/p>\n\n\t\t\t<style type='text\/css'>\n\t\t\t\t#gallery-6 {\n\t\t\t\t\tmargin: auto;\n\t\t\t\t}\n\t\t\t\t#gallery-6 .gallery-item {\n\t\t\t\t\tfloat: left;\n\t\t\t\t\tmargin-top: 10px;\n\t\t\t\t\ttext-align: center;\n\t\t\t\t\twidth: 33%;\n\t\t\t\t}\n\t\t\t\t#gallery-6 img {\n\t\t\t\t\tborder: 2px solid #cfcfcf;\n\t\t\t\t}\n\t\t\t\t#gallery-6 .gallery-caption {\n\t\t\t\t\tmargin-left: 0;\n\t\t\t\t}\n\t\t\t\t\/* see gallery_shortcode() in wp-includes\/media.php *\/\n\t\t\t<\/style>\n\t\t<div id='gallery-6' class='dt-gallery-container gallery galleryid-278997 gallery-columns-3 gallery-size-thumbnail'><dl class='gallery-item'>\n\t\t\t\t<dt class='gallery-icon landscape'>\n\t\t\t\t\t<a class=\"rollover\" href='https:\/\/www.radiopiu.net\/wordpress\/cari-amici-del-soccorso-alpino-grazie\/b3a4c420-c991-40b2-9e97-d1c3c55b9718\/'><img loading=\"lazy\" decoding=\"async\" width=\"150\" height=\"150\" src=\"https:\/\/www.radiopiu.net\/wordpress\/wp-content\/uploads\/2022\/06\/b3a4c420-c991-40b2-9e97-d1c3c55b9718-150x150.jpg\" class=\"attachment-thumbnail size-thumbnail\" alt=\"\" \/><\/a>\n\t\t\t\t<\/dt><\/dl><dl class='gallery-item'>\n\t\t\t\t<dt class='gallery-icon portrait'>\n\t\t\t\t\t<a class=\"rollover\" href='https:\/\/www.radiopiu.net\/wordpress\/cari-amici-del-soccorso-alpino-grazie\/94948b2c-4998-4e56-ab09-163f6b4b0fa9\/'><img loading=\"lazy\" decoding=\"async\" width=\"150\" height=\"150\" src=\"https:\/\/www.radiopiu.net\/wordpress\/wp-content\/uploads\/2022\/06\/94948b2c-4998-4e56-ab09-163f6b4b0fa9-150x150.jpg\" class=\"attachment-thumbnail size-thumbnail\" alt=\"\" \/><\/a>\n\t\t\t\t<\/dt><\/dl><dl class='gallery-item'>\n\t\t\t\t<dt class='gallery-icon portrait'>\n\t\t\t\t\t<a class=\"rollover\" href='https:\/\/www.radiopiu.net\/wordpress\/cari-amici-del-soccorso-alpino-grazie\/542c07cd-d2f6-4cfd-9165-8c0f2887a77f\/'><img loading=\"lazy\" decoding=\"async\" width=\"150\" height=\"150\" src=\"https:\/\/www.radiopiu.net\/wordpress\/wp-content\/uploads\/2022\/06\/542c07cd-d2f6-4cfd-9165-8c0f2887a77f-150x150.jpg\" class=\"attachment-thumbnail size-thumbnail\" alt=\"\" \/><\/a>\n\t\t\t\t<\/dt><\/dl><br style=\"clear: both\" \/><dl class='gallery-item'>\n\t\t\t\t<dt class='gallery-icon portrait'>\n\t\t\t\t\t<a class=\"rollover\" href='https:\/\/www.radiopiu.net\/wordpress\/cari-amici-del-soccorso-alpino-grazie\/03b631bd-79d0-4392-851a-a163ce6a1231\/'><img loading=\"lazy\" decoding=\"async\" width=\"150\" height=\"150\" src=\"https:\/\/www.radiopiu.net\/wordpress\/wp-content\/uploads\/2022\/06\/03b631bd-79d0-4392-851a-a163ce6a1231-150x150.jpg\" class=\"attachment-thumbnail size-thumbnail\" alt=\"\" \/><\/a>\n\t\t\t\t<\/dt><\/dl><dl class='gallery-item'>\n\t\t\t\t<dt class='gallery-icon portrait'>\n\t\t\t\t\t<a class=\"rollover\" href='https:\/\/www.radiopiu.net\/wordpress\/cari-amici-del-soccorso-alpino-grazie\/76565864-19c4-457b-89d6-a39938feaff5\/'><img loading=\"lazy\" decoding=\"async\" width=\"150\" height=\"150\" src=\"https:\/\/www.radiopiu.net\/wordpress\/wp-content\/uploads\/2022\/06\/76565864-19c4-457b-89d6-a39938feaff5-150x150.jpg\" class=\"attachment-thumbnail size-thumbnail\" alt=\"\" \/><\/a>\n\t\t\t\t<\/dt><\/dl><dl class='gallery-item'>\n\t\t\t\t<dt class='gallery-icon portrait'>\n\t\t\t\t\t<a class=\"rollover\" href='https:\/\/www.radiopiu.net\/wordpress\/cari-amici-del-soccorso-alpino-grazie\/3b6618dc-c93e-4843-96d0-e2e9218db4a1\/'><img loading=\"lazy\" decoding=\"async\" width=\"150\" height=\"150\" src=\"https:\/\/www.radiopiu.net\/wordpress\/wp-content\/uploads\/2022\/06\/3b6618dc-c93e-4843-96d0-e2e9218db4a1-150x150.jpg\" class=\"attachment-thumbnail size-thumbnail\" alt=\"\" \/><\/a>\n\t\t\t\t<\/dt><\/dl><br style=\"clear: both\" \/>\n\t\t\t<\/div>\n\n<p>&nbsp;<\/p>\n<hr \/>\n<p>&nbsp;<\/p>\n<blockquote>\n<h3>I RAGAZZI DELLA SCUOLA MEDIA DI AGORDO RIPULISCONO VALCOZZENA CON IL PROGETTO PLASTIC FREE<\/h3>\n<\/blockquote>\n<p><strong>AGORDO<\/strong><\/p>\n<p>di Gianni Santomaso<\/p>\n<audio class=\"wp-audio-shortcode\" id=\"audio-278997-4\" preload=\"none\" style=\"width: 100%;\" controls=\"controls\"><source type=\"audio\/mpeg\" src=\"https:\/\/www.radiopiu.net\/wordpress\/wp-content\/uploads\/2022\/06\/GIANNI-PLASTIC-FREE-AGORDO.mp3?_=4\" \/><a href=\"https:\/\/www.radiopiu.net\/wordpress\/wp-content\/uploads\/2022\/06\/GIANNI-PLASTIC-FREE-AGORDO.mp3\">https:\/\/www.radiopiu.net\/wordpress\/wp-content\/uploads\/2022\/06\/GIANNI-PLASTIC-FREE-AGORDO.mp3<\/a><\/audio>\n<p>&nbsp;<\/p>\n\n\t\t\t<style type='text\/css'>\n\t\t\t\t#gallery-7 {\n\t\t\t\t\tmargin: auto;\n\t\t\t\t}\n\t\t\t\t#gallery-7 .gallery-item {\n\t\t\t\t\tfloat: left;\n\t\t\t\t\tmargin-top: 10px;\n\t\t\t\t\ttext-align: center;\n\t\t\t\t\twidth: 25%;\n\t\t\t\t}\n\t\t\t\t#gallery-7 img {\n\t\t\t\t\tborder: 2px solid #cfcfcf;\n\t\t\t\t}\n\t\t\t\t#gallery-7 .gallery-caption {\n\t\t\t\t\tmargin-left: 0;\n\t\t\t\t}\n\t\t\t\t\/* see gallery_shortcode() in wp-includes\/media.php *\/\n\t\t\t<\/style>\n\t\t<div id='gallery-7' class='dt-gallery-container gallery galleryid-278997 gallery-columns-4 gallery-size-thumbnail'><dl class='gallery-item'>\n\t\t\t\t<dt class='gallery-icon portrait'>\n\t\t\t\t\t<a class=\"rollover rollover-zoom dt-pswp-item\" title=\"8f8ef0d3-a67e-45d5-b263-10a9eba49e88\" data-dt-img-description=\"\" data-large_image_width=\"1200\" data-large_image_height=\"1600\"href='https:\/\/www.radiopiu.net\/wordpress\/wp-content\/uploads\/2022\/06\/8f8ef0d3-a67e-45d5-b263-10a9eba49e88.jpg'><img loading=\"lazy\" decoding=\"async\" width=\"150\" height=\"150\" src=\"https:\/\/www.radiopiu.net\/wordpress\/wp-content\/uploads\/2022\/06\/8f8ef0d3-a67e-45d5-b263-10a9eba49e88-150x150.jpg\" class=\"attachment-thumbnail size-thumbnail\" alt=\"\" \/><\/a>\n\t\t\t\t<\/dt><\/dl><dl class='gallery-item'>\n\t\t\t\t<dt class='gallery-icon portrait'>\n\t\t\t\t\t<a class=\"rollover rollover-zoom dt-pswp-item\" title=\"02514aac-1845-4a8e-980f-e1d43dd0c448\" data-dt-img-description=\"\" data-large_image_width=\"1200\" data-large_image_height=\"1600\"href='https:\/\/www.radiopiu.net\/wordpress\/wp-content\/uploads\/2022\/06\/02514aac-1845-4a8e-980f-e1d43dd0c448.jpg'><img loading=\"lazy\" decoding=\"async\" width=\"150\" height=\"150\" src=\"https:\/\/www.radiopiu.net\/wordpress\/wp-content\/uploads\/2022\/06\/02514aac-1845-4a8e-980f-e1d43dd0c448-150x150.jpg\" class=\"attachment-thumbnail size-thumbnail\" alt=\"\" \/><\/a>\n\t\t\t\t<\/dt><\/dl><dl class='gallery-item'>\n\t\t\t\t<dt class='gallery-icon landscape'>\n\t\t\t\t\t<a class=\"rollover rollover-zoom dt-pswp-item\" title=\"b3ae9b28-70bd-49de-8226-728885c1ba2a\" data-dt-img-description=\"\" data-large_image_width=\"1600\" data-large_image_height=\"1200\"href='https:\/\/www.radiopiu.net\/wordpress\/wp-content\/uploads\/2022\/06\/b3ae9b28-70bd-49de-8226-728885c1ba2a.jpg'><img loading=\"lazy\" decoding=\"async\" width=\"150\" height=\"150\" src=\"https:\/\/www.radiopiu.net\/wordpress\/wp-content\/uploads\/2022\/06\/b3ae9b28-70bd-49de-8226-728885c1ba2a-150x150.jpg\" class=\"attachment-thumbnail size-thumbnail\" alt=\"\" \/><\/a>\n\t\t\t\t<\/dt><\/dl><dl class='gallery-item'>\n\t\t\t\t<dt class='gallery-icon landscape'>\n\t\t\t\t\t<a class=\"rollover rollover-zoom dt-pswp-item\" title=\"af0dee0c-4ecb-4991-916c-c7cfb3eb0db3\" data-dt-img-description=\"\" data-large_image_width=\"1600\" data-large_image_height=\"1200\"href='https:\/\/www.radiopiu.net\/wordpress\/wp-content\/uploads\/2022\/06\/af0dee0c-4ecb-4991-916c-c7cfb3eb0db3.jpg'><img loading=\"lazy\" decoding=\"async\" width=\"150\" height=\"150\" src=\"https:\/\/www.radiopiu.net\/wordpress\/wp-content\/uploads\/2022\/06\/af0dee0c-4ecb-4991-916c-c7cfb3eb0db3-150x150.jpg\" class=\"attachment-thumbnail size-thumbnail\" alt=\"\" \/><\/a>\n\t\t\t\t<\/dt><\/dl><br style=\"clear: both\" \/><dl class='gallery-item'>\n\t\t\t\t<dt class='gallery-icon portrait'>\n\t\t\t\t\t<a class=\"rollover rollover-zoom dt-pswp-item\" title=\"e2aa261f-7abc-4155-9401-c1cbbef81663\" data-dt-img-description=\"\" data-large_image_width=\"1200\" data-large_image_height=\"1600\"href='https:\/\/www.radiopiu.net\/wordpress\/wp-content\/uploads\/2022\/06\/e2aa261f-7abc-4155-9401-c1cbbef81663.jpg'><img loading=\"lazy\" decoding=\"async\" width=\"150\" height=\"150\" src=\"https:\/\/www.radiopiu.net\/wordpress\/wp-content\/uploads\/2022\/06\/e2aa261f-7abc-4155-9401-c1cbbef81663-150x150.jpg\" class=\"attachment-thumbnail size-thumbnail\" alt=\"\" \/><\/a>\n\t\t\t\t<\/dt><\/dl><dl class='gallery-item'>\n\t\t\t\t<dt class='gallery-icon portrait'>\n\t\t\t\t\t<a class=\"rollover rollover-zoom dt-pswp-item\" title=\"495a8d01-52cc-4710-92cf-7f7b6bfe7f90\" data-dt-img-description=\"\" data-large_image_width=\"1200\" data-large_image_height=\"1600\"href='https:\/\/www.radiopiu.net\/wordpress\/wp-content\/uploads\/2022\/06\/495a8d01-52cc-4710-92cf-7f7b6bfe7f90.jpg'><img loading=\"lazy\" decoding=\"async\" width=\"150\" height=\"150\" src=\"https:\/\/www.radiopiu.net\/wordpress\/wp-content\/uploads\/2022\/06\/495a8d01-52cc-4710-92cf-7f7b6bfe7f90-150x150.jpg\" class=\"attachment-thumbnail size-thumbnail\" alt=\"\" \/><\/a>\n\t\t\t\t<\/dt><\/dl><dl class='gallery-item'>\n\t\t\t\t<dt class='gallery-icon portrait'>\n\t\t\t\t\t<a class=\"rollover rollover-zoom dt-pswp-item\" title=\"4eed6af8-f9b0-40ee-83a8-e8367c7873b0\" data-dt-img-description=\"\" data-large_image_width=\"1200\" data-large_image_height=\"1600\"href='https:\/\/www.radiopiu.net\/wordpress\/wp-content\/uploads\/2022\/06\/4eed6af8-f9b0-40ee-83a8-e8367c7873b0.jpg'><img loading=\"lazy\" decoding=\"async\" width=\"150\" height=\"150\" src=\"https:\/\/www.radiopiu.net\/wordpress\/wp-content\/uploads\/2022\/06\/4eed6af8-f9b0-40ee-83a8-e8367c7873b0-150x150.jpg\" class=\"attachment-thumbnail size-thumbnail\" alt=\"\" \/><\/a>\n\t\t\t\t<\/dt><\/dl><dl class='gallery-item'>\n\t\t\t\t<dt class='gallery-icon portrait'>\n\t\t\t\t\t<a class=\"rollover rollover-zoom dt-pswp-item\" title=\"fa6cacd4-22fe-4dcf-847c-f29d2f9318c3\" data-dt-img-description=\"\" data-large_image_width=\"1200\" data-large_image_height=\"1600\"href='https:\/\/www.radiopiu.net\/wordpress\/wp-content\/uploads\/2022\/06\/fa6cacd4-22fe-4dcf-847c-f29d2f9318c3.jpg'><img loading=\"lazy\" decoding=\"async\" width=\"150\" height=\"150\" src=\"https:\/\/www.radiopiu.net\/wordpress\/wp-content\/uploads\/2022\/06\/fa6cacd4-22fe-4dcf-847c-f29d2f9318c3-150x150.jpg\" class=\"attachment-thumbnail size-thumbnail\" alt=\"\" \/><\/a>\n\t\t\t\t<\/dt><\/dl><br style=\"clear: both\" \/>\n\t\t\t<\/div>\n\n<p>&nbsp;<\/p>\n<p><strong>LA LETTERA DEI RAGAZZI DELLA SCUOLA MEDIA<\/strong><\/p>\n<a href=\"https:\/\/www.radiopiu.net\/wordpress\/wp-content\/uploads\/2022\/06\/NOI-VOGLIAMO-ESSERE-MIGLIORI.pdf\" class=\"pdfemb-viewer\" style=\"\" data-width=\"max\" data-height=\"max\" data-toolbar=\"top\" data-toolbar-fixed=\"on\">NOI VOGLIAMO ESSERE MIGLIORI!<\/a>\n<p>&nbsp;<\/p>\n<hr \/>\n<p>&nbsp;<\/p>\n<blockquote>\n<h3>PROGETTO PLASTIC FREE A CANALE D&#8217;AGORDO<\/h3>\n<\/blockquote>\n<p><strong>CANALE D&#8217;AGORDO<\/strong><\/p>\n<p><strong>DI MARTINA SMANIOTTO<\/strong><\/p>\n<audio class=\"wp-audio-shortcode\" id=\"audio-278997-5\" preload=\"none\" style=\"width: 100%;\" controls=\"controls\"><source type=\"audio\/mpeg\" src=\"https:\/\/www.radiopiu.net\/wordpress\/wp-content\/uploads\/2022\/06\/martina-canale.mp3?_=5\" \/><a href=\"https:\/\/www.radiopiu.net\/wordpress\/wp-content\/uploads\/2022\/06\/martina-canale.mp3\">https:\/\/www.radiopiu.net\/wordpress\/wp-content\/uploads\/2022\/06\/martina-canale.mp3<\/a><\/audio>\n<p>&nbsp;<\/p>\n\n\t\t\t<style type='text\/css'>\n\t\t\t\t#gallery-8 {\n\t\t\t\t\tmargin: auto;\n\t\t\t\t}\n\t\t\t\t#gallery-8 .gallery-item {\n\t\t\t\t\tfloat: left;\n\t\t\t\t\tmargin-top: 10px;\n\t\t\t\t\ttext-align: center;\n\t\t\t\t\twidth: 20%;\n\t\t\t\t}\n\t\t\t\t#gallery-8 img {\n\t\t\t\t\tborder: 2px solid #cfcfcf;\n\t\t\t\t}\n\t\t\t\t#gallery-8 .gallery-caption {\n\t\t\t\t\tmargin-left: 0;\n\t\t\t\t}\n\t\t\t\t\/* see gallery_shortcode() in wp-includes\/media.php *\/\n\t\t\t<\/style>\n\t\t<div id='gallery-8' class='dt-gallery-container gallery galleryid-278997 gallery-columns-5 gallery-size-thumbnail'><dl class='gallery-item'>\n\t\t\t\t<dt class='gallery-icon landscape'>\n\t\t\t\t\t<a class=\"rollover\" href='https:\/\/www.radiopiu.net\/wordpress\/fondi-di-confine-60-milioni-per-18-progetti\/5ade7988-fd94-4a99-b9ac-c6729ea72378\/'><img loading=\"lazy\" decoding=\"async\" width=\"150\" height=\"150\" src=\"https:\/\/www.radiopiu.net\/wordpress\/wp-content\/uploads\/2022\/06\/5ade7988-fd94-4a99-b9ac-c6729ea72378-150x150.jpg\" class=\"attachment-thumbnail size-thumbnail\" alt=\"\" \/><\/a>\n\t\t\t\t<\/dt><\/dl><dl class='gallery-item'>\n\t\t\t\t<dt class='gallery-icon portrait'>\n\t\t\t\t\t<a class=\"rollover\" href='https:\/\/www.radiopiu.net\/wordpress\/fondi-di-confine-60-milioni-per-18-progetti\/f20af130-54f7-441a-8442-4590d8520640\/'><img loading=\"lazy\" decoding=\"async\" width=\"150\" height=\"150\" src=\"https:\/\/www.radiopiu.net\/wordpress\/wp-content\/uploads\/2022\/06\/f20af130-54f7-441a-8442-4590d8520640-150x150.jpg\" class=\"attachment-thumbnail size-thumbnail\" alt=\"\" \/><\/a>\n\t\t\t\t<\/dt><\/dl><dl class='gallery-item'>\n\t\t\t\t<dt class='gallery-icon portrait'>\n\t\t\t\t\t<a class=\"rollover\" href='https:\/\/www.radiopiu.net\/wordpress\/fondi-di-confine-60-milioni-per-18-progetti\/84f71bcc-7ae6-4170-8051-2b9f2ec39aca\/'><img loading=\"lazy\" decoding=\"async\" width=\"150\" height=\"150\" src=\"https:\/\/www.radiopiu.net\/wordpress\/wp-content\/uploads\/2022\/06\/84f71bcc-7ae6-4170-8051-2b9f2ec39aca-150x150.jpg\" class=\"attachment-thumbnail size-thumbnail\" alt=\"\" \/><\/a>\n\t\t\t\t<\/dt><\/dl><dl class='gallery-item'>\n\t\t\t\t<dt class='gallery-icon landscape'>\n\t\t\t\t\t<a class=\"rollover\" href='https:\/\/www.radiopiu.net\/wordpress\/fondi-di-confine-60-milioni-per-18-progetti\/bebc5191-0c3a-40f1-9273-2cf71bc17949\/'><img loading=\"lazy\" decoding=\"async\" width=\"150\" height=\"150\" src=\"https:\/\/www.radiopiu.net\/wordpress\/wp-content\/uploads\/2022\/06\/bebc5191-0c3a-40f1-9273-2cf71bc17949-150x150.jpg\" class=\"attachment-thumbnail size-thumbnail\" alt=\"\" \/><\/a>\n\t\t\t\t<\/dt><\/dl><dl class='gallery-item'>\n\t\t\t\t<dt class='gallery-icon portrait'>\n\t\t\t\t\t<a class=\"rollover\" href='https:\/\/www.radiopiu.net\/wordpress\/fondi-di-confine-60-milioni-per-18-progetti\/ab59e28d-99f2-46c7-a0ba-53d3e970ec46\/'><img loading=\"lazy\" decoding=\"async\" width=\"150\" height=\"150\" src=\"https:\/\/www.radiopiu.net\/wordpress\/wp-content\/uploads\/2022\/06\/ab59e28d-99f2-46c7-a0ba-53d3e970ec46-150x150.jpg\" class=\"attachment-thumbnail size-thumbnail\" alt=\"\" \/><\/a>\n\t\t\t\t<\/dt><\/dl><br style=\"clear: both\" \/><dl class='gallery-item'>\n\t\t\t\t<dt class='gallery-icon landscape'>\n\t\t\t\t\t<a class=\"rollover\" href='https:\/\/www.radiopiu.net\/wordpress\/fondi-di-confine-60-milioni-per-18-progetti\/26bb5791-ac01-4c5d-bdaa-d7de780154d1\/'><img loading=\"lazy\" decoding=\"async\" width=\"150\" height=\"150\" src=\"https:\/\/www.radiopiu.net\/wordpress\/wp-content\/uploads\/2022\/06\/26bb5791-ac01-4c5d-bdaa-d7de780154d1-150x150.jpg\" class=\"attachment-thumbnail size-thumbnail\" alt=\"\" \/><\/a>\n\t\t\t\t<\/dt><\/dl><dl class='gallery-item'>\n\t\t\t\t<dt class='gallery-icon landscape'>\n\t\t\t\t\t<a class=\"rollover\" href='https:\/\/www.radiopiu.net\/wordpress\/fondi-di-confine-60-milioni-per-18-progetti\/8b842818-9123-4832-8a49-43d8abca6496\/'><img loading=\"lazy\" decoding=\"async\" width=\"150\" height=\"150\" src=\"https:\/\/www.radiopiu.net\/wordpress\/wp-content\/uploads\/2022\/06\/8b842818-9123-4832-8a49-43d8abca6496-150x150.jpg\" class=\"attachment-thumbnail size-thumbnail\" alt=\"\" \/><\/a>\n\t\t\t\t<\/dt><\/dl><dl class='gallery-item'>\n\t\t\t\t<dt class='gallery-icon landscape'>\n\t\t\t\t\t<a class=\"rollover\" href='https:\/\/www.radiopiu.net\/wordpress\/fondi-di-confine-60-milioni-per-18-progetti\/3e7fec04-1fd3-4d33-bfe5-96fa6f64a360\/'><img loading=\"lazy\" decoding=\"async\" width=\"150\" height=\"150\" src=\"https:\/\/www.radiopiu.net\/wordpress\/wp-content\/uploads\/2022\/06\/3e7fec04-1fd3-4d33-bfe5-96fa6f64a360-150x150.jpg\" class=\"attachment-thumbnail size-thumbnail\" alt=\"\" \/><\/a>\n\t\t\t\t<\/dt><\/dl><dl class='gallery-item'>\n\t\t\t\t<dt class='gallery-icon landscape'>\n\t\t\t\t\t<a class=\"rollover\" href='https:\/\/www.radiopiu.net\/wordpress\/fondi-di-confine-60-milioni-per-18-progetti\/1e64525f-de9e-4931-9eb5-58b7160367b1\/'><img loading=\"lazy\" decoding=\"async\" width=\"150\" height=\"150\" src=\"https:\/\/www.radiopiu.net\/wordpress\/wp-content\/uploads\/2022\/06\/1e64525f-de9e-4931-9eb5-58b7160367b1-150x150.jpg\" class=\"attachment-thumbnail size-thumbnail\" alt=\"\" \/><\/a>\n\t\t\t\t<\/dt><\/dl><dl class='gallery-item'>\n\t\t\t\t<dt class='gallery-icon landscape'>\n\t\t\t\t\t<a class=\"rollover\" href='https:\/\/www.radiopiu.net\/wordpress\/fondi-di-confine-60-milioni-per-18-progetti\/f52454df-49db-47fc-8132-4da2b7ad910d\/'><img loading=\"lazy\" decoding=\"async\" width=\"150\" height=\"150\" src=\"https:\/\/www.radiopiu.net\/wordpress\/wp-content\/uploads\/2022\/06\/f52454df-49db-47fc-8132-4da2b7ad910d-150x150.jpg\" class=\"attachment-thumbnail size-thumbnail\" alt=\"\" \/><\/a>\n\t\t\t\t<\/dt><\/dl><br style=\"clear: both\" \/><dl class='gallery-item'>\n\t\t\t\t<dt class='gallery-icon landscape'>\n\t\t\t\t\t<a class=\"rollover\" href='https:\/\/www.radiopiu.net\/wordpress\/fondi-di-confine-60-milioni-per-18-progetti\/cd9b92eb-a8b7-4cfa-a0fb-28ca16be23ca\/'><img loading=\"lazy\" decoding=\"async\" width=\"150\" height=\"150\" src=\"https:\/\/www.radiopiu.net\/wordpress\/wp-content\/uploads\/2022\/06\/cd9b92eb-a8b7-4cfa-a0fb-28ca16be23ca-150x150.jpg\" class=\"attachment-thumbnail size-thumbnail\" alt=\"\" \/><\/a>\n\t\t\t\t<\/dt><\/dl><dl class='gallery-item'>\n\t\t\t\t<dt class='gallery-icon landscape'>\n\t\t\t\t\t<a class=\"rollover\" href='https:\/\/www.radiopiu.net\/wordpress\/fondi-di-confine-60-milioni-per-18-progetti\/cb52946a-2100-4851-9fe2-3a0fd0f5c6b7\/'><img loading=\"lazy\" decoding=\"async\" width=\"150\" height=\"150\" src=\"https:\/\/www.radiopiu.net\/wordpress\/wp-content\/uploads\/2022\/06\/cb52946a-2100-4851-9fe2-3a0fd0f5c6b7-150x150.jpg\" class=\"attachment-thumbnail size-thumbnail\" alt=\"\" \/><\/a>\n\t\t\t\t<\/dt><\/dl><dl class='gallery-item'>\n\t\t\t\t<dt class='gallery-icon landscape'>\n\t\t\t\t\t<a class=\"rollover\" href='https:\/\/www.radiopiu.net\/wordpress\/fondi-di-confine-60-milioni-per-18-progetti\/cb8b6c77-c227-445d-8c6a-253ee0e2361c\/'><img loading=\"lazy\" decoding=\"async\" width=\"150\" height=\"150\" src=\"https:\/\/www.radiopiu.net\/wordpress\/wp-content\/uploads\/2022\/06\/cb8b6c77-c227-445d-8c6a-253ee0e2361c-150x150.jpg\" class=\"attachment-thumbnail size-thumbnail\" alt=\"\" \/><\/a>\n\t\t\t\t<\/dt><\/dl>\n\t\t\t\t<br style='clear: both' \/>\n\t\t\t<\/div>\n\n<p>&nbsp;<\/p>\n<p>LA RACCOLTA<\/p>\n<blockquote class=\"wp-embedded-content\" data-secret=\"jT8rlPf3Rx\"><p><a href=\"https:\/\/www.radiopiu.net\/wordpress\/plastic-free-per-un-mondo-senza-plastica\/\">PLASTIC FREE per un mondo senza plastica<\/a><\/p><\/blockquote>\n<p><iframe loading=\"lazy\" class=\"wp-embedded-content\" sandbox=\"allow-scripts\" security=\"restricted\" style=\"position: absolute; clip: rect(1px, 1px, 1px, 1px);\" title=\"&#8220;PLASTIC FREE per un mondo senza plastica&#8221; &#8212; Radio Pi\u00f9\" src=\"https:\/\/www.radiopiu.net\/wordpress\/plastic-free-per-un-mondo-senza-plastica\/embed\/#?secret=Jh4nJYLPjD#?secret=jT8rlPf3Rx\" data-secret=\"jT8rlPf3Rx\" width=\"600\" height=\"338\" frameborder=\"0\" marginwidth=\"0\" marginheight=\"0\" scrolling=\"no\"><\/iframe><\/p>\n<p>&nbsp;<\/p>\n<hr \/>\n<p>&nbsp;<\/p>\n<blockquote>\n<h3>FINANZIATA CON I FONDI COMUNI DI CONFINE LA RISTRUTTURAZIONE DELLA CASA DI RIPOSO DI VAL DI ZOLDO<\/h3>\n<\/blockquote>\n<p><img loading=\"lazy\" decoding=\"async\" class=\"size-thumbnail wp-image-279284 alignleft\" src=\"https:\/\/www.radiopiu.net\/wordpress\/wp-content\/uploads\/2022\/06\/casa-di-riposo-zoldo-9azienda-servizi-150x150.jpg\" alt=\"\" width=\"150\" height=\"150\" \/><\/p>\n<p><strong>VAL DI ZOLDO<\/strong> Il Fondo Comuni di Confine ha finanziato la ristrutturazione della casa di riposo &#8220;A. Santin&#8221; di Val Di Zoldo. Sono 3.750.000 euro i soldi stanziati su una spesa di 5.300.000 per il progetto complessivo. &#8220;Questo traguardo \u00e8 importantissimo perch\u00e9 ci permette di dare continuit\u00e0 alla struttura, adeguandola agli standard regionali, migliorandola e rendendola pi\u00f9 moderna e confortevole, oltre a rappresentare la base per garantire un numero importante di posti di lavoro &#8211; dice il primo cittadino di Val Di Zoldo Camillo De Pellegrin &#8211; La consapevolezza dell\u2019impegno profuso negli anni da parte di tutte le amministrazioni comunali dell\u2019ex comune di Forno per mantenere vivo il presidio sul territorio ci ha spinti ad individuare questo progetto tra quelli da proporre nell&#8217;ambito della concertazione per il riparto dei fondi di confine di area vasta. A questo proposito ricordo che la fusione dei comuni ha permesso all\u2019ex territorio del comune di Forno di diventare comune di seconda fascia (prima lo era solo Zoldo Alto) e di garantire quindi l\u2019accesso al finanziamento. In effetti la nostra casa di risposo rappresenta un luogo degli affetti per gli abitanti della valle, senza distinzione alcuna e un polo di attivit\u00e0 di volontariato encomiabile &#8211; <img loading=\"lazy\" decoding=\"async\" class=\"size-thumbnail wp-image-254798 alignright\" src=\"https:\/\/www.radiopiu.net\/wordpress\/wp-content\/uploads\/2022\/01\/28056423_1570743069705719_9091845138820201561_n-150x150.jpg\" alt=\"\" width=\"150\" height=\"150\" srcset=\"https:\/\/www.radiopiu.net\/wordpress\/wp-content\/uploads\/2022\/01\/28056423_1570743069705719_9091845138820201561_n-150x150.jpg 150w, https:\/\/www.radiopiu.net\/wordpress\/wp-content\/uploads\/2022\/01\/28056423_1570743069705719_9091845138820201561_n-300x300.jpg 300w, https:\/\/www.radiopiu.net\/wordpress\/wp-content\/uploads\/2022\/01\/28056423_1570743069705719_9091845138820201561_n-768x767.jpg 768w, https:\/\/www.radiopiu.net\/wordpress\/wp-content\/uploads\/2022\/01\/28056423_1570743069705719_9091845138820201561_n.jpg 960w\" sizes=\"auto, (max-width: 150px) 100vw, 150px\" \/>continua il sindaco &#8211; Per questo risultato desidero ringraziare innanzitutto i nostri collaboratori comunali e quelli dell\u2019azienda che in questi anni ci hanno sostenuti e affiancati in questo percorso che dura da pi\u00f9 di 6 anni. Un grazie alla struttura dei fondi di confine, con sede in Provincia di Belluno, per la costanza nel perseguire i risultati in un costante rapporto di confronto con i nostri vicini di Trento e con i comuni di confine bellunesi. Non per ultimi i sindaci dei comuni dell\u2019agordino che hanno compreso la valenza di questo progetto e insieme a noi lo hanno sostenuto e portato al tavolo provinciale per il finanziamento. Ora ci aspetta l\u2019ultimo miglio per la cantierabilita\u2019 e di questi tempi non sar\u00e0 certo facile!&#8221;<\/p>\n<p>&nbsp;<\/p>\n<p>&nbsp;<\/p>\n<hr \/>\n<p>&nbsp;<\/p>\n<blockquote>\n<h3>AGORDINO TERRA DI CONQUISTA, TRA MUTISMO E RASSEGNAZIONE<\/h3>\n<\/blockquote>\n<p><strong>COLLE SANTA LUCIA <\/strong>Oggi \u00e8 il turno di Passo Giau, splendido passo alto atesino dove si producono latticini.\u00a0 Qualcuno dir\u00e0, \u00e8 pur sempre una pubblicit\u00e0, ovvio ma a spese dei collesi e dei bellunesi. Anche di l\u00e0 del passo hanno capito che qualsiasi immagine pu\u00f2 essere utile per la causa, tanto chi protesta? L&#8217;ultima volta \u00e8 passato comunque come un messaggio pubblicitario&#8230; ma per gli altri. Anche questa volta prevarr\u00e0 il mutismo e la rassegnazione, vorremo vedere se un messaggio simile che pubblicizza il &#8220;prosek&#8221; a spese del buon vino\u00a0 trevigiano con relativi grappoli d&#8217;uva e colline subisse la stessa sorte<\/p>\n<p><a class=\"dt-pswp-item\" href=\"https:\/\/www.radiopiu.net\/wordpress\/wp-content\/uploads\/2022\/06\/81a46a20-ff11-4518-b436-50a733940657-1.jpg\" data-dt-img-description=\"\" data-large_image_width=\"828\" data-large_image_height=\"1024\"><img loading=\"lazy\" decoding=\"async\" class=\"alignnone wp-image-279362 size-medium\" src=\"https:\/\/www.radiopiu.net\/wordpress\/wp-content\/uploads\/2022\/06\/81a46a20-ff11-4518-b436-50a733940657-1-243x300.jpg\" alt=\"\" width=\"243\" height=\"300\" srcset=\"https:\/\/www.radiopiu.net\/wordpress\/wp-content\/uploads\/2022\/06\/81a46a20-ff11-4518-b436-50a733940657-1-243x300.jpg 243w, https:\/\/www.radiopiu.net\/wordpress\/wp-content\/uploads\/2022\/06\/81a46a20-ff11-4518-b436-50a733940657-1-768x950.jpg 768w, https:\/\/www.radiopiu.net\/wordpress\/wp-content\/uploads\/2022\/06\/81a46a20-ff11-4518-b436-50a733940657-1.jpg 828w\" sizes=\"auto, (max-width: 243px) 100vw, 243px\" \/><\/a><\/p>\n<p>___<\/p>\n<p>&nbsp;<\/p>\n<p>&nbsp;<\/p>\n<hr \/>\n<p>&nbsp;<\/p>\n<blockquote>\n<h3>FESTE DI PAESE, SI RICOMINCIA DA FEDER, MA\u00a0 MANCANO I VOLONTARI<\/h3>\n<\/blockquote>\n<p><strong>CANALE D&#8217;AGORDO<\/strong><\/p>\n<p>di Gianni Santomaso<\/p>\n<audio class=\"wp-audio-shortcode\" id=\"audio-278997-6\" preload=\"none\" style=\"width: 100%;\" controls=\"controls\"><source type=\"audio\/mpeg\" src=\"https:\/\/www.radiopiu.net\/wordpress\/wp-content\/uploads\/2022\/06\/GIANNI-SAGRA-FEDER.mp3?_=6\" \/><a href=\"https:\/\/www.radiopiu.net\/wordpress\/wp-content\/uploads\/2022\/06\/GIANNI-SAGRA-FEDER.mp3\">https:\/\/www.radiopiu.net\/wordpress\/wp-content\/uploads\/2022\/06\/GIANNI-SAGRA-FEDER.mp3<\/a><\/audio>\n<p>&nbsp;<\/p>\n\n\t\t\t<style type='text\/css'>\n\t\t\t\t#gallery-9 {\n\t\t\t\t\tmargin: auto;\n\t\t\t\t}\n\t\t\t\t#gallery-9 .gallery-item {\n\t\t\t\t\tfloat: left;\n\t\t\t\t\tmargin-top: 10px;\n\t\t\t\t\ttext-align: center;\n\t\t\t\t\twidth: 50%;\n\t\t\t\t}\n\t\t\t\t#gallery-9 img {\n\t\t\t\t\tborder: 2px solid #cfcfcf;\n\t\t\t\t}\n\t\t\t\t#gallery-9 .gallery-caption {\n\t\t\t\t\tmargin-left: 0;\n\t\t\t\t}\n\t\t\t\t\/* see gallery_shortcode() in wp-includes\/media.php *\/\n\t\t\t<\/style>\n\t\t<div id='gallery-9' class='dt-gallery-container gallery galleryid-278997 gallery-columns-2 gallery-size-thumbnail'><dl class='gallery-item'>\n\t\t\t\t<dt class='gallery-icon landscape'>\n\t\t\t\t\t<a class=\"rollover rollover-zoom dt-pswp-item\" title=\"Schermata 2022-06-02 alle 16.02.54\" data-dt-img-description=\"\" data-large_image_width=\"1406\" data-large_image_height=\"936\"href='https:\/\/www.radiopiu.net\/wordpress\/wp-content\/uploads\/2022\/06\/Schermata-2022-06-02-alle-16.02.54-e1654178975816.png'><img loading=\"lazy\" decoding=\"async\" width=\"150\" height=\"150\" src=\"https:\/\/www.radiopiu.net\/wordpress\/wp-content\/uploads\/2022\/06\/Schermata-2022-06-02-alle-16.02.54-e1654178975816-150x150.png\" class=\"attachment-thumbnail size-thumbnail\" alt=\"\" \/><\/a>\n\t\t\t\t<\/dt><\/dl><dl class='gallery-item'>\n\t\t\t\t<dt class='gallery-icon landscape'>\n\t\t\t\t\t<a class=\"rollover rollover-zoom dt-pswp-item\" title=\"Schermata 2022-06-02 alle 16.03.31\" data-dt-img-description=\"\" data-large_image_width=\"1340\" data-large_image_height=\"1098\"href='https:\/\/www.radiopiu.net\/wordpress\/wp-content\/uploads\/2022\/06\/Schermata-2022-06-02-alle-16.03.31-e1654179001213.png'><img loading=\"lazy\" decoding=\"async\" width=\"150\" height=\"150\" src=\"https:\/\/www.radiopiu.net\/wordpress\/wp-content\/uploads\/2022\/06\/Schermata-2022-06-02-alle-16.03.31-e1654179001213-150x150.png\" class=\"attachment-thumbnail size-thumbnail\" alt=\"\" \/><\/a>\n\t\t\t\t<\/dt><\/dl><br style=\"clear: both\" \/>\n\t\t\t<\/div>\n\n<p>&nbsp;<\/p>\n<hr \/>\n<p>&nbsp;<\/p>\n<p>&nbsp;<\/p>\n<h2><strong><a class=\"dt-pswp-item\" href=\"https:\/\/www.radiopiu.net\/wordpress\/wp-content\/uploads\/2022\/06\/Schermata-2022-06-01-alle-16.11.58.png\" data-dt-img-description=\"\" data-large_image_width=\"1310\" data-large_image_height=\"688\"><img loading=\"lazy\" decoding=\"async\" class=\"alignleft wp-image-279179 size-medium\" src=\"https:\/\/www.radiopiu.net\/wordpress\/wp-content\/uploads\/2022\/06\/Schermata-2022-06-01-alle-16.11.58-300x158.png\" alt=\"\" width=\"300\" height=\"158\" srcset=\"https:\/\/www.radiopiu.net\/wordpress\/wp-content\/uploads\/2022\/06\/Schermata-2022-06-01-alle-16.11.58-300x158.png 300w, https:\/\/www.radiopiu.net\/wordpress\/wp-content\/uploads\/2022\/06\/Schermata-2022-06-01-alle-16.11.58-1024x538.png 1024w, https:\/\/www.radiopiu.net\/wordpress\/wp-content\/uploads\/2022\/06\/Schermata-2022-06-01-alle-16.11.58-768x403.png 768w, https:\/\/www.radiopiu.net\/wordpress\/wp-content\/uploads\/2022\/06\/Schermata-2022-06-01-alle-16.11.58.png 1310w\" sizes=\"auto, (max-width: 300px) 100vw, 300px\" \/><\/a><span style=\"color: #ff6600;\">TORNA LA SAGRA DI SANT&#8217;ANTONIO A RIVAMONTE<\/span><\/strong><\/h2>\n<p><strong>di Claudio Fontanive<\/strong><\/p>\n<p>OSPITI: Jennifer Bressan e Simone Fontanive<\/p>\n<audio class=\"wp-audio-shortcode\" id=\"audio-278997-7\" preload=\"none\" style=\"width: 100%;\" controls=\"controls\"><source type=\"audio\/mpeg\" src=\"https:\/\/www.radiopiu.net\/wordpress\/wp-content\/uploads\/2022\/06\/santantonio-jennifer-simone-01-giugno.mp3?_=7\" \/><a href=\"https:\/\/www.radiopiu.net\/wordpress\/wp-content\/uploads\/2022\/06\/santantonio-jennifer-simone-01-giugno.mp3\">https:\/\/www.radiopiu.net\/wordpress\/wp-content\/uploads\/2022\/06\/santantonio-jennifer-simone-01-giugno.mp3<\/a><\/audio>\n<p>&nbsp;<\/p>\n<p>&nbsp;<\/p>\n<hr \/>\n<p>&nbsp;<\/p>\n<blockquote>\n<h3>DALL&#8217;OPEN DAY DEL TENNIS CLUB AGORDO<\/h3>\n<\/blockquote>\n<p><strong>AGORDO<\/strong> Inaugurata la stagione del tennis al Tennis Club Agordo. Un open day per accogliere bambini e appassionati di tennis. In mattinata la dimostrazione per i bambini che si avvicinano allo sport ma la festa continua tutta la giornata.<\/p>\n\n\t\t\t<style type='text\/css'>\n\t\t\t\t#gallery-10 {\n\t\t\t\t\tmargin: auto;\n\t\t\t\t}\n\t\t\t\t#gallery-10 .gallery-item {\n\t\t\t\t\tfloat: left;\n\t\t\t\t\tmargin-top: 10px;\n\t\t\t\t\ttext-align: center;\n\t\t\t\t\twidth: 20%;\n\t\t\t\t}\n\t\t\t\t#gallery-10 img {\n\t\t\t\t\tborder: 2px solid #cfcfcf;\n\t\t\t\t}\n\t\t\t\t#gallery-10 .gallery-caption {\n\t\t\t\t\tmargin-left: 0;\n\t\t\t\t}\n\t\t\t\t\/* see gallery_shortcode() in wp-includes\/media.php *\/\n\t\t\t<\/style>\n\t\t<div id='gallery-10' class='dt-gallery-container gallery galleryid-278997 gallery-columns-5 gallery-size-thumbnail'><dl class='gallery-item'>\n\t\t\t\t<dt class='gallery-icon portrait'>\n\t\t\t\t\t<a class=\"rollover rollover-zoom dt-pswp-item\" title=\"5f4f967a-590b-43d2-8a5b-909780e26a84\" data-dt-img-description=\"\" data-large_image_width=\"1200\" data-large_image_height=\"1599\"href='https:\/\/www.radiopiu.net\/wordpress\/wp-content\/uploads\/2022\/06\/5f4f967a-590b-43d2-8a5b-909780e26a84.jpg'><img loading=\"lazy\" decoding=\"async\" width=\"150\" height=\"150\" src=\"https:\/\/www.radiopiu.net\/wordpress\/wp-content\/uploads\/2022\/06\/5f4f967a-590b-43d2-8a5b-909780e26a84-150x150.jpg\" class=\"attachment-thumbnail size-thumbnail\" alt=\"\" \/><\/a>\n\t\t\t\t<\/dt><\/dl><dl class='gallery-item'>\n\t\t\t\t<dt class='gallery-icon landscape'>\n\t\t\t\t\t<a class=\"rollover rollover-zoom dt-pswp-item\" title=\"6befe6e1-e794-45bc-8e1d-1d1da51a23b8\" data-dt-img-description=\"\" data-large_image_width=\"1599\" data-large_image_height=\"1200\"href='https:\/\/www.radiopiu.net\/wordpress\/wp-content\/uploads\/2022\/06\/6befe6e1-e794-45bc-8e1d-1d1da51a23b8.jpg'><img loading=\"lazy\" decoding=\"async\" width=\"150\" height=\"150\" src=\"https:\/\/www.radiopiu.net\/wordpress\/wp-content\/uploads\/2022\/06\/6befe6e1-e794-45bc-8e1d-1d1da51a23b8-150x150.jpg\" class=\"attachment-thumbnail size-thumbnail\" alt=\"\" \/><\/a>\n\t\t\t\t<\/dt><\/dl><dl class='gallery-item'>\n\t\t\t\t<dt class='gallery-icon landscape'>\n\t\t\t\t\t<a class=\"rollover rollover-zoom dt-pswp-item\" title=\"75b2be66-5e65-43bc-aff6-934af7be87b2\" data-dt-img-description=\"\" data-large_image_width=\"1599\" data-large_image_height=\"1200\"href='https:\/\/www.radiopiu.net\/wordpress\/wp-content\/uploads\/2022\/06\/75b2be66-5e65-43bc-aff6-934af7be87b2.jpg'><img loading=\"lazy\" decoding=\"async\" width=\"150\" height=\"150\" src=\"https:\/\/www.radiopiu.net\/wordpress\/wp-content\/uploads\/2022\/06\/75b2be66-5e65-43bc-aff6-934af7be87b2-150x150.jpg\" class=\"attachment-thumbnail size-thumbnail\" alt=\"\" \/><\/a>\n\t\t\t\t<\/dt><\/dl><dl class='gallery-item'>\n\t\t\t\t<dt class='gallery-icon landscape'>\n\t\t\t\t\t<a class=\"rollover rollover-zoom dt-pswp-item\" title=\"b9d0d01d-e05c-4d06-9a17-6b188c693bd7\" data-dt-img-description=\"\" data-large_image_width=\"1599\" data-large_image_height=\"1200\"href='https:\/\/www.radiopiu.net\/wordpress\/wp-content\/uploads\/2022\/06\/b9d0d01d-e05c-4d06-9a17-6b188c693bd7.jpg'><img loading=\"lazy\" decoding=\"async\" width=\"150\" height=\"150\" src=\"https:\/\/www.radiopiu.net\/wordpress\/wp-content\/uploads\/2022\/06\/b9d0d01d-e05c-4d06-9a17-6b188c693bd7-150x150.jpg\" class=\"attachment-thumbnail size-thumbnail\" alt=\"\" \/><\/a>\n\t\t\t\t<\/dt><\/dl><dl class='gallery-item'>\n\t\t\t\t<dt class='gallery-icon portrait'>\n\t\t\t\t\t<a class=\"rollover rollover-zoom dt-pswp-item\" title=\"bad2dacb-2337-4c4e-b02b-7d11e1ac105b\" data-dt-img-description=\"\" data-large_image_width=\"1200\" data-large_image_height=\"1600\"href='https:\/\/www.radiopiu.net\/wordpress\/wp-content\/uploads\/2022\/06\/bad2dacb-2337-4c4e-b02b-7d11e1ac105b.jpg'><img loading=\"lazy\" decoding=\"async\" width=\"150\" height=\"150\" src=\"https:\/\/www.radiopiu.net\/wordpress\/wp-content\/uploads\/2022\/06\/bad2dacb-2337-4c4e-b02b-7d11e1ac105b-150x150.jpg\" class=\"attachment-thumbnail size-thumbnail\" alt=\"\" \/><\/a>\n\t\t\t\t<\/dt><\/dl><br style=\"clear: both\" \/><dl class='gallery-item'>\n\t\t\t\t<dt class='gallery-icon landscape'>\n\t\t\t\t\t<a class=\"rollover rollover-zoom dt-pswp-item\" title=\"c6114b27-ce04-459f-a426-fb4659ac4775\" data-dt-img-description=\"\" data-large_image_width=\"1599\" data-large_image_height=\"1200\"href='https:\/\/www.radiopiu.net\/wordpress\/wp-content\/uploads\/2022\/06\/c6114b27-ce04-459f-a426-fb4659ac4775.jpg'><img loading=\"lazy\" decoding=\"async\" width=\"150\" height=\"150\" src=\"https:\/\/www.radiopiu.net\/wordpress\/wp-content\/uploads\/2022\/06\/c6114b27-ce04-459f-a426-fb4659ac4775-150x150.jpg\" class=\"attachment-thumbnail size-thumbnail\" alt=\"\" \/><\/a>\n\t\t\t\t<\/dt><\/dl><dl class='gallery-item'>\n\t\t\t\t<dt class='gallery-icon landscape'>\n\t\t\t\t\t<a class=\"rollover rollover-zoom dt-pswp-item\" title=\"f98c2c86-2f6d-4926-add6-27fc858c85e8\" data-dt-img-description=\"\" data-large_image_width=\"1600\" data-large_image_height=\"1200\"href='https:\/\/www.radiopiu.net\/wordpress\/wp-content\/uploads\/2022\/06\/f98c2c86-2f6d-4926-add6-27fc858c85e8.jpg'><img loading=\"lazy\" decoding=\"async\" width=\"150\" height=\"150\" src=\"https:\/\/www.radiopiu.net\/wordpress\/wp-content\/uploads\/2022\/06\/f98c2c86-2f6d-4926-add6-27fc858c85e8-150x150.jpg\" class=\"attachment-thumbnail size-thumbnail\" alt=\"\" \/><\/a>\n\t\t\t\t<\/dt><\/dl><dl class='gallery-item'>\n\t\t\t\t<dt class='gallery-icon portrait'>\n\t\t\t\t\t<a class=\"rollover rollover-zoom dt-pswp-item\" title=\"f3815fef-dffd-498a-b572-5b95003c7b24\" data-dt-img-description=\"\" data-large_image_width=\"1200\" data-large_image_height=\"1600\"href='https:\/\/www.radiopiu.net\/wordpress\/wp-content\/uploads\/2022\/06\/f3815fef-dffd-498a-b572-5b95003c7b24.jpg'><img loading=\"lazy\" decoding=\"async\" width=\"150\" height=\"150\" src=\"https:\/\/www.radiopiu.net\/wordpress\/wp-content\/uploads\/2022\/06\/f3815fef-dffd-498a-b572-5b95003c7b24-150x150.jpg\" class=\"attachment-thumbnail size-thumbnail\" alt=\"\" \/><\/a>\n\t\t\t\t<\/dt><\/dl><dl class='gallery-item'>\n\t\t\t\t<dt class='gallery-icon landscape'>\n\t\t\t\t\t<a class=\"rollover rollover-zoom dt-pswp-item\" title=\"2bffd882-d1fb-44e2-9dd8-0cab748ff786\" data-dt-img-description=\"\" data-large_image_width=\"1600\" data-large_image_height=\"1200\"href='https:\/\/www.radiopiu.net\/wordpress\/wp-content\/uploads\/2022\/06\/2bffd882-d1fb-44e2-9dd8-0cab748ff786.jpg'><img loading=\"lazy\" decoding=\"async\" width=\"150\" height=\"150\" src=\"https:\/\/www.radiopiu.net\/wordpress\/wp-content\/uploads\/2022\/06\/2bffd882-d1fb-44e2-9dd8-0cab748ff786-150x150.jpg\" class=\"attachment-thumbnail size-thumbnail\" alt=\"\" \/><\/a>\n\t\t\t\t<\/dt><\/dl><dl class='gallery-item'>\n\t\t\t\t<dt class='gallery-icon landscape'>\n\t\t\t\t\t<a class=\"rollover rollover-zoom dt-pswp-item\" title=\"e11fc60c-0449-4c40-937c-86b1826a96e2\" data-dt-img-description=\"\" data-large_image_width=\"1599\" data-large_image_height=\"1200\"href='https:\/\/www.radiopiu.net\/wordpress\/wp-content\/uploads\/2022\/06\/e11fc60c-0449-4c40-937c-86b1826a96e2.jpg'><img loading=\"lazy\" decoding=\"async\" width=\"150\" height=\"150\" src=\"https:\/\/www.radiopiu.net\/wordpress\/wp-content\/uploads\/2022\/06\/e11fc60c-0449-4c40-937c-86b1826a96e2-150x150.jpg\" class=\"attachment-thumbnail size-thumbnail\" alt=\"\" \/><\/a>\n\t\t\t\t<\/dt><\/dl><br style=\"clear: both\" \/><dl class='gallery-item'>\n\t\t\t\t<dt class='gallery-icon landscape'>\n\t\t\t\t\t<a class=\"rollover rollover-zoom dt-pswp-item\" title=\"e2bd4ca6-1ade-4d50-b417-611e5edba9d1\" data-dt-img-description=\"\" data-large_image_width=\"1599\" data-large_image_height=\"1200\"href='https:\/\/www.radiopiu.net\/wordpress\/wp-content\/uploads\/2022\/06\/e2bd4ca6-1ade-4d50-b417-611e5edba9d1.jpg'><img loading=\"lazy\" decoding=\"async\" width=\"150\" height=\"150\" src=\"https:\/\/www.radiopiu.net\/wordpress\/wp-content\/uploads\/2022\/06\/e2bd4ca6-1ade-4d50-b417-611e5edba9d1-150x150.jpg\" class=\"attachment-thumbnail size-thumbnail\" alt=\"\" \/><\/a>\n\t\t\t\t<\/dt><\/dl><dl class='gallery-item'>\n\t\t\t\t<dt class='gallery-icon portrait'>\n\t\t\t\t\t<a class=\"rollover rollover-zoom dt-pswp-item\" title=\"92f1601c-2ffe-47f0-9ad8-aa3a925dfef0\" data-dt-img-description=\"\" data-large_image_width=\"1200\" data-large_image_height=\"1600\"href='https:\/\/www.radiopiu.net\/wordpress\/wp-content\/uploads\/2022\/06\/92f1601c-2ffe-47f0-9ad8-aa3a925dfef0.jpg'><img loading=\"lazy\" decoding=\"async\" width=\"150\" height=\"150\" src=\"https:\/\/www.radiopiu.net\/wordpress\/wp-content\/uploads\/2022\/06\/92f1601c-2ffe-47f0-9ad8-aa3a925dfef0-150x150.jpg\" class=\"attachment-thumbnail size-thumbnail\" alt=\"\" \/><\/a>\n\t\t\t\t<\/dt><\/dl><dl class='gallery-item'>\n\t\t\t\t<dt class='gallery-icon landscape'>\n\t\t\t\t\t<a class=\"rollover rollover-zoom dt-pswp-item\" title=\"8f4329bb-aa2a-4fc3-8764-c4bb4fe95a18\" data-dt-img-description=\"\" data-large_image_width=\"1599\" data-large_image_height=\"1200\"href='https:\/\/www.radiopiu.net\/wordpress\/wp-content\/uploads\/2022\/06\/8f4329bb-aa2a-4fc3-8764-c4bb4fe95a18.jpg'><img loading=\"lazy\" decoding=\"async\" width=\"150\" height=\"150\" src=\"https:\/\/www.radiopiu.net\/wordpress\/wp-content\/uploads\/2022\/06\/8f4329bb-aa2a-4fc3-8764-c4bb4fe95a18-150x150.jpg\" class=\"attachment-thumbnail size-thumbnail\" alt=\"\" \/><\/a>\n\t\t\t\t<\/dt><\/dl>\n\t\t\t\t<br style='clear: both' \/>\n\t\t\t<\/div>\n\n<p>&nbsp;<\/p>\n<hr \/>\n<p>&nbsp;<\/p>\n<blockquote>\n<h3>DAL GRUPPO ALPINI DI ALLEGHE LA SOLIDARIETA&#8217; A CANAZEI DI COLLE<\/h3>\n<\/blockquote>\n<p><strong>COLLE SANTA LUCIA<\/strong>\u00a0 In seguito all\u2019incendio che ha colpito la frazione Canazei di Colle Santa Lucia, in occasione del 90\u00b0 anniversario della fondazione del Gruppo Alpini di Alleghe, \u00e8 stata organizzata una raccolta fondi di solidariet\u00e0 in favore degli abitanti colpiti dal rogo. Sono stati quindi invitati nella sede del Gruppo a Masar\u00e8: Il Sindaco di Colle, Paolo Frena e gli abitanti della frazione. Erano presenti numerosi alpini del Gruppo Monte Civetta con il Capogruppo Cristian De Toni ed il Vicesindaco di Alleghe Gianpaolo De Bernardin. E\u2019 stato consegnato un simbolico assegno di 1.500 euro e con l\u2019occasione e stata offerta una bicchierata di saluto.<\/p>\n\n\t\t\t<style type='text\/css'>\n\t\t\t\t#gallery-11 {\n\t\t\t\t\tmargin: auto;\n\t\t\t\t}\n\t\t\t\t#gallery-11 .gallery-item {\n\t\t\t\t\tfloat: left;\n\t\t\t\t\tmargin-top: 10px;\n\t\t\t\t\ttext-align: center;\n\t\t\t\t\twidth: 50%;\n\t\t\t\t}\n\t\t\t\t#gallery-11 img {\n\t\t\t\t\tborder: 2px solid #cfcfcf;\n\t\t\t\t}\n\t\t\t\t#gallery-11 .gallery-caption {\n\t\t\t\t\tmargin-left: 0;\n\t\t\t\t}\n\t\t\t\t\/* see gallery_shortcode() in wp-includes\/media.php *\/\n\t\t\t<\/style>\n\t\t<div id='gallery-11' class='dt-gallery-container gallery galleryid-278997 gallery-columns-2 gallery-size-full'><dl class='gallery-item'>\n\t\t\t\t<dt class='gallery-icon landscape'>\n\t\t\t\t\t<a class=\"rollover rollover-zoom dt-pswp-item\" title=\"1653471479947\" data-dt-img-description=\"\" data-large_image_width=\"1599\" data-large_image_height=\"1200\"href='https:\/\/www.radiopiu.net\/wordpress\/wp-content\/uploads\/2022\/06\/1653471479947.jpg'><img loading=\"lazy\" decoding=\"async\" width=\"1599\" height=\"1200\" src=\"https:\/\/www.radiopiu.net\/wordpress\/wp-content\/uploads\/2022\/06\/1653471479947.jpg\" class=\"attachment-full size-full\" alt=\"\" srcset=\"https:\/\/www.radiopiu.net\/wordpress\/wp-content\/uploads\/2022\/06\/1653471479947.jpg 1599w, https:\/\/www.radiopiu.net\/wordpress\/wp-content\/uploads\/2022\/06\/1653471479947-300x225.jpg 300w, https:\/\/www.radiopiu.net\/wordpress\/wp-content\/uploads\/2022\/06\/1653471479947-1024x768.jpg 1024w, https:\/\/www.radiopiu.net\/wordpress\/wp-content\/uploads\/2022\/06\/1653471479947-768x576.jpg 768w, https:\/\/www.radiopiu.net\/wordpress\/wp-content\/uploads\/2022\/06\/1653471479947-1536x1153.jpg 1536w\" sizes=\"auto, (max-width: 1599px) 100vw, 1599px\" \/><\/a>\n\t\t\t\t<\/dt><\/dl><dl class='gallery-item'>\n\t\t\t\t<dt class='gallery-icon landscape'>\n\t\t\t\t\t<a class=\"rollover rollover-zoom dt-pswp-item\" title=\"1653471901878\" data-dt-img-description=\"\" data-large_image_width=\"1599\" data-large_image_height=\"1200\"href='https:\/\/www.radiopiu.net\/wordpress\/wp-content\/uploads\/2022\/06\/1653471901878.jpg'><img loading=\"lazy\" decoding=\"async\" width=\"1599\" height=\"1200\" src=\"https:\/\/www.radiopiu.net\/wordpress\/wp-content\/uploads\/2022\/06\/1653471901878.jpg\" class=\"attachment-full size-full\" alt=\"\" srcset=\"https:\/\/www.radiopiu.net\/wordpress\/wp-content\/uploads\/2022\/06\/1653471901878.jpg 1599w, https:\/\/www.radiopiu.net\/wordpress\/wp-content\/uploads\/2022\/06\/1653471901878-300x225.jpg 300w, https:\/\/www.radiopiu.net\/wordpress\/wp-content\/uploads\/2022\/06\/1653471901878-1024x768.jpg 1024w, https:\/\/www.radiopiu.net\/wordpress\/wp-content\/uploads\/2022\/06\/1653471901878-768x576.jpg 768w, https:\/\/www.radiopiu.net\/wordpress\/wp-content\/uploads\/2022\/06\/1653471901878-1536x1153.jpg 1536w\" sizes=\"auto, (max-width: 1599px) 100vw, 1599px\" \/><\/a>\n\t\t\t\t<\/dt><\/dl><br style=\"clear: both\" \/>\n\t\t\t<\/div>\n\n<hr \/>\n<p>&nbsp;<\/p>\n<blockquote>\n<h3>ANCHE AD AGORDO RITORNA IL PERICOLO PANACE DI MANTEGAZZA<\/h3>\n<\/blockquote>\n<p><strong><a class=\"dt-pswp-item\" href=\"https:\/\/www.radiopiu.net\/wordpress\/wp-content\/uploads\/2022\/06\/Schermata-2022-06-02-alle-09.56.13.png\" data-dt-img-description=\"\" data-large_image_width=\"1072\" data-large_image_height=\"940\"><img loading=\"lazy\" decoding=\"async\" class=\"size-thumbnail wp-image-279301 alignleft\" src=\"https:\/\/www.radiopiu.net\/wordpress\/wp-content\/uploads\/2022\/06\/Schermata-2022-06-02-alle-09.56.13-150x150.png\" alt=\"\" width=\"150\" height=\"150\" \/><\/a> <\/strong><\/p>\n<p><strong>\u00a0<\/strong><\/p>\n<p><strong>AGORDO<\/strong> Ritorna anche ad Agordo l&#8217;allarme delle panace di mantegazza, una pianta\u00a0 che provoca gravi ustioni a chi viene in contatto con foglie e fiori. In questo caso siamo al parcheggio di Veran-Faion. Il consiglio \u00e8 di prestare attenzione a chi parcheggia in zona o chi sfalcia l&#8217;erba in questo periodo. Ne avevamo parlato stamane con la segnalazione arrivata da Val di Zoldo.<\/p>\n<p>&nbsp;<\/p>\n<p><span style=\"color: #ff0000;\"><strong>IN VAL DI ZOLDO, IERI ALLA RADIO<\/strong><\/span><\/p>\n<blockquote class=\"wp-embedded-content\" data-secret=\"JyHjVt0oqL\"><p><a href=\"https:\/\/www.radiopiu.net\/wordpress\/allarme-pianta-pericolosa-in-val-di-zoldo\/\">ALLARME PIANTA PERICOLOSA IN VAL DI ZOLDO<\/a><\/p><\/blockquote>\n<p><iframe loading=\"lazy\" class=\"wp-embedded-content\" sandbox=\"allow-scripts\" security=\"restricted\" style=\"position: absolute; clip: rect(1px, 1px, 1px, 1px);\" title=\"&#8220;ALLARME PIANTA PERICOLOSA IN VAL DI ZOLDO&#8221; &#8212; Radio Pi\u00f9\" src=\"https:\/\/www.radiopiu.net\/wordpress\/allarme-pianta-pericolosa-in-val-di-zoldo\/embed\/#?secret=BNceJLsWw2#?secret=JyHjVt0oqL\" data-secret=\"JyHjVt0oqL\" width=\"600\" height=\"338\" frameborder=\"0\" marginwidth=\"0\" marginheight=\"0\" scrolling=\"no\"><\/iframe><\/p>\n<p>&nbsp;<\/p>\n<p>&nbsp;<\/p>\n<hr \/>\n<p>&nbsp;<\/p>\n<blockquote class=\"wp-embedded-content\" data-secret=\"T2i8FCtxkP\"><p><a href=\"https:\/\/www.radiopiu.net\/wordpress\/aggnazionalegiugno02\/\">CORONAVIRUS: AGGIORNAMENTO NAZIONALE 02 GIUGNO 2022<\/a><\/p><\/blockquote>\n<p><iframe loading=\"lazy\" class=\"wp-embedded-content\" sandbox=\"allow-scripts\" security=\"restricted\" style=\"position: absolute; clip: rect(1px, 1px, 1px, 1px);\" title=\"&#8220;CORONAVIRUS: AGGIORNAMENTO NAZIONALE 02 GIUGNO 2022&#8221; &#8212; Radio Pi\u00f9\" src=\"https:\/\/www.radiopiu.net\/wordpress\/aggnazionalegiugno02\/embed\/#?secret=ch0wVzVsvQ#?secret=T2i8FCtxkP\" data-secret=\"T2i8FCtxkP\" width=\"600\" height=\"338\" frameborder=\"0\" marginwidth=\"0\" marginheight=\"0\" scrolling=\"no\"><\/iframe><\/p>\n<p>&nbsp;<\/p>\n<blockquote class=\"wp-embedded-content\" data-secret=\"pUQrI8erzk\"><p><a href=\"https:\/\/www.radiopiu.net\/wordpress\/aggazzerogiugno02\/\">CONTINUNANO A CALARE I RICOVERI. SEI DECESSI E 1601 NUOVE POSITIVITA&#8217; IN 24 ORE IN VENETO<\/a><\/p><\/blockquote>\n<p><iframe loading=\"lazy\" class=\"wp-embedded-content\" sandbox=\"allow-scripts\" security=\"restricted\" style=\"position: absolute; clip: rect(1px, 1px, 1px, 1px);\" title=\"&#8220;CONTINUNANO A CALARE I RICOVERI. SEI DECESSI E 1601 NUOVE POSITIVITA&#8217; IN 24 ORE IN VENETO&#8221; &#8212; Radio Pi\u00f9\" src=\"https:\/\/www.radiopiu.net\/wordpress\/aggazzerogiugno02\/embed\/#?secret=7tJyOhddOS#?secret=pUQrI8erzk\" data-secret=\"pUQrI8erzk\" width=\"600\" height=\"338\" frameborder=\"0\" marginwidth=\"0\" marginheight=\"0\" scrolling=\"no\"><\/iframe><\/p>\n<p>&nbsp;<\/p>\n<h2 dir=\"auto\">I GRAFICI DI TIZIANO DE COL<\/h2>\n\n\t\t\t<style type='text\/css'>\n\t\t\t\t#gallery-12 {\n\t\t\t\t\tmargin: auto;\n\t\t\t\t}\n\t\t\t\t#gallery-12 .gallery-item {\n\t\t\t\t\tfloat: left;\n\t\t\t\t\tmargin-top: 10px;\n\t\t\t\t\ttext-align: center;\n\t\t\t\t\twidth: 33%;\n\t\t\t\t}\n\t\t\t\t#gallery-12 img {\n\t\t\t\t\tborder: 2px solid #cfcfcf;\n\t\t\t\t}\n\t\t\t\t#gallery-12 .gallery-caption {\n\t\t\t\t\tmargin-left: 0;\n\t\t\t\t}\n\t\t\t\t\/* see gallery_shortcode() in wp-includes\/media.php *\/\n\t\t\t<\/style>\n\t\t<div id='gallery-12' class='dt-gallery-container gallery galleryid-278997 gallery-columns-3 gallery-size-thumbnail'><dl class='gallery-item'>\n\t\t\t\t<dt class='gallery-icon landscape'>\n\t\t\t\t\t<a class=\"rollover rollover-zoom dt-pswp-item\" title=\"5996229f-2743-4055-8923-71336f884fcd\" data-dt-img-description=\"\" data-large_image_width=\"593\" data-large_image_height=\"359\"href='https:\/\/www.radiopiu.net\/wordpress\/wp-content\/uploads\/2022\/06\/5996229f-2743-4055-8923-71336f884fcd.jpg'><img loading=\"lazy\" decoding=\"async\" width=\"150\" height=\"150\" src=\"https:\/\/www.radiopiu.net\/wordpress\/wp-content\/uploads\/2022\/06\/5996229f-2743-4055-8923-71336f884fcd-150x150.jpg\" class=\"attachment-thumbnail size-thumbnail\" alt=\"\" \/><\/a>\n\t\t\t\t<\/dt><\/dl><dl class='gallery-item'>\n\t\t\t\t<dt class='gallery-icon landscape'>\n\t\t\t\t\t<a class=\"rollover rollover-zoom dt-pswp-item\" title=\"67ba78e0-a148-411c-9914-a32cca168d8a\" data-dt-img-description=\"\" data-large_image_width=\"592\" data-large_image_height=\"358\"href='https:\/\/www.radiopiu.net\/wordpress\/wp-content\/uploads\/2022\/06\/67ba78e0-a148-411c-9914-a32cca168d8a.jpg'><img loading=\"lazy\" decoding=\"async\" width=\"150\" height=\"150\" src=\"https:\/\/www.radiopiu.net\/wordpress\/wp-content\/uploads\/2022\/06\/67ba78e0-a148-411c-9914-a32cca168d8a-150x150.jpg\" class=\"attachment-thumbnail size-thumbnail\" alt=\"\" \/><\/a>\n\t\t\t\t<\/dt><\/dl><dl class='gallery-item'>\n\t\t\t\t<dt class='gallery-icon landscape'>\n\t\t\t\t\t<a class=\"rollover rollover-zoom dt-pswp-item\" title=\"f4397cc3-f874-4f7e-8823-b3fd7d3d6665\" data-dt-img-description=\"\" data-large_image_width=\"610\" data-large_image_height=\"352\"href='https:\/\/www.radiopiu.net\/wordpress\/wp-content\/uploads\/2022\/06\/f4397cc3-f874-4f7e-8823-b3fd7d3d6665.jpg'><img loading=\"lazy\" decoding=\"async\" width=\"150\" height=\"150\" src=\"https:\/\/www.radiopiu.net\/wordpress\/wp-content\/uploads\/2022\/06\/f4397cc3-f874-4f7e-8823-b3fd7d3d6665-150x150.jpg\" class=\"attachment-thumbnail size-thumbnail\" alt=\"\" \/><\/a>\n\t\t\t\t<\/dt><\/dl><br style=\"clear: both\" \/><dl class='gallery-item'>\n\t\t\t\t<dt class='gallery-icon landscape'>\n\t\t\t\t\t<a class=\"rollover rollover-zoom dt-pswp-item\" title=\"e23b8764-fc48-4edc-bcb5-464a1948468d\" data-dt-img-description=\"\" data-large_image_width=\"610\" data-large_image_height=\"352\"href='https:\/\/www.radiopiu.net\/wordpress\/wp-content\/uploads\/2022\/06\/e23b8764-fc48-4edc-bcb5-464a1948468d.jpg'><img loading=\"lazy\" decoding=\"async\" width=\"150\" height=\"150\" src=\"https:\/\/www.radiopiu.net\/wordpress\/wp-content\/uploads\/2022\/06\/e23b8764-fc48-4edc-bcb5-464a1948468d-150x150.jpg\" class=\"attachment-thumbnail size-thumbnail\" alt=\"\" \/><\/a>\n\t\t\t\t<\/dt><\/dl><dl class='gallery-item'>\n\t\t\t\t<dt class='gallery-icon landscape'>\n\t\t\t\t\t<a class=\"rollover rollover-zoom dt-pswp-item\" title=\"3e3a7440-38b9-4211-b113-4dd2ff4662dd\" data-dt-img-description=\"\" data-large_image_width=\"602\" data-large_image_height=\"352\"href='https:\/\/www.radiopiu.net\/wordpress\/wp-content\/uploads\/2022\/06\/3e3a7440-38b9-4211-b113-4dd2ff4662dd.jpg'><img loading=\"lazy\" decoding=\"async\" width=\"150\" height=\"150\" src=\"https:\/\/www.radiopiu.net\/wordpress\/wp-content\/uploads\/2022\/06\/3e3a7440-38b9-4211-b113-4dd2ff4662dd-150x150.jpg\" class=\"attachment-thumbnail size-thumbnail\" alt=\"\" \/><\/a>\n\t\t\t\t<\/dt><\/dl><dl class='gallery-item'>\n\t\t\t\t<dt class='gallery-icon landscape'>\n\t\t\t\t\t<a class=\"rollover rollover-zoom dt-pswp-item\" title=\"9aae966a-d442-47a7-9242-4f0eee6e21c4\" data-dt-img-description=\"\" data-large_image_width=\"604\" data-large_image_height=\"362\"href='https:\/\/www.radiopiu.net\/wordpress\/wp-content\/uploads\/2022\/06\/9aae966a-d442-47a7-9242-4f0eee6e21c4.jpg'><img loading=\"lazy\" decoding=\"async\" width=\"150\" height=\"150\" src=\"https:\/\/www.radiopiu.net\/wordpress\/wp-content\/uploads\/2022\/06\/9aae966a-d442-47a7-9242-4f0eee6e21c4-150x150.jpg\" class=\"attachment-thumbnail size-thumbnail\" alt=\"\" \/><\/a>\n\t\t\t\t<\/dt><\/dl><br style=\"clear: both\" \/>\n\t\t\t<\/div>\n\n<p>&nbsp;<\/p>\n<hr \/>\n<p>&nbsp;<\/p>\n<blockquote>\n<h3>RILASCIO CERTIFICATI PER ACCESSO AL VOTO DI SOGGETTI ISOLATI-QUARANTENATI PER COVID<\/h3>\n<\/blockquote>\n<p><strong>BELLUNO <\/strong>Le persone in condizione di isolamento domiciliare o quarantena per COVID possono chiedere all\u2019Ulss il rilascio del certificato medico attestante tale condizione, al fine di richiedere al Comune di residenza l\u2019ammissione al voto, con modalit\u00e0 speciali, per le prossime <strong>elezioni del<\/strong> <strong>12 giugno 2022. <\/strong>Le richieste di tali certificati vanno inviate via mail <strong>entro il 07 giugno 2022<\/strong> a: \u00a0<a href=\"mailto:certificati.elezioni@aulss1.veneto.it\">certificati.elezioni@aulss1.veneto.it<\/a> allegando copia di un documento di identit\u00e0. Per eventuali informazioni \u00e8 a disposizione il Dipartimento di Prevenzione al numero 0437\/514505 (dal luned\u00ec al venerd\u00ec dalle 10.00 alle 12.00).<\/p>\n<p>&nbsp;<\/p>\n<p>&nbsp;<\/p>\n<hr \/>\n<p>&nbsp;<\/p>\n<blockquote>\n<h3>ESERCITAZIONE CONGIUNTA DEL SOCCORSO ALPINO DELLA GUARDIA DI FINANZA E VIGILI DEL FUOCO<\/h3>\n<\/blockquote>\n<p><strong><a class=\"dt-pswp-item\" href=\"https:\/\/www.radiopiu.net\/wordpress\/wp-content\/uploads\/2022\/06\/Schermata-2022-06-01-alle-15.26.47.png\" data-dt-img-description=\"\" data-large_image_width=\"1448\" data-large_image_height=\"974\"><img loading=\"lazy\" decoding=\"async\" class=\"size-thumbnail wp-image-279136 alignleft\" src=\"https:\/\/www.radiopiu.net\/wordpress\/wp-content\/uploads\/2022\/06\/Schermata-2022-06-01-alle-15.26.47-150x150.png\" alt=\"\" width=\"150\" height=\"150\" \/><\/a>BELLUNO<\/strong> Dopo circa sette mesi dall\u2019ultima esercitazione congiunta, Soccorso Alpino della Guardia di Finanza e Vigili del Fuoco si sono ritrovati in data 30 maggio 2022 presso il campo macerie dell\u2019ex caserma \u201cToigo\u201d, sede del Comando Provinciale dei Vigili del Fuoco di Belluno, per un\u2019ulteriore attivita\u0300 addestrativa delle Unita\u0300 Cinofile da Ricerca e Soccorso del Corpo della Guardia di Finanza, con l\u2019obiettivo di incrementare il livello formativo e assicurare sempre la necessaria prontezza operativa in situazioni di emergenza. L\u2019attivita\u0300, svolta nell\u2019ambito del \u201cProtocollo d\u2019intesa relativo ai rapporti di collaborazione\u201d stipulato tra la Direzione Interregionale Vigli del Fuoco Veneto e Trentino Alto Adige ed il Comando Regionale Veneto della Guardia di Finanza, si pone in linea di continuita\u0300 con le precedenti edizioni ed e\u0300 servita per affinare ulteriormente le tecniche e procedure utilizzate per la ricerca in macerie a seguito di eventi naturali in ambito montano, con la simulazione di possibili scenari di eventi geologici catastrofici e l\u2019impiego delle Unita\u0300 Cinofile nelle conseguenti attivita\u0300 di ricerca e soccorso. All\u2019addestramento, effettuato in forma congiunta con il personale specializzato dei Vigili del Fuoco, erano presenti le Stazioni S.A.G.F. di Vipiteno, Brunico, Tione di Trento, Prato Drava e Passo Rolle con i cani Toni, Kiru, Gerca, Jamaica, Curva, Kira e Hidalgo, le Stazioni di Tolmezzo e Sella Nevea con i cani Nero, Isa e Kira, la Stazione di Auronzo di Cadore con il cane Etha nonche\u0301 militari specializzati della Sezione Addestramento Unita\u0300 Cinofile di Soccorso della Scuola Alpina di Predazzo.<\/p>\n<p>&nbsp;<\/p>\n<p>&nbsp;<\/p>\n<hr \/>\n<p>&nbsp;<\/p>\n<blockquote>\n<h3>DISABILITA\u2019 E LAVORO: 32.000 GLI OCCUPATI IN VENETO, OLTRE IL 70% DELLE AZIENDE IN REGOLA CON LA NORMATIVA SUL COLLOCAMENTO MIRATO<\/h3>\n<\/blockquote>\n<p><strong><a class=\"dt-pswp-item\" href=\"https:\/\/www.radiopiu.net\/wordpress\/wp-content\/uploads\/2022\/03\/Logo_VenetoLavoro.png\" data-dt-img-description=\"\" data-large_image_width=\"1791\" data-large_image_height=\"482\"><img loading=\"lazy\" decoding=\"async\" class=\"wp-image-264807 alignleft\" src=\"https:\/\/www.radiopiu.net\/wordpress\/wp-content\/uploads\/2022\/03\/Logo_VenetoLavoro-300x81.png\" alt=\"\" width=\"252\" height=\"68\" srcset=\"https:\/\/www.radiopiu.net\/wordpress\/wp-content\/uploads\/2022\/03\/Logo_VenetoLavoro-300x81.png 300w, https:\/\/www.radiopiu.net\/wordpress\/wp-content\/uploads\/2022\/03\/Logo_VenetoLavoro-1024x276.png 1024w, https:\/\/www.radiopiu.net\/wordpress\/wp-content\/uploads\/2022\/03\/Logo_VenetoLavoro-768x207.png 768w, https:\/\/www.radiopiu.net\/wordpress\/wp-content\/uploads\/2022\/03\/Logo_VenetoLavoro-1536x413.png 1536w, https:\/\/www.radiopiu.net\/wordpress\/wp-content\/uploads\/2022\/03\/Logo_VenetoLavoro.png 1791w\" sizes=\"auto, (max-width: 252px) 100vw, 252px\" \/><\/a>VENEZIA <\/strong>Sono circa 32.000 le persone con disabilit\u00e0 occupate in Veneto presso 19.300 aziende pubbliche e private, un dato in lieve crescita rispetto al 2020 e al 2019. Oltre IL 70% delle aziende soggette agli obblighi di assunzione risulta in regola con la normativa in materia di collocamento mirato e su un totale di circa 47 mila posti di lavoro \u201criservati\u201d, solo 9 mila risultano scoperti. A delineare il quadro dell\u2019inclusione lavorativa delle persone con disabilit\u00e0 in Veneto \u00e8 l\u2019annuale report dell\u2019Osservatorio di Veneto Lavoro, che conferma il carattere strutturale dell\u2019occupazione per questa categoria di lavoratori. Ai sensi della normativa vigente tutti i datori di lavoro con almeno 15 dipendenti sono obbligati ad assumere un numero di disabili (quota di riserva) in funzione della dimensione d\u2019impresa. Sono tuttavia previste condizioni di esonero o sospensioni, ad esempio per le imprese in crisi, e compensazioni territoriali per imprese multilocalizzate. La gestione dell\u2019obbligo, inoltre, pu\u00f2 avvenire mediante la stipula di apposite convenzioni o affidando commesse di lavoro alle cooperative sociali di tipo B (composte per almeno il 30% da lavoratori in condizioni di svantaggio). In base ai criteri definiti dalla normativa, in Veneto i posti di lavoro riservati alle persone con disabilit\u00e0 sono complessivamente 47.154, di cui 31.093 risultano attualmente coperti e 15.744 scoperti. Al netto delle coperture garantite dalle convenzioni in essere e delle posizioni relative ad aziende che hanno chiesto la sospensione dell\u2019obbligo, le posizioni scoperte si riducono per\u00f2 a 8.930, per un tasso di scopertura netto, ovvero il rapporto tra posizioni lavorative scoperte e posizioni riservate, che si pu\u00f2 stimare attorno al 19%, solo lievemente superiore a quello registrato nel 2019. Il 54% delle aziende risulta aver adempiuto pienamente agli obblighi di assunzione, percentuale che sale al 72% analizzando i tassi netti. Le maggiori difficolt\u00e0 ad assolvere gli obblighi di assunzione si riscontrano nelle aziende pi\u00f9 grandi, tenute a inserire pi\u00f9 di 35 disabili, e all\u2019opposto in quelle pi\u00f9 piccole, tenute ad assumere una sola persona. A livello settoriale, i livelli pi\u00f9 elevati di copertura si riscontrano nel settore del credito, nel farmaceutico e nelle utilities, mentre agricoltura e industria estrattiva sono quelli che presentano le maggiori difficolt\u00e0 in termini di assolvimento dell\u2019obbligo. I disabili in condizione di disoccupazione e iscritti al collocamento mirato al 31 dicembre 2021 risultano 32.513, di cui 6.556 a Verona, 6.073 a Padova, 5.948 a Treviso, 5.654 a Venezia, 5.242 a Vicenza, 2.111 a Rovigo e 929 a Belluno. Si tratta prevalentemente di uomini, con cittadinanza italiana ed et\u00e0 superiore ai 40 anni, spesso in possesso della sola licenza media. Come per la generalit\u00e0 degli utenti iscritti ai Centri per l\u2019Impiego, il numero \u00e8 probabilmente sovrastimato in quanto in molti casi non viene segnalato agli operatori il passaggio dalla disoccupazione all\u2019inattivit\u00e0 o alla professione autonoma (pensionamenti, condizioni di salute, limiti di et\u00e0 ecc.). Entro 12 mesi la met\u00e0 degli iscritti ha avviato un rapporto di lavoro, spesso gi\u00e0 entro il primo mese, con tassi sensibilmente pi\u00f9 elevati al crescere del titolo di studio (58% per i possessori di diploma, 68% i laureati). A livello normativo, da segnalare nell\u2019ultimo anno la pubblicazione del Decreto Ministeriale n. 43 dell\u201911 marzo 2022, che non ha modificato la normativa in essere ma ha fornito linee guida di indirizzo e coordinamento in materia di collocamento mirato, promuovendo in particolare le reti tra soggetti che operano nel campo dell\u2019integrazione lavorativa e inserimento occupazionale, accordi territoriali, analisi dei posti di lavoro e l\u2019istituzione di un responsabile dell\u2019inserimento lavorativo (<em>disability manager<\/em>) delle persone con disabilit\u00e0 presso i luoghi di lavoro. In Veneto, l\u2019impianto delle misure regionali a supporto del lavoro dei disabili \u00e8 attualmente costituito da agevolazioni ai datori di lavoro per l\u2019assunzione di persone con disabilit\u00e0 (anche a tempo determinato), sostegno alla realizzazione di esperienze di tirocinio e di supporto per l\u2019incremento dei livelli di istruzione, rimborsi ai datori di lavoro dei costi aggiuntivi per l\u2019adattamento dei posti di lavoro derivanti dalla pandemia, supporto alle azioni di orientamento e accompagnamento al lavoro anche tramite forme di transizione scuola-lavoro, un \u201cvoucher per il lavoro rafforzato\u201d per la partecipazione a percorsi personalizzati di formazione e accompagnamento, corsi di <em>disability management<\/em> e misure per favorire la nascita di startup condotte da persone con disabilit\u00e0.<\/p>\n<p>&nbsp;<\/p>\n<p>&nbsp;<\/p>\n<hr \/>\n<p>&nbsp;<\/p>\n<blockquote>\n<h3>ALLA SCOPERTA DI POLPET IN EPOCA ROMANA<\/h3>\n<\/blockquote>\n<div class=\"moz-text-html\" lang=\"x-unicode\">\n<div dir=\"ltr\"><strong>PONTE NELE ALPI\u00a0<\/strong> Tutto esaurito per la prima uscita alla scoperta di Polpet in epoca romana, all\u2019interno dell\u2019iniziativa denominata \u201cCammina con noi\u201d e organizzata dai volontari in una serie di passeggiate. A fare da guida alla comitiva ha pensato il sindaco, Paolo Vendramini.<span class=\"gmail-Apple-converted-space\"> \u00a0<\/span>Quello pontalpino \u00e8 un territorio fertile, se \u00e8 vero che diverse associazioni si occupano di cultura, tempo libero e promozione della zona, tra cui \u201cAccanto all\u2019Anziano e\u2026\u201d ed \u201cEcomuseo del Piave\u201d: I cinquanta partecipanti sono partiti dal giardino della Biblioteca civica di Ponte nelle Alpi, dove trovano dimora alcuni reperti archeologici dell\u2019et\u00e0 augustea, e hanno proseguito verso i borghi, la strada romana (Claudia Augusta Altinate) per raggiungere poi l\u2019acquedotto di Rio Salere che serviva la civitas di Polpet (in origine \u201cPopuletum\u201d, toponimo di luogo abitato).<span class=\"gmail-Apple-converted-space\"> \u00a0<\/span>\u00c8 stata l\u2019occasione, inoltre, per presentare alle associazioni di volontariato e ai numerosi presenti il progetto dell\u2019amministrazione comunale di riqualificare il primo piano della Biblioteca civica che, soprattutto in vista di Milano-Cortina 2026 e della sistemazione della stazione ferroviaria, diventer\u00e0 un punto di informazioni turistiche, oltre che uno spazio per raccontare la storia della comunit\u00e0 pontalpina.<span class=\"gmail-Apple-converted-space\"> \u00a0<\/span>L\u2019anno scorso sono stati valorizzati il parco reale della Vena d\u2019Oro (Coi de Pera) e Soccher con il castello di San Giorgio, mentre ora tocca a Polpet.<\/div>\n<div dir=\"ltr\">\n\n\t\t\t<style type='text\/css'>\n\t\t\t\t#gallery-13 {\n\t\t\t\t\tmargin: auto;\n\t\t\t\t}\n\t\t\t\t#gallery-13 .gallery-item {\n\t\t\t\t\tfloat: left;\n\t\t\t\t\tmargin-top: 10px;\n\t\t\t\t\ttext-align: center;\n\t\t\t\t\twidth: 33%;\n\t\t\t\t}\n\t\t\t\t#gallery-13 img {\n\t\t\t\t\tborder: 2px solid #cfcfcf;\n\t\t\t\t}\n\t\t\t\t#gallery-13 .gallery-caption {\n\t\t\t\t\tmargin-left: 0;\n\t\t\t\t}\n\t\t\t\t\/* see gallery_shortcode() in wp-includes\/media.php *\/\n\t\t\t<\/style>\n\t\t<div id='gallery-13' class='dt-gallery-container gallery galleryid-278997 gallery-columns-3 gallery-size-thumbnail'><dl class='gallery-item'>\n\t\t\t\t<dt class='gallery-icon landscape'>\n\t\t\t\t\t<a class=\"rollover rollover-zoom dt-pswp-item\" title=\"Cammina_con_noi_2\" data-dt-img-description=\"\" data-large_image_width=\"1024\" data-large_image_height=\"771\"href='https:\/\/www.radiopiu.net\/wordpress\/wp-content\/uploads\/2022\/06\/Cammina_con_noi_2.jpg'><img loading=\"lazy\" decoding=\"async\" width=\"150\" height=\"150\" src=\"https:\/\/www.radiopiu.net\/wordpress\/wp-content\/uploads\/2022\/06\/Cammina_con_noi_2-150x150.jpg\" class=\"attachment-thumbnail size-thumbnail\" alt=\"\" \/><\/a>\n\t\t\t\t<\/dt><\/dl><dl class='gallery-item'>\n\t\t\t\t<dt class='gallery-icon landscape'>\n\t\t\t\t\t<a class=\"rollover rollover-zoom dt-pswp-item\" title=\"Cammina_con_noi_1\" data-dt-img-description=\"\" data-large_image_width=\"1024\" data-large_image_height=\"771\"href='https:\/\/www.radiopiu.net\/wordpress\/wp-content\/uploads\/2022\/06\/Cammina_con_noi_1.jpg'><img loading=\"lazy\" decoding=\"async\" width=\"150\" height=\"150\" src=\"https:\/\/www.radiopiu.net\/wordpress\/wp-content\/uploads\/2022\/06\/Cammina_con_noi_1-150x150.jpg\" class=\"attachment-thumbnail size-thumbnail\" alt=\"\" \/><\/a>\n\t\t\t\t<\/dt><\/dl><dl class='gallery-item'>\n\t\t\t\t<dt class='gallery-icon landscape'>\n\t\t\t\t\t<a class=\"rollover rollover-zoom dt-pswp-item\" title=\"Cammina_con_noi_3\" data-dt-img-description=\"\" data-large_image_width=\"1024\" data-large_image_height=\"768\"href='https:\/\/www.radiopiu.net\/wordpress\/wp-content\/uploads\/2022\/06\/Cammina_con_noi_3.jpg'><img loading=\"lazy\" decoding=\"async\" width=\"150\" height=\"150\" src=\"https:\/\/www.radiopiu.net\/wordpress\/wp-content\/uploads\/2022\/06\/Cammina_con_noi_3-150x150.jpg\" class=\"attachment-thumbnail size-thumbnail\" alt=\"\" \/><\/a>\n\t\t\t\t<\/dt><\/dl><br style=\"clear: both\" \/>\n\t\t\t<\/div>\n\n<p>&nbsp;<\/p>\n<\/div>\n<hr \/>\n<\/div>\n<div class=\"moz-mime-attachment-wrap moz-print-only\"><\/div>\n<div>\n<blockquote>\n<h3 class=\"entry-title\">C\u2019ERA UNA VOLTA LA DONAZIONE DEL SANGUE DOPO L\u2019ESCURSIONE IN MONTAGNA<\/h3>\n<\/blockquote>\n<p><strong class=\"photoswipe-wrapper\"><a class=\"dt-pswp-item pspw-wrap-ready\" href=\"https:\/\/www.radiopiu.net\/wordpress\/wp-content\/uploads\/2021\/08\/ABVS.jpg\" data-dt-img-description=\"\" data-large_image_width=\"2000\" data-large_image_height=\"2000\"><img loading=\"lazy\" decoding=\"async\" class=\"size-thumbnail wp-image-227476 alignleft\" src=\"https:\/\/www.radiopiu.net\/wordpress\/wp-content\/uploads\/2021\/08\/ABVS-150x150.jpg\" sizes=\"auto, (max-width: 150px) 100vw, 150px\" srcset=\"https:\/\/www.radiopiu.net\/wordpress\/wp-content\/uploads\/2021\/08\/ABVS-150x150.jpg 150w, https:\/\/www.radiopiu.net\/wordpress\/wp-content\/uploads\/2021\/08\/ABVS-300x300.jpg 300w, https:\/\/www.radiopiu.net\/wordpress\/wp-content\/uploads\/2021\/08\/ABVS-1024x1024.jpg 1024w, https:\/\/www.radiopiu.net\/wordpress\/wp-content\/uploads\/2021\/08\/ABVS-768x768.jpg 768w, https:\/\/www.radiopiu.net\/wordpress\/wp-content\/uploads\/2021\/08\/ABVS-1536x1536.jpg 1536w, https:\/\/www.radiopiu.net\/wordpress\/wp-content\/uploads\/2021\/08\/ABVS.jpg 2000w\" alt=\"\" width=\"150\" height=\"150\" \/><\/a>AGORDO\u00a0<\/strong> I soci anziani del Club Alpino Italiano, sezione di Agordo, raccontano che negli anni Sessanta, \u00a0a conclusione delle gite sociali della domenica pomeriggio, fosse buona abitudine donare il sangue in piazza ad Agordo presso l\u2019autoemoteca che saliva\u00a0 appositamente da Belluno. Lo spirito non \u00e8 cambiato, infatti in occasione della giornata mondiale del donatore del sangue, che ricorrer\u00e0 il 14 giugno,\u00a0 l\u2019Associazione Bellunese Volontari del Sangue \u2013 Sezione di Agordo -, in collaborazione con la sezione Cai di Agordo invita\u00a0 tutti gli eventuali interessati ad aderire a questo nobile ed Importante Gesto di Solidariet\u00e0. Per informazioni\u00a0 0437\/27700 oppure inviare una mail al seguente indirizzo:\u00a0 <a href=\"mailto:info@abvs.it\" data-auth=\"NotApplicable\" data-linkindex=\"1\">info@abvs.it<\/a>\u00a0.\u00a0 La brochure cartacea \u00e8 disponibile presso la Sede CAI ed anche nella bacheca Sezionale sotto il porticato in Piazza della Libert\u00e0 che tra l\u2019altro contiene questo importante messaggio\u00a0<em>\u00a0\u201cLa Sezione Agordina del C.A.I.\u00a0 offre con entusiasmo il patrocinio\u00a0 all\u2019Associazione Bellunese Volontari del Sangue Sezione di Agordo in occasione della Giornata Mondiale del Donatore del Sangue.\u00a0<\/em><em>Tutti conoscono l\u2019importanza della Donazione di sangue e anche Noi sosteniamo moralmente questo nobile gesto e l\u2019ABVS nella promozione della cultura del donare\u201d.<\/em><\/p>\n<p><strong>SENTIERO DELLE DOLOMITI IN MINIATURA SAN TOMASO AGORDINO<\/strong><br \/>\n<strong>Alpinismo Giovanile\u00a0<\/strong><br \/>\n<strong>AGORDO<\/strong> Domani pomeriggio escursione lungo l\u2019 originale percorso dedicato alle sculture in pietra di San Tomaso, realizzate con la roccia Dolomia del Serla provenienti dalla cava di San Tomaso da artisti di fama internazionale. Percorso adatto anche per i pi\u00f9 piccoli. Ritrovo alle 15.15 presso la sede. Informazioni 380 6983040<\/p>\n<p>&nbsp;<\/p>\n<p>&nbsp;<\/p>\n<hr \/>\n<p>&nbsp;<\/p>\n<\/div>\n<blockquote>\n<h3>DIGITALIZZAZIONE E INTERNAZIONALIZZAZIONE, CONTRIBUTI PER LE IMPRESE<\/h3>\n<\/blockquote>\n<p><a class=\"dt-pswp-item\" href=\"https:\/\/www.radiopiu.net\/wordpress\/wp-content\/uploads\/2022\/05\/Digitour-presentazione-bando.jpg\" data-dt-img-description=\"\" data-large_image_width=\"1280\" data-large_image_height=\"853\"><img loading=\"lazy\" decoding=\"async\" class=\" wp-image-278863 alignleft\" src=\"https:\/\/www.radiopiu.net\/wordpress\/wp-content\/uploads\/2022\/05\/Digitour-presentazione-bando-150x150.jpg\" alt=\"\" width=\"102\" height=\"102\" \/><\/a><strong>LONGARONE<\/strong> Lunedi dalle 15.30 alle 16.30 su piattaforma zoom, evento di presentazione dei contributi previsti dal progetto Digitour e che saranno assegnati attraverso un bando. Sono previsti voucher da 1.000 e 20.000 euro. In totale saranno erogati 100.000 euro, attraverso il finanziamento dei migliori progetti proposti dalle aziende, interamente a fondo perduto con il finanziamento del 100% dei progetti ammessi. L\u2019accesso prevede la registrazione al link: https:\/\/bit.ly\/DIGITOURevent. Interverranno il presidente di LongaroneFiere Gian Angelo Bellati, il direttore Venetian Cluster Sergio Cal\u00f2<\/p>\n<p>&nbsp;<\/p>\n<p>&nbsp;<\/p>\n<p>&nbsp;<\/p>\n<hr \/>\n<p>&nbsp;<\/p>\n<blockquote>\n<h3>LUNEDI, IL GIORNO DEL RENDICONTO<strong style=\"font-size: 14px;\">\u00a0<\/strong><\/h3>\n<\/blockquote>\n<p><strong>AGORDO<\/strong> Lunedi alle 18 consiglio comunale ad Agordo con un unico ma importante punto all&#8217;ordine del giorno. Il sindaco Roberto Chissal\u00e8, infatti, porter\u00e0 al voto il rendiconto per l&#8217;esercizio 2021.<\/p>\n<p>&nbsp;<\/p>\n<hr \/>\n<blockquote>\n<h3><\/h3>\n<h3>MARTEDI CONSIGLIO COMUNALE A FALCADE<\/h3>\n<\/blockquote>\n<p><strong>FALCADE<\/strong> Il sindaco di Falcade Michele Costa ha convocato il consiglio comunale, l&#8217;ultimo del suo mandato, per marted\u00ec 7 giugno alle 19. I consiglieri sono chiamati a discutere 6 punti all&#8217;ordine del giorno tra cui l&#8217;approvazione dell&#8217;esercizio finanziario 2021, la quarta variazione al bilancio, l&#8217;approvazione del regolamento della polizia rurale e un&#8217;istanza di autorizzazione al mutamento temporaneo di destinazione di una porzione di terreni di uso civico in localit\u00e0 Ziangari Alti per la realizzazione di percorsi ciclo-escursionistici per il freeride.<\/p>\n<p>&nbsp;<\/p>\n<p>&nbsp;<\/p>\n<hr \/>\n<p>&nbsp;<\/p>\n<blockquote>\n<h3>VIABILITA&#8217;, ORDINANZE DAL COMUNE DI BELLUNO<\/h3>\n<\/blockquote>\n<p><strong><a class=\"dt-pswp-item\" href=\"https:\/\/www.radiopiu.net\/wordpress\/wp-content\/uploads\/2022\/05\/th.jpg\" data-dt-img-description=\"\" data-large_image_width=\"322\" data-large_image_height=\"181\"><img loading=\"lazy\" decoding=\"async\" class=\" wp-image-277643 alignleft\" src=\"https:\/\/www.radiopiu.net\/wordpress\/wp-content\/uploads\/2022\/05\/th-150x150.jpg\" alt=\"\" width=\"101\" height=\"101\" \/><\/a>BELLUNO<\/strong>\u00a0 <span dir=\"ltr\" role=\"presentation\">Nelle piazze Associazione bellunese volontari del sangue e della Bandiera, <\/span><span dir=\"ltr\" role=\"presentation\">fino al 13 giugno <\/span><span dir=\"ltr\" role=\"presentation\">Per<\/span> <span dir=\"ltr\" role=\"presentation\">consentire<\/span> <span dir=\"ltr\" role=\"presentation\">l&#8217;<strong>allestimento<\/strong><\/span><strong> <span dir=\"ltr\" role=\"presentation\">delle<\/span> <span dir=\"ltr\" role=\"presentation\">strutture<\/span> <span dir=\"ltr\" role=\"presentation\">attrattive<\/span> <span dir=\"ltr\" role=\"presentation\">del<\/span> <span dir=\"ltr\" role=\"presentation\">Luna<\/span> <span dir=\"ltr\" role=\"presentation\">Park<\/span> <\/strong><span dir=\"ltr\" role=\"presentation\">divieto di sosta con rimozione forzata dei veicoli dal<\/span><span dir=\"ltr\" role=\"presentation\"> fino al 13 giugno e <\/span><span dir=\"ltr\" role=\"presentation\">modifica<\/span> <span dir=\"ltr\" role=\"presentation\">della<\/span> <span dir=\"ltr\" role=\"presentation\">regolamentazione<\/span> <span dir=\"ltr\" role=\"presentation\">della<\/span> <span dir=\"ltr\" role=\"presentation\">sosta<\/span> <span dir=\"ltr\" role=\"presentation\">dei<\/span> <span dir=\"ltr\" role=\"presentation\">veicoli<\/span><span dir=\"ltr\" role=\"presentation\">. <\/span><span dir=\"ltr\" role=\"presentation\">Il titolo di abbonamento per i parcheggi a pagamento del \u201cPalasport\u201d e<\/span><span dir=\"ltr\" role=\"presentation\">\u201cSan Biagio\u201d avr\u00e0 validit\u00e0 per la sosta dei veicoli anche per il parcheggio <\/span><span dir=\"ltr\" role=\"presentation\">&#8220;ex Moi&#8221; in via Feltre.<\/span><\/p>\n<p><span dir=\"ltr\" role=\"presentation\">La Societ\u00e0 Bellunum nei prossimi mesi provveder\u00e0 al rifacimento della <\/span><span dir=\"ltr\" role=\"presentation\">segnaletica stradale orizzontale blu degli stalli a pagamento presenti nel <\/span><span dir=\"ltr\" role=\"presentation\">Comune di Belluno. D<\/span><span dir=\"ltr\" role=\"presentation\">al 1\u00b0 giugno al 30 novembre:<\/span>\u00a0<span dir=\"ltr\" role=\"presentation\">istituzione<\/span> <span dir=\"ltr\" role=\"presentation\">del restringimento<\/span> <span dir=\"ltr\" role=\"presentation\">della carreggiata<\/span> <span dir=\"ltr\" role=\"presentation\">o del senso unico <\/span><span dir=\"ltr\" role=\"presentation\">alternato<\/span> <span dir=\"ltr\" role=\"presentation\">di<\/span> <span dir=\"ltr\" role=\"presentation\">circolazione<\/span> <span dir=\"ltr\" role=\"presentation\">veicolare; <\/span>\u00a0<span dir=\"ltr\" role=\"presentation\">istituzione del divieto di sosta con rimozione forzata dei veicoli negli <\/span><span dir=\"ltr\" role=\"presentation\">stalli di sosta a pagamento presenti nelle aree interessate dai lavori <\/span><span dir=\"ltr\" role=\"presentation\">.<\/span> <span dir=\"ltr\" role=\"presentation\">Tale<\/span> <span dir=\"ltr\" role=\"presentation\">divieto<\/span> <span dir=\"ltr\" role=\"presentation\">di<\/span> <span dir=\"ltr\" role=\"presentation\">sosta <\/span><span dir=\"ltr\" role=\"presentation\">entra in vigore nelle zone suddette, previa esposizione entro le 48 <\/span><span dir=\"ltr\" role=\"presentation\">ore<\/span> <span dir=\"ltr\" role=\"presentation\">della<\/span> <span dir=\"ltr\" role=\"presentation\">relativa<\/span> <span dir=\"ltr\" role=\"presentation\">segnaletica<\/span> <span dir=\"ltr\" role=\"presentation\">stradale<\/span> <span dir=\"ltr\" role=\"presentation\">\u201cdivieto<\/span> <span dir=\"ltr\" role=\"presentation\">di<\/span> <span dir=\"ltr\" role=\"presentation\">sosta<\/span> <span dir=\"ltr\" role=\"presentation\">con<\/span> <span dir=\"ltr\" role=\"presentation\">zona <\/span><span dir=\"ltr\" role=\"presentation\">rimozione coatta.<\/span><\/p>\n<div class=\"page\" title=\"Page 1\">\n<div class=\"layoutArea\">\n<div class=\"column\">\n<p>Per consentire l\u2019evento mostra \u201cVertigine. Dino Buzzati\u201d presso il Museo Burel, che interessera\u0300 in parte lo spazio antistante all\u2019ingresso dello stesso, si rende necessaria l&#8217;istituzione del divieto di sosta con rimozione forzata dei veicoli, in via Mezzaterra, all&#8217;altezza del civico 49 (uno stallo a pagamento), nei seguenti giorni: 4 giugno dalle 14.00 alle 22.00; 5, 11, 12, 18, 19, 25 e 26 giugno, dalle 16.00 alle 20.00 di ciascuna giornata, 2, 3, 9, 10, 16 e 17 luglio dalle 16.00 alle 20.00 di ciascuna giornata.<\/p>\n<div class=\"page\" title=\"Page 1\">\n<div class=\"layoutArea\">\n<div class=\"column\">\n<p>Per consentire lo svolgimento di alcuni interventi di fresatura e bitumatura della pavimentazione stradale necessari al ripristino del manto stradale della viabilita\u0300 comunale per conto di BIM SpA, nel periodo fino al 16 luglio, si rendono necessarie le seguenti modifiche alla viabilita\u0300: istituzione del senso unico alternato di circolazione veicolare regolato da idoneo personale, nel periodo fino al 16 luglio, dalle ore 7.00 alle ore 19.00 di ciascuna giornata, nelle seguenti vie: Barozzi 79-23-nc, Calbo 60, Calvi 11-5-9, Ceccati 61-89, Danieli 21, Della Lucia 84, Favero 33, Gazzetti 7, Gobetti 15-nc, Mondin 47-92-45, Vittorino da Feltre 23-7, Bolzano 107-115-191, Bortot 83, Dell\u2019Anta 157-85\/A, Sant\u2019Antonio 7, Sossai 8, Pian delle Feste 68, Burattini 114, Dolabella 1-15-nc, Mur di Cadola 9, Navasa 10, Pagani Cesa 26, Pellegrini 100, Pertile 10-18\/A-32-34-4-41, piazza Oltrardo 1-14, Rudio 62-64-84-88-90, piazzale Marconi 9, Del Piave 6, Cusighe 3-6, Dassi 56, Fiammoi 118-126, F.lli Rosselli 126-40-50-78, Orzes 172- 201-43-45-53-75, Sois 149-151, Tisoi 100\/3-94-nc, Del Candel 16-51, Masi Simonetti 28-37, Travazzoi 40-65, Vezzano 36, Feltre 246, Lazzarini 33-51-59, Pagello 25, Monte Grappa 111-418-80, Buzzati 56, Posaroch 2, Visome 81 e l&#8217;istituzione del limite di velocita a 30 km\/h.<\/p>\n<p>Dal 6 al 10 giugno senso unico alternato in via Pescarone per consentire l&#8217;esecuzione di lavori di manutenzione e allacci alle reti di acquedotto e fognatura per conto di BIM Gestione Servizi Pubblici. Possibili anche brevi interruzioni al traffico<\/p>\n<p>&nbsp;<\/p>\n<hr \/>\n<p>&nbsp;<\/p>\n<blockquote>\n<h3><a class=\"dt-pswp-item\" href=\"https:\/\/www.radiopiu.net\/wordpress\/wp-content\/uploads\/2022\/05\/memo.png\" data-dt-img-description=\"\" data-large_image_width=\"552\" data-large_image_height=\"359\"><img loading=\"lazy\" decoding=\"async\" class=\"alignleft wp-image-278629 \" src=\"https:\/\/www.radiopiu.net\/wordpress\/wp-content\/uploads\/2022\/05\/memo-300x195.png\" alt=\"\" width=\"163\" height=\"106\" srcset=\"https:\/\/www.radiopiu.net\/wordpress\/wp-content\/uploads\/2022\/05\/memo-300x195.png 300w, https:\/\/www.radiopiu.net\/wordpress\/wp-content\/uploads\/2022\/05\/memo.png 552w\" sizes=\"auto, (max-width: 163px) 100vw, 163px\" \/><\/a>MEMORIE MINERARIE AGORDINE, IL SECONDO NUMERO<\/h3>\n<\/blockquote>\n<p><strong>AGORDO<\/strong> Sabato 11 giugno alle 18 all&#8217;auditorium\u00a0 Antonio Favretti presso l&#8217;Istituto Minerario di Agordo, l&#8217;associazione Amici dei Minerari in collaborazione con l&#8217;Istituto Geotecnico Minerario\u00a0 presenta il secondo numero delle Memorie Minerarie Agordine\u00a0 dal Titolo &#8220;La ricerca mineraria nella valle di San Lucano&#8221;. Presentano\u00a0 il professor Vittorio Fenti e il docente\u00a0 Dino Preloran<\/p>\n<p><strong>LO SPECIALE ALLA RADIO CON DINO PRELORAN\u00a0<\/strong><\/p>\n<audio class=\"wp-audio-shortcode\" id=\"audio-278997-8\" preload=\"none\" style=\"width: 100%;\" controls=\"controls\"><source type=\"audio\/mpeg\" src=\"https:\/\/www.radiopiu.net\/wordpress\/wp-content\/uploads\/2022\/05\/dino-preloran-31-maggio.mp3?_=8\" \/><a href=\"https:\/\/www.radiopiu.net\/wordpress\/wp-content\/uploads\/2022\/05\/dino-preloran-31-maggio.mp3\">https:\/\/www.radiopiu.net\/wordpress\/wp-content\/uploads\/2022\/05\/dino-preloran-31-maggio.mp3<\/a><\/audio>\n<p>&nbsp;<\/p>\n<p>&nbsp;<\/p>\n<p>&nbsp;<\/p>\n<p>&nbsp;<\/p>\n<hr \/>\n<p>&nbsp;<\/p>\n<blockquote>\n<blockquote>\n<h2><\/h2>\n<h2><a class=\"dt-pswp-item\" href=\"https:\/\/www.radiopiu.net\/wordpress\/wp-content\/uploads\/2022\/05\/Duomo-Feltre-Organo-Callido-scaled.jpg\" data-dt-img-description=\"\" data-large_image_width=\"1696\" data-large_image_height=\"2560\"><img loading=\"lazy\" decoding=\"async\" class=\" wp-image-278862 alignleft\" src=\"https:\/\/www.radiopiu.net\/wordpress\/wp-content\/uploads\/2022\/05\/Duomo-Feltre-Organo-Callido-150x150.jpg\" alt=\"\" width=\"146\" height=\"146\" \/><\/a>WONDROUS MACHINES 2022<\/h2>\n<h2><em style=\"font-size: 14px; font-weight: normal;\">La quarta edizione della rassegna concertistica sugli organi storici delle chiese feltrine<\/em><\/h2>\n<\/blockquote>\n<p><strong>FELTRE<\/strong> Da mercoled\u00ec 8 giugno al 6 luglio si terr\u00e0 la quarta edizione di Wondrous Machines, la rassegna concertistica dedicata agli organi storici delle chiese feltrine e della Valbelluna, promossa dall\u2019Associazione musicale feltrina \u201cGiovanni Battista Maffioletti\u201d, verr\u00e0 inaugurata mercoled\u00ec 8 giugno presso il Duomo di Feltre con il Concerto di presentazione della Masterclass di musica antica. L\u2019evento vedr\u00e0 il M\u00b0 Andrea Marcon all\u2019organo \u201cdoppio&#8221;. La tre giorni di studio sar\u00e0 completata con il concerto finale dei partecipanti alla Masterclass sabato 11 giugno nello stesso Duomo di Feltre,dove si svolgeranno le lezioni. Tutti i concerti avranno inizio alle ore 21.00 e saranno a ingresso libero e gratuito fino a esaurimento dei posti disponibili, con possibilit\u00e0 di visite guidate agli strumenti mezz\u2019ora prima dei concerti. Prenotazione obbligatoria www.associazionemaffioletti.org.<\/p><\/blockquote>\n<p>&nbsp;<\/p>\n<p>&nbsp;<\/p>\n<hr \/>\n<p>&nbsp;<\/p>\n<blockquote>\n<h3>&#8220;INCONTRO CON L&#8217;AUTORE&#8221;, LA PRESENTAZIONE DEL LIBRO DI LORIS SERAFINI<\/h3>\n<\/blockquote>\n<p><strong>AGORDO<\/strong> In sala \u201cDon Tamis\u201d ad Agordo, oggi alle 18,00 Loris Serafini parlera\u0300 nel terzo \u201cIncontro con l\u2019autore\u201d promosso dalla Biblioteca di Agordo di don Antonio Della Lucia. figura geniale, riformatore, profeta, educatore, don Antonio Della Lucia non era mai stato studiato in maniera scientifica prima di oggi. L\u2019opera corposa, che ripercorre tutta la vita del sacerdote, e\u0300 stata data alle stampe lo scorso ottobre 2021 grazie all\u2019interessamento dell\u2019Associazione Bellunesi del Mondo che ne e\u0300 l\u2019editore.<\/p>\n<p>&nbsp;<\/p>\n<p>&nbsp;<\/p>\n<hr \/>\n<p>&nbsp;<\/p>\n<blockquote>\n<h3>RIAPRE IL CASTELLO DI ANDRAZ<\/h3>\n<\/blockquote>\n<p><strong>LIVINALLONGO<\/strong> Con l\u2019arrivo dell\u2019estate riapre anche il Castello di Andraz, che quest\u2019anno festeggia il 10\u00b0 compleanno. Nel mese di giugno, il museo sar\u00e0 aperto dal gioved\u00ec alla domenica, dalle 10:00 alle 12:30 e dalle 14:30 alle 18:00. Per il momento le visite guidate saranno garantite solo su prenotazione al 334 3346680<\/p>\n<p>&nbsp;<\/p>\n<p>&nbsp;<\/p>\n<hr \/>\n<p>&nbsp;<\/p>\n<blockquote>\n<h3>L&#8217;ASSEMBLEA DELLE PRO LOCO BELLUNESI E LA SERATA CON SAMMY BASSO<\/h3>\n<\/blockquote>\n<p><strong>CANALE D&#8217;AGORDO<\/strong> Si terr\u00e0 presso la sala Lina Zand\u00f2 di Canale D&#8217;Agordo l&#8217;assemblea delle Pro Loco Bellunesi domenica 12 giugno alle 9. Sabato 18 giugno alle 20:30 alla casa della giovent\u00f9 di Caviola \u00e8 in programma una serata dal titolo <b><i>Il sorriso dei guerrieri- storie di speranza&#8221;<\/i><\/b>, con Sammy Basso, Simonetta Borsatti e Andrea Baccaglioni, i quali racconteranno le loro esperienze di vita, in particolare il modo in cui hanno affrontato la loro malattia e dove hanno trovato la forza per lottare e sperare. Si raccomanda l&#8217;utilizzo della mascherina.<\/p>\n<p>&nbsp;<\/p>\n<p>&nbsp;<\/p>\n<hr \/>\n<p>&nbsp;<\/p>\n<blockquote>\n<h3 class=\"entry-title\">LA MARCO V. DAL FARRA BAND E MAT DI NUOVO LIVE<\/h3>\n<\/blockquote>\n<p><strong class=\"photoswipe-wrapper\"><a class=\"dt-pswp-item pspw-wrap-ready\" href=\"https:\/\/www.radiopiu.net\/wordpress\/wp-content\/uploads\/2022\/05\/concerto-Marco-V-Dal-Farra-e-Mat.jpg\" data-dt-img-description=\"\" data-large_image_width=\"1620\" data-large_image_height=\"1080\"><img loading=\"lazy\" decoding=\"async\" class=\"size-thumbnail wp-image-278784 alignleft\" src=\"https:\/\/www.radiopiu.net\/wordpress\/wp-content\/uploads\/2022\/05\/concerto-Marco-V-Dal-Farra-e-Mat-150x150.jpg\" alt=\"\" width=\"150\" height=\"150\" \/><\/a>BELLUNO<\/strong> Dopo la splendida serata di Castion Marco, Mattia ed i validi musicisti s\u2019apprestano a calpestare un altro palco. Domani alle 20.30 la tempesta di voci e note nel giardino di Villa Buzzati. Marco V. Dal Farra e MAT sono due Band bellunesi. I giovani e talentuosi componenti delle due formazioni, che spesso si mescolano tra di loro, sono esempio del cantautorato bellunese essendo autori della musica e dei testi. Marco Dal Farra inoltre ha composto un brano ispirato al celebre racconto di Buzzati, \u201cIl Colombre\u201d. La Marco V. Dal Farra Band \u00e8 composta da Marco Dal Farra: voce e testi; Elia Ganz: batteria; Alex Diagoli: chitarre elettriche; Simone Fagherazzi: chitarre acustiche; M.De Bona, E. Scussel: cori. MAT vede Elia Ganz: batteria; Mattia Andrich: pianoforte, chitarra e voce; Davide Nenci: basso elettrico, Jesai Fiabane: chitarra. Il concerto sar\u00e0 preceduto da un brindisi di apertura.<\/p>\n<p>&nbsp;<\/p>\n<p>&nbsp;<\/p>\n<hr \/>\n<p>&nbsp;<\/p>\n<blockquote>\n<h2 dir=\"auto\"><a class=\"dt-pswp-item\" href=\"https:\/\/www.radiopiu.net\/wordpress\/wp-content\/uploads\/2022\/05\/284613236_10227059698504408_5539793743860489625_n.jpg\" data-dt-img-description=\"\" data-large_image_width=\"600\" data-large_image_height=\"530\"><img loading=\"lazy\" decoding=\"async\" class=\"wp-image-278579 alignleft\" src=\"https:\/\/www.radiopiu.net\/wordpress\/wp-content\/uploads\/2022\/05\/284613236_10227059698504408_5539793743860489625_n-150x150.jpg\" alt=\"\" width=\"103\" height=\"103\" \/><\/a>Quando c&#8217;\u00e8 amore e speranza<\/h2>\n<\/blockquote>\n<div dir=\"auto\">\n<p><strong>\u00a0SEDICO\u00a0<\/strong> Gli alunni della prima B scientifico, <a class=\"oajrlxb2 g5ia77u1 qu0x051f esr5mh6w e9989ue4 r7d6kgcz rq0escxv nhd2j8a9 nc684nl6 p7hjln8o kvgmc6g5 cxmmr5t8 oygrvhab hcukyx3x jb3vyjys rz4wbd8a qt6c0cv9 a8nywdso i1ao9s8h esuyzwwr f1sip0of lzcic4wl gpro0wi8 q66pz984 b1v8xokw\" tabindex=\"0\" role=\"link\" href=\"https:\/\/www.facebook.com\/groups\/253467373618763\/user\/100003363648529\/?__cft__[0]=AZVA-slQbTI4JtL6aPFQJ-CoN0hJhLTN29HFE3TqdNQ3xv-AoSp1yH8nGt0m0OtS7v3qWYdr8-KovsFVSOFOl1cUCMKxf9s3ju9AfsRIf1E7HhLvbcxWdbzYQ-eKJmtGQKB_DccL87n3o1wbvQH-AQKv&amp;__tn__=-]K-R\"><span class=\"nc684nl6\">Francesca Mussoi<\/span><\/a> , Marco e Paola,\u00a0 hanno dato\u00a0 alle stampe questo libretto. Il ricavato sar\u00e0 devoluto interamente alla citt\u00e0 della speranza di Padova che presto sar\u00e0 presente anche Feltre,\u00a0 che si sta attrezzando per avere un&#8217;oncologia Pediatrica di riferimento con la dottoressa Pilotto.<\/p>\n<\/div>\n<p>&nbsp;<\/p>\n<p>&nbsp;<\/p>\n<hr \/>\n<p>&nbsp;<\/p>\n<blockquote>\n<h3>SABATAMBIENTALI DEL CTG BELLUNO<\/h3>\n<\/blockquote>\n<p><strong>CESIOMAGGIORE<\/strong> \u201cPassi tra suggestivi borghi, ville nobiliari e alberi monumentali\u201d. Questo \u00e8 il titolo delle terza uscita dei Sabatambientali escursioni nella natura e arte e storia della Val Belluna, programmata dal CTG di Belluno per domani. Si inizier\u00e0 da Calliol dove si visiteranno gli esterni\u00a0 della Villa Canella-Dal Corno per poi fare un rilassante passeggiata naturalistica fino a Menin. In questa localit\u00e0 si trova la pittoresca Villa Cumano-De Mezzan, nei pressi della quale, si pu\u00f2 ammirare uno stupendo tasso monumentale. Ritrovo in partenza a Belluno-Stadio alle 14,30 o alle 15,00 a Cesiomaggiore di fronte al Museo della bicicletta. Accompagnatori\u00a0 l\u2019architetto Lidia Rui e la guida naturalistica ambientale Anacleto Boranga. Posti disponibili 25.\u00a0\u00a0 Iscrizioni al 0437 950075 dalle 9 alle 11 o la sera di marted\u00ec o gioved\u00ec tra le 17:30 e 18:30<\/p>\n<p>&nbsp;<\/p>\n<p>&nbsp;<\/p>\n<hr \/>\n<p>&nbsp;<\/p>\n<blockquote>\n<h3>IL LIBRO, VOLEVO VEDERE LA TUNDRA<strong>\u00a0<\/strong><\/h3>\n<\/blockquote>\n<p><strong>BELLUNO<\/strong> Volevo vedere la Tundra\u00a0 \u00e8\u00a0 il libro in cui Antonella Giacomini, giornalista, scrittrice e insegnante, racconta le proprie esperienze in giro per il mondo, mettendo nero su bianco emozioni, sfide, riflessioni e scelte di oltre trent\u2019anni di esplorazioni nei luoghi pi\u00f9 selvaggi del pianeta. Il libro verr\u00e0 presentato oggi alle 20:30 presso la sede dell&#8217;Associazione Bellunesi nel Mondo. L&#8217;autrice dialogher\u00e0 con Irene Savaris, vice direttrice del mensile \u201cBellunesi nel mondo\u201d<\/p>\n<p>&nbsp;<\/p>\n<p>&nbsp;<\/p>\n<hr \/>\n<p>&nbsp;<\/p>\n<blockquote>\n<h3>CONCERTO DI MUSICA SACRA A FELTRE<\/h3>\n<\/blockquote>\n<p><strong>FELTRE<\/strong> La diocesi di Belluno-Feltre, in collaborazione con l\u2019ISSR Giovanni Paolo I, propone un concerto di musica sacra per\u00a0sabato 11 giugno alle ore 18.00 presso il santuario dei santi Vittore e Corona a Feltre con Il\u00a0Coro \u201cSine Nomine\u201d di Treviso<\/p>\n<p>&nbsp;<\/p>\n<p>&nbsp;<\/p>\n<hr \/>\n<p>&nbsp;<\/p>\n<blockquote>\n<h3>LOTTERIA DEL CARNEVALE DI SEDICO 2022: ESTRATTI I NUMERI VINCENTI<\/h3>\n<\/blockquote>\n<p><strong><a class=\"dt-pswp-item\" href=\"https:\/\/www.radiopiu.net\/wordpress\/wp-content\/uploads\/2022\/06\/Pro-Loco-Sedico.jpg\" data-dt-img-description=\"\" data-large_image_width=\"468\" data-large_image_height=\"393\"><img loading=\"lazy\" decoding=\"async\" class=\"alignleft wp-image-279207 \" src=\"https:\/\/www.radiopiu.net\/wordpress\/wp-content\/uploads\/2022\/06\/Pro-Loco-Sedico-300x252.jpg\" alt=\"\" width=\"89\" height=\"75\" srcset=\"https:\/\/www.radiopiu.net\/wordpress\/wp-content\/uploads\/2022\/06\/Pro-Loco-Sedico-300x252.jpg 300w, https:\/\/www.radiopiu.net\/wordpress\/wp-content\/uploads\/2022\/06\/Pro-Loco-Sedico.jpg 468w\" sizes=\"auto, (max-width: 89px) 100vw, 89px\" \/><\/a>SEDICO<\/strong> Ecco i numeri vincenti della Lotteria del Carnevale di Sedico 2022. L&#8217;estrazione si \u00e8 svolta nella serata di marted\u00ec 31 maggio presso la sala conferenze di Villa Patt di Sedico (BL).\u00a0 I premi dovranno essere ritirati entro il giorno 30\/07\/2022 presso la sede della Pro Loco Sedico. Per informazioni ed appuntamenti inviare una mail a <a href=\"mailto:info@prolocosedico.it\">info@prolocosedico.it<\/a> o telefonare al numero 043783666.<\/p>\n<p><strong>I NUMERI VINCENTI DELLA LOTTERIA DEL CARNEVALE DI SEDICO 2022<\/strong><\/p>\n<a href=\"https:\/\/www.radiopiu.net\/wordpress\/wp-content\/uploads\/2022\/06\/2022-Numeri-vincenti-Lotteria-Carnevale-di-Sedico.pdf\" class=\"pdfemb-viewer\" style=\"\" data-width=\"max\" data-height=\"max\" data-toolbar=\"top\" data-toolbar-fixed=\"on\">2022 - Numeri vincenti Lotteria Carnevale di Sedico<\/a>\n<p>&nbsp;<\/p>\n<hr \/>\n<p>&nbsp;<\/p>\n<h2><span style=\"color: #ff0000;\">IERI ALLA RADIO\u00a0<\/span><\/h2>\n<h2><a class=\"dt-pswp-item\" href=\"https:\/\/www.radiopiu.net\/wordpress\/wp-content\/uploads\/2019\/02\/Logo_Spi-CGIL-800x445.jpg\" data-dt-img-description=\"\" data-large_image_width=\"800\" data-large_image_height=\"445\"><img loading=\"lazy\" decoding=\"async\" class=\"size-medium wp-image-75538 alignleft\" src=\"https:\/\/www.radiopiu.net\/wordpress\/wp-content\/uploads\/2019\/02\/Logo_Spi-CGIL-800x445-300x167.jpg\" alt=\"\" width=\"300\" height=\"167\" srcset=\"https:\/\/www.radiopiu.net\/wordpress\/wp-content\/uploads\/2019\/02\/Logo_Spi-CGIL-800x445-300x167.jpg 300w, https:\/\/www.radiopiu.net\/wordpress\/wp-content\/uploads\/2019\/02\/Logo_Spi-CGIL-800x445-768x427.jpg 768w, https:\/\/www.radiopiu.net\/wordpress\/wp-content\/uploads\/2019\/02\/Logo_Spi-CGIL-800x445.jpg 800w\" sizes=\"auto, (max-width: 300px) 100vw, 300px\" \/><\/a><span style=\"color: #ff0000;\">SPECIALE SPI CGIL CON MARIA RITA GENTILIN<\/span><\/h2>\n<p>di Claudio Fontanive<\/p>\n<p>&nbsp;<\/p>\n<p>&nbsp;<\/p>\n<p>&nbsp;<\/p>\n<p><strong>PUNTATA DEL 02 GIUGNO 2022<\/strong><\/p>\n<audio class=\"wp-audio-shortcode\" id=\"audio-278997-9\" preload=\"none\" style=\"width: 100%;\" controls=\"controls\"><source type=\"audio\/mpeg\" src=\"https:\/\/www.radiopiu.net\/wordpress\/wp-content\/uploads\/2022\/05\/spi-cgil-2-giugno.mp3?_=9\" \/><a href=\"https:\/\/www.radiopiu.net\/wordpress\/wp-content\/uploads\/2022\/05\/spi-cgil-2-giugno.mp3\">https:\/\/www.radiopiu.net\/wordpress\/wp-content\/uploads\/2022\/05\/spi-cgil-2-giugno.mp3<\/a><\/audio>\n<p>&nbsp;<\/p>\n<hr \/>\n<p>&nbsp;<\/p>\n<h2><span style=\"color: #008080;\">SALUTE &amp; SOCIETA&#8217;\u00a0<\/span><\/h2>\n<p><strong>LA RACCOLTA<\/strong><\/p>\n<blockquote class=\"wp-embedded-content\" data-secret=\"97yMpA72Rz\"><p><a href=\"https:\/\/www.radiopiu.net\/wordpress\/saluteesocieta\/\">Salute e Societ\u00e0<\/a><\/p><\/blockquote>\n<p><iframe loading=\"lazy\" class=\"wp-embedded-content\" sandbox=\"allow-scripts\" security=\"restricted\" style=\"position: absolute; clip: rect(1px, 1px, 1px, 1px);\" title=\"&#8220;Salute e Societ\u00e0&#8221; &#8212; Radio Pi\u00f9\" src=\"https:\/\/www.radiopiu.net\/wordpress\/saluteesocieta\/embed\/#?secret=nJ6xvMzvyt#?secret=97yMpA72Rz\" data-secret=\"97yMpA72Rz\" width=\"600\" height=\"338\" frameborder=\"0\" marginwidth=\"0\" marginheight=\"0\" scrolling=\"no\"><\/iframe><\/p>\n<p>&nbsp;<\/p>\n<hr \/>\n<p>&nbsp;<\/p>\n<h2><span style=\"color: #ff00ff;\">007 IN CONDOTTA CON LA PROF. MARIA ROSA SALMAZO\u00a0<\/span><\/h2>\n<p><strong>LA RACCOLTA COMPLETA\u00a0<\/strong><\/p>\n<blockquote class=\"wp-embedded-content\" data-secret=\"ofp5fJyJPJ\"><p><a href=\"https:\/\/www.radiopiu.net\/wordpress\/007incondotta-9\/\">007 in condotta<\/a><\/p><\/blockquote>\n<p><iframe loading=\"lazy\" class=\"wp-embedded-content\" sandbox=\"allow-scripts\" security=\"restricted\" style=\"position: absolute; clip: rect(1px, 1px, 1px, 1px);\" title=\"&#8220;007 in condotta&#8221; &#8212; Radio Pi\u00f9\" src=\"https:\/\/www.radiopiu.net\/wordpress\/007incondotta-9\/embed\/#?secret=KU77EzFB4f#?secret=ofp5fJyJPJ\" data-secret=\"ofp5fJyJPJ\" width=\"600\" height=\"338\" frameborder=\"0\" marginwidth=\"0\" marginheight=\"0\" scrolling=\"no\"><\/iframe><\/p>\n<p>&nbsp;<\/p>\n<hr \/>\n<h3 class=\"kvgmc6g5 cxmmr5t8 oygrvhab hcukyx3x c1et5uql\"><span style=\"color: #0000ff;\"><strong>\u00a0<\/strong><\/span><\/h3>\n<h3 class=\"kvgmc6g5 cxmmr5t8 oygrvhab hcukyx3x c1et5uql\"><span style=\"color: #0000ff;\"><strong>INFORMAZIONE il canale su TELEGRAM informazione di prima mano e in tempo reale. iscriviti ed aiutaci a farlo conoscere\u00a0 \u00a0<\/strong><\/span><\/h3>\n<p>&nbsp;<\/p>\n<hr \/>\n<p>&nbsp;<\/p>\n<h2><span style=\"color: #800080;\">STORIE A QUATTROCCHI\u00a0 \u00a0\u00a0<\/span><\/h2>\n<p><strong>LA PUNTATA DEL 01 GIUGNO 2022\u00a0<\/strong><\/p>\n<audio class=\"wp-audio-shortcode\" id=\"audio-278997-10\" preload=\"none\" style=\"width: 100%;\" controls=\"controls\"><source type=\"audio\/mpeg\" src=\"https:\/\/www.radiopiu.net\/wordpress\/wp-content\/uploads\/2022\/06\/QOCCHI7.mp3?_=10\" \/><a href=\"https:\/\/www.radiopiu.net\/wordpress\/wp-content\/uploads\/2022\/06\/QOCCHI7.mp3\">https:\/\/www.radiopiu.net\/wordpress\/wp-content\/uploads\/2022\/06\/QOCCHI7.mp3<\/a><\/audio>\n<p>&nbsp;<\/p>\n<p>&nbsp;<\/p>\n<p><strong>LA RACCOLTA COMPLETA\u00a0<\/strong><\/p>\n<blockquote class=\"wp-embedded-content\" data-secret=\"0kTwShwKXC\"><p><a href=\"https:\/\/www.radiopiu.net\/wordpress\/storie-a-quattrocchi\/\">Storie a quattrocchi<\/a><\/p><\/blockquote>\n<p><iframe loading=\"lazy\" class=\"wp-embedded-content\" sandbox=\"allow-scripts\" security=\"restricted\" style=\"position: absolute; clip: rect(1px, 1px, 1px, 1px);\" title=\"&#8220;Storie a quattrocchi&#8221; &#8212; Radio Pi\u00f9\" src=\"https:\/\/www.radiopiu.net\/wordpress\/storie-a-quattrocchi\/embed\/#?secret=Tydzgkxa7r#?secret=0kTwShwKXC\" data-secret=\"0kTwShwKXC\" width=\"600\" height=\"338\" frameborder=\"0\" marginwidth=\"0\" marginheight=\"0\" scrolling=\"no\"><\/iframe><\/p>\n<p>&nbsp;<\/p>\n<hr \/>\n<p>&nbsp;<\/p>\n<h2><\/h2>\n<h2><span style=\"color: #008080;\">&#8220;DINTORN E FORA VIA&#8221; A CURA DEL MUSLA, IL NUOVO PROGRAMMA\u00a0 \u00a0<\/span><\/h2>\n<p><a class=\"dt-pswp-item\" href=\"https:\/\/www.radiopiu.net\/wordpress\/wp-content\/uploads\/2022\/05\/2f4b0c06-648e-494a-806e-f0fdfa7b7f07.jpg\" data-dt-img-description=\"\" data-large_image_width=\"1600\" data-large_image_height=\"762\"><img loading=\"lazy\" decoding=\"async\" class=\"alignleft wp-image-278815 \" src=\"https:\/\/www.radiopiu.net\/wordpress\/wp-content\/uploads\/2022\/05\/2f4b0c06-648e-494a-806e-f0fdfa7b7f07-300x143.jpg\" alt=\"\" width=\"187\" height=\"89\" srcset=\"https:\/\/www.radiopiu.net\/wordpress\/wp-content\/uploads\/2022\/05\/2f4b0c06-648e-494a-806e-f0fdfa7b7f07-300x143.jpg 300w, https:\/\/www.radiopiu.net\/wordpress\/wp-content\/uploads\/2022\/05\/2f4b0c06-648e-494a-806e-f0fdfa7b7f07-1024x488.jpg 1024w, https:\/\/www.radiopiu.net\/wordpress\/wp-content\/uploads\/2022\/05\/2f4b0c06-648e-494a-806e-f0fdfa7b7f07-768x366.jpg 768w, https:\/\/www.radiopiu.net\/wordpress\/wp-content\/uploads\/2022\/05\/2f4b0c06-648e-494a-806e-f0fdfa7b7f07-1536x732.jpg 1536w, https:\/\/www.radiopiu.net\/wordpress\/wp-content\/uploads\/2022\/05\/2f4b0c06-648e-494a-806e-f0fdfa7b7f07.jpg 1600w\" sizes=\"auto, (max-width: 187px) 100vw, 187px\" \/><\/a><strong>\u00a0PUNTATA DEL 31 MAGGIO 2022- CON VERONICA LEZUO\u00a0<\/strong><\/p>\n<audio class=\"wp-audio-shortcode\" id=\"audio-278997-11\" preload=\"none\" style=\"width: 100%;\" controls=\"controls\"><source type=\"audio\/mpeg\" src=\"https:\/\/www.radiopiu.net\/wordpress\/wp-content\/uploads\/2022\/05\/musla-31-maggio.mp3?_=11\" \/><a href=\"https:\/\/www.radiopiu.net\/wordpress\/wp-content\/uploads\/2022\/05\/musla-31-maggio.mp3\">https:\/\/www.radiopiu.net\/wordpress\/wp-content\/uploads\/2022\/05\/musla-31-maggio.mp3<\/a><\/audio>\n<p>&nbsp;<\/p>\n<p><strong>LA RACCOLTA COMPLETA<\/strong><\/p>\n<blockquote class=\"wp-embedded-content\" data-secret=\"yrOg1cqzuu\"><p><a href=\"https:\/\/www.radiopiu.net\/wordpress\/musla\/\">MUSLA<\/a><\/p><\/blockquote>\n<p><iframe loading=\"lazy\" class=\"wp-embedded-content\" sandbox=\"allow-scripts\" security=\"restricted\" style=\"position: absolute; clip: rect(1px, 1px, 1px, 1px);\" title=\"&#8220;MUSLA&#8221; &#8212; Radio Pi\u00f9\" src=\"https:\/\/www.radiopiu.net\/wordpress\/musla\/embed\/#?secret=Fc5DIZd1fu#?secret=yrOg1cqzuu\" data-secret=\"yrOg1cqzuu\" width=\"600\" height=\"338\" frameborder=\"0\" marginwidth=\"0\" marginheight=\"0\" scrolling=\"no\"><\/iframe><\/p>\n<p>&nbsp;<\/p>\n<p>&nbsp;<\/p>\n<p>&nbsp;<\/p>\n<hr \/>\n<p>&nbsp;<\/p>\n<h2><span style=\"color: #800080;\">GIROVAGANDO IN E-BIKE 2022<\/span><\/h2>\n<p><strong><a class=\"dt-pswp-item\" href=\"https:\/\/www.radiopiu.net\/wordpress\/wp-content\/uploads\/2022\/06\/74361b5d-1fb9-41a7-bab8-3b135ad832cc.jpg\" data-dt-img-description=\"\" data-large_image_width=\"946\" data-large_image_height=\"2048\"><img loading=\"lazy\" decoding=\"async\" class=\" wp-image-279157 alignleft\" src=\"https:\/\/www.radiopiu.net\/wordpress\/wp-content\/uploads\/2022\/06\/74361b5d-1fb9-41a7-bab8-3b135ad832cc-150x150.jpg\" alt=\"\" width=\"105\" height=\"105\" \/><\/a>REDAZIONE<\/strong> Tornano gli amici di Girovagando in E-Bike delle Dolomiti. Con la collaborazione di Thomas Soppelsa<\/p>\n<p><strong>PUNTATA DEL 01 GIUGNO 2022<\/strong><\/p>\n<audio class=\"wp-audio-shortcode\" id=\"audio-278997-12\" preload=\"none\" style=\"width: 100%;\" controls=\"controls\"><source type=\"audio\/mpeg\" src=\"https:\/\/www.radiopiu.net\/wordpress\/wp-content\/uploads\/2022\/06\/thomas.mp3?_=12\" \/><a href=\"https:\/\/www.radiopiu.net\/wordpress\/wp-content\/uploads\/2022\/06\/thomas.mp3\">https:\/\/www.radiopiu.net\/wordpress\/wp-content\/uploads\/2022\/06\/thomas.mp3<\/a><\/audio>\n<p>&nbsp;<\/p>\n<p><strong>AUDIO con Thomas Soppera<\/strong><\/p>\n<p>&nbsp;<\/p>\n<p><strong>LA RACCOLTA<\/strong><\/p>\n<blockquote class=\"wp-embedded-content\" data-secret=\"q98gL7YAM7\"><p><a href=\"https:\/\/www.radiopiu.net\/wordpress\/girovagando-in-e-bike-tra-le-dolomiti\/\">GIROVAGANDO IN E BIKE TRA LE DOLOMITI<\/a><\/p><\/blockquote>\n<p><iframe loading=\"lazy\" class=\"wp-embedded-content\" sandbox=\"allow-scripts\" security=\"restricted\" style=\"position: absolute; clip: rect(1px, 1px, 1px, 1px);\" title=\"&#8220;GIROVAGANDO IN E BIKE TRA LE DOLOMITI&#8221; &#8212; Radio Pi\u00f9\" src=\"https:\/\/www.radiopiu.net\/wordpress\/girovagando-in-e-bike-tra-le-dolomiti\/embed\/#?secret=IS4rSvTihG#?secret=q98gL7YAM7\" data-secret=\"q98gL7YAM7\" width=\"600\" height=\"338\" frameborder=\"0\" marginwidth=\"0\" marginheight=\"0\" scrolling=\"no\"><\/iframe><\/p>\n<p>&nbsp;<\/p>\n<hr \/>\n<p>&nbsp;<\/p>\n<blockquote class=\"wp-embedded-content\" data-secret=\"M9sM56dZMq\"><p><a href=\"https:\/\/www.radiopiu.net\/wordpress\/39annimaggi30\/\">39 ANNI DI RADIO&#8230;L&#8217;ANGOLO DEI RICORDI,  DAI BANCHI DI SCUOLA A QUELLI DEL CALCIO QUANDO C&#8217;ERA LA SQUADRA DEL 2B<\/a><\/p><\/blockquote>\n<p><iframe loading=\"lazy\" class=\"wp-embedded-content\" sandbox=\"allow-scripts\" security=\"restricted\" style=\"position: absolute; clip: rect(1px, 1px, 1px, 1px);\" title=\"&#8220;39 ANNI DI RADIO&#8230;L&#8217;ANGOLO DEI RICORDI,  DAI BANCHI DI SCUOLA A QUELLI DEL CALCIO QUANDO C&#8217;ERA LA SQUADRA DEL 2B&#8221; &#8212; Radio Pi\u00f9\" src=\"https:\/\/www.radiopiu.net\/wordpress\/39annimaggi30\/embed\/#?secret=wdJA5AhLmt#?secret=M9sM56dZMq\" data-secret=\"M9sM56dZMq\" width=\"600\" height=\"338\" frameborder=\"0\" marginwidth=\"0\" marginheight=\"0\" scrolling=\"no\"><\/iframe><\/p>\n<p>&nbsp;<\/p>\n<p>&nbsp;<\/p>\n<hr \/>\n<p>&nbsp;<\/p>\n<div>\n<div class=\"b654a4as d2edcug0\">\n<div class=\"rq0escxv hkbzh7o3 jwdofwj8 n8tt0mok r8blr3vg hyh9befq\">\n<p><a class=\"dt-pswp-item\" href=\"https:\/\/www.radiopiu.net\/wordpress\/wp-content\/uploads\/2020\/10\/pp.jpg\" data-dt-img-description=\"\" data-large_image_width=\"640\" data-large_image_height=\"640\"><img loading=\"lazy\" decoding=\"async\" class=\"wp-image-163678 alignleft\" src=\"https:\/\/www.radiopiu.net\/wordpress\/wp-content\/uploads\/2020\/10\/pp-300x300.jpg\" alt=\"\" width=\"106\" height=\"106\" srcset=\"https:\/\/www.radiopiu.net\/wordpress\/wp-content\/uploads\/2020\/10\/pp-300x300.jpg 300w, https:\/\/www.radiopiu.net\/wordpress\/wp-content\/uploads\/2020\/10\/pp-150x150.jpg 150w, https:\/\/www.radiopiu.net\/wordpress\/wp-content\/uploads\/2020\/10\/pp-125x125.jpg 125w, https:\/\/www.radiopiu.net\/wordpress\/wp-content\/uploads\/2020\/10\/pp-200x200.jpg 200w, https:\/\/www.radiopiu.net\/wordpress\/wp-content\/uploads\/2020\/10\/pp-80x80.jpg 80w, https:\/\/www.radiopiu.net\/wordpress\/wp-content\/uploads\/2020\/10\/pp-480x480.jpg 480w, https:\/\/www.radiopiu.net\/wordpress\/wp-content\/uploads\/2020\/10\/pp.jpg 640w\" sizes=\"auto, (max-width: 106px) 100vw, 106px\" \/><\/a><\/p>\n<\/div>\n<\/div>\n<\/div>\n<div>\n<div class=\"page-title-head hgroup\">\n<div class=\"page-title-head hgroup\">\n<div class=\"b654a4as d2edcug0\">\n<div class=\"j83agx80 btwxx1t3 lhclo0ds hop8lmos nkwizq5d scwd0bx6 roh60bw9\">\n<div class=\"rq0escxv hkbzh7o3 jwdofwj8 n8tt0mok r8blr3vg hyh9befq\">\n<div class=\"do00u71z l9j0dhe7 k4urcfbm\">\n<h2><span style=\"color: #000080;\">DON CESARE, IL PENSIERO DEL GIORNO. ALLA RADIO ALLE 7 DEL MATTINO E ALLE 19.30 DELLA SERA.\u00a0<\/span><\/h2>\n<p>&nbsp;<\/p>\n<\/div>\n<p>&nbsp;<\/p>\n<\/div>\n<\/div>\n<\/div>\n<\/div>\n<\/div>\n<\/div>\n<audio class=\"wp-audio-shortcode\" id=\"audio-278997-13\" preload=\"none\" style=\"width: 100%;\" controls=\"controls\"><source type=\"audio\/mpeg\" src=\"https:\/\/www.radiopiu.net\/wordpress\/wp-content\/uploads\/2022\/06\/CESARE-3.mp3?_=13\" \/><a href=\"https:\/\/www.radiopiu.net\/wordpress\/wp-content\/uploads\/2022\/06\/CESARE-3.mp3\">https:\/\/www.radiopiu.net\/wordpress\/wp-content\/uploads\/2022\/06\/CESARE-3.mp3<\/a><\/audio>\n<p>&nbsp;<\/p>\n<hr \/>\n<p>&nbsp;<\/p>\n<div class=\"do00u71z l9j0dhe7 k4urcfbm\">\n<div class=\"page-title-head hgroup\">\n<div class=\"page-title-head hgroup\">\n<div class=\"b654a4as d2edcug0\">\n<div class=\"j83agx80 btwxx1t3 lhclo0ds hop8lmos nkwizq5d scwd0bx6 roh60bw9\">\n<div class=\"rq0escxv hkbzh7o3 jwdofwj8 n8tt0mok r8blr3vg hyh9befq\">\n<div class=\"do00u71z l9j0dhe7 k4urcfbm\">\n<div class=\"page-title-head hgroup\">\n<div class=\"page-title-head hgroup\">\n<div class=\"b654a4as d2edcug0\">\n<div class=\"j83agx80 btwxx1t3 lhclo0ds hop8lmos nkwizq5d scwd0bx6 roh60bw9\">\n<div class=\"rq0escxv hkbzh7o3 jwdofwj8 n8tt0mok r8blr3vg hyh9befq\">\n<div class=\"do00u71z l9j0dhe7 k4urcfbm\">\n<div class=\"ecm0bbzt e5nlhep0 a8c37x1j\">\n<div class=\"kvgmc6g5 cxmmr5t8 oygrvhab hcukyx3x c1et5uql\">\n<div class=\"gmail-kvgmc6g5 gmail-cxmmr5t8 gmail-oygrvhab gmail-hcukyx3x gmail-c1et5uql gmail-ii04i59q\">\n<div class=\"page-title-head hgroup\">\n<div class=\"page-title-head hgroup\">\n<div class=\"b654a4as d2edcug0\">\n<div class=\"j83agx80 btwxx1t3 lhclo0ds hop8lmos nkwizq5d scwd0bx6 roh60bw9\">\n<div class=\"rq0escxv hkbzh7o3 jwdofwj8 n8tt0mok r8blr3vg hyh9befq\">\n<div class=\"do00u71z l9j0dhe7 k4urcfbm\">\n<div class=\"page-title-head hgroup\">\n<div class=\"page-title-head hgroup\">\n<div class=\"b654a4as d2edcug0\">\n<div class=\"j83agx80 btwxx1t3 lhclo0ds hop8lmos nkwizq5d scwd0bx6 roh60bw9\">\n<div class=\"rq0escxv hkbzh7o3 jwdofwj8 n8tt0mok r8blr3vg hyh9befq\">\n<div class=\"do00u71z l9j0dhe7 k4urcfbm\">\n<div class=\"page-title-head hgroup\">\n<div class=\"page-title-head hgroup\">\n<div class=\"b654a4as d2edcug0\">\n<div class=\"j83agx80 btwxx1t3 lhclo0ds hop8lmos nkwizq5d scwd0bx6 roh60bw9\">\n<div class=\"rq0escxv hkbzh7o3 jwdofwj8 n8tt0mok r8blr3vg hyh9befq\">\n<div class=\"do00u71z l9j0dhe7 k4urcfbm\">\n<div class=\"ecm0bbzt e5nlhep0 a8c37x1j\">\n<div class=\"kvgmc6g5 cxmmr5t8 oygrvhab hcukyx3x c1et5uql\">\n<div class=\"gmail-kvgmc6g5 gmail-cxmmr5t8 gmail-oygrvhab gmail-hcukyx3x gmail-c1et5uql gmail-ii04i59q\">\n<div class=\"page-title-head hgroup\">\n<div class=\"page-title-head hgroup\">\n<div class=\"b654a4as d2edcug0\">\n<div class=\"j83agx80 btwxx1t3 lhclo0ds hop8lmos nkwizq5d scwd0bx6 roh60bw9\">\n<div class=\"rq0escxv hkbzh7o3 jwdofwj8 n8tt0mok r8blr3vg hyh9befq\">\n<div class=\"do00u71z l9j0dhe7 k4urcfbm\">\n<blockquote>\n<h3><span style=\"color: #ff0000;\">IN VIVO VERSO,\u00a0 RIASCOLTIAMOLE DAL LUNEDI AL VENERDI ALLE 7.10, 10.10, 18 50<\/span><\/h3>\n<h3>RIASCOLTIAMOLE, STAGIONE 2019_2020 MARIA VILLANI &#8220;VILLAGGIO&#8221;<\/h3>\n<\/blockquote>\n<p>AUDIO<\/p>\n<audio class=\"wp-audio-shortcode\" id=\"audio-278997-14\" preload=\"none\" style=\"width: 100%;\" controls=\"controls\"><source type=\"audio\/mpeg\" src=\"https:\/\/www.radiopiu.net\/wordpress\/wp-content\/uploads\/2022\/05\/POESIA-04-MARIA-VILLANI-VIAGGIO.mp3?_=14\" \/><a href=\"https:\/\/www.radiopiu.net\/wordpress\/wp-content\/uploads\/2022\/05\/POESIA-04-MARIA-VILLANI-VIAGGIO.mp3\">https:\/\/www.radiopiu.net\/wordpress\/wp-content\/uploads\/2022\/05\/POESIA-04-MARIA-VILLANI-VIAGGIO.mp3<\/a><\/audio>\n<p><img loading=\"lazy\" decoding=\"async\" class=\"\" src=\"https:\/\/www.radiopiu.net\/wordpress\/wp-content\/uploads\/2022\/04\/MARIA-VILLANI-FOTO-300x300.jpg\" width=\"137\" height=\"137\" \/><\/p>\n<p>&nbsp;<\/p>\n<p>LA RACCOLTA COMPLETA<\/p>\n<p>&nbsp;<\/p>\n<blockquote class=\"wp-embedded-content\" data-secret=\"FVCKiVp36R\"><p><a href=\"https:\/\/www.radiopiu.net\/wordpress\/in-vivo-verso\/\">In Vivo Verso<\/a><\/p><\/blockquote>\n<p><iframe loading=\"lazy\" class=\"wp-embedded-content\" sandbox=\"allow-scripts\" security=\"restricted\" style=\"position: absolute; clip: rect(1px, 1px, 1px, 1px);\" title=\"&#8220;In Vivo Verso&#8221; &#8212; Radio Pi\u00f9\" src=\"https:\/\/www.radiopiu.net\/wordpress\/in-vivo-verso\/embed\/#?secret=yQUImilgSE#?secret=FVCKiVp36R\" data-secret=\"FVCKiVp36R\" width=\"600\" height=\"338\" frameborder=\"0\" marginwidth=\"0\" marginheight=\"0\" scrolling=\"no\"><\/iframe><\/p>\n<p>&nbsp;<\/p>\n<hr \/>\n<p>&nbsp;<\/p>\n<h3 class=\"entry-title\"><span style=\"color: #ff0000;\"><a href=\"https:\/\/www.radiopiu.net\/wordpress\/wp-content\/uploads\/2022\/04\/bustos-756620__340.webp\"><img loading=\"lazy\" decoding=\"async\" class=\" wp-image-271808 alignleft\" src=\"https:\/\/www.radiopiu.net\/wordpress\/wp-content\/uploads\/2022\/04\/bustos-756620__340-150x150.webp\" alt=\"\" width=\"94\" height=\"94\" \/><\/a>GOCCE DI FILOSOFIA &#8211; PUNTATA 214 CON CHIARA CAU<\/span><\/h3>\n<audio class=\"wp-audio-shortcode\" id=\"audio-278997-15\" preload=\"none\" style=\"width: 100%;\" controls=\"controls\"><source type=\"audio\/mpeg\" src=\"https:\/\/www.radiopiu.net\/wordpress\/wp-content\/uploads\/2022\/05\/FI4-4.mp3?_=15\" \/><a href=\"https:\/\/www.radiopiu.net\/wordpress\/wp-content\/uploads\/2022\/05\/FI4-4.mp3\">https:\/\/www.radiopiu.net\/wordpress\/wp-content\/uploads\/2022\/05\/FI4-4.mp3<\/a><\/audio>\n<p>&nbsp;<\/p>\n<p><strong>\u00a0<\/strong><strong>LA RACCOLTA COMPLETA<\/strong><\/p>\n<blockquote class=\"wp-embedded-content\" data-secret=\"9Ix27SuZ6u\"><p><a href=\"https:\/\/www.radiopiu.net\/wordpress\/gocce-filosofia\/\">Gocce di filosofia, PRIMA E SECONDA STAGIONE 2022<\/a><\/p><\/blockquote>\n<p><iframe loading=\"lazy\" class=\"wp-embedded-content\" sandbox=\"allow-scripts\" security=\"restricted\" style=\"position: absolute; clip: rect(1px, 1px, 1px, 1px);\" title=\"&#8220;Gocce di filosofia, PRIMA E SECONDA STAGIONE 2022&#8221; &#8212; Radio Pi\u00f9\" src=\"https:\/\/www.radiopiu.net\/wordpress\/gocce-filosofia\/embed\/#?secret=IOY3OvYKqY#?secret=9Ix27SuZ6u\" data-secret=\"9Ix27SuZ6u\" width=\"600\" height=\"338\" frameborder=\"0\" marginwidth=\"0\" marginheight=\"0\" scrolling=\"no\"><\/iframe><\/p>\n<p>&nbsp;<\/p>\n<hr \/>\n<p>&nbsp;<\/p>\n<p><span style=\"color: #0000ff;\">MUSICA PIU&#8217;\u00a0<\/span><\/p>\n<p><a href=\"https:\/\/www.radiopiu.net\/wordpress\/giornale-radiopiu-20-settembre-2021-direttore-mirko-mezzacasa\/pp-79\/\" rel=\"attachment wp-att-232921\"><img loading=\"lazy\" decoding=\"async\" class=\"wp-image-232921 alignleft\" src=\"https:\/\/www.radiopiu.net\/wordpress\/wp-content\/uploads\/2021\/09\/pp-1-300x300.jpg\" alt=\"\" width=\"135\" height=\"135\" srcset=\"https:\/\/www.radiopiu.net\/wordpress\/wp-content\/uploads\/2021\/09\/pp-1-300x300.jpg 300w, https:\/\/www.radiopiu.net\/wordpress\/wp-content\/uploads\/2021\/09\/pp-1-150x150.jpg 150w, https:\/\/www.radiopiu.net\/wordpress\/wp-content\/uploads\/2021\/09\/pp-1.jpg 640w\" sizes=\"auto, (max-width: 135px) 100vw, 135px\" \/><\/a><\/p>\n<div class=\"mkdf-post-text\">\n<div class=\"mkdf-post-text-inner\">\n<div class=\"mkdf-post-text-main\">\n<div class=\"mkdf-post-text\">\n<div class=\"mkdf-post-text-inner\">\n<div class=\"mkdf-post-text-main\">\n<div class=\"mkdf-post-text\">\n<div class=\"mkdf-post-text-inner\">\n<div class=\"mkdf-post-text-main\">\n<div class=\"page-title-head hgroup\">\n<div class=\"page-title-head hgroup\">\n<div class=\"mkdf-post-text\">\n<div class=\"mkdf-post-text-inner\">\n<div class=\"mkdf-post-text-main\">\n<div class=\"mkdf-post-text\">\n<div class=\"mkdf-post-text-inner\">\n<div class=\"mkdf-post-text-main\">\n<div class=\"page-title-head hgroup\">\n<div class=\"page-title-head hgroup\">\n<div class=\"page-title-head hgroup\">\n<div class=\"page-title-head hgroup\">\n<div class=\"b654a4as d2edcug0\">\n<div class=\"page-title-head hgroup\">\n<div class=\"page-title-head hgroup\">\n<div class=\"page-title-head hgroup\">\n<div class=\"page-title-head hgroup\">\n<div class=\"b654a4as d2edcug0\">\n<div class=\"page-title-head hgroup\">\n<div class=\"page-title-head hgroup\">\n<div class=\"page-title-head hgroup\">\n<div class=\"page-title-head hgroup\">\n<div class=\"b654a4as d2edcug0\">\n<div class=\"mkdf-post-text\">\n<div class=\"mkdf-post-text-inner\">\n<div class=\"mkdf-post-text-main\">\n<div class=\"mkdf-post-text\">\n<div class=\"mkdf-post-text-inner\">\n<div class=\"mkdf-post-text-main\">\n<div class=\"mkdf-post-text\">\n<div class=\"mkdf-post-text-inner\">\n<div class=\"mkdf-post-text-main\">\n<div class=\"page-title-head hgroup\">\n<div class=\"page-title-head hgroup\">\n<div class=\"mkdf-post-text\">\n<div class=\"mkdf-post-text-inner\">\n<div class=\"mkdf-post-text-main\">\n<div class=\"mkdf-post-text\">\n<div class=\"mkdf-post-text-inner\">\n<div class=\"mkdf-post-text-main\">\n<div class=\"page-title-head hgroup\">\n<div class=\"page-title-head hgroup\">\n<div class=\"page-title-head hgroup\">\n<div class=\"page-title-head hgroup\">\n<div class=\"b654a4as d2edcug0\">\n<div class=\"page-title-head hgroup\">\n<div class=\"page-title-head hgroup\">\n<div class=\"page-title-head hgroup\">\n<div class=\"page-title-head hgroup\">\n<div class=\"b654a4as d2edcug0\">\n<div class=\"page-title-head hgroup\">\n<div class=\"page-title-head hgroup\">\n<div class=\"page-title-head hgroup\">\n<div class=\"page-title-head hgroup\">\n<div class=\"b654a4as d2edcug0\">\n<div><\/div>\n<div><\/div>\n<div>\n<p><strong>MUSICA ALLA RADIO, IL PROGRAMMA DI LORIS SCUSSEL &#8220;COLLAGE OPERAZIONE NOSTALGIA&#8221; DAL LUNEDI AL VENERDI ALLE 16.00\u00a0 E ALLE 23\u00a0<\/strong><\/p>\n<p>&nbsp;<\/p>\n<\/div>\n<\/div>\n<p><strong>PUNTATA 619 DEL 02 GIUGNO 2022<\/strong><\/p>\n<audio class=\"wp-audio-shortcode\" id=\"audio-278997-16\" preload=\"none\" style=\"width: 100%;\" controls=\"controls\"><source type=\"audio\/mpeg\" src=\"https:\/\/www.radiopiu.net\/wordpress\/wp-content\/uploads\/2022\/05\/Collage-619.mp3?_=16\" \/><a href=\"https:\/\/www.radiopiu.net\/wordpress\/wp-content\/uploads\/2022\/05\/Collage-619.mp3\">https:\/\/www.radiopiu.net\/wordpress\/wp-content\/uploads\/2022\/05\/Collage-619.mp3<\/a><\/audio>\n<p>&nbsp;<\/p>\n<p><strong><a class=\"dt-pswp-item\" href=\"https:\/\/www.radiopiu.net\/wordpress\/wp-content\/uploads\/2022\/05\/I-Profeti.jpg\" data-dt-img-description=\"\" data-large_image_width=\"300\" data-large_image_height=\"400\"><img loading=\"lazy\" decoding=\"async\" class=\"size-thumbnail wp-image-278483 alignleft\" src=\"https:\/\/www.radiopiu.net\/wordpress\/wp-content\/uploads\/2022\/05\/I-Profeti-150x150.jpg\" alt=\"\" width=\"150\" height=\"150\" \/><\/a>di Loris Scussel<\/strong><\/p>\n<p>La nuova settimana di Collage si aprir\u00e0 all\u2019insegna della musica italiana partendo da Adriano Celentano fino ai Gatti di Vicolo Miracoli. Marted\u00ec Jimi Hendrix, Santana, Toto e cos\u00ec via. Mercoled\u00ec il tema conduttore sar\u00e0 la parola \u201cocchi\u201d. Gioved\u00ec non solo Beatles e Rolling Stones, venerd\u00ec infine voglia d\u2019estate e spazio alle canzoni balneari italiane tipicamente estive. Collage va in onda dal luned\u00ec al venerd\u00ec alle 16,00 e alle 23,00 naturalmente su Radio Pi\u00f9.<\/p>\n<p>&nbsp;<\/p>\n<p>&nbsp;<\/p>\n<p>&nbsp;<\/p>\n<p>&nbsp;<\/p>\n<div class=\"b654a4as d2edcug0\">\n<hr \/>\n<\/div>\n<\/div>\n<\/div>\n<\/div>\n<\/div>\n<\/div>\n<\/div>\n<\/div>\n<\/div>\n<\/div>\n<\/div>\n<\/div>\n<\/div>\n<\/div>\n<\/div>\n<\/div>\n<\/div>\n<\/div>\n<\/div>\n<\/div>\n<\/div>\n<\/div>\n<\/div>\n<\/div>\n<\/div>\n<\/div>\n<\/div>\n<\/div>\n<\/div>\n<\/div>\n<\/div>\n<\/div>\n<\/div>\n<\/div>\n<\/div>\n<\/div>\n<\/div>\n<\/div>\n<\/div>\n<\/div>\n<\/div>\n<\/div>\n<\/div>\n<\/div>\n<\/div>\n<\/div>\n<\/div>\n<\/div>\n<\/div>\n<\/div>\n<\/div>\n<\/div>\n<\/div>\n<\/div>\n<\/div>\n<\/div>\n<\/div>\n<\/div>\n<\/div>\n<\/div>\n<\/div>\n<\/div>\n<\/div>\n<\/div>\n<p>&nbsp;<\/p>\n<blockquote>\n<h3><span style=\"color: #0000ff;\">RADIO PIU INFORMAZIONE il canale su TELEGRAM informazione di prima mano e in tempo reale. iscriviti ed aiutaci a farlo conoscere\u00a0\u00a0<\/span><\/h3>\n<\/blockquote>\n<div>\n<div class=\"page-title-head hgroup\">\n<div class=\"page-title-head hgroup\">\n<div class=\"page-title-head hgroup\">\n<div class=\"page-title-head hgroup\">\n<div class=\"b654a4as d2edcug0\">\n<div class=\"page-title-head hgroup\">\n<div class=\"page-title-head hgroup\">\n<div class=\"page-title-head hgroup\">\n<div class=\"page-title-head hgroup\">\n<div class=\"b654a4as d2edcug0\">\n<div class=\"page-title-head hgroup\">\n<div class=\"page-title-head hgroup\">\n<div class=\"page-title-head hgroup\">\n<div class=\"page-title-head hgroup\">\n<div class=\"page-title-head hgroup\">\n<div class=\"page-title-head hgroup\">\n<div class=\"page-title-head hgroup\">\n<div class=\"page-title-head hgroup\">\n<div class=\"page-title-head hgroup\">\n<div class=\"b654a4as d2edcug0\">\n<div class=\"page-title-head hgroup\">\n<div class=\"page-title-head hgroup\">\n<div class=\"page-title-head hgroup\">\n<div class=\"page-title-head hgroup\">\n<div class=\"b654a4as d2edcug0\">\n<div><\/div>\n<div>\n<div class=\"page-title-head hgroup\">\n<div class=\"page-title-head hgroup\">\n<div class=\"page-title-head hgroup\">\n<div class=\"page-title-head hgroup\">\n<div class=\"page-title-head hgroup\">\n<div class=\"mkdf-post-text\">\n<div class=\"mkdf-post-text-inner\">\n<div class=\"mkdf-post-text-main\">\n<div class=\"mkdf-post-text\">\n<div class=\"mkdf-post-text-inner\">\n<div class=\"mkdf-post-text-main\">\n<div class=\"mkdf-post-text\">\n<div class=\"mkdf-post-text-inner\">\n<div class=\"mkdf-post-text-main\">\n<div class=\"page-title-head hgroup\">\n<div class=\"page-title-head hgroup\">\n<div class=\"mkdf-post-text\">\n<div class=\"mkdf-post-text-inner\">\n<div class=\"mkdf-post-text-main\">\n<div class=\"mkdf-post-text\">\n<div class=\"mkdf-post-text-inner\">\n<div class=\"mkdf-post-text-main\">\n<div class=\"page-title-head hgroup\">\n<div class=\"page-title-head hgroup\">\n<div class=\"page-title-head hgroup\">\n<div class=\"page-title-head hgroup\">\n<div class=\"b654a4as d2edcug0\">\n<div class=\"page-title-head hgroup\">\n<div class=\"page-title-head hgroup\">\n<div class=\"page-title-head hgroup\">\n<div class=\"page-title-head hgroup\">\n<div class=\"b654a4as d2edcug0\">\n<div class=\"page-title-head hgroup\">\n<div class=\"page-title-head hgroup\">\n<div class=\"page-title-head hgroup\">\n<p>&nbsp;<\/p>\n<div>\n<div class=\"page-title-head hgroup\">\n<div class=\"page-title-head hgroup\">\n<div class=\"b654a4as d2edcug0\">\n<div class=\"j83agx80 btwxx1t3 lhclo0ds hop8lmos nkwizq5d scwd0bx6 roh60bw9\">\n<div class=\"rq0escxv hkbzh7o3 jwdofwj8 n8tt0mok r8blr3vg hyh9befq\">\n<div class=\"do00u71z l9j0dhe7 k4urcfbm\">\n<div class=\"page-title-head hgroup\">\n<div class=\"page-title-head hgroup\">\n<div class=\"b654a4as d2edcug0\">\n<div class=\"j83agx80 btwxx1t3 lhclo0ds hop8lmos nkwizq5d scwd0bx6 roh60bw9\">\n<div class=\"rq0escxv hkbzh7o3 jwdofwj8 n8tt0mok r8blr3vg hyh9befq\">\n<div class=\"do00u71z l9j0dhe7 k4urcfbm\">\n<div class=\"ecm0bbzt e5nlhep0 a8c37x1j\">\n<div class=\"kvgmc6g5 cxmmr5t8 oygrvhab hcukyx3x c1et5uql\">\n<div class=\"gmail-kvgmc6g5 gmail-cxmmr5t8 gmail-oygrvhab gmail-hcukyx3x gmail-c1et5uql gmail-ii04i59q\">\n<div class=\"page-title-head hgroup\">\n<div class=\"page-title-head hgroup\">\n<div class=\"b654a4as d2edcug0\">\n<div class=\"j83agx80 btwxx1t3 lhclo0ds hop8lmos nkwizq5d scwd0bx6 roh60bw9\">\n<div class=\"rq0escxv hkbzh7o3 jwdofwj8 n8tt0mok r8blr3vg hyh9befq\">\n<div class=\"do00u71z l9j0dhe7 k4urcfbm\">\n<div class=\"page-title-head hgroup\">\n<div class=\"page-title-head hgroup\">\n<div class=\"b654a4as d2edcug0\">\n<div class=\"j83agx80 btwxx1t3 lhclo0ds hop8lmos nkwizq5d scwd0bx6 roh60bw9\">\n<div class=\"rq0escxv hkbzh7o3 jwdofwj8 n8tt0mok r8blr3vg hyh9befq\">\n<div class=\"do00u71z l9j0dhe7 k4urcfbm\">\n<div class=\"page-title-head hgroup\">\n<div class=\"page-title-head hgroup\">\n<div class=\"b654a4as d2edcug0\">\n<div class=\"j83agx80 btwxx1t3 lhclo0ds hop8lmos nkwizq5d scwd0bx6 roh60bw9\">\n<div class=\"rq0escxv hkbzh7o3 jwdofwj8 n8tt0mok r8blr3vg hyh9befq\">\n<div class=\"do00u71z l9j0dhe7 k4urcfbm\">\n<div class=\"ecm0bbzt e5nlhep0 a8c37x1j\">\n<div class=\"kvgmc6g5 cxmmr5t8 oygrvhab hcukyx3x c1et5uql\">\n<div class=\"gmail-kvgmc6g5 gmail-cxmmr5t8 gmail-oygrvhab gmail-hcukyx3x gmail-c1et5uql gmail-ii04i59q\">\n<div class=\"page-title-head hgroup\">\n<div class=\"page-title-head hgroup\">\n<div class=\"b654a4as d2edcug0\">\n<div class=\"j83agx80 btwxx1t3 lhclo0ds hop8lmos nkwizq5d scwd0bx6 roh60bw9\">\n<div class=\"rq0escxv hkbzh7o3 jwdofwj8 n8tt0mok r8blr3vg hyh9befq\">\n<div class=\"do00u71z l9j0dhe7 k4urcfbm\">\n<div class=\"page-title-head hgroup\">\n<div class=\"page-title-head hgroup\">\n<div class=\"page-title-head hgroup\">\n<div class=\"page-title-head hgroup\">\n<div class=\"b654a4as d2edcug0\">\n<div class=\"page-title-head hgroup\">\n<div class=\"page-title-head hgroup\">\n<div class=\"page-title-head hgroup\">\n<div class=\"page-title-head hgroup\">\n<div class=\"b654a4as d2edcug0\">\n<div class=\"page-title-head hgroup\">\n<div class=\"page-title-head hgroup\">\n<div class=\"page-title-head hgroup\">\n<div class=\"page-title-head hgroup\">\n<div class=\"page-title-head hgroup\">\n<div class=\"page-title-head hgroup\">\n<div class=\"page-title-head hgroup\">\n<div class=\"page-title-head hgroup\">\n<div class=\"page-title-head hgroup\">\n<div class=\"b654a4as d2edcug0\">\n<div class=\"page-title-head hgroup\">\n<div class=\"page-title-head hgroup\">\n<div class=\"page-title-head hgroup\">\n<div class=\"page-title-head hgroup\">\n<div class=\"b654a4as d2edcug0\">\n<div class=\"page-title-head hgroup\">\n<div class=\"page-title-head hgroup\">\n<div class=\"page-title-head hgroup\">\n<div class=\"page-title-head hgroup\">\n<div class=\"page-title-head hgroup\">\n<div class=\"mkdf-post-text\">\n<div class=\"mkdf-post-text-inner\">\n<div class=\"mkdf-post-text-main\">\n<div class=\"mkdf-post-text\">\n<div class=\"mkdf-post-text-inner\">\n<div class=\"mkdf-post-text-main\">\n<div class=\"mkdf-post-text\">\n<div class=\"mkdf-post-text-inner\">\n<div class=\"mkdf-post-text-main\">\n<div class=\"page-title-head hgroup\">\n<div class=\"page-title-head hgroup\">\n<div class=\"mkdf-post-text\">\n<div class=\"mkdf-post-text-inner\">\n<div class=\"mkdf-post-text-main\">\n<div class=\"mkdf-post-text\">\n<div class=\"mkdf-post-text-inner\">\n<div class=\"mkdf-post-text-main\">\n<div class=\"page-title-head hgroup\">\n<div class=\"page-title-head hgroup\">\n<div class=\"page-title-head hgroup\">\n<div class=\"page-title-head hgroup\">\n<div class=\"b654a4as d2edcug0\">\n<div class=\"page-title-head hgroup\">\n<div class=\"page-title-head hgroup\">\n<div class=\"page-title-head hgroup\">\n<div class=\"page-title-head hgroup\">\n<div class=\"b654a4as d2edcug0\">\n<div class=\"page-title-head hgroup\">\n<div class=\"page-title-head hgroup\">\n<div class=\"page-title-head hgroup\">\n<div class=\"page-title-head hgroup\">\n<div class=\"b654a4as d2edcug0\">\n<div class=\"ecm0bbzt e5nlhep0 a8c37x1j\">\n<div class=\"kvgmc6g5 cxmmr5t8 oygrvhab hcukyx3x c1et5uql\">\n<div class=\"gmail-kvgmc6g5 gmail-cxmmr5t8 gmail-oygrvhab gmail-hcukyx3x gmail-c1et5uql gmail-ii04i59q\">\n<div class=\"page-title-head hgroup\">\n<div class=\"page-title-head hgroup\">\n<div class=\"b654a4as d2edcug0\">\n<div class=\"j83agx80 btwxx1t3 lhclo0ds hop8lmos nkwizq5d scwd0bx6 roh60bw9\">\n<div class=\"rq0escxv hkbzh7o3 jwdofwj8 n8tt0mok r8blr3vg hyh9befq\">\n<div class=\"do00u71z l9j0dhe7 k4urcfbm\">\n<div class=\"page-title-head hgroup\">\n<div class=\"page-title-head hgroup\">\n<div class=\"page-title-head hgroup\">\n<div class=\"page-title-head hgroup\">\n<div class=\"b654a4as d2edcug0\">\n<div class=\"page-title-head hgroup\">\n<div class=\"page-title-head hgroup\">\n<div class=\"page-title-head hgroup\">\n<div class=\"page-title-head hgroup\">\n<div class=\"b654a4as d2edcug0\">\n<div class=\"page-title-head hgroup\">\n<div class=\"page-title-head hgroup\">\n<div class=\"page-title-head hgroup\">\n<div class=\"page-title-head hgroup\">\n<div class=\"page-title-head hgroup\">\n<div class=\"page-title-head hgroup\">\n<div class=\"page-title-head hgroup\">\n<div class=\"page-title-head hgroup\">\n<div class=\"page-title-head hgroup\">\n<div class=\"b654a4as d2edcug0\">\n<div class=\"page-title-head hgroup\">\n<div class=\"page-title-head hgroup\">\n<div class=\"page-title-head hgroup\">\n<div class=\"page-title-head hgroup\">\n<div class=\"b654a4as d2edcug0\">\n<div class=\"page-title-head hgroup\">\n<div class=\"page-title-head hgroup\">\n<div class=\"page-title-head hgroup\">\n<div class=\"page-title-head hgroup\">\n<div class=\"page-title-head hgroup\">\n<div class=\"mkdf-post-text\">\n<div class=\"mkdf-post-text-inner\">\n<div class=\"mkdf-post-text-main\">\n<div class=\"mkdf-post-text\">\n<div class=\"mkdf-post-text-inner\">\n<div class=\"mkdf-post-text-main\">\n<div class=\"mkdf-post-text\">\n<div class=\"mkdf-post-text-inner\">\n<div class=\"mkdf-post-text-main\">\n<div class=\"page-title-head hgroup\">\n<div class=\"page-title-head hgroup\">\n<div class=\"mkdf-post-text\">\n<div class=\"mkdf-post-text-inner\">\n<div class=\"mkdf-post-text-main\">\n<div class=\"mkdf-post-text\">\n<div class=\"mkdf-post-text-inner\">\n<div class=\"mkdf-post-text-main\">\n<div class=\"page-title-head hgroup\">\n<div class=\"page-title-head hgroup\">\n<div class=\"page-title-head hgroup\">\n<div class=\"page-title-head hgroup\">\n<div class=\"b654a4as d2edcug0\">\n<div class=\"page-title-head hgroup\">\n<div class=\"page-title-head hgroup\">\n<div class=\"page-title-head hgroup\">\n<div class=\"page-title-head hgroup\">\n<div class=\"b654a4as d2edcug0\">\n<div class=\"page-title-head hgroup\">\n<div class=\"page-title-head hgroup\">\n<div class=\"page-title-head hgroup\">\n<div class=\"page-title-head hgroup\">\n<div class=\"b654a4as d2edcug0\">\n<hr \/>\n<p>&nbsp;<\/p>\n<div>\n<p><strong>DUE MINUTI UN LIBRO, TUTTI I GIORNI ALLA RADIO ALLE 9.40 E ALLE 17.50\u00a0\u00a0<\/strong><\/p>\n<div>\n<div>\n<p><strong>LA RACCOLTA COMPLETA\u00a0\u00a0<\/strong><\/p>\n<\/div>\n<\/div>\n<\/div>\n<div class=\"mkdf-post-text\">\n<div class=\"mkdf-post-text-inner\">\n<div class=\"mkdf-post-text-main\">\n<div class=\"mkdf-post-text\">\n<div class=\"mkdf-post-text-inner\">\n<div class=\"mkdf-post-text-main\">\n<div class=\"mkdf-post-text\">\n<div class=\"mkdf-post-text-inner\">\n<div class=\"mkdf-post-text-main\">\n<div class=\"page-title-head hgroup\">\n<div class=\"page-title-head hgroup\">\n<div class=\"mkdf-post-text\">\n<div class=\"mkdf-post-text-inner\">\n<div class=\"mkdf-post-text-main\">\n<div class=\"mkdf-post-text\">\n<div class=\"mkdf-post-text-inner\">\n<div class=\"mkdf-post-text-main\">\n<div class=\"page-title-head hgroup\">\n<div class=\"page-title-head hgroup\">\n<div class=\"page-title-head hgroup\">\n<div class=\"page-title-head hgroup\">\n<div class=\"b654a4as d2edcug0\">\n<div class=\"page-title-head hgroup\">\n<div class=\"page-title-head hgroup\">\n<div class=\"page-title-head hgroup\">\n<div class=\"page-title-head hgroup\">\n<div class=\"b654a4as d2edcug0\">\n<div class=\"page-title-head hgroup\">\n<div class=\"page-title-head hgroup\">\n<div class=\"page-title-head hgroup\">\n<div class=\"page-title-head hgroup\">\n<div class=\"b654a4as d2edcug0\">\n<div>\n<blockquote class=\"wp-embedded-content\" data-secret=\"VkoaYV0vhG\"><p><a href=\"https:\/\/www.radiopiu.net\/wordpress\/due-minuti-un-libro\/\">Due minuti un libro<\/a><\/p><\/blockquote>\n<p><iframe loading=\"lazy\" class=\"wp-embedded-content\" sandbox=\"allow-scripts\" security=\"restricted\" style=\"position: absolute; clip: rect(1px, 1px, 1px, 1px);\" title=\"&#8220;Due minuti un libro&#8221; &#8212; Radio Pi\u00f9\" src=\"https:\/\/www.radiopiu.net\/wordpress\/due-minuti-un-libro\/embed\/#?secret=KvQQDkm7AN#?secret=VkoaYV0vhG\" data-secret=\"VkoaYV0vhG\" width=\"600\" height=\"338\" frameborder=\"0\" marginwidth=\"0\" marginheight=\"0\" scrolling=\"no\"><\/iframe><\/p>\n<p>&nbsp;<\/p>\n<\/div>\n<div>\n<hr \/>\n<p>&nbsp;<\/p>\n<\/div>\n<h2><span style=\"color: #808000;\">L&#8217;ALMANACCO LADINO\u00a0<\/span><\/h2>\n<p><strong>LA RACCOLTA<\/strong><\/p>\n<blockquote class=\"wp-embedded-content\" data-secret=\"FWLX1nntig\"><p><a href=\"https:\/\/www.radiopiu.net\/wordpress\/almanacco-ladino\/\">Almanacco Ladino<\/a><\/p><\/blockquote>\n<p><iframe loading=\"lazy\" class=\"wp-embedded-content\" sandbox=\"allow-scripts\" security=\"restricted\" style=\"position: absolute; clip: rect(1px, 1px, 1px, 1px);\" title=\"&#8220;Almanacco Ladino&#8221; &#8212; Radio Pi\u00f9\" src=\"https:\/\/www.radiopiu.net\/wordpress\/almanacco-ladino\/embed\/#?secret=co5LbvgDAm#?secret=FWLX1nntig\" data-secret=\"FWLX1nntig\" width=\"600\" height=\"338\" frameborder=\"0\" marginwidth=\"0\" marginheight=\"0\" scrolling=\"no\"><\/iframe><\/p>\n<p>&nbsp;<\/p>\n<hr \/>\n<h2><span style=\"color: #33cccc;\">\u00a0<\/span><\/h2>\n<h2><span style=\"color: #33cccc;\">LA RASSEGNA STAMPA DA L&#8217;AMICO DEL POPOLO<\/span><\/h2>\n<p><a class=\"dt-pswp-item\" href=\"https:\/\/www.radiopiu.net\/wordpress\/wp-content\/uploads\/2021\/09\/Giuseppe-Schena.jpeg\" data-dt-img-description=\"Giuseppe Schena\" data-large_image_width=\"931\" data-large_image_height=\"1240\"><img loading=\"lazy\" decoding=\"async\" class=\"wp-image-234061 size-thumbnail alignleft\" src=\"https:\/\/www.radiopiu.net\/wordpress\/wp-content\/uploads\/2021\/09\/Giuseppe-Schena-150x150.jpeg\" alt=\"\" width=\"150\" height=\"150\" \/><\/a><strong>di Gianni Santomaso<\/strong><\/p>\n<p>OSPITE: Giuseppe Schena, Sindaco di Voltago<\/p>\n<audio class=\"wp-audio-shortcode\" id=\"audio-278997-17\" preload=\"none\" style=\"width: 100%;\" controls=\"controls\"><source type=\"audio\/mpeg\" src=\"https:\/\/www.radiopiu.net\/wordpress\/wp-content\/uploads\/2022\/05\/RASSEGNA-GIANNI-28-MAGGIO.mp3?_=17\" \/><a href=\"https:\/\/www.radiopiu.net\/wordpress\/wp-content\/uploads\/2022\/05\/RASSEGNA-GIANNI-28-MAGGIO.mp3\">https:\/\/www.radiopiu.net\/wordpress\/wp-content\/uploads\/2022\/05\/RASSEGNA-GIANNI-28-MAGGIO.mp3<\/a><\/audio>\n<p>&nbsp;<\/p>\n<p><strong>LA RACCOLTA COMPLETA<\/strong><\/p>\n<blockquote class=\"wp-embedded-content\" data-secret=\"PYgYbuIxpw\"><p><a href=\"https:\/\/www.radiopiu.net\/wordpress\/rassegna-stampa-di-gianni-santomaso\/\">Rassegna stampa da l&#8217;amico del popolo &#8211; di Gianni Santomaso<\/a><\/p><\/blockquote>\n<p><iframe loading=\"lazy\" class=\"wp-embedded-content\" sandbox=\"allow-scripts\" security=\"restricted\" style=\"position: absolute; clip: rect(1px, 1px, 1px, 1px);\" title=\"&#8220;Rassegna stampa da l&#8217;amico del popolo &#8211; di Gianni Santomaso&#8221; &#8212; Radio Pi\u00f9\" src=\"https:\/\/www.radiopiu.net\/wordpress\/rassegna-stampa-di-gianni-santomaso\/embed\/#?secret=5Oc8EyiwA5#?secret=PYgYbuIxpw\" data-secret=\"PYgYbuIxpw\" width=\"600\" height=\"338\" frameborder=\"0\" marginwidth=\"0\" marginheight=\"0\" scrolling=\"no\"><\/iframe><\/p>\n<p>&nbsp;<\/p>\n<hr \/>\n<p>&nbsp;<\/p>\n<div>\n<div class=\"page-title-head hgroup\">\n<div class=\"page-title-head hgroup\">\n<div class=\"b654a4as d2edcug0\">\n<div class=\"j83agx80 btwxx1t3 lhclo0ds hop8lmos nkwizq5d scwd0bx6 roh60bw9\">\n<div class=\"rq0escxv hkbzh7o3 jwdofwj8 n8tt0mok r8blr3vg hyh9befq\">\n<div class=\"do00u71z l9j0dhe7 k4urcfbm\">\n<div class=\"ecm0bbzt e5nlhep0 a8c37x1j\">\n<div class=\"kvgmc6g5 cxmmr5t8 oygrvhab hcukyx3x c1et5uql\">\n<div class=\"gmail-kvgmc6g5 gmail-cxmmr5t8 gmail-oygrvhab gmail-hcukyx3x gmail-c1et5uql gmail-ii04i59q\">\n<div class=\"page-title-head hgroup\">\n<div class=\"page-title-head hgroup\">\n<div class=\"b654a4as d2edcug0\">\n<div class=\"j83agx80 btwxx1t3 lhclo0ds hop8lmos nkwizq5d scwd0bx6 roh60bw9\">\n<div class=\"rq0escxv hkbzh7o3 jwdofwj8 n8tt0mok r8blr3vg hyh9befq\">\n<div class=\"do00u71z l9j0dhe7 k4urcfbm\">\n<div class=\"page-title-head hgroup\">\n<div class=\"page-title-head hgroup\">\n<div class=\"page-title-head hgroup\">\n<div class=\"page-title-head hgroup\">\n<div class=\"b654a4as d2edcug0\">\n<div class=\"page-title-head hgroup\">\n<div class=\"page-title-head hgroup\">\n<div class=\"page-title-head hgroup\">\n<div class=\"page-title-head hgroup\">\n<div class=\"b654a4as d2edcug0\">\n<div class=\"page-title-head hgroup\">\n<div class=\"page-title-head hgroup\">\n<div class=\"page-title-head hgroup\">\n<div class=\"page-title-head hgroup\">\n<div class=\"page-title-head hgroup\">\n<div class=\"page-title-head hgroup\">\n<div class=\"page-title-head hgroup\">\n<div class=\"page-title-head hgroup\">\n<div class=\"page-title-head hgroup\">\n<div class=\"b654a4as d2edcug0\">\n<div class=\"page-title-head hgroup\">\n<div class=\"page-title-head hgroup\">\n<div class=\"page-title-head hgroup\">\n<div class=\"page-title-head hgroup\">\n<div class=\"b654a4as d2edcug0\">\n<div class=\"page-title-head hgroup\">\n<div class=\"page-title-head hgroup\">\n<div class=\"page-title-head hgroup\">\n<div class=\"page-title-head hgroup\">\n<div class=\"page-title-head hgroup\">\n<div class=\"mkdf-post-text\">\n<div class=\"mkdf-post-text-inner\">\n<div class=\"mkdf-post-text-main\">\n<div class=\"mkdf-post-text\">\n<div class=\"mkdf-post-text-inner\">\n<div class=\"mkdf-post-text-main\">\n<div class=\"mkdf-post-text\">\n<div class=\"mkdf-post-text-inner\">\n<div class=\"mkdf-post-text-main\">\n<div class=\"page-title-head hgroup\">\n<div class=\"page-title-head hgroup\">\n<div class=\"mkdf-post-text\">\n<div class=\"mkdf-post-text-inner\">\n<div class=\"mkdf-post-text-main\">\n<div class=\"mkdf-post-text\">\n<div class=\"mkdf-post-text-inner\">\n<div class=\"mkdf-post-text-main\">\n<div class=\"page-title-head hgroup\">\n<div class=\"page-title-head hgroup\">\n<div class=\"page-title-head hgroup\">\n<div class=\"page-title-head hgroup\">\n<div class=\"b654a4as d2edcug0\">\n<div class=\"page-title-head hgroup\">\n<div class=\"page-title-head hgroup\">\n<div class=\"page-title-head hgroup\">\n<div class=\"page-title-head hgroup\">\n<div class=\"b654a4as d2edcug0\">\n<div class=\"page-title-head hgroup\">\n<div class=\"page-title-head hgroup\">\n<div class=\"page-title-head hgroup\">\n<div class=\"page-title-head hgroup\">\n<div class=\"b654a4as d2edcug0\">\n<h2><span style=\"color: #800080;\">I RACCONTI DI PAOLO SOPPELSA\u00a0<\/span><\/h2>\n<p><strong>LA RACCOLTA COMPLETA<\/strong><\/p>\n<blockquote class=\"wp-embedded-content\" data-secret=\"wy4wFbqfYk\"><p><a href=\"https:\/\/www.radiopiu.net\/wordpress\/i-racconti-di-paolo-soppelsa\/\">I racconti di Paolo Soppelsa<\/a><\/p><\/blockquote>\n<p><iframe loading=\"lazy\" class=\"wp-embedded-content\" sandbox=\"allow-scripts\" security=\"restricted\" style=\"position: absolute; clip: rect(1px, 1px, 1px, 1px);\" title=\"&#8220;I racconti di Paolo Soppelsa&#8221; &#8212; Radio Pi\u00f9\" src=\"https:\/\/www.radiopiu.net\/wordpress\/i-racconti-di-paolo-soppelsa\/embed\/#?secret=PWDPZMw1sH#?secret=wy4wFbqfYk\" data-secret=\"wy4wFbqfYk\" width=\"600\" height=\"338\" frameborder=\"0\" marginwidth=\"0\" marginheight=\"0\" scrolling=\"no\"><\/iframe><\/p>\n<p>&nbsp;<\/p>\n<hr \/>\n<p>&nbsp;<\/p>\n<\/div>\n<\/div>\n<\/div>\n<\/div>\n<\/div>\n<\/div>\n<\/div>\n<\/div>\n<\/div>\n<\/div>\n<\/div>\n<\/div>\n<\/div>\n<\/div>\n<\/div>\n<\/div>\n<\/div>\n<\/div>\n<\/div>\n<\/div>\n<\/div>\n<\/div>\n<\/div>\n<\/div>\n<\/div>\n<\/div>\n<\/div>\n<\/div>\n<\/div>\n<\/div>\n<\/div>\n<\/div>\n<\/div>\n<\/div>\n<\/div>\n<\/div>\n<\/div>\n<\/div>\n<\/div>\n<\/div>\n<\/div>\n<\/div>\n<\/div>\n<\/div>\n<\/div>\n<\/div>\n<\/div>\n<\/div>\n<\/div>\n<\/div>\n<\/div>\n<\/div>\n<\/div>\n<\/div>\n<\/div>\n<\/div>\n<\/div>\n<\/div>\n<\/div>\n<\/div>\n<\/div>\n<\/div>\n<\/div>\n<\/div>\n<\/div>\n<\/div>\n<\/div>\n<\/div>\n<\/div>\n<\/div>\n<\/div>\n<\/div>\n<\/div>\n<\/div>\n<\/div>\n<\/div>\n<\/div>\n<\/div>\n<\/div>\n<\/div>\n<\/div>\n<\/div>\n<\/div>\n<\/div>\n<\/div>\n<\/div>\n<\/div>\n<\/div>\n<\/div>\n<\/div>\n<\/div>\n<\/div>\n<\/div>\n<\/div>\n<\/div>\n<\/div>\n<\/div>\n<\/div>\n<\/div>\n<\/div>\n<\/div>\n<\/div>\n<\/div>\n<\/div>\n<\/div>\n<\/div>\n<\/div>\n<\/div>\n<\/div>\n<\/div>\n<\/div>\n<div class=\"b654a4as d2edcug0\">\n<div class=\"ecm0bbzt e5nlhep0 a8c37x1j\">\n<div class=\"kvgmc6g5 cxmmr5t8 oygrvhab hcukyx3x c1et5uql\">\n<div class=\"gmail-kvgmc6g5 gmail-cxmmr5t8 gmail-oygrvhab gmail-hcukyx3x gmail-c1et5uql gmail-ii04i59q\">\n<div>\n<div class=\"page-title-head hgroup\">\n<div class=\"page-title-head hgroup\">\n<div class=\"b654a4as d2edcug0\">\n<div class=\"j83agx80 btwxx1t3 lhclo0ds hop8lmos nkwizq5d scwd0bx6 roh60bw9\">\n<div class=\"rq0escxv hkbzh7o3 jwdofwj8 n8tt0mok r8blr3vg hyh9befq\">\n<div class=\"do00u71z l9j0dhe7 k4urcfbm\">\n<div>\n<div class=\"page-title-head hgroup\">\n<div class=\"page-title-head hgroup\">\n<div class=\"page-title-head hgroup\">\n<div class=\"page-title-head hgroup\">\n<div class=\"b654a4as d2edcug0\">\n<div class=\"page-title-head hgroup\">\n<div class=\"page-title-head hgroup\">\n<div class=\"page-title-head hgroup\">\n<div class=\"page-title-head hgroup\">\n<div class=\"b654a4as d2edcug0\">\n<div class=\"page-title-head hgroup\">\n<div class=\"page-title-head hgroup\">\n<div class=\"page-title-head hgroup\">\n<div class=\"page-title-head hgroup\">\n<div class=\"page-title-head hgroup\">\n<div class=\"mkdf-post-text\">\n<div class=\"mkdf-post-text-inner\">\n<div class=\"mkdf-post-text-main\">\n<div class=\"mkdf-post-text\">\n<div class=\"mkdf-post-text-inner\">\n<div class=\"mkdf-post-text-main\">\n<div class=\"mkdf-post-text\">\n<div class=\"mkdf-post-text-inner\">\n<div class=\"mkdf-post-text-main\">\n<div class=\"page-title-head hgroup\">\n<div class=\"page-title-head hgroup\">\n<div class=\"mkdf-post-text\">\n<div class=\"mkdf-post-text-inner\">\n<div class=\"mkdf-post-text-main\">\n<div class=\"mkdf-post-text\">\n<div class=\"mkdf-post-text-inner\">\n<div class=\"mkdf-post-text-main\">\n<div>\n<div class=\"page-title-head hgroup\">\n<div class=\"page-title-head hgroup\">\n<div>\n<div class=\"page-title-head hgroup\">\n<div class=\"page-title-head hgroup\">\n<div class=\"b654a4as d2edcug0\">\n<div>\n<div class=\"page-title-head hgroup\" style=\"text-align: left;\">\n<div class=\"page-title-head hgroup\">\n<div dir=\"auto\">\n<p><a class=\"dt-pswp-item pspw-wrap-ready\" href=\"https:\/\/i0.wp.com\/www.radiopiu.net\/wordpress\/wp-content\/uploads\/2018\/09\/WhatsApp-Image-2018-09-20-at-16.04.06.jpeg?ssl=1\" data-dt-img-description=\"\" data-large_image_width=\"800\" data-large_image_height=\"100\"><img loading=\"lazy\" decoding=\"async\" class=\"aligncenter wp-image-61378 size-full jetpack-lazy-image jetpack-lazy-image--handled\" src=\"https:\/\/i0.wp.com\/www.radiopiu.net\/wordpress\/wp-content\/uploads\/2018\/09\/WhatsApp-Image-2018-09-20-at-16.04.06.jpeg?resize=800%2C100&amp;ssl=1\" sizes=\"auto, (max-width: 800px) 100vw, 800px\" srcset=\"https:\/\/i0.wp.com\/www.radiopiu.net\/wordpress\/wp-content\/uploads\/2018\/09\/WhatsApp-Image-2018-09-20-at-16.04.06.jpeg?w=800&amp;ssl=1 800w, https:\/\/i0.wp.com\/www.radiopiu.net\/wordpress\/wp-content\/uploads\/2018\/09\/WhatsApp-Image-2018-09-20-at-16.04.06.jpeg?resize=300%2C38&amp;ssl=1 300w, https:\/\/i0.wp.com\/www.radiopiu.net\/wordpress\/wp-content\/uploads\/2018\/09\/WhatsApp-Image-2018-09-20-at-16.04.06.jpeg?resize=768%2C96&amp;ssl=1 768w\" alt=\"\" width=\"800\" height=\"100\" data-lazy-loaded=\"1\" \/><\/a><\/p>\n<\/div>\n<\/div>\n<\/div>\n<\/div>\n<\/div>\n<\/div>\n<\/div>\n<\/div>\n<\/div>\n<\/div>\n<\/div>\n<\/div>\n<\/div>\n<\/div>\n<\/div>\n<\/div>\n<\/div>\n<\/div>\n<\/div>\n<\/div>\n<\/div>\n<\/div>\n<\/div>\n<\/div>\n<\/div>\n<\/div>\n<\/div>\n<\/div>\n<\/div>\n<\/div>\n<\/div>\n<\/div>\n<\/div>\n<\/div>\n<\/div>\n<\/div>\n<\/div>\n<\/div>\n<\/div>\n<\/div>\n<\/div>\n<\/div>\n<\/div>\n<\/div>\n<\/div>\n<\/div>\n<\/div>\n<\/div>\n<\/div>\n<\/div>\n<\/div>\n<\/div>\n<\/div>\n<\/div>\n<\/div>\n<\/div>\n<\/div>\n<\/div>\n<\/div>\n<\/div>\n<\/div>\n<\/div>\n<\/div>\n<\/div>\n<\/div>\n<\/div>\n<\/div>\n<\/div>\n<\/div>\n<\/div>\n<\/div>\n<\/div>\n<\/div>\n<\/div>\n<\/div>\n<\/div>\n<\/div>\n<\/div>\n<\/div>\n<\/div>\n<\/div>\n<\/div>\n<\/div>\n<\/div>\n<\/div>\n<\/div>\n<\/div>\n<\/div>\n<\/div>\n<\/div>\n<\/div>\n<\/div>\n<\/div>\n<\/div>\n<\/div>\n<\/div>\n<\/div>\n<\/div>\n<\/div>\n<\/div>\n<\/div>\n<\/div>\n<\/div>\n<\/div>\n<\/div>\n<\/div>\n<\/div>\n<\/div>\n<\/div>\n<\/div>\n<\/div>\n<\/div>\n<\/div>\n<\/div>\n<\/div>\n<\/div>\n<\/div>\n<\/div>\n<\/div>\n<\/div>\n<\/div>\n<\/div>\n<\/div>\n<\/div>\n<\/div>\n<\/div>\n<\/div>\n<\/div>\n<\/div>\n<\/div>\n<\/div>\n<\/div>\n<\/div>\n<\/div>\n<\/div>\n<\/div>\n<\/div>\n<\/div>\n<\/div>\n<\/div>\n<\/div>\n<\/div>\n<\/div>\n<\/div>\n<\/div>\n<\/div>\n<\/div>\n<\/div>\n<\/div>\n<\/div>\n<\/div>\n<\/div>\n<\/div>\n<\/div>\n<\/div>\n<\/div>\n<\/div>\n<\/div>\n<\/div>\n<\/div>\n<\/div>\n<\/div>\n<\/div>\n<\/div>\n<\/div>\n<\/div>\n<\/div>\n<\/div>\n<\/div>\n<\/div>\n<\/div>\n<\/div>\n<\/div>\n<\/div>\n<\/div>\n<\/div>\n<\/div>\n<\/div>\n<\/div>\n<\/div>\n<\/div>\n<\/div>\n<\/div>\n<\/div>\n<\/div>\n<\/div>\n<\/div>\n<\/div>\n<\/div>\n<\/div>\n<\/div>\n<\/div>\n<\/div>\n<\/div>\n<\/div>\n<\/div>\n<\/div>\n<\/div>\n<\/div>\n<\/div>\n<\/div>\n<\/div>\n<\/div>\n<\/div>\n<\/div>\n<\/div>\n<\/div>\n<\/div>\n<\/div>\n<\/div>\n<\/div>\n<\/div>\n<\/div>\n<\/div>\n<\/div>\n<\/div>\n<\/div>\n<\/div>\n<\/div>\n<\/div>\n<\/div>\n<\/div>\n<\/div>\n<\/div>\n<\/div>\n<\/div>\n<\/div>\n<\/div>\n<\/div>\n<\/div>\n<p>&nbsp;<\/p>\n<div><center><b>Venerdi 3<\/b><\/center><b>Tempo atteso: <\/b>Presenza di nuvolosit\u00e0 alta, gi\u00e0 al mattino, la quale potrebbe velare o mascherare il sole, riducendo i tratti di sereno. Questa iniziale copertura nuvolosa, associata all&#8217;arrivo di aria calda in quota, inibir\u00e0 in parte la convezione ritardando il rischio di fenomeni, nel contempo la maggiore umidit\u00e0 far\u00e0 aumentare la loro probabilit\u00e0. Contesto termico caldo.<br \/>\n<b>Precipitazioni: <\/b>Al mattino assenti (0%). In seguito aumento della probabilit\u00e0 di rovesci e temporali sparsi, specie sulle Dolomiti (50-70%), rischio pi\u00f9 basso sulle Prealpi (30-50%). Non esclusi fenomeni localmente intensi e grandinigeni. Gli apporti saranno molto variabili, da 1 a 25\/30 mm.<br \/>\n<b>Temperature: <\/b>In generale lieve aumento a tutte le quote. Previste punte di 27\/29\u00b0C nei fondovalle prealpini e di 23\/25\u00b0C a 1000\/1200 m. Su Prealpi a 1500 m min 12\u00b0C, max 19\u00b0C; a 2000 m min 10\u00b0C, max 15\u00b0C. Su Dolomiti a 2000 m min 9\u00b0C, max 16\u00b0C; a 3000 m min 5\u00b0C, max 6\u00b0C.<br \/>\n<b>Venti: <\/b>Nelle valli perlopi\u00f9 deboli per brezze, localmente e a tratti moderati per rinforzi termodinamici nelle ore pi\u00f9 calde; in quota moderati\/tesi da sud-ovest, a 5-15 km\/h a 2000 m e a 20-45 km\/h a 3000 m.<\/p>\n<hr \/>\n<p><center><b>Sabato 4<\/b><\/center><b>Tempo atteso: <\/b>Tempo ben soleggiato con cielo sereno al mattino e poco nuvoloso al pomeriggio per modesta attivit\u00e0 cumuliforme, localmente moderata, senza rischio di fenomeni convettivi o quasi, tant&#8217;\u00e8 che il sole e il caldo saranno gli elementi salienti del giorno. Il maggiore soleggiamento porter\u00e0 le temperature diurne a spiccare ben oltre le medie del periodo.<br \/>\n<b>Precipitazioni: <\/b>Assenti (0%), senza poter escludere del tutto un singolo temporale di calore nel tardo pomeriggio\/sera (10%) sulle Dolomiti.<br \/>\n<b>Temperature: <\/b>In generale lieve aumento a tutte le quote. Previste punte di 28\/30\u00b0C nei fondovalle prealpini e di 24\/27\u00b0C a 1000\/1200 m. Su Prealpi a 1500 m min 14\u00b0C, max 21\u00b0C; a 2000 m min 12\u00b0C, max 17\u00b0C. Su Dolomiti a 2000 m min 11\u00b0C, max 18\u00b0C; a 3000 m min 5\u00b0C, max 7\u00b0C.<br \/>\n<b>Venti: <\/b>Nelle valli perlopi\u00f9 deboli per brezze, localmente e a tratti moderati per rinforzi termodinamici; in quota deboli da ovest nord-ovest, a tratti moderati per rinforzi erratici sulle cime, a 5-10 km\/h a 2000 m e a 10-20 km\/h a 3000 m.<\/p>\n<hr \/>\n<p><center><b>Domenica 5<\/b><\/center>Sole e contesto estivo fino a met\u00e0 pomeriggio. In seguito attivit\u00e0 cumuliforme pi\u00f9 presente rispetto, anche pi\u00f9 intensa, dapprima sulle Dolomiti, dove si verificher\u00e0 qualche temporale nel pomeriggio, prima che i fenomeni si generalizzino e si trasferiscano anche alle Prealpi e alla pedemontana verso sera. Contesto termico estivo. Nelle valli venti perlopi\u00f9 deboli\/moderati per brezze, senza escludiere rinforzi per raffiche temporalesche; in quota deboli\/moderati da sud-ovest.<\/p>\n<hr \/>\n<p><center><b>Lunedi 6<\/b><\/center>Nottetempo fase d&#8217;instabilit\u00e0 con rovesci e temporali. In seguito ampi rasserenamenti nel corso del mattino, prima che gli addensamenti cumuliformi tornino a svilupparsi dando luogo a nuovi rovesci e temporali pomeridiani. Temperature in generale calo. Nelle valli venti perlopi\u00f9 deboli per brezze, localmente e a tratti moderati per rinforzi termodinamici e raffiche temporalesche; in quota deboli\/moderati da nord-ovest al mattino e da sud-ovest al pomeriggio. Previsore: R.L.Th.<\/p>\n<\/div>\n<p><center><\/center>&nbsp;<\/p>\n<p>&nbsp;<\/p>\n<hr \/>\n<p>&nbsp;<\/p>\n<p>&nbsp;<\/p>\n<p><a href=\"https:\/\/www.radiopiu.net\/wordpress\/giornale-radiopiu-26-settembre-2018-direttore-mirko-mezzacasa\/viabilita-2\/\" rel=\"attachment wp-att-61954\"><img loading=\"lazy\" decoding=\"async\" class=\"aligncenter wp-image-61954 size-full\" src=\"https:\/\/www.radiopiu.net\/wordpress\/wp-content\/uploads\/2018\/09\/viabilita.jpeg\" sizes=\"auto, (max-width: 800px) 100vw, 800px\" srcset=\"https:\/\/www.radiopiu.net\/wordpress\/wp-content\/uploads\/2018\/09\/viabilita.jpeg 800w, https:\/\/www.radiopiu.net\/wordpress\/wp-content\/uploads\/2018\/09\/viabilita-300x38.jpeg 300w, https:\/\/www.radiopiu.net\/wordpress\/wp-content\/uploads\/2018\/09\/viabilita-768x96.jpeg 768w\" alt=\"\" width=\"800\" height=\"100\" \/><\/a><\/p>\n<p>&nbsp;<\/p>\n<blockquote class=\"wp-embedded-content\" data-secret=\"X46heGYHuI\"><p><a href=\"https:\/\/www.radiopiu.net\/wordpress\/viabilita\/\">viabilita<\/a><\/p><\/blockquote>\n<p><iframe loading=\"lazy\" class=\"wp-embedded-content\" sandbox=\"allow-scripts\" security=\"restricted\" style=\"position: absolute; clip: rect(1px, 1px, 1px, 1px);\" title=\"&#8220;viabilita&#8221; &#8212; Radio Pi\u00f9\" src=\"https:\/\/www.radiopiu.net\/wordpress\/viabilita\/embed\/#?secret=qhHuvEevYy#?secret=X46heGYHuI\" data-secret=\"X46heGYHuI\" width=\"600\" height=\"338\" frameborder=\"0\" marginwidth=\"0\" marginheight=\"0\" scrolling=\"no\"><\/iframe><\/p>\n<p>&nbsp;<\/p>\n<hr \/>\n<p>&nbsp;<\/p>\n<p>&nbsp;<\/p>\n<p><img loading=\"lazy\" decoding=\"async\" class=\"wp-image-60761 size-full aligncenter\" src=\"https:\/\/www.radiopiu.net\/wordpress\/wp-content\/uploads\/2018\/09\/sport.jpg\" alt=\"\" width=\"800\" height=\"100\" srcset=\"https:\/\/www.radiopiu.net\/wordpress\/wp-content\/uploads\/2018\/09\/sport.jpg 800w, https:\/\/www.radiopiu.net\/wordpress\/wp-content\/uploads\/2018\/09\/sport-300x38.jpg 300w, https:\/\/www.radiopiu.net\/wordpress\/wp-content\/uploads\/2018\/09\/sport-768x96.jpg 768w\" sizes=\"auto, (max-width: 800px) 100vw, 800px\" \/><\/p>\n<p>&nbsp;<\/p>\n<p><span style=\"color: #0000ff;\"><strong>KARATE<\/strong><\/span><\/p>\n<blockquote>\n<h3>MARIACHIARA BRONZO IN SLOVENIA, MARTINA ATTESA AI PROSSIMI APPUNTAMENTI<\/h3>\n<\/blockquote>\n<p>&nbsp;<\/p>\n<div class=\"articlePlainText\"><strong><a class=\"dt-pswp-item\" href=\"https:\/\/www.radiopiu.net\/wordpress\/wp-content\/uploads\/2022\/06\/AAA-1.jpg\" data-dt-img-description=\"\" data-large_image_width=\"228\" data-large_image_height=\"188\"><img loading=\"lazy\" decoding=\"async\" class=\"size-thumbnail wp-image-279259 alignleft\" src=\"https:\/\/www.radiopiu.net\/wordpress\/wp-content\/uploads\/2022\/06\/AAA-1-150x150.jpg\" alt=\"\" width=\"150\" height=\"150\" \/><\/a>POSTOJNA -AGORDO<\/strong> Un altro podio\u00a0 per la karateka\u00a0 Mariachiara Masoch. Dopo i successi in\u00a0 Zagabria, Rijeka e Opatija, la medaglia arriva in Slovenia. Nell&#8217;Open 2022 di Postojna, la portacolori del Karate Team Dolomiti ha ottenuto il bronzo nella classe Cadetti. Nella classe Juniores \u00e8 stata esclusa dalla finale per l&#8217;oro solo da un vistoso errore arbitrale sottolineato dalle riprese video e il quindi posto sta stretto. Non era in gara invece Martina Fuso, a causa di una slogatura occorsole ad Ostia durante il warm &#8211; up ai campionati italiani. Maya Pasotto, alla sua prima competizione ha portato a termine tre importanti incontri e ottiene un quinto posto negli Junior 59 kg e un settimo nei Senior al limite dei 61 kg. Prossimo appuntamento a Porec, in Croazia,\u00a0 dal 1 al 3 luglio con la\u00a0 competizione mondiale riservata ai giovani<\/div>\n<div class=\"articlePlainText\">\n<p><strong>foto: Il maestro di karate Vittorio Moreno con due atlete<\/strong><\/p>\n<\/div>\n<p>&nbsp;<\/p>\n<hr \/>\n<p>&nbsp;<\/p>\n<p><span style=\"color: #0000ff;\"><strong>CALCIO<\/strong><\/span><\/p>\n<blockquote>\n<h3>CONFERMATO ANCHE IL CAMPIONATO AGORDINO GIOVANILE<\/h3>\n<\/blockquote>\n<p><strong><a class=\"dt-pswp-item\" href=\"https:\/\/www.radiopiu.net\/wordpress\/wp-content\/uploads\/2019\/07\/pallone-calcio-2019.jpg\" data-dt-img-description=\"\" data-large_image_width=\"4460\" data-large_image_height=\"2977\"><img loading=\"lazy\" decoding=\"async\" class=\" wp-image-91405 alignleft\" src=\"https:\/\/www.radiopiu.net\/wordpress\/wp-content\/uploads\/2019\/07\/pallone-calcio-2019-150x150.jpg\" alt=\"\" width=\"107\" height=\"107\" \/><\/a>AGORDO<\/strong> Era nell&#8217;aria ma ora c&#8217;\u00e8 la certezza. Oltre al Campionato Agordino &#8220;Senior&#8221;, in questo 2022 ripartir\u00e0 anche il torneo a livello giovanile. Saranno 7 le squadre che si sfideranno per aggiudicarsi il titolo nella stagione della ripartenza. Era giusto anche per il movimento giovanile ripartire anche con la competizione dedicata agli under 14. Tra le novit\u00e0 l&#8217;iscrizione del Caprile che prender\u00e0 il posto dell&#8217;Alleghe che quest&#8217;anno ha alzato bandiera bianca.<\/p>\n<p><strong>ANDREA BALDASSI, RESPONSABILE DEL COMITATO CALCIO AGORDINO<\/strong><\/p>\n<audio class=\"wp-audio-shortcode\" id=\"audio-278997-18\" preload=\"none\" style=\"width: 100%;\" controls=\"controls\"><source type=\"audio\/mpeg\" src=\"https:\/\/www.radiopiu.net\/wordpress\/wp-content\/uploads\/2022\/06\/BALDASSI-CAMP-AGO-GIOVANILE.mp3?_=18\" \/><a href=\"https:\/\/www.radiopiu.net\/wordpress\/wp-content\/uploads\/2022\/06\/BALDASSI-CAMP-AGO-GIOVANILE.mp3\">https:\/\/www.radiopiu.net\/wordpress\/wp-content\/uploads\/2022\/06\/BALDASSI-CAMP-AGO-GIOVANILE.mp3<\/a><\/audio>\n<p>&nbsp;<\/p>\n<hr \/>\n<p>&nbsp;<\/p>\n<p><span style=\"color: #0000ff;\"><strong>MOTORI<\/strong><\/span><\/p>\n<blockquote>\n<h3>FINE SETTIMANA IN TERRA AUSTRIACA PER DENIS MEZZACASA<\/h3>\n<\/blockquote>\n<p><strong><a class=\"dt-pswp-item\" href=\"https:\/\/www.radiopiu.net\/wordpress\/wp-content\/uploads\/2022\/06\/c47cedd0-e20b-4cf6-9be8-e26531b325e4.jpg\" data-dt-img-description=\"\" data-large_image_width=\"1024\" data-large_image_height=\"683\"><img loading=\"lazy\" decoding=\"async\" class=\"size-thumbnail wp-image-279351 alignleft\" src=\"https:\/\/www.radiopiu.net\/wordpress\/wp-content\/uploads\/2022\/06\/c47cedd0-e20b-4cf6-9be8-e26531b325e4-150x150.jpg\" alt=\"\" width=\"150\" height=\"150\" \/><\/a>AGORDO<\/strong><\/p>\n<p>di Roberto Bona<\/p>\n<audio class=\"wp-audio-shortcode\" id=\"audio-278997-19\" preload=\"none\" style=\"width: 100%;\" controls=\"controls\"><source type=\"audio\/mpeg\" src=\"https:\/\/www.radiopiu.net\/wordpress\/wp-content\/uploads\/2022\/06\/BONA-DENIS-MEZZACASA-ZELTWEG.mp3?_=19\" \/><a href=\"https:\/\/www.radiopiu.net\/wordpress\/wp-content\/uploads\/2022\/06\/BONA-DENIS-MEZZACASA-ZELTWEG.mp3\">https:\/\/www.radiopiu.net\/wordpress\/wp-content\/uploads\/2022\/06\/BONA-DENIS-MEZZACASA-ZELTWEG.mp3<\/a><\/audio>\n<p>&nbsp;<\/p>\n<hr \/>\n<p>&nbsp;<\/p>\n<p><span style=\"color: #0000ff;\"><strong>PALLAVOLO<\/strong>\u00a0<\/span><\/p>\n<blockquote>\n<h3>GIOVANE, TALENTUOSO E VINCENTE: MARCO NOVELLO ALLA PALLAVOLO BELLUNO<\/h3>\n<\/blockquote>\n<p><a class=\"dt-pswp-item\" href=\"https:\/\/www.radiopiu.net\/wordpress\/wp-content\/uploads\/2022\/06\/Marco_Novello_nuovo_acquisto_DRL.jpg\" data-dt-img-description=\"VOLLEY PALLAVOLO - DEL MONTE COPPA ITALIA A3. Videx Grottazzolina - Tinet Prata Pordenone.\" data-large_image_width=\"1443\" data-large_image_height=\"962\"><img loading=\"lazy\" decoding=\"async\" class=\"wp-image-279309 size-thumbnail alignleft\" src=\"https:\/\/www.radiopiu.net\/wordpress\/wp-content\/uploads\/2022\/06\/Marco_Novello_nuovo_acquisto_DRL-150x150.jpg\" alt=\"\" width=\"150\" height=\"150\" \/><\/a><strong>BELLUNO <\/strong>In questa stagione ha vinto tutto ci\u00f2 che poteva vincere. E con un ruolo di spessore, non certo da comprimario. Arriva dalla Tinet Prata di Pordenone, la squadra artefice della doppietta Coppa Italia di A3 e promozione in A2.<span class=\"gmail-Apple-converted-space\"> \u00a0<\/span>Una squadra, la Tinet, che nell\u2019ultima giornata di regular season si \u00e8 esibita alla Spes Arena e ha superato in quattro set la Da Rold Logistics Belluno. Anche, e soprattutto, grazie al contributo del suo giovane opposto: un ragazzo che compir\u00e0 20 anni il prossimo 10 ottobre e che in quella circostanza, all\u2019Arena di Lambioi, ha siglato 22 punti &#8211; di gran lunga il miglior realizzatore dell\u2019incontro &#8211; nobilitati da 2 ace e altrettanti muri. \u00c8 Marco Novello. Ed \u00e8 anche il primo colpo di mercato della DRL in vista sella stagione 2022-2023. \u00abSiamo molto felici di annunciare l\u2019ingaggio di Novello &#8211; afferma il direttore generale Franco Da Re -. Era esattamente il tipo di giocatore che volevamo: ha grandi potenzialit\u00e0 e ulteriori margini di crescita. Siamo convinti che potr\u00e0 darci un contributo di rilievo\u00bb.<span class=\"gmail-Apple-converted-space\">\u00a0<\/span><\/p>\n<\/div>\n<\/div>\n<\/div>\n<\/div>\n<\/div>\n<\/div>\n<\/div>\n<\/div>\n<\/div>\n<\/div>\n<\/div>\n<\/div>\n<\/div>\n<\/div>\n<\/div>\n<\/div>\n<\/div>\n<\/div>\n<\/div>\n<\/div>\n<\/div>\n<\/div>\n<\/div>\n<\/div>\n<\/div>\n<\/div>\n<\/div>\n<\/div>\n<\/div>\n<\/div>\n<\/div>\n<\/div>\n<\/div>\n<\/div>\n<\/div>\n<\/div>\n<\/div>\n<\/div>\n<\/div>\n<\/div>\n<\/div>\n<\/div>\n<\/div>\n<\/div>\n<\/div>\n<\/div>\n<\/div>\n<\/div>\n<\/div>\n<\/div>\n<\/div>\n<\/div>\n<\/div>\n<\/div>\n<\/div>\n<\/div>\n<\/div>\n<\/div>\n<\/div>\n<\/div>\n<\/div>\n<\/div>\n<\/div>\n<\/div>\n<\/div>\n<\/div>\n<\/div>\n<\/div>\n<\/div>\n<\/div>\n<\/div>\n<\/div>\n<\/div>\n<\/div>\n<\/div>\n<\/div>\n<\/div>\n<\/div>\n<\/div>\n<\/div>\n<\/div>\n<\/div>\n<\/div>\n<\/div>\n<\/div>\n<\/div>\n<\/div>\n<\/div>\n<\/div>\n<\/div>\n<\/div>\n<\/div>\n<\/div>\n<\/div>\n<\/div>\n<\/div>\n<\/div>\n<\/div>\n<\/div>\n<\/div>\n<\/div>\n<\/div>\n<\/div>\n<\/div>\n<\/div>\n<\/div>\n<\/div>\n<\/div>\n<\/div>\n<\/div>\n<\/div>\n","protected":false},"excerpt":{"rendered":"<p>RADIO PIU INFORMAZIONE il canale su TELEGRAM informazione di prima\u00a0 mano e in tempo reale. iscriviti ed aiutaci a farlo conoscere\u00a0\u00a0 NEL GIORNO DEL COMPLEANNO DELL&#8217;ITALIA CONSEGNATE LE ONOREFICENZE BELLUNO Undici maestri del lavoro, due medaglie d&#8217;onore alla memoria, due ufficiali, tre cavalieri: 18 bellunesi sono stati premiati ieri pomeriggio al Palazzo dei Rettori. In&hellip;<\/p>\n","protected":false},"author":4,"featured_media":279318,"comment_status":"closed","ping_status":"closed","sticky":false,"template":"","format":"standard","meta":{"_monsterinsights_skip_tracking":false,"_monsterinsights_sitenote_active":false,"_monsterinsights_sitenote_note":"","_monsterinsights_sitenote_category":0,"footnotes":""},"categories":[104,86,49],"tags":[],"class_list":["post-278997","post","type-post","status-publish","format-standard","has-post-thumbnail","hentry","category-evidenza_3","category-gr","category-news-18","category-104","category-86","category-49","description-off"],"img_url":"https:\/\/www.radiopiu.net\/wordpress\/wp-content\/uploads\/2022\/06\/b9d0d01d-e05c-4d06-9a17-6b188c693bd7.jpg","_links":{"self":[{"href":"https:\/\/www.radiopiu.net\/wordpress\/wp-json\/wp\/v2\/posts\/278997","targetHints":{"allow":["GET"]}}],"collection":[{"href":"https:\/\/www.radiopiu.net\/wordpress\/wp-json\/wp\/v2\/posts"}],"about":[{"href":"https:\/\/www.radiopiu.net\/wordpress\/wp-json\/wp\/v2\/types\/post"}],"author":[{"embeddable":true,"href":"https:\/\/www.radiopiu.net\/wordpress\/wp-json\/wp\/v2\/users\/4"}],"replies":[{"embeddable":true,"href":"https:\/\/www.radiopiu.net\/wordpress\/wp-json\/wp\/v2\/comments?post=278997"}],"version-history":[{"count":0,"href":"https:\/\/www.radiopiu.net\/wordpress\/wp-json\/wp\/v2\/posts\/278997\/revisions"}],"wp:featuredmedia":[{"embeddable":true,"href":"https:\/\/www.radiopiu.net\/wordpress\/wp-json\/wp\/v2\/media\/279318"}],"wp:attachment":[{"href":"https:\/\/www.radiopiu.net\/wordpress\/wp-json\/wp\/v2\/media?parent=278997"}],"wp:term":[{"taxonomy":"category","embeddable":true,"href":"https:\/\/www.radiopiu.net\/wordpress\/wp-json\/wp\/v2\/categories?post=278997"},{"taxonomy":"post_tag","embeddable":true,"href":"https:\/\/www.radiopiu.net\/wordpress\/wp-json\/wp\/v2\/tags?post=278997"}],"curies":[{"name":"wp","href":"https:\/\/api.w.org\/{rel}","templated":true}]}}