{"id":279024,"date":"2022-06-01T05:54:21","date_gmt":"2022-06-01T03:54:21","guid":{"rendered":"https:\/\/www.radiopiu.net\/wordpress\/?p=279024"},"modified":"2022-06-01T06:15:12","modified_gmt":"2022-06-01T04:15:12","slug":"linail-al-follador-per-parlare-di-sicurezza","status":"publish","type":"post","link":"https:\/\/www.radiopiu.net\/wordpress\/linail-al-follador-per-parlare-di-sicurezza\/","title":{"rendered":"L&#8217;INAIL AL FOLLADOR PER PARLARE DI SICUREZZA\u00a0\u00a0"},"content":{"rendered":"<blockquote>\n<h3><\/h3>\n<\/blockquote>\n<p><strong>\u200b\u200b<a class=\"dt-pswp-item\" href=\"https:\/\/www.radiopiu.net\/wordpress\/wp-content\/uploads\/2022\/03\/FOLLADOR-AGORDO-1.jpg\" data-dt-img-description=\"\" data-large_image_width=\"1280\" data-large_image_height=\"720\"><img loading=\"lazy\" decoding=\"async\" class=\"wp-image-267095  alignleft\" src=\"https:\/\/www.radiopiu.net\/wordpress\/wp-content\/uploads\/2022\/03\/FOLLADOR-AGORDO-1-300x169.jpg\" alt=\"\" width=\"343\" height=\"193\" srcset=\"https:\/\/www.radiopiu.net\/wordpress\/wp-content\/uploads\/2022\/03\/FOLLADOR-AGORDO-1-300x169.jpg 300w, https:\/\/www.radiopiu.net\/wordpress\/wp-content\/uploads\/2022\/03\/FOLLADOR-AGORDO-1-1024x576.jpg 1024w, https:\/\/www.radiopiu.net\/wordpress\/wp-content\/uploads\/2022\/03\/FOLLADOR-AGORDO-1-768x432.jpg 768w, https:\/\/www.radiopiu.net\/wordpress\/wp-content\/uploads\/2022\/03\/FOLLADOR-AGORDO-1.jpg 1280w\" sizes=\"auto, (max-width: 343px) 100vw, 343px\" \/><\/a>\u200bAGORDO<\/strong> Prosegue\u00a0 ad Agordo il ciclo di appuntamenti con gli studenti delle ultime classi degli istituti superiori del Veneto per la sensibilizzazione sulla prevenzione degli incidenti stradali. La sede di Belluno dell&#8217;Inail, in collaborazione con i vigili del fuoco, ha organizzato all&#8217;Istituto Follador-De Rossi un incontro per approfondire il tema dei rischi della strada ed incentivare ad una guida sicura. Il programma della mattinata prevede: l&#8217;apertura dei lavori del direttore della sede territoriale Inail di Treviso e Belluno, Paola Durastante, ideatrice del progetto; un confronto tra i giovani neopatentati o in procinto di prendere la patente e i vigili del fuoco con Salvatore Turria della direzione interregionale Vvff per capire meglio le dinamiche pi\u00f9 frequenti degli incidenti stradali; un intervento di un istruttore qualificato, Fabio Vivian, che individuer\u00e0 i pericoli della strada e le tecniche per una guida consapevole; infine sar\u00e0 presente un infortunato sul lavoro, Luca Palla, assistito Inail, che racconter\u00e0 la sua esperienza in merito all&#8217;infortunio, la forza messa in campo per la riabilitazione e il ritorno alla vita familiare, sociale e lavorativa.<\/p>\n","protected":false},"excerpt":{"rendered":"<p>\u200b\u200b\u200bAGORDO Prosegue\u00a0 ad Agordo il ciclo di appuntamenti con gli studenti delle ultime classi degli istituti superiori del Veneto per la sensibilizzazione sulla prevenzione degli incidenti stradali. La sede di Belluno dell&#8217;Inail, in collaborazione con i vigili del fuoco, ha organizzato all&#8217;Istituto Follador-De Rossi un incontro per approfondire il tema dei rischi della strada ed&hellip;<\/p>\n","protected":false},"author":4,"featured_media":267095,"comment_status":"closed","ping_status":"closed","sticky":false,"template":"","format":"standard","meta":{"_monsterinsights_skip_tracking":false,"_monsterinsights_sitenote_active":false,"_monsterinsights_sitenote_note":"","_monsterinsights_sitenote_category":0,"footnotes":""},"categories":[104,49],"tags":[],"class_list":["post-279024","post","type-post","status-publish","format-standard","has-post-thumbnail","hentry","category-evidenza_3","category-news-18","category-104","category-49","description-off"],"img_url":"https:\/\/www.radiopiu.net\/wordpress\/wp-content\/uploads\/2022\/03\/FOLLADOR-AGORDO-1.jpg","_links":{"self":[{"href":"https:\/\/www.radiopiu.net\/wordpress\/wp-json\/wp\/v2\/posts\/279024","targetHints":{"allow":["GET"]}}],"collection":[{"href":"https:\/\/www.radiopiu.net\/wordpress\/wp-json\/wp\/v2\/posts"}],"about":[{"href":"https:\/\/www.radiopiu.net\/wordpress\/wp-json\/wp\/v2\/types\/post"}],"author":[{"embeddable":true,"href":"https:\/\/www.radiopiu.net\/wordpress\/wp-json\/wp\/v2\/users\/4"}],"replies":[{"embeddable":true,"href":"https:\/\/www.radiopiu.net\/wordpress\/wp-json\/wp\/v2\/comments?post=279024"}],"version-history":[{"count":0,"href":"https:\/\/www.radiopiu.net\/wordpress\/wp-json\/wp\/v2\/posts\/279024\/revisions"}],"wp:featuredmedia":[{"embeddable":true,"href":"https:\/\/www.radiopiu.net\/wordpress\/wp-json\/wp\/v2\/media\/267095"}],"wp:attachment":[{"href":"https:\/\/www.radiopiu.net\/wordpress\/wp-json\/wp\/v2\/media?parent=279024"}],"wp:term":[{"taxonomy":"category","embeddable":true,"href":"https:\/\/www.radiopiu.net\/wordpress\/wp-json\/wp\/v2\/categories?post=279024"},{"taxonomy":"post_tag","embeddable":true,"href":"https:\/\/www.radiopiu.net\/wordpress\/wp-json\/wp\/v2\/tags?post=279024"}],"curies":[{"name":"wp","href":"https:\/\/api.w.org\/{rel}","templated":true}]}}