{"id":279058,"date":"2022-05-02T05:51:06","date_gmt":"2022-05-02T03:51:06","guid":{"rendered":"https:\/\/www.radiopiu.net\/wordpress\/?p=279058"},"modified":"2022-06-02T06:04:00","modified_gmt":"2022-06-02T04:04:00","slug":"cacciatore-cade-da-unaltana-e-perde-la-vita","status":"publish","type":"post","link":"https:\/\/www.radiopiu.net\/wordpress\/cacciatore-cade-da-unaltana-e-perde-la-vita\/","title":{"rendered":"CACCIATORE CADE DA UN&#8217;ALTANA E PERDE LA VITA"},"content":{"rendered":"<p><strong><a class=\"dt-pswp-item\" href=\"https:\/\/www.radiopiu.net\/wordpress\/wp-content\/uploads\/2022\/06\/Senza-nome.jpg\" data-dt-img-description=\"\" data-large_image_width=\"238\" data-large_image_height=\"224\"><img loading=\"lazy\" decoding=\"async\" class=\"size-thumbnail wp-image-279133 alignleft\" src=\"https:\/\/www.radiopiu.net\/wordpress\/wp-content\/uploads\/2022\/06\/Senza-nome-150x150.jpg\" alt=\"\" width=\"150\" height=\"150\" \/><\/a>CHIES D&#8217;ALPAGO<\/strong> Questa notte, verso le 3, il Soccorso alpino dell&#8217;Alpago \u00e8 stato attivato dalla Centrale del 118, per un cacciatore che ha perso la vita dopo essere precipitato da un&#8217;altana nei boschi sotto Pian Formosa. Gianluca Barattin, 49 anni, di Chies d&#8217;Alpago, attorno a mezzanotte ha chiamato il cugino dicendogli che aveva ucciso un cinghiale, che sarebbe sceso, rientrato e assieme sarebbero tornat\u00ec a prenderlo. Non vedendolo pi\u00f9 arrivare, il cugino si \u00e8 recato sul posto trovando il corpo esanime alla base dell&#8217;albero, da dove era caduto, non si sa se scivolato o se per un malore, da un&#8217;altezza di una quindicina di metri. Sei soccorritori hanno scortato l&#8217;ambulanza sulla strada bianca nelle vicinanze, per poi proseguire un altro tratto in fuoristrada con a bordo personale medico e Carabinieri fin dove possibile e raggiungere infine a piedi il luogo dell&#8217;incidente. Constatato il decesso e avuto dalla magistratura il nulla osta per la rimozione, la salma \u00e8 stata imbarellata e trasportata fino alla strada, dove \u00e8 stata affidata al carro funebre.<\/p>\n<p>&nbsp;<\/p>\n<p>&nbsp;<\/p>\n<hr \/>\n<p>&nbsp;<\/p>\n","protected":false},"excerpt":{"rendered":"<p>CHIES D&#8217;ALPAGO Questa notte, verso le 3, il Soccorso alpino dell&#8217;Alpago \u00e8 stato attivato dalla Centrale del 118, per un cacciatore che ha perso la vita dopo essere precipitato da un&#8217;altana nei boschi sotto Pian Formosa. Gianluca Barattin, 49 anni, di Chies d&#8217;Alpago, attorno a mezzanotte ha chiamato il cugino dicendogli che aveva ucciso un&hellip;<\/p>\n","protected":false},"author":4,"featured_media":279133,"comment_status":"closed","ping_status":"closed","sticky":false,"template":"","format":"standard","meta":{"_monsterinsights_skip_tracking":false,"_monsterinsights_sitenote_active":false,"_monsterinsights_sitenote_note":"","_monsterinsights_sitenote_category":0,"footnotes":""},"categories":[51,49],"tags":[],"class_list":["post-279058","post","type-post","status-publish","format-standard","has-post-thumbnail","hentry","category-evidenza-top","category-news-18","category-51","category-49","description-off"],"img_url":"https:\/\/www.radiopiu.net\/wordpress\/wp-content\/uploads\/2022\/06\/Senza-nome.jpg","_links":{"self":[{"href":"https:\/\/www.radiopiu.net\/wordpress\/wp-json\/wp\/v2\/posts\/279058","targetHints":{"allow":["GET"]}}],"collection":[{"href":"https:\/\/www.radiopiu.net\/wordpress\/wp-json\/wp\/v2\/posts"}],"about":[{"href":"https:\/\/www.radiopiu.net\/wordpress\/wp-json\/wp\/v2\/types\/post"}],"author":[{"embeddable":true,"href":"https:\/\/www.radiopiu.net\/wordpress\/wp-json\/wp\/v2\/users\/4"}],"replies":[{"embeddable":true,"href":"https:\/\/www.radiopiu.net\/wordpress\/wp-json\/wp\/v2\/comments?post=279058"}],"version-history":[{"count":0,"href":"https:\/\/www.radiopiu.net\/wordpress\/wp-json\/wp\/v2\/posts\/279058\/revisions"}],"wp:featuredmedia":[{"embeddable":true,"href":"https:\/\/www.radiopiu.net\/wordpress\/wp-json\/wp\/v2\/media\/279133"}],"wp:attachment":[{"href":"https:\/\/www.radiopiu.net\/wordpress\/wp-json\/wp\/v2\/media?parent=279058"}],"wp:term":[{"taxonomy":"category","embeddable":true,"href":"https:\/\/www.radiopiu.net\/wordpress\/wp-json\/wp\/v2\/categories?post=279058"},{"taxonomy":"post_tag","embeddable":true,"href":"https:\/\/www.radiopiu.net\/wordpress\/wp-json\/wp\/v2\/tags?post=279058"}],"curies":[{"name":"wp","href":"https:\/\/api.w.org\/{rel}","templated":true}]}}