{"id":279158,"date":"2022-06-02T05:49:08","date_gmt":"2022-06-02T03:49:08","guid":{"rendered":"https:\/\/www.radiopiu.net\/wordpress\/?p=279158"},"modified":"2022-06-02T05:58:56","modified_gmt":"2022-06-02T03:58:56","slug":"disabilita-e-lavoro-32-000-gli-occupati-in-veneto-oltre-il-70-delle-aziende-in-regola-con-la-normativa-sul-collocamento-mirato","status":"publish","type":"post","link":"https:\/\/www.radiopiu.net\/wordpress\/disabilita-e-lavoro-32-000-gli-occupati-in-veneto-oltre-il-70-delle-aziende-in-regola-con-la-normativa-sul-collocamento-mirato\/","title":{"rendered":"DISABILITA\u2019 E LAVORO: 32.000 GLI OCCUPATI IN VENETO, OLTRE IL 70% DELLE AZIENDE IN REGOLA CON LA NORMATIVA SUL COLLOCAMENTO MIRATO"},"content":{"rendered":"<p><strong><a class=\"dt-pswp-item\" href=\"https:\/\/www.radiopiu.net\/wordpress\/wp-content\/uploads\/2022\/03\/Logo_VenetoLavoro.png\" data-dt-img-description=\"\" data-large_image_width=\"1791\" data-large_image_height=\"482\"><img loading=\"lazy\" decoding=\"async\" class=\"wp-image-264807  alignleft\" src=\"https:\/\/www.radiopiu.net\/wordpress\/wp-content\/uploads\/2022\/03\/Logo_VenetoLavoro-300x81.png\" alt=\"\" width=\"252\" height=\"68\" srcset=\"https:\/\/www.radiopiu.net\/wordpress\/wp-content\/uploads\/2022\/03\/Logo_VenetoLavoro-300x81.png 300w, https:\/\/www.radiopiu.net\/wordpress\/wp-content\/uploads\/2022\/03\/Logo_VenetoLavoro-1024x276.png 1024w, https:\/\/www.radiopiu.net\/wordpress\/wp-content\/uploads\/2022\/03\/Logo_VenetoLavoro-768x207.png 768w, https:\/\/www.radiopiu.net\/wordpress\/wp-content\/uploads\/2022\/03\/Logo_VenetoLavoro-1536x413.png 1536w, https:\/\/www.radiopiu.net\/wordpress\/wp-content\/uploads\/2022\/03\/Logo_VenetoLavoro.png 1791w\" sizes=\"auto, (max-width: 252px) 100vw, 252px\" \/><\/a>VENEZIA <\/strong>Sono circa 32.000 le persone con disabilit\u00e0 occupate in Veneto presso 19.300 aziende pubbliche e private, un dato in lieve crescita rispetto al 2020 e al 2019. Oltre IL 70% delle aziende soggette agli obblighi di assunzione risulta in regola con la normativa in materia di collocamento mirato e su un totale di circa 47 mila posti di lavoro \u201criservati\u201d, solo 9 mila risultano scoperti. A delineare il quadro dell\u2019inclusione lavorativa delle persone con disabilit\u00e0 in Veneto \u00e8 l\u2019annuale report dell\u2019Osservatorio di Veneto Lavoro, che conferma il carattere strutturale dell\u2019occupazione per questa categoria di lavoratori. Ai sensi della normativa vigente tutti i datori di lavoro con almeno 15 dipendenti sono obbligati ad assumere un numero di disabili (quota di riserva) in funzione della dimensione d\u2019impresa. Sono tuttavia previste condizioni di esonero o sospensioni, ad esempio per le imprese in crisi, e compensazioni territoriali per imprese multilocalizzate. La gestione dell\u2019obbligo, inoltre, pu\u00f2 avvenire mediante la stipula di apposite convenzioni o affidando commesse di lavoro alle cooperative sociali di tipo B (composte per almeno il 30% da lavoratori in condizioni di svantaggio). In base ai criteri definiti dalla normativa, in Veneto i posti di lavoro riservati alle persone con disabilit\u00e0 sono complessivamente 47.154, di cui 31.093 risultano attualmente coperti e 15.744 scoperti. Al netto delle coperture garantite dalle convenzioni in essere e delle posizioni relative ad aziende che hanno chiesto la sospensione dell\u2019obbligo, le posizioni scoperte si riducono per\u00f2 a 8.930, per un tasso di scopertura netto, ovvero il rapporto tra posizioni lavorative scoperte e posizioni riservate, che si pu\u00f2 stimare attorno al 19%, solo lievemente superiore a quello registrato nel 2019. Il 54% delle aziende risulta aver adempiuto pienamente agli obblighi di assunzione, percentuale che sale al 72% analizzando i tassi netti. Le maggiori difficolt\u00e0 ad assolvere gli obblighi di assunzione si riscontrano nelle aziende pi\u00f9 grandi, tenute a inserire pi\u00f9 di 35 disabili, e all\u2019opposto in quelle pi\u00f9 piccole, tenute ad assumere una sola persona. A livello settoriale, i livelli pi\u00f9 elevati di copertura si riscontrano nel settore del credito, nel farmaceutico e nelle utilities, mentre agricoltura e industria estrattiva sono quelli che presentano le maggiori difficolt\u00e0 in termini di assolvimento dell\u2019obbligo. I disabili in condizione di disoccupazione e iscritti al collocamento mirato al 31 dicembre 2021 risultano 32.513, di cui 6.556 a Verona, 6.073 a Padova, 5.948 a Treviso, 5.654 a Venezia, 5.242 a Vicenza, 2.111 a Rovigo e 929 a Belluno. Si tratta prevalentemente di uomini, con cittadinanza italiana ed et\u00e0 superiore ai 40 anni, spesso in possesso della sola licenza media. Come per la generalit\u00e0 degli utenti iscritti ai Centri per l\u2019Impiego, il numero \u00e8 probabilmente sovrastimato in quanto in molti casi non viene segnalato agli operatori il passaggio dalla disoccupazione all\u2019inattivit\u00e0 o alla professione autonoma (pensionamenti, condizioni di salute, limiti di et\u00e0 ecc.). Entro 12 mesi la met\u00e0 degli iscritti ha avviato un rapporto di lavoro, spesso gi\u00e0 entro il primo mese, con tassi sensibilmente pi\u00f9 elevati al crescere del titolo di studio (58% per i possessori di diploma, 68% i laureati). A livello normativo, da segnalare nell\u2019ultimo anno la pubblicazione del Decreto Ministeriale n. 43 dell\u201911 marzo 2022, che non ha modificato la normativa in essere ma ha fornito linee guida di indirizzo e coordinamento in materia di collocamento mirato, promuovendo in particolare le reti tra soggetti che operano nel campo dell\u2019integrazione lavorativa e inserimento occupazionale, accordi territoriali, analisi dei posti di lavoro e l\u2019istituzione di un responsabile dell\u2019inserimento lavorativo (<em>disability manager<\/em>) delle persone con disabilit\u00e0 presso i luoghi di lavoro. In Veneto, l\u2019impianto delle misure regionali a supporto del lavoro dei disabili \u00e8 attualmente costituito da agevolazioni ai datori di lavoro per l\u2019assunzione di persone con disabilit\u00e0 (anche a tempo determinato), sostegno alla realizzazione di esperienze di tirocinio e di supporto per l\u2019incremento dei livelli di istruzione, rimborsi ai datori di lavoro dei costi aggiuntivi per l\u2019adattamento dei posti di lavoro derivanti dalla pandemia, supporto alle azioni di orientamento e accompagnamento al lavoro anche tramite forme di transizione scuola-lavoro, un \u201cvoucher per il lavoro rafforzato\u201d per la partecipazione a percorsi personalizzati di formazione e accompagnamento, corsi di <em>disability management<\/em> e misure per favorire la nascita di startup condotte da persone con disabilit\u00e0.<\/p>\n<p>&nbsp;<\/p>\n<p>&nbsp;<\/p>\n<p>*****<\/p>\n","protected":false},"excerpt":{"rendered":"<p>VENEZIA Sono circa 32.000 le persone con disabilit\u00e0 occupate in Veneto presso 19.300 aziende pubbliche e private, un dato in lieve crescita rispetto al 2020 e al 2019. Oltre IL 70% delle aziende soggette agli obblighi di assunzione risulta in regola con la normativa in materia di collocamento mirato e su un totale di circa&hellip;<\/p>\n","protected":false},"author":4,"featured_media":264807,"comment_status":"closed","ping_status":"closed","sticky":false,"template":"","format":"standard","meta":{"_monsterinsights_skip_tracking":false,"_monsterinsights_sitenote_active":false,"_monsterinsights_sitenote_note":"","_monsterinsights_sitenote_category":0,"footnotes":""},"categories":[51,49],"tags":[],"class_list":["post-279158","post","type-post","status-publish","format-standard","has-post-thumbnail","hentry","category-evidenza-top","category-news-18","category-51","category-49","description-off"],"img_url":"https:\/\/www.radiopiu.net\/wordpress\/wp-content\/uploads\/2022\/03\/Logo_VenetoLavoro.png","_links":{"self":[{"href":"https:\/\/www.radiopiu.net\/wordpress\/wp-json\/wp\/v2\/posts\/279158","targetHints":{"allow":["GET"]}}],"collection":[{"href":"https:\/\/www.radiopiu.net\/wordpress\/wp-json\/wp\/v2\/posts"}],"about":[{"href":"https:\/\/www.radiopiu.net\/wordpress\/wp-json\/wp\/v2\/types\/post"}],"author":[{"embeddable":true,"href":"https:\/\/www.radiopiu.net\/wordpress\/wp-json\/wp\/v2\/users\/4"}],"replies":[{"embeddable":true,"href":"https:\/\/www.radiopiu.net\/wordpress\/wp-json\/wp\/v2\/comments?post=279158"}],"version-history":[{"count":0,"href":"https:\/\/www.radiopiu.net\/wordpress\/wp-json\/wp\/v2\/posts\/279158\/revisions"}],"wp:featuredmedia":[{"embeddable":true,"href":"https:\/\/www.radiopiu.net\/wordpress\/wp-json\/wp\/v2\/media\/264807"}],"wp:attachment":[{"href":"https:\/\/www.radiopiu.net\/wordpress\/wp-json\/wp\/v2\/media?parent=279158"}],"wp:term":[{"taxonomy":"category","embeddable":true,"href":"https:\/\/www.radiopiu.net\/wordpress\/wp-json\/wp\/v2\/categories?post=279158"},{"taxonomy":"post_tag","embeddable":true,"href":"https:\/\/www.radiopiu.net\/wordpress\/wp-json\/wp\/v2\/tags?post=279158"}],"curies":[{"name":"wp","href":"https:\/\/api.w.org\/{rel}","templated":true}]}}