{"id":279227,"date":"2022-06-03T05:09:21","date_gmt":"2022-06-03T03:09:21","guid":{"rendered":"https:\/\/www.radiopiu.net\/wordpress\/?p=279227"},"modified":"2022-06-03T05:52:18","modified_gmt":"2022-06-03T03:52:18","slug":"finanziata-con-i-fondi-comuni-di-confine-la-ristrutturazione-della-casa-di-riposo-di-val-di-zoldo","status":"publish","type":"post","link":"https:\/\/www.radiopiu.net\/wordpress\/finanziata-con-i-fondi-comuni-di-confine-la-ristrutturazione-della-casa-di-riposo-di-val-di-zoldo\/","title":{"rendered":"FINANZIATA CON I FONDI COMUNI DI CONFINE LA RISTRUTTURAZIONE DELLA CASA DI RIPOSO DI VAL DI ZOLDO"},"content":{"rendered":"<p><img loading=\"lazy\" decoding=\"async\" class=\"size-thumbnail wp-image-279284 alignleft\" src=\"https:\/\/www.radiopiu.net\/wordpress\/wp-content\/uploads\/2022\/06\/casa-di-riposo-zoldo-9azienda-servizi-150x150.jpg\" alt=\"\" width=\"150\" height=\"150\" \/><\/p>\n<p><strong>VAL DI ZOLDO<\/strong> Il Fondo Comuni di Confine ha finanziato la ristrutturazione della casa di riposo &#8220;A. Santin&#8221; di Val Di Zoldo. Sono 3.750.000 euro i soldi stanziati su una spesa di 5.300.000 per il progetto complessivo. &#8220;Questo traguardo \u00e8 importantissimo perch\u00e9 ci permette di dare continuit\u00e0 alla struttura, adeguandola agli standard regionali, migliorandola e rendendola pi\u00f9 moderna e confortevole, oltre a rappresentare la base per garantire un numero importante di posti di lavoro &#8211; dice il primo cittadino di Val Di Zoldo Camillo De Pellegrin &#8211; La consapevolezza dell\u2019impegno profuso negli anni da parte di tutte le amministrazioni comunali dell\u2019ex comune di Forno per mantenere vivo il presidio sul territorio ci ha spinti ad individuare questo progetto tra quelli da proporre nell&#8217;ambito della concertazione per il riparto dei fondi di confine di area vasta. A questo proposito ricordo che la fusione dei comuni ha permesso all\u2019ex territorio del comune di Forno di diventare comune di seconda fascia (prima lo era solo Zoldo Alto) e di garantire quindi l\u2019accesso al finanziamento. In effetti la nostra casa di risposo rappresenta un luogo degli affetti per gli abitanti della valle, senza distinzione alcuna e un polo di attivit\u00e0 di volontariato encomiabile &#8211; <img loading=\"lazy\" decoding=\"async\" class=\"size-thumbnail wp-image-254798 alignright\" src=\"https:\/\/www.radiopiu.net\/wordpress\/wp-content\/uploads\/2022\/01\/28056423_1570743069705719_9091845138820201561_n-150x150.jpg\" alt=\"\" width=\"150\" height=\"150\" srcset=\"https:\/\/www.radiopiu.net\/wordpress\/wp-content\/uploads\/2022\/01\/28056423_1570743069705719_9091845138820201561_n-150x150.jpg 150w, https:\/\/www.radiopiu.net\/wordpress\/wp-content\/uploads\/2022\/01\/28056423_1570743069705719_9091845138820201561_n-300x300.jpg 300w, https:\/\/www.radiopiu.net\/wordpress\/wp-content\/uploads\/2022\/01\/28056423_1570743069705719_9091845138820201561_n-768x767.jpg 768w, https:\/\/www.radiopiu.net\/wordpress\/wp-content\/uploads\/2022\/01\/28056423_1570743069705719_9091845138820201561_n.jpg 960w\" sizes=\"auto, (max-width: 150px) 100vw, 150px\" \/>continua il sindaco &#8211; Per questo risultato desidero ringraziare innanzitutto i nostri collaboratori comunali e quelli dell\u2019azienda che in questi anni ci hanno sostenuti e affiancati in questo percorso che dura da pi\u00f9 di 6 anni. Un grazie alla struttura dei fondi di confine, con sede in Provincia di Belluno, per la costanza nel perseguire i risultati in un costante rapporto di confronto con i nostri vicini di Trento e con i comuni di confine bellunesi. Non per ultimi i sindaci dei comuni dell\u2019agordino che hanno compreso la valenza di questo progetto e insieme a noi lo hanno sostenuto e portato al tavolo provinciale per il finanziamento. Ora ci aspetta l\u2019ultimo miglio per la cantierabilita\u2019 e di questi tempi non sar\u00e0 certo facile!&#8221;<\/p>\n<p>&nbsp;<\/p>\n<p>&nbsp;<\/p>\n<p>******<\/p>\n","protected":false},"excerpt":{"rendered":"<p>VAL DI ZOLDO Il Fondo Comuni di Confine ha finanziato la ristrutturazione della casa di riposo &#8220;A. Santin&#8221; di Val Di Zoldo. Sono 3.750.000 euro i soldi stanziati su una spesa di 5.300.000 per il progetto complessivo. &#8220;Questo traguardo \u00e8 importantissimo perch\u00e9 ci permette di dare continuit\u00e0 alla struttura, adeguandola agli standard regionali, migliorandola e&hellip;<\/p>\n","protected":false},"author":4,"featured_media":279284,"comment_status":"closed","ping_status":"closed","sticky":false,"template":"","format":"standard","meta":{"_monsterinsights_skip_tracking":false,"_monsterinsights_sitenote_active":false,"_monsterinsights_sitenote_note":"","_monsterinsights_sitenote_category":0,"footnotes":""},"categories":[104,49],"tags":[],"class_list":["post-279227","post","type-post","status-publish","format-standard","has-post-thumbnail","hentry","category-evidenza_3","category-news-18","category-104","category-49","description-off"],"img_url":"https:\/\/www.radiopiu.net\/wordpress\/wp-content\/uploads\/2022\/06\/casa-di-riposo-zoldo-9azienda-servizi.jpg","_links":{"self":[{"href":"https:\/\/www.radiopiu.net\/wordpress\/wp-json\/wp\/v2\/posts\/279227","targetHints":{"allow":["GET"]}}],"collection":[{"href":"https:\/\/www.radiopiu.net\/wordpress\/wp-json\/wp\/v2\/posts"}],"about":[{"href":"https:\/\/www.radiopiu.net\/wordpress\/wp-json\/wp\/v2\/types\/post"}],"author":[{"embeddable":true,"href":"https:\/\/www.radiopiu.net\/wordpress\/wp-json\/wp\/v2\/users\/4"}],"replies":[{"embeddable":true,"href":"https:\/\/www.radiopiu.net\/wordpress\/wp-json\/wp\/v2\/comments?post=279227"}],"version-history":[{"count":0,"href":"https:\/\/www.radiopiu.net\/wordpress\/wp-json\/wp\/v2\/posts\/279227\/revisions"}],"wp:featuredmedia":[{"embeddable":true,"href":"https:\/\/www.radiopiu.net\/wordpress\/wp-json\/wp\/v2\/media\/279284"}],"wp:attachment":[{"href":"https:\/\/www.radiopiu.net\/wordpress\/wp-json\/wp\/v2\/media?parent=279227"}],"wp:term":[{"taxonomy":"category","embeddable":true,"href":"https:\/\/www.radiopiu.net\/wordpress\/wp-json\/wp\/v2\/categories?post=279227"},{"taxonomy":"post_tag","embeddable":true,"href":"https:\/\/www.radiopiu.net\/wordpress\/wp-json\/wp\/v2\/tags?post=279227"}],"curies":[{"name":"wp","href":"https:\/\/api.w.org\/{rel}","templated":true}]}}