{"id":279255,"date":"2022-06-02T05:54:15","date_gmt":"2022-06-02T03:54:15","guid":{"rendered":"https:\/\/www.radiopiu.net\/wordpress\/?p=279255"},"modified":"2022-06-02T05:57:30","modified_gmt":"2022-06-02T03:57:30","slug":"pestaggio-a-macerata-albanesi-rinviati-a-giudizio","status":"publish","type":"post","link":"https:\/\/www.radiopiu.net\/wordpress\/pestaggio-a-macerata-albanesi-rinviati-a-giudizio\/","title":{"rendered":"PESTAGGIO A MACERATA, ALBANESI RINVIATI A GIUDIZIO"},"content":{"rendered":"<p><strong>OGGI SUL CORRIERE DELLE ALPI<\/strong><\/p>\n<p><a class=\"dt-pswp-item\" href=\"https:\/\/www.radiopiu.net\/wordpress\/wp-content\/uploads\/2022\/06\/AAA.jpg\" data-dt-img-description=\"\" data-large_image_width=\"459\" data-large_image_height=\"237\"><img loading=\"lazy\" decoding=\"async\" class=\"alignleft wp-image-279256 \" src=\"https:\/\/www.radiopiu.net\/wordpress\/wp-content\/uploads\/2022\/06\/AAA.jpg\" alt=\"\" width=\"145\" height=\"75\" srcset=\"https:\/\/www.radiopiu.net\/wordpress\/wp-content\/uploads\/2022\/06\/AAA.jpg 459w, https:\/\/www.radiopiu.net\/wordpress\/wp-content\/uploads\/2022\/06\/AAA-300x155.jpg 300w\" sizes=\"auto, (max-width: 145px) 100vw, 145px\" \/><\/a><strong>AURONZO<\/strong> Accusati del tentato omicidio di un cadorino incrociato al bar a Macerata, saranno processati a marzo Orges Falli e Nazmir Jashari. Il fatto era successo il 16 gennaio 2021. Quel sabato pomeriggio Daniele Vecellio, giovane pap\u00e0 originario di Auronzo, era andato in un bar di corso Cavour con un amico. I due avevano bevuto un po&#8217;, ma a un certo punto si era scatenata una discussione con altri avventori e per strada, fuori dal locale, Vecellio era stato pestato da due uomini. L&#8217;uomo era finito all&#8217;ospedale Torrette, in condizioni critiche&#8230;<\/p>\n<p>&#8212;Il giudice Domenico Potetti ha ritenuto necessario il processo. La prima udienza \u00e8 stata fissata al 6 marzo. In aula i due uomini potranno per\u00f2 dimostrare la loro innocenza. In aula non era presente Vecellio, che per\u00f2 potr\u00e0 ancora costituirsi parte civile.<\/p>\n<p>&nbsp;<\/p>\n<p>&nbsp;<\/p>\n<p>___<\/p>\n","protected":false},"excerpt":{"rendered":"<p>OGGI SUL CORRIERE DELLE ALPI AURONZO Accusati del tentato omicidio di un cadorino incrociato al bar a Macerata, saranno processati a marzo Orges Falli e Nazmir Jashari. Il fatto era successo il 16 gennaio 2021. Quel sabato pomeriggio Daniele Vecellio, giovane pap\u00e0 originario di Auronzo, era andato in un bar di corso Cavour con un&hellip;<\/p>\n","protected":false},"author":4,"featured_media":279256,"comment_status":"closed","ping_status":"closed","sticky":false,"template":"","format":"standard","meta":{"_monsterinsights_skip_tracking":false,"_monsterinsights_sitenote_active":false,"_monsterinsights_sitenote_note":"","_monsterinsights_sitenote_category":0,"footnotes":""},"categories":[51,49],"tags":[],"class_list":["post-279255","post","type-post","status-publish","format-standard","has-post-thumbnail","hentry","category-evidenza-top","category-news-18","category-51","category-49","description-off"],"img_url":"https:\/\/www.radiopiu.net\/wordpress\/wp-content\/uploads\/2022\/06\/AAA.jpg","_links":{"self":[{"href":"https:\/\/www.radiopiu.net\/wordpress\/wp-json\/wp\/v2\/posts\/279255","targetHints":{"allow":["GET"]}}],"collection":[{"href":"https:\/\/www.radiopiu.net\/wordpress\/wp-json\/wp\/v2\/posts"}],"about":[{"href":"https:\/\/www.radiopiu.net\/wordpress\/wp-json\/wp\/v2\/types\/post"}],"author":[{"embeddable":true,"href":"https:\/\/www.radiopiu.net\/wordpress\/wp-json\/wp\/v2\/users\/4"}],"replies":[{"embeddable":true,"href":"https:\/\/www.radiopiu.net\/wordpress\/wp-json\/wp\/v2\/comments?post=279255"}],"version-history":[{"count":0,"href":"https:\/\/www.radiopiu.net\/wordpress\/wp-json\/wp\/v2\/posts\/279255\/revisions"}],"wp:featuredmedia":[{"embeddable":true,"href":"https:\/\/www.radiopiu.net\/wordpress\/wp-json\/wp\/v2\/media\/279256"}],"wp:attachment":[{"href":"https:\/\/www.radiopiu.net\/wordpress\/wp-json\/wp\/v2\/media?parent=279255"}],"wp:term":[{"taxonomy":"category","embeddable":true,"href":"https:\/\/www.radiopiu.net\/wordpress\/wp-json\/wp\/v2\/categories?post=279255"},{"taxonomy":"post_tag","embeddable":true,"href":"https:\/\/www.radiopiu.net\/wordpress\/wp-json\/wp\/v2\/tags?post=279255"}],"curies":[{"name":"wp","href":"https:\/\/api.w.org\/{rel}","templated":true}]}}