{"id":279326,"date":"2022-06-03T05:11:18","date_gmt":"2022-06-03T03:11:18","guid":{"rendered":"https:\/\/www.radiopiu.net\/wordpress\/?p=279326"},"modified":"2022-06-03T05:49:45","modified_gmt":"2022-06-03T03:49:45","slug":"maltempo-in-arrivo-da-domani-in-veneto-allerta-gialla-per-criticita-idrogeologica","status":"publish","type":"post","link":"https:\/\/www.radiopiu.net\/wordpress\/maltempo-in-arrivo-da-domani-in-veneto-allerta-gialla-per-criticita-idrogeologica\/","title":{"rendered":"MALTEMPO IN ARRIVO,  ALLERTA GIALLA PER CRITICITA&#8217; IDROGEOLOGICA"},"content":{"rendered":"<p><strong>VENEZIA <\/strong>\u00c8 atteso\u00a0 un peggioramento delle condizioni del tempo sul Veneto. Alla luce delle previsioni meteo, il Centro Funzionale Decentrato della Protezione Civile della Regione Veneto, ha dichiarato lo Stato di Attenzione (allerta gialla) per criticit\u00e0 idrogeologica riferita allo scenario per temporali forti, valevole dalle ore 12 di oggi alle ore 00 di domani. Le previsioni indicano la possibilit\u00e0 di rovesci su Dolomiti e Prealpi, e per oggi dalla tarda mattinata della probabilit\u00e0 di rovesci e temporali sparsi, specie sulle Dolomiti, con rischio pi\u00f9 basso sulle Prealpi. Non si escludono fenomeni localmente intensi e grandinigeni.<\/p>\n<p><a class=\"dt-pswp-item\" href=\"https:\/\/www.radiopiu.net\/wordpress\/wp-content\/uploads\/2022\/06\/Schermata-2022-06-02-alle-14.33.53.png\" data-dt-img-description=\"\" data-large_image_width=\"1812\" data-large_image_height=\"588\"><img loading=\"lazy\" decoding=\"async\" class=\"alignnone wp-image-279327 size-large\" src=\"https:\/\/www.radiopiu.net\/wordpress\/wp-content\/uploads\/2022\/06\/Schermata-2022-06-02-alle-14.33.53-1024x332.png\" alt=\"\" width=\"1024\" height=\"332\" srcset=\"https:\/\/www.radiopiu.net\/wordpress\/wp-content\/uploads\/2022\/06\/Schermata-2022-06-02-alle-14.33.53-1024x332.png 1024w, https:\/\/www.radiopiu.net\/wordpress\/wp-content\/uploads\/2022\/06\/Schermata-2022-06-02-alle-14.33.53-300x97.png 300w, https:\/\/www.radiopiu.net\/wordpress\/wp-content\/uploads\/2022\/06\/Schermata-2022-06-02-alle-14.33.53-768x249.png 768w, https:\/\/www.radiopiu.net\/wordpress\/wp-content\/uploads\/2022\/06\/Schermata-2022-06-02-alle-14.33.53-1536x498.png 1536w, https:\/\/www.radiopiu.net\/wordpress\/wp-content\/uploads\/2022\/06\/Schermata-2022-06-02-alle-14.33.53.png 1812w\" sizes=\"auto, (max-width: 1024px) 100vw, 1024px\" \/><\/a><\/p>\n<p>&nbsp;<\/p>\n<p>&nbsp;<\/p>\n<p>*****<\/p>\n","protected":false},"excerpt":{"rendered":"<p>VENEZIA \u00c8 atteso\u00a0 un peggioramento delle condizioni del tempo sul Veneto. Alla luce delle previsioni meteo, il Centro Funzionale Decentrato della Protezione Civile della Regione Veneto, ha dichiarato lo Stato di Attenzione (allerta gialla) per criticit\u00e0 idrogeologica riferita allo scenario per temporali forti, valevole dalle ore 12 di oggi alle ore 00 di domani. Le&hellip;<\/p>\n","protected":false},"author":4,"featured_media":65370,"comment_status":"closed","ping_status":"closed","sticky":false,"template":"","format":"standard","meta":{"_monsterinsights_skip_tracking":false,"_monsterinsights_sitenote_active":false,"_monsterinsights_sitenote_note":"","_monsterinsights_sitenote_category":0,"footnotes":""},"categories":[51,49],"tags":[],"class_list":["post-279326","post","type-post","status-publish","format-standard","has-post-thumbnail","hentry","category-evidenza-top","category-news-18","category-51","category-49","description-off"],"img_url":"https:\/\/www.radiopiu.net\/wordpress\/wp-content\/uploads\/2018\/10\/pioggia.jpg","_links":{"self":[{"href":"https:\/\/www.radiopiu.net\/wordpress\/wp-json\/wp\/v2\/posts\/279326","targetHints":{"allow":["GET"]}}],"collection":[{"href":"https:\/\/www.radiopiu.net\/wordpress\/wp-json\/wp\/v2\/posts"}],"about":[{"href":"https:\/\/www.radiopiu.net\/wordpress\/wp-json\/wp\/v2\/types\/post"}],"author":[{"embeddable":true,"href":"https:\/\/www.radiopiu.net\/wordpress\/wp-json\/wp\/v2\/users\/4"}],"replies":[{"embeddable":true,"href":"https:\/\/www.radiopiu.net\/wordpress\/wp-json\/wp\/v2\/comments?post=279326"}],"version-history":[{"count":0,"href":"https:\/\/www.radiopiu.net\/wordpress\/wp-json\/wp\/v2\/posts\/279326\/revisions"}],"wp:featuredmedia":[{"embeddable":true,"href":"https:\/\/www.radiopiu.net\/wordpress\/wp-json\/wp\/v2\/media\/65370"}],"wp:attachment":[{"href":"https:\/\/www.radiopiu.net\/wordpress\/wp-json\/wp\/v2\/media?parent=279326"}],"wp:term":[{"taxonomy":"category","embeddable":true,"href":"https:\/\/www.radiopiu.net\/wordpress\/wp-json\/wp\/v2\/categories?post=279326"},{"taxonomy":"post_tag","embeddable":true,"href":"https:\/\/www.radiopiu.net\/wordpress\/wp-json\/wp\/v2\/tags?post=279326"}],"curies":[{"name":"wp","href":"https:\/\/api.w.org\/{rel}","templated":true}]}}