{"id":279366,"date":"2022-06-03T05:02:07","date_gmt":"2022-06-03T03:02:07","guid":{"rendered":"https:\/\/www.radiopiu.net\/wordpress\/?p=279366"},"modified":"2022-06-03T05:02:07","modified_gmt":"2022-06-03T03:02:07","slug":"dal-gruppo-alpini-di-alleghe-la-solidarieta-a-canazei-di-colle","status":"publish","type":"post","link":"https:\/\/www.radiopiu.net\/wordpress\/dal-gruppo-alpini-di-alleghe-la-solidarieta-a-canazei-di-colle\/","title":{"rendered":"DAL GRUPPO ALPINI DI ALLEGHE LA SOLIDARIETA&#8217; A CANAZEI DI COLLE"},"content":{"rendered":"<p><strong>COLLE SANTA LUCIA<\/strong>\u00a0 In seguito all\u2019incendio che ha colpito la frazione Canazei di Colle Santa Lucia, in occasione del 90\u00b0 anniversario della fondazione del Gruppo Alpini di Alleghe, \u00e8 stata organizzata una raccolta fondi di solidariet\u00e0 in favore degli abitanti colpiti dal rogo. Sono stati quindi invitati nella sede del Gruppo a Masar\u00e8: Il Sindaco di Colle, Paolo Frena e gli abitanti della frazione. Erano presenti numerosi alpini del Gruppo Monte Civetta con il Capogruppo Cristian De Toni ed il Vicesindaco di Alleghe Gianpaolo De Bernardin. E\u2019 stato consegnato un simbolico assegno di 1.500 euro e con l\u2019occasione e stata offerta una bicchierata di saluto.<\/p>\n\n\t\t\t<style type='text\/css'>\n\t\t\t\t#gallery-1 {\n\t\t\t\t\tmargin: auto;\n\t\t\t\t}\n\t\t\t\t#gallery-1 .gallery-item {\n\t\t\t\t\tfloat: left;\n\t\t\t\t\tmargin-top: 10px;\n\t\t\t\t\ttext-align: center;\n\t\t\t\t\twidth: 50%;\n\t\t\t\t}\n\t\t\t\t#gallery-1 img {\n\t\t\t\t\tborder: 2px solid #cfcfcf;\n\t\t\t\t}\n\t\t\t\t#gallery-1 .gallery-caption {\n\t\t\t\t\tmargin-left: 0;\n\t\t\t\t}\n\t\t\t\t\/* see gallery_shortcode() in wp-includes\/media.php *\/\n\t\t\t<\/style>\n\t\t<div id='gallery-1' class='dt-gallery-container gallery galleryid-279366 gallery-columns-2 gallery-size-full'><dl class='gallery-item'>\n\t\t\t\t<dt class='gallery-icon landscape'>\n\t\t\t\t\t<a class=\"rollover rollover-zoom dt-pswp-item\" title=\"1653471479947\" data-dt-img-description=\"\" data-large_image_width=\"1599\" data-large_image_height=\"1200\"href='https:\/\/www.radiopiu.net\/wordpress\/wp-content\/uploads\/2022\/06\/1653471479947.jpg'><img loading=\"lazy\" decoding=\"async\" width=\"1599\" height=\"1200\" src=\"https:\/\/www.radiopiu.net\/wordpress\/wp-content\/uploads\/2022\/06\/1653471479947.jpg\" class=\"attachment-full size-full\" alt=\"\" srcset=\"https:\/\/www.radiopiu.net\/wordpress\/wp-content\/uploads\/2022\/06\/1653471479947.jpg 1599w, https:\/\/www.radiopiu.net\/wordpress\/wp-content\/uploads\/2022\/06\/1653471479947-300x225.jpg 300w, https:\/\/www.radiopiu.net\/wordpress\/wp-content\/uploads\/2022\/06\/1653471479947-1024x768.jpg 1024w, https:\/\/www.radiopiu.net\/wordpress\/wp-content\/uploads\/2022\/06\/1653471479947-768x576.jpg 768w, https:\/\/www.radiopiu.net\/wordpress\/wp-content\/uploads\/2022\/06\/1653471479947-1536x1153.jpg 1536w\" sizes=\"auto, (max-width: 1599px) 100vw, 1599px\" \/><\/a>\n\t\t\t\t<\/dt><\/dl><dl class='gallery-item'>\n\t\t\t\t<dt class='gallery-icon landscape'>\n\t\t\t\t\t<a class=\"rollover rollover-zoom dt-pswp-item\" title=\"1653471901878\" data-dt-img-description=\"\" data-large_image_width=\"1599\" data-large_image_height=\"1200\"href='https:\/\/www.radiopiu.net\/wordpress\/wp-content\/uploads\/2022\/06\/1653471901878.jpg'><img loading=\"lazy\" decoding=\"async\" width=\"1599\" height=\"1200\" src=\"https:\/\/www.radiopiu.net\/wordpress\/wp-content\/uploads\/2022\/06\/1653471901878.jpg\" class=\"attachment-full size-full\" alt=\"\" srcset=\"https:\/\/www.radiopiu.net\/wordpress\/wp-content\/uploads\/2022\/06\/1653471901878.jpg 1599w, https:\/\/www.radiopiu.net\/wordpress\/wp-content\/uploads\/2022\/06\/1653471901878-300x225.jpg 300w, https:\/\/www.radiopiu.net\/wordpress\/wp-content\/uploads\/2022\/06\/1653471901878-1024x768.jpg 1024w, https:\/\/www.radiopiu.net\/wordpress\/wp-content\/uploads\/2022\/06\/1653471901878-768x576.jpg 768w, https:\/\/www.radiopiu.net\/wordpress\/wp-content\/uploads\/2022\/06\/1653471901878-1536x1153.jpg 1536w\" sizes=\"auto, (max-width: 1599px) 100vw, 1599px\" \/><\/a>\n\t\t\t\t<\/dt><\/dl><br style=\"clear: both\" \/>\n\t\t\t<\/div>\n\n<p>___<\/p>\n","protected":false},"excerpt":{"rendered":"<p>COLLE SANTA LUCIA\u00a0 In seguito all\u2019incendio che ha colpito la frazione Canazei di Colle Santa Lucia, in occasione del 90\u00b0 anniversario della fondazione del Gruppo Alpini di Alleghe, \u00e8 stata organizzata una raccolta fondi di solidariet\u00e0 in favore degli abitanti colpiti dal rogo. Sono stati quindi invitati nella sede del Gruppo a Masar\u00e8: Il Sindaco&hellip;<\/p>\n","protected":false},"author":4,"featured_media":279368,"comment_status":"closed","ping_status":"closed","sticky":false,"template":"","format":"standard","meta":{"_monsterinsights_skip_tracking":false,"_monsterinsights_sitenote_active":false,"_monsterinsights_sitenote_note":"","_monsterinsights_sitenote_category":0,"footnotes":""},"categories":[51,49],"tags":[],"class_list":["post-279366","post","type-post","status-publish","format-standard","has-post-thumbnail","hentry","category-evidenza-top","category-news-18","category-51","category-49","description-off"],"img_url":"https:\/\/www.radiopiu.net\/wordpress\/wp-content\/uploads\/2022\/06\/1653471901878.jpg","_links":{"self":[{"href":"https:\/\/www.radiopiu.net\/wordpress\/wp-json\/wp\/v2\/posts\/279366","targetHints":{"allow":["GET"]}}],"collection":[{"href":"https:\/\/www.radiopiu.net\/wordpress\/wp-json\/wp\/v2\/posts"}],"about":[{"href":"https:\/\/www.radiopiu.net\/wordpress\/wp-json\/wp\/v2\/types\/post"}],"author":[{"embeddable":true,"href":"https:\/\/www.radiopiu.net\/wordpress\/wp-json\/wp\/v2\/users\/4"}],"replies":[{"embeddable":true,"href":"https:\/\/www.radiopiu.net\/wordpress\/wp-json\/wp\/v2\/comments?post=279366"}],"version-history":[{"count":0,"href":"https:\/\/www.radiopiu.net\/wordpress\/wp-json\/wp\/v2\/posts\/279366\/revisions"}],"wp:featuredmedia":[{"embeddable":true,"href":"https:\/\/www.radiopiu.net\/wordpress\/wp-json\/wp\/v2\/media\/279368"}],"wp:attachment":[{"href":"https:\/\/www.radiopiu.net\/wordpress\/wp-json\/wp\/v2\/media?parent=279366"}],"wp:term":[{"taxonomy":"category","embeddable":true,"href":"https:\/\/www.radiopiu.net\/wordpress\/wp-json\/wp\/v2\/categories?post=279366"},{"taxonomy":"post_tag","embeddable":true,"href":"https:\/\/www.radiopiu.net\/wordpress\/wp-json\/wp\/v2\/tags?post=279366"}],"curies":[{"name":"wp","href":"https:\/\/api.w.org\/{rel}","templated":true}]}}