{"id":279463,"date":"2022-06-03T23:59:56","date_gmt":"2022-06-03T21:59:56","guid":{"rendered":"https:\/\/www.radiopiu.net\/wordpress\/?p=279463"},"modified":"2022-06-04T06:16:09","modified_gmt":"2022-06-04T04:16:09","slug":"campionato-agordino-tra-una-settimana-il-via-il-gosaldo-inizia-a-fare-sul-serio","status":"publish","type":"post","link":"https:\/\/www.radiopiu.net\/wordpress\/campionato-agordino-tra-una-settimana-il-via-il-gosaldo-inizia-a-fare-sul-serio\/","title":{"rendered":"CAMPIONATO AGORDINO: TRA UNA SETTIMANA IL VIA. IL GOSALDO INIZIA A FARE SUL SERIO"},"content":{"rendered":"<p><strong><a class=\"dt-pswp-item\" href=\"https:\/\/www.radiopiu.net\/wordpress\/wp-content\/uploads\/2022\/05\/GOSALDO.png\" data-dt-img-description=\"\" data-large_image_width=\"200\" data-large_image_height=\"200\"><img loading=\"lazy\" decoding=\"async\" class=\"size-thumbnail wp-image-273744 alignleft\" src=\"https:\/\/www.radiopiu.net\/wordpress\/wp-content\/uploads\/2022\/05\/GOSALDO-150x150.png\" alt=\"\" width=\"150\" height=\"150\" srcset=\"https:\/\/www.radiopiu.net\/wordpress\/wp-content\/uploads\/2022\/05\/GOSALDO-150x150.png 150w, https:\/\/www.radiopiu.net\/wordpress\/wp-content\/uploads\/2022\/05\/GOSALDO.png 200w\" sizes=\"auto, (max-width: 150px) 100vw, 150px\" \/><\/a>REDAZIONE <\/strong>A una settimana dall\u2019inizio del Campionato Agordino di Calcio, le 13 squadre del torneo sono praticamente pronte per iniziare la stagione. Si inizier\u00e0 la prossima settimana con il Girone A, mentre per il Girone B si dovr\u00e0 aspettare il 19 giugno. Sar\u00e0 il campionato della ripartenza, come ama definirlo il responsabile del Comitato Calcio Agordino Andrea Baldassi. Intanto le squadre hanno iniziato a calcare i campi dell\u2019Agordino giocando le prime amichevoli in vista del fischio d\u2019inizio del Memorial Denis Tonin. Abbiamo sentito alcune squadre del torneo che sono cariche per l\u2019inizio della stagione, ed iniziamo con i pluriscudettati del Gosaldo.<\/p>\n<p><strong>RUBEN DAL DON, PRESIDENTE DEL GOSALDO<\/strong><\/p>\n<audio class=\"wp-audio-shortcode\" id=\"audio-279463-1\" preload=\"none\" style=\"width: 100%;\" controls=\"controls\"><source type=\"audio\/mpeg\" src=\"https:\/\/www.radiopiu.net\/wordpress\/wp-content\/uploads\/2022\/06\/GOSALDO-RUBEN-DAL-DON.mp3?_=1\" \/><a href=\"https:\/\/www.radiopiu.net\/wordpress\/wp-content\/uploads\/2022\/06\/GOSALDO-RUBEN-DAL-DON.mp3\">https:\/\/www.radiopiu.net\/wordpress\/wp-content\/uploads\/2022\/06\/GOSALDO-RUBEN-DAL-DON.mp3<\/a><\/audio>\n<p>&nbsp;<\/p>\n<p>&nbsp;<\/p>\n<p>*****<\/p>\n","protected":false},"excerpt":{"rendered":"<p>REDAZIONE A una settimana dall\u2019inizio del Campionato Agordino di Calcio, le 13 squadre del torneo sono praticamente pronte per iniziare la stagione. Si inizier\u00e0 la prossima settimana con il Girone A, mentre per il Girone B si dovr\u00e0 aspettare il 19 giugno. Sar\u00e0 il campionato della ripartenza, come ama definirlo il responsabile del Comitato Calcio&hellip;<\/p>\n","protected":false},"author":4,"featured_media":273744,"comment_status":"closed","ping_status":"closed","sticky":false,"template":"","format":"standard","meta":{"_monsterinsights_skip_tracking":false,"_monsterinsights_sitenote_active":false,"_monsterinsights_sitenote_note":"","_monsterinsights_sitenote_category":0,"footnotes":""},"categories":[104,49],"tags":[],"class_list":["post-279463","post","type-post","status-publish","format-standard","has-post-thumbnail","hentry","category-evidenza_3","category-news-18","category-104","category-49","description-off"],"img_url":"https:\/\/www.radiopiu.net\/wordpress\/wp-content\/uploads\/2022\/05\/GOSALDO.png","_links":{"self":[{"href":"https:\/\/www.radiopiu.net\/wordpress\/wp-json\/wp\/v2\/posts\/279463","targetHints":{"allow":["GET"]}}],"collection":[{"href":"https:\/\/www.radiopiu.net\/wordpress\/wp-json\/wp\/v2\/posts"}],"about":[{"href":"https:\/\/www.radiopiu.net\/wordpress\/wp-json\/wp\/v2\/types\/post"}],"author":[{"embeddable":true,"href":"https:\/\/www.radiopiu.net\/wordpress\/wp-json\/wp\/v2\/users\/4"}],"replies":[{"embeddable":true,"href":"https:\/\/www.radiopiu.net\/wordpress\/wp-json\/wp\/v2\/comments?post=279463"}],"version-history":[{"count":0,"href":"https:\/\/www.radiopiu.net\/wordpress\/wp-json\/wp\/v2\/posts\/279463\/revisions"}],"wp:featuredmedia":[{"embeddable":true,"href":"https:\/\/www.radiopiu.net\/wordpress\/wp-json\/wp\/v2\/media\/273744"}],"wp:attachment":[{"href":"https:\/\/www.radiopiu.net\/wordpress\/wp-json\/wp\/v2\/media?parent=279463"}],"wp:term":[{"taxonomy":"category","embeddable":true,"href":"https:\/\/www.radiopiu.net\/wordpress\/wp-json\/wp\/v2\/categories?post=279463"},{"taxonomy":"post_tag","embeddable":true,"href":"https:\/\/www.radiopiu.net\/wordpress\/wp-json\/wp\/v2\/tags?post=279463"}],"curies":[{"name":"wp","href":"https:\/\/api.w.org\/{rel}","templated":true}]}}