{"id":279480,"date":"2025-01-29T14:02:14","date_gmt":"2025-01-29T13:02:14","guid":{"rendered":"https:\/\/www.radiopiu.net\/wordpress\/?p=279480"},"modified":"2025-01-29T14:37:47","modified_gmt":"2025-01-29T13:37:47","slug":"autoservizi-buzzatti-un-tempo-la-piu-grossa-azienda-bellunese-del-trasporto-viaggiatori","status":"publish","type":"post","link":"https:\/\/www.radiopiu.net\/wordpress\/autoservizi-buzzatti-un-tempo-la-piu-grossa-azienda-bellunese-del-trasporto-viaggiatori\/","title":{"rendered":"AUTOSERVIZI BUZZATTI: UN TEMPO LA PIU&#8217; GROSSA AZIENDA BELLUNESE DEL TRASPORTO VIAGGIATORI"},"content":{"rendered":"<p><strong>di Renato Bona<\/strong><\/p>\n<p>Nel precedente servizio su &#8220;Un secolo in corriera nella provincia di Belluno&#8221; che \u00e8 il titolo di un ottimo libro che DolomitiBus realizz\u00f2 nel 2000 (stampa tipografia Piave) con Renato Fiabane e Lionello Fiori, primo di molti collaboratori Gianni De Vecchi, contributo di Provincia, Comuni di Belluno e Sedico, Comitato festeggiamenti Bribano, Circolo bellunese &#8220;Berto Gidoni&#8221; auto-moto d&#8217;epoca, ci siamo occupati del capitolo &#8220;L&#8217;epoca dei pionieri&#8221; riferendo, fra l&#8217;altro, del &#8220;Servizio di posta e corriere in Cadore fra il 1800 ed il 1900&#8221;. In questa occasione ci soffermiamo sui servizi con autocorriere prima della DolomitiBus ed in particolarre su: &#8220;Gli autoservizi Buzzatti: un tempo la pi\u00f9 grossa azienda provinciale&#8221;. Gianni De Vecchi apre la sua analisi con una curiosit\u00e0: &#8220;Secondo la tradizione popolare, la famiglia Buzzatti sarebbe originaria di Buda (l&#8217;odierna Budapest) da dove fugg\u00ec a causa di un&#8217;epidemia verso la met\u00e0 del 1400. Inizialmente si stabil\u00ec a Bribanet, vicino al Cordevole, esercitando l&#8217;attivit\u00e0 di battiferro in una fucina&#8221;. Un lavoro che li rese famosi per la qualit\u00e0 dei prodotti, e benestanti s\u00ec da edificare nel 1502, interamente a loro spese, la chiesetta di San Nicol\u00f2 patrono degli zattieri. Il trascorrere del tempo vide le varie famiglie dividersi: alcune si spostarono ai Meli in una nuova officina per proseguire l&#8217;attivit\u00e0 fabbrile, altre a Belluno (come gli avi dello scrittore Dino Buzzati), altre si fermarono a Bribano per dedicarsi a lavorazione e commercio del legname proveniente dall&#8217;Agordino. E&#8217; nel 1886, con l&#8217;arrivo della ferrovia Treviso-Belluno, che a Bribano si aprirono nuove prospettive di lavoro e sviluppo tali da indurre Giacomo Buzzatti a trasferirvisi nel 1889 con la famiglia, compreso il pi\u00f9 vecchio dei figli, Giovanni, classe 1875, futuro fondatore dell&#8217;impresa, che all&#8217;esordio lavor\u00f2 come garzone spedizioniere nella stazione. Purtroppo nel 1893 Giacomo venne a mancare a soli 42 anni, lasciando la moglie Teresa Pinzin, con ben 12 figli, alcuni piccolissimi. Donna energica ed intraprendente, la vedova ed il figlio Giovanni, sia pure molto giovane,&#8221;non si persero d&#8217;animo, avviando tutta una serie di attivit\u00e0 che coinvolsero anche gli altri figli mano a mano che crescevano: fu avviato il Pastificio nel 1897, quindi l&#8217;albergo &#8220;Agordino&#8221; e Giovanni oeganizz\u00f2 un servizio di vetture e diligenze a cavallo che collegavano Bribano ad Agordo e con gli altri paesi della vallata, trasportando passeggeri e posta. Altre vetture &#8211; puntualizza De Vecchi -. facevano servizio come i taxi odierni, partendo dalla stazione ferroviaria di Bribano e dirigendosi coi viaggiatori verso le pi\u00f9 svariate localit\u00e0, tra cui Villa Patt, sede a quell&#8217;epoca di un prestigioso grand-hotel che ospit\u00f2 re e famosi attori teatrali&#8221;. Una serie di servizi che incontrarono il crescente favore generale da indurre Giovanni e fratelli ad assumere l&#8217;appalto per il trasporto della pirite dalle miniere di Valle Imperina a Bribano (da dove i carri salivano poi carichi di granaglie e alimentari). Risale al 1914 la prima iscrizione dell&#8217;azienda alla Camera di commercio bellunese. Incaricati dei servizi di trasporto erano Giovanni e Attilio mentre Giuseppe gestiva l&#8217;albergo e Beniamino si occupava del Pastificio, Giacomo di stalle, cavalli e carriaggi, Domenico dell&#8217;officina; gli altri fratelli gestiranno poi gli alberghi agordini di propriet\u00e0. Prima della Grande Guerra la Buzzatti contava qualcosa come 94 cavalli (poi sequestrati dai tedeschi nell&#8217;anno dell&#8217;invasione). Superate le difficolt\u00e0 conseguenti al conflitto mondiale, i Buzzatti &#8220;fecero il salto di qualit\u00e0, dotandosi delle prime vetture a motore: Fiat 18P e BL, residuati di guerra convertiti al trasporto dei viaggiatori diretti ad Agordo o nella Vallata, con regolari corse giornaliere&#8221;. E cos\u00ec nascevano gli &#8220;Autoservizi Buzzatti&#8221; che &#8211; scrive ancora De Vecchi -gradualmente si sarebbero espansi in una parte significativa della nostra provincia, privilegiando il territorio agordino e i paesi della Destra Piave tra Belluno e Feltre&#8221;. Uno dei titolari, Attilio, si trasfer\u00ec ad Agordo per istituire i servizi verso il medio e alto Agordino e questa risult\u00f2 una mossa vincente contribuendo allo sviluppo turistico della zona e consentendo alla Buzzatti di allargare il proprio raggio d&#8217;azione, anche con l&#8217;assorbimento della Societ\u00e0 Falcadina di Scola &amp; Ganz che gestiva la Falcade-Agordo. Nel 1928 fu rilevata dalla Doglioni e Martini la concessione per il trasporto viaggiatori della Valle del Mis. Venne quindi istituita la California-Santa Giustina-Bribano con servizio anche nei paesi della pedemontana sospirolese. Non \u00e8 finita: negli anni 1930-34 nacquero due linee di gran turismo, uniche in provincia di Belluno: Agordo-Primiero-San Martino di Castrozza e Agordo-Passo Falzarego-Cortina. La Buzzatti gest\u00ec anche per alcuni anni i servizi da noleggio con autista, specialmente d&#8217;estate. Poi ci fu la seconda guerra mondiale con le conseguenze facilmente immaginabili. Dopo il conflitto, verso il 1946 la sede ritorn\u00f2 a Bribano, con garage e officina dove allestivano addirittura la carrozzeria delle corriere. Gradatamente vennero estesi i servizi di linea a molte altre zone rilevando anche piccole aziende con i loro automezzi e personale. L&#8217;azienda diventa poi Buzzatti spa, con Pietro Sponga presidente ed Ezio Buzzatti, figlio di Giovanni delegato con la qualifica di direttore responsabile cui subentr\u00f2 il cugino Enzo (figlio di Attilio) con la qualifica invece di direttore di servizio. Nel 1963 &#8220;Autoservizi Buzzatti&#8221; si trasferiranno a Belluno nei capannoni appositamente costruiti a La Veneggia, Nel 1981 la societ\u00e0 per azioni cess\u00f2 definitivamente l&#8217;attivit\u00e0, venendo assorbita, assieme ad altre aziende di trasporto pubblico, dalla DolomitiBus.<\/p>\n\n\t\t\t<style type='text\/css'>\n\t\t\t\t#gallery-1 {\n\t\t\t\t\tmargin: auto;\n\t\t\t\t}\n\t\t\t\t#gallery-1 .gallery-item {\n\t\t\t\t\tfloat: left;\n\t\t\t\t\tmargin-top: 10px;\n\t\t\t\t\ttext-align: center;\n\t\t\t\t\twidth: 16%;\n\t\t\t\t}\n\t\t\t\t#gallery-1 img {\n\t\t\t\t\tborder: 2px solid #cfcfcf;\n\t\t\t\t}\n\t\t\t\t#gallery-1 .gallery-caption {\n\t\t\t\t\tmargin-left: 0;\n\t\t\t\t}\n\t\t\t\t\/* see gallery_shortcode() in wp-includes\/media.php *\/\n\t\t\t<\/style>\n\t\t<div id='gallery-1' class='dt-gallery-container gallery galleryid-279480 gallery-columns-6 gallery-size-thumbnail'><dl class='gallery-item'>\n\t\t\t\t<dt class='gallery-icon landscape'>\n\t\t\t\t\t<a class=\"rollover rollover-zoom dt-pswp-item\" title=\"e4409c41-3637-43d8-898f-19903f2c46b2\" data-dt-img-description=\"\" data-large_image_width=\"320\" data-large_image_height=\"202\"href='https:\/\/www.radiopiu.net\/wordpress\/wp-content\/uploads\/2022\/06\/e4409c41-3637-43d8-898f-19903f2c46b2.jpg'><img loading=\"lazy\" decoding=\"async\" width=\"150\" height=\"150\" src=\"https:\/\/www.radiopiu.net\/wordpress\/wp-content\/uploads\/2022\/06\/e4409c41-3637-43d8-898f-19903f2c46b2-150x150.jpg\" class=\"attachment-thumbnail size-thumbnail\" alt=\"\" \/><\/a>\n\t\t\t\t<\/dt><\/dl><dl class='gallery-item'>\n\t\t\t\t<dt class='gallery-icon landscape'>\n\t\t\t\t\t<a class=\"rollover rollover-zoom dt-pswp-item\" title=\"5022f5db-b43d-4567-99e8-2c18455e1e59\" data-dt-img-description=\"\" data-large_image_width=\"276\" data-large_image_height=\"206\"href='https:\/\/www.radiopiu.net\/wordpress\/wp-content\/uploads\/2022\/06\/5022f5db-b43d-4567-99e8-2c18455e1e59.jpg'><img loading=\"lazy\" decoding=\"async\" width=\"150\" height=\"150\" src=\"https:\/\/www.radiopiu.net\/wordpress\/wp-content\/uploads\/2022\/06\/5022f5db-b43d-4567-99e8-2c18455e1e59-150x150.jpg\" class=\"attachment-thumbnail size-thumbnail\" alt=\"\" \/><\/a>\n\t\t\t\t<\/dt><\/dl><dl class='gallery-item'>\n\t\t\t\t<dt class='gallery-icon landscape'>\n\t\t\t\t\t<a class=\"rollover rollover-zoom dt-pswp-item\" title=\"bdf4078e-0f39-4db0-9366-0ca42c5dabc8\" data-dt-img-description=\"\" data-large_image_width=\"350\" data-large_image_height=\"199\"href='https:\/\/www.radiopiu.net\/wordpress\/wp-content\/uploads\/2022\/06\/bdf4078e-0f39-4db0-9366-0ca42c5dabc8.jpg'><img loading=\"lazy\" decoding=\"async\" width=\"150\" height=\"150\" src=\"https:\/\/www.radiopiu.net\/wordpress\/wp-content\/uploads\/2022\/06\/bdf4078e-0f39-4db0-9366-0ca42c5dabc8-150x150.jpg\" class=\"attachment-thumbnail size-thumbnail\" alt=\"\" \/><\/a>\n\t\t\t\t<\/dt><\/dl><dl class='gallery-item'>\n\t\t\t\t<dt class='gallery-icon landscape'>\n\t\t\t\t\t<a class=\"rollover rollover-zoom dt-pswp-item\" title=\"1254118a-c592-4e78-9fd5-5fa68c5f7b99\" data-dt-img-description=\"\" data-large_image_width=\"252\" data-large_image_height=\"206\"href='https:\/\/www.radiopiu.net\/wordpress\/wp-content\/uploads\/2022\/06\/1254118a-c592-4e78-9fd5-5fa68c5f7b99.jpg'><img loading=\"lazy\" decoding=\"async\" width=\"150\" height=\"150\" src=\"https:\/\/www.radiopiu.net\/wordpress\/wp-content\/uploads\/2022\/06\/1254118a-c592-4e78-9fd5-5fa68c5f7b99-150x150.jpg\" class=\"attachment-thumbnail size-thumbnail\" alt=\"\" \/><\/a>\n\t\t\t\t<\/dt><\/dl><dl class='gallery-item'>\n\t\t\t\t<dt class='gallery-icon landscape'>\n\t\t\t\t\t<a class=\"rollover rollover-zoom dt-pswp-item\" title=\"660b2d55-6f42-4fe4-88b7-187fc0e12c4f\" data-dt-img-description=\"\" data-large_image_width=\"308\" data-large_image_height=\"206\"href='https:\/\/www.radiopiu.net\/wordpress\/wp-content\/uploads\/2022\/06\/660b2d55-6f42-4fe4-88b7-187fc0e12c4f.jpg'><img loading=\"lazy\" decoding=\"async\" width=\"150\" height=\"150\" src=\"https:\/\/www.radiopiu.net\/wordpress\/wp-content\/uploads\/2022\/06\/660b2d55-6f42-4fe4-88b7-187fc0e12c4f-150x150.jpg\" class=\"attachment-thumbnail size-thumbnail\" alt=\"\" \/><\/a>\n\t\t\t\t<\/dt><\/dl><dl class='gallery-item'>\n\t\t\t\t<dt class='gallery-icon landscape'>\n\t\t\t\t\t<a class=\"rollover rollover-zoom dt-pswp-item\" title=\"6a5aaade-b5ba-46b7-830d-44624549003a\" data-dt-img-description=\"\" data-large_image_width=\"278\" data-large_image_height=\"206\"href='https:\/\/www.radiopiu.net\/wordpress\/wp-content\/uploads\/2022\/06\/6a5aaade-b5ba-46b7-830d-44624549003a.jpg'><img loading=\"lazy\" decoding=\"async\" width=\"150\" height=\"150\" src=\"https:\/\/www.radiopiu.net\/wordpress\/wp-content\/uploads\/2022\/06\/6a5aaade-b5ba-46b7-830d-44624549003a-150x150.jpg\" class=\"attachment-thumbnail size-thumbnail\" alt=\"\" \/><\/a>\n\t\t\t\t<\/dt><\/dl><br style=\"clear: both\" \/><dl class='gallery-item'>\n\t\t\t\t<dt class='gallery-icon landscape'>\n\t\t\t\t\t<a class=\"rollover rollover-zoom dt-pswp-item\" title=\"9d723a4e-c726-4516-8531-dab3067c7a8a\" data-dt-img-description=\"\" data-large_image_width=\"352\" data-large_image_height=\"206\"href='https:\/\/www.radiopiu.net\/wordpress\/wp-content\/uploads\/2022\/06\/9d723a4e-c726-4516-8531-dab3067c7a8a.jpg'><img loading=\"lazy\" decoding=\"async\" width=\"150\" height=\"150\" src=\"https:\/\/www.radiopiu.net\/wordpress\/wp-content\/uploads\/2022\/06\/9d723a4e-c726-4516-8531-dab3067c7a8a-150x150.jpg\" class=\"attachment-thumbnail size-thumbnail\" alt=\"\" \/><\/a>\n\t\t\t\t<\/dt><\/dl><dl class='gallery-item'>\n\t\t\t\t<dt class='gallery-icon landscape'>\n\t\t\t\t\t<a class=\"rollover rollover-zoom dt-pswp-item\" title=\"d25a7b10-dc7f-4071-bce1-4c2637ea8b77\" data-dt-img-description=\"\" data-large_image_width=\"311\" data-large_image_height=\"206\"href='https:\/\/www.radiopiu.net\/wordpress\/wp-content\/uploads\/2022\/06\/d25a7b10-dc7f-4071-bce1-4c2637ea8b77.jpg'><img loading=\"lazy\" decoding=\"async\" width=\"150\" height=\"150\" src=\"https:\/\/www.radiopiu.net\/wordpress\/wp-content\/uploads\/2022\/06\/d25a7b10-dc7f-4071-bce1-4c2637ea8b77-150x150.jpg\" class=\"attachment-thumbnail size-thumbnail\" alt=\"\" \/><\/a>\n\t\t\t\t<\/dt><\/dl><dl class='gallery-item'>\n\t\t\t\t<dt class='gallery-icon landscape'>\n\t\t\t\t\t<a class=\"rollover rollover-zoom dt-pswp-item\" title=\"d68a78ad-584d-4c95-80d0-96bff3f4eb01\" data-dt-img-description=\"\" data-large_image_width=\"280\" data-large_image_height=\"200\"href='https:\/\/www.radiopiu.net\/wordpress\/wp-content\/uploads\/2022\/06\/d68a78ad-584d-4c95-80d0-96bff3f4eb01.jpg'><img loading=\"lazy\" decoding=\"async\" width=\"150\" height=\"150\" src=\"https:\/\/www.radiopiu.net\/wordpress\/wp-content\/uploads\/2022\/06\/d68a78ad-584d-4c95-80d0-96bff3f4eb01-150x150.jpg\" class=\"attachment-thumbnail size-thumbnail\" alt=\"\" \/><\/a>\n\t\t\t\t<\/dt><\/dl><dl class='gallery-item'>\n\t\t\t\t<dt class='gallery-icon landscape'>\n\t\t\t\t\t<a class=\"rollover rollover-zoom dt-pswp-item\" title=\"56f8ee55-2f1e-4886-b560-3cfb93c8e3a4\" data-dt-img-description=\"\" data-large_image_width=\"308\" data-large_image_height=\"206\"href='https:\/\/www.radiopiu.net\/wordpress\/wp-content\/uploads\/2022\/06\/56f8ee55-2f1e-4886-b560-3cfb93c8e3a4.jpg'><img loading=\"lazy\" decoding=\"async\" width=\"150\" height=\"150\" src=\"https:\/\/www.radiopiu.net\/wordpress\/wp-content\/uploads\/2022\/06\/56f8ee55-2f1e-4886-b560-3cfb93c8e3a4-150x150.jpg\" class=\"attachment-thumbnail size-thumbnail\" alt=\"\" \/><\/a>\n\t\t\t\t<\/dt><\/dl><dl class='gallery-item'>\n\t\t\t\t<dt class='gallery-icon landscape'>\n\t\t\t\t\t<a class=\"rollover rollover-zoom dt-pswp-item\" title=\"892fdbb6-0e77-49ce-8694-ea09a8989bfb\" data-dt-img-description=\"\" data-large_image_width=\"314\" data-large_image_height=\"206\"href='https:\/\/www.radiopiu.net\/wordpress\/wp-content\/uploads\/2022\/06\/892fdbb6-0e77-49ce-8694-ea09a8989bfb.jpg'><img loading=\"lazy\" decoding=\"async\" width=\"150\" height=\"150\" src=\"https:\/\/www.radiopiu.net\/wordpress\/wp-content\/uploads\/2022\/06\/892fdbb6-0e77-49ce-8694-ea09a8989bfb-150x150.jpg\" class=\"attachment-thumbnail size-thumbnail\" alt=\"\" \/><\/a>\n\t\t\t\t<\/dt><\/dl><dl class='gallery-item'>\n\t\t\t\t<dt class='gallery-icon landscape'>\n\t\t\t\t\t<a class=\"rollover rollover-zoom dt-pswp-item\" title=\"5b038edf-3aee-4422-8d15-68b0f93c9b49\" data-dt-img-description=\"\" data-large_image_width=\"320\" data-large_image_height=\"199\"href='https:\/\/www.radiopiu.net\/wordpress\/wp-content\/uploads\/2022\/06\/5b038edf-3aee-4422-8d15-68b0f93c9b49.jpg'><img loading=\"lazy\" decoding=\"async\" width=\"150\" height=\"150\" src=\"https:\/\/www.radiopiu.net\/wordpress\/wp-content\/uploads\/2022\/06\/5b038edf-3aee-4422-8d15-68b0f93c9b49-150x150.jpg\" class=\"attachment-thumbnail size-thumbnail\" alt=\"\" \/><\/a>\n\t\t\t\t<\/dt><\/dl><br style=\"clear: both\" \/><dl class='gallery-item'>\n\t\t\t\t<dt class='gallery-icon landscape'>\n\t\t\t\t\t<a class=\"rollover rollover-zoom dt-pswp-item\" title=\"d13402b8-1772-4bac-93f9-5009a59c6b96\" data-dt-img-description=\"\" data-large_image_width=\"320\" data-large_image_height=\"201\"href='https:\/\/www.radiopiu.net\/wordpress\/wp-content\/uploads\/2022\/06\/d13402b8-1772-4bac-93f9-5009a59c6b96.jpg'><img loading=\"lazy\" decoding=\"async\" width=\"150\" height=\"150\" src=\"https:\/\/www.radiopiu.net\/wordpress\/wp-content\/uploads\/2022\/06\/d13402b8-1772-4bac-93f9-5009a59c6b96-150x150.jpg\" class=\"attachment-thumbnail size-thumbnail\" alt=\"\" \/><\/a>\n\t\t\t\t<\/dt><\/dl><dl class='gallery-item'>\n\t\t\t\t<dt class='gallery-icon landscape'>\n\t\t\t\t\t<a class=\"rollover rollover-zoom dt-pswp-item\" title=\"80595151-2c51-41f3-a70c-fa4d230d94c0\" data-dt-img-description=\"\" data-large_image_width=\"296\" data-large_image_height=\"205\"href='https:\/\/www.radiopiu.net\/wordpress\/wp-content\/uploads\/2022\/06\/80595151-2c51-41f3-a70c-fa4d230d94c0.jpg'><img loading=\"lazy\" decoding=\"async\" width=\"150\" height=\"150\" src=\"https:\/\/www.radiopiu.net\/wordpress\/wp-content\/uploads\/2022\/06\/80595151-2c51-41f3-a70c-fa4d230d94c0-150x150.jpg\" class=\"attachment-thumbnail size-thumbnail\" alt=\"\" \/><\/a>\n\t\t\t\t<\/dt><\/dl><dl class='gallery-item'>\n\t\t\t\t<dt class='gallery-icon landscape'>\n\t\t\t\t\t<a class=\"rollover rollover-zoom dt-pswp-item\" title=\"fc6c76bb-e315-4d81-a33c-ad767895e4e9\" data-dt-img-description=\"\" data-large_image_width=\"370\" data-large_image_height=\"199\"href='https:\/\/www.radiopiu.net\/wordpress\/wp-content\/uploads\/2022\/06\/fc6c76bb-e315-4d81-a33c-ad767895e4e9.jpg'><img loading=\"lazy\" decoding=\"async\" width=\"150\" height=\"150\" src=\"https:\/\/www.radiopiu.net\/wordpress\/wp-content\/uploads\/2022\/06\/fc6c76bb-e315-4d81-a33c-ad767895e4e9-150x150.jpg\" class=\"attachment-thumbnail size-thumbnail\" alt=\"\" \/><\/a>\n\t\t\t\t<\/dt><\/dl><dl class='gallery-item'>\n\t\t\t\t<dt class='gallery-icon landscape'>\n\t\t\t\t\t<a class=\"rollover rollover-zoom dt-pswp-item\" title=\"49260fb3-4321-4443-9d4f-29599aac1718\" data-dt-img-description=\"\" data-large_image_width=\"314\" data-large_image_height=\"206\"href='https:\/\/www.radiopiu.net\/wordpress\/wp-content\/uploads\/2022\/06\/49260fb3-4321-4443-9d4f-29599aac1718.jpg'><img loading=\"lazy\" decoding=\"async\" width=\"150\" height=\"150\" src=\"https:\/\/www.radiopiu.net\/wordpress\/wp-content\/uploads\/2022\/06\/49260fb3-4321-4443-9d4f-29599aac1718-150x150.jpg\" class=\"attachment-thumbnail size-thumbnail\" alt=\"\" \/><\/a>\n\t\t\t\t<\/dt><\/dl><dl class='gallery-item'>\n\t\t\t\t<dt class='gallery-icon landscape'>\n\t\t\t\t\t<a class=\"rollover rollover-zoom dt-pswp-item\" title=\"01094ba7-cdef-4ae8-bb93-4edfb7b274d4\" data-dt-img-description=\"\" data-large_image_width=\"501\" data-large_image_height=\"206\"href='https:\/\/www.radiopiu.net\/wordpress\/wp-content\/uploads\/2022\/06\/01094ba7-cdef-4ae8-bb93-4edfb7b274d4.jpg'><img loading=\"lazy\" decoding=\"async\" width=\"150\" height=\"150\" src=\"https:\/\/www.radiopiu.net\/wordpress\/wp-content\/uploads\/2022\/06\/01094ba7-cdef-4ae8-bb93-4edfb7b274d4-150x150.jpg\" class=\"attachment-thumbnail size-thumbnail\" alt=\"\" \/><\/a>\n\t\t\t\t<\/dt><\/dl><dl class='gallery-item'>\n\t\t\t\t<dt class='gallery-icon landscape'>\n\t\t\t\t\t<a class=\"rollover rollover-zoom dt-pswp-item\" title=\"0d786953-609b-45c9-b893-571d36c77f9d\" data-dt-img-description=\"\" data-large_image_width=\"320\" data-large_image_height=\"200\"href='https:\/\/www.radiopiu.net\/wordpress\/wp-content\/uploads\/2022\/06\/0d786953-609b-45c9-b893-571d36c77f9d.jpg'><img loading=\"lazy\" decoding=\"async\" width=\"150\" height=\"150\" src=\"https:\/\/www.radiopiu.net\/wordpress\/wp-content\/uploads\/2022\/06\/0d786953-609b-45c9-b893-571d36c77f9d-150x150.jpg\" class=\"attachment-thumbnail size-thumbnail\" alt=\"\" \/><\/a>\n\t\t\t\t<\/dt><\/dl><br style=\"clear: both\" \/>\n\t\t\t<\/div>\n\n<p>NELLE FOTO (riproduzioni dal libro &#8220;Un secolo in corriera nella provincia di Belluno): anni &#8217;20, prime autocorriere in sosta a Mas di Sedico; una delle prime autocorriere, Spa &#8220;lungo&#8221; 9c della ditta Giovanni Buzzatti e fratelli in sosta davanti all&#8217;antico albergo a Mas di Sedico dopo la Grande guerra; anni &#8217;30: torpedone Lancia Pentaiota della Buzzatti in sosta a Ponte Mas; Fiat 507 della Buzzatti attraversa una slavina lungo la linea Caprile-Selva di Cadore; anno 1954: autocorriera Fiat 682 carrozzata Barbi, pure della Buzzatti, nel Piazzale della Stazione a Belluno; anno 1968: autocorriera Fiat 320 Siccar Gt in Agordino; anno 1949, la Fiat 682 Barbi della Buzzatti sosta sul Falzarego; anno 1960, la Fiat 306 Gt carrozzata Sicca sosta alla stazione del capoluogo; il bigliettaio Ferdinando Caviola e l&#8217;autista Carlo Casal davanti alla corriera della Buzzatti; anno 1949, inaugurazione dell&#8217;autolinea Belluno-Agordo-San Pellegrino-Lago di Carezza-Bolzano, il pullman \u00e8 un Fiat 640; il famoso bilico con semirimorchio Orlandi, con 55 posti a sedere, costruito negli anni 1951-52 nelle officine Buzzatti a Bribano; il vescovo Muccin, \u00e8 il 1965, benedice le nuove Officine Buzzatti a La Veneggia; interno delle officine Buzzatti negli anni &#8217;30; uno dei titolari, Domenico Buzzatti detto Menego posa con i dipendenti davanti al garage di Bribano, \u00e8 il 1928; in primo piano Giovanni ed Ezio Buzzatti davnti all&#8217;autorimessa di Bribano nell&#8217;anno 1946, con l&#8217;autocorriera Alfa Romeo 900 con rimorchio Macchi; autocorriera Fiat 635 in servizio sulla linea Gosaldo-Agordo nel 1954; anno 1965: verniciatori e carrozzieri all&#8217;opera nelle officine Buzzatti alla Veneggia; anni &#8217;20: festa a Sospirolo; in primo piano una corriera della ditta Buzzatti e, sullo sfondo quella della ditta Doglioni-Martini che faceva servizio nella Valle del Mis.<\/p>\n<blockquote class=\"wp-embedded-content\" data-secret=\"pwDqyjKRgl\"><p><a href=\"https:\/\/www.radiopiu.net\/wordpress\/un-secolo-in-corriera-nella-provincia-di-belluno-rievocato-nel-libro-del-2000-di-renato-fiababe-e-lionello-fiori\/\">UN SECOLO IN CORRIERA NELLA PROVINCIA DI BELLUNO RIEVOCATO NEL LIBRO DEL 2000 DI RENATO FIABABE E LIONELLO FIORI<\/a><\/p><\/blockquote>\n<p><iframe loading=\"lazy\" class=\"wp-embedded-content\" sandbox=\"allow-scripts\" security=\"restricted\" style=\"position: absolute; visibility: hidden;\" title=\"&#8220;UN SECOLO IN CORRIERA NELLA PROVINCIA DI BELLUNO RIEVOCATO NEL LIBRO DEL 2000 DI RENATO FIABABE E LIONELLO FIORI&#8221; &#8212; Radio Pi\u00f9\" src=\"https:\/\/www.radiopiu.net\/wordpress\/un-secolo-in-corriera-nella-provincia-di-belluno-rievocato-nel-libro-del-2000-di-renato-fiababe-e-lionello-fiori\/embed\/#?secret=fX0JPqSAZi#?secret=pwDqyjKRgl\" data-secret=\"pwDqyjKRgl\" width=\"600\" height=\"338\" frameborder=\"0\" marginwidth=\"0\" marginheight=\"0\" scrolling=\"no\"><\/iframe><\/p>\n<p>&nbsp;<\/p>\n<blockquote class=\"wp-embedded-content\" data-secret=\"iye3yDBCqZ\"><p><a href=\"https:\/\/www.radiopiu.net\/wordpress\/lepoca-dei-pionieri-illustrata-nellottimo-volume-di-fiabane-fiori-su-un-secolo-bellunese-di-corriera\/\">&#8220;L&#8217;EPOCA DEI PIONIERI&#8221; ILLUSTRATA NELL&#8217;OTTIMO VOLUME DI FIABANE-FIORI SU UN SECOLO BELLUNESE DI CORRIERA<\/a><\/p><\/blockquote>\n<p><iframe loading=\"lazy\" class=\"wp-embedded-content\" sandbox=\"allow-scripts\" security=\"restricted\" style=\"position: absolute; visibility: hidden;\" title=\"&#8220;&#8220;L&#8217;EPOCA DEI PIONIERI&#8221; ILLUSTRATA NELL&#8217;OTTIMO VOLUME DI FIABANE-FIORI SU UN SECOLO BELLUNESE DI CORRIERA&#8221; &#8212; Radio Pi\u00f9\" src=\"https:\/\/www.radiopiu.net\/wordpress\/lepoca-dei-pionieri-illustrata-nellottimo-volume-di-fiabane-fiori-su-un-secolo-bellunese-di-corriera\/embed\/#?secret=JUKcI7SKP9#?secret=iye3yDBCqZ\" data-secret=\"iye3yDBCqZ\" width=\"600\" height=\"338\" frameborder=\"0\" marginwidth=\"0\" marginheight=\"0\" scrolling=\"no\"><\/iframe><\/p>\n<blockquote class=\"wp-embedded-content\" data-secret=\"zjTvU4gc9G\"><p><a href=\"https:\/\/www.radiopiu.net\/wordpress\/ancora-prima-del-1900-la-ditta-zasio-garantiva-il-servizio-di-autocorriera-nella-sinistra-piave\/\">ANCORA PRIMA DEL 1900 LA DITTA ZASIO GARANTIVA IL SERVIZIO DI AUTOCORRIERA NELLA SINISTRA PIAVE<\/a><\/p><\/blockquote>\n<p><iframe loading=\"lazy\" class=\"wp-embedded-content\" sandbox=\"allow-scripts\" security=\"restricted\" style=\"position: absolute; visibility: hidden;\" title=\"&#8220;ANCORA PRIMA DEL 1900 LA DITTA ZASIO GARANTIVA IL SERVIZIO DI AUTOCORRIERA NELLA SINISTRA PIAVE&#8221; &#8212; Radio Pi\u00f9\" src=\"https:\/\/www.radiopiu.net\/wordpress\/ancora-prima-del-1900-la-ditta-zasio-garantiva-il-servizio-di-autocorriera-nella-sinistra-piave\/embed\/#?secret=nagjol1sqG#?secret=zjTvU4gc9G\" data-secret=\"zjTvU4gc9G\" width=\"600\" height=\"338\" frameborder=\"0\" marginwidth=\"0\" marginheight=\"0\" scrolling=\"no\"><\/iframe><\/p>\n<blockquote class=\"wp-embedded-content\" data-secret=\"pebEbF9T3O\"><p><a href=\"https:\/\/www.radiopiu.net\/wordpress\/un-secolo-fa-lapertura-nel-canale-del-mis-della-strada-camionabile-di-11-chilometri\/\">UN SECOLO FA L\u2019APERTURA NEL CANALE DEL MIS DELLA STRADA CAMIONABILE DI 11 CHILOMETRI<\/a><\/p><\/blockquote>\n<p><iframe loading=\"lazy\" class=\"wp-embedded-content\" sandbox=\"allow-scripts\" security=\"restricted\" style=\"position: absolute; visibility: hidden;\" title=\"&#8220;UN SECOLO FA L\u2019APERTURA NEL CANALE DEL MIS DELLA STRADA CAMIONABILE DI 11 CHILOMETRI&#8221; &#8212; Radio Pi\u00f9\" src=\"https:\/\/www.radiopiu.net\/wordpress\/un-secolo-fa-lapertura-nel-canale-del-mis-della-strada-camionabile-di-11-chilometri\/embed\/#?secret=gGaw6SMcoz#?secret=pebEbF9T3O\" data-secret=\"pebEbF9T3O\" width=\"600\" height=\"338\" frameborder=\"0\" marginwidth=\"0\" marginheight=\"0\" scrolling=\"no\"><\/iframe><\/p>\n<blockquote class=\"wp-embedded-content\" data-secret=\"gLJ5abA8jz\"><p><a href=\"https:\/\/www.radiopiu.net\/wordpress\/la-sad-collega-belluno-con-lalto-adige-oltre-a-servire-lampezzano-ed-il-cadore\/\">LA SAD COLLEGA BELLUNO CON L\u2019ALTO ADIGE (OLTRE A SERVIRE L\u2019AMPEZZANO ED IL CADORE)<\/a><\/p><\/blockquote>\n<p><iframe loading=\"lazy\" class=\"wp-embedded-content\" sandbox=\"allow-scripts\" security=\"restricted\" style=\"position: absolute; visibility: hidden;\" title=\"&#8220;LA SAD COLLEGA BELLUNO CON L\u2019ALTO ADIGE (OLTRE A SERVIRE L\u2019AMPEZZANO ED IL CADORE)&#8221; &#8212; Radio Pi\u00f9\" src=\"https:\/\/www.radiopiu.net\/wordpress\/la-sad-collega-belluno-con-lalto-adige-oltre-a-servire-lampezzano-ed-il-cadore\/embed\/#?secret=CxI3TDU8Fv#?secret=gLJ5abA8jz\" data-secret=\"gLJ5abA8jz\" width=\"600\" height=\"338\" frameborder=\"0\" marginwidth=\"0\" marginheight=\"0\" scrolling=\"no\"><\/iframe><\/p>\n<blockquote class=\"wp-embedded-content\" data-secret=\"pV9qgytR3s\"><p><a href=\"https:\/\/www.radiopiu.net\/wordpress\/la-autoservizi-societa-anonima-al-servizio-della-birreria-pedavena-e-poi-del-pubblico\/\">LA\u00a0 AUTOSERVIZI SOCIET\u00c0 ANONIMA AL SERVIZIO DELLA BIRRERIA PEDAVENA E POI DEL PUBBLICO<\/a><\/p><\/blockquote>\n<p><iframe loading=\"lazy\" class=\"wp-embedded-content\" sandbox=\"allow-scripts\" security=\"restricted\" style=\"position: absolute; visibility: hidden;\" title=\"&#8220;LA\u00a0 AUTOSERVIZI SOCIET\u00c0 ANONIMA AL SERVIZIO DELLA BIRRERIA PEDAVENA E POI DEL PUBBLICO&#8221; &#8212; Radio Pi\u00f9\" src=\"https:\/\/www.radiopiu.net\/wordpress\/la-autoservizi-societa-anonima-al-servizio-della-birreria-pedavena-e-poi-del-pubblico\/embed\/#?secret=DmsUy4MWBS#?secret=pV9qgytR3s\" data-secret=\"pV9qgytR3s\" width=\"600\" height=\"338\" frameborder=\"0\" marginwidth=\"0\" marginheight=\"0\" scrolling=\"no\"><\/iframe><\/p>\n<blockquote class=\"wp-embedded-content\" data-secret=\"nFSLvDKXyN\"><p><a href=\"https:\/\/www.radiopiu.net\/wordpress\/dal-1951-prima-corriera-della-andreella-a-collegare-belluno-con-zoppe-di-cadore\/\">DAL 1951 PRIMA CORRIERA DELLA ANDREELLA  A COLLEGARE BELLUNO CON ZOPPE&#8217; DI CADORE<\/a><\/p><\/blockquote>\n<p><iframe loading=\"lazy\" class=\"wp-embedded-content\" sandbox=\"allow-scripts\" security=\"restricted\" style=\"position: absolute; visibility: hidden;\" title=\"&#8220;DAL 1951 PRIMA CORRIERA DELLA ANDREELLA  A COLLEGARE BELLUNO CON ZOPPE&#8217; DI CADORE&#8221; &#8212; Radio Pi\u00f9\" src=\"https:\/\/www.radiopiu.net\/wordpress\/dal-1951-prima-corriera-della-andreella-a-collegare-belluno-con-zoppe-di-cadore\/embed\/#?secret=MfXpWz81SX#?secret=nFSLvDKXyN\" data-secret=\"nFSLvDKXyN\" width=\"600\" height=\"338\" frameborder=\"0\" marginwidth=\"0\" marginheight=\"0\" scrolling=\"no\"><\/iframe><\/p>\n<blockquote class=\"wp-embedded-content\" data-secret=\"rp2hTaNSfy\"><p><a href=\"https:\/\/www.radiopiu.net\/wordpress\/i-servizi-di-autocorriera-forniti-in-passato-da-atesina-sad-ed-automobilistica-cadore\/\">I SERVIZI DI AUTOCORRIERA FORNITI IN PASSATO DA ATESINA, SAD ED AUTOMOBILISTICA CADORE<\/a><\/p><\/blockquote>\n<p><iframe loading=\"lazy\" class=\"wp-embedded-content\" sandbox=\"allow-scripts\" security=\"restricted\" style=\"position: absolute; visibility: hidden;\" title=\"&#8220;I SERVIZI DI AUTOCORRIERA FORNITI IN PASSATO DA ATESINA, SAD ED AUTOMOBILISTICA CADORE&#8221; &#8212; Radio Pi\u00f9\" src=\"https:\/\/www.radiopiu.net\/wordpress\/i-servizi-di-autocorriera-forniti-in-passato-da-atesina-sad-ed-automobilistica-cadore\/embed\/#?secret=07iF5C7eFC#?secret=rp2hTaNSfy\" data-secret=\"rp2hTaNSfy\" width=\"600\" height=\"338\" frameborder=\"0\" marginwidth=\"0\" marginheight=\"0\" scrolling=\"no\"><\/iframe><\/p>\n<blockquote class=\"wp-embedded-content\" data-secret=\"v5EVZ4zD09\"><p><a href=\"https:\/\/www.radiopiu.net\/wordpress\/autoservizi-buzzatti-un-tempo-la-piu-grossa-azienda-bellunese-del-trasporto-viaggiatori\/\">AUTOSERVIZI BUZZATTI: UN TEMPO LA PIU&#8217; GROSSA AZIENDA BELLUNESE DEL TRASPORTO VIAGGIATORI<\/a><\/p><\/blockquote>\n<p><iframe loading=\"lazy\" class=\"wp-embedded-content\" sandbox=\"allow-scripts\" security=\"restricted\" style=\"position: absolute; visibility: hidden;\" title=\"&#8220;AUTOSERVIZI BUZZATTI: UN TEMPO LA PIU&#8217; GROSSA AZIENDA BELLUNESE DEL TRASPORTO VIAGGIATORI&#8221; &#8212; Radio Pi\u00f9\" src=\"https:\/\/www.radiopiu.net\/wordpress\/autoservizi-buzzatti-un-tempo-la-piu-grossa-azienda-bellunese-del-trasporto-viaggiatori\/embed\/#?secret=1Ccugrq79D#?secret=v5EVZ4zD09\" data-secret=\"v5EVZ4zD09\" width=\"600\" height=\"338\" frameborder=\"0\" marginwidth=\"0\" marginheight=\"0\" scrolling=\"no\"><\/iframe><\/p>\n<p>*****<\/p>\n","protected":false},"excerpt":{"rendered":"<p>di Renato Bona Nel precedente servizio su &#8220;Un secolo in corriera nella provincia di Belluno&#8221; che \u00e8 il titolo di un ottimo libro che DolomitiBus realizz\u00f2 nel 2000 (stampa tipografia Piave) con Renato Fiabane e Lionello Fiori, primo di molti collaboratori Gianni De Vecchi, contributo di Provincia, Comuni di Belluno e Sedico, Comitato festeggiamenti Bribano,&hellip;<\/p>\n","protected":false},"author":4,"featured_media":279489,"comment_status":"closed","ping_status":"closed","sticky":false,"template":"","format":"standard","meta":{"_monsterinsights_skip_tracking":false,"_monsterinsights_sitenote_active":false,"_monsterinsights_sitenote_note":"","_monsterinsights_sitenote_category":0,"footnotes":""},"categories":[51,49],"tags":[],"class_list":["post-279480","post","type-post","status-publish","format-standard","has-post-thumbnail","hentry","category-evidenza-top","category-news-18","category-51","category-49","description-off"],"img_url":"https:\/\/www.radiopiu.net\/wordpress\/wp-content\/uploads\/2022\/06\/660b2d55-6f42-4fe4-88b7-187fc0e12c4f.jpg","_links":{"self":[{"href":"https:\/\/www.radiopiu.net\/wordpress\/wp-json\/wp\/v2\/posts\/279480","targetHints":{"allow":["GET"]}}],"collection":[{"href":"https:\/\/www.radiopiu.net\/wordpress\/wp-json\/wp\/v2\/posts"}],"about":[{"href":"https:\/\/www.radiopiu.net\/wordpress\/wp-json\/wp\/v2\/types\/post"}],"author":[{"embeddable":true,"href":"https:\/\/www.radiopiu.net\/wordpress\/wp-json\/wp\/v2\/users\/4"}],"replies":[{"embeddable":true,"href":"https:\/\/www.radiopiu.net\/wordpress\/wp-json\/wp\/v2\/comments?post=279480"}],"version-history":[{"count":2,"href":"https:\/\/www.radiopiu.net\/wordpress\/wp-json\/wp\/v2\/posts\/279480\/revisions"}],"predecessor-version":[{"id":431987,"href":"https:\/\/www.radiopiu.net\/wordpress\/wp-json\/wp\/v2\/posts\/279480\/revisions\/431987"}],"wp:featuredmedia":[{"embeddable":true,"href":"https:\/\/www.radiopiu.net\/wordpress\/wp-json\/wp\/v2\/media\/279489"}],"wp:attachment":[{"href":"https:\/\/www.radiopiu.net\/wordpress\/wp-json\/wp\/v2\/media?parent=279480"}],"wp:term":[{"taxonomy":"category","embeddable":true,"href":"https:\/\/www.radiopiu.net\/wordpress\/wp-json\/wp\/v2\/categories?post=279480"},{"taxonomy":"post_tag","embeddable":true,"href":"https:\/\/www.radiopiu.net\/wordpress\/wp-json\/wp\/v2\/tags?post=279480"}],"curies":[{"name":"wp","href":"https:\/\/api.w.org\/{rel}","templated":true}]}}