{"id":279572,"date":"2022-06-06T06:00:29","date_gmt":"2022-06-06T04:00:29","guid":{"rendered":"https:\/\/www.radiopiu.net\/wordpress\/?p=279572"},"modified":"2022-06-06T09:26:54","modified_gmt":"2022-06-06T07:26:54","slug":"giornale-radiopiu-06-giugno-2022-direttore-mirko-mezzacasa","status":"publish","type":"post","link":"https:\/\/www.radiopiu.net\/wordpress\/giornale-radiopiu-06-giugno-2022-direttore-mirko-mezzacasa\/","title":{"rendered":"GIORNALE RADIOPIU 06 GIUGNO 2022 DIRETTORE MIRKO MEZZACASA"},"content":{"rendered":"<h3 class=\"kvgmc6g5 cxmmr5t8 oygrvhab hcukyx3x c1et5uql\"><span style=\"color: #0000ff;\"><strong>RADIO PIU INFORMAZIONE il canale su TELEGRAM informazione di prima\u00a0 <\/strong><\/span><span style=\"color: #0000ff;\"><strong>mano e in tempo reale. iscriviti ed aiutaci a farlo conoscere\u00a0\u00a0<\/strong><\/span><\/h3>\n<p>&nbsp;<\/p>\n<hr \/>\n<p>&nbsp;<\/p>\n<blockquote>\n<h3>ACQUA POTABILE A COLLAZ DI LIVINALLONGO NON A CENCENIGHE INQUINATA DAL 1 GIUGNO<\/h3>\n<\/blockquote>\n<p><strong><a class=\"dt-pswp-item\" href=\"https:\/\/www.radiopiu.net\/wordpress\/wp-content\/uploads\/2018\/08\/ACQUA.jpeg\" data-dt-img-description=\"\" data-large_image_width=\"1280\" data-large_image_height=\"768\"><img loading=\"lazy\" decoding=\"async\" class=\"alignleft wp-image-57052 \" src=\"https:\/\/www.radiopiu.net\/wordpress\/wp-content\/uploads\/2018\/08\/ACQUA-300x180.jpeg\" alt=\"\" width=\"160\" height=\"96\" srcset=\"https:\/\/www.radiopiu.net\/wordpress\/wp-content\/uploads\/2018\/08\/ACQUA-300x180.jpeg 300w, https:\/\/www.radiopiu.net\/wordpress\/wp-content\/uploads\/2018\/08\/ACQUA-768x461.jpeg 768w, https:\/\/www.radiopiu.net\/wordpress\/wp-content\/uploads\/2018\/08\/ACQUA-1024x614.jpeg 1024w, https:\/\/www.radiopiu.net\/wordpress\/wp-content\/uploads\/2018\/08\/ACQUA.jpeg 1280w\" sizes=\"auto, (max-width: 160px) 100vw, 160px\" \/><\/a>LIVINALLONGO<\/strong> Gestione Servizi Pubblici informa che a LIVINALLONGO DEL COL DI LANA in localit\u00e0 COLLAZ l&#8217;acqua erogata dall&#8217;acquedotto \u00e8 di nuovo potabile. Il disservizio \u00e8 durato 7 giorni.<\/p>\n<p><strong>CENCENIGHE<\/strong> Gestione Servizi Pubblici informa che a CENCENIGHE AGORDINO in localit\u00e0 FOCH l&#8217;acqua erogata dall&#8217;acquedotto non \u00e8 potabile e non pu\u00f2 essere usata per scopi alimentari. GSP ha, comunque, gi\u00e0 adottato le necessarie misure per la disinfezione dell&#8217;acqua presente nei serbatoi e nella rete idrica con l&#8217;aggiunta di cloro. Verr\u00e0 effettuato il servizio sostitutivo con autobotte presso il parcheggio pubblico di Via Foch.<\/p>\n<p>&nbsp;<\/p>\n<blockquote>\n<h3 class=\"entry-title\">DA OGGI CHIUSURA DELLA PROVINCIALE 3 AI MEZZI PESANTI<\/h3>\n<\/blockquote>\n<p><strong>RIVAMONTE<\/strong> Veneto Strade informa che fino al 10 giugno in localit\u00e0 Le Roste di Rivamonte (Agordo Ponte Alto-Rivamonte) la strada sar\u00e0 totalmente interdetta ai mezzi pesanti con massa superiore alle 3,5 tonnellate (esclusi i pullman adibiti al trasporto di persone), sono previste per tutti brevi interruzioni fino ad un massimo di 10 minuti<\/p>\n<p><strong>COMELICO<\/strong> Dal 9 giugno al 31 luglio con esclusione dei giorni festivi e prefestivi, interruzione totale al traffico di tuti i mezzi tra Costalissoio e San Nicolo&#8217; Comelico per esbosco legname.<\/p>\n<p>&nbsp;<\/p>\n<p>&nbsp;<\/p>\n<hr \/>\n<p>&nbsp;<\/p>\n<blockquote>\n<h3>VOLA PER 40 METRI, PERDE LA VITA UN ALPINISTA VICENTINO SULLA FORCELLA DI GIAU<\/h3>\n<\/blockquote>\n<p><strong><a class=\"dt-pswp-item\" href=\"https:\/\/www.radiopiu.net\/wordpress\/wp-content\/uploads\/2022\/06\/fb_img_1654454697778-300x300-1.jpg\" data-dt-img-description=\"\" data-large_image_width=\"300\" data-large_image_height=\"300\"><img loading=\"lazy\" decoding=\"async\" class=\"size-thumbnail wp-image-279865 alignleft\" src=\"https:\/\/www.radiopiu.net\/wordpress\/wp-content\/uploads\/2022\/06\/fb_img_1654454697778-300x300-1-150x150.jpg\" alt=\"\" width=\"150\" height=\"150\" srcset=\"https:\/\/www.radiopiu.net\/wordpress\/wp-content\/uploads\/2022\/06\/fb_img_1654454697778-300x300-1-150x150.jpg 150w, https:\/\/www.radiopiu.net\/wordpress\/wp-content\/uploads\/2022\/06\/fb_img_1654454697778-300x300-1.jpg 300w\" sizes=\"auto, (max-width: 150px) 100vw, 150px\" \/><\/a>SAN VITO DI CADORE\/COLLE SANTA LUCIA<\/strong> Ieri attorno alle 11.40 la Centrale del Suem \u00e8 stata contattata dalla compagna di cordata di un alpinista, che era precipitato mentre stavano scalando la Via Da Lago sulla Gusela di Giau, tra San Vito di Cadore e Colle Santa Lucia. Per individuare velocemente il luogo dell&#8217;incidente, l&#8217;elicottero Pelikan 2, attivato per il recupero dei due rocciatori, ha imbarcato due soccorritori della Guardia di Finanza di Cortina. Purtroppo una volta avvicinatisi alla parete \u00e8 stato constatato che l&#8217;uomo <strong>Giordano Pertile, <\/strong>\u00a048 anni, di Thiene (VI) era privo di vita per le lesioni riportate nella caduta. Calato con il verricello, uno dei due soccorritori ha provveduto al recupero della salma e successivamente della compagna &#8211; che era illesa &#8211; trasportate poi al Passo Giau, dove era presente anche un squadra del Soccorso alpino di Cortina e dove \u00e8 stato fatto arrivare il carro funebre. Da una prima ricostruzione l&#8217;alpinista, primo di cordata, si trovava sopra il terzo tiro, quando \u00e8 volato, per motivi in fase di accertamento, ed \u00e8 precipitato una quarantina di metri, superando la compagna ferma in sosta e fermandosi legato alla corda, dopo aver sbattuto sulla roccia con conseguenti traumi fatali. Pertile\u00a0 era un esperto rocciatore, con\u00a0alle spalle numerose scalate anche di\u00a0cime elevate.<\/p>\n<p><strong>FOTO MARIO DE MARCO\u00a0<\/strong><\/p>\n\n\t\t\t<style type='text\/css'>\n\t\t\t\t#gallery-1 {\n\t\t\t\t\tmargin: auto;\n\t\t\t\t}\n\t\t\t\t#gallery-1 .gallery-item {\n\t\t\t\t\tfloat: left;\n\t\t\t\t\tmargin-top: 10px;\n\t\t\t\t\ttext-align: center;\n\t\t\t\t\twidth: 25%;\n\t\t\t\t}\n\t\t\t\t#gallery-1 img {\n\t\t\t\t\tborder: 2px solid #cfcfcf;\n\t\t\t\t}\n\t\t\t\t#gallery-1 .gallery-caption {\n\t\t\t\t\tmargin-left: 0;\n\t\t\t\t}\n\t\t\t\t\/* see gallery_shortcode() in wp-includes\/media.php *\/\n\t\t\t<\/style>\n\t\t<div id='gallery-1' class='dt-gallery-container gallery galleryid-279572 gallery-columns-4 gallery-size-thumbnail'><dl class='gallery-item'>\n\t\t\t\t<dt class='gallery-icon landscape'>\n\t\t\t\t\t<a class=\"rollover rollover-zoom dt-pswp-item\" title=\"285439059_361612412703323_1073841160263323425_n\" data-dt-img-description=\"\" data-large_image_width=\"1927\" data-large_image_height=\"1282\"href='https:\/\/www.radiopiu.net\/wordpress\/wp-content\/uploads\/2022\/06\/285439059_361612412703323_1073841160263323425_n.jpg'><img loading=\"lazy\" decoding=\"async\" width=\"150\" height=\"150\" src=\"https:\/\/www.radiopiu.net\/wordpress\/wp-content\/uploads\/2022\/06\/285439059_361612412703323_1073841160263323425_n-150x150.jpg\" class=\"attachment-thumbnail size-thumbnail\" alt=\"\" \/><\/a>\n\t\t\t\t<\/dt><\/dl><dl class='gallery-item'>\n\t\t\t\t<dt class='gallery-icon landscape'>\n\t\t\t\t\t<a class=\"rollover rollover-zoom dt-pswp-item\" title=\"285342956_536140281550542_1783367417173635391_n\" data-dt-img-description=\"\" data-large_image_width=\"1817\" data-large_image_height=\"1211\"href='https:\/\/www.radiopiu.net\/wordpress\/wp-content\/uploads\/2022\/06\/285342956_536140281550542_1783367417173635391_n.jpg'><img loading=\"lazy\" decoding=\"async\" width=\"150\" height=\"150\" src=\"https:\/\/www.radiopiu.net\/wordpress\/wp-content\/uploads\/2022\/06\/285342956_536140281550542_1783367417173635391_n-150x150.jpg\" class=\"attachment-thumbnail size-thumbnail\" alt=\"\" \/><\/a>\n\t\t\t\t<\/dt><\/dl><dl class='gallery-item'>\n\t\t\t\t<dt class='gallery-icon landscape'>\n\t\t\t\t\t<a class=\"rollover rollover-zoom dt-pswp-item\" title=\"285572341_540604747595240_9055162885925332033_n\" data-dt-img-description=\"\" data-large_image_width=\"2011\" data-large_image_height=\"1338\"href='https:\/\/www.radiopiu.net\/wordpress\/wp-content\/uploads\/2022\/06\/285572341_540604747595240_9055162885925332033_n.jpg'><img loading=\"lazy\" decoding=\"async\" width=\"150\" height=\"150\" src=\"https:\/\/www.radiopiu.net\/wordpress\/wp-content\/uploads\/2022\/06\/285572341_540604747595240_9055162885925332033_n-150x150.jpg\" class=\"attachment-thumbnail size-thumbnail\" alt=\"\" \/><\/a>\n\t\t\t\t<\/dt><\/dl><dl class='gallery-item'>\n\t\t\t\t<dt class='gallery-icon landscape'>\n\t\t\t\t\t<a class=\"rollover rollover-zoom dt-pswp-item\" title=\"285983887_710175253562829_7482754598588715707_n\" data-dt-img-description=\"\" data-large_image_width=\"1532\" data-large_image_height=\"1019\"href='https:\/\/www.radiopiu.net\/wordpress\/wp-content\/uploads\/2022\/06\/285983887_710175253562829_7482754598588715707_n.jpg'><img loading=\"lazy\" decoding=\"async\" width=\"150\" height=\"150\" src=\"https:\/\/www.radiopiu.net\/wordpress\/wp-content\/uploads\/2022\/06\/285983887_710175253562829_7482754598588715707_n-150x150.jpg\" class=\"attachment-thumbnail size-thumbnail\" alt=\"\" \/><\/a>\n\t\t\t\t<\/dt><\/dl><br style=\"clear: both\" \/>\n\t\t\t<\/div>\n\n<p>&nbsp;<\/p>\n<hr \/>\n<p>&nbsp;<\/p>\n<blockquote>\n<h3>ANZIANO SCOMPARSO IN VAL DI ZOLDO, LO CERCANO VIGILI DEL FUOCO E SOCCORSO ALPINO<\/h3>\n<\/blockquote>\n<p><strong><img loading=\"lazy\" decoding=\"async\" class=\"alignleft\" src=\"https:\/\/www.radiopiu.net\/wordpress\/wp-content\/uploads\/2018\/12\/Vigili-del-fuoco-e1462166495384.jpg\" width=\"159\" height=\"105\" \/>VAL DI ZOLDO<\/strong> Da ieri sera manca un anziano di 83 anni, non \u00e8 tornato \u00a0dalla escursione a Col Marsan. L&#8217;allarme \u00e8 partito pi\u00f9 o meno nello stesso momento in cui s&#8217;\u00e8 scatenato il fortunale,\u00a0 le squadre di soccorritori\u00a0 si sono messe in moto per cercarlo.\u00a0 Da ieri sera i vigili del fuoco e il soccorso alpino si sono mobilitati sulle sue tracce. Le ricerche partono dalla zona dell&#8217;Insonnia, dove le squadre hanno allestito il campo base.<\/p>\n<p>foto archivio radiopiu<\/p>\n<p>&nbsp;<\/p>\n<hr \/>\n<blockquote>\n<h3><\/h3>\n<h3><span style=\"color: #ff0000;\">ORE 20: FORTUNALE DA PAURA NEL RICORDO DEI GIORNI DI VAIA, NESSUN DANNO A PERSONE<\/span><\/h3>\n<h3><img loading=\"lazy\" decoding=\"async\" class=\"alignleft\" src=\"https:\/\/www.radiopiu.net\/wordpress\/wp-content\/uploads\/2022\/06\/286447901_10222484256829301_1519576877509366008_n.jpg\" width=\"129\" height=\"97\" \/>Una cinquantina di interventi dei vigili del fuoco. Danni dalla Valbelluna a Passo San Pellegrino. Vento forte a Cencenighe. \u00a0Una\u00a0 specie di tromba d\u2019aria\u00a0 ieri sera alle 20. Alberi sradicati, gazebo\u00a0 e tegole in volo. Case senza energia elettrica. A Feltre interventi dei vigili per piante in strada abbattute dal vento.\u00a0 A Colle Santa Lucia sono volate lamiere e sono stati scoperchiati vecchi fienili.<\/h3>\n<h3><span style=\"color: #ff0000;\">CORTINA, SCOPERCHIATA LA SCUOLA PRIMARIA, LEZIONI SOSPESE<\/span><\/h3>\n<\/blockquote>\n<p><strong><a class=\"dt-pswp-item\" href=\"https:\/\/www.radiopiu.net\/wordpress\/wp-content\/uploads\/2022\/06\/73a7aa5b-0947-4fd5-91ad-3d07bf0185a1.jpg\" data-dt-img-description=\"\" data-large_image_width=\"1080\" data-large_image_height=\"810\"><img loading=\"lazy\" decoding=\"async\" class=\"size-thumbnail wp-image-279916 alignleft\" src=\"https:\/\/www.radiopiu.net\/wordpress\/wp-content\/uploads\/2022\/06\/73a7aa5b-0947-4fd5-91ad-3d07bf0185a1-150x150.jpg\" alt=\"\" width=\"150\" height=\"150\" \/><\/a>CORTINA<\/strong> Scoperchiata la scuola Duca D&#8217;Aosta (FOTO DA NOTIZIARIO CORTINA, SU FACEBOOK)<\/p>\n<div class=\"col-xs-1\">\n<div id=\"share_bar_wrapper\" class=\"top\">\n<div id=\"share_bar\">\n<ul class=\"share-item\">\n<li class=\"facebook\">nubifragio con raffiche di vento che hanno colpito il centro, danni ingenti al \u00a0tetto della scuola elementare Duca d\u2019Aosta &#8211; a pochi metri \u00a0da Corso Italia &#8211; Danni in tutto l&#8217;Ampezzano con alberi caduti e interventi dei vigili del fuoco per allagamenti.<\/li>\n<li>Il sindaco Gianpietro Ghedina ha firmato l&#8217;ordinanza di chiusura del secondo piano della scuola &#8220;Duca d&#8217;Aosta&#8221; limitatamente alle classi della scuola secondaria di primo grado Zardini<\/li>\n<\/ul>\n<\/div>\n<\/div>\n<\/div>\n<p><a class=\"dt-pswp-item\" href=\"https:\/\/www.radiopiu.net\/wordpress\/wp-content\/uploads\/2022\/06\/286206837_528500205411186_7224997414789348265_n.jpg\" data-dt-img-description=\"\" data-large_image_width=\"526\" data-large_image_height=\"701\"><img loading=\"lazy\" decoding=\"async\" class=\"alignnone wp-image-279889 \" src=\"https:\/\/www.radiopiu.net\/wordpress\/wp-content\/uploads\/2022\/06\/286206837_528500205411186_7224997414789348265_n.jpg\" alt=\"\" width=\"275\" height=\"366\" srcset=\"https:\/\/www.radiopiu.net\/wordpress\/wp-content\/uploads\/2022\/06\/286206837_528500205411186_7224997414789348265_n.jpg 526w, https:\/\/www.radiopiu.net\/wordpress\/wp-content\/uploads\/2022\/06\/286206837_528500205411186_7224997414789348265_n-225x300.jpg 225w\" sizes=\"auto, (max-width: 275px) 100vw, 275px\" \/><\/a><\/p>\n<h1><strong><a class=\"dt-pswp-item\" href=\"https:\/\/www.radiopiu.net\/wordpress\/wp-content\/uploads\/2022\/06\/Senza-nome-2.jpg\" data-dt-img-description=\"\" data-large_image_width=\"294\" data-large_image_height=\"241\"><img loading=\"lazy\" decoding=\"async\" class=\"size-thumbnail wp-image-279894 alignleft\" src=\"https:\/\/www.radiopiu.net\/wordpress\/wp-content\/uploads\/2022\/06\/Senza-nome-2-150x150.jpg\" alt=\"\" width=\"150\" height=\"150\" \/><\/a><\/strong><\/h1>\n<h1><\/h1>\n<h1><\/h1>\n<h1>VIDEO CORRIERE ALPI <a href=\"https:\/\/video.corrierealpi.gelocal.it\/locale\/cortina-la-tempesta-scoperchia-il-tetto-delle-scuole\/155238\/155933?fbclid=IwAR2jRCeS_-HV5DSvd82g0P9F-zxOKgdtQuouaQdXG17vbtY-ldBLjEHg_cM\">CLICCA QUI<\/a><\/h1>\n<p>&nbsp;<\/p>\n<p>&nbsp;<\/p>\n<p>&nbsp;<\/p>\n<hr \/>\n<blockquote>\n<h3><\/h3>\n<h3><span style=\"color: #ff0000;\">VENTO FORTE, VIGILI DEL FUOCO SUL TETTO A TABIADON DI FALCADE<\/span><\/h3>\n<\/blockquote>\n<p><strong>FALCADE<\/strong> Il vento forte ha causato i primi danni nell&#8217;alto Agordino, a\u00a0Tabiadon di Val\u00a0 alle\u00a0 20.40 sono intervenuti i vigili del fuoco per la messa in sicurezza del tetto dopo un principio di scoperchiamento.<\/p>\n\n\t\t\t<style type='text\/css'>\n\t\t\t\t#gallery-2 {\n\t\t\t\t\tmargin: auto;\n\t\t\t\t}\n\t\t\t\t#gallery-2 .gallery-item {\n\t\t\t\t\tfloat: left;\n\t\t\t\t\tmargin-top: 10px;\n\t\t\t\t\ttext-align: center;\n\t\t\t\t\twidth: 50%;\n\t\t\t\t}\n\t\t\t\t#gallery-2 img {\n\t\t\t\t\tborder: 2px solid #cfcfcf;\n\t\t\t\t}\n\t\t\t\t#gallery-2 .gallery-caption {\n\t\t\t\t\tmargin-left: 0;\n\t\t\t\t}\n\t\t\t\t\/* see gallery_shortcode() in wp-includes\/media.php *\/\n\t\t\t<\/style>\n\t\t<div id='gallery-2' class='dt-gallery-container gallery galleryid-279572 gallery-columns-2 gallery-size-medium'><dl class='gallery-item'>\n\t\t\t\t<dt class='gallery-icon landscape'>\n\t\t\t\t\t<a class=\"rollover rollover-zoom dt-pswp-item\" title=\"d646ab22-6a23-4ec5-a4ee-73b4b23eb8ae\" data-dt-img-description=\"\" data-large_image_width=\"1599\" data-large_image_height=\"1200\"href='https:\/\/www.radiopiu.net\/wordpress\/wp-content\/uploads\/2022\/06\/d646ab22-6a23-4ec5-a4ee-73b4b23eb8ae.jpg'><img loading=\"lazy\" decoding=\"async\" width=\"300\" height=\"225\" src=\"https:\/\/www.radiopiu.net\/wordpress\/wp-content\/uploads\/2022\/06\/d646ab22-6a23-4ec5-a4ee-73b4b23eb8ae-300x225.jpg\" class=\"attachment-medium size-medium\" alt=\"\" srcset=\"https:\/\/www.radiopiu.net\/wordpress\/wp-content\/uploads\/2022\/06\/d646ab22-6a23-4ec5-a4ee-73b4b23eb8ae-300x225.jpg 300w, https:\/\/www.radiopiu.net\/wordpress\/wp-content\/uploads\/2022\/06\/d646ab22-6a23-4ec5-a4ee-73b4b23eb8ae-1024x768.jpg 1024w, https:\/\/www.radiopiu.net\/wordpress\/wp-content\/uploads\/2022\/06\/d646ab22-6a23-4ec5-a4ee-73b4b23eb8ae-768x576.jpg 768w, https:\/\/www.radiopiu.net\/wordpress\/wp-content\/uploads\/2022\/06\/d646ab22-6a23-4ec5-a4ee-73b4b23eb8ae-1536x1153.jpg 1536w, https:\/\/www.radiopiu.net\/wordpress\/wp-content\/uploads\/2022\/06\/d646ab22-6a23-4ec5-a4ee-73b4b23eb8ae.jpg 1599w\" sizes=\"auto, (max-width: 300px) 100vw, 300px\" \/><\/a>\n\t\t\t\t<\/dt><\/dl><dl class='gallery-item'>\n\t\t\t\t<dt class='gallery-icon landscape'>\n\t\t\t\t\t<a class=\"rollover rollover-zoom dt-pswp-item\" title=\"ac2ee910-88a3-4f15-8dff-b043f4ec0a82\" data-dt-img-description=\"\" data-large_image_width=\"1600\" data-large_image_height=\"1200\"href='https:\/\/www.radiopiu.net\/wordpress\/wp-content\/uploads\/2022\/06\/ac2ee910-88a3-4f15-8dff-b043f4ec0a82.jpg'><img loading=\"lazy\" decoding=\"async\" width=\"300\" height=\"225\" src=\"https:\/\/www.radiopiu.net\/wordpress\/wp-content\/uploads\/2022\/06\/ac2ee910-88a3-4f15-8dff-b043f4ec0a82-300x225.jpg\" class=\"attachment-medium size-medium\" alt=\"\" srcset=\"https:\/\/www.radiopiu.net\/wordpress\/wp-content\/uploads\/2022\/06\/ac2ee910-88a3-4f15-8dff-b043f4ec0a82-300x225.jpg 300w, https:\/\/www.radiopiu.net\/wordpress\/wp-content\/uploads\/2022\/06\/ac2ee910-88a3-4f15-8dff-b043f4ec0a82-1024x768.jpg 1024w, https:\/\/www.radiopiu.net\/wordpress\/wp-content\/uploads\/2022\/06\/ac2ee910-88a3-4f15-8dff-b043f4ec0a82-768x576.jpg 768w, https:\/\/www.radiopiu.net\/wordpress\/wp-content\/uploads\/2022\/06\/ac2ee910-88a3-4f15-8dff-b043f4ec0a82-1536x1152.jpg 1536w, https:\/\/www.radiopiu.net\/wordpress\/wp-content\/uploads\/2022\/06\/ac2ee910-88a3-4f15-8dff-b043f4ec0a82.jpg 1600w\" sizes=\"auto, (max-width: 300px) 100vw, 300px\" \/><\/a>\n\t\t\t\t<\/dt><\/dl><br style=\"clear: both\" \/>\n\t\t\t<\/div>\n\n<p>Sul Passo San Pellegrino sono cadute diverse piante, bloccando il transito della strada.<\/p>\n<p><a class=\"dt-pswp-item\" href=\"https:\/\/www.radiopiu.net\/wordpress\/wp-content\/uploads\/2022\/06\/San-Pellegrino-pianta-caduta-e1654458216902.jpg\" data-dt-img-description=\"\" data-large_image_width=\"1200\" data-large_image_height=\"900\"><img loading=\"lazy\" decoding=\"async\" class=\"alignnone wp-image-279899 size-medium\" src=\"https:\/\/www.radiopiu.net\/wordpress\/wp-content\/uploads\/2022\/06\/San-Pellegrino-pianta-caduta-e1654458216902-300x225.jpg\" alt=\"\" width=\"300\" height=\"225\" srcset=\"https:\/\/www.radiopiu.net\/wordpress\/wp-content\/uploads\/2022\/06\/San-Pellegrino-pianta-caduta-e1654458216902-300x225.jpg 300w, https:\/\/www.radiopiu.net\/wordpress\/wp-content\/uploads\/2022\/06\/San-Pellegrino-pianta-caduta-e1654458216902-1024x768.jpg 1024w, https:\/\/www.radiopiu.net\/wordpress\/wp-content\/uploads\/2022\/06\/San-Pellegrino-pianta-caduta-e1654458216902-768x576.jpg 768w, https:\/\/www.radiopiu.net\/wordpress\/wp-content\/uploads\/2022\/06\/San-Pellegrino-pianta-caduta-e1654458216902.jpg 1200w\" sizes=\"auto, (max-width: 300px) 100vw, 300px\" \/>\u00a0<\/a><\/p>\n<p><strong>VIDEO ERWIN DE PELLEGRIN<\/strong> <span style=\"color: #0000ff;\"><strong><a style=\"color: #0000ff;\" href=\"https:\/\/www.facebook.com\/erwin.depellegrini\/videos\/5424170214301062\">CLICCA QUI<\/a><\/strong><\/span><\/p>\n<p><strong>SELVA DI CADORE<\/strong> Piccola frana in strada, qualche problema per la viabilit\u00e0<strong>\u00a0<\/strong><\/p>\n<p><strong>SOSPIROLO<\/strong> \u00a0bidoni del vpl e carta sono volati in mezzo alla strada e al parcheggio. Paura per un fenomeno paragonato ad un tornado. Alberi spezzati in zona Regolanova.\u00a0 Alzato il\u00a0 tetto del garage-casetta di legno che ha ricordato i giorni\u00a0 di Vaia<\/p>\n<p><a class=\"dt-pswp-item\" href=\"https:\/\/www.radiopiu.net\/wordpress\/wp-content\/uploads\/2022\/06\/286515989_1284000742130134_4379270591625934970_n.jpg\" data-dt-img-description=\"\" data-large_image_width=\"261\" data-large_image_height=\"195\"><img loading=\"lazy\" decoding=\"async\" class=\"alignnone wp-image-279886 size-full\" src=\"https:\/\/www.radiopiu.net\/wordpress\/wp-content\/uploads\/2022\/06\/286515989_1284000742130134_4379270591625934970_n.jpg\" alt=\"\" width=\"261\" height=\"195\" \/>\u00a0<\/a><\/p>\n<p>&nbsp;<\/p>\n<p><strong>CENCENIGHE<\/strong> Scoperchiato un fienile (una parte delle tegole), gi\u00e0 sostituite, volati alcuni scuri. In via XX settembre Gazebo in volo. <span class=\"d2edcug0 hpfvmrgz qv66sw1b c1et5uql lr9zc1uh jq4qci2q a3bd9o3v b1v8xokw m9osqain\"><strong><a class=\"oajrlxb2 g5ia77u1 qu0x051f esr5mh6w e9989ue4 r7d6kgcz rq0escxv nhd2j8a9 nc684nl6 p7hjln8o kvgmc6g5 cxmmr5t8 oygrvhab hcukyx3x jb3vyjys rz4wbd8a qt6c0cv9 a8nywdso i1ao9s8h esuyzwwr f1sip0of lzcic4wl gpro0wi8 oo9gr5id lrazzd5p\" tabindex=\"0\" role=\"link\" href=\"https:\/\/www.facebook.com\/Oh-Perbacco-Wine-227916097378476\/?__cft__[0]=AZW-eiaYAdKTymHCwphfFn1H6fzzQDh77hiiVbvO9eq_YCgiN8RJkqslVoc35s36-gCJvFPrFdEFOrQJ3EwqeaeuxKXTeDqxLzDT7igwoF4v_5aBAi46kORQg5b1DycX6UKvHVRQPCj_o1VQqBM83xdlUrclpG9KaJyBKcXRrGs5kfu6LVtre3CthYDnq17Gfkg&amp;__tn__=kC%2CP-R\"><span class=\"nc684nl6\">Oh Perbacco Wine <\/span><\/a><\/strong><\/span>Lamiere divelte anche in piazza IV novembre<\/p>\n<p><a class=\"dt-pswp-item\" href=\"https:\/\/www.radiopiu.net\/wordpress\/wp-content\/uploads\/2022\/06\/286372875_2140621896107877_7298733720922197983_n.jpg\" data-dt-img-description=\"\" data-large_image_width=\"526\" data-large_image_height=\"526\"><img loading=\"lazy\" decoding=\"async\" class=\"alignnone size-thumbnail wp-image-279908\" src=\"https:\/\/www.radiopiu.net\/wordpress\/wp-content\/uploads\/2022\/06\/286372875_2140621896107877_7298733720922197983_n-150x150.jpg\" alt=\"\" width=\"150\" height=\"150\" srcset=\"https:\/\/www.radiopiu.net\/wordpress\/wp-content\/uploads\/2022\/06\/286372875_2140621896107877_7298733720922197983_n-150x150.jpg 150w, https:\/\/www.radiopiu.net\/wordpress\/wp-content\/uploads\/2022\/06\/286372875_2140621896107877_7298733720922197983_n-300x300.jpg 300w, https:\/\/www.radiopiu.net\/wordpress\/wp-content\/uploads\/2022\/06\/286372875_2140621896107877_7298733720922197983_n.jpg 526w\" sizes=\"auto, (max-width: 150px) 100vw, 150px\" \/><\/a><\/p>\n<p>CHENET DI CENCENIGHE<\/p>\n<div style=\"width: 848px;\" class=\"wp-video\"><video class=\"wp-video-shortcode\" id=\"video-279572-1\" width=\"848\" height=\"480\" preload=\"metadata\" controls=\"controls\"><source type=\"video\/mp4\" src=\"https:\/\/www.radiopiu.net\/wordpress\/wp-content\/uploads\/2022\/06\/WhatsApp-Video-2022-06-05-at-22.48.53-1.mp4?_=1\" \/><a href=\"https:\/\/www.radiopiu.net\/wordpress\/wp-content\/uploads\/2022\/06\/WhatsApp-Video-2022-06-05-at-22.48.53-1.mp4\">https:\/\/www.radiopiu.net\/wordpress\/wp-content\/uploads\/2022\/06\/WhatsApp-Video-2022-06-05-at-22.48.53-1.mp4<\/a><\/video><\/div>\n<p>&nbsp;<\/p>\n<p><strong>SEDICO<\/strong>\u00a0 Alberi in strada a Meano<\/p>\n<p><strong>BELLUNO-LONGARONE<\/strong> Vento forte e grandine. video VIABILITA&#8217; PROVINCIA BELLUNO su TELEGRAM<\/p>\n<div style=\"width: 1200px;\" class=\"wp-video\"><video class=\"wp-video-shortcode\" id=\"video-279572-2\" width=\"1200\" height=\"675\" preload=\"metadata\" controls=\"controls\"><source type=\"video\/mp4\" src=\"https:\/\/www.radiopiu.net\/wordpress\/wp-content\/uploads\/2022\/06\/4d5fddd6-b4ac-4c12-9f94-e3c8408c02f1.mp4?_=2\" \/><a href=\"https:\/\/www.radiopiu.net\/wordpress\/wp-content\/uploads\/2022\/06\/4d5fddd6-b4ac-4c12-9f94-e3c8408c02f1.mp4\">https:\/\/www.radiopiu.net\/wordpress\/wp-content\/uploads\/2022\/06\/4d5fddd6-b4ac-4c12-9f94-e3c8408c02f1.mp4<\/a><\/video><\/div>\n<p>&nbsp;<\/p>\n<p><strong>GOSALDO\u00a0<\/strong><\/p>\n<p><a class=\"dt-pswp-item\" href=\"https:\/\/www.radiopiu.net\/wordpress\/wp-content\/uploads\/2022\/06\/455b8817-007f-47f8-a300-67c17acac647.jpg\" data-dt-img-description=\"\" data-large_image_width=\"720\" data-large_image_height=\"960\"><img loading=\"lazy\" decoding=\"async\" class=\"alignnone wp-image-279927 \" src=\"https:\/\/www.radiopiu.net\/wordpress\/wp-content\/uploads\/2022\/06\/455b8817-007f-47f8-a300-67c17acac647.jpg\" alt=\"\" width=\"183\" height=\"244\" srcset=\"https:\/\/www.radiopiu.net\/wordpress\/wp-content\/uploads\/2022\/06\/455b8817-007f-47f8-a300-67c17acac647.jpg 720w, https:\/\/www.radiopiu.net\/wordpress\/wp-content\/uploads\/2022\/06\/455b8817-007f-47f8-a300-67c17acac647-225x300.jpg 225w\" sizes=\"auto, (max-width: 183px) 100vw, 183px\" \/>\u00a0<\/a><\/p>\n<p>&nbsp;<\/p>\n<p>&nbsp;<\/p>\n<hr \/>\n<p>&nbsp;<\/p>\n<blockquote>\n<h3>AMBIENTALISTI SUL GIAU CONTRO I NUOVI IMPIANTI E I MOTOCICLISTI &#8220;CHIUDETE I PASSI&#8221;<\/h3>\n<\/blockquote>\n<p><strong>\u00a0<\/strong><strong>COLLE SANTA LUCIA<\/strong> Il no a nuovi impianti \u00e8 stato ribadito dagli ambientalisti, 150,\u00a0 nella mattinata di ieri a Passo Giau con uno striscione di 13 metri. Al passo sono saliti a piedi dal Falzarego. Tutti contro le Olimpiadi per i costi e per le opere che a loro avviso sono inutili.\u00a0 Quanto ai collegamenti sciistici da Cortina al Civetta e da Cortina alla Val Badia, \u00e8 stato facile per i delegati delle associazioni dimostrare l&#8217;impatto che si creerebbe in un ambiente di rarissima bellezza. Tutti contro la pista di bob da pi\u00f9 dei 60 milioni ipotizzati in un primo momento.\u00a0 Durissima la critica al numero esorbitante di motociclisti che sui tornanti del Giau schizzavano come in un circuito.<br \/>\n<a class=\"dt-pswp-item\" href=\"https:\/\/www.radiopiu.net\/wordpress\/wp-content\/uploads\/2022\/06\/Senza-nome-3.jpg\" data-dt-img-description=\"\" data-large_image_width=\"494\" data-large_image_height=\"237\"><img loading=\"lazy\" decoding=\"async\" class=\"alignnone wp-image-279929 size-full\" src=\"https:\/\/www.radiopiu.net\/wordpress\/wp-content\/uploads\/2022\/06\/Senza-nome-3.jpg\" alt=\"\" width=\"494\" height=\"237\" srcset=\"https:\/\/www.radiopiu.net\/wordpress\/wp-content\/uploads\/2022\/06\/Senza-nome-3.jpg 494w, https:\/\/www.radiopiu.net\/wordpress\/wp-content\/uploads\/2022\/06\/Senza-nome-3-300x144.jpg 300w\" sizes=\"auto, (max-width: 494px) 100vw, 494px\" \/><\/a><\/p>\n<p>&nbsp;<\/p>\n<p>&nbsp;<\/p>\n<p>&nbsp;<\/p>\n<hr \/>\n<p>&nbsp;<\/p>\n<blockquote>\n<h3>INAUGURATO IL TRENOBUS DELLE DOLOMITI<\/h3>\n<\/blockquote>\n<p><strong>CALALZO<\/strong> \u00ab<em>Quella di oggi \u00e8 una giornata importante per il nostro territorio e la sua fruibilit\u00e0 in maniera sostenibile. Il cicloturismo \u00e8 il modo migliore per far scoprire le nostre bellezze. Ma quella di oggi \u00e8 una giornata importante anche per le sinergie. Tra aziende di trasporto, prima di tutto, Dolomitibus e Trenitalia. E tra istituzioni. La Regione che crede fortemente nello sviluppo dell\u2019integrazione tra vettori diversi, treno, bus e biciclette. La Provincia, che promuove lo sviluppo del territorio. E i sindaci che hanno avuto la lungimiranza per investire. Oggi la pi\u00f9 bella ciclabile del Veneto e dell\u2019Italia, la Calalzo-Cortina, torna a essere collegata direttamente da Venezia: \u00e8 il pi\u00f9 bel biglietto da visita<\/em>\u00bb.<br \/>\nCos\u00ec il consigliere provinciale delegato alla difesa del suolo Mattia Gosetti (Sindaco di Cibiana), che sabato mattina ha partecipato all\u2019inaugurazione del servizio Trenobus delle Dolomiti, a Calalzo, in rappresentanza dell\u2019amministrazione provinciale.<\/p>\n\n\t\t\t<style type='text\/css'>\n\t\t\t\t#gallery-3 {\n\t\t\t\t\tmargin: auto;\n\t\t\t\t}\n\t\t\t\t#gallery-3 .gallery-item {\n\t\t\t\t\tfloat: left;\n\t\t\t\t\tmargin-top: 10px;\n\t\t\t\t\ttext-align: center;\n\t\t\t\t\twidth: 33%;\n\t\t\t\t}\n\t\t\t\t#gallery-3 img {\n\t\t\t\t\tborder: 2px solid #cfcfcf;\n\t\t\t\t}\n\t\t\t\t#gallery-3 .gallery-caption {\n\t\t\t\t\tmargin-left: 0;\n\t\t\t\t}\n\t\t\t\t\/* see gallery_shortcode() in wp-includes\/media.php *\/\n\t\t\t<\/style>\n\t\t<div id='gallery-3' class='dt-gallery-container gallery galleryid-279572 gallery-columns-3 gallery-size-thumbnail'><dl class='gallery-item'>\n\t\t\t\t<dt class='gallery-icon landscape'>\n\t\t\t\t\t<a class=\"rollover rollover-zoom dt-pswp-item\" title=\"de4414f3-0fb1-4588-b3d5-59f45fa3f7dc\" data-dt-img-description=\"\" data-large_image_width=\"1024\" data-large_image_height=\"768\"href='https:\/\/www.radiopiu.net\/wordpress\/wp-content\/uploads\/2022\/06\/de4414f3-0fb1-4588-b3d5-59f45fa3f7dc.jpg'><img loading=\"lazy\" decoding=\"async\" width=\"150\" height=\"150\" src=\"https:\/\/www.radiopiu.net\/wordpress\/wp-content\/uploads\/2022\/06\/de4414f3-0fb1-4588-b3d5-59f45fa3f7dc-150x150.jpg\" class=\"attachment-thumbnail size-thumbnail\" alt=\"\" \/><\/a>\n\t\t\t\t<\/dt><\/dl><dl class='gallery-item'>\n\t\t\t\t<dt class='gallery-icon landscape'>\n\t\t\t\t\t<a class=\"rollover rollover-zoom dt-pswp-item\" title=\"99c4c56b-9686-441a-b389-5c5ba8502faf\" data-dt-img-description=\"\" data-large_image_width=\"1024\" data-large_image_height=\"768\"href='https:\/\/www.radiopiu.net\/wordpress\/wp-content\/uploads\/2022\/06\/99c4c56b-9686-441a-b389-5c5ba8502faf.jpg'><img loading=\"lazy\" decoding=\"async\" width=\"150\" height=\"150\" src=\"https:\/\/www.radiopiu.net\/wordpress\/wp-content\/uploads\/2022\/06\/99c4c56b-9686-441a-b389-5c5ba8502faf-150x150.jpg\" class=\"attachment-thumbnail size-thumbnail\" alt=\"\" \/><\/a>\n\t\t\t\t<\/dt><\/dl><dl class='gallery-item'>\n\t\t\t\t<dt class='gallery-icon landscape'>\n\t\t\t\t\t<a class=\"rollover rollover-zoom dt-pswp-item\" title=\"2da03681-00cd-4228-8836-61e10921aee0\" data-dt-img-description=\"\" data-large_image_width=\"1024\" data-large_image_height=\"768\"href='https:\/\/www.radiopiu.net\/wordpress\/wp-content\/uploads\/2022\/06\/2da03681-00cd-4228-8836-61e10921aee0.jpg'><img loading=\"lazy\" decoding=\"async\" width=\"150\" height=\"150\" src=\"https:\/\/www.radiopiu.net\/wordpress\/wp-content\/uploads\/2022\/06\/2da03681-00cd-4228-8836-61e10921aee0-150x150.jpg\" class=\"attachment-thumbnail size-thumbnail\" alt=\"\" \/><\/a>\n\t\t\t\t<\/dt><\/dl><br style=\"clear: both\" \/>\n\t\t\t<\/div>\n\n<p><strong>DI\u00a0<\/strong><br \/>\n<span class=\"\"><span class=\"nc684nl6\"><a class=\"oajrlxb2 g5ia77u1 qu0x051f esr5mh6w e9989ue4 r7d6kgcz rq0escxv nhd2j8a9 nc684nl6 p7hjln8o kvgmc6g5 cxmmr5t8 oygrvhab hcukyx3x jb3vyjys rz4wbd8a qt6c0cv9 a8nywdso i1ao9s8h esuyzwwr f1sip0of lzcic4wl gmql0nx0 gpro0wi8\" tabindex=\"0\" role=\"link\" href=\"https:\/\/www.facebook.com\/groups\/61488111720\/user\/1148164733\/?__cft__[0]=AZWbw6z0OLRz7tEH0979AhpStGrqtj3z4Mg5topcBctWOmaGfJ4MpASbJ7hy5-q2AVR-YOEngwnahC8B-HX8HsBJPepUNjfBIiBSqn4lq7dUXZ2HKgYN3qVCVFdvnTRoOWR3V0KHMsRFxyFvCq_qE9ht&amp;__tn__=R]-R\"><span class=\"pq6dq46d\"><span class=\"d2edcug0 hpfvmrgz qv66sw1b c1et5uql lr9zc1uh a8c37x1j fe6kdd0r mau55g9w c8b282yb keod5gw0 nxhoafnm aigsh9s9 d9wwppkn mdeji52x e9vueds3 j5wam9gi lrazzd5p oo9gr5id\" dir=\"auto\">Stefano Dell&#8217;Osbel<\/span><\/span><\/a><\/span><\/span><\/p>\n<div class=\"ecm0bbzt e5nlhep0 a8c37x1j\">\n<div class=\"kvgmc6g5 cxmmr5t8 oygrvhab hcukyx3x c1et5uql\">\n<div dir=\"auto\">Questo \u00e8 un servizio dedicato a una utenza turistica e sarebbe auspicabile anche per l&#8217;Agordino, il problema \u00e8 che da noi, a parte quella della Val Biois (a dire il vero un po&#8217; ripida e sterrata) e qualche altro tratto isolato, mancano proprio le ciclabili o comunque un qualcosa che si possa considerare come un &#8220;sistema&#8221; di piste ciclabili da poter rendere appetibile a un servizio del genere. Speriamo che si possano risolvere (presto) le criticit\u00e0 che ben conosciamo&#8230; oggi son salito da Cencenighe a Malga Ciap\u00e9la (e oltre) con la ebike e tra interruzioni di viabilit\u00e0 secondaria e tratti mancanti di ciclabile \u00e8 stata una piccola odissea, spesso si \u00e8 costretti a girare per le strade principali con quel che ne consegue. Segnalo invece che sul sito di Trenitalia da poco tempo si possono acquistare biglietti unici treno+bus per destinazioni\/partenze in Agordino fino ad Arabba, mancano purtroppo Falcade e la Val Biois e i tempi delle coincidenze a Belluno non sono sempre ottimali, si pu\u00f2 comunque viaggiare, scegliendo le soluzioni adeguate, con tempi di percorrenza accettabili (foto allegata Alleghe &#8211; Venezia).<\/div>\n<div dir=\"auto\"><a class=\"dt-pswp-item\" href=\"https:\/\/www.radiopiu.net\/wordpress\/wp-content\/uploads\/2022\/06\/286186027_10223751080462166_6171577753644568899_n.jpg\" data-dt-img-description=\"\" data-large_image_width=\"261\" data-large_image_height=\"155\"><img loading=\"lazy\" decoding=\"async\" class=\"alignnone wp-image-279882 size-full\" src=\"https:\/\/www.radiopiu.net\/wordpress\/wp-content\/uploads\/2022\/06\/286186027_10223751080462166_6171577753644568899_n.jpg\" alt=\"\" width=\"261\" height=\"155\" \/><\/a><\/div>\n<\/div>\n<\/div>\n<p>&nbsp;<\/p>\n<hr \/>\n<p>&nbsp;<\/p>\n<blockquote>\n<h3>ELETTRIFICAZIONE DELLA TRATTA MONTEBELLUNA &#8211; FELTRE. BOND: &#8220;ACCELERARE I LAVORI&#8221;<\/h3>\n<\/blockquote>\n<p><strong>BELLUNO <\/strong>\u201c<em>I lavori servono e i disagi che recano con s\u00e9 sono normali. Ma non si pu\u00f2 abusare della pazienza degli utenti. I lavori di elettrificazione sulla linea ferroviaria Treviso-Montebelluna-Feltre-Belluno hanno bisogno di tempi certi. I cantieri devono procedere spediti, pi\u00f9 di quanto non stia succedend<\/em>o\u201d. Lo afferma il deputato Dario Bond, alla luce della Carta dei Servizi di Trenitalia, Direzione Regionale del Veneto, che fissa alcune chiusure della linea per i prossimi mesi.<\/p>\n<p>&nbsp;<\/p>\n<p>&nbsp;<\/p>\n<hr \/>\n<p>&nbsp;<\/p>\n<blockquote>\n<h3>CARABINIERI FORESTALI E RETINA VENETO ASSIEME NELL&#8217;EVENTO DI EDUCAZIONE AMBIENTALE<\/h3>\n<\/blockquote>\n<p><strong>SELVA DI CADORE<\/strong> Sabato alle 10, da Malga Fontanafredda ha avuto luogo un evento di educazione ambientale in cui i Carabinieri Forestali della Stazione di Caprile ed Agordo hanno accompagnato in escursione alcuni soci dell&#8217;associazione &#8220;Retina Veneto&#8221; impegnata nel campo della disabilit\u00e0 visiva. Presente anche il consigliere Regionale Silvia Cestaro, e al Ristoro Belvedere anche il saluto da parte dell&#8217;amministrazione comunale di Selva di Cadore<\/p>\n<p><strong>IL TENENTE COLONNELLO RICCARDO CORBINI, COMANDANTE DEI CARABINIERI FORESTALI DI BELLUNO, E ANTONIO ONGARO DELL&#8217;ASSOCIAZIONE RETINA VENETO<\/strong><\/p>\n<audio class=\"wp-audio-shortcode\" id=\"audio-279572-1\" preload=\"none\" style=\"width: 100%;\" controls=\"controls\"><source type=\"audio\/mpeg\" src=\"https:\/\/www.radiopiu.net\/wordpress\/wp-content\/uploads\/2022\/06\/CORBINI-ONGARO.mp3?_=1\" \/><a href=\"https:\/\/www.radiopiu.net\/wordpress\/wp-content\/uploads\/2022\/06\/CORBINI-ONGARO.mp3\">https:\/\/www.radiopiu.net\/wordpress\/wp-content\/uploads\/2022\/06\/CORBINI-ONGARO.mp3<\/a><\/audio>\n<p>&nbsp;<\/p>\n\n\t\t\t<style type='text\/css'>\n\t\t\t\t#gallery-4 {\n\t\t\t\t\tmargin: auto;\n\t\t\t\t}\n\t\t\t\t#gallery-4 .gallery-item {\n\t\t\t\t\tfloat: left;\n\t\t\t\t\tmargin-top: 10px;\n\t\t\t\t\ttext-align: center;\n\t\t\t\t\twidth: 50%;\n\t\t\t\t}\n\t\t\t\t#gallery-4 img {\n\t\t\t\t\tborder: 2px solid #cfcfcf;\n\t\t\t\t}\n\t\t\t\t#gallery-4 .gallery-caption {\n\t\t\t\t\tmargin-left: 0;\n\t\t\t\t}\n\t\t\t\t\/* see gallery_shortcode() in wp-includes\/media.php *\/\n\t\t\t<\/style>\n\t\t<div id='gallery-4' class='dt-gallery-container gallery galleryid-279572 gallery-columns-2 gallery-size-thumbnail'><dl class='gallery-item'>\n\t\t\t\t<dt class='gallery-icon landscape'>\n\t\t\t\t\t<a class=\"rollover rollover-zoom dt-pswp-item\" title=\"0535f64e-a24a-4b77-a837-b8702b75eecc\" data-dt-img-description=\"\" data-large_image_width=\"1600\" data-large_image_height=\"720\"href='https:\/\/www.radiopiu.net\/wordpress\/wp-content\/uploads\/2022\/06\/0535f64e-a24a-4b77-a837-b8702b75eecc.jpg'><img loading=\"lazy\" decoding=\"async\" width=\"150\" height=\"150\" src=\"https:\/\/www.radiopiu.net\/wordpress\/wp-content\/uploads\/2022\/06\/0535f64e-a24a-4b77-a837-b8702b75eecc-150x150.jpg\" class=\"attachment-thumbnail size-thumbnail\" alt=\"\" \/><\/a>\n\t\t\t\t<\/dt><\/dl><dl class='gallery-item'>\n\t\t\t\t<dt class='gallery-icon portrait'>\n\t\t\t\t\t<a class=\"rollover rollover-zoom dt-pswp-item\" title=\"35acaad2-4339-42c1-8b7f-84900d7091ec\" data-dt-img-description=\"\" data-large_image_width=\"758\" data-large_image_height=\"1600\"href='https:\/\/www.radiopiu.net\/wordpress\/wp-content\/uploads\/2022\/06\/35acaad2-4339-42c1-8b7f-84900d7091ec.jpg'><img loading=\"lazy\" decoding=\"async\" width=\"150\" height=\"150\" src=\"https:\/\/www.radiopiu.net\/wordpress\/wp-content\/uploads\/2022\/06\/35acaad2-4339-42c1-8b7f-84900d7091ec-150x150.jpg\" class=\"attachment-thumbnail size-thumbnail\" alt=\"\" \/><\/a>\n\t\t\t\t<\/dt><\/dl><br style=\"clear: both\" \/>\n\t\t\t<\/div>\n\n<p>&nbsp;<\/p>\n<hr \/>\n<p>&nbsp;<\/p>\n<blockquote>\n<h3>RITORNA OPERATIVO VODAFONE NELLA CONCA AGORDINA<\/h3>\n<\/blockquote>\n<p><strong><a class=\"dt-pswp-item\" href=\"https:\/\/www.radiopiu.net\/wordpress\/wp-content\/uploads\/2021\/07\/antenne-cellulare.jpg\" data-dt-img-description=\"\" data-large_image_width=\"536\" data-large_image_height=\"354\"><img loading=\"lazy\" decoding=\"async\" class=\"size-thumbnail wp-image-224873 alignleft\" src=\"https:\/\/www.radiopiu.net\/wordpress\/wp-content\/uploads\/2021\/07\/antenne-cellulare-150x150.jpg\" alt=\"\" width=\"150\" height=\"150\" \/><\/a>REDAZIONE<\/strong> Nelle ultime ore ad Agordo e paesi limitrofi si sono verificati dei disservizi sulla rete Vodafone. Tutto \u00e8 tornato alla normalit\u00e0 quando sono state riattivate correttamente le antenne che coprono la zona. Il problema era iniziato sabato mattina quando attorno alle 11 i clienti dell&#8217;operatore si sono ritrovati senza internet. Solo chiamate in entrata e in uscita ma con un segnale scarso che riusciva a malapena a coprire la zona. Stesso discorso anche per coloro che hanno gli operatori virtuali che usano la rete Vodafone come PosteMobile e Ho.Mobile. Una volta contattato il call center ci era stato assicurato che nella giornata di domenica il problema rientrava e che i tecnici stavano lavorando per un potenziamento della rete in zona. Operatore che \u00e8 stato di parola e il segnale \u00e8 ritornato alla normalit\u00e0. Anzi, facendo un test di velocit\u00e0 si riescono a raggiungere velocit\u00e0 superiori ai 100 mb\/s. 24 ore di disservizio ma ora tutto funziona.<\/p>\n<p>&nbsp;<\/p>\n<p>&nbsp;<\/p>\n<hr \/>\n<p>&nbsp;<\/p>\n<blockquote class=\"wp-embedded-content\" data-secret=\"xTDh2hSyXa\"><p><a href=\"https:\/\/www.radiopiu.net\/wordpress\/aggnazionalegiugno05\/\">CORONAVIRUS: AGGIORNAMENTO NAZIONALE 05 GIUGNO 2022<\/a><\/p><\/blockquote>\n<p><iframe loading=\"lazy\" class=\"wp-embedded-content\" sandbox=\"allow-scripts\" security=\"restricted\" style=\"position: absolute; clip: rect(1px, 1px, 1px, 1px);\" title=\"&#8220;CORONAVIRUS: AGGIORNAMENTO NAZIONALE 05 GIUGNO 2022&#8221; &#8212; Radio Pi\u00f9\" src=\"https:\/\/www.radiopiu.net\/wordpress\/aggnazionalegiugno05\/embed\/#?secret=EyJBhdPcBZ#?secret=xTDh2hSyXa\" data-secret=\"xTDh2hSyXa\" width=\"600\" height=\"338\" frameborder=\"0\" marginwidth=\"0\" marginheight=\"0\" scrolling=\"no\"><\/iframe><\/p>\n<p>&nbsp;<\/p>\n<blockquote class=\"wp-embedded-content\" data-secret=\"UBDdp5pUNV\"><p><a href=\"https:\/\/www.radiopiu.net\/wordpress\/aggazzerogiugno05\/\">CALANO I RICOVERI, 1180 NUOVI POSITIVI E 2 DECESSI IN VENETO NELLE ULTIME 24 ORE<\/a><\/p><\/blockquote>\n<p><iframe loading=\"lazy\" class=\"wp-embedded-content\" sandbox=\"allow-scripts\" security=\"restricted\" style=\"position: absolute; clip: rect(1px, 1px, 1px, 1px);\" title=\"&#8220;CALANO I RICOVERI, 1180 NUOVI POSITIVI E 2 DECESSI IN VENETO NELLE ULTIME 24 ORE&#8221; &#8212; Radio Pi\u00f9\" src=\"https:\/\/www.radiopiu.net\/wordpress\/aggazzerogiugno05\/embed\/#?secret=WWopHZcyHP#?secret=UBDdp5pUNV\" data-secret=\"UBDdp5pUNV\" width=\"600\" height=\"338\" frameborder=\"0\" marginwidth=\"0\" marginheight=\"0\" scrolling=\"no\"><\/iframe><\/p>\n<p>&nbsp;<\/p>\n<h2 dir=\"auto\">I GRAFICI DI TIZIANO DE COL<\/h2>\n\n\t\t\t<style type='text\/css'>\n\t\t\t\t#gallery-5 {\n\t\t\t\t\tmargin: auto;\n\t\t\t\t}\n\t\t\t\t#gallery-5 .gallery-item {\n\t\t\t\t\tfloat: left;\n\t\t\t\t\tmargin-top: 10px;\n\t\t\t\t\ttext-align: center;\n\t\t\t\t\twidth: 33%;\n\t\t\t\t}\n\t\t\t\t#gallery-5 img {\n\t\t\t\t\tborder: 2px solid #cfcfcf;\n\t\t\t\t}\n\t\t\t\t#gallery-5 .gallery-caption {\n\t\t\t\t\tmargin-left: 0;\n\t\t\t\t}\n\t\t\t\t\/* see gallery_shortcode() in wp-includes\/media.php *\/\n\t\t\t<\/style>\n\t\t<div id='gallery-5' class='dt-gallery-container gallery galleryid-279572 gallery-columns-3 gallery-size-thumbnail'><dl class='gallery-item'>\n\t\t\t\t<dt class='gallery-icon landscape'>\n\t\t\t\t\t<a class=\"rollover rollover-zoom dt-pswp-item\" title=\"d96a3085-d6da-4c08-9bcf-1d4aa22c0cda\" data-dt-img-description=\"\" data-large_image_width=\"585\" data-large_image_height=\"361\"href='https:\/\/www.radiopiu.net\/wordpress\/wp-content\/uploads\/2022\/06\/d96a3085-d6da-4c08-9bcf-1d4aa22c0cda.jpg'><img loading=\"lazy\" decoding=\"async\" width=\"150\" height=\"150\" src=\"https:\/\/www.radiopiu.net\/wordpress\/wp-content\/uploads\/2022\/06\/d96a3085-d6da-4c08-9bcf-1d4aa22c0cda-150x150.jpg\" class=\"attachment-thumbnail size-thumbnail\" alt=\"\" \/><\/a>\n\t\t\t\t<\/dt><\/dl><dl class='gallery-item'>\n\t\t\t\t<dt class='gallery-icon landscape'>\n\t\t\t\t\t<a class=\"rollover rollover-zoom dt-pswp-item\" title=\"db2c7d50-c691-46f3-8cac-75a834ec7c77\" data-dt-img-description=\"\" data-large_image_width=\"596\" data-large_image_height=\"364\"href='https:\/\/www.radiopiu.net\/wordpress\/wp-content\/uploads\/2022\/06\/db2c7d50-c691-46f3-8cac-75a834ec7c77.jpg'><img loading=\"lazy\" decoding=\"async\" width=\"150\" height=\"150\" src=\"https:\/\/www.radiopiu.net\/wordpress\/wp-content\/uploads\/2022\/06\/db2c7d50-c691-46f3-8cac-75a834ec7c77-150x150.jpg\" class=\"attachment-thumbnail size-thumbnail\" alt=\"\" \/><\/a>\n\t\t\t\t<\/dt><\/dl><dl class='gallery-item'>\n\t\t\t\t<dt class='gallery-icon landscape'>\n\t\t\t\t\t<a class=\"rollover rollover-zoom dt-pswp-item\" title=\"b1b060d4-93f0-49d2-a66f-3af29de95d24\" data-dt-img-description=\"\" data-large_image_width=\"610\" data-large_image_height=\"357\"href='https:\/\/www.radiopiu.net\/wordpress\/wp-content\/uploads\/2022\/06\/b1b060d4-93f0-49d2-a66f-3af29de95d24.jpg'><img loading=\"lazy\" decoding=\"async\" width=\"150\" height=\"150\" src=\"https:\/\/www.radiopiu.net\/wordpress\/wp-content\/uploads\/2022\/06\/b1b060d4-93f0-49d2-a66f-3af29de95d24-150x150.jpg\" class=\"attachment-thumbnail size-thumbnail\" alt=\"\" \/><\/a>\n\t\t\t\t<\/dt><\/dl><br style=\"clear: both\" \/><dl class='gallery-item'>\n\t\t\t\t<dt class='gallery-icon landscape'>\n\t\t\t\t\t<a class=\"rollover rollover-zoom dt-pswp-item\" title=\"0b006f40-074a-478e-afa4-26fb3abc4dcb\" data-dt-img-description=\"\" data-large_image_width=\"614\" data-large_image_height=\"359\"href='https:\/\/www.radiopiu.net\/wordpress\/wp-content\/uploads\/2022\/06\/0b006f40-074a-478e-afa4-26fb3abc4dcb.jpg'><img loading=\"lazy\" decoding=\"async\" width=\"150\" height=\"150\" src=\"https:\/\/www.radiopiu.net\/wordpress\/wp-content\/uploads\/2022\/06\/0b006f40-074a-478e-afa4-26fb3abc4dcb-150x150.jpg\" class=\"attachment-thumbnail size-thumbnail\" alt=\"\" \/><\/a>\n\t\t\t\t<\/dt><\/dl><dl class='gallery-item'>\n\t\t\t\t<dt class='gallery-icon landscape'>\n\t\t\t\t\t<a class=\"rollover rollover-zoom dt-pswp-item\" title=\"f928e5be-8130-4caf-99bc-74e4d3203f0a\" data-dt-img-description=\"\" data-large_image_width=\"606\" data-large_image_height=\"362\"href='https:\/\/www.radiopiu.net\/wordpress\/wp-content\/uploads\/2022\/06\/f928e5be-8130-4caf-99bc-74e4d3203f0a.jpg'><img loading=\"lazy\" decoding=\"async\" width=\"150\" height=\"150\" src=\"https:\/\/www.radiopiu.net\/wordpress\/wp-content\/uploads\/2022\/06\/f928e5be-8130-4caf-99bc-74e4d3203f0a-150x150.jpg\" class=\"attachment-thumbnail size-thumbnail\" alt=\"\" \/><\/a>\n\t\t\t\t<\/dt><\/dl><dl class='gallery-item'>\n\t\t\t\t<dt class='gallery-icon landscape'>\n\t\t\t\t\t<a class=\"rollover rollover-zoom dt-pswp-item\" title=\"b98496d8-32f5-4c7a-8dea-b83b96fdba55\" data-dt-img-description=\"\" data-large_image_width=\"614\" data-large_image_height=\"361\"href='https:\/\/www.radiopiu.net\/wordpress\/wp-content\/uploads\/2022\/06\/b98496d8-32f5-4c7a-8dea-b83b96fdba55.jpg'><img loading=\"lazy\" decoding=\"async\" width=\"150\" height=\"150\" src=\"https:\/\/www.radiopiu.net\/wordpress\/wp-content\/uploads\/2022\/06\/b98496d8-32f5-4c7a-8dea-b83b96fdba55-150x150.jpg\" class=\"attachment-thumbnail size-thumbnail\" alt=\"\" \/><\/a>\n\t\t\t\t<\/dt><\/dl><br style=\"clear: both\" \/>\n\t\t\t<\/div>\n\n<p>&nbsp;<\/p>\n<hr \/>\n<p>&nbsp;<\/p>\n<blockquote>\n<h3>RILASCIO CERTIFICATI PER ACCESSO AL VOTO DI SOGGETTI ISOLATI-QUARANTENATI PER COVID<\/h3>\n<\/blockquote>\n<p><strong>BELLUNO <\/strong>Le persone in condizione di isolamento domiciliare o quarantena per COVID possono chiedere all\u2019Ulss il rilascio del certificato medico attestante tale condizione, al fine di richiedere al Comune di residenza l\u2019ammissione al voto, con modalit\u00e0 speciali, per le prossime <strong>elezioni del<\/strong> <strong>12 giugno 2022. <\/strong>Le richieste di tali certificati vanno inviate via mail <strong>entro il 07 giugno 2022<\/strong> a: \u00a0<a href=\"mailto:certificati.elezioni@aulss1.veneto.it\">certificati.elezioni@aulss1.veneto.it<\/a> allegando copia di un documento di identit\u00e0. Per eventuali informazioni \u00e8 a disposizione il Dipartimento di Prevenzione al numero 0437\/514505 (dal luned\u00ec al venerd\u00ec dalle 10.00 alle 12.00).<\/p>\n<p>&nbsp;<\/p>\n<p>&nbsp;<\/p>\n<hr \/>\n<p>&nbsp;<\/p>\n<blockquote>\n<h3>CONSEGNATA LA PAGNOTTA DEL MUSEO DEI SOGNI AL MINISTRO D&#8217;INCA&#8217;<\/h3>\n<\/blockquote>\n<p><strong><a class=\"dt-pswp-item\" href=\"https:\/\/www.radiopiu.net\/wordpress\/wp-content\/uploads\/2022\/06\/ministro.jpeg\" data-dt-img-description=\"\" data-large_image_width=\"768\" data-large_image_height=\"1024\"><img loading=\"lazy\" decoding=\"async\" class=\"size-thumbnail wp-image-279700 alignleft\" src=\"https:\/\/www.radiopiu.net\/wordpress\/wp-content\/uploads\/2022\/06\/ministro-150x150.jpeg\" alt=\"\" width=\"150\" height=\"150\" \/><\/a>FELTRE <span class=\"x_s1\">Il Ministro per i Rapporti con il Parlamento On. Federico D\u2019Inc\u00e0 si \u00e8 recato al Museo dei Sogni, della Memoria e della Coscienza, presso la Cooperativa Sociale Arcobaleno \u201986 onlus di Feltre, dove si \u00e8 provveduto alla consegna della pagnotta destinata al Parlamento Europeo. <\/span><span class=\"x_s1\">\u201c<em>Le pagnotte solidali assumono un valore fortemente simbolico perch\u00e9 portano un messaggio di pace, di speranza e di forte solidariet\u00e0: il viaggio della pagnotta che da Siderno, attraversando il museo dei Sogni di Feltre e Roma, sede delle nostre Istituzioni, raggiunger\u00e0 il Parlamento Europeo, \u00e8 un viaggio di fratellanza e di rinascita<\/em>\u201d ha detto il Ministro Federico D&#8217;Inc\u00e0 al termine dell&#8217;incontro.<\/span><\/strong><\/p>\n<p>&nbsp;<\/p>\n<p>&nbsp;<\/p>\n<p>&nbsp;<\/p>\n<hr \/>\n<p>&nbsp;<\/p>\n<blockquote>\n<h3>TRE INCONTRI PER UN NUOVO PRESIDIO DI &#8220;LIBERA&#8221;<\/h3>\n<\/blockquote>\n<p><strong><a class=\"dt-pswp-item\" href=\"https:\/\/www.radiopiu.net\/wordpress\/wp-content\/uploads\/2022\/03\/LIBERA-MAFIE.png\" data-dt-img-description=\"\" data-large_image_width=\"860\" data-large_image_height=\"756\"><img loading=\"lazy\" decoding=\"async\" class=\"size-thumbnail wp-image-267115 alignleft\" src=\"https:\/\/www.radiopiu.net\/wordpress\/wp-content\/uploads\/2022\/03\/LIBERA-MAFIE-150x150.png\" alt=\"\" width=\"150\" height=\"150\" \/><\/a>BELLUNO <\/strong>Nelle zona di Ponte nelle Alpi, longaronese, Alpago e Zoldo sta per nascere un nuovo presidio territoriale dell&#8217;associazione Libera, che si occupa di legalit\u00e0 e promozione della cittadinanza attiva. \u00ab<em>In provincia \u2013 spiegano dal coordinamento provinciale di Libera &#8211; ad ora abbiamo all\u2019attivo un solo gruppo locale in Cadore che si sta impegnando con ottimi risultati da anni e l\u2019intenzione \u00e8 quella di migliorare il radicamento. Si \u00e8 quindi creato un gruppo di lavoro con il pieno appoggio di tutte le amministrazioni comunali coinvolte ovvero Ponte nelle Alpi, Longarone, Alpago, Val di Zoldo e Soverzene per creare una nuova realt\u00e0 locale. Per questo sono in programma tre incontri pubblici aperti a cittadinanza, mondo del volontariato e mondo della scuola<\/em>\u00bb. Gli appuntamenti sono venerd\u00ec 10 giugno alle 20.30 nella sala Fabris a Pieve d\u2019Alpago, marted\u00ec 14 giugno alle 20.30 nella sala ex Casa Rossa di Ponte nelle Alpi e gioved\u00ec 16 giugno alle 20.30 nella sala Popoli d\u2019Europa a Longarone. Durante le serate verranno presentate le linee guida di Libera e il progetto che si intende creare ascoltando le varie comunit\u00e0. Chiunque potr\u00e0 aderire a titolo individuale o rappresentando un ente o associazione per concretizzare un percorso che andr\u00e0 avanti nei prossimi mesi.<\/p>\n<p>&nbsp;<\/p>\n<hr \/>\n<p>&nbsp;<\/p>\n<blockquote>\n<h3>SABATO IN AUDITORIUM &#8220;LE NOZZE TRIBOLADE&#8221; con GLI ANFIBI SPAIATI<\/h3>\n<\/blockquote>\n<p><img loading=\"lazy\" decoding=\"async\" class=\"alignleft\" src=\"https:\/\/www.radiopiu.net\/wordpress\/wp-content\/uploads\/2022\/06\/f9e0b9f5-b8ae-46cc-88c4-c4c58954cd71.jpg\" width=\"244\" height=\"137\" \/><strong>FELTRE<\/strong><\/p>\n<p><strong>DI LUISA ALCHINI<\/strong><\/p>\n<audio class=\"wp-audio-shortcode\" id=\"audio-279572-2\" preload=\"none\" style=\"width: 100%;\" controls=\"controls\"><source type=\"audio\/mpeg\" src=\"https:\/\/www.radiopiu.net\/wordpress\/wp-content\/uploads\/2022\/06\/luisa-SPETTACOLO-TEtrale.mp3?_=2\" \/><a href=\"https:\/\/www.radiopiu.net\/wordpress\/wp-content\/uploads\/2022\/06\/luisa-SPETTACOLO-TEtrale.mp3\">https:\/\/www.radiopiu.net\/wordpress\/wp-content\/uploads\/2022\/06\/luisa-SPETTACOLO-TEtrale.mp3<\/a><\/audio>\n<p>&nbsp;<\/p>\n<p>&nbsp;<\/p>\n<p>&nbsp;<\/p>\n<hr \/>\n<p>&nbsp;<\/p>\n<h2><span style=\"color: #ff0000;\"><a class=\"dt-pswp-item\" href=\"https:\/\/www.radiopiu.net\/wordpress\/wp-content\/uploads\/2022\/06\/0-1.png\" data-dt-img-description=\"\" data-large_image_width=\"1762\" data-large_image_height=\"1926\"><img loading=\"lazy\" decoding=\"async\" class=\" wp-image-279808 alignleft\" src=\"https:\/\/www.radiopiu.net\/wordpress\/wp-content\/uploads\/2022\/06\/0-1-150x150.png\" alt=\"\" width=\"108\" height=\"108\" \/><\/a>DAL CORRIERE DELLE ALPI<\/span><\/h2>\n<h3>RENATO ORZETTI, UN UOMO PANE E CALCIO<\/h3>\n<p><strong>DI GIANNI SANTOMASO<\/strong><\/p>\n<p>&nbsp;<\/p>\n<p>&nbsp;<\/p>\n<hr \/>\n<p>&nbsp;<\/p>\n<blockquote>\n<h3>UN PODCAST DEDICATO A PAPA LUCIANI<\/h3>\n<\/blockquote>\n<p><strong><a class=\"dt-pswp-item\" href=\"https:\/\/www.radiopiu.net\/wordpress\/wp-content\/uploads\/2021\/08\/papa-luciani-2.jpg\" data-dt-img-description=\"\" data-large_image_width=\"1200\" data-large_image_height=\"800\"><img loading=\"lazy\" decoding=\"async\" class=\"size-thumbnail wp-image-229320 alignleft\" src=\"https:\/\/www.radiopiu.net\/wordpress\/wp-content\/uploads\/2021\/08\/papa-luciani-2-150x150.jpg\" alt=\"\" width=\"150\" height=\"150\" \/><\/a>CANALE D&#8217;AGORDO<\/strong><\/p>\n<p>di Gianni Santomaso<\/p>\n<audio class=\"wp-audio-shortcode\" id=\"audio-279572-3\" preload=\"none\" style=\"width: 100%;\" controls=\"controls\"><source type=\"audio\/mpeg\" src=\"https:\/\/www.radiopiu.net\/wordpress\/wp-content\/uploads\/2022\/06\/GIANNI-PODCAST-PAPA-LUCIANI.mp3?_=3\" \/><a href=\"https:\/\/www.radiopiu.net\/wordpress\/wp-content\/uploads\/2022\/06\/GIANNI-PODCAST-PAPA-LUCIANI.mp3\">https:\/\/www.radiopiu.net\/wordpress\/wp-content\/uploads\/2022\/06\/GIANNI-PODCAST-PAPA-LUCIANI.mp3<\/a><\/audio>\n<p>&nbsp;<\/p>\n<hr \/>\n<p>&nbsp;<\/p>\n<blockquote class=\"wp-embedded-content\" data-secret=\"NipsUR1R7G\"><p><a href=\"https:\/\/www.radiopiu.net\/wordpress\/pesto-silvano-e-lia\/\">DUE AGORDINI AL MONDIALE DI PESTO GENOVESE AL MORTAIO, IL RACCONTO DELLA GIORNATA<\/a><\/p><\/blockquote>\n<p><iframe loading=\"lazy\" class=\"wp-embedded-content\" sandbox=\"allow-scripts\" security=\"restricted\" style=\"position: absolute; clip: rect(1px, 1px, 1px, 1px);\" title=\"&#8220;DUE AGORDINI AL MONDIALE DI PESTO GENOVESE AL MORTAIO, IL RACCONTO DELLA GIORNATA&#8221; &#8212; Radio Pi\u00f9\" src=\"https:\/\/www.radiopiu.net\/wordpress\/pesto-silvano-e-lia\/embed\/#?secret=7LWLhcw7aM#?secret=NipsUR1R7G\" data-secret=\"NipsUR1R7G\" width=\"600\" height=\"338\" frameborder=\"0\" marginwidth=\"0\" marginheight=\"0\" scrolling=\"no\"><\/iframe><\/p>\n<p>&nbsp;<\/p>\n<hr \/>\n<p>&nbsp;<\/p>\n<blockquote>\n<h3 class=\"entry-title\">ANCHE IN VENETO, \u201cTERMINIAMO\u201d DI PAGARE LE TASSE<\/h3>\n<\/blockquote>\n<p class=\"photoswipe-wrapper\"><a class=\"dt-pswp-item pspw-wrap-ready\" href=\"https:\/\/www.radiopiu.net\/wordpress\/wp-content\/uploads\/2022\/06\/Schermata-2022-06-04-alle-08.43.20.png\" data-dt-img-description=\"\" data-large_image_width=\"798\" data-large_image_height=\"1754\"><img loading=\"lazy\" decoding=\"async\" class=\"alignleft size-medium wp-image-279617\" src=\"https:\/\/www.radiopiu.net\/wordpress\/wp-content\/uploads\/2022\/06\/Schermata-2022-06-04-alle-08.43.20-136x300.png\" sizes=\"auto, (max-width: 136px) 100vw, 136px\" srcset=\"https:\/\/www.radiopiu.net\/wordpress\/wp-content\/uploads\/2022\/06\/Schermata-2022-06-04-alle-08.43.20-136x300.png 136w, https:\/\/www.radiopiu.net\/wordpress\/wp-content\/uploads\/2022\/06\/Schermata-2022-06-04-alle-08.43.20-466x1024.png 466w, https:\/\/www.radiopiu.net\/wordpress\/wp-content\/uploads\/2022\/06\/Schermata-2022-06-04-alle-08.43.20-768x1688.png 768w, https:\/\/www.radiopiu.net\/wordpress\/wp-content\/uploads\/2022\/06\/Schermata-2022-06-04-alle-08.43.20-699x1536.png 699w, https:\/\/www.radiopiu.net\/wordpress\/wp-content\/uploads\/2022\/06\/Schermata-2022-06-04-alle-08.43.20.png 798w\" alt=\"\" width=\"136\" height=\"300\" \/><\/a>Finalmente una buona notizia. Luned\u00ec 6 giugno, anche i veneti, ovviamente in linea puramente teorica, \u201cterminano\u201d di versare le tasse e i contributi previdenziali allo Stato per l\u2019anno in corso e da marted\u00ec, pertanto, scatta l\u2019atteso tax freedom day (giorno di liberazione fiscale). Questo \u201cappuntamento\u201d, tanto agognato da tutti, nel 2022 arriva un giorno prima rispetto al 2021.<\/p>\n<p>Dopo poco pi\u00f9 di 5 mesi dall\u2019inizio dell\u2019anno, praticamente dopo 157 giorni lavorativi inclusi i sabati e le domeniche, il contribuente medio della nostra regione finisce di lavorare per assolvere tutti i versamenti fiscali dell\u2019anno (Irpef, Imu, Iva, Tari, addizionali varie, Irap, Ires, contributi previdenziali, etc.) e da marted\u00ec 7 giugno inizia a guadagnare per s\u00e9.<\/p>\n<p><strong>Nel 2022 lo Stato incasser\u00e0 quasi 40 miliardi in pi\u00f9: di questi, 5 li pagheranno i veneti<\/strong><br \/>\nNel 2022 il peso del fisco, sebbene la crescita economica dovrebbe attestarsi attorno al 2,5 per cento circa, \u00e8 destinato a diminuire di 0,4 punti percentuali. Ci\u00f2 avverr\u00e0 anche grazie alla riduzione delle imposte e dei contributi decisa dal Governo Draghi. Le principali misure approvate l\u2019anno scorso sono:<\/p>\n<p><strong>riforma dell\u2019Irpef (-6,8 miliardi di euro di risorse);<\/strong><br \/>\nesonero contributivo di 0,8 punti percentuali ai lavoratori dipendenti con una retribuzione mensile lorda inferiore a 2.692 euro (-1,1 miliardi di euro);<br \/>\nesonero pagamento Irap alle persone fisiche (-1 miliardo di euro);<\/p>\n<p>Se teniamo conto del leggero miglioramento in corso delle principali variabili economiche che si riflette sull\u2019andamento del gettito, secondo il Ministero dell\u2019Economia e delle Finanze nel 2022 lo Stato dovrebbe incassare quasi 40 miliardi di imposte e contributi in pi\u00f9 rispetto al 2021. Di questi, almeno 5 saranno pagati dai veneti.<\/p>\n<p>Segnaliamo che una parte di questo incremento di gettito \u00e8 sicuramente ascrivibile anche al forte aumento dell\u2019inflazione che, secondo le previsioni, quest\u2019anno dovrebbe oscillare tra il 6 e il 7 per cento. Pertanto, in un momento in cui le famiglie stanno subendo dei rincari spaventosi che rischiano di far crollare i consumi interni, sarebbe auspicabile che il Governo restituisse parte di questo extra gettito con meccanismi di fiscal drag. Una misura che rafforzerebbe il potere d\u2019acquisto dei pensionati e dei lavoratori dipendenti, dando un sensibile sollievo soprattutto a coloro che attualmente si trovano in serie difficolt\u00e0 economiche.<\/p>\n<p><strong>L\u2019ingorgo fiscale di giugno: 141 scadenze<\/strong><br \/>\nSe dopo il caso di scuola elaborato dall\u2019Ufficio studi della CGIA torniamo a occuparci dell\u2019 \u201camara\u201d realt\u00e0, anche quest\u2019anno giugno \u00e8 caratterizzato da un vero e proprio ingorgo fiscale. Dalla lettura dell\u2019agenda riportata sul sito dell\u2019Agenzia delle Entrate scorgiamo che<br \/>\nquesto mese anche i contribuenti veneti dovranno assolvere ben 141 scadenze fiscali; di queste, ben 122 (pari all\u201986,5 per cento del totale) imporranno agli italiani a mettere mano al portafoglio. Un calendario fiscale da far tremare i polsi, che solleva ancora una volta un grande problema: in Italia non solo subiamo un prelievo fiscale eccessivo, ma anche le modalit\u00e0 di pagamento delle imposte provocano un costo burocratico che non ha eguali nel resto d\u2019Europa.<\/p>\n<p><strong>La metodologia di calcolo del tax freedom day<\/strong><br \/>\nIn che modo si \u00e8 giunti a individuare il 7 giugno come il \u201cgiorno di liberazione fiscale\u201d del 2022 ?\u00a0 La stima del Pil prevista nel 2022 \u00e8 stata suddivisa per i 365 giorni dell\u2019anno, ottenendo cos\u00ec un dato medio giornaliero. Successivamente, si sono considerate le previsioni di gettito dei contributi previdenziali, delle imposte e delle tasse che i percettori di reddito verseranno quest\u2019anno e sono stati rapportati al Pil giornaliero. Il risultato di questa operazione\u00a0 ha consentito di calcolare il \u201ctax freedom day\u201d dell\u2019anno in corso.<\/p>\n<p><strong>Nel 2021 abbiamo avuto il record storico di pressione fiscale<\/strong><br \/>\nOsservando la serie storica, il \u201cgiorno di liberazione fiscale\u201d pi\u00f9 \u201cprecoce\u201d \u00e8 stato nel 2005. In quell\u2019occasione, la pressione fiscale si attest\u00f2 al 39 per cento e ai contribuenti italiani bast\u00f2 raggiungere il 23 maggio (142 giorni lavorativi) per lasciarsi alle spalle tutte le scadenze fiscali. Osservando sempre il calendario, quello pi\u00f9 in \u201critardo\u201c, come dicevamo pi\u00f9 sopra, si \u00e8 registrato nel 2021, giacch\u00e9 la pressione fiscale ha raggiunto il record storico del 43,5 per cento e, di conseguenza, il \u201cgiorno di liberazione fiscale\u201d \u00e8 scoccato l\u20198 giugno. E\u2019 corretto segnalare che questo picco record di pressione fiscale non \u00e8 ascrivibile ad un aumento del prelievo imposto l \u2019anno scorso a famiglie e imprese, ma alla decisa crescita registrata dal Pil nazionale (oltre il 6,5 per cento) che, dopo la caduta verticale registrata nel 2020 (-9 per cento), ha contribuito ad aumentare notevolmente le entrate (vedi Tab.1).<\/p>\n<p>&nbsp;<\/p>\n<p>&nbsp;<\/p>\n<hr \/>\n<p>&nbsp;<\/p>\n<blockquote>\n<h3>IL GIORNO DEL RENDICONTO. DIRETTA RADIO PIU SUI CANALI FACEBOOK E TELEGRAM<\/h3>\n<\/blockquote>\n<p><strong>AGORDO<\/strong> Oggi alle 18 consiglio comunale ad Agordo con un unico ma importante punto all&#8217;ordine del giorno. Il sindaco Roberto Chissal\u00e8, infatti, porter\u00e0 al voto il rendiconto per l&#8217;esercizio 2021.<\/p>\n<p>&nbsp;<\/p>\n<hr \/>\n<blockquote>\n<h3><\/h3>\n<h3>CONSIGLIO COMUNALE A FALCADE MARTEDI&#8217; 7 GIUGNO. DIRETTA RADIO PIU SUI CANALI FACEBOOK E TELEGRAM<\/h3>\n<\/blockquote>\n<p><strong>FALCADE<\/strong> Il sindaco di Falcade Michele Costa ha convocato il consiglio comunale, l&#8217;ultimo del suo mandato, per domani alle 19. I consiglieri sono chiamati a discutere 6 punti all&#8217;ordine del giorno tra cui l&#8217;approvazione dell&#8217;esercizio finanziario 2021, la quarta variazione al bilancio, l&#8217;approvazione del regolamento della polizia rurale e un&#8217;istanza di autorizzazione al mutamento temporaneo di destinazione di una porzione di terreni di uso civico in localit\u00e0 Ziangari Alti per la realizzazione di percorsi ciclo-escursionistici per il freeride.<\/p>\n<p>&nbsp;<\/p>\n<p>&nbsp;<\/p>\n<hr \/>\n<p>&nbsp;<\/p>\n<blockquote>\n<h3>NEL CONSIGLIO DELL&#8217;UNIONE MONTANA SI PARLA DI RACCOLTA FUNGHI, L&#8217;ULTIMO DI MICHELE COSTA, IN CHIUSURA LE SUE COMUNICAZIONI. DIRETTA RADIO PIU SUI CANALI FACEBOOK E TELEGRAM<\/h3>\n<\/blockquote>\n<p><strong>AGORDO<\/strong> Il Presidente dell&#8217;Unione Montana Agordina Michele Costa ha convocato i consiglieri in sala Don Tamis ad Agordo per gioved\u00ec alle 20. Tre punti da discutere: la lettura e approvazione della seduta del 12 maggio, l&#8217;approvazione del nuovo regolamento per la raccolta funghi e le comunicazioni del presidente.<\/p>\n<p>&nbsp;<\/p>\n<p>&nbsp;<\/p>\n<hr \/>\n<p>&nbsp;<\/p>\n<blockquote>\n<h3>AIDO A LIMANA PER UNA SERATA IMPRONTATA SUI TESSUTI OCULARI<\/h3>\n<\/blockquote>\n<p><strong><a class=\"dt-pswp-item\" href=\"https:\/\/www.radiopiu.net\/wordpress\/wp-content\/uploads\/2022\/06\/AIDO.png\" data-dt-img-description=\"\" data-large_image_width=\"233\" data-large_image_height=\"233\"><img loading=\"lazy\" decoding=\"async\" class=\"size-thumbnail wp-image-279760 alignleft\" src=\"https:\/\/www.radiopiu.net\/wordpress\/wp-content\/uploads\/2022\/06\/AIDO-150x150.png\" alt=\"\" width=\"150\" height=\"150\" srcset=\"https:\/\/www.radiopiu.net\/wordpress\/wp-content\/uploads\/2022\/06\/AIDO-150x150.png 150w, https:\/\/www.radiopiu.net\/wordpress\/wp-content\/uploads\/2022\/06\/AIDO.png 233w\" sizes=\"auto, (max-width: 150px) 100vw, 150px\" \/><\/a>LIMANA<\/strong> La donazione dei tessuti oculari sara\u0300 il tema al centro dell&#8217;incontro &#8220;occhio alla vista&#8221; che si svolgera\u0300 giovedi\u0300 9 giugno alle 20.30 nel municipio di Limana. La serata e\u0300 organizzata dall&#8217;Aido Belluno in collaborazione con l&#8217;assessorato alle politiche sociali del Comune di Limana. Parteciperanno il dottor Enrico Vidale (Fondazione Banca degli occhi di Mestre), la dottoressa Daniele Vici (Fondazione Banca dei tessuti di Treviso), e i rappresentanti del reparto di oculistica dell&#8217;ospedale San Martino di Belluno. L&#8217;evento e\u0300 gratuito e aperto a tutta la popolazione. Nel frattempo l&#8217;Aido Belluno ha recentemente stabilito un altro record. Per quanto riguarda l&#8217;indice del dono, Belluno si e\u0300 infatti classificata al secondo posto nella top ten delle &#8220;dichiarazioni di volonta\u0300 alla donazione&#8221; a livello regionale. In provincia, nel dettaglio, la maggior adesione si e\u0300 registrata tra i Comuni di Vallada Agordina (81,08%), Lorenzago di Cadore (79,05%) e Voltago Agordino (78,46%). Grazie all&#8217;attivita\u0300 informativa messa in campo dall&#8217;Aido nel corso degli anni, si stanno ora raccogliendo i frutti, con la crescita della sensibilita\u0300 della popolazione nei confronti del tema della donazione.<\/p>\n<p>&nbsp;<\/p>\n<p>&nbsp;<\/p>\n<hr \/>\n<p>&nbsp;<\/p>\n<blockquote>\n<h2><a class=\"dt-pswp-item\" href=\"https:\/\/www.radiopiu.net\/wordpress\/wp-content\/uploads\/2022\/05\/Duomo-Feltre-Organo-Callido-scaled.jpg\" data-dt-img-description=\"\" data-large_image_width=\"1696\" data-large_image_height=\"2560\"><img loading=\"lazy\" decoding=\"async\" class=\" wp-image-278862 alignleft\" src=\"https:\/\/www.radiopiu.net\/wordpress\/wp-content\/uploads\/2022\/05\/Duomo-Feltre-Organo-Callido-150x150.jpg\" alt=\"\" width=\"146\" height=\"146\" \/><\/a>WONDROUS MACHINES 2022<\/h2>\n<h2><em style=\"font-size: 14px; font-weight: normal;\">La quarta edizione della rassegna concertistica sugli organi storici delle chiese feltrine<\/em><\/h2>\n<\/blockquote>\n<p><strong>FELTRE<\/strong> Da mercoled\u00ec 8 giugno al 6 luglio si terr\u00e0 la quarta edizione di Wondrous Machines, la rassegna concertistica dedicata agli organi storici delle chiese feltrine e della Valbelluna, promossa dall\u2019Associazione musicale feltrina \u201cGiovanni Battista Maffioletti\u201d, verr\u00e0 inaugurata mercoled\u00ec 8 giugno presso il Duomo di Feltre con il Concerto di presentazione della Masterclass di musica antica. L\u2019evento vedr\u00e0 il M\u00b0 Andrea Marcon all\u2019organo \u201cdoppio&#8221;. La tre giorni di studio sar\u00e0 completata con il concerto finale dei partecipanti alla Masterclass sabato 11 giugno nello stesso Duomo di Feltre,dove si svolgeranno le lezioni. Tutti i concerti avranno inizio alle ore 21.00 e saranno a ingresso libero e gratuito fino a esaurimento dei posti disponibili, con possibilit\u00e0 di visite guidate agli strumenti mezz\u2019ora prima dei concerti. Prenotazione obbligatoria www.associazionemaffioletti.org.<\/p>\n<p>&nbsp;<\/p>\n<div class=\"page\" title=\"Page 1\">\n<div class=\"layoutArea\">\n<div class=\"column\">\n<div class=\"page\" title=\"Page 1\">\n<div class=\"layoutArea\">\n<div class=\"column\">\n<p>&nbsp;<\/p>\n<hr \/>\n<p>&nbsp;<\/p>\n<blockquote>\n<h3><a class=\"dt-pswp-item\" href=\"https:\/\/www.radiopiu.net\/wordpress\/wp-content\/uploads\/2022\/05\/memo.png\" data-dt-img-description=\"\" data-large_image_width=\"552\" data-large_image_height=\"359\"><img loading=\"lazy\" decoding=\"async\" class=\"alignleft wp-image-278629 \" src=\"https:\/\/www.radiopiu.net\/wordpress\/wp-content\/uploads\/2022\/05\/memo-300x195.png\" alt=\"\" width=\"163\" height=\"106\" srcset=\"https:\/\/www.radiopiu.net\/wordpress\/wp-content\/uploads\/2022\/05\/memo-300x195.png 300w, https:\/\/www.radiopiu.net\/wordpress\/wp-content\/uploads\/2022\/05\/memo.png 552w\" sizes=\"auto, (max-width: 163px) 100vw, 163px\" \/><\/a>MEMORIE MINERARIE AGORDINE, IL SECONDO NUMERO<\/h3>\n<\/blockquote>\n<p><strong>AGORDO<\/strong> Sabato 11 giugno alle 18 all&#8217;auditorium\u00a0 Antonio Favretti presso l&#8217;Istituto Minerario di Agordo, l&#8217;associazione Amici dei Minerari in collaborazione con l&#8217;Istituto Geotecnico Minerario\u00a0 presenta il secondo numero delle Memorie Minerarie Agordine\u00a0 dal Titolo &#8220;La ricerca mineraria nella valle di San Lucano&#8221;. Presentano\u00a0 il professor Vittorio Fenti e il docente\u00a0 Dino Preloran<\/p>\n<p>&nbsp;<\/p>\n<p>&nbsp;<\/p>\n<hr \/>\n<p>&nbsp;<\/p>\n<blockquote>\n<h3>RIAPRE IL CASTELLO DI ANDRAZ<\/h3>\n<\/blockquote>\n<p><strong>LIVINALLONGO<\/strong> Con l\u2019arrivo dell\u2019estate riapre anche il Castello di Andraz, che quest\u2019anno festeggia il 10\u00b0 compleanno. Nel mese di giugno, il museo sar\u00e0 aperto dal gioved\u00ec alla domenica, dalle 10:00 alle 12:30 e dalle 14:30 alle 18:00. Per il momento le visite guidate saranno garantite solo su prenotazione al 334 3346680<\/p>\n<p>&nbsp;<\/p>\n<p>&nbsp;<\/p>\n<hr \/>\n<p>&nbsp;<\/p>\n<blockquote>\n<h3>L&#8217;ASSEMBLEA DELLE PRO LOCO BELLUNESI E LA SERATA CON SAMMY BASSO<\/h3>\n<\/blockquote>\n<p><strong>CANALE D&#8217;AGORDO<\/strong> Si terr\u00e0 presso la sala Lina Zand\u00f2 di Canale D&#8217;Agordo l&#8217;assemblea delle Pro Loco Bellunesi domenica 12 giugno alle 9. Sabato 18 giugno alle 20:30 alla casa della giovent\u00f9 di Caviola \u00e8 in programma una serata dal titolo <b><i>Il sorriso dei guerrieri- storie di speranza&#8221;<\/i><\/b>, con Sammy Basso, Simonetta Borsatti e Andrea Baccaglioni, i quali racconteranno le loro esperienze di vita, in particolare il modo in cui hanno affrontato la loro malattia e dove hanno trovato la forza per lottare e sperare. Si raccomanda l&#8217;utilizzo della mascherina.<\/p>\n<p>&nbsp;<\/p>\n<div dir=\"auto\"><\/div>\n<p>&nbsp;<\/p>\n<hr \/>\n<p>&nbsp;<\/p>\n<blockquote>\n<h3>CONCERTO DI MUSICA SACRA A FELTRE<\/h3>\n<\/blockquote>\n<p><strong>FELTRE<\/strong> La diocesi di Belluno-Feltre, in collaborazione con l\u2019ISSR Giovanni Paolo I, propone un concerto di musica sacra per\u00a0sabato 11 giugno alle ore 18.00 presso il santuario dei santi Vittore e Corona a Feltre con Il\u00a0Coro \u201cSine Nomine\u201d di Treviso<\/p>\n<p>&nbsp;<\/p>\n<p>&nbsp;<\/p>\n<hr \/>\n<p>&nbsp;<\/p>\n<blockquote>\n<h3>LOTTERIA DEL CARNEVALE DI SEDICO 2022: ESTRATTI I NUMERI VINCENTI<\/h3>\n<\/blockquote>\n<p><strong><a class=\"dt-pswp-item\" href=\"https:\/\/www.radiopiu.net\/wordpress\/wp-content\/uploads\/2022\/06\/Pro-Loco-Sedico.jpg\" data-dt-img-description=\"\" data-large_image_width=\"468\" data-large_image_height=\"393\"><img loading=\"lazy\" decoding=\"async\" class=\"alignleft wp-image-279207 \" src=\"https:\/\/www.radiopiu.net\/wordpress\/wp-content\/uploads\/2022\/06\/Pro-Loco-Sedico-300x252.jpg\" alt=\"\" width=\"89\" height=\"75\" srcset=\"https:\/\/www.radiopiu.net\/wordpress\/wp-content\/uploads\/2022\/06\/Pro-Loco-Sedico-300x252.jpg 300w, https:\/\/www.radiopiu.net\/wordpress\/wp-content\/uploads\/2022\/06\/Pro-Loco-Sedico.jpg 468w\" sizes=\"auto, (max-width: 89px) 100vw, 89px\" \/><\/a>SEDICO<\/strong> Ecco i numeri vincenti della Lotteria del Carnevale di Sedico 2022. L&#8217;estrazione si \u00e8 svolta nella serata di marted\u00ec 31 maggio presso la sala conferenze di Villa Patt di Sedico (BL).\u00a0 I premi dovranno essere ritirati entro il giorno 30\/07\/2022 presso la sede della Pro Loco Sedico. Per informazioni ed appuntamenti inviare una mail a <a href=\"mailto:info@prolocosedico.it\">info@prolocosedico.it<\/a> o telefonare al numero 043783666.<\/p>\n<p><strong>I NUMERI VINCENTI DELLA LOTTERIA DEL CARNEVALE DI SEDICO 2022<\/strong><\/p>\n<a href=\"https:\/\/www.radiopiu.net\/wordpress\/wp-content\/uploads\/2022\/06\/2022-Numeri-vincenti-Lotteria-Carnevale-di-Sedico.pdf\" class=\"pdfemb-viewer\" style=\"\" data-width=\"max\" data-height=\"max\" data-toolbar=\"top\" data-toolbar-fixed=\"on\">2022 - Numeri vincenti Lotteria Carnevale di Sedico<\/a>\n<p>&nbsp;<\/p>\n<p>&nbsp;<\/p>\n<hr \/>\n<p>&nbsp;<\/p>\n<blockquote>\n<h3>FESTEGGIATI AD AGORDO 52 ANNI DI ATTIVITA&#8217; DEL BAR STAZIONE DA JOLANDA<\/h3>\n<\/blockquote>\n<p><strong>AGORDO<\/strong> Grande festa al Bar Stazione da Jolanda dove si sono festeggiati i 52 anni di attivit\u00e0.<\/p>\n\n\t\t\t<style type='text\/css'>\n\t\t\t\t#gallery-6 {\n\t\t\t\t\tmargin: auto;\n\t\t\t\t}\n\t\t\t\t#gallery-6 .gallery-item {\n\t\t\t\t\tfloat: left;\n\t\t\t\t\tmargin-top: 10px;\n\t\t\t\t\ttext-align: center;\n\t\t\t\t\twidth: 33%;\n\t\t\t\t}\n\t\t\t\t#gallery-6 img {\n\t\t\t\t\tborder: 2px solid #cfcfcf;\n\t\t\t\t}\n\t\t\t\t#gallery-6 .gallery-caption {\n\t\t\t\t\tmargin-left: 0;\n\t\t\t\t}\n\t\t\t\t\/* see gallery_shortcode() in wp-includes\/media.php *\/\n\t\t\t<\/style>\n\t\t<div id='gallery-6' class='dt-gallery-container gallery galleryid-279572 gallery-columns-3 gallery-size-thumbnail'><dl class='gallery-item'>\n\t\t\t\t<dt class='gallery-icon landscape'>\n\t\t\t\t\t<a class=\"rollover rollover-zoom dt-pswp-item\" title=\"d3157b4f-068f-4e19-92a6-ec1cb3b91528\" data-dt-img-description=\"\" data-large_image_width=\"1600\" data-large_image_height=\"1200\"href='https:\/\/www.radiopiu.net\/wordpress\/wp-content\/uploads\/2022\/06\/d3157b4f-068f-4e19-92a6-ec1cb3b91528.jpg'><img loading=\"lazy\" decoding=\"async\" width=\"150\" height=\"150\" src=\"https:\/\/www.radiopiu.net\/wordpress\/wp-content\/uploads\/2022\/06\/d3157b4f-068f-4e19-92a6-ec1cb3b91528-150x150.jpg\" class=\"attachment-thumbnail size-thumbnail\" alt=\"\" \/><\/a>\n\t\t\t\t<\/dt><\/dl><dl class='gallery-item'>\n\t\t\t\t<dt class='gallery-icon landscape'>\n\t\t\t\t\t<a class=\"rollover rollover-zoom dt-pswp-item\" title=\"98d9fec8-96a4-486c-aa57-721e50a690b6\" data-dt-img-description=\"\" data-large_image_width=\"1600\" data-large_image_height=\"1200\"href='https:\/\/www.radiopiu.net\/wordpress\/wp-content\/uploads\/2022\/06\/98d9fec8-96a4-486c-aa57-721e50a690b6.jpg'><img loading=\"lazy\" decoding=\"async\" width=\"150\" height=\"150\" src=\"https:\/\/www.radiopiu.net\/wordpress\/wp-content\/uploads\/2022\/06\/98d9fec8-96a4-486c-aa57-721e50a690b6-150x150.jpg\" class=\"attachment-thumbnail size-thumbnail\" alt=\"\" \/><\/a>\n\t\t\t\t<\/dt><\/dl><dl class='gallery-item'>\n\t\t\t\t<dt class='gallery-icon portrait'>\n\t\t\t\t\t<a class=\"rollover rollover-zoom dt-pswp-item\" title=\"0742e0d0-d1e9-4942-ad8f-af7b0d0af5bf\" data-dt-img-description=\"\" data-large_image_width=\"1195\" data-large_image_height=\"1600\"href='https:\/\/www.radiopiu.net\/wordpress\/wp-content\/uploads\/2022\/06\/0742e0d0-d1e9-4942-ad8f-af7b0d0af5bf.jpg'><img loading=\"lazy\" decoding=\"async\" width=\"150\" height=\"150\" src=\"https:\/\/www.radiopiu.net\/wordpress\/wp-content\/uploads\/2022\/06\/0742e0d0-d1e9-4942-ad8f-af7b0d0af5bf-150x150.jpg\" class=\"attachment-thumbnail size-thumbnail\" alt=\"\" \/><\/a>\n\t\t\t\t<\/dt><\/dl><br style=\"clear: both\" \/><dl class='gallery-item'>\n\t\t\t\t<dt class='gallery-icon landscape'>\n\t\t\t\t\t<a class=\"rollover rollover-zoom dt-pswp-item\" title=\"1a5a4c5d-194d-4c18-a18a-6d9c0b64505e\" data-dt-img-description=\"\" data-large_image_width=\"1600\" data-large_image_height=\"1200\"href='https:\/\/www.radiopiu.net\/wordpress\/wp-content\/uploads\/2022\/06\/1a5a4c5d-194d-4c18-a18a-6d9c0b64505e.jpg'><img loading=\"lazy\" decoding=\"async\" width=\"150\" height=\"150\" src=\"https:\/\/www.radiopiu.net\/wordpress\/wp-content\/uploads\/2022\/06\/1a5a4c5d-194d-4c18-a18a-6d9c0b64505e-150x150.jpg\" class=\"attachment-thumbnail size-thumbnail\" alt=\"\" \/><\/a>\n\t\t\t\t<\/dt><\/dl><dl class='gallery-item'>\n\t\t\t\t<dt class='gallery-icon portrait'>\n\t\t\t\t\t<a class=\"rollover rollover-zoom dt-pswp-item\" title=\"3246a6b9-a1ec-4e57-87ab-75c8f7405a61\" data-dt-img-description=\"\" data-large_image_width=\"1195\" data-large_image_height=\"1600\"href='https:\/\/www.radiopiu.net\/wordpress\/wp-content\/uploads\/2022\/06\/3246a6b9-a1ec-4e57-87ab-75c8f7405a61.jpg'><img loading=\"lazy\" decoding=\"async\" width=\"150\" height=\"150\" src=\"https:\/\/www.radiopiu.net\/wordpress\/wp-content\/uploads\/2022\/06\/3246a6b9-a1ec-4e57-87ab-75c8f7405a61-150x150.jpg\" class=\"attachment-thumbnail size-thumbnail\" alt=\"\" \/><\/a>\n\t\t\t\t<\/dt><\/dl>\n\t\t\t\t<br style='clear: both' \/>\n\t\t\t<\/div>\n\n<p>&nbsp;<\/p>\n<h2><span style=\"color: #ff0000;\"><strong>DALL&#8217;ARCHIVIO DI RADIO PIU&#8217;<\/strong><\/span><\/h2>\n<blockquote>\n<h3>JOLANDA DE NARDIN, UNA VITA AL BAR DELLA STAZIONE<\/h3>\n<\/blockquote>\n<p><strong><a href=\"https:\/\/www.radiopiu.net\/wordpress\/giornale-radiopiu-27-dicembre-2021-direttore-mirko-mezzacasa\/iolanda_denardin\/\" rel=\"attachment wp-att-250365\"><img loading=\"lazy\" decoding=\"async\" class=\"size-medium wp-image-250365 alignleft\" src=\"https:\/\/www.radiopiu.net\/wordpress\/wp-content\/uploads\/2021\/12\/iolanda_denardin-282x300.png\" alt=\"\" width=\"282\" height=\"300\" srcset=\"https:\/\/www.radiopiu.net\/wordpress\/wp-content\/uploads\/2021\/12\/iolanda_denardin-282x300.png 282w, https:\/\/www.radiopiu.net\/wordpress\/wp-content\/uploads\/2021\/12\/iolanda_denardin-963x1024.png 963w, https:\/\/www.radiopiu.net\/wordpress\/wp-content\/uploads\/2021\/12\/iolanda_denardin-768x817.png 768w, https:\/\/www.radiopiu.net\/wordpress\/wp-content\/uploads\/2021\/12\/iolanda_denardin-1444x1536.png 1444w, https:\/\/www.radiopiu.net\/wordpress\/wp-content\/uploads\/2021\/12\/iolanda_denardin-1926x2048.png 1926w\" sizes=\"auto, (max-width: 282px) 100vw, 282px\" \/><\/a>AGORDO<\/strong><\/p>\n<p>di Gianni Santomaso<\/p>\n<p>VIVERE L&#8217;AGORDINO<br \/>\nL&#8217;INIZIATIVA DEL QUOTIDIANO IL CORRIERE DELLE ALPI<\/p>\n<audio class=\"wp-audio-shortcode\" id=\"audio-279572-4\" preload=\"none\" style=\"width: 100%;\" controls=\"controls\"><source type=\"audio\/mpeg\" src=\"https:\/\/www.radiopiu.net\/wordpress\/wp-content\/uploads\/2021\/12\/GIANNI-SPECIALE-JOLANDA-DE-NARDIN.mp3?_=4\" \/><a href=\"https:\/\/www.radiopiu.net\/wordpress\/wp-content\/uploads\/2021\/12\/GIANNI-SPECIALE-JOLANDA-DE-NARDIN.mp3\">https:\/\/www.radiopiu.net\/wordpress\/wp-content\/uploads\/2021\/12\/GIANNI-SPECIALE-JOLANDA-DE-NARDIN.mp3<\/a><\/audio>\n<p>&nbsp;<\/p>\n\n\t\t\t<style type='text\/css'>\n\t\t\t\t#gallery-7 {\n\t\t\t\t\tmargin: auto;\n\t\t\t\t}\n\t\t\t\t#gallery-7 .gallery-item {\n\t\t\t\t\tfloat: left;\n\t\t\t\t\tmargin-top: 10px;\n\t\t\t\t\ttext-align: center;\n\t\t\t\t\twidth: 25%;\n\t\t\t\t}\n\t\t\t\t#gallery-7 img {\n\t\t\t\t\tborder: 2px solid #cfcfcf;\n\t\t\t\t}\n\t\t\t\t#gallery-7 .gallery-caption {\n\t\t\t\t\tmargin-left: 0;\n\t\t\t\t}\n\t\t\t\t\/* see gallery_shortcode() in wp-includes\/media.php *\/\n\t\t\t<\/style>\n\t\t<div id='gallery-7' class='dt-gallery-container gallery galleryid-279572 gallery-columns-4 gallery-size-thumbnail'><dl class='gallery-item'>\n\t\t\t\t<dt class='gallery-icon landscape'>\n\t\t\t\t\t<a class=\"rollover rollover-zoom dt-pswp-item\" title=\"7c2f06f9-c188-4565-a022-9fbe311e5adf\" data-dt-img-description=\"\" data-large_image_width=\"2048\" data-large_image_height=\"1154\"href='https:\/\/www.radiopiu.net\/wordpress\/wp-content\/uploads\/2021\/12\/7c2f06f9-c188-4565-a022-9fbe311e5adf.jpg'><img loading=\"lazy\" decoding=\"async\" width=\"150\" height=\"150\" src=\"https:\/\/www.radiopiu.net\/wordpress\/wp-content\/uploads\/2021\/12\/7c2f06f9-c188-4565-a022-9fbe311e5adf-150x150.jpg\" class=\"attachment-thumbnail size-thumbnail\" alt=\"\" \/><\/a>\n\t\t\t\t<\/dt><\/dl><dl class='gallery-item'>\n\t\t\t\t<dt class='gallery-icon landscape'>\n\t\t\t\t\t<a class=\"rollover rollover-zoom dt-pswp-item\" title=\"f86096d7-f531-4e58-a289-5d817437b787\" data-dt-img-description=\"\" data-large_image_width=\"2048\" data-large_image_height=\"1154\"href='https:\/\/www.radiopiu.net\/wordpress\/wp-content\/uploads\/2021\/12\/f86096d7-f531-4e58-a289-5d817437b787.jpg'><img loading=\"lazy\" decoding=\"async\" width=\"150\" height=\"150\" src=\"https:\/\/www.radiopiu.net\/wordpress\/wp-content\/uploads\/2021\/12\/f86096d7-f531-4e58-a289-5d817437b787-150x150.jpg\" class=\"attachment-thumbnail size-thumbnail\" alt=\"\" \/><\/a>\n\t\t\t\t<\/dt><\/dl><dl class='gallery-item'>\n\t\t\t\t<dt class='gallery-icon landscape'>\n\t\t\t\t\t<a class=\"rollover rollover-zoom dt-pswp-item\" title=\"df598afd-41ea-418a-ad88-9d5e27fc9271\" data-dt-img-description=\"\" data-large_image_width=\"2048\" data-large_image_height=\"1154\"href='https:\/\/www.radiopiu.net\/wordpress\/wp-content\/uploads\/2021\/12\/df598afd-41ea-418a-ad88-9d5e27fc9271.jpg'><img loading=\"lazy\" decoding=\"async\" width=\"150\" height=\"150\" src=\"https:\/\/www.radiopiu.net\/wordpress\/wp-content\/uploads\/2021\/12\/df598afd-41ea-418a-ad88-9d5e27fc9271-150x150.jpg\" class=\"attachment-thumbnail size-thumbnail\" alt=\"\" \/><\/a>\n\t\t\t\t<\/dt><\/dl><dl class='gallery-item'>\n\t\t\t\t<dt class='gallery-icon landscape'>\n\t\t\t\t\t<a class=\"rollover rollover-zoom dt-pswp-item\" title=\"71eb1e05-cdc0-4e91-b8d4-9c399139118c\" data-dt-img-description=\"\" data-large_image_width=\"2048\" data-large_image_height=\"1154\"href='https:\/\/www.radiopiu.net\/wordpress\/wp-content\/uploads\/2021\/12\/71eb1e05-cdc0-4e91-b8d4-9c399139118c.jpg'><img loading=\"lazy\" decoding=\"async\" width=\"150\" height=\"150\" src=\"https:\/\/www.radiopiu.net\/wordpress\/wp-content\/uploads\/2021\/12\/71eb1e05-cdc0-4e91-b8d4-9c399139118c-150x150.jpg\" class=\"attachment-thumbnail size-thumbnail\" alt=\"\" \/><\/a>\n\t\t\t\t<\/dt><\/dl><br style=\"clear: both\" \/>\n\t\t\t<\/div>\n\n<p>&nbsp;<\/p>\n<hr \/>\n<p>&nbsp;<\/p>\n<h3>IGNE. IL &#8220;PAESE DEL FUOCO&#8221; AL TEMPO DELLA GRANDE GUERRA E POI COINVOLTO ANCHE NEL SECONDO CONFLITTO MONDIALE<\/h3>\n<p><strong>di\u00a0 RENATO BONA\u00a0<\/strong><\/p>\n<p>Ha compiuto vent&#8217;anni nel maggio scorso il libro di Ivano Pocchiesa (purtroppo scomparso) e Mario Fornaro: &#8220;Igne, Paese del fuoco&#8221; che, con il patrocinio del Comune di Longarone (all&#8217;epoca guidato dal sindaco Pierluigi De Cesero), \u00e8 stato stampato nel 2002 ad iniziativa del Gruppo Volontari Igne. In questa occasione ci soffermiamo su due capitoli certo non secondari: &#8220;1915-18; il tempo dell&#8217;invasione&#8221; e &#8220;La seconda guerra mondiale&#8221;. Partiamo dalla Grande Guerra per ricordare con gli autori che questa &#8220;tocc\u00f2 anche tutto il Longaronese e in uno dei momenti pi\u00f9 tragici, dal 2 al 9 novembre 1917, quando avvenne la tristemente nota ritirata di Caporetto&#8221;. Se il generale Piacentini, che comandava la fortezza Cadore-Ma\u00e8, diffidava la gente a non circolare, un manifesto del sindaco di Longarone, cav. uff. Ottorino Nobis, diffondeva la raccomandazione alla calma&#8230; La verit\u00e0 terribile venne lentamente a galla suscitando sgomento e disperazione: l&#8221;&#8217;Esercito italiano era in ritirata e abbandonava la terra longaronese all&#8217;invasore&#8221;. Avvicinandosi l&#8217;invasione, le tradotte costituivano l&#8217;unico mezzo di scampo e cos\u00ec molte famiglie chiudevano le case, si portavano appresso le cose trasportabili e partivano alla ventura, sperando di salvare la vita. Per i soldati la complessa operazione di ripiegamento prese il via il 27 ottobre ma la rotta militare si stava manifestando di proporzioni inaudite, basti dire che che al passo Sant&#8217;Osvaldo ottomila uomini dovettero darsi prigionieri non avendo vie di scampo. Si registrarono alcuni episodi in cui gli italiani prevalsero con onore ma gli austriaci non demordevano: incendiarono infatti le segherie Protti e una casa a Fa\u00e8 e gli italiani risposero facendo saltare in aria la centrale elettrica di Roggia per non lasciare in mani nemiche strumenti preziosi. Quando la battaglia si spost\u00f2 verso la pianura, si raccolsero i morti e senza prelevare le piastrine di riconoscimento vennero gettati in fosse comuni a Dogna, Codissago e Longarone: &#8220;Morti ignoti al mondo, noti a Dio&#8221; (come ricorda una lapide nel sacrario militare di Pian dei Salesei a Digonera). E mentre veniva istituito il razionamento dei viveri si susseguivano le requisizioni: prima le lane, poi il rame e quindi ogni oggetto di lega o altro metallo. Gli occupanti non evitarono, anzi, atti di vandalismo; per dirne uno: divelsero il busto di Jacopo Tasso dalla piazza di Longarone, evidentemente &#8220;memori di un periodo risorgimentale italiano che li vide sconfitti&#8221;. Tempo un anno e la situazione si capovolse e, per restare nel Longaronese, la Compagnia di Sardi che per prima la notte del 24 ottobre pass\u00f2 il Piave, sferr\u00f2 l&#8217;attacco &#8220;dando prova mirabile di coraggio tra Longarone e Castellavazzo&#8221;. La resistenza accanita del nemico alla fine \u00e8 vinta. A ricordo della memorabile battaglia fu murata una lapide nell&#8217;atrio del palazzo comunale di Longarone e al comandante, il tenente Angelo Maria Terenzi fu concessa la Croce di guerra. Ivano Pocchiesa e Mario Fornaro dedicarono qualche pagina anche al secondo conflitto mondiale, fra l&#8217;altro ricordando che: &#8220;I paesi della terra longaronese, Igne compresa, vennero tragicamente coinvolti anche dagli avvenimenti della seconda guerra mondiale 1940-45, in particolare dopo l&#8217;8 settembre 1943 quando l&#8217;esercito tedesco divenne il nuovo nemico e gli itliani erano divisi in due fazioni: una che prese a battersi con gli anglo-americani, l&#8217;altra rimasta fedele ai nazisti tedescui e che combatt\u00e8 sistematicamente il movimento armato della Resistenza, con vittime spesso innocenti provocate anche per vendette personali. Sotto i bombardamenti morirono Pietro Pagogna e Giovanni De Cesero; il 4 ottobre 1944 tocc\u00f2 a Serafino Battaglia, Alfonso Casagrande e Giovanni Sacchet. E se Giovanni Teza &#8216;S\u00e9&#8217; viene arrestato ma con uno stratagemma riesce a fuggire e torner\u00e0 in paese a guerra finita, conobbero le celle di isolamento e i penosi interrogatori Bianca Zuliani e Renato Tessari e nelle prigioni di Baldenich a Belluno furono ospiti nel marzo 1944 i longaronesi Camelinda Deon, Giuseppe Celso, Libero Cornaviera, Aldo Dall&#8217;Armi, Mario De Bastiani, Francesco Longoni, Giorgio Pioggia e Angelo Tessari; in un rastrellamento vennero arrestati don Bortolo Larese, Giuseppe Bertoia, il dott. Giuseppe Fagarazzi, rilasciati dopo alcuni giorni. Il 19 giugno mentre stanno rientrando per il coprifuoco, vengono colpiti a morte in piazza Gonzaga Vincenzo Tesa e Felice De Cesero. Nella pineta di Cajada si consum\u00f2 un altro dramma e una lapide ricorda: &#8220;De Bona Giacomo fu Agostino, De Bona Agostino, Mazzucco Elio di Felice il 25 giugno 1944, passarono avviati dall&#8217;ideale di libert\u00e0 alla luce del martirio&#8221;. Erano entrambi di Igne. Il 14 ottobre tocca allo studente Ettore Losego impiccato alla colonna di casa Celotta nella via Roma. Una delle ultime vittime fu Giuseppe Celso colpito in combattimento a Pieve di Cadore: i resti furono tumulati a Longarone. Il servizio si chiude con la riproduzione di una copertina del periodico La Tribuna Illustrata che documenta l&#8217;uccisione il 24 marzo 1942 a Rdeci Kamen (Novo Mesto) in Jugoslavia di Giovanni Bez &#8216;Cest&#8217; di 42 anni, prelevato e fucilato dai partigiani di Tito con due compagni di lavoro, pure loro civili, che come lui stavano marcando alberi che dovevano essere abbattuti.<\/p>\n\n\t\t\t<style type='text\/css'>\n\t\t\t\t#gallery-8 {\n\t\t\t\t\tmargin: auto;\n\t\t\t\t}\n\t\t\t\t#gallery-8 .gallery-item {\n\t\t\t\t\tfloat: left;\n\t\t\t\t\tmargin-top: 10px;\n\t\t\t\t\ttext-align: center;\n\t\t\t\t\twidth: 20%;\n\t\t\t\t}\n\t\t\t\t#gallery-8 img {\n\t\t\t\t\tborder: 2px solid #cfcfcf;\n\t\t\t\t}\n\t\t\t\t#gallery-8 .gallery-caption {\n\t\t\t\t\tmargin-left: 0;\n\t\t\t\t}\n\t\t\t\t\/* see gallery_shortcode() in wp-includes\/media.php *\/\n\t\t\t<\/style>\n\t\t<div id='gallery-8' class='dt-gallery-container gallery galleryid-279572 gallery-columns-5 gallery-size-thumbnail'><dl class='gallery-item'>\n\t\t\t\t<dt class='gallery-icon landscape'>\n\t\t\t\t\t<a class=\"rollover rollover-zoom dt-pswp-item\" title=\"285446661_561039925639131_917087457859333643_n\" data-dt-img-description=\"\" data-large_image_width=\"320\" data-large_image_height=\"201\"href='https:\/\/www.radiopiu.net\/wordpress\/wp-content\/uploads\/2022\/06\/285446661_561039925639131_917087457859333643_n.jpg'><img loading=\"lazy\" decoding=\"async\" width=\"150\" height=\"150\" src=\"https:\/\/www.radiopiu.net\/wordpress\/wp-content\/uploads\/2022\/06\/285446661_561039925639131_917087457859333643_n-150x150.jpg\" class=\"attachment-thumbnail size-thumbnail\" alt=\"\" \/><\/a>\n\t\t\t\t<\/dt><\/dl><dl class='gallery-item'>\n\t\t\t\t<dt class='gallery-icon landscape'>\n\t\t\t\t\t<a class=\"rollover rollover-zoom dt-pswp-item\" title=\"284240972_758363632195371_2715922321580416354_n\" data-dt-img-description=\"\" data-large_image_width=\"350\" data-large_image_height=\"199\"href='https:\/\/www.radiopiu.net\/wordpress\/wp-content\/uploads\/2022\/06\/284240972_758363632195371_2715922321580416354_n.jpg'><img loading=\"lazy\" decoding=\"async\" width=\"150\" height=\"150\" src=\"https:\/\/www.radiopiu.net\/wordpress\/wp-content\/uploads\/2022\/06\/284240972_758363632195371_2715922321580416354_n-150x150.jpg\" class=\"attachment-thumbnail size-thumbnail\" alt=\"\" \/><\/a>\n\t\t\t\t<\/dt><\/dl><dl class='gallery-item'>\n\t\t\t\t<dt class='gallery-icon landscape'>\n\t\t\t\t\t<a class=\"rollover rollover-zoom dt-pswp-item\" title=\"284788258_366727185441342_3081410907173728145_n\" data-dt-img-description=\"\" data-large_image_width=\"296\" data-large_image_height=\"199\"href='https:\/\/www.radiopiu.net\/wordpress\/wp-content\/uploads\/2022\/06\/284788258_366727185441342_3081410907173728145_n.jpg'><img loading=\"lazy\" decoding=\"async\" width=\"150\" height=\"150\" src=\"https:\/\/www.radiopiu.net\/wordpress\/wp-content\/uploads\/2022\/06\/284788258_366727185441342_3081410907173728145_n-150x150.jpg\" class=\"attachment-thumbnail size-thumbnail\" alt=\"\" \/><\/a>\n\t\t\t\t<\/dt><\/dl><dl class='gallery-item'>\n\t\t\t\t<dt class='gallery-icon landscape'>\n\t\t\t\t\t<a class=\"rollover rollover-zoom dt-pswp-item\" title=\"284859057_972809160063384_3831801932412337628_n\" data-dt-img-description=\"\" data-large_image_width=\"280\" data-large_image_height=\"200\"href='https:\/\/www.radiopiu.net\/wordpress\/wp-content\/uploads\/2022\/06\/284859057_972809160063384_3831801932412337628_n.jpg'><img loading=\"lazy\" decoding=\"async\" width=\"150\" height=\"150\" src=\"https:\/\/www.radiopiu.net\/wordpress\/wp-content\/uploads\/2022\/06\/284859057_972809160063384_3831801932412337628_n-150x150.jpg\" class=\"attachment-thumbnail size-thumbnail\" alt=\"\" \/><\/a>\n\t\t\t\t<\/dt><\/dl><dl class='gallery-item'>\n\t\t\t\t<dt class='gallery-icon portrait'>\n\t\t\t\t\t<a class=\"rollover rollover-zoom dt-pswp-item\" title=\"281757286_325045023144319_461434577781949962_n\" data-dt-img-description=\"\" data-large_image_width=\"155\" data-large_image_height=\"240\"href='https:\/\/www.radiopiu.net\/wordpress\/wp-content\/uploads\/2022\/06\/281757286_325045023144319_461434577781949962_n.jpg'><img loading=\"lazy\" decoding=\"async\" width=\"150\" height=\"150\" src=\"https:\/\/www.radiopiu.net\/wordpress\/wp-content\/uploads\/2022\/06\/281757286_325045023144319_461434577781949962_n-150x150.jpg\" class=\"attachment-thumbnail size-thumbnail\" alt=\"\" \/><\/a>\n\t\t\t\t<\/dt><\/dl><br style=\"clear: both\" \/><dl class='gallery-item'>\n\t\t\t\t<dt class='gallery-icon portrait'>\n\t\t\t\t\t<a class=\"rollover rollover-zoom dt-pswp-item\" title=\"284485161_1377385632729097_6969019292567698304_n\" data-dt-img-description=\"\" data-large_image_width=\"154\" data-large_image_height=\"225\"href='https:\/\/www.radiopiu.net\/wordpress\/wp-content\/uploads\/2022\/06\/284485161_1377385632729097_6969019292567698304_n.jpg'><img loading=\"lazy\" decoding=\"async\" width=\"150\" height=\"150\" src=\"https:\/\/www.radiopiu.net\/wordpress\/wp-content\/uploads\/2022\/06\/284485161_1377385632729097_6969019292567698304_n-150x150.jpg\" class=\"attachment-thumbnail size-thumbnail\" alt=\"\" \/><\/a>\n\t\t\t\t<\/dt><\/dl><dl class='gallery-item'>\n\t\t\t\t<dt class='gallery-icon portrait'>\n\t\t\t\t\t<a class=\"rollover rollover-zoom dt-pswp-item\" title=\"284886022_1336526423523460_6072071155465929123_n\" data-dt-img-description=\"\" data-large_image_width=\"153\" data-large_image_height=\"206\"href='https:\/\/www.radiopiu.net\/wordpress\/wp-content\/uploads\/2022\/06\/284886022_1336526423523460_6072071155465929123_n.jpg'><img loading=\"lazy\" decoding=\"async\" width=\"150\" height=\"150\" src=\"https:\/\/www.radiopiu.net\/wordpress\/wp-content\/uploads\/2022\/06\/284886022_1336526423523460_6072071155465929123_n-150x150.jpg\" class=\"attachment-thumbnail size-thumbnail\" alt=\"\" \/><\/a>\n\t\t\t\t<\/dt><\/dl><dl class='gallery-item'>\n\t\t\t\t<dt class='gallery-icon portrait'>\n\t\t\t\t\t<a class=\"rollover rollover-zoom dt-pswp-item\" title=\"285850506_2943451239134212_7107589577314066523_n\" data-dt-img-description=\"\" data-large_image_width=\"158\" data-large_image_height=\"206\"href='https:\/\/www.radiopiu.net\/wordpress\/wp-content\/uploads\/2022\/06\/285850506_2943451239134212_7107589577314066523_n.jpg'><img loading=\"lazy\" decoding=\"async\" width=\"150\" height=\"150\" src=\"https:\/\/www.radiopiu.net\/wordpress\/wp-content\/uploads\/2022\/06\/285850506_2943451239134212_7107589577314066523_n-150x150.jpg\" class=\"attachment-thumbnail size-thumbnail\" alt=\"\" \/><\/a>\n\t\t\t\t<\/dt><\/dl><dl class='gallery-item'>\n\t\t\t\t<dt class='gallery-icon portrait'>\n\t\t\t\t\t<a class=\"rollover rollover-zoom dt-pswp-item\" title=\"285052392_407459654616478_3594085510590035859_n\" data-dt-img-description=\"\" data-large_image_width=\"154\" data-large_image_height=\"206\"href='https:\/\/www.radiopiu.net\/wordpress\/wp-content\/uploads\/2022\/06\/285052392_407459654616478_3594085510590035859_n.jpg'><img loading=\"lazy\" decoding=\"async\" width=\"150\" height=\"150\" src=\"https:\/\/www.radiopiu.net\/wordpress\/wp-content\/uploads\/2022\/06\/285052392_407459654616478_3594085510590035859_n-150x150.jpg\" class=\"attachment-thumbnail size-thumbnail\" alt=\"\" \/><\/a>\n\t\t\t\t<\/dt><\/dl><dl class='gallery-item'>\n\t\t\t\t<dt class='gallery-icon portrait'>\n\t\t\t\t\t<a class=\"rollover rollover-zoom dt-pswp-item\" title=\"284649735_715477646381012_140467204256973106_n\" data-dt-img-description=\"\" data-large_image_width=\"158\" data-large_image_height=\"240\"href='https:\/\/www.radiopiu.net\/wordpress\/wp-content\/uploads\/2022\/06\/284649735_715477646381012_140467204256973106_n.jpg'><img loading=\"lazy\" decoding=\"async\" width=\"150\" height=\"150\" src=\"https:\/\/www.radiopiu.net\/wordpress\/wp-content\/uploads\/2022\/06\/284649735_715477646381012_140467204256973106_n-150x150.jpg\" class=\"attachment-thumbnail size-thumbnail\" alt=\"\" \/><\/a>\n\t\t\t\t<\/dt><\/dl><br style=\"clear: both\" \/>\n\t\t\t<\/div>\n\n<p>&nbsp;<\/p>\n<p>NELLE FOTO (riproduzioni dal libro &#8220;Igne Paese del fuoco&#8221; di Ivano Pocchiesa e Mario Fornaro): coscritti &#8220;di ferro&#8221; di Igne della classe 1910; i loro &#8220;colleghi&#8221; del 1915 in festa; tempo di guerra per gli Alpini di Igne nel 1917; \u00e8 il 1918 un gruppetto di coscritti posa felice a guerra conclusa; il &#8220;carabiniere reale &#8220;Pietro Bez &#8216;Batti&#8217;; Adi Agher, Etiopia, anno 1936, da sinistra: Luigi De Bona &#8216;Titon&#8217; con il compaesano No\u00e8 De Bona &#8216;Soldado&#8217; e un commilitone della &#8220;campagna d&#8217;Africa&#8221;; anni &#8217;70 il monumento inaugurato a Igne in memoria dei Caduti; Giacomo De Bona di 23 anni; il sedicenne Gustavo De Bona; la copertina della Tribuna Illustrata del 31 maggio 1942.<\/p>\n<p>&nbsp;<\/p>\n<hr \/>\n<p>&nbsp;<\/p>\n<h2><span style=\"color: #ff0000;\">IERI ALLA RADIO\u00a0<\/span><\/h2>\n<h2><strong><a class=\"dt-pswp-item\" href=\"https:\/\/www.radiopiu.net\/wordpress\/wp-content\/uploads\/2020\/12\/DON-GIORGIO-LISE.jpg\" data-dt-img-description=\"\" data-large_image_width=\"1600\" data-large_image_height=\"901\"><img loading=\"lazy\" decoding=\"async\" class=\"size-thumbnail wp-image-177420 alignleft\" src=\"https:\/\/www.radiopiu.net\/wordpress\/wp-content\/uploads\/2020\/12\/DON-GIORGIO-LISE-150x150.jpg\" alt=\"\" width=\"150\" height=\"150\" \/><\/a><\/strong><span style=\"color: #993300;\">DUE MINUTI PER TE\u00a0<\/span><\/h2>\n<p><strong>APPUNTAMENTO DELLA DOMENICA CON DON GIORGIO LISE<\/strong><\/p>\n<audio class=\"wp-audio-shortcode\" id=\"audio-279572-5\" preload=\"none\" style=\"width: 100%;\" controls=\"controls\"><source type=\"audio\/mpeg\" src=\"https:\/\/www.radiopiu.net\/wordpress\/wp-content\/uploads\/2022\/06\/DON-GIORGIO.mp3?_=5\" \/><a href=\"https:\/\/www.radiopiu.net\/wordpress\/wp-content\/uploads\/2022\/06\/DON-GIORGIO.mp3\">https:\/\/www.radiopiu.net\/wordpress\/wp-content\/uploads\/2022\/06\/DON-GIORGIO.mp3<\/a><\/audio>\n<p>&nbsp;<\/p>\n<p>&nbsp;<\/p>\n<hr \/>\n<hr \/>\n<p>&nbsp;<\/p>\n<hr \/>\n<div>\n<div class=\"b654a4as d2edcug0\">\n<div class=\"rq0escxv hkbzh7o3 jwdofwj8 n8tt0mok r8blr3vg hyh9befq\">\n<p><a class=\"dt-pswp-item\" href=\"https:\/\/www.radiopiu.net\/wordpress\/wp-content\/uploads\/2020\/10\/pp.jpg\" data-dt-img-description=\"\" data-large_image_width=\"640\" data-large_image_height=\"640\"><img loading=\"lazy\" decoding=\"async\" class=\"wp-image-163678 alignleft\" src=\"https:\/\/www.radiopiu.net\/wordpress\/wp-content\/uploads\/2020\/10\/pp-300x300.jpg\" alt=\"\" width=\"106\" height=\"106\" srcset=\"https:\/\/www.radiopiu.net\/wordpress\/wp-content\/uploads\/2020\/10\/pp-300x300.jpg 300w, https:\/\/www.radiopiu.net\/wordpress\/wp-content\/uploads\/2020\/10\/pp-150x150.jpg 150w, https:\/\/www.radiopiu.net\/wordpress\/wp-content\/uploads\/2020\/10\/pp-125x125.jpg 125w, https:\/\/www.radiopiu.net\/wordpress\/wp-content\/uploads\/2020\/10\/pp-200x200.jpg 200w, https:\/\/www.radiopiu.net\/wordpress\/wp-content\/uploads\/2020\/10\/pp-80x80.jpg 80w, https:\/\/www.radiopiu.net\/wordpress\/wp-content\/uploads\/2020\/10\/pp-480x480.jpg 480w, https:\/\/www.radiopiu.net\/wordpress\/wp-content\/uploads\/2020\/10\/pp.jpg 640w\" sizes=\"auto, (max-width: 106px) 100vw, 106px\" \/><\/a><\/p>\n<\/div>\n<\/div>\n<\/div>\n<div>\n<div class=\"page-title-head hgroup\">\n<div class=\"page-title-head hgroup\">\n<div class=\"b654a4as d2edcug0\">\n<div class=\"j83agx80 btwxx1t3 lhclo0ds hop8lmos nkwizq5d scwd0bx6 roh60bw9\">\n<div class=\"rq0escxv hkbzh7o3 jwdofwj8 n8tt0mok r8blr3vg hyh9befq\">\n<div class=\"do00u71z l9j0dhe7 k4urcfbm\">\n<h2><span style=\"color: #000080;\">DON CESARE, IL PENSIERO DEL GIORNO. ALLA RADIO ALLE 7 DEL MATTINO E ALLE 19.30 DELLA SERA.\u00a0<\/span><\/h2>\n<p>&nbsp;<\/p>\n<\/div>\n<audio class=\"wp-audio-shortcode\" id=\"audio-279572-6\" preload=\"none\" style=\"width: 100%;\" controls=\"controls\"><source type=\"audio\/mpeg\" src=\"https:\/\/www.radiopiu.net\/wordpress\/wp-content\/uploads\/2022\/06\/CESARE-5.mp3?_=6\" \/><a href=\"https:\/\/www.radiopiu.net\/wordpress\/wp-content\/uploads\/2022\/06\/CESARE-5.mp3\">https:\/\/www.radiopiu.net\/wordpress\/wp-content\/uploads\/2022\/06\/CESARE-5.mp3<\/a><\/audio>\n<\/div>\n<\/div>\n<\/div>\n<\/div>\n<\/div>\n<\/div>\n<p>&nbsp;<\/p>\n<p>&nbsp;<\/p>\n<hr \/>\n<p>&nbsp;<\/p>\n<h2><span style=\"color: #008080;\">SALUTE &amp; SOCIETA&#8217;\u00a0<\/span><\/h2>\n<p><strong>LA RACCOLTA<\/strong><\/p>\n<blockquote class=\"wp-embedded-content\" data-secret=\"jDdvcwj7gn\"><p><a href=\"https:\/\/www.radiopiu.net\/wordpress\/saluteesocieta\/\">Salute e Societ\u00e0<\/a><\/p><\/blockquote>\n<p><iframe loading=\"lazy\" class=\"wp-embedded-content\" sandbox=\"allow-scripts\" security=\"restricted\" style=\"position: absolute; clip: rect(1px, 1px, 1px, 1px);\" title=\"&#8220;Salute e Societ\u00e0&#8221; &#8212; Radio Pi\u00f9\" src=\"https:\/\/www.radiopiu.net\/wordpress\/saluteesocieta\/embed\/#?secret=wvJc7SDC15#?secret=jDdvcwj7gn\" data-secret=\"jDdvcwj7gn\" width=\"600\" height=\"338\" frameborder=\"0\" marginwidth=\"0\" marginheight=\"0\" scrolling=\"no\"><\/iframe><\/p>\n<p>&nbsp;<\/p>\n<hr \/>\n<p>&nbsp;<\/p>\n<h2><span style=\"color: #ff00ff;\">007 IN CONDOTTA CON LA PROF. MARIA ROSA SALMAZO OGGI L&#8217;ULTIMA PUNTATA, DECIMO ANNO CON IL GRAZIE PER IL GRANDE IMPEGNO ALLA PROF. MARIA ROSA SALMAZO ED A CLAUDIO FONTANIVE<\/span><\/h2>\n<p><strong>LA RACCOLTA COMPLETA\u00a0<\/strong><\/p>\n<blockquote class=\"wp-embedded-content\" data-secret=\"Ije4kihBQw\"><p><a href=\"https:\/\/www.radiopiu.net\/wordpress\/007incondotta-9\/\">007 in condotta<\/a><\/p><\/blockquote>\n<p><iframe loading=\"lazy\" class=\"wp-embedded-content\" sandbox=\"allow-scripts\" security=\"restricted\" style=\"position: absolute; clip: rect(1px, 1px, 1px, 1px);\" title=\"&#8220;007 in condotta&#8221; &#8212; Radio Pi\u00f9\" src=\"https:\/\/www.radiopiu.net\/wordpress\/007incondotta-9\/embed\/#?secret=CO89ov3A2U#?secret=Ije4kihBQw\" data-secret=\"Ije4kihBQw\" width=\"600\" height=\"338\" frameborder=\"0\" marginwidth=\"0\" marginheight=\"0\" scrolling=\"no\"><\/iframe><\/p>\n<p>&nbsp;<\/p>\n<hr \/>\n<h3 class=\"kvgmc6g5 cxmmr5t8 oygrvhab hcukyx3x c1et5uql\"><span style=\"color: #0000ff;\"><strong>\u00a0<\/strong><\/span><\/h3>\n<h3 class=\"kvgmc6g5 cxmmr5t8 oygrvhab hcukyx3x c1et5uql\"><span style=\"color: #0000ff;\"><strong>INFORMAZIONE il canale su TELEGRAM informazione di prima mano e in tempo reale. iscriviti ed aiutaci a farlo conoscere\u00a0 \u00a0<\/strong><\/span><\/h3>\n<p>&nbsp;<\/p>\n<hr \/>\n<p>&nbsp;<\/p>\n<blockquote>\n<h2><span style=\"color: #800080;\">STORIE A QUATTROCCHI\u00a0 \u00a0<\/span><\/h2>\n<\/blockquote>\n<p><strong>LA RACCOLTA COMPLETA\u00a0<\/strong><\/p>\n<blockquote class=\"wp-embedded-content\" data-secret=\"DcYdVYYEfg\"><p><a href=\"https:\/\/www.radiopiu.net\/wordpress\/storie-a-quattrocchi\/\">Storie a quattrocchi<\/a><\/p><\/blockquote>\n<p><iframe loading=\"lazy\" class=\"wp-embedded-content\" sandbox=\"allow-scripts\" security=\"restricted\" style=\"position: absolute; clip: rect(1px, 1px, 1px, 1px);\" title=\"&#8220;Storie a quattrocchi&#8221; &#8212; Radio Pi\u00f9\" src=\"https:\/\/www.radiopiu.net\/wordpress\/storie-a-quattrocchi\/embed\/#?secret=xu3rChI9LJ#?secret=DcYdVYYEfg\" data-secret=\"DcYdVYYEfg\" width=\"600\" height=\"338\" frameborder=\"0\" marginwidth=\"0\" marginheight=\"0\" scrolling=\"no\"><\/iframe><\/p>\n<p>&nbsp;<\/p>\n<hr \/>\n<p>&nbsp;<\/p>\n<h2><\/h2>\n<h2><span style=\"color: #008080;\">&#8220;DINTORN E FORA VIA&#8221; A CURA DEL MUSLA, IL NUOVO PROGRAMMA\u00a0 \u00a0\u00a0<\/span><\/h2>\n<h2><strong>LA RACCOLTA COMPLETA<\/strong><\/h2>\n<blockquote class=\"wp-embedded-content\" data-secret=\"aNs9Y6FvbW\"><p><a href=\"https:\/\/www.radiopiu.net\/wordpress\/musla\/\">MUSLA<\/a><\/p><\/blockquote>\n<p><iframe loading=\"lazy\" class=\"wp-embedded-content\" sandbox=\"allow-scripts\" security=\"restricted\" style=\"position: absolute; clip: rect(1px, 1px, 1px, 1px);\" title=\"&#8220;MUSLA&#8221; &#8212; Radio Pi\u00f9\" src=\"https:\/\/www.radiopiu.net\/wordpress\/musla\/embed\/#?secret=2xnqTXnXlv#?secret=aNs9Y6FvbW\" data-secret=\"aNs9Y6FvbW\" width=\"600\" height=\"338\" frameborder=\"0\" marginwidth=\"0\" marginheight=\"0\" scrolling=\"no\"><\/iframe><\/p>\n<p>&nbsp;<\/p>\n<p>&nbsp;<\/p>\n<p>&nbsp;<\/p>\n<hr \/>\n<p>&nbsp;<\/p>\n<h2><span style=\"color: #800080;\">GIROVAGANDO IN E-BIKE 2022<\/span><\/h2>\n<p><strong>LA RACCOLTA<\/strong><\/p>\n<blockquote class=\"wp-embedded-content\" data-secret=\"ER8DktHuST\"><p><a href=\"https:\/\/www.radiopiu.net\/wordpress\/girovagando-in-e-bike-tra-le-dolomiti\/\">GIROVAGANDO IN E BIKE TRA LE DOLOMITI<\/a><\/p><\/blockquote>\n<p><iframe loading=\"lazy\" class=\"wp-embedded-content\" sandbox=\"allow-scripts\" security=\"restricted\" style=\"position: absolute; clip: rect(1px, 1px, 1px, 1px);\" title=\"&#8220;GIROVAGANDO IN E BIKE TRA LE DOLOMITI&#8221; &#8212; Radio Pi\u00f9\" src=\"https:\/\/www.radiopiu.net\/wordpress\/girovagando-in-e-bike-tra-le-dolomiti\/embed\/#?secret=X80HqJgFe6#?secret=ER8DktHuST\" data-secret=\"ER8DktHuST\" width=\"600\" height=\"338\" frameborder=\"0\" marginwidth=\"0\" marginheight=\"0\" scrolling=\"no\"><\/iframe><\/p>\n<p>&nbsp;<\/p>\n<hr \/>\n<p>&nbsp;<\/p>\n<p><a href=\"https:\/\/www.radiopiu.net\/wordpress\/39annigiu03\/\">https:\/\/www.radiopiu.net\/wordpress\/39annimaggi30\/<\/a><\/p>\n<p>&nbsp;<\/p>\n<p>&nbsp;<\/p>\n<hr \/>\n<p>&nbsp;<\/p>\n<div class=\"do00u71z l9j0dhe7 k4urcfbm\">\n<div class=\"page-title-head hgroup\">\n<div class=\"page-title-head hgroup\">\n<div class=\"b654a4as d2edcug0\">\n<div class=\"j83agx80 btwxx1t3 lhclo0ds hop8lmos nkwizq5d scwd0bx6 roh60bw9\">\n<div class=\"rq0escxv hkbzh7o3 jwdofwj8 n8tt0mok r8blr3vg hyh9befq\">\n<div class=\"do00u71z l9j0dhe7 k4urcfbm\">\n<div class=\"page-title-head hgroup\">\n<div class=\"page-title-head hgroup\">\n<div class=\"b654a4as d2edcug0\">\n<div class=\"j83agx80 btwxx1t3 lhclo0ds hop8lmos nkwizq5d scwd0bx6 roh60bw9\">\n<div class=\"rq0escxv hkbzh7o3 jwdofwj8 n8tt0mok r8blr3vg hyh9befq\">\n<div class=\"do00u71z l9j0dhe7 k4urcfbm\">\n<div class=\"ecm0bbzt e5nlhep0 a8c37x1j\">\n<div class=\"kvgmc6g5 cxmmr5t8 oygrvhab hcukyx3x c1et5uql\">\n<div class=\"gmail-kvgmc6g5 gmail-cxmmr5t8 gmail-oygrvhab gmail-hcukyx3x gmail-c1et5uql gmail-ii04i59q\">\n<div class=\"page-title-head hgroup\">\n<div class=\"page-title-head hgroup\">\n<div class=\"b654a4as d2edcug0\">\n<div class=\"j83agx80 btwxx1t3 lhclo0ds hop8lmos nkwizq5d scwd0bx6 roh60bw9\">\n<div class=\"rq0escxv hkbzh7o3 jwdofwj8 n8tt0mok r8blr3vg hyh9befq\">\n<div class=\"do00u71z l9j0dhe7 k4urcfbm\">\n<div class=\"page-title-head hgroup\">\n<div class=\"page-title-head hgroup\">\n<div class=\"b654a4as d2edcug0\">\n<div class=\"j83agx80 btwxx1t3 lhclo0ds hop8lmos nkwizq5d scwd0bx6 roh60bw9\">\n<div class=\"rq0escxv hkbzh7o3 jwdofwj8 n8tt0mok r8blr3vg hyh9befq\">\n<div class=\"do00u71z l9j0dhe7 k4urcfbm\">\n<div class=\"page-title-head hgroup\">\n<div class=\"page-title-head hgroup\">\n<div class=\"b654a4as d2edcug0\">\n<div class=\"j83agx80 btwxx1t3 lhclo0ds hop8lmos nkwizq5d scwd0bx6 roh60bw9\">\n<div class=\"rq0escxv hkbzh7o3 jwdofwj8 n8tt0mok r8blr3vg hyh9befq\">\n<div class=\"do00u71z l9j0dhe7 k4urcfbm\">\n<div class=\"ecm0bbzt e5nlhep0 a8c37x1j\">\n<div class=\"kvgmc6g5 cxmmr5t8 oygrvhab hcukyx3x c1et5uql\">\n<div class=\"gmail-kvgmc6g5 gmail-cxmmr5t8 gmail-oygrvhab gmail-hcukyx3x gmail-c1et5uql gmail-ii04i59q\">\n<div class=\"page-title-head hgroup\">\n<div class=\"page-title-head hgroup\">\n<div class=\"b654a4as d2edcug0\">\n<div class=\"j83agx80 btwxx1t3 lhclo0ds hop8lmos nkwizq5d scwd0bx6 roh60bw9\">\n<div class=\"rq0escxv hkbzh7o3 jwdofwj8 n8tt0mok r8blr3vg hyh9befq\">\n<div class=\"do00u71z l9j0dhe7 k4urcfbm\">\n<blockquote>\n<h3><span style=\"color: #ff0000;\">IN VIVO VERSO,\u00a0 RIASCOLTIAMOLE DAL LUNEDI AL VENERDI ALLE 7.10, 10.10, 18 50<\/span><\/h3>\n<\/blockquote>\n<p><strong>LA RACCOLTA COMPLETA<\/strong><\/p>\n<blockquote class=\"wp-embedded-content\" data-secret=\"1jfudwdsow\"><p><a href=\"https:\/\/www.radiopiu.net\/wordpress\/in-vivo-verso\/\">In Vivo Verso<\/a><\/p><\/blockquote>\n<p><iframe loading=\"lazy\" class=\"wp-embedded-content\" sandbox=\"allow-scripts\" security=\"restricted\" style=\"position: absolute; clip: rect(1px, 1px, 1px, 1px);\" title=\"&#8220;In Vivo Verso&#8221; &#8212; Radio Pi\u00f9\" src=\"https:\/\/www.radiopiu.net\/wordpress\/in-vivo-verso\/embed\/#?secret=ZMIF6HXXtV#?secret=1jfudwdsow\" data-secret=\"1jfudwdsow\" width=\"600\" height=\"338\" frameborder=\"0\" marginwidth=\"0\" marginheight=\"0\" scrolling=\"no\"><\/iframe><\/p>\n<p>&nbsp;<\/p>\n<hr \/>\n<p>&nbsp;<\/p>\n<p><span style=\"color: #0000ff;\">MUSICA PIU&#8217;\u00a0<\/span><\/p>\n<p><a href=\"https:\/\/www.radiopiu.net\/wordpress\/giornale-radiopiu-20-settembre-2021-direttore-mirko-mezzacasa\/pp-79\/\" rel=\"attachment wp-att-232921\"><img loading=\"lazy\" decoding=\"async\" class=\"wp-image-232921 alignleft\" src=\"https:\/\/www.radiopiu.net\/wordpress\/wp-content\/uploads\/2021\/09\/pp-1-300x300.jpg\" alt=\"\" width=\"135\" height=\"135\" srcset=\"https:\/\/www.radiopiu.net\/wordpress\/wp-content\/uploads\/2021\/09\/pp-1-300x300.jpg 300w, https:\/\/www.radiopiu.net\/wordpress\/wp-content\/uploads\/2021\/09\/pp-1-150x150.jpg 150w, https:\/\/www.radiopiu.net\/wordpress\/wp-content\/uploads\/2021\/09\/pp-1.jpg 640w\" sizes=\"auto, (max-width: 135px) 100vw, 135px\" \/><\/a><\/p>\n<div class=\"mkdf-post-text\">\n<div class=\"mkdf-post-text-inner\">\n<div class=\"mkdf-post-text-main\">\n<div class=\"mkdf-post-text\">\n<div class=\"mkdf-post-text-inner\">\n<div class=\"mkdf-post-text-main\">\n<div class=\"mkdf-post-text\">\n<div class=\"mkdf-post-text-inner\">\n<div class=\"mkdf-post-text-main\">\n<div class=\"page-title-head hgroup\">\n<div class=\"page-title-head hgroup\">\n<div class=\"mkdf-post-text\">\n<div class=\"mkdf-post-text-inner\">\n<div class=\"mkdf-post-text-main\">\n<div class=\"mkdf-post-text\">\n<div class=\"mkdf-post-text-inner\">\n<div class=\"mkdf-post-text-main\">\n<div class=\"page-title-head hgroup\">\n<div class=\"page-title-head hgroup\">\n<div class=\"page-title-head hgroup\">\n<div class=\"page-title-head hgroup\">\n<div class=\"b654a4as d2edcug0\">\n<div class=\"page-title-head hgroup\">\n<div class=\"page-title-head hgroup\">\n<div class=\"page-title-head hgroup\">\n<div class=\"page-title-head hgroup\">\n<div class=\"b654a4as d2edcug0\">\n<div class=\"page-title-head hgroup\">\n<div class=\"page-title-head hgroup\">\n<div class=\"page-title-head hgroup\">\n<div class=\"page-title-head hgroup\">\n<div class=\"b654a4as d2edcug0\">\n<div class=\"mkdf-post-text\">\n<div class=\"mkdf-post-text-inner\">\n<div class=\"mkdf-post-text-main\">\n<div class=\"mkdf-post-text\">\n<div class=\"mkdf-post-text-inner\">\n<div class=\"mkdf-post-text-main\">\n<div class=\"mkdf-post-text\">\n<div class=\"mkdf-post-text-inner\">\n<div class=\"mkdf-post-text-main\">\n<div class=\"page-title-head hgroup\">\n<div class=\"page-title-head hgroup\">\n<div class=\"mkdf-post-text\">\n<div class=\"mkdf-post-text-inner\">\n<div class=\"mkdf-post-text-main\">\n<div class=\"mkdf-post-text\">\n<div class=\"mkdf-post-text-inner\">\n<div class=\"mkdf-post-text-main\">\n<div class=\"page-title-head hgroup\">\n<div class=\"page-title-head hgroup\">\n<div class=\"page-title-head hgroup\">\n<div class=\"page-title-head hgroup\">\n<div class=\"b654a4as d2edcug0\">\n<div class=\"page-title-head hgroup\">\n<div class=\"page-title-head hgroup\">\n<div class=\"page-title-head hgroup\">\n<div class=\"page-title-head hgroup\">\n<div class=\"b654a4as d2edcug0\">\n<div class=\"page-title-head hgroup\">\n<div class=\"page-title-head hgroup\">\n<div class=\"page-title-head hgroup\">\n<div class=\"page-title-head hgroup\">\n<div class=\"b654a4as d2edcug0\">\n<div><\/div>\n<div><\/div>\n<div>\n<p><strong>MUSICA ALLA RADIO, IL PROGRAMMA DI LORIS SCUSSEL &#8220;COLLAGE OPERAZIONE NOSTALGIA&#8221; DAL LUNEDI AL VENERDI ALLE 16.00\u00a0 E ALLE 23\u00a0<\/strong><\/p>\n<p>&nbsp;<\/p>\n<\/div>\n<\/div>\n<p>&nbsp;<\/p>\n<p><strong><a class=\"dt-pswp-item\" href=\"https:\/\/www.radiopiu.net\/wordpress\/wp-content\/uploads\/2022\/06\/Elisa-e-Loris.jpg\" data-dt-img-description=\"\" data-large_image_width=\"579\" data-large_image_height=\"297\"><img loading=\"lazy\" decoding=\"async\" class=\"alignleft wp-image-279729 \" src=\"https:\/\/www.radiopiu.net\/wordpress\/wp-content\/uploads\/2022\/06\/Elisa-e-Loris-300x154.jpg\" alt=\"\" width=\"206\" height=\"106\" srcset=\"https:\/\/www.radiopiu.net\/wordpress\/wp-content\/uploads\/2022\/06\/Elisa-e-Loris-300x154.jpg 300w, https:\/\/www.radiopiu.net\/wordpress\/wp-content\/uploads\/2022\/06\/Elisa-e-Loris.jpg 579w\" sizes=\"auto, (max-width: 206px) 100vw, 206px\" \/><\/a>di Loris Scussel<\/strong><\/p>\n<p>Brani di musica leggera o leggerissima luned\u00ec a Collage, marted\u00ec ascolteremo le chitarre degli Shadows ma anche quelle di Santo e Johnny o Jimi Hendrix. Mercoled\u00ec David Bowie, Pink Floyd, Papa John Creach, Van Deer Graf Generator, E.L. e P. Gioved\u00ec e venerd\u00ec brani live per festeggiare il ritorno alla musica dal vivo assieme ad Elisa, finalmente dopo pi\u00f9 di due anni torneremo a suonare venerd\u00ec prossimo dalle 20,30 sotto il tendone a Rivamonte in occasione della Sagra de Sant&#8217;Antoni che si concluder\u00e0 luned\u00ec 13 giugno, sar\u00e0 la prima di quattro serate in cui oltre alla musica si potranno gustare anche i classici gnoch con la poina e altre specialit\u00e0, ovviamente vi aspettiamo numerosi. Collage va in onda dal luned\u00ec al venerd\u00ec alle 16,00 e alle 23,00 naturalmente su Radio Pi\u00f9.<\/p>\n<p>&nbsp;<\/p>\n<p>&nbsp;<\/p>\n<div class=\"b654a4as d2edcug0\">\n<hr \/>\n<\/div>\n<\/div>\n<\/div>\n<\/div>\n<\/div>\n<\/div>\n<\/div>\n<\/div>\n<\/div>\n<\/div>\n<\/div>\n<\/div>\n<\/div>\n<\/div>\n<\/div>\n<\/div>\n<\/div>\n<\/div>\n<\/div>\n<\/div>\n<\/div>\n<\/div>\n<\/div>\n<\/div>\n<\/div>\n<\/div>\n<\/div>\n<\/div>\n<\/div>\n<\/div>\n<\/div>\n<\/div>\n<\/div>\n<\/div>\n<\/div>\n<\/div>\n<\/div>\n<\/div>\n<\/div>\n<\/div>\n<\/div>\n<\/div>\n<\/div>\n<\/div>\n<\/div>\n<\/div>\n<\/div>\n<\/div>\n<\/div>\n<\/div>\n<\/div>\n<\/div>\n<\/div>\n<\/div>\n<\/div>\n<\/div>\n<\/div>\n<\/div>\n<\/div>\n<\/div>\n<\/div>\n<\/div>\n<\/div>\n<\/div>\n<p>&nbsp;<\/p>\n<blockquote>\n<h3><span style=\"color: #0000ff;\">RADIO PIU INFORMAZIONE il canale su TELEGRAM informazione di prima mano e in tempo reale. iscriviti ed aiutaci a farlo conoscere\u00a0\u00a0<\/span><\/h3>\n<\/blockquote>\n<div>\n<div class=\"page-title-head hgroup\">\n<div class=\"page-title-head hgroup\">\n<div class=\"page-title-head hgroup\">\n<div class=\"page-title-head hgroup\">\n<div class=\"b654a4as d2edcug0\">\n<div class=\"page-title-head hgroup\">\n<div class=\"page-title-head hgroup\">\n<div class=\"page-title-head hgroup\">\n<div class=\"page-title-head hgroup\">\n<div class=\"b654a4as d2edcug0\">\n<div class=\"page-title-head hgroup\">\n<div class=\"page-title-head hgroup\">\n<div class=\"page-title-head hgroup\">\n<div class=\"page-title-head hgroup\">\n<div class=\"page-title-head hgroup\">\n<div class=\"page-title-head hgroup\">\n<div class=\"page-title-head hgroup\">\n<div class=\"page-title-head hgroup\">\n<div class=\"page-title-head hgroup\">\n<div class=\"b654a4as d2edcug0\">\n<div class=\"page-title-head hgroup\">\n<div class=\"page-title-head hgroup\">\n<div class=\"page-title-head hgroup\">\n<div class=\"page-title-head hgroup\">\n<div class=\"b654a4as d2edcug0\">\n<div><\/div>\n<div>\n<div class=\"page-title-head hgroup\">\n<div class=\"page-title-head hgroup\">\n<div class=\"page-title-head hgroup\">\n<div class=\"page-title-head hgroup\">\n<div class=\"page-title-head hgroup\">\n<div class=\"mkdf-post-text\">\n<div class=\"mkdf-post-text-inner\">\n<div class=\"mkdf-post-text-main\">\n<div class=\"mkdf-post-text\">\n<div class=\"mkdf-post-text-inner\">\n<div class=\"mkdf-post-text-main\">\n<div class=\"mkdf-post-text\">\n<div class=\"mkdf-post-text-inner\">\n<div class=\"mkdf-post-text-main\">\n<div class=\"page-title-head hgroup\">\n<div class=\"page-title-head hgroup\">\n<div class=\"mkdf-post-text\">\n<div class=\"mkdf-post-text-inner\">\n<div class=\"mkdf-post-text-main\">\n<div class=\"mkdf-post-text\">\n<div class=\"mkdf-post-text-inner\">\n<div class=\"mkdf-post-text-main\">\n<div class=\"page-title-head hgroup\">\n<div class=\"page-title-head hgroup\">\n<div class=\"page-title-head hgroup\">\n<div class=\"page-title-head hgroup\">\n<div class=\"b654a4as d2edcug0\">\n<div class=\"page-title-head hgroup\">\n<div class=\"page-title-head hgroup\">\n<div class=\"page-title-head hgroup\">\n<div class=\"page-title-head hgroup\">\n<div class=\"b654a4as d2edcug0\">\n<div class=\"page-title-head hgroup\">\n<div class=\"page-title-head hgroup\">\n<div class=\"page-title-head hgroup\">\n<p>&nbsp;<\/p>\n<div>\n<div class=\"page-title-head hgroup\">\n<div class=\"page-title-head hgroup\">\n<div class=\"b654a4as d2edcug0\">\n<div class=\"j83agx80 btwxx1t3 lhclo0ds hop8lmos nkwizq5d scwd0bx6 roh60bw9\">\n<div class=\"rq0escxv hkbzh7o3 jwdofwj8 n8tt0mok r8blr3vg hyh9befq\">\n<div class=\"do00u71z l9j0dhe7 k4urcfbm\">\n<div class=\"page-title-head hgroup\">\n<div class=\"page-title-head hgroup\">\n<div class=\"b654a4as d2edcug0\">\n<div class=\"j83agx80 btwxx1t3 lhclo0ds hop8lmos nkwizq5d scwd0bx6 roh60bw9\">\n<div class=\"rq0escxv hkbzh7o3 jwdofwj8 n8tt0mok r8blr3vg hyh9befq\">\n<div class=\"do00u71z l9j0dhe7 k4urcfbm\">\n<div class=\"ecm0bbzt e5nlhep0 a8c37x1j\">\n<div class=\"kvgmc6g5 cxmmr5t8 oygrvhab hcukyx3x c1et5uql\">\n<div class=\"gmail-kvgmc6g5 gmail-cxmmr5t8 gmail-oygrvhab gmail-hcukyx3x gmail-c1et5uql gmail-ii04i59q\">\n<div class=\"page-title-head hgroup\">\n<div class=\"page-title-head hgroup\">\n<div class=\"b654a4as d2edcug0\">\n<div class=\"j83agx80 btwxx1t3 lhclo0ds hop8lmos nkwizq5d scwd0bx6 roh60bw9\">\n<div class=\"rq0escxv hkbzh7o3 jwdofwj8 n8tt0mok r8blr3vg hyh9befq\">\n<div class=\"do00u71z l9j0dhe7 k4urcfbm\">\n<div class=\"page-title-head hgroup\">\n<div class=\"page-title-head hgroup\">\n<div class=\"b654a4as d2edcug0\">\n<div class=\"j83agx80 btwxx1t3 lhclo0ds hop8lmos nkwizq5d scwd0bx6 roh60bw9\">\n<div class=\"rq0escxv hkbzh7o3 jwdofwj8 n8tt0mok r8blr3vg hyh9befq\">\n<div class=\"do00u71z l9j0dhe7 k4urcfbm\">\n<div class=\"page-title-head hgroup\">\n<div class=\"page-title-head hgroup\">\n<div class=\"b654a4as d2edcug0\">\n<div class=\"j83agx80 btwxx1t3 lhclo0ds hop8lmos nkwizq5d scwd0bx6 roh60bw9\">\n<div class=\"rq0escxv hkbzh7o3 jwdofwj8 n8tt0mok r8blr3vg hyh9befq\">\n<div class=\"do00u71z l9j0dhe7 k4urcfbm\">\n<div class=\"ecm0bbzt e5nlhep0 a8c37x1j\">\n<div class=\"kvgmc6g5 cxmmr5t8 oygrvhab hcukyx3x c1et5uql\">\n<div class=\"gmail-kvgmc6g5 gmail-cxmmr5t8 gmail-oygrvhab gmail-hcukyx3x gmail-c1et5uql gmail-ii04i59q\">\n<div class=\"page-title-head hgroup\">\n<div class=\"page-title-head hgroup\">\n<div class=\"b654a4as d2edcug0\">\n<div class=\"j83agx80 btwxx1t3 lhclo0ds hop8lmos nkwizq5d scwd0bx6 roh60bw9\">\n<div class=\"rq0escxv hkbzh7o3 jwdofwj8 n8tt0mok r8blr3vg hyh9befq\">\n<div class=\"do00u71z l9j0dhe7 k4urcfbm\">\n<div class=\"page-title-head hgroup\">\n<div class=\"page-title-head hgroup\">\n<div class=\"page-title-head hgroup\">\n<div class=\"page-title-head hgroup\">\n<div class=\"b654a4as d2edcug0\">\n<div class=\"page-title-head hgroup\">\n<div class=\"page-title-head hgroup\">\n<div class=\"page-title-head hgroup\">\n<div class=\"page-title-head hgroup\">\n<div class=\"b654a4as d2edcug0\">\n<div class=\"page-title-head hgroup\">\n<div class=\"page-title-head hgroup\">\n<div class=\"page-title-head hgroup\">\n<div class=\"page-title-head hgroup\">\n<div class=\"page-title-head hgroup\">\n<div class=\"page-title-head hgroup\">\n<div class=\"page-title-head hgroup\">\n<div class=\"page-title-head hgroup\">\n<div class=\"page-title-head hgroup\">\n<div class=\"b654a4as d2edcug0\">\n<div class=\"page-title-head hgroup\">\n<div class=\"page-title-head hgroup\">\n<div class=\"page-title-head hgroup\">\n<div class=\"page-title-head hgroup\">\n<div class=\"b654a4as d2edcug0\">\n<div class=\"page-title-head hgroup\">\n<div class=\"page-title-head hgroup\">\n<div class=\"page-title-head hgroup\">\n<div class=\"page-title-head hgroup\">\n<div class=\"page-title-head hgroup\">\n<div class=\"mkdf-post-text\">\n<div class=\"mkdf-post-text-inner\">\n<div class=\"mkdf-post-text-main\">\n<div class=\"mkdf-post-text\">\n<div class=\"mkdf-post-text-inner\">\n<div class=\"mkdf-post-text-main\">\n<div class=\"mkdf-post-text\">\n<div class=\"mkdf-post-text-inner\">\n<div class=\"mkdf-post-text-main\">\n<div class=\"page-title-head hgroup\">\n<div class=\"page-title-head hgroup\">\n<div class=\"mkdf-post-text\">\n<div class=\"mkdf-post-text-inner\">\n<div class=\"mkdf-post-text-main\">\n<div class=\"mkdf-post-text\">\n<div class=\"mkdf-post-text-inner\">\n<div class=\"mkdf-post-text-main\">\n<div class=\"page-title-head hgroup\">\n<div class=\"page-title-head hgroup\">\n<div class=\"page-title-head hgroup\">\n<div class=\"page-title-head hgroup\">\n<div class=\"b654a4as d2edcug0\">\n<div class=\"page-title-head hgroup\">\n<div class=\"page-title-head hgroup\">\n<div class=\"page-title-head hgroup\">\n<div class=\"page-title-head hgroup\">\n<div class=\"b654a4as d2edcug0\">\n<div class=\"page-title-head hgroup\">\n<div class=\"page-title-head hgroup\">\n<div class=\"page-title-head hgroup\">\n<div class=\"page-title-head hgroup\">\n<div class=\"b654a4as d2edcug0\">\n<div class=\"ecm0bbzt e5nlhep0 a8c37x1j\">\n<div class=\"kvgmc6g5 cxmmr5t8 oygrvhab hcukyx3x c1et5uql\">\n<div class=\"gmail-kvgmc6g5 gmail-cxmmr5t8 gmail-oygrvhab gmail-hcukyx3x gmail-c1et5uql gmail-ii04i59q\">\n<div class=\"page-title-head hgroup\">\n<div class=\"page-title-head hgroup\">\n<div class=\"b654a4as d2edcug0\">\n<div class=\"j83agx80 btwxx1t3 lhclo0ds hop8lmos nkwizq5d scwd0bx6 roh60bw9\">\n<div class=\"rq0escxv hkbzh7o3 jwdofwj8 n8tt0mok r8blr3vg hyh9befq\">\n<div class=\"do00u71z l9j0dhe7 k4urcfbm\">\n<div class=\"page-title-head hgroup\">\n<div class=\"page-title-head hgroup\">\n<div class=\"page-title-head hgroup\">\n<div class=\"page-title-head hgroup\">\n<div class=\"b654a4as d2edcug0\">\n<div class=\"page-title-head hgroup\">\n<div class=\"page-title-head hgroup\">\n<div class=\"page-title-head hgroup\">\n<div class=\"page-title-head hgroup\">\n<div class=\"b654a4as d2edcug0\">\n<div class=\"page-title-head hgroup\">\n<div class=\"page-title-head hgroup\">\n<div class=\"page-title-head hgroup\">\n<div class=\"page-title-head hgroup\">\n<div class=\"page-title-head hgroup\">\n<div class=\"page-title-head hgroup\">\n<div class=\"page-title-head hgroup\">\n<div class=\"page-title-head hgroup\">\n<div class=\"page-title-head hgroup\">\n<div class=\"b654a4as d2edcug0\">\n<div class=\"page-title-head hgroup\">\n<div class=\"page-title-head hgroup\">\n<div class=\"page-title-head hgroup\">\n<div class=\"page-title-head hgroup\">\n<div class=\"b654a4as d2edcug0\">\n<div class=\"page-title-head hgroup\">\n<div class=\"page-title-head hgroup\">\n<div class=\"page-title-head hgroup\">\n<div class=\"page-title-head hgroup\">\n<div class=\"page-title-head hgroup\">\n<div class=\"mkdf-post-text\">\n<div class=\"mkdf-post-text-inner\">\n<div class=\"mkdf-post-text-main\">\n<div class=\"mkdf-post-text\">\n<div class=\"mkdf-post-text-inner\">\n<div class=\"mkdf-post-text-main\">\n<div class=\"mkdf-post-text\">\n<div class=\"mkdf-post-text-inner\">\n<div class=\"mkdf-post-text-main\">\n<div class=\"page-title-head hgroup\">\n<div class=\"page-title-head hgroup\">\n<div class=\"mkdf-post-text\">\n<div class=\"mkdf-post-text-inner\">\n<div class=\"mkdf-post-text-main\">\n<div class=\"mkdf-post-text\">\n<div class=\"mkdf-post-text-inner\">\n<div class=\"mkdf-post-text-main\">\n<div class=\"page-title-head hgroup\">\n<div class=\"page-title-head hgroup\">\n<div class=\"page-title-head hgroup\">\n<div class=\"page-title-head hgroup\">\n<div class=\"b654a4as d2edcug0\">\n<div class=\"page-title-head hgroup\">\n<div class=\"page-title-head hgroup\">\n<div class=\"page-title-head hgroup\">\n<div class=\"page-title-head hgroup\">\n<div class=\"b654a4as d2edcug0\">\n<div class=\"page-title-head hgroup\">\n<div class=\"page-title-head hgroup\">\n<div class=\"page-title-head hgroup\">\n<div class=\"page-title-head hgroup\">\n<div class=\"b654a4as d2edcug0\">\n<hr \/>\n<p>&nbsp;<\/p>\n<div>\n<p><strong>DUE MINUTI UN LIBRO, TUTTI I GIORNI ALLA RADIO ALLE 9.40 E ALLE 17.50\u00a0\u00a0<\/strong><\/p>\n<div>\n<div>\n<p><strong>LA RACCOLTA COMPLETA\u00a0\u00a0<\/strong><\/p>\n<\/div>\n<\/div>\n<\/div>\n<div class=\"mkdf-post-text\">\n<div class=\"mkdf-post-text-inner\">\n<div class=\"mkdf-post-text-main\">\n<div class=\"mkdf-post-text\">\n<div class=\"mkdf-post-text-inner\">\n<div class=\"mkdf-post-text-main\">\n<div class=\"mkdf-post-text\">\n<div class=\"mkdf-post-text-inner\">\n<div class=\"mkdf-post-text-main\">\n<div class=\"page-title-head hgroup\">\n<div class=\"page-title-head hgroup\">\n<div class=\"mkdf-post-text\">\n<div class=\"mkdf-post-text-inner\">\n<div class=\"mkdf-post-text-main\">\n<div class=\"mkdf-post-text\">\n<div class=\"mkdf-post-text-inner\">\n<div class=\"mkdf-post-text-main\">\n<div class=\"page-title-head hgroup\">\n<div class=\"page-title-head hgroup\">\n<div class=\"page-title-head hgroup\">\n<div class=\"page-title-head hgroup\">\n<div class=\"b654a4as d2edcug0\">\n<div class=\"page-title-head hgroup\">\n<div class=\"page-title-head hgroup\">\n<div class=\"page-title-head hgroup\">\n<div class=\"page-title-head hgroup\">\n<div class=\"b654a4as d2edcug0\">\n<div class=\"page-title-head hgroup\">\n<div class=\"page-title-head hgroup\">\n<div class=\"page-title-head hgroup\">\n<div class=\"page-title-head hgroup\">\n<div class=\"b654a4as d2edcug0\">\n<div>\n<blockquote class=\"wp-embedded-content\" data-secret=\"4L9Pe8aDbu\"><p><a href=\"https:\/\/www.radiopiu.net\/wordpress\/due-minuti-un-libro\/\">Due minuti un libro<\/a><\/p><\/blockquote>\n<p><iframe loading=\"lazy\" class=\"wp-embedded-content\" sandbox=\"allow-scripts\" security=\"restricted\" style=\"position: absolute; clip: rect(1px, 1px, 1px, 1px);\" title=\"&#8220;Due minuti un libro&#8221; &#8212; Radio Pi\u00f9\" src=\"https:\/\/www.radiopiu.net\/wordpress\/due-minuti-un-libro\/embed\/#?secret=dSoibWoZ2f#?secret=4L9Pe8aDbu\" data-secret=\"4L9Pe8aDbu\" width=\"600\" height=\"338\" frameborder=\"0\" marginwidth=\"0\" marginheight=\"0\" scrolling=\"no\"><\/iframe><\/p>\n<p>&nbsp;<\/p>\n<\/div>\n<div>\n<hr \/>\n<p>&nbsp;<\/p>\n<\/div>\n<h2><span style=\"color: #808000;\">L&#8217;ALMANACCO LADINO\u00a0<\/span><\/h2>\n<p><strong>LA RACCOLTA<\/strong><\/p>\n<blockquote class=\"wp-embedded-content\" data-secret=\"QLrQ8pRl1o\"><p><a href=\"https:\/\/www.radiopiu.net\/wordpress\/almanacco-ladino\/\">Almanacco Ladino<\/a><\/p><\/blockquote>\n<p><iframe loading=\"lazy\" class=\"wp-embedded-content\" sandbox=\"allow-scripts\" security=\"restricted\" style=\"position: absolute; clip: rect(1px, 1px, 1px, 1px);\" title=\"&#8220;Almanacco Ladino&#8221; &#8212; Radio Pi\u00f9\" src=\"https:\/\/www.radiopiu.net\/wordpress\/almanacco-ladino\/embed\/#?secret=SQkmvEmcNJ#?secret=QLrQ8pRl1o\" data-secret=\"QLrQ8pRl1o\" width=\"600\" height=\"338\" frameborder=\"0\" marginwidth=\"0\" marginheight=\"0\" scrolling=\"no\"><\/iframe><\/p>\n<p>&nbsp;<\/p>\n<hr \/>\n<h2><span style=\"color: #33cccc;\">\u00a0<\/span><\/h2>\n<h2><span style=\"color: #33cccc;\">LA RASSEGNA STAMPA DA L&#8217;AMICO DEL POPOLO<\/span><\/h2>\n<p><strong><a class=\"dt-pswp-item\" href=\"https:\/\/www.radiopiu.net\/wordpress\/wp-content\/uploads\/2022\/05\/COVI-FEDAIA.jpg\" data-dt-img-description=\"\" data-large_image_width=\"2048\" data-large_image_height=\"1154\"><img loading=\"lazy\" decoding=\"async\" class=\"size-thumbnail wp-image-278461 alignleft\" src=\"https:\/\/www.radiopiu.net\/wordpress\/wp-content\/uploads\/2022\/05\/COVI-FEDAIA-150x150.jpg\" alt=\"\" width=\"150\" height=\"150\" \/><\/a>di Gianni Santomaso<\/strong><\/p>\n<p>OSPITE: Lucia Farenzena, Presidente del Consorzio Turistico Rocca Pietore Marmolada<\/p>\n<audio class=\"wp-audio-shortcode\" id=\"audio-279572-7\" preload=\"none\" style=\"width: 100%;\" controls=\"controls\"><source type=\"audio\/mpeg\" src=\"https:\/\/www.radiopiu.net\/wordpress\/wp-content\/uploads\/2022\/06\/RASSEGNA-GIANNI.mp3?_=7\" \/><a href=\"https:\/\/www.radiopiu.net\/wordpress\/wp-content\/uploads\/2022\/06\/RASSEGNA-GIANNI.mp3\">https:\/\/www.radiopiu.net\/wordpress\/wp-content\/uploads\/2022\/06\/RASSEGNA-GIANNI.mp3<\/a><\/audio>\n<p>&nbsp;<\/p>\n<p><strong>LA RACCOLTA COMPLETA<\/strong><\/p>\n<blockquote class=\"wp-embedded-content\" data-secret=\"7tjMSXdciq\"><p><a href=\"https:\/\/www.radiopiu.net\/wordpress\/rassegna-stampa-di-gianni-santomaso\/\">Rassegna stampa da l&#8217;amico del popolo &#8211; di Gianni Santomaso<\/a><\/p><\/blockquote>\n<p><iframe loading=\"lazy\" class=\"wp-embedded-content\" sandbox=\"allow-scripts\" security=\"restricted\" style=\"position: absolute; clip: rect(1px, 1px, 1px, 1px);\" title=\"&#8220;Rassegna stampa da l&#8217;amico del popolo &#8211; di Gianni Santomaso&#8221; &#8212; Radio Pi\u00f9\" src=\"https:\/\/www.radiopiu.net\/wordpress\/rassegna-stampa-di-gianni-santomaso\/embed\/#?secret=eAvBtu6IfL#?secret=7tjMSXdciq\" data-secret=\"7tjMSXdciq\" width=\"600\" height=\"338\" frameborder=\"0\" marginwidth=\"0\" marginheight=\"0\" scrolling=\"no\"><\/iframe><\/p>\n<p>&nbsp;<\/p>\n<hr \/>\n<p>&nbsp;<\/p>\n<div>\n<div class=\"page-title-head hgroup\">\n<div class=\"page-title-head hgroup\">\n<div class=\"b654a4as d2edcug0\">\n<div class=\"j83agx80 btwxx1t3 lhclo0ds hop8lmos nkwizq5d scwd0bx6 roh60bw9\">\n<div class=\"rq0escxv hkbzh7o3 jwdofwj8 n8tt0mok r8blr3vg hyh9befq\">\n<div class=\"do00u71z l9j0dhe7 k4urcfbm\">\n<div class=\"ecm0bbzt e5nlhep0 a8c37x1j\">\n<div class=\"kvgmc6g5 cxmmr5t8 oygrvhab hcukyx3x c1et5uql\">\n<div class=\"gmail-kvgmc6g5 gmail-cxmmr5t8 gmail-oygrvhab gmail-hcukyx3x gmail-c1et5uql gmail-ii04i59q\">\n<div class=\"page-title-head hgroup\">\n<div class=\"page-title-head hgroup\">\n<div class=\"b654a4as d2edcug0\">\n<div class=\"j83agx80 btwxx1t3 lhclo0ds hop8lmos nkwizq5d scwd0bx6 roh60bw9\">\n<div class=\"rq0escxv hkbzh7o3 jwdofwj8 n8tt0mok r8blr3vg hyh9befq\">\n<div class=\"do00u71z l9j0dhe7 k4urcfbm\">\n<div class=\"page-title-head hgroup\">\n<div class=\"page-title-head hgroup\">\n<div class=\"page-title-head hgroup\">\n<div class=\"page-title-head hgroup\">\n<div class=\"b654a4as d2edcug0\">\n<div class=\"page-title-head hgroup\">\n<div class=\"page-title-head hgroup\">\n<div class=\"page-title-head hgroup\">\n<div class=\"page-title-head hgroup\">\n<div class=\"b654a4as d2edcug0\">\n<div class=\"page-title-head hgroup\">\n<div class=\"page-title-head hgroup\">\n<div class=\"page-title-head hgroup\">\n<div class=\"page-title-head hgroup\">\n<div class=\"page-title-head hgroup\">\n<div class=\"page-title-head hgroup\">\n<div class=\"page-title-head hgroup\">\n<div class=\"page-title-head hgroup\">\n<div class=\"page-title-head hgroup\">\n<div class=\"b654a4as d2edcug0\">\n<div class=\"page-title-head hgroup\">\n<div class=\"page-title-head hgroup\">\n<div class=\"page-title-head hgroup\">\n<div class=\"page-title-head hgroup\">\n<div class=\"b654a4as d2edcug0\">\n<div class=\"page-title-head hgroup\">\n<div class=\"page-title-head hgroup\">\n<div class=\"page-title-head hgroup\">\n<div class=\"page-title-head hgroup\">\n<div class=\"page-title-head hgroup\">\n<div class=\"mkdf-post-text\">\n<div class=\"mkdf-post-text-inner\">\n<div class=\"mkdf-post-text-main\">\n<div class=\"mkdf-post-text\">\n<div class=\"mkdf-post-text-inner\">\n<div class=\"mkdf-post-text-main\">\n<div class=\"mkdf-post-text\">\n<div class=\"mkdf-post-text-inner\">\n<div class=\"mkdf-post-text-main\">\n<div class=\"page-title-head hgroup\">\n<div class=\"page-title-head hgroup\">\n<div class=\"mkdf-post-text\">\n<div class=\"mkdf-post-text-inner\">\n<div class=\"mkdf-post-text-main\">\n<div class=\"mkdf-post-text\">\n<div class=\"mkdf-post-text-inner\">\n<div class=\"mkdf-post-text-main\">\n<div class=\"page-title-head hgroup\">\n<div class=\"page-title-head hgroup\">\n<div class=\"page-title-head hgroup\">\n<div class=\"page-title-head hgroup\">\n<div class=\"b654a4as d2edcug0\">\n<div class=\"page-title-head hgroup\">\n<div class=\"page-title-head hgroup\">\n<div class=\"page-title-head hgroup\">\n<div class=\"page-title-head hgroup\">\n<div class=\"b654a4as d2edcug0\">\n<div class=\"page-title-head hgroup\">\n<div class=\"page-title-head hgroup\">\n<div class=\"page-title-head hgroup\">\n<div class=\"page-title-head hgroup\">\n<div class=\"b654a4as d2edcug0\">\n<h2><span style=\"color: #800080;\">I RACCONTI DI PAOLO SOPPELSA\u00a0<\/span><\/h2>\n<p><strong>LA RACCOLTA COMPLETA<\/strong><\/p>\n<blockquote class=\"wp-embedded-content\" data-secret=\"xpYkYwdtmo\"><p><a href=\"https:\/\/www.radiopiu.net\/wordpress\/i-racconti-di-paolo-soppelsa\/\">I racconti di Paolo Soppelsa<\/a><\/p><\/blockquote>\n<p><iframe loading=\"lazy\" class=\"wp-embedded-content\" sandbox=\"allow-scripts\" security=\"restricted\" style=\"position: absolute; clip: rect(1px, 1px, 1px, 1px);\" title=\"&#8220;I racconti di Paolo Soppelsa&#8221; &#8212; Radio Pi\u00f9\" src=\"https:\/\/www.radiopiu.net\/wordpress\/i-racconti-di-paolo-soppelsa\/embed\/#?secret=2IHU5L86jH#?secret=xpYkYwdtmo\" data-secret=\"xpYkYwdtmo\" width=\"600\" height=\"338\" frameborder=\"0\" marginwidth=\"0\" marginheight=\"0\" scrolling=\"no\"><\/iframe><\/p>\n<p>&nbsp;<\/p>\n<hr \/>\n<p>&nbsp;<\/p>\n<\/div>\n<\/div>\n<\/div>\n<\/div>\n<\/div>\n<\/div>\n<\/div>\n<\/div>\n<\/div>\n<\/div>\n<\/div>\n<\/div>\n<\/div>\n<\/div>\n<\/div>\n<\/div>\n<\/div>\n<\/div>\n<\/div>\n<\/div>\n<\/div>\n<\/div>\n<\/div>\n<\/div>\n<\/div>\n<\/div>\n<\/div>\n<\/div>\n<\/div>\n<\/div>\n<\/div>\n<\/div>\n<\/div>\n<\/div>\n<\/div>\n<\/div>\n<\/div>\n<\/div>\n<\/div>\n<\/div>\n<\/div>\n<\/div>\n<\/div>\n<\/div>\n<\/div>\n<\/div>\n<\/div>\n<\/div>\n<\/div>\n<\/div>\n<\/div>\n<\/div>\n<\/div>\n<\/div>\n<\/div>\n<\/div>\n<\/div>\n<\/div>\n<\/div>\n<\/div>\n<\/div>\n<\/div>\n<\/div>\n<\/div>\n<\/div>\n<\/div>\n<\/div>\n<\/div>\n<\/div>\n<\/div>\n<\/div>\n<\/div>\n<\/div>\n<\/div>\n<\/div>\n<\/div>\n<\/div>\n<\/div>\n<\/div>\n<\/div>\n<\/div>\n<\/div>\n<\/div>\n<\/div>\n<\/div>\n<\/div>\n<\/div>\n<\/div>\n<\/div>\n<\/div>\n<\/div>\n<\/div>\n<\/div>\n<\/div>\n<\/div>\n<\/div>\n<\/div>\n<\/div>\n<\/div>\n<\/div>\n<\/div>\n<\/div>\n<\/div>\n<\/div>\n<\/div>\n<\/div>\n<\/div>\n<\/div>\n<\/div>\n<\/div>\n<\/div>\n<div class=\"b654a4as d2edcug0\">\n<div class=\"ecm0bbzt e5nlhep0 a8c37x1j\">\n<div class=\"kvgmc6g5 cxmmr5t8 oygrvhab hcukyx3x c1et5uql\">\n<div class=\"gmail-kvgmc6g5 gmail-cxmmr5t8 gmail-oygrvhab gmail-hcukyx3x gmail-c1et5uql gmail-ii04i59q\">\n<div>\n<div class=\"page-title-head hgroup\">\n<div class=\"page-title-head hgroup\">\n<div class=\"b654a4as d2edcug0\">\n<div class=\"j83agx80 btwxx1t3 lhclo0ds hop8lmos nkwizq5d scwd0bx6 roh60bw9\">\n<div class=\"rq0escxv hkbzh7o3 jwdofwj8 n8tt0mok r8blr3vg hyh9befq\">\n<div class=\"do00u71z l9j0dhe7 k4urcfbm\">\n<div>\n<div class=\"page-title-head hgroup\">\n<div class=\"page-title-head hgroup\">\n<div class=\"page-title-head hgroup\">\n<div class=\"page-title-head hgroup\">\n<div class=\"b654a4as d2edcug0\">\n<div class=\"page-title-head hgroup\">\n<div class=\"page-title-head hgroup\">\n<div class=\"page-title-head hgroup\">\n<div class=\"page-title-head hgroup\">\n<div class=\"b654a4as d2edcug0\">\n<div class=\"page-title-head hgroup\">\n<div class=\"page-title-head hgroup\">\n<div class=\"page-title-head hgroup\">\n<div class=\"page-title-head hgroup\">\n<div class=\"page-title-head hgroup\">\n<div class=\"mkdf-post-text\">\n<div class=\"mkdf-post-text-inner\">\n<div class=\"mkdf-post-text-main\">\n<div class=\"mkdf-post-text\">\n<div class=\"mkdf-post-text-inner\">\n<div class=\"mkdf-post-text-main\">\n<div class=\"mkdf-post-text\">\n<div class=\"mkdf-post-text-inner\">\n<div class=\"mkdf-post-text-main\">\n<div class=\"page-title-head hgroup\">\n<div class=\"page-title-head hgroup\">\n<div class=\"mkdf-post-text\">\n<div class=\"mkdf-post-text-inner\">\n<div class=\"mkdf-post-text-main\">\n<div class=\"mkdf-post-text\">\n<div class=\"mkdf-post-text-inner\">\n<div class=\"mkdf-post-text-main\">\n<div>\n<div class=\"page-title-head hgroup\">\n<div class=\"page-title-head hgroup\">\n<div>\n<div class=\"page-title-head hgroup\">\n<div class=\"page-title-head hgroup\">\n<div class=\"b654a4as d2edcug0\">\n<div>\n<div class=\"page-title-head hgroup\" style=\"text-align: left;\">\n<div class=\"page-title-head hgroup\">\n<div dir=\"auto\">\n<p><a class=\"dt-pswp-item pspw-wrap-ready\" href=\"https:\/\/i0.wp.com\/www.radiopiu.net\/wordpress\/wp-content\/uploads\/2018\/09\/WhatsApp-Image-2018-09-20-at-16.04.06.jpeg?ssl=1\" data-dt-img-description=\"\" data-large_image_width=\"800\" data-large_image_height=\"100\"><img loading=\"lazy\" decoding=\"async\" class=\"aligncenter wp-image-61378 size-full jetpack-lazy-image jetpack-lazy-image--handled\" src=\"https:\/\/i0.wp.com\/www.radiopiu.net\/wordpress\/wp-content\/uploads\/2018\/09\/WhatsApp-Image-2018-09-20-at-16.04.06.jpeg?resize=800%2C100&amp;ssl=1\" sizes=\"auto, (max-width: 800px) 100vw, 800px\" srcset=\"https:\/\/i0.wp.com\/www.radiopiu.net\/wordpress\/wp-content\/uploads\/2018\/09\/WhatsApp-Image-2018-09-20-at-16.04.06.jpeg?w=800&amp;ssl=1 800w, https:\/\/i0.wp.com\/www.radiopiu.net\/wordpress\/wp-content\/uploads\/2018\/09\/WhatsApp-Image-2018-09-20-at-16.04.06.jpeg?resize=300%2C38&amp;ssl=1 300w, https:\/\/i0.wp.com\/www.radiopiu.net\/wordpress\/wp-content\/uploads\/2018\/09\/WhatsApp-Image-2018-09-20-at-16.04.06.jpeg?resize=768%2C96&amp;ssl=1 768w\" alt=\"\" width=\"800\" height=\"100\" data-lazy-loaded=\"1\" \/><\/a><\/p>\n<\/div>\n<\/div>\n<\/div>\n<\/div>\n<\/div>\n<\/div>\n<\/div>\n<\/div>\n<\/div>\n<\/div>\n<\/div>\n<\/div>\n<\/div>\n<\/div>\n<\/div>\n<\/div>\n<\/div>\n<\/div>\n<\/div>\n<\/div>\n<\/div>\n<\/div>\n<\/div>\n<\/div>\n<\/div>\n<\/div>\n<\/div>\n<\/div>\n<\/div>\n<\/div>\n<\/div>\n<\/div>\n<\/div>\n<\/div>\n<\/div>\n<\/div>\n<\/div>\n<\/div>\n<\/div>\n<\/div>\n<\/div>\n<\/div>\n<\/div>\n<\/div>\n<\/div>\n<\/div>\n<\/div>\n<\/div>\n<\/div>\n<\/div>\n<\/div>\n<\/div>\n<\/div>\n<\/div>\n<\/div>\n<\/div>\n<\/div>\n<\/div>\n<\/div>\n<\/div>\n<\/div>\n<\/div>\n<\/div>\n<\/div>\n<\/div>\n<\/div>\n<\/div>\n<\/div>\n<\/div>\n<\/div>\n<\/div>\n<\/div>\n<\/div>\n<\/div>\n<\/div>\n<\/div>\n<\/div>\n<\/div>\n<\/div>\n<\/div>\n<\/div>\n<\/div>\n<\/div>\n<\/div>\n<\/div>\n<\/div>\n<\/div>\n<\/div>\n<\/div>\n<\/div>\n<\/div>\n<\/div>\n<\/div>\n<\/div>\n<\/div>\n<\/div>\n<\/div>\n<\/div>\n<\/div>\n<\/div>\n<\/div>\n<\/div>\n<\/div>\n<\/div>\n<\/div>\n<\/div>\n<\/div>\n<\/div>\n<\/div>\n<\/div>\n<\/div>\n<\/div>\n<\/div>\n<\/div>\n<\/div>\n<\/div>\n<\/div>\n<\/div>\n<\/div>\n<\/div>\n<\/div>\n<\/div>\n<\/div>\n<\/div>\n<\/div>\n<\/div>\n<\/div>\n<\/div>\n<\/div>\n<\/div>\n<\/div>\n<\/div>\n<\/div>\n<\/div>\n<\/div>\n<\/div>\n<\/div>\n<\/div>\n<\/div>\n<\/div>\n<\/div>\n<\/div>\n<\/div>\n<\/div>\n<\/div>\n<\/div>\n<\/div>\n<\/div>\n<\/div>\n<\/div>\n<\/div>\n<\/div>\n<\/div>\n<\/div>\n<\/div>\n<\/div>\n<\/div>\n<\/div>\n<\/div>\n<\/div>\n<\/div>\n<\/div>\n<\/div>\n<\/div>\n<\/div>\n<\/div>\n<\/div>\n<\/div>\n<\/div>\n<\/div>\n<\/div>\n<\/div>\n<\/div>\n<\/div>\n<\/div>\n<\/div>\n<\/div>\n<\/div>\n<\/div>\n<\/div>\n<\/div>\n<\/div>\n<\/div>\n<\/div>\n<\/div>\n<\/div>\n<\/div>\n<\/div>\n<\/div>\n<\/div>\n<\/div>\n<\/div>\n<\/div>\n<\/div>\n<\/div>\n<\/div>\n<\/div>\n<\/div>\n<\/div>\n<\/div>\n<\/div>\n<\/div>\n<\/div>\n<\/div>\n<\/div>\n<\/div>\n<\/div>\n<\/div>\n<\/div>\n<\/div>\n<\/div>\n<\/div>\n<\/div>\n<\/div>\n<\/div>\n<\/div>\n<\/div>\n<\/div>\n<\/div>\n<\/div>\n<\/div>\n<\/div>\n<\/div>\n<\/div>\n<\/div>\n<\/div>\n<\/div>\n<\/div>\n<\/div>\n<\/div>\n<p>&nbsp;<\/p>\n<p><center><b>Lunedi 6<\/b><\/center><b>Tempo atteso: <\/b>Al mattino sereno o poco nuvoloso, nel pomeriggio poco o parzialmente nuvoloso sia per nubi alte che per sviluppo di nuvolosit\u00e0 cumuliforme con possibili isolati rovesci o temporali su Dolomiti verso sera. Contesto termico sempre estivo ma meno caldo rispetto a domenica.<br \/>\n<b>Precipitazioni: <\/b>Fino al pomeriggio generalmente assenti (0-10%), in seguito probabilit\u00e0 in aumento di rovesci o temporali isolati specie in serata e su Dolomiti (40-60 %).<br \/>\n<b>Temperature: <\/b>In generale lieve calo. Su Prealpi a 1500 m: min 15 max 17, a 2000 m: min 10 max 11 Su Dolomiti a 2000 m: min 9 max 14, a 3000 m: min 4 max 6<br \/>\n<b>Venti: <\/b>Nelle valli perlopi\u00f9 deboli per brezze, localmente e a tratti moderati, in quota deboli\/moderati occidentali, a 5-10 km\/h a 2000 m, 10-25 km\/h a 3000 m<\/p>\n<hr \/>\n<p><center><b>Martedi 7<\/b><\/center><b>Tempo atteso: <\/b>Tempo instabile con nuvolosit\u00e0 irregolare diffusa per gran parte della giornata, dalla sera tendenza a schiarite a partire dalle Dolomiti.<br \/>\n<b>Precipitazioni: <\/b>Probabili rovesci sparsi (60-80%) e isolati temporali su Prealpi possibili gi\u00e0 al mattino e fino al tardo pomeriggio. In serata esaurimento dei fenomeni a partire dalle Dolomiti.<br \/>\n<b>Temperature: <\/b>In ulteriore calo, anche marcato, specie le massime. Su Prealpi a 1500 m: min 12 max 14, a 2000 m: min 9 max 10 Dolomiti &#8211; a 2000 m: min 6 max 10, a 3000 m: min 2 max 4<br \/>\n<b>Venti: <\/b>In quota deboli o moderati da sudovest in rotazione e rinforzo da Nord in serata. a 10-20 km\/h a 2000 m, 15-40 km\/h a 3000 m<\/p>\n<hr \/>\n<p><center><b>Mercoledi 8<\/b><\/center>Tempo pi\u00f9 stabile ma con possibile nuvolosit\u00e0 variabile specie fino al primo mattino e poi nel pomeriggio\/sera per transito di nubi alte. Dalla sera aumento della nuvolosit\u00e0 con qualche rovescio possibile su Dolomiti. Temperature massime in generale aumento. Venti in quota deboli\/moderati settentrionali fino al primo mattino poi occidentali.<\/p>\n<hr \/>\n<p><center><b>Giovedi 9<\/b><\/center>Nella notte possibile qualche residuo rovescio, in giornata soleggiato con cielo sereno o poco nuvoloso per transito di nubi alte e precipitazioni assenti. Temperature stazionarie. Venti in quota moderati settentrionali. Previsore: DDL<\/p>\n<div style=\"text-align: left;\">\n<p>&nbsp;<\/p>\n<\/div>\n<hr \/>\n<p>&nbsp;<\/p>\n<p>&nbsp;<\/p>\n<p><a href=\"https:\/\/www.radiopiu.net\/wordpress\/giornale-radiopiu-26-settembre-2018-direttore-mirko-mezzacasa\/viabilita-2\/\" rel=\"attachment wp-att-61954\"><img loading=\"lazy\" decoding=\"async\" class=\"aligncenter wp-image-61954 size-full\" src=\"https:\/\/www.radiopiu.net\/wordpress\/wp-content\/uploads\/2018\/09\/viabilita.jpeg\" sizes=\"auto, (max-width: 800px) 100vw, 800px\" srcset=\"https:\/\/www.radiopiu.net\/wordpress\/wp-content\/uploads\/2018\/09\/viabilita.jpeg 800w, https:\/\/www.radiopiu.net\/wordpress\/wp-content\/uploads\/2018\/09\/viabilita-300x38.jpeg 300w, https:\/\/www.radiopiu.net\/wordpress\/wp-content\/uploads\/2018\/09\/viabilita-768x96.jpeg 768w\" alt=\"\" width=\"800\" height=\"100\" \/><\/a><\/p>\n<p>&nbsp;<\/p>\n<blockquote class=\"wp-embedded-content\" data-secret=\"QzouJR8YKa\"><p><a href=\"https:\/\/www.radiopiu.net\/wordpress\/viabilita\/\">viabilita<\/a><\/p><\/blockquote>\n<p><iframe loading=\"lazy\" class=\"wp-embedded-content\" sandbox=\"allow-scripts\" security=\"restricted\" style=\"position: absolute; clip: rect(1px, 1px, 1px, 1px);\" title=\"&#8220;viabilita&#8221; &#8212; Radio Pi\u00f9\" src=\"https:\/\/www.radiopiu.net\/wordpress\/viabilita\/embed\/#?secret=uNiwdtNPEh#?secret=QzouJR8YKa\" data-secret=\"QzouJR8YKa\" width=\"600\" height=\"338\" frameborder=\"0\" marginwidth=\"0\" marginheight=\"0\" scrolling=\"no\"><\/iframe><\/p>\n<p>&nbsp;<\/p>\n<hr \/>\n<p>&nbsp;<\/p>\n<p>&nbsp;<\/p>\n<p><img loading=\"lazy\" decoding=\"async\" class=\"wp-image-60761 size-full aligncenter\" src=\"https:\/\/www.radiopiu.net\/wordpress\/wp-content\/uploads\/2018\/09\/sport.jpg\" alt=\"\" width=\"800\" height=\"100\" srcset=\"https:\/\/www.radiopiu.net\/wordpress\/wp-content\/uploads\/2018\/09\/sport.jpg 800w, https:\/\/www.radiopiu.net\/wordpress\/wp-content\/uploads\/2018\/09\/sport-300x38.jpg 300w, https:\/\/www.radiopiu.net\/wordpress\/wp-content\/uploads\/2018\/09\/sport-768x96.jpg 768w\" sizes=\"auto, (max-width: 800px) 100vw, 800px\" \/><\/p>\n<p>&nbsp;<\/p>\n<p><span style=\"color: #0000ff;\"><strong>CALCIO<\/strong><\/span><\/p>\n<blockquote>\n<h3>STEFANO SOMMACAL E&#8217; IL NUOVO ALLENATORE DEL FIORI BARP<\/h3>\n<\/blockquote>\n<p><strong><a class=\"dt-pswp-item\" href=\"https:\/\/www.radiopiu.net\/wordpress\/wp-content\/uploads\/2022\/06\/1fda7683-311d-4db0-87f6-74b21b6e0ff9.jpg\" data-dt-img-description=\"\" data-large_image_width=\"221\" data-large_image_height=\"124\"><img loading=\"lazy\" decoding=\"async\" class=\"size-thumbnail wp-image-279709 alignleft\" src=\"https:\/\/www.radiopiu.net\/wordpress\/wp-content\/uploads\/2022\/06\/1fda7683-311d-4db0-87f6-74b21b6e0ff9-150x124.jpg\" alt=\"\" width=\"150\" height=\"124\" \/><\/a>SEDICO<\/strong><\/p>\n<p>di Roberto Bona<\/p>\n<audio class=\"wp-audio-shortcode\" id=\"audio-279572-8\" preload=\"none\" style=\"width: 100%;\" controls=\"controls\"><source type=\"audio\/mpeg\" src=\"https:\/\/www.radiopiu.net\/wordpress\/wp-content\/uploads\/2022\/06\/BONA-FIORI-BARP.mp3?_=8\" \/><a href=\"https:\/\/www.radiopiu.net\/wordpress\/wp-content\/uploads\/2022\/06\/BONA-FIORI-BARP.mp3\">https:\/\/www.radiopiu.net\/wordpress\/wp-content\/uploads\/2022\/06\/BONA-FIORI-BARP.mp3<\/a><\/audio>\n<p>&nbsp;<\/p>\n<blockquote>\n<h3>ANCHE IL FODOM E&#8217; PRONTO PER IL CALCIO D&#8217;INIZIO DEL CAMPIONATO AGORDINO<\/h3>\n<\/blockquote>\n<p><strong><a class=\"dt-pswp-item\" href=\"https:\/\/www.radiopiu.net\/wordpress\/wp-content\/uploads\/2022\/04\/FODOM.png\" data-dt-img-description=\"\" data-large_image_width=\"1406\" data-large_image_height=\"1500\"><img loading=\"lazy\" decoding=\"async\" class=\"alignleft wp-image-272189 \" src=\"https:\/\/www.radiopiu.net\/wordpress\/wp-content\/uploads\/2022\/04\/FODOM-281x300.png\" alt=\"\" width=\"122\" height=\"131\" srcset=\"https:\/\/www.radiopiu.net\/wordpress\/wp-content\/uploads\/2022\/04\/FODOM-281x300.png 281w, https:\/\/www.radiopiu.net\/wordpress\/wp-content\/uploads\/2022\/04\/FODOM-960x1024.png 960w, https:\/\/www.radiopiu.net\/wordpress\/wp-content\/uploads\/2022\/04\/FODOM-768x819.png 768w, https:\/\/www.radiopiu.net\/wordpress\/wp-content\/uploads\/2022\/04\/FODOM.png 1406w\" sizes=\"auto, (max-width: 122px) 100vw, 122px\" \/><\/a>REDAZIONE<\/strong> Mancano pochi giorni al calcio d&#8217;inizio del 47\u00b0 Campionato Agordino di Calcio. Le squadre si preparano per dare vita al campionato della ripartenza e sabato prossimo ad inaugurare il Memorial Denis Tonin saranno Voltago e Le Ville che sul campo di Voltago si sfideranno alle 18:30. Il girone B inizier\u00e0 la settimana successiva ma \u00e8 in programma un anticipo che domenica pomeriggio vede di fronte Canale e Fodom. Gli orsetti si stanno allenando da tempo e sono pronti a scendere in campo.<\/p>\n<p><strong>RICCARDO PEZZEI, PRESIDENTE DEL FODOM<\/strong><\/p>\n<audio class=\"wp-audio-shortcode\" id=\"audio-279572-9\" preload=\"none\" style=\"width: 100%;\" controls=\"controls\"><source type=\"audio\/mpeg\" src=\"https:\/\/www.radiopiu.net\/wordpress\/wp-content\/uploads\/2022\/06\/FODOM-RICCARDO-PEZZEI.mp3?_=9\" \/><a href=\"https:\/\/www.radiopiu.net\/wordpress\/wp-content\/uploads\/2022\/06\/FODOM-RICCARDO-PEZZEI.mp3\">https:\/\/www.radiopiu.net\/wordpress\/wp-content\/uploads\/2022\/06\/FODOM-RICCARDO-PEZZEI.mp3<\/a><\/audio>\n<p>&nbsp;<\/p>\n<hr \/>\n<p>&nbsp;<\/p>\n<p><span style=\"color: #0000ff;\"><strong>MOTORI<\/strong><\/span><\/p>\n<blockquote>\n<h3>DENIS MEZZACASA FA DOPPIETTA AL RED BULL RING<\/h3>\n<\/blockquote>\n<p><strong><a class=\"dt-pswp-item\" href=\"https:\/\/www.radiopiu.net\/wordpress\/wp-content\/uploads\/2022\/06\/3a5e884b-3eeb-4ab0-8f39-3d0c100eb5e6.jpg\" data-dt-img-description=\"\" data-large_image_width=\"1193\" data-large_image_height=\"1600\"><img loading=\"lazy\" decoding=\"async\" class=\"size-thumbnail wp-image-279788 alignleft\" src=\"https:\/\/www.radiopiu.net\/wordpress\/wp-content\/uploads\/2022\/06\/3a5e884b-3eeb-4ab0-8f39-3d0c100eb5e6-150x150.jpg\" alt=\"\" width=\"150\" height=\"150\" \/><\/a>SPIELBERG (AUSTRIA)<\/strong><\/p>\n<p>di Roberto Bona<\/p>\n<audio class=\"wp-audio-shortcode\" id=\"audio-279572-10\" preload=\"none\" style=\"width: 100%;\" controls=\"controls\"><source type=\"audio\/mpeg\" src=\"https:\/\/www.radiopiu.net\/wordpress\/wp-content\/uploads\/2022\/06\/BONA-DENIS.mp3?_=10\" \/><a href=\"https:\/\/www.radiopiu.net\/wordpress\/wp-content\/uploads\/2022\/06\/BONA-DENIS.mp3\">https:\/\/www.radiopiu.net\/wordpress\/wp-content\/uploads\/2022\/06\/BONA-DENIS.mp3<\/a><\/audio>\n<p>&nbsp;<\/p>\n<p>&nbsp;<\/p>\n<blockquote>\n<h3>UNA DOMENICA DA DIMENTICARE PER ANDREA FONTANA A MISANO<\/h3>\n<\/blockquote>\n<p><strong><a class=\"dt-pswp-item\" href=\"https:\/\/www.radiopiu.net\/wordpress\/wp-content\/uploads\/2022\/06\/ANDREA-FONTANA-2022.jpg\" data-dt-img-description=\"\" data-large_image_width=\"1920\" data-large_image_height=\"1280\"><img loading=\"lazy\" decoding=\"async\" class=\"size-thumbnail wp-image-279762 alignleft\" src=\"https:\/\/www.radiopiu.net\/wordpress\/wp-content\/uploads\/2022\/06\/ANDREA-FONTANA-2022-150x150.jpg\" alt=\"\" width=\"150\" height=\"150\" \/><\/a>MISANO<\/strong> Dopo la quinta posizione in gara 1 di sabato sera, Andrea Fontana non riesce a conquistare il podio in gara 2. Il pilota bellunese che quest&#8217;anno partecipa al Porsche Carrera Cup aveva iniziato bene la seconda gara di Misano. Partito dalla seconda posizione in griglia, Fontana ha bruciato il suo diretto avversario alla partenza conquistando la prima posizione. Una gara che sembrava essere nelle mani del pontalpino che dopo 10&#8242; di gara ha dovuto fare i conti con un testa coda che gli \u00e8 costato 15 posizioni. Andrea non si \u00e8 dato per vinto ed ha spinto per il resto della competizione riuscendo a guadagnare giro dopo giro cinque posizioni. Un decimo posto amaro per Fontana che aveva tutte le carte in regola per fare bene nella trasferta in Romagna. 28 punti in classifica per il pilota di Ponte Nelle Alpi e ora la testa al prossimo appuntamento in programma il 17 luglio quando il Porsche Carrera Cup far\u00e0 tappa al Mugello.<\/p>\n<p>&nbsp;<\/p>\n<p>&nbsp;<\/p>\n<blockquote>\n<h3>E&#8217; MORTO AUGUSTO PARTUINI, UFFICIALE DI GARA CONOSCIUTO IN PROVINCIA<\/h3>\n<\/blockquote>\n<p><strong><a class=\"dt-pswp-item\" href=\"https:\/\/www.radiopiu.net\/wordpress\/wp-content\/uploads\/2022\/06\/65d536ac-26ad-4b94-9741-ffcb8a2d02de.jpg\" data-dt-img-description=\"\" data-large_image_width=\"1600\" data-large_image_height=\"1600\"><img loading=\"lazy\" decoding=\"async\" class=\"wp-image-279767 alignleft\" src=\"https:\/\/www.radiopiu.net\/wordpress\/wp-content\/uploads\/2022\/06\/65d536ac-26ad-4b94-9741-ffcb8a2d02de-300x300.jpg\" alt=\"\" width=\"175\" height=\"175\" srcset=\"https:\/\/www.radiopiu.net\/wordpress\/wp-content\/uploads\/2022\/06\/65d536ac-26ad-4b94-9741-ffcb8a2d02de-300x300.jpg 300w, https:\/\/www.radiopiu.net\/wordpress\/wp-content\/uploads\/2022\/06\/65d536ac-26ad-4b94-9741-ffcb8a2d02de-1024x1024.jpg 1024w, https:\/\/www.radiopiu.net\/wordpress\/wp-content\/uploads\/2022\/06\/65d536ac-26ad-4b94-9741-ffcb8a2d02de-150x150.jpg 150w, https:\/\/www.radiopiu.net\/wordpress\/wp-content\/uploads\/2022\/06\/65d536ac-26ad-4b94-9741-ffcb8a2d02de-768x768.jpg 768w, https:\/\/www.radiopiu.net\/wordpress\/wp-content\/uploads\/2022\/06\/65d536ac-26ad-4b94-9741-ffcb8a2d02de-1536x1536.jpg 1536w, https:\/\/www.radiopiu.net\/wordpress\/wp-content\/uploads\/2022\/06\/65d536ac-26ad-4b94-9741-ffcb8a2d02de.jpg 1600w\" sizes=\"auto, (max-width: 175px) 100vw, 175px\" \/><\/a><\/strong>di Roberto Bona<\/p>\n<p><em>NELLA FOTO: Augusto Partuini (primo da sinistra) con il Direttore di gara Gianluca Marotta e Achille &#8220;Brik&#8221; Selvestrel, premia Paolo Scarton con il memorial &#8220;Giovanni Festuccia 2021&#8221; in occasione dell&#8217;Alpe del Nevegal 2021<\/em><\/p>\n<audio class=\"wp-audio-shortcode\" id=\"audio-279572-11\" preload=\"none\" style=\"width: 100%;\" controls=\"controls\"><source type=\"audio\/mpeg\" src=\"https:\/\/www.radiopiu.net\/wordpress\/wp-content\/uploads\/2022\/06\/BONA-AUGUSTO-PARTUINI.mp3?_=11\" \/><a href=\"https:\/\/www.radiopiu.net\/wordpress\/wp-content\/uploads\/2022\/06\/BONA-AUGUSTO-PARTUINI.mp3\">https:\/\/www.radiopiu.net\/wordpress\/wp-content\/uploads\/2022\/06\/BONA-AUGUSTO-PARTUINI.mp3<\/a><\/audio>\n<p>&nbsp;<\/p>\n<hr \/>\n<p>&nbsp;<\/p>\n<p><span style=\"color: #0000ff;\"><strong>CORSA IN MONTAGNA<\/strong><\/span><\/p>\n<blockquote>\n<h3>BARATTIN &#8211; BONATI LA COPPIA PIU&#8217; VELOCE &#8211; SU 140 &#8211; ALLA 4 PAS IN DOI<\/h3>\n<\/blockquote>\n<p><strong>AGORDO<\/strong> Sono stati Gianpietro Barattin e Enrico Bonati, coppia alpagota (di nascita il primo, di adozione il secondo) di skyrunner, i dominatori dell&#8217;edizione 2022 della &#8220;4 pas in doi&#8221;, gara di corsa in montagna a coppie. Netta la vittoria nella gara maschile sui 15 km, con Barattin e Bonati che hanno staccato di quasi sei minuti i secondi classificati, Alessandro Debertolis e Gabriele Tomas; medaglia di bronzo per Fiorello Pianon e Daniel De Battista. Affermazione decisa anche in campo femminile, dove la 15 km femminile \u00e8 stata dominata dalle friulane del Team Aldo Moro Paluzza, Paola Romanin e Anna Finizio; alla squadra friulana anche il secondo posto con Alice Cescutti e Jaska Martin, mentre in terza posizione si piazzano le bellunesi Sara Cavalet e Silvia De Col.\u00a0 Nella gara mista, affermazione della padrona di casa Manuela Bulf con Simone Manfroi, davanti alla coppia Sara Cavallet &#8211; Mirko Signorotto e Anna Dal Farra \u2013 Luca Dal Pont. 140 le coppie che hanno affrontato la gara pi\u00f9 lunga.<\/p>\n<p><strong>PER CONSULTARE LE CLASSIFICHE <a href=\"https:\/\/sportdolomiti.it\/classifiche-4pasindoi\">CLICCA QUI<\/a><\/strong><\/p>\n<p>&nbsp;<\/p>\n\n\t\t\t<style type='text\/css'>\n\t\t\t\t#gallery-9 {\n\t\t\t\t\tmargin: auto;\n\t\t\t\t}\n\t\t\t\t#gallery-9 .gallery-item {\n\t\t\t\t\tfloat: left;\n\t\t\t\t\tmargin-top: 10px;\n\t\t\t\t\ttext-align: center;\n\t\t\t\t\twidth: 33%;\n\t\t\t\t}\n\t\t\t\t#gallery-9 img {\n\t\t\t\t\tborder: 2px solid #cfcfcf;\n\t\t\t\t}\n\t\t\t\t#gallery-9 .gallery-caption {\n\t\t\t\t\tmargin-left: 0;\n\t\t\t\t}\n\t\t\t\t\/* see gallery_shortcode() in wp-includes\/media.php *\/\n\t\t\t<\/style>\n\t\t<div id='gallery-9' class='dt-gallery-container gallery galleryid-279572 gallery-columns-3 gallery-size-thumbnail'><dl class='gallery-item'>\n\t\t\t\t<dt class='gallery-icon landscape'>\n\t\t\t\t\t<a class=\"rollover rollover-zoom dt-pswp-item\" title=\"podio maschile\" data-dt-img-description=\"\" data-large_image_width=\"2560\" data-large_image_height=\"1707\"href='https:\/\/www.radiopiu.net\/wordpress\/wp-content\/uploads\/2022\/06\/podio-maschile-scaled.jpg'><img loading=\"lazy\" decoding=\"async\" width=\"150\" height=\"150\" src=\"https:\/\/www.radiopiu.net\/wordpress\/wp-content\/uploads\/2022\/06\/podio-maschile-150x150.jpg\" class=\"attachment-thumbnail size-thumbnail\" alt=\"\" aria-describedby=\"gallery-9-279798\" \/><\/a>\n\t\t\t\t<\/dt>\n\t\t\t\t\t<dd class='wp-caption-text gallery-caption' id='gallery-9-279798'>\n\t\t\t\t\tPODIO MASCHILE\n\t\t\t\t\t<\/dd><\/dl><dl class='gallery-item'>\n\t\t\t\t<dt class='gallery-icon landscape'>\n\t\t\t\t\t<a class=\"rollover rollover-zoom dt-pswp-item\" title=\"podio femminile\" data-dt-img-description=\"\" data-large_image_width=\"2560\" data-large_image_height=\"1707\"href='https:\/\/www.radiopiu.net\/wordpress\/wp-content\/uploads\/2022\/06\/podio-femminile-scaled.jpg'><img loading=\"lazy\" decoding=\"async\" width=\"150\" height=\"150\" src=\"https:\/\/www.radiopiu.net\/wordpress\/wp-content\/uploads\/2022\/06\/podio-femminile-150x150.jpg\" class=\"attachment-thumbnail size-thumbnail\" alt=\"\" aria-describedby=\"gallery-9-279797\" \/><\/a>\n\t\t\t\t<\/dt>\n\t\t\t\t\t<dd class='wp-caption-text gallery-caption' id='gallery-9-279797'>\n\t\t\t\t\tPODIO FEMMINILE\n\t\t\t\t\t<\/dd><\/dl><dl class='gallery-item'>\n\t\t\t\t<dt class='gallery-icon landscape'>\n\t\t\t\t\t<a class=\"rollover rollover-zoom dt-pswp-item\" title=\"podio coppie miste\" data-dt-img-description=\"\" data-large_image_width=\"2560\" data-large_image_height=\"1707\"href='https:\/\/www.radiopiu.net\/wordpress\/wp-content\/uploads\/2022\/06\/podio-coppie-miste-scaled.jpg'><img loading=\"lazy\" decoding=\"async\" width=\"150\" height=\"150\" src=\"https:\/\/www.radiopiu.net\/wordpress\/wp-content\/uploads\/2022\/06\/podio-coppie-miste-150x150.jpg\" class=\"attachment-thumbnail size-thumbnail\" alt=\"\" aria-describedby=\"gallery-9-279796\" \/><\/a>\n\t\t\t\t<\/dt>\n\t\t\t\t\t<dd class='wp-caption-text gallery-caption' id='gallery-9-279796'>\n\t\t\t\t\tPODIO SQUADRE MISTE\n\t\t\t\t\t<\/dd><\/dl><br style=\"clear: both\" \/><dl class='gallery-item'>\n\t\t\t\t<dt class='gallery-icon portrait'>\n\t\t\t\t\t<a class=\"rollover rollover-zoom dt-pswp-item\" title=\"prima coppia femminile al passaggio in quota\" data-dt-img-description=\"\" data-large_image_width=\"1707\" data-large_image_height=\"2560\"href='https:\/\/www.radiopiu.net\/wordpress\/wp-content\/uploads\/2022\/06\/prima-coppia-femminile-al-passaggio-in-quota-scaled.jpg'><img loading=\"lazy\" decoding=\"async\" width=\"150\" height=\"150\" src=\"https:\/\/www.radiopiu.net\/wordpress\/wp-content\/uploads\/2022\/06\/prima-coppia-femminile-al-passaggio-in-quota-150x150.jpg\" class=\"attachment-thumbnail size-thumbnail\" alt=\"\" \/><\/a>\n\t\t\t\t<\/dt><\/dl><dl class='gallery-item'>\n\t\t\t\t<dt class='gallery-icon portrait'>\n\t\t\t\t\t<a class=\"rollover rollover-zoom dt-pswp-item\" title=\"prima coppia mista al passaggio in quota\" data-dt-img-description=\"\" data-large_image_width=\"1707\" data-large_image_height=\"2560\"href='https:\/\/www.radiopiu.net\/wordpress\/wp-content\/uploads\/2022\/06\/prima-coppia-mista-al-passaggio-in-quota-scaled.jpg'><img loading=\"lazy\" decoding=\"async\" width=\"150\" height=\"150\" src=\"https:\/\/www.radiopiu.net\/wordpress\/wp-content\/uploads\/2022\/06\/prima-coppia-mista-al-passaggio-in-quota-150x150.jpg\" class=\"attachment-thumbnail size-thumbnail\" alt=\"\" \/><\/a>\n\t\t\t\t<\/dt><\/dl><dl class='gallery-item'>\n\t\t\t\t<dt class='gallery-icon portrait'>\n\t\t\t\t\t<a class=\"rollover rollover-zoom dt-pswp-item\" title=\"primi assoluti\" data-dt-img-description=\"\" data-large_image_width=\"1707\" data-large_image_height=\"2560\"href='https:\/\/www.radiopiu.net\/wordpress\/wp-content\/uploads\/2022\/06\/primi-assoluti-scaled.jpg'><img loading=\"lazy\" decoding=\"async\" width=\"150\" height=\"150\" src=\"https:\/\/www.radiopiu.net\/wordpress\/wp-content\/uploads\/2022\/06\/primi-assoluti-150x150.jpg\" class=\"attachment-thumbnail size-thumbnail\" alt=\"\" \/><\/a>\n\t\t\t\t<\/dt><\/dl><br style=\"clear: both\" \/>\n\t\t\t<\/div>\n\n<p>&nbsp;<\/p>\n<\/div>\n<\/div>\n<\/div>\n<\/div>\n<\/div>\n<\/div>\n<\/div>\n<\/div>\n<\/div>\n<\/div>\n<\/div>\n<\/div>\n<\/div>\n<\/div>\n<\/div>\n<\/div>\n<\/div>\n<\/div>\n<\/div>\n<\/div>\n<\/div>\n<\/div>\n<\/div>\n<\/div>\n<\/div>\n<\/div>\n<\/div>\n<\/div>\n<\/div>\n<\/div>\n<\/div>\n<\/div>\n<\/div>\n<\/div>\n<\/div>\n<\/div>\n<\/div>\n<\/div>\n<\/div>\n<\/div>\n<\/div>\n<\/div>\n<\/div>\n<\/div>\n<\/div>\n<\/div>\n<\/div>\n<\/div>\n<\/div>\n<\/div>\n<\/div>\n<\/div>\n<\/div>\n<\/div>\n<\/div>\n<\/div>\n<\/div>\n<\/div>\n<\/div>\n<\/div>\n<\/div>\n<\/div>\n<\/div>\n<\/div>\n<\/div>\n<\/div>\n<\/div>\n<\/div>\n<\/div>\n<\/div>\n<\/div>\n<\/div>\n<\/div>\n<\/div>\n<\/div>\n<\/div>\n<\/div>\n<\/div>\n<\/div>\n<\/div>\n<\/div>\n<\/div>\n<\/div>\n<\/div>\n<\/div>\n<\/div>\n<\/div>\n<\/div>\n<\/div>\n<\/div>\n<\/div>\n<\/div>\n<\/div>\n<\/div>\n<\/div>\n<\/div>\n<\/div>\n<\/div>\n<\/div>\n<\/div>\n<\/div>\n<\/div>\n<\/div>\n<\/div>\n<\/div>\n<\/div>\n<\/div>\n<\/div>\n<\/div>\n<\/div>\n<\/div>\n","protected":false},"excerpt":{"rendered":"<p>RADIO PIU INFORMAZIONE il canale su TELEGRAM informazione di prima\u00a0 mano e in tempo reale. iscriviti ed aiutaci a farlo conoscere\u00a0\u00a0 &nbsp; &nbsp; ACQUA POTABILE A COLLAZ DI LIVINALLONGO NON A CENCENIGHE INQUINATA DAL 1 GIUGNO LIVINALLONGO Gestione Servizi Pubblici informa che a LIVINALLONGO DEL COL DI LANA in localit\u00e0 COLLAZ l&#8217;acqua erogata dall&#8217;acquedotto \u00e8&hellip;<\/p>\n","protected":false},"author":4,"featured_media":279931,"comment_status":"closed","ping_status":"closed","sticky":false,"template":"","format":"standard","meta":{"_monsterinsights_skip_tracking":false,"_monsterinsights_sitenote_active":false,"_monsterinsights_sitenote_note":"","_monsterinsights_sitenote_category":0,"footnotes":""},"categories":[51,86,49],"tags":[],"class_list":["post-279572","post","type-post","status-publish","format-standard","has-post-thumbnail","hentry","category-evidenza-top","category-gr","category-news-18","category-51","category-86","category-49","description-off"],"img_url":"https:\/\/www.radiopiu.net\/wordpress\/wp-content\/uploads\/2022\/06\/286447901_10222484256829301_1519576877509366008_n.jpg","_links":{"self":[{"href":"https:\/\/www.radiopiu.net\/wordpress\/wp-json\/wp\/v2\/posts\/279572","targetHints":{"allow":["GET"]}}],"collection":[{"href":"https:\/\/www.radiopiu.net\/wordpress\/wp-json\/wp\/v2\/posts"}],"about":[{"href":"https:\/\/www.radiopiu.net\/wordpress\/wp-json\/wp\/v2\/types\/post"}],"author":[{"embeddable":true,"href":"https:\/\/www.radiopiu.net\/wordpress\/wp-json\/wp\/v2\/users\/4"}],"replies":[{"embeddable":true,"href":"https:\/\/www.radiopiu.net\/wordpress\/wp-json\/wp\/v2\/comments?post=279572"}],"version-history":[{"count":0,"href":"https:\/\/www.radiopiu.net\/wordpress\/wp-json\/wp\/v2\/posts\/279572\/revisions"}],"wp:featuredmedia":[{"embeddable":true,"href":"https:\/\/www.radiopiu.net\/wordpress\/wp-json\/wp\/v2\/media\/279931"}],"wp:attachment":[{"href":"https:\/\/www.radiopiu.net\/wordpress\/wp-json\/wp\/v2\/media?parent=279572"}],"wp:term":[{"taxonomy":"category","embeddable":true,"href":"https:\/\/www.radiopiu.net\/wordpress\/wp-json\/wp\/v2\/categories?post=279572"},{"taxonomy":"post_tag","embeddable":true,"href":"https:\/\/www.radiopiu.net\/wordpress\/wp-json\/wp\/v2\/tags?post=279572"}],"curies":[{"name":"wp","href":"https:\/\/api.w.org\/{rel}","templated":true}]}}