{"id":279606,"date":"2022-06-04T06:34:25","date_gmt":"2022-06-04T04:34:25","guid":{"rendered":"https:\/\/www.radiopiu.net\/wordpress\/?p=279606"},"modified":"2022-06-06T05:47:37","modified_gmt":"2022-06-06T03:47:37","slug":"gsp-da-5-giorni-acqua-inquinata-a-collaz-da-4-a-cencenighe-da-11-problemi-a-tisoi","status":"publish","type":"post","link":"https:\/\/www.radiopiu.net\/wordpress\/gsp-da-5-giorni-acqua-inquinata-a-collaz-da-4-a-cencenighe-da-11-problemi-a-tisoi\/","title":{"rendered":"GSP: DA 7 GIORNI ACQUA INQUINATA A COLLAZ, DA 6 A CENCENIGHE, DA 11 PROBLEMI A TISOI"},"content":{"rendered":"<blockquote>\n<h3>ACQUA NON POTABILE A COLLAZ DI LIVINALLONGO E A CENCENIGHE, A TISOI DA 11 GIORNI ACQUA A SINGHIOZZO<\/h3>\n<\/blockquote>\n<p><strong><a class=\"dt-pswp-item\" href=\"https:\/\/www.radiopiu.net\/wordpress\/wp-content\/uploads\/2018\/08\/ACQUA.jpeg\" data-dt-img-description=\"\" data-large_image_width=\"1280\" data-large_image_height=\"768\"><img loading=\"lazy\" decoding=\"async\" class=\"alignleft wp-image-57052 \" src=\"https:\/\/www.radiopiu.net\/wordpress\/wp-content\/uploads\/2018\/08\/ACQUA-300x180.jpeg\" alt=\"\" width=\"160\" height=\"96\" srcset=\"https:\/\/www.radiopiu.net\/wordpress\/wp-content\/uploads\/2018\/08\/ACQUA-300x180.jpeg 300w, https:\/\/www.radiopiu.net\/wordpress\/wp-content\/uploads\/2018\/08\/ACQUA-768x461.jpeg 768w, https:\/\/www.radiopiu.net\/wordpress\/wp-content\/uploads\/2018\/08\/ACQUA-1024x614.jpeg 1024w, https:\/\/www.radiopiu.net\/wordpress\/wp-content\/uploads\/2018\/08\/ACQUA.jpeg 1280w\" sizes=\"auto, (max-width: 160px) 100vw, 160px\" \/><\/a>LIVINALLONGO<\/strong> Gestione Servizi Pubblici informa che a LIVINALLONGO DEL COL DI LANA in localit\u00e0 COLLAZ l&#8217;acqua erogata dall&#8217;acquedotto non \u00e8 potabile e pu\u00f2 essere usata per scopi alimentari SOLO PREVIA bollitura. GSP ha, comunque, gi\u00e0 adottato le necessarie misure per la disinfezione dell&#8217;acqua presente nei serbatoi e nella rete idrica con l&#8217;aggiunta di cloro.<\/p>\n<p><strong>CENCENIGHE<\/strong> Gestione Servizi Pubblici informa che a CENCENIGHE AGORDINO in localit\u00e0 FOCH l&#8217;acqua erogata dall&#8217;acquedotto non \u00e8 potabile e non pu\u00f2 essere usata per scopi alimentari. GSP ha, comunque, gi\u00e0 adottato le necessarie misure per la disinfezione dell&#8217;acqua presente nei serbatoi e nella rete idrica con l&#8217;aggiunta di cloro. Verr\u00e0 effettuato il servizio sostitutivo con autobotte presso il parcheggio pubblico di Via Foch.<\/p>\n<p><strong>BELLUNO<\/strong> Disagi da 11 giorni per 8 famiglia\u00a0 a Tisoi. La causa \u00e8 una perdita dell&#8217;acquedotto. C&#8217;\u00e8 voluta una settimana solo per riempire i vasconi di captazione a servizio di 5 abitazioni. Ma gioved\u00ec il disagio si \u00e8 ripresentato. Impossibile avviare una lavatrice o fare una doccia. Ieri sera l&#8217;acqua \u00e8 tornata, ma fino a quando?<\/p>\n<p>&nbsp;<\/p>\n<hr \/>\n<p>&nbsp;<\/p>\n","protected":false},"excerpt":{"rendered":"<p>ACQUA NON POTABILE A COLLAZ DI LIVINALLONGO E A CENCENIGHE, A TISOI DA 11 GIORNI ACQUA A SINGHIOZZO LIVINALLONGO Gestione Servizi Pubblici informa che a LIVINALLONGO DEL COL DI LANA in localit\u00e0 COLLAZ l&#8217;acqua erogata dall&#8217;acquedotto non \u00e8 potabile e pu\u00f2 essere usata per scopi alimentari SOLO PREVIA bollitura. GSP ha, comunque, gi\u00e0 adottato le&hellip;<\/p>\n","protected":false},"author":4,"featured_media":255377,"comment_status":"closed","ping_status":"closed","sticky":false,"template":"","format":"standard","meta":{"_monsterinsights_skip_tracking":false,"_monsterinsights_sitenote_active":false,"_monsterinsights_sitenote_note":"","_monsterinsights_sitenote_category":0,"footnotes":""},"categories":[49],"tags":[],"class_list":["post-279606","post","type-post","status-publish","format-standard","has-post-thumbnail","hentry","category-news-18","category-49","description-off"],"img_url":"https:\/\/www.radiopiu.net\/wordpress\/wp-content\/uploads\/2022\/01\/IMG-20210910-WA0001.jpg","_links":{"self":[{"href":"https:\/\/www.radiopiu.net\/wordpress\/wp-json\/wp\/v2\/posts\/279606","targetHints":{"allow":["GET"]}}],"collection":[{"href":"https:\/\/www.radiopiu.net\/wordpress\/wp-json\/wp\/v2\/posts"}],"about":[{"href":"https:\/\/www.radiopiu.net\/wordpress\/wp-json\/wp\/v2\/types\/post"}],"author":[{"embeddable":true,"href":"https:\/\/www.radiopiu.net\/wordpress\/wp-json\/wp\/v2\/users\/4"}],"replies":[{"embeddable":true,"href":"https:\/\/www.radiopiu.net\/wordpress\/wp-json\/wp\/v2\/comments?post=279606"}],"version-history":[{"count":0,"href":"https:\/\/www.radiopiu.net\/wordpress\/wp-json\/wp\/v2\/posts\/279606\/revisions"}],"wp:featuredmedia":[{"embeddable":true,"href":"https:\/\/www.radiopiu.net\/wordpress\/wp-json\/wp\/v2\/media\/255377"}],"wp:attachment":[{"href":"https:\/\/www.radiopiu.net\/wordpress\/wp-json\/wp\/v2\/media?parent=279606"}],"wp:term":[{"taxonomy":"category","embeddable":true,"href":"https:\/\/www.radiopiu.net\/wordpress\/wp-json\/wp\/v2\/categories?post=279606"},{"taxonomy":"post_tag","embeddable":true,"href":"https:\/\/www.radiopiu.net\/wordpress\/wp-json\/wp\/v2\/tags?post=279606"}],"curies":[{"name":"wp","href":"https:\/\/api.w.org\/{rel}","templated":true}]}}